{"id":420587,"date":"2023-09-19T12:45:10","date_gmt":"2023-09-19T10:45:10","guid":{"rendered":"https:\/\/dicodusport.fr\/blog\/?p=420587&#038;preview=true&#038;preview_id=420587"},"modified":"2023-09-19T17:51:13","modified_gmt":"2023-09-19T15:51:13","slug":"mercato-om-marcelino-quitte-deja-son-poste-dentraineur-de-marseille","status":"publish","type":"post","link":"https:\/\/dicodusport.fr\/blog\/mercato-om-marcelino-quitte-deja-son-poste-dentraineur-de-marseille\/","title":{"rendered":"Mercato OM : Marcelino quitte d\u00e9j\u00e0 son poste d&rsquo;entra\u00eeneur de Marseille"},"content":{"rendered":"<p align=\"justify\"><em><strong>LIGUE 1 2023-2024 &#8211; V\u00e9ritable coup de tonnerre \u00e0 Marseille ! Marcelino a annonc\u00e9 \u00e0 ses joueurs qu&rsquo;il quittait son poste d&rsquo;entra\u00eeneur.\u00a0<\/strong><\/em><\/p>\n<ul>\n<li style=\"text-align: justify;\"><strong>\u00c0 lire aussi &#8211; <a href=\"https:\/\/dicodusport.fr\/blog\/om-reunion-sous-haute-tension-entre-les-dirigeants-et-les-supporters-de-marseille\/\" target=\"_blank\" rel=\"noopener\">OM : R\u00e9union sous haute tension entre les dirigeants et les supporters de Marseille<\/a><\/strong><\/li>\n<\/ul>\n<p align=\"justify\">Tr\u00e8s critiqu\u00e9 pour le jeu mis en place depuis son arriv\u00e9e, <strong>Marcelino<\/strong> devrait bien quitter Marseille. Selon nos confr\u00e8res de <em>L&rsquo;\u00c9quipe<\/em> et de <em>RMC<\/em>, le technicien espagnol a annonc\u00e9 aux joueurs ce mardi matin, \u00e0 la Commanderie, qu&rsquo;il allait quitter le club. Sauf nouveau revirement de situation, le match nul de l&rsquo;<strong>Olympique de Marseille<\/strong> face \u00e0 <strong>Toulouse<\/strong> \u00e9tait le dernier de Marcelino sur le banc.<\/p>\n<h2 style=\"text-align: justify;\" align=\"justify\">Pas de crise de r\u00e9sultats<\/h2>\n<p align=\"justify\"><a href=\"https:\/\/dicodusport.fr\/blog\/football-europeen-2023-2024-les-equipes-invaincues-en-championnat\/\">L&rsquo;<strong>OM<\/strong> n&rsquo;a toujours pas perdu en Ligue 1<\/a>. Mais le club phoc\u00e9en n&rsquo;a gagn\u00e9 que deux de ses cinq matchs et a aussi \u00e9t\u00e9 \u00e9limin\u00e9 par le <strong>Panathina\u00efkos<\/strong> en barrages de la Ligue des Champions. Au-del\u00e0 des r\u00e9sultats, c&rsquo;est le jeu propos\u00e9 par l&rsquo;\u00e9quipe, qui a d\u00e9clench\u00e9 une bronca apr\u00e8s le dernier match au <strong>V\u00e9lodrome<\/strong>, pr\u00e9cipitant la chute de l&rsquo;entra\u00eeneur espagnol. Mais aussi une r\u00e9union tr\u00e8s tendue entre les supporters et les dirigeants lundi, en fin de journ\u00e9e.<\/p>\n<p align=\"justify\"><strong>Jean-Pierre<\/strong> <strong>Papin<\/strong> devrait assurer l&rsquo;int\u00e9rim cette semaine et sera sur le banc pour le match face \u00e0 l&rsquo;<strong>Ajax Amsterdam<\/strong>. L&rsquo;<strong>Olympique de Marseille<\/strong> devrait ensuite se mettre en qu\u00eate d&rsquo;un nouvel entra\u00eeneur pour prendre en mains un groupe p\u00e9tri de qualit\u00e9, sur le papier en tout cas.<\/p>\n<blockquote class=\"twitter-tweet\">\n<p dir=\"ltr\" lang=\"fr\">\u00c0 peine quelques semaines apr\u00e8s son arriv\u00e9e, Marcelino a annonc\u00e9 mardi son d\u00e9part aux joueurs de l&rsquo;OM. Jean-Pierre Papin devrait \u00eatre sur le banc jeudi contre l&rsquo;Ajax Amsterdam. <a href=\"https:\/\/t.co\/a4Ginsvaw2\">https:\/\/t.co\/a4Ginsvaw2<\/a> <a href=\"https:\/\/t.co\/kAeJILtf0j\">pic.twitter.com\/kAeJILtf0j<\/a><\/p>\n<p>\u2014 L&rsquo;\u00c9QUIPE (@lequipe) <a href=\"https:\/\/twitter.com\/lequipe\/status\/1704083481297359182?ref_src=twsrc%5Etfw\">September 19, 2023<\/a><\/p><\/blockquote>\n<p><script async src=\"https:\/\/platform.twitter.com\/widgets.js\" charset=\"utf-8\"><\/script><\/p>\n","protected":false},"excerpt":{"rendered":"<p>LIGUE 1 2023-2024 &#8211; V\u00e9ritable coup de tonnerre \u00e0 Marseille puisque Marcelino a annonc\u00e9 \u00e0 ses joueurs qu&rsquo;il quittait son poste d&rsquo;entra\u00eeneur.\u00a0<\/p>\n","protected":false},"author":1,"featured_media":420588,"comment_status":"open","ping_status":"closed","sticky":false,"template":"","format":"standard","meta":{"_acf_changed":false,"_daextam_enable_autolinks":"","footnotes":""},"categories":[2301,47045],"tags":[16878,75,446,1889],"class_list":["post-420587","post","type-post","status-publish","format-standard","has-post-thumbnail","hentry","category-football","category-ligue-1","tag-breve","tag-football","tag-marseille","tag-om"],"acf":[],"yoast_head":"<!-- This site is optimized with the Yoast SEO Premium plugin v26.7 (Yoast SEO v26.7) - https:\/\/yoast.com\/wordpress\/plugins\/seo\/ -->\n<title>Mercato OM : Marcelino quitte d\u00e9j\u00e0 son poste d&#039;entra\u00eeneur de Marseille<\/title>\n<meta name=\"description\" content=\"LIGUE 1 2023-2024 - V\u00e9ritable coup de tonnerre \u00e0 Marseille puisque Marcelino a annonc\u00e9 \u00e0 ses joueurs qu&#039;il quittait son poste d&#039;entra\u00eeneur.\u00a0\" \/>\n<meta name=\"robots\" content=\"index, follow, max-snippet:-1, max-image-preview:large, max-video-preview:-1\" \/>\n<link rel=\"canonical\" href=\"https:\/\/dicodusport.fr\/blog\/mercato-om-marcelino-quitte-deja-son-poste-dentraineur-de-marseille\/\" \/>\n<meta property=\"og:locale\" content=\"fr_FR\" \/>\n<meta property=\"og:type\" content=\"article\" \/>\n<meta property=\"og:title\" content=\"Mercato OM : Marcelino quitte d\u00e9j\u00e0 son poste d&#039;entra\u00eeneur de Marseille\" \/>\n<meta property=\"og:description\" content=\"LIGUE 1 2023-2024 - V\u00e9ritable coup de tonnerre \u00e0 Marseille puisque Marcelino a annonc\u00e9 \u00e0 ses joueurs qu&#039;il quittait son poste d&#039;entra\u00eeneur.\u00a0\" \/>\n<meta property=\"og:url\" content=\"https:\/\/dicodusport.fr\/blog\/mercato-om-marcelino-quitte-deja-son-poste-dentraineur-de-marseille\/\" \/>\n<meta property=\"og:site_name\" content=\"Dicodusport\" \/>\n<meta property=\"article:publisher\" content=\"https:\/\/www.facebook.com\/dicodusport\" \/>\n<meta property=\"article:author\" content=\"https:\/\/www.facebook.com\/dicodusport\" \/>\n<meta property=\"article:published_time\" content=\"2023-09-19T10:45:10+00:00\" \/>\n<meta property=\"article:modified_time\" content=\"2023-09-19T15:51:13+00:00\" \/>\n<meta property=\"og:image\" content=\"https:\/\/dicodusport.fr\/blog\/wp-content\/uploads\/2023\/09\/Mercato-OM-Marcelino-quitte-deja-son-poste-dentraineur-de-Marseille.png\" \/>\n\t<meta property=\"og:image:width\" content=\"800\" \/>\n\t<meta property=\"og:image:height\" content=\"445\" \/>\n\t<meta property=\"og:image:type\" content=\"image\/png\" \/>\n<meta name=\"author\" content=\"Nicolas Jacquemard\" \/>\n<meta name=\"twitter:card\" content=\"summary_large_image\" \/>\n<meta name=\"twitter:title\" content=\"Mercato OM : Marcelino quitte d\u00e9j\u00e0 son poste d&#039;entra\u00eeneur de Marseille\" \/>\n<meta name=\"twitter:creator\" content=\"@https:\/\/twitter.com\/Nico_Jacquemard\" \/>\n<meta name=\"twitter:site\" content=\"@dicodusport\" \/>\n<script type=\"application\/ld+json\" class=\"yoast-schema-graph\">{\"@context\":\"https:\/\/schema.org\",\"@graph\":[{\"@type\":\"NewsArticle\",\"@id\":\"https:\/\/dicodusport.fr\/blog\/mercato-om-marcelino-quitte-deja-son-poste-dentraineur-de-marseille\/#article\",\"isPartOf\":{\"@id\":\"https:\/\/dicodusport.fr\/blog\/mercato-om-marcelino-quitte-deja-son-poste-dentraineur-de-marseille\/\"},\"author\":{\"name\":\"Nicolas Jacquemard\",\"@id\":\"https:\/\/dicodusport.fr\/blog\/#\/schema\/person\/55dcb50ad410894e431ed812bbb70191\"},\"headline\":\"Mercato OM : Marcelino quitte d\u00e9j\u00e0 son poste d&rsquo;entra\u00eeneur de Marseille\",\"datePublished\":\"2023-09-19T10:45:10+00:00\",\"dateModified\":\"2023-09-19T15:51:13+00:00\",\"mainEntityOfPage\":{\"@id\":\"https:\/\/dicodusport.fr\/blog\/mercato-om-marcelino-quitte-deja-son-poste-dentraineur-de-marseille\/\"},\"wordCount\":320,\"commentCount\":0,\"publisher\":{\"@id\":\"https:\/\/dicodusport.fr\/blog\/#organization\"},\"image\":{\"@id\":\"https:\/\/dicodusport.fr\/blog\/mercato-om-marcelino-quitte-deja-son-poste-dentraineur-de-marseille\/#primaryimage\"},\"thumbnailUrl\":\"https:\/\/dicodusport.fr\/blog\/wp-content\/uploads\/2023\/09\/Mercato-OM-Marcelino-quitte-deja-son-poste-dentraineur-de-Marseille.png\",\"keywords\":[\"br\u00e8ve\",\"Football\",\"Marseille\",\"OM\"],\"articleSection\":[\"Football\",\"Ligue 1\"],\"inLanguage\":\"fr-FR\",\"potentialAction\":[{\"@type\":\"CommentAction\",\"name\":\"Comment\",\"target\":[\"https:\/\/dicodusport.fr\/blog\/mercato-om-marcelino-quitte-deja-son-poste-dentraineur-de-marseille\/#respond\"]}],\"copyrightYear\":\"2023\",\"copyrightHolder\":{\"@id\":\"https:\/\/dicodusport.fr\/blog\/#organization\"}},{\"@type\":\"WebPage\",\"@id\":\"https:\/\/dicodusport.fr\/blog\/mercato-om-marcelino-quitte-deja-son-poste-dentraineur-de-marseille\/\",\"url\":\"https:\/\/dicodusport.fr\/blog\/mercato-om-marcelino-quitte-deja-son-poste-dentraineur-de-marseille\/\",\"name\":\"Mercato OM : Marcelino quitte d\u00e9j\u00e0 son poste d'entra\u00eeneur de Marseille\",\"isPartOf\":{\"@id\":\"https:\/\/dicodusport.fr\/blog\/#website\"},\"primaryImageOfPage\":{\"@id\":\"https:\/\/dicodusport.fr\/blog\/mercato-om-marcelino-quitte-deja-son-poste-dentraineur-de-marseille\/#primaryimage\"},\"image\":{\"@id\":\"https:\/\/dicodusport.fr\/blog\/mercato-om-marcelino-quitte-deja-son-poste-dentraineur-de-marseille\/#primaryimage\"},\"thumbnailUrl\":\"https:\/\/dicodusport.fr\/blog\/wp-content\/uploads\/2023\/09\/Mercato-OM-Marcelino-quitte-deja-son-poste-dentraineur-de-Marseille.png\",\"datePublished\":\"2023-09-19T10:45:10+00:00\",\"dateModified\":\"2023-09-19T15:51:13+00:00\",\"description\":\"LIGUE 1 2023-2024 - V\u00e9ritable coup de tonnerre \u00e0 Marseille puisque Marcelino a annonc\u00e9 \u00e0 ses joueurs qu'il quittait son poste d'entra\u00eeneur.\u00a0\",\"breadcrumb\":{\"@id\":\"https:\/\/dicodusport.fr\/blog\/mercato-om-marcelino-quitte-deja-son-poste-dentraineur-de-marseille\/#breadcrumb\"},\"inLanguage\":\"fr-FR\",\"potentialAction\":[{\"@type\":\"ReadAction\",\"target\":[\"https:\/\/dicodusport.fr\/blog\/mercato-om-marcelino-quitte-deja-son-poste-dentraineur-de-marseille\/\"]}]},{\"@type\":\"ImageObject\",\"inLanguage\":\"fr-FR\",\"@id\":\"https:\/\/dicodusport.fr\/blog\/mercato-om-marcelino-quitte-deja-son-poste-dentraineur-de-marseille\/#primaryimage\",\"url\":\"https:\/\/dicodusport.fr\/blog\/wp-content\/uploads\/2023\/09\/Mercato-OM-Marcelino-quitte-deja-son-poste-dentraineur-de-Marseille.png\",\"contentUrl\":\"https:\/\/dicodusport.fr\/blog\/wp-content\/uploads\/2023\/09\/Mercato-OM-Marcelino-quitte-deja-son-poste-dentraineur-de-Marseille.png\",\"width\":800,\"height\":445},{\"@type\":\"BreadcrumbList\",\"@id\":\"https:\/\/dicodusport.fr\/blog\/mercato-om-marcelino-quitte-deja-son-poste-dentraineur-de-marseille\/#breadcrumb\",\"itemListElement\":[{\"@type\":\"ListItem\",\"position\":1,\"name\":\"Accueil\",\"item\":\"https:\/\/dicodusport.fr\/blog\/\"},{\"@type\":\"ListItem\",\"position\":2,\"name\":\"Mercato OM : Marcelino quitte d\u00e9j\u00e0 son poste d&rsquo;entra\u00eeneur de Marseille\"}]},{\"@type\":\"WebSite\",\"@id\":\"https:\/\/dicodusport.fr\/blog\/#website\",\"url\":\"https:\/\/dicodusport.fr\/blog\/\",\"name\":\"Dicodusport\",\"description\":\"L&#039;encyclop\u00e9die de l&#039;actualit\u00e9 sportive\",\"publisher\":{\"@id\":\"https:\/\/dicodusport.fr\/blog\/#organization\"},\"potentialAction\":[{\"@type\":\"SearchAction\",\"target\":{\"@type\":\"EntryPoint\",\"urlTemplate\":\"https:\/\/dicodusport.fr\/blog\/?s={search_term_string}\"},\"query-input\":{\"@type\":\"PropertyValueSpecification\",\"valueRequired\":true,\"valueName\":\"search_term_string\"}}],\"inLanguage\":\"fr-FR\"},{\"@type\":\"NewsMediaOrganization\",\"@id\":\"https:\/\/dicodusport.fr\/blog\/#organization\",\"name\":\"Dicodusport\",\"url\":\"https:\/\/dicodusport.fr\/blog\/\",\"logo\":{\"@type\":\"ImageObject\",\"inLanguage\":\"fr-FR\",\"@id\":\"https:\/\/dicodusport.fr\/blog\/#\/schema\/logo\/image\/\",\"url\":\"https:\/\/dicodusport.fr\/blog\/wp-content\/uploads\/2020\/06\/cropped-LOGO-DICODUSPORT-2020-SANS-FOND-SANS-TEXTE.png\",\"contentUrl\":\"https:\/\/dicodusport.fr\/blog\/wp-content\/uploads\/2020\/06\/cropped-LOGO-DICODUSPORT-2020-SANS-FOND-SANS-TEXTE.png\",\"width\":512,\"height\":512,\"caption\":\"Dicodusport\"},\"image\":{\"@id\":\"https:\/\/dicodusport.fr\/blog\/#\/schema\/logo\/image\/\"},\"sameAs\":[\"https:\/\/www.facebook.com\/dicodusport\",\"https:\/\/x.com\/dicodusport\",\"https:\/\/www.instagram.com\/dicodusport\/\",\"https:\/\/www.youtube.com\/channel\/UC7V2KZ5sd3htJivAbA4ZG3w\"],\"description\":\"Dicodusport est l'encyclop\u00e9die de l'actualit\u00e9 sportive.\",\"email\":\"bonjour@dicodusport.fr\",\"legalName\":\"DICODUSPORT\",\"foundingDate\":\"2018-01-14\",\"vatID\":\"FR71834470973\",\"taxID\":\"83447097300043\",\"numberOfEmployees\":{\"@type\":\"QuantitativeValue\",\"minValue\":\"1\",\"maxValue\":\"10\"}},{\"@type\":\"Person\",\"@id\":\"https:\/\/dicodusport.fr\/blog\/#\/schema\/person\/55dcb50ad410894e431ed812bbb70191\",\"name\":\"Nicolas Jacquemard\",\"image\":{\"@type\":\"ImageObject\",\"inLanguage\":\"fr-FR\",\"@id\":\"https:\/\/dicodusport.fr\/blog\/#\/schema\/person\/image\/\",\"url\":\"https:\/\/dicodusport.fr\/blog\/wp-content\/uploads\/2021\/05\/Nicolas-Jacquemard-150x150.jpeg\",\"contentUrl\":\"https:\/\/dicodusport.fr\/blog\/wp-content\/uploads\/2021\/05\/Nicolas-Jacquemard-150x150.jpeg\",\"caption\":\"Nicolas Jacquemard\"},\"description\":\"Passionn\u00e9 de sport et entrepreneur depuis mes 18 ans, la cr\u00e9ation de Dicodusport m'a sembl\u00e9 \u00e9vidente pour participer \u00e0 la m\u00e9diatisation d'un plus grand nombre de sports. Le chemin est long mais avec une \u00e9quipe des plus motiv\u00e9es et les Jeux Olympiques de Paris 2024 en point de mire, nous y arriverons ! Journaliste dans le monde du sport depuis plus de 5 ans, je traite aussi bien de football, de rugby, de biathlon que de cyclisme.\",\"sameAs\":[\"https:\/\/www.facebook.com\/dicodusport\",\"https:\/\/x.com\/https:\/\/twitter.com\/Nico_Jacquemard\"],\"url\":\"https:\/\/dicodusport.fr\/blog\/author\/dicodusport\/\"}]}<\/script>\n<!-- \/ Yoast SEO Premium plugin. -->","yoast_head_json":{"title":"Mercato OM : Marcelino quitte d\u00e9j\u00e0 son poste d'entra\u00eeneur de Marseille","description":"LIGUE 1 2023-2024 - V\u00e9ritable coup de tonnerre \u00e0 Marseille puisque Marcelino a annonc\u00e9 \u00e0 ses joueurs qu'il quittait son poste d'entra\u00eeneur.\u00a0","robots":{"index":"index","follow":"follow","max-snippet":"max-snippet:-1","max-image-preview":"max-image-preview:large","max-video-preview":"max-video-preview:-1"},"canonical":"https:\/\/dicodusport.fr\/blog\/mercato-om-marcelino-quitte-deja-son-poste-dentraineur-de-marseille\/","og_locale":"fr_FR","og_type":"article","og_title":"Mercato OM : Marcelino quitte d\u00e9j\u00e0 son poste d'entra\u00eeneur de Marseille","og_description":"LIGUE 1 2023-2024 - V\u00e9ritable coup de tonnerre \u00e0 Marseille puisque Marcelino a annonc\u00e9 \u00e0 ses joueurs qu'il quittait son poste d'entra\u00eeneur.\u00a0","og_url":"https:\/\/dicodusport.fr\/blog\/mercato-om-marcelino-quitte-deja-son-poste-dentraineur-de-marseille\/","og_site_name":"Dicodusport","article_publisher":"https:\/\/www.facebook.com\/dicodusport","article_author":"https:\/\/www.facebook.com\/dicodusport","article_published_time":"2023-09-19T10:45:10+00:00","article_modified_time":"2023-09-19T15:51:13+00:00","og_image":[{"width":800,"height":445,"url":"https:\/\/dicodusport.fr\/blog\/wp-content\/uploads\/2023\/09\/Mercato-OM-Marcelino-quitte-deja-son-poste-dentraineur-de-Marseille.png","type":"image\/png"}],"author":"Nicolas Jacquemard","twitter_card":"summary_large_image","twitter_title":"Mercato OM : Marcelino quitte d\u00e9j\u00e0 son poste d'entra\u00eeneur de Marseille","twitter_creator":"@https:\/\/twitter.com\/Nico_Jacquemard","twitter_site":"@dicodusport","schema":{"@context":"https:\/\/schema.org","@graph":[{"@type":"NewsArticle","@id":"https:\/\/dicodusport.fr\/blog\/mercato-om-marcelino-quitte-deja-son-poste-dentraineur-de-marseille\/#article","isPartOf":{"@id":"https:\/\/dicodusport.fr\/blog\/mercato-om-marcelino-quitte-deja-son-poste-dentraineur-de-marseille\/"},"author":{"name":"Nicolas Jacquemard","@id":"https:\/\/dicodusport.fr\/blog\/#\/schema\/person\/55dcb50ad410894e431ed812bbb70191"},"headline":"Mercato OM : Marcelino quitte d\u00e9j\u00e0 son poste d&rsquo;entra\u00eeneur de Marseille","datePublished":"2023-09-19T10:45:10+00:00","dateModified":"2023-09-19T15:51:13+00:00","mainEntityOfPage":{"@id":"https:\/\/dicodusport.fr\/blog\/mercato-om-marcelino-quitte-deja-son-poste-dentraineur-de-marseille\/"},"wordCount":320,"commentCount":0,"publisher":{"@id":"https:\/\/dicodusport.fr\/blog\/#organization"},"image":{"@id":"https:\/\/dicodusport.fr\/blog\/mercato-om-marcelino-quitte-deja-son-poste-dentraineur-de-marseille\/#primaryimage"},"thumbnailUrl":"https:\/\/dicodusport.fr\/blog\/wp-content\/uploads\/2023\/09\/Mercato-OM-Marcelino-quitte-deja-son-poste-dentraineur-de-Marseille.png","keywords":["br\u00e8ve","Football","Marseille","OM"],"articleSection":["Football","Ligue 1"],"inLanguage":"fr-FR","potentialAction":[{"@type":"CommentAction","name":"Comment","target":["https:\/\/dicodusport.fr\/blog\/mercato-om-marcelino-quitte-deja-son-poste-dentraineur-de-marseille\/#respond"]}],"copyrightYear":"2023","copyrightHolder":{"@id":"https:\/\/dicodusport.fr\/blog\/#organization"}},{"@type":"WebPage","@id":"https:\/\/dicodusport.fr\/blog\/mercato-om-marcelino-quitte-deja-son-poste-dentraineur-de-marseille\/","url":"https:\/\/dicodusport.fr\/blog\/mercato-om-marcelino-quitte-deja-son-poste-dentraineur-de-marseille\/","name":"Mercato OM : Marcelino quitte d\u00e9j\u00e0 son poste d'entra\u00eeneur de Marseille","isPartOf":{"@id":"https:\/\/dicodusport.fr\/blog\/#website"},"primaryImageOfPage":{"@id":"https:\/\/dicodusport.fr\/blog\/mercato-om-marcelino-quitte-deja-son-poste-dentraineur-de-marseille\/#primaryimage"},"image":{"@id":"https:\/\/dicodusport.fr\/blog\/mercato-om-marcelino-quitte-deja-son-poste-dentraineur-de-marseille\/#primaryimage"},"thumbnailUrl":"https:\/\/dicodusport.fr\/blog\/wp-content\/uploads\/2023\/09\/Mercato-OM-Marcelino-quitte-deja-son-poste-dentraineur-de-Marseille.png","datePublished":"2023-09-19T10:45:10+00:00","dateModified":"2023-09-19T15:51:13+00:00","description":"LIGUE 1 2023-2024 - V\u00e9ritable coup de tonnerre \u00e0 Marseille puisque Marcelino a annonc\u00e9 \u00e0 ses joueurs qu'il quittait son poste d'entra\u00eeneur.\u00a0","breadcrumb":{"@id":"https:\/\/dicodusport.fr\/blog\/mercato-om-marcelino-quitte-deja-son-poste-dentraineur-de-marseille\/#breadcrumb"},"inLanguage":"fr-FR","potentialAction":[{"@type":"ReadAction","target":["https:\/\/dicodusport.fr\/blog\/mercato-om-marcelino-quitte-deja-son-poste-dentraineur-de-marseille\/"]}]},{"@type":"ImageObject","inLanguage":"fr-FR","@id":"https:\/\/dicodusport.fr\/blog\/mercato-om-marcelino-quitte-deja-son-poste-dentraineur-de-marseille\/#primaryimage","url":"https:\/\/dicodusport.fr\/blog\/wp-content\/uploads\/2023\/09\/Mercato-OM-Marcelino-quitte-deja-son-poste-dentraineur-de-Marseille.png","contentUrl":"https:\/\/dicodusport.fr\/blog\/wp-content\/uploads\/2023\/09\/Mercato-OM-Marcelino-quitte-deja-son-poste-dentraineur-de-Marseille.png","width":800,"height":445},{"@type":"BreadcrumbList","@id":"https:\/\/dicodusport.fr\/blog\/mercato-om-marcelino-quitte-deja-son-poste-dentraineur-de-marseille\/#breadcrumb","itemListElement":[{"@type":"ListItem","position":1,"name":"Accueil","item":"https:\/\/dicodusport.fr\/blog\/"},{"@type":"ListItem","position":2,"name":"Mercato OM : Marcelino quitte d\u00e9j\u00e0 son poste d&rsquo;entra\u00eeneur de Marseille"}]},{"@type":"WebSite","@id":"https:\/\/dicodusport.fr\/blog\/#website","url":"https:\/\/dicodusport.fr\/blog\/","name":"Dicodusport","description":"L&#039;encyclop\u00e9die de l&#039;actualit\u00e9 sportive","publisher":{"@id":"https:\/\/dicodusport.fr\/blog\/#organization"},"potentialAction":[{"@type":"SearchAction","target":{"@type":"EntryPoint","urlTemplate":"https:\/\/dicodusport.fr\/blog\/?s={search_term_string}"},"query-input":{"@type":"PropertyValueSpecification","valueRequired":true,"valueName":"search_term_string"}}],"inLanguage":"fr-FR"},{"@type":"NewsMediaOrganization","@id":"https:\/\/dicodusport.fr\/blog\/#organization","name":"Dicodusport","url":"https:\/\/dicodusport.fr\/blog\/","logo":{"@type":"ImageObject","inLanguage":"fr-FR","@id":"https:\/\/dicodusport.fr\/blog\/#\/schema\/logo\/image\/","url":"https:\/\/dicodusport.fr\/blog\/wp-content\/uploads\/2020\/06\/cropped-LOGO-DICODUSPORT-2020-SANS-FOND-SANS-TEXTE.png","contentUrl":"https:\/\/dicodusport.fr\/blog\/wp-content\/uploads\/2020\/06\/cropped-LOGO-DICODUSPORT-2020-SANS-FOND-SANS-TEXTE.png","width":512,"height":512,"caption":"Dicodusport"},"image":{"@id":"https:\/\/dicodusport.fr\/blog\/#\/schema\/logo\/image\/"},"sameAs":["https:\/\/www.facebook.com\/dicodusport","https:\/\/x.com\/dicodusport","https:\/\/www.instagram.com\/dicodusport\/","https:\/\/www.youtube.com\/channel\/UC7V2KZ5sd3htJivAbA4ZG3w"],"description":"Dicodusport est l'encyclop\u00e9die de l'actualit\u00e9 sportive.","email":"bonjour@dicodusport.fr","legalName":"DICODUSPORT","foundingDate":"2018-01-14","vatID":"FR71834470973","taxID":"83447097300043","numberOfEmployees":{"@type":"QuantitativeValue","minValue":"1","maxValue":"10"}},{"@type":"Person","@id":"https:\/\/dicodusport.fr\/blog\/#\/schema\/person\/55dcb50ad410894e431ed812bbb70191","name":"Nicolas Jacquemard","image":{"@type":"ImageObject","inLanguage":"fr-FR","@id":"https:\/\/dicodusport.fr\/blog\/#\/schema\/person\/image\/","url":"https:\/\/dicodusport.fr\/blog\/wp-content\/uploads\/2021\/05\/Nicolas-Jacquemard-150x150.jpeg","contentUrl":"https:\/\/dicodusport.fr\/blog\/wp-content\/uploads\/2021\/05\/Nicolas-Jacquemard-150x150.jpeg","caption":"Nicolas Jacquemard"},"description":"Passionn\u00e9 de sport et entrepreneur depuis mes 18 ans, la cr\u00e9ation de Dicodusport m'a sembl\u00e9 \u00e9vidente pour participer \u00e0 la m\u00e9diatisation d'un plus grand nombre de sports. Le chemin est long mais avec une \u00e9quipe des plus motiv\u00e9es et les Jeux Olympiques de Paris 2024 en point de mire, nous y arriverons ! Journaliste dans le monde du sport depuis plus de 5 ans, je traite aussi bien de football, de rugby, de biathlon que de cyclisme.","sameAs":["https:\/\/www.facebook.com\/dicodusport","https:\/\/x.com\/https:\/\/twitter.com\/Nico_Jacquemard"],"url":"https:\/\/dicodusport.fr\/blog\/author\/dicodusport\/"}]}},"_links":{"self":[{"href":"https:\/\/dicodusport.fr\/blog\/wp-json\/wp\/v2\/posts\/420587","targetHints":{"allow":["GET"]}}],"collection":[{"href":"https:\/\/dicodusport.fr\/blog\/wp-json\/wp\/v2\/posts"}],"about":[{"href":"https:\/\/dicodusport.fr\/blog\/wp-json\/wp\/v2\/types\/post"}],"author":[{"embeddable":true,"href":"https:\/\/dicodusport.fr\/blog\/wp-json\/wp\/v2\/users\/1"}],"replies":[{"embeddable":true,"href":"https:\/\/dicodusport.fr\/blog\/wp-json\/wp\/v2\/comments?post=420587"}],"version-history":[{"count":0,"href":"https:\/\/dicodusport.fr\/blog\/wp-json\/wp\/v2\/posts\/420587\/revisions"}],"wp:featuredmedia":[{"embeddable":true,"href":"https:\/\/dicodusport.fr\/blog\/wp-json\/wp\/v2\/media\/420588"}],"wp:attachment":[{"href":"https:\/\/dicodusport.fr\/blog\/wp-json\/wp\/v2\/media?parent=420587"}],"wp:term":[{"taxonomy":"category","embeddable":true,"href":"https:\/\/dicodusport.fr\/blog\/wp-json\/wp\/v2\/categories?post=420587"},{"taxonomy":"post_tag","embeddable":true,"href":"https:\/\/dicodusport.fr\/blog\/wp-json\/wp\/v2\/tags?post=420587"}],"curies":[{"name":"wp","href":"https:\/\/api.w.org\/{rel}","templated":true}]}}