{"id":420628,"date":"2023-09-19T17:33:07","date_gmt":"2023-09-19T15:33:07","guid":{"rendered":"https:\/\/dicodusport.fr\/blog\/?p=420628&#038;preview=true&#038;preview_id=420628"},"modified":"2023-09-19T17:33:07","modified_gmt":"2023-09-19T15:33:07","slug":"cyclisme-sur-route-europe-lombardie-les-temps-forts-de-la-fin-de-saison","status":"publish","type":"post","link":"https:\/\/dicodusport.fr\/blog\/cyclisme-sur-route-europe-lombardie-les-temps-forts-de-la-fin-de-saison\/","title":{"rendered":"Cyclisme sur route : Europe, Lombardie, les temps forts de la fin de saison"},"content":{"rendered":"<p style=\"text-align: justify;\" align=\"justify\"><em><strong><a href=\"https:\/\/dicodusport.fr\/blog\/actualites\/cyclisme\/\">CYCLISME SUR ROUTE 2023<\/a> \u2013 La fin de saison approchant, quelles sont les principales \u00e9ch\u00e9ances \u00e0 venir maintenant que la Vuelta est termin\u00e9e ? Focus sur cinq temps forts du cyclisme des prochaines semaines.<\/strong><\/em><\/p>\n<h2 style=\"text-align: justify;\">Le contre-la-montre des Championnats d&rsquo;Europe de cyclisme (20 septembre)<\/h2>\n<p style=\"text-align: justify;\">Qui pour succ\u00e9der \u00e0 <strong>Stefan Bissegger<\/strong> ? Le Suisse sera candidat \u00e0 sa propre succession. N\u00e9anmoins, les candidats au titre ne manquent pas.<\/p>\n<p style=\"text-align: justify;\">Mercredi, <strong>Wout Van Aert<\/strong> s\u2019\u00e9lancera avec la pancarte de favori sur les 28,6 kilom\u00e8tres du chrono, en l\u2019absence de<strong> Remco Evenepoel <\/strong>et <strong>Filippo Ganna<\/strong>. Outre <strong>Bissegger<\/strong>, il devra se m\u00e9fier de l\u2019autre Suisse, <strong>Stefan K\u00fcng<\/strong>, qui s\u2019est notamment illustr\u00e9 cette ann\u00e9e sur le chrono du Tour de Suisse. \u00c0 noter les pr\u00e9sences du Britannique<strong> Joshua Tarling<\/strong> qui a explos\u00e9 au plus haut niveau sur les derniers Mondiaux (3<sup>\u00e8me<\/sup>), du Danois <strong>Mikkel Bjerg<\/strong> (vainqueur du contre-la-montre du Dauphin\u00e9) et des Fran\u00e7ais<strong> Bruno Armirail <\/strong>et<strong> R\u00e9mi Cavagna<\/strong>. Ce dernier est champion de France en titre, vainqueur la semaine derni\u00e8re du Tour de Slovaquie.<\/p>\n<ul>\n<li><strong>\u00c0 lire aussi \u2013\u00a0<a href=\"https:\/\/dicodusport.fr\/blog\/championnats-deurope-2023-parcours-profil-et-favoris-du-contre-la-montre\/\">Parcours, profil, favoris et favorites du contre-la-montre des championnats d\u2019Europe<\/a><\/strong><\/li>\n<\/ul>\n<h2 style=\"text-align: justify;\">La course en ligne des Championnats d&rsquo;Europe de cyclisme (24 septembre)<\/h2>\n<p style=\"text-align: justify;\">En ce qui concerne la course en ligne dimanche, nombreux sont les candidats au titre. En l&rsquo;absence du tenant du titre, Fabio Jakobsen, la Belgique fait figure de favorite. L\u2019\u00e9quipe belge s&rsquo;articulera autour d&rsquo;<strong>Arnaud De Lie<\/strong>, en pleine forme, et <strong>Wout Van Aert<\/strong>, sur des routes qui leur conviennent parfaitement. En effet, apr\u00e8s 115 kilom\u00e8tres en ligne, les coureurs entreront sur un circuit de 13,7 kilom\u00e8tres \u00e0 effectuer six fois. Le col de VAM, o\u00f9 sera jug\u00e9e l\u2019arriv\u00e9e, sera la principale difficult\u00e9.<\/p>\n<p style=\"text-align: justify;\">Divis\u00e9 en deux sections \u2013 300 m\u00e8tres asphalt\u00e9s dont 100 \u00e0 plus de 10% de moyenne puis 200 m\u00e8tres pav\u00e9s \u00e0 pr\u00e8s de 6% apr\u00e8s un l\u00e9ger replat \u2013 il fera sans aucun doute l\u2019objet d\u2019attaques. Toutefois, l\u2019absence de pourcentages extr\u00eames et le c\u00f4t\u00e9 tr\u00e8s bref de l\u2019effort (1:20 d\u2019ascension pour <strong>Eenkhoorn<\/strong> et <strong>Hoole<\/strong> lors du final du Championnat des Pays-Bas en 2022) devrait permettre \u00e0 une s\u00e9lection de sprinteurs de passer avec les meilleurs. Attention \u00e9galement au vent de c\u00f4t\u00e9 qui pourrait s\u2019immiscer.<\/p>\n<p style=\"text-align: justify;\">Ainsi, les Belges devront se m\u00e9fier de l\u2019\u00e9quipe n\u00e9erlandaise, articul\u00e9e autour d\u2019<strong>Olav Kooij<\/strong>, des Fran\u00e7ais, qui joueront les cartes de <strong>Beno\u00eet Cosnefroy<\/strong>,<strong> Christophe Laporte <\/strong>et <strong>Arnaud D\u00e9mare<\/strong>, de <strong>Mads Pedersen<\/strong> (Danemark), d\u2019<strong>Ethan Vernon<\/strong> (Royaume-Uni), de <strong>Filippo Ganna<\/strong> et<strong> Matteo Trentin<\/strong> pour l\u2019Italie, de <strong>S\u00f8ren W\u00e6renskjold<\/strong> (Norv\u00e8ge) ou de <strong>Max Walscheid<\/strong> (Allemagne) entre autres.<\/p>\n<ul>\n<li style=\"text-align: justify;\"><strong>\u00c0 lire aussi \u2013\u00a0<a href=\"https:\/\/dicodusport.fr\/blog\/programme-et-resultats-cyclisme-sur-route-championnats-deurope-2023\/\">Programme et r\u00e9sultats des championnats d\u2019Europe de cyclisme sur route 2023<\/a><\/strong><\/li>\n<\/ul>\n<h2 style=\"text-align: justify;\">Le Tour de Lombardie (7 octobre)<\/h2>\n<p style=\"text-align: justify;\">Comme chaque ann\u00e9e, la classique des feuilles mortes viendra cl\u00f4turer une semaine intense sur les routes italiennes. La <strong>Coppa Agostini<\/strong> (28 septembre), le <strong>Tour d\u2019\u00c9milie<\/strong> (le 30), la <strong>Coppa Bernocchi<\/strong> (le 2 octobre), les <strong>Trois Vall\u00e9es Var\u00e9sines<\/strong> (le 3) et le <strong>Gran Piemonte<\/strong> (le 5), seront autant d\u2019occasions pour les favoris du <strong>Tour de Lombardie<\/strong>, de se jauger avant l\u2019\u00e9ch\u00e9ance.<\/p>\n<p style=\"text-align: justify;\">C\u00f4t\u00e9 tricolore, outre les attentes qui p\u00e8sent sur la Groupama-FDJ autour de <strong>David Gaudu<\/strong>,<strong> Lenny Martinez <\/strong>et<strong> Romain Gr\u00e9goire<\/strong>, la course prendra des airs de jubil\u00e9 pour <strong>Thibaut Pinot<\/strong>. Le Fran\u00e7ais prendra part \u00e0 la derni\u00e8re course de sa carri\u00e8re sur des routes sur lesquelles il a brill\u00e9 (vainqueur du Tour de Lombardie en 2018). La concurrence sera n\u00e9anmoins tr\u00e8s rude sur les 238 kilom\u00e8tres de Come \u00e0 Bergame, face \u00e0 <strong>Pogacar<\/strong>,<strong> Roglic<\/strong> et d\u2019autres grands noms qui seront d\u00e9voil\u00e9s prochainement.<\/p>\n<blockquote class=\"twitter-tweet\">\n<p dir=\"ltr\" lang=\"fr\">Il y a 4 ans jour pour jour, Thibaut Pinot remportait le Tour de Lombardie.<\/p>\n<p>Peut etre le plus grand succ\u00e8s de sa carri\u00e8re. <a href=\"https:\/\/t.co\/BRkFFkDF7s\">pic.twitter.com\/BRkFFkDF7s<\/a><\/p>\n<p>\u2014 Etienne Goursaud \ud83d\udc26 (@EtienneGoursaud) <a href=\"https:\/\/twitter.com\/EtienneGoursaud\/status\/1580464992675323904?ref_src=twsrc%5Etfw\">October 13, 2022<\/a><\/p><\/blockquote>\n<p><script async src=\"https:\/\/platform.twitter.com\/widgets.js\" charset=\"utf-8\"><\/script><\/p>\n<h2 style=\"text-align: justify;\">Paris-Tours (8 octobre)<\/h2>\n<p style=\"text-align: justify;\">Au lendemain d\u2019une journ\u00e9e marqu\u00e9e par les ascensions usantes des routes transalpines, les sprinteurs retrouveront un terrain davantage \u00e0 leur convenance. Toutefois, depuis 2018 et l\u2019introduction des chemins de vignes (portions non goudronn\u00e9es), la t\u00e2che est d\u00e9sormais plus ardue. 2023 n\u2019y \u00e9chappera pas puisque dix chemins de vignes viendront se dresser devant les coureurs tout en introduisant un risque major\u00e9 de crevaisons.<\/p>\n<p style=\"text-align: justify;\"><strong>Arnaud D\u00e9mare<\/strong>, double tenant du titre, tentera de r\u00e9aliser la passe de trois avec sa nouvelle \u00e9quipe, Ark\u00e9a-Samsic. Il aura fort \u00e0 faire puisque le r\u00e9cent champion du monde, <strong>Mathieu van der Poel<\/strong> sera aussi au d\u00e9part. Peu d\u2019autres noms ont pour l\u2019instant \u00e9t\u00e9 annonc\u00e9s, mais on peut n\u00e9anmoins citer <strong>Dylan van Baarle <\/strong>ou<strong> Magnus Cort Nielsen<\/strong> comme de potentiels vainqueurs. Les 213 kilom\u00e8tres entre Chartres et Tours seront les derniers pour <strong>Tony Gallopin<\/strong> qui, \u00e0 l\u2019image de <strong>Thibaut Pinot<\/strong> la veille, prendra sa retraite en fin de saison.<\/p>\n<blockquote class=\"twitter-tweet\">\n<p dir=\"ltr\" lang=\"fr\">\ud83c\uddeb\ud83c\uddf7\ud83d\udcaa\ud83e\udd29 <a href=\"https:\/\/twitter.com\/ArnaudDemare?ref_src=twsrc%5Etfw\">@ArnaudDemare<\/a> gagne encore <a href=\"https:\/\/twitter.com\/hashtag\/ParisTours?src=hash&amp;ref_src=twsrc%5Etfw\">#ParisTours<\/a> ! Le Fran\u00e7ais impose sa loi au sprint pour conserver son titre sur la Classique des feuilles mortes ! <a href=\"https:\/\/t.co\/iBPgpo9ck8\">pic.twitter.com\/iBPgpo9ck8<\/a><\/p>\n<p>\u2014 Eurosport France (@Eurosport_FR) <a href=\"https:\/\/twitter.com\/Eurosport_FR\/status\/1579124758821900288?ref_src=twsrc%5Etfw\">October 9, 2022<\/a><\/p><\/blockquote>\n<p><script async src=\"https:\/\/platform.twitter.com\/widgets.js\" charset=\"utf-8\"><\/script><\/p>\n<h2 style=\"text-align: justify;\">Le Tour de Guangxi (du 12 au 17 octobre)<\/h2>\n<p style=\"text-align: justify;\">Certainement pas l\u2019\u00e9preuve la plus r\u00e9put\u00e9e du <a href=\"https:\/\/dicodusport.fr\/blog\/cyclisme-world-tour-2023-calendrier-et-resultats\/\">calendrier World Tour<\/a>, elle n\u2019en reste pas moins la derni\u00e8re. De retour pour une quatri\u00e8me \u00e9dition apr\u00e8s trois annulations entre 2020 et 2022, le tour de Guangxi est une \u00e9preuve \u00e0 part : \u00e0 l\u2019heure o\u00f9 les vacances se profilent pour la plupart des coureurs, certains irr\u00e9ductibles prendront le d\u00e9part d\u2019une \u00e9dition qui pourrait nous r\u00e9server des surprises au cr\u00e9puscule d\u2019une saison \u00e9reintante. Peu de noms ont \u00e9t\u00e9 annonc\u00e9s jusqu\u2019\u00e0 maintenant, mais celui des trois derniers (et premiers) vainqueurs, <strong>Mas<\/strong> (2019), <strong>Moscon<\/strong> (2018) et <strong>Wellens<\/strong> (2017) laisse \u00e0 penser que plusieurs t\u00eates d\u2019affiche seront au rendez-vous sur la ligne de d\u00e9part le 12 octobre.<\/p>\n<p style=\"text-align: justify;\">Il faudra \u00eatre tr\u00e8s fort pour s\u2019imposer sur les hauteurs de Nongla (4<sup>\u00e8me<\/sup> \u00e9tape) en haut d\u2019un mur d\u20191,4 kilom\u00e8tre \u00e0 pr\u00e8s de 12% de moyenne, lui-m\u00eame pr\u00e9c\u00e9d\u00e9 par une ascension moins raide, mais plus longue. Pour celles et ceux qui pr\u00e9f\u00e8rent les paysages du Tour de France plut\u00f4t que la course, la derni\u00e8re \u00e9tape autour de Guilin proposera une carte postale hors du commun gr\u00e2ce aux collines karstiques qui font la renomm\u00e9e de cette ville qui a d\u2019ailleurs la particularit\u00e9 d\u2019avoir un centre historique compl\u00e8tement artificiel et cr\u00e9\u00e9 de toute pi\u00e8ce mais qui fascine des millions de touristes chinois chaque ann\u00e9e.<\/p>\n<h2 style=\"text-align: justify;\">Le Chrono des Nations (15 octobre)<\/h2>\n<p style=\"text-align: justify;\">Le cyclisme sur route ne se limite pas aux courses en ligne. Bien qu\u2019il ne fasse ni partie de l\u2019UCI World Tour ni de l\u2019UCI Pro Series, le Chrono des Nations parvient chaque ann\u00e9e \u00e0 attirer de grands noms du peloton et s\u2019affirme comme un \u00e9v\u00e8nement incontournable pour les sp\u00e9cialistes de l\u2019effort contre-la-montre. L\u00e0 encore, on ne conna\u00eet que peu de noms, mais on peut supposer que <strong>Stefan K\u00fcng<\/strong> sera au d\u00e9part pour remporter une troisi\u00e8me \u00e9dition de suite. La course est \u00e9galement au programme de <strong>Remco Evenepoel<\/strong>, \u00e0 voir n\u00e9anmoins s\u2019il sera finalement au d\u00e9part.<\/p>\n","protected":false},"excerpt":{"rendered":"<p>La fin de saison approchant, quelles sont les principales \u00e9ch\u00e9ances \u00e0 venir maintenant que la Vuelta est termin\u00e9e ? Focus sur cinq temps forts des prochaines semaines.<\/p>\n","protected":false},"author":91,"featured_media":420674,"comment_status":"open","ping_status":"closed","sticky":false,"template":"","format":"standard","meta":{"_acf_changed":false,"_daextam_enable_autolinks":"","footnotes":""},"categories":[46994],"tags":[3119,16878,4168],"class_list":["post-420628","post","type-post","status-publish","format-standard","has-post-thumbnail","hentry","category-cyclisme-sur-route","tag-actualite-cyclisme","tag-breve","tag-tour-de-lombardie"],"acf":[],"yoast_head":"<!-- This site is optimized with the Yoast SEO Premium plugin v26.7 (Yoast SEO v26.7) - https:\/\/yoast.com\/wordpress\/plugins\/seo\/ -->\n<title>Cyclisme sur route : Europe, Lombardie, les temps forts de la fin de saison<\/title>\n<meta name=\"description\" content=\"La fin de saison de cyclisme sur route approche mais il reste des \u00e9ch\u00e9ances importantes au cours des prochaines semaines.\" \/>\n<meta name=\"robots\" content=\"index, follow, max-snippet:-1, max-image-preview:large, max-video-preview:-1\" \/>\n<link rel=\"canonical\" href=\"https:\/\/dicodusport.fr\/blog\/cyclisme-sur-route-europe-lombardie-les-temps-forts-de-la-fin-de-saison\/\" \/>\n<meta property=\"og:locale\" content=\"fr_FR\" \/>\n<meta property=\"og:type\" content=\"article\" \/>\n<meta property=\"og:title\" content=\"Cyclisme sur route : Europe, Lombardie, les temps forts de la fin de saison\" \/>\n<meta property=\"og:description\" content=\"La fin de saison de cyclisme sur route approche mais il reste des \u00e9ch\u00e9ances importantes au cours des prochaines semaines.\" \/>\n<meta property=\"og:url\" content=\"https:\/\/dicodusport.fr\/blog\/cyclisme-sur-route-europe-lombardie-les-temps-forts-de-la-fin-de-saison\/\" \/>\n<meta property=\"og:site_name\" content=\"Dicodusport\" \/>\n<meta property=\"article:publisher\" content=\"https:\/\/www.facebook.com\/dicodusport\" \/>\n<meta property=\"article:published_time\" content=\"2023-09-19T15:33:07+00:00\" \/>\n<meta property=\"og:image\" content=\"https:\/\/dicodusport.fr\/blog\/wp-content\/uploads\/2023\/09\/Cyclisme-sur-route-Europe-Lombardie-les-temps-forts-de-la-fin-de-saison.png\" \/>\n\t<meta property=\"og:image:width\" content=\"800\" \/>\n\t<meta property=\"og:image:height\" content=\"445\" \/>\n\t<meta property=\"og:image:type\" content=\"image\/png\" \/>\n<meta name=\"author\" content=\"Victor Clot-Amiot\" \/>\n<meta name=\"twitter:card\" content=\"summary_large_image\" \/>\n<meta name=\"twitter:title\" content=\"Cyclisme sur route : Europe, Lombardie, les temps forts de la fin de saison\" \/>\n<meta name=\"twitter:creator\" content=\"@https:\/\/x.com\/VictorClotAmiot\" \/>\n<meta name=\"twitter:site\" content=\"@dicodusport\" \/>\n<script type=\"application\/ld+json\" class=\"yoast-schema-graph\">{\"@context\":\"https:\/\/schema.org\",\"@graph\":[{\"@type\":\"NewsArticle\",\"@id\":\"https:\/\/dicodusport.fr\/blog\/cyclisme-sur-route-europe-lombardie-les-temps-forts-de-la-fin-de-saison\/#article\",\"isPartOf\":{\"@id\":\"https:\/\/dicodusport.fr\/blog\/cyclisme-sur-route-europe-lombardie-les-temps-forts-de-la-fin-de-saison\/\"},\"author\":{\"name\":\"Victor Clot-Amiot\",\"@id\":\"https:\/\/dicodusport.fr\/blog\/#\/schema\/person\/b623199cba9ba90fe84a3d16e9282360\"},\"headline\":\"Cyclisme sur route : Europe, Lombardie, les temps forts de la fin de saison\",\"datePublished\":\"2023-09-19T15:33:07+00:00\",\"mainEntityOfPage\":{\"@id\":\"https:\/\/dicodusport.fr\/blog\/cyclisme-sur-route-europe-lombardie-les-temps-forts-de-la-fin-de-saison\/\"},\"wordCount\":1217,\"commentCount\":0,\"publisher\":{\"@id\":\"https:\/\/dicodusport.fr\/blog\/#organization\"},\"image\":{\"@id\":\"https:\/\/dicodusport.fr\/blog\/cyclisme-sur-route-europe-lombardie-les-temps-forts-de-la-fin-de-saison\/#primaryimage\"},\"thumbnailUrl\":\"https:\/\/dicodusport.fr\/blog\/wp-content\/uploads\/2023\/09\/Cyclisme-sur-route-Europe-Lombardie-les-temps-forts-de-la-fin-de-saison.png\",\"keywords\":[\"Actualit\u00e9 Cyclisme\",\"br\u00e8ve\",\"Tour de Lombardie\"],\"articleSection\":[\"Cyclisme sur route\"],\"inLanguage\":\"fr-FR\",\"potentialAction\":[{\"@type\":\"CommentAction\",\"name\":\"Comment\",\"target\":[\"https:\/\/dicodusport.fr\/blog\/cyclisme-sur-route-europe-lombardie-les-temps-forts-de-la-fin-de-saison\/#respond\"]}],\"copyrightYear\":\"2023\",\"copyrightHolder\":{\"@id\":\"https:\/\/dicodusport.fr\/blog\/#organization\"}},{\"@type\":\"WebPage\",\"@id\":\"https:\/\/dicodusport.fr\/blog\/cyclisme-sur-route-europe-lombardie-les-temps-forts-de-la-fin-de-saison\/\",\"url\":\"https:\/\/dicodusport.fr\/blog\/cyclisme-sur-route-europe-lombardie-les-temps-forts-de-la-fin-de-saison\/\",\"name\":\"Cyclisme sur route : Europe, Lombardie, les temps forts de la fin de saison\",\"isPartOf\":{\"@id\":\"https:\/\/dicodusport.fr\/blog\/#website\"},\"primaryImageOfPage\":{\"@id\":\"https:\/\/dicodusport.fr\/blog\/cyclisme-sur-route-europe-lombardie-les-temps-forts-de-la-fin-de-saison\/#primaryimage\"},\"image\":{\"@id\":\"https:\/\/dicodusport.fr\/blog\/cyclisme-sur-route-europe-lombardie-les-temps-forts-de-la-fin-de-saison\/#primaryimage\"},\"thumbnailUrl\":\"https:\/\/dicodusport.fr\/blog\/wp-content\/uploads\/2023\/09\/Cyclisme-sur-route-Europe-Lombardie-les-temps-forts-de-la-fin-de-saison.png\",\"datePublished\":\"2023-09-19T15:33:07+00:00\",\"description\":\"La fin de saison de cyclisme sur route approche mais il reste des \u00e9ch\u00e9ances importantes au cours des prochaines semaines.\",\"breadcrumb\":{\"@id\":\"https:\/\/dicodusport.fr\/blog\/cyclisme-sur-route-europe-lombardie-les-temps-forts-de-la-fin-de-saison\/#breadcrumb\"},\"inLanguage\":\"fr-FR\",\"potentialAction\":[{\"@type\":\"ReadAction\",\"target\":[\"https:\/\/dicodusport.fr\/blog\/cyclisme-sur-route-europe-lombardie-les-temps-forts-de-la-fin-de-saison\/\"]}]},{\"@type\":\"ImageObject\",\"inLanguage\":\"fr-FR\",\"@id\":\"https:\/\/dicodusport.fr\/blog\/cyclisme-sur-route-europe-lombardie-les-temps-forts-de-la-fin-de-saison\/#primaryimage\",\"url\":\"https:\/\/dicodusport.fr\/blog\/wp-content\/uploads\/2023\/09\/Cyclisme-sur-route-Europe-Lombardie-les-temps-forts-de-la-fin-de-saison.png\",\"contentUrl\":\"https:\/\/dicodusport.fr\/blog\/wp-content\/uploads\/2023\/09\/Cyclisme-sur-route-Europe-Lombardie-les-temps-forts-de-la-fin-de-saison.png\",\"width\":800,\"height\":445,\"caption\":\"Cyclisme sur route Europe, Lombardie, les temps forts de la fin de saison\"},{\"@type\":\"BreadcrumbList\",\"@id\":\"https:\/\/dicodusport.fr\/blog\/cyclisme-sur-route-europe-lombardie-les-temps-forts-de-la-fin-de-saison\/#breadcrumb\",\"itemListElement\":[{\"@type\":\"ListItem\",\"position\":1,\"name\":\"Accueil\",\"item\":\"https:\/\/dicodusport.fr\/blog\/\"},{\"@type\":\"ListItem\",\"position\":2,\"name\":\"Cyclisme sur route : Europe, Lombardie, les temps forts de la fin de saison\"}]},{\"@type\":\"WebSite\",\"@id\":\"https:\/\/dicodusport.fr\/blog\/#website\",\"url\":\"https:\/\/dicodusport.fr\/blog\/\",\"name\":\"Dicodusport\",\"description\":\"L&#039;encyclop\u00e9die de l&#039;actualit\u00e9 sportive\",\"publisher\":{\"@id\":\"https:\/\/dicodusport.fr\/blog\/#organization\"},\"potentialAction\":[{\"@type\":\"SearchAction\",\"target\":{\"@type\":\"EntryPoint\",\"urlTemplate\":\"https:\/\/dicodusport.fr\/blog\/?s={search_term_string}\"},\"query-input\":{\"@type\":\"PropertyValueSpecification\",\"valueRequired\":true,\"valueName\":\"search_term_string\"}}],\"inLanguage\":\"fr-FR\"},{\"@type\":\"NewsMediaOrganization\",\"@id\":\"https:\/\/dicodusport.fr\/blog\/#organization\",\"name\":\"Dicodusport\",\"url\":\"https:\/\/dicodusport.fr\/blog\/\",\"logo\":{\"@type\":\"ImageObject\",\"inLanguage\":\"fr-FR\",\"@id\":\"https:\/\/dicodusport.fr\/blog\/#\/schema\/logo\/image\/\",\"url\":\"https:\/\/dicodusport.fr\/blog\/wp-content\/uploads\/2020\/06\/cropped-LOGO-DICODUSPORT-2020-SANS-FOND-SANS-TEXTE.png\",\"contentUrl\":\"https:\/\/dicodusport.fr\/blog\/wp-content\/uploads\/2020\/06\/cropped-LOGO-DICODUSPORT-2020-SANS-FOND-SANS-TEXTE.png\",\"width\":512,\"height\":512,\"caption\":\"Dicodusport\"},\"image\":{\"@id\":\"https:\/\/dicodusport.fr\/blog\/#\/schema\/logo\/image\/\"},\"sameAs\":[\"https:\/\/www.facebook.com\/dicodusport\",\"https:\/\/x.com\/dicodusport\",\"https:\/\/www.instagram.com\/dicodusport\/\",\"https:\/\/www.youtube.com\/channel\/UC7V2KZ5sd3htJivAbA4ZG3w\"],\"description\":\"Dicodusport est l'encyclop\u00e9die de l'actualit\u00e9 sportive.\",\"email\":\"bonjour@dicodusport.fr\",\"legalName\":\"DICODUSPORT\",\"foundingDate\":\"2018-01-14\",\"vatID\":\"FR71834470973\",\"taxID\":\"83447097300043\",\"numberOfEmployees\":{\"@type\":\"QuantitativeValue\",\"minValue\":\"1\",\"maxValue\":\"10\"}},{\"@type\":\"Person\",\"@id\":\"https:\/\/dicodusport.fr\/blog\/#\/schema\/person\/b623199cba9ba90fe84a3d16e9282360\",\"name\":\"Victor Clot-Amiot\",\"image\":{\"@type\":\"ImageObject\",\"inLanguage\":\"fr-FR\",\"@id\":\"https:\/\/dicodusport.fr\/blog\/#\/schema\/person\/image\/\",\"url\":\"https:\/\/dicodusport.fr\/blog\/wp-content\/uploads\/2023\/09\/IMG_20190826_114722-150x150.jpg\",\"contentUrl\":\"https:\/\/dicodusport.fr\/blog\/wp-content\/uploads\/2023\/09\/IMG_20190826_114722-150x150.jpg\",\"caption\":\"Victor Clot-Amiot\"},\"description\":\"Passionn\u00e9 de sport depuis toujours, un jour \u00e0 l'adolescence mes parents m'ont dit : \\\"quitte \u00e0 passer ton temps \u00e0 regarder du sport, au moins va le voir en vrai\\\" ! Depuis, cette remarque ne m'a plus quitt\u00e9 et je passe une grande partie de mon temps libre \u00e0 assister \u00e0 des comp\u00e9titions de tous sports. Je m\u00eale d'ailleurs mes deux passions, le sport et les voyages afin de faire une pierre deux coups ! Outre l'US Open ou l'Euro 2021 par exemple, j'ai assist\u00e9 cet \u00e9t\u00e9 aux Mondiaux d'athl\u00e9tisme \u00e0 Budapest. Mon plus gros coup dur est et restera les JO 2020-2021 pour lesquels j'avais r\u00e9serv\u00e9 17 \u00e9preuves. La suite, vous la connaissez...\",\"sameAs\":[\"https:\/\/x.com\/https:\/\/x.com\/VictorClotAmiot\"],\"url\":\"https:\/\/dicodusport.fr\/blog\/author\/victor-clot-amiot\/\"}]}<\/script>\n<!-- \/ Yoast SEO Premium plugin. -->","yoast_head_json":{"title":"Cyclisme sur route : Europe, Lombardie, les temps forts de la fin de saison","description":"La fin de saison de cyclisme sur route approche mais il reste des \u00e9ch\u00e9ances importantes au cours des prochaines semaines.","robots":{"index":"index","follow":"follow","max-snippet":"max-snippet:-1","max-image-preview":"max-image-preview:large","max-video-preview":"max-video-preview:-1"},"canonical":"https:\/\/dicodusport.fr\/blog\/cyclisme-sur-route-europe-lombardie-les-temps-forts-de-la-fin-de-saison\/","og_locale":"fr_FR","og_type":"article","og_title":"Cyclisme sur route : Europe, Lombardie, les temps forts de la fin de saison","og_description":"La fin de saison de cyclisme sur route approche mais il reste des \u00e9ch\u00e9ances importantes au cours des prochaines semaines.","og_url":"https:\/\/dicodusport.fr\/blog\/cyclisme-sur-route-europe-lombardie-les-temps-forts-de-la-fin-de-saison\/","og_site_name":"Dicodusport","article_publisher":"https:\/\/www.facebook.com\/dicodusport","article_published_time":"2023-09-19T15:33:07+00:00","og_image":[{"width":800,"height":445,"url":"https:\/\/dicodusport.fr\/blog\/wp-content\/uploads\/2023\/09\/Cyclisme-sur-route-Europe-Lombardie-les-temps-forts-de-la-fin-de-saison.png","type":"image\/png"}],"author":"Victor Clot-Amiot","twitter_card":"summary_large_image","twitter_title":"Cyclisme sur route : Europe, Lombardie, les temps forts de la fin de saison","twitter_creator":"@https:\/\/x.com\/VictorClotAmiot","twitter_site":"@dicodusport","schema":{"@context":"https:\/\/schema.org","@graph":[{"@type":"NewsArticle","@id":"https:\/\/dicodusport.fr\/blog\/cyclisme-sur-route-europe-lombardie-les-temps-forts-de-la-fin-de-saison\/#article","isPartOf":{"@id":"https:\/\/dicodusport.fr\/blog\/cyclisme-sur-route-europe-lombardie-les-temps-forts-de-la-fin-de-saison\/"},"author":{"name":"Victor Clot-Amiot","@id":"https:\/\/dicodusport.fr\/blog\/#\/schema\/person\/b623199cba9ba90fe84a3d16e9282360"},"headline":"Cyclisme sur route : Europe, Lombardie, les temps forts de la fin de saison","datePublished":"2023-09-19T15:33:07+00:00","mainEntityOfPage":{"@id":"https:\/\/dicodusport.fr\/blog\/cyclisme-sur-route-europe-lombardie-les-temps-forts-de-la-fin-de-saison\/"},"wordCount":1217,"commentCount":0,"publisher":{"@id":"https:\/\/dicodusport.fr\/blog\/#organization"},"image":{"@id":"https:\/\/dicodusport.fr\/blog\/cyclisme-sur-route-europe-lombardie-les-temps-forts-de-la-fin-de-saison\/#primaryimage"},"thumbnailUrl":"https:\/\/dicodusport.fr\/blog\/wp-content\/uploads\/2023\/09\/Cyclisme-sur-route-Europe-Lombardie-les-temps-forts-de-la-fin-de-saison.png","keywords":["Actualit\u00e9 Cyclisme","br\u00e8ve","Tour de Lombardie"],"articleSection":["Cyclisme sur route"],"inLanguage":"fr-FR","potentialAction":[{"@type":"CommentAction","name":"Comment","target":["https:\/\/dicodusport.fr\/blog\/cyclisme-sur-route-europe-lombardie-les-temps-forts-de-la-fin-de-saison\/#respond"]}],"copyrightYear":"2023","copyrightHolder":{"@id":"https:\/\/dicodusport.fr\/blog\/#organization"}},{"@type":"WebPage","@id":"https:\/\/dicodusport.fr\/blog\/cyclisme-sur-route-europe-lombardie-les-temps-forts-de-la-fin-de-saison\/","url":"https:\/\/dicodusport.fr\/blog\/cyclisme-sur-route-europe-lombardie-les-temps-forts-de-la-fin-de-saison\/","name":"Cyclisme sur route : Europe, Lombardie, les temps forts de la fin de saison","isPartOf":{"@id":"https:\/\/dicodusport.fr\/blog\/#website"},"primaryImageOfPage":{"@id":"https:\/\/dicodusport.fr\/blog\/cyclisme-sur-route-europe-lombardie-les-temps-forts-de-la-fin-de-saison\/#primaryimage"},"image":{"@id":"https:\/\/dicodusport.fr\/blog\/cyclisme-sur-route-europe-lombardie-les-temps-forts-de-la-fin-de-saison\/#primaryimage"},"thumbnailUrl":"https:\/\/dicodusport.fr\/blog\/wp-content\/uploads\/2023\/09\/Cyclisme-sur-route-Europe-Lombardie-les-temps-forts-de-la-fin-de-saison.png","datePublished":"2023-09-19T15:33:07+00:00","description":"La fin de saison de cyclisme sur route approche mais il reste des \u00e9ch\u00e9ances importantes au cours des prochaines semaines.","breadcrumb":{"@id":"https:\/\/dicodusport.fr\/blog\/cyclisme-sur-route-europe-lombardie-les-temps-forts-de-la-fin-de-saison\/#breadcrumb"},"inLanguage":"fr-FR","potentialAction":[{"@type":"ReadAction","target":["https:\/\/dicodusport.fr\/blog\/cyclisme-sur-route-europe-lombardie-les-temps-forts-de-la-fin-de-saison\/"]}]},{"@type":"ImageObject","inLanguage":"fr-FR","@id":"https:\/\/dicodusport.fr\/blog\/cyclisme-sur-route-europe-lombardie-les-temps-forts-de-la-fin-de-saison\/#primaryimage","url":"https:\/\/dicodusport.fr\/blog\/wp-content\/uploads\/2023\/09\/Cyclisme-sur-route-Europe-Lombardie-les-temps-forts-de-la-fin-de-saison.png","contentUrl":"https:\/\/dicodusport.fr\/blog\/wp-content\/uploads\/2023\/09\/Cyclisme-sur-route-Europe-Lombardie-les-temps-forts-de-la-fin-de-saison.png","width":800,"height":445,"caption":"Cyclisme sur route Europe, Lombardie, les temps forts de la fin de saison"},{"@type":"BreadcrumbList","@id":"https:\/\/dicodusport.fr\/blog\/cyclisme-sur-route-europe-lombardie-les-temps-forts-de-la-fin-de-saison\/#breadcrumb","itemListElement":[{"@type":"ListItem","position":1,"name":"Accueil","item":"https:\/\/dicodusport.fr\/blog\/"},{"@type":"ListItem","position":2,"name":"Cyclisme sur route : Europe, Lombardie, les temps forts de la fin de saison"}]},{"@type":"WebSite","@id":"https:\/\/dicodusport.fr\/blog\/#website","url":"https:\/\/dicodusport.fr\/blog\/","name":"Dicodusport","description":"L&#039;encyclop\u00e9die de l&#039;actualit\u00e9 sportive","publisher":{"@id":"https:\/\/dicodusport.fr\/blog\/#organization"},"potentialAction":[{"@type":"SearchAction","target":{"@type":"EntryPoint","urlTemplate":"https:\/\/dicodusport.fr\/blog\/?s={search_term_string}"},"query-input":{"@type":"PropertyValueSpecification","valueRequired":true,"valueName":"search_term_string"}}],"inLanguage":"fr-FR"},{"@type":"NewsMediaOrganization","@id":"https:\/\/dicodusport.fr\/blog\/#organization","name":"Dicodusport","url":"https:\/\/dicodusport.fr\/blog\/","logo":{"@type":"ImageObject","inLanguage":"fr-FR","@id":"https:\/\/dicodusport.fr\/blog\/#\/schema\/logo\/image\/","url":"https:\/\/dicodusport.fr\/blog\/wp-content\/uploads\/2020\/06\/cropped-LOGO-DICODUSPORT-2020-SANS-FOND-SANS-TEXTE.png","contentUrl":"https:\/\/dicodusport.fr\/blog\/wp-content\/uploads\/2020\/06\/cropped-LOGO-DICODUSPORT-2020-SANS-FOND-SANS-TEXTE.png","width":512,"height":512,"caption":"Dicodusport"},"image":{"@id":"https:\/\/dicodusport.fr\/blog\/#\/schema\/logo\/image\/"},"sameAs":["https:\/\/www.facebook.com\/dicodusport","https:\/\/x.com\/dicodusport","https:\/\/www.instagram.com\/dicodusport\/","https:\/\/www.youtube.com\/channel\/UC7V2KZ5sd3htJivAbA4ZG3w"],"description":"Dicodusport est l'encyclop\u00e9die de l'actualit\u00e9 sportive.","email":"bonjour@dicodusport.fr","legalName":"DICODUSPORT","foundingDate":"2018-01-14","vatID":"FR71834470973","taxID":"83447097300043","numberOfEmployees":{"@type":"QuantitativeValue","minValue":"1","maxValue":"10"}},{"@type":"Person","@id":"https:\/\/dicodusport.fr\/blog\/#\/schema\/person\/b623199cba9ba90fe84a3d16e9282360","name":"Victor Clot-Amiot","image":{"@type":"ImageObject","inLanguage":"fr-FR","@id":"https:\/\/dicodusport.fr\/blog\/#\/schema\/person\/image\/","url":"https:\/\/dicodusport.fr\/blog\/wp-content\/uploads\/2023\/09\/IMG_20190826_114722-150x150.jpg","contentUrl":"https:\/\/dicodusport.fr\/blog\/wp-content\/uploads\/2023\/09\/IMG_20190826_114722-150x150.jpg","caption":"Victor Clot-Amiot"},"description":"Passionn\u00e9 de sport depuis toujours, un jour \u00e0 l'adolescence mes parents m'ont dit : \"quitte \u00e0 passer ton temps \u00e0 regarder du sport, au moins va le voir en vrai\" ! Depuis, cette remarque ne m'a plus quitt\u00e9 et je passe une grande partie de mon temps libre \u00e0 assister \u00e0 des comp\u00e9titions de tous sports. Je m\u00eale d'ailleurs mes deux passions, le sport et les voyages afin de faire une pierre deux coups ! Outre l'US Open ou l'Euro 2021 par exemple, j'ai assist\u00e9 cet \u00e9t\u00e9 aux Mondiaux d'athl\u00e9tisme \u00e0 Budapest. Mon plus gros coup dur est et restera les JO 2020-2021 pour lesquels j'avais r\u00e9serv\u00e9 17 \u00e9preuves. La suite, vous la connaissez...","sameAs":["https:\/\/x.com\/https:\/\/x.com\/VictorClotAmiot"],"url":"https:\/\/dicodusport.fr\/blog\/author\/victor-clot-amiot\/"}]}},"_links":{"self":[{"href":"https:\/\/dicodusport.fr\/blog\/wp-json\/wp\/v2\/posts\/420628","targetHints":{"allow":["GET"]}}],"collection":[{"href":"https:\/\/dicodusport.fr\/blog\/wp-json\/wp\/v2\/posts"}],"about":[{"href":"https:\/\/dicodusport.fr\/blog\/wp-json\/wp\/v2\/types\/post"}],"author":[{"embeddable":true,"href":"https:\/\/dicodusport.fr\/blog\/wp-json\/wp\/v2\/users\/91"}],"replies":[{"embeddable":true,"href":"https:\/\/dicodusport.fr\/blog\/wp-json\/wp\/v2\/comments?post=420628"}],"version-history":[{"count":0,"href":"https:\/\/dicodusport.fr\/blog\/wp-json\/wp\/v2\/posts\/420628\/revisions"}],"wp:featuredmedia":[{"embeddable":true,"href":"https:\/\/dicodusport.fr\/blog\/wp-json\/wp\/v2\/media\/420674"}],"wp:attachment":[{"href":"https:\/\/dicodusport.fr\/blog\/wp-json\/wp\/v2\/media?parent=420628"}],"wp:term":[{"taxonomy":"category","embeddable":true,"href":"https:\/\/dicodusport.fr\/blog\/wp-json\/wp\/v2\/categories?post=420628"},{"taxonomy":"post_tag","embeddable":true,"href":"https:\/\/dicodusport.fr\/blog\/wp-json\/wp\/v2\/tags?post=420628"}],"curies":[{"name":"wp","href":"https:\/\/api.w.org\/{rel}","templated":true}]}}