{"id":420761,"date":"2023-09-19T22:12:57","date_gmt":"2023-09-19T20:12:57","guid":{"rendered":"https:\/\/dicodusport.fr\/blog\/?p=420761&#038;preview=true&#038;preview_id=420761"},"modified":"2023-09-19T22:22:36","modified_gmt":"2023-09-19T20:22:36","slug":"athletisme-mouhamadou-fall-controle-positif","status":"publish","type":"post","link":"https:\/\/dicodusport.fr\/blog\/athletisme-mouhamadou-fall-controle-positif\/","title":{"rendered":"Athl\u00e9tisme : Mouhamadou Fall contr\u00f4l\u00e9 positif"},"content":{"rendered":"<p align=\"justify\"><em><strong>ATHL\u00c9TISME &#8211; D&rsquo;apr\u00e8s <a href=\"https:\/\/www.lequipe.fr\/Athletisme\/Actualites\/Mouhamadou-fall-controle-positif-lors-des-championnats-de-france-elite\/1420773\">L&rsquo;\u00c9quipe<\/a>, le sprinteur fran\u00e7ais Mouhamadou Fall a \u00e9t\u00e9 test\u00e9 positif \u00e0 un stimulant lors d&rsquo;un contr\u00f4le survenu apr\u00e8s les championnats de France.<\/strong><\/em><\/p>\n<p align=\"justify\">Les ennuis continuent pour <strong>Mouhamadou Fall<\/strong>. Le sprinteur fran\u00e7ais a \u00e9t\u00e9 relax\u00e9 par la commission des sanctions de l&rsquo;Agence fran\u00e7aise de lutte contre le dopage en juillet. Selon des informations r\u00e9v\u00e9l\u00e9es par <em>L&rsquo;\u00c9quipe<\/em>, Fall a \u00e9t\u00e9 contr\u00f4l\u00e9 positif durant <a href=\"https:\/\/dicodusport.fr\/blog\/calendrier-et-resultats-championnats-de-france-elite-dathletisme-2023\/\">les derniers championnats de France, \u00e0 Albi<\/a>. Celui qui s&rsquo;entra\u00eene aux \u00c9tats-Unis a \u00e9t\u00e9 test\u00e9 positif \u00e0 l&rsquo;octodrine, un stimulant interdit par l&rsquo;Agence mondiale antidopage (AMA).<\/p>\n<p align=\"justify\"><a href=\"https:\/\/dicodusport.fr\/blog\/athletisme-mouhamadou-fall-relaxe-dans-laffaire-de-ses-no-show\/\">Les avocats de l&rsquo;athl\u00e8te avaient r\u00e9ussi \u00e0 le tirer d&rsquo;affaire cet \u00e9t\u00e9<\/a> apr\u00e8s ses trois manquements \u00e0 ses obligations de localisation. <strong>Mouhamadou Fall<\/strong> retombe rapidement apr\u00e8s son titre de champion de France du 100 m\u00e8tres et sa participation aux derniers Mondiaux, \u00e0 Budapest. Pour le moment, le clan du Fran\u00e7ais n&rsquo;a pas demand\u00e9 l&rsquo;analyse de l&rsquo;\u00e9chantillon B.<\/p>\n<blockquote class=\"twitter-tweet\">\n<p dir=\"ltr\" lang=\"fr\">Le sprinteur Mouhamadou Fall (31 ans), d\u00e9j\u00e0 en proc\u00e9dure avec l&rsquo;Agence fran\u00e7aise de lutte contre le dopage pour des manquements \u00e0 ses obligations de localisation, a \u00e9t\u00e9 contr\u00f4l\u00e9 positif \u00e0 un stimulant (octodrine) lors des Championnats de France <a href=\"https:\/\/t.co\/emGYn0wltP\">https:\/\/t.co\/emGYn0wltP<\/a> <a href=\"https:\/\/t.co\/mkkJV5l7Yv\">pic.twitter.com\/mkkJV5l7Yv<\/a><\/p>\n<p>\u2014 L&rsquo;\u00c9QUIPE (@lequipe) <a href=\"https:\/\/twitter.com\/lequipe\/status\/1704221553381056928?ref_src=twsrc%5Etfw\">September 19, 2023<\/a><\/p><\/blockquote>\n<p><script async src=\"https:\/\/platform.twitter.com\/widgets.js\" charset=\"utf-8\"><\/script><\/p>\n","protected":false},"excerpt":{"rendered":"<p>ATHL\u00c9TISME &#8211; D&rsquo;apr\u00e8s L&rsquo;\u00c9quipe, le sprinteur fran\u00e7ais Mouhamadou Fall a \u00e9t\u00e9 test\u00e9 positif \u00e0 un stimulant lors d&rsquo;un contr\u00f4le survenu apr\u00e8s les championnats de France.<\/p>\n","protected":false},"author":61,"featured_media":420770,"comment_status":"open","ping_status":"closed","sticky":false,"template":"","format":"standard","meta":{"_acf_changed":false,"_daextam_enable_autolinks":"","footnotes":""},"categories":[2308],"tags":[143,16878,2886,30,8684],"class_list":["post-420761","post","type-post","status-publish","format-standard","has-post-thumbnail","hentry","category-athletisme","tag-athletisme","tag-breve","tag-dopage","tag-france","tag-mouhamadou-fall"],"acf":[],"yoast_head":"<!-- This site is optimized with the Yoast SEO Premium plugin v26.7 (Yoast SEO v26.7) - https:\/\/yoast.com\/wordpress\/plugins\/seo\/ -->\n<title>Athl\u00e9tisme : Mouhamadou Fall contr\u00f4l\u00e9 positif<\/title>\n<meta name=\"description\" content=\"Le sprinteur fran\u00e7ais Mouhamadou Fall a \u00e9t\u00e9 test\u00e9 positif un stimulant lors d&#039;un contr\u00f4le survenu apr\u00e8s les championnats de France.\" \/>\n<meta name=\"robots\" content=\"index, follow, max-snippet:-1, max-image-preview:large, max-video-preview:-1\" \/>\n<link rel=\"canonical\" href=\"https:\/\/dicodusport.fr\/blog\/athletisme-mouhamadou-fall-controle-positif\/\" \/>\n<meta property=\"og:locale\" content=\"fr_FR\" \/>\n<meta property=\"og:type\" content=\"article\" \/>\n<meta property=\"og:title\" content=\"Athl\u00e9tisme : Mouhamadou Fall contr\u00f4l\u00e9 positif\" \/>\n<meta property=\"og:description\" content=\"Le sprinteur fran\u00e7ais Mouhamadou Fall a \u00e9t\u00e9 test\u00e9 positif un stimulant lors d&#039;un contr\u00f4le survenu apr\u00e8s les championnats de France.\" \/>\n<meta property=\"og:url\" content=\"https:\/\/dicodusport.fr\/blog\/athletisme-mouhamadou-fall-controle-positif\/\" \/>\n<meta property=\"og:site_name\" content=\"Dicodusport\" \/>\n<meta property=\"article:publisher\" content=\"https:\/\/www.facebook.com\/dicodusport\" \/>\n<meta property=\"article:published_time\" content=\"2023-09-19T20:12:57+00:00\" \/>\n<meta property=\"article:modified_time\" content=\"2023-09-19T20:22:36+00:00\" \/>\n<meta property=\"og:image\" content=\"https:\/\/dicodusport.fr\/blog\/wp-content\/uploads\/2023\/09\/Athletisme-Mouhamadou-Fall-controle-positif.png\" \/>\n\t<meta property=\"og:image:width\" content=\"800\" \/>\n\t<meta property=\"og:image:height\" content=\"445\" \/>\n\t<meta property=\"og:image:type\" content=\"image\/png\" \/>\n<meta name=\"author\" content=\"Pierre Gorce\" \/>\n<meta name=\"twitter:card\" content=\"summary_large_image\" \/>\n<meta name=\"twitter:title\" content=\"Athl\u00e9tisme : Mouhamadou Fall contr\u00f4l\u00e9 positif\" \/>\n<meta name=\"twitter:creator\" content=\"@https:\/\/twitter.com\/pierregorce12\" \/>\n<meta name=\"twitter:site\" content=\"@dicodusport\" \/>\n<script type=\"application\/ld+json\" class=\"yoast-schema-graph\">{\"@context\":\"https:\/\/schema.org\",\"@graph\":[{\"@type\":\"NewsArticle\",\"@id\":\"https:\/\/dicodusport.fr\/blog\/athletisme-mouhamadou-fall-controle-positif\/#article\",\"isPartOf\":{\"@id\":\"https:\/\/dicodusport.fr\/blog\/athletisme-mouhamadou-fall-controle-positif\/\"},\"author\":{\"name\":\"Pierre Gorce\",\"@id\":\"https:\/\/dicodusport.fr\/blog\/#\/schema\/person\/0eaf70b33d703a1a66b1155ac1bda018\"},\"headline\":\"Athl\u00e9tisme : Mouhamadou Fall contr\u00f4l\u00e9 positif\",\"datePublished\":\"2023-09-19T20:12:57+00:00\",\"dateModified\":\"2023-09-19T20:22:36+00:00\",\"mainEntityOfPage\":{\"@id\":\"https:\/\/dicodusport.fr\/blog\/athletisme-mouhamadou-fall-controle-positif\/\"},\"wordCount\":233,\"commentCount\":2,\"publisher\":{\"@id\":\"https:\/\/dicodusport.fr\/blog\/#organization\"},\"image\":{\"@id\":\"https:\/\/dicodusport.fr\/blog\/athletisme-mouhamadou-fall-controle-positif\/#primaryimage\"},\"thumbnailUrl\":\"https:\/\/dicodusport.fr\/blog\/wp-content\/uploads\/2023\/09\/Athletisme-Mouhamadou-Fall-controle-positif.png\",\"keywords\":[\"Athl\u00e9tisme\",\"br\u00e8ve\",\"dopage\",\"France\",\"Mouhamadou Fall\"],\"articleSection\":[\"Athl\u00e9tisme\"],\"inLanguage\":\"fr-FR\",\"potentialAction\":[{\"@type\":\"CommentAction\",\"name\":\"Comment\",\"target\":[\"https:\/\/dicodusport.fr\/blog\/athletisme-mouhamadou-fall-controle-positif\/#respond\"]}],\"copyrightYear\":\"2023\",\"copyrightHolder\":{\"@id\":\"https:\/\/dicodusport.fr\/blog\/#organization\"}},{\"@type\":\"WebPage\",\"@id\":\"https:\/\/dicodusport.fr\/blog\/athletisme-mouhamadou-fall-controle-positif\/\",\"url\":\"https:\/\/dicodusport.fr\/blog\/athletisme-mouhamadou-fall-controle-positif\/\",\"name\":\"Athl\u00e9tisme : Mouhamadou Fall contr\u00f4l\u00e9 positif\",\"isPartOf\":{\"@id\":\"https:\/\/dicodusport.fr\/blog\/#website\"},\"primaryImageOfPage\":{\"@id\":\"https:\/\/dicodusport.fr\/blog\/athletisme-mouhamadou-fall-controle-positif\/#primaryimage\"},\"image\":{\"@id\":\"https:\/\/dicodusport.fr\/blog\/athletisme-mouhamadou-fall-controle-positif\/#primaryimage\"},\"thumbnailUrl\":\"https:\/\/dicodusport.fr\/blog\/wp-content\/uploads\/2023\/09\/Athletisme-Mouhamadou-Fall-controle-positif.png\",\"datePublished\":\"2023-09-19T20:12:57+00:00\",\"dateModified\":\"2023-09-19T20:22:36+00:00\",\"description\":\"Le sprinteur fran\u00e7ais Mouhamadou Fall a \u00e9t\u00e9 test\u00e9 positif un stimulant lors d'un contr\u00f4le survenu apr\u00e8s les championnats de France.\",\"breadcrumb\":{\"@id\":\"https:\/\/dicodusport.fr\/blog\/athletisme-mouhamadou-fall-controle-positif\/#breadcrumb\"},\"inLanguage\":\"fr-FR\",\"potentialAction\":[{\"@type\":\"ReadAction\",\"target\":[\"https:\/\/dicodusport.fr\/blog\/athletisme-mouhamadou-fall-controle-positif\/\"]}]},{\"@type\":\"ImageObject\",\"inLanguage\":\"fr-FR\",\"@id\":\"https:\/\/dicodusport.fr\/blog\/athletisme-mouhamadou-fall-controle-positif\/#primaryimage\",\"url\":\"https:\/\/dicodusport.fr\/blog\/wp-content\/uploads\/2023\/09\/Athletisme-Mouhamadou-Fall-controle-positif.png\",\"contentUrl\":\"https:\/\/dicodusport.fr\/blog\/wp-content\/uploads\/2023\/09\/Athletisme-Mouhamadou-Fall-controle-positif.png\",\"width\":800,\"height\":445,\"caption\":\"Athl\u00e9tisme Mouhamadou Fall contr\u00f4l\u00e9 positif\"},{\"@type\":\"BreadcrumbList\",\"@id\":\"https:\/\/dicodusport.fr\/blog\/athletisme-mouhamadou-fall-controle-positif\/#breadcrumb\",\"itemListElement\":[{\"@type\":\"ListItem\",\"position\":1,\"name\":\"Accueil\",\"item\":\"https:\/\/dicodusport.fr\/blog\/\"},{\"@type\":\"ListItem\",\"position\":2,\"name\":\"Athl\u00e9tisme : Mouhamadou Fall contr\u00f4l\u00e9 positif\"}]},{\"@type\":\"WebSite\",\"@id\":\"https:\/\/dicodusport.fr\/blog\/#website\",\"url\":\"https:\/\/dicodusport.fr\/blog\/\",\"name\":\"Dicodusport\",\"description\":\"L&#039;encyclop\u00e9die de l&#039;actualit\u00e9 sportive\",\"publisher\":{\"@id\":\"https:\/\/dicodusport.fr\/blog\/#organization\"},\"potentialAction\":[{\"@type\":\"SearchAction\",\"target\":{\"@type\":\"EntryPoint\",\"urlTemplate\":\"https:\/\/dicodusport.fr\/blog\/?s={search_term_string}\"},\"query-input\":{\"@type\":\"PropertyValueSpecification\",\"valueRequired\":true,\"valueName\":\"search_term_string\"}}],\"inLanguage\":\"fr-FR\"},{\"@type\":\"NewsMediaOrganization\",\"@id\":\"https:\/\/dicodusport.fr\/blog\/#organization\",\"name\":\"Dicodusport\",\"url\":\"https:\/\/dicodusport.fr\/blog\/\",\"logo\":{\"@type\":\"ImageObject\",\"inLanguage\":\"fr-FR\",\"@id\":\"https:\/\/dicodusport.fr\/blog\/#\/schema\/logo\/image\/\",\"url\":\"https:\/\/dicodusport.fr\/blog\/wp-content\/uploads\/2020\/06\/cropped-LOGO-DICODUSPORT-2020-SANS-FOND-SANS-TEXTE.png\",\"contentUrl\":\"https:\/\/dicodusport.fr\/blog\/wp-content\/uploads\/2020\/06\/cropped-LOGO-DICODUSPORT-2020-SANS-FOND-SANS-TEXTE.png\",\"width\":512,\"height\":512,\"caption\":\"Dicodusport\"},\"image\":{\"@id\":\"https:\/\/dicodusport.fr\/blog\/#\/schema\/logo\/image\/\"},\"sameAs\":[\"https:\/\/www.facebook.com\/dicodusport\",\"https:\/\/x.com\/dicodusport\",\"https:\/\/www.instagram.com\/dicodusport\/\",\"https:\/\/www.youtube.com\/channel\/UC7V2KZ5sd3htJivAbA4ZG3w\"],\"description\":\"Dicodusport est l'encyclop\u00e9die de l'actualit\u00e9 sportive.\",\"email\":\"bonjour@dicodusport.fr\",\"legalName\":\"DICODUSPORT\",\"foundingDate\":\"2018-01-14\",\"vatID\":\"FR71834470973\",\"taxID\":\"83447097300043\",\"numberOfEmployees\":{\"@type\":\"QuantitativeValue\",\"minValue\":\"1\",\"maxValue\":\"10\"}},{\"@type\":\"Person\",\"@id\":\"https:\/\/dicodusport.fr\/blog\/#\/schema\/person\/0eaf70b33d703a1a66b1155ac1bda018\",\"name\":\"Pierre Gorce\",\"image\":{\"@type\":\"ImageObject\",\"inLanguage\":\"fr-FR\",\"@id\":\"https:\/\/dicodusport.fr\/blog\/#\/schema\/person\/image\/\",\"url\":\"https:\/\/dicodusport.fr\/blog\/wp-content\/uploads\/2022\/03\/IMG_20211214_233053_722-150x150.jpg\",\"contentUrl\":\"https:\/\/dicodusport.fr\/blog\/wp-content\/uploads\/2022\/03\/IMG_20211214_233053_722-150x150.jpg\",\"caption\":\"Pierre Gorce\"},\"description\":\"Couteau suisse venant tout droit de Haute-Savoie. Habitu\u00e9 \u00e0 regarder du sport depuis petit, j'en ai maintenant fait mon m\u00e9tier. Des sports d'hiver au surf, en passant par le tennis, la F1, le handball et l'athl\u00e9tisme, j'essaie d'avoir mes yeux sur l'enti\u00e8ret\u00e9 de l'actualit\u00e9. Jeune homme berc\u00e9 par les exploits de Jean-Baptiste Grange, Sebastian Vettel et des Experts. Membre de la g\u00e9n\u00e9ration 1999 comme Luka Doncic, Sydney McLaughlin, Lando Norris et Loana Lecomte, mais avec beaucoup moins de talent qu'eux.\",\"sameAs\":[\"https:\/\/x.com\/https:\/\/twitter.com\/pierregorce12\"],\"birthDate\":\"1999-08-29\",\"url\":\"https:\/\/dicodusport.fr\/blog\/author\/pierreg\/\"}]}<\/script>\n<!-- \/ Yoast SEO Premium plugin. -->","yoast_head_json":{"title":"Athl\u00e9tisme : Mouhamadou Fall contr\u00f4l\u00e9 positif","description":"Le sprinteur fran\u00e7ais Mouhamadou Fall a \u00e9t\u00e9 test\u00e9 positif un stimulant lors d'un contr\u00f4le survenu apr\u00e8s les championnats de France.","robots":{"index":"index","follow":"follow","max-snippet":"max-snippet:-1","max-image-preview":"max-image-preview:large","max-video-preview":"max-video-preview:-1"},"canonical":"https:\/\/dicodusport.fr\/blog\/athletisme-mouhamadou-fall-controle-positif\/","og_locale":"fr_FR","og_type":"article","og_title":"Athl\u00e9tisme : Mouhamadou Fall contr\u00f4l\u00e9 positif","og_description":"Le sprinteur fran\u00e7ais Mouhamadou Fall a \u00e9t\u00e9 test\u00e9 positif un stimulant lors d'un contr\u00f4le survenu apr\u00e8s les championnats de France.","og_url":"https:\/\/dicodusport.fr\/blog\/athletisme-mouhamadou-fall-controle-positif\/","og_site_name":"Dicodusport","article_publisher":"https:\/\/www.facebook.com\/dicodusport","article_published_time":"2023-09-19T20:12:57+00:00","article_modified_time":"2023-09-19T20:22:36+00:00","og_image":[{"width":800,"height":445,"url":"https:\/\/dicodusport.fr\/blog\/wp-content\/uploads\/2023\/09\/Athletisme-Mouhamadou-Fall-controle-positif.png","type":"image\/png"}],"author":"Pierre Gorce","twitter_card":"summary_large_image","twitter_title":"Athl\u00e9tisme : Mouhamadou Fall contr\u00f4l\u00e9 positif","twitter_creator":"@https:\/\/twitter.com\/pierregorce12","twitter_site":"@dicodusport","schema":{"@context":"https:\/\/schema.org","@graph":[{"@type":"NewsArticle","@id":"https:\/\/dicodusport.fr\/blog\/athletisme-mouhamadou-fall-controle-positif\/#article","isPartOf":{"@id":"https:\/\/dicodusport.fr\/blog\/athletisme-mouhamadou-fall-controle-positif\/"},"author":{"name":"Pierre Gorce","@id":"https:\/\/dicodusport.fr\/blog\/#\/schema\/person\/0eaf70b33d703a1a66b1155ac1bda018"},"headline":"Athl\u00e9tisme : Mouhamadou Fall contr\u00f4l\u00e9 positif","datePublished":"2023-09-19T20:12:57+00:00","dateModified":"2023-09-19T20:22:36+00:00","mainEntityOfPage":{"@id":"https:\/\/dicodusport.fr\/blog\/athletisme-mouhamadou-fall-controle-positif\/"},"wordCount":233,"commentCount":2,"publisher":{"@id":"https:\/\/dicodusport.fr\/blog\/#organization"},"image":{"@id":"https:\/\/dicodusport.fr\/blog\/athletisme-mouhamadou-fall-controle-positif\/#primaryimage"},"thumbnailUrl":"https:\/\/dicodusport.fr\/blog\/wp-content\/uploads\/2023\/09\/Athletisme-Mouhamadou-Fall-controle-positif.png","keywords":["Athl\u00e9tisme","br\u00e8ve","dopage","France","Mouhamadou Fall"],"articleSection":["Athl\u00e9tisme"],"inLanguage":"fr-FR","potentialAction":[{"@type":"CommentAction","name":"Comment","target":["https:\/\/dicodusport.fr\/blog\/athletisme-mouhamadou-fall-controle-positif\/#respond"]}],"copyrightYear":"2023","copyrightHolder":{"@id":"https:\/\/dicodusport.fr\/blog\/#organization"}},{"@type":"WebPage","@id":"https:\/\/dicodusport.fr\/blog\/athletisme-mouhamadou-fall-controle-positif\/","url":"https:\/\/dicodusport.fr\/blog\/athletisme-mouhamadou-fall-controle-positif\/","name":"Athl\u00e9tisme : Mouhamadou Fall contr\u00f4l\u00e9 positif","isPartOf":{"@id":"https:\/\/dicodusport.fr\/blog\/#website"},"primaryImageOfPage":{"@id":"https:\/\/dicodusport.fr\/blog\/athletisme-mouhamadou-fall-controle-positif\/#primaryimage"},"image":{"@id":"https:\/\/dicodusport.fr\/blog\/athletisme-mouhamadou-fall-controle-positif\/#primaryimage"},"thumbnailUrl":"https:\/\/dicodusport.fr\/blog\/wp-content\/uploads\/2023\/09\/Athletisme-Mouhamadou-Fall-controle-positif.png","datePublished":"2023-09-19T20:12:57+00:00","dateModified":"2023-09-19T20:22:36+00:00","description":"Le sprinteur fran\u00e7ais Mouhamadou Fall a \u00e9t\u00e9 test\u00e9 positif un stimulant lors d'un contr\u00f4le survenu apr\u00e8s les championnats de France.","breadcrumb":{"@id":"https:\/\/dicodusport.fr\/blog\/athletisme-mouhamadou-fall-controle-positif\/#breadcrumb"},"inLanguage":"fr-FR","potentialAction":[{"@type":"ReadAction","target":["https:\/\/dicodusport.fr\/blog\/athletisme-mouhamadou-fall-controle-positif\/"]}]},{"@type":"ImageObject","inLanguage":"fr-FR","@id":"https:\/\/dicodusport.fr\/blog\/athletisme-mouhamadou-fall-controle-positif\/#primaryimage","url":"https:\/\/dicodusport.fr\/blog\/wp-content\/uploads\/2023\/09\/Athletisme-Mouhamadou-Fall-controle-positif.png","contentUrl":"https:\/\/dicodusport.fr\/blog\/wp-content\/uploads\/2023\/09\/Athletisme-Mouhamadou-Fall-controle-positif.png","width":800,"height":445,"caption":"Athl\u00e9tisme Mouhamadou Fall contr\u00f4l\u00e9 positif"},{"@type":"BreadcrumbList","@id":"https:\/\/dicodusport.fr\/blog\/athletisme-mouhamadou-fall-controle-positif\/#breadcrumb","itemListElement":[{"@type":"ListItem","position":1,"name":"Accueil","item":"https:\/\/dicodusport.fr\/blog\/"},{"@type":"ListItem","position":2,"name":"Athl\u00e9tisme : Mouhamadou Fall contr\u00f4l\u00e9 positif"}]},{"@type":"WebSite","@id":"https:\/\/dicodusport.fr\/blog\/#website","url":"https:\/\/dicodusport.fr\/blog\/","name":"Dicodusport","description":"L&#039;encyclop\u00e9die de l&#039;actualit\u00e9 sportive","publisher":{"@id":"https:\/\/dicodusport.fr\/blog\/#organization"},"potentialAction":[{"@type":"SearchAction","target":{"@type":"EntryPoint","urlTemplate":"https:\/\/dicodusport.fr\/blog\/?s={search_term_string}"},"query-input":{"@type":"PropertyValueSpecification","valueRequired":true,"valueName":"search_term_string"}}],"inLanguage":"fr-FR"},{"@type":"NewsMediaOrganization","@id":"https:\/\/dicodusport.fr\/blog\/#organization","name":"Dicodusport","url":"https:\/\/dicodusport.fr\/blog\/","logo":{"@type":"ImageObject","inLanguage":"fr-FR","@id":"https:\/\/dicodusport.fr\/blog\/#\/schema\/logo\/image\/","url":"https:\/\/dicodusport.fr\/blog\/wp-content\/uploads\/2020\/06\/cropped-LOGO-DICODUSPORT-2020-SANS-FOND-SANS-TEXTE.png","contentUrl":"https:\/\/dicodusport.fr\/blog\/wp-content\/uploads\/2020\/06\/cropped-LOGO-DICODUSPORT-2020-SANS-FOND-SANS-TEXTE.png","width":512,"height":512,"caption":"Dicodusport"},"image":{"@id":"https:\/\/dicodusport.fr\/blog\/#\/schema\/logo\/image\/"},"sameAs":["https:\/\/www.facebook.com\/dicodusport","https:\/\/x.com\/dicodusport","https:\/\/www.instagram.com\/dicodusport\/","https:\/\/www.youtube.com\/channel\/UC7V2KZ5sd3htJivAbA4ZG3w"],"description":"Dicodusport est l'encyclop\u00e9die de l'actualit\u00e9 sportive.","email":"bonjour@dicodusport.fr","legalName":"DICODUSPORT","foundingDate":"2018-01-14","vatID":"FR71834470973","taxID":"83447097300043","numberOfEmployees":{"@type":"QuantitativeValue","minValue":"1","maxValue":"10"}},{"@type":"Person","@id":"https:\/\/dicodusport.fr\/blog\/#\/schema\/person\/0eaf70b33d703a1a66b1155ac1bda018","name":"Pierre Gorce","image":{"@type":"ImageObject","inLanguage":"fr-FR","@id":"https:\/\/dicodusport.fr\/blog\/#\/schema\/person\/image\/","url":"https:\/\/dicodusport.fr\/blog\/wp-content\/uploads\/2022\/03\/IMG_20211214_233053_722-150x150.jpg","contentUrl":"https:\/\/dicodusport.fr\/blog\/wp-content\/uploads\/2022\/03\/IMG_20211214_233053_722-150x150.jpg","caption":"Pierre Gorce"},"description":"Couteau suisse venant tout droit de Haute-Savoie. Habitu\u00e9 \u00e0 regarder du sport depuis petit, j'en ai maintenant fait mon m\u00e9tier. Des sports d'hiver au surf, en passant par le tennis, la F1, le handball et l'athl\u00e9tisme, j'essaie d'avoir mes yeux sur l'enti\u00e8ret\u00e9 de l'actualit\u00e9. Jeune homme berc\u00e9 par les exploits de Jean-Baptiste Grange, Sebastian Vettel et des Experts. Membre de la g\u00e9n\u00e9ration 1999 comme Luka Doncic, Sydney McLaughlin, Lando Norris et Loana Lecomte, mais avec beaucoup moins de talent qu'eux.","sameAs":["https:\/\/x.com\/https:\/\/twitter.com\/pierregorce12"],"birthDate":"1999-08-29","url":"https:\/\/dicodusport.fr\/blog\/author\/pierreg\/"}]}},"_links":{"self":[{"href":"https:\/\/dicodusport.fr\/blog\/wp-json\/wp\/v2\/posts\/420761","targetHints":{"allow":["GET"]}}],"collection":[{"href":"https:\/\/dicodusport.fr\/blog\/wp-json\/wp\/v2\/posts"}],"about":[{"href":"https:\/\/dicodusport.fr\/blog\/wp-json\/wp\/v2\/types\/post"}],"author":[{"embeddable":true,"href":"https:\/\/dicodusport.fr\/blog\/wp-json\/wp\/v2\/users\/61"}],"replies":[{"embeddable":true,"href":"https:\/\/dicodusport.fr\/blog\/wp-json\/wp\/v2\/comments?post=420761"}],"version-history":[{"count":0,"href":"https:\/\/dicodusport.fr\/blog\/wp-json\/wp\/v2\/posts\/420761\/revisions"}],"wp:featuredmedia":[{"embeddable":true,"href":"https:\/\/dicodusport.fr\/blog\/wp-json\/wp\/v2\/media\/420770"}],"wp:attachment":[{"href":"https:\/\/dicodusport.fr\/blog\/wp-json\/wp\/v2\/media?parent=420761"}],"wp:term":[{"taxonomy":"category","embeddable":true,"href":"https:\/\/dicodusport.fr\/blog\/wp-json\/wp\/v2\/categories?post=420761"},{"taxonomy":"post_tag","embeddable":true,"href":"https:\/\/dicodusport.fr\/blog\/wp-json\/wp\/v2\/tags?post=420761"}],"curies":[{"name":"wp","href":"https:\/\/api.w.org\/{rel}","templated":true}]}}