{"id":420817,"date":"2023-09-20T09:23:44","date_gmt":"2023-09-20T07:23:44","guid":{"rendered":"https:\/\/dicodusport.fr\/blog\/?p=420817&#038;preview=true&#038;preview_id=420817"},"modified":"2023-09-20T14:20:08","modified_gmt":"2023-09-20T12:20:08","slug":"om-le-point-sur-la-situation-de-marcelino-et-pablo-longoria-apres-un-mardi-fou-a-marseille","status":"publish","type":"post","link":"https:\/\/dicodusport.fr\/blog\/om-le-point-sur-la-situation-de-marcelino-et-pablo-longoria-apres-un-mardi-fou-a-marseille\/","title":{"rendered":"OM : Le point sur la situation de Marcelino et Pablo Longoria apr\u00e8s un mardi fou \u00e0 Marseille"},"content":{"rendered":"<p style=\"text-align: justify;\" align=\"justify\"><em><strong>LIGUE 1 2023-2024 &#8211; L&rsquo;Olympique de Marseille a v\u00e9cu un mardi compl\u00e8tement rocambolesque. Au final, l&rsquo;avenir de Pablo Longoria et Marcelino reste flou.\u00a0<\/strong><\/em><\/p>\n<ul>\n<li style=\"text-align: justify;\"><strong>\u00c0 lire aussi \u2013\u00a0<a href=\"https:\/\/dicodusport.fr\/blog\/mercato-om-marcelino-quitte-deja-son-poste-dentraineur-de-marseille\/\" target=\"_blank\" rel=\"noopener\">OM : Marcelino quitte d\u00e9j\u00e0 son poste d\u2019entra\u00eeneur de Marseille<\/a><\/strong><\/li>\n<\/ul>\n<p style=\"text-align: justify;\" align=\"justify\">Dimanche en fin de journ\u00e9e, l&rsquo;<strong>OM<\/strong> a livr\u00e9 une prestation insipide face \u00e0 <strong>Toulouse<\/strong> et conc\u00e9d\u00e9 un match nul d\u00e9cevant au <strong>Stade<\/strong> <strong>V\u00e9lodrome<\/strong>. Le public a fait savoir son m\u00e9contentement avec une bronca appuy\u00e9e pendant plusieurs minutes. Si les sifflets ont d\u00fb raisonner dans la t\u00eate des joueurs, du staff et des dirigeants, rien d&rsquo;alarmant \u00e0 ce stade. Mais c&rsquo;est bien ce lundi que la situation a d\u00e9g\u00e9n\u00e9r\u00e9.<\/p>\n<p style=\"text-align: justify;\" align=\"justify\">En fin de journ\u00e9e de lundi, les groupes de supporters avaient rendez-vous avec les dirigeants olympiens, une r\u00e9union planifi\u00e9e de longue date, mais qui va tourner court. <strong>Pablo Longoria<\/strong> aura eu le temps de parler deux minutes avant que les diff\u00e9rentes personnes pr\u00e9sentes expriment leur sentiment. Si des menaces de morts ont \u00e9t\u00e9 \u00e9voqu\u00e9es par la presse espagnole, il n&rsquo;y en aurait finalement pas eu, mais les mots auraient \u00e9t\u00e9 tr\u00e8s forts.<\/p>\n<ul>\n<li style=\"text-align: justify;\"><strong>\u00c0 lire aussi \u2013\u00a0<a href=\"https:\/\/dicodusport.fr\/blog\/ajax-marseille-chaine-tv-et-heure-du-match\/\">Ajax \u2013 Marseille : Cha\u00eene TV et Heure du match<\/a><\/strong><\/li>\n<\/ul>\n<h2 style=\"text-align: justify;\" align=\"justify\">Pablo Longoria, Javier Ribalta, St\u00e9phane Tessier et Pedro Iriondo se mettent en retrait<\/h2>\n<p style=\"text-align: justify;\" align=\"justify\">Le pr\u00e9sident de l&rsquo;<strong>Olympique de Marseille<\/strong>,<strong> Pablo Longoria<\/strong>, sort abasourdi et h\u00e9site \u00e0 d\u00e9missionner dans la foul\u00e9e. Apr\u00e8s avoir notamment \u00e9chang\u00e9 avec Frank McCourt et expliqu\u00e9 les menaces qu&rsquo;ils avaient re\u00e7ues, <strong>Pablo Longoria<\/strong>, <strong>Javier<\/strong> <strong>Ribalta<\/strong>, <strong>St\u00e9phane Tessier<\/strong> et <strong>Pedro<\/strong> <strong>Iriondo<\/strong> ont d\u00e9cid\u00e9 de prendre du recul, et ne seront pas \u00e0 Amsterdam jeudi soir, selon <em>L&rsquo;\u00c9quipe<\/em>. Dans le communiqu\u00e9 du club, on peut notamment lire :<\/p>\n<blockquote>\n<p style=\"text-align: justify;\">\u00c0 la suite d&rsquo;une r\u00e9union qui s&rsquo;est tenue le lundi 18 septembre 2023 au Centre d&rsquo;entra\u00eenement Robert Louis-Dreyfus, des repr\u00e9sentants des associations de supporters ont exprim\u00e9 leur souhait de voir l&rsquo;actuel Directoire de l&rsquo;OM d\u00e9missionner. La menace d&rsquo;une \u00ab guerre \u00bb (sic) \u00e0 leur \u00e9gard a \u00e9t\u00e9 \u00e9mise, tant qu\u2019ils ne d\u00e9missionneraient pas.<\/p>\n<p style=\"text-align: justify;\">Le Directoire de l&rsquo;OM croit en une relation transparente et r\u00e9guli\u00e8re avec ses supporters, et tout le monde au club \u2013 joueurs, staff et direction \u2013 consid\u00e8re que les critiques font partie int\u00e9grante du r\u00f4le et de l\u2019honneur de repr\u00e9senter l\u2019OM sur et en dehors du terrain.<\/p>\n<p style=\"text-align: justify;\">En revanche, le Directoire de l&rsquo;OM ne peut accepter les menaces personnelles. Ses membres ne peuvent tol\u00e9rer des attaques individuelles et toute forme de diffamation publique infond\u00e9es. Une relation bas\u00e9e sur l&rsquo;intimidation ne peut garantir les conditions minimales acceptables pour que le Directoire du club puisse continuer \u00e0 s\u2019investir pour la transformation de l&rsquo;OM.<\/p>\n<\/blockquote>\n<p style=\"text-align: justify;\">Si le communiqu\u00e9 n&rsquo;est pas clair quant \u00e0 l&rsquo;avenir des dirigeants, il se veut ferme par rapport aux menaces re\u00e7ues. Les quatre hommes, qui prennent du recul, vont prendre le temps de r\u00e9fl\u00e9chir \u00e0 la suite des choses des \u00e9v\u00e9nements. Mais, si <strong>Pablo<\/strong> <strong>Longoria<\/strong> d\u00e9cide de partir, <strong>Javier<\/strong> <strong>Ribalta<\/strong>, <strong>St\u00e9phane Tessier<\/strong> et <strong>Pedro<\/strong> <strong>Iriondo<\/strong> feront aussi leurs valises. L&rsquo;<strong>Olympique de Marseille<\/strong> devra (encore) tout reconstruire.<\/p>\n<h2 style=\"text-align: justify;\">Marcelino toujours sur le d\u00e9part de l&rsquo;OM<\/h2>\n<p style=\"text-align: justify;\">Le cas de <strong>Marcelino<\/strong> n&rsquo;est pas \u00e9voqu\u00e9 dans le communiqu\u00e9. Pourtant, l&rsquo;entra\u00eeneur espagnol serait toujours sur le d\u00e9part. Selon nos confr\u00e8res de <em>L&rsquo;\u00c9quipe<\/em>, il n&rsquo;aurait pas pris l&rsquo;avion avec l&rsquo;\u00e9quipe pour aller \u00e0 <strong>Amsterdam<\/strong>, alors que d&rsquo;autres m\u00e9dias maintiennent la version comme quoi, il aurait annonc\u00e9 son d\u00e9part du club \u00e0 ses joueurs mardi, \u00e0 l&rsquo;entra\u00eenement, avec des mots clairs.<\/p>\n<p style=\"text-align: justify;\">Les prochaines heures vont donc \u00eatre cruciales pour l&rsquo;<strong>Olympique de Marseille<\/strong> qui doit lancer sa campagne europ\u00e9enne dans ce climat compliqu\u00e9. Face \u00e0 l&rsquo;<strong>Ajax<\/strong> jeudi, cette situation pourrait donner des ailes aux joueurs ou au contraire, peser sur le moral des troupes en cas de d\u00e9but de match rat\u00e9.<\/p>\n<blockquote class=\"twitter-tweet\">\n<p dir=\"ltr\" lang=\"fr\">Communiqu\u00e9 officiel de l&rsquo;Olympique de Marseille<\/p>\n<p>\u2014 Olympique de Marseille (@OM_Officiel) <a href=\"https:\/\/twitter.com\/OM_Officiel\/status\/1704230783672619123?ref_src=twsrc%5Etfw\">September 19, 2023<\/a><\/p><\/blockquote>\n<p style=\"text-align: justify;\"><script async src=\"https:\/\/platform.twitter.com\/widgets.js\" charset=\"utf-8\"><\/script><\/p>\n","protected":false},"excerpt":{"rendered":"<p>LIGUE 1 2023-2024 &#8211; L&rsquo;Olympique de Marseille a v\u00e9cu un mardi compl\u00e8tement rocambolesque et l&rsquo;avenir de Pablo Longoria et Marcelino reste flou.\u00a0<\/p>\n","protected":false},"author":1,"featured_media":420834,"comment_status":"open","ping_status":"closed","sticky":false,"template":"","format":"standard","meta":{"_acf_changed":false,"_daextam_enable_autolinks":"","footnotes":""},"categories":[2301,47045],"tags":[16878,75,446,1889,11186],"class_list":["post-420817","post","type-post","status-publish","format-standard","has-post-thumbnail","hentry","category-football","category-ligue-1","tag-breve","tag-football","tag-marseille","tag-om","tag-pablo-longoria"],"acf":[],"yoast_head":"<!-- This site is optimized with the Yoast SEO Premium plugin v26.7 (Yoast SEO v26.7) - https:\/\/yoast.com\/wordpress\/plugins\/seo\/ -->\n<title>OM : Le point sur la situation de Marcelino et Pablo Longoria apr\u00e8s un mardi fou \u00e0 Marseille<\/title>\n<meta name=\"description\" content=\"LIGUE 1 2023-2024 - L&#039;Olympique de Marseille a v\u00e9cu un mardi compl\u00e8tement rocambolesque et l&#039;avenir de Pablo Longoria et Marcelino reste flou.\u00a0\" \/>\n<meta name=\"robots\" content=\"index, follow, max-snippet:-1, max-image-preview:large, max-video-preview:-1\" \/>\n<link rel=\"canonical\" href=\"https:\/\/dicodusport.fr\/blog\/om-le-point-sur-la-situation-de-marcelino-et-pablo-longoria-apres-un-mardi-fou-a-marseille\/\" \/>\n<meta property=\"og:locale\" content=\"fr_FR\" \/>\n<meta property=\"og:type\" content=\"article\" \/>\n<meta property=\"og:title\" content=\"OM : Le point sur la situation de Marcelino et Pablo Longoria apr\u00e8s un mardi fou \u00e0 Marseille\" \/>\n<meta property=\"og:description\" content=\"LIGUE 1 2023-2024 - L&#039;Olympique de Marseille a v\u00e9cu un mardi compl\u00e8tement rocambolesque et l&#039;avenir de Pablo Longoria et Marcelino reste flou.\u00a0\" \/>\n<meta property=\"og:url\" content=\"https:\/\/dicodusport.fr\/blog\/om-le-point-sur-la-situation-de-marcelino-et-pablo-longoria-apres-un-mardi-fou-a-marseille\/\" \/>\n<meta property=\"og:site_name\" content=\"Dicodusport\" \/>\n<meta property=\"article:publisher\" content=\"https:\/\/www.facebook.com\/dicodusport\" \/>\n<meta property=\"article:author\" content=\"https:\/\/www.facebook.com\/dicodusport\" \/>\n<meta property=\"article:published_time\" content=\"2023-09-20T07:23:44+00:00\" \/>\n<meta property=\"article:modified_time\" content=\"2023-09-20T12:20:08+00:00\" \/>\n<meta property=\"og:image\" content=\"https:\/\/dicodusport.fr\/blog\/wp-content\/uploads\/2023\/09\/OM-Le-point-sur-la-situation-de-Marcelino-et-Pablo-Longoria-apres-un-mardi-fou-a-Marseille.jpg\" \/>\n\t<meta property=\"og:image:width\" content=\"800\" \/>\n\t<meta property=\"og:image:height\" content=\"445\" \/>\n\t<meta property=\"og:image:type\" content=\"image\/jpeg\" \/>\n<meta name=\"author\" content=\"Nicolas Jacquemard\" \/>\n<meta name=\"twitter:card\" content=\"summary_large_image\" \/>\n<meta name=\"twitter:title\" content=\"OM : Le point sur la situation de Marcelino et Pablo Longoria apr\u00e8s un mardi fou \u00e0 Marseille\" \/>\n<meta name=\"twitter:creator\" content=\"@https:\/\/twitter.com\/Nico_Jacquemard\" \/>\n<meta name=\"twitter:site\" content=\"@dicodusport\" \/>\n<script type=\"application\/ld+json\" class=\"yoast-schema-graph\">{\"@context\":\"https:\/\/schema.org\",\"@graph\":[{\"@type\":\"NewsArticle\",\"@id\":\"https:\/\/dicodusport.fr\/blog\/om-le-point-sur-la-situation-de-marcelino-et-pablo-longoria-apres-un-mardi-fou-a-marseille\/#article\",\"isPartOf\":{\"@id\":\"https:\/\/dicodusport.fr\/blog\/om-le-point-sur-la-situation-de-marcelino-et-pablo-longoria-apres-un-mardi-fou-a-marseille\/\"},\"author\":{\"name\":\"Nicolas Jacquemard\",\"@id\":\"https:\/\/dicodusport.fr\/blog\/#\/schema\/person\/55dcb50ad410894e431ed812bbb70191\"},\"headline\":\"OM : Le point sur la situation de Marcelino et Pablo Longoria apr\u00e8s un mardi fou \u00e0 Marseille\",\"datePublished\":\"2023-09-20T07:23:44+00:00\",\"dateModified\":\"2023-09-20T12:20:08+00:00\",\"mainEntityOfPage\":{\"@id\":\"https:\/\/dicodusport.fr\/blog\/om-le-point-sur-la-situation-de-marcelino-et-pablo-longoria-apres-un-mardi-fou-a-marseille\/\"},\"wordCount\":705,\"commentCount\":0,\"publisher\":{\"@id\":\"https:\/\/dicodusport.fr\/blog\/#organization\"},\"image\":{\"@id\":\"https:\/\/dicodusport.fr\/blog\/om-le-point-sur-la-situation-de-marcelino-et-pablo-longoria-apres-un-mardi-fou-a-marseille\/#primaryimage\"},\"thumbnailUrl\":\"https:\/\/dicodusport.fr\/blog\/wp-content\/uploads\/2023\/09\/OM-Le-point-sur-la-situation-de-Marcelino-et-Pablo-Longoria-apres-un-mardi-fou-a-Marseille.jpg\",\"keywords\":[\"br\u00e8ve\",\"Football\",\"Marseille\",\"OM\",\"Pablo Longoria\"],\"articleSection\":[\"Football\",\"Ligue 1\"],\"inLanguage\":\"fr-FR\",\"potentialAction\":[{\"@type\":\"CommentAction\",\"name\":\"Comment\",\"target\":[\"https:\/\/dicodusport.fr\/blog\/om-le-point-sur-la-situation-de-marcelino-et-pablo-longoria-apres-un-mardi-fou-a-marseille\/#respond\"]}],\"copyrightYear\":\"2023\",\"copyrightHolder\":{\"@id\":\"https:\/\/dicodusport.fr\/blog\/#organization\"}},{\"@type\":\"WebPage\",\"@id\":\"https:\/\/dicodusport.fr\/blog\/om-le-point-sur-la-situation-de-marcelino-et-pablo-longoria-apres-un-mardi-fou-a-marseille\/\",\"url\":\"https:\/\/dicodusport.fr\/blog\/om-le-point-sur-la-situation-de-marcelino-et-pablo-longoria-apres-un-mardi-fou-a-marseille\/\",\"name\":\"OM : Le point sur la situation de Marcelino et Pablo Longoria apr\u00e8s un mardi fou \u00e0 Marseille\",\"isPartOf\":{\"@id\":\"https:\/\/dicodusport.fr\/blog\/#website\"},\"primaryImageOfPage\":{\"@id\":\"https:\/\/dicodusport.fr\/blog\/om-le-point-sur-la-situation-de-marcelino-et-pablo-longoria-apres-un-mardi-fou-a-marseille\/#primaryimage\"},\"image\":{\"@id\":\"https:\/\/dicodusport.fr\/blog\/om-le-point-sur-la-situation-de-marcelino-et-pablo-longoria-apres-un-mardi-fou-a-marseille\/#primaryimage\"},\"thumbnailUrl\":\"https:\/\/dicodusport.fr\/blog\/wp-content\/uploads\/2023\/09\/OM-Le-point-sur-la-situation-de-Marcelino-et-Pablo-Longoria-apres-un-mardi-fou-a-Marseille.jpg\",\"datePublished\":\"2023-09-20T07:23:44+00:00\",\"dateModified\":\"2023-09-20T12:20:08+00:00\",\"description\":\"LIGUE 1 2023-2024 - L'Olympique de Marseille a v\u00e9cu un mardi compl\u00e8tement rocambolesque et l'avenir de Pablo Longoria et Marcelino reste flou.\u00a0\",\"breadcrumb\":{\"@id\":\"https:\/\/dicodusport.fr\/blog\/om-le-point-sur-la-situation-de-marcelino-et-pablo-longoria-apres-un-mardi-fou-a-marseille\/#breadcrumb\"},\"inLanguage\":\"fr-FR\",\"potentialAction\":[{\"@type\":\"ReadAction\",\"target\":[\"https:\/\/dicodusport.fr\/blog\/om-le-point-sur-la-situation-de-marcelino-et-pablo-longoria-apres-un-mardi-fou-a-marseille\/\"]}]},{\"@type\":\"ImageObject\",\"inLanguage\":\"fr-FR\",\"@id\":\"https:\/\/dicodusport.fr\/blog\/om-le-point-sur-la-situation-de-marcelino-et-pablo-longoria-apres-un-mardi-fou-a-marseille\/#primaryimage\",\"url\":\"https:\/\/dicodusport.fr\/blog\/wp-content\/uploads\/2023\/09\/OM-Le-point-sur-la-situation-de-Marcelino-et-Pablo-Longoria-apres-un-mardi-fou-a-Marseille.jpg\",\"contentUrl\":\"https:\/\/dicodusport.fr\/blog\/wp-content\/uploads\/2023\/09\/OM-Le-point-sur-la-situation-de-Marcelino-et-Pablo-Longoria-apres-un-mardi-fou-a-Marseille.jpg\",\"width\":800,\"height\":445},{\"@type\":\"BreadcrumbList\",\"@id\":\"https:\/\/dicodusport.fr\/blog\/om-le-point-sur-la-situation-de-marcelino-et-pablo-longoria-apres-un-mardi-fou-a-marseille\/#breadcrumb\",\"itemListElement\":[{\"@type\":\"ListItem\",\"position\":1,\"name\":\"Accueil\",\"item\":\"https:\/\/dicodusport.fr\/blog\/\"},{\"@type\":\"ListItem\",\"position\":2,\"name\":\"OM : Le point sur la situation de Marcelino et Pablo Longoria apr\u00e8s un mardi fou \u00e0 Marseille\"}]},{\"@type\":\"WebSite\",\"@id\":\"https:\/\/dicodusport.fr\/blog\/#website\",\"url\":\"https:\/\/dicodusport.fr\/blog\/\",\"name\":\"Dicodusport\",\"description\":\"L&#039;encyclop\u00e9die de l&#039;actualit\u00e9 sportive\",\"publisher\":{\"@id\":\"https:\/\/dicodusport.fr\/blog\/#organization\"},\"potentialAction\":[{\"@type\":\"SearchAction\",\"target\":{\"@type\":\"EntryPoint\",\"urlTemplate\":\"https:\/\/dicodusport.fr\/blog\/?s={search_term_string}\"},\"query-input\":{\"@type\":\"PropertyValueSpecification\",\"valueRequired\":true,\"valueName\":\"search_term_string\"}}],\"inLanguage\":\"fr-FR\"},{\"@type\":\"NewsMediaOrganization\",\"@id\":\"https:\/\/dicodusport.fr\/blog\/#organization\",\"name\":\"Dicodusport\",\"url\":\"https:\/\/dicodusport.fr\/blog\/\",\"logo\":{\"@type\":\"ImageObject\",\"inLanguage\":\"fr-FR\",\"@id\":\"https:\/\/dicodusport.fr\/blog\/#\/schema\/logo\/image\/\",\"url\":\"https:\/\/dicodusport.fr\/blog\/wp-content\/uploads\/2020\/06\/cropped-LOGO-DICODUSPORT-2020-SANS-FOND-SANS-TEXTE.png\",\"contentUrl\":\"https:\/\/dicodusport.fr\/blog\/wp-content\/uploads\/2020\/06\/cropped-LOGO-DICODUSPORT-2020-SANS-FOND-SANS-TEXTE.png\",\"width\":512,\"height\":512,\"caption\":\"Dicodusport\"},\"image\":{\"@id\":\"https:\/\/dicodusport.fr\/blog\/#\/schema\/logo\/image\/\"},\"sameAs\":[\"https:\/\/www.facebook.com\/dicodusport\",\"https:\/\/x.com\/dicodusport\",\"https:\/\/www.instagram.com\/dicodusport\/\",\"https:\/\/www.youtube.com\/channel\/UC7V2KZ5sd3htJivAbA4ZG3w\"],\"description\":\"Dicodusport est l'encyclop\u00e9die de l'actualit\u00e9 sportive.\",\"email\":\"bonjour@dicodusport.fr\",\"legalName\":\"DICODUSPORT\",\"foundingDate\":\"2018-01-14\",\"vatID\":\"FR71834470973\",\"taxID\":\"83447097300043\",\"numberOfEmployees\":{\"@type\":\"QuantitativeValue\",\"minValue\":\"1\",\"maxValue\":\"10\"}},{\"@type\":\"Person\",\"@id\":\"https:\/\/dicodusport.fr\/blog\/#\/schema\/person\/55dcb50ad410894e431ed812bbb70191\",\"name\":\"Nicolas Jacquemard\",\"image\":{\"@type\":\"ImageObject\",\"inLanguage\":\"fr-FR\",\"@id\":\"https:\/\/dicodusport.fr\/blog\/#\/schema\/person\/image\/\",\"url\":\"https:\/\/dicodusport.fr\/blog\/wp-content\/uploads\/2021\/05\/Nicolas-Jacquemard-150x150.jpeg\",\"contentUrl\":\"https:\/\/dicodusport.fr\/blog\/wp-content\/uploads\/2021\/05\/Nicolas-Jacquemard-150x150.jpeg\",\"caption\":\"Nicolas Jacquemard\"},\"description\":\"Passionn\u00e9 de sport et entrepreneur depuis mes 18 ans, la cr\u00e9ation de Dicodusport m'a sembl\u00e9 \u00e9vidente pour participer \u00e0 la m\u00e9diatisation d'un plus grand nombre de sports. Le chemin est long mais avec une \u00e9quipe des plus motiv\u00e9es et les Jeux Olympiques de Paris 2024 en point de mire, nous y arriverons ! Journaliste dans le monde du sport depuis plus de 5 ans, je traite aussi bien de football, de rugby, de biathlon que de cyclisme.\",\"sameAs\":[\"https:\/\/www.facebook.com\/dicodusport\",\"https:\/\/x.com\/https:\/\/twitter.com\/Nico_Jacquemard\"],\"url\":\"https:\/\/dicodusport.fr\/blog\/author\/dicodusport\/\"}]}<\/script>\n<!-- \/ Yoast SEO Premium plugin. -->","yoast_head_json":{"title":"OM : Le point sur la situation de Marcelino et Pablo Longoria apr\u00e8s un mardi fou \u00e0 Marseille","description":"LIGUE 1 2023-2024 - L'Olympique de Marseille a v\u00e9cu un mardi compl\u00e8tement rocambolesque et l'avenir de Pablo Longoria et Marcelino reste flou.\u00a0","robots":{"index":"index","follow":"follow","max-snippet":"max-snippet:-1","max-image-preview":"max-image-preview:large","max-video-preview":"max-video-preview:-1"},"canonical":"https:\/\/dicodusport.fr\/blog\/om-le-point-sur-la-situation-de-marcelino-et-pablo-longoria-apres-un-mardi-fou-a-marseille\/","og_locale":"fr_FR","og_type":"article","og_title":"OM : Le point sur la situation de Marcelino et Pablo Longoria apr\u00e8s un mardi fou \u00e0 Marseille","og_description":"LIGUE 1 2023-2024 - L'Olympique de Marseille a v\u00e9cu un mardi compl\u00e8tement rocambolesque et l'avenir de Pablo Longoria et Marcelino reste flou.\u00a0","og_url":"https:\/\/dicodusport.fr\/blog\/om-le-point-sur-la-situation-de-marcelino-et-pablo-longoria-apres-un-mardi-fou-a-marseille\/","og_site_name":"Dicodusport","article_publisher":"https:\/\/www.facebook.com\/dicodusport","article_author":"https:\/\/www.facebook.com\/dicodusport","article_published_time":"2023-09-20T07:23:44+00:00","article_modified_time":"2023-09-20T12:20:08+00:00","og_image":[{"width":800,"height":445,"url":"https:\/\/dicodusport.fr\/blog\/wp-content\/uploads\/2023\/09\/OM-Le-point-sur-la-situation-de-Marcelino-et-Pablo-Longoria-apres-un-mardi-fou-a-Marseille.jpg","type":"image\/jpeg"}],"author":"Nicolas Jacquemard","twitter_card":"summary_large_image","twitter_title":"OM : Le point sur la situation de Marcelino et Pablo Longoria apr\u00e8s un mardi fou \u00e0 Marseille","twitter_creator":"@https:\/\/twitter.com\/Nico_Jacquemard","twitter_site":"@dicodusport","schema":{"@context":"https:\/\/schema.org","@graph":[{"@type":"NewsArticle","@id":"https:\/\/dicodusport.fr\/blog\/om-le-point-sur-la-situation-de-marcelino-et-pablo-longoria-apres-un-mardi-fou-a-marseille\/#article","isPartOf":{"@id":"https:\/\/dicodusport.fr\/blog\/om-le-point-sur-la-situation-de-marcelino-et-pablo-longoria-apres-un-mardi-fou-a-marseille\/"},"author":{"name":"Nicolas Jacquemard","@id":"https:\/\/dicodusport.fr\/blog\/#\/schema\/person\/55dcb50ad410894e431ed812bbb70191"},"headline":"OM : Le point sur la situation de Marcelino et Pablo Longoria apr\u00e8s un mardi fou \u00e0 Marseille","datePublished":"2023-09-20T07:23:44+00:00","dateModified":"2023-09-20T12:20:08+00:00","mainEntityOfPage":{"@id":"https:\/\/dicodusport.fr\/blog\/om-le-point-sur-la-situation-de-marcelino-et-pablo-longoria-apres-un-mardi-fou-a-marseille\/"},"wordCount":705,"commentCount":0,"publisher":{"@id":"https:\/\/dicodusport.fr\/blog\/#organization"},"image":{"@id":"https:\/\/dicodusport.fr\/blog\/om-le-point-sur-la-situation-de-marcelino-et-pablo-longoria-apres-un-mardi-fou-a-marseille\/#primaryimage"},"thumbnailUrl":"https:\/\/dicodusport.fr\/blog\/wp-content\/uploads\/2023\/09\/OM-Le-point-sur-la-situation-de-Marcelino-et-Pablo-Longoria-apres-un-mardi-fou-a-Marseille.jpg","keywords":["br\u00e8ve","Football","Marseille","OM","Pablo Longoria"],"articleSection":["Football","Ligue 1"],"inLanguage":"fr-FR","potentialAction":[{"@type":"CommentAction","name":"Comment","target":["https:\/\/dicodusport.fr\/blog\/om-le-point-sur-la-situation-de-marcelino-et-pablo-longoria-apres-un-mardi-fou-a-marseille\/#respond"]}],"copyrightYear":"2023","copyrightHolder":{"@id":"https:\/\/dicodusport.fr\/blog\/#organization"}},{"@type":"WebPage","@id":"https:\/\/dicodusport.fr\/blog\/om-le-point-sur-la-situation-de-marcelino-et-pablo-longoria-apres-un-mardi-fou-a-marseille\/","url":"https:\/\/dicodusport.fr\/blog\/om-le-point-sur-la-situation-de-marcelino-et-pablo-longoria-apres-un-mardi-fou-a-marseille\/","name":"OM : Le point sur la situation de Marcelino et Pablo Longoria apr\u00e8s un mardi fou \u00e0 Marseille","isPartOf":{"@id":"https:\/\/dicodusport.fr\/blog\/#website"},"primaryImageOfPage":{"@id":"https:\/\/dicodusport.fr\/blog\/om-le-point-sur-la-situation-de-marcelino-et-pablo-longoria-apres-un-mardi-fou-a-marseille\/#primaryimage"},"image":{"@id":"https:\/\/dicodusport.fr\/blog\/om-le-point-sur-la-situation-de-marcelino-et-pablo-longoria-apres-un-mardi-fou-a-marseille\/#primaryimage"},"thumbnailUrl":"https:\/\/dicodusport.fr\/blog\/wp-content\/uploads\/2023\/09\/OM-Le-point-sur-la-situation-de-Marcelino-et-Pablo-Longoria-apres-un-mardi-fou-a-Marseille.jpg","datePublished":"2023-09-20T07:23:44+00:00","dateModified":"2023-09-20T12:20:08+00:00","description":"LIGUE 1 2023-2024 - L'Olympique de Marseille a v\u00e9cu un mardi compl\u00e8tement rocambolesque et l'avenir de Pablo Longoria et Marcelino reste flou.\u00a0","breadcrumb":{"@id":"https:\/\/dicodusport.fr\/blog\/om-le-point-sur-la-situation-de-marcelino-et-pablo-longoria-apres-un-mardi-fou-a-marseille\/#breadcrumb"},"inLanguage":"fr-FR","potentialAction":[{"@type":"ReadAction","target":["https:\/\/dicodusport.fr\/blog\/om-le-point-sur-la-situation-de-marcelino-et-pablo-longoria-apres-un-mardi-fou-a-marseille\/"]}]},{"@type":"ImageObject","inLanguage":"fr-FR","@id":"https:\/\/dicodusport.fr\/blog\/om-le-point-sur-la-situation-de-marcelino-et-pablo-longoria-apres-un-mardi-fou-a-marseille\/#primaryimage","url":"https:\/\/dicodusport.fr\/blog\/wp-content\/uploads\/2023\/09\/OM-Le-point-sur-la-situation-de-Marcelino-et-Pablo-Longoria-apres-un-mardi-fou-a-Marseille.jpg","contentUrl":"https:\/\/dicodusport.fr\/blog\/wp-content\/uploads\/2023\/09\/OM-Le-point-sur-la-situation-de-Marcelino-et-Pablo-Longoria-apres-un-mardi-fou-a-Marseille.jpg","width":800,"height":445},{"@type":"BreadcrumbList","@id":"https:\/\/dicodusport.fr\/blog\/om-le-point-sur-la-situation-de-marcelino-et-pablo-longoria-apres-un-mardi-fou-a-marseille\/#breadcrumb","itemListElement":[{"@type":"ListItem","position":1,"name":"Accueil","item":"https:\/\/dicodusport.fr\/blog\/"},{"@type":"ListItem","position":2,"name":"OM : Le point sur la situation de Marcelino et Pablo Longoria apr\u00e8s un mardi fou \u00e0 Marseille"}]},{"@type":"WebSite","@id":"https:\/\/dicodusport.fr\/blog\/#website","url":"https:\/\/dicodusport.fr\/blog\/","name":"Dicodusport","description":"L&#039;encyclop\u00e9die de l&#039;actualit\u00e9 sportive","publisher":{"@id":"https:\/\/dicodusport.fr\/blog\/#organization"},"potentialAction":[{"@type":"SearchAction","target":{"@type":"EntryPoint","urlTemplate":"https:\/\/dicodusport.fr\/blog\/?s={search_term_string}"},"query-input":{"@type":"PropertyValueSpecification","valueRequired":true,"valueName":"search_term_string"}}],"inLanguage":"fr-FR"},{"@type":"NewsMediaOrganization","@id":"https:\/\/dicodusport.fr\/blog\/#organization","name":"Dicodusport","url":"https:\/\/dicodusport.fr\/blog\/","logo":{"@type":"ImageObject","inLanguage":"fr-FR","@id":"https:\/\/dicodusport.fr\/blog\/#\/schema\/logo\/image\/","url":"https:\/\/dicodusport.fr\/blog\/wp-content\/uploads\/2020\/06\/cropped-LOGO-DICODUSPORT-2020-SANS-FOND-SANS-TEXTE.png","contentUrl":"https:\/\/dicodusport.fr\/blog\/wp-content\/uploads\/2020\/06\/cropped-LOGO-DICODUSPORT-2020-SANS-FOND-SANS-TEXTE.png","width":512,"height":512,"caption":"Dicodusport"},"image":{"@id":"https:\/\/dicodusport.fr\/blog\/#\/schema\/logo\/image\/"},"sameAs":["https:\/\/www.facebook.com\/dicodusport","https:\/\/x.com\/dicodusport","https:\/\/www.instagram.com\/dicodusport\/","https:\/\/www.youtube.com\/channel\/UC7V2KZ5sd3htJivAbA4ZG3w"],"description":"Dicodusport est l'encyclop\u00e9die de l'actualit\u00e9 sportive.","email":"bonjour@dicodusport.fr","legalName":"DICODUSPORT","foundingDate":"2018-01-14","vatID":"FR71834470973","taxID":"83447097300043","numberOfEmployees":{"@type":"QuantitativeValue","minValue":"1","maxValue":"10"}},{"@type":"Person","@id":"https:\/\/dicodusport.fr\/blog\/#\/schema\/person\/55dcb50ad410894e431ed812bbb70191","name":"Nicolas Jacquemard","image":{"@type":"ImageObject","inLanguage":"fr-FR","@id":"https:\/\/dicodusport.fr\/blog\/#\/schema\/person\/image\/","url":"https:\/\/dicodusport.fr\/blog\/wp-content\/uploads\/2021\/05\/Nicolas-Jacquemard-150x150.jpeg","contentUrl":"https:\/\/dicodusport.fr\/blog\/wp-content\/uploads\/2021\/05\/Nicolas-Jacquemard-150x150.jpeg","caption":"Nicolas Jacquemard"},"description":"Passionn\u00e9 de sport et entrepreneur depuis mes 18 ans, la cr\u00e9ation de Dicodusport m'a sembl\u00e9 \u00e9vidente pour participer \u00e0 la m\u00e9diatisation d'un plus grand nombre de sports. Le chemin est long mais avec une \u00e9quipe des plus motiv\u00e9es et les Jeux Olympiques de Paris 2024 en point de mire, nous y arriverons ! Journaliste dans le monde du sport depuis plus de 5 ans, je traite aussi bien de football, de rugby, de biathlon que de cyclisme.","sameAs":["https:\/\/www.facebook.com\/dicodusport","https:\/\/x.com\/https:\/\/twitter.com\/Nico_Jacquemard"],"url":"https:\/\/dicodusport.fr\/blog\/author\/dicodusport\/"}]}},"_links":{"self":[{"href":"https:\/\/dicodusport.fr\/blog\/wp-json\/wp\/v2\/posts\/420817","targetHints":{"allow":["GET"]}}],"collection":[{"href":"https:\/\/dicodusport.fr\/blog\/wp-json\/wp\/v2\/posts"}],"about":[{"href":"https:\/\/dicodusport.fr\/blog\/wp-json\/wp\/v2\/types\/post"}],"author":[{"embeddable":true,"href":"https:\/\/dicodusport.fr\/blog\/wp-json\/wp\/v2\/users\/1"}],"replies":[{"embeddable":true,"href":"https:\/\/dicodusport.fr\/blog\/wp-json\/wp\/v2\/comments?post=420817"}],"version-history":[{"count":0,"href":"https:\/\/dicodusport.fr\/blog\/wp-json\/wp\/v2\/posts\/420817\/revisions"}],"wp:featuredmedia":[{"embeddable":true,"href":"https:\/\/dicodusport.fr\/blog\/wp-json\/wp\/v2\/media\/420834"}],"wp:attachment":[{"href":"https:\/\/dicodusport.fr\/blog\/wp-json\/wp\/v2\/media?parent=420817"}],"wp:term":[{"taxonomy":"category","embeddable":true,"href":"https:\/\/dicodusport.fr\/blog\/wp-json\/wp\/v2\/categories?post=420817"},{"taxonomy":"post_tag","embeddable":true,"href":"https:\/\/dicodusport.fr\/blog\/wp-json\/wp\/v2\/tags?post=420817"}],"curies":[{"name":"wp","href":"https:\/\/api.w.org\/{rel}","templated":true}]}}