{"id":420870,"date":"2023-09-20T11:57:04","date_gmt":"2023-09-20T09:57:04","guid":{"rendered":"https:\/\/dicodusport.fr\/blog\/?p=420870&#038;preview=true&#038;preview_id=420870"},"modified":"2023-09-20T14:16:50","modified_gmt":"2023-09-20T12:16:50","slug":"cyclisme-championnats-deurope-2023-albert-philipsen-seul-au-monde-sur-le-contre-la-montre-juniors","status":"publish","type":"post","link":"https:\/\/dicodusport.fr\/blog\/cyclisme-championnats-deurope-2023-albert-philipsen-seul-au-monde-sur-le-contre-la-montre-juniors\/","title":{"rendered":"Cyclisme Championnats d&rsquo;Europe 2023 : Albert Philipsen seul au monde sur le contre-la-montre juniors"},"content":{"rendered":"<p style=\"text-align: justify;\"><em><strong>CHAMPIONNATS D&rsquo;EUROPE DE CYCLISME SUR ROUTE 2023 &#8211; Albert Withen Philipsen a r\u00e9alis\u00e9 une grosse d\u00e9monstration. Le Danois de 17 ans s&rsquo;impose et remporte le titre europ\u00e9en juniors du contre-la-montre. Et repousse tout le monde \u00e0 minimum 50 secondes. Le premier Fran\u00e7ais, Eliott Boulet termine 13e \u00e0 1:22.<\/strong><\/em><\/p>\n<ul>\n<li style=\"text-align: justify;\"><strong>\u00c0 lire aussi \u2013\u00a0<\/strong><a href=\"https:\/\/dicodusport.fr\/blog\/cyclisme-championnats-deurope-2023-classement-contre-la-montre-juniors-hommes\/\"><strong>Classement du contre-la-montre juniors hommes<\/strong><\/a><\/li>\n<\/ul>\n<h2 style=\"text-align: justify;\">Philipsen \u00e9crase le chrono<\/h2>\n<p style=\"text-align: justify;\">Pr\u00e8s de vingt secondes apr\u00e8s le premier interm\u00e9diaire, plus de trente apr\u00e8s 14 kilom\u00e8tres, quasiment cinquante secondes au final. Le Danois <strong>Albert Withen Philipsen<\/strong> n&rsquo;a pas fait dans la dentelle ce mercredi matin. Le champion du monde juniors de la course en ligne, au mois d&rsquo;ao\u00fbt, a \u00e9cras\u00e9 la course, comme il l&rsquo;avait d\u00e9j\u00e0 fait \u00e0 Glasgow. Longtemps le seul \u00e0 avoir boucl\u00e9 le parcours \u00e0 plus de 50 kilom\u00e8tres\/heure de moyenne (52.08 km\/h), il n&rsquo;a laiss\u00e9 que des miettes \u00e0 ses adversaires dans cette \u00e9preuve juniors, s&rsquo;imposant en 22:49. Des \u00e9carts impressionnants en 20 kilom\u00e8tres. Pour s&rsquo;offrir sa 7\u1d49 victoire de la saison.<\/p>\n<blockquote class=\"twitter-tweet\">\n<p dir=\"ltr\" lang=\"en\">Albert Withen Philipsen of \ud83c\udde9\ud83c\uddf0 is the 2023 men&rsquo;s junior European ITT Champion <a href=\"https:\/\/t.co\/p6VlTg00jL\">https:\/\/t.co\/p6VlTg00jL<\/a> <a href=\"https:\/\/t.co\/exipOB8Oao\">pic.twitter.com\/exipOB8Oao<\/a><\/p>\n<p>\u2014 FirstCycling.com (@FirstCycling) <a href=\"https:\/\/twitter.com\/FirstCycling\/status\/1704432350929518934?ref_src=twsrc%5Etfw\">September 20, 2023<\/a><\/p><\/blockquote>\n<p><script async src=\"https:\/\/platform.twitter.com\/widgets.js\" charset=\"utf-8\"><\/script><\/p>\n<p style=\"text-align: justify;\">Le jeune Danois n&rsquo;a que 17 ans, mais domine tr\u00e8s largement des coureurs ayant jusqu&rsquo;\u00e0 deux ans de plus que lui. Et s&rsquo;affirme comme un des futurs cracks du cyclisme mondial. Comme un certain <strong>Remco Evenepoel<\/strong>. Le Norv\u00e9gien <strong>Jorgen Nordhagen<\/strong> prend la deuxi\u00e8me place, avec un chrono de 23:35, alors que le Belge <strong>Sente Sentjens<\/strong> compl\u00e8te le podium, trois secondes derri\u00e8re. Ce sont les trois seuls \u00e0 avoir boucl\u00e9 le parcours \u00e0 plus de 50 kilom\u00e8tres\/heure de moyenne.<\/p>\n<h2>Les Fran\u00e7ais hors du top 10<\/h2>\n<p style=\"text-align: justify;\">Comme chez les femmes, un peu plus t\u00f4t dans la matin\u00e9e, ce contre-la-montre juniors, fut dur pour les Fran\u00e7ais, qui n&rsquo;ont pas pu lutter pour une place pour le podium. \u00c0 son arriv\u00e9e, <strong>Eliott Boulet<\/strong> prend la 4\u1d49 place provisoire du chrono. Mais le champion de France juniors de l&rsquo;exercice a recul\u00e9 au fil des autres arriv\u00e9es. Se faisant \u00e9jecter finalement du top 10, pour prendre la 13\u1d49 place. Il termine \u00e0 1:22 d&rsquo;<strong>Albert Withen Philipsen<\/strong>. <strong>Maxime Decombl\u00e9<\/strong> prend la 16\u1d49 place, en 24:18.<\/p>\n<h2 style=\"text-align: justify;\">\u00c0 lire aussi<\/h2>\n<ul>\n<li style=\"text-align: justify;\"><a href=\"https:\/\/dicodusport.fr\/blog\/programme-et-resultats-cyclisme-sur-route-championnats-deurope-2023\/\"><strong>Programme et r\u00e9sultats des Championnats d&rsquo;Europe de Cyclisme 2023<\/strong><\/a><\/li>\n<li style=\"text-align: justify;\"><a href=\"https:\/\/dicodusport.fr\/blog\/tableau-des-medailles-cyclisme-sur-route-championnats-deurope-2023\/\"><strong>Tableau des m\u00e9dailles des Championnats d&rsquo;Europe<\/strong><strong> de Cyclisme 2023<\/strong><\/a><\/li>\n<\/ul>\n","protected":false},"excerpt":{"rendered":"<p>CHAMPIONNATS D&rsquo;EUROPE DE CYCLISME SUR ROUTE 2023 &#8211; Albert Withen Philipsen a r\u00e9alis\u00e9 une grosse d\u00e9monstration. Le Danois de 17 ans s&rsquo;impose et remporte le titre europ\u00e9en juniors du contre-la-montre. Et repousse tout le monde \u00e0 minimum 50 secondes. Le premier Fran\u00e7ais, Eliott Boulet termine 13e \u00e0 1:22.<\/p>\n","protected":false},"author":83,"featured_media":420898,"comment_status":"open","ping_status":"closed","sticky":false,"template":"","format":"standard","meta":{"_acf_changed":false,"_daextam_enable_autolinks":"","footnotes":""},"categories":[46994],"tags":[16878],"class_list":["post-420870","post","type-post","status-publish","format-standard","has-post-thumbnail","hentry","category-cyclisme-sur-route","tag-breve"],"acf":[],"yoast_head":"<!-- This site is optimized with the Yoast SEO Premium plugin v26.7 (Yoast SEO v26.7) - https:\/\/yoast.com\/wordpress\/plugins\/seo\/ -->\n<title>Cyclisme Championnats d&#039;Europe 2023 : Albert Philipsen seul au monde sur le contre-la-montre juniors<\/title>\n<meta name=\"description\" content=\"CHAMPIONNATS D&#039;EUROPE DE CYCLISME SUR ROUTE 2023 - Albert Withen Philipsen a r\u00e9alis\u00e9 une grosse d\u00e9monstration. Le Danois de 17 ans s&#039;impose.\" \/>\n<meta name=\"robots\" content=\"index, follow, max-snippet:-1, max-image-preview:large, max-video-preview:-1\" \/>\n<link rel=\"canonical\" href=\"https:\/\/dicodusport.fr\/blog\/cyclisme-championnats-deurope-2023-albert-philipsen-seul-au-monde-sur-le-contre-la-montre-juniors\/\" \/>\n<meta property=\"og:locale\" content=\"fr_FR\" \/>\n<meta property=\"og:type\" content=\"article\" \/>\n<meta property=\"og:title\" content=\"Cyclisme Championnats d&#039;Europe 2023 : Albert Philipsen seul au monde sur le contre-la-montre juniors\" \/>\n<meta property=\"og:description\" content=\"CHAMPIONNATS D&#039;EUROPE DE CYCLISME SUR ROUTE 2023 - Albert Withen Philipsen a r\u00e9alis\u00e9 une grosse d\u00e9monstration. Le Danois de 17 ans s&#039;impose.\" \/>\n<meta property=\"og:url\" content=\"https:\/\/dicodusport.fr\/blog\/cyclisme-championnats-deurope-2023-albert-philipsen-seul-au-monde-sur-le-contre-la-montre-juniors\/\" \/>\n<meta property=\"og:site_name\" content=\"Dicodusport\" \/>\n<meta property=\"article:publisher\" content=\"https:\/\/www.facebook.com\/dicodusport\" \/>\n<meta property=\"article:published_time\" content=\"2023-09-20T09:57:04+00:00\" \/>\n<meta property=\"article:modified_time\" content=\"2023-09-20T12:16:50+00:00\" \/>\n<meta property=\"og:image\" content=\"https:\/\/dicodusport.fr\/blog\/wp-content\/uploads\/2023\/09\/Cyclisme-Championnats-dEurope-2023-Albert-Philipsen-seul-au-monde-sur-le-contre-la-montre-juniors-1.png\" \/>\n\t<meta property=\"og:image:width\" content=\"800\" \/>\n\t<meta property=\"og:image:height\" content=\"445\" \/>\n\t<meta property=\"og:image:type\" content=\"image\/png\" \/>\n<meta name=\"author\" content=\"Etienne Goursaud\" \/>\n<meta name=\"twitter:card\" content=\"summary_large_image\" \/>\n<meta name=\"twitter:title\" content=\"Cyclisme Championnats d&#039;Europe 2023 : Albert Philipsen seul au monde sur le contre-la-montre juniors\" \/>\n<meta name=\"twitter:creator\" content=\"@dicodusport\" \/>\n<meta name=\"twitter:site\" content=\"@dicodusport\" \/>\n<script type=\"application\/ld+json\" class=\"yoast-schema-graph\">{\"@context\":\"https:\/\/schema.org\",\"@graph\":[{\"@type\":\"NewsArticle\",\"@id\":\"https:\/\/dicodusport.fr\/blog\/cyclisme-championnats-deurope-2023-albert-philipsen-seul-au-monde-sur-le-contre-la-montre-juniors\/#article\",\"isPartOf\":{\"@id\":\"https:\/\/dicodusport.fr\/blog\/cyclisme-championnats-deurope-2023-albert-philipsen-seul-au-monde-sur-le-contre-la-montre-juniors\/\"},\"author\":{\"name\":\"Etienne Goursaud\",\"@id\":\"https:\/\/dicodusport.fr\/blog\/#\/schema\/person\/d603dd7da31fb2b46c82b9835a77ec13\"},\"headline\":\"Cyclisme Championnats d&rsquo;Europe 2023 : Albert Philipsen seul au monde sur le contre-la-montre juniors\",\"datePublished\":\"2023-09-20T09:57:04+00:00\",\"dateModified\":\"2023-09-20T12:16:50+00:00\",\"mainEntityOfPage\":{\"@id\":\"https:\/\/dicodusport.fr\/blog\/cyclisme-championnats-deurope-2023-albert-philipsen-seul-au-monde-sur-le-contre-la-montre-juniors\/\"},\"wordCount\":404,\"commentCount\":1,\"publisher\":{\"@id\":\"https:\/\/dicodusport.fr\/blog\/#organization\"},\"image\":{\"@id\":\"https:\/\/dicodusport.fr\/blog\/cyclisme-championnats-deurope-2023-albert-philipsen-seul-au-monde-sur-le-contre-la-montre-juniors\/#primaryimage\"},\"thumbnailUrl\":\"https:\/\/dicodusport.fr\/blog\/wp-content\/uploads\/2023\/09\/Cyclisme-Championnats-dEurope-2023-Albert-Philipsen-seul-au-monde-sur-le-contre-la-montre-juniors-1.png\",\"keywords\":[\"br\u00e8ve\"],\"articleSection\":[\"Cyclisme sur route\"],\"inLanguage\":\"fr-FR\",\"potentialAction\":[{\"@type\":\"CommentAction\",\"name\":\"Comment\",\"target\":[\"https:\/\/dicodusport.fr\/blog\/cyclisme-championnats-deurope-2023-albert-philipsen-seul-au-monde-sur-le-contre-la-montre-juniors\/#respond\"]}],\"copyrightYear\":\"2023\",\"copyrightHolder\":{\"@id\":\"https:\/\/dicodusport.fr\/blog\/#organization\"}},{\"@type\":\"WebPage\",\"@id\":\"https:\/\/dicodusport.fr\/blog\/cyclisme-championnats-deurope-2023-albert-philipsen-seul-au-monde-sur-le-contre-la-montre-juniors\/\",\"url\":\"https:\/\/dicodusport.fr\/blog\/cyclisme-championnats-deurope-2023-albert-philipsen-seul-au-monde-sur-le-contre-la-montre-juniors\/\",\"name\":\"Cyclisme Championnats d'Europe 2023 : Albert Philipsen seul au monde sur le contre-la-montre juniors\",\"isPartOf\":{\"@id\":\"https:\/\/dicodusport.fr\/blog\/#website\"},\"primaryImageOfPage\":{\"@id\":\"https:\/\/dicodusport.fr\/blog\/cyclisme-championnats-deurope-2023-albert-philipsen-seul-au-monde-sur-le-contre-la-montre-juniors\/#primaryimage\"},\"image\":{\"@id\":\"https:\/\/dicodusport.fr\/blog\/cyclisme-championnats-deurope-2023-albert-philipsen-seul-au-monde-sur-le-contre-la-montre-juniors\/#primaryimage\"},\"thumbnailUrl\":\"https:\/\/dicodusport.fr\/blog\/wp-content\/uploads\/2023\/09\/Cyclisme-Championnats-dEurope-2023-Albert-Philipsen-seul-au-monde-sur-le-contre-la-montre-juniors-1.png\",\"datePublished\":\"2023-09-20T09:57:04+00:00\",\"dateModified\":\"2023-09-20T12:16:50+00:00\",\"description\":\"CHAMPIONNATS D'EUROPE DE CYCLISME SUR ROUTE 2023 - Albert Withen Philipsen a r\u00e9alis\u00e9 une grosse d\u00e9monstration. Le Danois de 17 ans s'impose.\",\"breadcrumb\":{\"@id\":\"https:\/\/dicodusport.fr\/blog\/cyclisme-championnats-deurope-2023-albert-philipsen-seul-au-monde-sur-le-contre-la-montre-juniors\/#breadcrumb\"},\"inLanguage\":\"fr-FR\",\"potentialAction\":[{\"@type\":\"ReadAction\",\"target\":[\"https:\/\/dicodusport.fr\/blog\/cyclisme-championnats-deurope-2023-albert-philipsen-seul-au-monde-sur-le-contre-la-montre-juniors\/\"]}]},{\"@type\":\"ImageObject\",\"inLanguage\":\"fr-FR\",\"@id\":\"https:\/\/dicodusport.fr\/blog\/cyclisme-championnats-deurope-2023-albert-philipsen-seul-au-monde-sur-le-contre-la-montre-juniors\/#primaryimage\",\"url\":\"https:\/\/dicodusport.fr\/blog\/wp-content\/uploads\/2023\/09\/Cyclisme-Championnats-dEurope-2023-Albert-Philipsen-seul-au-monde-sur-le-contre-la-montre-juniors-1.png\",\"contentUrl\":\"https:\/\/dicodusport.fr\/blog\/wp-content\/uploads\/2023\/09\/Cyclisme-Championnats-dEurope-2023-Albert-Philipsen-seul-au-monde-sur-le-contre-la-montre-juniors-1.png\",\"width\":800,\"height\":445,\"caption\":\"Cyclisme Championnats d'Europe 2023 Albert Philipsen seul au monde sur le contre-la-montre juniors (1)\"},{\"@type\":\"BreadcrumbList\",\"@id\":\"https:\/\/dicodusport.fr\/blog\/cyclisme-championnats-deurope-2023-albert-philipsen-seul-au-monde-sur-le-contre-la-montre-juniors\/#breadcrumb\",\"itemListElement\":[{\"@type\":\"ListItem\",\"position\":1,\"name\":\"Accueil\",\"item\":\"https:\/\/dicodusport.fr\/blog\/\"},{\"@type\":\"ListItem\",\"position\":2,\"name\":\"Cyclisme Championnats d&rsquo;Europe 2023 : Albert Philipsen seul au monde sur le contre-la-montre juniors\"}]},{\"@type\":\"WebSite\",\"@id\":\"https:\/\/dicodusport.fr\/blog\/#website\",\"url\":\"https:\/\/dicodusport.fr\/blog\/\",\"name\":\"Dicodusport\",\"description\":\"L&#039;encyclop\u00e9die de l&#039;actualit\u00e9 sportive\",\"publisher\":{\"@id\":\"https:\/\/dicodusport.fr\/blog\/#organization\"},\"potentialAction\":[{\"@type\":\"SearchAction\",\"target\":{\"@type\":\"EntryPoint\",\"urlTemplate\":\"https:\/\/dicodusport.fr\/blog\/?s={search_term_string}\"},\"query-input\":{\"@type\":\"PropertyValueSpecification\",\"valueRequired\":true,\"valueName\":\"search_term_string\"}}],\"inLanguage\":\"fr-FR\"},{\"@type\":\"NewsMediaOrganization\",\"@id\":\"https:\/\/dicodusport.fr\/blog\/#organization\",\"name\":\"Dicodusport\",\"url\":\"https:\/\/dicodusport.fr\/blog\/\",\"logo\":{\"@type\":\"ImageObject\",\"inLanguage\":\"fr-FR\",\"@id\":\"https:\/\/dicodusport.fr\/blog\/#\/schema\/logo\/image\/\",\"url\":\"https:\/\/dicodusport.fr\/blog\/wp-content\/uploads\/2020\/06\/cropped-LOGO-DICODUSPORT-2020-SANS-FOND-SANS-TEXTE.png\",\"contentUrl\":\"https:\/\/dicodusport.fr\/blog\/wp-content\/uploads\/2020\/06\/cropped-LOGO-DICODUSPORT-2020-SANS-FOND-SANS-TEXTE.png\",\"width\":512,\"height\":512,\"caption\":\"Dicodusport\"},\"image\":{\"@id\":\"https:\/\/dicodusport.fr\/blog\/#\/schema\/logo\/image\/\"},\"sameAs\":[\"https:\/\/www.facebook.com\/dicodusport\",\"https:\/\/x.com\/dicodusport\",\"https:\/\/www.instagram.com\/dicodusport\/\",\"https:\/\/www.youtube.com\/channel\/UC7V2KZ5sd3htJivAbA4ZG3w\"],\"description\":\"Dicodusport est l'encyclop\u00e9die de l'actualit\u00e9 sportive.\",\"email\":\"bonjour@dicodusport.fr\",\"legalName\":\"DICODUSPORT\",\"foundingDate\":\"2018-01-14\",\"vatID\":\"FR71834470973\",\"taxID\":\"83447097300043\",\"numberOfEmployees\":{\"@type\":\"QuantitativeValue\",\"minValue\":\"1\",\"maxValue\":\"10\"}},{\"@type\":\"Person\",\"@id\":\"https:\/\/dicodusport.fr\/blog\/#\/schema\/person\/d603dd7da31fb2b46c82b9835a77ec13\",\"name\":\"Etienne Goursaud\",\"image\":{\"@type\":\"ImageObject\",\"inLanguage\":\"fr-FR\",\"@id\":\"https:\/\/dicodusport.fr\/blog\/#\/schema\/person\/image\/\",\"url\":\"https:\/\/dicodusport.fr\/blog\/wp-content\/uploads\/2023\/12\/410122264_10231602061736049_5565839791558026645_n-150x150.jpg\",\"contentUrl\":\"https:\/\/dicodusport.fr\/blog\/wp-content\/uploads\/2023\/12\/410122264_10231602061736049_5565839791558026645_n-150x150.jpg\",\"caption\":\"Etienne Goursaud\"},\"description\":\"Journaliste et amoureux de sport. Ancien footballeur reconverti athl\u00e8te quand ses muscles le laissent tranquille. \u00c9lev\u00e9 \u00e0 la sauce des exploits de Thomas Voeckler en 2004, du dernier essai de l\u00e9gende de Eunice Barber \u00e0 la longueur lors des championnats du monde d'athl\u00e9tisme de 2003 mais aussi Zidane, Omeyer et Titou Lamaison.\",\"url\":\"https:\/\/dicodusport.fr\/blog\/author\/etienne-goursaud\/\"}]}<\/script>\n<!-- \/ Yoast SEO Premium plugin. -->","yoast_head_json":{"title":"Cyclisme Championnats d'Europe 2023 : Albert Philipsen seul au monde sur le contre-la-montre juniors","description":"CHAMPIONNATS D'EUROPE DE CYCLISME SUR ROUTE 2023 - Albert Withen Philipsen a r\u00e9alis\u00e9 une grosse d\u00e9monstration. Le Danois de 17 ans s'impose.","robots":{"index":"index","follow":"follow","max-snippet":"max-snippet:-1","max-image-preview":"max-image-preview:large","max-video-preview":"max-video-preview:-1"},"canonical":"https:\/\/dicodusport.fr\/blog\/cyclisme-championnats-deurope-2023-albert-philipsen-seul-au-monde-sur-le-contre-la-montre-juniors\/","og_locale":"fr_FR","og_type":"article","og_title":"Cyclisme Championnats d'Europe 2023 : Albert Philipsen seul au monde sur le contre-la-montre juniors","og_description":"CHAMPIONNATS D'EUROPE DE CYCLISME SUR ROUTE 2023 - Albert Withen Philipsen a r\u00e9alis\u00e9 une grosse d\u00e9monstration. Le Danois de 17 ans s'impose.","og_url":"https:\/\/dicodusport.fr\/blog\/cyclisme-championnats-deurope-2023-albert-philipsen-seul-au-monde-sur-le-contre-la-montre-juniors\/","og_site_name":"Dicodusport","article_publisher":"https:\/\/www.facebook.com\/dicodusport","article_published_time":"2023-09-20T09:57:04+00:00","article_modified_time":"2023-09-20T12:16:50+00:00","og_image":[{"width":800,"height":445,"url":"https:\/\/dicodusport.fr\/blog\/wp-content\/uploads\/2023\/09\/Cyclisme-Championnats-dEurope-2023-Albert-Philipsen-seul-au-monde-sur-le-contre-la-montre-juniors-1.png","type":"image\/png"}],"author":"Etienne Goursaud","twitter_card":"summary_large_image","twitter_title":"Cyclisme Championnats d'Europe 2023 : Albert Philipsen seul au monde sur le contre-la-montre juniors","twitter_creator":"@dicodusport","twitter_site":"@dicodusport","schema":{"@context":"https:\/\/schema.org","@graph":[{"@type":"NewsArticle","@id":"https:\/\/dicodusport.fr\/blog\/cyclisme-championnats-deurope-2023-albert-philipsen-seul-au-monde-sur-le-contre-la-montre-juniors\/#article","isPartOf":{"@id":"https:\/\/dicodusport.fr\/blog\/cyclisme-championnats-deurope-2023-albert-philipsen-seul-au-monde-sur-le-contre-la-montre-juniors\/"},"author":{"name":"Etienne Goursaud","@id":"https:\/\/dicodusport.fr\/blog\/#\/schema\/person\/d603dd7da31fb2b46c82b9835a77ec13"},"headline":"Cyclisme Championnats d&rsquo;Europe 2023 : Albert Philipsen seul au monde sur le contre-la-montre juniors","datePublished":"2023-09-20T09:57:04+00:00","dateModified":"2023-09-20T12:16:50+00:00","mainEntityOfPage":{"@id":"https:\/\/dicodusport.fr\/blog\/cyclisme-championnats-deurope-2023-albert-philipsen-seul-au-monde-sur-le-contre-la-montre-juniors\/"},"wordCount":404,"commentCount":1,"publisher":{"@id":"https:\/\/dicodusport.fr\/blog\/#organization"},"image":{"@id":"https:\/\/dicodusport.fr\/blog\/cyclisme-championnats-deurope-2023-albert-philipsen-seul-au-monde-sur-le-contre-la-montre-juniors\/#primaryimage"},"thumbnailUrl":"https:\/\/dicodusport.fr\/blog\/wp-content\/uploads\/2023\/09\/Cyclisme-Championnats-dEurope-2023-Albert-Philipsen-seul-au-monde-sur-le-contre-la-montre-juniors-1.png","keywords":["br\u00e8ve"],"articleSection":["Cyclisme sur route"],"inLanguage":"fr-FR","potentialAction":[{"@type":"CommentAction","name":"Comment","target":["https:\/\/dicodusport.fr\/blog\/cyclisme-championnats-deurope-2023-albert-philipsen-seul-au-monde-sur-le-contre-la-montre-juniors\/#respond"]}],"copyrightYear":"2023","copyrightHolder":{"@id":"https:\/\/dicodusport.fr\/blog\/#organization"}},{"@type":"WebPage","@id":"https:\/\/dicodusport.fr\/blog\/cyclisme-championnats-deurope-2023-albert-philipsen-seul-au-monde-sur-le-contre-la-montre-juniors\/","url":"https:\/\/dicodusport.fr\/blog\/cyclisme-championnats-deurope-2023-albert-philipsen-seul-au-monde-sur-le-contre-la-montre-juniors\/","name":"Cyclisme Championnats d'Europe 2023 : Albert Philipsen seul au monde sur le contre-la-montre juniors","isPartOf":{"@id":"https:\/\/dicodusport.fr\/blog\/#website"},"primaryImageOfPage":{"@id":"https:\/\/dicodusport.fr\/blog\/cyclisme-championnats-deurope-2023-albert-philipsen-seul-au-monde-sur-le-contre-la-montre-juniors\/#primaryimage"},"image":{"@id":"https:\/\/dicodusport.fr\/blog\/cyclisme-championnats-deurope-2023-albert-philipsen-seul-au-monde-sur-le-contre-la-montre-juniors\/#primaryimage"},"thumbnailUrl":"https:\/\/dicodusport.fr\/blog\/wp-content\/uploads\/2023\/09\/Cyclisme-Championnats-dEurope-2023-Albert-Philipsen-seul-au-monde-sur-le-contre-la-montre-juniors-1.png","datePublished":"2023-09-20T09:57:04+00:00","dateModified":"2023-09-20T12:16:50+00:00","description":"CHAMPIONNATS D'EUROPE DE CYCLISME SUR ROUTE 2023 - Albert Withen Philipsen a r\u00e9alis\u00e9 une grosse d\u00e9monstration. Le Danois de 17 ans s'impose.","breadcrumb":{"@id":"https:\/\/dicodusport.fr\/blog\/cyclisme-championnats-deurope-2023-albert-philipsen-seul-au-monde-sur-le-contre-la-montre-juniors\/#breadcrumb"},"inLanguage":"fr-FR","potentialAction":[{"@type":"ReadAction","target":["https:\/\/dicodusport.fr\/blog\/cyclisme-championnats-deurope-2023-albert-philipsen-seul-au-monde-sur-le-contre-la-montre-juniors\/"]}]},{"@type":"ImageObject","inLanguage":"fr-FR","@id":"https:\/\/dicodusport.fr\/blog\/cyclisme-championnats-deurope-2023-albert-philipsen-seul-au-monde-sur-le-contre-la-montre-juniors\/#primaryimage","url":"https:\/\/dicodusport.fr\/blog\/wp-content\/uploads\/2023\/09\/Cyclisme-Championnats-dEurope-2023-Albert-Philipsen-seul-au-monde-sur-le-contre-la-montre-juniors-1.png","contentUrl":"https:\/\/dicodusport.fr\/blog\/wp-content\/uploads\/2023\/09\/Cyclisme-Championnats-dEurope-2023-Albert-Philipsen-seul-au-monde-sur-le-contre-la-montre-juniors-1.png","width":800,"height":445,"caption":"Cyclisme Championnats d'Europe 2023 Albert Philipsen seul au monde sur le contre-la-montre juniors (1)"},{"@type":"BreadcrumbList","@id":"https:\/\/dicodusport.fr\/blog\/cyclisme-championnats-deurope-2023-albert-philipsen-seul-au-monde-sur-le-contre-la-montre-juniors\/#breadcrumb","itemListElement":[{"@type":"ListItem","position":1,"name":"Accueil","item":"https:\/\/dicodusport.fr\/blog\/"},{"@type":"ListItem","position":2,"name":"Cyclisme Championnats d&rsquo;Europe 2023 : Albert Philipsen seul au monde sur le contre-la-montre juniors"}]},{"@type":"WebSite","@id":"https:\/\/dicodusport.fr\/blog\/#website","url":"https:\/\/dicodusport.fr\/blog\/","name":"Dicodusport","description":"L&#039;encyclop\u00e9die de l&#039;actualit\u00e9 sportive","publisher":{"@id":"https:\/\/dicodusport.fr\/blog\/#organization"},"potentialAction":[{"@type":"SearchAction","target":{"@type":"EntryPoint","urlTemplate":"https:\/\/dicodusport.fr\/blog\/?s={search_term_string}"},"query-input":{"@type":"PropertyValueSpecification","valueRequired":true,"valueName":"search_term_string"}}],"inLanguage":"fr-FR"},{"@type":"NewsMediaOrganization","@id":"https:\/\/dicodusport.fr\/blog\/#organization","name":"Dicodusport","url":"https:\/\/dicodusport.fr\/blog\/","logo":{"@type":"ImageObject","inLanguage":"fr-FR","@id":"https:\/\/dicodusport.fr\/blog\/#\/schema\/logo\/image\/","url":"https:\/\/dicodusport.fr\/blog\/wp-content\/uploads\/2020\/06\/cropped-LOGO-DICODUSPORT-2020-SANS-FOND-SANS-TEXTE.png","contentUrl":"https:\/\/dicodusport.fr\/blog\/wp-content\/uploads\/2020\/06\/cropped-LOGO-DICODUSPORT-2020-SANS-FOND-SANS-TEXTE.png","width":512,"height":512,"caption":"Dicodusport"},"image":{"@id":"https:\/\/dicodusport.fr\/blog\/#\/schema\/logo\/image\/"},"sameAs":["https:\/\/www.facebook.com\/dicodusport","https:\/\/x.com\/dicodusport","https:\/\/www.instagram.com\/dicodusport\/","https:\/\/www.youtube.com\/channel\/UC7V2KZ5sd3htJivAbA4ZG3w"],"description":"Dicodusport est l'encyclop\u00e9die de l'actualit\u00e9 sportive.","email":"bonjour@dicodusport.fr","legalName":"DICODUSPORT","foundingDate":"2018-01-14","vatID":"FR71834470973","taxID":"83447097300043","numberOfEmployees":{"@type":"QuantitativeValue","minValue":"1","maxValue":"10"}},{"@type":"Person","@id":"https:\/\/dicodusport.fr\/blog\/#\/schema\/person\/d603dd7da31fb2b46c82b9835a77ec13","name":"Etienne Goursaud","image":{"@type":"ImageObject","inLanguage":"fr-FR","@id":"https:\/\/dicodusport.fr\/blog\/#\/schema\/person\/image\/","url":"https:\/\/dicodusport.fr\/blog\/wp-content\/uploads\/2023\/12\/410122264_10231602061736049_5565839791558026645_n-150x150.jpg","contentUrl":"https:\/\/dicodusport.fr\/blog\/wp-content\/uploads\/2023\/12\/410122264_10231602061736049_5565839791558026645_n-150x150.jpg","caption":"Etienne Goursaud"},"description":"Journaliste et amoureux de sport. Ancien footballeur reconverti athl\u00e8te quand ses muscles le laissent tranquille. \u00c9lev\u00e9 \u00e0 la sauce des exploits de Thomas Voeckler en 2004, du dernier essai de l\u00e9gende de Eunice Barber \u00e0 la longueur lors des championnats du monde d'athl\u00e9tisme de 2003 mais aussi Zidane, Omeyer et Titou Lamaison.","url":"https:\/\/dicodusport.fr\/blog\/author\/etienne-goursaud\/"}]}},"_links":{"self":[{"href":"https:\/\/dicodusport.fr\/blog\/wp-json\/wp\/v2\/posts\/420870","targetHints":{"allow":["GET"]}}],"collection":[{"href":"https:\/\/dicodusport.fr\/blog\/wp-json\/wp\/v2\/posts"}],"about":[{"href":"https:\/\/dicodusport.fr\/blog\/wp-json\/wp\/v2\/types\/post"}],"author":[{"embeddable":true,"href":"https:\/\/dicodusport.fr\/blog\/wp-json\/wp\/v2\/users\/83"}],"replies":[{"embeddable":true,"href":"https:\/\/dicodusport.fr\/blog\/wp-json\/wp\/v2\/comments?post=420870"}],"version-history":[{"count":0,"href":"https:\/\/dicodusport.fr\/blog\/wp-json\/wp\/v2\/posts\/420870\/revisions"}],"wp:featuredmedia":[{"embeddable":true,"href":"https:\/\/dicodusport.fr\/blog\/wp-json\/wp\/v2\/media\/420898"}],"wp:attachment":[{"href":"https:\/\/dicodusport.fr\/blog\/wp-json\/wp\/v2\/media?parent=420870"}],"wp:term":[{"taxonomy":"category","embeddable":true,"href":"https:\/\/dicodusport.fr\/blog\/wp-json\/wp\/v2\/categories?post=420870"},{"taxonomy":"post_tag","embeddable":true,"href":"https:\/\/dicodusport.fr\/blog\/wp-json\/wp\/v2\/tags?post=420870"}],"curies":[{"name":"wp","href":"https:\/\/api.w.org\/{rel}","templated":true}]}}