{"id":420902,"date":"2023-09-20T12:53:27","date_gmt":"2023-09-20T10:53:27","guid":{"rendered":"https:\/\/dicodusport.fr\/blog\/?p=420902&#038;preview=true&#038;preview_id=420902"},"modified":"2023-09-20T13:05:39","modified_gmt":"2023-09-20T11:05:39","slug":"thibaut-pinot-mon-seul-ennemi-cest-moi-cest-ma-fragilite","status":"publish","type":"post","link":"https:\/\/dicodusport.fr\/blog\/thibaut-pinot-mon-seul-ennemi-cest-moi-cest-ma-fragilite\/","title":{"rendered":"Thibaut Pinot : \u00ab\u00a0Mon seul ennemi c&rsquo;est moi, c&rsquo;est ma fragilit\u00e9\u00a0\u00bb"},"content":{"rendered":"<p align=\"justify\"><em><strong>CYCLISME SUR ROUTE 2023 &#8211; Alors qu&rsquo;il aborde les derni\u00e8res courses de sa carri\u00e8re, Thibaut Pinot (Groupama-FDJ) s&rsquo;est longuement confi\u00e9 dans le Bistrot V\u00e9lo d&rsquo;Eurosport.<\/strong><\/em><\/p>\n<p align=\"justify\"><strong>Thibaut Pinot<\/strong> est au d\u00e9part du <a href=\"https:\/\/dicodusport.fr\/blog\/tour-de-luxembourg-2023-profil-des-etapes\/\"><strong>Tour de Luxembourg<\/strong><\/a> qui sera une des derni\u00e8res courses de sa belle carri\u00e8re. Le Franc-Comtois semble quitter le peloton sans regrets, comme il le r\u00e9p\u00e8te depuis plusieurs mois. Pour <em>Eurosport<\/em>, il est notamment revenu sur le \u00ab\u00a0Virage Pinot\u00a0\u00bb qui a marqu\u00e9 la fin du Tour de France.<\/p>\n<blockquote>\n<p align=\"justify\">Celui qui n&rsquo;a pas de frissons et d&rsquo;\u00e9motions dans ces moments-l\u00e0, il n&rsquo;est pas fait pour le sport. C&rsquo;est une \u00e9motion diff\u00e9rente. C&rsquo;est une victoire sur le long terme. La popularit\u00e9, \u00e7a se construit au fil des ann\u00e9es. \u00c7a ne se construit pas sur un one shot, sur une \u00e9tape. Ma popularit\u00e9, c&rsquo;est une de mes plus belles victoires. Le plus beau cadeau que je pouvais faire pour les remercier, c&rsquo;\u00e9tait de passer en t\u00eate. Mais c&rsquo;est le Tour de France, ce n&rsquo;est pas gagn\u00e9. Il faut avoir des bonnes jambes, r\u00e9ussir \u00e0 prendre l&rsquo;\u00e9chapp\u00e9e, il y avait beaucoup de circonstances \u00e0 avoir. Le fait de l&rsquo;avoir r\u00e9alis\u00e9, je me rends compte aujourd&rsquo;hui que c&rsquo;\u00e9tait un truc de ouf.<\/p>\n<\/blockquote>\n<h2 style=\"text-align: justify;\" align=\"justify\">\u00ab Mon r\u00eave s&rsquo;est vite \u00e9croul\u00e9 \u00bb<\/h2>\n<p align=\"justify\"><strong>Thibaut Pinot<\/strong> est aussi revenu sur son <strong>Tour de France 2019<\/strong> qui reste forc\u00e9ment grav\u00e9 dans sa t\u00eate, comme dans celle de ses supporters. Le <strong>Tricolore<\/strong> paraissait enfin en mesure de jouer la victoire finale sur le Tour de France, mais tout s&rsquo;est \u00e9croul\u00e9 \u00e0 quelques jours de la fin. <strong>Thibaut<\/strong> <strong>Pinot<\/strong> raconte.<\/p>\n<blockquote>\n<p style=\"text-align: justify;\" align=\"justify\">Le soir du Prat d&rsquo;Albis je me sentais fort, je sentais que tout allait bien. Je n&rsquo;avais pas de probl\u00e8me pour une fois, je n&rsquo;\u00e9tais pas malade sur un Grand Tour. J&rsquo;avais fait un beau chrono, j&rsquo;avais pris une bordure qui m&rsquo;avait mis la rage, elle m&rsquo;a fait du bien, elle m&rsquo;a permis d&rsquo;\u00eatre revanchard et de gagner au Tourmalet. Mais mon r\u00eave s&rsquo;est vite \u00e9croul\u00e9. Souvent, quand j&rsquo;\u00e9tais trop bien, j&rsquo;avais l&rsquo;impression que quelque chose allait me tomber dessus, que j&rsquo;allais tomber malade. C&rsquo;est un peu mental, aussi. Je sais que je suis fragile physiquement, mon seul ennemi c&rsquo;est moi, c&rsquo;est ma fragilit\u00e9. L\u00e0, 48 heures apr\u00e8s, j&rsquo;ai chop\u00e9 ma blessure.<\/p>\n<\/blockquote>\n<p align=\"justify\">Interrog\u00e9 aussi sur <a href=\"https:\/\/dicodusport.fr\/blog\/tour-despagne-2023-classement-general-maillot-rouge\/\">le tripl\u00e9 des <strong>Jumbo-Visma<\/strong> lors de la derni\u00e8re <\/a><strong>Vuelta, Thibaut<\/strong> <strong>Pinot<\/strong> n&rsquo;a pas vraiment \u00e9t\u00e9 surpris, car il consid\u00e8re que <strong>Jonas Vingegaard<\/strong>, <strong>Primoz Roglic<\/strong> et <strong>Sepp Kuss<\/strong> font tout simplement partie des meilleurs grimpeurs du peloton.<\/p>\n<blockquote class=\"twitter-tweet\">\n<p dir=\"ltr\" lang=\"fr\">\ud83d\udea8 Thibaut Pinot invit\u00e9 de <a href=\"https:\/\/twitter.com\/hashtag\/BistroVelo?src=hash&amp;ref_src=twsrc%5Etfw\">#BistroVelo<\/a> !<\/p>\n<p>Lundi 18 septembre, <a href=\"https:\/\/twitter.com\/GDiGrazia?ref_src=twsrc%5Etfw\">@GDiGrazia<\/a> recevra le coureur de la <a href=\"https:\/\/twitter.com\/GroupamaFDJ?ref_src=twsrc%5Etfw\">@GroupamaFDJ<\/a> pour une \u00e9mission exceptionnelle d\u00e8s 18h en direct sur Youtube et <a href=\"https:\/\/t.co\/XcZuM6O9AA\">https:\/\/t.co\/XcZuM6O9AA<\/a> \ud83e\udd29<a href=\"https:\/\/twitter.com\/hashtag\/LesRP?src=hash&amp;ref_src=twsrc%5Etfw\">#LesRP<\/a> <a href=\"https:\/\/twitter.com\/ThibautPinot?ref_src=twsrc%5Etfw\">@ThibautPinot<\/a> <a href=\"https:\/\/t.co\/HXIRskDqcA\">pic.twitter.com\/HXIRskDqcA<\/a><\/p>\n<p>\u2014 Eurosport France (@Eurosport_FR) <a href=\"https:\/\/twitter.com\/Eurosport_FR\/status\/1702307053857894835?ref_src=twsrc%5Etfw\">September 14, 2023<\/a><\/p><\/blockquote>\n<p><script async src=\"https:\/\/platform.twitter.com\/widgets.js\" charset=\"utf-8\"><\/script><\/p>\n","protected":false},"excerpt":{"rendered":"<p>CYCLISME SUR ROUTE 2023 &#8211; Alors qu&rsquo;il aborde les derni\u00e8res courses de sa carri\u00e8re, Thibaut Pinot (Groupama-FDJ) s&rsquo;est longuement confi\u00e9 dans le Bistrot V\u00e9lo d&rsquo;Eurosport.<\/p>\n","protected":false},"author":1,"featured_media":420903,"comment_status":"open","ping_status":"closed","sticky":false,"template":"","format":"standard","meta":{"_acf_changed":false,"_daextam_enable_autolinks":"","footnotes":""},"categories":[46994],"tags":[16878,3279,3596,4839],"class_list":["post-420902","post","type-post","status-publish","format-standard","has-post-thumbnail","hentry","category-cyclisme-sur-route","tag-breve","tag-groupama-fdj","tag-pinot","tag-thibaut-pinot"],"acf":[],"yoast_head":"<!-- This site is optimized with the Yoast SEO Premium plugin v26.7 (Yoast SEO v26.7) - https:\/\/yoast.com\/wordpress\/plugins\/seo\/ -->\n<title>Thibaut Pinot : &quot;Mon seul ennemi c&#039;est moi, c&#039;est ma fragilit\u00e9&quot;<\/title>\n<meta name=\"description\" content=\"CYCLISME SUR ROUTE 2023 - Thibaut Pinot (Groupama-FDJ) s&#039;est longuement confi\u00e9 dans le Bistrot V\u00e9lo d&#039;Eurosport.\" \/>\n<meta name=\"robots\" content=\"index, follow, max-snippet:-1, max-image-preview:large, max-video-preview:-1\" \/>\n<link rel=\"canonical\" href=\"https:\/\/dicodusport.fr\/blog\/thibaut-pinot-mon-seul-ennemi-cest-moi-cest-ma-fragilite\/\" \/>\n<meta property=\"og:locale\" content=\"fr_FR\" \/>\n<meta property=\"og:type\" content=\"article\" \/>\n<meta property=\"og:title\" content=\"Thibaut Pinot : &quot;Mon seul ennemi c&#039;est moi, c&#039;est ma fragilit\u00e9&quot;\" \/>\n<meta property=\"og:description\" content=\"CYCLISME SUR ROUTE 2023 - Thibaut Pinot (Groupama-FDJ) s&#039;est longuement confi\u00e9 dans le Bistrot V\u00e9lo d&#039;Eurosport.\" \/>\n<meta property=\"og:url\" content=\"https:\/\/dicodusport.fr\/blog\/thibaut-pinot-mon-seul-ennemi-cest-moi-cest-ma-fragilite\/\" \/>\n<meta property=\"og:site_name\" content=\"Dicodusport\" \/>\n<meta property=\"article:publisher\" content=\"https:\/\/www.facebook.com\/dicodusport\" \/>\n<meta property=\"article:author\" content=\"https:\/\/www.facebook.com\/dicodusport\" \/>\n<meta property=\"article:published_time\" content=\"2023-09-20T10:53:27+00:00\" \/>\n<meta property=\"article:modified_time\" content=\"2023-09-20T11:05:39+00:00\" \/>\n<meta property=\"og:image\" content=\"https:\/\/dicodusport.fr\/blog\/wp-content\/uploads\/2023\/09\/Thibaut-Pinot-Mon-seul-ennemi-cest-moi-cest-ma-fragilite.jpg\" \/>\n\t<meta property=\"og:image:width\" content=\"800\" \/>\n\t<meta property=\"og:image:height\" content=\"445\" \/>\n\t<meta property=\"og:image:type\" content=\"image\/jpeg\" \/>\n<meta name=\"author\" content=\"Nicolas Jacquemard\" \/>\n<meta name=\"twitter:card\" content=\"summary_large_image\" \/>\n<meta name=\"twitter:title\" content=\"Thibaut Pinot : &quot;Mon seul ennemi c&#039;est moi, c&#039;est ma fragilit\u00e9&quot;\" \/>\n<meta name=\"twitter:creator\" content=\"@https:\/\/twitter.com\/Nico_Jacquemard\" \/>\n<meta name=\"twitter:site\" content=\"@dicodusport\" \/>\n<script type=\"application\/ld+json\" class=\"yoast-schema-graph\">{\"@context\":\"https:\/\/schema.org\",\"@graph\":[{\"@type\":\"NewsArticle\",\"@id\":\"https:\/\/dicodusport.fr\/blog\/thibaut-pinot-mon-seul-ennemi-cest-moi-cest-ma-fragilite\/#article\",\"isPartOf\":{\"@id\":\"https:\/\/dicodusport.fr\/blog\/thibaut-pinot-mon-seul-ennemi-cest-moi-cest-ma-fragilite\/\"},\"author\":{\"name\":\"Nicolas Jacquemard\",\"@id\":\"https:\/\/dicodusport.fr\/blog\/#\/schema\/person\/55dcb50ad410894e431ed812bbb70191\"},\"headline\":\"Thibaut Pinot : \u00ab\u00a0Mon seul ennemi c&rsquo;est moi, c&rsquo;est ma fragilit\u00e9\u00a0\u00bb\",\"datePublished\":\"2023-09-20T10:53:27+00:00\",\"dateModified\":\"2023-09-20T11:05:39+00:00\",\"mainEntityOfPage\":{\"@id\":\"https:\/\/dicodusport.fr\/blog\/thibaut-pinot-mon-seul-ennemi-cest-moi-cest-ma-fragilite\/\"},\"wordCount\":514,\"commentCount\":0,\"publisher\":{\"@id\":\"https:\/\/dicodusport.fr\/blog\/#organization\"},\"image\":{\"@id\":\"https:\/\/dicodusport.fr\/blog\/thibaut-pinot-mon-seul-ennemi-cest-moi-cest-ma-fragilite\/#primaryimage\"},\"thumbnailUrl\":\"https:\/\/dicodusport.fr\/blog\/wp-content\/uploads\/2023\/09\/Thibaut-Pinot-Mon-seul-ennemi-cest-moi-cest-ma-fragilite.jpg\",\"keywords\":[\"br\u00e8ve\",\"Groupama FDJ\",\"Pinot\",\"Thibaut Pinot\"],\"articleSection\":[\"Cyclisme sur route\"],\"inLanguage\":\"fr-FR\",\"potentialAction\":[{\"@type\":\"CommentAction\",\"name\":\"Comment\",\"target\":[\"https:\/\/dicodusport.fr\/blog\/thibaut-pinot-mon-seul-ennemi-cest-moi-cest-ma-fragilite\/#respond\"]}],\"copyrightYear\":\"2023\",\"copyrightHolder\":{\"@id\":\"https:\/\/dicodusport.fr\/blog\/#organization\"}},{\"@type\":\"WebPage\",\"@id\":\"https:\/\/dicodusport.fr\/blog\/thibaut-pinot-mon-seul-ennemi-cest-moi-cest-ma-fragilite\/\",\"url\":\"https:\/\/dicodusport.fr\/blog\/thibaut-pinot-mon-seul-ennemi-cest-moi-cest-ma-fragilite\/\",\"name\":\"Thibaut Pinot : \\\"Mon seul ennemi c'est moi, c'est ma fragilit\u00e9\\\"\",\"isPartOf\":{\"@id\":\"https:\/\/dicodusport.fr\/blog\/#website\"},\"primaryImageOfPage\":{\"@id\":\"https:\/\/dicodusport.fr\/blog\/thibaut-pinot-mon-seul-ennemi-cest-moi-cest-ma-fragilite\/#primaryimage\"},\"image\":{\"@id\":\"https:\/\/dicodusport.fr\/blog\/thibaut-pinot-mon-seul-ennemi-cest-moi-cest-ma-fragilite\/#primaryimage\"},\"thumbnailUrl\":\"https:\/\/dicodusport.fr\/blog\/wp-content\/uploads\/2023\/09\/Thibaut-Pinot-Mon-seul-ennemi-cest-moi-cest-ma-fragilite.jpg\",\"datePublished\":\"2023-09-20T10:53:27+00:00\",\"dateModified\":\"2023-09-20T11:05:39+00:00\",\"description\":\"CYCLISME SUR ROUTE 2023 - Thibaut Pinot (Groupama-FDJ) s'est longuement confi\u00e9 dans le Bistrot V\u00e9lo d'Eurosport.\",\"breadcrumb\":{\"@id\":\"https:\/\/dicodusport.fr\/blog\/thibaut-pinot-mon-seul-ennemi-cest-moi-cest-ma-fragilite\/#breadcrumb\"},\"inLanguage\":\"fr-FR\",\"potentialAction\":[{\"@type\":\"ReadAction\",\"target\":[\"https:\/\/dicodusport.fr\/blog\/thibaut-pinot-mon-seul-ennemi-cest-moi-cest-ma-fragilite\/\"]}]},{\"@type\":\"ImageObject\",\"inLanguage\":\"fr-FR\",\"@id\":\"https:\/\/dicodusport.fr\/blog\/thibaut-pinot-mon-seul-ennemi-cest-moi-cest-ma-fragilite\/#primaryimage\",\"url\":\"https:\/\/dicodusport.fr\/blog\/wp-content\/uploads\/2023\/09\/Thibaut-Pinot-Mon-seul-ennemi-cest-moi-cest-ma-fragilite.jpg\",\"contentUrl\":\"https:\/\/dicodusport.fr\/blog\/wp-content\/uploads\/2023\/09\/Thibaut-Pinot-Mon-seul-ennemi-cest-moi-cest-ma-fragilite.jpg\",\"width\":800,\"height\":445},{\"@type\":\"BreadcrumbList\",\"@id\":\"https:\/\/dicodusport.fr\/blog\/thibaut-pinot-mon-seul-ennemi-cest-moi-cest-ma-fragilite\/#breadcrumb\",\"itemListElement\":[{\"@type\":\"ListItem\",\"position\":1,\"name\":\"Accueil\",\"item\":\"https:\/\/dicodusport.fr\/blog\/\"},{\"@type\":\"ListItem\",\"position\":2,\"name\":\"Thibaut Pinot : \u00ab\u00a0Mon seul ennemi c&rsquo;est moi, c&rsquo;est ma fragilit\u00e9\u00a0\u00bb\"}]},{\"@type\":\"WebSite\",\"@id\":\"https:\/\/dicodusport.fr\/blog\/#website\",\"url\":\"https:\/\/dicodusport.fr\/blog\/\",\"name\":\"Dicodusport\",\"description\":\"L&#039;encyclop\u00e9die de l&#039;actualit\u00e9 sportive\",\"publisher\":{\"@id\":\"https:\/\/dicodusport.fr\/blog\/#organization\"},\"potentialAction\":[{\"@type\":\"SearchAction\",\"target\":{\"@type\":\"EntryPoint\",\"urlTemplate\":\"https:\/\/dicodusport.fr\/blog\/?s={search_term_string}\"},\"query-input\":{\"@type\":\"PropertyValueSpecification\",\"valueRequired\":true,\"valueName\":\"search_term_string\"}}],\"inLanguage\":\"fr-FR\"},{\"@type\":\"NewsMediaOrganization\",\"@id\":\"https:\/\/dicodusport.fr\/blog\/#organization\",\"name\":\"Dicodusport\",\"url\":\"https:\/\/dicodusport.fr\/blog\/\",\"logo\":{\"@type\":\"ImageObject\",\"inLanguage\":\"fr-FR\",\"@id\":\"https:\/\/dicodusport.fr\/blog\/#\/schema\/logo\/image\/\",\"url\":\"https:\/\/dicodusport.fr\/blog\/wp-content\/uploads\/2020\/06\/cropped-LOGO-DICODUSPORT-2020-SANS-FOND-SANS-TEXTE.png\",\"contentUrl\":\"https:\/\/dicodusport.fr\/blog\/wp-content\/uploads\/2020\/06\/cropped-LOGO-DICODUSPORT-2020-SANS-FOND-SANS-TEXTE.png\",\"width\":512,\"height\":512,\"caption\":\"Dicodusport\"},\"image\":{\"@id\":\"https:\/\/dicodusport.fr\/blog\/#\/schema\/logo\/image\/\"},\"sameAs\":[\"https:\/\/www.facebook.com\/dicodusport\",\"https:\/\/x.com\/dicodusport\",\"https:\/\/www.instagram.com\/dicodusport\/\",\"https:\/\/www.youtube.com\/channel\/UC7V2KZ5sd3htJivAbA4ZG3w\"],\"description\":\"Dicodusport est l'encyclop\u00e9die de l'actualit\u00e9 sportive.\",\"email\":\"bonjour@dicodusport.fr\",\"legalName\":\"DICODUSPORT\",\"foundingDate\":\"2018-01-14\",\"vatID\":\"FR71834470973\",\"taxID\":\"83447097300043\",\"numberOfEmployees\":{\"@type\":\"QuantitativeValue\",\"minValue\":\"1\",\"maxValue\":\"10\"}},{\"@type\":\"Person\",\"@id\":\"https:\/\/dicodusport.fr\/blog\/#\/schema\/person\/55dcb50ad410894e431ed812bbb70191\",\"name\":\"Nicolas Jacquemard\",\"image\":{\"@type\":\"ImageObject\",\"inLanguage\":\"fr-FR\",\"@id\":\"https:\/\/dicodusport.fr\/blog\/#\/schema\/person\/image\/\",\"url\":\"https:\/\/dicodusport.fr\/blog\/wp-content\/uploads\/2021\/05\/Nicolas-Jacquemard-150x150.jpeg\",\"contentUrl\":\"https:\/\/dicodusport.fr\/blog\/wp-content\/uploads\/2021\/05\/Nicolas-Jacquemard-150x150.jpeg\",\"caption\":\"Nicolas Jacquemard\"},\"description\":\"Passionn\u00e9 de sport et entrepreneur depuis mes 18 ans, la cr\u00e9ation de Dicodusport m'a sembl\u00e9 \u00e9vidente pour participer \u00e0 la m\u00e9diatisation d'un plus grand nombre de sports. Le chemin est long mais avec une \u00e9quipe des plus motiv\u00e9es et les Jeux Olympiques de Paris 2024 en point de mire, nous y arriverons ! Journaliste dans le monde du sport depuis plus de 5 ans, je traite aussi bien de football, de rugby, de biathlon que de cyclisme.\",\"sameAs\":[\"https:\/\/www.facebook.com\/dicodusport\",\"https:\/\/x.com\/https:\/\/twitter.com\/Nico_Jacquemard\"],\"url\":\"https:\/\/dicodusport.fr\/blog\/author\/dicodusport\/\"}]}<\/script>\n<!-- \/ Yoast SEO Premium plugin. -->","yoast_head_json":{"title":"Thibaut Pinot : \"Mon seul ennemi c'est moi, c'est ma fragilit\u00e9\"","description":"CYCLISME SUR ROUTE 2023 - Thibaut Pinot (Groupama-FDJ) s'est longuement confi\u00e9 dans le Bistrot V\u00e9lo d'Eurosport.","robots":{"index":"index","follow":"follow","max-snippet":"max-snippet:-1","max-image-preview":"max-image-preview:large","max-video-preview":"max-video-preview:-1"},"canonical":"https:\/\/dicodusport.fr\/blog\/thibaut-pinot-mon-seul-ennemi-cest-moi-cest-ma-fragilite\/","og_locale":"fr_FR","og_type":"article","og_title":"Thibaut Pinot : \"Mon seul ennemi c'est moi, c'est ma fragilit\u00e9\"","og_description":"CYCLISME SUR ROUTE 2023 - Thibaut Pinot (Groupama-FDJ) s'est longuement confi\u00e9 dans le Bistrot V\u00e9lo d'Eurosport.","og_url":"https:\/\/dicodusport.fr\/blog\/thibaut-pinot-mon-seul-ennemi-cest-moi-cest-ma-fragilite\/","og_site_name":"Dicodusport","article_publisher":"https:\/\/www.facebook.com\/dicodusport","article_author":"https:\/\/www.facebook.com\/dicodusport","article_published_time":"2023-09-20T10:53:27+00:00","article_modified_time":"2023-09-20T11:05:39+00:00","og_image":[{"width":800,"height":445,"url":"https:\/\/dicodusport.fr\/blog\/wp-content\/uploads\/2023\/09\/Thibaut-Pinot-Mon-seul-ennemi-cest-moi-cest-ma-fragilite.jpg","type":"image\/jpeg"}],"author":"Nicolas Jacquemard","twitter_card":"summary_large_image","twitter_title":"Thibaut Pinot : \"Mon seul ennemi c'est moi, c'est ma fragilit\u00e9\"","twitter_creator":"@https:\/\/twitter.com\/Nico_Jacquemard","twitter_site":"@dicodusport","schema":{"@context":"https:\/\/schema.org","@graph":[{"@type":"NewsArticle","@id":"https:\/\/dicodusport.fr\/blog\/thibaut-pinot-mon-seul-ennemi-cest-moi-cest-ma-fragilite\/#article","isPartOf":{"@id":"https:\/\/dicodusport.fr\/blog\/thibaut-pinot-mon-seul-ennemi-cest-moi-cest-ma-fragilite\/"},"author":{"name":"Nicolas Jacquemard","@id":"https:\/\/dicodusport.fr\/blog\/#\/schema\/person\/55dcb50ad410894e431ed812bbb70191"},"headline":"Thibaut Pinot : \u00ab\u00a0Mon seul ennemi c&rsquo;est moi, c&rsquo;est ma fragilit\u00e9\u00a0\u00bb","datePublished":"2023-09-20T10:53:27+00:00","dateModified":"2023-09-20T11:05:39+00:00","mainEntityOfPage":{"@id":"https:\/\/dicodusport.fr\/blog\/thibaut-pinot-mon-seul-ennemi-cest-moi-cest-ma-fragilite\/"},"wordCount":514,"commentCount":0,"publisher":{"@id":"https:\/\/dicodusport.fr\/blog\/#organization"},"image":{"@id":"https:\/\/dicodusport.fr\/blog\/thibaut-pinot-mon-seul-ennemi-cest-moi-cest-ma-fragilite\/#primaryimage"},"thumbnailUrl":"https:\/\/dicodusport.fr\/blog\/wp-content\/uploads\/2023\/09\/Thibaut-Pinot-Mon-seul-ennemi-cest-moi-cest-ma-fragilite.jpg","keywords":["br\u00e8ve","Groupama FDJ","Pinot","Thibaut Pinot"],"articleSection":["Cyclisme sur route"],"inLanguage":"fr-FR","potentialAction":[{"@type":"CommentAction","name":"Comment","target":["https:\/\/dicodusport.fr\/blog\/thibaut-pinot-mon-seul-ennemi-cest-moi-cest-ma-fragilite\/#respond"]}],"copyrightYear":"2023","copyrightHolder":{"@id":"https:\/\/dicodusport.fr\/blog\/#organization"}},{"@type":"WebPage","@id":"https:\/\/dicodusport.fr\/blog\/thibaut-pinot-mon-seul-ennemi-cest-moi-cest-ma-fragilite\/","url":"https:\/\/dicodusport.fr\/blog\/thibaut-pinot-mon-seul-ennemi-cest-moi-cest-ma-fragilite\/","name":"Thibaut Pinot : \"Mon seul ennemi c'est moi, c'est ma fragilit\u00e9\"","isPartOf":{"@id":"https:\/\/dicodusport.fr\/blog\/#website"},"primaryImageOfPage":{"@id":"https:\/\/dicodusport.fr\/blog\/thibaut-pinot-mon-seul-ennemi-cest-moi-cest-ma-fragilite\/#primaryimage"},"image":{"@id":"https:\/\/dicodusport.fr\/blog\/thibaut-pinot-mon-seul-ennemi-cest-moi-cest-ma-fragilite\/#primaryimage"},"thumbnailUrl":"https:\/\/dicodusport.fr\/blog\/wp-content\/uploads\/2023\/09\/Thibaut-Pinot-Mon-seul-ennemi-cest-moi-cest-ma-fragilite.jpg","datePublished":"2023-09-20T10:53:27+00:00","dateModified":"2023-09-20T11:05:39+00:00","description":"CYCLISME SUR ROUTE 2023 - Thibaut Pinot (Groupama-FDJ) s'est longuement confi\u00e9 dans le Bistrot V\u00e9lo d'Eurosport.","breadcrumb":{"@id":"https:\/\/dicodusport.fr\/blog\/thibaut-pinot-mon-seul-ennemi-cest-moi-cest-ma-fragilite\/#breadcrumb"},"inLanguage":"fr-FR","potentialAction":[{"@type":"ReadAction","target":["https:\/\/dicodusport.fr\/blog\/thibaut-pinot-mon-seul-ennemi-cest-moi-cest-ma-fragilite\/"]}]},{"@type":"ImageObject","inLanguage":"fr-FR","@id":"https:\/\/dicodusport.fr\/blog\/thibaut-pinot-mon-seul-ennemi-cest-moi-cest-ma-fragilite\/#primaryimage","url":"https:\/\/dicodusport.fr\/blog\/wp-content\/uploads\/2023\/09\/Thibaut-Pinot-Mon-seul-ennemi-cest-moi-cest-ma-fragilite.jpg","contentUrl":"https:\/\/dicodusport.fr\/blog\/wp-content\/uploads\/2023\/09\/Thibaut-Pinot-Mon-seul-ennemi-cest-moi-cest-ma-fragilite.jpg","width":800,"height":445},{"@type":"BreadcrumbList","@id":"https:\/\/dicodusport.fr\/blog\/thibaut-pinot-mon-seul-ennemi-cest-moi-cest-ma-fragilite\/#breadcrumb","itemListElement":[{"@type":"ListItem","position":1,"name":"Accueil","item":"https:\/\/dicodusport.fr\/blog\/"},{"@type":"ListItem","position":2,"name":"Thibaut Pinot : \u00ab\u00a0Mon seul ennemi c&rsquo;est moi, c&rsquo;est ma fragilit\u00e9\u00a0\u00bb"}]},{"@type":"WebSite","@id":"https:\/\/dicodusport.fr\/blog\/#website","url":"https:\/\/dicodusport.fr\/blog\/","name":"Dicodusport","description":"L&#039;encyclop\u00e9die de l&#039;actualit\u00e9 sportive","publisher":{"@id":"https:\/\/dicodusport.fr\/blog\/#organization"},"potentialAction":[{"@type":"SearchAction","target":{"@type":"EntryPoint","urlTemplate":"https:\/\/dicodusport.fr\/blog\/?s={search_term_string}"},"query-input":{"@type":"PropertyValueSpecification","valueRequired":true,"valueName":"search_term_string"}}],"inLanguage":"fr-FR"},{"@type":"NewsMediaOrganization","@id":"https:\/\/dicodusport.fr\/blog\/#organization","name":"Dicodusport","url":"https:\/\/dicodusport.fr\/blog\/","logo":{"@type":"ImageObject","inLanguage":"fr-FR","@id":"https:\/\/dicodusport.fr\/blog\/#\/schema\/logo\/image\/","url":"https:\/\/dicodusport.fr\/blog\/wp-content\/uploads\/2020\/06\/cropped-LOGO-DICODUSPORT-2020-SANS-FOND-SANS-TEXTE.png","contentUrl":"https:\/\/dicodusport.fr\/blog\/wp-content\/uploads\/2020\/06\/cropped-LOGO-DICODUSPORT-2020-SANS-FOND-SANS-TEXTE.png","width":512,"height":512,"caption":"Dicodusport"},"image":{"@id":"https:\/\/dicodusport.fr\/blog\/#\/schema\/logo\/image\/"},"sameAs":["https:\/\/www.facebook.com\/dicodusport","https:\/\/x.com\/dicodusport","https:\/\/www.instagram.com\/dicodusport\/","https:\/\/www.youtube.com\/channel\/UC7V2KZ5sd3htJivAbA4ZG3w"],"description":"Dicodusport est l'encyclop\u00e9die de l'actualit\u00e9 sportive.","email":"bonjour@dicodusport.fr","legalName":"DICODUSPORT","foundingDate":"2018-01-14","vatID":"FR71834470973","taxID":"83447097300043","numberOfEmployees":{"@type":"QuantitativeValue","minValue":"1","maxValue":"10"}},{"@type":"Person","@id":"https:\/\/dicodusport.fr\/blog\/#\/schema\/person\/55dcb50ad410894e431ed812bbb70191","name":"Nicolas Jacquemard","image":{"@type":"ImageObject","inLanguage":"fr-FR","@id":"https:\/\/dicodusport.fr\/blog\/#\/schema\/person\/image\/","url":"https:\/\/dicodusport.fr\/blog\/wp-content\/uploads\/2021\/05\/Nicolas-Jacquemard-150x150.jpeg","contentUrl":"https:\/\/dicodusport.fr\/blog\/wp-content\/uploads\/2021\/05\/Nicolas-Jacquemard-150x150.jpeg","caption":"Nicolas Jacquemard"},"description":"Passionn\u00e9 de sport et entrepreneur depuis mes 18 ans, la cr\u00e9ation de Dicodusport m'a sembl\u00e9 \u00e9vidente pour participer \u00e0 la m\u00e9diatisation d'un plus grand nombre de sports. Le chemin est long mais avec une \u00e9quipe des plus motiv\u00e9es et les Jeux Olympiques de Paris 2024 en point de mire, nous y arriverons ! Journaliste dans le monde du sport depuis plus de 5 ans, je traite aussi bien de football, de rugby, de biathlon que de cyclisme.","sameAs":["https:\/\/www.facebook.com\/dicodusport","https:\/\/x.com\/https:\/\/twitter.com\/Nico_Jacquemard"],"url":"https:\/\/dicodusport.fr\/blog\/author\/dicodusport\/"}]}},"_links":{"self":[{"href":"https:\/\/dicodusport.fr\/blog\/wp-json\/wp\/v2\/posts\/420902","targetHints":{"allow":["GET"]}}],"collection":[{"href":"https:\/\/dicodusport.fr\/blog\/wp-json\/wp\/v2\/posts"}],"about":[{"href":"https:\/\/dicodusport.fr\/blog\/wp-json\/wp\/v2\/types\/post"}],"author":[{"embeddable":true,"href":"https:\/\/dicodusport.fr\/blog\/wp-json\/wp\/v2\/users\/1"}],"replies":[{"embeddable":true,"href":"https:\/\/dicodusport.fr\/blog\/wp-json\/wp\/v2\/comments?post=420902"}],"version-history":[{"count":0,"href":"https:\/\/dicodusport.fr\/blog\/wp-json\/wp\/v2\/posts\/420902\/revisions"}],"wp:featuredmedia":[{"embeddable":true,"href":"https:\/\/dicodusport.fr\/blog\/wp-json\/wp\/v2\/media\/420903"}],"wp:attachment":[{"href":"https:\/\/dicodusport.fr\/blog\/wp-json\/wp\/v2\/media?parent=420902"}],"wp:term":[{"taxonomy":"category","embeddable":true,"href":"https:\/\/dicodusport.fr\/blog\/wp-json\/wp\/v2\/categories?post=420902"},{"taxonomy":"post_tag","embeddable":true,"href":"https:\/\/dicodusport.fr\/blog\/wp-json\/wp\/v2\/tags?post=420902"}],"curies":[{"name":"wp","href":"https:\/\/api.w.org\/{rel}","templated":true}]}}