{"id":421039,"date":"2023-09-20T18:07:13","date_gmt":"2023-09-20T16:07:13","guid":{"rendered":"https:\/\/dicodusport.fr\/blog\/?p=421039&#038;preview=true&#038;preview_id=421039"},"modified":"2023-09-20T20:17:25","modified_gmt":"2023-09-20T18:17:25","slug":"biathlon-le-grand-bornand-se-positionne-sur-lorganisation-des-mondiaux-de-biathlon-2028-ou-2029","status":"publish","type":"post","link":"https:\/\/dicodusport.fr\/blog\/biathlon-le-grand-bornand-se-positionne-sur-lorganisation-des-mondiaux-de-biathlon-2028-ou-2029\/","title":{"rendered":"Biathlon : Le Grand-Bornand se positionne sur l\u2019organisation des Mondiaux de biathlon 2028 ou 2029"},"content":{"rendered":"<p style=\"text-align: justify;\"><em><strong><a href=\"https:\/\/dicodusport.fr\/blog\/actualites\/biathlon\/\">BIATHLON<\/a> &#8211; La France pourrait accueillir les Mondiaux de biathlon, puisque le Grand-Bornand souhaite proposer une candidature, soit en 2028, soit en 2029.<\/strong><\/em><\/p>\n<h2 style=\"text-align: justify;\">Va-t-on enfin assister \u00e0 des championnats du monde de biathlon en France ?<\/h2>\n<p style=\"text-align: justify;\">C\u2019est en tout cas une id\u00e9e qui fait son chemin. En effet, la c\u00e9l\u00e8bre station du <strong>Grand-Bornand<\/strong> va organiser, le 25 septembre prochain, une r\u00e9union publique afin d\u2019exposer son projet d\u2019organisation des <strong>Mondiaux de biathlon en 2028 ou 2029.<\/strong><\/p>\n<p style=\"text-align: justify;\">Cette r\u00e9union visera \u00e9galement \u00e0 interroger les habitants sur leur souhait d\u2019adh\u00e9rer ou non \u00e0 l\u2019organisation de ces championnats.<\/p>\n<p style=\"text-align: justify;\">Si l\u2019on est d\u00e9sormais habitu\u00e9 \u00e0 voir une \u00e9tape de Coupe du monde se d\u00e9rouler en France dans cette station, ce serait une premi\u00e8re d\u2019y contempler des championnats du monde. Pour rappel, jamais la France n\u2019a accueilli des Mondiaux de biathlon.<\/p>\n<p style=\"text-align: justify;\">Si la candidature du <strong>Grand-Bornand<\/strong> est confirm\u00e9e, elle sera oppos\u00e9e \u00e0 de s\u00e9rieux clients puisque <strong>Kontiolahti (Finlande)<\/strong> souhaite se positionner sur les Mondiaux 2028, et l\u2019Autriche sur ceux de 2029.<\/p>\n<blockquote class=\"twitter-tweet\">\n<p dir=\"ltr\" lang=\"fr\">La France n&rsquo;a jamais accueilli de Mondiaux de biathlon : <a href=\"https:\/\/t.co\/ApGJmYvRuW\">https:\/\/t.co\/ApGJmYvRuW<\/a> <a href=\"https:\/\/t.co\/OvJYbWaq3L\">pic.twitter.com\/OvJYbWaq3L<\/a><\/p>\n<p>\u2014 la chaine L&rsquo;\u00c9quipe (@lachainelequipe) <a href=\"https:\/\/twitter.com\/lachainelequipe\/status\/1704203952118476900?ref_src=twsrc%5Etfw\">September 19, 2023<\/a><\/p><\/blockquote>\n<p><script async src=\"https:\/\/platform.twitter.com\/widgets.js\" charset=\"utf-8\"><\/script><\/p>\n<p align=\"justify\">\n","protected":false},"excerpt":{"rendered":"<p>BIATHLON &#8211; La France pourrait accueillir les Mondiaux de biathlon, puisque le Grand-Bornand souhaite proposer une candidature, soit en 2028, soit en 2029.<\/p>\n","protected":false},"author":89,"featured_media":421091,"comment_status":"open","ping_status":"closed","sticky":false,"template":"","format":"standard","meta":{"_acf_changed":false,"_daextam_enable_autolinks":"","footnotes":""},"categories":[2426],"tags":[2427,16878,3040,2927],"class_list":["post-421039","post","type-post","status-publish","format-standard","has-post-thumbnail","hentry","category-biathlon","tag-biathlon","tag-breve","tag-championnats-du-monde","tag-le-grand-bornand"],"acf":[],"yoast_head":"<!-- This site is optimized with the Yoast SEO Premium plugin v26.7 (Yoast SEO v26.7) - https:\/\/yoast.com\/wordpress\/plugins\/seo\/ -->\n<title>Biathlon : Le Grand-Bornand se positionne sur l\u2019organisation des Mondiaux de biathlon 2028 ou 2029<\/title>\n<meta name=\"description\" content=\"BIATHLON - La France pourrait accueillir les Mondiaux de biathlon, puisque le Grand-Bornand souhaite proposer une candidature.\" \/>\n<meta name=\"robots\" content=\"index, follow, max-snippet:-1, max-image-preview:large, max-video-preview:-1\" \/>\n<link rel=\"canonical\" href=\"https:\/\/dicodusport.fr\/blog\/biathlon-le-grand-bornand-se-positionne-sur-lorganisation-des-mondiaux-de-biathlon-2028-ou-2029\/\" \/>\n<meta property=\"og:locale\" content=\"fr_FR\" \/>\n<meta property=\"og:type\" content=\"article\" \/>\n<meta property=\"og:title\" content=\"Biathlon : Le Grand-Bornand se positionne sur l\u2019organisation des Mondiaux de biathlon 2028 ou 2029\" \/>\n<meta property=\"og:description\" content=\"BIATHLON - La France pourrait accueillir les Mondiaux de biathlon, puisque le Grand-Bornand souhaite proposer une candidature.\" \/>\n<meta property=\"og:url\" content=\"https:\/\/dicodusport.fr\/blog\/biathlon-le-grand-bornand-se-positionne-sur-lorganisation-des-mondiaux-de-biathlon-2028-ou-2029\/\" \/>\n<meta property=\"og:site_name\" content=\"Dicodusport\" \/>\n<meta property=\"article:publisher\" content=\"https:\/\/www.facebook.com\/dicodusport\" \/>\n<meta property=\"article:published_time\" content=\"2023-09-20T16:07:13+00:00\" \/>\n<meta property=\"article:modified_time\" content=\"2023-09-20T18:17:25+00:00\" \/>\n<meta property=\"og:image\" content=\"https:\/\/dicodusport.fr\/blog\/wp-content\/uploads\/2023\/09\/Biathlon-Le-Grand-Bornand-se-positionne-sur-lorganisation-des-Mondiaux-de-biathlon-2028-ou-2029.png\" \/>\n\t<meta property=\"og:image:width\" content=\"800\" \/>\n\t<meta property=\"og:image:height\" content=\"445\" \/>\n\t<meta property=\"og:image:type\" content=\"image\/png\" \/>\n<meta name=\"author\" content=\"Louka Lesueur\" \/>\n<meta name=\"twitter:card\" content=\"summary_large_image\" \/>\n<meta name=\"twitter:title\" content=\"Biathlon : Le Grand-Bornand se positionne sur l\u2019organisation des Mondiaux de biathlon 2028 ou 2029\" \/>\n<meta name=\"twitter:creator\" content=\"@https:\/\/twitter.com\/LNewsSF\" \/>\n<meta name=\"twitter:site\" content=\"@dicodusport\" \/>\n<script type=\"application\/ld+json\" class=\"yoast-schema-graph\">{\"@context\":\"https:\/\/schema.org\",\"@graph\":[{\"@type\":\"NewsArticle\",\"@id\":\"https:\/\/dicodusport.fr\/blog\/biathlon-le-grand-bornand-se-positionne-sur-lorganisation-des-mondiaux-de-biathlon-2028-ou-2029\/#article\",\"isPartOf\":{\"@id\":\"https:\/\/dicodusport.fr\/blog\/biathlon-le-grand-bornand-se-positionne-sur-lorganisation-des-mondiaux-de-biathlon-2028-ou-2029\/\"},\"author\":{\"name\":\"Louka Lesueur\",\"@id\":\"https:\/\/dicodusport.fr\/blog\/#\/schema\/person\/54b6cdccebdfcd5a1036c594aecffc2a\"},\"headline\":\"Biathlon : Le Grand-Bornand se positionne sur l\u2019organisation des Mondiaux de biathlon 2028 ou 2029\",\"datePublished\":\"2023-09-20T16:07:13+00:00\",\"dateModified\":\"2023-09-20T18:17:25+00:00\",\"mainEntityOfPage\":{\"@id\":\"https:\/\/dicodusport.fr\/blog\/biathlon-le-grand-bornand-se-positionne-sur-lorganisation-des-mondiaux-de-biathlon-2028-ou-2029\/\"},\"wordCount\":211,\"commentCount\":0,\"publisher\":{\"@id\":\"https:\/\/dicodusport.fr\/blog\/#organization\"},\"image\":{\"@id\":\"https:\/\/dicodusport.fr\/blog\/biathlon-le-grand-bornand-se-positionne-sur-lorganisation-des-mondiaux-de-biathlon-2028-ou-2029\/#primaryimage\"},\"thumbnailUrl\":\"https:\/\/dicodusport.fr\/blog\/wp-content\/uploads\/2023\/09\/Biathlon-Le-Grand-Bornand-se-positionne-sur-lorganisation-des-Mondiaux-de-biathlon-2028-ou-2029.png\",\"keywords\":[\"Biathlon\",\"br\u00e8ve\",\"Championnats du Monde\",\"Le Grand Bornand\"],\"articleSection\":[\"Biathlon\"],\"inLanguage\":\"fr-FR\",\"potentialAction\":[{\"@type\":\"CommentAction\",\"name\":\"Comment\",\"target\":[\"https:\/\/dicodusport.fr\/blog\/biathlon-le-grand-bornand-se-positionne-sur-lorganisation-des-mondiaux-de-biathlon-2028-ou-2029\/#respond\"]}],\"copyrightYear\":\"2023\",\"copyrightHolder\":{\"@id\":\"https:\/\/dicodusport.fr\/blog\/#organization\"}},{\"@type\":\"WebPage\",\"@id\":\"https:\/\/dicodusport.fr\/blog\/biathlon-le-grand-bornand-se-positionne-sur-lorganisation-des-mondiaux-de-biathlon-2028-ou-2029\/\",\"url\":\"https:\/\/dicodusport.fr\/blog\/biathlon-le-grand-bornand-se-positionne-sur-lorganisation-des-mondiaux-de-biathlon-2028-ou-2029\/\",\"name\":\"Biathlon : Le Grand-Bornand se positionne sur l\u2019organisation des Mondiaux de biathlon 2028 ou 2029\",\"isPartOf\":{\"@id\":\"https:\/\/dicodusport.fr\/blog\/#website\"},\"primaryImageOfPage\":{\"@id\":\"https:\/\/dicodusport.fr\/blog\/biathlon-le-grand-bornand-se-positionne-sur-lorganisation-des-mondiaux-de-biathlon-2028-ou-2029\/#primaryimage\"},\"image\":{\"@id\":\"https:\/\/dicodusport.fr\/blog\/biathlon-le-grand-bornand-se-positionne-sur-lorganisation-des-mondiaux-de-biathlon-2028-ou-2029\/#primaryimage\"},\"thumbnailUrl\":\"https:\/\/dicodusport.fr\/blog\/wp-content\/uploads\/2023\/09\/Biathlon-Le-Grand-Bornand-se-positionne-sur-lorganisation-des-Mondiaux-de-biathlon-2028-ou-2029.png\",\"datePublished\":\"2023-09-20T16:07:13+00:00\",\"dateModified\":\"2023-09-20T18:17:25+00:00\",\"description\":\"BIATHLON - La France pourrait accueillir les Mondiaux de biathlon, puisque le Grand-Bornand souhaite proposer une candidature.\",\"breadcrumb\":{\"@id\":\"https:\/\/dicodusport.fr\/blog\/biathlon-le-grand-bornand-se-positionne-sur-lorganisation-des-mondiaux-de-biathlon-2028-ou-2029\/#breadcrumb\"},\"inLanguage\":\"fr-FR\",\"potentialAction\":[{\"@type\":\"ReadAction\",\"target\":[\"https:\/\/dicodusport.fr\/blog\/biathlon-le-grand-bornand-se-positionne-sur-lorganisation-des-mondiaux-de-biathlon-2028-ou-2029\/\"]}]},{\"@type\":\"ImageObject\",\"inLanguage\":\"fr-FR\",\"@id\":\"https:\/\/dicodusport.fr\/blog\/biathlon-le-grand-bornand-se-positionne-sur-lorganisation-des-mondiaux-de-biathlon-2028-ou-2029\/#primaryimage\",\"url\":\"https:\/\/dicodusport.fr\/blog\/wp-content\/uploads\/2023\/09\/Biathlon-Le-Grand-Bornand-se-positionne-sur-lorganisation-des-Mondiaux-de-biathlon-2028-ou-2029.png\",\"contentUrl\":\"https:\/\/dicodusport.fr\/blog\/wp-content\/uploads\/2023\/09\/Biathlon-Le-Grand-Bornand-se-positionne-sur-lorganisation-des-Mondiaux-de-biathlon-2028-ou-2029.png\",\"width\":800,\"height\":445,\"caption\":\"Biathlon Le Grand-Bornand se positionne sur l\u2019organisation des Mondiaux de biathlon 2028 ou 2029\"},{\"@type\":\"BreadcrumbList\",\"@id\":\"https:\/\/dicodusport.fr\/blog\/biathlon-le-grand-bornand-se-positionne-sur-lorganisation-des-mondiaux-de-biathlon-2028-ou-2029\/#breadcrumb\",\"itemListElement\":[{\"@type\":\"ListItem\",\"position\":1,\"name\":\"Accueil\",\"item\":\"https:\/\/dicodusport.fr\/blog\/\"},{\"@type\":\"ListItem\",\"position\":2,\"name\":\"Biathlon : Le Grand-Bornand se positionne sur l\u2019organisation des Mondiaux de biathlon 2028 ou 2029\"}]},{\"@type\":\"WebSite\",\"@id\":\"https:\/\/dicodusport.fr\/blog\/#website\",\"url\":\"https:\/\/dicodusport.fr\/blog\/\",\"name\":\"Dicodusport\",\"description\":\"L&#039;encyclop\u00e9die de l&#039;actualit\u00e9 sportive\",\"publisher\":{\"@id\":\"https:\/\/dicodusport.fr\/blog\/#organization\"},\"potentialAction\":[{\"@type\":\"SearchAction\",\"target\":{\"@type\":\"EntryPoint\",\"urlTemplate\":\"https:\/\/dicodusport.fr\/blog\/?s={search_term_string}\"},\"query-input\":{\"@type\":\"PropertyValueSpecification\",\"valueRequired\":true,\"valueName\":\"search_term_string\"}}],\"inLanguage\":\"fr-FR\"},{\"@type\":\"NewsMediaOrganization\",\"@id\":\"https:\/\/dicodusport.fr\/blog\/#organization\",\"name\":\"Dicodusport\",\"url\":\"https:\/\/dicodusport.fr\/blog\/\",\"logo\":{\"@type\":\"ImageObject\",\"inLanguage\":\"fr-FR\",\"@id\":\"https:\/\/dicodusport.fr\/blog\/#\/schema\/logo\/image\/\",\"url\":\"https:\/\/dicodusport.fr\/blog\/wp-content\/uploads\/2020\/06\/cropped-LOGO-DICODUSPORT-2020-SANS-FOND-SANS-TEXTE.png\",\"contentUrl\":\"https:\/\/dicodusport.fr\/blog\/wp-content\/uploads\/2020\/06\/cropped-LOGO-DICODUSPORT-2020-SANS-FOND-SANS-TEXTE.png\",\"width\":512,\"height\":512,\"caption\":\"Dicodusport\"},\"image\":{\"@id\":\"https:\/\/dicodusport.fr\/blog\/#\/schema\/logo\/image\/\"},\"sameAs\":[\"https:\/\/www.facebook.com\/dicodusport\",\"https:\/\/x.com\/dicodusport\",\"https:\/\/www.instagram.com\/dicodusport\/\",\"https:\/\/www.youtube.com\/channel\/UC7V2KZ5sd3htJivAbA4ZG3w\"],\"description\":\"Dicodusport est l'encyclop\u00e9die de l'actualit\u00e9 sportive.\",\"email\":\"bonjour@dicodusport.fr\",\"legalName\":\"DICODUSPORT\",\"foundingDate\":\"2018-01-14\",\"vatID\":\"FR71834470973\",\"taxID\":\"83447097300043\",\"numberOfEmployees\":{\"@type\":\"QuantitativeValue\",\"minValue\":\"1\",\"maxValue\":\"10\"}},{\"@type\":\"Person\",\"@id\":\"https:\/\/dicodusport.fr\/blog\/#\/schema\/person\/54b6cdccebdfcd5a1036c594aecffc2a\",\"name\":\"Louka Lesueur\",\"image\":{\"@type\":\"ImageObject\",\"inLanguage\":\"fr-FR\",\"@id\":\"https:\/\/dicodusport.fr\/blog\/#\/schema\/person\/image\/\",\"url\":\"https:\/\/dicodusport.fr\/blog\/wp-content\/uploads\/2023\/09\/IMG_2783-150x150.jpeg\",\"contentUrl\":\"https:\/\/dicodusport.fr\/blog\/wp-content\/uploads\/2023\/09\/IMG_2783-150x150.jpeg\",\"caption\":\"Louka Lesueur\"},\"description\":\"Passionn\u00e9 depuis tout petit par les exploits de Bolt, Fourcade, Riner, Lavillenie, Wilkinson, Hirscher. Les \u00e9motions provoqu\u00e9es par le sport ont berc\u00e9 mon enfance et continuent de le faire aujourd'hui. C'est ainsi qu'il m'est arriv\u00e9 de pleurer devant la d\u00e9faite des Bleus face aux Blacks en 2011, ou encore devant le titre olympique de Florent Manaudou \u00e0 Londres. Bien loin de ce milieu professionnel, j'ai os\u00e9 tenter ma chance pour rejoindre l'\u00e9quipe de r\u00e9daction de Dicodusport, et depuis septembre 2023, je tente de retransmettre au mieux les exploits des athl\u00e8tes, tous sports confondus. Grand chauvin, c'est bel et bien sur les sportifs tricolores que je pr\u00e9f\u00e8re \u00e9crire.\",\"sameAs\":[\"https:\/\/x.com\/https:\/\/twitter.com\/LNewsSF\"],\"gender\":\"Homme\",\"worksFor\":\"Louka LESUEUR\",\"url\":\"https:\/\/dicodusport.fr\/blog\/author\/louka-lesueur\/\"}]}<\/script>\n<!-- \/ Yoast SEO Premium plugin. -->","yoast_head_json":{"title":"Biathlon : Le Grand-Bornand se positionne sur l\u2019organisation des Mondiaux de biathlon 2028 ou 2029","description":"BIATHLON - La France pourrait accueillir les Mondiaux de biathlon, puisque le Grand-Bornand souhaite proposer une candidature.","robots":{"index":"index","follow":"follow","max-snippet":"max-snippet:-1","max-image-preview":"max-image-preview:large","max-video-preview":"max-video-preview:-1"},"canonical":"https:\/\/dicodusport.fr\/blog\/biathlon-le-grand-bornand-se-positionne-sur-lorganisation-des-mondiaux-de-biathlon-2028-ou-2029\/","og_locale":"fr_FR","og_type":"article","og_title":"Biathlon : Le Grand-Bornand se positionne sur l\u2019organisation des Mondiaux de biathlon 2028 ou 2029","og_description":"BIATHLON - La France pourrait accueillir les Mondiaux de biathlon, puisque le Grand-Bornand souhaite proposer une candidature.","og_url":"https:\/\/dicodusport.fr\/blog\/biathlon-le-grand-bornand-se-positionne-sur-lorganisation-des-mondiaux-de-biathlon-2028-ou-2029\/","og_site_name":"Dicodusport","article_publisher":"https:\/\/www.facebook.com\/dicodusport","article_published_time":"2023-09-20T16:07:13+00:00","article_modified_time":"2023-09-20T18:17:25+00:00","og_image":[{"width":800,"height":445,"url":"https:\/\/dicodusport.fr\/blog\/wp-content\/uploads\/2023\/09\/Biathlon-Le-Grand-Bornand-se-positionne-sur-lorganisation-des-Mondiaux-de-biathlon-2028-ou-2029.png","type":"image\/png"}],"author":"Louka Lesueur","twitter_card":"summary_large_image","twitter_title":"Biathlon : Le Grand-Bornand se positionne sur l\u2019organisation des Mondiaux de biathlon 2028 ou 2029","twitter_creator":"@https:\/\/twitter.com\/LNewsSF","twitter_site":"@dicodusport","schema":{"@context":"https:\/\/schema.org","@graph":[{"@type":"NewsArticle","@id":"https:\/\/dicodusport.fr\/blog\/biathlon-le-grand-bornand-se-positionne-sur-lorganisation-des-mondiaux-de-biathlon-2028-ou-2029\/#article","isPartOf":{"@id":"https:\/\/dicodusport.fr\/blog\/biathlon-le-grand-bornand-se-positionne-sur-lorganisation-des-mondiaux-de-biathlon-2028-ou-2029\/"},"author":{"name":"Louka Lesueur","@id":"https:\/\/dicodusport.fr\/blog\/#\/schema\/person\/54b6cdccebdfcd5a1036c594aecffc2a"},"headline":"Biathlon : Le Grand-Bornand se positionne sur l\u2019organisation des Mondiaux de biathlon 2028 ou 2029","datePublished":"2023-09-20T16:07:13+00:00","dateModified":"2023-09-20T18:17:25+00:00","mainEntityOfPage":{"@id":"https:\/\/dicodusport.fr\/blog\/biathlon-le-grand-bornand-se-positionne-sur-lorganisation-des-mondiaux-de-biathlon-2028-ou-2029\/"},"wordCount":211,"commentCount":0,"publisher":{"@id":"https:\/\/dicodusport.fr\/blog\/#organization"},"image":{"@id":"https:\/\/dicodusport.fr\/blog\/biathlon-le-grand-bornand-se-positionne-sur-lorganisation-des-mondiaux-de-biathlon-2028-ou-2029\/#primaryimage"},"thumbnailUrl":"https:\/\/dicodusport.fr\/blog\/wp-content\/uploads\/2023\/09\/Biathlon-Le-Grand-Bornand-se-positionne-sur-lorganisation-des-Mondiaux-de-biathlon-2028-ou-2029.png","keywords":["Biathlon","br\u00e8ve","Championnats du Monde","Le Grand Bornand"],"articleSection":["Biathlon"],"inLanguage":"fr-FR","potentialAction":[{"@type":"CommentAction","name":"Comment","target":["https:\/\/dicodusport.fr\/blog\/biathlon-le-grand-bornand-se-positionne-sur-lorganisation-des-mondiaux-de-biathlon-2028-ou-2029\/#respond"]}],"copyrightYear":"2023","copyrightHolder":{"@id":"https:\/\/dicodusport.fr\/blog\/#organization"}},{"@type":"WebPage","@id":"https:\/\/dicodusport.fr\/blog\/biathlon-le-grand-bornand-se-positionne-sur-lorganisation-des-mondiaux-de-biathlon-2028-ou-2029\/","url":"https:\/\/dicodusport.fr\/blog\/biathlon-le-grand-bornand-se-positionne-sur-lorganisation-des-mondiaux-de-biathlon-2028-ou-2029\/","name":"Biathlon : Le Grand-Bornand se positionne sur l\u2019organisation des Mondiaux de biathlon 2028 ou 2029","isPartOf":{"@id":"https:\/\/dicodusport.fr\/blog\/#website"},"primaryImageOfPage":{"@id":"https:\/\/dicodusport.fr\/blog\/biathlon-le-grand-bornand-se-positionne-sur-lorganisation-des-mondiaux-de-biathlon-2028-ou-2029\/#primaryimage"},"image":{"@id":"https:\/\/dicodusport.fr\/blog\/biathlon-le-grand-bornand-se-positionne-sur-lorganisation-des-mondiaux-de-biathlon-2028-ou-2029\/#primaryimage"},"thumbnailUrl":"https:\/\/dicodusport.fr\/blog\/wp-content\/uploads\/2023\/09\/Biathlon-Le-Grand-Bornand-se-positionne-sur-lorganisation-des-Mondiaux-de-biathlon-2028-ou-2029.png","datePublished":"2023-09-20T16:07:13+00:00","dateModified":"2023-09-20T18:17:25+00:00","description":"BIATHLON - La France pourrait accueillir les Mondiaux de biathlon, puisque le Grand-Bornand souhaite proposer une candidature.","breadcrumb":{"@id":"https:\/\/dicodusport.fr\/blog\/biathlon-le-grand-bornand-se-positionne-sur-lorganisation-des-mondiaux-de-biathlon-2028-ou-2029\/#breadcrumb"},"inLanguage":"fr-FR","potentialAction":[{"@type":"ReadAction","target":["https:\/\/dicodusport.fr\/blog\/biathlon-le-grand-bornand-se-positionne-sur-lorganisation-des-mondiaux-de-biathlon-2028-ou-2029\/"]}]},{"@type":"ImageObject","inLanguage":"fr-FR","@id":"https:\/\/dicodusport.fr\/blog\/biathlon-le-grand-bornand-se-positionne-sur-lorganisation-des-mondiaux-de-biathlon-2028-ou-2029\/#primaryimage","url":"https:\/\/dicodusport.fr\/blog\/wp-content\/uploads\/2023\/09\/Biathlon-Le-Grand-Bornand-se-positionne-sur-lorganisation-des-Mondiaux-de-biathlon-2028-ou-2029.png","contentUrl":"https:\/\/dicodusport.fr\/blog\/wp-content\/uploads\/2023\/09\/Biathlon-Le-Grand-Bornand-se-positionne-sur-lorganisation-des-Mondiaux-de-biathlon-2028-ou-2029.png","width":800,"height":445,"caption":"Biathlon Le Grand-Bornand se positionne sur l\u2019organisation des Mondiaux de biathlon 2028 ou 2029"},{"@type":"BreadcrumbList","@id":"https:\/\/dicodusport.fr\/blog\/biathlon-le-grand-bornand-se-positionne-sur-lorganisation-des-mondiaux-de-biathlon-2028-ou-2029\/#breadcrumb","itemListElement":[{"@type":"ListItem","position":1,"name":"Accueil","item":"https:\/\/dicodusport.fr\/blog\/"},{"@type":"ListItem","position":2,"name":"Biathlon : Le Grand-Bornand se positionne sur l\u2019organisation des Mondiaux de biathlon 2028 ou 2029"}]},{"@type":"WebSite","@id":"https:\/\/dicodusport.fr\/blog\/#website","url":"https:\/\/dicodusport.fr\/blog\/","name":"Dicodusport","description":"L&#039;encyclop\u00e9die de l&#039;actualit\u00e9 sportive","publisher":{"@id":"https:\/\/dicodusport.fr\/blog\/#organization"},"potentialAction":[{"@type":"SearchAction","target":{"@type":"EntryPoint","urlTemplate":"https:\/\/dicodusport.fr\/blog\/?s={search_term_string}"},"query-input":{"@type":"PropertyValueSpecification","valueRequired":true,"valueName":"search_term_string"}}],"inLanguage":"fr-FR"},{"@type":"NewsMediaOrganization","@id":"https:\/\/dicodusport.fr\/blog\/#organization","name":"Dicodusport","url":"https:\/\/dicodusport.fr\/blog\/","logo":{"@type":"ImageObject","inLanguage":"fr-FR","@id":"https:\/\/dicodusport.fr\/blog\/#\/schema\/logo\/image\/","url":"https:\/\/dicodusport.fr\/blog\/wp-content\/uploads\/2020\/06\/cropped-LOGO-DICODUSPORT-2020-SANS-FOND-SANS-TEXTE.png","contentUrl":"https:\/\/dicodusport.fr\/blog\/wp-content\/uploads\/2020\/06\/cropped-LOGO-DICODUSPORT-2020-SANS-FOND-SANS-TEXTE.png","width":512,"height":512,"caption":"Dicodusport"},"image":{"@id":"https:\/\/dicodusport.fr\/blog\/#\/schema\/logo\/image\/"},"sameAs":["https:\/\/www.facebook.com\/dicodusport","https:\/\/x.com\/dicodusport","https:\/\/www.instagram.com\/dicodusport\/","https:\/\/www.youtube.com\/channel\/UC7V2KZ5sd3htJivAbA4ZG3w"],"description":"Dicodusport est l'encyclop\u00e9die de l'actualit\u00e9 sportive.","email":"bonjour@dicodusport.fr","legalName":"DICODUSPORT","foundingDate":"2018-01-14","vatID":"FR71834470973","taxID":"83447097300043","numberOfEmployees":{"@type":"QuantitativeValue","minValue":"1","maxValue":"10"}},{"@type":"Person","@id":"https:\/\/dicodusport.fr\/blog\/#\/schema\/person\/54b6cdccebdfcd5a1036c594aecffc2a","name":"Louka Lesueur","image":{"@type":"ImageObject","inLanguage":"fr-FR","@id":"https:\/\/dicodusport.fr\/blog\/#\/schema\/person\/image\/","url":"https:\/\/dicodusport.fr\/blog\/wp-content\/uploads\/2023\/09\/IMG_2783-150x150.jpeg","contentUrl":"https:\/\/dicodusport.fr\/blog\/wp-content\/uploads\/2023\/09\/IMG_2783-150x150.jpeg","caption":"Louka Lesueur"},"description":"Passionn\u00e9 depuis tout petit par les exploits de Bolt, Fourcade, Riner, Lavillenie, Wilkinson, Hirscher. Les \u00e9motions provoqu\u00e9es par le sport ont berc\u00e9 mon enfance et continuent de le faire aujourd'hui. C'est ainsi qu'il m'est arriv\u00e9 de pleurer devant la d\u00e9faite des Bleus face aux Blacks en 2011, ou encore devant le titre olympique de Florent Manaudou \u00e0 Londres. Bien loin de ce milieu professionnel, j'ai os\u00e9 tenter ma chance pour rejoindre l'\u00e9quipe de r\u00e9daction de Dicodusport, et depuis septembre 2023, je tente de retransmettre au mieux les exploits des athl\u00e8tes, tous sports confondus. Grand chauvin, c'est bel et bien sur les sportifs tricolores que je pr\u00e9f\u00e8re \u00e9crire.","sameAs":["https:\/\/x.com\/https:\/\/twitter.com\/LNewsSF"],"gender":"Homme","worksFor":"Louka LESUEUR","url":"https:\/\/dicodusport.fr\/blog\/author\/louka-lesueur\/"}]}},"_links":{"self":[{"href":"https:\/\/dicodusport.fr\/blog\/wp-json\/wp\/v2\/posts\/421039","targetHints":{"allow":["GET"]}}],"collection":[{"href":"https:\/\/dicodusport.fr\/blog\/wp-json\/wp\/v2\/posts"}],"about":[{"href":"https:\/\/dicodusport.fr\/blog\/wp-json\/wp\/v2\/types\/post"}],"author":[{"embeddable":true,"href":"https:\/\/dicodusport.fr\/blog\/wp-json\/wp\/v2\/users\/89"}],"replies":[{"embeddable":true,"href":"https:\/\/dicodusport.fr\/blog\/wp-json\/wp\/v2\/comments?post=421039"}],"version-history":[{"count":0,"href":"https:\/\/dicodusport.fr\/blog\/wp-json\/wp\/v2\/posts\/421039\/revisions"}],"wp:featuredmedia":[{"embeddable":true,"href":"https:\/\/dicodusport.fr\/blog\/wp-json\/wp\/v2\/media\/421091"}],"wp:attachment":[{"href":"https:\/\/dicodusport.fr\/blog\/wp-json\/wp\/v2\/media?parent=421039"}],"wp:term":[{"taxonomy":"category","embeddable":true,"href":"https:\/\/dicodusport.fr\/blog\/wp-json\/wp\/v2\/categories?post=421039"},{"taxonomy":"post_tag","embeddable":true,"href":"https:\/\/dicodusport.fr\/blog\/wp-json\/wp\/v2\/tags?post=421039"}],"curies":[{"name":"wp","href":"https:\/\/api.w.org\/{rel}","templated":true}]}}