{"id":421142,"date":"2023-09-20T23:03:25","date_gmt":"2023-09-20T21:03:25","guid":{"rendered":"https:\/\/dicodusport.fr\/blog\/?p=421142&#038;preview=true&#038;preview_id=421142"},"modified":"2025-09-16T08:56:35","modified_gmt":"2025-09-16T06:56:35","slug":"fc-seville-rc-lens-les-notes-des-lensois","status":"publish","type":"post","link":"https:\/\/dicodusport.fr\/blog\/fc-seville-rc-lens-les-notes-des-lensois\/","title":{"rendered":"FC S\u00e9ville &#8211; RC Lens : Les notes des Lensois"},"content":{"rendered":"<p style=\"text-align: justify;\"><strong><em>LIGUE DES CHAMPIONS 2023-2024 &#8211; D\u00e9couvrez les notes du RC Lens face au FC S\u00e9ville, apr\u00e8s <a href=\"https:\/\/dicodusport.fr\/blog\/ligue-des-champions-j1-le-rc-lens-ramene-un-point-precieux-de-seville\/\">le probant nul des Lensois en Espagne (1-1)<\/a>.<\/em><\/strong><\/p>\n<h2 style=\"text-align: justify;\">S\u00e9ville &#8211; Lens : les notes du RCL<\/h2>\n<p style=\"text-align: justify;\"><strong>Brice Samba &#8211; 6,5<\/strong><\/p>\n<p style=\"text-align: justify;\">Il n&rsquo;est pas exempt de tout reproche sur le but de <strong>Luis Ocampos<\/strong>, o\u00f9 il se fait lober trop facilement (8\u1d49). En revanche, il sort deux arr\u00eats monumentaux devant ce m\u00eame argentin (31\u1d49) et <strong>Dudi Lukebakio<\/strong> (69\u1d49). Vigilant aussi sur une t\u00eate de <strong>Sergio Ramos<\/strong> (42\u1d49). Son match aurait pu \u00eatre parfait sans ce but un poil \u00e9vitable.<\/p>\n<p style=\"text-align: justify;\"><strong>Facundo Medina &#8211; 6<\/strong><\/p>\n<p style=\"text-align: justify;\">Un peu moins en vue que ses co\u00e9quipiers dans la d\u00e9fense, il a n\u00e9anmoins fait un match tr\u00e8s s\u00e9rieux.<\/p>\n<p style=\"text-align: justify;\"><strong>Kevin Danso &#8211; 6,5<\/strong><\/p>\n<p style=\"text-align: justify;\">Un beau retour d\u00e9fensif (20\u1d49). Il n&rsquo;est pas tr\u00e8s bien plac\u00e9 sur l&rsquo;\u00e9norme occasion de <strong>Mariano Diaz<\/strong> (89\u1d49). Il s&rsquo;est impos\u00e9 physiquement dans son match, obtenant des fautes dans sa surface, permettant de soulager son \u00e9quipe.<\/p>\n<p style=\"text-align: justify;\"><strong>Jonathan Gradit &#8211; 6,5<\/strong><\/p>\n<p style=\"text-align: justify;\">Il ferme tr\u00e8s moyennement sur la grosse occasion de <strong>Luis Ocampos (31\u1d49)<\/strong>. La seule fois de la partie o\u00f9 il a \u00e9t\u00e9 d\u00e9faillant d\u00e9fensivement. Sinon, il a \u00e9t\u00e9 d&rsquo;une solidit\u00e9 d&rsquo;un roc, a fait preuve de beaucoup d&rsquo;assurance pour quelqu&rsquo;un qui d\u00e9couvre la Ligue des Champions. Avec huit interventions d\u00e9fensives. Il a \u00e9t\u00e9 tr\u00e8s bon dans les duels. On peut regretter ses deux fautes.<\/p>\n<p style=\"text-align: justify;\"><strong>Deiver Machado &#8211; 8<\/strong><\/p>\n<p style=\"text-align: justify;\">Il a pos\u00e9 quelques probl\u00e8mes \u00e0 la d\u00e9fense andalouse, obtenant deux fautes dans le premier acte. Il a beaucoup couru et a su apporter du danger, quand il a pu monter, apr\u00e8s le premier quart d&rsquo;heure. Tr\u00e8s costaud dans ses duels (7\/9 dans le premier acte, 6\/6 au sol, pour un total exceptionnel de 11\/12 au sol). D\u00e9fensivement, il a \u00e9galement \u00e9t\u00e9 \u00e9norme, avec 11 interventions d\u00e9fensives. Remplac\u00e9 par<strong> Massadio Ha\u00efdara<\/strong> (85\u1d49).<\/p>\n<blockquote class=\"twitter-tweet\">\n<p dir=\"ltr\" lang=\"fr\">Deiver Machado a, par exemple, remport\u00e9 tous ses duels au sol (6) et Jonathan Gradit tous ceux a\u00e9riens (5). <a href=\"https:\/\/twitter.com\/hashtag\/RCLens?src=hash&amp;ref_src=twsrc%5Etfw\">#RCLens<\/a> <a href=\"https:\/\/t.co\/QN2auCwMoI\">https:\/\/t.co\/QN2auCwMoI<\/a><\/p>\n<p>\u2014 Laurent Mazure (@Laurentmazure) <a href=\"https:\/\/twitter.com\/Laurentmazure\/status\/1704585361337237887?ref_src=twsrc%5Etfw\">September 20, 2023<\/a><\/p><\/blockquote>\n<p><script async src=\"https:\/\/platform.twitter.com\/widgets.js\" charset=\"utf-8\"><\/script><\/p>\n<p style=\"text-align: justify;\"><strong>Przemyslaw Frankowski &#8211; 6,5<\/strong><\/p>\n<p style=\"text-align: justify;\">D\u00e9fensivement, ce fut un poil compliqu\u00e9, avec des adversaires qui sont beaucoup pass\u00e9s dans son couloir droit. Souvent pris de vitesse dans le premier acte, il a conc\u00e9d\u00e9 trois fautes, dont certaines dangereuses pour son \u00e9quipe. Il a mis \u00e9norm\u00e9ment de temps \u00e0 entrer offensivement dans sa partie. Un beau premier rush (22\u1d49). Avant de monter en r\u00e9gime. Il trouve <strong>Josuha Guilavogui<\/strong> (75\u1d49). Il est d\u00e9cisif dans son intervention, en d\u00e9viant le ballon de la t\u00eate, qui prenait le cadre (68\u1d49).<\/p>\n<p style=\"text-align: justify;\"><strong>Nampalys Mendy &#8211; 7<\/strong><\/p>\n<p style=\"text-align: justify;\">Une premi\u00e8re p\u00e9riode tr\u00e8s pauvre en ballons touch\u00e9s (16 en 45 minutes). Une statistique qui s&rsquo;explique par le fait qu&rsquo;il a \u00e9t\u00e9 domin\u00e9 techniquement par le milieu s\u00e9villan. Mais il a abattu du travail et a permis \u00e0 son \u00e9quipe de respirer apr\u00e8s avoir souffert pendant quinze minutes. Du combat, qui s&rsquo;est retrouv\u00e9 dans le second acte. Sans vraiment toucher beaucoup plus de ballons. Remplac\u00e9 par <strong>Andy Diouf<\/strong> (71\u1d49).<\/p>\n<p style=\"text-align: justify;\"><strong>Salis Abdul Samed &#8211; 6<\/strong><\/p>\n<p style=\"text-align: justify;\">Deux mi-temps contrast\u00e9es. En premi\u00e8re, il a souvent \u00e9t\u00e9 en retard, avec deux fautes conc\u00e9d\u00e9es dans ses trente derniers m\u00e8tres, durant la premi\u00e8re demi-heure. Lui aussi a \u00e9t\u00e9 domin\u00e9 techniquement par les Espagnols. Il a totalement refait surface dans la seconde p\u00e9riode, se montrant dominant physiquement. En obtenant des fautes (deux).<\/p>\n<p style=\"text-align: justify;\"><strong>Angelo Fulgini &#8211; 7<\/strong><\/p>\n<p style=\"text-align: justify;\">Un coup franc exceptionnel qui trouve la lucarne de<strong> Marko Dmitrovic<\/strong> (24\u1d49). Qui ne masque pas compl\u00e8tement une premi\u00e8re p\u00e9riode avec \u00e9norm\u00e9ment de d\u00e9chet technique (13 ballons perdus en 26 ballons touch\u00e9s). Il aura malgr\u00e9 tout \u00e9t\u00e9 un sacr\u00e9 poison, et cela s&rsquo;est confirm\u00e9 dans le second acte, avec deux tirs tent\u00e9s, mais aussi une passe cl\u00e9. Remplac\u00e9 par <strong>Adrien Thomasson (75\u1d49)<\/strong>.<\/p>\n<blockquote class=\"twitter-tweet\">\n<p dir=\"ltr\" lang=\"fr\">FULGIIIINIIIII ! \ud83d\ude31\ud83d\ude31<\/p>\n<p>Le coup-franc incroyable du milieu lensois pour \u00e9galiser face \u00e0 S\u00e9ville \ud83d\ude0d<a href=\"https:\/\/twitter.com\/hashtag\/SevillaFCRCL?src=hash&amp;ref_src=twsrc%5Etfw\">#SevillaFCRCL<\/a> | <a href=\"https:\/\/twitter.com\/hashtag\/UCL?src=hash&amp;ref_src=twsrc%5Etfw\">#UCL<\/a> <a href=\"https:\/\/t.co\/tF10itZxHC\">pic.twitter.com\/tF10itZxHC<\/a><\/p>\n<p>\u2014 CANAL+ Foot (@CanalplusFoot) <a href=\"https:\/\/twitter.com\/CanalplusFoot\/status\/1704578507307614513?ref_src=twsrc%5Etfw\">September 20, 2023<\/a><\/p><\/blockquote>\n<p><script async src=\"https:\/\/platform.twitter.com\/widgets.js\" charset=\"utf-8\"><\/script><\/p>\n<p style=\"text-align: justify;\"><strong>Florian Sotoca &#8211; 7<\/strong><\/p>\n<p style=\"text-align: justify;\">Averti tr\u00e8s t\u00f4t. Il s&rsquo;est lib\u00e9r\u00e9 apr\u00e8s le quart d&rsquo;heure de jeu, se montrant int\u00e9ressant dans quelques passes (16\u1d49, 26\u1d49). Et en obtenant deux fautes dans le premier acte. Il est encore mont\u00e9 en puissance dans le second acte, \u00e0 l&rsquo;image de la domination de son \u00e9quipe. Tout proche du 2-1, sur sa t\u00eate repouss\u00e9e par<strong> Marko Dmitrovic<\/strong> (78\u1d49). Il termine son match avec trois passes cl\u00e9s.<\/p>\n<p style=\"text-align: justify;\"><strong>Elye Wahi &#8211; 5,5<\/strong><\/p>\n<p style=\"text-align: justify;\">Il obtient le coup franc qui am\u00e8ne l&rsquo;\u00e9galisation des Lensois (23\u1d49). Il a eu quelques situations int\u00e9ressantes dans la surface ou proche de la surface, mais a fait preuve de maladresse, comme sur son \u00e9norme occasion, o\u00f9 il est contr\u00e9 (55\u1d49), ou quand il est repris par Sergio Ramos (58\u1d49). Il aurait pu \u00eatre le h\u00e9ros ce soir. Remplac\u00e9 par <strong>Josuha Guilavogui<\/strong> (71\u1d49), qui est tout proche du deuxi\u00e8me but, sur sa t\u00eate magnifiquement repouss\u00e9e par le gardien.<\/p>\n","protected":false},"excerpt":{"rendered":"<p>LIGUE DES CHAMPIONS 2023-2024 &#8211; D\u00e9couvrez les notes du RC Lens face au FC S\u00e9ville, apr\u00e8s le probant nul des Lensois en Espagne (1-1).<\/p>\n","protected":false},"author":83,"featured_media":421168,"comment_status":"open","ping_status":"closed","sticky":false,"template":"","format":"standard","meta":{"_acf_changed":false,"_daextam_enable_autolinks":"","footnotes":""},"categories":[47250],"tags":[16878,4383,75,419,3709,24],"class_list":["post-421142","post","type-post","status-publish","format-standard","has-post-thumbnail","hentry","category-ligue-des-champions-de-football","tag-breve","tag-fc-seville","tag-football","tag-ligue-des-champions","tag-rc-lens","tag-sport"],"acf":[],"yoast_head":"<!-- This site is optimized with the Yoast SEO Premium plugin v26.7 (Yoast SEO v26.7) - https:\/\/yoast.com\/wordpress\/plugins\/seo\/ -->\n<title>FC S\u00e9ville - RC Lens : Les notes des Lensois<\/title>\n<meta name=\"description\" content=\"LIGUE DES CHAMPIONS 2023-2024 - D\u00e9couvrez les notes du RC Lens face au FC S\u00e9ville, apr\u00e8s le probant nul des Lensois en Espagne (1-1).\" \/>\n<meta name=\"robots\" content=\"index, follow, max-snippet:-1, max-image-preview:large, max-video-preview:-1\" \/>\n<link rel=\"canonical\" href=\"https:\/\/dicodusport.fr\/blog\/fc-seville-rc-lens-les-notes-des-lensois\/\" \/>\n<meta property=\"og:locale\" content=\"fr_FR\" \/>\n<meta property=\"og:type\" content=\"article\" \/>\n<meta property=\"og:title\" content=\"FC S\u00e9ville - RC Lens : Les notes des Lensois\" \/>\n<meta property=\"og:description\" content=\"LIGUE DES CHAMPIONS 2023-2024 - D\u00e9couvrez les notes du RC Lens face au FC S\u00e9ville, apr\u00e8s le probant nul des Lensois en Espagne (1-1).\" \/>\n<meta property=\"og:url\" content=\"https:\/\/dicodusport.fr\/blog\/fc-seville-rc-lens-les-notes-des-lensois\/\" \/>\n<meta property=\"og:site_name\" content=\"Dicodusport\" \/>\n<meta property=\"article:publisher\" content=\"https:\/\/www.facebook.com\/dicodusport\" \/>\n<meta property=\"article:published_time\" content=\"2023-09-20T21:03:25+00:00\" \/>\n<meta property=\"article:modified_time\" content=\"2025-09-16T06:56:35+00:00\" \/>\n<meta property=\"og:image\" content=\"https:\/\/dicodusport.fr\/blog\/wp-content\/uploads\/2023\/09\/FC-Seville-RC-Lens-Les-notes-des-Lensois.png\" \/>\n\t<meta property=\"og:image:width\" content=\"800\" \/>\n\t<meta property=\"og:image:height\" content=\"445\" \/>\n\t<meta property=\"og:image:type\" content=\"image\/png\" \/>\n<meta name=\"author\" content=\"Etienne Goursaud\" \/>\n<meta name=\"twitter:card\" content=\"summary_large_image\" \/>\n<meta name=\"twitter:title\" content=\"FC S\u00e9ville - RC Lens : Les notes des Lensois\" \/>\n<meta name=\"twitter:creator\" content=\"@dicodusport\" \/>\n<meta name=\"twitter:site\" content=\"@dicodusport\" \/>\n<script type=\"application\/ld+json\" class=\"yoast-schema-graph\">{\"@context\":\"https:\/\/schema.org\",\"@graph\":[{\"@type\":\"NewsArticle\",\"@id\":\"https:\/\/dicodusport.fr\/blog\/fc-seville-rc-lens-les-notes-des-lensois\/#article\",\"isPartOf\":{\"@id\":\"https:\/\/dicodusport.fr\/blog\/fc-seville-rc-lens-les-notes-des-lensois\/\"},\"author\":{\"name\":\"Etienne Goursaud\",\"@id\":\"https:\/\/dicodusport.fr\/blog\/#\/schema\/person\/d603dd7da31fb2b46c82b9835a77ec13\"},\"headline\":\"FC S\u00e9ville &#8211; RC Lens : Les notes des Lensois\",\"datePublished\":\"2023-09-20T21:03:25+00:00\",\"dateModified\":\"2025-09-16T06:56:35+00:00\",\"mainEntityOfPage\":{\"@id\":\"https:\/\/dicodusport.fr\/blog\/fc-seville-rc-lens-les-notes-des-lensois\/\"},\"wordCount\":836,\"commentCount\":0,\"publisher\":{\"@id\":\"https:\/\/dicodusport.fr\/blog\/#organization\"},\"image\":{\"@id\":\"https:\/\/dicodusport.fr\/blog\/fc-seville-rc-lens-les-notes-des-lensois\/#primaryimage\"},\"thumbnailUrl\":\"https:\/\/dicodusport.fr\/blog\/wp-content\/uploads\/2023\/09\/FC-Seville-RC-Lens-Les-notes-des-Lensois.png\",\"keywords\":[\"br\u00e8ve\",\"FC S\u00e9ville\",\"Football\",\"Ligue des champions\",\"RC Lens\",\"sport\"],\"articleSection\":[\"Ligue des Champions de football\"],\"inLanguage\":\"fr-FR\",\"potentialAction\":[{\"@type\":\"CommentAction\",\"name\":\"Comment\",\"target\":[\"https:\/\/dicodusport.fr\/blog\/fc-seville-rc-lens-les-notes-des-lensois\/#respond\"]}],\"copyrightYear\":\"2023\",\"copyrightHolder\":{\"@id\":\"https:\/\/dicodusport.fr\/blog\/#organization\"}},{\"@type\":\"WebPage\",\"@id\":\"https:\/\/dicodusport.fr\/blog\/fc-seville-rc-lens-les-notes-des-lensois\/\",\"url\":\"https:\/\/dicodusport.fr\/blog\/fc-seville-rc-lens-les-notes-des-lensois\/\",\"name\":\"FC S\u00e9ville - RC Lens : Les notes des Lensois\",\"isPartOf\":{\"@id\":\"https:\/\/dicodusport.fr\/blog\/#website\"},\"primaryImageOfPage\":{\"@id\":\"https:\/\/dicodusport.fr\/blog\/fc-seville-rc-lens-les-notes-des-lensois\/#primaryimage\"},\"image\":{\"@id\":\"https:\/\/dicodusport.fr\/blog\/fc-seville-rc-lens-les-notes-des-lensois\/#primaryimage\"},\"thumbnailUrl\":\"https:\/\/dicodusport.fr\/blog\/wp-content\/uploads\/2023\/09\/FC-Seville-RC-Lens-Les-notes-des-Lensois.png\",\"datePublished\":\"2023-09-20T21:03:25+00:00\",\"dateModified\":\"2025-09-16T06:56:35+00:00\",\"description\":\"LIGUE DES CHAMPIONS 2023-2024 - D\u00e9couvrez les notes du RC Lens face au FC S\u00e9ville, apr\u00e8s le probant nul des Lensois en Espagne (1-1).\",\"breadcrumb\":{\"@id\":\"https:\/\/dicodusport.fr\/blog\/fc-seville-rc-lens-les-notes-des-lensois\/#breadcrumb\"},\"inLanguage\":\"fr-FR\",\"potentialAction\":[{\"@type\":\"ReadAction\",\"target\":[\"https:\/\/dicodusport.fr\/blog\/fc-seville-rc-lens-les-notes-des-lensois\/\"]}]},{\"@type\":\"ImageObject\",\"inLanguage\":\"fr-FR\",\"@id\":\"https:\/\/dicodusport.fr\/blog\/fc-seville-rc-lens-les-notes-des-lensois\/#primaryimage\",\"url\":\"https:\/\/dicodusport.fr\/blog\/wp-content\/uploads\/2023\/09\/FC-Seville-RC-Lens-Les-notes-des-Lensois.png\",\"contentUrl\":\"https:\/\/dicodusport.fr\/blog\/wp-content\/uploads\/2023\/09\/FC-Seville-RC-Lens-Les-notes-des-Lensois.png\",\"width\":800,\"height\":445,\"caption\":\"FC S\u00e9ville - RC Lens Les notes des Lensois\"},{\"@type\":\"BreadcrumbList\",\"@id\":\"https:\/\/dicodusport.fr\/blog\/fc-seville-rc-lens-les-notes-des-lensois\/#breadcrumb\",\"itemListElement\":[{\"@type\":\"ListItem\",\"position\":1,\"name\":\"Accueil\",\"item\":\"https:\/\/dicodusport.fr\/blog\/\"},{\"@type\":\"ListItem\",\"position\":2,\"name\":\"FC S\u00e9ville &#8211; RC Lens : Les notes des Lensois\"}]},{\"@type\":\"WebSite\",\"@id\":\"https:\/\/dicodusport.fr\/blog\/#website\",\"url\":\"https:\/\/dicodusport.fr\/blog\/\",\"name\":\"Dicodusport\",\"description\":\"L&#039;encyclop\u00e9die de l&#039;actualit\u00e9 sportive\",\"publisher\":{\"@id\":\"https:\/\/dicodusport.fr\/blog\/#organization\"},\"potentialAction\":[{\"@type\":\"SearchAction\",\"target\":{\"@type\":\"EntryPoint\",\"urlTemplate\":\"https:\/\/dicodusport.fr\/blog\/?s={search_term_string}\"},\"query-input\":{\"@type\":\"PropertyValueSpecification\",\"valueRequired\":true,\"valueName\":\"search_term_string\"}}],\"inLanguage\":\"fr-FR\"},{\"@type\":\"NewsMediaOrganization\",\"@id\":\"https:\/\/dicodusport.fr\/blog\/#organization\",\"name\":\"Dicodusport\",\"url\":\"https:\/\/dicodusport.fr\/blog\/\",\"logo\":{\"@type\":\"ImageObject\",\"inLanguage\":\"fr-FR\",\"@id\":\"https:\/\/dicodusport.fr\/blog\/#\/schema\/logo\/image\/\",\"url\":\"https:\/\/dicodusport.fr\/blog\/wp-content\/uploads\/2020\/06\/cropped-LOGO-DICODUSPORT-2020-SANS-FOND-SANS-TEXTE.png\",\"contentUrl\":\"https:\/\/dicodusport.fr\/blog\/wp-content\/uploads\/2020\/06\/cropped-LOGO-DICODUSPORT-2020-SANS-FOND-SANS-TEXTE.png\",\"width\":512,\"height\":512,\"caption\":\"Dicodusport\"},\"image\":{\"@id\":\"https:\/\/dicodusport.fr\/blog\/#\/schema\/logo\/image\/\"},\"sameAs\":[\"https:\/\/www.facebook.com\/dicodusport\",\"https:\/\/x.com\/dicodusport\",\"https:\/\/www.instagram.com\/dicodusport\/\",\"https:\/\/www.youtube.com\/channel\/UC7V2KZ5sd3htJivAbA4ZG3w\"],\"description\":\"Dicodusport est l'encyclop\u00e9die de l'actualit\u00e9 sportive.\",\"email\":\"bonjour@dicodusport.fr\",\"legalName\":\"DICODUSPORT\",\"foundingDate\":\"2018-01-14\",\"vatID\":\"FR71834470973\",\"taxID\":\"83447097300043\",\"numberOfEmployees\":{\"@type\":\"QuantitativeValue\",\"minValue\":\"1\",\"maxValue\":\"10\"}},{\"@type\":\"Person\",\"@id\":\"https:\/\/dicodusport.fr\/blog\/#\/schema\/person\/d603dd7da31fb2b46c82b9835a77ec13\",\"name\":\"Etienne Goursaud\",\"image\":{\"@type\":\"ImageObject\",\"inLanguage\":\"fr-FR\",\"@id\":\"https:\/\/dicodusport.fr\/blog\/#\/schema\/person\/image\/\",\"url\":\"https:\/\/dicodusport.fr\/blog\/wp-content\/uploads\/2023\/12\/410122264_10231602061736049_5565839791558026645_n-150x150.jpg\",\"contentUrl\":\"https:\/\/dicodusport.fr\/blog\/wp-content\/uploads\/2023\/12\/410122264_10231602061736049_5565839791558026645_n-150x150.jpg\",\"caption\":\"Etienne Goursaud\"},\"description\":\"Journaliste et amoureux de sport. Ancien footballeur reconverti athl\u00e8te quand ses muscles le laissent tranquille. \u00c9lev\u00e9 \u00e0 la sauce des exploits de Thomas Voeckler en 2004, du dernier essai de l\u00e9gende de Eunice Barber \u00e0 la longueur lors des championnats du monde d'athl\u00e9tisme de 2003 mais aussi Zidane, Omeyer et Titou Lamaison.\",\"url\":\"https:\/\/dicodusport.fr\/blog\/author\/etienne-goursaud\/\"}]}<\/script>\n<!-- \/ Yoast SEO Premium plugin. -->","yoast_head_json":{"title":"FC S\u00e9ville - RC Lens : Les notes des Lensois","description":"LIGUE DES CHAMPIONS 2023-2024 - D\u00e9couvrez les notes du RC Lens face au FC S\u00e9ville, apr\u00e8s le probant nul des Lensois en Espagne (1-1).","robots":{"index":"index","follow":"follow","max-snippet":"max-snippet:-1","max-image-preview":"max-image-preview:large","max-video-preview":"max-video-preview:-1"},"canonical":"https:\/\/dicodusport.fr\/blog\/fc-seville-rc-lens-les-notes-des-lensois\/","og_locale":"fr_FR","og_type":"article","og_title":"FC S\u00e9ville - RC Lens : Les notes des Lensois","og_description":"LIGUE DES CHAMPIONS 2023-2024 - D\u00e9couvrez les notes du RC Lens face au FC S\u00e9ville, apr\u00e8s le probant nul des Lensois en Espagne (1-1).","og_url":"https:\/\/dicodusport.fr\/blog\/fc-seville-rc-lens-les-notes-des-lensois\/","og_site_name":"Dicodusport","article_publisher":"https:\/\/www.facebook.com\/dicodusport","article_published_time":"2023-09-20T21:03:25+00:00","article_modified_time":"2025-09-16T06:56:35+00:00","og_image":[{"width":800,"height":445,"url":"https:\/\/dicodusport.fr\/blog\/wp-content\/uploads\/2023\/09\/FC-Seville-RC-Lens-Les-notes-des-Lensois.png","type":"image\/png"}],"author":"Etienne Goursaud","twitter_card":"summary_large_image","twitter_title":"FC S\u00e9ville - RC Lens : Les notes des Lensois","twitter_creator":"@dicodusport","twitter_site":"@dicodusport","schema":{"@context":"https:\/\/schema.org","@graph":[{"@type":"NewsArticle","@id":"https:\/\/dicodusport.fr\/blog\/fc-seville-rc-lens-les-notes-des-lensois\/#article","isPartOf":{"@id":"https:\/\/dicodusport.fr\/blog\/fc-seville-rc-lens-les-notes-des-lensois\/"},"author":{"name":"Etienne Goursaud","@id":"https:\/\/dicodusport.fr\/blog\/#\/schema\/person\/d603dd7da31fb2b46c82b9835a77ec13"},"headline":"FC S\u00e9ville &#8211; RC Lens : Les notes des Lensois","datePublished":"2023-09-20T21:03:25+00:00","dateModified":"2025-09-16T06:56:35+00:00","mainEntityOfPage":{"@id":"https:\/\/dicodusport.fr\/blog\/fc-seville-rc-lens-les-notes-des-lensois\/"},"wordCount":836,"commentCount":0,"publisher":{"@id":"https:\/\/dicodusport.fr\/blog\/#organization"},"image":{"@id":"https:\/\/dicodusport.fr\/blog\/fc-seville-rc-lens-les-notes-des-lensois\/#primaryimage"},"thumbnailUrl":"https:\/\/dicodusport.fr\/blog\/wp-content\/uploads\/2023\/09\/FC-Seville-RC-Lens-Les-notes-des-Lensois.png","keywords":["br\u00e8ve","FC S\u00e9ville","Football","Ligue des champions","RC Lens","sport"],"articleSection":["Ligue des Champions de football"],"inLanguage":"fr-FR","potentialAction":[{"@type":"CommentAction","name":"Comment","target":["https:\/\/dicodusport.fr\/blog\/fc-seville-rc-lens-les-notes-des-lensois\/#respond"]}],"copyrightYear":"2023","copyrightHolder":{"@id":"https:\/\/dicodusport.fr\/blog\/#organization"}},{"@type":"WebPage","@id":"https:\/\/dicodusport.fr\/blog\/fc-seville-rc-lens-les-notes-des-lensois\/","url":"https:\/\/dicodusport.fr\/blog\/fc-seville-rc-lens-les-notes-des-lensois\/","name":"FC S\u00e9ville - RC Lens : Les notes des Lensois","isPartOf":{"@id":"https:\/\/dicodusport.fr\/blog\/#website"},"primaryImageOfPage":{"@id":"https:\/\/dicodusport.fr\/blog\/fc-seville-rc-lens-les-notes-des-lensois\/#primaryimage"},"image":{"@id":"https:\/\/dicodusport.fr\/blog\/fc-seville-rc-lens-les-notes-des-lensois\/#primaryimage"},"thumbnailUrl":"https:\/\/dicodusport.fr\/blog\/wp-content\/uploads\/2023\/09\/FC-Seville-RC-Lens-Les-notes-des-Lensois.png","datePublished":"2023-09-20T21:03:25+00:00","dateModified":"2025-09-16T06:56:35+00:00","description":"LIGUE DES CHAMPIONS 2023-2024 - D\u00e9couvrez les notes du RC Lens face au FC S\u00e9ville, apr\u00e8s le probant nul des Lensois en Espagne (1-1).","breadcrumb":{"@id":"https:\/\/dicodusport.fr\/blog\/fc-seville-rc-lens-les-notes-des-lensois\/#breadcrumb"},"inLanguage":"fr-FR","potentialAction":[{"@type":"ReadAction","target":["https:\/\/dicodusport.fr\/blog\/fc-seville-rc-lens-les-notes-des-lensois\/"]}]},{"@type":"ImageObject","inLanguage":"fr-FR","@id":"https:\/\/dicodusport.fr\/blog\/fc-seville-rc-lens-les-notes-des-lensois\/#primaryimage","url":"https:\/\/dicodusport.fr\/blog\/wp-content\/uploads\/2023\/09\/FC-Seville-RC-Lens-Les-notes-des-Lensois.png","contentUrl":"https:\/\/dicodusport.fr\/blog\/wp-content\/uploads\/2023\/09\/FC-Seville-RC-Lens-Les-notes-des-Lensois.png","width":800,"height":445,"caption":"FC S\u00e9ville - RC Lens Les notes des Lensois"},{"@type":"BreadcrumbList","@id":"https:\/\/dicodusport.fr\/blog\/fc-seville-rc-lens-les-notes-des-lensois\/#breadcrumb","itemListElement":[{"@type":"ListItem","position":1,"name":"Accueil","item":"https:\/\/dicodusport.fr\/blog\/"},{"@type":"ListItem","position":2,"name":"FC S\u00e9ville &#8211; RC Lens : Les notes des Lensois"}]},{"@type":"WebSite","@id":"https:\/\/dicodusport.fr\/blog\/#website","url":"https:\/\/dicodusport.fr\/blog\/","name":"Dicodusport","description":"L&#039;encyclop\u00e9die de l&#039;actualit\u00e9 sportive","publisher":{"@id":"https:\/\/dicodusport.fr\/blog\/#organization"},"potentialAction":[{"@type":"SearchAction","target":{"@type":"EntryPoint","urlTemplate":"https:\/\/dicodusport.fr\/blog\/?s={search_term_string}"},"query-input":{"@type":"PropertyValueSpecification","valueRequired":true,"valueName":"search_term_string"}}],"inLanguage":"fr-FR"},{"@type":"NewsMediaOrganization","@id":"https:\/\/dicodusport.fr\/blog\/#organization","name":"Dicodusport","url":"https:\/\/dicodusport.fr\/blog\/","logo":{"@type":"ImageObject","inLanguage":"fr-FR","@id":"https:\/\/dicodusport.fr\/blog\/#\/schema\/logo\/image\/","url":"https:\/\/dicodusport.fr\/blog\/wp-content\/uploads\/2020\/06\/cropped-LOGO-DICODUSPORT-2020-SANS-FOND-SANS-TEXTE.png","contentUrl":"https:\/\/dicodusport.fr\/blog\/wp-content\/uploads\/2020\/06\/cropped-LOGO-DICODUSPORT-2020-SANS-FOND-SANS-TEXTE.png","width":512,"height":512,"caption":"Dicodusport"},"image":{"@id":"https:\/\/dicodusport.fr\/blog\/#\/schema\/logo\/image\/"},"sameAs":["https:\/\/www.facebook.com\/dicodusport","https:\/\/x.com\/dicodusport","https:\/\/www.instagram.com\/dicodusport\/","https:\/\/www.youtube.com\/channel\/UC7V2KZ5sd3htJivAbA4ZG3w"],"description":"Dicodusport est l'encyclop\u00e9die de l'actualit\u00e9 sportive.","email":"bonjour@dicodusport.fr","legalName":"DICODUSPORT","foundingDate":"2018-01-14","vatID":"FR71834470973","taxID":"83447097300043","numberOfEmployees":{"@type":"QuantitativeValue","minValue":"1","maxValue":"10"}},{"@type":"Person","@id":"https:\/\/dicodusport.fr\/blog\/#\/schema\/person\/d603dd7da31fb2b46c82b9835a77ec13","name":"Etienne Goursaud","image":{"@type":"ImageObject","inLanguage":"fr-FR","@id":"https:\/\/dicodusport.fr\/blog\/#\/schema\/person\/image\/","url":"https:\/\/dicodusport.fr\/blog\/wp-content\/uploads\/2023\/12\/410122264_10231602061736049_5565839791558026645_n-150x150.jpg","contentUrl":"https:\/\/dicodusport.fr\/blog\/wp-content\/uploads\/2023\/12\/410122264_10231602061736049_5565839791558026645_n-150x150.jpg","caption":"Etienne Goursaud"},"description":"Journaliste et amoureux de sport. Ancien footballeur reconverti athl\u00e8te quand ses muscles le laissent tranquille. \u00c9lev\u00e9 \u00e0 la sauce des exploits de Thomas Voeckler en 2004, du dernier essai de l\u00e9gende de Eunice Barber \u00e0 la longueur lors des championnats du monde d'athl\u00e9tisme de 2003 mais aussi Zidane, Omeyer et Titou Lamaison.","url":"https:\/\/dicodusport.fr\/blog\/author\/etienne-goursaud\/"}]}},"_links":{"self":[{"href":"https:\/\/dicodusport.fr\/blog\/wp-json\/wp\/v2\/posts\/421142","targetHints":{"allow":["GET"]}}],"collection":[{"href":"https:\/\/dicodusport.fr\/blog\/wp-json\/wp\/v2\/posts"}],"about":[{"href":"https:\/\/dicodusport.fr\/blog\/wp-json\/wp\/v2\/types\/post"}],"author":[{"embeddable":true,"href":"https:\/\/dicodusport.fr\/blog\/wp-json\/wp\/v2\/users\/83"}],"replies":[{"embeddable":true,"href":"https:\/\/dicodusport.fr\/blog\/wp-json\/wp\/v2\/comments?post=421142"}],"version-history":[{"count":1,"href":"https:\/\/dicodusport.fr\/blog\/wp-json\/wp\/v2\/posts\/421142\/revisions"}],"predecessor-version":[{"id":611372,"href":"https:\/\/dicodusport.fr\/blog\/wp-json\/wp\/v2\/posts\/421142\/revisions\/611372"}],"wp:featuredmedia":[{"embeddable":true,"href":"https:\/\/dicodusport.fr\/blog\/wp-json\/wp\/v2\/media\/421168"}],"wp:attachment":[{"href":"https:\/\/dicodusport.fr\/blog\/wp-json\/wp\/v2\/media?parent=421142"}],"wp:term":[{"taxonomy":"category","embeddable":true,"href":"https:\/\/dicodusport.fr\/blog\/wp-json\/wp\/v2\/categories?post=421142"},{"taxonomy":"post_tag","embeddable":true,"href":"https:\/\/dicodusport.fr\/blog\/wp-json\/wp\/v2\/tags?post=421142"}],"curies":[{"name":"wp","href":"https:\/\/api.w.org\/{rel}","templated":true}]}}