{"id":421236,"date":"2023-09-24T12:49:10","date_gmt":"2023-09-24T10:49:10","guid":{"rendered":"https:\/\/dicodusport.fr\/blog\/?p=421236&#038;preview=true&#038;preview_id=421236"},"modified":"2023-09-24T12:50:03","modified_gmt":"2023-09-24T10:50:03","slug":"motogp-inde-2023-chaine-tv-programme-et-resultats","status":"publish","type":"post","link":"https:\/\/dicodusport.fr\/blog\/motogp-inde-2023-chaine-tv-programme-et-resultats\/","title":{"rendered":"MotoGP Inde 2023 : Les r\u00e9sultats complets"},"content":{"rendered":"<p style=\"text-align: justify;\"><em><strong><a href=\"https:\/\/dicodusport.fr\/blog\/actualites\/sports-mecaniques\/moto\/\">MOTOGP 2023<\/a> &#8211; Le Grand Prix d&rsquo;Inde <\/strong><\/em><em><strong>2023 de MotoGP va se d\u00e9rouler ce week-end pour la premi\u00e8re fois et sur le circuit international de Buddh<span class=\"tsp-di\">. Qui s&rsquo;imposera apr\u00e8s <a href=\"https:\/\/dicodusport.fr\/blog\/motogp-saint-marin-2023-jorge-martin-conclut-son-weekend-parfait-en-triomphant-sur-le-grand-prix\/\">une course calme \u00e0 Misano <\/a><\/span>? Programme TV, horaires, enjeux et r\u00e9sultats : soyez incollables avant la 14<sup>\u00e8me<\/sup> manche du Championnat du monde de MotoGP 2023.<\/strong><\/em><\/p>\n<p style=\"text-align: justify;\">Le\u00a0<strong>Grand Prix d&rsquo;Inde <\/strong>est une toute nouvelle \u00e9tape du <strong>championnat du monde de MotoGP<\/strong>. Le circuit de Buddh, qui accueille la manche, est situ\u00e9 \u00e0 une heure de New Delhi. Plus de 110 000 spectateurs peuvent venir voir le Grand Prix. La piste existe depuis 2007. Ce sera \u00e0 tout jamais la toute premi\u00e8re \u00e9preuve mondiale de moto en Inde. Ce rendez-vous rejoint au calendrier les \u00e9preuves asiatiques, comme la Tha\u00eflande, la Malaisie et l&rsquo;Indon\u00e9sie.<\/p>\n<h2 style=\"text-align: justify;\">Les sp\u00e9cificit\u00e9s du circuit<\/h2>\n<p style=\"text-align: justify;\">Un tour de ce circuit, c\u2019est 5 km ! Le circuit <strong>International de Buddh<\/strong> comporte 13 virages, 5 \u00e0 gauche et 8 \u00e0 droite. La course se d\u00e9roulera sur 24 tours, soit environ 120 km. La plus longue ligne droite mesure 1006 m, o\u00f9 les pilotes devraient atteindre les 380 km\/h.<\/p>\n<div id=\"attachment_421288\" style=\"width: 1016px\" class=\"wp-caption aligncenter\"><a href=\"https:\/\/dicodusport.fr\/blog\/wp-content\/uploads\/2023\/09\/MotoGP-Inde-Circuit-international-de-Buddh.png\"><img loading=\"lazy\" decoding=\"async\" aria-describedby=\"caption-attachment-421288\" class=\"wp-image-421288 size-full\" src=\"https:\/\/dicodusport.fr\/blog\/wp-content\/uploads\/2023\/09\/MotoGP-Inde-Circuit-international-de-Buddh.png\" alt=\"MotoGP - Inde - Circuit international de Buddh\" width=\"1006\" height=\"643\" srcset=\"https:\/\/dicodusport.fr\/blog\/wp-content\/uploads\/2023\/09\/MotoGP-Inde-Circuit-international-de-Buddh.png 1006w, https:\/\/dicodusport.fr\/blog\/wp-content\/uploads\/2023\/09\/MotoGP-Inde-Circuit-international-de-Buddh-300x192.png 300w, https:\/\/dicodusport.fr\/blog\/wp-content\/uploads\/2023\/09\/MotoGP-Inde-Circuit-international-de-Buddh-768x491.png 768w\" sizes=\"auto, (max-width: 1006px) 100vw, 1006px\" \/><\/a><p id=\"caption-attachment-421288\" class=\"wp-caption-text\">MotoGP &#8211; Inde &#8211; Circuit international de Buddh<\/p><\/div>\n<p style=\"text-align: justify;\">C\u00f4t\u00e9 m\u00e9t\u00e9o, les conditions s\u2019annoncent tr\u00e8s chaudes. Du soleil est attendu tout le week-end et les temp\u00e9ratures atteindront les 33 degr\u00e9s.<\/p>\n<h2 style=\"text-align: justify;\">Les enjeux<\/h2>\n<p style=\"text-align: justify;\">Cette saison est encore palpitante ! De nombreux pilotes de la grille sont capables de l&#8217;emporter et ont d\u00e9j\u00e0 gagn\u00e9 dans la cat\u00e9gorie ! Le nouveau format de course sprint est d\u00e9sormais totalement ancr\u00e9 dans les week-ends. Le champion du monde 2021, <strong>Fabio Quartararo<\/strong>, est toujours en difficult\u00e9 et peine \u00e0 retrouver les avant-postes. Au contraire, son rival de chez Ducati, <strong>Francesco Bagnaia<\/strong>, est revenu de vacances en pleine forme et veut toujours d\u00e9fendre son titre remport\u00e9 l&rsquo;an dernier. Il a d&rsquo;ailleurs gagn\u00e9 plusieurs courses depuis le d\u00e9but de saison et m\u00e8ne le championnat avec 283 points. N\u00e9anmoins, il a subi une \u00e9norme chute lors de la course en Catalogne et est encore en difficult\u00e9.<\/p>\n<p style=\"text-align: justify;\">Le deuxi\u00e8me du championnat est l&rsquo;Espagnol\u00a0<strong>Jorge Martin<\/strong> (Pramac Ducati), \u00e0 36 points de l&rsquo;Italien. N\u00e9anmoins, presque tous les pilotes de la grille sont capables de gagner une course. Par exemple, <strong>Jack Miller<\/strong> et <strong>Brad Binder<\/strong> se portent tr\u00e8s bien chez Red Bull KTM, tout comme <strong>Aleix Espargaro<\/strong> et <strong>Maverick Vinales<\/strong> chez Aprilia, <a href=\"https:\/\/dicodusport.fr\/blog\/motogp-catalogne-2023-victoire-daleix-espargaro-dans-une-course-marquee-par-la-chute-de-bagnaia\/\">qui ont r\u00e9alis\u00e9 le doubl\u00e9 \u00e0 Barcelone<\/a>. Un seul rookie est pr\u00e9sent cette ann\u00e9e, il s&rsquo;agit d&rsquo;<strong>Augusto Fernandez<\/strong> (Gasgas Factory Racing Tech3), qui a remport\u00e9 le championnat de Moto 2 2022.<\/p>\n<p style=\"text-align: justify;\">Les \u00e9preuves de Moto 2 et Moto 3 seront \u00e9galement \u00e0 suivre ce week-end. Le Fran\u00e7ais <strong>Lorenzo Fellon<\/strong> (CIP Green Power) est le seul repr\u00e9sentant tricolore et revient de blessure dans le championnat de Moto 3.<\/p>\n<h2 style=\"text-align: justify;\">Le programme TV et horaires du Grand Prix d&rsquo;Inde 2023 de MotoGP<\/h2>\n<table style=\"width: 100%; border-collapse: collapse;\">\n<tbody>\n<tr>\n<td style=\"background-color: #c80502; width: 800px; text-align: center; vertical-align: middle;\" colspan=\"6\"><span style=\"color: #ffffff;\"><strong>VENDREDI 22 SEPTEMBRE 2023<\/strong><\/span><\/td>\n<\/tr>\n<tr>\n<td style=\"text-align: center; vertical-align: middle; width: 20%; background-color: #000000;\"><span style=\"color: #ffffff; font-size: 0.9em;\"><strong>Horaire<\/strong><\/span><\/td>\n<td style=\"text-align: center; vertical-align: middle; width: 20%; background-color: #000000;\" colspan=\"2\"><span style=\"color: #ffffff;\"><span style=\"font-size: 0.9em;\"><b>\u00c9preuve<\/b><\/span><\/span><\/td>\n<td style=\"text-align: center; vertical-align: middle; width: 20%; background-color: #000000;\"><span style=\"color: #ffffff; font-size: 0.9em;\"><strong>Premier<\/strong><\/span><\/td>\n<td style=\"text-align: center; vertical-align: middle; width: 20%; background-color: #000000;\"><span style=\"color: #ffffff; font-size: 0.9em;\"><strong>Deuxi\u00e8me<\/strong><\/span><\/td>\n<td style=\"text-align: center; vertical-align: middle; width: 20%; background-color: #000000;\"><span style=\"color: #ffffff; font-size: 0.9em;\"><strong>Troisi\u00e8me<\/strong><\/span><\/td>\n<\/tr>\n<tr>\n<td style=\"text-align: center; vertical-align: middle; width: 20%;\"><strong>7H45 &#8211; 8H30<\/strong><\/td>\n<td style=\"text-align: center; vertical-align: middle; width: 20%;\" colspan=\"2\"><strong>Essais libres 1<span style=\"font-size: 0.9em;\"><em><span style=\"font-size: 0.8em;\"><br \/>\n<\/span><\/em><\/span><a href=\"https:\/\/fr.motorsport.com\/motogp\/results\/2023\/gp-dinde\/?st=FP1\"><span style=\"font-size: 11.52px;\"><i>Classement<\/i><\/span><\/a><\/strong><\/td>\n<td style=\"text-align: center; vertical-align: middle; width: 20%;\"><span style=\"font-size: 0.9em;\"><strong>\ud83c\uddee\ud83c\uddf9 MARCO BEZZECCHI<br \/>\n<\/strong><span style=\"font-size: 0.8em;\">MOONEY VR46 RACING TEAM<br \/>\n<strong><em>1:45.990<\/em><\/strong><\/span><\/span><\/td>\n<td style=\"text-align: center; vertical-align: middle; width: 20%;\"><span style=\"font-size: 0.9em;\"><strong>\ud83c\uddea\ud83c\uddf8 MARC MARQUEZ<br \/>\n<\/strong><span style=\"font-size: 0.8em;\">REPSOL HONDA TEAM<br \/>\n<strong><em>+0.139<\/em><\/strong><br \/>\n<\/span><\/span><\/td>\n<td style=\"text-align: center; vertical-align: middle; width: 20%;\"><span style=\"font-size: 0.9em;\"><strong>\ud83c\uddff\ud83c\udde6 BRAD BINDER<br \/>\n<\/strong><span style=\"font-size: 0.8em;\">RED BULL KTM FACTORY RACING<br \/>\n<strong><em>+0.320<\/em><\/strong><br \/>\n<\/span><\/span><\/td>\n<\/tr>\n<tr>\n<td style=\"text-align: center; vertical-align: middle; width: 20%;\"><strong>12H &#8211; 13H<\/strong><\/td>\n<td style=\"text-align: center; vertical-align: middle;\" colspan=\"2\"><strong>Essais libres 2<br \/>\n<a href=\"https:\/\/fr.motorsport.com\/motogp\/results\/2023\/gp-dinde\/?st=FP\"><span style=\"font-size: 11.52px;\"><i>Classement<\/i><\/span><\/a><br \/>\n<\/strong><\/td>\n<td style=\"text-align: center; vertical-align: middle; width: 20%;\"><span style=\"font-size: 0.9em;\"><strong>\ud83c\uddee\ud83c\uddf9 LUCA MARINI<br \/>\n<\/strong><span style=\"font-size: 0.8em;\">MOONEY VR46 RACING TEAM<br \/>\n<strong><em>1:44.782<\/em><\/strong><\/span><\/span><\/td>\n<td style=\"text-align: center; vertical-align: middle; width: 20%;\"><strong><span style=\"font-size: 0.9em;\">\ud83c\uddea\ud83c\uddf8 JORGE MARTIN<br \/>\n<\/span><\/strong><span style=\"font-size: 0.9em;\"><span style=\"font-size: 0.8em;\">PRIMA PRAMAC RACING<br \/>\n<strong><em>+0.008<\/em><\/strong><br \/>\n<\/span><\/span><\/td>\n<td style=\"text-align: center; vertical-align: middle; width: 20%;\"><span style=\"font-size: 0.9em;\"><strong>\ud83c\uddea\ud83c\uddf8 ALEIX ESPARGARO<br \/>\n<\/strong><span style=\"font-size: 0.8em;\">APRILIA RACING<br \/>\n<strong><em>+0.051<\/em><\/strong><br \/>\n<\/span><\/span><\/td>\n<\/tr>\n<tr>\n<td style=\"background-color: #c80502; width: 800px; text-align: center; vertical-align: middle;\" colspan=\"6\"><span style=\"color: #ffffff;\"><strong>SAMEDI 23 SEPTEMBRE 2023<\/strong><\/span><\/td>\n<\/tr>\n<tr>\n<td style=\"text-align: center; vertical-align: middle; width: 20%; background-color: #000000;\"><span style=\"color: #ffffff; font-size: 0.9em;\"><strong>Horaire<\/strong><\/span><\/td>\n<td style=\"text-align: center; vertical-align: middle; width: 20%; background-color: #000000;\" colspan=\"2\"><span style=\"color: #ffffff;\"><span style=\"font-size: 0.9em;\"><b>\u00c9preuve<\/b><\/span><\/span><\/td>\n<td style=\"text-align: center; vertical-align: middle; width: 20%; background-color: #000000;\"><span style=\"color: #ffffff; font-size: 0.9em;\"><strong>Premier<\/strong><\/span><\/td>\n<td style=\"text-align: center; vertical-align: middle; width: 20%; background-color: #000000;\"><span style=\"color: #ffffff; font-size: 0.9em;\"><strong>Deuxi\u00e8me<\/strong><\/span><\/td>\n<td style=\"text-align: center; vertical-align: middle; width: 20%; background-color: #000000;\"><span style=\"color: #ffffff; font-size: 0.9em;\"><strong>Troisi\u00e8me<\/strong><\/span><\/td>\n<\/tr>\n<tr>\n<td style=\"text-align: center; vertical-align: middle; width: 20%;\"><strong>7H10 &#8211; 7H40<\/strong><\/td>\n<td style=\"text-align: center; vertical-align: middle; width: 20%;\" colspan=\"2\"><strong>Essais libres 3<span style=\"font-size: 0.9em;\"><em><span style=\"font-size: 0.8em;\"><br \/>\n<\/span><\/em><\/span><a href=\"https:\/\/fr.motorsport.com\/motogp\/results\/2023\/gp-dinde\/?st=FP2\"><span style=\"font-size: 11.52px;\"><i>Classement<\/i><\/span><\/a><br \/>\n<\/strong><\/td>\n<td style=\"text-align: center; vertical-align: middle; width: 20%;\"><span style=\"font-size: 0.9em;\"><strong>\ud83c\uddee\ud83c\uddf9 MARCO BEZZECCHI<br \/>\n<\/strong><span style=\"font-size: 0.8em;\">MOONEY VR46 RACING TEAM<br \/>\n<strong><em>1:45.398<\/em><\/strong><\/span><\/span><\/td>\n<td style=\"text-align: center; vertical-align: middle; width: 20%;\"><span style=\"font-size: 0.9em;\"><strong>\ud83c\uddea\ud83c\uddf8 ALEX MARQUEZ<br \/>\n<\/strong><span style=\"font-size: 0.8em;\">GRESINI RACING MOTOGP<br \/>\n<strong><em>+0.203<\/em><\/strong><\/span><\/span><\/td>\n<td style=\"text-align: center; vertical-align: middle; width: 20%;\"><span style=\"font-size: 0.9em;\"><strong>\ud83c\uddee\ud83c\uddf9 LUCA MARINI<br \/>\n<\/strong><span style=\"font-size: 0.8em;\">MOONEY VR46 RACING TEAM<br \/>\n<strong><em>+0.206<\/em><\/strong><\/span><\/span><\/td>\n<\/tr>\n<tr>\n<td style=\"text-align: center; vertical-align: middle; width: 20%;\"><strong>7H50 &#8211; 8<\/strong><strong>H05<\/strong><\/td>\n<td style=\"text-align: center; vertical-align: middle;\" colspan=\"2\"><strong>Qualifications 1<br \/>\n<a href=\"https:\/\/fr.motorsport.com\/motogp\/results\/2023\/gp-dinde\/?st=Q1\"><span style=\"font-size: 11.52px;\"><i>Classement<\/i><\/span><\/a><br \/>\n<\/strong><\/td>\n<td style=\"text-align: center; vertical-align: middle; width: 20%;\"><span style=\"font-size: 0.9em;\"><strong>\ud83c\uddea\ud83c\uddf8 RAUL FERNANDEZ<br \/>\n<\/strong><span style=\"font-size: 0.8em;\">CRYPTODATA RNF MOTOGP TEAM<br \/>\n<strong><em>1:44.410<\/em><\/strong><\/span><\/span><\/td>\n<td style=\"text-align: center; vertical-align: middle; width: 20%;\"><span style=\"font-size: 0.9em;\"><strong>\ud83c\uddea\ud83c\uddf8 ALEX MARQUEZ<br \/>\n<\/strong><span style=\"font-size: 0.8em;\">GRESINI RACING MOTOGP<br \/>\n<strong><em>+0.109<\/em><\/strong><\/span><\/span><\/td>\n<td style=\"text-align: center; vertical-align: middle; width: 20%;\"><span style=\"font-size: 0.9em;\"><strong>\ud83c\uddee\ud83c\uddf9 FABIO DI GIANNANTONIO<br \/>\n<\/strong><span style=\"font-size: 0.8em;\">GRESINI RACING MOTOGP<br \/>\n<strong><em>+0.119<\/em><\/strong><br \/>\n<\/span><\/span><\/td>\n<\/tr>\n<tr>\n<td style=\"text-align: center; vertical-align: middle; width: 20%;\"><strong>8H15 &#8211; 8H30<\/strong><\/td>\n<td style=\"text-align: center; vertical-align: middle;\" colspan=\"2\"><strong>Qualifications 2<br \/>\n<span style=\"font-size: 11.52px;\"><i><a href=\"https:\/\/dicodusport.fr\/blog\/motogp-inde-2023-marco-bezzecchi-soffre-la-pole-les-bleus-dans-le-top-8\/\">R\u00e9sum\u00e9<\/a> &#8211; <a href=\"https:\/\/fr.motorsport.com\/motogp\/results\/2023\/gp-dinde\/?st=Q2\">Classement<\/a><\/i><\/span><br \/>\n<\/strong><\/td>\n<td style=\"text-align: center; vertical-align: middle; width: 20%;\"><span style=\"font-size: 0.9em;\"><strong>\ud83c\uddee\ud83c\uddf9 MARCO BEZZECCHI<br \/>\n<\/strong><span style=\"font-size: 0.8em;\">MOONEY VR46 RACING TEAM<br \/>\n<strong><em>1:43.947<\/em><\/strong><\/span><\/span><\/td>\n<td style=\"text-align: center; vertical-align: middle; width: 20%;\"><strong><span style=\"font-size: 0.9em;\">\ud83c\uddea\ud83c\uddf8 JORGE MARTIN<br \/>\n<\/span><\/strong><span style=\"font-size: 0.9em;\"><span style=\"font-size: 0.8em;\">PRIMA PRAMAC RACING<br \/>\n<strong><em>+0.043<\/em><\/strong><\/span><\/span><\/td>\n<td style=\"text-align: center; vertical-align: middle; width: 20%;\"><span style=\"font-size: 0.9em;\"><strong>\ud83c\uddee\ud83c\uddf9 FRANCESCO BAGNAIA<br \/>\n<\/strong><span style=\"font-size: 0.8em;\">DUCATI LENOVO TEAM<br \/>\n<strong><em>+0.256<\/em><\/strong><\/span><\/span><\/td>\n<\/tr>\n<tr>\n<td style=\"text-align: center; vertical-align: middle; width: 20%;\"><strong>13H30<\/strong><\/td>\n<td style=\"text-align: center; vertical-align: middle; width: 20%;\" colspan=\"2\"><strong>Course Sprint<span style=\"font-size: 11.52px;\"><i><br \/>\n<a href=\"https:\/\/dicodusport.fr\/blog\/motogp-inde-2023-jorge-martin-survole-la-course-sprint-quartararo-place\/\">R\u00e9sum\u00e9<\/a> &#8211; <a href=\"https:\/\/dicodusport.fr\/blog\/motogp-inde-2023-classement-course-sprint\/\">Classement<\/a><br \/>\n<\/i><\/span><\/strong><\/td>\n<td style=\"text-align: center; vertical-align: middle; width: 20%;\"><strong><span style=\"font-size: 0.9em;\">\ud83c\uddea\ud83c\uddf8 JORGE MARTIN<br \/>\n<\/span><\/strong><span style=\"font-size: 0.9em;\"><span style=\"font-size: 0.8em;\">PRIMA PRAMAC RACING<br \/>\n<strong><em>19:18.836<\/em><\/strong><br \/>\n<\/span><\/span><\/td>\n<td style=\"text-align: center; vertical-align: middle; width: 20%;\"><span style=\"font-size: 0.9em;\"><strong>\ud83c\uddee\ud83c\uddf9 FRANCESCO BAGNAIA<br \/>\n<\/strong><span style=\"font-size: 0.8em;\">DUCATI LENOVO TEAM<br \/>\n<strong><em>+1.389<\/em><\/strong><br \/>\n<\/span><\/span><\/td>\n<td style=\"text-align: center; vertical-align: middle; width: 20%;\"><span style=\"font-size: 0.9em;\"><strong>\ud83c\uddea\ud83c\uddf8 MARC MARQUEZ<br \/>\n<\/strong><span style=\"font-size: 0.8em;\">REPSOL HONDA TEAM<br \/>\n<strong><em>+2.405<\/em><\/strong><br \/>\n<\/span><\/span><\/td>\n<\/tr>\n<tr>\n<td style=\"background-color: #c80502; width: 800px; text-align: center; vertical-align: middle;\" colspan=\"6\"><span style=\"color: #ffffff;\"><strong>DIMANCHE 24 SEPTEMBRE 2023<\/strong><\/span><\/td>\n<\/tr>\n<tr>\n<td style=\"text-align: center; vertical-align: middle; width: 20%; background-color: #000000;\"><span style=\"color: #ffffff; font-size: 0.9em;\"><strong>Horaire<\/strong><\/span><\/td>\n<td style=\"text-align: center; vertical-align: middle; width: 20%; background-color: #000000;\" colspan=\"2\"><span style=\"color: #ffffff;\"><span style=\"font-size: 0.9em;\"><b>\u00c9preuve<\/b><\/span><\/span><\/td>\n<td style=\"text-align: center; vertical-align: middle; width: 20%; background-color: #000000;\"><span style=\"color: #ffffff; font-size: 0.9em;\"><strong>Premier<\/strong><\/span><\/td>\n<td style=\"text-align: center; vertical-align: middle; width: 20%; background-color: #000000;\"><span style=\"color: #ffffff; font-size: 0.9em;\"><strong>Deuxi\u00e8me<\/strong><\/span><\/td>\n<td style=\"text-align: center; vertical-align: middle; width: 20%; background-color: #000000;\"><span style=\"color: #ffffff; font-size: 0.9em;\"><strong>Troisi\u00e8me<\/strong><\/span><\/td>\n<\/tr>\n<tr>\n<td style=\"text-align: center; vertical-align: middle; width: 20%;\"><strong>9H45 &#8211; 9H55<\/strong><\/td>\n<td style=\"text-align: center; vertical-align: middle; width: 20%;\" colspan=\"2\"><strong>Warm-up<br \/>\n<a href=\"https:\/\/fr.motorsport.com\/motogp\/results\/2023\/gp-dinde\/?st=W\"><span style=\"font-size: 11.52px;\"><i>Classement<\/i><\/span><\/a><br \/>\n<\/strong><\/td>\n<td style=\"text-align: center; vertical-align: middle; width: 20%;\"><strong><span style=\"font-size: 0.9em;\">\ud83c\uddea\ud83c\uddf8 JORGE MARTIN<br \/>\n<\/span><\/strong><span style=\"font-size: 0.9em;\"><span style=\"font-size: 0.8em;\">PRIMA PRAMAC RACING<br \/>\n<strong><em>1:45.402<\/em><\/strong><\/span><\/span><\/td>\n<td style=\"text-align: center; vertical-align: middle; width: 20%;\"><span style=\"font-size: 0.9em;\"><strong>\ud83c\uddee\ud83c\uddf9 MARCO BEZZECCHI<br \/>\n<\/strong><span style=\"font-size: 0.8em;\">MOONEY VR46 RACING TEAM<br \/>\n<strong><em>+0.139<\/em><\/strong><\/span><\/span><\/td>\n<td style=\"text-align: center; vertical-align: middle; width: 20%;\"><span style=\"font-size: 0.9em;\"><strong>\ud83c\uddeb\ud83c\uddf7 FABIO QUARTARARO<br \/>\n<\/strong><span style=\"font-size: 0.8em;\">MONSTER ENERGY YAMAHA MOTOGP<br \/>\n<strong><em>+0.311<\/em><\/strong><br \/>\n<\/span><\/span><\/td>\n<\/tr>\n<tr>\n<td style=\"text-align: center; vertical-align: middle; width: 20%;\"><strong>12H00<\/strong><\/td>\n<td style=\"text-align: center; vertical-align: middle; width: 20%;\" colspan=\"2\"><strong>Course<br \/>\n<span style=\"font-size: 11.52px;\"><i><a href=\"https:\/\/dicodusport.fr\/blog\/motogp-inde-2023-fabio-quartararo-sur-le-podium-marco-bezzecchi-largement-vainqueur\/\">R\u00e9sum\u00e9<\/a> &#8211; <a href=\"https:\/\/dicodusport.fr\/blog\/motogp-classement-du-grand-prix-dinde-2023\/\">Classement<\/a><\/i><\/span><br \/>\n<\/strong><\/td>\n<td style=\"text-align: center; vertical-align: middle; width: 20%;\"><span style=\"font-size: 0.9em;\"><strong>\ud83c\uddee\ud83c\uddf9 MARCO BEZZECCHI<br \/>\n<\/strong><span style=\"font-size: 0.8em;\">MOONEY VR46 RACING TEAM<br \/>\n<strong><em>36:59.157<\/em><\/strong><br \/>\n<\/span><\/span><\/td>\n<td style=\"text-align: center; vertical-align: middle; width: 20%;\"><strong><span style=\"font-size: 0.9em;\">\ud83c\uddea\ud83c\uddf8 JORGE MARTIN<br \/>\n<\/span><\/strong><span style=\"font-size: 0.9em;\"><span style=\"font-size: 0.8em;\">PRIMA PRAMAC RACING<br \/>\n<strong><em>+8.649<\/em><\/strong><br \/>\n<\/span><\/span><\/td>\n<td style=\"text-align: center; vertical-align: middle; width: 20%;\"><span style=\"font-size: 0.9em;\"><strong>\ud83c\uddeb\ud83c\uddf7 FABIO QUARTARARO<br \/>\n<\/strong><span style=\"font-size: 0.8em;\">MONSTER ENERGY YAMAHA MOTOGP<br \/>\n<strong><em>+8.855<\/em><\/strong><br \/>\n<\/span><\/span><\/td>\n<\/tr>\n<\/tbody>\n<\/table>\n<h2 style=\"text-align: justify;\">\u00c0 lire aussi<\/h2>\n<ul>\n<li style=\"text-align: justify;\"><a href=\"https:\/\/dicodusport.fr\/blog\/motogp-2023-calendrier-et-resultats\/\"><strong>MotoGP 2023 &#8211; Calendrier et r\u00e9sultats<\/strong><\/a><\/li>\n<li style=\"text-align: justify;\"><a href=\"https:\/\/dicodusport.fr\/blog\/motogp-2023-classement-du-championnat-du-monde-des-pilotes\/\"><strong>Le classement du championnat du monde des pilotes<\/strong><\/a><\/li>\n<\/ul>\n<div class=\"vlp-link-container vlp-layout-article\"><a href=\"https:\/\/dicodusport.fr\/blog\/salaires-motogp-2023-qui-sont-les-pilotes-les-mieux-payes\/\" class=\"vlp-link\" title=\"Salaires MotoGP 2023 : Qui sont les pilotes les mieux pay\u00e9s ?\"><\/a><div class=\"vlp-layout-zone-side\"><div class=\"vlp-block-4 vlp-link-image\"><img loading=\"lazy\" decoding=\"async\" style=\"max-width: 800px;\" width=\"800\" height=\"445\" src=\"https:\/\/dicodusport.fr\/blog\/wp-content\/uploads\/2023\/03\/Salaires-MotoGP-2023-Qui-sont-les-pilotes-les-mieux-payes-.png\" class=\"attachment-800x445 size-800x445\" alt=\"Salaires MotoGP 2023 Qui sont les pilotes les mieux pay\u00e9s\" srcset=\"https:\/\/dicodusport.fr\/blog\/wp-content\/uploads\/2023\/03\/Salaires-MotoGP-2023-Qui-sont-les-pilotes-les-mieux-payes-.png 800w, https:\/\/dicodusport.fr\/blog\/wp-content\/uploads\/2023\/03\/Salaires-MotoGP-2023-Qui-sont-les-pilotes-les-mieux-payes--300x167.png 300w, https:\/\/dicodusport.fr\/blog\/wp-content\/uploads\/2023\/03\/Salaires-MotoGP-2023-Qui-sont-les-pilotes-les-mieux-payes--768x427.png 768w\" sizes=\"auto, (max-width: 800px) 100vw, 800px\" \/><\/div><\/div><div class=\"vlp-layout-zone-main\"><div class=\"vlp-block-0 vlp-link-title\">Salaires MotoGP 2023 : Qui sont les pilotes les mieux pay\u00e9s ?<\/div><div class=\"vlp-block-1 vlp-link-summary\">SALAIRES MOTOGP 2023 - Sports Data ID, sur les informations, entre autres, de la Gazzetta dello Sport, a d\u00e9voil\u00e9 les salaires des 22 pilotes MotoGP pour la saison 2023.<\/div><div class=\"vlp-block-2 vlp-link-button\">Lire l'article<\/div><div class=\"vlp-block-3 vlp-link-url\">dicodusport.fr<\/div><\/div><\/div>\n","protected":false},"excerpt":{"rendered":"<p>MOTOGP SAINT-MARIN 2023 &#8211; Programme, cha\u00eene TV et r\u00e9sultats de la 12\u00e8me manche de la saison de MotoGP sur le circuit de Misano.<\/p>\n","protected":false},"author":54,"featured_media":421849,"comment_status":"open","ping_status":"closed","sticky":false,"template":"","format":"standard","meta":{"_acf_changed":false,"_daextam_enable_autolinks":"","footnotes":""},"categories":[47087],"tags":[16878,10938,34592],"class_list":["post-421236","post","type-post","status-publish","format-standard","has-post-thumbnail","hentry","category-motogp","tag-breve","tag-motogp","tag-motogp-inde"],"acf":[],"yoast_head":"<!-- This site is optimized with the Yoast SEO Premium plugin v26.7 (Yoast SEO v26.7) - https:\/\/yoast.com\/wordpress\/plugins\/seo\/ -->\n<title>MotoGP Inde 2023 : Les r\u00e9sultats complets<\/title>\n<meta name=\"description\" content=\"MOTOGP INDE 2023 - Programme, cha\u00eene TV et r\u00e9sultats de la 14\u00e8me manche de la saison de MotoGP sur le circuit de Buddh.\" \/>\n<meta name=\"robots\" content=\"index, follow, max-snippet:-1, max-image-preview:large, max-video-preview:-1\" \/>\n<link rel=\"canonical\" href=\"https:\/\/dicodusport.fr\/blog\/motogp-inde-2023-chaine-tv-programme-et-resultats\/\" \/>\n<meta property=\"og:locale\" content=\"fr_FR\" \/>\n<meta property=\"og:type\" content=\"article\" \/>\n<meta property=\"og:title\" content=\"MotoGP Inde 2023 : Les r\u00e9sultats complets\" \/>\n<meta property=\"og:description\" content=\"MOTOGP INDE 2023 - Programme, cha\u00eene TV et r\u00e9sultats de la 14\u00e8me manche de la saison de MotoGP sur le circuit de Buddh.\" \/>\n<meta property=\"og:url\" content=\"https:\/\/dicodusport.fr\/blog\/motogp-inde-2023-chaine-tv-programme-et-resultats\/\" \/>\n<meta property=\"og:site_name\" content=\"Dicodusport\" \/>\n<meta property=\"article:publisher\" content=\"https:\/\/www.facebook.com\/dicodusport\" \/>\n<meta property=\"article:author\" content=\"https:\/\/www.facebook.com\/roxane.lecacher\" \/>\n<meta property=\"article:published_time\" content=\"2023-09-24T10:49:10+00:00\" \/>\n<meta property=\"article:modified_time\" content=\"2023-09-24T10:50:03+00:00\" \/>\n<meta property=\"og:image\" content=\"https:\/\/dicodusport.fr\/blog\/wp-content\/uploads\/2023\/09\/MotoGP-Inde-2023-Marco-Bezzecchi-soffre-la-pole-les-Bleus-dans-le-Top-8.png\" \/>\n\t<meta property=\"og:image:width\" content=\"800\" \/>\n\t<meta property=\"og:image:height\" content=\"445\" \/>\n\t<meta property=\"og:image:type\" content=\"image\/png\" \/>\n<meta name=\"author\" content=\"Roxane Lecacher\" \/>\n<meta name=\"twitter:card\" content=\"summary_large_image\" \/>\n<meta name=\"twitter:title\" content=\"MotoGP Inde 2023 : Les r\u00e9sultats complets\" \/>\n<meta name=\"twitter:creator\" content=\"@dicodusport\" \/>\n<meta name=\"twitter:site\" content=\"@dicodusport\" \/>\n<script type=\"application\/ld+json\" class=\"yoast-schema-graph\">{\"@context\":\"https:\/\/schema.org\",\"@graph\":[{\"@type\":\"NewsArticle\",\"@id\":\"https:\/\/dicodusport.fr\/blog\/motogp-inde-2023-chaine-tv-programme-et-resultats\/#article\",\"isPartOf\":{\"@id\":\"https:\/\/dicodusport.fr\/blog\/motogp-inde-2023-chaine-tv-programme-et-resultats\/\"},\"author\":{\"name\":\"Roxane Lecacher\",\"@id\":\"https:\/\/dicodusport.fr\/blog\/#\/schema\/person\/819fb2545dd2715bd7c0580d6d4b411a\"},\"headline\":\"MotoGP Inde 2023 : Les r\u00e9sultats complets\",\"datePublished\":\"2023-09-24T10:49:10+00:00\",\"dateModified\":\"2023-09-24T10:50:03+00:00\",\"mainEntityOfPage\":{\"@id\":\"https:\/\/dicodusport.fr\/blog\/motogp-inde-2023-chaine-tv-programme-et-resultats\/\"},\"wordCount\":788,\"commentCount\":0,\"publisher\":{\"@id\":\"https:\/\/dicodusport.fr\/blog\/#organization\"},\"image\":{\"@id\":\"https:\/\/dicodusport.fr\/blog\/motogp-inde-2023-chaine-tv-programme-et-resultats\/#primaryimage\"},\"thumbnailUrl\":\"https:\/\/dicodusport.fr\/blog\/wp-content\/uploads\/2023\/09\/MotoGP-Inde-2023-Marco-Bezzecchi-soffre-la-pole-les-Bleus-dans-le-Top-8.png\",\"keywords\":[\"br\u00e8ve\",\"MotoGP\",\"MotoGP Inde\"],\"articleSection\":[\"MotoGP\"],\"inLanguage\":\"fr-FR\",\"potentialAction\":[{\"@type\":\"CommentAction\",\"name\":\"Comment\",\"target\":[\"https:\/\/dicodusport.fr\/blog\/motogp-inde-2023-chaine-tv-programme-et-resultats\/#respond\"]}],\"copyrightYear\":\"2023\",\"copyrightHolder\":{\"@id\":\"https:\/\/dicodusport.fr\/blog\/#organization\"}},{\"@type\":\"WebPage\",\"@id\":\"https:\/\/dicodusport.fr\/blog\/motogp-inde-2023-chaine-tv-programme-et-resultats\/\",\"url\":\"https:\/\/dicodusport.fr\/blog\/motogp-inde-2023-chaine-tv-programme-et-resultats\/\",\"name\":\"MotoGP Inde 2023 : Les r\u00e9sultats complets\",\"isPartOf\":{\"@id\":\"https:\/\/dicodusport.fr\/blog\/#website\"},\"primaryImageOfPage\":{\"@id\":\"https:\/\/dicodusport.fr\/blog\/motogp-inde-2023-chaine-tv-programme-et-resultats\/#primaryimage\"},\"image\":{\"@id\":\"https:\/\/dicodusport.fr\/blog\/motogp-inde-2023-chaine-tv-programme-et-resultats\/#primaryimage\"},\"thumbnailUrl\":\"https:\/\/dicodusport.fr\/blog\/wp-content\/uploads\/2023\/09\/MotoGP-Inde-2023-Marco-Bezzecchi-soffre-la-pole-les-Bleus-dans-le-Top-8.png\",\"datePublished\":\"2023-09-24T10:49:10+00:00\",\"dateModified\":\"2023-09-24T10:50:03+00:00\",\"description\":\"MOTOGP INDE 2023 - Programme, cha\u00eene TV et r\u00e9sultats de la 14\u00e8me manche de la saison de MotoGP sur le circuit de Buddh.\",\"breadcrumb\":{\"@id\":\"https:\/\/dicodusport.fr\/blog\/motogp-inde-2023-chaine-tv-programme-et-resultats\/#breadcrumb\"},\"inLanguage\":\"fr-FR\",\"potentialAction\":[{\"@type\":\"ReadAction\",\"target\":[\"https:\/\/dicodusport.fr\/blog\/motogp-inde-2023-chaine-tv-programme-et-resultats\/\"]}]},{\"@type\":\"ImageObject\",\"inLanguage\":\"fr-FR\",\"@id\":\"https:\/\/dicodusport.fr\/blog\/motogp-inde-2023-chaine-tv-programme-et-resultats\/#primaryimage\",\"url\":\"https:\/\/dicodusport.fr\/blog\/wp-content\/uploads\/2023\/09\/MotoGP-Inde-2023-Marco-Bezzecchi-soffre-la-pole-les-Bleus-dans-le-Top-8.png\",\"contentUrl\":\"https:\/\/dicodusport.fr\/blog\/wp-content\/uploads\/2023\/09\/MotoGP-Inde-2023-Marco-Bezzecchi-soffre-la-pole-les-Bleus-dans-le-Top-8.png\",\"width\":800,\"height\":445,\"caption\":\"MotoGP Inde 2023 Marco Bezzecchi s'offre la pole, les Bleus dans le Top 8\"},{\"@type\":\"BreadcrumbList\",\"@id\":\"https:\/\/dicodusport.fr\/blog\/motogp-inde-2023-chaine-tv-programme-et-resultats\/#breadcrumb\",\"itemListElement\":[{\"@type\":\"ListItem\",\"position\":1,\"name\":\"Accueil\",\"item\":\"https:\/\/dicodusport.fr\/blog\/\"},{\"@type\":\"ListItem\",\"position\":2,\"name\":\"MotoGP Inde 2023 : Les r\u00e9sultats complets\"}]},{\"@type\":\"WebSite\",\"@id\":\"https:\/\/dicodusport.fr\/blog\/#website\",\"url\":\"https:\/\/dicodusport.fr\/blog\/\",\"name\":\"Dicodusport\",\"description\":\"L&#039;encyclop\u00e9die de l&#039;actualit\u00e9 sportive\",\"publisher\":{\"@id\":\"https:\/\/dicodusport.fr\/blog\/#organization\"},\"potentialAction\":[{\"@type\":\"SearchAction\",\"target\":{\"@type\":\"EntryPoint\",\"urlTemplate\":\"https:\/\/dicodusport.fr\/blog\/?s={search_term_string}\"},\"query-input\":{\"@type\":\"PropertyValueSpecification\",\"valueRequired\":true,\"valueName\":\"search_term_string\"}}],\"inLanguage\":\"fr-FR\"},{\"@type\":\"NewsMediaOrganization\",\"@id\":\"https:\/\/dicodusport.fr\/blog\/#organization\",\"name\":\"Dicodusport\",\"url\":\"https:\/\/dicodusport.fr\/blog\/\",\"logo\":{\"@type\":\"ImageObject\",\"inLanguage\":\"fr-FR\",\"@id\":\"https:\/\/dicodusport.fr\/blog\/#\/schema\/logo\/image\/\",\"url\":\"https:\/\/dicodusport.fr\/blog\/wp-content\/uploads\/2020\/06\/cropped-LOGO-DICODUSPORT-2020-SANS-FOND-SANS-TEXTE.png\",\"contentUrl\":\"https:\/\/dicodusport.fr\/blog\/wp-content\/uploads\/2020\/06\/cropped-LOGO-DICODUSPORT-2020-SANS-FOND-SANS-TEXTE.png\",\"width\":512,\"height\":512,\"caption\":\"Dicodusport\"},\"image\":{\"@id\":\"https:\/\/dicodusport.fr\/blog\/#\/schema\/logo\/image\/\"},\"sameAs\":[\"https:\/\/www.facebook.com\/dicodusport\",\"https:\/\/x.com\/dicodusport\",\"https:\/\/www.instagram.com\/dicodusport\/\",\"https:\/\/www.youtube.com\/channel\/UC7V2KZ5sd3htJivAbA4ZG3w\"],\"description\":\"Dicodusport est l'encyclop\u00e9die de l'actualit\u00e9 sportive.\",\"email\":\"bonjour@dicodusport.fr\",\"legalName\":\"DICODUSPORT\",\"foundingDate\":\"2018-01-14\",\"vatID\":\"FR71834470973\",\"taxID\":\"83447097300043\",\"numberOfEmployees\":{\"@type\":\"QuantitativeValue\",\"minValue\":\"1\",\"maxValue\":\"10\"}},{\"@type\":\"Person\",\"@id\":\"https:\/\/dicodusport.fr\/blog\/#\/schema\/person\/819fb2545dd2715bd7c0580d6d4b411a\",\"name\":\"Roxane Lecacher\",\"image\":{\"@type\":\"ImageObject\",\"inLanguage\":\"fr-FR\",\"@id\":\"https:\/\/dicodusport.fr\/blog\/#\/schema\/person\/image\/\",\"url\":\"https:\/\/dicodusport.fr\/blog\/wp-content\/uploads\/2021\/05\/Roxane-Lecacher-150x150.jpg\",\"contentUrl\":\"https:\/\/dicodusport.fr\/blog\/wp-content\/uploads\/2021\/05\/Roxane-Lecacher-150x150.jpg\",\"caption\":\"Roxane Lecacher\"},\"description\":\"Journaliste\/r\u00e9dactrice depuis janvier 2021 - N\u00e9e quelques jours avant la premi\u00e8re \u00e9toile des Bleus, je baigne dans une famille tr\u00e8s sportive. Je n\u2019ai eu d\u2019autres choix que de me passionner pour le sujet. Pratiquante de l\u2019athl\u00e9tisme depuis toute petite, j\u2019ai aussi un attrait tout particulier pour la Formule 1, le biathlon et le foot. Pendant les grands \u00e9v\u00e9nements, il est impossible de d\u00e9crocher de ma t\u00e9l\u00e9. C\u2019est \u00e0 travers Dicodusport que j\u2019aime d\u00e9sormais vous transmettre mes \u00e9motions et ma passion.\",\"sameAs\":[\"https:\/\/www.facebook.com\/roxane.lecacher\",\"https:\/\/fr.linkedin.com\/in\/roxane-lecacher-23368313b\"],\"url\":\"https:\/\/dicodusport.fr\/blog\/author\/roxanel\/\"}]}<\/script>\n<!-- \/ Yoast SEO Premium plugin. -->","yoast_head_json":{"title":"MotoGP Inde 2023 : Les r\u00e9sultats complets","description":"MOTOGP INDE 2023 - Programme, cha\u00eene TV et r\u00e9sultats de la 14\u00e8me manche de la saison de MotoGP sur le circuit de Buddh.","robots":{"index":"index","follow":"follow","max-snippet":"max-snippet:-1","max-image-preview":"max-image-preview:large","max-video-preview":"max-video-preview:-1"},"canonical":"https:\/\/dicodusport.fr\/blog\/motogp-inde-2023-chaine-tv-programme-et-resultats\/","og_locale":"fr_FR","og_type":"article","og_title":"MotoGP Inde 2023 : Les r\u00e9sultats complets","og_description":"MOTOGP INDE 2023 - Programme, cha\u00eene TV et r\u00e9sultats de la 14\u00e8me manche de la saison de MotoGP sur le circuit de Buddh.","og_url":"https:\/\/dicodusport.fr\/blog\/motogp-inde-2023-chaine-tv-programme-et-resultats\/","og_site_name":"Dicodusport","article_publisher":"https:\/\/www.facebook.com\/dicodusport","article_author":"https:\/\/www.facebook.com\/roxane.lecacher","article_published_time":"2023-09-24T10:49:10+00:00","article_modified_time":"2023-09-24T10:50:03+00:00","og_image":[{"width":800,"height":445,"url":"https:\/\/dicodusport.fr\/blog\/wp-content\/uploads\/2023\/09\/MotoGP-Inde-2023-Marco-Bezzecchi-soffre-la-pole-les-Bleus-dans-le-Top-8.png","type":"image\/png"}],"author":"Roxane Lecacher","twitter_card":"summary_large_image","twitter_title":"MotoGP Inde 2023 : Les r\u00e9sultats complets","twitter_creator":"@dicodusport","twitter_site":"@dicodusport","schema":{"@context":"https:\/\/schema.org","@graph":[{"@type":"NewsArticle","@id":"https:\/\/dicodusport.fr\/blog\/motogp-inde-2023-chaine-tv-programme-et-resultats\/#article","isPartOf":{"@id":"https:\/\/dicodusport.fr\/blog\/motogp-inde-2023-chaine-tv-programme-et-resultats\/"},"author":{"name":"Roxane Lecacher","@id":"https:\/\/dicodusport.fr\/blog\/#\/schema\/person\/819fb2545dd2715bd7c0580d6d4b411a"},"headline":"MotoGP Inde 2023 : Les r\u00e9sultats complets","datePublished":"2023-09-24T10:49:10+00:00","dateModified":"2023-09-24T10:50:03+00:00","mainEntityOfPage":{"@id":"https:\/\/dicodusport.fr\/blog\/motogp-inde-2023-chaine-tv-programme-et-resultats\/"},"wordCount":788,"commentCount":0,"publisher":{"@id":"https:\/\/dicodusport.fr\/blog\/#organization"},"image":{"@id":"https:\/\/dicodusport.fr\/blog\/motogp-inde-2023-chaine-tv-programme-et-resultats\/#primaryimage"},"thumbnailUrl":"https:\/\/dicodusport.fr\/blog\/wp-content\/uploads\/2023\/09\/MotoGP-Inde-2023-Marco-Bezzecchi-soffre-la-pole-les-Bleus-dans-le-Top-8.png","keywords":["br\u00e8ve","MotoGP","MotoGP Inde"],"articleSection":["MotoGP"],"inLanguage":"fr-FR","potentialAction":[{"@type":"CommentAction","name":"Comment","target":["https:\/\/dicodusport.fr\/blog\/motogp-inde-2023-chaine-tv-programme-et-resultats\/#respond"]}],"copyrightYear":"2023","copyrightHolder":{"@id":"https:\/\/dicodusport.fr\/blog\/#organization"}},{"@type":"WebPage","@id":"https:\/\/dicodusport.fr\/blog\/motogp-inde-2023-chaine-tv-programme-et-resultats\/","url":"https:\/\/dicodusport.fr\/blog\/motogp-inde-2023-chaine-tv-programme-et-resultats\/","name":"MotoGP Inde 2023 : Les r\u00e9sultats complets","isPartOf":{"@id":"https:\/\/dicodusport.fr\/blog\/#website"},"primaryImageOfPage":{"@id":"https:\/\/dicodusport.fr\/blog\/motogp-inde-2023-chaine-tv-programme-et-resultats\/#primaryimage"},"image":{"@id":"https:\/\/dicodusport.fr\/blog\/motogp-inde-2023-chaine-tv-programme-et-resultats\/#primaryimage"},"thumbnailUrl":"https:\/\/dicodusport.fr\/blog\/wp-content\/uploads\/2023\/09\/MotoGP-Inde-2023-Marco-Bezzecchi-soffre-la-pole-les-Bleus-dans-le-Top-8.png","datePublished":"2023-09-24T10:49:10+00:00","dateModified":"2023-09-24T10:50:03+00:00","description":"MOTOGP INDE 2023 - Programme, cha\u00eene TV et r\u00e9sultats de la 14\u00e8me manche de la saison de MotoGP sur le circuit de Buddh.","breadcrumb":{"@id":"https:\/\/dicodusport.fr\/blog\/motogp-inde-2023-chaine-tv-programme-et-resultats\/#breadcrumb"},"inLanguage":"fr-FR","potentialAction":[{"@type":"ReadAction","target":["https:\/\/dicodusport.fr\/blog\/motogp-inde-2023-chaine-tv-programme-et-resultats\/"]}]},{"@type":"ImageObject","inLanguage":"fr-FR","@id":"https:\/\/dicodusport.fr\/blog\/motogp-inde-2023-chaine-tv-programme-et-resultats\/#primaryimage","url":"https:\/\/dicodusport.fr\/blog\/wp-content\/uploads\/2023\/09\/MotoGP-Inde-2023-Marco-Bezzecchi-soffre-la-pole-les-Bleus-dans-le-Top-8.png","contentUrl":"https:\/\/dicodusport.fr\/blog\/wp-content\/uploads\/2023\/09\/MotoGP-Inde-2023-Marco-Bezzecchi-soffre-la-pole-les-Bleus-dans-le-Top-8.png","width":800,"height":445,"caption":"MotoGP Inde 2023 Marco Bezzecchi s'offre la pole, les Bleus dans le Top 8"},{"@type":"BreadcrumbList","@id":"https:\/\/dicodusport.fr\/blog\/motogp-inde-2023-chaine-tv-programme-et-resultats\/#breadcrumb","itemListElement":[{"@type":"ListItem","position":1,"name":"Accueil","item":"https:\/\/dicodusport.fr\/blog\/"},{"@type":"ListItem","position":2,"name":"MotoGP Inde 2023 : Les r\u00e9sultats complets"}]},{"@type":"WebSite","@id":"https:\/\/dicodusport.fr\/blog\/#website","url":"https:\/\/dicodusport.fr\/blog\/","name":"Dicodusport","description":"L&#039;encyclop\u00e9die de l&#039;actualit\u00e9 sportive","publisher":{"@id":"https:\/\/dicodusport.fr\/blog\/#organization"},"potentialAction":[{"@type":"SearchAction","target":{"@type":"EntryPoint","urlTemplate":"https:\/\/dicodusport.fr\/blog\/?s={search_term_string}"},"query-input":{"@type":"PropertyValueSpecification","valueRequired":true,"valueName":"search_term_string"}}],"inLanguage":"fr-FR"},{"@type":"NewsMediaOrganization","@id":"https:\/\/dicodusport.fr\/blog\/#organization","name":"Dicodusport","url":"https:\/\/dicodusport.fr\/blog\/","logo":{"@type":"ImageObject","inLanguage":"fr-FR","@id":"https:\/\/dicodusport.fr\/blog\/#\/schema\/logo\/image\/","url":"https:\/\/dicodusport.fr\/blog\/wp-content\/uploads\/2020\/06\/cropped-LOGO-DICODUSPORT-2020-SANS-FOND-SANS-TEXTE.png","contentUrl":"https:\/\/dicodusport.fr\/blog\/wp-content\/uploads\/2020\/06\/cropped-LOGO-DICODUSPORT-2020-SANS-FOND-SANS-TEXTE.png","width":512,"height":512,"caption":"Dicodusport"},"image":{"@id":"https:\/\/dicodusport.fr\/blog\/#\/schema\/logo\/image\/"},"sameAs":["https:\/\/www.facebook.com\/dicodusport","https:\/\/x.com\/dicodusport","https:\/\/www.instagram.com\/dicodusport\/","https:\/\/www.youtube.com\/channel\/UC7V2KZ5sd3htJivAbA4ZG3w"],"description":"Dicodusport est l'encyclop\u00e9die de l'actualit\u00e9 sportive.","email":"bonjour@dicodusport.fr","legalName":"DICODUSPORT","foundingDate":"2018-01-14","vatID":"FR71834470973","taxID":"83447097300043","numberOfEmployees":{"@type":"QuantitativeValue","minValue":"1","maxValue":"10"}},{"@type":"Person","@id":"https:\/\/dicodusport.fr\/blog\/#\/schema\/person\/819fb2545dd2715bd7c0580d6d4b411a","name":"Roxane Lecacher","image":{"@type":"ImageObject","inLanguage":"fr-FR","@id":"https:\/\/dicodusport.fr\/blog\/#\/schema\/person\/image\/","url":"https:\/\/dicodusport.fr\/blog\/wp-content\/uploads\/2021\/05\/Roxane-Lecacher-150x150.jpg","contentUrl":"https:\/\/dicodusport.fr\/blog\/wp-content\/uploads\/2021\/05\/Roxane-Lecacher-150x150.jpg","caption":"Roxane Lecacher"},"description":"Journaliste\/r\u00e9dactrice depuis janvier 2021 - N\u00e9e quelques jours avant la premi\u00e8re \u00e9toile des Bleus, je baigne dans une famille tr\u00e8s sportive. Je n\u2019ai eu d\u2019autres choix que de me passionner pour le sujet. Pratiquante de l\u2019athl\u00e9tisme depuis toute petite, j\u2019ai aussi un attrait tout particulier pour la Formule 1, le biathlon et le foot. Pendant les grands \u00e9v\u00e9nements, il est impossible de d\u00e9crocher de ma t\u00e9l\u00e9. C\u2019est \u00e0 travers Dicodusport que j\u2019aime d\u00e9sormais vous transmettre mes \u00e9motions et ma passion.","sameAs":["https:\/\/www.facebook.com\/roxane.lecacher","https:\/\/fr.linkedin.com\/in\/roxane-lecacher-23368313b"],"url":"https:\/\/dicodusport.fr\/blog\/author\/roxanel\/"}]}},"_links":{"self":[{"href":"https:\/\/dicodusport.fr\/blog\/wp-json\/wp\/v2\/posts\/421236","targetHints":{"allow":["GET"]}}],"collection":[{"href":"https:\/\/dicodusport.fr\/blog\/wp-json\/wp\/v2\/posts"}],"about":[{"href":"https:\/\/dicodusport.fr\/blog\/wp-json\/wp\/v2\/types\/post"}],"author":[{"embeddable":true,"href":"https:\/\/dicodusport.fr\/blog\/wp-json\/wp\/v2\/users\/54"}],"replies":[{"embeddable":true,"href":"https:\/\/dicodusport.fr\/blog\/wp-json\/wp\/v2\/comments?post=421236"}],"version-history":[{"count":0,"href":"https:\/\/dicodusport.fr\/blog\/wp-json\/wp\/v2\/posts\/421236\/revisions"}],"wp:featuredmedia":[{"embeddable":true,"href":"https:\/\/dicodusport.fr\/blog\/wp-json\/wp\/v2\/media\/421849"}],"wp:attachment":[{"href":"https:\/\/dicodusport.fr\/blog\/wp-json\/wp\/v2\/media?parent=421236"}],"wp:term":[{"taxonomy":"category","embeddable":true,"href":"https:\/\/dicodusport.fr\/blog\/wp-json\/wp\/v2\/categories?post=421236"},{"taxonomy":"post_tag","embeddable":true,"href":"https:\/\/dicodusport.fr\/blog\/wp-json\/wp\/v2\/tags?post=421236"}],"curies":[{"name":"wp","href":"https:\/\/api.w.org\/{rel}","templated":true}]}}