{"id":421313,"date":"2023-09-21T15:30:26","date_gmt":"2023-09-21T13:30:26","guid":{"rendered":"https:\/\/dicodusport.fr\/blog\/?p=421313&#038;preview=true&#038;preview_id=421313"},"modified":"2023-09-21T15:47:40","modified_gmt":"2023-09-21T13:47:40","slug":"om-la-composition-probable-de-marseille-pour-affronter-lajax-amsterdam","status":"publish","type":"post","link":"https:\/\/dicodusport.fr\/blog\/om-la-composition-probable-de-marseille-pour-affronter-lajax-amsterdam\/","title":{"rendered":"OM : La composition probable de Marseille pour affronter l&rsquo;Ajax Amsterdam"},"content":{"rendered":"<p style=\"text-align: justify;\" align=\"justify\"><em><strong>LIGUE EUROPA 2023-2024<b>\u00a0\u2013<\/b> Selon RMC Sport, l&rsquo;Olympique de Marseille va \u00e9voluer en 4-3-3 pour affronter l&rsquo;Ajax Amsterdam.<\/strong><\/em><\/p>\n<ul style=\"text-align: justify;\">\n<li><strong>\u00c0 lire aussi <\/strong>&#8211; <a href=\"https:\/\/dicodusport.fr\/blog\/ajax-marseille-chaine-tv-et-heure-du-match\/\" target=\"_blank\" rel=\"noopener\"><strong>Ajax Amsterdam \u2013 Marseille : Cha\u00eene TV et Heure du match<\/strong><\/a><\/li>\n<\/ul>\n<p style=\"text-align: justify;\">Pour son premier match sur le banc de l&rsquo;<strong>Olympique de Marseille<\/strong> <a href=\"https:\/\/dicodusport.fr\/blog\/mercato-om-marcelino-quitte-deja-son-poste-dentraineur-de-marseille\/\">apr\u00e8s le d\u00e9part pr\u00e9cipit\u00e9 de <strong>Marcelino<\/strong><\/a>, <strong>Jacques<\/strong> <strong>Abardonado<\/strong> devrait changer de syst\u00e8me de jeu. Exit le 4-4-2 de l&rsquo;entra\u00eeneur espagnol qui faisait beaucoup d\u00e9bat et place \u00e0 un 4-3-3 plus moderne.<\/p>\n<p style=\"text-align: justify;\">En d\u00e9fense, pas de grande r\u00e9volution puisque <strong>Samuel<\/strong> <strong>Gigot<\/strong> et <strong>Chancel<\/strong> <strong>Mbemba<\/strong> seront align\u00e9s dans l&rsquo;axe alors que <strong>Renan<\/strong> <strong>Lodi<\/strong> et <strong>Jonathan<\/strong> <strong>Clauss<\/strong> seront dans les couloirs. Le grand changement est au milieu de terrain avec le retour d&rsquo;<strong>Azzedine Ounahi<\/strong> dans un poste de relayeur. Il sera associ\u00e9 \u00e0 <strong>Valentin<\/strong> <strong>Rongier<\/strong> et <strong>Jordan Veretout<\/strong>.<\/p>\n<ul style=\"text-align: justify;\">\n<li><strong>\u00c0 lire aussi<\/strong> &#8211; <a href=\"https:\/\/dicodusport.fr\/blog\/pronostic-ajax-marseille-cotes-analyse-et-conseil\/\" target=\"_blank\" rel=\"noopener\"><strong>Pronostic Ajax \u2013 Marseille : Cotes, analyse et conseil<\/strong><\/a><\/li>\n<\/ul>\n<p style=\"text-align: justify;\">En attaque, <strong>Vitinha<\/strong> devrait \u00eatre align\u00e9 en pointe alors que <strong>Pierre-Emerick Aubameyang<\/strong> devrait \u00eatre d\u00e9cal\u00e9 sur un c\u00f4t\u00e9. <strong>Iliman<\/strong> <strong>Ndiaye<\/strong> devrait lui \u00eatre titulaire dans le couloir droit.<\/p>\n<h2 style=\"text-align: justify;\" align=\"justify\">La composition probable de l&rsquo;OM face \u00e0 l&rsquo;Ajax<\/h2>\n<p style=\"text-align: justify;\" align=\"justify\">Pau Lopez &#8211; Clauss, Gigot, Mbemba, Lodi &#8211; Veretout, Rongier, Ounahi &#8211; NDiaye, Vitinha, Aubameyang<\/p>\n<blockquote class=\"twitter-tweet\">\n<p dir=\"ltr\" lang=\"fr\">\ud83d\udd35 Jacques Abardonado devrait changer de syst\u00e8me de jeu face \u00e0 l&rsquo;Ajax. Au lieu d&rsquo;un 4-4-2 cher \u00e0 Marcelino, Marseille pourrait se pr\u00e9senter avec un 4-3-3. Ounahi pourrait aussi \u00eatre relanc\u00e9.<a href=\"https:\/\/t.co\/V328KCTMQa\">https:\/\/t.co\/V328KCTMQa<\/a><\/p>\n<p>\u2014 RMC Sport (@RMCsport) <a href=\"https:\/\/twitter.com\/RMCsport\/status\/1704839223411355676?ref_src=twsrc%5Etfw\">September 21, 2023<\/a><\/p><\/blockquote>\n<p><script async src=\"https:\/\/platform.twitter.com\/widgets.js\" charset=\"utf-8\"><\/script><\/p>\n","protected":false},"excerpt":{"rendered":"<p>LIGUE EUROPA 2023-2024\u00a0\u2013 Selon RMC Sport, l&rsquo;Olympique de Marseille va \u00e9voluer en 4-3-3 pour affronter l&rsquo;Ajax Amsterdam.<\/p>\n","protected":false},"author":1,"featured_media":420394,"comment_status":"open","ping_status":"closed","sticky":false,"template":"","format":"standard","meta":{"_acf_changed":false,"_daextam_enable_autolinks":"","footnotes":""},"categories":[2301],"tags":[7823,16878,75,446,1889],"class_list":["post-421313","post","type-post","status-publish","format-standard","has-post-thumbnail","hentry","category-football","tag-ajax","tag-breve","tag-football","tag-marseille","tag-om"],"acf":[],"yoast_head":"<!-- This site is optimized with the Yoast SEO Premium plugin v26.7 (Yoast SEO v26.7) - https:\/\/yoast.com\/wordpress\/plugins\/seo\/ -->\n<title>OM : La composition probable de Marseille pour affronter l&#039;Ajax Amsterdam<\/title>\n<meta name=\"description\" content=\"LIGUE EUROPA 2023-2024\u00a0\u2013 Selon RMC Sport, l&#039;Olympique de Marseille va \u00e9voluer en 4-3-3 pour affronter l&#039;Ajax Amsterdam.\" \/>\n<meta name=\"robots\" content=\"index, follow, max-snippet:-1, max-image-preview:large, max-video-preview:-1\" \/>\n<link rel=\"canonical\" href=\"https:\/\/dicodusport.fr\/blog\/om-la-composition-probable-de-marseille-pour-affronter-lajax-amsterdam\/\" \/>\n<meta property=\"og:locale\" content=\"fr_FR\" \/>\n<meta property=\"og:type\" content=\"article\" \/>\n<meta property=\"og:title\" content=\"OM : La composition probable de Marseille pour affronter l&#039;Ajax Amsterdam\" \/>\n<meta property=\"og:description\" content=\"LIGUE EUROPA 2023-2024\u00a0\u2013 Selon RMC Sport, l&#039;Olympique de Marseille va \u00e9voluer en 4-3-3 pour affronter l&#039;Ajax Amsterdam.\" \/>\n<meta property=\"og:url\" content=\"https:\/\/dicodusport.fr\/blog\/om-la-composition-probable-de-marseille-pour-affronter-lajax-amsterdam\/\" \/>\n<meta property=\"og:site_name\" content=\"Dicodusport\" \/>\n<meta property=\"article:publisher\" content=\"https:\/\/www.facebook.com\/dicodusport\" \/>\n<meta property=\"article:author\" content=\"https:\/\/www.facebook.com\/dicodusport\" \/>\n<meta property=\"article:published_time\" content=\"2023-09-21T13:30:26+00:00\" \/>\n<meta property=\"article:modified_time\" content=\"2023-09-21T13:47:40+00:00\" \/>\n<meta property=\"og:image\" content=\"https:\/\/dicodusport.fr\/blog\/wp-content\/uploads\/2023\/09\/Mercato-OM-Azzedine-Ounahi-devrait-quitter-Marseille-cet-hiver.png\" \/>\n\t<meta property=\"og:image:width\" content=\"800\" \/>\n\t<meta property=\"og:image:height\" content=\"445\" \/>\n\t<meta property=\"og:image:type\" content=\"image\/png\" \/>\n<meta name=\"author\" content=\"Nicolas Jacquemard\" \/>\n<meta name=\"twitter:card\" content=\"summary_large_image\" \/>\n<meta name=\"twitter:title\" content=\"OM : La composition probable de Marseille pour affronter l&#039;Ajax Amsterdam\" \/>\n<meta name=\"twitter:creator\" content=\"@https:\/\/twitter.com\/Nico_Jacquemard\" \/>\n<meta name=\"twitter:site\" content=\"@dicodusport\" \/>\n<script type=\"application\/ld+json\" class=\"yoast-schema-graph\">{\"@context\":\"https:\/\/schema.org\",\"@graph\":[{\"@type\":\"NewsArticle\",\"@id\":\"https:\/\/dicodusport.fr\/blog\/om-la-composition-probable-de-marseille-pour-affronter-lajax-amsterdam\/#article\",\"isPartOf\":{\"@id\":\"https:\/\/dicodusport.fr\/blog\/om-la-composition-probable-de-marseille-pour-affronter-lajax-amsterdam\/\"},\"author\":{\"name\":\"Nicolas Jacquemard\",\"@id\":\"https:\/\/dicodusport.fr\/blog\/#\/schema\/person\/55dcb50ad410894e431ed812bbb70191\"},\"headline\":\"OM : La composition probable de Marseille pour affronter l&rsquo;Ajax Amsterdam\",\"datePublished\":\"2023-09-21T13:30:26+00:00\",\"dateModified\":\"2023-09-21T13:47:40+00:00\",\"mainEntityOfPage\":{\"@id\":\"https:\/\/dicodusport.fr\/blog\/om-la-composition-probable-de-marseille-pour-affronter-lajax-amsterdam\/\"},\"wordCount\":260,\"commentCount\":0,\"publisher\":{\"@id\":\"https:\/\/dicodusport.fr\/blog\/#organization\"},\"image\":{\"@id\":\"https:\/\/dicodusport.fr\/blog\/om-la-composition-probable-de-marseille-pour-affronter-lajax-amsterdam\/#primaryimage\"},\"thumbnailUrl\":\"https:\/\/dicodusport.fr\/blog\/wp-content\/uploads\/2023\/09\/Mercato-OM-Azzedine-Ounahi-devrait-quitter-Marseille-cet-hiver.png\",\"keywords\":[\"Ajax\",\"br\u00e8ve\",\"Football\",\"Marseille\",\"OM\"],\"articleSection\":[\"Football\"],\"inLanguage\":\"fr-FR\",\"potentialAction\":[{\"@type\":\"CommentAction\",\"name\":\"Comment\",\"target\":[\"https:\/\/dicodusport.fr\/blog\/om-la-composition-probable-de-marseille-pour-affronter-lajax-amsterdam\/#respond\"]}],\"copyrightYear\":\"2023\",\"copyrightHolder\":{\"@id\":\"https:\/\/dicodusport.fr\/blog\/#organization\"}},{\"@type\":\"WebPage\",\"@id\":\"https:\/\/dicodusport.fr\/blog\/om-la-composition-probable-de-marseille-pour-affronter-lajax-amsterdam\/\",\"url\":\"https:\/\/dicodusport.fr\/blog\/om-la-composition-probable-de-marseille-pour-affronter-lajax-amsterdam\/\",\"name\":\"OM : La composition probable de Marseille pour affronter l'Ajax Amsterdam\",\"isPartOf\":{\"@id\":\"https:\/\/dicodusport.fr\/blog\/#website\"},\"primaryImageOfPage\":{\"@id\":\"https:\/\/dicodusport.fr\/blog\/om-la-composition-probable-de-marseille-pour-affronter-lajax-amsterdam\/#primaryimage\"},\"image\":{\"@id\":\"https:\/\/dicodusport.fr\/blog\/om-la-composition-probable-de-marseille-pour-affronter-lajax-amsterdam\/#primaryimage\"},\"thumbnailUrl\":\"https:\/\/dicodusport.fr\/blog\/wp-content\/uploads\/2023\/09\/Mercato-OM-Azzedine-Ounahi-devrait-quitter-Marseille-cet-hiver.png\",\"datePublished\":\"2023-09-21T13:30:26+00:00\",\"dateModified\":\"2023-09-21T13:47:40+00:00\",\"description\":\"LIGUE EUROPA 2023-2024\u00a0\u2013 Selon RMC Sport, l'Olympique de Marseille va \u00e9voluer en 4-3-3 pour affronter l'Ajax Amsterdam.\",\"breadcrumb\":{\"@id\":\"https:\/\/dicodusport.fr\/blog\/om-la-composition-probable-de-marseille-pour-affronter-lajax-amsterdam\/#breadcrumb\"},\"inLanguage\":\"fr-FR\",\"potentialAction\":[{\"@type\":\"ReadAction\",\"target\":[\"https:\/\/dicodusport.fr\/blog\/om-la-composition-probable-de-marseille-pour-affronter-lajax-amsterdam\/\"]}]},{\"@type\":\"ImageObject\",\"inLanguage\":\"fr-FR\",\"@id\":\"https:\/\/dicodusport.fr\/blog\/om-la-composition-probable-de-marseille-pour-affronter-lajax-amsterdam\/#primaryimage\",\"url\":\"https:\/\/dicodusport.fr\/blog\/wp-content\/uploads\/2023\/09\/Mercato-OM-Azzedine-Ounahi-devrait-quitter-Marseille-cet-hiver.png\",\"contentUrl\":\"https:\/\/dicodusport.fr\/blog\/wp-content\/uploads\/2023\/09\/Mercato-OM-Azzedine-Ounahi-devrait-quitter-Marseille-cet-hiver.png\",\"width\":800,\"height\":445},{\"@type\":\"BreadcrumbList\",\"@id\":\"https:\/\/dicodusport.fr\/blog\/om-la-composition-probable-de-marseille-pour-affronter-lajax-amsterdam\/#breadcrumb\",\"itemListElement\":[{\"@type\":\"ListItem\",\"position\":1,\"name\":\"Accueil\",\"item\":\"https:\/\/dicodusport.fr\/blog\/\"},{\"@type\":\"ListItem\",\"position\":2,\"name\":\"OM : La composition probable de Marseille pour affronter l&rsquo;Ajax Amsterdam\"}]},{\"@type\":\"WebSite\",\"@id\":\"https:\/\/dicodusport.fr\/blog\/#website\",\"url\":\"https:\/\/dicodusport.fr\/blog\/\",\"name\":\"Dicodusport\",\"description\":\"L&#039;encyclop\u00e9die de l&#039;actualit\u00e9 sportive\",\"publisher\":{\"@id\":\"https:\/\/dicodusport.fr\/blog\/#organization\"},\"potentialAction\":[{\"@type\":\"SearchAction\",\"target\":{\"@type\":\"EntryPoint\",\"urlTemplate\":\"https:\/\/dicodusport.fr\/blog\/?s={search_term_string}\"},\"query-input\":{\"@type\":\"PropertyValueSpecification\",\"valueRequired\":true,\"valueName\":\"search_term_string\"}}],\"inLanguage\":\"fr-FR\"},{\"@type\":\"NewsMediaOrganization\",\"@id\":\"https:\/\/dicodusport.fr\/blog\/#organization\",\"name\":\"Dicodusport\",\"url\":\"https:\/\/dicodusport.fr\/blog\/\",\"logo\":{\"@type\":\"ImageObject\",\"inLanguage\":\"fr-FR\",\"@id\":\"https:\/\/dicodusport.fr\/blog\/#\/schema\/logo\/image\/\",\"url\":\"https:\/\/dicodusport.fr\/blog\/wp-content\/uploads\/2020\/06\/cropped-LOGO-DICODUSPORT-2020-SANS-FOND-SANS-TEXTE.png\",\"contentUrl\":\"https:\/\/dicodusport.fr\/blog\/wp-content\/uploads\/2020\/06\/cropped-LOGO-DICODUSPORT-2020-SANS-FOND-SANS-TEXTE.png\",\"width\":512,\"height\":512,\"caption\":\"Dicodusport\"},\"image\":{\"@id\":\"https:\/\/dicodusport.fr\/blog\/#\/schema\/logo\/image\/\"},\"sameAs\":[\"https:\/\/www.facebook.com\/dicodusport\",\"https:\/\/x.com\/dicodusport\",\"https:\/\/www.instagram.com\/dicodusport\/\",\"https:\/\/www.youtube.com\/channel\/UC7V2KZ5sd3htJivAbA4ZG3w\"],\"description\":\"Dicodusport est l'encyclop\u00e9die de l'actualit\u00e9 sportive.\",\"email\":\"bonjour@dicodusport.fr\",\"legalName\":\"DICODUSPORT\",\"foundingDate\":\"2018-01-14\",\"vatID\":\"FR71834470973\",\"taxID\":\"83447097300043\",\"numberOfEmployees\":{\"@type\":\"QuantitativeValue\",\"minValue\":\"1\",\"maxValue\":\"10\"}},{\"@type\":\"Person\",\"@id\":\"https:\/\/dicodusport.fr\/blog\/#\/schema\/person\/55dcb50ad410894e431ed812bbb70191\",\"name\":\"Nicolas Jacquemard\",\"image\":{\"@type\":\"ImageObject\",\"inLanguage\":\"fr-FR\",\"@id\":\"https:\/\/dicodusport.fr\/blog\/#\/schema\/person\/image\/\",\"url\":\"https:\/\/dicodusport.fr\/blog\/wp-content\/uploads\/2021\/05\/Nicolas-Jacquemard-150x150.jpeg\",\"contentUrl\":\"https:\/\/dicodusport.fr\/blog\/wp-content\/uploads\/2021\/05\/Nicolas-Jacquemard-150x150.jpeg\",\"caption\":\"Nicolas Jacquemard\"},\"description\":\"Passionn\u00e9 de sport et entrepreneur depuis mes 18 ans, la cr\u00e9ation de Dicodusport m'a sembl\u00e9 \u00e9vidente pour participer \u00e0 la m\u00e9diatisation d'un plus grand nombre de sports. Le chemin est long mais avec une \u00e9quipe des plus motiv\u00e9es et les Jeux Olympiques de Paris 2024 en point de mire, nous y arriverons ! Journaliste dans le monde du sport depuis plus de 5 ans, je traite aussi bien de football, de rugby, de biathlon que de cyclisme.\",\"sameAs\":[\"https:\/\/www.facebook.com\/dicodusport\",\"https:\/\/x.com\/https:\/\/twitter.com\/Nico_Jacquemard\"],\"url\":\"https:\/\/dicodusport.fr\/blog\/author\/dicodusport\/\"}]}<\/script>\n<!-- \/ Yoast SEO Premium plugin. -->","yoast_head_json":{"title":"OM : La composition probable de Marseille pour affronter l'Ajax Amsterdam","description":"LIGUE EUROPA 2023-2024\u00a0\u2013 Selon RMC Sport, l'Olympique de Marseille va \u00e9voluer en 4-3-3 pour affronter l'Ajax Amsterdam.","robots":{"index":"index","follow":"follow","max-snippet":"max-snippet:-1","max-image-preview":"max-image-preview:large","max-video-preview":"max-video-preview:-1"},"canonical":"https:\/\/dicodusport.fr\/blog\/om-la-composition-probable-de-marseille-pour-affronter-lajax-amsterdam\/","og_locale":"fr_FR","og_type":"article","og_title":"OM : La composition probable de Marseille pour affronter l'Ajax Amsterdam","og_description":"LIGUE EUROPA 2023-2024\u00a0\u2013 Selon RMC Sport, l'Olympique de Marseille va \u00e9voluer en 4-3-3 pour affronter l'Ajax Amsterdam.","og_url":"https:\/\/dicodusport.fr\/blog\/om-la-composition-probable-de-marseille-pour-affronter-lajax-amsterdam\/","og_site_name":"Dicodusport","article_publisher":"https:\/\/www.facebook.com\/dicodusport","article_author":"https:\/\/www.facebook.com\/dicodusport","article_published_time":"2023-09-21T13:30:26+00:00","article_modified_time":"2023-09-21T13:47:40+00:00","og_image":[{"width":800,"height":445,"url":"https:\/\/dicodusport.fr\/blog\/wp-content\/uploads\/2023\/09\/Mercato-OM-Azzedine-Ounahi-devrait-quitter-Marseille-cet-hiver.png","type":"image\/png"}],"author":"Nicolas Jacquemard","twitter_card":"summary_large_image","twitter_title":"OM : La composition probable de Marseille pour affronter l'Ajax Amsterdam","twitter_creator":"@https:\/\/twitter.com\/Nico_Jacquemard","twitter_site":"@dicodusport","schema":{"@context":"https:\/\/schema.org","@graph":[{"@type":"NewsArticle","@id":"https:\/\/dicodusport.fr\/blog\/om-la-composition-probable-de-marseille-pour-affronter-lajax-amsterdam\/#article","isPartOf":{"@id":"https:\/\/dicodusport.fr\/blog\/om-la-composition-probable-de-marseille-pour-affronter-lajax-amsterdam\/"},"author":{"name":"Nicolas Jacquemard","@id":"https:\/\/dicodusport.fr\/blog\/#\/schema\/person\/55dcb50ad410894e431ed812bbb70191"},"headline":"OM : La composition probable de Marseille pour affronter l&rsquo;Ajax Amsterdam","datePublished":"2023-09-21T13:30:26+00:00","dateModified":"2023-09-21T13:47:40+00:00","mainEntityOfPage":{"@id":"https:\/\/dicodusport.fr\/blog\/om-la-composition-probable-de-marseille-pour-affronter-lajax-amsterdam\/"},"wordCount":260,"commentCount":0,"publisher":{"@id":"https:\/\/dicodusport.fr\/blog\/#organization"},"image":{"@id":"https:\/\/dicodusport.fr\/blog\/om-la-composition-probable-de-marseille-pour-affronter-lajax-amsterdam\/#primaryimage"},"thumbnailUrl":"https:\/\/dicodusport.fr\/blog\/wp-content\/uploads\/2023\/09\/Mercato-OM-Azzedine-Ounahi-devrait-quitter-Marseille-cet-hiver.png","keywords":["Ajax","br\u00e8ve","Football","Marseille","OM"],"articleSection":["Football"],"inLanguage":"fr-FR","potentialAction":[{"@type":"CommentAction","name":"Comment","target":["https:\/\/dicodusport.fr\/blog\/om-la-composition-probable-de-marseille-pour-affronter-lajax-amsterdam\/#respond"]}],"copyrightYear":"2023","copyrightHolder":{"@id":"https:\/\/dicodusport.fr\/blog\/#organization"}},{"@type":"WebPage","@id":"https:\/\/dicodusport.fr\/blog\/om-la-composition-probable-de-marseille-pour-affronter-lajax-amsterdam\/","url":"https:\/\/dicodusport.fr\/blog\/om-la-composition-probable-de-marseille-pour-affronter-lajax-amsterdam\/","name":"OM : La composition probable de Marseille pour affronter l'Ajax Amsterdam","isPartOf":{"@id":"https:\/\/dicodusport.fr\/blog\/#website"},"primaryImageOfPage":{"@id":"https:\/\/dicodusport.fr\/blog\/om-la-composition-probable-de-marseille-pour-affronter-lajax-amsterdam\/#primaryimage"},"image":{"@id":"https:\/\/dicodusport.fr\/blog\/om-la-composition-probable-de-marseille-pour-affronter-lajax-amsterdam\/#primaryimage"},"thumbnailUrl":"https:\/\/dicodusport.fr\/blog\/wp-content\/uploads\/2023\/09\/Mercato-OM-Azzedine-Ounahi-devrait-quitter-Marseille-cet-hiver.png","datePublished":"2023-09-21T13:30:26+00:00","dateModified":"2023-09-21T13:47:40+00:00","description":"LIGUE EUROPA 2023-2024\u00a0\u2013 Selon RMC Sport, l'Olympique de Marseille va \u00e9voluer en 4-3-3 pour affronter l'Ajax Amsterdam.","breadcrumb":{"@id":"https:\/\/dicodusport.fr\/blog\/om-la-composition-probable-de-marseille-pour-affronter-lajax-amsterdam\/#breadcrumb"},"inLanguage":"fr-FR","potentialAction":[{"@type":"ReadAction","target":["https:\/\/dicodusport.fr\/blog\/om-la-composition-probable-de-marseille-pour-affronter-lajax-amsterdam\/"]}]},{"@type":"ImageObject","inLanguage":"fr-FR","@id":"https:\/\/dicodusport.fr\/blog\/om-la-composition-probable-de-marseille-pour-affronter-lajax-amsterdam\/#primaryimage","url":"https:\/\/dicodusport.fr\/blog\/wp-content\/uploads\/2023\/09\/Mercato-OM-Azzedine-Ounahi-devrait-quitter-Marseille-cet-hiver.png","contentUrl":"https:\/\/dicodusport.fr\/blog\/wp-content\/uploads\/2023\/09\/Mercato-OM-Azzedine-Ounahi-devrait-quitter-Marseille-cet-hiver.png","width":800,"height":445},{"@type":"BreadcrumbList","@id":"https:\/\/dicodusport.fr\/blog\/om-la-composition-probable-de-marseille-pour-affronter-lajax-amsterdam\/#breadcrumb","itemListElement":[{"@type":"ListItem","position":1,"name":"Accueil","item":"https:\/\/dicodusport.fr\/blog\/"},{"@type":"ListItem","position":2,"name":"OM : La composition probable de Marseille pour affronter l&rsquo;Ajax Amsterdam"}]},{"@type":"WebSite","@id":"https:\/\/dicodusport.fr\/blog\/#website","url":"https:\/\/dicodusport.fr\/blog\/","name":"Dicodusport","description":"L&#039;encyclop\u00e9die de l&#039;actualit\u00e9 sportive","publisher":{"@id":"https:\/\/dicodusport.fr\/blog\/#organization"},"potentialAction":[{"@type":"SearchAction","target":{"@type":"EntryPoint","urlTemplate":"https:\/\/dicodusport.fr\/blog\/?s={search_term_string}"},"query-input":{"@type":"PropertyValueSpecification","valueRequired":true,"valueName":"search_term_string"}}],"inLanguage":"fr-FR"},{"@type":"NewsMediaOrganization","@id":"https:\/\/dicodusport.fr\/blog\/#organization","name":"Dicodusport","url":"https:\/\/dicodusport.fr\/blog\/","logo":{"@type":"ImageObject","inLanguage":"fr-FR","@id":"https:\/\/dicodusport.fr\/blog\/#\/schema\/logo\/image\/","url":"https:\/\/dicodusport.fr\/blog\/wp-content\/uploads\/2020\/06\/cropped-LOGO-DICODUSPORT-2020-SANS-FOND-SANS-TEXTE.png","contentUrl":"https:\/\/dicodusport.fr\/blog\/wp-content\/uploads\/2020\/06\/cropped-LOGO-DICODUSPORT-2020-SANS-FOND-SANS-TEXTE.png","width":512,"height":512,"caption":"Dicodusport"},"image":{"@id":"https:\/\/dicodusport.fr\/blog\/#\/schema\/logo\/image\/"},"sameAs":["https:\/\/www.facebook.com\/dicodusport","https:\/\/x.com\/dicodusport","https:\/\/www.instagram.com\/dicodusport\/","https:\/\/www.youtube.com\/channel\/UC7V2KZ5sd3htJivAbA4ZG3w"],"description":"Dicodusport est l'encyclop\u00e9die de l'actualit\u00e9 sportive.","email":"bonjour@dicodusport.fr","legalName":"DICODUSPORT","foundingDate":"2018-01-14","vatID":"FR71834470973","taxID":"83447097300043","numberOfEmployees":{"@type":"QuantitativeValue","minValue":"1","maxValue":"10"}},{"@type":"Person","@id":"https:\/\/dicodusport.fr\/blog\/#\/schema\/person\/55dcb50ad410894e431ed812bbb70191","name":"Nicolas Jacquemard","image":{"@type":"ImageObject","inLanguage":"fr-FR","@id":"https:\/\/dicodusport.fr\/blog\/#\/schema\/person\/image\/","url":"https:\/\/dicodusport.fr\/blog\/wp-content\/uploads\/2021\/05\/Nicolas-Jacquemard-150x150.jpeg","contentUrl":"https:\/\/dicodusport.fr\/blog\/wp-content\/uploads\/2021\/05\/Nicolas-Jacquemard-150x150.jpeg","caption":"Nicolas Jacquemard"},"description":"Passionn\u00e9 de sport et entrepreneur depuis mes 18 ans, la cr\u00e9ation de Dicodusport m'a sembl\u00e9 \u00e9vidente pour participer \u00e0 la m\u00e9diatisation d'un plus grand nombre de sports. Le chemin est long mais avec une \u00e9quipe des plus motiv\u00e9es et les Jeux Olympiques de Paris 2024 en point de mire, nous y arriverons ! Journaliste dans le monde du sport depuis plus de 5 ans, je traite aussi bien de football, de rugby, de biathlon que de cyclisme.","sameAs":["https:\/\/www.facebook.com\/dicodusport","https:\/\/x.com\/https:\/\/twitter.com\/Nico_Jacquemard"],"url":"https:\/\/dicodusport.fr\/blog\/author\/dicodusport\/"}]}},"_links":{"self":[{"href":"https:\/\/dicodusport.fr\/blog\/wp-json\/wp\/v2\/posts\/421313","targetHints":{"allow":["GET"]}}],"collection":[{"href":"https:\/\/dicodusport.fr\/blog\/wp-json\/wp\/v2\/posts"}],"about":[{"href":"https:\/\/dicodusport.fr\/blog\/wp-json\/wp\/v2\/types\/post"}],"author":[{"embeddable":true,"href":"https:\/\/dicodusport.fr\/blog\/wp-json\/wp\/v2\/users\/1"}],"replies":[{"embeddable":true,"href":"https:\/\/dicodusport.fr\/blog\/wp-json\/wp\/v2\/comments?post=421313"}],"version-history":[{"count":0,"href":"https:\/\/dicodusport.fr\/blog\/wp-json\/wp\/v2\/posts\/421313\/revisions"}],"wp:featuredmedia":[{"embeddable":true,"href":"https:\/\/dicodusport.fr\/blog\/wp-json\/wp\/v2\/media\/420394"}],"wp:attachment":[{"href":"https:\/\/dicodusport.fr\/blog\/wp-json\/wp\/v2\/media?parent=421313"}],"wp:term":[{"taxonomy":"category","embeddable":true,"href":"https:\/\/dicodusport.fr\/blog\/wp-json\/wp\/v2\/categories?post=421313"},{"taxonomy":"post_tag","embeddable":true,"href":"https:\/\/dicodusport.fr\/blog\/wp-json\/wp\/v2\/tags?post=421313"}],"curies":[{"name":"wp","href":"https:\/\/api.w.org\/{rel}","templated":true}]}}