{"id":421795,"date":"2023-09-24T18:10:45","date_gmt":"2023-09-24T16:10:45","guid":{"rendered":"https:\/\/dicodusport.fr\/blog\/?p=421795&#038;preview=true&#038;preview_id=421795"},"modified":"2023-09-24T18:41:07","modified_gmt":"2023-09-24T16:41:07","slug":"decastar-2023-emma-oosterwegel-conserve-son-titre-et-realise-les-minima-olympiques","status":"publish","type":"post","link":"https:\/\/dicodusport.fr\/blog\/decastar-2023-emma-oosterwegel-conserve-son-titre-et-realise-les-minima-olympiques\/","title":{"rendered":"D\u00e9castar 2023 : Emma Oosterwegel conserve son titre et r\u00e9alise les minima olympiques"},"content":{"rendered":"<p style=\"text-align: justify;\"><b><i>D\u00c9CASTAR 2023 &#8211; L&rsquo;ann\u00e9e derni\u00e8re, elle avait partag\u00e9 son titre avec Ivona Dadic. Cette fois, Emma Oosterwegel s&rsquo;impose seule et r\u00e9alise en prime les minima pour Paris 2024.<br \/>\n<\/i><\/b><\/p>\n<p style=\"text-align: justify;\">Elle \u00e9tait parmi les favorites \u00e0 sa succession, et elle n&rsquo;a pas failli. Apr\u00e8s une <a href=\"https:\/\/dicodusport.fr\/blog\/decastar-2023-sophie-weissenberg-et-makenson-gletty-menent-la-danse\/\" target=\"_blank\" rel=\"noopener\">bonne premi\u00e8re journ\u00e9e<\/a>, <strong>Emma Oosterwegel<\/strong> a confirm\u00e9 aujourd&rsquo;hui.<\/p>\n<p style=\"text-align: justify;\">En embuscade hier, <strong>Taliyah Brooks<\/strong> a mordu son 1er essai \u00e0 la<strong> longueur<\/strong> avant de r\u00e9aliser 6.20 m puis 6.24 m et ainsi s&rsquo;adjuger la premi\u00e8re place de l&rsquo;heptathlon. Jusqu&rsquo;au dernier essai d&rsquo;<strong>Annik K\u00e4lin<\/strong>. Car la Suissesse, 4e ex-aequo avant cette \u00e9preuve, a mordu 2 essais. Elle s&rsquo;est rassur\u00e9e avec 6.67 \u00e0 son dernier essai pour prendre les devants de l&rsquo;heptathlon. En 3e position, <strong>Sophie Weissenberg<\/strong> a r\u00e9alis\u00e9 6.18 m, tout comme <strong>Emma Oosterwegel<\/strong>.<\/p>\n<h2 style=\"text-align: justify;\">Oosterwegel se replace au javelot<\/h2>\n<p style=\"text-align: justify;\">La N\u00e9erlandaise a frapp\u00e9 un grand coup \u00e0 son premier essai en r\u00e9alisant 5<strong>6.66 m<\/strong>, <strong>record personnel<\/strong> battu d&rsquo;un m\u00e8tre vingt ! Dans le m\u00eame temps, Brooks a perdu des points en se contentant de 37.41 m.<\/p>\n<p style=\"text-align: justify;\">Pour la derni\u00e8re \u00e9preuve <strong>Michelle Atherley<\/strong> a remport\u00e9 la premi\u00e8re s\u00e9rie. L&rsquo;Am\u00e9ricaine \u00e9tait suivie d&rsquo;Ariana Lazraq-Khlass. Elle s&rsquo;impose en pulv\u00e9risant son record de pr\u00e8s de 2 secondes. Apr\u00e8s 400 m, <strong>C\u00e9lia Perron<\/strong> est pass\u00e9e en deuxi\u00e8me position. Elle a tent\u00e9 d&rsquo;aller chercher la gagne mais l&rsquo;Am\u00e9ricaine a allong\u00e9 sa foul\u00e9e dans le dernier virage. La Fran\u00e7aise termine en 2:08.59, son deuxi\u00e8me temps en carri\u00e8re.<\/p>\n<p style=\"text-align: justify;\">Dans la deuxi\u00e8me s\u00e9rie de 800 m, <strong>Verena Mayr<\/strong> a impos\u00e9 le rythme devant <strong>Emma Oosterwegel<\/strong>. \u00c0 300 m de la fin, Brooks a mis les gaz pour d\u00e9passer Kunz mais a cal\u00e9 \u00e0 la fin. La N\u00e9erlandaise est pass\u00e9e devant l&rsquo;Autrichienne \u00e0 50 m de la fin pour s&rsquo;imposer en 2:13.62. Elle totalise ainsi <strong>6495 points<\/strong>, son deuxi\u00e8me total en carri\u00e8re. Et gr\u00e2ce \u00e0 ces points, elle r\u00e9alise les <strong>minima pour les Jeux olympiques<\/strong>. Elle qui les avait rat\u00e9 de 16 points \u00e0 Budapest, o\u00f9 elle avait termin\u00e9 5e. Le podium est compl\u00e9t\u00e9 par <strong>Annik K\u00e4lin <\/strong>(6390) et <strong>Taliyah Brooks <\/strong>6181).<\/p>\n<blockquote class=\"twitter-tweet\">\n<p dir=\"ltr\" lang=\"fr\">\ud83c\udfc3\ud83c\udffb\u200d\u2640\ufe0f C\u2019est la fin de l\u2019heptathlon !<\/p>\n<p>Bravo \u00e0 Emma Oosterwegel \ud83c\uddf3\ud83c\uddf1, qui arrive premi\u00e8re de la course du 800m mais qui remporte aussi l\u2019heptathlon du D\u00e9castar 2023, avec un total de 6496 points \ud83d\udd25<\/p>\n<p>Les minimas olympiques sont assur\u00e9s, f\u00e9licitations !<a href=\"https:\/\/twitter.com\/hashtag\/decastar?src=hash&amp;ref_src=twsrc%5Etfw\">#decastar<\/a> <a href=\"https:\/\/twitter.com\/hashtag\/athletisme?src=hash&amp;ref_src=twsrc%5Etfw\">#athletisme<\/a> <a href=\"https:\/\/twitter.com\/hashtag\/decathlon?src=hash&amp;ref_src=twsrc%5Etfw\">#decathlon<\/a> <a href=\"https:\/\/t.co\/hoz2z13ZlH\">pic.twitter.com\/hoz2z13ZlH<\/a><\/p>\n<p>\u2014 D\u00e9castar (@decastar_off) <a href=\"https:\/\/twitter.com\/decastar_off\/status\/1705972070683672594?ref_src=twsrc%5Etfw\">September 24, 2023<\/a><\/p><\/blockquote>\n<p style=\"text-align: justify;\"><script async src=\"https:\/\/platform.twitter.com\/widgets.js\" charset=\"utf-8\"><\/script><\/p>\n<h2 style=\"text-align: justify;\">R\u00e9sultats des Fran\u00e7aises<\/h2>\n<p style=\"text-align: justify;\">Du c\u00f4t\u00e9 bleu, <strong>L\u00e9onie Cambours<\/strong>, port\u00e9e par le public, a r\u00e9alis\u00e9 6.15 m \u00e0 son dernier essai de la <strong>longueur<\/strong>. \u032d\u00c0 3 cm de son record. Apr\u00e8s deux essais manqu\u00e9s, <strong>C\u00e9lia Perron<\/strong> a r\u00e9ussi 5.99 m. 5.68 m pour <strong>Auriana Lazraq-Khlass<\/strong>.<\/p>\n<p style=\"text-align: justify;\">Au <strong>javelot<\/strong>, Cambours n&rsquo;\u00e9tait pas au niveau de son record de Budapest (39.07 m) mais r\u00e9alise un tr\u00e8s bon 38.47 m. 36.20 pour Lazraq-Khlass et 29.64 m pour Perron. Enfin, 2e place donc pour Perron au <strong>800 m<\/strong> de la premi\u00e8re s\u00e9rie. 2:20.02 pour Lazraq-Khlass et 2:26.83 pour Cambours.<\/p>\n<p style=\"text-align: justify;\">Au total, <strong>C\u00e9lia Perron<\/strong> termine 13e (5795 points) devant <strong>L\u00e9onie Cambours<\/strong> (5685) et <strong>Auriana Lazraq-Khlass<\/strong> (5611 points).<\/p>\n<ul>\n<li><strong>\u00c0 lire aussi : <a title=\"D\u00e9castar 2023 : Programme, classement et r\u00e9sultats\" href=\"https:\/\/dicodusport.fr\/blog\/decastar-2023-programme-et-resultats\/\" target=\"_blank\" rel=\"noopener\">Le classement de l&rsquo;heptathlon du D\u00e9castar 2023<\/a><\/strong><\/li>\n<\/ul>\n","protected":false},"excerpt":{"rendered":"<p>D\u00c9CASTAR 2023 &#8211; L&rsquo;ann\u00e9e derni\u00e8re, elle avait partag\u00e9 son titre avec Ivona Dadic. Cette fois, Emma Oosterwegel s&rsquo;impose seule et r\u00e9alise en prime les minima pour Paris 2024.<\/p>\n","protected":false},"author":12,"featured_media":422486,"comment_status":"open","ping_status":"closed","sticky":false,"template":"","format":"standard","meta":{"_acf_changed":false,"_daextam_enable_autolinks":"","footnotes":""},"categories":[2308],"tags":[16878],"class_list":["post-421795","post","type-post","status-publish","format-standard","has-post-thumbnail","hentry","category-athletisme","tag-breve"],"acf":[],"yoast_head":"<!-- This site is optimized with the Yoast SEO Premium plugin v26.7 (Yoast SEO v26.7) - https:\/\/yoast.com\/wordpress\/plugins\/seo\/ -->\n<title>Athl\u00e9tisme - D\u00e9castar 2023 : Emma Oosterwegel conserve son titre et r\u00e9alise les minima olympiques - Dicodusport<\/title>\n<meta name=\"description\" content=\"D\u00c9CASTAR 2023 - Emma Oosterwegel remporte l&#039;heptathlon \u00e0 Talence et r\u00e9alise en prime les minima pour Paris 2024.\" \/>\n<meta name=\"robots\" content=\"index, follow, max-snippet:-1, max-image-preview:large, max-video-preview:-1\" \/>\n<link rel=\"canonical\" href=\"https:\/\/dicodusport.fr\/blog\/decastar-2023-emma-oosterwegel-conserve-son-titre-et-realise-les-minima-olympiques\/\" \/>\n<meta property=\"og:locale\" content=\"fr_FR\" \/>\n<meta property=\"og:type\" content=\"article\" \/>\n<meta property=\"og:title\" content=\"D\u00e9castar 2023 : Emma Oosterwegel conserve son titre et r\u00e9alise les minima olympiques\" \/>\n<meta property=\"og:description\" content=\"D\u00c9CASTAR 2023 - Emma Oosterwegel remporte l&#039;heptathlon \u00e0 Talence et r\u00e9alise en prime les minima pour Paris 2024.\" \/>\n<meta property=\"og:url\" content=\"https:\/\/dicodusport.fr\/blog\/decastar-2023-emma-oosterwegel-conserve-son-titre-et-realise-les-minima-olympiques\/\" \/>\n<meta property=\"og:site_name\" content=\"Dicodusport\" \/>\n<meta property=\"article:publisher\" content=\"https:\/\/www.facebook.com\/dicodusport\" \/>\n<meta property=\"article:published_time\" content=\"2023-09-24T16:10:45+00:00\" \/>\n<meta property=\"article:modified_time\" content=\"2023-09-24T16:41:07+00:00\" \/>\n<meta property=\"og:image\" content=\"https:\/\/dicodusport.fr\/blog\/wp-content\/uploads\/2023\/09\/Decastar-2023-Emma-Oosterwegel-conserve-son-titre-et-realise-les-minima-olympiques.png\" \/>\n\t<meta property=\"og:image:width\" content=\"800\" \/>\n\t<meta property=\"og:image:height\" content=\"445\" \/>\n\t<meta property=\"og:image:type\" content=\"image\/png\" \/>\n<meta name=\"author\" content=\"Arlette Yeye\" \/>\n<meta name=\"twitter:card\" content=\"summary_large_image\" \/>\n<meta name=\"twitter:title\" content=\"D\u00e9castar 2023 : Emma Oosterwegel conserve son titre et r\u00e9alise les minima olympiques\" \/>\n<meta name=\"twitter:creator\" content=\"@https:\/\/twitter.com\/Shiclette94\" \/>\n<meta name=\"twitter:site\" content=\"@dicodusport\" \/>\n<script type=\"application\/ld+json\" class=\"yoast-schema-graph\">{\"@context\":\"https:\/\/schema.org\",\"@graph\":[{\"@type\":\"NewsArticle\",\"@id\":\"https:\/\/dicodusport.fr\/blog\/decastar-2023-emma-oosterwegel-conserve-son-titre-et-realise-les-minima-olympiques\/#article\",\"isPartOf\":{\"@id\":\"https:\/\/dicodusport.fr\/blog\/decastar-2023-emma-oosterwegel-conserve-son-titre-et-realise-les-minima-olympiques\/\"},\"author\":{\"name\":\"Arlette Yeye\",\"@id\":\"https:\/\/dicodusport.fr\/blog\/#\/schema\/person\/cce96fa88785bd8573e3d43078ac8c79\"},\"headline\":\"D\u00e9castar 2023 : Emma Oosterwegel conserve son titre et r\u00e9alise les minima olympiques\",\"datePublished\":\"2023-09-24T16:10:45+00:00\",\"dateModified\":\"2023-09-24T16:41:07+00:00\",\"mainEntityOfPage\":{\"@id\":\"https:\/\/dicodusport.fr\/blog\/decastar-2023-emma-oosterwegel-conserve-son-titre-et-realise-les-minima-olympiques\/\"},\"wordCount\":552,\"commentCount\":0,\"publisher\":{\"@id\":\"https:\/\/dicodusport.fr\/blog\/#organization\"},\"image\":{\"@id\":\"https:\/\/dicodusport.fr\/blog\/decastar-2023-emma-oosterwegel-conserve-son-titre-et-realise-les-minima-olympiques\/#primaryimage\"},\"thumbnailUrl\":\"https:\/\/dicodusport.fr\/blog\/wp-content\/uploads\/2023\/09\/Decastar-2023-Emma-Oosterwegel-conserve-son-titre-et-realise-les-minima-olympiques.png\",\"keywords\":[\"br\u00e8ve\"],\"articleSection\":[\"Athl\u00e9tisme\"],\"inLanguage\":\"fr-FR\",\"potentialAction\":[{\"@type\":\"CommentAction\",\"name\":\"Comment\",\"target\":[\"https:\/\/dicodusport.fr\/blog\/decastar-2023-emma-oosterwegel-conserve-son-titre-et-realise-les-minima-olympiques\/#respond\"]}],\"copyrightYear\":\"2023\",\"copyrightHolder\":{\"@id\":\"https:\/\/dicodusport.fr\/blog\/#organization\"}},{\"@type\":\"WebPage\",\"@id\":\"https:\/\/dicodusport.fr\/blog\/decastar-2023-emma-oosterwegel-conserve-son-titre-et-realise-les-minima-olympiques\/\",\"url\":\"https:\/\/dicodusport.fr\/blog\/decastar-2023-emma-oosterwegel-conserve-son-titre-et-realise-les-minima-olympiques\/\",\"name\":\"Athl\u00e9tisme - D\u00e9castar 2023 : Emma Oosterwegel conserve son titre et r\u00e9alise les minima olympiques - Dicodusport\",\"isPartOf\":{\"@id\":\"https:\/\/dicodusport.fr\/blog\/#website\"},\"primaryImageOfPage\":{\"@id\":\"https:\/\/dicodusport.fr\/blog\/decastar-2023-emma-oosterwegel-conserve-son-titre-et-realise-les-minima-olympiques\/#primaryimage\"},\"image\":{\"@id\":\"https:\/\/dicodusport.fr\/blog\/decastar-2023-emma-oosterwegel-conserve-son-titre-et-realise-les-minima-olympiques\/#primaryimage\"},\"thumbnailUrl\":\"https:\/\/dicodusport.fr\/blog\/wp-content\/uploads\/2023\/09\/Decastar-2023-Emma-Oosterwegel-conserve-son-titre-et-realise-les-minima-olympiques.png\",\"datePublished\":\"2023-09-24T16:10:45+00:00\",\"dateModified\":\"2023-09-24T16:41:07+00:00\",\"description\":\"D\u00c9CASTAR 2023 - Emma Oosterwegel remporte l'heptathlon \u00e0 Talence et r\u00e9alise en prime les minima pour Paris 2024.\",\"breadcrumb\":{\"@id\":\"https:\/\/dicodusport.fr\/blog\/decastar-2023-emma-oosterwegel-conserve-son-titre-et-realise-les-minima-olympiques\/#breadcrumb\"},\"inLanguage\":\"fr-FR\",\"potentialAction\":[{\"@type\":\"ReadAction\",\"target\":[\"https:\/\/dicodusport.fr\/blog\/decastar-2023-emma-oosterwegel-conserve-son-titre-et-realise-les-minima-olympiques\/\"]}]},{\"@type\":\"ImageObject\",\"inLanguage\":\"fr-FR\",\"@id\":\"https:\/\/dicodusport.fr\/blog\/decastar-2023-emma-oosterwegel-conserve-son-titre-et-realise-les-minima-olympiques\/#primaryimage\",\"url\":\"https:\/\/dicodusport.fr\/blog\/wp-content\/uploads\/2023\/09\/Decastar-2023-Emma-Oosterwegel-conserve-son-titre-et-realise-les-minima-olympiques.png\",\"contentUrl\":\"https:\/\/dicodusport.fr\/blog\/wp-content\/uploads\/2023\/09\/Decastar-2023-Emma-Oosterwegel-conserve-son-titre-et-realise-les-minima-olympiques.png\",\"width\":800,\"height\":445,\"caption\":\"D\u00e9castar 2023 Emma Oosterwegel conserve son titre et r\u00e9alise les minima olympiques\"},{\"@type\":\"BreadcrumbList\",\"@id\":\"https:\/\/dicodusport.fr\/blog\/decastar-2023-emma-oosterwegel-conserve-son-titre-et-realise-les-minima-olympiques\/#breadcrumb\",\"itemListElement\":[{\"@type\":\"ListItem\",\"position\":1,\"name\":\"Accueil\",\"item\":\"https:\/\/dicodusport.fr\/blog\/\"},{\"@type\":\"ListItem\",\"position\":2,\"name\":\"D\u00e9castar 2023 : Emma Oosterwegel conserve son titre et r\u00e9alise les minima olympiques\"}]},{\"@type\":\"WebSite\",\"@id\":\"https:\/\/dicodusport.fr\/blog\/#website\",\"url\":\"https:\/\/dicodusport.fr\/blog\/\",\"name\":\"Dicodusport\",\"description\":\"L&#039;encyclop\u00e9die de l&#039;actualit\u00e9 sportive\",\"publisher\":{\"@id\":\"https:\/\/dicodusport.fr\/blog\/#organization\"},\"potentialAction\":[{\"@type\":\"SearchAction\",\"target\":{\"@type\":\"EntryPoint\",\"urlTemplate\":\"https:\/\/dicodusport.fr\/blog\/?s={search_term_string}\"},\"query-input\":{\"@type\":\"PropertyValueSpecification\",\"valueRequired\":true,\"valueName\":\"search_term_string\"}}],\"inLanguage\":\"fr-FR\"},{\"@type\":\"NewsMediaOrganization\",\"@id\":\"https:\/\/dicodusport.fr\/blog\/#organization\",\"name\":\"Dicodusport\",\"url\":\"https:\/\/dicodusport.fr\/blog\/\",\"logo\":{\"@type\":\"ImageObject\",\"inLanguage\":\"fr-FR\",\"@id\":\"https:\/\/dicodusport.fr\/blog\/#\/schema\/logo\/image\/\",\"url\":\"https:\/\/dicodusport.fr\/blog\/wp-content\/uploads\/2020\/06\/cropped-LOGO-DICODUSPORT-2020-SANS-FOND-SANS-TEXTE.png\",\"contentUrl\":\"https:\/\/dicodusport.fr\/blog\/wp-content\/uploads\/2020\/06\/cropped-LOGO-DICODUSPORT-2020-SANS-FOND-SANS-TEXTE.png\",\"width\":512,\"height\":512,\"caption\":\"Dicodusport\"},\"image\":{\"@id\":\"https:\/\/dicodusport.fr\/blog\/#\/schema\/logo\/image\/\"},\"sameAs\":[\"https:\/\/www.facebook.com\/dicodusport\",\"https:\/\/x.com\/dicodusport\",\"https:\/\/www.instagram.com\/dicodusport\/\",\"https:\/\/www.youtube.com\/channel\/UC7V2KZ5sd3htJivAbA4ZG3w\"],\"description\":\"Dicodusport est l'encyclop\u00e9die de l'actualit\u00e9 sportive.\",\"email\":\"bonjour@dicodusport.fr\",\"legalName\":\"DICODUSPORT\",\"foundingDate\":\"2018-01-14\",\"vatID\":\"FR71834470973\",\"taxID\":\"83447097300043\",\"numberOfEmployees\":{\"@type\":\"QuantitativeValue\",\"minValue\":\"1\",\"maxValue\":\"10\"}},{\"@type\":\"Person\",\"@id\":\"https:\/\/dicodusport.fr\/blog\/#\/schema\/person\/cce96fa88785bd8573e3d43078ac8c79\",\"name\":\"Arlette Yeye\",\"image\":{\"@type\":\"ImageObject\",\"inLanguage\":\"fr-FR\",\"@id\":\"https:\/\/dicodusport.fr\/blog\/#\/schema\/person\/image\/\",\"url\":\"https:\/\/secure.gravatar.com\/avatar\/dca4a6239e6d708e46c45d60e160de6c?s=96&d=wp_user_avatar&r=g\",\"contentUrl\":\"https:\/\/secure.gravatar.com\/avatar\/dca4a6239e6d708e46c45d60e160de6c?s=96&d=wp_user_avatar&r=g\",\"caption\":\"Arlette Yeye\"},\"description\":\"Journaliste\/r\u00e9dactrice depuis septembre 2015 - Supportrice de Chelsea, j'ai pour sports de pr\u00e9dilection le handball, l'athl\u00e9tisme et le tennis. Si je tweete plus vite que mon ombre, vous pouvez aussi me retrouver les week-ends sur les playgrounds de Bruxelles pour un petit foot ou basket entre potes. Parcourir la France, l'Europe et plus si affinit\u00e9s pour suivre mes sportifs pr\u00e9f\u00e9r\u00e9s ? Mon kif ! Et c'est avec plaisir que je partage les r\u00e9sultats des sports populaires mais \u00e9galement plus confidentiels pour Dicodusport.\",\"sameAs\":[\"https:\/\/x.com\/https:\/\/twitter.com\/Shiclette94\"],\"url\":\"https:\/\/dicodusport.fr\/blog\/author\/arlette\/\"}]}<\/script>\n<!-- \/ Yoast SEO Premium plugin. -->","yoast_head_json":{"title":"Athl\u00e9tisme - D\u00e9castar 2023 : Emma Oosterwegel conserve son titre et r\u00e9alise les minima olympiques - Dicodusport","description":"D\u00c9CASTAR 2023 - Emma Oosterwegel remporte l'heptathlon \u00e0 Talence et r\u00e9alise en prime les minima pour Paris 2024.","robots":{"index":"index","follow":"follow","max-snippet":"max-snippet:-1","max-image-preview":"max-image-preview:large","max-video-preview":"max-video-preview:-1"},"canonical":"https:\/\/dicodusport.fr\/blog\/decastar-2023-emma-oosterwegel-conserve-son-titre-et-realise-les-minima-olympiques\/","og_locale":"fr_FR","og_type":"article","og_title":"D\u00e9castar 2023 : Emma Oosterwegel conserve son titre et r\u00e9alise les minima olympiques","og_description":"D\u00c9CASTAR 2023 - Emma Oosterwegel remporte l'heptathlon \u00e0 Talence et r\u00e9alise en prime les minima pour Paris 2024.","og_url":"https:\/\/dicodusport.fr\/blog\/decastar-2023-emma-oosterwegel-conserve-son-titre-et-realise-les-minima-olympiques\/","og_site_name":"Dicodusport","article_publisher":"https:\/\/www.facebook.com\/dicodusport","article_published_time":"2023-09-24T16:10:45+00:00","article_modified_time":"2023-09-24T16:41:07+00:00","og_image":[{"width":800,"height":445,"url":"https:\/\/dicodusport.fr\/blog\/wp-content\/uploads\/2023\/09\/Decastar-2023-Emma-Oosterwegel-conserve-son-titre-et-realise-les-minima-olympiques.png","type":"image\/png"}],"author":"Arlette Yeye","twitter_card":"summary_large_image","twitter_title":"D\u00e9castar 2023 : Emma Oosterwegel conserve son titre et r\u00e9alise les minima olympiques","twitter_creator":"@https:\/\/twitter.com\/Shiclette94","twitter_site":"@dicodusport","schema":{"@context":"https:\/\/schema.org","@graph":[{"@type":"NewsArticle","@id":"https:\/\/dicodusport.fr\/blog\/decastar-2023-emma-oosterwegel-conserve-son-titre-et-realise-les-minima-olympiques\/#article","isPartOf":{"@id":"https:\/\/dicodusport.fr\/blog\/decastar-2023-emma-oosterwegel-conserve-son-titre-et-realise-les-minima-olympiques\/"},"author":{"name":"Arlette Yeye","@id":"https:\/\/dicodusport.fr\/blog\/#\/schema\/person\/cce96fa88785bd8573e3d43078ac8c79"},"headline":"D\u00e9castar 2023 : Emma Oosterwegel conserve son titre et r\u00e9alise les minima olympiques","datePublished":"2023-09-24T16:10:45+00:00","dateModified":"2023-09-24T16:41:07+00:00","mainEntityOfPage":{"@id":"https:\/\/dicodusport.fr\/blog\/decastar-2023-emma-oosterwegel-conserve-son-titre-et-realise-les-minima-olympiques\/"},"wordCount":552,"commentCount":0,"publisher":{"@id":"https:\/\/dicodusport.fr\/blog\/#organization"},"image":{"@id":"https:\/\/dicodusport.fr\/blog\/decastar-2023-emma-oosterwegel-conserve-son-titre-et-realise-les-minima-olympiques\/#primaryimage"},"thumbnailUrl":"https:\/\/dicodusport.fr\/blog\/wp-content\/uploads\/2023\/09\/Decastar-2023-Emma-Oosterwegel-conserve-son-titre-et-realise-les-minima-olympiques.png","keywords":["br\u00e8ve"],"articleSection":["Athl\u00e9tisme"],"inLanguage":"fr-FR","potentialAction":[{"@type":"CommentAction","name":"Comment","target":["https:\/\/dicodusport.fr\/blog\/decastar-2023-emma-oosterwegel-conserve-son-titre-et-realise-les-minima-olympiques\/#respond"]}],"copyrightYear":"2023","copyrightHolder":{"@id":"https:\/\/dicodusport.fr\/blog\/#organization"}},{"@type":"WebPage","@id":"https:\/\/dicodusport.fr\/blog\/decastar-2023-emma-oosterwegel-conserve-son-titre-et-realise-les-minima-olympiques\/","url":"https:\/\/dicodusport.fr\/blog\/decastar-2023-emma-oosterwegel-conserve-son-titre-et-realise-les-minima-olympiques\/","name":"Athl\u00e9tisme - D\u00e9castar 2023 : Emma Oosterwegel conserve son titre et r\u00e9alise les minima olympiques - Dicodusport","isPartOf":{"@id":"https:\/\/dicodusport.fr\/blog\/#website"},"primaryImageOfPage":{"@id":"https:\/\/dicodusport.fr\/blog\/decastar-2023-emma-oosterwegel-conserve-son-titre-et-realise-les-minima-olympiques\/#primaryimage"},"image":{"@id":"https:\/\/dicodusport.fr\/blog\/decastar-2023-emma-oosterwegel-conserve-son-titre-et-realise-les-minima-olympiques\/#primaryimage"},"thumbnailUrl":"https:\/\/dicodusport.fr\/blog\/wp-content\/uploads\/2023\/09\/Decastar-2023-Emma-Oosterwegel-conserve-son-titre-et-realise-les-minima-olympiques.png","datePublished":"2023-09-24T16:10:45+00:00","dateModified":"2023-09-24T16:41:07+00:00","description":"D\u00c9CASTAR 2023 - Emma Oosterwegel remporte l'heptathlon \u00e0 Talence et r\u00e9alise en prime les minima pour Paris 2024.","breadcrumb":{"@id":"https:\/\/dicodusport.fr\/blog\/decastar-2023-emma-oosterwegel-conserve-son-titre-et-realise-les-minima-olympiques\/#breadcrumb"},"inLanguage":"fr-FR","potentialAction":[{"@type":"ReadAction","target":["https:\/\/dicodusport.fr\/blog\/decastar-2023-emma-oosterwegel-conserve-son-titre-et-realise-les-minima-olympiques\/"]}]},{"@type":"ImageObject","inLanguage":"fr-FR","@id":"https:\/\/dicodusport.fr\/blog\/decastar-2023-emma-oosterwegel-conserve-son-titre-et-realise-les-minima-olympiques\/#primaryimage","url":"https:\/\/dicodusport.fr\/blog\/wp-content\/uploads\/2023\/09\/Decastar-2023-Emma-Oosterwegel-conserve-son-titre-et-realise-les-minima-olympiques.png","contentUrl":"https:\/\/dicodusport.fr\/blog\/wp-content\/uploads\/2023\/09\/Decastar-2023-Emma-Oosterwegel-conserve-son-titre-et-realise-les-minima-olympiques.png","width":800,"height":445,"caption":"D\u00e9castar 2023 Emma Oosterwegel conserve son titre et r\u00e9alise les minima olympiques"},{"@type":"BreadcrumbList","@id":"https:\/\/dicodusport.fr\/blog\/decastar-2023-emma-oosterwegel-conserve-son-titre-et-realise-les-minima-olympiques\/#breadcrumb","itemListElement":[{"@type":"ListItem","position":1,"name":"Accueil","item":"https:\/\/dicodusport.fr\/blog\/"},{"@type":"ListItem","position":2,"name":"D\u00e9castar 2023 : Emma Oosterwegel conserve son titre et r\u00e9alise les minima olympiques"}]},{"@type":"WebSite","@id":"https:\/\/dicodusport.fr\/blog\/#website","url":"https:\/\/dicodusport.fr\/blog\/","name":"Dicodusport","description":"L&#039;encyclop\u00e9die de l&#039;actualit\u00e9 sportive","publisher":{"@id":"https:\/\/dicodusport.fr\/blog\/#organization"},"potentialAction":[{"@type":"SearchAction","target":{"@type":"EntryPoint","urlTemplate":"https:\/\/dicodusport.fr\/blog\/?s={search_term_string}"},"query-input":{"@type":"PropertyValueSpecification","valueRequired":true,"valueName":"search_term_string"}}],"inLanguage":"fr-FR"},{"@type":"NewsMediaOrganization","@id":"https:\/\/dicodusport.fr\/blog\/#organization","name":"Dicodusport","url":"https:\/\/dicodusport.fr\/blog\/","logo":{"@type":"ImageObject","inLanguage":"fr-FR","@id":"https:\/\/dicodusport.fr\/blog\/#\/schema\/logo\/image\/","url":"https:\/\/dicodusport.fr\/blog\/wp-content\/uploads\/2020\/06\/cropped-LOGO-DICODUSPORT-2020-SANS-FOND-SANS-TEXTE.png","contentUrl":"https:\/\/dicodusport.fr\/blog\/wp-content\/uploads\/2020\/06\/cropped-LOGO-DICODUSPORT-2020-SANS-FOND-SANS-TEXTE.png","width":512,"height":512,"caption":"Dicodusport"},"image":{"@id":"https:\/\/dicodusport.fr\/blog\/#\/schema\/logo\/image\/"},"sameAs":["https:\/\/www.facebook.com\/dicodusport","https:\/\/x.com\/dicodusport","https:\/\/www.instagram.com\/dicodusport\/","https:\/\/www.youtube.com\/channel\/UC7V2KZ5sd3htJivAbA4ZG3w"],"description":"Dicodusport est l'encyclop\u00e9die de l'actualit\u00e9 sportive.","email":"bonjour@dicodusport.fr","legalName":"DICODUSPORT","foundingDate":"2018-01-14","vatID":"FR71834470973","taxID":"83447097300043","numberOfEmployees":{"@type":"QuantitativeValue","minValue":"1","maxValue":"10"}},{"@type":"Person","@id":"https:\/\/dicodusport.fr\/blog\/#\/schema\/person\/cce96fa88785bd8573e3d43078ac8c79","name":"Arlette Yeye","image":{"@type":"ImageObject","inLanguage":"fr-FR","@id":"https:\/\/dicodusport.fr\/blog\/#\/schema\/person\/image\/","url":"https:\/\/secure.gravatar.com\/avatar\/dca4a6239e6d708e46c45d60e160de6c?s=96&d=wp_user_avatar&r=g","contentUrl":"https:\/\/secure.gravatar.com\/avatar\/dca4a6239e6d708e46c45d60e160de6c?s=96&d=wp_user_avatar&r=g","caption":"Arlette Yeye"},"description":"Journaliste\/r\u00e9dactrice depuis septembre 2015 - Supportrice de Chelsea, j'ai pour sports de pr\u00e9dilection le handball, l'athl\u00e9tisme et le tennis. Si je tweete plus vite que mon ombre, vous pouvez aussi me retrouver les week-ends sur les playgrounds de Bruxelles pour un petit foot ou basket entre potes. Parcourir la France, l'Europe et plus si affinit\u00e9s pour suivre mes sportifs pr\u00e9f\u00e9r\u00e9s ? Mon kif ! Et c'est avec plaisir que je partage les r\u00e9sultats des sports populaires mais \u00e9galement plus confidentiels pour Dicodusport.","sameAs":["https:\/\/x.com\/https:\/\/twitter.com\/Shiclette94"],"url":"https:\/\/dicodusport.fr\/blog\/author\/arlette\/"}]}},"_links":{"self":[{"href":"https:\/\/dicodusport.fr\/blog\/wp-json\/wp\/v2\/posts\/421795","targetHints":{"allow":["GET"]}}],"collection":[{"href":"https:\/\/dicodusport.fr\/blog\/wp-json\/wp\/v2\/posts"}],"about":[{"href":"https:\/\/dicodusport.fr\/blog\/wp-json\/wp\/v2\/types\/post"}],"author":[{"embeddable":true,"href":"https:\/\/dicodusport.fr\/blog\/wp-json\/wp\/v2\/users\/12"}],"replies":[{"embeddable":true,"href":"https:\/\/dicodusport.fr\/blog\/wp-json\/wp\/v2\/comments?post=421795"}],"version-history":[{"count":0,"href":"https:\/\/dicodusport.fr\/blog\/wp-json\/wp\/v2\/posts\/421795\/revisions"}],"wp:featuredmedia":[{"embeddable":true,"href":"https:\/\/dicodusport.fr\/blog\/wp-json\/wp\/v2\/media\/422486"}],"wp:attachment":[{"href":"https:\/\/dicodusport.fr\/blog\/wp-json\/wp\/v2\/media?parent=421795"}],"wp:term":[{"taxonomy":"category","embeddable":true,"href":"https:\/\/dicodusport.fr\/blog\/wp-json\/wp\/v2\/categories?post=421795"},{"taxonomy":"post_tag","embeddable":true,"href":"https:\/\/dicodusport.fr\/blog\/wp-json\/wp\/v2\/tags?post=421795"}],"curies":[{"name":"wp","href":"https:\/\/api.w.org\/{rel}","templated":true}]}}