{"id":421854,"date":"2023-09-23T09:54:40","date_gmt":"2023-09-23T07:54:40","guid":{"rendered":"https:\/\/dicodusport.fr\/blog\/?p=421854&#038;preview=true&#038;preview_id=421854"},"modified":"2023-09-23T10:52:48","modified_gmt":"2023-09-23T08:52:48","slug":"tour-de-luxembourg-2023-4eme-etape-ordre-et-horaires-de-depart","status":"publish","type":"post","link":"https:\/\/dicodusport.fr\/blog\/tour-de-luxembourg-2023-4eme-etape-ordre-et-horaires-de-depart\/","title":{"rendered":"Tour de Luxembourg 2023 &#8211; 4\u00e8me \u00e9tape : Ordre et horaires de d\u00e9part"},"content":{"rendered":"<p style=\"text-align: justify;\"><em><a href=\"https:\/\/dicodusport.fr\/blog\/actualites\/cyclisme\/cyclisme-sur-route-2023\/\"><strong>CYCLISME SUR ROUTE 2023<\/strong><\/a> <b>&#8211; Ce samedi, place \u00e0 la 4\u00e8me \u00e9tape du Tour de Luxembourg 2023, avec un contre-la-montre de 23,9 km autour de P\u00e9tange<\/b><\/em><strong><em>. Ordre et horaires de d\u00e9part des coureurs.<\/em><\/strong><\/p>\n<ul>\n<li style=\"text-align: justify;\"><strong>\u00c0 lire aussi &#8211;\u00a0<\/strong><strong><a href=\"https:\/\/dicodusport.fr\/blog\/tour-de-luxembourg-2023-classement-general\/\" target=\"_blank\" rel=\"noopener\">Le classement g\u00e9n\u00e9ral du Tour de Luxembourg 2023<\/a><\/strong><\/li>\n<\/ul>\n<p style=\"text-align: justify;\">Premier coureur \u00e0 s&rsquo;\u00e9lancer, le Fran\u00e7ais <strong>Gabriel Muller<\/strong> (Global 6 Cycling) prendra le d\u00e9part \u00e0 15h45 sur ce contre-la-montre du <strong>Tour de Luxembourg<\/strong>. Les trois premiers du classement g\u00e9n\u00e9ral, <strong>Dylan Teuns<\/strong> (Israel Premier-Tech), <strong>Marc Hirschi<\/strong> (UAE Team Emirates) et <strong>Ben Healy<\/strong> (EF Education EasyPost) d\u00e9marreront respectivement \u00e0 17h36, 17h38 et 17h40. Coureur fran\u00e7ais le mieux plac\u00e9 au classement g\u00e9n\u00e9ral (11\u00e8me), <strong>Valentin Madouas<\/strong> (Groupama-FDJ) partira \u00e0 17h20.<\/p>\n<h2 style=\"text-align: justify;\">Ordre et horaires de d\u00e9part de la 10\u00e8me \u00e9tape du Tour de Luxembourg 2023<\/h2>\n<table class=\"basic \" style=\"width: 810px; font-size: 0.9em;\">\n<tbody>\n<tr style=\"background-color: #000000;\">\n<td style=\"width: 10px; text-align: center; vertical-align: middle; background-color: #db0f0f;\"><span style=\"color: #ffffff;\"><strong>#<\/strong><\/span><\/td>\n<td style=\"width: 90px; text-align: center; vertical-align: middle; background-color: #db0f0f;\"><span style=\"color: #ffffff;\"><strong>Dossards<\/strong><\/span><\/td>\n<td style=\"width: 90px; text-align: center; vertical-align: middle; background-color: #db0f0f;\"><span style=\"color: #ffffff;\"><strong>Heure<\/strong><\/span><\/td>\n<td style=\"width: 280px; text-align: center; vertical-align: middle; background-color: #db0f0f;\"><span style=\"color: #ffffff;\"><strong>Coureurs<\/strong><\/span><\/td>\n<td style=\"width: 340px; text-align: center; vertical-align: middle; background-color: #db0f0f;\"><span style=\"color: #ffffff;\"><strong>\u00c9quipes<\/strong><\/span><\/td>\n<\/tr>\n<tr>\n<td style=\"width: 10px; text-align: center;\">1<\/td>\n<td style=\"width: 90px; text-align: center;\">183<\/td>\n<td style=\"width: 90px; text-align: center;\">15:45:00<\/td>\n<td style=\"width: 280px; text-align: center;\">\u00a0<span class=\"uppercase\">MULLER<\/span>\u00a0Gabriel<\/td>\n<td style=\"width: 340px; text-align: center;\">Global 6 Cycling<\/td>\n<\/tr>\n<tr>\n<td style=\"width: 10px; text-align: center;\">2<\/td>\n<td style=\"width: 90px; text-align: center;\">194<\/td>\n<td style=\"width: 90px; text-align: center;\">15:46:00<\/td>\n<td style=\"width: 280px; text-align: center;\">\u00a0<span class=\"uppercase\">PRIES<\/span>\u00a0Cedric<\/td>\n<td style=\"width: 340px; text-align: center;\">Leopard TOGT Pro Cycling<\/td>\n<\/tr>\n<tr>\n<td style=\"width: 10px; text-align: center;\">3<\/td>\n<td style=\"width: 90px; text-align: center;\">173<\/td>\n<td style=\"width: 90px; text-align: center;\">15:47:00<\/td>\n<td style=\"width: 280px; text-align: center;\">\u00a0<span class=\"uppercase\">JOHANNESSEN<\/span>\u00a0Anders Halland<\/td>\n<td style=\"width: 340px; text-align: center;\">Uno-X Pro Cycling Team<\/td>\n<\/tr>\n<tr>\n<td style=\"width: 10px; text-align: center;\">4<\/td>\n<td style=\"width: 90px; text-align: center;\">196<\/td>\n<td style=\"width: 90px; text-align: center;\">15:48:00<\/td>\n<td style=\"width: 280px; text-align: center;\">\u00a0<span class=\"uppercase\">WENZEL<\/span>\u00a0Mats<\/td>\n<td style=\"width: 340px; text-align: center;\">Leopard TOGT Pro Cycling<\/td>\n<\/tr>\n<tr>\n<td style=\"width: 10px; text-align: center;\">5<\/td>\n<td style=\"width: 90px; text-align: center;\">1<\/td>\n<td style=\"width: 90px; text-align: center;\">15:49:00<\/td>\n<td style=\"width: 280px; text-align: center;\">\u00a0<span class=\"uppercase\">CATALDO<\/span>\u00a0Dario<\/td>\n<td style=\"width: 340px; text-align: center;\">Lidl &#8211; Trek<\/td>\n<\/tr>\n<tr>\n<td style=\"width: 10px; text-align: center;\">6<\/td>\n<td style=\"width: 90px; text-align: center;\">126<\/td>\n<td style=\"width: 90px; text-align: center;\">15:50:00<\/td>\n<td style=\"width: 280px; text-align: center;\">\u00a0<span class=\"uppercase\">VAN ROOY<\/span>\u00a0Kenneth<\/td>\n<td style=\"width: 340px; text-align: center;\">Bingoal WB<\/td>\n<\/tr>\n<tr>\n<td style=\"width: 10px; text-align: center;\">7<\/td>\n<td style=\"width: 90px; text-align: center;\">142<\/td>\n<td style=\"width: 90px; text-align: center;\">15:51:00<\/td>\n<td style=\"width: 280px; text-align: center;\">\u00a0<span class=\"uppercase\">EENKHOORN<\/span>\u00a0Pascal<\/td>\n<td style=\"width: 340px; text-align: center;\">Lotto Dstny<\/td>\n<\/tr>\n<tr>\n<td style=\"width: 10px; text-align: center;\">8<\/td>\n<td style=\"width: 90px; text-align: center;\">155<\/td>\n<td style=\"width: 90px; text-align: center;\">15:52:00<\/td>\n<td style=\"width: 280px; text-align: center;\">\u00a0<span class=\"uppercase\">DE WILDE<\/span>\u00a0Gilles<\/td>\n<td style=\"width: 340px; text-align: center;\">Team Flanders &#8211; Baloise<\/td>\n<\/tr>\n<tr>\n<td style=\"width: 10px; text-align: center;\">9<\/td>\n<td style=\"width: 90px; text-align: center;\">195<\/td>\n<td style=\"width: 90px; text-align: center;\">15:53:00<\/td>\n<td style=\"width: 280px; text-align: center;\">\u00a0<span class=\"uppercase\">S\u00d8GAARD<\/span>\u00a0Kasper Viberg<\/td>\n<td style=\"width: 340px; text-align: center;\">Leopard TOGT Pro Cycling<\/td>\n<\/tr>\n<tr>\n<td style=\"width: 10px; text-align: center;\">10<\/td>\n<td style=\"width: 90px; text-align: center;\">46<\/td>\n<td style=\"width: 90px; text-align: center;\">15:54:00<\/td>\n<td style=\"width: 280px; text-align: center;\">\u00a0<span class=\"uppercase\">WALLAYS<\/span>\u00a0Jelle<\/td>\n<td style=\"width: 340px; text-align: center;\">Cofidis<\/td>\n<\/tr>\n<tr>\n<td style=\"width: 10px; text-align: center;\">11<\/td>\n<td style=\"width: 90px; text-align: center;\">34<\/td>\n<td style=\"width: 90px; text-align: center;\">15:55:00<\/td>\n<td style=\"width: 280px; text-align: center;\">\u00a0<span class=\"uppercase\">MEEUS<\/span>\u00a0Jordi<\/td>\n<td style=\"width: 340px; text-align: center;\">BORA &#8211; hansgrohe<\/td>\n<\/tr>\n<tr>\n<td style=\"width: 10px; text-align: center;\">12<\/td>\n<td style=\"width: 90px; text-align: center;\">93<\/td>\n<td style=\"width: 90px; text-align: center;\">15:56:00<\/td>\n<td style=\"width: 280px; text-align: center;\">\u00a0<span class=\"uppercase\">DEVENYNS<\/span>\u00a0Dries<\/td>\n<td style=\"width: 340px; text-align: center;\">Soudal &#8211; Quick Step<\/td>\n<\/tr>\n<tr>\n<td style=\"width: 10px; text-align: center;\">13<\/td>\n<td style=\"width: 90px; text-align: center;\">55<\/td>\n<td style=\"width: 90px; text-align: center;\">15:57:00<\/td>\n<td style=\"width: 280px; text-align: center;\">\u00a0<span class=\"uppercase\">CORT<\/span>\u00a0Magnus<\/td>\n<td style=\"width: 340px; text-align: center;\">EF Education-EasyPost<\/td>\n<\/tr>\n<tr>\n<td style=\"width: 10px; text-align: center;\">14<\/td>\n<td style=\"width: 90px; text-align: center;\">63<\/td>\n<td style=\"width: 90px; text-align: center;\">15:58:00<\/td>\n<td style=\"width: 280px; text-align: center;\">\u00a0<span class=\"uppercase\">LADAGNOUS<\/span>\u00a0Matthieu<\/td>\n<td style=\"width: 340px; text-align: center;\">Groupama &#8211; FDJ<\/td>\n<\/tr>\n<tr>\n<td style=\"width: 10px; text-align: center;\">15<\/td>\n<td style=\"width: 90px; text-align: center;\">54<\/td>\n<td style=\"width: 90px; text-align: center;\">15:59:00<\/td>\n<td style=\"width: 280px; text-align: center;\">\u00a0<span class=\"uppercase\">KEUKELEIRE<\/span>\u00a0Jens<\/td>\n<td style=\"width: 340px; text-align: center;\">EF Education-EasyPost<\/td>\n<\/tr>\n<tr>\n<td style=\"width: 10px; text-align: center;\">16<\/td>\n<td style=\"width: 90px; text-align: center;\">154<\/td>\n<td style=\"width: 90px; text-align: center;\">16:00:00<\/td>\n<td style=\"width: 280px; text-align: center;\">\u00a0<span class=\"uppercase\">DE PESTEL<\/span>\u00a0Sander<\/td>\n<td style=\"width: 340px; text-align: center;\">Team Flanders &#8211; Baloise<\/td>\n<\/tr>\n<tr>\n<td style=\"width: 10px; text-align: center;\">17<\/td>\n<td style=\"width: 90px; text-align: center;\">162<\/td>\n<td style=\"width: 90px; text-align: center;\">16:01:00<\/td>\n<td style=\"width: 280px; text-align: center;\">\u00a0<span class=\"uppercase\">ERIKSSON<\/span>\u00a0Jacob<\/td>\n<td style=\"width: 340px; text-align: center;\">Tudor Pro Cycling Team<\/td>\n<\/tr>\n<tr>\n<td style=\"width: 10px; text-align: center;\">18<\/td>\n<td style=\"width: 90px; text-align: center;\">83<\/td>\n<td style=\"width: 90px; text-align: center;\">16:02:00<\/td>\n<td style=\"width: 280px; text-align: center;\">\u00a0<span class=\"uppercase\">HOLLMANN<\/span>\u00a0Juri<\/td>\n<td style=\"width: 340px; text-align: center;\">Movistar Team<\/td>\n<\/tr>\n<tr>\n<td style=\"width: 10px; text-align: center;\">19<\/td>\n<td style=\"width: 90px; text-align: center;\">51<\/td>\n<td style=\"width: 90px; text-align: center;\">16:03:00<\/td>\n<td style=\"width: 280px; text-align: center;\">\u00a0<span class=\"uppercase\">AMADOR<\/span>\u00a0Andrey<\/td>\n<td style=\"width: 340px; text-align: center;\">EF Education-EasyPost<\/td>\n<\/tr>\n<tr>\n<td style=\"width: 10px; text-align: center;\">20<\/td>\n<td style=\"width: 90px; text-align: center;\">146<\/td>\n<td style=\"width: 90px; text-align: center;\">16:04:00<\/td>\n<td style=\"width: 280px; text-align: center;\">\u00a0<span class=\"uppercase\">VANHOUCKE<\/span>\u00a0Harm<\/td>\n<td style=\"width: 340px; text-align: center;\">Lotto Dstny<\/td>\n<\/tr>\n<tr>\n<td style=\"width: 10px; text-align: center;\">21<\/td>\n<td style=\"width: 90px; text-align: center;\">116<\/td>\n<td style=\"width: 90px; text-align: center;\">16:05:00<\/td>\n<td style=\"width: 280px; text-align: center;\">\u00a0<span class=\"uppercase\">VINK<\/span>\u00a0Michael<\/td>\n<td style=\"width: 340px; text-align: center;\">UAE Team Emirates<\/td>\n<\/tr>\n<tr>\n<td style=\"width: 10px; text-align: center;\">22<\/td>\n<td style=\"width: 90px; text-align: center;\">122<\/td>\n<td style=\"width: 90px; text-align: center;\">16:06:00<\/td>\n<td style=\"width: 280px; text-align: center;\">\u00a0<span class=\"uppercase\">MEENS<\/span>\u00a0Johan<\/td>\n<td style=\"width: 340px; text-align: center;\">Bingoal WB<\/td>\n<\/tr>\n<tr>\n<td style=\"width: 10px; text-align: center;\">23<\/td>\n<td style=\"width: 90px; text-align: center;\">103<\/td>\n<td style=\"width: 90px; text-align: center;\">16:07:00<\/td>\n<td style=\"width: 280px; text-align: center;\">\u00a0<span class=\"uppercase\">DAUPHIN<\/span>\u00a0Florian<\/td>\n<td style=\"width: 340px; text-align: center;\">Team Ark\u00e9a Samsic<\/td>\n<\/tr>\n<tr>\n<td style=\"width: 10px; text-align: center;\">24<\/td>\n<td style=\"width: 90px; text-align: center;\">153<\/td>\n<td style=\"width: 90px; text-align: center;\">16:08:00<\/td>\n<td style=\"width: 280px; text-align: center;\">\u00a0<span class=\"uppercase\">BRAET<\/span>\u00a0Vito<\/td>\n<td style=\"width: 340px; text-align: center;\">Team Flanders &#8211; Baloise<\/td>\n<\/tr>\n<tr>\n<td style=\"width: 10px; text-align: center;\">25<\/td>\n<td style=\"width: 90px; text-align: center;\">184<\/td>\n<td style=\"width: 90px; text-align: center;\">16:09:00<\/td>\n<td style=\"width: 280px; text-align: center;\">\u00a0<span class=\"uppercase\">WIRTGEN<\/span>\u00a0Tom<\/td>\n<td style=\"width: 340px; text-align: center;\">Global 6 Cycling<\/td>\n<\/tr>\n<tr>\n<td style=\"width: 10px; text-align: center;\">26<\/td>\n<td style=\"width: 90px; text-align: center;\">125<\/td>\n<td style=\"width: 90px; text-align: center;\">16:10:00<\/td>\n<td style=\"width: 280px; text-align: center;\">\u00a0<span class=\"uppercase\">VAN BOVEN<\/span>\u00a0Luca<\/td>\n<td style=\"width: 340px; text-align: center;\">Bingoal WB<\/td>\n<\/tr>\n<tr>\n<td style=\"width: 10px; text-align: center;\">27<\/td>\n<td style=\"width: 90px; text-align: center;\">163<\/td>\n<td style=\"width: 90px; text-align: center;\">16:11:00<\/td>\n<td style=\"width: 280px; text-align: center;\">\u00a0<span class=\"uppercase\">KAMP<\/span>\u00a0Alexander<\/td>\n<td style=\"width: 340px; text-align: center;\">Tudor Pro Cycling Team<\/td>\n<\/tr>\n<tr>\n<td style=\"width: 10px; text-align: center;\">28<\/td>\n<td style=\"width: 90px; text-align: center;\">31<\/td>\n<td style=\"width: 90px; text-align: center;\">16:12:00<\/td>\n<td style=\"width: 280px; text-align: center;\">\u00a0<span class=\"uppercase\">GAMPER<\/span>\u00a0Patrick<\/td>\n<td style=\"width: 340px; text-align: center;\">BORA &#8211; hansgrohe<\/td>\n<\/tr>\n<tr>\n<td style=\"width: 10px; text-align: center;\">29<\/td>\n<td style=\"width: 90px; text-align: center;\">165<\/td>\n<td style=\"width: 90px; text-align: center;\">16:13:00<\/td>\n<td style=\"width: 280px; text-align: center;\">\u00a0<span class=\"uppercase\">PLUIMERS<\/span>\u00a0Rick<\/td>\n<td style=\"width: 340px; text-align: center;\">Tudor Pro Cycling Team<\/td>\n<\/tr>\n<tr>\n<td style=\"width: 10px; text-align: center;\">30<\/td>\n<td style=\"width: 90px; text-align: center;\">25<\/td>\n<td style=\"width: 90px; text-align: center;\">16:14:00<\/td>\n<td style=\"width: 280px; text-align: center;\">\u00a0<span class=\"uppercase\">VAN DEN BOSSCHE<\/span>\u00a0Fabio<\/td>\n<td style=\"width: 340px; text-align: center;\">Alpecin-Deceuninck<\/td>\n<\/tr>\n<tr>\n<td style=\"width: 10px; text-align: center;\">31<\/td>\n<td style=\"width: 90px; text-align: center;\">66<\/td>\n<td style=\"width: 90px; text-align: center;\">16:15:00<\/td>\n<td style=\"width: 280px; text-align: center;\">\u00a0<span class=\"uppercase\">PITHIE<\/span>\u00a0Laurence<\/td>\n<td style=\"width: 340px; text-align: center;\">Groupama &#8211; FDJ<\/td>\n<\/tr>\n<tr>\n<td style=\"width: 10px; text-align: center;\">32<\/td>\n<td style=\"width: 90px; text-align: center;\">32<\/td>\n<td style=\"width: 90px; text-align: center;\">16:16:00<\/td>\n<td style=\"width: 280px; text-align: center;\">\u00a0<span class=\"uppercase\">HALLER<\/span>\u00a0Marco<\/td>\n<td style=\"width: 340px; text-align: center;\">BORA &#8211; hansgrohe<\/td>\n<\/tr>\n<tr>\n<td style=\"width: 10px; text-align: center;\">33<\/td>\n<td style=\"width: 90px; text-align: center;\">86<\/td>\n<td style=\"width: 90px; text-align: center;\">16:17:00<\/td>\n<td style=\"width: 280px; text-align: center;\">\u00a0<span class=\"uppercase\">ROJAS<\/span>\u00a0Jos\u00e9 Joaqu\u00edn<\/td>\n<td style=\"width: 340px; text-align: center;\">Movistar Team<\/td>\n<\/tr>\n<tr>\n<td style=\"width: 10px; text-align: center;\">34<\/td>\n<td style=\"width: 90px; text-align: center;\">175<\/td>\n<td style=\"width: 90px; text-align: center;\">16:18:00<\/td>\n<td style=\"width: 280px; text-align: center;\">\u00a0<span class=\"uppercase\">KULSET<\/span>\u00a0Magnus<\/td>\n<td style=\"width: 340px; text-align: center;\">Uno-X Pro Cycling Team<\/td>\n<\/tr>\n<tr>\n<td style=\"width: 10px; text-align: center;\">35<\/td>\n<td style=\"width: 90px; text-align: center;\">36<\/td>\n<td style=\"width: 90px; text-align: center;\">16:19:00<\/td>\n<td style=\"width: 280px; text-align: center;\">\u00a0<span class=\"uppercase\">WANDAHL<\/span>\u00a0Frederik<\/td>\n<td style=\"width: 340px; text-align: center;\">BORA &#8211; hansgrohe<\/td>\n<\/tr>\n<tr>\n<td style=\"width: 10px; text-align: center;\">36<\/td>\n<td style=\"width: 90px; text-align: center;\">4<\/td>\n<td style=\"width: 90px; text-align: center;\">16:20:00<\/td>\n<td style=\"width: 280px; text-align: center;\">\u00a0<span class=\"uppercase\">KIRSCH<\/span>\u00a0Alex<\/td>\n<td style=\"width: 340px; text-align: center;\">Lidl &#8211; Trek<\/td>\n<\/tr>\n<tr>\n<td style=\"width: 10px; text-align: center;\">37<\/td>\n<td style=\"width: 90px; text-align: center;\">101<\/td>\n<td style=\"width: 90px; text-align: center;\">16:21:00<\/td>\n<td style=\"width: 280px; text-align: center;\">\u00a0<span class=\"uppercase\">BIERMANS<\/span>\u00a0Jenthe<\/td>\n<td style=\"width: 340px; text-align: center;\">Team Ark\u00e9a Samsic<\/td>\n<\/tr>\n<tr>\n<td style=\"width: 10px; text-align: center;\">38<\/td>\n<td style=\"width: 90px; text-align: center;\">181<\/td>\n<td style=\"width: 90px; text-align: center;\">16:22:00<\/td>\n<td style=\"width: 280px; text-align: center;\">\u00a0<span class=\"uppercase\">BALLABIO<\/span>\u00a0Giacomo<\/td>\n<td style=\"width: 340px; text-align: center;\">Global 6 Cycling<\/td>\n<\/tr>\n<tr>\n<td style=\"width: 10px; text-align: center;\">39<\/td>\n<td style=\"width: 90px; text-align: center;\">134<\/td>\n<td style=\"width: 90px; text-align: center;\">16:23:00<\/td>\n<td style=\"width: 280px; text-align: center;\">\u00a0<span class=\"uppercase\">STRONG<\/span>\u00a0Corbin<\/td>\n<td style=\"width: 340px; text-align: center;\">Israel &#8211; Premier Tech<\/td>\n<\/tr>\n<tr>\n<td style=\"width: 10px; text-align: center;\">40<\/td>\n<td style=\"width: 90px; text-align: center;\">85<\/td>\n<td style=\"width: 90px; text-align: center;\">16:24:00<\/td>\n<td style=\"width: 280px; text-align: center;\">\u00a0<span class=\"uppercase\">M\u00dcHLBERGER<\/span>\u00a0Gregor<\/td>\n<td style=\"width: 340px; text-align: center;\">Movistar Team<\/td>\n<\/tr>\n<tr>\n<td style=\"width: 10px; text-align: center;\">41<\/td>\n<td style=\"width: 90px; text-align: center;\">124<\/td>\n<td style=\"width: 90px; text-align: center;\">16:25:00<\/td>\n<td style=\"width: 280px; text-align: center;\">\u00a0<span class=\"uppercase\">TEUGELS<\/span>\u00a0Lennert<\/td>\n<td style=\"width: 340px; text-align: center;\">Bingoal WB<\/td>\n<\/tr>\n<tr>\n<td style=\"width: 10px; text-align: center;\">42<\/td>\n<td style=\"width: 90px; text-align: center;\">105<\/td>\n<td style=\"width: 90px; text-align: center;\">16:26:00<\/td>\n<td style=\"width: 280px; text-align: center;\">\u00a0<span class=\"uppercase\">GILLET<\/span>\u00a0Baptiste<\/td>\n<td style=\"width: 340px; text-align: center;\">Team Ark\u00e9a Samsic<\/td>\n<\/tr>\n<tr>\n<td style=\"width: 10px; text-align: center;\">43<\/td>\n<td style=\"width: 90px; text-align: center;\">172<\/td>\n<td style=\"width: 90px; text-align: center;\">16:27:00<\/td>\n<td style=\"width: 280px; text-align: center;\">\u00a0<span class=\"uppercase\">HOLTER<\/span>\u00a0\u00c5dne<\/td>\n<td style=\"width: 340px; text-align: center;\">Uno-X Pro Cycling Team<\/td>\n<\/tr>\n<tr>\n<td style=\"width: 10px; text-align: center;\">44<\/td>\n<td style=\"width: 90px; text-align: center;\">161<\/td>\n<td style=\"width: 90px; text-align: center;\">16:28:00<\/td>\n<td style=\"width: 280px; text-align: center;\">\u00a0<span class=\"uppercase\">ERIKSSON<\/span>\u00a0Lucas<\/td>\n<td style=\"width: 340px; text-align: center;\">Tudor Pro Cycling Team<\/td>\n<\/tr>\n<tr>\n<td style=\"width: 10px; text-align: center;\">45<\/td>\n<td style=\"width: 90px; text-align: center;\">133<\/td>\n<td style=\"width: 90px; text-align: center;\">16:29:00<\/td>\n<td style=\"width: 280px; text-align: center;\">\u00a0<span class=\"uppercase\">NEILANDS<\/span>\u00a0Krists<\/td>\n<td style=\"width: 340px; text-align: center;\">Israel &#8211; Premier Tech<\/td>\n<\/tr>\n<tr>\n<td style=\"width: 10px; text-align: center;\">46<\/td>\n<td style=\"width: 90px; text-align: center;\">76<\/td>\n<td style=\"width: 90px; text-align: center;\">16:30:00<\/td>\n<td style=\"width: 280px; text-align: center;\">\u00a0<span class=\"uppercase\">VAN DIJKE<\/span>\u00a0Tim<\/td>\n<td style=\"width: 340px; text-align: center;\">Jumbo-Visma<\/td>\n<\/tr>\n<tr>\n<td style=\"width: 10px; text-align: center;\">47<\/td>\n<td style=\"width: 90px; text-align: center;\">193<\/td>\n<td style=\"width: 90px; text-align: center;\">16:31:00<\/td>\n<td style=\"width: 280px; text-align: center;\">\u00a0<span class=\"uppercase\">STOKBRO<\/span>\u00a0Andreas<\/td>\n<td style=\"width: 340px; text-align: center;\">Leopard TOGT Pro Cycling<\/td>\n<\/tr>\n<tr>\n<td style=\"width: 10px; text-align: center;\">48<\/td>\n<td style=\"width: 90px; text-align: center;\">111<\/td>\n<td style=\"width: 90px; text-align: center;\">16:32:00<\/td>\n<td style=\"width: 280px; text-align: center;\">\u00a0<span class=\"uppercase\">CHRISTEN<\/span>\u00a0Jan<\/td>\n<td style=\"width: 340px; text-align: center;\">UAE Team Emirates<\/td>\n<\/tr>\n<tr>\n<td style=\"width: 10px; text-align: center;\">49<\/td>\n<td style=\"width: 90px; text-align: center;\">104<\/td>\n<td style=\"width: 90px; text-align: center;\">16:33:00<\/td>\n<td style=\"width: 280px; text-align: center;\">\u00a0<span class=\"uppercase\">DELAPLACE<\/span>\u00a0Anthony<\/td>\n<td style=\"width: 340px; text-align: center;\">Team Ark\u00e9a Samsic<\/td>\n<\/tr>\n<tr>\n<td style=\"width: 10px; text-align: center;\">50<\/td>\n<td style=\"width: 90px; text-align: center;\">143<\/td>\n<td style=\"width: 90px; text-align: center;\">16:34:00<\/td>\n<td style=\"width: 280px; text-align: center;\">\u00a0<span class=\"uppercase\">PAASSCHENS<\/span>\u00a0Mathijs<\/td>\n<td style=\"width: 340px; text-align: center;\">Lotto Dstny<\/td>\n<\/tr>\n<tr>\n<td style=\"width: 10px; text-align: center;\">51<\/td>\n<td style=\"width: 90px; text-align: center;\">123<\/td>\n<td style=\"width: 90px; text-align: center;\">16:35:00<\/td>\n<td style=\"width: 280px; text-align: center;\">\u00a0<span class=\"uppercase\">MERTZ<\/span>\u00a0R\u00e9my<\/td>\n<td style=\"width: 340px; text-align: center;\">Bingoal WB<\/td>\n<\/tr>\n<tr>\n<td style=\"width: 10px; text-align: center;\">52<\/td>\n<td style=\"width: 90px; text-align: center;\">42<\/td>\n<td style=\"width: 90px; text-align: center;\">16:36:00<\/td>\n<td style=\"width: 280px; text-align: center;\">\u00a0<span class=\"uppercase\">KNIGHT<\/span>\u00a0Oliver<\/td>\n<td style=\"width: 340px; text-align: center;\">Cofidis<\/td>\n<\/tr>\n<tr>\n<td style=\"width: 10px; text-align: center;\">53<\/td>\n<td style=\"width: 90px; text-align: center;\">15<\/td>\n<td style=\"width: 90px; text-align: center;\">16:37:00<\/td>\n<td style=\"width: 280px; text-align: center;\">\u00a0<span class=\"uppercase\">PETERS<\/span>\u00a0Nans<\/td>\n<td style=\"width: 340px; text-align: center;\">AG2R Citro\u00ebn Team<\/td>\n<\/tr>\n<tr>\n<td style=\"width: 10px; text-align: center;\">54<\/td>\n<td style=\"width: 90px; text-align: center;\">23<\/td>\n<td style=\"width: 90px; text-align: center;\">16:38:00<\/td>\n<td style=\"width: 280px; text-align: center;\">\u00a0<span class=\"uppercase\">LAURANCE<\/span>\u00a0Axel<\/td>\n<td style=\"width: 340px; text-align: center;\">Alpecin-Deceuninck<\/td>\n<\/tr>\n<tr>\n<td style=\"width: 10px; text-align: center;\">55<\/td>\n<td style=\"width: 90px; text-align: center;\">41<\/td>\n<td style=\"width: 90px; text-align: center;\">16:39:00<\/td>\n<td style=\"width: 280px; text-align: center;\">\u00a0<span class=\"uppercase\">DELETTRE<\/span>\u00a0Alexandre<\/td>\n<td style=\"width: 340px; text-align: center;\">Cofidis<\/td>\n<\/tr>\n<tr>\n<td style=\"width: 10px; text-align: center;\">56<\/td>\n<td style=\"width: 90px; text-align: center;\">45<\/td>\n<td style=\"width: 90px; text-align: center;\">16:40:00<\/td>\n<td style=\"width: 280px; text-align: center;\">\u00a0<span class=\"uppercase\">PEREZ<\/span>\u00a0Anthony<\/td>\n<td style=\"width: 340px; text-align: center;\">Cofidis<\/td>\n<\/tr>\n<tr>\n<td style=\"width: 10px; text-align: center;\">57<\/td>\n<td style=\"width: 90px; text-align: center;\">56<\/td>\n<td style=\"width: 90px; text-align: center;\">16:41:00<\/td>\n<td style=\"width: 280px; text-align: center;\">\u00a0<span class=\"uppercase\">RUTSCH<\/span>\u00a0Jonas<\/td>\n<td style=\"width: 340px; text-align: center;\">EF Education-EasyPost<\/td>\n<\/tr>\n<tr>\n<td style=\"width: 10px; text-align: center;\">58<\/td>\n<td style=\"width: 90px; text-align: center;\">24<\/td>\n<td style=\"width: 90px; text-align: center;\">16:42:00<\/td>\n<td style=\"width: 280px; text-align: center;\">\u00a0<span class=\"uppercase\">MEURISSE<\/span>\u00a0Xandro<\/td>\n<td style=\"width: 340px; text-align: center;\">Alpecin-Deceuninck<\/td>\n<\/tr>\n<tr>\n<td style=\"width: 10px; text-align: center;\">59<\/td>\n<td style=\"width: 90px; text-align: center;\">74<\/td>\n<td style=\"width: 90px; text-align: center;\">16:43:00<\/td>\n<td style=\"width: 280px; text-align: center;\">\u00a0<span class=\"uppercase\">KRUIJSWIJK<\/span>\u00a0Steven<\/td>\n<td style=\"width: 340px; text-align: center;\">Jumbo-Visma<\/td>\n<\/tr>\n<tr>\n<td style=\"width: 10px; text-align: center;\">60<\/td>\n<td style=\"width: 90px; text-align: center;\">6<\/td>\n<td style=\"width: 90px; text-align: center;\">16:44:00<\/td>\n<td style=\"width: 280px; text-align: center;\">\u00a0<span class=\"uppercase\">TESFATSION<\/span>\u00a0Natnael<\/td>\n<td style=\"width: 340px; text-align: center;\">Lidl &#8211; Trek<\/td>\n<\/tr>\n<tr>\n<td style=\"width: 10px; text-align: center;\">61<\/td>\n<td style=\"width: 90px; text-align: center;\">141<\/td>\n<td style=\"width: 90px; text-align: center;\">16:45:00<\/td>\n<td style=\"width: 280px; text-align: center;\">\u00a0<span class=\"uppercase\">CAMPENAERTS<\/span>\u00a0Victor<\/td>\n<td style=\"width: 340px; text-align: center;\">Lotto Dstny<\/td>\n<\/tr>\n<tr>\n<td style=\"width: 10px; text-align: center;\">62<\/td>\n<td style=\"width: 90px; text-align: center;\">43<\/td>\n<td style=\"width: 90px; text-align: center;\">16:46:00<\/td>\n<td style=\"width: 280px; text-align: center;\">\u00a0<span class=\"uppercase\">IZAGIRRE<\/span>\u00a0Ion<\/td>\n<td style=\"width: 340px; text-align: center;\">Cofidis<\/td>\n<\/tr>\n<tr>\n<td style=\"width: 10px; text-align: center;\">63<\/td>\n<td style=\"width: 90px; text-align: center;\">91<\/td>\n<td style=\"width: 90px; text-align: center;\">16:47:00<\/td>\n<td style=\"width: 280px; text-align: center;\">\u00a0<span class=\"uppercase\">ALAPHILIPPE<\/span>\u00a0Julian<\/td>\n<td style=\"width: 340px; text-align: center;\">Soudal &#8211; Quick Step<\/td>\n<\/tr>\n<tr>\n<td style=\"width: 10px; text-align: center;\">64<\/td>\n<td style=\"width: 90px; text-align: center;\">92<\/td>\n<td style=\"width: 90px; text-align: center;\">16:48:00<\/td>\n<td style=\"width: 280px; text-align: center;\">\u00a0<span class=\"uppercase\">BAGIOLI<\/span>\u00a0Andrea<\/td>\n<td style=\"width: 340px; text-align: center;\">Soudal &#8211; Quick Step<\/td>\n<\/tr>\n<tr>\n<td style=\"width: 10px; text-align: center;\">65<\/td>\n<td style=\"width: 90px; text-align: center;\">21<\/td>\n<td style=\"width: 90px; text-align: center;\">16:49:00<\/td>\n<td style=\"width: 280px; text-align: center;\">\u00a0<span class=\"uppercase\">HERMANS<\/span>\u00a0Quinten<\/td>\n<td style=\"width: 340px; text-align: center;\">Alpecin-Deceuninck<\/td>\n<\/tr>\n<tr>\n<td style=\"width: 10px; text-align: center;\">66<\/td>\n<td style=\"width: 90px; text-align: center;\">82<\/td>\n<td style=\"width: 90px; text-align: center;\">16:50:00<\/td>\n<td style=\"width: 280px; text-align: center;\">\u00a0<span class=\"uppercase\">BARTA<\/span>\u00a0Will<\/td>\n<td style=\"width: 340px; text-align: center;\">Movistar Team<\/td>\n<\/tr>\n<tr>\n<td style=\"width: 10px; text-align: center;\">67<\/td>\n<td style=\"width: 90px; text-align: center;\">62<\/td>\n<td style=\"width: 90px; text-align: center;\">16:51:00<\/td>\n<td style=\"width: 280px; text-align: center;\">\u00a0<span class=\"uppercase\">GENIETS<\/span>\u00a0Kevin<\/td>\n<td style=\"width: 340px; text-align: center;\">Groupama &#8211; FDJ<\/td>\n<\/tr>\n<tr>\n<td style=\"width: 10px; text-align: center;\">68<\/td>\n<td style=\"width: 90px; text-align: center;\">33<\/td>\n<td style=\"width: 90px; text-align: center;\">16:52:00<\/td>\n<td style=\"width: 280px; text-align: center;\">\u00a0<span class=\"uppercase\">JUNGELS<\/span>\u00a0Bob<\/td>\n<td style=\"width: 340px; text-align: center;\">BORA &#8211; hansgrohe<\/td>\n<\/tr>\n<tr>\n<td style=\"width: 10px; text-align: center;\">69<\/td>\n<td style=\"width: 90px; text-align: center;\">26<\/td>\n<td style=\"width: 90px; text-align: center;\">16:53:00<\/td>\n<td style=\"width: 280px; text-align: center;\">\u00a0<span class=\"uppercase\">VERGALLITO<\/span>\u00a0Luca<\/td>\n<td style=\"width: 340px; text-align: center;\">Alpecin-Deceuninck<\/td>\n<\/tr>\n<tr>\n<td style=\"width: 10px; text-align: center;\">70<\/td>\n<td style=\"width: 90px; text-align: center;\">191<\/td>\n<td style=\"width: 90px; text-align: center;\">16:54:00<\/td>\n<td style=\"width: 280px; text-align: center;\">\u00a0<span class=\"uppercase\">BREGNH\u00d8J<\/span>\u00a0Mathias<\/td>\n<td style=\"width: 340px; text-align: center;\">Leopard TOGT Pro Cycling<\/td>\n<\/tr>\n<tr>\n<td style=\"width: 10px; text-align: center;\">71<\/td>\n<td style=\"width: 90px; text-align: center;\">176<\/td>\n<td style=\"width: 90px; text-align: center;\">16:55:00<\/td>\n<td style=\"width: 280px; text-align: center;\">\u00a0<span class=\"uppercase\">KULSET<\/span>\u00a0Johannes<\/td>\n<td style=\"width: 340px; text-align: center;\">Uno-X Pro Cycling Team<\/td>\n<\/tr>\n<tr>\n<td style=\"width: 10px; text-align: center;\">72<\/td>\n<td style=\"width: 90px; text-align: center;\">16<\/td>\n<td style=\"width: 90px; text-align: center;\">16:56:00<\/td>\n<td style=\"width: 280px; text-align: center;\">\u00a0<span class=\"uppercase\">TRONCHON<\/span>\u00a0Bastien<\/td>\n<td style=\"width: 340px; text-align: center;\">AG2R Citro\u00ebn Team<\/td>\n<\/tr>\n<tr>\n<td style=\"width: 10px; text-align: center;\">73<\/td>\n<td style=\"width: 90px; text-align: center;\">121<\/td>\n<td style=\"width: 90px; text-align: center;\">16:57:00<\/td>\n<td style=\"width: 280px; text-align: center;\">\u00a0<span class=\"uppercase\">GUERIN<\/span>\u00a0Alexis<\/td>\n<td style=\"width: 340px; text-align: center;\">Bingoal WB<\/td>\n<\/tr>\n<tr>\n<td style=\"width: 10px; text-align: center;\">74<\/td>\n<td style=\"width: 90px; text-align: center;\">3<\/td>\n<td style=\"width: 90px; text-align: center;\">16:58:00<\/td>\n<td style=\"width: 280px; text-align: center;\">\u00a0<span class=\"uppercase\">HELLEMOSE<\/span>\u00a0Asbj\u00f8rn<\/td>\n<td style=\"width: 340px; text-align: center;\">Lidl &#8211; Trek<\/td>\n<\/tr>\n<tr>\n<td style=\"width: 10px; text-align: center;\">75<\/td>\n<td style=\"width: 90px; text-align: center;\">132<\/td>\n<td style=\"width: 90px; text-align: center;\">16:59:00<\/td>\n<td style=\"width: 280px; text-align: center;\">\u00a0<span class=\"uppercase\">HOULE<\/span>\u00a0Hugo<\/td>\n<td style=\"width: 340px; text-align: center;\">Israel &#8211; Premier Tech<\/td>\n<\/tr>\n<tr>\n<td style=\"width: 10px; text-align: center;\">76<\/td>\n<td style=\"width: 90px; text-align: center;\">14<\/td>\n<td style=\"width: 90px; text-align: center;\">17:00:00<\/td>\n<td style=\"width: 280px; text-align: center;\">\u00a0<span class=\"uppercase\">PARET-PEINTRE<\/span>\u00a0Aur\u00e9lien<\/td>\n<td style=\"width: 340px; text-align: center;\">AG2R Citro\u00ebn Team<\/td>\n<\/tr>\n<tr>\n<td style=\"width: 10px; text-align: center;\">77<\/td>\n<td style=\"width: 90px; text-align: center;\">106<\/td>\n<td style=\"width: 90px; text-align: center;\">17:01:00<\/td>\n<td style=\"width: 280px; text-align: center;\">\u00a0<span class=\"uppercase\">GUERNALEC<\/span>\u00a0Thibault<\/td>\n<td style=\"width: 340px; text-align: center;\">Team Ark\u00e9a Samsic<\/td>\n<\/tr>\n<tr>\n<td style=\"width: 10px; text-align: center;\">78<\/td>\n<td style=\"width: 90px; text-align: center;\">96<\/td>\n<td style=\"width: 90px; text-align: center;\">17:02:00<\/td>\n<td style=\"width: 280px; text-align: center;\">\u00a0<span class=\"uppercase\">VANSEVENANT<\/span>\u00a0Mauri<\/td>\n<td style=\"width: 340px; text-align: center;\">Soudal &#8211; Quick Step<\/td>\n<\/tr>\n<tr>\n<td style=\"width: 10px; text-align: center;\">79<\/td>\n<td style=\"width: 90px; text-align: center;\">94<\/td>\n<td style=\"width: 90px; text-align: center;\">17:03:00<\/td>\n<td style=\"width: 280px; text-align: center;\">\u00a0<span class=\"uppercase\">MASNADA<\/span>\u00a0Fausto<\/td>\n<td style=\"width: 340px; text-align: center;\">Soudal &#8211; Quick Step<\/td>\n<\/tr>\n<tr>\n<td style=\"width: 10px; text-align: center;\">80<\/td>\n<td style=\"width: 90px; text-align: center;\">136<\/td>\n<td style=\"width: 90px; text-align: center;\">17:04:00<\/td>\n<td style=\"width: 280px; text-align: center;\">\u00a0<span class=\"uppercase\">WOODS<\/span>\u00a0Michael<\/td>\n<td style=\"width: 340px; text-align: center;\">Israel &#8211; Premier Tech<\/td>\n<\/tr>\n<tr>\n<td style=\"width: 10px; text-align: center;\">81<\/td>\n<td style=\"width: 90px; text-align: center;\">171<\/td>\n<td style=\"width: 90px; text-align: center;\">17:05:00<\/td>\n<td style=\"width: 280px; text-align: center;\">\u00a0<span class=\"uppercase\">CHARMIG<\/span>\u00a0Anthon<\/td>\n<td style=\"width: 340px; text-align: center;\">Uno-X Pro Cycling Team<\/td>\n<\/tr>\n<tr>\n<td style=\"width: 10px; text-align: center;\">82<\/td>\n<td style=\"width: 90px; text-align: center;\">145<\/td>\n<td style=\"width: 90px; text-align: center;\">17:06:00<\/td>\n<td style=\"width: 280px; text-align: center;\">\u00a0<span class=\"uppercase\">VAN MOER<\/span>\u00a0Brent<\/td>\n<td style=\"width: 340px; text-align: center;\">Lotto Dstny<\/td>\n<\/tr>\n<tr>\n<td style=\"width: 10px; text-align: center;\">83<\/td>\n<td style=\"width: 90px; text-align: center;\">73<\/td>\n<td style=\"width: 90px; text-align: center;\">17:07:00<\/td>\n<td style=\"width: 280px; text-align: center;\">\u00a0<span class=\"uppercase\">RYAN<\/span>\u00a0Archie<\/td>\n<td style=\"width: 340px; text-align: center;\">Jumbo-Visma<\/td>\n<\/tr>\n<tr>\n<td style=\"width: 10px; text-align: center;\">84<\/td>\n<td style=\"width: 90px; text-align: center;\">102<\/td>\n<td style=\"width: 90px; text-align: center;\">17:08:00<\/td>\n<td style=\"width: 280px; text-align: center;\">\u00a0<span class=\"uppercase\">COSTIOU<\/span>\u00a0Ewen<\/td>\n<td style=\"width: 340px; text-align: center;\">Team Ark\u00e9a Samsic<\/td>\n<\/tr>\n<tr>\n<td style=\"width: 10px; text-align: center;\">85<\/td>\n<td style=\"width: 90px; text-align: center;\">12<\/td>\n<td style=\"width: 90px; text-align: center;\">17:09:00<\/td>\n<td style=\"width: 280px; text-align: center;\">\u00a0<span class=\"uppercase\">GALL<\/span>\u00a0Felix<\/td>\n<td style=\"width: 340px; text-align: center;\">AG2R Citro\u00ebn Team<\/td>\n<\/tr>\n<tr>\n<td style=\"width: 10px; text-align: center;\">86<\/td>\n<td style=\"width: 90px; text-align: center;\">72<\/td>\n<td style=\"width: 90px; text-align: center;\">17:10:00<\/td>\n<td style=\"width: 280px; text-align: center;\">\u00a0<span class=\"uppercase\">BOUWMAN<\/span>\u00a0Koen<\/td>\n<td style=\"width: 340px; text-align: center;\">Jumbo-Visma<\/td>\n<\/tr>\n<tr>\n<td style=\"width: 10px; text-align: center;\">87<\/td>\n<td style=\"width: 90px; text-align: center;\">164<\/td>\n<td style=\"width: 90px; text-align: center;\">17:11:00<\/td>\n<td style=\"width: 280px; text-align: center;\">\u00a0<span class=\"uppercase\">KLUCKERS<\/span>\u00a0Arthur<\/td>\n<td style=\"width: 340px; text-align: center;\">Tudor Pro Cycling Team<\/td>\n<\/tr>\n<tr>\n<td style=\"width: 10px; text-align: center;\">88<\/td>\n<td style=\"width: 90px; text-align: center;\">75<\/td>\n<td style=\"width: 90px; text-align: center;\">17:12:00<\/td>\n<td style=\"width: 280px; text-align: center;\">\u00a0<span class=\"uppercase\">OOMEN<\/span>\u00a0Sam<\/td>\n<td style=\"width: 340px; text-align: center;\">Jumbo-Visma<\/td>\n<\/tr>\n<tr>\n<td style=\"width: 10px; text-align: center;\">89<\/td>\n<td style=\"width: 90px; text-align: center;\">13<\/td>\n<td style=\"width: 90px; text-align: center;\">17:13:00<\/td>\n<td style=\"width: 280px; text-align: center;\">\u00a0<span class=\"uppercase\">O&rsquo;CONNOR<\/span>\u00a0Ben<\/td>\n<td style=\"width: 340px; text-align: center;\">AG2R Citro\u00ebn Team<\/td>\n<\/tr>\n<tr>\n<td style=\"width: 10px; text-align: center;\">90<\/td>\n<td style=\"width: 90px; text-align: center;\">174<\/td>\n<td style=\"width: 90px; text-align: center;\">17:14:00<\/td>\n<td style=\"width: 280px; text-align: center;\">\u00a0<span class=\"uppercase\">JOHANNESSEN<\/span>\u00a0Tobias Halland<\/td>\n<td style=\"width: 340px; text-align: center;\">Uno-X Pro Cycling Team<\/td>\n<\/tr>\n<tr>\n<td style=\"width: 10px; text-align: center;\">91<\/td>\n<td style=\"width: 90px; text-align: center;\">112<\/td>\n<td style=\"width: 90px; text-align: center;\">17:15:00<\/td>\n<td style=\"width: 280px; text-align: center;\">\u00a0<span class=\"uppercase\">GROSSSCHARTNE<\/span>\u00a0Felix<\/td>\n<td style=\"width: 340px; text-align: center;\">UAE Team Emirates<\/td>\n<\/tr>\n<tr>\n<td style=\"width: 10px; text-align: center;\">92<\/td>\n<td style=\"width: 90px; text-align: center;\">11<\/td>\n<td style=\"width: 90px; text-align: center;\">17:16:00<\/td>\n<td style=\"width: 280px; text-align: center;\">\u00a0<span class=\"uppercase\">BONNAMOUR<\/span>\u00a0Franck<\/td>\n<td style=\"width: 340px; text-align: center;\">AG2R Citro\u00ebn Team<\/td>\n<\/tr>\n<tr>\n<td style=\"width: 10px; text-align: center;\">93<\/td>\n<td style=\"width: 90px; text-align: center;\">5<\/td>\n<td style=\"width: 90px; text-align: center;\">17:17:00<\/td>\n<td style=\"width: 280px; text-align: center;\">\u00a0<span class=\"uppercase\">CICCONE<\/span>\u00a0Giulio<\/td>\n<td style=\"width: 340px; text-align: center;\">Lidl &#8211; Trek<\/td>\n<\/tr>\n<tr>\n<td style=\"width: 10px; text-align: center;\">94<\/td>\n<td style=\"width: 90px; text-align: center;\">115<\/td>\n<td style=\"width: 90px; text-align: center;\">17:18:00<\/td>\n<td style=\"width: 280px; text-align: center;\">\u00a0<span class=\"uppercase\">ULISSI<\/span>\u00a0Diego<\/td>\n<td style=\"width: 340px; text-align: center;\">UAE Team Emirates<\/td>\n<\/tr>\n<tr>\n<td style=\"width: 10px; text-align: center;\">95<\/td>\n<td style=\"width: 90px; text-align: center;\">81<\/td>\n<td style=\"width: 90px; text-align: center;\">17:19:00<\/td>\n<td style=\"width: 280px; text-align: center;\">\u00a0<span class=\"uppercase\">ARANBURU<\/span>\u00a0Alex<\/td>\n<td style=\"width: 340px; text-align: center;\">Movistar Team<\/td>\n<\/tr>\n<tr>\n<td style=\"width: 10px; text-align: center;\">96<\/td>\n<td style=\"width: 90px; text-align: center;\">64<\/td>\n<td style=\"width: 90px; text-align: center;\">17:20:00<\/td>\n<td style=\"width: 280px; text-align: center;\">\u00a0<span class=\"uppercase\">MADOUAS<\/span>\u00a0Valentin<\/td>\n<td style=\"width: 340px; text-align: center;\">Groupama &#8211; FDJ<\/td>\n<\/tr>\n<tr>\n<td style=\"width: 10px; text-align: center;\">97<\/td>\n<td style=\"width: 90px; text-align: center;\">71<\/td>\n<td style=\"width: 90px; text-align: center;\">17:22:00<\/td>\n<td style=\"width: 280px; text-align: center;\">\u00a0<span class=\"uppercase\">BENOOT<\/span>\u00a0Tiesj<\/td>\n<td style=\"width: 340px; text-align: center;\">Jumbo-Visma<\/td>\n<\/tr>\n<tr>\n<td style=\"width: 10px; text-align: center;\">98<\/td>\n<td style=\"width: 90px; text-align: center;\">52<\/td>\n<td style=\"width: 90px; text-align: center;\">17:24:00<\/td>\n<td style=\"width: 280px; text-align: center;\">\u00a0<span class=\"uppercase\">CARAPAZ<\/span>\u00a0Richard<\/td>\n<td style=\"width: 340px; text-align: center;\">EF Education-EasyPost<\/td>\n<\/tr>\n<tr>\n<td style=\"width: 10px; text-align: center;\">99<\/td>\n<td style=\"width: 90px; text-align: center;\">95<\/td>\n<td style=\"width: 90px; text-align: center;\">17:26:00<\/td>\n<td style=\"width: 280px; text-align: center;\">\u00a0<span class=\"uppercase\">VAN WILDER<\/span>\u00a0Ilan<\/td>\n<td style=\"width: 340px; text-align: center;\">Soudal &#8211; Quick Step<\/td>\n<\/tr>\n<tr>\n<td style=\"width: 10px; text-align: center;\">100<\/td>\n<td style=\"width: 90px; text-align: center;\">84<\/td>\n<td style=\"width: 90px; text-align: center;\">17:28:00<\/td>\n<td style=\"width: 280px; text-align: center;\">\u00a0<span class=\"uppercase\">JORGENSON<\/span>\u00a0Matteo<\/td>\n<td style=\"width: 340px; text-align: center;\">Movistar Team<\/td>\n<\/tr>\n<tr>\n<td style=\"width: 10px; text-align: center;\">101<\/td>\n<td style=\"width: 90px; text-align: center;\">114<\/td>\n<td style=\"width: 90px; text-align: center;\">17:30:00<\/td>\n<td style=\"width: 280px; text-align: center;\">\u00a0<span class=\"uppercase\">MCNULTY<\/span>\u00a0Brandon<\/td>\n<td style=\"width: 340px; text-align: center;\">UAE Team Emirates<\/td>\n<\/tr>\n<tr>\n<td style=\"width: 10px; text-align: center;\">102<\/td>\n<td style=\"width: 90px; text-align: center;\">144<\/td>\n<td style=\"width: 90px; text-align: center;\">17:32:00<\/td>\n<td style=\"width: 280px; text-align: center;\">\u00a0<span class=\"uppercase\">VAN GILS<\/span>\u00a0Maxim<\/td>\n<td style=\"width: 340px; text-align: center;\">Lotto Dstny<\/td>\n<\/tr>\n<tr>\n<td style=\"width: 10px; text-align: center;\">103<\/td>\n<td style=\"width: 90px; text-align: center;\">22<\/td>\n<td style=\"width: 90px; text-align: center;\">17:34:00<\/td>\n<td style=\"width: 280px; text-align: center;\">\u00a0<span class=\"uppercase\">KRAGH ANDERSEN<\/span>\u00a0S\u00f8ren<\/td>\n<td style=\"width: 340px; text-align: center;\">Alpecin-Deceuninck<\/td>\n<\/tr>\n<tr>\n<td style=\"width: 10px; text-align: center;\">104<\/td>\n<td style=\"width: 90px; text-align: center;\">135<\/td>\n<td style=\"width: 90px; text-align: center;\">17:36:00<\/td>\n<td style=\"width: 280px; text-align: center;\">\u00a0<span class=\"uppercase\">TEUNS<\/span>\u00a0Dylan<\/td>\n<td style=\"width: 340px; text-align: center;\">Israel &#8211; Premier Tech<\/td>\n<\/tr>\n<tr>\n<td style=\"width: 10px; text-align: center;\">105<\/td>\n<td style=\"width: 90px; text-align: center;\">113<\/td>\n<td style=\"width: 90px; text-align: center;\">17:38:00<\/td>\n<td style=\"width: 280px; text-align: center;\">\u00a0<span class=\"uppercase\">HIRSCHI<\/span>\u00a0Marc<\/td>\n<td style=\"width: 340px; text-align: center;\">UAE Team Emirates<\/td>\n<\/tr>\n<tr>\n<td style=\"width: 10px; text-align: center;\">106<\/td>\n<td style=\"width: 90px; text-align: center;\">53<\/td>\n<td style=\"width: 90px; text-align: center;\">17:40:00<\/td>\n<td style=\"width: 280px; text-align: center;\">\u00a0<span class=\"uppercase\">HEALY<\/span>\u00a0Ben<\/td>\n<td style=\"width: 340px; text-align: center;\">EF Education-EasyPost<\/td>\n<\/tr>\n<\/tbody>\n<\/table>\n<p>&nbsp;<\/p>\n","protected":false},"excerpt":{"rendered":"<p>CYCLISME SUR ROUTE 2023 &#8211; Ce samedi, place \u00e0 la 4\u00e8me \u00e9tape du Tour de Luxembourg 2023, avec un contre-la-montre de 23,9 km autour de P\u00e9tange. Ordre et horaires de d\u00e9part des coureurs.<\/p>\n","protected":false},"author":1,"featured_media":411527,"comment_status":"open","ping_status":"closed","sticky":false,"template":"","format":"standard","meta":{"_acf_changed":false,"_daextam_enable_autolinks":"","footnotes":""},"categories":[46994],"tags":[16878,19186],"class_list":["post-421854","post","type-post","status-publish","format-standard","has-post-thumbnail","hentry","category-cyclisme-sur-route","tag-breve","tag-tour-du-luxembourg"],"acf":[],"yoast_head":"<!-- This site is optimized with the Yoast SEO Premium plugin v26.7 (Yoast SEO v26.7) - https:\/\/yoast.com\/wordpress\/plugins\/seo\/ -->\n<title>Tour de Luxembourg 2023 - 4\u00e8me \u00e9tape : Ordre et horaires de d\u00e9part<\/title>\n<meta name=\"description\" content=\"CYCLISME SUR ROUTE 2023 - Ce samedi, place \u00e0 la 4\u00e8me \u00e9tape du Tour de Luxembourg 2023, avec un contre-la-montre de 23,9 km autour de P\u00e9tange. Ordre et horaires de d\u00e9part des coureurs.\" \/>\n<meta name=\"robots\" content=\"index, follow, max-snippet:-1, max-image-preview:large, max-video-preview:-1\" \/>\n<link rel=\"canonical\" href=\"https:\/\/dicodusport.fr\/blog\/tour-de-luxembourg-2023-4eme-etape-ordre-et-horaires-de-depart\/\" \/>\n<meta property=\"og:locale\" content=\"fr_FR\" \/>\n<meta property=\"og:type\" content=\"article\" \/>\n<meta property=\"og:title\" content=\"Tour de Luxembourg 2023 - 4\u00e8me \u00e9tape : Ordre et horaires de d\u00e9part\" \/>\n<meta property=\"og:description\" content=\"CYCLISME SUR ROUTE 2023 - Ce samedi, place \u00e0 la 4\u00e8me \u00e9tape du Tour de Luxembourg 2023, avec un contre-la-montre de 23,9 km autour de P\u00e9tange. Ordre et horaires de d\u00e9part des coureurs.\" \/>\n<meta property=\"og:url\" content=\"https:\/\/dicodusport.fr\/blog\/tour-de-luxembourg-2023-4eme-etape-ordre-et-horaires-de-depart\/\" \/>\n<meta property=\"og:site_name\" content=\"Dicodusport\" \/>\n<meta property=\"article:publisher\" content=\"https:\/\/www.facebook.com\/dicodusport\" \/>\n<meta property=\"article:author\" content=\"https:\/\/www.facebook.com\/dicodusport\" \/>\n<meta property=\"article:published_time\" content=\"2023-09-23T07:54:40+00:00\" \/>\n<meta property=\"article:modified_time\" content=\"2023-09-23T08:52:48+00:00\" \/>\n<meta property=\"og:image\" content=\"https:\/\/dicodusport.fr\/blog\/wp-content\/uploads\/2023\/08\/Renewi-Tour-2023-2eme-etape-Ordre-et-horaires-de-depart-Madouas.png\" \/>\n\t<meta property=\"og:image:width\" content=\"800\" \/>\n\t<meta property=\"og:image:height\" content=\"445\" \/>\n\t<meta property=\"og:image:type\" content=\"image\/png\" \/>\n<meta name=\"author\" content=\"Nicolas Jacquemard\" \/>\n<meta name=\"twitter:card\" content=\"summary_large_image\" \/>\n<meta name=\"twitter:title\" content=\"Tour de Luxembourg 2023 - 4\u00e8me \u00e9tape : Ordre et horaires de d\u00e9part\" \/>\n<meta name=\"twitter:creator\" content=\"@https:\/\/twitter.com\/Nico_Jacquemard\" \/>\n<meta name=\"twitter:site\" content=\"@dicodusport\" \/>\n<script type=\"application\/ld+json\" class=\"yoast-schema-graph\">{\"@context\":\"https:\/\/schema.org\",\"@graph\":[{\"@type\":\"NewsArticle\",\"@id\":\"https:\/\/dicodusport.fr\/blog\/tour-de-luxembourg-2023-4eme-etape-ordre-et-horaires-de-depart\/#article\",\"isPartOf\":{\"@id\":\"https:\/\/dicodusport.fr\/blog\/tour-de-luxembourg-2023-4eme-etape-ordre-et-horaires-de-depart\/\"},\"author\":{\"name\":\"Nicolas Jacquemard\",\"@id\":\"https:\/\/dicodusport.fr\/blog\/#\/schema\/person\/55dcb50ad410894e431ed812bbb70191\"},\"headline\":\"Tour de Luxembourg 2023 &#8211; 4\u00e8me \u00e9tape : Ordre et horaires de d\u00e9part\",\"datePublished\":\"2023-09-23T07:54:40+00:00\",\"dateModified\":\"2023-09-23T08:52:48+00:00\",\"mainEntityOfPage\":{\"@id\":\"https:\/\/dicodusport.fr\/blog\/tour-de-luxembourg-2023-4eme-etape-ordre-et-horaires-de-depart\/\"},\"wordCount\":685,\"commentCount\":0,\"publisher\":{\"@id\":\"https:\/\/dicodusport.fr\/blog\/#organization\"},\"image\":{\"@id\":\"https:\/\/dicodusport.fr\/blog\/tour-de-luxembourg-2023-4eme-etape-ordre-et-horaires-de-depart\/#primaryimage\"},\"thumbnailUrl\":\"https:\/\/dicodusport.fr\/blog\/wp-content\/uploads\/2023\/08\/Renewi-Tour-2023-2eme-etape-Ordre-et-horaires-de-depart-Madouas.png\",\"keywords\":[\"br\u00e8ve\",\"Tour du Luxembourg\"],\"articleSection\":[\"Cyclisme sur route\"],\"inLanguage\":\"fr-FR\",\"potentialAction\":[{\"@type\":\"CommentAction\",\"name\":\"Comment\",\"target\":[\"https:\/\/dicodusport.fr\/blog\/tour-de-luxembourg-2023-4eme-etape-ordre-et-horaires-de-depart\/#respond\"]}],\"copyrightYear\":\"2023\",\"copyrightHolder\":{\"@id\":\"https:\/\/dicodusport.fr\/blog\/#organization\"}},{\"@type\":\"WebPage\",\"@id\":\"https:\/\/dicodusport.fr\/blog\/tour-de-luxembourg-2023-4eme-etape-ordre-et-horaires-de-depart\/\",\"url\":\"https:\/\/dicodusport.fr\/blog\/tour-de-luxembourg-2023-4eme-etape-ordre-et-horaires-de-depart\/\",\"name\":\"Tour de Luxembourg 2023 - 4\u00e8me \u00e9tape : Ordre et horaires de d\u00e9part\",\"isPartOf\":{\"@id\":\"https:\/\/dicodusport.fr\/blog\/#website\"},\"primaryImageOfPage\":{\"@id\":\"https:\/\/dicodusport.fr\/blog\/tour-de-luxembourg-2023-4eme-etape-ordre-et-horaires-de-depart\/#primaryimage\"},\"image\":{\"@id\":\"https:\/\/dicodusport.fr\/blog\/tour-de-luxembourg-2023-4eme-etape-ordre-et-horaires-de-depart\/#primaryimage\"},\"thumbnailUrl\":\"https:\/\/dicodusport.fr\/blog\/wp-content\/uploads\/2023\/08\/Renewi-Tour-2023-2eme-etape-Ordre-et-horaires-de-depart-Madouas.png\",\"datePublished\":\"2023-09-23T07:54:40+00:00\",\"dateModified\":\"2023-09-23T08:52:48+00:00\",\"description\":\"CYCLISME SUR ROUTE 2023 - Ce samedi, place \u00e0 la 4\u00e8me \u00e9tape du Tour de Luxembourg 2023, avec un contre-la-montre de 23,9 km autour de P\u00e9tange. Ordre et horaires de d\u00e9part des coureurs.\",\"breadcrumb\":{\"@id\":\"https:\/\/dicodusport.fr\/blog\/tour-de-luxembourg-2023-4eme-etape-ordre-et-horaires-de-depart\/#breadcrumb\"},\"inLanguage\":\"fr-FR\",\"potentialAction\":[{\"@type\":\"ReadAction\",\"target\":[\"https:\/\/dicodusport.fr\/blog\/tour-de-luxembourg-2023-4eme-etape-ordre-et-horaires-de-depart\/\"]}]},{\"@type\":\"ImageObject\",\"inLanguage\":\"fr-FR\",\"@id\":\"https:\/\/dicodusport.fr\/blog\/tour-de-luxembourg-2023-4eme-etape-ordre-et-horaires-de-depart\/#primaryimage\",\"url\":\"https:\/\/dicodusport.fr\/blog\/wp-content\/uploads\/2023\/08\/Renewi-Tour-2023-2eme-etape-Ordre-et-horaires-de-depart-Madouas.png\",\"contentUrl\":\"https:\/\/dicodusport.fr\/blog\/wp-content\/uploads\/2023\/08\/Renewi-Tour-2023-2eme-etape-Ordre-et-horaires-de-depart-Madouas.png\",\"width\":800,\"height\":445},{\"@type\":\"BreadcrumbList\",\"@id\":\"https:\/\/dicodusport.fr\/blog\/tour-de-luxembourg-2023-4eme-etape-ordre-et-horaires-de-depart\/#breadcrumb\",\"itemListElement\":[{\"@type\":\"ListItem\",\"position\":1,\"name\":\"Accueil\",\"item\":\"https:\/\/dicodusport.fr\/blog\/\"},{\"@type\":\"ListItem\",\"position\":2,\"name\":\"Tour de Luxembourg 2023 &#8211; 4\u00e8me \u00e9tape : Ordre et horaires de d\u00e9part\"}]},{\"@type\":\"WebSite\",\"@id\":\"https:\/\/dicodusport.fr\/blog\/#website\",\"url\":\"https:\/\/dicodusport.fr\/blog\/\",\"name\":\"Dicodusport\",\"description\":\"L&#039;encyclop\u00e9die de l&#039;actualit\u00e9 sportive\",\"publisher\":{\"@id\":\"https:\/\/dicodusport.fr\/blog\/#organization\"},\"potentialAction\":[{\"@type\":\"SearchAction\",\"target\":{\"@type\":\"EntryPoint\",\"urlTemplate\":\"https:\/\/dicodusport.fr\/blog\/?s={search_term_string}\"},\"query-input\":{\"@type\":\"PropertyValueSpecification\",\"valueRequired\":true,\"valueName\":\"search_term_string\"}}],\"inLanguage\":\"fr-FR\"},{\"@type\":\"NewsMediaOrganization\",\"@id\":\"https:\/\/dicodusport.fr\/blog\/#organization\",\"name\":\"Dicodusport\",\"url\":\"https:\/\/dicodusport.fr\/blog\/\",\"logo\":{\"@type\":\"ImageObject\",\"inLanguage\":\"fr-FR\",\"@id\":\"https:\/\/dicodusport.fr\/blog\/#\/schema\/logo\/image\/\",\"url\":\"https:\/\/dicodusport.fr\/blog\/wp-content\/uploads\/2020\/06\/cropped-LOGO-DICODUSPORT-2020-SANS-FOND-SANS-TEXTE.png\",\"contentUrl\":\"https:\/\/dicodusport.fr\/blog\/wp-content\/uploads\/2020\/06\/cropped-LOGO-DICODUSPORT-2020-SANS-FOND-SANS-TEXTE.png\",\"width\":512,\"height\":512,\"caption\":\"Dicodusport\"},\"image\":{\"@id\":\"https:\/\/dicodusport.fr\/blog\/#\/schema\/logo\/image\/\"},\"sameAs\":[\"https:\/\/www.facebook.com\/dicodusport\",\"https:\/\/x.com\/dicodusport\",\"https:\/\/www.instagram.com\/dicodusport\/\",\"https:\/\/www.youtube.com\/channel\/UC7V2KZ5sd3htJivAbA4ZG3w\"],\"description\":\"Dicodusport est l'encyclop\u00e9die de l'actualit\u00e9 sportive.\",\"email\":\"bonjour@dicodusport.fr\",\"legalName\":\"DICODUSPORT\",\"foundingDate\":\"2018-01-14\",\"vatID\":\"FR71834470973\",\"taxID\":\"83447097300043\",\"numberOfEmployees\":{\"@type\":\"QuantitativeValue\",\"minValue\":\"1\",\"maxValue\":\"10\"}},{\"@type\":\"Person\",\"@id\":\"https:\/\/dicodusport.fr\/blog\/#\/schema\/person\/55dcb50ad410894e431ed812bbb70191\",\"name\":\"Nicolas Jacquemard\",\"image\":{\"@type\":\"ImageObject\",\"inLanguage\":\"fr-FR\",\"@id\":\"https:\/\/dicodusport.fr\/blog\/#\/schema\/person\/image\/\",\"url\":\"https:\/\/dicodusport.fr\/blog\/wp-content\/uploads\/2021\/05\/Nicolas-Jacquemard-150x150.jpeg\",\"contentUrl\":\"https:\/\/dicodusport.fr\/blog\/wp-content\/uploads\/2021\/05\/Nicolas-Jacquemard-150x150.jpeg\",\"caption\":\"Nicolas Jacquemard\"},\"description\":\"Passionn\u00e9 de sport et entrepreneur depuis mes 18 ans, la cr\u00e9ation de Dicodusport m'a sembl\u00e9 \u00e9vidente pour participer \u00e0 la m\u00e9diatisation d'un plus grand nombre de sports. Le chemin est long mais avec une \u00e9quipe des plus motiv\u00e9es et les Jeux Olympiques de Paris 2024 en point de mire, nous y arriverons ! Journaliste dans le monde du sport depuis plus de 5 ans, je traite aussi bien de football, de rugby, de biathlon que de cyclisme.\",\"sameAs\":[\"https:\/\/www.facebook.com\/dicodusport\",\"https:\/\/x.com\/https:\/\/twitter.com\/Nico_Jacquemard\"],\"url\":\"https:\/\/dicodusport.fr\/blog\/author\/dicodusport\/\"}]}<\/script>\n<!-- \/ Yoast SEO Premium plugin. -->","yoast_head_json":{"title":"Tour de Luxembourg 2023 - 4\u00e8me \u00e9tape : Ordre et horaires de d\u00e9part","description":"CYCLISME SUR ROUTE 2023 - Ce samedi, place \u00e0 la 4\u00e8me \u00e9tape du Tour de Luxembourg 2023, avec un contre-la-montre de 23,9 km autour de P\u00e9tange. Ordre et horaires de d\u00e9part des coureurs.","robots":{"index":"index","follow":"follow","max-snippet":"max-snippet:-1","max-image-preview":"max-image-preview:large","max-video-preview":"max-video-preview:-1"},"canonical":"https:\/\/dicodusport.fr\/blog\/tour-de-luxembourg-2023-4eme-etape-ordre-et-horaires-de-depart\/","og_locale":"fr_FR","og_type":"article","og_title":"Tour de Luxembourg 2023 - 4\u00e8me \u00e9tape : Ordre et horaires de d\u00e9part","og_description":"CYCLISME SUR ROUTE 2023 - Ce samedi, place \u00e0 la 4\u00e8me \u00e9tape du Tour de Luxembourg 2023, avec un contre-la-montre de 23,9 km autour de P\u00e9tange. Ordre et horaires de d\u00e9part des coureurs.","og_url":"https:\/\/dicodusport.fr\/blog\/tour-de-luxembourg-2023-4eme-etape-ordre-et-horaires-de-depart\/","og_site_name":"Dicodusport","article_publisher":"https:\/\/www.facebook.com\/dicodusport","article_author":"https:\/\/www.facebook.com\/dicodusport","article_published_time":"2023-09-23T07:54:40+00:00","article_modified_time":"2023-09-23T08:52:48+00:00","og_image":[{"width":800,"height":445,"url":"https:\/\/dicodusport.fr\/blog\/wp-content\/uploads\/2023\/08\/Renewi-Tour-2023-2eme-etape-Ordre-et-horaires-de-depart-Madouas.png","type":"image\/png"}],"author":"Nicolas Jacquemard","twitter_card":"summary_large_image","twitter_title":"Tour de Luxembourg 2023 - 4\u00e8me \u00e9tape : Ordre et horaires de d\u00e9part","twitter_creator":"@https:\/\/twitter.com\/Nico_Jacquemard","twitter_site":"@dicodusport","schema":{"@context":"https:\/\/schema.org","@graph":[{"@type":"NewsArticle","@id":"https:\/\/dicodusport.fr\/blog\/tour-de-luxembourg-2023-4eme-etape-ordre-et-horaires-de-depart\/#article","isPartOf":{"@id":"https:\/\/dicodusport.fr\/blog\/tour-de-luxembourg-2023-4eme-etape-ordre-et-horaires-de-depart\/"},"author":{"name":"Nicolas Jacquemard","@id":"https:\/\/dicodusport.fr\/blog\/#\/schema\/person\/55dcb50ad410894e431ed812bbb70191"},"headline":"Tour de Luxembourg 2023 &#8211; 4\u00e8me \u00e9tape : Ordre et horaires de d\u00e9part","datePublished":"2023-09-23T07:54:40+00:00","dateModified":"2023-09-23T08:52:48+00:00","mainEntityOfPage":{"@id":"https:\/\/dicodusport.fr\/blog\/tour-de-luxembourg-2023-4eme-etape-ordre-et-horaires-de-depart\/"},"wordCount":685,"commentCount":0,"publisher":{"@id":"https:\/\/dicodusport.fr\/blog\/#organization"},"image":{"@id":"https:\/\/dicodusport.fr\/blog\/tour-de-luxembourg-2023-4eme-etape-ordre-et-horaires-de-depart\/#primaryimage"},"thumbnailUrl":"https:\/\/dicodusport.fr\/blog\/wp-content\/uploads\/2023\/08\/Renewi-Tour-2023-2eme-etape-Ordre-et-horaires-de-depart-Madouas.png","keywords":["br\u00e8ve","Tour du Luxembourg"],"articleSection":["Cyclisme sur route"],"inLanguage":"fr-FR","potentialAction":[{"@type":"CommentAction","name":"Comment","target":["https:\/\/dicodusport.fr\/blog\/tour-de-luxembourg-2023-4eme-etape-ordre-et-horaires-de-depart\/#respond"]}],"copyrightYear":"2023","copyrightHolder":{"@id":"https:\/\/dicodusport.fr\/blog\/#organization"}},{"@type":"WebPage","@id":"https:\/\/dicodusport.fr\/blog\/tour-de-luxembourg-2023-4eme-etape-ordre-et-horaires-de-depart\/","url":"https:\/\/dicodusport.fr\/blog\/tour-de-luxembourg-2023-4eme-etape-ordre-et-horaires-de-depart\/","name":"Tour de Luxembourg 2023 - 4\u00e8me \u00e9tape : Ordre et horaires de d\u00e9part","isPartOf":{"@id":"https:\/\/dicodusport.fr\/blog\/#website"},"primaryImageOfPage":{"@id":"https:\/\/dicodusport.fr\/blog\/tour-de-luxembourg-2023-4eme-etape-ordre-et-horaires-de-depart\/#primaryimage"},"image":{"@id":"https:\/\/dicodusport.fr\/blog\/tour-de-luxembourg-2023-4eme-etape-ordre-et-horaires-de-depart\/#primaryimage"},"thumbnailUrl":"https:\/\/dicodusport.fr\/blog\/wp-content\/uploads\/2023\/08\/Renewi-Tour-2023-2eme-etape-Ordre-et-horaires-de-depart-Madouas.png","datePublished":"2023-09-23T07:54:40+00:00","dateModified":"2023-09-23T08:52:48+00:00","description":"CYCLISME SUR ROUTE 2023 - Ce samedi, place \u00e0 la 4\u00e8me \u00e9tape du Tour de Luxembourg 2023, avec un contre-la-montre de 23,9 km autour de P\u00e9tange. Ordre et horaires de d\u00e9part des coureurs.","breadcrumb":{"@id":"https:\/\/dicodusport.fr\/blog\/tour-de-luxembourg-2023-4eme-etape-ordre-et-horaires-de-depart\/#breadcrumb"},"inLanguage":"fr-FR","potentialAction":[{"@type":"ReadAction","target":["https:\/\/dicodusport.fr\/blog\/tour-de-luxembourg-2023-4eme-etape-ordre-et-horaires-de-depart\/"]}]},{"@type":"ImageObject","inLanguage":"fr-FR","@id":"https:\/\/dicodusport.fr\/blog\/tour-de-luxembourg-2023-4eme-etape-ordre-et-horaires-de-depart\/#primaryimage","url":"https:\/\/dicodusport.fr\/blog\/wp-content\/uploads\/2023\/08\/Renewi-Tour-2023-2eme-etape-Ordre-et-horaires-de-depart-Madouas.png","contentUrl":"https:\/\/dicodusport.fr\/blog\/wp-content\/uploads\/2023\/08\/Renewi-Tour-2023-2eme-etape-Ordre-et-horaires-de-depart-Madouas.png","width":800,"height":445},{"@type":"BreadcrumbList","@id":"https:\/\/dicodusport.fr\/blog\/tour-de-luxembourg-2023-4eme-etape-ordre-et-horaires-de-depart\/#breadcrumb","itemListElement":[{"@type":"ListItem","position":1,"name":"Accueil","item":"https:\/\/dicodusport.fr\/blog\/"},{"@type":"ListItem","position":2,"name":"Tour de Luxembourg 2023 &#8211; 4\u00e8me \u00e9tape : Ordre et horaires de d\u00e9part"}]},{"@type":"WebSite","@id":"https:\/\/dicodusport.fr\/blog\/#website","url":"https:\/\/dicodusport.fr\/blog\/","name":"Dicodusport","description":"L&#039;encyclop\u00e9die de l&#039;actualit\u00e9 sportive","publisher":{"@id":"https:\/\/dicodusport.fr\/blog\/#organization"},"potentialAction":[{"@type":"SearchAction","target":{"@type":"EntryPoint","urlTemplate":"https:\/\/dicodusport.fr\/blog\/?s={search_term_string}"},"query-input":{"@type":"PropertyValueSpecification","valueRequired":true,"valueName":"search_term_string"}}],"inLanguage":"fr-FR"},{"@type":"NewsMediaOrganization","@id":"https:\/\/dicodusport.fr\/blog\/#organization","name":"Dicodusport","url":"https:\/\/dicodusport.fr\/blog\/","logo":{"@type":"ImageObject","inLanguage":"fr-FR","@id":"https:\/\/dicodusport.fr\/blog\/#\/schema\/logo\/image\/","url":"https:\/\/dicodusport.fr\/blog\/wp-content\/uploads\/2020\/06\/cropped-LOGO-DICODUSPORT-2020-SANS-FOND-SANS-TEXTE.png","contentUrl":"https:\/\/dicodusport.fr\/blog\/wp-content\/uploads\/2020\/06\/cropped-LOGO-DICODUSPORT-2020-SANS-FOND-SANS-TEXTE.png","width":512,"height":512,"caption":"Dicodusport"},"image":{"@id":"https:\/\/dicodusport.fr\/blog\/#\/schema\/logo\/image\/"},"sameAs":["https:\/\/www.facebook.com\/dicodusport","https:\/\/x.com\/dicodusport","https:\/\/www.instagram.com\/dicodusport\/","https:\/\/www.youtube.com\/channel\/UC7V2KZ5sd3htJivAbA4ZG3w"],"description":"Dicodusport est l'encyclop\u00e9die de l'actualit\u00e9 sportive.","email":"bonjour@dicodusport.fr","legalName":"DICODUSPORT","foundingDate":"2018-01-14","vatID":"FR71834470973","taxID":"83447097300043","numberOfEmployees":{"@type":"QuantitativeValue","minValue":"1","maxValue":"10"}},{"@type":"Person","@id":"https:\/\/dicodusport.fr\/blog\/#\/schema\/person\/55dcb50ad410894e431ed812bbb70191","name":"Nicolas Jacquemard","image":{"@type":"ImageObject","inLanguage":"fr-FR","@id":"https:\/\/dicodusport.fr\/blog\/#\/schema\/person\/image\/","url":"https:\/\/dicodusport.fr\/blog\/wp-content\/uploads\/2021\/05\/Nicolas-Jacquemard-150x150.jpeg","contentUrl":"https:\/\/dicodusport.fr\/blog\/wp-content\/uploads\/2021\/05\/Nicolas-Jacquemard-150x150.jpeg","caption":"Nicolas Jacquemard"},"description":"Passionn\u00e9 de sport et entrepreneur depuis mes 18 ans, la cr\u00e9ation de Dicodusport m'a sembl\u00e9 \u00e9vidente pour participer \u00e0 la m\u00e9diatisation d'un plus grand nombre de sports. Le chemin est long mais avec une \u00e9quipe des plus motiv\u00e9es et les Jeux Olympiques de Paris 2024 en point de mire, nous y arriverons ! Journaliste dans le monde du sport depuis plus de 5 ans, je traite aussi bien de football, de rugby, de biathlon que de cyclisme.","sameAs":["https:\/\/www.facebook.com\/dicodusport","https:\/\/x.com\/https:\/\/twitter.com\/Nico_Jacquemard"],"url":"https:\/\/dicodusport.fr\/blog\/author\/dicodusport\/"}]}},"_links":{"self":[{"href":"https:\/\/dicodusport.fr\/blog\/wp-json\/wp\/v2\/posts\/421854","targetHints":{"allow":["GET"]}}],"collection":[{"href":"https:\/\/dicodusport.fr\/blog\/wp-json\/wp\/v2\/posts"}],"about":[{"href":"https:\/\/dicodusport.fr\/blog\/wp-json\/wp\/v2\/types\/post"}],"author":[{"embeddable":true,"href":"https:\/\/dicodusport.fr\/blog\/wp-json\/wp\/v2\/users\/1"}],"replies":[{"embeddable":true,"href":"https:\/\/dicodusport.fr\/blog\/wp-json\/wp\/v2\/comments?post=421854"}],"version-history":[{"count":0,"href":"https:\/\/dicodusport.fr\/blog\/wp-json\/wp\/v2\/posts\/421854\/revisions"}],"wp:featuredmedia":[{"embeddable":true,"href":"https:\/\/dicodusport.fr\/blog\/wp-json\/wp\/v2\/media\/411527"}],"wp:attachment":[{"href":"https:\/\/dicodusport.fr\/blog\/wp-json\/wp\/v2\/media?parent=421854"}],"wp:term":[{"taxonomy":"category","embeddable":true,"href":"https:\/\/dicodusport.fr\/blog\/wp-json\/wp\/v2\/categories?post=421854"},{"taxonomy":"post_tag","embeddable":true,"href":"https:\/\/dicodusport.fr\/blog\/wp-json\/wp\/v2\/tags?post=421854"}],"curies":[{"name":"wp","href":"https:\/\/api.w.org\/{rel}","templated":true}]}}