{"id":422236,"date":"2023-09-24T18:32:06","date_gmt":"2023-09-24T16:32:06","guid":{"rendered":"https:\/\/dicodusport.fr\/blog\/?p=422236&#038;preview=true&#038;preview_id=422236"},"modified":"2023-09-24T22:17:50","modified_gmt":"2023-09-24T20:17:50","slug":"makenson-gletty-remporte-le-decastar-2023-et-explose-son-record","status":"publish","type":"post","link":"https:\/\/dicodusport.fr\/blog\/makenson-gletty-remporte-le-decastar-2023-et-explose-son-record\/","title":{"rendered":"Makenson Gletty remporte le D\u00e9castar 2023 et explose son record"},"content":{"rendered":"<p style=\"text-align: justify;\"><b><i>D\u00c9CASTAR 2023 &#8211; Makenson Gletty n&rsquo;a jamais perdu sa premi\u00e8re place et remporte le D\u00e9castar. Avec un nouveau record personnel en prime.<br \/>\n<\/i><\/b><\/p>\n<p style=\"text-align: justify;\">Pour d\u00e9buter la journ\u00e9e, <strong>Makenson Gletty<\/strong> s&rsquo;est impos\u00e9 sur le<strong> 110 m haies<\/strong>, avec la meilleure marque sur l&rsquo;ensemble des deux s\u00e9ries. Il s&rsquo;impose en 14.01, en \u00e9tant revenu sur Devon Williams \u00e0 la 6e haie, avec un l\u00e9ger vent de face.<\/p>\n<blockquote class=\"twitter-tweet\">\n<p dir=\"ltr\" lang=\"fr\">\ud83d\udea7 Pour la seconde session du 110m Haies Hommes, c\u2019est le fran\u00e7ais Makenson Gletty qui remporte la courses f\u00e9licitations \u00e0 lui ! \ud83c\uddeb\ud83c\uddf7<a href=\"https:\/\/twitter.com\/hashtag\/decastar?src=hash&amp;ref_src=twsrc%5Etfw\">#decastar<\/a> <a href=\"https:\/\/twitter.com\/hashtag\/decathlon?src=hash&amp;ref_src=twsrc%5Etfw\">#decathlon<\/a> <a href=\"https:\/\/twitter.com\/hashtag\/athletisme?src=hash&amp;ref_src=twsrc%5Etfw\">#athletisme<\/a> <a href=\"https:\/\/twitter.com\/hashtag\/decastar2023?src=hash&amp;ref_src=twsrc%5Etfw\">#decastar2023<\/a> <a href=\"https:\/\/t.co\/lWPTKIrXQo\">pic.twitter.com\/lWPTKIrXQo<\/a><\/p>\n<p>\u2014 D\u00e9castar (@decastar_off) <a href=\"https:\/\/twitter.com\/decastar_off\/status\/1705853164522557569?ref_src=twsrc%5Etfw\">September 24, 2023<\/a><\/p><\/blockquote>\n<p style=\"text-align: justify;\"><script async src=\"https:\/\/platform.twitter.com\/widgets.js\" charset=\"utf-8\"><\/script><\/p>\n<p style=\"text-align: justify;\">4e apr\u00e8s les haies, l&rsquo;Am\u00e9ricain <strong>Devon Williams<\/strong> a malheureusement pour lui fait un 0 au disque. Mais il a continu\u00e9 son d\u00e9ca. Pour sa part, <strong>Lindon Victor<\/strong> est remont\u00e9 \u00e0 la 3e place en remportant l&rsquo;\u00e9preuve avec un jet \u00e0 48.74 m \u00e0 son deuxi\u00e8me essai. <strong>Makenson Gletty<\/strong> quant \u00e0 lui a perdu quelques points par rapport \u00e0 ses meilleures performances. Il r\u00e9alise 41.67 m \u00e0 son dernier essai mais est tout de m\u00eame rest\u00e9 en t\u00eate du d\u00e9cathlon.<\/p>\n<h2 style=\"text-align: justify;\">Les perf&rsquo; fran\u00e7aises \u00e0 la perche<\/h2>\n<p style=\"text-align: justify;\">Tr\u00e8s bon d\u00e9part \u00e0 la perche pour Gletty puisqu&rsquo;il passe 4.67 m \u00e0 son premier essai et 4.77 m \u00e0 son second. M\u00eame hauteur que lors des championnats de France mais 3 cm en dessous du D\u00e9castar 2022. Et il ne comptait pas s&rsquo;arr\u00eater l\u00e0 ! Il fait un tr\u00e8s bon saut \u00e0 son 2e essai \u00e0 4.87 m pour continuer \u00e0 prendre des points. \u00c0 avoir d\u00e9j\u00e0 saut\u00e9, ils n&rsquo;\u00e9taient que 4 \u00e0 avoir franchi cette barre : Kopecky, Hauttekeete, Pittomvils et Gletty. Tandis que <strong>Baptiste Thiery<\/strong> et<strong> Thomas Van Der Plaesten<\/strong> n&rsquo;avaient pas commenc\u00e9 leur concours.<\/p>\n<p style=\"text-align: justify;\">Le Fran\u00e7ais a bien pris ses marques et a parfaitement franchi 4.97 d\u00e8s son premier essai ! <strong>Nouveau record personnel<\/strong> battu (de 7 cm). \u00c7a bouge pour Kopecky mais il passe \u00e0 son 3e essai. \u00c7a passe au premier pour Hauttekeete et Van Der Plaesten \u00e0 qui il a fallu un saut de r\u00e9glage pour passer \u00e0 son 2e essai.<\/p>\n<p style=\"text-align: justify;\"><strong>Makenson Gletty<\/strong> battra pour la <strong>2e fois son record personnel<\/strong> en franchissant <strong>5.07 m<\/strong> ! Pour la premi\u00e8re fois de sa carri\u00e8re il passe les 5 m et quelle occasion pour le faire ! Alors qu&rsquo;il avait eu du mal \u00e0 finir son 2e saut, il passera \u00e0 son 3e essai. Les points perdus au disque ont largement \u00e9t\u00e9 rattrap\u00e9s ! Il \u00e9chouera \u00e0 5.17 m. Kopecky et Hauttekeete n&rsquo;ont pas r\u00e9ussi \u00e0 passer 5.07 m.<\/p>\n<p style=\"text-align: justify;\"><strong>Baptiste Thiery<\/strong> a alors fait son entr\u00e9e \u00e0 5.17 m, pass\u00e9 \u00e0 son premier essai, tout comme <strong>Van Der Plaesten<\/strong>. Le Belge franchira 5.27 m alors que le Fran\u00e7ais a fait l&rsquo;impasse. Avec un vent favorable, Thiery passera 5.37 m \u00e0 son 3e essai tandis que Van Der Plaesten s&rsquo;arr\u00eatera l\u00e0, pour sa meilleure performance de la saison. Et pour finir, Thiery ne passera pas \u00e0 5.47 m o\u00f9 la barre a boug\u00e9 et fini par tomber, \u00e0 deux reprises. Il y avait de la d\u00e9ception dans les propos d&rsquo;apr\u00e8s concours pour le Fran\u00e7ais puisque la perche est sa sp\u00e9cialit\u00e9. Mais d\u00e9ception \u00e0 remettre en perspective puisque la perche intervient apr\u00e8s 7 \u00e9preuves et qu&rsquo;il a d\u00fb attendre pr\u00e8s de 2h pour rentrer dans le concours. Et surtout qu&rsquo;il \u00e9tait toujours en avance sur son record personnel.<\/p>\n<blockquote class=\"twitter-tweet\">\n<p dir=\"ltr\" lang=\"fr\">Et \u00e7a continue !! Il passe la barre des 5m avec 5.07 m !!! <a href=\"https:\/\/twitter.com\/hashtag\/Decastar?src=hash&amp;ref_src=twsrc%5Etfw\">#Decastar<\/a> <a href=\"https:\/\/twitter.com\/hashtag\/D%C3%A9castar2023?src=hash&amp;ref_src=twsrc%5Etfw\">#D\u00e9castar2023<\/a> <a href=\"https:\/\/t.co\/4g792mikTl\">pic.twitter.com\/4g792mikTl<\/a><\/p>\n<p>\u2014 \u2b50 Dedette \u0646 (@Shiclette94) <a href=\"https:\/\/twitter.com\/Shiclette94\/status\/1705929011887575459?ref_src=twsrc%5Etfw\">September 24, 2023<\/a><\/p><\/blockquote>\n<p style=\"text-align: justify;\"><script async src=\"https:\/\/platform.twitter.com\/widgets.js\" charset=\"utf-8\"><\/script><\/p>\n<h2>\u00c0 17 points des minima<\/h2>\n<p style=\"text-align: justify;\">Apr\u00e8s l&rsquo;euphorie de la perche, le souffl\u00e9 est retomb\u00e9 au<strong> lancer du javelot<\/strong>. En effet, alors qu&rsquo;il a un record \u00e0 61.64 m et qu&rsquo;il avait notamment lanc\u00e9 \u00e0 61.47 m aux Championnats de France, Makenson Gletty a lanc\u00e9 \u00e0 59.77 m aujourd&rsquo;hui. Si \u00e7a reste un bon r\u00e9sultat pour lui (3e meilleure performance), quelques centim\u00e8tres auraient \u00e9t\u00e9 bienvenus pour entamer le 1500 m plus sereinement pour aller chercher les <a title=\"Athl\u00e9tisme : Les minima pour les Jeux Olympiques de Paris 2024\" href=\"https:\/\/dicodusport.fr\/blog\/athletisme-les-minima-pour-les-jeux-olympiques-de-paris-2024\/\" target=\"_blank\" rel=\"noopener\"><strong>minima pour les Jeux olympiques<\/strong><\/a>.<\/p>\n<p style=\"text-align: justify;\">Au <strong>1500 m<\/strong>, Eitel est parti devant et Devon Williams a pris les commandes apr\u00e8s 300 m. Acc\u00e9l\u00e9ration apr\u00e8s 500 m alors que Williams et Gletty avaient pris de l&rsquo;avance. <strong>Jente Hauttekeete<\/strong> a alors pris le relais de l&rsquo;Am\u00e9ricain pour emmener Gletty. Il a relanc\u00e9 \u00e0 500 m de l&rsquo;arriv\u00e9e. Et comme il sait si bien le faire, Gletty a acc\u00e9l\u00e9r\u00e9 dans les derniers 200 m\u00e8tres pour aller chercher la victoire. Il tout donn\u00e9 dans la derni\u00e8re ligne droite pour aller chercher un gros chrono et ne pourra rien se reprocher sur cette course. Il termine en <strong>4:27.46<\/strong>. Encore un <strong>record battu<\/strong> d&rsquo;une seconde vingt centi\u00e8mes. Il totalise donc <strong>8443 points<\/strong>. \u00c0 17 points des 8460 points n\u00e9cessaires pour les Jeux olympiques. Record abaiss\u00e9 de 164 points par rapport aux Championnats de France.<\/p>\n<p style=\"text-align: justify;\">Alors oui il peut y avoir une petite d\u00e9ception sur ces 17 points. Mais il faut surtout retenir qu&rsquo;il bat une nouvelle fois son record. Et qu&rsquo;il s&rsquo;approche de cette barre des 8460 points. Il aura <strong>battu 4 records personnels<\/strong> et r\u00e9alis\u00e9 sa<strong> meilleure performance de la saison sur 3 autres<\/strong>. Il n&rsquo;y a que les haies, le disque et le javelot qui lui auront donc r\u00e9sist\u00e9. Et surtout, il remporte le <strong>D\u00e9castar<\/strong>, \u00e9preuve labellis\u00e9e <em>gold<\/em> sur le circuit. Ce qui lui fera gagner pas mal de points au classement mondial. Pour \u00e9viter de revivre la m\u00eame m\u00e9saventure que pour Budapest. \u00c0 l&rsquo;\u00e9chelle nationale, il devient le <strong>6e meilleur performeur de tous les temps<\/strong>. G\u00e9ant.<\/p>\n<blockquote class=\"twitter-tweet\">\n<p dir=\"ltr\" lang=\"fr\">\ud83c\udfc3C\u2019est la fin du d\u00e9cathlon !<\/p>\n<p>Bravo \u00e0 Makenson Gletty \ud83c\uddeb\ud83c\uddf7, qui arrive premier de la course du 1500m et qui remporte aussi le d\u00e9cathlon du D\u00e9castar 2023, avec un total de 8443 points \ud83d\udd25<\/p>\n<p>Record personnel battu, f\u00e9licitations \u2728<a href=\"https:\/\/twitter.com\/hashtag\/decastar?src=hash&amp;ref_src=twsrc%5Etfw\">#decastar<\/a> <a href=\"https:\/\/twitter.com\/hashtag\/decathlon?src=hash&amp;ref_src=twsrc%5Etfw\">#decathlon<\/a> <a href=\"https:\/\/twitter.com\/hashtag\/athletisme?src=hash&amp;ref_src=twsrc%5Etfw\">#athletisme<\/a> <a href=\"https:\/\/twitter.com\/hashtag\/decastar2023?src=hash&amp;ref_src=twsrc%5Etfw\">#decastar2023<\/a> <a href=\"https:\/\/t.co\/0AEww2e6Rc\">pic.twitter.com\/0AEww2e6Rc<\/a><\/p>\n<p>\u2014 D\u00e9castar (@decastar_off) <a href=\"https:\/\/twitter.com\/decastar_off\/status\/1705980908501631454?ref_src=twsrc%5Etfw\">September 24, 2023<\/a><\/p><\/blockquote>\n<p><script async src=\"https:\/\/platform.twitter.com\/widgets.js\" charset=\"utf-8\"><\/script><\/p>\n<p style=\"text-align: justify;\"><strong>Manuel Eitel<\/strong> termine deuxi\u00e8me avec 8193 points, exactement le m\u00eame total et la m\u00eame place que l&rsquo;ann\u00e9e derni\u00e8re ! Tenant du titre, <strong>Lindon Victor<\/strong> termine cette fois 3e avec 7980 points. Malgr\u00e9 les crampes, il a tenu \u00e0 terminer le 1500 m. Le <strong>m\u00e9daill\u00e9 de bronze<\/strong> de Budapest \u00e9tait fatigu\u00e9 apr\u00e8s ses Mondiaux et pas dans la meilleure forme. Mais il a tenu \u00e0 venir \u00e0 Talence.<\/p>\n<h2>Baptiste Thiery 4e<\/h2>\n<p style=\"text-align: justify;\">Au <strong>javelot<\/strong>, <strong>Baptiste Thiery<\/strong> a r\u00e9alis\u00e9 51.49 m. Ce qui lui a fait perdre quelques points. Au <strong>1500 m<\/strong>, il termine 3e en 4:35.34. Pour son <strong>premier D\u00e9castar, il termine donc 4e avec 7951 points<\/strong>. Pour son 6e d\u00e9cathlon en carri\u00e8re, c&rsquo;est sa 3e meilleure performance. Cette saison, il s&rsquo;\u00e9tait focalis\u00e9 sur la perche et n&rsquo;avait donc concourru dans aucune autre \u00e9preuve.<\/p>\n<p style=\"text-align: justify;\">Victime d&rsquo;une fracture de fatigue, <strong>Ruben Gado<\/strong> avait abandonn\u00e9 apr\u00e8s la hauteur. De son c\u00f4t\u00e9, apr\u00e8s la hauteur, <strong>Basile Rolnin<\/strong> n&rsquo;a particip\u00e9 qu&rsquo;au disque aujourd&rsquo;hui (47.18 m).<\/p>\n<ul>\n<li style=\"text-align: justify;\"><strong>\u00c0 lire aussi : <a title=\"D\u00e9castar 2023 : Programme, classement et r\u00e9sultats\" href=\"https:\/\/dicodusport.fr\/blog\/decastar-2023-programme-et-resultats\/\" target=\"_blank\" rel=\"noopener\">Le classement du d\u00e9cathlon du D\u00e9castar 2023<\/a><\/strong><\/li>\n<\/ul>\n","protected":false},"excerpt":{"rendered":"<p>D\u00c9CASTAR 2023 &#8211; Makenson Gletty n&rsquo;a jamais perdu sa premi\u00e8re place et remporte le D\u00e9castar. Avec un nouveau record personnel en prime.<\/p>\n","protected":false},"author":12,"featured_media":422499,"comment_status":"open","ping_status":"closed","sticky":false,"template":"","format":"standard","meta":{"_acf_changed":false,"_daextam_enable_autolinks":"","footnotes":""},"categories":[2308],"tags":[17964,16878,17928],"class_list":["post-422236","post","type-post","status-publish","format-standard","has-post-thumbnail","hentry","category-athletisme","tag-baptiste-thiery","tag-breve","tag-makenson-gletty"],"acf":[],"yoast_head":"<!-- This site is optimized with the Yoast SEO Premium plugin v26.7 (Yoast SEO v26.7) - https:\/\/yoast.com\/wordpress\/plugins\/seo\/ -->\n<title>Athl\u00e9tisme - Makenson Gletty remporte le D\u00e9castar 2023 et explose son record - Dicodusport<\/title>\n<meta name=\"description\" content=\"D\u00c9CASTAR 2023 - Makenson Gletty n&#039;a jamais perdu sa premi\u00e8re place et remporte le D\u00e9castar. Avec un nouveau record personnel en prime.\" \/>\n<meta name=\"robots\" content=\"index, follow, max-snippet:-1, max-image-preview:large, max-video-preview:-1\" \/>\n<link rel=\"canonical\" href=\"https:\/\/dicodusport.fr\/blog\/makenson-gletty-remporte-le-decastar-2023-et-explose-son-record\/\" \/>\n<meta property=\"og:locale\" content=\"fr_FR\" \/>\n<meta property=\"og:type\" content=\"article\" \/>\n<meta property=\"og:title\" content=\"Makenson Gletty remporte le D\u00e9castar 2023 et explose son record\" \/>\n<meta property=\"og:description\" content=\"D\u00c9CASTAR 2023 - Makenson Gletty n&#039;a jamais perdu sa premi\u00e8re place et remporte le D\u00e9castar. Avec un nouveau record personnel en prime.\" \/>\n<meta property=\"og:url\" content=\"https:\/\/dicodusport.fr\/blog\/makenson-gletty-remporte-le-decastar-2023-et-explose-son-record\/\" \/>\n<meta property=\"og:site_name\" content=\"Dicodusport\" \/>\n<meta property=\"article:publisher\" content=\"https:\/\/www.facebook.com\/dicodusport\" \/>\n<meta property=\"article:published_time\" content=\"2023-09-24T16:32:06+00:00\" \/>\n<meta property=\"article:modified_time\" content=\"2023-09-24T20:17:50+00:00\" \/>\n<meta property=\"og:image\" content=\"https:\/\/dicodusport.fr\/blog\/wp-content\/uploads\/2023\/09\/Makenson-Gletty-remporte-le-Decastar-2023-et-explose-son-record.png\" \/>\n\t<meta property=\"og:image:width\" content=\"800\" \/>\n\t<meta property=\"og:image:height\" content=\"445\" \/>\n\t<meta property=\"og:image:type\" content=\"image\/png\" \/>\n<meta name=\"author\" content=\"Arlette Yeye\" \/>\n<meta name=\"twitter:card\" content=\"summary_large_image\" \/>\n<meta name=\"twitter:title\" content=\"Makenson Gletty remporte le D\u00e9castar 2023 et explose son record\" \/>\n<meta name=\"twitter:creator\" content=\"@https:\/\/twitter.com\/Shiclette94\" \/>\n<meta name=\"twitter:site\" content=\"@dicodusport\" \/>\n<script type=\"application\/ld+json\" class=\"yoast-schema-graph\">{\"@context\":\"https:\/\/schema.org\",\"@graph\":[{\"@type\":\"NewsArticle\",\"@id\":\"https:\/\/dicodusport.fr\/blog\/makenson-gletty-remporte-le-decastar-2023-et-explose-son-record\/#article\",\"isPartOf\":{\"@id\":\"https:\/\/dicodusport.fr\/blog\/makenson-gletty-remporte-le-decastar-2023-et-explose-son-record\/\"},\"author\":{\"name\":\"Arlette Yeye\",\"@id\":\"https:\/\/dicodusport.fr\/blog\/#\/schema\/person\/cce96fa88785bd8573e3d43078ac8c79\"},\"headline\":\"Makenson Gletty remporte le D\u00e9castar 2023 et explose son record\",\"datePublished\":\"2023-09-24T16:32:06+00:00\",\"dateModified\":\"2023-09-24T20:17:50+00:00\",\"mainEntityOfPage\":{\"@id\":\"https:\/\/dicodusport.fr\/blog\/makenson-gletty-remporte-le-decastar-2023-et-explose-son-record\/\"},\"wordCount\":1156,\"commentCount\":0,\"publisher\":{\"@id\":\"https:\/\/dicodusport.fr\/blog\/#organization\"},\"image\":{\"@id\":\"https:\/\/dicodusport.fr\/blog\/makenson-gletty-remporte-le-decastar-2023-et-explose-son-record\/#primaryimage\"},\"thumbnailUrl\":\"https:\/\/dicodusport.fr\/blog\/wp-content\/uploads\/2023\/09\/Makenson-Gletty-remporte-le-Decastar-2023-et-explose-son-record.png\",\"keywords\":[\"Baptiste Thiery\",\"br\u00e8ve\",\"Makenson Gletty\"],\"articleSection\":[\"Athl\u00e9tisme\"],\"inLanguage\":\"fr-FR\",\"potentialAction\":[{\"@type\":\"CommentAction\",\"name\":\"Comment\",\"target\":[\"https:\/\/dicodusport.fr\/blog\/makenson-gletty-remporte-le-decastar-2023-et-explose-son-record\/#respond\"]}],\"copyrightYear\":\"2023\",\"copyrightHolder\":{\"@id\":\"https:\/\/dicodusport.fr\/blog\/#organization\"}},{\"@type\":\"WebPage\",\"@id\":\"https:\/\/dicodusport.fr\/blog\/makenson-gletty-remporte-le-decastar-2023-et-explose-son-record\/\",\"url\":\"https:\/\/dicodusport.fr\/blog\/makenson-gletty-remporte-le-decastar-2023-et-explose-son-record\/\",\"name\":\"Athl\u00e9tisme - Makenson Gletty remporte le D\u00e9castar 2023 et explose son record - Dicodusport\",\"isPartOf\":{\"@id\":\"https:\/\/dicodusport.fr\/blog\/#website\"},\"primaryImageOfPage\":{\"@id\":\"https:\/\/dicodusport.fr\/blog\/makenson-gletty-remporte-le-decastar-2023-et-explose-son-record\/#primaryimage\"},\"image\":{\"@id\":\"https:\/\/dicodusport.fr\/blog\/makenson-gletty-remporte-le-decastar-2023-et-explose-son-record\/#primaryimage\"},\"thumbnailUrl\":\"https:\/\/dicodusport.fr\/blog\/wp-content\/uploads\/2023\/09\/Makenson-Gletty-remporte-le-Decastar-2023-et-explose-son-record.png\",\"datePublished\":\"2023-09-24T16:32:06+00:00\",\"dateModified\":\"2023-09-24T20:17:50+00:00\",\"description\":\"D\u00c9CASTAR 2023 - Makenson Gletty n'a jamais perdu sa premi\u00e8re place et remporte le D\u00e9castar. Avec un nouveau record personnel en prime.\",\"breadcrumb\":{\"@id\":\"https:\/\/dicodusport.fr\/blog\/makenson-gletty-remporte-le-decastar-2023-et-explose-son-record\/#breadcrumb\"},\"inLanguage\":\"fr-FR\",\"potentialAction\":[{\"@type\":\"ReadAction\",\"target\":[\"https:\/\/dicodusport.fr\/blog\/makenson-gletty-remporte-le-decastar-2023-et-explose-son-record\/\"]}]},{\"@type\":\"ImageObject\",\"inLanguage\":\"fr-FR\",\"@id\":\"https:\/\/dicodusport.fr\/blog\/makenson-gletty-remporte-le-decastar-2023-et-explose-son-record\/#primaryimage\",\"url\":\"https:\/\/dicodusport.fr\/blog\/wp-content\/uploads\/2023\/09\/Makenson-Gletty-remporte-le-Decastar-2023-et-explose-son-record.png\",\"contentUrl\":\"https:\/\/dicodusport.fr\/blog\/wp-content\/uploads\/2023\/09\/Makenson-Gletty-remporte-le-Decastar-2023-et-explose-son-record.png\",\"width\":800,\"height\":445,\"caption\":\"Makenson Gletty remporte le D\u00e9castar 2023 et explose son record\"},{\"@type\":\"BreadcrumbList\",\"@id\":\"https:\/\/dicodusport.fr\/blog\/makenson-gletty-remporte-le-decastar-2023-et-explose-son-record\/#breadcrumb\",\"itemListElement\":[{\"@type\":\"ListItem\",\"position\":1,\"name\":\"Accueil\",\"item\":\"https:\/\/dicodusport.fr\/blog\/\"},{\"@type\":\"ListItem\",\"position\":2,\"name\":\"Makenson Gletty remporte le D\u00e9castar 2023 et explose son record\"}]},{\"@type\":\"WebSite\",\"@id\":\"https:\/\/dicodusport.fr\/blog\/#website\",\"url\":\"https:\/\/dicodusport.fr\/blog\/\",\"name\":\"Dicodusport\",\"description\":\"L&#039;encyclop\u00e9die de l&#039;actualit\u00e9 sportive\",\"publisher\":{\"@id\":\"https:\/\/dicodusport.fr\/blog\/#organization\"},\"potentialAction\":[{\"@type\":\"SearchAction\",\"target\":{\"@type\":\"EntryPoint\",\"urlTemplate\":\"https:\/\/dicodusport.fr\/blog\/?s={search_term_string}\"},\"query-input\":{\"@type\":\"PropertyValueSpecification\",\"valueRequired\":true,\"valueName\":\"search_term_string\"}}],\"inLanguage\":\"fr-FR\"},{\"@type\":\"NewsMediaOrganization\",\"@id\":\"https:\/\/dicodusport.fr\/blog\/#organization\",\"name\":\"Dicodusport\",\"url\":\"https:\/\/dicodusport.fr\/blog\/\",\"logo\":{\"@type\":\"ImageObject\",\"inLanguage\":\"fr-FR\",\"@id\":\"https:\/\/dicodusport.fr\/blog\/#\/schema\/logo\/image\/\",\"url\":\"https:\/\/dicodusport.fr\/blog\/wp-content\/uploads\/2020\/06\/cropped-LOGO-DICODUSPORT-2020-SANS-FOND-SANS-TEXTE.png\",\"contentUrl\":\"https:\/\/dicodusport.fr\/blog\/wp-content\/uploads\/2020\/06\/cropped-LOGO-DICODUSPORT-2020-SANS-FOND-SANS-TEXTE.png\",\"width\":512,\"height\":512,\"caption\":\"Dicodusport\"},\"image\":{\"@id\":\"https:\/\/dicodusport.fr\/blog\/#\/schema\/logo\/image\/\"},\"sameAs\":[\"https:\/\/www.facebook.com\/dicodusport\",\"https:\/\/x.com\/dicodusport\",\"https:\/\/www.instagram.com\/dicodusport\/\",\"https:\/\/www.youtube.com\/channel\/UC7V2KZ5sd3htJivAbA4ZG3w\"],\"description\":\"Dicodusport est l'encyclop\u00e9die de l'actualit\u00e9 sportive.\",\"email\":\"bonjour@dicodusport.fr\",\"legalName\":\"DICODUSPORT\",\"foundingDate\":\"2018-01-14\",\"vatID\":\"FR71834470973\",\"taxID\":\"83447097300043\",\"numberOfEmployees\":{\"@type\":\"QuantitativeValue\",\"minValue\":\"1\",\"maxValue\":\"10\"}},{\"@type\":\"Person\",\"@id\":\"https:\/\/dicodusport.fr\/blog\/#\/schema\/person\/cce96fa88785bd8573e3d43078ac8c79\",\"name\":\"Arlette Yeye\",\"image\":{\"@type\":\"ImageObject\",\"inLanguage\":\"fr-FR\",\"@id\":\"https:\/\/dicodusport.fr\/blog\/#\/schema\/person\/image\/\",\"url\":\"https:\/\/secure.gravatar.com\/avatar\/dca4a6239e6d708e46c45d60e160de6c?s=96&d=wp_user_avatar&r=g\",\"contentUrl\":\"https:\/\/secure.gravatar.com\/avatar\/dca4a6239e6d708e46c45d60e160de6c?s=96&d=wp_user_avatar&r=g\",\"caption\":\"Arlette Yeye\"},\"description\":\"Journaliste\/r\u00e9dactrice depuis septembre 2015 - Supportrice de Chelsea, j'ai pour sports de pr\u00e9dilection le handball, l'athl\u00e9tisme et le tennis. Si je tweete plus vite que mon ombre, vous pouvez aussi me retrouver les week-ends sur les playgrounds de Bruxelles pour un petit foot ou basket entre potes. Parcourir la France, l'Europe et plus si affinit\u00e9s pour suivre mes sportifs pr\u00e9f\u00e9r\u00e9s ? Mon kif ! Et c'est avec plaisir que je partage les r\u00e9sultats des sports populaires mais \u00e9galement plus confidentiels pour Dicodusport.\",\"sameAs\":[\"https:\/\/x.com\/https:\/\/twitter.com\/Shiclette94\"],\"url\":\"https:\/\/dicodusport.fr\/blog\/author\/arlette\/\"}]}<\/script>\n<!-- \/ Yoast SEO Premium plugin. -->","yoast_head_json":{"title":"Athl\u00e9tisme - Makenson Gletty remporte le D\u00e9castar 2023 et explose son record - Dicodusport","description":"D\u00c9CASTAR 2023 - Makenson Gletty n'a jamais perdu sa premi\u00e8re place et remporte le D\u00e9castar. Avec un nouveau record personnel en prime.","robots":{"index":"index","follow":"follow","max-snippet":"max-snippet:-1","max-image-preview":"max-image-preview:large","max-video-preview":"max-video-preview:-1"},"canonical":"https:\/\/dicodusport.fr\/blog\/makenson-gletty-remporte-le-decastar-2023-et-explose-son-record\/","og_locale":"fr_FR","og_type":"article","og_title":"Makenson Gletty remporte le D\u00e9castar 2023 et explose son record","og_description":"D\u00c9CASTAR 2023 - Makenson Gletty n'a jamais perdu sa premi\u00e8re place et remporte le D\u00e9castar. Avec un nouveau record personnel en prime.","og_url":"https:\/\/dicodusport.fr\/blog\/makenson-gletty-remporte-le-decastar-2023-et-explose-son-record\/","og_site_name":"Dicodusport","article_publisher":"https:\/\/www.facebook.com\/dicodusport","article_published_time":"2023-09-24T16:32:06+00:00","article_modified_time":"2023-09-24T20:17:50+00:00","og_image":[{"width":800,"height":445,"url":"https:\/\/dicodusport.fr\/blog\/wp-content\/uploads\/2023\/09\/Makenson-Gletty-remporte-le-Decastar-2023-et-explose-son-record.png","type":"image\/png"}],"author":"Arlette Yeye","twitter_card":"summary_large_image","twitter_title":"Makenson Gletty remporte le D\u00e9castar 2023 et explose son record","twitter_creator":"@https:\/\/twitter.com\/Shiclette94","twitter_site":"@dicodusport","schema":{"@context":"https:\/\/schema.org","@graph":[{"@type":"NewsArticle","@id":"https:\/\/dicodusport.fr\/blog\/makenson-gletty-remporte-le-decastar-2023-et-explose-son-record\/#article","isPartOf":{"@id":"https:\/\/dicodusport.fr\/blog\/makenson-gletty-remporte-le-decastar-2023-et-explose-son-record\/"},"author":{"name":"Arlette Yeye","@id":"https:\/\/dicodusport.fr\/blog\/#\/schema\/person\/cce96fa88785bd8573e3d43078ac8c79"},"headline":"Makenson Gletty remporte le D\u00e9castar 2023 et explose son record","datePublished":"2023-09-24T16:32:06+00:00","dateModified":"2023-09-24T20:17:50+00:00","mainEntityOfPage":{"@id":"https:\/\/dicodusport.fr\/blog\/makenson-gletty-remporte-le-decastar-2023-et-explose-son-record\/"},"wordCount":1156,"commentCount":0,"publisher":{"@id":"https:\/\/dicodusport.fr\/blog\/#organization"},"image":{"@id":"https:\/\/dicodusport.fr\/blog\/makenson-gletty-remporte-le-decastar-2023-et-explose-son-record\/#primaryimage"},"thumbnailUrl":"https:\/\/dicodusport.fr\/blog\/wp-content\/uploads\/2023\/09\/Makenson-Gletty-remporte-le-Decastar-2023-et-explose-son-record.png","keywords":["Baptiste Thiery","br\u00e8ve","Makenson Gletty"],"articleSection":["Athl\u00e9tisme"],"inLanguage":"fr-FR","potentialAction":[{"@type":"CommentAction","name":"Comment","target":["https:\/\/dicodusport.fr\/blog\/makenson-gletty-remporte-le-decastar-2023-et-explose-son-record\/#respond"]}],"copyrightYear":"2023","copyrightHolder":{"@id":"https:\/\/dicodusport.fr\/blog\/#organization"}},{"@type":"WebPage","@id":"https:\/\/dicodusport.fr\/blog\/makenson-gletty-remporte-le-decastar-2023-et-explose-son-record\/","url":"https:\/\/dicodusport.fr\/blog\/makenson-gletty-remporte-le-decastar-2023-et-explose-son-record\/","name":"Athl\u00e9tisme - Makenson Gletty remporte le D\u00e9castar 2023 et explose son record - Dicodusport","isPartOf":{"@id":"https:\/\/dicodusport.fr\/blog\/#website"},"primaryImageOfPage":{"@id":"https:\/\/dicodusport.fr\/blog\/makenson-gletty-remporte-le-decastar-2023-et-explose-son-record\/#primaryimage"},"image":{"@id":"https:\/\/dicodusport.fr\/blog\/makenson-gletty-remporte-le-decastar-2023-et-explose-son-record\/#primaryimage"},"thumbnailUrl":"https:\/\/dicodusport.fr\/blog\/wp-content\/uploads\/2023\/09\/Makenson-Gletty-remporte-le-Decastar-2023-et-explose-son-record.png","datePublished":"2023-09-24T16:32:06+00:00","dateModified":"2023-09-24T20:17:50+00:00","description":"D\u00c9CASTAR 2023 - Makenson Gletty n'a jamais perdu sa premi\u00e8re place et remporte le D\u00e9castar. Avec un nouveau record personnel en prime.","breadcrumb":{"@id":"https:\/\/dicodusport.fr\/blog\/makenson-gletty-remporte-le-decastar-2023-et-explose-son-record\/#breadcrumb"},"inLanguage":"fr-FR","potentialAction":[{"@type":"ReadAction","target":["https:\/\/dicodusport.fr\/blog\/makenson-gletty-remporte-le-decastar-2023-et-explose-son-record\/"]}]},{"@type":"ImageObject","inLanguage":"fr-FR","@id":"https:\/\/dicodusport.fr\/blog\/makenson-gletty-remporte-le-decastar-2023-et-explose-son-record\/#primaryimage","url":"https:\/\/dicodusport.fr\/blog\/wp-content\/uploads\/2023\/09\/Makenson-Gletty-remporte-le-Decastar-2023-et-explose-son-record.png","contentUrl":"https:\/\/dicodusport.fr\/blog\/wp-content\/uploads\/2023\/09\/Makenson-Gletty-remporte-le-Decastar-2023-et-explose-son-record.png","width":800,"height":445,"caption":"Makenson Gletty remporte le D\u00e9castar 2023 et explose son record"},{"@type":"BreadcrumbList","@id":"https:\/\/dicodusport.fr\/blog\/makenson-gletty-remporte-le-decastar-2023-et-explose-son-record\/#breadcrumb","itemListElement":[{"@type":"ListItem","position":1,"name":"Accueil","item":"https:\/\/dicodusport.fr\/blog\/"},{"@type":"ListItem","position":2,"name":"Makenson Gletty remporte le D\u00e9castar 2023 et explose son record"}]},{"@type":"WebSite","@id":"https:\/\/dicodusport.fr\/blog\/#website","url":"https:\/\/dicodusport.fr\/blog\/","name":"Dicodusport","description":"L&#039;encyclop\u00e9die de l&#039;actualit\u00e9 sportive","publisher":{"@id":"https:\/\/dicodusport.fr\/blog\/#organization"},"potentialAction":[{"@type":"SearchAction","target":{"@type":"EntryPoint","urlTemplate":"https:\/\/dicodusport.fr\/blog\/?s={search_term_string}"},"query-input":{"@type":"PropertyValueSpecification","valueRequired":true,"valueName":"search_term_string"}}],"inLanguage":"fr-FR"},{"@type":"NewsMediaOrganization","@id":"https:\/\/dicodusport.fr\/blog\/#organization","name":"Dicodusport","url":"https:\/\/dicodusport.fr\/blog\/","logo":{"@type":"ImageObject","inLanguage":"fr-FR","@id":"https:\/\/dicodusport.fr\/blog\/#\/schema\/logo\/image\/","url":"https:\/\/dicodusport.fr\/blog\/wp-content\/uploads\/2020\/06\/cropped-LOGO-DICODUSPORT-2020-SANS-FOND-SANS-TEXTE.png","contentUrl":"https:\/\/dicodusport.fr\/blog\/wp-content\/uploads\/2020\/06\/cropped-LOGO-DICODUSPORT-2020-SANS-FOND-SANS-TEXTE.png","width":512,"height":512,"caption":"Dicodusport"},"image":{"@id":"https:\/\/dicodusport.fr\/blog\/#\/schema\/logo\/image\/"},"sameAs":["https:\/\/www.facebook.com\/dicodusport","https:\/\/x.com\/dicodusport","https:\/\/www.instagram.com\/dicodusport\/","https:\/\/www.youtube.com\/channel\/UC7V2KZ5sd3htJivAbA4ZG3w"],"description":"Dicodusport est l'encyclop\u00e9die de l'actualit\u00e9 sportive.","email":"bonjour@dicodusport.fr","legalName":"DICODUSPORT","foundingDate":"2018-01-14","vatID":"FR71834470973","taxID":"83447097300043","numberOfEmployees":{"@type":"QuantitativeValue","minValue":"1","maxValue":"10"}},{"@type":"Person","@id":"https:\/\/dicodusport.fr\/blog\/#\/schema\/person\/cce96fa88785bd8573e3d43078ac8c79","name":"Arlette Yeye","image":{"@type":"ImageObject","inLanguage":"fr-FR","@id":"https:\/\/dicodusport.fr\/blog\/#\/schema\/person\/image\/","url":"https:\/\/secure.gravatar.com\/avatar\/dca4a6239e6d708e46c45d60e160de6c?s=96&d=wp_user_avatar&r=g","contentUrl":"https:\/\/secure.gravatar.com\/avatar\/dca4a6239e6d708e46c45d60e160de6c?s=96&d=wp_user_avatar&r=g","caption":"Arlette Yeye"},"description":"Journaliste\/r\u00e9dactrice depuis septembre 2015 - Supportrice de Chelsea, j'ai pour sports de pr\u00e9dilection le handball, l'athl\u00e9tisme et le tennis. Si je tweete plus vite que mon ombre, vous pouvez aussi me retrouver les week-ends sur les playgrounds de Bruxelles pour un petit foot ou basket entre potes. Parcourir la France, l'Europe et plus si affinit\u00e9s pour suivre mes sportifs pr\u00e9f\u00e9r\u00e9s ? Mon kif ! Et c'est avec plaisir que je partage les r\u00e9sultats des sports populaires mais \u00e9galement plus confidentiels pour Dicodusport.","sameAs":["https:\/\/x.com\/https:\/\/twitter.com\/Shiclette94"],"url":"https:\/\/dicodusport.fr\/blog\/author\/arlette\/"}]}},"_links":{"self":[{"href":"https:\/\/dicodusport.fr\/blog\/wp-json\/wp\/v2\/posts\/422236","targetHints":{"allow":["GET"]}}],"collection":[{"href":"https:\/\/dicodusport.fr\/blog\/wp-json\/wp\/v2\/posts"}],"about":[{"href":"https:\/\/dicodusport.fr\/blog\/wp-json\/wp\/v2\/types\/post"}],"author":[{"embeddable":true,"href":"https:\/\/dicodusport.fr\/blog\/wp-json\/wp\/v2\/users\/12"}],"replies":[{"embeddable":true,"href":"https:\/\/dicodusport.fr\/blog\/wp-json\/wp\/v2\/comments?post=422236"}],"version-history":[{"count":0,"href":"https:\/\/dicodusport.fr\/blog\/wp-json\/wp\/v2\/posts\/422236\/revisions"}],"wp:featuredmedia":[{"embeddable":true,"href":"https:\/\/dicodusport.fr\/blog\/wp-json\/wp\/v2\/media\/422499"}],"wp:attachment":[{"href":"https:\/\/dicodusport.fr\/blog\/wp-json\/wp\/v2\/media?parent=422236"}],"wp:term":[{"taxonomy":"category","embeddable":true,"href":"https:\/\/dicodusport.fr\/blog\/wp-json\/wp\/v2\/categories?post=422236"},{"taxonomy":"post_tag","embeddable":true,"href":"https:\/\/dicodusport.fr\/blog\/wp-json\/wp\/v2\/tags?post=422236"}],"curies":[{"name":"wp","href":"https:\/\/api.w.org\/{rel}","templated":true}]}}