{"id":422311,"date":"2023-09-24T12:47:30","date_gmt":"2023-09-24T10:47:30","guid":{"rendered":"https:\/\/dicodusport.fr\/blog\/?p=422311&#038;preview=true&#038;preview_id=422311"},"modified":"2023-09-24T15:24:11","modified_gmt":"2023-09-24T13:24:11","slug":"motogp-inde-2023-fabio-quartararo-sur-le-podium-marco-bezzecchi-largement-vainqueur","status":"publish","type":"post","link":"https:\/\/dicodusport.fr\/blog\/motogp-inde-2023-fabio-quartararo-sur-le-podium-marco-bezzecchi-largement-vainqueur\/","title":{"rendered":"MotoGP Inde 2023 : Fabio Quartararo sur le podium, Marco Bezzecchi largement vainqueur"},"content":{"rendered":"<p style=\"text-align: justify;\"><a href=\"https:\/\/dicodusport.fr\/blog\/motogp-inde-2023-chaine-tv-programme-et-resultats\/\"><em><strong>MOTOGP &#8211; GRAND PRIX D&rsquo;INDE 2023<\/strong><\/em><\/a> <em>&#8211; <strong>\u00c0 l\u2019issue d\u2019une course mouvement\u00e9e, l&rsquo;Italien Marco Bezzecchi (Mooney VR46) a remport\u00e9 la course sur le circuit de Buddh \u00e0 l&rsquo;occasion du tout premier Grand Prix d&rsquo;Inde. Il devance de plus de huit secondes la Pramac Ducati de Jorge Martin et la Yamaha du Fran\u00e7ais Fabio Quartararo qui monte sur le podium ! Francesco Bagnaia est tomb\u00e9 et n&rsquo;a plus que 13 points d&rsquo;avance au championnat. L&rsquo;autre Tricolore Johann Zarco (Pramac Ducati) a termin\u00e9 6\u00e8me.<\/strong><\/em><\/p>\n<ul>\n<li style=\"text-align: justify;\"><strong>\u00c0 lire aussi &#8211;\u00a0<a href=\"https:\/\/dicodusport.fr\/blog\/motogp-classement-du-grand-prix-dinde-2023\/\">MotoGP &#8211; Classement du Grand Prix d&rsquo;Inde<\/a><\/strong><\/li>\n<\/ul>\n<p style=\"text-align: justify;\">La course a d\u00e9marr\u00e9 devant les nombreux spectateurs, sur la piste s\u00e8che et sous le ciel nuageux du circuit de Buddh. C\u2019est le tout premier Grand Prix d\u2019Inde de l\u2019histoire du MotoGP. Apr\u00e8s les qualifications d\u2019hier, nous retrouvions l\u2019Italien <strong>Marco Bezzecchi<\/strong> (Mooney VR46) en pole position, accompagn\u00e9 sur la premi\u00e8re ligne par <strong>Jorge Martin <\/strong>(Pramac Ducati) ainsi que <strong>Francesco Bagnaia <\/strong>(Ducati). Les Fran\u00e7ais <strong>Johann Zarco\u00a0<\/strong>(Pramac Ducati) et <strong>Fabio Quartararo\u00a0<\/strong>(Monster Energy Yamaha) s\u2019\u00e9lan\u00e7aient eux respectivement 6<sup>\u00e8me<\/sup>\u00a0et 7<sup>\u00e8me<\/sup>.<\/p>\n<p style=\"text-align: justify;\">Feux \u00e9teints, peu de positions ont boug\u00e9, mais c\u2019est<strong> Jorge Martin <\/strong>qui a r\u00e9alis\u00e9 le <em>holeshot<\/em>. Le d\u00e9part a \u00e9t\u00e9 plut\u00f4t calme contrairement \u00e0 hier. Les Fran\u00e7ais sont bien partis en gardant leur position initiale.<\/p>\n<blockquote class=\"twitter-tweet\">\n<p dir=\"ltr\" lang=\"fr\">Grosse bataille au d\u00e9part entre Bagnaia et Martin ! Les Fran\u00e7ais sont dans le coup ! \ud83d\udd25\ud83d\udd25\ud83d\udd25<a href=\"https:\/\/twitter.com\/hashtag\/IndianGP?src=hash&amp;ref_src=twsrc%5Etfw\">#IndianGP<\/a>\ud83c\uddee\ud83c\uddf3 | <a href=\"https:\/\/twitter.com\/hashtag\/MotoGP?src=hash&amp;ref_src=twsrc%5Etfw\">#MotoGP<\/a> <a href=\"https:\/\/t.co\/BAomqkaYFr\">pic.twitter.com\/BAomqkaYFr<\/a><\/p>\n<p>\u2014 CANAL+ MotoGP\u2122 (@CanalplusMotoGP) <a href=\"https:\/\/twitter.com\/CanalplusMotoGP\/status\/1705887130671558785?ref_src=twsrc%5Etfw\">September 24, 2023<\/a><\/p><\/blockquote>\n<p><script async src=\"https:\/\/platform.twitter.com\/widgets.js\" charset=\"utf-8\"><\/script><\/p>\n<h2 style=\"text-align: justify;\">Chutes de Marquez et Bagnaia, Bezzecchi s\u2019envole<\/h2>\n<p style=\"text-align: justify;\">Petit \u00e0 petit, <strong>Marco Bezzecchi<\/strong> a d\u2019abord pris les devants puis accumul\u00e9 les secondes d\u2019avance jusqu\u2019\u00e0 terminer avec plus de huit secondes d\u2019avance sur le deuxi\u00e8me \u00c0 la mi-course, <strong>Marc Marquez<\/strong> (Repsol Honda) est tomb\u00e9 alors qu\u2019il \u00e9tait quatri\u00e8me. Quelques tours plus tard, c\u2019est <strong>Francesco Bagnaia<\/strong> qui a chut\u00e9 en se battant pour la deuxi\u00e8me place. Comme <strong>Jorge Martin <\/strong>a termin\u00e9 deuxi\u00e8me de la course malgr\u00e9 l\u2019ouverture de sa combinaison \u00e0 quelques tours de la fin, il remonte au championnat et l\u2019Italien n\u2019a plus que 13 points d\u2019avance\u00a0! Le championnat est relanc\u00e9\u00a0!<\/p>\n<p style=\"text-align: justify;\">Gr\u00e2ce \u00e0 une tr\u00e8s belle course et aux diff\u00e9rentes chutes, <strong>Fabio Quartararo<\/strong> monte sur le podium \u00e0 la troisi\u00e8me place. <strong>Marco Bezzecchi<\/strong> remporte donc sa 3<sup>\u00e8me<\/sup> victoire en carri\u00e8re et de la saison, mais aussi le premier Grand Prix d\u2019Inde de l\u2019histoire.<\/p>\n<blockquote class=\"twitter-tweet\">\n<p dir=\"ltr\" lang=\"fr\">\ud83c\uddeb\ud83c\uddf7\ud83d\udd25 LE PODIUM POUR FABIO QUARTARARO, 3e du GRAND PRIX D&rsquo;INDE ! \ud83c\uddeb\ud83c\uddf7\ud83d\udd25<\/p>\n<p>C&rsquo;\u00e9tait chaud jusque dans les derniers m\u00e8tres avec Martin ! Victoire de Bezzecchi intouchable, mais plus que 13 points d&rsquo;\u00e9cart entre les deux premiers au championnat. Quelle course de fou ! <a href=\"https:\/\/twitter.com\/hashtag\/IndianGP?src=hash&amp;ref_src=twsrc%5Etfw\">#IndianGP<\/a>\ud83c\uddee\ud83c\uddf3 <a href=\"https:\/\/t.co\/uZcqjtVRoF\">pic.twitter.com\/uZcqjtVRoF<\/a><\/p>\n<p>\u2014 CANAL+ MotoGP\u2122 (@CanalplusMotoGP) <a href=\"https:\/\/twitter.com\/CanalplusMotoGP\/status\/1705896615725105288?ref_src=twsrc%5Etfw\">September 24, 2023<\/a><\/p><\/blockquote>\n<p><script async src=\"https:\/\/platform.twitter.com\/widgets.js\" charset=\"utf-8\"><\/script><\/p>\n<p style=\"text-align: justify;\"><strong>Brad Binder <\/strong>(Red Bull KTM) termine 4\u00e8me devant l\u2019excellent <strong>Joan Mir <\/strong>(Repsol Honda) qui n\u2019avait que 2 points aux championnats jusqu\u2019ici. L\u2019autre Tricolore <strong>Johann Zarco<\/strong> (Pramac Ducati) a pris une belle 6<sup>\u00e8me<\/sup> place.<\/p>\n<h2 style=\"text-align: justify;\">\u00c0 lire aussi<\/h2>\n<ul>\n<li style=\"text-align: justify;\"><a href=\"https:\/\/dicodusport.fr\/blog\/motogp-2023-calendrier-et-resultats\/\"><strong>MotoGP 2023 \u2013 Calendrier et r\u00e9sultats<\/strong><\/a><\/li>\n<li style=\"text-align: justify;\"><a href=\"https:\/\/dicodusport.fr\/blog\/motogp-2023-classement-du-championnat-du-monde-des-pilotes\/\"><strong>Le classement du championnat du monde des pilotes<\/strong><\/a><\/li>\n<\/ul>\n","protected":false},"excerpt":{"rendered":"<p>MOTOGP &#8211; GRAND PRIX D&rsquo;INDE 2023 &#8211; \u00c0 l\u2019issue d\u2019une course mouvement\u00e9e, l&rsquo;Italien Marco Bezzecchi (Mooney VR46) a remport\u00e9 la course sur le circuit de Buddh \u00e0 l&rsquo;occasion du tout premier Grand Prix d&rsquo;Inde. Il devance de plus de huit secondes la Pramac Ducati de Jorge Martin et la Yamaha du Fran\u00e7ais Fabio Quartararo qui monte sur le podium ! Francesco Bagnaia est tomb\u00e9 et n&rsquo;a plus que 13 points d&rsquo;avance au championnat. L&rsquo;autre Tricolore Johann Zarco (Pramac Ducati) a termin\u00e9 6\u00e8me.<\/p>\n","protected":false},"author":54,"featured_media":422383,"comment_status":"open","ping_status":"closed","sticky":false,"template":"","format":"standard","meta":{"_acf_changed":false,"_daextam_enable_autolinks":"","footnotes":""},"categories":[47087],"tags":[16878,10938,24],"class_list":["post-422311","post","type-post","status-publish","format-standard","has-post-thumbnail","hentry","category-motogp","tag-breve","tag-motogp","tag-sport"],"acf":[],"yoast_head":"<!-- This site is optimized with the Yoast SEO Premium plugin v26.7 (Yoast SEO v26.7) - https:\/\/yoast.com\/wordpress\/plugins\/seo\/ -->\n<title>MotoGP Inde 2023 : Fabio Quartararo sur le podium, Marco Bezzecchi largement vainqueur<\/title>\n<meta name=\"description\" content=\"MOTOGP - GRAND PRIX D&#039;INDE 2023 - Marco Bezzecchi (VR46) a remport\u00e9 le tout premier Grand Prix d&#039;Inde sur le circuit de Buddh.\" \/>\n<meta name=\"robots\" content=\"index, follow, max-snippet:-1, max-image-preview:large, max-video-preview:-1\" \/>\n<link rel=\"canonical\" href=\"https:\/\/dicodusport.fr\/blog\/motogp-inde-2023-fabio-quartararo-sur-le-podium-marco-bezzecchi-largement-vainqueur\/\" \/>\n<meta property=\"og:locale\" content=\"fr_FR\" \/>\n<meta property=\"og:type\" content=\"article\" \/>\n<meta property=\"og:title\" content=\"MotoGP Inde 2023 : Fabio Quartararo sur le podium, Marco Bezzecchi largement vainqueur\" \/>\n<meta property=\"og:description\" content=\"MOTOGP - GRAND PRIX D&#039;INDE 2023 - Marco Bezzecchi (VR46) a remport\u00e9 le tout premier Grand Prix d&#039;Inde sur le circuit de Buddh.\" \/>\n<meta property=\"og:url\" content=\"https:\/\/dicodusport.fr\/blog\/motogp-inde-2023-fabio-quartararo-sur-le-podium-marco-bezzecchi-largement-vainqueur\/\" \/>\n<meta property=\"og:site_name\" content=\"Dicodusport\" \/>\n<meta property=\"article:publisher\" content=\"https:\/\/www.facebook.com\/dicodusport\" \/>\n<meta property=\"article:author\" content=\"https:\/\/www.facebook.com\/roxane.lecacher\" \/>\n<meta property=\"article:published_time\" content=\"2023-09-24T10:47:30+00:00\" \/>\n<meta property=\"article:modified_time\" content=\"2023-09-24T13:24:11+00:00\" \/>\n<meta property=\"og:image\" content=\"https:\/\/dicodusport.fr\/blog\/wp-content\/uploads\/2023\/09\/MotoGP-Inde-2023-Fabio-Quartararo-sur-le-podium-Marco-Bezzecchi-largement-vainqueur-1.png\" \/>\n\t<meta property=\"og:image:width\" content=\"800\" \/>\n\t<meta property=\"og:image:height\" content=\"445\" \/>\n\t<meta property=\"og:image:type\" content=\"image\/png\" \/>\n<meta name=\"author\" content=\"Roxane Lecacher\" \/>\n<meta name=\"twitter:card\" content=\"summary_large_image\" \/>\n<meta name=\"twitter:title\" content=\"MotoGP Inde 2023 : Fabio Quartararo sur le podium, Marco Bezzecchi largement vainqueur\" \/>\n<meta name=\"twitter:creator\" content=\"@dicodusport\" \/>\n<meta name=\"twitter:site\" content=\"@dicodusport\" \/>\n<script type=\"application\/ld+json\" class=\"yoast-schema-graph\">{\"@context\":\"https:\/\/schema.org\",\"@graph\":[{\"@type\":\"NewsArticle\",\"@id\":\"https:\/\/dicodusport.fr\/blog\/motogp-inde-2023-fabio-quartararo-sur-le-podium-marco-bezzecchi-largement-vainqueur\/#article\",\"isPartOf\":{\"@id\":\"https:\/\/dicodusport.fr\/blog\/motogp-inde-2023-fabio-quartararo-sur-le-podium-marco-bezzecchi-largement-vainqueur\/\"},\"author\":{\"name\":\"Roxane Lecacher\",\"@id\":\"https:\/\/dicodusport.fr\/blog\/#\/schema\/person\/819fb2545dd2715bd7c0580d6d4b411a\"},\"headline\":\"MotoGP Inde 2023 : Fabio Quartararo sur le podium, Marco Bezzecchi largement vainqueur\",\"datePublished\":\"2023-09-24T10:47:30+00:00\",\"dateModified\":\"2023-09-24T13:24:11+00:00\",\"mainEntityOfPage\":{\"@id\":\"https:\/\/dicodusport.fr\/blog\/motogp-inde-2023-fabio-quartararo-sur-le-podium-marco-bezzecchi-largement-vainqueur\/\"},\"wordCount\":524,\"commentCount\":0,\"publisher\":{\"@id\":\"https:\/\/dicodusport.fr\/blog\/#organization\"},\"image\":{\"@id\":\"https:\/\/dicodusport.fr\/blog\/motogp-inde-2023-fabio-quartararo-sur-le-podium-marco-bezzecchi-largement-vainqueur\/#primaryimage\"},\"thumbnailUrl\":\"https:\/\/dicodusport.fr\/blog\/wp-content\/uploads\/2023\/09\/MotoGP-Inde-2023-Fabio-Quartararo-sur-le-podium-Marco-Bezzecchi-largement-vainqueur-1.png\",\"keywords\":[\"br\u00e8ve\",\"MotoGP\",\"sport\"],\"articleSection\":[\"MotoGP\"],\"inLanguage\":\"fr-FR\",\"potentialAction\":[{\"@type\":\"CommentAction\",\"name\":\"Comment\",\"target\":[\"https:\/\/dicodusport.fr\/blog\/motogp-inde-2023-fabio-quartararo-sur-le-podium-marco-bezzecchi-largement-vainqueur\/#respond\"]}],\"copyrightYear\":\"2023\",\"copyrightHolder\":{\"@id\":\"https:\/\/dicodusport.fr\/blog\/#organization\"}},{\"@type\":\"WebPage\",\"@id\":\"https:\/\/dicodusport.fr\/blog\/motogp-inde-2023-fabio-quartararo-sur-le-podium-marco-bezzecchi-largement-vainqueur\/\",\"url\":\"https:\/\/dicodusport.fr\/blog\/motogp-inde-2023-fabio-quartararo-sur-le-podium-marco-bezzecchi-largement-vainqueur\/\",\"name\":\"MotoGP Inde 2023 : Fabio Quartararo sur le podium, Marco Bezzecchi largement vainqueur\",\"isPartOf\":{\"@id\":\"https:\/\/dicodusport.fr\/blog\/#website\"},\"primaryImageOfPage\":{\"@id\":\"https:\/\/dicodusport.fr\/blog\/motogp-inde-2023-fabio-quartararo-sur-le-podium-marco-bezzecchi-largement-vainqueur\/#primaryimage\"},\"image\":{\"@id\":\"https:\/\/dicodusport.fr\/blog\/motogp-inde-2023-fabio-quartararo-sur-le-podium-marco-bezzecchi-largement-vainqueur\/#primaryimage\"},\"thumbnailUrl\":\"https:\/\/dicodusport.fr\/blog\/wp-content\/uploads\/2023\/09\/MotoGP-Inde-2023-Fabio-Quartararo-sur-le-podium-Marco-Bezzecchi-largement-vainqueur-1.png\",\"datePublished\":\"2023-09-24T10:47:30+00:00\",\"dateModified\":\"2023-09-24T13:24:11+00:00\",\"description\":\"MOTOGP - GRAND PRIX D'INDE 2023 - Marco Bezzecchi (VR46) a remport\u00e9 le tout premier Grand Prix d'Inde sur le circuit de Buddh.\",\"breadcrumb\":{\"@id\":\"https:\/\/dicodusport.fr\/blog\/motogp-inde-2023-fabio-quartararo-sur-le-podium-marco-bezzecchi-largement-vainqueur\/#breadcrumb\"},\"inLanguage\":\"fr-FR\",\"potentialAction\":[{\"@type\":\"ReadAction\",\"target\":[\"https:\/\/dicodusport.fr\/blog\/motogp-inde-2023-fabio-quartararo-sur-le-podium-marco-bezzecchi-largement-vainqueur\/\"]}]},{\"@type\":\"ImageObject\",\"inLanguage\":\"fr-FR\",\"@id\":\"https:\/\/dicodusport.fr\/blog\/motogp-inde-2023-fabio-quartararo-sur-le-podium-marco-bezzecchi-largement-vainqueur\/#primaryimage\",\"url\":\"https:\/\/dicodusport.fr\/blog\/wp-content\/uploads\/2023\/09\/MotoGP-Inde-2023-Fabio-Quartararo-sur-le-podium-Marco-Bezzecchi-largement-vainqueur-1.png\",\"contentUrl\":\"https:\/\/dicodusport.fr\/blog\/wp-content\/uploads\/2023\/09\/MotoGP-Inde-2023-Fabio-Quartararo-sur-le-podium-Marco-Bezzecchi-largement-vainqueur-1.png\",\"width\":800,\"height\":445,\"caption\":\"MotoGP Inde 2023 Fabio Quartararo sur le podium, Marco Bezzecchi largement vainqueur (1)\"},{\"@type\":\"BreadcrumbList\",\"@id\":\"https:\/\/dicodusport.fr\/blog\/motogp-inde-2023-fabio-quartararo-sur-le-podium-marco-bezzecchi-largement-vainqueur\/#breadcrumb\",\"itemListElement\":[{\"@type\":\"ListItem\",\"position\":1,\"name\":\"Accueil\",\"item\":\"https:\/\/dicodusport.fr\/blog\/\"},{\"@type\":\"ListItem\",\"position\":2,\"name\":\"MotoGP Inde 2023 : Fabio Quartararo sur le podium, Marco Bezzecchi largement vainqueur\"}]},{\"@type\":\"WebSite\",\"@id\":\"https:\/\/dicodusport.fr\/blog\/#website\",\"url\":\"https:\/\/dicodusport.fr\/blog\/\",\"name\":\"Dicodusport\",\"description\":\"L&#039;encyclop\u00e9die de l&#039;actualit\u00e9 sportive\",\"publisher\":{\"@id\":\"https:\/\/dicodusport.fr\/blog\/#organization\"},\"potentialAction\":[{\"@type\":\"SearchAction\",\"target\":{\"@type\":\"EntryPoint\",\"urlTemplate\":\"https:\/\/dicodusport.fr\/blog\/?s={search_term_string}\"},\"query-input\":{\"@type\":\"PropertyValueSpecification\",\"valueRequired\":true,\"valueName\":\"search_term_string\"}}],\"inLanguage\":\"fr-FR\"},{\"@type\":\"NewsMediaOrganization\",\"@id\":\"https:\/\/dicodusport.fr\/blog\/#organization\",\"name\":\"Dicodusport\",\"url\":\"https:\/\/dicodusport.fr\/blog\/\",\"logo\":{\"@type\":\"ImageObject\",\"inLanguage\":\"fr-FR\",\"@id\":\"https:\/\/dicodusport.fr\/blog\/#\/schema\/logo\/image\/\",\"url\":\"https:\/\/dicodusport.fr\/blog\/wp-content\/uploads\/2020\/06\/cropped-LOGO-DICODUSPORT-2020-SANS-FOND-SANS-TEXTE.png\",\"contentUrl\":\"https:\/\/dicodusport.fr\/blog\/wp-content\/uploads\/2020\/06\/cropped-LOGO-DICODUSPORT-2020-SANS-FOND-SANS-TEXTE.png\",\"width\":512,\"height\":512,\"caption\":\"Dicodusport\"},\"image\":{\"@id\":\"https:\/\/dicodusport.fr\/blog\/#\/schema\/logo\/image\/\"},\"sameAs\":[\"https:\/\/www.facebook.com\/dicodusport\",\"https:\/\/x.com\/dicodusport\",\"https:\/\/www.instagram.com\/dicodusport\/\",\"https:\/\/www.youtube.com\/channel\/UC7V2KZ5sd3htJivAbA4ZG3w\"],\"description\":\"Dicodusport est l'encyclop\u00e9die de l'actualit\u00e9 sportive.\",\"email\":\"bonjour@dicodusport.fr\",\"legalName\":\"DICODUSPORT\",\"foundingDate\":\"2018-01-14\",\"vatID\":\"FR71834470973\",\"taxID\":\"83447097300043\",\"numberOfEmployees\":{\"@type\":\"QuantitativeValue\",\"minValue\":\"1\",\"maxValue\":\"10\"}},{\"@type\":\"Person\",\"@id\":\"https:\/\/dicodusport.fr\/blog\/#\/schema\/person\/819fb2545dd2715bd7c0580d6d4b411a\",\"name\":\"Roxane Lecacher\",\"image\":{\"@type\":\"ImageObject\",\"inLanguage\":\"fr-FR\",\"@id\":\"https:\/\/dicodusport.fr\/blog\/#\/schema\/person\/image\/\",\"url\":\"https:\/\/dicodusport.fr\/blog\/wp-content\/uploads\/2021\/05\/Roxane-Lecacher-150x150.jpg\",\"contentUrl\":\"https:\/\/dicodusport.fr\/blog\/wp-content\/uploads\/2021\/05\/Roxane-Lecacher-150x150.jpg\",\"caption\":\"Roxane Lecacher\"},\"description\":\"Journaliste\/r\u00e9dactrice depuis janvier 2021 - N\u00e9e quelques jours avant la premi\u00e8re \u00e9toile des Bleus, je baigne dans une famille tr\u00e8s sportive. Je n\u2019ai eu d\u2019autres choix que de me passionner pour le sujet. Pratiquante de l\u2019athl\u00e9tisme depuis toute petite, j\u2019ai aussi un attrait tout particulier pour la Formule 1, le biathlon et le foot. Pendant les grands \u00e9v\u00e9nements, il est impossible de d\u00e9crocher de ma t\u00e9l\u00e9. C\u2019est \u00e0 travers Dicodusport que j\u2019aime d\u00e9sormais vous transmettre mes \u00e9motions et ma passion.\",\"sameAs\":[\"https:\/\/www.facebook.com\/roxane.lecacher\",\"https:\/\/fr.linkedin.com\/in\/roxane-lecacher-23368313b\"],\"url\":\"https:\/\/dicodusport.fr\/blog\/author\/roxanel\/\"}]}<\/script>\n<!-- \/ Yoast SEO Premium plugin. -->","yoast_head_json":{"title":"MotoGP Inde 2023 : Fabio Quartararo sur le podium, Marco Bezzecchi largement vainqueur","description":"MOTOGP - GRAND PRIX D'INDE 2023 - Marco Bezzecchi (VR46) a remport\u00e9 le tout premier Grand Prix d'Inde sur le circuit de Buddh.","robots":{"index":"index","follow":"follow","max-snippet":"max-snippet:-1","max-image-preview":"max-image-preview:large","max-video-preview":"max-video-preview:-1"},"canonical":"https:\/\/dicodusport.fr\/blog\/motogp-inde-2023-fabio-quartararo-sur-le-podium-marco-bezzecchi-largement-vainqueur\/","og_locale":"fr_FR","og_type":"article","og_title":"MotoGP Inde 2023 : Fabio Quartararo sur le podium, Marco Bezzecchi largement vainqueur","og_description":"MOTOGP - GRAND PRIX D'INDE 2023 - Marco Bezzecchi (VR46) a remport\u00e9 le tout premier Grand Prix d'Inde sur le circuit de Buddh.","og_url":"https:\/\/dicodusport.fr\/blog\/motogp-inde-2023-fabio-quartararo-sur-le-podium-marco-bezzecchi-largement-vainqueur\/","og_site_name":"Dicodusport","article_publisher":"https:\/\/www.facebook.com\/dicodusport","article_author":"https:\/\/www.facebook.com\/roxane.lecacher","article_published_time":"2023-09-24T10:47:30+00:00","article_modified_time":"2023-09-24T13:24:11+00:00","og_image":[{"width":800,"height":445,"url":"https:\/\/dicodusport.fr\/blog\/wp-content\/uploads\/2023\/09\/MotoGP-Inde-2023-Fabio-Quartararo-sur-le-podium-Marco-Bezzecchi-largement-vainqueur-1.png","type":"image\/png"}],"author":"Roxane Lecacher","twitter_card":"summary_large_image","twitter_title":"MotoGP Inde 2023 : Fabio Quartararo sur le podium, Marco Bezzecchi largement vainqueur","twitter_creator":"@dicodusport","twitter_site":"@dicodusport","schema":{"@context":"https:\/\/schema.org","@graph":[{"@type":"NewsArticle","@id":"https:\/\/dicodusport.fr\/blog\/motogp-inde-2023-fabio-quartararo-sur-le-podium-marco-bezzecchi-largement-vainqueur\/#article","isPartOf":{"@id":"https:\/\/dicodusport.fr\/blog\/motogp-inde-2023-fabio-quartararo-sur-le-podium-marco-bezzecchi-largement-vainqueur\/"},"author":{"name":"Roxane Lecacher","@id":"https:\/\/dicodusport.fr\/blog\/#\/schema\/person\/819fb2545dd2715bd7c0580d6d4b411a"},"headline":"MotoGP Inde 2023 : Fabio Quartararo sur le podium, Marco Bezzecchi largement vainqueur","datePublished":"2023-09-24T10:47:30+00:00","dateModified":"2023-09-24T13:24:11+00:00","mainEntityOfPage":{"@id":"https:\/\/dicodusport.fr\/blog\/motogp-inde-2023-fabio-quartararo-sur-le-podium-marco-bezzecchi-largement-vainqueur\/"},"wordCount":524,"commentCount":0,"publisher":{"@id":"https:\/\/dicodusport.fr\/blog\/#organization"},"image":{"@id":"https:\/\/dicodusport.fr\/blog\/motogp-inde-2023-fabio-quartararo-sur-le-podium-marco-bezzecchi-largement-vainqueur\/#primaryimage"},"thumbnailUrl":"https:\/\/dicodusport.fr\/blog\/wp-content\/uploads\/2023\/09\/MotoGP-Inde-2023-Fabio-Quartararo-sur-le-podium-Marco-Bezzecchi-largement-vainqueur-1.png","keywords":["br\u00e8ve","MotoGP","sport"],"articleSection":["MotoGP"],"inLanguage":"fr-FR","potentialAction":[{"@type":"CommentAction","name":"Comment","target":["https:\/\/dicodusport.fr\/blog\/motogp-inde-2023-fabio-quartararo-sur-le-podium-marco-bezzecchi-largement-vainqueur\/#respond"]}],"copyrightYear":"2023","copyrightHolder":{"@id":"https:\/\/dicodusport.fr\/blog\/#organization"}},{"@type":"WebPage","@id":"https:\/\/dicodusport.fr\/blog\/motogp-inde-2023-fabio-quartararo-sur-le-podium-marco-bezzecchi-largement-vainqueur\/","url":"https:\/\/dicodusport.fr\/blog\/motogp-inde-2023-fabio-quartararo-sur-le-podium-marco-bezzecchi-largement-vainqueur\/","name":"MotoGP Inde 2023 : Fabio Quartararo sur le podium, Marco Bezzecchi largement vainqueur","isPartOf":{"@id":"https:\/\/dicodusport.fr\/blog\/#website"},"primaryImageOfPage":{"@id":"https:\/\/dicodusport.fr\/blog\/motogp-inde-2023-fabio-quartararo-sur-le-podium-marco-bezzecchi-largement-vainqueur\/#primaryimage"},"image":{"@id":"https:\/\/dicodusport.fr\/blog\/motogp-inde-2023-fabio-quartararo-sur-le-podium-marco-bezzecchi-largement-vainqueur\/#primaryimage"},"thumbnailUrl":"https:\/\/dicodusport.fr\/blog\/wp-content\/uploads\/2023\/09\/MotoGP-Inde-2023-Fabio-Quartararo-sur-le-podium-Marco-Bezzecchi-largement-vainqueur-1.png","datePublished":"2023-09-24T10:47:30+00:00","dateModified":"2023-09-24T13:24:11+00:00","description":"MOTOGP - GRAND PRIX D'INDE 2023 - Marco Bezzecchi (VR46) a remport\u00e9 le tout premier Grand Prix d'Inde sur le circuit de Buddh.","breadcrumb":{"@id":"https:\/\/dicodusport.fr\/blog\/motogp-inde-2023-fabio-quartararo-sur-le-podium-marco-bezzecchi-largement-vainqueur\/#breadcrumb"},"inLanguage":"fr-FR","potentialAction":[{"@type":"ReadAction","target":["https:\/\/dicodusport.fr\/blog\/motogp-inde-2023-fabio-quartararo-sur-le-podium-marco-bezzecchi-largement-vainqueur\/"]}]},{"@type":"ImageObject","inLanguage":"fr-FR","@id":"https:\/\/dicodusport.fr\/blog\/motogp-inde-2023-fabio-quartararo-sur-le-podium-marco-bezzecchi-largement-vainqueur\/#primaryimage","url":"https:\/\/dicodusport.fr\/blog\/wp-content\/uploads\/2023\/09\/MotoGP-Inde-2023-Fabio-Quartararo-sur-le-podium-Marco-Bezzecchi-largement-vainqueur-1.png","contentUrl":"https:\/\/dicodusport.fr\/blog\/wp-content\/uploads\/2023\/09\/MotoGP-Inde-2023-Fabio-Quartararo-sur-le-podium-Marco-Bezzecchi-largement-vainqueur-1.png","width":800,"height":445,"caption":"MotoGP Inde 2023 Fabio Quartararo sur le podium, Marco Bezzecchi largement vainqueur (1)"},{"@type":"BreadcrumbList","@id":"https:\/\/dicodusport.fr\/blog\/motogp-inde-2023-fabio-quartararo-sur-le-podium-marco-bezzecchi-largement-vainqueur\/#breadcrumb","itemListElement":[{"@type":"ListItem","position":1,"name":"Accueil","item":"https:\/\/dicodusport.fr\/blog\/"},{"@type":"ListItem","position":2,"name":"MotoGP Inde 2023 : Fabio Quartararo sur le podium, Marco Bezzecchi largement vainqueur"}]},{"@type":"WebSite","@id":"https:\/\/dicodusport.fr\/blog\/#website","url":"https:\/\/dicodusport.fr\/blog\/","name":"Dicodusport","description":"L&#039;encyclop\u00e9die de l&#039;actualit\u00e9 sportive","publisher":{"@id":"https:\/\/dicodusport.fr\/blog\/#organization"},"potentialAction":[{"@type":"SearchAction","target":{"@type":"EntryPoint","urlTemplate":"https:\/\/dicodusport.fr\/blog\/?s={search_term_string}"},"query-input":{"@type":"PropertyValueSpecification","valueRequired":true,"valueName":"search_term_string"}}],"inLanguage":"fr-FR"},{"@type":"NewsMediaOrganization","@id":"https:\/\/dicodusport.fr\/blog\/#organization","name":"Dicodusport","url":"https:\/\/dicodusport.fr\/blog\/","logo":{"@type":"ImageObject","inLanguage":"fr-FR","@id":"https:\/\/dicodusport.fr\/blog\/#\/schema\/logo\/image\/","url":"https:\/\/dicodusport.fr\/blog\/wp-content\/uploads\/2020\/06\/cropped-LOGO-DICODUSPORT-2020-SANS-FOND-SANS-TEXTE.png","contentUrl":"https:\/\/dicodusport.fr\/blog\/wp-content\/uploads\/2020\/06\/cropped-LOGO-DICODUSPORT-2020-SANS-FOND-SANS-TEXTE.png","width":512,"height":512,"caption":"Dicodusport"},"image":{"@id":"https:\/\/dicodusport.fr\/blog\/#\/schema\/logo\/image\/"},"sameAs":["https:\/\/www.facebook.com\/dicodusport","https:\/\/x.com\/dicodusport","https:\/\/www.instagram.com\/dicodusport\/","https:\/\/www.youtube.com\/channel\/UC7V2KZ5sd3htJivAbA4ZG3w"],"description":"Dicodusport est l'encyclop\u00e9die de l'actualit\u00e9 sportive.","email":"bonjour@dicodusport.fr","legalName":"DICODUSPORT","foundingDate":"2018-01-14","vatID":"FR71834470973","taxID":"83447097300043","numberOfEmployees":{"@type":"QuantitativeValue","minValue":"1","maxValue":"10"}},{"@type":"Person","@id":"https:\/\/dicodusport.fr\/blog\/#\/schema\/person\/819fb2545dd2715bd7c0580d6d4b411a","name":"Roxane Lecacher","image":{"@type":"ImageObject","inLanguage":"fr-FR","@id":"https:\/\/dicodusport.fr\/blog\/#\/schema\/person\/image\/","url":"https:\/\/dicodusport.fr\/blog\/wp-content\/uploads\/2021\/05\/Roxane-Lecacher-150x150.jpg","contentUrl":"https:\/\/dicodusport.fr\/blog\/wp-content\/uploads\/2021\/05\/Roxane-Lecacher-150x150.jpg","caption":"Roxane Lecacher"},"description":"Journaliste\/r\u00e9dactrice depuis janvier 2021 - N\u00e9e quelques jours avant la premi\u00e8re \u00e9toile des Bleus, je baigne dans une famille tr\u00e8s sportive. Je n\u2019ai eu d\u2019autres choix que de me passionner pour le sujet. Pratiquante de l\u2019athl\u00e9tisme depuis toute petite, j\u2019ai aussi un attrait tout particulier pour la Formule 1, le biathlon et le foot. Pendant les grands \u00e9v\u00e9nements, il est impossible de d\u00e9crocher de ma t\u00e9l\u00e9. C\u2019est \u00e0 travers Dicodusport que j\u2019aime d\u00e9sormais vous transmettre mes \u00e9motions et ma passion.","sameAs":["https:\/\/www.facebook.com\/roxane.lecacher","https:\/\/fr.linkedin.com\/in\/roxane-lecacher-23368313b"],"url":"https:\/\/dicodusport.fr\/blog\/author\/roxanel\/"}]}},"_links":{"self":[{"href":"https:\/\/dicodusport.fr\/blog\/wp-json\/wp\/v2\/posts\/422311","targetHints":{"allow":["GET"]}}],"collection":[{"href":"https:\/\/dicodusport.fr\/blog\/wp-json\/wp\/v2\/posts"}],"about":[{"href":"https:\/\/dicodusport.fr\/blog\/wp-json\/wp\/v2\/types\/post"}],"author":[{"embeddable":true,"href":"https:\/\/dicodusport.fr\/blog\/wp-json\/wp\/v2\/users\/54"}],"replies":[{"embeddable":true,"href":"https:\/\/dicodusport.fr\/blog\/wp-json\/wp\/v2\/comments?post=422311"}],"version-history":[{"count":0,"href":"https:\/\/dicodusport.fr\/blog\/wp-json\/wp\/v2\/posts\/422311\/revisions"}],"wp:featuredmedia":[{"embeddable":true,"href":"https:\/\/dicodusport.fr\/blog\/wp-json\/wp\/v2\/media\/422383"}],"wp:attachment":[{"href":"https:\/\/dicodusport.fr\/blog\/wp-json\/wp\/v2\/media?parent=422311"}],"wp:term":[{"taxonomy":"category","embeddable":true,"href":"https:\/\/dicodusport.fr\/blog\/wp-json\/wp\/v2\/categories?post=422311"},{"taxonomy":"post_tag","embeddable":true,"href":"https:\/\/dicodusport.fr\/blog\/wp-json\/wp\/v2\/tags?post=422311"}],"curies":[{"name":"wp","href":"https:\/\/api.w.org\/{rel}","templated":true}]}}