{"id":422390,"date":"2023-09-24T16:54:30","date_gmt":"2023-09-24T14:54:30","guid":{"rendered":"https:\/\/dicodusport.fr\/blog\/?p=422390&#038;preview=true&#038;preview_id=422390"},"modified":"2023-09-24T22:49:22","modified_gmt":"2023-09-24T20:49:22","slug":"cyclisme-championnats-deurope-2023-christophe-laporte-champion-deurope","status":"publish","type":"post","link":"https:\/\/dicodusport.fr\/blog\/cyclisme-championnats-deurope-2023-christophe-laporte-champion-deurope\/","title":{"rendered":"Cyclisme Championnats d&rsquo;Europe 2023 : Christophe Laporte champion d&rsquo;Europe !"},"content":{"rendered":"<p style=\"text-align: justify;\"><em><strong>CHAMPIONNATS D&rsquo;EUROPE DE CYCLISME SUR ROUTE 2023 &#8211; Christophe Laporte (France) est devenu champion d&rsquo;Europe sur le circuit du Col de VAM, dimanche, en r\u00e9sistant au retour de Wout Van Aert (Belgique) et d&rsquo;Olav Kooij (Pays-Bas). Splendide !<\/strong><\/em><\/p>\n<ul>\n<li style=\"text-align: justify;\"><strong>\u00c0 lire aussi &#8211; <a href=\"https:\/\/dicodusport.fr\/blog\/cyclisme-championnats-deurope-2023-classement-course-en-ligne-hommes\/\">Le classement complet de la course en ligne \u00e9lite hommes<\/a><\/strong><\/li>\n<\/ul>\n<p style=\"text-align: justify;\">D&rsquo;abord, apr\u00e8s une dizaine de kilom\u00e8tres de course, cinq coureurs ont form\u00e9 l&rsquo;\u00e9chapp\u00e9e matinale : le champion d&rsquo;Europe du contre-la-montre <strong>Joshua Tarling<\/strong> (Grande-Bretagne), <strong>Stefan Bissegger<\/strong> (Suisse), <strong>Rory Townsend<\/strong> (Irlande), <strong>Mathias Vacek<\/strong> (Tch\u00e9quie) et <strong>Norman Vahtra<\/strong> (Estonie). Mais, les \u00e9quipes nationales belge et danoise ont contr\u00f4l\u00e9 l&rsquo;\u00e9cart \u00e0 2 minutes au maximum sur la longue partie de liaison avant le circuit final o\u00f9 des chutes ont lieu au sein du peloton.<\/p>\n<p style=\"text-align: justify;\">Puis, <strong>Stefan Bissegger<\/strong> (Suisse), <strong>Rory Townsend<\/strong> (Irlande) et <strong>Mathias Vacek<\/strong> (Tch\u00e9quie) ont distanc\u00e9 leurs compagnons de fugue lors du premier tour du circuit final. Ensuite, ce fut au tour de <strong>Rory Townsend<\/strong> (Irlande) de perdre le contact dans le groupe de t\u00eate, \u00e0 plus de 50 kilom\u00e8tres du terme.<\/p>\n<h2 style=\"text-align: justify;\">La malchance pour les Italiens<\/h2>\n<p style=\"text-align: justify;\">Par la suite, <strong>Dusan Rajovic<\/strong> (Serbie) et <strong>Jaka Primozic<\/strong> (Slov\u00e9nie) sont sortis en contre lors du troisi\u00e8me tour. Mais, ce duo a rapidement \u00e9t\u00e9 repris par le peloton. Les deux derniers rescap\u00e9s de l&rsquo;\u00e9chapp\u00e9e matinale ont \u00e9t\u00e9 repris \u00e0 32 kilom\u00e8tres de l&rsquo;arriv\u00e9e.<\/p>\n<p style=\"text-align: justify;\">L&rsquo;\u00e9quipe d&rsquo;Italie a ensuite \u00e9tir\u00e9 le peloton pour permettre une acc\u00e9l\u00e9ration de <strong>Filippo Ganna<\/strong> (Italie). Malheureusement, ce dernier a \u00e9t\u00e9 victime d&rsquo;une chute dans l&rsquo;avant-dernier tour au moment o\u00f9 un groupe de favoris s&rsquo;est port\u00e9 \u00e0 l&rsquo;avant de la course avec <strong>Wout Van Aert, Arnaud De Lie<\/strong> (Belgique), <strong>Andreas Kron, Mads Pedersen<\/strong> (Danemark),<strong> Sandy Dujardin, Christophe Laporte<\/strong> (France), <strong>Olav Kooij, Mike Teunissen<\/strong> (Pays-Bas), <strong>Rasmus Tiller<\/strong> (Norv\u00e8ge) et <strong>John Degenkolb<\/strong> (Allemagne).<\/p>\n<h2 style=\"text-align: justify;\">Le coup de poker (gagnant) de Laporte<\/h2>\n<p style=\"text-align: justify;\">Le peloton, emmen\u00e9 par l&rsquo;Italie et la Grande-Bretagne, a accus\u00e9 25 secondes de retard sur les 10 hommes de t\u00eate au moment d&rsquo;attaquer le dernier tour de circuit. <strong>Christophe Laporte<\/strong> (France) a profit\u00e9 de la portion descendante \u00e0 13 kilom\u00e8tres de l&rsquo;arriv\u00e9e pour partir seul. Le vainqueur de Gand-Wevelgem et d&rsquo;\u00c0 Travers la Flandre a entam\u00e9 le dernier kilom\u00e8tre avec 11 secondes d&rsquo;avance.<\/p>\n<p style=\"text-align: justify;\">Finalement, <strong>Arnaud De Lie<\/strong> (Belgique) a port\u00e9 une violente acc\u00e9l\u00e9ration au pied du Col de VAM, faisant exploser tout le monde, sauf son leader <strong>Wout Van Aert<\/strong> (Belgique) et <strong>Olav Kooij<\/strong> (Pays-Bas). Mais, <strong>Christophe Laporte<\/strong> (France) a tenu le choc dans les derniers pourcentages pour apporter le premier titre europ\u00e9en \u00e0 l&rsquo;\u00e9quipe de France chez les \u00e9lites hommes, apr\u00e8s les m\u00e9dailles d&rsquo;argent d&rsquo;Arnaud D\u00e9mare (2020 et 2022) et Julian Alaphilippe (2016), et la m\u00e9daille de bronze de Beno\u00eet Cosnefroy (2021).<\/p>\n<blockquote class=\"twitter-tweet\">\n<p dir=\"ltr\" lang=\"fr\">INCROYABLE ! CHRISTOPHE LAPORTE CHAMPION D&rsquo;EUROPE ! \ud83d\ude4c<\/p>\n<p>Quel final exceptionnel du Fran\u00e7ais, qui a r\u00e9sist\u00e9 \u00e0 Wout van Aert pour s&rsquo;imposer ! <a href=\"https:\/\/twitter.com\/hashtag\/LesRP?src=hash&amp;ref_src=twsrc%5Etfw\">#LesRP<\/a> <a href=\"https:\/\/twitter.com\/hashtag\/EuroRoad23?src=hash&amp;ref_src=twsrc%5Etfw\">#EuroRoad23<\/a> <a href=\"https:\/\/t.co\/jKzK3zOLCo\">pic.twitter.com\/jKzK3zOLCo<\/a><\/p>\n<p>\u2014 Eurosport France (@Eurosport_FR) <a href=\"https:\/\/twitter.com\/Eurosport_FR\/status\/1705958177873805696?ref_src=twsrc%5Etfw\">September 24, 2023<\/a><\/p><\/blockquote>\n<p><script async src=\"https:\/\/platform.twitter.com\/widgets.js\" charset=\"utf-8\"><\/script><\/p>\n<p style=\"text-align: justify;\"><strong>Wout Van Aert<\/strong> (Belgique) a pris la deuxi\u00e8me place sur les talons de Christophe Laporte (France) et devant <strong>Olav Kooij<\/strong> (Pays-Bas).<\/p>\n<h2 style=\"text-align: justify;\">\u00c0 lire aussi<\/h2>\n<ul>\n<li style=\"text-align: justify;\"><strong style=\"text-align: justify;\"><a href=\"https:\/\/dicodusport.fr\/blog\/programme-et-resultats-cyclisme-sur-route-championnats-deurope-2023\/\">Programme et r\u00e9sultats des championnats d&rsquo;Europe de cyclisme sur route 2023<\/a><\/strong><\/li>\n<li style=\"text-align: justify;\"><a href=\"https:\/\/dicodusport.fr\/blog\/tableau-des-medailles-cyclisme-sur-route-championnats-deurope-2023\/\"><strong>Le tableau des m\u00e9dailles des Championnats d&rsquo;Europe de cyclisme sur route 2023<\/strong><\/a><\/li>\n<\/ul>\n","protected":false},"excerpt":{"rendered":"<p>CHAMPIONNATS D&rsquo;EUROPE DE CYCLISME SUR ROUTE 2023 &#8211; Christophe Laporte (France) est devenu champion d&rsquo;Europe sur le circuit du Col de VAM, dimanche, en r\u00e9sistant au retour de Wout Van Aert (Belgique) et d&rsquo;Olav Kooij (Pays-Bas). Splendide !<\/p>\n","protected":false},"author":48,"featured_media":422480,"comment_status":"open","ping_status":"closed","sticky":false,"template":"","format":"standard","meta":{"_acf_changed":false,"_daextam_enable_autolinks":"","footnotes":""},"categories":[46994],"tags":[16878,5172,24],"class_list":["post-422390","post","type-post","status-publish","format-standard","has-post-thumbnail","hentry","category-cyclisme-sur-route","tag-breve","tag-christophe-laporte","tag-sport"],"acf":[],"yoast_head":"<!-- This site is optimized with the Yoast SEO Premium plugin v26.7 (Yoast SEO v26.7) - https:\/\/yoast.com\/wordpress\/plugins\/seo\/ -->\n<title>Cyclisme Championnats d&#039;Europe 2023 : Christophe Laporte champion d&#039;Europe !<\/title>\n<meta name=\"description\" content=\"CHAMPIONNATS D&#039;EUROPE DE CYCLISME SUR ROUTE 2023 - Christophe Laporte (France) est devenu champion d&#039;Europe sur le circuit du Col de VAM.\" \/>\n<meta name=\"robots\" content=\"index, follow, max-snippet:-1, max-image-preview:large, max-video-preview:-1\" \/>\n<link rel=\"canonical\" href=\"https:\/\/dicodusport.fr\/blog\/cyclisme-championnats-deurope-2023-christophe-laporte-champion-deurope\/\" \/>\n<meta property=\"og:locale\" content=\"fr_FR\" \/>\n<meta property=\"og:type\" content=\"article\" \/>\n<meta property=\"og:title\" content=\"Cyclisme Championnats d&#039;Europe 2023 : Christophe Laporte champion d&#039;Europe !\" \/>\n<meta property=\"og:description\" content=\"CHAMPIONNATS D&#039;EUROPE DE CYCLISME SUR ROUTE 2023 - Christophe Laporte (France) est devenu champion d&#039;Europe sur le circuit du Col de VAM.\" \/>\n<meta property=\"og:url\" content=\"https:\/\/dicodusport.fr\/blog\/cyclisme-championnats-deurope-2023-christophe-laporte-champion-deurope\/\" \/>\n<meta property=\"og:site_name\" content=\"Dicodusport\" \/>\n<meta property=\"article:publisher\" content=\"https:\/\/www.facebook.com\/dicodusport\" \/>\n<meta property=\"article:author\" content=\"https:\/\/www.facebook.com\/groups\/LesRoisDuPeloton\" \/>\n<meta property=\"article:published_time\" content=\"2023-09-24T14:54:30+00:00\" \/>\n<meta property=\"article:modified_time\" content=\"2023-09-24T20:49:22+00:00\" \/>\n<meta property=\"og:image\" content=\"https:\/\/dicodusport.fr\/blog\/wp-content\/uploads\/2023\/09\/Cyclisme-Championnats-dEurope-2023-Christophe-Laporte-champion-dEurope-2.png\" \/>\n\t<meta property=\"og:image:width\" content=\"800\" \/>\n\t<meta property=\"og:image:height\" content=\"445\" \/>\n\t<meta property=\"og:image:type\" content=\"image\/png\" \/>\n<meta name=\"author\" content=\"Emilien Descampiaux\" \/>\n<meta name=\"twitter:card\" content=\"summary_large_image\" \/>\n<meta name=\"twitter:title\" content=\"Cyclisme Championnats d&#039;Europe 2023 : Christophe Laporte champion d&#039;Europe !\" \/>\n<meta name=\"twitter:creator\" content=\"@https:\/\/twitter.com\/LRoisDuPeloton\" \/>\n<meta name=\"twitter:site\" content=\"@dicodusport\" \/>\n<script type=\"application\/ld+json\" class=\"yoast-schema-graph\">{\"@context\":\"https:\/\/schema.org\",\"@graph\":[{\"@type\":\"NewsArticle\",\"@id\":\"https:\/\/dicodusport.fr\/blog\/cyclisme-championnats-deurope-2023-christophe-laporte-champion-deurope\/#article\",\"isPartOf\":{\"@id\":\"https:\/\/dicodusport.fr\/blog\/cyclisme-championnats-deurope-2023-christophe-laporte-champion-deurope\/\"},\"author\":{\"name\":\"Emilien Descampiaux\",\"@id\":\"https:\/\/dicodusport.fr\/blog\/#\/schema\/person\/6db4bae06b171592211be385b32876a7\"},\"headline\":\"Cyclisme Championnats d&rsquo;Europe 2023 : Christophe Laporte champion d&rsquo;Europe !\",\"datePublished\":\"2023-09-24T14:54:30+00:00\",\"dateModified\":\"2023-09-24T20:49:22+00:00\",\"mainEntityOfPage\":{\"@id\":\"https:\/\/dicodusport.fr\/blog\/cyclisme-championnats-deurope-2023-christophe-laporte-champion-deurope\/\"},\"wordCount\":562,\"commentCount\":1,\"publisher\":{\"@id\":\"https:\/\/dicodusport.fr\/blog\/#organization\"},\"image\":{\"@id\":\"https:\/\/dicodusport.fr\/blog\/cyclisme-championnats-deurope-2023-christophe-laporte-champion-deurope\/#primaryimage\"},\"thumbnailUrl\":\"https:\/\/dicodusport.fr\/blog\/wp-content\/uploads\/2023\/09\/Cyclisme-Championnats-dEurope-2023-Christophe-Laporte-champion-dEurope-2.png\",\"keywords\":[\"br\u00e8ve\",\"Christophe Laporte\",\"sport\"],\"articleSection\":[\"Cyclisme sur route\"],\"inLanguage\":\"fr-FR\",\"potentialAction\":[{\"@type\":\"CommentAction\",\"name\":\"Comment\",\"target\":[\"https:\/\/dicodusport.fr\/blog\/cyclisme-championnats-deurope-2023-christophe-laporte-champion-deurope\/#respond\"]}],\"copyrightYear\":\"2023\",\"copyrightHolder\":{\"@id\":\"https:\/\/dicodusport.fr\/blog\/#organization\"}},{\"@type\":\"WebPage\",\"@id\":\"https:\/\/dicodusport.fr\/blog\/cyclisme-championnats-deurope-2023-christophe-laporte-champion-deurope\/\",\"url\":\"https:\/\/dicodusport.fr\/blog\/cyclisme-championnats-deurope-2023-christophe-laporte-champion-deurope\/\",\"name\":\"Cyclisme Championnats d'Europe 2023 : Christophe Laporte champion d'Europe !\",\"isPartOf\":{\"@id\":\"https:\/\/dicodusport.fr\/blog\/#website\"},\"primaryImageOfPage\":{\"@id\":\"https:\/\/dicodusport.fr\/blog\/cyclisme-championnats-deurope-2023-christophe-laporte-champion-deurope\/#primaryimage\"},\"image\":{\"@id\":\"https:\/\/dicodusport.fr\/blog\/cyclisme-championnats-deurope-2023-christophe-laporte-champion-deurope\/#primaryimage\"},\"thumbnailUrl\":\"https:\/\/dicodusport.fr\/blog\/wp-content\/uploads\/2023\/09\/Cyclisme-Championnats-dEurope-2023-Christophe-Laporte-champion-dEurope-2.png\",\"datePublished\":\"2023-09-24T14:54:30+00:00\",\"dateModified\":\"2023-09-24T20:49:22+00:00\",\"description\":\"CHAMPIONNATS D'EUROPE DE CYCLISME SUR ROUTE 2023 - Christophe Laporte (France) est devenu champion d'Europe sur le circuit du Col de VAM.\",\"breadcrumb\":{\"@id\":\"https:\/\/dicodusport.fr\/blog\/cyclisme-championnats-deurope-2023-christophe-laporte-champion-deurope\/#breadcrumb\"},\"inLanguage\":\"fr-FR\",\"potentialAction\":[{\"@type\":\"ReadAction\",\"target\":[\"https:\/\/dicodusport.fr\/blog\/cyclisme-championnats-deurope-2023-christophe-laporte-champion-deurope\/\"]}]},{\"@type\":\"ImageObject\",\"inLanguage\":\"fr-FR\",\"@id\":\"https:\/\/dicodusport.fr\/blog\/cyclisme-championnats-deurope-2023-christophe-laporte-champion-deurope\/#primaryimage\",\"url\":\"https:\/\/dicodusport.fr\/blog\/wp-content\/uploads\/2023\/09\/Cyclisme-Championnats-dEurope-2023-Christophe-Laporte-champion-dEurope-2.png\",\"contentUrl\":\"https:\/\/dicodusport.fr\/blog\/wp-content\/uploads\/2023\/09\/Cyclisme-Championnats-dEurope-2023-Christophe-Laporte-champion-dEurope-2.png\",\"width\":800,\"height\":445,\"caption\":\"Cyclisme Championnats d'Europe 2023 Christophe Laporte champion d'Europe ! (2)\"},{\"@type\":\"BreadcrumbList\",\"@id\":\"https:\/\/dicodusport.fr\/blog\/cyclisme-championnats-deurope-2023-christophe-laporte-champion-deurope\/#breadcrumb\",\"itemListElement\":[{\"@type\":\"ListItem\",\"position\":1,\"name\":\"Accueil\",\"item\":\"https:\/\/dicodusport.fr\/blog\/\"},{\"@type\":\"ListItem\",\"position\":2,\"name\":\"Cyclisme Championnats d&rsquo;Europe 2023 : Christophe Laporte champion d&rsquo;Europe !\"}]},{\"@type\":\"WebSite\",\"@id\":\"https:\/\/dicodusport.fr\/blog\/#website\",\"url\":\"https:\/\/dicodusport.fr\/blog\/\",\"name\":\"Dicodusport\",\"description\":\"L&#039;encyclop\u00e9die de l&#039;actualit\u00e9 sportive\",\"publisher\":{\"@id\":\"https:\/\/dicodusport.fr\/blog\/#organization\"},\"potentialAction\":[{\"@type\":\"SearchAction\",\"target\":{\"@type\":\"EntryPoint\",\"urlTemplate\":\"https:\/\/dicodusport.fr\/blog\/?s={search_term_string}\"},\"query-input\":{\"@type\":\"PropertyValueSpecification\",\"valueRequired\":true,\"valueName\":\"search_term_string\"}}],\"inLanguage\":\"fr-FR\"},{\"@type\":\"NewsMediaOrganization\",\"@id\":\"https:\/\/dicodusport.fr\/blog\/#organization\",\"name\":\"Dicodusport\",\"url\":\"https:\/\/dicodusport.fr\/blog\/\",\"logo\":{\"@type\":\"ImageObject\",\"inLanguage\":\"fr-FR\",\"@id\":\"https:\/\/dicodusport.fr\/blog\/#\/schema\/logo\/image\/\",\"url\":\"https:\/\/dicodusport.fr\/blog\/wp-content\/uploads\/2020\/06\/cropped-LOGO-DICODUSPORT-2020-SANS-FOND-SANS-TEXTE.png\",\"contentUrl\":\"https:\/\/dicodusport.fr\/blog\/wp-content\/uploads\/2020\/06\/cropped-LOGO-DICODUSPORT-2020-SANS-FOND-SANS-TEXTE.png\",\"width\":512,\"height\":512,\"caption\":\"Dicodusport\"},\"image\":{\"@id\":\"https:\/\/dicodusport.fr\/blog\/#\/schema\/logo\/image\/\"},\"sameAs\":[\"https:\/\/www.facebook.com\/dicodusport\",\"https:\/\/x.com\/dicodusport\",\"https:\/\/www.instagram.com\/dicodusport\/\",\"https:\/\/www.youtube.com\/channel\/UC7V2KZ5sd3htJivAbA4ZG3w\"],\"description\":\"Dicodusport est l'encyclop\u00e9die de l'actualit\u00e9 sportive.\",\"email\":\"bonjour@dicodusport.fr\",\"legalName\":\"DICODUSPORT\",\"foundingDate\":\"2018-01-14\",\"vatID\":\"FR71834470973\",\"taxID\":\"83447097300043\",\"numberOfEmployees\":{\"@type\":\"QuantitativeValue\",\"minValue\":\"1\",\"maxValue\":\"10\"}},{\"@type\":\"Person\",\"@id\":\"https:\/\/dicodusport.fr\/blog\/#\/schema\/person\/6db4bae06b171592211be385b32876a7\",\"name\":\"Emilien Descampiaux\",\"image\":{\"@type\":\"ImageObject\",\"inLanguage\":\"fr-FR\",\"@id\":\"https:\/\/dicodusport.fr\/blog\/#\/schema\/person\/image\/\",\"url\":\"https:\/\/dicodusport.fr\/blog\/wp-content\/uploads\/2021\/05\/Emilien-Descampiaux-150x150.jpg\",\"contentUrl\":\"https:\/\/dicodusport.fr\/blog\/wp-content\/uploads\/2021\/05\/Emilien-Descampiaux-150x150.jpg\",\"caption\":\"Emilien Descampiaux\"},\"description\":\"Journaliste\/r\u00e9dacteur depuis 2014 - Fan de la classe de Frank Vandenbroucke, je vis cyclisme (et de ses paysages) depuis plus de 20 ans. Je suis tr\u00e8s impliqu\u00e9 sur mes diff\u00e9rents r\u00e9seaux sociaux pour partager ma passion sur le monde et l'Histoire de la bicyclette avec ma voix sur les images en noir et blanc du succ\u00e8s de Rik Van Steenbergen lors du Ronde sur le V\u00e9lodrome de Gand.\",\"sameAs\":[\"https:\/\/www.facebook.com\/groups\/LesRoisDuPeloton\",\"https:\/\/x.com\/https:\/\/twitter.com\/LRoisDuPeloton\"],\"url\":\"https:\/\/dicodusport.fr\/blog\/author\/emiliend\/\"}]}<\/script>\n<!-- \/ Yoast SEO Premium plugin. -->","yoast_head_json":{"title":"Cyclisme Championnats d'Europe 2023 : Christophe Laporte champion d'Europe !","description":"CHAMPIONNATS D'EUROPE DE CYCLISME SUR ROUTE 2023 - Christophe Laporte (France) est devenu champion d'Europe sur le circuit du Col de VAM.","robots":{"index":"index","follow":"follow","max-snippet":"max-snippet:-1","max-image-preview":"max-image-preview:large","max-video-preview":"max-video-preview:-1"},"canonical":"https:\/\/dicodusport.fr\/blog\/cyclisme-championnats-deurope-2023-christophe-laporte-champion-deurope\/","og_locale":"fr_FR","og_type":"article","og_title":"Cyclisme Championnats d'Europe 2023 : Christophe Laporte champion d'Europe !","og_description":"CHAMPIONNATS D'EUROPE DE CYCLISME SUR ROUTE 2023 - Christophe Laporte (France) est devenu champion d'Europe sur le circuit du Col de VAM.","og_url":"https:\/\/dicodusport.fr\/blog\/cyclisme-championnats-deurope-2023-christophe-laporte-champion-deurope\/","og_site_name":"Dicodusport","article_publisher":"https:\/\/www.facebook.com\/dicodusport","article_author":"https:\/\/www.facebook.com\/groups\/LesRoisDuPeloton","article_published_time":"2023-09-24T14:54:30+00:00","article_modified_time":"2023-09-24T20:49:22+00:00","og_image":[{"width":800,"height":445,"url":"https:\/\/dicodusport.fr\/blog\/wp-content\/uploads\/2023\/09\/Cyclisme-Championnats-dEurope-2023-Christophe-Laporte-champion-dEurope-2.png","type":"image\/png"}],"author":"Emilien Descampiaux","twitter_card":"summary_large_image","twitter_title":"Cyclisme Championnats d'Europe 2023 : Christophe Laporte champion d'Europe !","twitter_creator":"@https:\/\/twitter.com\/LRoisDuPeloton","twitter_site":"@dicodusport","schema":{"@context":"https:\/\/schema.org","@graph":[{"@type":"NewsArticle","@id":"https:\/\/dicodusport.fr\/blog\/cyclisme-championnats-deurope-2023-christophe-laporte-champion-deurope\/#article","isPartOf":{"@id":"https:\/\/dicodusport.fr\/blog\/cyclisme-championnats-deurope-2023-christophe-laporte-champion-deurope\/"},"author":{"name":"Emilien Descampiaux","@id":"https:\/\/dicodusport.fr\/blog\/#\/schema\/person\/6db4bae06b171592211be385b32876a7"},"headline":"Cyclisme Championnats d&rsquo;Europe 2023 : Christophe Laporte champion d&rsquo;Europe !","datePublished":"2023-09-24T14:54:30+00:00","dateModified":"2023-09-24T20:49:22+00:00","mainEntityOfPage":{"@id":"https:\/\/dicodusport.fr\/blog\/cyclisme-championnats-deurope-2023-christophe-laporte-champion-deurope\/"},"wordCount":562,"commentCount":1,"publisher":{"@id":"https:\/\/dicodusport.fr\/blog\/#organization"},"image":{"@id":"https:\/\/dicodusport.fr\/blog\/cyclisme-championnats-deurope-2023-christophe-laporte-champion-deurope\/#primaryimage"},"thumbnailUrl":"https:\/\/dicodusport.fr\/blog\/wp-content\/uploads\/2023\/09\/Cyclisme-Championnats-dEurope-2023-Christophe-Laporte-champion-dEurope-2.png","keywords":["br\u00e8ve","Christophe Laporte","sport"],"articleSection":["Cyclisme sur route"],"inLanguage":"fr-FR","potentialAction":[{"@type":"CommentAction","name":"Comment","target":["https:\/\/dicodusport.fr\/blog\/cyclisme-championnats-deurope-2023-christophe-laporte-champion-deurope\/#respond"]}],"copyrightYear":"2023","copyrightHolder":{"@id":"https:\/\/dicodusport.fr\/blog\/#organization"}},{"@type":"WebPage","@id":"https:\/\/dicodusport.fr\/blog\/cyclisme-championnats-deurope-2023-christophe-laporte-champion-deurope\/","url":"https:\/\/dicodusport.fr\/blog\/cyclisme-championnats-deurope-2023-christophe-laporte-champion-deurope\/","name":"Cyclisme Championnats d'Europe 2023 : Christophe Laporte champion d'Europe !","isPartOf":{"@id":"https:\/\/dicodusport.fr\/blog\/#website"},"primaryImageOfPage":{"@id":"https:\/\/dicodusport.fr\/blog\/cyclisme-championnats-deurope-2023-christophe-laporte-champion-deurope\/#primaryimage"},"image":{"@id":"https:\/\/dicodusport.fr\/blog\/cyclisme-championnats-deurope-2023-christophe-laporte-champion-deurope\/#primaryimage"},"thumbnailUrl":"https:\/\/dicodusport.fr\/blog\/wp-content\/uploads\/2023\/09\/Cyclisme-Championnats-dEurope-2023-Christophe-Laporte-champion-dEurope-2.png","datePublished":"2023-09-24T14:54:30+00:00","dateModified":"2023-09-24T20:49:22+00:00","description":"CHAMPIONNATS D'EUROPE DE CYCLISME SUR ROUTE 2023 - Christophe Laporte (France) est devenu champion d'Europe sur le circuit du Col de VAM.","breadcrumb":{"@id":"https:\/\/dicodusport.fr\/blog\/cyclisme-championnats-deurope-2023-christophe-laporte-champion-deurope\/#breadcrumb"},"inLanguage":"fr-FR","potentialAction":[{"@type":"ReadAction","target":["https:\/\/dicodusport.fr\/blog\/cyclisme-championnats-deurope-2023-christophe-laporte-champion-deurope\/"]}]},{"@type":"ImageObject","inLanguage":"fr-FR","@id":"https:\/\/dicodusport.fr\/blog\/cyclisme-championnats-deurope-2023-christophe-laporte-champion-deurope\/#primaryimage","url":"https:\/\/dicodusport.fr\/blog\/wp-content\/uploads\/2023\/09\/Cyclisme-Championnats-dEurope-2023-Christophe-Laporte-champion-dEurope-2.png","contentUrl":"https:\/\/dicodusport.fr\/blog\/wp-content\/uploads\/2023\/09\/Cyclisme-Championnats-dEurope-2023-Christophe-Laporte-champion-dEurope-2.png","width":800,"height":445,"caption":"Cyclisme Championnats d'Europe 2023 Christophe Laporte champion d'Europe ! (2)"},{"@type":"BreadcrumbList","@id":"https:\/\/dicodusport.fr\/blog\/cyclisme-championnats-deurope-2023-christophe-laporte-champion-deurope\/#breadcrumb","itemListElement":[{"@type":"ListItem","position":1,"name":"Accueil","item":"https:\/\/dicodusport.fr\/blog\/"},{"@type":"ListItem","position":2,"name":"Cyclisme Championnats d&rsquo;Europe 2023 : Christophe Laporte champion d&rsquo;Europe !"}]},{"@type":"WebSite","@id":"https:\/\/dicodusport.fr\/blog\/#website","url":"https:\/\/dicodusport.fr\/blog\/","name":"Dicodusport","description":"L&#039;encyclop\u00e9die de l&#039;actualit\u00e9 sportive","publisher":{"@id":"https:\/\/dicodusport.fr\/blog\/#organization"},"potentialAction":[{"@type":"SearchAction","target":{"@type":"EntryPoint","urlTemplate":"https:\/\/dicodusport.fr\/blog\/?s={search_term_string}"},"query-input":{"@type":"PropertyValueSpecification","valueRequired":true,"valueName":"search_term_string"}}],"inLanguage":"fr-FR"},{"@type":"NewsMediaOrganization","@id":"https:\/\/dicodusport.fr\/blog\/#organization","name":"Dicodusport","url":"https:\/\/dicodusport.fr\/blog\/","logo":{"@type":"ImageObject","inLanguage":"fr-FR","@id":"https:\/\/dicodusport.fr\/blog\/#\/schema\/logo\/image\/","url":"https:\/\/dicodusport.fr\/blog\/wp-content\/uploads\/2020\/06\/cropped-LOGO-DICODUSPORT-2020-SANS-FOND-SANS-TEXTE.png","contentUrl":"https:\/\/dicodusport.fr\/blog\/wp-content\/uploads\/2020\/06\/cropped-LOGO-DICODUSPORT-2020-SANS-FOND-SANS-TEXTE.png","width":512,"height":512,"caption":"Dicodusport"},"image":{"@id":"https:\/\/dicodusport.fr\/blog\/#\/schema\/logo\/image\/"},"sameAs":["https:\/\/www.facebook.com\/dicodusport","https:\/\/x.com\/dicodusport","https:\/\/www.instagram.com\/dicodusport\/","https:\/\/www.youtube.com\/channel\/UC7V2KZ5sd3htJivAbA4ZG3w"],"description":"Dicodusport est l'encyclop\u00e9die de l'actualit\u00e9 sportive.","email":"bonjour@dicodusport.fr","legalName":"DICODUSPORT","foundingDate":"2018-01-14","vatID":"FR71834470973","taxID":"83447097300043","numberOfEmployees":{"@type":"QuantitativeValue","minValue":"1","maxValue":"10"}},{"@type":"Person","@id":"https:\/\/dicodusport.fr\/blog\/#\/schema\/person\/6db4bae06b171592211be385b32876a7","name":"Emilien Descampiaux","image":{"@type":"ImageObject","inLanguage":"fr-FR","@id":"https:\/\/dicodusport.fr\/blog\/#\/schema\/person\/image\/","url":"https:\/\/dicodusport.fr\/blog\/wp-content\/uploads\/2021\/05\/Emilien-Descampiaux-150x150.jpg","contentUrl":"https:\/\/dicodusport.fr\/blog\/wp-content\/uploads\/2021\/05\/Emilien-Descampiaux-150x150.jpg","caption":"Emilien Descampiaux"},"description":"Journaliste\/r\u00e9dacteur depuis 2014 - Fan de la classe de Frank Vandenbroucke, je vis cyclisme (et de ses paysages) depuis plus de 20 ans. Je suis tr\u00e8s impliqu\u00e9 sur mes diff\u00e9rents r\u00e9seaux sociaux pour partager ma passion sur le monde et l'Histoire de la bicyclette avec ma voix sur les images en noir et blanc du succ\u00e8s de Rik Van Steenbergen lors du Ronde sur le V\u00e9lodrome de Gand.","sameAs":["https:\/\/www.facebook.com\/groups\/LesRoisDuPeloton","https:\/\/x.com\/https:\/\/twitter.com\/LRoisDuPeloton"],"url":"https:\/\/dicodusport.fr\/blog\/author\/emiliend\/"}]}},"_links":{"self":[{"href":"https:\/\/dicodusport.fr\/blog\/wp-json\/wp\/v2\/posts\/422390","targetHints":{"allow":["GET"]}}],"collection":[{"href":"https:\/\/dicodusport.fr\/blog\/wp-json\/wp\/v2\/posts"}],"about":[{"href":"https:\/\/dicodusport.fr\/blog\/wp-json\/wp\/v2\/types\/post"}],"author":[{"embeddable":true,"href":"https:\/\/dicodusport.fr\/blog\/wp-json\/wp\/v2\/users\/48"}],"replies":[{"embeddable":true,"href":"https:\/\/dicodusport.fr\/blog\/wp-json\/wp\/v2\/comments?post=422390"}],"version-history":[{"count":0,"href":"https:\/\/dicodusport.fr\/blog\/wp-json\/wp\/v2\/posts\/422390\/revisions"}],"wp:featuredmedia":[{"embeddable":true,"href":"https:\/\/dicodusport.fr\/blog\/wp-json\/wp\/v2\/media\/422480"}],"wp:attachment":[{"href":"https:\/\/dicodusport.fr\/blog\/wp-json\/wp\/v2\/media?parent=422390"}],"wp:term":[{"taxonomy":"category","embeddable":true,"href":"https:\/\/dicodusport.fr\/blog\/wp-json\/wp\/v2\/categories?post=422390"},{"taxonomy":"post_tag","embeddable":true,"href":"https:\/\/dicodusport.fr\/blog\/wp-json\/wp\/v2\/tags?post=422390"}],"curies":[{"name":"wp","href":"https:\/\/api.w.org\/{rel}","templated":true}]}}