{"id":422411,"date":"2023-09-24T17:09:59","date_gmt":"2023-09-24T15:09:59","guid":{"rendered":"https:\/\/dicodusport.fr\/blog\/?p=422411&#038;preview=true&#038;preview_id=422411"},"modified":"2023-09-24T22:36:42","modified_gmt":"2023-09-24T20:36:42","slug":"vtt-test-event-paris-2024-victor-koretzky-simpose","status":"publish","type":"post","link":"https:\/\/dicodusport.fr\/blog\/vtt-test-event-paris-2024-victor-koretzky-simpose\/","title":{"rendered":"VTT Test Event Paris 2024 : Victor Koretzky s&rsquo;impose"},"content":{"rendered":"<p align=\"justify\"><em><strong>VTT TEST EVENT <a href=\"https:\/\/dicodusport.fr\/blog\/jo-paris-2024\/\">JO PARIS 2024<\/a> &#8211; Ce dimanche, le Fran\u00e7ais Victor Koretzky a remport\u00e9 le test event des JO de Paris 2024, \u00e0 \u00c9lancourt. Il a devanc\u00e9 le N\u00e9o-Z\u00e9landais Anton Cooper et le Suisse Nino Schurter.<\/strong><\/em><\/p>\n<p align=\"justify\">Apr\u00e8s <a href=\"https:\/\/dicodusport.fr\/blog\/vtt-test-event-paris-2024-victoire-de-loana-lecomte\/\">le succ\u00e8s de <strong>Loana Lecomte<\/strong> chez les dames<\/a>, son compatriote <strong>Victor Koretzky<\/strong> a glan\u00e9 ce dimanche le test event masculin de VTT cross-country des JO de Paris. Au terme des six tours sur le trac\u00e9 de la colline d&rsquo;\u00c9lancourt dans les Yvelines, le pilote <em>Specialized<\/em>, pensionnaire de la formation <strong>Bora-Hansgrohe<\/strong> sur la route, a devanc\u00e9 au sprint le N\u00e9o-Z\u00e9landais <strong>Anton Cooper<\/strong> et la l\u00e9gende suisse <strong>Nino Schurter<\/strong>. Double vainqueur sur la Coupe du monde des Gets (France) il y a quinze jours, avec le doubl\u00e9 XCC &#8211; XCO, le Biterrois de 29 ans confirme son excellente forme.<\/p>\n<blockquote class=\"twitter-tweet\">\n<p dir=\"ltr\" lang=\"fr\">Au finish le Fran\u00e7ais Victor Koretzky remporte en 1h 14mn 16s l&rsquo;\u00e9preuve test de Mountain Bike \u00e0 \u00c9lancourt devant Anton Cooper \ud83c\uddf3\ud83c\uddff et Nino Schurter\ud83c\udde8\ud83c\udded<br \/>\nUne course prometteuse qui nous met tous en selle vers les Jeux de <a href=\"https:\/\/twitter.com\/hashtag\/Paris2024?src=hash&amp;ref_src=twsrc%5Etfw\">#Paris2024<\/a><br \/>\nRendez-vous le 29 juillet 2024 !<a href=\"https:\/\/twitter.com\/UCI_cycling?ref_src=twsrc%5Etfw\">@UCI_cycling<\/a> <a href=\"https:\/\/t.co\/4G5Mht25qR\">pic.twitter.com\/4G5Mht25qR<\/a><\/p>\n<p>\u2014 Paris 2024 (@Paris2024) <a href=\"https:\/\/twitter.com\/Paris2024\/status\/1705976073601589441?ref_src=twsrc%5Etfw\">September 24, 2023<\/a><\/p><\/blockquote>\n<p><script async src=\"https:\/\/platform.twitter.com\/widgets.js\" charset=\"utf-8\"><\/script><\/p>\n<p align=\"justify\">Pr\u00e9sent en reconnaissance, le N\u00e9erlandais <strong>Mathieu van der Poel<\/strong>, r\u00e9cent champion du monde sur route, termine \u00e0 une anonyme 28\u00e8me place. Tout comme le champion du monde de la discipline, le Britannique <strong>Tom Pidcock<\/strong>, termine seulement 36\u00e8me.<\/p>\n","protected":false},"excerpt":{"rendered":"<p>VTT TEST EVENT JO PARIS 2024 &#8211; Ce dimanche, le Fran\u00e7ais Victor Koretzky a remport\u00e9 le test event des JO de Paris 2024, \u00e0 \u00c9lancourt. Il a devanc\u00e9 le N\u00e9o-Z\u00e9landais Anton Cooper et le Suisse Nino Schurter.<\/p>\n","protected":false},"author":4,"featured_media":422442,"comment_status":"open","ping_status":"closed","sticky":false,"template":"","format":"standard","meta":{"_acf_changed":false,"_daextam_enable_autolinks":"","footnotes":""},"categories":[8436,10279],"tags":[16878,1504,692],"class_list":["post-422411","post","type-post","status-publish","format-standard","has-post-thumbnail","hentry","category-jo-paris-2024","category-vtt","tag-breve","tag-jo-2024","tag-vtt"],"acf":[],"yoast_head":"<!-- This site is optimized with the Yoast SEO Premium plugin v26.7 (Yoast SEO v26.7) - https:\/\/yoast.com\/wordpress\/plugins\/seo\/ -->\n<title>VTT Test Event Paris 2024 : Victor Koretzky s&#039;impose<\/title>\n<meta name=\"description\" content=\"VTT TEST EVENT JO PARIS 2024 - Ce dimanche, le Fran\u00e7ais Victor Koretzky a remport\u00e9 le test event des JO de Paris 2024, \u00e0 \u00c9lancourt.\" \/>\n<meta name=\"robots\" content=\"index, follow, max-snippet:-1, max-image-preview:large, max-video-preview:-1\" \/>\n<link rel=\"canonical\" href=\"https:\/\/dicodusport.fr\/blog\/vtt-test-event-paris-2024-victor-koretzky-simpose\/\" \/>\n<meta property=\"og:locale\" content=\"fr_FR\" \/>\n<meta property=\"og:type\" content=\"article\" \/>\n<meta property=\"og:title\" content=\"VTT Test Event Paris 2024 : Victor Koretzky s&#039;impose\" \/>\n<meta property=\"og:description\" content=\"VTT TEST EVENT JO PARIS 2024 - Ce dimanche, le Fran\u00e7ais Victor Koretzky a remport\u00e9 le test event des JO de Paris 2024, \u00e0 \u00c9lancourt.\" \/>\n<meta property=\"og:url\" content=\"https:\/\/dicodusport.fr\/blog\/vtt-test-event-paris-2024-victor-koretzky-simpose\/\" \/>\n<meta property=\"og:site_name\" content=\"Dicodusport\" \/>\n<meta property=\"article:publisher\" content=\"https:\/\/www.facebook.com\/dicodusport\" \/>\n<meta property=\"article:author\" content=\"https:\/\/www.facebook.com\/florent.ostermann\" \/>\n<meta property=\"article:published_time\" content=\"2023-09-24T15:09:59+00:00\" \/>\n<meta property=\"article:modified_time\" content=\"2023-09-24T20:36:42+00:00\" \/>\n<meta property=\"og:image\" content=\"https:\/\/dicodusport.fr\/blog\/wp-content\/uploads\/2023\/09\/VTT-Test-Event-Paris-2024-Victor-Koretzky-simpose.png\" \/>\n\t<meta property=\"og:image:width\" content=\"800\" \/>\n\t<meta property=\"og:image:height\" content=\"445\" \/>\n\t<meta property=\"og:image:type\" content=\"image\/png\" \/>\n<meta name=\"author\" content=\"Flo Ostermann\" \/>\n<meta name=\"twitter:card\" content=\"summary_large_image\" \/>\n<meta name=\"twitter:title\" content=\"VTT Test Event Paris 2024 : Victor Koretzky s&#039;impose\" \/>\n<meta name=\"twitter:creator\" content=\"@https:\/\/twitter.com\/FlOstermann\" \/>\n<meta name=\"twitter:site\" content=\"@dicodusport\" \/>\n<script type=\"application\/ld+json\" class=\"yoast-schema-graph\">{\"@context\":\"https:\/\/schema.org\",\"@graph\":[{\"@type\":\"NewsArticle\",\"@id\":\"https:\/\/dicodusport.fr\/blog\/vtt-test-event-paris-2024-victor-koretzky-simpose\/#article\",\"isPartOf\":{\"@id\":\"https:\/\/dicodusport.fr\/blog\/vtt-test-event-paris-2024-victor-koretzky-simpose\/\"},\"author\":{\"name\":\"Flo Ostermann\",\"@id\":\"https:\/\/dicodusport.fr\/blog\/#\/schema\/person\/cb02af4c173ce4a653b55e9baf388d4a\"},\"headline\":\"VTT Test Event Paris 2024 : Victor Koretzky s&rsquo;impose\",\"datePublished\":\"2023-09-24T15:09:59+00:00\",\"dateModified\":\"2023-09-24T20:36:42+00:00\",\"mainEntityOfPage\":{\"@id\":\"https:\/\/dicodusport.fr\/blog\/vtt-test-event-paris-2024-victor-koretzky-simpose\/\"},\"wordCount\":240,\"commentCount\":0,\"publisher\":{\"@id\":\"https:\/\/dicodusport.fr\/blog\/#organization\"},\"image\":{\"@id\":\"https:\/\/dicodusport.fr\/blog\/vtt-test-event-paris-2024-victor-koretzky-simpose\/#primaryimage\"},\"thumbnailUrl\":\"https:\/\/dicodusport.fr\/blog\/wp-content\/uploads\/2023\/09\/VTT-Test-Event-Paris-2024-Victor-Koretzky-simpose.png\",\"keywords\":[\"br\u00e8ve\",\"JO 2024\",\"VTT\"],\"articleSection\":[\"JO Paris 2024\",\"VTT\"],\"inLanguage\":\"fr-FR\",\"potentialAction\":[{\"@type\":\"CommentAction\",\"name\":\"Comment\",\"target\":[\"https:\/\/dicodusport.fr\/blog\/vtt-test-event-paris-2024-victor-koretzky-simpose\/#respond\"]}],\"copyrightYear\":\"2023\",\"copyrightHolder\":{\"@id\":\"https:\/\/dicodusport.fr\/blog\/#organization\"}},{\"@type\":\"WebPage\",\"@id\":\"https:\/\/dicodusport.fr\/blog\/vtt-test-event-paris-2024-victor-koretzky-simpose\/\",\"url\":\"https:\/\/dicodusport.fr\/blog\/vtt-test-event-paris-2024-victor-koretzky-simpose\/\",\"name\":\"VTT Test Event Paris 2024 : Victor Koretzky s'impose\",\"isPartOf\":{\"@id\":\"https:\/\/dicodusport.fr\/blog\/#website\"},\"primaryImageOfPage\":{\"@id\":\"https:\/\/dicodusport.fr\/blog\/vtt-test-event-paris-2024-victor-koretzky-simpose\/#primaryimage\"},\"image\":{\"@id\":\"https:\/\/dicodusport.fr\/blog\/vtt-test-event-paris-2024-victor-koretzky-simpose\/#primaryimage\"},\"thumbnailUrl\":\"https:\/\/dicodusport.fr\/blog\/wp-content\/uploads\/2023\/09\/VTT-Test-Event-Paris-2024-Victor-Koretzky-simpose.png\",\"datePublished\":\"2023-09-24T15:09:59+00:00\",\"dateModified\":\"2023-09-24T20:36:42+00:00\",\"description\":\"VTT TEST EVENT JO PARIS 2024 - Ce dimanche, le Fran\u00e7ais Victor Koretzky a remport\u00e9 le test event des JO de Paris 2024, \u00e0 \u00c9lancourt.\",\"breadcrumb\":{\"@id\":\"https:\/\/dicodusport.fr\/blog\/vtt-test-event-paris-2024-victor-koretzky-simpose\/#breadcrumb\"},\"inLanguage\":\"fr-FR\",\"potentialAction\":[{\"@type\":\"ReadAction\",\"target\":[\"https:\/\/dicodusport.fr\/blog\/vtt-test-event-paris-2024-victor-koretzky-simpose\/\"]}]},{\"@type\":\"ImageObject\",\"inLanguage\":\"fr-FR\",\"@id\":\"https:\/\/dicodusport.fr\/blog\/vtt-test-event-paris-2024-victor-koretzky-simpose\/#primaryimage\",\"url\":\"https:\/\/dicodusport.fr\/blog\/wp-content\/uploads\/2023\/09\/VTT-Test-Event-Paris-2024-Victor-Koretzky-simpose.png\",\"contentUrl\":\"https:\/\/dicodusport.fr\/blog\/wp-content\/uploads\/2023\/09\/VTT-Test-Event-Paris-2024-Victor-Koretzky-simpose.png\",\"width\":800,\"height\":445,\"caption\":\"VTT Test Event Paris 2024 Victor Koretzky s'impose\"},{\"@type\":\"BreadcrumbList\",\"@id\":\"https:\/\/dicodusport.fr\/blog\/vtt-test-event-paris-2024-victor-koretzky-simpose\/#breadcrumb\",\"itemListElement\":[{\"@type\":\"ListItem\",\"position\":1,\"name\":\"Accueil\",\"item\":\"https:\/\/dicodusport.fr\/blog\/\"},{\"@type\":\"ListItem\",\"position\":2,\"name\":\"VTT Test Event Paris 2024 : Victor Koretzky s&rsquo;impose\"}]},{\"@type\":\"WebSite\",\"@id\":\"https:\/\/dicodusport.fr\/blog\/#website\",\"url\":\"https:\/\/dicodusport.fr\/blog\/\",\"name\":\"Dicodusport\",\"description\":\"L&#039;encyclop\u00e9die de l&#039;actualit\u00e9 sportive\",\"publisher\":{\"@id\":\"https:\/\/dicodusport.fr\/blog\/#organization\"},\"potentialAction\":[{\"@type\":\"SearchAction\",\"target\":{\"@type\":\"EntryPoint\",\"urlTemplate\":\"https:\/\/dicodusport.fr\/blog\/?s={search_term_string}\"},\"query-input\":{\"@type\":\"PropertyValueSpecification\",\"valueRequired\":true,\"valueName\":\"search_term_string\"}}],\"inLanguage\":\"fr-FR\"},{\"@type\":\"NewsMediaOrganization\",\"@id\":\"https:\/\/dicodusport.fr\/blog\/#organization\",\"name\":\"Dicodusport\",\"url\":\"https:\/\/dicodusport.fr\/blog\/\",\"logo\":{\"@type\":\"ImageObject\",\"inLanguage\":\"fr-FR\",\"@id\":\"https:\/\/dicodusport.fr\/blog\/#\/schema\/logo\/image\/\",\"url\":\"https:\/\/dicodusport.fr\/blog\/wp-content\/uploads\/2020\/06\/cropped-LOGO-DICODUSPORT-2020-SANS-FOND-SANS-TEXTE.png\",\"contentUrl\":\"https:\/\/dicodusport.fr\/blog\/wp-content\/uploads\/2020\/06\/cropped-LOGO-DICODUSPORT-2020-SANS-FOND-SANS-TEXTE.png\",\"width\":512,\"height\":512,\"caption\":\"Dicodusport\"},\"image\":{\"@id\":\"https:\/\/dicodusport.fr\/blog\/#\/schema\/logo\/image\/\"},\"sameAs\":[\"https:\/\/www.facebook.com\/dicodusport\",\"https:\/\/x.com\/dicodusport\",\"https:\/\/www.instagram.com\/dicodusport\/\",\"https:\/\/www.youtube.com\/channel\/UC7V2KZ5sd3htJivAbA4ZG3w\"],\"description\":\"Dicodusport est l'encyclop\u00e9die de l'actualit\u00e9 sportive.\",\"email\":\"bonjour@dicodusport.fr\",\"legalName\":\"DICODUSPORT\",\"foundingDate\":\"2018-01-14\",\"vatID\":\"FR71834470973\",\"taxID\":\"83447097300043\",\"numberOfEmployees\":{\"@type\":\"QuantitativeValue\",\"minValue\":\"1\",\"maxValue\":\"10\"}},{\"@type\":\"Person\",\"@id\":\"https:\/\/dicodusport.fr\/blog\/#\/schema\/person\/cb02af4c173ce4a653b55e9baf388d4a\",\"name\":\"Flo Ostermann\",\"image\":{\"@type\":\"ImageObject\",\"inLanguage\":\"fr-FR\",\"@id\":\"https:\/\/dicodusport.fr\/blog\/#\/schema\/person\/image\/\",\"url\":\"https:\/\/dicodusport.fr\/blog\/wp-content\/uploads\/2021\/05\/Flo-Ostermann-150x150.jpg\",\"contentUrl\":\"https:\/\/dicodusport.fr\/blog\/wp-content\/uploads\/2021\/05\/Flo-Ostermann-150x150.jpg\",\"caption\":\"Flo Ostermann\"},\"description\":\"Journaliste\/R\u00e9dacteur depuis septembre 2015 - Mes premiers souvenirs dans le sport ? Les envol\u00e9es du Stade Toulousain et les duels Villeneuve-Schumacher et H\u00e4kkinen-Schumacher \u00e0 la fin des ann\u00e9es 90, la Coupe du monde de football en 1998, l\u2019exploit du XV de France face aux All Blacks en 1999, mais aussi Richard C\u0153ur de Lion qui vole sur les montagnes du Tour de France. Bien parti pour devenir professeur d\u2019EPS, les \u00e9v\u00e9nements de la vie (et la flemme d\u2019animer des s\u00e9ances de 3x500 m\u00e8tres toute ma vie) m\u2019ont conduit \u00e0 revoir mes plans. Me voil\u00e0 depuis fin 2017 sur Dicodusport, m\u00e9dia gr\u00e2ce (et pour) lequel je partage ma passion : le sport dans tous ses \u00e9tats. Le tout accompagn\u00e9 par les fous furieux et folles furieuses cit\u00e9s sur cette page !\",\"sameAs\":[\"https:\/\/www.facebook.com\/florent.ostermann\",\"https:\/\/x.com\/https:\/\/twitter.com\/FlOstermann\",\"admin\"],\"url\":\"https:\/\/dicodusport.fr\/blog\/author\/flo\/\"}]}<\/script>\n<!-- \/ Yoast SEO Premium plugin. -->","yoast_head_json":{"title":"VTT Test Event Paris 2024 : Victor Koretzky s'impose","description":"VTT TEST EVENT JO PARIS 2024 - Ce dimanche, le Fran\u00e7ais Victor Koretzky a remport\u00e9 le test event des JO de Paris 2024, \u00e0 \u00c9lancourt.","robots":{"index":"index","follow":"follow","max-snippet":"max-snippet:-1","max-image-preview":"max-image-preview:large","max-video-preview":"max-video-preview:-1"},"canonical":"https:\/\/dicodusport.fr\/blog\/vtt-test-event-paris-2024-victor-koretzky-simpose\/","og_locale":"fr_FR","og_type":"article","og_title":"VTT Test Event Paris 2024 : Victor Koretzky s'impose","og_description":"VTT TEST EVENT JO PARIS 2024 - Ce dimanche, le Fran\u00e7ais Victor Koretzky a remport\u00e9 le test event des JO de Paris 2024, \u00e0 \u00c9lancourt.","og_url":"https:\/\/dicodusport.fr\/blog\/vtt-test-event-paris-2024-victor-koretzky-simpose\/","og_site_name":"Dicodusport","article_publisher":"https:\/\/www.facebook.com\/dicodusport","article_author":"https:\/\/www.facebook.com\/florent.ostermann","article_published_time":"2023-09-24T15:09:59+00:00","article_modified_time":"2023-09-24T20:36:42+00:00","og_image":[{"width":800,"height":445,"url":"https:\/\/dicodusport.fr\/blog\/wp-content\/uploads\/2023\/09\/VTT-Test-Event-Paris-2024-Victor-Koretzky-simpose.png","type":"image\/png"}],"author":"Flo Ostermann","twitter_card":"summary_large_image","twitter_title":"VTT Test Event Paris 2024 : Victor Koretzky s'impose","twitter_creator":"@https:\/\/twitter.com\/FlOstermann","twitter_site":"@dicodusport","schema":{"@context":"https:\/\/schema.org","@graph":[{"@type":"NewsArticle","@id":"https:\/\/dicodusport.fr\/blog\/vtt-test-event-paris-2024-victor-koretzky-simpose\/#article","isPartOf":{"@id":"https:\/\/dicodusport.fr\/blog\/vtt-test-event-paris-2024-victor-koretzky-simpose\/"},"author":{"name":"Flo Ostermann","@id":"https:\/\/dicodusport.fr\/blog\/#\/schema\/person\/cb02af4c173ce4a653b55e9baf388d4a"},"headline":"VTT Test Event Paris 2024 : Victor Koretzky s&rsquo;impose","datePublished":"2023-09-24T15:09:59+00:00","dateModified":"2023-09-24T20:36:42+00:00","mainEntityOfPage":{"@id":"https:\/\/dicodusport.fr\/blog\/vtt-test-event-paris-2024-victor-koretzky-simpose\/"},"wordCount":240,"commentCount":0,"publisher":{"@id":"https:\/\/dicodusport.fr\/blog\/#organization"},"image":{"@id":"https:\/\/dicodusport.fr\/blog\/vtt-test-event-paris-2024-victor-koretzky-simpose\/#primaryimage"},"thumbnailUrl":"https:\/\/dicodusport.fr\/blog\/wp-content\/uploads\/2023\/09\/VTT-Test-Event-Paris-2024-Victor-Koretzky-simpose.png","keywords":["br\u00e8ve","JO 2024","VTT"],"articleSection":["JO Paris 2024","VTT"],"inLanguage":"fr-FR","potentialAction":[{"@type":"CommentAction","name":"Comment","target":["https:\/\/dicodusport.fr\/blog\/vtt-test-event-paris-2024-victor-koretzky-simpose\/#respond"]}],"copyrightYear":"2023","copyrightHolder":{"@id":"https:\/\/dicodusport.fr\/blog\/#organization"}},{"@type":"WebPage","@id":"https:\/\/dicodusport.fr\/blog\/vtt-test-event-paris-2024-victor-koretzky-simpose\/","url":"https:\/\/dicodusport.fr\/blog\/vtt-test-event-paris-2024-victor-koretzky-simpose\/","name":"VTT Test Event Paris 2024 : Victor Koretzky s'impose","isPartOf":{"@id":"https:\/\/dicodusport.fr\/blog\/#website"},"primaryImageOfPage":{"@id":"https:\/\/dicodusport.fr\/blog\/vtt-test-event-paris-2024-victor-koretzky-simpose\/#primaryimage"},"image":{"@id":"https:\/\/dicodusport.fr\/blog\/vtt-test-event-paris-2024-victor-koretzky-simpose\/#primaryimage"},"thumbnailUrl":"https:\/\/dicodusport.fr\/blog\/wp-content\/uploads\/2023\/09\/VTT-Test-Event-Paris-2024-Victor-Koretzky-simpose.png","datePublished":"2023-09-24T15:09:59+00:00","dateModified":"2023-09-24T20:36:42+00:00","description":"VTT TEST EVENT JO PARIS 2024 - Ce dimanche, le Fran\u00e7ais Victor Koretzky a remport\u00e9 le test event des JO de Paris 2024, \u00e0 \u00c9lancourt.","breadcrumb":{"@id":"https:\/\/dicodusport.fr\/blog\/vtt-test-event-paris-2024-victor-koretzky-simpose\/#breadcrumb"},"inLanguage":"fr-FR","potentialAction":[{"@type":"ReadAction","target":["https:\/\/dicodusport.fr\/blog\/vtt-test-event-paris-2024-victor-koretzky-simpose\/"]}]},{"@type":"ImageObject","inLanguage":"fr-FR","@id":"https:\/\/dicodusport.fr\/blog\/vtt-test-event-paris-2024-victor-koretzky-simpose\/#primaryimage","url":"https:\/\/dicodusport.fr\/blog\/wp-content\/uploads\/2023\/09\/VTT-Test-Event-Paris-2024-Victor-Koretzky-simpose.png","contentUrl":"https:\/\/dicodusport.fr\/blog\/wp-content\/uploads\/2023\/09\/VTT-Test-Event-Paris-2024-Victor-Koretzky-simpose.png","width":800,"height":445,"caption":"VTT Test Event Paris 2024 Victor Koretzky s'impose"},{"@type":"BreadcrumbList","@id":"https:\/\/dicodusport.fr\/blog\/vtt-test-event-paris-2024-victor-koretzky-simpose\/#breadcrumb","itemListElement":[{"@type":"ListItem","position":1,"name":"Accueil","item":"https:\/\/dicodusport.fr\/blog\/"},{"@type":"ListItem","position":2,"name":"VTT Test Event Paris 2024 : Victor Koretzky s&rsquo;impose"}]},{"@type":"WebSite","@id":"https:\/\/dicodusport.fr\/blog\/#website","url":"https:\/\/dicodusport.fr\/blog\/","name":"Dicodusport","description":"L&#039;encyclop\u00e9die de l&#039;actualit\u00e9 sportive","publisher":{"@id":"https:\/\/dicodusport.fr\/blog\/#organization"},"potentialAction":[{"@type":"SearchAction","target":{"@type":"EntryPoint","urlTemplate":"https:\/\/dicodusport.fr\/blog\/?s={search_term_string}"},"query-input":{"@type":"PropertyValueSpecification","valueRequired":true,"valueName":"search_term_string"}}],"inLanguage":"fr-FR"},{"@type":"NewsMediaOrganization","@id":"https:\/\/dicodusport.fr\/blog\/#organization","name":"Dicodusport","url":"https:\/\/dicodusport.fr\/blog\/","logo":{"@type":"ImageObject","inLanguage":"fr-FR","@id":"https:\/\/dicodusport.fr\/blog\/#\/schema\/logo\/image\/","url":"https:\/\/dicodusport.fr\/blog\/wp-content\/uploads\/2020\/06\/cropped-LOGO-DICODUSPORT-2020-SANS-FOND-SANS-TEXTE.png","contentUrl":"https:\/\/dicodusport.fr\/blog\/wp-content\/uploads\/2020\/06\/cropped-LOGO-DICODUSPORT-2020-SANS-FOND-SANS-TEXTE.png","width":512,"height":512,"caption":"Dicodusport"},"image":{"@id":"https:\/\/dicodusport.fr\/blog\/#\/schema\/logo\/image\/"},"sameAs":["https:\/\/www.facebook.com\/dicodusport","https:\/\/x.com\/dicodusport","https:\/\/www.instagram.com\/dicodusport\/","https:\/\/www.youtube.com\/channel\/UC7V2KZ5sd3htJivAbA4ZG3w"],"description":"Dicodusport est l'encyclop\u00e9die de l'actualit\u00e9 sportive.","email":"bonjour@dicodusport.fr","legalName":"DICODUSPORT","foundingDate":"2018-01-14","vatID":"FR71834470973","taxID":"83447097300043","numberOfEmployees":{"@type":"QuantitativeValue","minValue":"1","maxValue":"10"}},{"@type":"Person","@id":"https:\/\/dicodusport.fr\/blog\/#\/schema\/person\/cb02af4c173ce4a653b55e9baf388d4a","name":"Flo Ostermann","image":{"@type":"ImageObject","inLanguage":"fr-FR","@id":"https:\/\/dicodusport.fr\/blog\/#\/schema\/person\/image\/","url":"https:\/\/dicodusport.fr\/blog\/wp-content\/uploads\/2021\/05\/Flo-Ostermann-150x150.jpg","contentUrl":"https:\/\/dicodusport.fr\/blog\/wp-content\/uploads\/2021\/05\/Flo-Ostermann-150x150.jpg","caption":"Flo Ostermann"},"description":"Journaliste\/R\u00e9dacteur depuis septembre 2015 - Mes premiers souvenirs dans le sport ? Les envol\u00e9es du Stade Toulousain et les duels Villeneuve-Schumacher et H\u00e4kkinen-Schumacher \u00e0 la fin des ann\u00e9es 90, la Coupe du monde de football en 1998, l\u2019exploit du XV de France face aux All Blacks en 1999, mais aussi Richard C\u0153ur de Lion qui vole sur les montagnes du Tour de France. Bien parti pour devenir professeur d\u2019EPS, les \u00e9v\u00e9nements de la vie (et la flemme d\u2019animer des s\u00e9ances de 3x500 m\u00e8tres toute ma vie) m\u2019ont conduit \u00e0 revoir mes plans. Me voil\u00e0 depuis fin 2017 sur Dicodusport, m\u00e9dia gr\u00e2ce (et pour) lequel je partage ma passion : le sport dans tous ses \u00e9tats. Le tout accompagn\u00e9 par les fous furieux et folles furieuses cit\u00e9s sur cette page !","sameAs":["https:\/\/www.facebook.com\/florent.ostermann","https:\/\/x.com\/https:\/\/twitter.com\/FlOstermann","admin"],"url":"https:\/\/dicodusport.fr\/blog\/author\/flo\/"}]}},"_links":{"self":[{"href":"https:\/\/dicodusport.fr\/blog\/wp-json\/wp\/v2\/posts\/422411","targetHints":{"allow":["GET"]}}],"collection":[{"href":"https:\/\/dicodusport.fr\/blog\/wp-json\/wp\/v2\/posts"}],"about":[{"href":"https:\/\/dicodusport.fr\/blog\/wp-json\/wp\/v2\/types\/post"}],"author":[{"embeddable":true,"href":"https:\/\/dicodusport.fr\/blog\/wp-json\/wp\/v2\/users\/4"}],"replies":[{"embeddable":true,"href":"https:\/\/dicodusport.fr\/blog\/wp-json\/wp\/v2\/comments?post=422411"}],"version-history":[{"count":0,"href":"https:\/\/dicodusport.fr\/blog\/wp-json\/wp\/v2\/posts\/422411\/revisions"}],"wp:featuredmedia":[{"embeddable":true,"href":"https:\/\/dicodusport.fr\/blog\/wp-json\/wp\/v2\/media\/422442"}],"wp:attachment":[{"href":"https:\/\/dicodusport.fr\/blog\/wp-json\/wp\/v2\/media?parent=422411"}],"wp:term":[{"taxonomy":"category","embeddable":true,"href":"https:\/\/dicodusport.fr\/blog\/wp-json\/wp\/v2\/categories?post=422411"},{"taxonomy":"post_tag","embeddable":true,"href":"https:\/\/dicodusport.fr\/blog\/wp-json\/wp\/v2\/tags?post=422411"}],"curies":[{"name":"wp","href":"https:\/\/api.w.org\/{rel}","templated":true}]}}