{"id":422652,"date":"2023-09-25T10:03:27","date_gmt":"2023-09-25T08:03:27","guid":{"rendered":"https:\/\/dicodusport.fr\/blog\/?p=422652&#038;preview=true&#038;preview_id=422652"},"modified":"2023-09-25T11:57:51","modified_gmt":"2023-09-25T09:57:51","slug":"championnats-du-monde-de-para-tir-pierre-guillaume-sage-titre-en-individuel-et-par-equipes","status":"publish","type":"post","link":"https:\/\/dicodusport.fr\/blog\/championnats-du-monde-de-para-tir-pierre-guillaume-sage-titre-en-individuel-et-par-equipes\/","title":{"rendered":"Championnats du monde de Para Tir : Pierre Guillaume-Sage titr\u00e9 en individuel et par \u00e9quipes"},"content":{"rendered":"<p style=\"text-align: justify;\" align=\"justify\"><em><strong>CHAMPIONNATS DU MONDE DE PARA TIR &#8211; L&rsquo;homme du weekend est Pierre Guillaume-Sage, titr\u00e9 \u00e0 la carabine par \u00e9quipes et en individuel, o\u00f9 il a \u00e9t\u00e9 accompagn\u00e9 sur le podium par Tanguy de La Forest.<\/strong><\/em><\/p>\n<p style=\"text-align: justify;\" align=\"justify\">Sacr\u00e9e comp\u00e9tition pour <strong>Pierre Guillaume-Sage<\/strong>. Sa journ\u00e9e d&rsquo;hier a commenc\u00e9 par une grande premi\u00e8re : un titre de champion du monde individuel. Engag\u00e9 sur la finale \u00e0 la carabine R5, il a domin\u00e9 la concurrence, remportant une derni\u00e8re manche \u00e0 tr\u00e8s haute intensit\u00e9 face \u00e0 l&rsquo;Italien <strong>Gianluca Iacus<\/strong> (255.5 contre 254.9). Mieux, il est mont\u00e9 sur le podium en compagnie de <strong>Tanguy de La Forest<\/strong>, <a href=\"https:\/\/dicodusport.fr\/blog\/championnats-du-monde-de-para-tir-tanguy-de-la-forest-titre-didier-richard-en-argent\/\">titr\u00e9 vendredi<\/a>, et cette fois en bronze.<\/p>\n<blockquote class=\"twitter-tweet\">\n<p dir=\"ltr\" lang=\"en\">European champion and now world champion! \u2728<\/p>\n<p>\ud83c\uddeb\ud83c\uddf7Pierre Guillaume-Sage takes gold for France in the R5 &#8211; Mixed 10m Air Rifle prone SH2.<\/p>\n<p>\ud83e\udd48Gianluca Iacus \ud83c\uddee\ud83c\uddf9<br \/>\n\ud83e\udd49Tanguy de la Forest \ud83c\uddeb\ud83c\uddf7<a href=\"https:\/\/twitter.com\/hashtag\/Lima2023?src=hash&amp;ref_src=twsrc%5Etfw\">#Lima2023<\/a> <a href=\"https:\/\/twitter.com\/PeruParalimpico?ref_src=twsrc%5Etfw\">@PeruParalimpico<\/a> <a href=\"https:\/\/twitter.com\/Paralympics?ref_src=twsrc%5Etfw\">@Paralympics<\/a> <a href=\"https:\/\/twitter.com\/ParaSport?ref_src=twsrc%5Etfw\">@ParaSport<\/a> <a href=\"https:\/\/twitter.com\/tir_ff?ref_src=twsrc%5Etfw\">@tir_ff<\/a> <a href=\"https:\/\/twitter.com\/FRAparalympique?ref_src=twsrc%5Etfw\">@FRAparalympique<\/a> <a href=\"https:\/\/twitter.com\/EquipeFRA?ref_src=twsrc%5Etfw\">@EquipeFRA<\/a> <a href=\"https:\/\/t.co\/bUr3CpGNCZ\">pic.twitter.com\/bUr3CpGNCZ<\/a><\/p>\n<p>\u2014 #ShootingParaSport #Lima2023 (@ShootingPara) <a href=\"https:\/\/twitter.com\/ShootingPara\/status\/1706081750080802865?ref_src=twsrc%5Etfw\">September 24, 2023<\/a><\/p><\/blockquote>\n<p style=\"text-align: justify;\"><script async src=\"https:\/\/platform.twitter.com\/widgets.js\" charset=\"utf-8\"><\/script><\/p>\n<p style=\"text-align: justify;\">Cerise sur le g\u00e2teau, cette belle performance d&rsquo;ensemble a offert \u00e0 l&rsquo;\u00e9quipe de France une autre m\u00e9daille. Car dans cette m\u00eame finale, les Bleus ont rat\u00e9 de peu le tripl\u00e9, puisque <strong>Justine Beve<\/strong> a pris la quatri\u00e8me place finale. Ainsi, ils ont logiquement rafl\u00e9 l&rsquo;or par \u00e9quipes, t\u00e9moignage de leur superbe comp\u00e9tition. Et ce n&rsquo;est pas fini.<\/p>\n","protected":false},"excerpt":{"rendered":"<p>CHAMPIONNATS DU MONDE DE PARA TIR &#8211; L&rsquo;homme du weekend est Pierre Guillaume-Sage, titr\u00e9 \u00e0 la carabine par \u00e9quipes et en individuel, o\u00f9 il a \u00e9t\u00e9 accompagn\u00e9 sur le podium par Tanguy de La Forest.<\/p>\n","protected":false},"author":59,"featured_media":422654,"comment_status":"open","ping_status":"closed","sticky":false,"template":"","format":"standard","meta":{"_acf_changed":false,"_daextam_enable_autolinks":"","footnotes":""},"categories":[5753,16898],"tags":[16878,33749,27797],"class_list":["post-422652","post","type-post","status-publish","format-standard","has-post-thumbnail","hentry","category-handisport","category-tir","tag-breve","tag-para-tir-sportif","tag-tanguy-de-la-forest"],"acf":[],"yoast_head":"<!-- This site is optimized with the Yoast SEO Premium plugin v26.7 (Yoast SEO v26.7) - https:\/\/yoast.com\/wordpress\/plugins\/seo\/ -->\n<title>Championnats du monde de Para Tir : Pierre Guillaume-Sage titr\u00e9 en individuel et par \u00e9quipes<\/title>\n<meta name=\"description\" content=\"CHAMPIONNATS DU MONDE DE PARA TIR - L&#039;homme du weekend est Pierre Guillaume-Sage, titr\u00e9 \u00e0 la carabine par \u00e9quipes et en individuel.\" \/>\n<meta name=\"robots\" content=\"index, follow, max-snippet:-1, max-image-preview:large, max-video-preview:-1\" \/>\n<link rel=\"canonical\" href=\"https:\/\/dicodusport.fr\/blog\/championnats-du-monde-de-para-tir-pierre-guillaume-sage-titre-en-individuel-et-par-equipes\/\" \/>\n<meta property=\"og:locale\" content=\"fr_FR\" \/>\n<meta property=\"og:type\" content=\"article\" \/>\n<meta property=\"og:title\" content=\"Championnats du monde de Para Tir : Pierre Guillaume-Sage titr\u00e9 en individuel et par \u00e9quipes\" \/>\n<meta property=\"og:description\" content=\"CHAMPIONNATS DU MONDE DE PARA TIR - L&#039;homme du weekend est Pierre Guillaume-Sage, titr\u00e9 \u00e0 la carabine par \u00e9quipes et en individuel.\" \/>\n<meta property=\"og:url\" content=\"https:\/\/dicodusport.fr\/blog\/championnats-du-monde-de-para-tir-pierre-guillaume-sage-titre-en-individuel-et-par-equipes\/\" \/>\n<meta property=\"og:site_name\" content=\"Dicodusport\" \/>\n<meta property=\"article:publisher\" content=\"https:\/\/www.facebook.com\/dicodusport\" \/>\n<meta property=\"article:author\" content=\"https:\/\/www.facebook.com\/sebastien.gente\/\" \/>\n<meta property=\"article:published_time\" content=\"2023-09-25T08:03:27+00:00\" \/>\n<meta property=\"article:modified_time\" content=\"2023-09-25T09:57:51+00:00\" \/>\n<meta property=\"og:image\" content=\"https:\/\/dicodusport.fr\/blog\/wp-content\/uploads\/2023\/09\/Championnats-du-monde-de-Para-Tir-Pierre-Guillaume-Sage-titre-en-individuel-et-par-equipes.png\" \/>\n\t<meta property=\"og:image:width\" content=\"800\" \/>\n\t<meta property=\"og:image:height\" content=\"445\" \/>\n\t<meta property=\"og:image:type\" content=\"image\/png\" \/>\n<meta name=\"author\" content=\"S\u00e9bastien Gente\" \/>\n<meta name=\"twitter:card\" content=\"summary_large_image\" \/>\n<meta name=\"twitter:title\" content=\"Championnats du monde de Para Tir : Pierre Guillaume-Sage titr\u00e9 en individuel et par \u00e9quipes\" \/>\n<meta name=\"twitter:creator\" content=\"@https:\/\/twitter.com\/globulo24\" \/>\n<meta name=\"twitter:site\" content=\"@dicodusport\" \/>\n<script type=\"application\/ld+json\" class=\"yoast-schema-graph\">{\"@context\":\"https:\/\/schema.org\",\"@graph\":[{\"@type\":\"NewsArticle\",\"@id\":\"https:\/\/dicodusport.fr\/blog\/championnats-du-monde-de-para-tir-pierre-guillaume-sage-titre-en-individuel-et-par-equipes\/#article\",\"isPartOf\":{\"@id\":\"https:\/\/dicodusport.fr\/blog\/championnats-du-monde-de-para-tir-pierre-guillaume-sage-titre-en-individuel-et-par-equipes\/\"},\"author\":{\"name\":\"S\u00e9bastien Gente\",\"@id\":\"https:\/\/dicodusport.fr\/blog\/#\/schema\/person\/627966a6cde45dbd8c5e36ac85d783da\"},\"headline\":\"Championnats du monde de Para Tir : Pierre Guillaume-Sage titr\u00e9 en individuel et par \u00e9quipes\",\"datePublished\":\"2023-09-25T08:03:27+00:00\",\"dateModified\":\"2023-09-25T09:57:51+00:00\",\"mainEntityOfPage\":{\"@id\":\"https:\/\/dicodusport.fr\/blog\/championnats-du-monde-de-para-tir-pierre-guillaume-sage-titre-en-individuel-et-par-equipes\/\"},\"wordCount\":234,\"commentCount\":0,\"publisher\":{\"@id\":\"https:\/\/dicodusport.fr\/blog\/#organization\"},\"image\":{\"@id\":\"https:\/\/dicodusport.fr\/blog\/championnats-du-monde-de-para-tir-pierre-guillaume-sage-titre-en-individuel-et-par-equipes\/#primaryimage\"},\"thumbnailUrl\":\"https:\/\/dicodusport.fr\/blog\/wp-content\/uploads\/2023\/09\/Championnats-du-monde-de-Para-Tir-Pierre-Guillaume-Sage-titre-en-individuel-et-par-equipes.png\",\"keywords\":[\"br\u00e8ve\",\"Para Tir sportif\",\"Tanguy de La Forest\"],\"articleSection\":[\"Handisport\",\"Tir\"],\"inLanguage\":\"fr-FR\",\"potentialAction\":[{\"@type\":\"CommentAction\",\"name\":\"Comment\",\"target\":[\"https:\/\/dicodusport.fr\/blog\/championnats-du-monde-de-para-tir-pierre-guillaume-sage-titre-en-individuel-et-par-equipes\/#respond\"]}],\"copyrightYear\":\"2023\",\"copyrightHolder\":{\"@id\":\"https:\/\/dicodusport.fr\/blog\/#organization\"}},{\"@type\":\"WebPage\",\"@id\":\"https:\/\/dicodusport.fr\/blog\/championnats-du-monde-de-para-tir-pierre-guillaume-sage-titre-en-individuel-et-par-equipes\/\",\"url\":\"https:\/\/dicodusport.fr\/blog\/championnats-du-monde-de-para-tir-pierre-guillaume-sage-titre-en-individuel-et-par-equipes\/\",\"name\":\"Championnats du monde de Para Tir : Pierre Guillaume-Sage titr\u00e9 en individuel et par \u00e9quipes\",\"isPartOf\":{\"@id\":\"https:\/\/dicodusport.fr\/blog\/#website\"},\"primaryImageOfPage\":{\"@id\":\"https:\/\/dicodusport.fr\/blog\/championnats-du-monde-de-para-tir-pierre-guillaume-sage-titre-en-individuel-et-par-equipes\/#primaryimage\"},\"image\":{\"@id\":\"https:\/\/dicodusport.fr\/blog\/championnats-du-monde-de-para-tir-pierre-guillaume-sage-titre-en-individuel-et-par-equipes\/#primaryimage\"},\"thumbnailUrl\":\"https:\/\/dicodusport.fr\/blog\/wp-content\/uploads\/2023\/09\/Championnats-du-monde-de-Para-Tir-Pierre-Guillaume-Sage-titre-en-individuel-et-par-equipes.png\",\"datePublished\":\"2023-09-25T08:03:27+00:00\",\"dateModified\":\"2023-09-25T09:57:51+00:00\",\"description\":\"CHAMPIONNATS DU MONDE DE PARA TIR - L'homme du weekend est Pierre Guillaume-Sage, titr\u00e9 \u00e0 la carabine par \u00e9quipes et en individuel.\",\"breadcrumb\":{\"@id\":\"https:\/\/dicodusport.fr\/blog\/championnats-du-monde-de-para-tir-pierre-guillaume-sage-titre-en-individuel-et-par-equipes\/#breadcrumb\"},\"inLanguage\":\"fr-FR\",\"potentialAction\":[{\"@type\":\"ReadAction\",\"target\":[\"https:\/\/dicodusport.fr\/blog\/championnats-du-monde-de-para-tir-pierre-guillaume-sage-titre-en-individuel-et-par-equipes\/\"]}]},{\"@type\":\"ImageObject\",\"inLanguage\":\"fr-FR\",\"@id\":\"https:\/\/dicodusport.fr\/blog\/championnats-du-monde-de-para-tir-pierre-guillaume-sage-titre-en-individuel-et-par-equipes\/#primaryimage\",\"url\":\"https:\/\/dicodusport.fr\/blog\/wp-content\/uploads\/2023\/09\/Championnats-du-monde-de-Para-Tir-Pierre-Guillaume-Sage-titre-en-individuel-et-par-equipes.png\",\"contentUrl\":\"https:\/\/dicodusport.fr\/blog\/wp-content\/uploads\/2023\/09\/Championnats-du-monde-de-Para-Tir-Pierre-Guillaume-Sage-titre-en-individuel-et-par-equipes.png\",\"width\":800,\"height\":445,\"caption\":\"Championnats du monde de Para Tir Pierre Guillaume-Sage titr\u00e9 en individuel et par \u00e9quipes\"},{\"@type\":\"BreadcrumbList\",\"@id\":\"https:\/\/dicodusport.fr\/blog\/championnats-du-monde-de-para-tir-pierre-guillaume-sage-titre-en-individuel-et-par-equipes\/#breadcrumb\",\"itemListElement\":[{\"@type\":\"ListItem\",\"position\":1,\"name\":\"Accueil\",\"item\":\"https:\/\/dicodusport.fr\/blog\/\"},{\"@type\":\"ListItem\",\"position\":2,\"name\":\"Championnats du monde de Para Tir : Pierre Guillaume-Sage titr\u00e9 en individuel et par \u00e9quipes\"}]},{\"@type\":\"WebSite\",\"@id\":\"https:\/\/dicodusport.fr\/blog\/#website\",\"url\":\"https:\/\/dicodusport.fr\/blog\/\",\"name\":\"Dicodusport\",\"description\":\"L&#039;encyclop\u00e9die de l&#039;actualit\u00e9 sportive\",\"publisher\":{\"@id\":\"https:\/\/dicodusport.fr\/blog\/#organization\"},\"potentialAction\":[{\"@type\":\"SearchAction\",\"target\":{\"@type\":\"EntryPoint\",\"urlTemplate\":\"https:\/\/dicodusport.fr\/blog\/?s={search_term_string}\"},\"query-input\":{\"@type\":\"PropertyValueSpecification\",\"valueRequired\":true,\"valueName\":\"search_term_string\"}}],\"inLanguage\":\"fr-FR\"},{\"@type\":\"NewsMediaOrganization\",\"@id\":\"https:\/\/dicodusport.fr\/blog\/#organization\",\"name\":\"Dicodusport\",\"url\":\"https:\/\/dicodusport.fr\/blog\/\",\"logo\":{\"@type\":\"ImageObject\",\"inLanguage\":\"fr-FR\",\"@id\":\"https:\/\/dicodusport.fr\/blog\/#\/schema\/logo\/image\/\",\"url\":\"https:\/\/dicodusport.fr\/blog\/wp-content\/uploads\/2020\/06\/cropped-LOGO-DICODUSPORT-2020-SANS-FOND-SANS-TEXTE.png\",\"contentUrl\":\"https:\/\/dicodusport.fr\/blog\/wp-content\/uploads\/2020\/06\/cropped-LOGO-DICODUSPORT-2020-SANS-FOND-SANS-TEXTE.png\",\"width\":512,\"height\":512,\"caption\":\"Dicodusport\"},\"image\":{\"@id\":\"https:\/\/dicodusport.fr\/blog\/#\/schema\/logo\/image\/\"},\"sameAs\":[\"https:\/\/www.facebook.com\/dicodusport\",\"https:\/\/x.com\/dicodusport\",\"https:\/\/www.instagram.com\/dicodusport\/\",\"https:\/\/www.youtube.com\/channel\/UC7V2KZ5sd3htJivAbA4ZG3w\"],\"description\":\"Dicodusport est l'encyclop\u00e9die de l'actualit\u00e9 sportive.\",\"email\":\"bonjour@dicodusport.fr\",\"legalName\":\"DICODUSPORT\",\"foundingDate\":\"2018-01-14\",\"vatID\":\"FR71834470973\",\"taxID\":\"83447097300043\",\"numberOfEmployees\":{\"@type\":\"QuantitativeValue\",\"minValue\":\"1\",\"maxValue\":\"10\"}},{\"@type\":\"Person\",\"@id\":\"https:\/\/dicodusport.fr\/blog\/#\/schema\/person\/627966a6cde45dbd8c5e36ac85d783da\",\"name\":\"S\u00e9bastien Gente\",\"image\":{\"@type\":\"ImageObject\",\"inLanguage\":\"fr-FR\",\"@id\":\"https:\/\/dicodusport.fr\/blog\/#\/schema\/person\/image\/\",\"url\":\"https:\/\/dicodusport.fr\/blog\/wp-content\/uploads\/2021\/09\/1510990_10205810251400683_4124423575079401707_n-150x150.jpg\",\"contentUrl\":\"https:\/\/dicodusport.fr\/blog\/wp-content\/uploads\/2021\/09\/1510990_10205810251400683_4124423575079401707_n-150x150.jpg\",\"caption\":\"S\u00e9bastien Gente\"},\"description\":\"John Stockton, Gianni Bugno, Zinedine Zidane, Steffi Graf, Frode Andresen, St\u00e9phane Stoecklin, Davis Kamoga, Primoz Peterka, Werner Schlager et Aur\u00e9lien Rougerie. Point commun entre ces sportifs? Ils m'ont fait r\u00eaver et ont berc\u00e9 mon adolescence. Je suis un fondu de sports et j'essaie de retranscrire ma passion \u00e0 travers mes articles. Originaire du P\u00e9rigord, ma passion pour les Girondins, les Jaunards et les Jazzmen transpire dans mes \u00e9crits. \u00c0 Dicodusport depuis 2021, je d\u00e9niche les sports m\u00e9connus dans lesquels la France brille, et il y en a !\",\"sameAs\":[\"https:\/\/www.facebook.com\/sebastien.gente\/\",\"https:\/\/www.instagram.com\/sebgente\/\",\"https:\/\/www.linkedin.com\/in\/sbastien-gente-a29583169\/\",\"https:\/\/x.com\/https:\/\/twitter.com\/globulo24\",\"SebastienGente\"],\"worksFor\":\"S\u00e9bastien GENTE\",\"url\":\"https:\/\/dicodusport.fr\/blog\/author\/sebastiengente\/\"}]}<\/script>\n<!-- \/ Yoast SEO Premium plugin. -->","yoast_head_json":{"title":"Championnats du monde de Para Tir : Pierre Guillaume-Sage titr\u00e9 en individuel et par \u00e9quipes","description":"CHAMPIONNATS DU MONDE DE PARA TIR - L'homme du weekend est Pierre Guillaume-Sage, titr\u00e9 \u00e0 la carabine par \u00e9quipes et en individuel.","robots":{"index":"index","follow":"follow","max-snippet":"max-snippet:-1","max-image-preview":"max-image-preview:large","max-video-preview":"max-video-preview:-1"},"canonical":"https:\/\/dicodusport.fr\/blog\/championnats-du-monde-de-para-tir-pierre-guillaume-sage-titre-en-individuel-et-par-equipes\/","og_locale":"fr_FR","og_type":"article","og_title":"Championnats du monde de Para Tir : Pierre Guillaume-Sage titr\u00e9 en individuel et par \u00e9quipes","og_description":"CHAMPIONNATS DU MONDE DE PARA TIR - L'homme du weekend est Pierre Guillaume-Sage, titr\u00e9 \u00e0 la carabine par \u00e9quipes et en individuel.","og_url":"https:\/\/dicodusport.fr\/blog\/championnats-du-monde-de-para-tir-pierre-guillaume-sage-titre-en-individuel-et-par-equipes\/","og_site_name":"Dicodusport","article_publisher":"https:\/\/www.facebook.com\/dicodusport","article_author":"https:\/\/www.facebook.com\/sebastien.gente\/","article_published_time":"2023-09-25T08:03:27+00:00","article_modified_time":"2023-09-25T09:57:51+00:00","og_image":[{"width":800,"height":445,"url":"https:\/\/dicodusport.fr\/blog\/wp-content\/uploads\/2023\/09\/Championnats-du-monde-de-Para-Tir-Pierre-Guillaume-Sage-titre-en-individuel-et-par-equipes.png","type":"image\/png"}],"author":"S\u00e9bastien Gente","twitter_card":"summary_large_image","twitter_title":"Championnats du monde de Para Tir : Pierre Guillaume-Sage titr\u00e9 en individuel et par \u00e9quipes","twitter_creator":"@https:\/\/twitter.com\/globulo24","twitter_site":"@dicodusport","schema":{"@context":"https:\/\/schema.org","@graph":[{"@type":"NewsArticle","@id":"https:\/\/dicodusport.fr\/blog\/championnats-du-monde-de-para-tir-pierre-guillaume-sage-titre-en-individuel-et-par-equipes\/#article","isPartOf":{"@id":"https:\/\/dicodusport.fr\/blog\/championnats-du-monde-de-para-tir-pierre-guillaume-sage-titre-en-individuel-et-par-equipes\/"},"author":{"name":"S\u00e9bastien Gente","@id":"https:\/\/dicodusport.fr\/blog\/#\/schema\/person\/627966a6cde45dbd8c5e36ac85d783da"},"headline":"Championnats du monde de Para Tir : Pierre Guillaume-Sage titr\u00e9 en individuel et par \u00e9quipes","datePublished":"2023-09-25T08:03:27+00:00","dateModified":"2023-09-25T09:57:51+00:00","mainEntityOfPage":{"@id":"https:\/\/dicodusport.fr\/blog\/championnats-du-monde-de-para-tir-pierre-guillaume-sage-titre-en-individuel-et-par-equipes\/"},"wordCount":234,"commentCount":0,"publisher":{"@id":"https:\/\/dicodusport.fr\/blog\/#organization"},"image":{"@id":"https:\/\/dicodusport.fr\/blog\/championnats-du-monde-de-para-tir-pierre-guillaume-sage-titre-en-individuel-et-par-equipes\/#primaryimage"},"thumbnailUrl":"https:\/\/dicodusport.fr\/blog\/wp-content\/uploads\/2023\/09\/Championnats-du-monde-de-Para-Tir-Pierre-Guillaume-Sage-titre-en-individuel-et-par-equipes.png","keywords":["br\u00e8ve","Para Tir sportif","Tanguy de La Forest"],"articleSection":["Handisport","Tir"],"inLanguage":"fr-FR","potentialAction":[{"@type":"CommentAction","name":"Comment","target":["https:\/\/dicodusport.fr\/blog\/championnats-du-monde-de-para-tir-pierre-guillaume-sage-titre-en-individuel-et-par-equipes\/#respond"]}],"copyrightYear":"2023","copyrightHolder":{"@id":"https:\/\/dicodusport.fr\/blog\/#organization"}},{"@type":"WebPage","@id":"https:\/\/dicodusport.fr\/blog\/championnats-du-monde-de-para-tir-pierre-guillaume-sage-titre-en-individuel-et-par-equipes\/","url":"https:\/\/dicodusport.fr\/blog\/championnats-du-monde-de-para-tir-pierre-guillaume-sage-titre-en-individuel-et-par-equipes\/","name":"Championnats du monde de Para Tir : Pierre Guillaume-Sage titr\u00e9 en individuel et par \u00e9quipes","isPartOf":{"@id":"https:\/\/dicodusport.fr\/blog\/#website"},"primaryImageOfPage":{"@id":"https:\/\/dicodusport.fr\/blog\/championnats-du-monde-de-para-tir-pierre-guillaume-sage-titre-en-individuel-et-par-equipes\/#primaryimage"},"image":{"@id":"https:\/\/dicodusport.fr\/blog\/championnats-du-monde-de-para-tir-pierre-guillaume-sage-titre-en-individuel-et-par-equipes\/#primaryimage"},"thumbnailUrl":"https:\/\/dicodusport.fr\/blog\/wp-content\/uploads\/2023\/09\/Championnats-du-monde-de-Para-Tir-Pierre-Guillaume-Sage-titre-en-individuel-et-par-equipes.png","datePublished":"2023-09-25T08:03:27+00:00","dateModified":"2023-09-25T09:57:51+00:00","description":"CHAMPIONNATS DU MONDE DE PARA TIR - L'homme du weekend est Pierre Guillaume-Sage, titr\u00e9 \u00e0 la carabine par \u00e9quipes et en individuel.","breadcrumb":{"@id":"https:\/\/dicodusport.fr\/blog\/championnats-du-monde-de-para-tir-pierre-guillaume-sage-titre-en-individuel-et-par-equipes\/#breadcrumb"},"inLanguage":"fr-FR","potentialAction":[{"@type":"ReadAction","target":["https:\/\/dicodusport.fr\/blog\/championnats-du-monde-de-para-tir-pierre-guillaume-sage-titre-en-individuel-et-par-equipes\/"]}]},{"@type":"ImageObject","inLanguage":"fr-FR","@id":"https:\/\/dicodusport.fr\/blog\/championnats-du-monde-de-para-tir-pierre-guillaume-sage-titre-en-individuel-et-par-equipes\/#primaryimage","url":"https:\/\/dicodusport.fr\/blog\/wp-content\/uploads\/2023\/09\/Championnats-du-monde-de-Para-Tir-Pierre-Guillaume-Sage-titre-en-individuel-et-par-equipes.png","contentUrl":"https:\/\/dicodusport.fr\/blog\/wp-content\/uploads\/2023\/09\/Championnats-du-monde-de-Para-Tir-Pierre-Guillaume-Sage-titre-en-individuel-et-par-equipes.png","width":800,"height":445,"caption":"Championnats du monde de Para Tir Pierre Guillaume-Sage titr\u00e9 en individuel et par \u00e9quipes"},{"@type":"BreadcrumbList","@id":"https:\/\/dicodusport.fr\/blog\/championnats-du-monde-de-para-tir-pierre-guillaume-sage-titre-en-individuel-et-par-equipes\/#breadcrumb","itemListElement":[{"@type":"ListItem","position":1,"name":"Accueil","item":"https:\/\/dicodusport.fr\/blog\/"},{"@type":"ListItem","position":2,"name":"Championnats du monde de Para Tir : Pierre Guillaume-Sage titr\u00e9 en individuel et par \u00e9quipes"}]},{"@type":"WebSite","@id":"https:\/\/dicodusport.fr\/blog\/#website","url":"https:\/\/dicodusport.fr\/blog\/","name":"Dicodusport","description":"L&#039;encyclop\u00e9die de l&#039;actualit\u00e9 sportive","publisher":{"@id":"https:\/\/dicodusport.fr\/blog\/#organization"},"potentialAction":[{"@type":"SearchAction","target":{"@type":"EntryPoint","urlTemplate":"https:\/\/dicodusport.fr\/blog\/?s={search_term_string}"},"query-input":{"@type":"PropertyValueSpecification","valueRequired":true,"valueName":"search_term_string"}}],"inLanguage":"fr-FR"},{"@type":"NewsMediaOrganization","@id":"https:\/\/dicodusport.fr\/blog\/#organization","name":"Dicodusport","url":"https:\/\/dicodusport.fr\/blog\/","logo":{"@type":"ImageObject","inLanguage":"fr-FR","@id":"https:\/\/dicodusport.fr\/blog\/#\/schema\/logo\/image\/","url":"https:\/\/dicodusport.fr\/blog\/wp-content\/uploads\/2020\/06\/cropped-LOGO-DICODUSPORT-2020-SANS-FOND-SANS-TEXTE.png","contentUrl":"https:\/\/dicodusport.fr\/blog\/wp-content\/uploads\/2020\/06\/cropped-LOGO-DICODUSPORT-2020-SANS-FOND-SANS-TEXTE.png","width":512,"height":512,"caption":"Dicodusport"},"image":{"@id":"https:\/\/dicodusport.fr\/blog\/#\/schema\/logo\/image\/"},"sameAs":["https:\/\/www.facebook.com\/dicodusport","https:\/\/x.com\/dicodusport","https:\/\/www.instagram.com\/dicodusport\/","https:\/\/www.youtube.com\/channel\/UC7V2KZ5sd3htJivAbA4ZG3w"],"description":"Dicodusport est l'encyclop\u00e9die de l'actualit\u00e9 sportive.","email":"bonjour@dicodusport.fr","legalName":"DICODUSPORT","foundingDate":"2018-01-14","vatID":"FR71834470973","taxID":"83447097300043","numberOfEmployees":{"@type":"QuantitativeValue","minValue":"1","maxValue":"10"}},{"@type":"Person","@id":"https:\/\/dicodusport.fr\/blog\/#\/schema\/person\/627966a6cde45dbd8c5e36ac85d783da","name":"S\u00e9bastien Gente","image":{"@type":"ImageObject","inLanguage":"fr-FR","@id":"https:\/\/dicodusport.fr\/blog\/#\/schema\/person\/image\/","url":"https:\/\/dicodusport.fr\/blog\/wp-content\/uploads\/2021\/09\/1510990_10205810251400683_4124423575079401707_n-150x150.jpg","contentUrl":"https:\/\/dicodusport.fr\/blog\/wp-content\/uploads\/2021\/09\/1510990_10205810251400683_4124423575079401707_n-150x150.jpg","caption":"S\u00e9bastien Gente"},"description":"John Stockton, Gianni Bugno, Zinedine Zidane, Steffi Graf, Frode Andresen, St\u00e9phane Stoecklin, Davis Kamoga, Primoz Peterka, Werner Schlager et Aur\u00e9lien Rougerie. Point commun entre ces sportifs? Ils m'ont fait r\u00eaver et ont berc\u00e9 mon adolescence. Je suis un fondu de sports et j'essaie de retranscrire ma passion \u00e0 travers mes articles. Originaire du P\u00e9rigord, ma passion pour les Girondins, les Jaunards et les Jazzmen transpire dans mes \u00e9crits. \u00c0 Dicodusport depuis 2021, je d\u00e9niche les sports m\u00e9connus dans lesquels la France brille, et il y en a !","sameAs":["https:\/\/www.facebook.com\/sebastien.gente\/","https:\/\/www.instagram.com\/sebgente\/","https:\/\/www.linkedin.com\/in\/sbastien-gente-a29583169\/","https:\/\/x.com\/https:\/\/twitter.com\/globulo24","SebastienGente"],"worksFor":"S\u00e9bastien GENTE","url":"https:\/\/dicodusport.fr\/blog\/author\/sebastiengente\/"}]}},"_links":{"self":[{"href":"https:\/\/dicodusport.fr\/blog\/wp-json\/wp\/v2\/posts\/422652","targetHints":{"allow":["GET"]}}],"collection":[{"href":"https:\/\/dicodusport.fr\/blog\/wp-json\/wp\/v2\/posts"}],"about":[{"href":"https:\/\/dicodusport.fr\/blog\/wp-json\/wp\/v2\/types\/post"}],"author":[{"embeddable":true,"href":"https:\/\/dicodusport.fr\/blog\/wp-json\/wp\/v2\/users\/59"}],"replies":[{"embeddable":true,"href":"https:\/\/dicodusport.fr\/blog\/wp-json\/wp\/v2\/comments?post=422652"}],"version-history":[{"count":0,"href":"https:\/\/dicodusport.fr\/blog\/wp-json\/wp\/v2\/posts\/422652\/revisions"}],"wp:featuredmedia":[{"embeddable":true,"href":"https:\/\/dicodusport.fr\/blog\/wp-json\/wp\/v2\/media\/422654"}],"wp:attachment":[{"href":"https:\/\/dicodusport.fr\/blog\/wp-json\/wp\/v2\/media?parent=422652"}],"wp:term":[{"taxonomy":"category","embeddable":true,"href":"https:\/\/dicodusport.fr\/blog\/wp-json\/wp\/v2\/categories?post=422652"},{"taxonomy":"post_tag","embeddable":true,"href":"https:\/\/dicodusport.fr\/blog\/wp-json\/wp\/v2\/tags?post=422652"}],"curies":[{"name":"wp","href":"https:\/\/api.w.org\/{rel}","templated":true}]}}