{"id":422737,"date":"2023-09-26T12:26:04","date_gmt":"2023-09-26T10:26:04","guid":{"rendered":"https:\/\/dicodusport.fr\/blog\/?p=422737&#038;preview=true&#038;preview_id=422737"},"modified":"2023-09-27T13:07:18","modified_gmt":"2023-09-27T11:07:18","slug":"cyclisme-christophe-laporte-doit-il-devenir-un-leader-chez-jumbo-visma","status":"publish","type":"post","link":"https:\/\/dicodusport.fr\/blog\/cyclisme-christophe-laporte-doit-il-devenir-un-leader-chez-jumbo-visma\/","title":{"rendered":"Cyclisme : Christophe Laporte doit-il devenir un leader chez Jumbo-Visma ?"},"content":{"rendered":"<p align=\"justify\"><em><strong>CYCLISME &#8211; Champion d&rsquo;Europe, Christophe Laporte a battu Wout Van Aert, son co\u00e9quipier chez Jumbo-Visma. Comme ce fut le cas pour la m\u00e9daille d&rsquo;argent lors des mondiaux 2022. Co\u00e9quipier de luxe du Belge ou de Jonas Vingegaard tout au long de l&rsquo;ann\u00e9e, le Fran\u00e7ais a r\u00e9alis\u00e9 une ann\u00e9e 2023 tr\u00e8s solide. De quoi en faire un leader de la formation n\u00e9erlandaise en 2023 ?<\/strong><\/em><\/p>\n<ul>\n<li style=\"text-align: justify;\"><strong>\u00c0 lire aussi \u2013\u00a0<a href=\"https:\/\/dicodusport.fr\/blog\/actualites\/cyclisme\/cyclisme-sur-route-2023\/\">L\u2019actualit\u00e9 du cyclisme sur route<\/a><\/strong><\/li>\n<\/ul>\n<h2 align=\"justify\">Une ann\u00e9e 2023 tr\u00e8s solide<\/h2>\n<p align=\"justify\">Bien qu&rsquo;il n&rsquo;ait pas couru tant que cela, avec seulement 43 jours de course apr\u00e8s les championnats d&rsquo;Europe, <strong>Christophe Laporte<\/strong> r\u00e9alise une saison 2023 pleine et r\u00e9guli\u00e8re. Aux Pays-Bas, <a href=\"https:\/\/dicodusport.fr\/blog\/cyclisme-championnats-deurope-2023-christophe-laporte-champion-deurope\/\">il a remport\u00e9 sa 5e victoire de la saison<\/a>. Contre quatre en 2022 et 2021. Ce n&rsquo;est pas au niveau de ses huit succ\u00e8s en 2019. Mais le prestige des victoires n&rsquo;est pas le m\u00eame. Christophe Laporte n&rsquo;avait alors scor\u00e9 que dans des courses inf\u00e9rieures.<\/p>\n<div class=\"vlp-link-container vlp-layout-article\"><a href=\"https:\/\/dicodusport.fr\/blog\/cyclisme-championnats-deurope-2023-christophe-laporte-champion-deurope\/\" class=\"vlp-link\" title=\"Cyclisme Championnats d&#039;Europe 2023 : Christophe Laporte champion d&#039;Europe !\"><\/a><div class=\"vlp-layout-zone-side\"><div class=\"vlp-block-4 vlp-link-image\"><img loading=\"lazy\" decoding=\"async\" style=\"max-width: 800px;\" width=\"800\" height=\"445\" src=\"https:\/\/dicodusport.fr\/blog\/wp-content\/uploads\/2023\/09\/Cyclisme-Championnats-dEurope-2023-Christophe-Laporte-champion-dEurope-2.png\" class=\"attachment-800x445 size-800x445\" alt=\"Cyclisme Championnats d&#039;Europe 2023 Christophe Laporte champion d&#039;Europe ! (2)\" srcset=\"https:\/\/dicodusport.fr\/blog\/wp-content\/uploads\/2023\/09\/Cyclisme-Championnats-dEurope-2023-Christophe-Laporte-champion-dEurope-2.png 800w, https:\/\/dicodusport.fr\/blog\/wp-content\/uploads\/2023\/09\/Cyclisme-Championnats-dEurope-2023-Christophe-Laporte-champion-dEurope-2-300x167.png 300w, https:\/\/dicodusport.fr\/blog\/wp-content\/uploads\/2023\/09\/Cyclisme-Championnats-dEurope-2023-Christophe-Laporte-champion-dEurope-2-768x427.png 768w\" sizes=\"auto, (max-width: 800px) 100vw, 800px\" \/><\/div><\/div><div class=\"vlp-layout-zone-main\"><div class=\"vlp-block-0 vlp-link-title\">Cyclisme Championnats d'Europe 2023 : Christophe Laporte champion d'Europe !<\/div><div class=\"vlp-block-1 vlp-link-summary\">CHAMPIONNATS D'EUROPE DE CYCLISME SUR ROUTE 2023 - Christophe Laporte (France) est devenu champion d'Europe sur le circuit du Col de VAM, dimanche, en r\u00e9sistant au retour de Wout Van Aert (Belgique) et d'Olav Kooij (Pays-Bas). Splendide !<\/div><div class=\"vlp-block-2 vlp-link-button\">Lire l'article<\/div><div class=\"vlp-block-3 vlp-link-url\">dicodusport.fr<\/div><\/div><\/div>\n<p align=\"justify\">La liste des succ\u00e8s en 2023 est tout bonnement impressionnante. <a href=\"https:\/\/dicodusport.fr\/blog\/gand-wevelgem-2023-christophe-laporte-vainqueur-devant-wout-van-aert\/\">Une victoire sur Gand-Wevelgem<\/a>, la premi\u00e8re classique de sa carri\u00e8re. Arriv\u00e9, on s&rsquo;en souvient, main dans la main, avec son co\u00e9quipier <strong>Wout Van Aert<\/strong>. Il r\u00e9cidive quelques jours apr\u00e8s, <a href=\"https:\/\/dicodusport.fr\/blog\/a-travers-la-flandre-2023-christophe-laporte-simpose-en-patron\/\">en remportant \u00c0 Travers la Flandre<\/a>. Et cette fois-ci, il ne doit son succ\u00e8s qu&rsquo;\u00e0 lui-m\u00eame. Il remporte au sprint les 1\u00e8re et 3\u00e8me \u00e9tapes du Crit\u00e9rium du Dauphin\u00e9, dont il a port\u00e9 le maillot de leader. Avant de triompher sur les championnats d&rsquo;Europe. Ses regrets ? Ses crevaisons lors de Paris-Roubaix, o\u00f9 il a accompagn\u00e9 le coup de force de <strong>Wout Van Aert<\/strong> avant la Trou\u00e9e d&rsquo;Arenberg. Et son autre crevaison lors des championnats du monde. Deux faits de course qui l&rsquo;ont emp\u00each\u00e9 de peser dans le final.<\/p>\n<ul>\n<li class=\"mvp-post-title left entry-title\" style=\"text-align: justify;\"><strong>\u00c0 lire aussi \u2013\u00a0<a href=\"https:\/\/dicodusport.fr\/blog\/christophe-laporte-jai-eu-peur-tout-le-long\/\">Christophe Laporte apr\u00e8s son titre europ\u00e9en : \u00ab J\u2019ai eu peur tout le long \u00bb<\/a><\/strong><\/li>\n<\/ul>\n<h2 style=\"text-align: justify;\" align=\"justify\">Souvent \u00e9quipier mod\u00e8le<\/h2>\n<p align=\"justify\">Au sein d&rsquo;une Jumbo-Visma pl\u00e9thorique, capable de gagner toutes les courses du calendrier, il faut savoir se faire sa place. Mais aussi mettre son \u00e9go de c\u00f4t\u00e9. <strong>Christophe Laporte<\/strong> a remport\u00e9 cinq succ\u00e8s cette saison. Mais a souvent d\u00fb rouler pour ses co\u00e9quipiers. Quand, sur les classiques, on poss\u00e8de le vainqueur sortant de Paris-Roubaix, <strong>Dylan van Baarle<\/strong>, mais aussi <strong>Wout Van Aert<\/strong>, on se met \u00e0 la planche. Pour esp\u00e9rer avoir sa place. Lors des plus grands objectifs de la formation n\u00e9erlandaise, <strong>Christophe Laporte<\/strong> a \u00e9t\u00e9 un co\u00e9quipier mod\u00e8le. Il a travaill\u00e9 pour <strong>Wout Van Aert<\/strong> sur le Tour des Flandres et Paris-Roubaix (avant sa crevaison). Avant de rouler pour et\/ou prot\u00e9ger <strong>Jonas Vingegaard<\/strong> sur le Tour de France, sur lequel le Fran\u00e7ais n&rsquo;a eu aucune carte personnelle.<\/p>\n<p align=\"justify\">Un travail parfois ingrat. M\u00eame quand il n&rsquo;est pas devant le peloton \u00e0 dynamiter la course, il doit prendre le vent pour ses leaders, faire des efforts pour les replacer. Sacrifiant ses chances personnelles. On l&rsquo;a vu en forme lors de la campagne des classiques et a abord\u00e9 le Tour de France en sortant d&rsquo;un gros Dauphin\u00e9. Vu sa forme, il aurait sans doute pu reproduire son exploit de 2022 et remporter une victoire d&rsquo;\u00e9tape.<\/p>\n<ul>\n<li class=\"mvp-post-title left entry-title\" style=\"text-align: justify;\"><strong>\u00c0 lire aussi &#8211; <a href=\"https:\/\/dicodusport.fr\/blog\/cyclisme-thomas-voeckler-est-il-le-principal-artisan-du-renouveau-de-lequipe-de-france\/\">Thomas Voeckler est-il le principal artisan du renouveau de l\u2019\u00e9quipe de France ?<\/a><\/strong><\/li>\n<\/ul>\n<h2 style=\"text-align: justify;\" align=\"justify\">Christophe Laporte n&rsquo;a que rarement d\u00e9\u00e7u quand il a sa carte<\/h2>\n<p style=\"text-align: justify;\">Maintenant, au vu des r\u00e9sultats du Fran\u00e7ais en 2023, on peut se poser la question de son r\u00f4le dans la formation n\u00e9erlandaise. \u00c0 l&rsquo;heure o\u00f9 il y aurait <a href=\"https:\/\/dicodusport.fr\/blog\/le-point-sur-la-possible-fusion-jumbo-visma-soudal-quick-step\/\">des pourparlers pour une fusion avec les Belges de la Soudal Quick-Step<\/a>, le Varois peut-il prendre du galon ? Les chiffres parlent pour lui. Qui s&rsquo;est offert \u00e0 la p\u00e9dale son leader <strong>Wout Van Aert<\/strong>, lors des championnats d&rsquo;Europe ce dimanche. On se souvient qu&rsquo;il l&rsquo;avait aussi domin\u00e9 au sprint, pour la m\u00e9daille d&rsquo;argent des championnats du monde 2022. On s&rsquo;accorde \u00e0 dire qu&rsquo;il a franchi un grand cap encore une fois en 2023. Redoutable quand les courses approchent ou d\u00e9passent les 200 kilom\u00e8tres<\/p>\n<div class=\"vlp-link-container vlp-layout-article\"><a href=\"https:\/\/dicodusport.fr\/blog\/le-point-sur-la-possible-fusion-jumbo-visma-soudal-quick-step\/\" class=\"vlp-link\" title=\"Le point sur la possible fusion Jumbo-Visma \/ Soudal Quick-Step\"><\/a><div class=\"vlp-layout-zone-side\"><div class=\"vlp-block-4 vlp-link-image\"><img loading=\"lazy\" decoding=\"async\" style=\"max-width: 800px;\" width=\"800\" height=\"445\" src=\"https:\/\/dicodusport.fr\/blog\/wp-content\/uploads\/2023\/09\/Le-point-sur-la-possible-fusion-Jumbo-Visma-Soudal-Quick-Step.png\" class=\"attachment-800x445 size-800x445\" alt=\"Le point sur la possible fusion Jumbo-Visma Soudal Quick-Step\" srcset=\"https:\/\/dicodusport.fr\/blog\/wp-content\/uploads\/2023\/09\/Le-point-sur-la-possible-fusion-Jumbo-Visma-Soudal-Quick-Step.png 800w, https:\/\/dicodusport.fr\/blog\/wp-content\/uploads\/2023\/09\/Le-point-sur-la-possible-fusion-Jumbo-Visma-Soudal-Quick-Step-300x167.png 300w, https:\/\/dicodusport.fr\/blog\/wp-content\/uploads\/2023\/09\/Le-point-sur-la-possible-fusion-Jumbo-Visma-Soudal-Quick-Step-768x427.png 768w\" sizes=\"auto, (max-width: 800px) 100vw, 800px\" \/><\/div><\/div><div class=\"vlp-layout-zone-main\"><div class=\"vlp-block-0 vlp-link-title\">Le point sur la possible fusion Jumbo-Visma \/ Soudal Quick-Step<\/div><div class=\"vlp-block-1 vlp-link-summary\">CYCLISME SUR ROUTE - Ce dimanche soir, quelques heures apr\u00e8s le sacre europ\u00e9en de Christophe Laporte, le m\u00e9dia n\u00e9erlandais Wielerflits a l\u00e2ch\u00e9 une vraie bombe : Soudal Quick-Step et Jumbo-Visma travailleraient \u00e0 une fusion pure et dure, et ce, d\u00e8s la saison 2024. On fait le point.<\/div><div class=\"vlp-block-2 vlp-link-button\">Lire l'article<\/div><div class=\"vlp-block-3 vlp-link-url\">dicodusport.fr<\/div><\/div><\/div>\n<p style=\"text-align: justify;\">M\u00eame au sein de sa formation <strong>Jumbo-Visma<\/strong>, il n&rsquo;a que rarement d\u00e9\u00e7u quand il a eu sa carte personnelle. Son succ\u00e8s sur \u00c0 Travers la Flandre est celui d&rsquo;un vrai patron, capable d&rsquo;\u00eatre leader sur les plus grandes courses. Il a rappel\u00e9 au Crit\u00e9rium du Dauphin\u00e9, qu&rsquo;il n&rsquo;\u00e9tait pas un manche au sprint. Son profil complet en fait un candidat sur les classiques. En particulier Paris-Roubaix, dont il a pris la 6\u1d49 place en 2021. Mais il pourrait aussi se muer en candidat au maillot vert sur un Grand Tour. Capable de bien sprinter, mais aussi de passer les bosses, pour glaner des points dans les sprints interm\u00e9diaires. Et, on insiste, son \u00e9chec aux championnats du monde, alors qu&rsquo;il \u00e9tait le leader de l&rsquo;\u00e9quipe de France, est d\u00fb \u00e0 une crevaison.<\/p>\n<ul>\n<li class=\"mvp-post-title left entry-title\" style=\"text-align: justify;\"><strong>\u00c0 lire aussi &#8211; <a href=\"https:\/\/dicodusport.fr\/blog\/christophe-laporte-champion-deurope-du-bon-choix\/\">Christophe Laporte, champion d\u2019Europe du bon choix<\/a><\/strong><\/li>\n<\/ul>\n<p style=\"text-align: justify;\">Si Mathieu van der Poel \u00e9tait sans doute intouchable ce jour-l\u00e0 \u00e0 Glasgow, quand on voit un <strong>Wout Van Aert <\/strong>et un<strong> Mads Pedersen<\/strong> jouer la m\u00e9daille avec <strong>Tadej Pogacar<\/strong>, on peut avoir des regrets du c\u00f4t\u00e9 de <strong>Christophe Laporte<\/strong>. Car son ann\u00e9e 2023 nous fait penser qu&rsquo;il n&rsquo;aurait pas \u00e9t\u00e9 loin de ces trois champions. En bref, proche des \u00e9toiles et bien plus qu&rsquo;un simple co\u00e9quipier. Son titre de champion d&rsquo;Europe risque bien de faire davantage r\u00e9fl\u00e9chir son \u00e9quipe sur son r\u00f4le en 2024.<\/p>\n","protected":false},"excerpt":{"rendered":"<p>Champion d&rsquo;Europe, Christophe Laporte a battu Wout Van Aert, son co\u00e9quipier chez Jumbo-Visma. Comme lors des Mondiaux 2022.<\/p>\n","protected":false},"author":83,"featured_media":422744,"comment_status":"open","ping_status":"closed","sticky":false,"template":"","format":"standard","meta":{"_acf_changed":false,"_daextam_enable_autolinks":"","footnotes":""},"categories":[46994],"tags":[16878,5172,574,8551,24],"class_list":["post-422737","post","type-post","status-publish","format-standard","has-post-thumbnail","hentry","category-cyclisme-sur-route","tag-breve","tag-christophe-laporte","tag-cyclisme","tag-jumbo-visma","tag-sport"],"acf":[],"yoast_head":"<!-- This site is optimized with the Yoast SEO Premium plugin v26.7 (Yoast SEO v26.7) - https:\/\/yoast.com\/wordpress\/plugins\/seo\/ -->\n<title>Cyclisme : Christophe Laporte doit-il devenir un leader chez Jumbo-Visma ?<\/title>\n<meta name=\"description\" content=\"Champion d&#039;Europe, Christophe Laporte a battu Wout Van Aert, son co\u00e9quipier chez Jumbo-Visma. Comme lors des Mondiaux 2022.\" \/>\n<meta name=\"robots\" content=\"index, follow, max-snippet:-1, max-image-preview:large, max-video-preview:-1\" \/>\n<link rel=\"canonical\" href=\"https:\/\/dicodusport.fr\/blog\/cyclisme-christophe-laporte-doit-il-devenir-un-leader-chez-jumbo-visma\/\" \/>\n<meta property=\"og:locale\" content=\"fr_FR\" \/>\n<meta property=\"og:type\" content=\"article\" \/>\n<meta property=\"og:title\" content=\"Cyclisme : Christophe Laporte doit-il devenir un leader chez Jumbo-Visma ?\" \/>\n<meta property=\"og:description\" content=\"Champion d&#039;Europe, Christophe Laporte a battu Wout Van Aert, son co\u00e9quipier chez Jumbo-Visma. Comme lors des Mondiaux 2022.\" \/>\n<meta property=\"og:url\" content=\"https:\/\/dicodusport.fr\/blog\/cyclisme-christophe-laporte-doit-il-devenir-un-leader-chez-jumbo-visma\/\" \/>\n<meta property=\"og:site_name\" content=\"Dicodusport\" \/>\n<meta property=\"article:publisher\" content=\"https:\/\/www.facebook.com\/dicodusport\" \/>\n<meta property=\"article:published_time\" content=\"2023-09-26T10:26:04+00:00\" \/>\n<meta property=\"article:modified_time\" content=\"2023-09-27T11:07:18+00:00\" \/>\n<meta property=\"og:image\" content=\"https:\/\/dicodusport.fr\/blog\/wp-content\/uploads\/2023\/09\/Cyclisme-Christophe-Laporte-doit-il-devenir-un-leader-chez-Jumbo-Visma-.png\" \/>\n\t<meta property=\"og:image:width\" content=\"800\" \/>\n\t<meta property=\"og:image:height\" content=\"445\" \/>\n\t<meta property=\"og:image:type\" content=\"image\/png\" \/>\n<meta name=\"author\" content=\"Etienne Goursaud\" \/>\n<meta name=\"twitter:card\" content=\"summary_large_image\" \/>\n<meta name=\"twitter:title\" content=\"Cyclisme : Christophe Laporte doit-il devenir un leader chez Jumbo-Visma ?\" \/>\n<meta name=\"twitter:creator\" content=\"@dicodusport\" \/>\n<meta name=\"twitter:site\" content=\"@dicodusport\" \/>\n<script type=\"application\/ld+json\" class=\"yoast-schema-graph\">{\"@context\":\"https:\/\/schema.org\",\"@graph\":[{\"@type\":\"NewsArticle\",\"@id\":\"https:\/\/dicodusport.fr\/blog\/cyclisme-christophe-laporte-doit-il-devenir-un-leader-chez-jumbo-visma\/#article\",\"isPartOf\":{\"@id\":\"https:\/\/dicodusport.fr\/blog\/cyclisme-christophe-laporte-doit-il-devenir-un-leader-chez-jumbo-visma\/\"},\"author\":{\"name\":\"Etienne Goursaud\",\"@id\":\"https:\/\/dicodusport.fr\/blog\/#\/schema\/person\/d603dd7da31fb2b46c82b9835a77ec13\"},\"headline\":\"Cyclisme : Christophe Laporte doit-il devenir un leader chez Jumbo-Visma ?\",\"datePublished\":\"2023-09-26T10:26:04+00:00\",\"dateModified\":\"2023-09-27T11:07:18+00:00\",\"mainEntityOfPage\":{\"@id\":\"https:\/\/dicodusport.fr\/blog\/cyclisme-christophe-laporte-doit-il-devenir-un-leader-chez-jumbo-visma\/\"},\"wordCount\":1133,\"commentCount\":0,\"publisher\":{\"@id\":\"https:\/\/dicodusport.fr\/blog\/#organization\"},\"image\":{\"@id\":\"https:\/\/dicodusport.fr\/blog\/cyclisme-christophe-laporte-doit-il-devenir-un-leader-chez-jumbo-visma\/#primaryimage\"},\"thumbnailUrl\":\"https:\/\/dicodusport.fr\/blog\/wp-content\/uploads\/2023\/09\/Cyclisme-Christophe-Laporte-doit-il-devenir-un-leader-chez-Jumbo-Visma-.png\",\"keywords\":[\"br\u00e8ve\",\"Christophe Laporte\",\"Cyclisme\",\"Jumbo-Visma\",\"sport\"],\"articleSection\":[\"Cyclisme sur route\"],\"inLanguage\":\"fr-FR\",\"potentialAction\":[{\"@type\":\"CommentAction\",\"name\":\"Comment\",\"target\":[\"https:\/\/dicodusport.fr\/blog\/cyclisme-christophe-laporte-doit-il-devenir-un-leader-chez-jumbo-visma\/#respond\"]}],\"copyrightYear\":\"2023\",\"copyrightHolder\":{\"@id\":\"https:\/\/dicodusport.fr\/blog\/#organization\"}},{\"@type\":\"WebPage\",\"@id\":\"https:\/\/dicodusport.fr\/blog\/cyclisme-christophe-laporte-doit-il-devenir-un-leader-chez-jumbo-visma\/\",\"url\":\"https:\/\/dicodusport.fr\/blog\/cyclisme-christophe-laporte-doit-il-devenir-un-leader-chez-jumbo-visma\/\",\"name\":\"Cyclisme : Christophe Laporte doit-il devenir un leader chez Jumbo-Visma ?\",\"isPartOf\":{\"@id\":\"https:\/\/dicodusport.fr\/blog\/#website\"},\"primaryImageOfPage\":{\"@id\":\"https:\/\/dicodusport.fr\/blog\/cyclisme-christophe-laporte-doit-il-devenir-un-leader-chez-jumbo-visma\/#primaryimage\"},\"image\":{\"@id\":\"https:\/\/dicodusport.fr\/blog\/cyclisme-christophe-laporte-doit-il-devenir-un-leader-chez-jumbo-visma\/#primaryimage\"},\"thumbnailUrl\":\"https:\/\/dicodusport.fr\/blog\/wp-content\/uploads\/2023\/09\/Cyclisme-Christophe-Laporte-doit-il-devenir-un-leader-chez-Jumbo-Visma-.png\",\"datePublished\":\"2023-09-26T10:26:04+00:00\",\"dateModified\":\"2023-09-27T11:07:18+00:00\",\"description\":\"Champion d'Europe, Christophe Laporte a battu Wout Van Aert, son co\u00e9quipier chez Jumbo-Visma. Comme lors des Mondiaux 2022.\",\"breadcrumb\":{\"@id\":\"https:\/\/dicodusport.fr\/blog\/cyclisme-christophe-laporte-doit-il-devenir-un-leader-chez-jumbo-visma\/#breadcrumb\"},\"inLanguage\":\"fr-FR\",\"potentialAction\":[{\"@type\":\"ReadAction\",\"target\":[\"https:\/\/dicodusport.fr\/blog\/cyclisme-christophe-laporte-doit-il-devenir-un-leader-chez-jumbo-visma\/\"]}]},{\"@type\":\"ImageObject\",\"inLanguage\":\"fr-FR\",\"@id\":\"https:\/\/dicodusport.fr\/blog\/cyclisme-christophe-laporte-doit-il-devenir-un-leader-chez-jumbo-visma\/#primaryimage\",\"url\":\"https:\/\/dicodusport.fr\/blog\/wp-content\/uploads\/2023\/09\/Cyclisme-Christophe-Laporte-doit-il-devenir-un-leader-chez-Jumbo-Visma-.png\",\"contentUrl\":\"https:\/\/dicodusport.fr\/blog\/wp-content\/uploads\/2023\/09\/Cyclisme-Christophe-Laporte-doit-il-devenir-un-leader-chez-Jumbo-Visma-.png\",\"width\":800,\"height\":445,\"caption\":\"Cyclisme - Christophe Laporte doit-il devenir un leader chez Jumbo-Visma\"},{\"@type\":\"BreadcrumbList\",\"@id\":\"https:\/\/dicodusport.fr\/blog\/cyclisme-christophe-laporte-doit-il-devenir-un-leader-chez-jumbo-visma\/#breadcrumb\",\"itemListElement\":[{\"@type\":\"ListItem\",\"position\":1,\"name\":\"Accueil\",\"item\":\"https:\/\/dicodusport.fr\/blog\/\"},{\"@type\":\"ListItem\",\"position\":2,\"name\":\"Cyclisme : Christophe Laporte doit-il devenir un leader chez Jumbo-Visma ?\"}]},{\"@type\":\"WebSite\",\"@id\":\"https:\/\/dicodusport.fr\/blog\/#website\",\"url\":\"https:\/\/dicodusport.fr\/blog\/\",\"name\":\"Dicodusport\",\"description\":\"L&#039;encyclop\u00e9die de l&#039;actualit\u00e9 sportive\",\"publisher\":{\"@id\":\"https:\/\/dicodusport.fr\/blog\/#organization\"},\"potentialAction\":[{\"@type\":\"SearchAction\",\"target\":{\"@type\":\"EntryPoint\",\"urlTemplate\":\"https:\/\/dicodusport.fr\/blog\/?s={search_term_string}\"},\"query-input\":{\"@type\":\"PropertyValueSpecification\",\"valueRequired\":true,\"valueName\":\"search_term_string\"}}],\"inLanguage\":\"fr-FR\"},{\"@type\":\"NewsMediaOrganization\",\"@id\":\"https:\/\/dicodusport.fr\/blog\/#organization\",\"name\":\"Dicodusport\",\"url\":\"https:\/\/dicodusport.fr\/blog\/\",\"logo\":{\"@type\":\"ImageObject\",\"inLanguage\":\"fr-FR\",\"@id\":\"https:\/\/dicodusport.fr\/blog\/#\/schema\/logo\/image\/\",\"url\":\"https:\/\/dicodusport.fr\/blog\/wp-content\/uploads\/2020\/06\/cropped-LOGO-DICODUSPORT-2020-SANS-FOND-SANS-TEXTE.png\",\"contentUrl\":\"https:\/\/dicodusport.fr\/blog\/wp-content\/uploads\/2020\/06\/cropped-LOGO-DICODUSPORT-2020-SANS-FOND-SANS-TEXTE.png\",\"width\":512,\"height\":512,\"caption\":\"Dicodusport\"},\"image\":{\"@id\":\"https:\/\/dicodusport.fr\/blog\/#\/schema\/logo\/image\/\"},\"sameAs\":[\"https:\/\/www.facebook.com\/dicodusport\",\"https:\/\/x.com\/dicodusport\",\"https:\/\/www.instagram.com\/dicodusport\/\",\"https:\/\/www.youtube.com\/channel\/UC7V2KZ5sd3htJivAbA4ZG3w\"],\"description\":\"Dicodusport est l'encyclop\u00e9die de l'actualit\u00e9 sportive.\",\"email\":\"bonjour@dicodusport.fr\",\"legalName\":\"DICODUSPORT\",\"foundingDate\":\"2018-01-14\",\"vatID\":\"FR71834470973\",\"taxID\":\"83447097300043\",\"numberOfEmployees\":{\"@type\":\"QuantitativeValue\",\"minValue\":\"1\",\"maxValue\":\"10\"}},{\"@type\":\"Person\",\"@id\":\"https:\/\/dicodusport.fr\/blog\/#\/schema\/person\/d603dd7da31fb2b46c82b9835a77ec13\",\"name\":\"Etienne Goursaud\",\"image\":{\"@type\":\"ImageObject\",\"inLanguage\":\"fr-FR\",\"@id\":\"https:\/\/dicodusport.fr\/blog\/#\/schema\/person\/image\/\",\"url\":\"https:\/\/dicodusport.fr\/blog\/wp-content\/uploads\/2023\/12\/410122264_10231602061736049_5565839791558026645_n-150x150.jpg\",\"contentUrl\":\"https:\/\/dicodusport.fr\/blog\/wp-content\/uploads\/2023\/12\/410122264_10231602061736049_5565839791558026645_n-150x150.jpg\",\"caption\":\"Etienne Goursaud\"},\"description\":\"Journaliste et amoureux de sport. Ancien footballeur reconverti athl\u00e8te quand ses muscles le laissent tranquille. \u00c9lev\u00e9 \u00e0 la sauce des exploits de Thomas Voeckler en 2004, du dernier essai de l\u00e9gende de Eunice Barber \u00e0 la longueur lors des championnats du monde d'athl\u00e9tisme de 2003 mais aussi Zidane, Omeyer et Titou Lamaison.\",\"url\":\"https:\/\/dicodusport.fr\/blog\/author\/etienne-goursaud\/\"}]}<\/script>\n<!-- \/ Yoast SEO Premium plugin. -->","yoast_head_json":{"title":"Cyclisme : Christophe Laporte doit-il devenir un leader chez Jumbo-Visma ?","description":"Champion d'Europe, Christophe Laporte a battu Wout Van Aert, son co\u00e9quipier chez Jumbo-Visma. Comme lors des Mondiaux 2022.","robots":{"index":"index","follow":"follow","max-snippet":"max-snippet:-1","max-image-preview":"max-image-preview:large","max-video-preview":"max-video-preview:-1"},"canonical":"https:\/\/dicodusport.fr\/blog\/cyclisme-christophe-laporte-doit-il-devenir-un-leader-chez-jumbo-visma\/","og_locale":"fr_FR","og_type":"article","og_title":"Cyclisme : Christophe Laporte doit-il devenir un leader chez Jumbo-Visma ?","og_description":"Champion d'Europe, Christophe Laporte a battu Wout Van Aert, son co\u00e9quipier chez Jumbo-Visma. Comme lors des Mondiaux 2022.","og_url":"https:\/\/dicodusport.fr\/blog\/cyclisme-christophe-laporte-doit-il-devenir-un-leader-chez-jumbo-visma\/","og_site_name":"Dicodusport","article_publisher":"https:\/\/www.facebook.com\/dicodusport","article_published_time":"2023-09-26T10:26:04+00:00","article_modified_time":"2023-09-27T11:07:18+00:00","og_image":[{"width":800,"height":445,"url":"https:\/\/dicodusport.fr\/blog\/wp-content\/uploads\/2023\/09\/Cyclisme-Christophe-Laporte-doit-il-devenir-un-leader-chez-Jumbo-Visma-.png","type":"image\/png"}],"author":"Etienne Goursaud","twitter_card":"summary_large_image","twitter_title":"Cyclisme : Christophe Laporte doit-il devenir un leader chez Jumbo-Visma ?","twitter_creator":"@dicodusport","twitter_site":"@dicodusport","schema":{"@context":"https:\/\/schema.org","@graph":[{"@type":"NewsArticle","@id":"https:\/\/dicodusport.fr\/blog\/cyclisme-christophe-laporte-doit-il-devenir-un-leader-chez-jumbo-visma\/#article","isPartOf":{"@id":"https:\/\/dicodusport.fr\/blog\/cyclisme-christophe-laporte-doit-il-devenir-un-leader-chez-jumbo-visma\/"},"author":{"name":"Etienne Goursaud","@id":"https:\/\/dicodusport.fr\/blog\/#\/schema\/person\/d603dd7da31fb2b46c82b9835a77ec13"},"headline":"Cyclisme : Christophe Laporte doit-il devenir un leader chez Jumbo-Visma ?","datePublished":"2023-09-26T10:26:04+00:00","dateModified":"2023-09-27T11:07:18+00:00","mainEntityOfPage":{"@id":"https:\/\/dicodusport.fr\/blog\/cyclisme-christophe-laporte-doit-il-devenir-un-leader-chez-jumbo-visma\/"},"wordCount":1133,"commentCount":0,"publisher":{"@id":"https:\/\/dicodusport.fr\/blog\/#organization"},"image":{"@id":"https:\/\/dicodusport.fr\/blog\/cyclisme-christophe-laporte-doit-il-devenir-un-leader-chez-jumbo-visma\/#primaryimage"},"thumbnailUrl":"https:\/\/dicodusport.fr\/blog\/wp-content\/uploads\/2023\/09\/Cyclisme-Christophe-Laporte-doit-il-devenir-un-leader-chez-Jumbo-Visma-.png","keywords":["br\u00e8ve","Christophe Laporte","Cyclisme","Jumbo-Visma","sport"],"articleSection":["Cyclisme sur route"],"inLanguage":"fr-FR","potentialAction":[{"@type":"CommentAction","name":"Comment","target":["https:\/\/dicodusport.fr\/blog\/cyclisme-christophe-laporte-doit-il-devenir-un-leader-chez-jumbo-visma\/#respond"]}],"copyrightYear":"2023","copyrightHolder":{"@id":"https:\/\/dicodusport.fr\/blog\/#organization"}},{"@type":"WebPage","@id":"https:\/\/dicodusport.fr\/blog\/cyclisme-christophe-laporte-doit-il-devenir-un-leader-chez-jumbo-visma\/","url":"https:\/\/dicodusport.fr\/blog\/cyclisme-christophe-laporte-doit-il-devenir-un-leader-chez-jumbo-visma\/","name":"Cyclisme : Christophe Laporte doit-il devenir un leader chez Jumbo-Visma ?","isPartOf":{"@id":"https:\/\/dicodusport.fr\/blog\/#website"},"primaryImageOfPage":{"@id":"https:\/\/dicodusport.fr\/blog\/cyclisme-christophe-laporte-doit-il-devenir-un-leader-chez-jumbo-visma\/#primaryimage"},"image":{"@id":"https:\/\/dicodusport.fr\/blog\/cyclisme-christophe-laporte-doit-il-devenir-un-leader-chez-jumbo-visma\/#primaryimage"},"thumbnailUrl":"https:\/\/dicodusport.fr\/blog\/wp-content\/uploads\/2023\/09\/Cyclisme-Christophe-Laporte-doit-il-devenir-un-leader-chez-Jumbo-Visma-.png","datePublished":"2023-09-26T10:26:04+00:00","dateModified":"2023-09-27T11:07:18+00:00","description":"Champion d'Europe, Christophe Laporte a battu Wout Van Aert, son co\u00e9quipier chez Jumbo-Visma. Comme lors des Mondiaux 2022.","breadcrumb":{"@id":"https:\/\/dicodusport.fr\/blog\/cyclisme-christophe-laporte-doit-il-devenir-un-leader-chez-jumbo-visma\/#breadcrumb"},"inLanguage":"fr-FR","potentialAction":[{"@type":"ReadAction","target":["https:\/\/dicodusport.fr\/blog\/cyclisme-christophe-laporte-doit-il-devenir-un-leader-chez-jumbo-visma\/"]}]},{"@type":"ImageObject","inLanguage":"fr-FR","@id":"https:\/\/dicodusport.fr\/blog\/cyclisme-christophe-laporte-doit-il-devenir-un-leader-chez-jumbo-visma\/#primaryimage","url":"https:\/\/dicodusport.fr\/blog\/wp-content\/uploads\/2023\/09\/Cyclisme-Christophe-Laporte-doit-il-devenir-un-leader-chez-Jumbo-Visma-.png","contentUrl":"https:\/\/dicodusport.fr\/blog\/wp-content\/uploads\/2023\/09\/Cyclisme-Christophe-Laporte-doit-il-devenir-un-leader-chez-Jumbo-Visma-.png","width":800,"height":445,"caption":"Cyclisme - Christophe Laporte doit-il devenir un leader chez Jumbo-Visma"},{"@type":"BreadcrumbList","@id":"https:\/\/dicodusport.fr\/blog\/cyclisme-christophe-laporte-doit-il-devenir-un-leader-chez-jumbo-visma\/#breadcrumb","itemListElement":[{"@type":"ListItem","position":1,"name":"Accueil","item":"https:\/\/dicodusport.fr\/blog\/"},{"@type":"ListItem","position":2,"name":"Cyclisme : Christophe Laporte doit-il devenir un leader chez Jumbo-Visma ?"}]},{"@type":"WebSite","@id":"https:\/\/dicodusport.fr\/blog\/#website","url":"https:\/\/dicodusport.fr\/blog\/","name":"Dicodusport","description":"L&#039;encyclop\u00e9die de l&#039;actualit\u00e9 sportive","publisher":{"@id":"https:\/\/dicodusport.fr\/blog\/#organization"},"potentialAction":[{"@type":"SearchAction","target":{"@type":"EntryPoint","urlTemplate":"https:\/\/dicodusport.fr\/blog\/?s={search_term_string}"},"query-input":{"@type":"PropertyValueSpecification","valueRequired":true,"valueName":"search_term_string"}}],"inLanguage":"fr-FR"},{"@type":"NewsMediaOrganization","@id":"https:\/\/dicodusport.fr\/blog\/#organization","name":"Dicodusport","url":"https:\/\/dicodusport.fr\/blog\/","logo":{"@type":"ImageObject","inLanguage":"fr-FR","@id":"https:\/\/dicodusport.fr\/blog\/#\/schema\/logo\/image\/","url":"https:\/\/dicodusport.fr\/blog\/wp-content\/uploads\/2020\/06\/cropped-LOGO-DICODUSPORT-2020-SANS-FOND-SANS-TEXTE.png","contentUrl":"https:\/\/dicodusport.fr\/blog\/wp-content\/uploads\/2020\/06\/cropped-LOGO-DICODUSPORT-2020-SANS-FOND-SANS-TEXTE.png","width":512,"height":512,"caption":"Dicodusport"},"image":{"@id":"https:\/\/dicodusport.fr\/blog\/#\/schema\/logo\/image\/"},"sameAs":["https:\/\/www.facebook.com\/dicodusport","https:\/\/x.com\/dicodusport","https:\/\/www.instagram.com\/dicodusport\/","https:\/\/www.youtube.com\/channel\/UC7V2KZ5sd3htJivAbA4ZG3w"],"description":"Dicodusport est l'encyclop\u00e9die de l'actualit\u00e9 sportive.","email":"bonjour@dicodusport.fr","legalName":"DICODUSPORT","foundingDate":"2018-01-14","vatID":"FR71834470973","taxID":"83447097300043","numberOfEmployees":{"@type":"QuantitativeValue","minValue":"1","maxValue":"10"}},{"@type":"Person","@id":"https:\/\/dicodusport.fr\/blog\/#\/schema\/person\/d603dd7da31fb2b46c82b9835a77ec13","name":"Etienne Goursaud","image":{"@type":"ImageObject","inLanguage":"fr-FR","@id":"https:\/\/dicodusport.fr\/blog\/#\/schema\/person\/image\/","url":"https:\/\/dicodusport.fr\/blog\/wp-content\/uploads\/2023\/12\/410122264_10231602061736049_5565839791558026645_n-150x150.jpg","contentUrl":"https:\/\/dicodusport.fr\/blog\/wp-content\/uploads\/2023\/12\/410122264_10231602061736049_5565839791558026645_n-150x150.jpg","caption":"Etienne Goursaud"},"description":"Journaliste et amoureux de sport. Ancien footballeur reconverti athl\u00e8te quand ses muscles le laissent tranquille. \u00c9lev\u00e9 \u00e0 la sauce des exploits de Thomas Voeckler en 2004, du dernier essai de l\u00e9gende de Eunice Barber \u00e0 la longueur lors des championnats du monde d'athl\u00e9tisme de 2003 mais aussi Zidane, Omeyer et Titou Lamaison.","url":"https:\/\/dicodusport.fr\/blog\/author\/etienne-goursaud\/"}]}},"_links":{"self":[{"href":"https:\/\/dicodusport.fr\/blog\/wp-json\/wp\/v2\/posts\/422737","targetHints":{"allow":["GET"]}}],"collection":[{"href":"https:\/\/dicodusport.fr\/blog\/wp-json\/wp\/v2\/posts"}],"about":[{"href":"https:\/\/dicodusport.fr\/blog\/wp-json\/wp\/v2\/types\/post"}],"author":[{"embeddable":true,"href":"https:\/\/dicodusport.fr\/blog\/wp-json\/wp\/v2\/users\/83"}],"replies":[{"embeddable":true,"href":"https:\/\/dicodusport.fr\/blog\/wp-json\/wp\/v2\/comments?post=422737"}],"version-history":[{"count":0,"href":"https:\/\/dicodusport.fr\/blog\/wp-json\/wp\/v2\/posts\/422737\/revisions"}],"wp:featuredmedia":[{"embeddable":true,"href":"https:\/\/dicodusport.fr\/blog\/wp-json\/wp\/v2\/media\/422744"}],"wp:attachment":[{"href":"https:\/\/dicodusport.fr\/blog\/wp-json\/wp\/v2\/media?parent=422737"}],"wp:term":[{"taxonomy":"category","embeddable":true,"href":"https:\/\/dicodusport.fr\/blog\/wp-json\/wp\/v2\/categories?post=422737"},{"taxonomy":"post_tag","embeddable":true,"href":"https:\/\/dicodusport.fr\/blog\/wp-json\/wp\/v2\/tags?post=422737"}],"curies":[{"name":"wp","href":"https:\/\/api.w.org\/{rel}","templated":true}]}}