{"id":422816,"date":"2023-09-26T09:14:11","date_gmt":"2023-09-26T07:14:11","guid":{"rendered":"https:\/\/dicodusport.fr\/blog\/?p=422816&#038;preview=true&#038;preview_id=422816"},"modified":"2023-09-26T10:43:30","modified_gmt":"2023-09-26T08:43:30","slug":"mercato-psg-leipzig-veut-garder-xavi-simons","status":"publish","type":"post","link":"https:\/\/dicodusport.fr\/blog\/mercato-psg-leipzig-veut-garder-xavi-simons\/","title":{"rendered":"Mercato PSG : Leipzig veut garder Xavi Simons"},"content":{"rendered":"<p style=\"text-align: justify;\" align=\"justify\"><em><strong>FOOTBALL &#8211; Alors que la saison vient de commencer, le feuilleton de l&rsquo;avenir de Xavi Simons est d\u00e9j\u00e0 relanc\u00e9, puisque Leipzig souhaite le conserver.\u00a0<\/strong><\/em><\/p>\n<ul>\n<li style=\"text-align: justify;\"><strong>\u00c0 suivre aussi &#8211; <a href=\"https:\/\/dicodusport.fr\/blog\/actualites\/football\/\">L&rsquo;actualit\u00e9 du football<\/a><\/strong><\/li>\n<\/ul>\n<p style=\"text-align: justify;\" align=\"justify\">L&rsquo;avenir de la p\u00e9pite n\u00e9erlandaise est d\u00e9j\u00e0 au c\u0153ur des d\u00e9bats, alors que la saison commence tout juste. Pour rappel, <a href=\"https:\/\/dicodusport.fr\/blog\/mercato-psg-xavi-simons-fait-son-retour-a-paris\/\"><strong>Xavi Simons<\/strong><\/a> avait quitt\u00e9 le <strong>Paris Saint-Germain<\/strong> \u00e0 l&rsquo;\u00e9t\u00e9 2022, mais les champions de France ont pu le racheter un an plus tard, gr\u00e2ce \u00e0 la clause de rachat incluse. Le PSG a d\u00e9bours\u00e9 6 millions d&rsquo;euros pour le r\u00e9cup\u00e9rer cet \u00e9t\u00e9. Finalement, le club de la capitale l&rsquo;a imm\u00e9diatement pr\u00eat\u00e9.<\/p>\n<p style=\"text-align: justify;\" align=\"justify\"><a href=\"https:\/\/dicodusport.fr\/blog\/mercato-psg-xavi-simons-repart-deja-en-pret\/\"><strong>Xavi<\/strong> <strong>Simons<\/strong> est ainsi parti en pr\u00eat pour une saison du c\u00f4t\u00e9 de Leipzig<\/a>, mais sans option d&rsquo;achat. Il devrait donc revenir \u00e0 <strong>Paris<\/strong> l&rsquo;\u00e9t\u00e9 prochain, mais le club allemand veut d\u00e9j\u00e0 le conserver, selon <em>RMC Sport<\/em>. Max Eberl, directeur sportif de <strong>Leipzig<\/strong>, s&rsquo;est expliqu\u00e9 \u00e0 <em>Kicker<\/em>.<\/p>\n<blockquote>\n<p style=\"text-align: justify;\" align=\"justify\">Bien s\u00fbr, nous avons l&rsquo;intention de le prolonger dans le meilleur des cas. Xavi a pris un tr\u00e8s bon d\u00e9part et il r\u00e9alise actuellement une tr\u00e8s bonne saison. Je pense que nous le lions actuellement \u00e9motionnellement au RB Leipzig.<\/p>\n<\/blockquote>\n<p style=\"text-align: justify;\" align=\"justify\">Il faut dire que <strong>Xavi<\/strong> <strong>Simons<\/strong> r\u00e9alise un tr\u00e8s bon d\u00e9but de saison avec d\u00e9j\u00e0 <strong>Leipzig<\/strong>. Le N\u00e9erlandais a d\u00e9j\u00e0 donn\u00e9 quatre passes d\u00e9cisives et inscrit trois buts en seulement cinq matchs. Mais si le <strong>Paris Saint-Germain<\/strong> n&rsquo;a pas mis d&rsquo;option d&rsquo;achat dans le pr\u00eat, c&rsquo;est que le club compte sur lui \u00e0 partir de l&rsquo;\u00e9t\u00e9 2024.<\/p>\n<blockquote class=\"twitter-tweet\">\n<p dir=\"ltr\" lang=\"fr\">Auteur d&rsquo;un gros d\u00e9but de saison \u00e0 Leipzig, Xavi Simons a d\u00e9j\u00e0 convaincu ses dirigeants de la conserver au-del\u00e0 de cette saison.<\/p>\n<p>Il est actuellement pr\u00eat\u00e9 sans option d&rsquo;achat par le PSG.<a href=\"https:\/\/t.co\/H1woKaWc7S\">https:\/\/t.co\/H1woKaWc7S<\/a><\/p>\n<p>\u2014 RMC Sport (@RMCsport) <a href=\"https:\/\/twitter.com\/RMCsport\/status\/1706521034365518087?ref_src=twsrc%5Etfw\">September 26, 2023<\/a><\/p><\/blockquote>\n<p style=\"text-align: justify;\"><script async src=\"https:\/\/platform.twitter.com\/widgets.js\" charset=\"utf-8\"><\/script><\/p>\n","protected":false},"excerpt":{"rendered":"<p>FOOTBALL &#8211; Alors que la saison vient de commencer, le feuilleton de l&rsquo;avenir de Xavi Simons est d\u00e9j\u00e0 relanc\u00e9 puisque Leipzig veut le conserver.\u00a0<\/p>\n","protected":false},"author":1,"featured_media":422818,"comment_status":"open","ping_status":"closed","sticky":false,"template":"","format":"standard","meta":{"_acf_changed":false,"_daextam_enable_autolinks":"","footnotes":""},"categories":[2301],"tags":[16878,75,9327,910,20332],"class_list":["post-422816","post","type-post","status-publish","format-standard","has-post-thumbnail","hentry","category-football","tag-breve","tag-football","tag-leipzig","tag-psg","tag-xavi-simons"],"acf":[],"yoast_head":"<!-- This site is optimized with the Yoast SEO Premium plugin v26.7 (Yoast SEO v26.7) - https:\/\/yoast.com\/wordpress\/plugins\/seo\/ -->\n<title>Mercato PSG : Leipzig veut garder Xavi Simons<\/title>\n<meta name=\"description\" content=\"FOOTBALL - Alors que la saison vient de commencer, le feuilleton de l&#039;avenir de Xavi Simons est d\u00e9j\u00e0 relanc\u00e9 puisque Leipzig veut le conserver.\" \/>\n<meta name=\"robots\" content=\"index, follow, max-snippet:-1, max-image-preview:large, max-video-preview:-1\" \/>\n<link rel=\"canonical\" href=\"https:\/\/dicodusport.fr\/blog\/mercato-psg-leipzig-veut-garder-xavi-simons\/\" \/>\n<meta property=\"og:locale\" content=\"fr_FR\" \/>\n<meta property=\"og:type\" content=\"article\" \/>\n<meta property=\"og:title\" content=\"Mercato PSG : Leipzig veut garder Xavi Simons\" \/>\n<meta property=\"og:description\" content=\"FOOTBALL - Alors que la saison vient de commencer, le feuilleton de l&#039;avenir de Xavi Simons est d\u00e9j\u00e0 relanc\u00e9 puisque Leipzig veut le conserver.\" \/>\n<meta property=\"og:url\" content=\"https:\/\/dicodusport.fr\/blog\/mercato-psg-leipzig-veut-garder-xavi-simons\/\" \/>\n<meta property=\"og:site_name\" content=\"Dicodusport\" \/>\n<meta property=\"article:publisher\" content=\"https:\/\/www.facebook.com\/dicodusport\" \/>\n<meta property=\"article:author\" content=\"https:\/\/www.facebook.com\/dicodusport\" \/>\n<meta property=\"article:published_time\" content=\"2023-09-26T07:14:11+00:00\" \/>\n<meta property=\"article:modified_time\" content=\"2023-09-26T08:43:30+00:00\" \/>\n<meta property=\"og:image\" content=\"https:\/\/dicodusport.fr\/blog\/wp-content\/uploads\/2023\/09\/Mercato-PSG-Leipzig-veut-garder-Xavi-Simons.png\" \/>\n\t<meta property=\"og:image:width\" content=\"800\" \/>\n\t<meta property=\"og:image:height\" content=\"445\" \/>\n\t<meta property=\"og:image:type\" content=\"image\/png\" \/>\n<meta name=\"author\" content=\"Nicolas Jacquemard\" \/>\n<meta name=\"twitter:card\" content=\"summary_large_image\" \/>\n<meta name=\"twitter:title\" content=\"Mercato PSG : Leipzig veut garder Xavi Simons\" \/>\n<meta name=\"twitter:creator\" content=\"@https:\/\/twitter.com\/Nico_Jacquemard\" \/>\n<meta name=\"twitter:site\" content=\"@dicodusport\" \/>\n<script type=\"application\/ld+json\" class=\"yoast-schema-graph\">{\"@context\":\"https:\/\/schema.org\",\"@graph\":[{\"@type\":\"NewsArticle\",\"@id\":\"https:\/\/dicodusport.fr\/blog\/mercato-psg-leipzig-veut-garder-xavi-simons\/#article\",\"isPartOf\":{\"@id\":\"https:\/\/dicodusport.fr\/blog\/mercato-psg-leipzig-veut-garder-xavi-simons\/\"},\"author\":{\"name\":\"Nicolas Jacquemard\",\"@id\":\"https:\/\/dicodusport.fr\/blog\/#\/schema\/person\/55dcb50ad410894e431ed812bbb70191\"},\"headline\":\"Mercato PSG : Leipzig veut garder Xavi Simons\",\"datePublished\":\"2023-09-26T07:14:11+00:00\",\"dateModified\":\"2023-09-26T08:43:30+00:00\",\"mainEntityOfPage\":{\"@id\":\"https:\/\/dicodusport.fr\/blog\/mercato-psg-leipzig-veut-garder-xavi-simons\/\"},\"wordCount\":332,\"commentCount\":0,\"publisher\":{\"@id\":\"https:\/\/dicodusport.fr\/blog\/#organization\"},\"image\":{\"@id\":\"https:\/\/dicodusport.fr\/blog\/mercato-psg-leipzig-veut-garder-xavi-simons\/#primaryimage\"},\"thumbnailUrl\":\"https:\/\/dicodusport.fr\/blog\/wp-content\/uploads\/2023\/09\/Mercato-PSG-Leipzig-veut-garder-Xavi-Simons.png\",\"keywords\":[\"br\u00e8ve\",\"Football\",\"Leipzig\",\"PSG\",\"Xavi Simons\"],\"articleSection\":[\"Football\"],\"inLanguage\":\"fr-FR\",\"potentialAction\":[{\"@type\":\"CommentAction\",\"name\":\"Comment\",\"target\":[\"https:\/\/dicodusport.fr\/blog\/mercato-psg-leipzig-veut-garder-xavi-simons\/#respond\"]}],\"copyrightYear\":\"2023\",\"copyrightHolder\":{\"@id\":\"https:\/\/dicodusport.fr\/blog\/#organization\"}},{\"@type\":\"WebPage\",\"@id\":\"https:\/\/dicodusport.fr\/blog\/mercato-psg-leipzig-veut-garder-xavi-simons\/\",\"url\":\"https:\/\/dicodusport.fr\/blog\/mercato-psg-leipzig-veut-garder-xavi-simons\/\",\"name\":\"Mercato PSG : Leipzig veut garder Xavi Simons\",\"isPartOf\":{\"@id\":\"https:\/\/dicodusport.fr\/blog\/#website\"},\"primaryImageOfPage\":{\"@id\":\"https:\/\/dicodusport.fr\/blog\/mercato-psg-leipzig-veut-garder-xavi-simons\/#primaryimage\"},\"image\":{\"@id\":\"https:\/\/dicodusport.fr\/blog\/mercato-psg-leipzig-veut-garder-xavi-simons\/#primaryimage\"},\"thumbnailUrl\":\"https:\/\/dicodusport.fr\/blog\/wp-content\/uploads\/2023\/09\/Mercato-PSG-Leipzig-veut-garder-Xavi-Simons.png\",\"datePublished\":\"2023-09-26T07:14:11+00:00\",\"dateModified\":\"2023-09-26T08:43:30+00:00\",\"description\":\"FOOTBALL - Alors que la saison vient de commencer, le feuilleton de l'avenir de Xavi Simons est d\u00e9j\u00e0 relanc\u00e9 puisque Leipzig veut le conserver.\",\"breadcrumb\":{\"@id\":\"https:\/\/dicodusport.fr\/blog\/mercato-psg-leipzig-veut-garder-xavi-simons\/#breadcrumb\"},\"inLanguage\":\"fr-FR\",\"potentialAction\":[{\"@type\":\"ReadAction\",\"target\":[\"https:\/\/dicodusport.fr\/blog\/mercato-psg-leipzig-veut-garder-xavi-simons\/\"]}]},{\"@type\":\"ImageObject\",\"inLanguage\":\"fr-FR\",\"@id\":\"https:\/\/dicodusport.fr\/blog\/mercato-psg-leipzig-veut-garder-xavi-simons\/#primaryimage\",\"url\":\"https:\/\/dicodusport.fr\/blog\/wp-content\/uploads\/2023\/09\/Mercato-PSG-Leipzig-veut-garder-Xavi-Simons.png\",\"contentUrl\":\"https:\/\/dicodusport.fr\/blog\/wp-content\/uploads\/2023\/09\/Mercato-PSG-Leipzig-veut-garder-Xavi-Simons.png\",\"width\":800,\"height\":445},{\"@type\":\"BreadcrumbList\",\"@id\":\"https:\/\/dicodusport.fr\/blog\/mercato-psg-leipzig-veut-garder-xavi-simons\/#breadcrumb\",\"itemListElement\":[{\"@type\":\"ListItem\",\"position\":1,\"name\":\"Accueil\",\"item\":\"https:\/\/dicodusport.fr\/blog\/\"},{\"@type\":\"ListItem\",\"position\":2,\"name\":\"Mercato PSG : Leipzig veut garder Xavi Simons\"}]},{\"@type\":\"WebSite\",\"@id\":\"https:\/\/dicodusport.fr\/blog\/#website\",\"url\":\"https:\/\/dicodusport.fr\/blog\/\",\"name\":\"Dicodusport\",\"description\":\"L&#039;encyclop\u00e9die de l&#039;actualit\u00e9 sportive\",\"publisher\":{\"@id\":\"https:\/\/dicodusport.fr\/blog\/#organization\"},\"potentialAction\":[{\"@type\":\"SearchAction\",\"target\":{\"@type\":\"EntryPoint\",\"urlTemplate\":\"https:\/\/dicodusport.fr\/blog\/?s={search_term_string}\"},\"query-input\":{\"@type\":\"PropertyValueSpecification\",\"valueRequired\":true,\"valueName\":\"search_term_string\"}}],\"inLanguage\":\"fr-FR\"},{\"@type\":\"NewsMediaOrganization\",\"@id\":\"https:\/\/dicodusport.fr\/blog\/#organization\",\"name\":\"Dicodusport\",\"url\":\"https:\/\/dicodusport.fr\/blog\/\",\"logo\":{\"@type\":\"ImageObject\",\"inLanguage\":\"fr-FR\",\"@id\":\"https:\/\/dicodusport.fr\/blog\/#\/schema\/logo\/image\/\",\"url\":\"https:\/\/dicodusport.fr\/blog\/wp-content\/uploads\/2020\/06\/cropped-LOGO-DICODUSPORT-2020-SANS-FOND-SANS-TEXTE.png\",\"contentUrl\":\"https:\/\/dicodusport.fr\/blog\/wp-content\/uploads\/2020\/06\/cropped-LOGO-DICODUSPORT-2020-SANS-FOND-SANS-TEXTE.png\",\"width\":512,\"height\":512,\"caption\":\"Dicodusport\"},\"image\":{\"@id\":\"https:\/\/dicodusport.fr\/blog\/#\/schema\/logo\/image\/\"},\"sameAs\":[\"https:\/\/www.facebook.com\/dicodusport\",\"https:\/\/x.com\/dicodusport\",\"https:\/\/www.instagram.com\/dicodusport\/\",\"https:\/\/www.youtube.com\/channel\/UC7V2KZ5sd3htJivAbA4ZG3w\"],\"description\":\"Dicodusport est l'encyclop\u00e9die de l'actualit\u00e9 sportive.\",\"email\":\"bonjour@dicodusport.fr\",\"legalName\":\"DICODUSPORT\",\"foundingDate\":\"2018-01-14\",\"vatID\":\"FR71834470973\",\"taxID\":\"83447097300043\",\"numberOfEmployees\":{\"@type\":\"QuantitativeValue\",\"minValue\":\"1\",\"maxValue\":\"10\"}},{\"@type\":\"Person\",\"@id\":\"https:\/\/dicodusport.fr\/blog\/#\/schema\/person\/55dcb50ad410894e431ed812bbb70191\",\"name\":\"Nicolas Jacquemard\",\"image\":{\"@type\":\"ImageObject\",\"inLanguage\":\"fr-FR\",\"@id\":\"https:\/\/dicodusport.fr\/blog\/#\/schema\/person\/image\/\",\"url\":\"https:\/\/dicodusport.fr\/blog\/wp-content\/uploads\/2021\/05\/Nicolas-Jacquemard-150x150.jpeg\",\"contentUrl\":\"https:\/\/dicodusport.fr\/blog\/wp-content\/uploads\/2021\/05\/Nicolas-Jacquemard-150x150.jpeg\",\"caption\":\"Nicolas Jacquemard\"},\"description\":\"Passionn\u00e9 de sport et entrepreneur depuis mes 18 ans, la cr\u00e9ation de Dicodusport m'a sembl\u00e9 \u00e9vidente pour participer \u00e0 la m\u00e9diatisation d'un plus grand nombre de sports. Le chemin est long mais avec une \u00e9quipe des plus motiv\u00e9es et les Jeux Olympiques de Paris 2024 en point de mire, nous y arriverons ! Journaliste dans le monde du sport depuis plus de 5 ans, je traite aussi bien de football, de rugby, de biathlon que de cyclisme.\",\"sameAs\":[\"https:\/\/www.facebook.com\/dicodusport\",\"https:\/\/x.com\/https:\/\/twitter.com\/Nico_Jacquemard\"],\"url\":\"https:\/\/dicodusport.fr\/blog\/author\/dicodusport\/\"}]}<\/script>\n<!-- \/ Yoast SEO Premium plugin. -->","yoast_head_json":{"title":"Mercato PSG : Leipzig veut garder Xavi Simons","description":"FOOTBALL - Alors que la saison vient de commencer, le feuilleton de l'avenir de Xavi Simons est d\u00e9j\u00e0 relanc\u00e9 puisque Leipzig veut le conserver.","robots":{"index":"index","follow":"follow","max-snippet":"max-snippet:-1","max-image-preview":"max-image-preview:large","max-video-preview":"max-video-preview:-1"},"canonical":"https:\/\/dicodusport.fr\/blog\/mercato-psg-leipzig-veut-garder-xavi-simons\/","og_locale":"fr_FR","og_type":"article","og_title":"Mercato PSG : Leipzig veut garder Xavi Simons","og_description":"FOOTBALL - Alors que la saison vient de commencer, le feuilleton de l'avenir de Xavi Simons est d\u00e9j\u00e0 relanc\u00e9 puisque Leipzig veut le conserver.","og_url":"https:\/\/dicodusport.fr\/blog\/mercato-psg-leipzig-veut-garder-xavi-simons\/","og_site_name":"Dicodusport","article_publisher":"https:\/\/www.facebook.com\/dicodusport","article_author":"https:\/\/www.facebook.com\/dicodusport","article_published_time":"2023-09-26T07:14:11+00:00","article_modified_time":"2023-09-26T08:43:30+00:00","og_image":[{"width":800,"height":445,"url":"https:\/\/dicodusport.fr\/blog\/wp-content\/uploads\/2023\/09\/Mercato-PSG-Leipzig-veut-garder-Xavi-Simons.png","type":"image\/png"}],"author":"Nicolas Jacquemard","twitter_card":"summary_large_image","twitter_title":"Mercato PSG : Leipzig veut garder Xavi Simons","twitter_creator":"@https:\/\/twitter.com\/Nico_Jacquemard","twitter_site":"@dicodusport","schema":{"@context":"https:\/\/schema.org","@graph":[{"@type":"NewsArticle","@id":"https:\/\/dicodusport.fr\/blog\/mercato-psg-leipzig-veut-garder-xavi-simons\/#article","isPartOf":{"@id":"https:\/\/dicodusport.fr\/blog\/mercato-psg-leipzig-veut-garder-xavi-simons\/"},"author":{"name":"Nicolas Jacquemard","@id":"https:\/\/dicodusport.fr\/blog\/#\/schema\/person\/55dcb50ad410894e431ed812bbb70191"},"headline":"Mercato PSG : Leipzig veut garder Xavi Simons","datePublished":"2023-09-26T07:14:11+00:00","dateModified":"2023-09-26T08:43:30+00:00","mainEntityOfPage":{"@id":"https:\/\/dicodusport.fr\/blog\/mercato-psg-leipzig-veut-garder-xavi-simons\/"},"wordCount":332,"commentCount":0,"publisher":{"@id":"https:\/\/dicodusport.fr\/blog\/#organization"},"image":{"@id":"https:\/\/dicodusport.fr\/blog\/mercato-psg-leipzig-veut-garder-xavi-simons\/#primaryimage"},"thumbnailUrl":"https:\/\/dicodusport.fr\/blog\/wp-content\/uploads\/2023\/09\/Mercato-PSG-Leipzig-veut-garder-Xavi-Simons.png","keywords":["br\u00e8ve","Football","Leipzig","PSG","Xavi Simons"],"articleSection":["Football"],"inLanguage":"fr-FR","potentialAction":[{"@type":"CommentAction","name":"Comment","target":["https:\/\/dicodusport.fr\/blog\/mercato-psg-leipzig-veut-garder-xavi-simons\/#respond"]}],"copyrightYear":"2023","copyrightHolder":{"@id":"https:\/\/dicodusport.fr\/blog\/#organization"}},{"@type":"WebPage","@id":"https:\/\/dicodusport.fr\/blog\/mercato-psg-leipzig-veut-garder-xavi-simons\/","url":"https:\/\/dicodusport.fr\/blog\/mercato-psg-leipzig-veut-garder-xavi-simons\/","name":"Mercato PSG : Leipzig veut garder Xavi Simons","isPartOf":{"@id":"https:\/\/dicodusport.fr\/blog\/#website"},"primaryImageOfPage":{"@id":"https:\/\/dicodusport.fr\/blog\/mercato-psg-leipzig-veut-garder-xavi-simons\/#primaryimage"},"image":{"@id":"https:\/\/dicodusport.fr\/blog\/mercato-psg-leipzig-veut-garder-xavi-simons\/#primaryimage"},"thumbnailUrl":"https:\/\/dicodusport.fr\/blog\/wp-content\/uploads\/2023\/09\/Mercato-PSG-Leipzig-veut-garder-Xavi-Simons.png","datePublished":"2023-09-26T07:14:11+00:00","dateModified":"2023-09-26T08:43:30+00:00","description":"FOOTBALL - Alors que la saison vient de commencer, le feuilleton de l'avenir de Xavi Simons est d\u00e9j\u00e0 relanc\u00e9 puisque Leipzig veut le conserver.","breadcrumb":{"@id":"https:\/\/dicodusport.fr\/blog\/mercato-psg-leipzig-veut-garder-xavi-simons\/#breadcrumb"},"inLanguage":"fr-FR","potentialAction":[{"@type":"ReadAction","target":["https:\/\/dicodusport.fr\/blog\/mercato-psg-leipzig-veut-garder-xavi-simons\/"]}]},{"@type":"ImageObject","inLanguage":"fr-FR","@id":"https:\/\/dicodusport.fr\/blog\/mercato-psg-leipzig-veut-garder-xavi-simons\/#primaryimage","url":"https:\/\/dicodusport.fr\/blog\/wp-content\/uploads\/2023\/09\/Mercato-PSG-Leipzig-veut-garder-Xavi-Simons.png","contentUrl":"https:\/\/dicodusport.fr\/blog\/wp-content\/uploads\/2023\/09\/Mercato-PSG-Leipzig-veut-garder-Xavi-Simons.png","width":800,"height":445},{"@type":"BreadcrumbList","@id":"https:\/\/dicodusport.fr\/blog\/mercato-psg-leipzig-veut-garder-xavi-simons\/#breadcrumb","itemListElement":[{"@type":"ListItem","position":1,"name":"Accueil","item":"https:\/\/dicodusport.fr\/blog\/"},{"@type":"ListItem","position":2,"name":"Mercato PSG : Leipzig veut garder Xavi Simons"}]},{"@type":"WebSite","@id":"https:\/\/dicodusport.fr\/blog\/#website","url":"https:\/\/dicodusport.fr\/blog\/","name":"Dicodusport","description":"L&#039;encyclop\u00e9die de l&#039;actualit\u00e9 sportive","publisher":{"@id":"https:\/\/dicodusport.fr\/blog\/#organization"},"potentialAction":[{"@type":"SearchAction","target":{"@type":"EntryPoint","urlTemplate":"https:\/\/dicodusport.fr\/blog\/?s={search_term_string}"},"query-input":{"@type":"PropertyValueSpecification","valueRequired":true,"valueName":"search_term_string"}}],"inLanguage":"fr-FR"},{"@type":"NewsMediaOrganization","@id":"https:\/\/dicodusport.fr\/blog\/#organization","name":"Dicodusport","url":"https:\/\/dicodusport.fr\/blog\/","logo":{"@type":"ImageObject","inLanguage":"fr-FR","@id":"https:\/\/dicodusport.fr\/blog\/#\/schema\/logo\/image\/","url":"https:\/\/dicodusport.fr\/blog\/wp-content\/uploads\/2020\/06\/cropped-LOGO-DICODUSPORT-2020-SANS-FOND-SANS-TEXTE.png","contentUrl":"https:\/\/dicodusport.fr\/blog\/wp-content\/uploads\/2020\/06\/cropped-LOGO-DICODUSPORT-2020-SANS-FOND-SANS-TEXTE.png","width":512,"height":512,"caption":"Dicodusport"},"image":{"@id":"https:\/\/dicodusport.fr\/blog\/#\/schema\/logo\/image\/"},"sameAs":["https:\/\/www.facebook.com\/dicodusport","https:\/\/x.com\/dicodusport","https:\/\/www.instagram.com\/dicodusport\/","https:\/\/www.youtube.com\/channel\/UC7V2KZ5sd3htJivAbA4ZG3w"],"description":"Dicodusport est l'encyclop\u00e9die de l'actualit\u00e9 sportive.","email":"bonjour@dicodusport.fr","legalName":"DICODUSPORT","foundingDate":"2018-01-14","vatID":"FR71834470973","taxID":"83447097300043","numberOfEmployees":{"@type":"QuantitativeValue","minValue":"1","maxValue":"10"}},{"@type":"Person","@id":"https:\/\/dicodusport.fr\/blog\/#\/schema\/person\/55dcb50ad410894e431ed812bbb70191","name":"Nicolas Jacquemard","image":{"@type":"ImageObject","inLanguage":"fr-FR","@id":"https:\/\/dicodusport.fr\/blog\/#\/schema\/person\/image\/","url":"https:\/\/dicodusport.fr\/blog\/wp-content\/uploads\/2021\/05\/Nicolas-Jacquemard-150x150.jpeg","contentUrl":"https:\/\/dicodusport.fr\/blog\/wp-content\/uploads\/2021\/05\/Nicolas-Jacquemard-150x150.jpeg","caption":"Nicolas Jacquemard"},"description":"Passionn\u00e9 de sport et entrepreneur depuis mes 18 ans, la cr\u00e9ation de Dicodusport m'a sembl\u00e9 \u00e9vidente pour participer \u00e0 la m\u00e9diatisation d'un plus grand nombre de sports. Le chemin est long mais avec une \u00e9quipe des plus motiv\u00e9es et les Jeux Olympiques de Paris 2024 en point de mire, nous y arriverons ! Journaliste dans le monde du sport depuis plus de 5 ans, je traite aussi bien de football, de rugby, de biathlon que de cyclisme.","sameAs":["https:\/\/www.facebook.com\/dicodusport","https:\/\/x.com\/https:\/\/twitter.com\/Nico_Jacquemard"],"url":"https:\/\/dicodusport.fr\/blog\/author\/dicodusport\/"}]}},"_links":{"self":[{"href":"https:\/\/dicodusport.fr\/blog\/wp-json\/wp\/v2\/posts\/422816","targetHints":{"allow":["GET"]}}],"collection":[{"href":"https:\/\/dicodusport.fr\/blog\/wp-json\/wp\/v2\/posts"}],"about":[{"href":"https:\/\/dicodusport.fr\/blog\/wp-json\/wp\/v2\/types\/post"}],"author":[{"embeddable":true,"href":"https:\/\/dicodusport.fr\/blog\/wp-json\/wp\/v2\/users\/1"}],"replies":[{"embeddable":true,"href":"https:\/\/dicodusport.fr\/blog\/wp-json\/wp\/v2\/comments?post=422816"}],"version-history":[{"count":0,"href":"https:\/\/dicodusport.fr\/blog\/wp-json\/wp\/v2\/posts\/422816\/revisions"}],"wp:featuredmedia":[{"embeddable":true,"href":"https:\/\/dicodusport.fr\/blog\/wp-json\/wp\/v2\/media\/422818"}],"wp:attachment":[{"href":"https:\/\/dicodusport.fr\/blog\/wp-json\/wp\/v2\/media?parent=422816"}],"wp:term":[{"taxonomy":"category","embeddable":true,"href":"https:\/\/dicodusport.fr\/blog\/wp-json\/wp\/v2\/categories?post=422816"},{"taxonomy":"post_tag","embeddable":true,"href":"https:\/\/dicodusport.fr\/blog\/wp-json\/wp\/v2\/tags?post=422816"}],"curies":[{"name":"wp","href":"https:\/\/api.w.org\/{rel}","templated":true}]}}