{"id":422850,"date":"2023-09-26T11:33:19","date_gmt":"2023-09-26T09:33:19","guid":{"rendered":"https:\/\/dicodusport.fr\/blog\/?p=422850&#038;preview=true&#038;preview_id=422850"},"modified":"2023-09-26T11:43:24","modified_gmt":"2023-09-26T09:43:24","slug":"mercato-la-groupama-fdj-annonce-2-nouvelles-recrues","status":"publish","type":"post","link":"https:\/\/dicodusport.fr\/blog\/mercato-la-groupama-fdj-annonce-2-nouvelles-recrues\/","title":{"rendered":"Mercato : La Groupama-FDJ annonce 2 nouvelles recrues"},"content":{"rendered":"<p style=\"text-align: justify;\" align=\"justify\"><em><strong>CYCLISME SUR ROUTE 2023 &#8211; La Groupama-FDJ a annonc\u00e9 les signatures de Cyril Barthe et Matthew Walls pour les deux prochaines saisons.\u00a0<\/strong><\/em><\/p>\n<ul>\n<li style=\"text-align: justify;\"><strong>\u00c0 lire aussi \u2013\u00a0<a href=\"https:\/\/dicodusport.fr\/blog\/actualites\/cyclisme\/cyclisme-sur-route-2023\/\">L\u2019actualit\u00e9 du cyclisme sur route<\/a><\/strong><\/li>\n<\/ul>\n<p style=\"text-align: justify;\" align=\"justify\">La formation fran\u00e7aise, dirig\u00e9e par <strong>Marc<\/strong> <strong>Madiot<\/strong>, a d\u00e9j\u00e0 recrut\u00e9 pas moins de quatre coureurs pour la saison 2024. <strong>Sven Erik Bystr\u00f8m <\/strong>(Intermarch\u00e9-Circus-Wanty), <strong>R\u00e9my<\/strong> <strong>Rochas<\/strong> (Cofidis) et <strong>Cl\u00e9ment<\/strong> <strong>Russo<\/strong> (Ark\u00e9a-Samsic) d\u00e9barquent \u00e0 la <strong>Groupama-FDJ<\/strong> alors qu&rsquo;<strong>Eddy Le Huitouze<\/strong>, sp\u00e9cialiste du contre-la-montre, est promu depuis l&rsquo;\u00e9quipe continentale de la structure fran\u00e7aise.\u00a0<em><br \/>\n<\/em><\/p>\n<ul>\n<li style=\"text-align: justify;\"><strong>\u00c0 lire aussi &#8211; <a href=\"https:\/\/dicodusport.fr\/blog\/mercato-cyclisme-sven-erik-bystrom-remy-rochas-et-clement-russo-signent-chez-groupama-fdj\/\">Sven Erik Bystrom, R\u00e9my Rochas et Cl\u00e9ment Russo signent chez Groupama-FDJ<\/a><\/strong><\/li>\n<\/ul>\n<h2 style=\"text-align: justify;\" align=\"justify\">Barthe et Walls officialis\u00e9s<\/h2>\n<p style=\"text-align: justify;\" align=\"justify\">Mais l&rsquo;\u00e9quipe fran\u00e7aise ne s&rsquo;arr\u00eate pas en si bon chemin. En effet, <strong>Cyril<\/strong> <strong>Barthe<\/strong> (27 ans) a sign\u00e9 pour deux ans apr\u00e8s une saison dans l&rsquo;\u00e9quipe <strong>Burgos-BH<\/strong>. Sans \u00e9quipe apr\u00e8s le fiasco B&amp;B Hotels, le coureur polyvalent savoure d&rsquo;avoir une telle opportunit\u00e9 :<\/p>\n<blockquote>\n<p style=\"text-align: justify;\" align=\"justify\">C&rsquo;est d\u00e9j\u00e0 ma septi\u00e8me saison chez les professionnels. (&#8230;) Je suis tr\u00e8s content de rejoindre l&rsquo;\u00e9quipe Groupama-FDJ. J&rsquo;ai grandi en regardant cette \u00e9quipe. C&rsquo;est une fiert\u00e9 de pouvoir porter ce maillot qui me faisait r\u00eaver.<\/p>\n<\/blockquote>\n<p align=\"justify\">De son c\u00f4t\u00e9,<strong> Matthew<\/strong> <strong>Walls<\/strong> est lui un sp\u00e9cialiste de la piste, champion olympique de l&rsquo;omnium \u00e0 <strong>Tokyo<\/strong> en 2021. S&rsquo;il reste sur deux saisons compliqu\u00e9es sur route avec la formation Bora-Hansgrohe, il a d\u00e9j\u00e0 remport\u00e9 de belles courses par le pass\u00e9, et notamment en 2021. Le Britannique de 25 ans avait notamment glan\u00e9 une \u00e9tape du <strong>Tour<\/strong> <strong>d<\/strong>e <strong>Norv\u00e8ge<\/strong> et le <strong>Gran<\/strong> <strong>Piemonte<\/strong>.<\/p>\n<blockquote class=\"twitter-tweet\">\n<p dir=\"ltr\" lang=\"fr\">Cyril Barthe et le Champion Olympique de l&rsquo;Omnium Matthew Walls rejoignent notre \u00e9quipe en 2024 ! \ud83d\ude4f <a href=\"https:\/\/t.co\/0pL1towXp9\">pic.twitter.com\/0pL1towXp9<\/a><\/p>\n<p>\u2014 \u00c9quipe Cycliste Groupama-FDJ (@GroupamaFDJ) <a href=\"https:\/\/twitter.com\/GroupamaFDJ\/status\/1706596781985796336?ref_src=twsrc%5Etfw\">September 26, 2023<\/a><\/p><\/blockquote>\n<p style=\"text-align: justify;\"><script async src=\"https:\/\/platform.twitter.com\/widgets.js\" charset=\"utf-8\"><\/script><\/p>\n<ul>\n<li><strong>\u00c0 lire aussi &#8211; <a href=\"https:\/\/dicodusport.fr\/blog\/mercato-cyclisme-2023-2024-tableau-des-transferts\/\">Le tableau des transferts 2023-2024<\/a><\/strong><\/li>\n<\/ul>\n","protected":false},"excerpt":{"rendered":"<p>CYCLISME SUR ROUTE 2023 &#8211; La Groupama-FDJ a annonc\u00e9 les signatures de Cyril Barthe et Matthew Walls pour les deux prochaines saisons.\u00a0<\/p>\n","protected":false},"author":1,"featured_media":422854,"comment_status":"open","ping_status":"closed","sticky":false,"template":"","format":"standard","meta":{"_acf_changed":false,"_daextam_enable_autolinks":"","footnotes":""},"categories":[46994],"tags":[16878,3279],"class_list":["post-422850","post","type-post","status-publish","format-standard","has-post-thumbnail","hentry","category-cyclisme-sur-route","tag-breve","tag-groupama-fdj"],"acf":[],"yoast_head":"<!-- This site is optimized with the Yoast SEO Premium plugin v26.7 (Yoast SEO v26.7) - https:\/\/yoast.com\/wordpress\/plugins\/seo\/ -->\n<title>Mercato : La Groupama-FDJ annonce 2 nouvelles recrues<\/title>\n<meta name=\"description\" content=\"CYCLISME SUR ROUTE 2023 - La Groupama-FDJ a annonc\u00e9 les signatures de Cyril Barthe et Matthew Walls pour les deux prochaines saisons.\u00a0\" \/>\n<meta name=\"robots\" content=\"index, follow, max-snippet:-1, max-image-preview:large, max-video-preview:-1\" \/>\n<link rel=\"canonical\" href=\"https:\/\/dicodusport.fr\/blog\/mercato-la-groupama-fdj-annonce-2-nouvelles-recrues\/\" \/>\n<meta property=\"og:locale\" content=\"fr_FR\" \/>\n<meta property=\"og:type\" content=\"article\" \/>\n<meta property=\"og:title\" content=\"Mercato : La Groupama-FDJ annonce 2 nouvelles recrues\" \/>\n<meta property=\"og:description\" content=\"CYCLISME SUR ROUTE 2023 - La Groupama-FDJ a annonc\u00e9 les signatures de Cyril Barthe et Matthew Walls pour les deux prochaines saisons.\u00a0\" \/>\n<meta property=\"og:url\" content=\"https:\/\/dicodusport.fr\/blog\/mercato-la-groupama-fdj-annonce-2-nouvelles-recrues\/\" \/>\n<meta property=\"og:site_name\" content=\"Dicodusport\" \/>\n<meta property=\"article:publisher\" content=\"https:\/\/www.facebook.com\/dicodusport\" \/>\n<meta property=\"article:author\" content=\"https:\/\/www.facebook.com\/dicodusport\" \/>\n<meta property=\"article:published_time\" content=\"2023-09-26T09:33:19+00:00\" \/>\n<meta property=\"article:modified_time\" content=\"2023-09-26T09:43:24+00:00\" \/>\n<meta property=\"og:image\" content=\"https:\/\/dicodusport.fr\/blog\/wp-content\/uploads\/2023\/09\/Mercato-La-Groupama-FDJ-annonce-2-nouvelles-recrues.png\" \/>\n\t<meta property=\"og:image:width\" content=\"800\" \/>\n\t<meta property=\"og:image:height\" content=\"445\" \/>\n\t<meta property=\"og:image:type\" content=\"image\/png\" \/>\n<meta name=\"author\" content=\"Nicolas Jacquemard\" \/>\n<meta name=\"twitter:card\" content=\"summary_large_image\" \/>\n<meta name=\"twitter:title\" content=\"Mercato : La Groupama-FDJ annonce 2 nouvelles recrues\" \/>\n<meta name=\"twitter:creator\" content=\"@https:\/\/twitter.com\/Nico_Jacquemard\" \/>\n<meta name=\"twitter:site\" content=\"@dicodusport\" \/>\n<script type=\"application\/ld+json\" class=\"yoast-schema-graph\">{\"@context\":\"https:\/\/schema.org\",\"@graph\":[{\"@type\":\"NewsArticle\",\"@id\":\"https:\/\/dicodusport.fr\/blog\/mercato-la-groupama-fdj-annonce-2-nouvelles-recrues\/#article\",\"isPartOf\":{\"@id\":\"https:\/\/dicodusport.fr\/blog\/mercato-la-groupama-fdj-annonce-2-nouvelles-recrues\/\"},\"author\":{\"name\":\"Nicolas Jacquemard\",\"@id\":\"https:\/\/dicodusport.fr\/blog\/#\/schema\/person\/55dcb50ad410894e431ed812bbb70191\"},\"headline\":\"Mercato : La Groupama-FDJ annonce 2 nouvelles recrues\",\"datePublished\":\"2023-09-26T09:33:19+00:00\",\"dateModified\":\"2023-09-26T09:43:24+00:00\",\"mainEntityOfPage\":{\"@id\":\"https:\/\/dicodusport.fr\/blog\/mercato-la-groupama-fdj-annonce-2-nouvelles-recrues\/\"},\"wordCount\":310,\"commentCount\":0,\"publisher\":{\"@id\":\"https:\/\/dicodusport.fr\/blog\/#organization\"},\"image\":{\"@id\":\"https:\/\/dicodusport.fr\/blog\/mercato-la-groupama-fdj-annonce-2-nouvelles-recrues\/#primaryimage\"},\"thumbnailUrl\":\"https:\/\/dicodusport.fr\/blog\/wp-content\/uploads\/2023\/09\/Mercato-La-Groupama-FDJ-annonce-2-nouvelles-recrues.png\",\"keywords\":[\"br\u00e8ve\",\"Groupama FDJ\"],\"articleSection\":[\"Cyclisme sur route\"],\"inLanguage\":\"fr-FR\",\"potentialAction\":[{\"@type\":\"CommentAction\",\"name\":\"Comment\",\"target\":[\"https:\/\/dicodusport.fr\/blog\/mercato-la-groupama-fdj-annonce-2-nouvelles-recrues\/#respond\"]}],\"copyrightYear\":\"2023\",\"copyrightHolder\":{\"@id\":\"https:\/\/dicodusport.fr\/blog\/#organization\"}},{\"@type\":\"WebPage\",\"@id\":\"https:\/\/dicodusport.fr\/blog\/mercato-la-groupama-fdj-annonce-2-nouvelles-recrues\/\",\"url\":\"https:\/\/dicodusport.fr\/blog\/mercato-la-groupama-fdj-annonce-2-nouvelles-recrues\/\",\"name\":\"Mercato : La Groupama-FDJ annonce 2 nouvelles recrues\",\"isPartOf\":{\"@id\":\"https:\/\/dicodusport.fr\/blog\/#website\"},\"primaryImageOfPage\":{\"@id\":\"https:\/\/dicodusport.fr\/blog\/mercato-la-groupama-fdj-annonce-2-nouvelles-recrues\/#primaryimage\"},\"image\":{\"@id\":\"https:\/\/dicodusport.fr\/blog\/mercato-la-groupama-fdj-annonce-2-nouvelles-recrues\/#primaryimage\"},\"thumbnailUrl\":\"https:\/\/dicodusport.fr\/blog\/wp-content\/uploads\/2023\/09\/Mercato-La-Groupama-FDJ-annonce-2-nouvelles-recrues.png\",\"datePublished\":\"2023-09-26T09:33:19+00:00\",\"dateModified\":\"2023-09-26T09:43:24+00:00\",\"description\":\"CYCLISME SUR ROUTE 2023 - La Groupama-FDJ a annonc\u00e9 les signatures de Cyril Barthe et Matthew Walls pour les deux prochaines saisons.\u00a0\",\"breadcrumb\":{\"@id\":\"https:\/\/dicodusport.fr\/blog\/mercato-la-groupama-fdj-annonce-2-nouvelles-recrues\/#breadcrumb\"},\"inLanguage\":\"fr-FR\",\"potentialAction\":[{\"@type\":\"ReadAction\",\"target\":[\"https:\/\/dicodusport.fr\/blog\/mercato-la-groupama-fdj-annonce-2-nouvelles-recrues\/\"]}]},{\"@type\":\"ImageObject\",\"inLanguage\":\"fr-FR\",\"@id\":\"https:\/\/dicodusport.fr\/blog\/mercato-la-groupama-fdj-annonce-2-nouvelles-recrues\/#primaryimage\",\"url\":\"https:\/\/dicodusport.fr\/blog\/wp-content\/uploads\/2023\/09\/Mercato-La-Groupama-FDJ-annonce-2-nouvelles-recrues.png\",\"contentUrl\":\"https:\/\/dicodusport.fr\/blog\/wp-content\/uploads\/2023\/09\/Mercato-La-Groupama-FDJ-annonce-2-nouvelles-recrues.png\",\"width\":800,\"height\":445},{\"@type\":\"BreadcrumbList\",\"@id\":\"https:\/\/dicodusport.fr\/blog\/mercato-la-groupama-fdj-annonce-2-nouvelles-recrues\/#breadcrumb\",\"itemListElement\":[{\"@type\":\"ListItem\",\"position\":1,\"name\":\"Accueil\",\"item\":\"https:\/\/dicodusport.fr\/blog\/\"},{\"@type\":\"ListItem\",\"position\":2,\"name\":\"Mercato : La Groupama-FDJ annonce 2 nouvelles recrues\"}]},{\"@type\":\"WebSite\",\"@id\":\"https:\/\/dicodusport.fr\/blog\/#website\",\"url\":\"https:\/\/dicodusport.fr\/blog\/\",\"name\":\"Dicodusport\",\"description\":\"L&#039;encyclop\u00e9die de l&#039;actualit\u00e9 sportive\",\"publisher\":{\"@id\":\"https:\/\/dicodusport.fr\/blog\/#organization\"},\"potentialAction\":[{\"@type\":\"SearchAction\",\"target\":{\"@type\":\"EntryPoint\",\"urlTemplate\":\"https:\/\/dicodusport.fr\/blog\/?s={search_term_string}\"},\"query-input\":{\"@type\":\"PropertyValueSpecification\",\"valueRequired\":true,\"valueName\":\"search_term_string\"}}],\"inLanguage\":\"fr-FR\"},{\"@type\":\"NewsMediaOrganization\",\"@id\":\"https:\/\/dicodusport.fr\/blog\/#organization\",\"name\":\"Dicodusport\",\"url\":\"https:\/\/dicodusport.fr\/blog\/\",\"logo\":{\"@type\":\"ImageObject\",\"inLanguage\":\"fr-FR\",\"@id\":\"https:\/\/dicodusport.fr\/blog\/#\/schema\/logo\/image\/\",\"url\":\"https:\/\/dicodusport.fr\/blog\/wp-content\/uploads\/2020\/06\/cropped-LOGO-DICODUSPORT-2020-SANS-FOND-SANS-TEXTE.png\",\"contentUrl\":\"https:\/\/dicodusport.fr\/blog\/wp-content\/uploads\/2020\/06\/cropped-LOGO-DICODUSPORT-2020-SANS-FOND-SANS-TEXTE.png\",\"width\":512,\"height\":512,\"caption\":\"Dicodusport\"},\"image\":{\"@id\":\"https:\/\/dicodusport.fr\/blog\/#\/schema\/logo\/image\/\"},\"sameAs\":[\"https:\/\/www.facebook.com\/dicodusport\",\"https:\/\/x.com\/dicodusport\",\"https:\/\/www.instagram.com\/dicodusport\/\",\"https:\/\/www.youtube.com\/channel\/UC7V2KZ5sd3htJivAbA4ZG3w\"],\"description\":\"Dicodusport est l'encyclop\u00e9die de l'actualit\u00e9 sportive.\",\"email\":\"bonjour@dicodusport.fr\",\"legalName\":\"DICODUSPORT\",\"foundingDate\":\"2018-01-14\",\"vatID\":\"FR71834470973\",\"taxID\":\"83447097300043\",\"numberOfEmployees\":{\"@type\":\"QuantitativeValue\",\"minValue\":\"1\",\"maxValue\":\"10\"}},{\"@type\":\"Person\",\"@id\":\"https:\/\/dicodusport.fr\/blog\/#\/schema\/person\/55dcb50ad410894e431ed812bbb70191\",\"name\":\"Nicolas Jacquemard\",\"image\":{\"@type\":\"ImageObject\",\"inLanguage\":\"fr-FR\",\"@id\":\"https:\/\/dicodusport.fr\/blog\/#\/schema\/person\/image\/\",\"url\":\"https:\/\/dicodusport.fr\/blog\/wp-content\/uploads\/2021\/05\/Nicolas-Jacquemard-150x150.jpeg\",\"contentUrl\":\"https:\/\/dicodusport.fr\/blog\/wp-content\/uploads\/2021\/05\/Nicolas-Jacquemard-150x150.jpeg\",\"caption\":\"Nicolas Jacquemard\"},\"description\":\"Passionn\u00e9 de sport et entrepreneur depuis mes 18 ans, la cr\u00e9ation de Dicodusport m'a sembl\u00e9 \u00e9vidente pour participer \u00e0 la m\u00e9diatisation d'un plus grand nombre de sports. Le chemin est long mais avec une \u00e9quipe des plus motiv\u00e9es et les Jeux Olympiques de Paris 2024 en point de mire, nous y arriverons ! Journaliste dans le monde du sport depuis plus de 5 ans, je traite aussi bien de football, de rugby, de biathlon que de cyclisme.\",\"sameAs\":[\"https:\/\/www.facebook.com\/dicodusport\",\"https:\/\/x.com\/https:\/\/twitter.com\/Nico_Jacquemard\"],\"url\":\"https:\/\/dicodusport.fr\/blog\/author\/dicodusport\/\"}]}<\/script>\n<!-- \/ Yoast SEO Premium plugin. -->","yoast_head_json":{"title":"Mercato : La Groupama-FDJ annonce 2 nouvelles recrues","description":"CYCLISME SUR ROUTE 2023 - La Groupama-FDJ a annonc\u00e9 les signatures de Cyril Barthe et Matthew Walls pour les deux prochaines saisons.\u00a0","robots":{"index":"index","follow":"follow","max-snippet":"max-snippet:-1","max-image-preview":"max-image-preview:large","max-video-preview":"max-video-preview:-1"},"canonical":"https:\/\/dicodusport.fr\/blog\/mercato-la-groupama-fdj-annonce-2-nouvelles-recrues\/","og_locale":"fr_FR","og_type":"article","og_title":"Mercato : La Groupama-FDJ annonce 2 nouvelles recrues","og_description":"CYCLISME SUR ROUTE 2023 - La Groupama-FDJ a annonc\u00e9 les signatures de Cyril Barthe et Matthew Walls pour les deux prochaines saisons.\u00a0","og_url":"https:\/\/dicodusport.fr\/blog\/mercato-la-groupama-fdj-annonce-2-nouvelles-recrues\/","og_site_name":"Dicodusport","article_publisher":"https:\/\/www.facebook.com\/dicodusport","article_author":"https:\/\/www.facebook.com\/dicodusport","article_published_time":"2023-09-26T09:33:19+00:00","article_modified_time":"2023-09-26T09:43:24+00:00","og_image":[{"width":800,"height":445,"url":"https:\/\/dicodusport.fr\/blog\/wp-content\/uploads\/2023\/09\/Mercato-La-Groupama-FDJ-annonce-2-nouvelles-recrues.png","type":"image\/png"}],"author":"Nicolas Jacquemard","twitter_card":"summary_large_image","twitter_title":"Mercato : La Groupama-FDJ annonce 2 nouvelles recrues","twitter_creator":"@https:\/\/twitter.com\/Nico_Jacquemard","twitter_site":"@dicodusport","schema":{"@context":"https:\/\/schema.org","@graph":[{"@type":"NewsArticle","@id":"https:\/\/dicodusport.fr\/blog\/mercato-la-groupama-fdj-annonce-2-nouvelles-recrues\/#article","isPartOf":{"@id":"https:\/\/dicodusport.fr\/blog\/mercato-la-groupama-fdj-annonce-2-nouvelles-recrues\/"},"author":{"name":"Nicolas Jacquemard","@id":"https:\/\/dicodusport.fr\/blog\/#\/schema\/person\/55dcb50ad410894e431ed812bbb70191"},"headline":"Mercato : La Groupama-FDJ annonce 2 nouvelles recrues","datePublished":"2023-09-26T09:33:19+00:00","dateModified":"2023-09-26T09:43:24+00:00","mainEntityOfPage":{"@id":"https:\/\/dicodusport.fr\/blog\/mercato-la-groupama-fdj-annonce-2-nouvelles-recrues\/"},"wordCount":310,"commentCount":0,"publisher":{"@id":"https:\/\/dicodusport.fr\/blog\/#organization"},"image":{"@id":"https:\/\/dicodusport.fr\/blog\/mercato-la-groupama-fdj-annonce-2-nouvelles-recrues\/#primaryimage"},"thumbnailUrl":"https:\/\/dicodusport.fr\/blog\/wp-content\/uploads\/2023\/09\/Mercato-La-Groupama-FDJ-annonce-2-nouvelles-recrues.png","keywords":["br\u00e8ve","Groupama FDJ"],"articleSection":["Cyclisme sur route"],"inLanguage":"fr-FR","potentialAction":[{"@type":"CommentAction","name":"Comment","target":["https:\/\/dicodusport.fr\/blog\/mercato-la-groupama-fdj-annonce-2-nouvelles-recrues\/#respond"]}],"copyrightYear":"2023","copyrightHolder":{"@id":"https:\/\/dicodusport.fr\/blog\/#organization"}},{"@type":"WebPage","@id":"https:\/\/dicodusport.fr\/blog\/mercato-la-groupama-fdj-annonce-2-nouvelles-recrues\/","url":"https:\/\/dicodusport.fr\/blog\/mercato-la-groupama-fdj-annonce-2-nouvelles-recrues\/","name":"Mercato : La Groupama-FDJ annonce 2 nouvelles recrues","isPartOf":{"@id":"https:\/\/dicodusport.fr\/blog\/#website"},"primaryImageOfPage":{"@id":"https:\/\/dicodusport.fr\/blog\/mercato-la-groupama-fdj-annonce-2-nouvelles-recrues\/#primaryimage"},"image":{"@id":"https:\/\/dicodusport.fr\/blog\/mercato-la-groupama-fdj-annonce-2-nouvelles-recrues\/#primaryimage"},"thumbnailUrl":"https:\/\/dicodusport.fr\/blog\/wp-content\/uploads\/2023\/09\/Mercato-La-Groupama-FDJ-annonce-2-nouvelles-recrues.png","datePublished":"2023-09-26T09:33:19+00:00","dateModified":"2023-09-26T09:43:24+00:00","description":"CYCLISME SUR ROUTE 2023 - La Groupama-FDJ a annonc\u00e9 les signatures de Cyril Barthe et Matthew Walls pour les deux prochaines saisons.\u00a0","breadcrumb":{"@id":"https:\/\/dicodusport.fr\/blog\/mercato-la-groupama-fdj-annonce-2-nouvelles-recrues\/#breadcrumb"},"inLanguage":"fr-FR","potentialAction":[{"@type":"ReadAction","target":["https:\/\/dicodusport.fr\/blog\/mercato-la-groupama-fdj-annonce-2-nouvelles-recrues\/"]}]},{"@type":"ImageObject","inLanguage":"fr-FR","@id":"https:\/\/dicodusport.fr\/blog\/mercato-la-groupama-fdj-annonce-2-nouvelles-recrues\/#primaryimage","url":"https:\/\/dicodusport.fr\/blog\/wp-content\/uploads\/2023\/09\/Mercato-La-Groupama-FDJ-annonce-2-nouvelles-recrues.png","contentUrl":"https:\/\/dicodusport.fr\/blog\/wp-content\/uploads\/2023\/09\/Mercato-La-Groupama-FDJ-annonce-2-nouvelles-recrues.png","width":800,"height":445},{"@type":"BreadcrumbList","@id":"https:\/\/dicodusport.fr\/blog\/mercato-la-groupama-fdj-annonce-2-nouvelles-recrues\/#breadcrumb","itemListElement":[{"@type":"ListItem","position":1,"name":"Accueil","item":"https:\/\/dicodusport.fr\/blog\/"},{"@type":"ListItem","position":2,"name":"Mercato : La Groupama-FDJ annonce 2 nouvelles recrues"}]},{"@type":"WebSite","@id":"https:\/\/dicodusport.fr\/blog\/#website","url":"https:\/\/dicodusport.fr\/blog\/","name":"Dicodusport","description":"L&#039;encyclop\u00e9die de l&#039;actualit\u00e9 sportive","publisher":{"@id":"https:\/\/dicodusport.fr\/blog\/#organization"},"potentialAction":[{"@type":"SearchAction","target":{"@type":"EntryPoint","urlTemplate":"https:\/\/dicodusport.fr\/blog\/?s={search_term_string}"},"query-input":{"@type":"PropertyValueSpecification","valueRequired":true,"valueName":"search_term_string"}}],"inLanguage":"fr-FR"},{"@type":"NewsMediaOrganization","@id":"https:\/\/dicodusport.fr\/blog\/#organization","name":"Dicodusport","url":"https:\/\/dicodusport.fr\/blog\/","logo":{"@type":"ImageObject","inLanguage":"fr-FR","@id":"https:\/\/dicodusport.fr\/blog\/#\/schema\/logo\/image\/","url":"https:\/\/dicodusport.fr\/blog\/wp-content\/uploads\/2020\/06\/cropped-LOGO-DICODUSPORT-2020-SANS-FOND-SANS-TEXTE.png","contentUrl":"https:\/\/dicodusport.fr\/blog\/wp-content\/uploads\/2020\/06\/cropped-LOGO-DICODUSPORT-2020-SANS-FOND-SANS-TEXTE.png","width":512,"height":512,"caption":"Dicodusport"},"image":{"@id":"https:\/\/dicodusport.fr\/blog\/#\/schema\/logo\/image\/"},"sameAs":["https:\/\/www.facebook.com\/dicodusport","https:\/\/x.com\/dicodusport","https:\/\/www.instagram.com\/dicodusport\/","https:\/\/www.youtube.com\/channel\/UC7V2KZ5sd3htJivAbA4ZG3w"],"description":"Dicodusport est l'encyclop\u00e9die de l'actualit\u00e9 sportive.","email":"bonjour@dicodusport.fr","legalName":"DICODUSPORT","foundingDate":"2018-01-14","vatID":"FR71834470973","taxID":"83447097300043","numberOfEmployees":{"@type":"QuantitativeValue","minValue":"1","maxValue":"10"}},{"@type":"Person","@id":"https:\/\/dicodusport.fr\/blog\/#\/schema\/person\/55dcb50ad410894e431ed812bbb70191","name":"Nicolas Jacquemard","image":{"@type":"ImageObject","inLanguage":"fr-FR","@id":"https:\/\/dicodusport.fr\/blog\/#\/schema\/person\/image\/","url":"https:\/\/dicodusport.fr\/blog\/wp-content\/uploads\/2021\/05\/Nicolas-Jacquemard-150x150.jpeg","contentUrl":"https:\/\/dicodusport.fr\/blog\/wp-content\/uploads\/2021\/05\/Nicolas-Jacquemard-150x150.jpeg","caption":"Nicolas Jacquemard"},"description":"Passionn\u00e9 de sport et entrepreneur depuis mes 18 ans, la cr\u00e9ation de Dicodusport m'a sembl\u00e9 \u00e9vidente pour participer \u00e0 la m\u00e9diatisation d'un plus grand nombre de sports. Le chemin est long mais avec une \u00e9quipe des plus motiv\u00e9es et les Jeux Olympiques de Paris 2024 en point de mire, nous y arriverons ! Journaliste dans le monde du sport depuis plus de 5 ans, je traite aussi bien de football, de rugby, de biathlon que de cyclisme.","sameAs":["https:\/\/www.facebook.com\/dicodusport","https:\/\/x.com\/https:\/\/twitter.com\/Nico_Jacquemard"],"url":"https:\/\/dicodusport.fr\/blog\/author\/dicodusport\/"}]}},"_links":{"self":[{"href":"https:\/\/dicodusport.fr\/blog\/wp-json\/wp\/v2\/posts\/422850","targetHints":{"allow":["GET"]}}],"collection":[{"href":"https:\/\/dicodusport.fr\/blog\/wp-json\/wp\/v2\/posts"}],"about":[{"href":"https:\/\/dicodusport.fr\/blog\/wp-json\/wp\/v2\/types\/post"}],"author":[{"embeddable":true,"href":"https:\/\/dicodusport.fr\/blog\/wp-json\/wp\/v2\/users\/1"}],"replies":[{"embeddable":true,"href":"https:\/\/dicodusport.fr\/blog\/wp-json\/wp\/v2\/comments?post=422850"}],"version-history":[{"count":0,"href":"https:\/\/dicodusport.fr\/blog\/wp-json\/wp\/v2\/posts\/422850\/revisions"}],"wp:featuredmedia":[{"embeddable":true,"href":"https:\/\/dicodusport.fr\/blog\/wp-json\/wp\/v2\/media\/422854"}],"wp:attachment":[{"href":"https:\/\/dicodusport.fr\/blog\/wp-json\/wp\/v2\/media?parent=422850"}],"wp:term":[{"taxonomy":"category","embeddable":true,"href":"https:\/\/dicodusport.fr\/blog\/wp-json\/wp\/v2\/categories?post=422850"},{"taxonomy":"post_tag","embeddable":true,"href":"https:\/\/dicodusport.fr\/blog\/wp-json\/wp\/v2\/tags?post=422850"}],"curies":[{"name":"wp","href":"https:\/\/api.w.org\/{rel}","templated":true}]}}