{"id":42352,"date":"2019-07-02T08:35:32","date_gmt":"2019-07-02T06:35:32","guid":{"rendered":"http:\/\/dicodusport.fr\/blog\/?p=42352"},"modified":"2019-07-02T09:50:12","modified_gmt":"2019-07-02T07:50:12","slug":"antoine-griezmann-presente-le-11-juillet-par-le-fc-barcelone","status":"publish","type":"post","link":"https:\/\/dicodusport.fr\/blog\/antoine-griezmann-presente-le-11-juillet-par-le-fc-barcelone\/","title":{"rendered":"Antoine Griezmann pr\u00e9sent\u00e9 le 11 juillet par le FC Barcelone ?"},"content":{"rendered":"<p style=\"text-align: justify;\"><strong><em>Selon El Mundo Deportivo, un m\u00e9dia tr\u00e8s proche du Bar\u00e7a, le champion du monde fran\u00e7ais <a href=\"https:\/\/dicodusport.fr\/blog\/?s=antoine+griezmann\" target=\"_blank\" rel=\"noopener\">Antoine Griezmann<\/a> sera pr\u00e9sent\u00e9 le 11 juillet prochain, soit trois jours avant la reprise du club.<\/em><\/strong><\/p>\n<p style=\"text-align: justify;\"><em><strong>El Mundo Deportivo<\/strong><\/em> semble cat\u00e9gorique. L&rsquo;international tricolore <strong>Antoine Griezmann<\/strong>, 28 ans, sera pr\u00e9sent\u00e9 \u00e0 la presse et aux supporters blaugranas <strong>le 11 juillet prochain<\/strong>, soit trois jours avant la reprise de l&rsquo;entra\u00eenement des Catalans. Le transfert du natif de M\u00e2con serait en effet boucl\u00e9, avec quelques infimes d\u00e9tails \u00e0 r\u00e9gler entre les dirigeants madril\u00e8nes et barcelonais. Le Bar\u00e7a a donc bel et bien attendu que <strong>la clause lib\u00e9ratoire passe \u00e0 120 millions<\/strong> <strong>d&rsquo;euros<\/strong> pour s&rsquo;attacher les services du meneur de jeu des Bleus.<\/p>\n<p style=\"text-align: justify;\">Ainsi, le contrat d&rsquo;<strong>Antoine Griezmann<\/strong> en Catalogne devrait porter sur une dur\u00e9e de cinq ans, pour un salaire annuel de 16 millions d&rsquo;euros.<\/p>\n<blockquote class=\"twitter-tweet\" data-lang=\"fr\">\n<p dir=\"ltr\" lang=\"es\">&#x1f5de;&#xfe0f; La portada del martes 2 de julio<br \/>\n&#x2705; Griezmann OK <a href=\"https:\/\/t.co\/KAr7YudWCP\">pic.twitter.com\/KAr7YudWCP<\/a><\/p>\n<p>\u2014 Mundo Deportivo (@mundodeportivo) <a href=\"https:\/\/twitter.com\/mundodeportivo\/status\/1145827380210089985?ref_src=twsrc%5Etfw\">1 juillet 2019<\/a><\/p><\/blockquote>\n<p><script async src=\"https:\/\/platform.twitter.com\/widgets.js\" charset=\"utf-8\"><\/script><\/p>\n<p><strong><em>Dicodusport<br \/>\n<a href=\"https:\/\/www.facebook.com\/dicodusport\/\" target=\"_blank\" rel=\"noopener\"><img loading=\"lazy\" decoding=\"async\" class=\"alignnone wp-image-2909\" src=\"http:\/\/dicodusport.fr\/blog\/wp-content\/uploads\/2017\/07\/logo-facebook-150x150.png\" sizes=\"auto, (max-width: 40px) 100vw, 40px\" srcset=\"https:\/\/dicodusport.fr\/blog\/wp-content\/uploads\/2017\/07\/logo-facebook-150x150.png 150w, https:\/\/dicodusport.fr\/blog\/wp-content\/uploads\/2017\/07\/logo-facebook-300x300.png 300w, https:\/\/dicodusport.fr\/blog\/wp-content\/uploads\/2017\/07\/logo-facebook.png 400w\" alt=\"\" width=\"40\" height=\"40\" \/><\/a><a href=\"https:\/\/twitter.com\/dicodusport\" target=\"_blank\" rel=\"noopener\"><img loading=\"lazy\" decoding=\"async\" class=\"alignnone wp-image-2908\" src=\"http:\/\/dicodusport.fr\/blog\/wp-content\/uploads\/2017\/07\/logo-twitter-150x150.png\" alt=\"\" width=\"39\" height=\"39\" \/><\/a><\/em><\/strong><\/p>\n","protected":false},"excerpt":{"rendered":"<p>Selon El Mundo Deportivo, un m\u00e9dia tr\u00e8s proche du Bar\u00e7a, le champion du monde fran\u00e7ais Antoine Griezmann sera pr\u00e9sent\u00e9 le 11 juillet prochain, soit trois jours avant la reprise du club.<\/p>\n","protected":false},"author":4,"featured_media":42354,"comment_status":"open","ping_status":"closed","sticky":false,"template":"","format":"standard","meta":{"_acf_changed":false,"_daextam_enable_autolinks":"","footnotes":""},"categories":[2,2301],"tags":[340,4203,75,196,5443],"class_list":["post-42352","post","type-post","status-publish","format-standard","has-post-thumbnail","hentry","category-actualites","category-football","tag-antoine-griezmann","tag-fc-barcelone","tag-football","tag-griezmann","tag-transfert"],"acf":[],"yoast_head":"<!-- This site is optimized with the Yoast SEO Premium plugin v26.7 (Yoast SEO v26.7) - https:\/\/yoast.com\/wordpress\/plugins\/seo\/ -->\n<title>Antoine Griezmann pr\u00e9sent\u00e9 le 11 juillet par le FC Barcelone ?<\/title>\n<meta name=\"description\" content=\"Selon El Mundo Deportivo, un m\u00e9dia tr\u00e8s proche du Bar\u00e7a, le champion du monde fran\u00e7ais Antoine Griezmann sera pr\u00e9sent\u00e9 le 11 juillet prochain.\" \/>\n<meta name=\"robots\" content=\"index, follow, max-snippet:-1, max-image-preview:large, max-video-preview:-1\" \/>\n<link rel=\"canonical\" href=\"https:\/\/dicodusport.fr\/blog\/antoine-griezmann-presente-le-11-juillet-par-le-fc-barcelone\/\" \/>\n<meta property=\"og:locale\" content=\"fr_FR\" \/>\n<meta property=\"og:type\" content=\"article\" \/>\n<meta property=\"og:title\" content=\"Antoine Griezmann pr\u00e9sent\u00e9 le 11 juillet par le FC Barcelone ?\" \/>\n<meta property=\"og:description\" content=\"Selon El Mundo Deportivo, un m\u00e9dia tr\u00e8s proche du Bar\u00e7a, le champion du monde fran\u00e7ais Antoine Griezmann sera pr\u00e9sent\u00e9 le 11 juillet prochain.\" \/>\n<meta property=\"og:url\" content=\"https:\/\/dicodusport.fr\/blog\/antoine-griezmann-presente-le-11-juillet-par-le-fc-barcelone\/\" \/>\n<meta property=\"og:site_name\" content=\"Dicodusport\" \/>\n<meta property=\"article:publisher\" content=\"https:\/\/www.facebook.com\/dicodusport\" \/>\n<meta property=\"article:author\" content=\"https:\/\/www.facebook.com\/florent.ostermann\" \/>\n<meta property=\"article:published_time\" content=\"2019-07-02T06:35:32+00:00\" \/>\n<meta property=\"article:modified_time\" content=\"2019-07-02T07:50:12+00:00\" \/>\n<meta property=\"og:image\" content=\"https:\/\/dicodusport.fr\/blog\/wp-content\/uploads\/2019\/07\/Antoine-Griezmann-FC-Barcelone-2019.png\" \/>\n\t<meta property=\"og:image:width\" content=\"800\" \/>\n\t<meta property=\"og:image:height\" content=\"445\" \/>\n\t<meta property=\"og:image:type\" content=\"image\/png\" \/>\n<meta name=\"author\" content=\"Flo Ostermann\" \/>\n<meta name=\"twitter:card\" content=\"summary_large_image\" \/>\n<meta name=\"twitter:title\" content=\"Antoine Griezmann pr\u00e9sent\u00e9 le 11 juillet par le FC Barcelone ?\" \/>\n<meta name=\"twitter:creator\" content=\"@https:\/\/twitter.com\/FlOstermann\" \/>\n<meta name=\"twitter:site\" content=\"@dicodusport\" \/>\n<script type=\"application\/ld+json\" class=\"yoast-schema-graph\">{\"@context\":\"https:\/\/schema.org\",\"@graph\":[{\"@type\":\"NewsArticle\",\"@id\":\"https:\/\/dicodusport.fr\/blog\/antoine-griezmann-presente-le-11-juillet-par-le-fc-barcelone\/#article\",\"isPartOf\":{\"@id\":\"https:\/\/dicodusport.fr\/blog\/antoine-griezmann-presente-le-11-juillet-par-le-fc-barcelone\/\"},\"author\":{\"name\":\"Flo Ostermann\",\"@id\":\"https:\/\/dicodusport.fr\/blog\/#\/schema\/person\/cb02af4c173ce4a653b55e9baf388d4a\"},\"headline\":\"Antoine Griezmann pr\u00e9sent\u00e9 le 11 juillet par le FC Barcelone ?\",\"datePublished\":\"2019-07-02T06:35:32+00:00\",\"dateModified\":\"2019-07-02T07:50:12+00:00\",\"mainEntityOfPage\":{\"@id\":\"https:\/\/dicodusport.fr\/blog\/antoine-griezmann-presente-le-11-juillet-par-le-fc-barcelone\/\"},\"wordCount\":184,\"commentCount\":0,\"publisher\":{\"@id\":\"https:\/\/dicodusport.fr\/blog\/#organization\"},\"image\":{\"@id\":\"https:\/\/dicodusport.fr\/blog\/antoine-griezmann-presente-le-11-juillet-par-le-fc-barcelone\/#primaryimage\"},\"thumbnailUrl\":\"https:\/\/dicodusport.fr\/blog\/wp-content\/uploads\/2019\/07\/Antoine-Griezmann-FC-Barcelone-2019.png\",\"keywords\":[\"Antoine Griezmann\",\"FC Barcelone\",\"Football\",\"Griezmann\",\"transfert\"],\"articleSection\":[\"Actualit\u00e9s\",\"Football\"],\"inLanguage\":\"fr-FR\",\"potentialAction\":[{\"@type\":\"CommentAction\",\"name\":\"Comment\",\"target\":[\"https:\/\/dicodusport.fr\/blog\/antoine-griezmann-presente-le-11-juillet-par-le-fc-barcelone\/#respond\"]}],\"copyrightYear\":\"2019\",\"copyrightHolder\":{\"@id\":\"https:\/\/dicodusport.fr\/blog\/#organization\"}},{\"@type\":\"WebPage\",\"@id\":\"https:\/\/dicodusport.fr\/blog\/antoine-griezmann-presente-le-11-juillet-par-le-fc-barcelone\/\",\"url\":\"https:\/\/dicodusport.fr\/blog\/antoine-griezmann-presente-le-11-juillet-par-le-fc-barcelone\/\",\"name\":\"Antoine Griezmann pr\u00e9sent\u00e9 le 11 juillet par le FC Barcelone ?\",\"isPartOf\":{\"@id\":\"https:\/\/dicodusport.fr\/blog\/#website\"},\"primaryImageOfPage\":{\"@id\":\"https:\/\/dicodusport.fr\/blog\/antoine-griezmann-presente-le-11-juillet-par-le-fc-barcelone\/#primaryimage\"},\"image\":{\"@id\":\"https:\/\/dicodusport.fr\/blog\/antoine-griezmann-presente-le-11-juillet-par-le-fc-barcelone\/#primaryimage\"},\"thumbnailUrl\":\"https:\/\/dicodusport.fr\/blog\/wp-content\/uploads\/2019\/07\/Antoine-Griezmann-FC-Barcelone-2019.png\",\"datePublished\":\"2019-07-02T06:35:32+00:00\",\"dateModified\":\"2019-07-02T07:50:12+00:00\",\"description\":\"Selon El Mundo Deportivo, un m\u00e9dia tr\u00e8s proche du Bar\u00e7a, le champion du monde fran\u00e7ais Antoine Griezmann sera pr\u00e9sent\u00e9 le 11 juillet prochain.\",\"breadcrumb\":{\"@id\":\"https:\/\/dicodusport.fr\/blog\/antoine-griezmann-presente-le-11-juillet-par-le-fc-barcelone\/#breadcrumb\"},\"inLanguage\":\"fr-FR\",\"potentialAction\":[{\"@type\":\"ReadAction\",\"target\":[\"https:\/\/dicodusport.fr\/blog\/antoine-griezmann-presente-le-11-juillet-par-le-fc-barcelone\/\"]}]},{\"@type\":\"ImageObject\",\"inLanguage\":\"fr-FR\",\"@id\":\"https:\/\/dicodusport.fr\/blog\/antoine-griezmann-presente-le-11-juillet-par-le-fc-barcelone\/#primaryimage\",\"url\":\"https:\/\/dicodusport.fr\/blog\/wp-content\/uploads\/2019\/07\/Antoine-Griezmann-FC-Barcelone-2019.png\",\"contentUrl\":\"https:\/\/dicodusport.fr\/blog\/wp-content\/uploads\/2019\/07\/Antoine-Griezmann-FC-Barcelone-2019.png\",\"width\":800,\"height\":445},{\"@type\":\"BreadcrumbList\",\"@id\":\"https:\/\/dicodusport.fr\/blog\/antoine-griezmann-presente-le-11-juillet-par-le-fc-barcelone\/#breadcrumb\",\"itemListElement\":[{\"@type\":\"ListItem\",\"position\":1,\"name\":\"Accueil\",\"item\":\"https:\/\/dicodusport.fr\/blog\/\"},{\"@type\":\"ListItem\",\"position\":2,\"name\":\"Antoine Griezmann pr\u00e9sent\u00e9 le 11 juillet par le FC Barcelone ?\"}]},{\"@type\":\"WebSite\",\"@id\":\"https:\/\/dicodusport.fr\/blog\/#website\",\"url\":\"https:\/\/dicodusport.fr\/blog\/\",\"name\":\"Dicodusport\",\"description\":\"L&#039;encyclop\u00e9die de l&#039;actualit\u00e9 sportive\",\"publisher\":{\"@id\":\"https:\/\/dicodusport.fr\/blog\/#organization\"},\"potentialAction\":[{\"@type\":\"SearchAction\",\"target\":{\"@type\":\"EntryPoint\",\"urlTemplate\":\"https:\/\/dicodusport.fr\/blog\/?s={search_term_string}\"},\"query-input\":{\"@type\":\"PropertyValueSpecification\",\"valueRequired\":true,\"valueName\":\"search_term_string\"}}],\"inLanguage\":\"fr-FR\"},{\"@type\":\"NewsMediaOrganization\",\"@id\":\"https:\/\/dicodusport.fr\/blog\/#organization\",\"name\":\"Dicodusport\",\"url\":\"https:\/\/dicodusport.fr\/blog\/\",\"logo\":{\"@type\":\"ImageObject\",\"inLanguage\":\"fr-FR\",\"@id\":\"https:\/\/dicodusport.fr\/blog\/#\/schema\/logo\/image\/\",\"url\":\"https:\/\/dicodusport.fr\/blog\/wp-content\/uploads\/2020\/06\/cropped-LOGO-DICODUSPORT-2020-SANS-FOND-SANS-TEXTE.png\",\"contentUrl\":\"https:\/\/dicodusport.fr\/blog\/wp-content\/uploads\/2020\/06\/cropped-LOGO-DICODUSPORT-2020-SANS-FOND-SANS-TEXTE.png\",\"width\":512,\"height\":512,\"caption\":\"Dicodusport\"},\"image\":{\"@id\":\"https:\/\/dicodusport.fr\/blog\/#\/schema\/logo\/image\/\"},\"sameAs\":[\"https:\/\/www.facebook.com\/dicodusport\",\"https:\/\/x.com\/dicodusport\",\"https:\/\/www.instagram.com\/dicodusport\/\",\"https:\/\/www.youtube.com\/channel\/UC7V2KZ5sd3htJivAbA4ZG3w\"],\"description\":\"Dicodusport est l'encyclop\u00e9die de l'actualit\u00e9 sportive.\",\"email\":\"bonjour@dicodusport.fr\",\"legalName\":\"DICODUSPORT\",\"foundingDate\":\"2018-01-14\",\"vatID\":\"FR71834470973\",\"taxID\":\"83447097300043\",\"numberOfEmployees\":{\"@type\":\"QuantitativeValue\",\"minValue\":\"1\",\"maxValue\":\"10\"}},{\"@type\":\"Person\",\"@id\":\"https:\/\/dicodusport.fr\/blog\/#\/schema\/person\/cb02af4c173ce4a653b55e9baf388d4a\",\"name\":\"Flo Ostermann\",\"image\":{\"@type\":\"ImageObject\",\"inLanguage\":\"fr-FR\",\"@id\":\"https:\/\/dicodusport.fr\/blog\/#\/schema\/person\/image\/\",\"url\":\"https:\/\/dicodusport.fr\/blog\/wp-content\/uploads\/2021\/05\/Flo-Ostermann-150x150.jpg\",\"contentUrl\":\"https:\/\/dicodusport.fr\/blog\/wp-content\/uploads\/2021\/05\/Flo-Ostermann-150x150.jpg\",\"caption\":\"Flo Ostermann\"},\"description\":\"Journaliste\/R\u00e9dacteur depuis septembre 2015 - Mes premiers souvenirs dans le sport ? Les envol\u00e9es du Stade Toulousain et les duels Villeneuve-Schumacher et H\u00e4kkinen-Schumacher \u00e0 la fin des ann\u00e9es 90, la Coupe du monde de football en 1998, l\u2019exploit du XV de France face aux All Blacks en 1999, mais aussi Richard C\u0153ur de Lion qui vole sur les montagnes du Tour de France. Bien parti pour devenir professeur d\u2019EPS, les \u00e9v\u00e9nements de la vie (et la flemme d\u2019animer des s\u00e9ances de 3x500 m\u00e8tres toute ma vie) m\u2019ont conduit \u00e0 revoir mes plans. Me voil\u00e0 depuis fin 2017 sur Dicodusport, m\u00e9dia gr\u00e2ce (et pour) lequel je partage ma passion : le sport dans tous ses \u00e9tats. Le tout accompagn\u00e9 par les fous furieux et folles furieuses cit\u00e9s sur cette page !\",\"sameAs\":[\"https:\/\/www.facebook.com\/florent.ostermann\",\"https:\/\/x.com\/https:\/\/twitter.com\/FlOstermann\",\"admin\"],\"url\":\"https:\/\/dicodusport.fr\/blog\/author\/flo\/\"}]}<\/script>\n<!-- \/ Yoast SEO Premium plugin. -->","yoast_head_json":{"title":"Antoine Griezmann pr\u00e9sent\u00e9 le 11 juillet par le FC Barcelone ?","description":"Selon El Mundo Deportivo, un m\u00e9dia tr\u00e8s proche du Bar\u00e7a, le champion du monde fran\u00e7ais Antoine Griezmann sera pr\u00e9sent\u00e9 le 11 juillet prochain.","robots":{"index":"index","follow":"follow","max-snippet":"max-snippet:-1","max-image-preview":"max-image-preview:large","max-video-preview":"max-video-preview:-1"},"canonical":"https:\/\/dicodusport.fr\/blog\/antoine-griezmann-presente-le-11-juillet-par-le-fc-barcelone\/","og_locale":"fr_FR","og_type":"article","og_title":"Antoine Griezmann pr\u00e9sent\u00e9 le 11 juillet par le FC Barcelone ?","og_description":"Selon El Mundo Deportivo, un m\u00e9dia tr\u00e8s proche du Bar\u00e7a, le champion du monde fran\u00e7ais Antoine Griezmann sera pr\u00e9sent\u00e9 le 11 juillet prochain.","og_url":"https:\/\/dicodusport.fr\/blog\/antoine-griezmann-presente-le-11-juillet-par-le-fc-barcelone\/","og_site_name":"Dicodusport","article_publisher":"https:\/\/www.facebook.com\/dicodusport","article_author":"https:\/\/www.facebook.com\/florent.ostermann","article_published_time":"2019-07-02T06:35:32+00:00","article_modified_time":"2019-07-02T07:50:12+00:00","og_image":[{"width":800,"height":445,"url":"https:\/\/dicodusport.fr\/blog\/wp-content\/uploads\/2019\/07\/Antoine-Griezmann-FC-Barcelone-2019.png","type":"image\/png"}],"author":"Flo Ostermann","twitter_card":"summary_large_image","twitter_title":"Antoine Griezmann pr\u00e9sent\u00e9 le 11 juillet par le FC Barcelone ?","twitter_creator":"@https:\/\/twitter.com\/FlOstermann","twitter_site":"@dicodusport","schema":{"@context":"https:\/\/schema.org","@graph":[{"@type":"NewsArticle","@id":"https:\/\/dicodusport.fr\/blog\/antoine-griezmann-presente-le-11-juillet-par-le-fc-barcelone\/#article","isPartOf":{"@id":"https:\/\/dicodusport.fr\/blog\/antoine-griezmann-presente-le-11-juillet-par-le-fc-barcelone\/"},"author":{"name":"Flo Ostermann","@id":"https:\/\/dicodusport.fr\/blog\/#\/schema\/person\/cb02af4c173ce4a653b55e9baf388d4a"},"headline":"Antoine Griezmann pr\u00e9sent\u00e9 le 11 juillet par le FC Barcelone ?","datePublished":"2019-07-02T06:35:32+00:00","dateModified":"2019-07-02T07:50:12+00:00","mainEntityOfPage":{"@id":"https:\/\/dicodusport.fr\/blog\/antoine-griezmann-presente-le-11-juillet-par-le-fc-barcelone\/"},"wordCount":184,"commentCount":0,"publisher":{"@id":"https:\/\/dicodusport.fr\/blog\/#organization"},"image":{"@id":"https:\/\/dicodusport.fr\/blog\/antoine-griezmann-presente-le-11-juillet-par-le-fc-barcelone\/#primaryimage"},"thumbnailUrl":"https:\/\/dicodusport.fr\/blog\/wp-content\/uploads\/2019\/07\/Antoine-Griezmann-FC-Barcelone-2019.png","keywords":["Antoine Griezmann","FC Barcelone","Football","Griezmann","transfert"],"articleSection":["Actualit\u00e9s","Football"],"inLanguage":"fr-FR","potentialAction":[{"@type":"CommentAction","name":"Comment","target":["https:\/\/dicodusport.fr\/blog\/antoine-griezmann-presente-le-11-juillet-par-le-fc-barcelone\/#respond"]}],"copyrightYear":"2019","copyrightHolder":{"@id":"https:\/\/dicodusport.fr\/blog\/#organization"}},{"@type":"WebPage","@id":"https:\/\/dicodusport.fr\/blog\/antoine-griezmann-presente-le-11-juillet-par-le-fc-barcelone\/","url":"https:\/\/dicodusport.fr\/blog\/antoine-griezmann-presente-le-11-juillet-par-le-fc-barcelone\/","name":"Antoine Griezmann pr\u00e9sent\u00e9 le 11 juillet par le FC Barcelone ?","isPartOf":{"@id":"https:\/\/dicodusport.fr\/blog\/#website"},"primaryImageOfPage":{"@id":"https:\/\/dicodusport.fr\/blog\/antoine-griezmann-presente-le-11-juillet-par-le-fc-barcelone\/#primaryimage"},"image":{"@id":"https:\/\/dicodusport.fr\/blog\/antoine-griezmann-presente-le-11-juillet-par-le-fc-barcelone\/#primaryimage"},"thumbnailUrl":"https:\/\/dicodusport.fr\/blog\/wp-content\/uploads\/2019\/07\/Antoine-Griezmann-FC-Barcelone-2019.png","datePublished":"2019-07-02T06:35:32+00:00","dateModified":"2019-07-02T07:50:12+00:00","description":"Selon El Mundo Deportivo, un m\u00e9dia tr\u00e8s proche du Bar\u00e7a, le champion du monde fran\u00e7ais Antoine Griezmann sera pr\u00e9sent\u00e9 le 11 juillet prochain.","breadcrumb":{"@id":"https:\/\/dicodusport.fr\/blog\/antoine-griezmann-presente-le-11-juillet-par-le-fc-barcelone\/#breadcrumb"},"inLanguage":"fr-FR","potentialAction":[{"@type":"ReadAction","target":["https:\/\/dicodusport.fr\/blog\/antoine-griezmann-presente-le-11-juillet-par-le-fc-barcelone\/"]}]},{"@type":"ImageObject","inLanguage":"fr-FR","@id":"https:\/\/dicodusport.fr\/blog\/antoine-griezmann-presente-le-11-juillet-par-le-fc-barcelone\/#primaryimage","url":"https:\/\/dicodusport.fr\/blog\/wp-content\/uploads\/2019\/07\/Antoine-Griezmann-FC-Barcelone-2019.png","contentUrl":"https:\/\/dicodusport.fr\/blog\/wp-content\/uploads\/2019\/07\/Antoine-Griezmann-FC-Barcelone-2019.png","width":800,"height":445},{"@type":"BreadcrumbList","@id":"https:\/\/dicodusport.fr\/blog\/antoine-griezmann-presente-le-11-juillet-par-le-fc-barcelone\/#breadcrumb","itemListElement":[{"@type":"ListItem","position":1,"name":"Accueil","item":"https:\/\/dicodusport.fr\/blog\/"},{"@type":"ListItem","position":2,"name":"Antoine Griezmann pr\u00e9sent\u00e9 le 11 juillet par le FC Barcelone ?"}]},{"@type":"WebSite","@id":"https:\/\/dicodusport.fr\/blog\/#website","url":"https:\/\/dicodusport.fr\/blog\/","name":"Dicodusport","description":"L&#039;encyclop\u00e9die de l&#039;actualit\u00e9 sportive","publisher":{"@id":"https:\/\/dicodusport.fr\/blog\/#organization"},"potentialAction":[{"@type":"SearchAction","target":{"@type":"EntryPoint","urlTemplate":"https:\/\/dicodusport.fr\/blog\/?s={search_term_string}"},"query-input":{"@type":"PropertyValueSpecification","valueRequired":true,"valueName":"search_term_string"}}],"inLanguage":"fr-FR"},{"@type":"NewsMediaOrganization","@id":"https:\/\/dicodusport.fr\/blog\/#organization","name":"Dicodusport","url":"https:\/\/dicodusport.fr\/blog\/","logo":{"@type":"ImageObject","inLanguage":"fr-FR","@id":"https:\/\/dicodusport.fr\/blog\/#\/schema\/logo\/image\/","url":"https:\/\/dicodusport.fr\/blog\/wp-content\/uploads\/2020\/06\/cropped-LOGO-DICODUSPORT-2020-SANS-FOND-SANS-TEXTE.png","contentUrl":"https:\/\/dicodusport.fr\/blog\/wp-content\/uploads\/2020\/06\/cropped-LOGO-DICODUSPORT-2020-SANS-FOND-SANS-TEXTE.png","width":512,"height":512,"caption":"Dicodusport"},"image":{"@id":"https:\/\/dicodusport.fr\/blog\/#\/schema\/logo\/image\/"},"sameAs":["https:\/\/www.facebook.com\/dicodusport","https:\/\/x.com\/dicodusport","https:\/\/www.instagram.com\/dicodusport\/","https:\/\/www.youtube.com\/channel\/UC7V2KZ5sd3htJivAbA4ZG3w"],"description":"Dicodusport est l'encyclop\u00e9die de l'actualit\u00e9 sportive.","email":"bonjour@dicodusport.fr","legalName":"DICODUSPORT","foundingDate":"2018-01-14","vatID":"FR71834470973","taxID":"83447097300043","numberOfEmployees":{"@type":"QuantitativeValue","minValue":"1","maxValue":"10"}},{"@type":"Person","@id":"https:\/\/dicodusport.fr\/blog\/#\/schema\/person\/cb02af4c173ce4a653b55e9baf388d4a","name":"Flo Ostermann","image":{"@type":"ImageObject","inLanguage":"fr-FR","@id":"https:\/\/dicodusport.fr\/blog\/#\/schema\/person\/image\/","url":"https:\/\/dicodusport.fr\/blog\/wp-content\/uploads\/2021\/05\/Flo-Ostermann-150x150.jpg","contentUrl":"https:\/\/dicodusport.fr\/blog\/wp-content\/uploads\/2021\/05\/Flo-Ostermann-150x150.jpg","caption":"Flo Ostermann"},"description":"Journaliste\/R\u00e9dacteur depuis septembre 2015 - Mes premiers souvenirs dans le sport ? Les envol\u00e9es du Stade Toulousain et les duels Villeneuve-Schumacher et H\u00e4kkinen-Schumacher \u00e0 la fin des ann\u00e9es 90, la Coupe du monde de football en 1998, l\u2019exploit du XV de France face aux All Blacks en 1999, mais aussi Richard C\u0153ur de Lion qui vole sur les montagnes du Tour de France. Bien parti pour devenir professeur d\u2019EPS, les \u00e9v\u00e9nements de la vie (et la flemme d\u2019animer des s\u00e9ances de 3x500 m\u00e8tres toute ma vie) m\u2019ont conduit \u00e0 revoir mes plans. Me voil\u00e0 depuis fin 2017 sur Dicodusport, m\u00e9dia gr\u00e2ce (et pour) lequel je partage ma passion : le sport dans tous ses \u00e9tats. Le tout accompagn\u00e9 par les fous furieux et folles furieuses cit\u00e9s sur cette page !","sameAs":["https:\/\/www.facebook.com\/florent.ostermann","https:\/\/x.com\/https:\/\/twitter.com\/FlOstermann","admin"],"url":"https:\/\/dicodusport.fr\/blog\/author\/flo\/"}]}},"_links":{"self":[{"href":"https:\/\/dicodusport.fr\/blog\/wp-json\/wp\/v2\/posts\/42352","targetHints":{"allow":["GET"]}}],"collection":[{"href":"https:\/\/dicodusport.fr\/blog\/wp-json\/wp\/v2\/posts"}],"about":[{"href":"https:\/\/dicodusport.fr\/blog\/wp-json\/wp\/v2\/types\/post"}],"author":[{"embeddable":true,"href":"https:\/\/dicodusport.fr\/blog\/wp-json\/wp\/v2\/users\/4"}],"replies":[{"embeddable":true,"href":"https:\/\/dicodusport.fr\/blog\/wp-json\/wp\/v2\/comments?post=42352"}],"version-history":[{"count":0,"href":"https:\/\/dicodusport.fr\/blog\/wp-json\/wp\/v2\/posts\/42352\/revisions"}],"wp:featuredmedia":[{"embeddable":true,"href":"https:\/\/dicodusport.fr\/blog\/wp-json\/wp\/v2\/media\/42354"}],"wp:attachment":[{"href":"https:\/\/dicodusport.fr\/blog\/wp-json\/wp\/v2\/media?parent=42352"}],"wp:term":[{"taxonomy":"category","embeddable":true,"href":"https:\/\/dicodusport.fr\/blog\/wp-json\/wp\/v2\/categories?post=42352"},{"taxonomy":"post_tag","embeddable":true,"href":"https:\/\/dicodusport.fr\/blog\/wp-json\/wp\/v2\/tags?post=42352"}],"curies":[{"name":"wp","href":"https:\/\/api.w.org\/{rel}","templated":true}]}}