{"id":423713,"date":"2023-10-01T19:13:21","date_gmt":"2023-10-01T17:13:21","guid":{"rendered":"https:\/\/dicodusport.fr\/blog\/?p=423713&#038;preview=true&#038;preview_id=423713"},"modified":"2023-10-01T19:13:56","modified_gmt":"2023-10-01T17:13:56","slug":"rallye-du-chili-2023-classement-general-en-direct","status":"publish","type":"post","link":"https:\/\/dicodusport.fr\/blog\/rallye-du-chili-2023-classement-general-en-direct\/","title":{"rendered":"Rallye du Chili 2023 &#8211; Classement final"},"content":{"rendered":"<p style=\"text-align: justify;\"><b><i>RALLYE DU CHILI 2023 &#8211; D\u00e9couvrez le classement g\u00e9n\u00e9ral (top 10) du Rallye WRC du Chili 2023, la 11\u00e8me manche du championnat du monde des rallyes, qui a lieu du jeudi 28 septembre au dimanche 1er octobre 2023.<\/i><\/b><\/p>\n<ul>\n<li style=\"text-align: justify;\"><strong>\u00c0 lire aussi &#8211; <a href=\"https:\/\/dicodusport.fr\/blog\/rallye-du-chili-2023-chaine-tv-programme-et-resultats\/\">Rallye du Chili 2023 : Cha\u00eene TV, programme et r\u00e9sultats<\/a>\u00a0<\/strong><\/li>\n<\/ul>\n<h2 style=\"text-align: justify;\">Classement du Rallye du Chili 2023<\/h2>\n<p><strong><span style=\"font-size: 14px;\"><em>Classement mis \u00e0 jour \u00e0 l&rsquo;issue de la SS16.<\/em><\/span><\/strong><\/p>\n<div class=\"su-table su-table-alternate\">\n<table style=\"width: 800px;border-collapse: collapse\" border=\"1\">\n<tbody>\n<tr style=\"height: 24px\">\n<td style=\"border-color: #ebebeb;height: 24px;text-align: center;width: 80px;vertical-align: middle\">\ud83c\udfc6<\/td>\n<td style=\"border-color: #ebebeb;height: 24px;text-align: center;width: 500px;vertical-align: middle\"><span style=\"font-size: 0.9em\"><strong>PILOTES ET CO-PILOTES<\/strong><\/span><\/td>\n<td style=\"border-color: #ebebeb;height: 24px;text-align: center;width: 220px;vertical-align: middle\"><span style=\"font-size: 0.9em\"><strong>TEMPS<br \/>\n<\/strong><\/span><\/td>\n<\/tr>\n<tr>\n<td style=\"border-color: #ebebeb;text-align: center;width: 80px;vertical-align: middle\"><span style=\"font-size: 0.9em\">1<\/span><span style=\"font-size: 0.9em\">.<\/span><\/td>\n<td style=\"border-color: #ebebeb;text-align: center;width: 500px;vertical-align: middle\"><span style=\"font-size: 0.9em\"><strong>\ud83c\uddea\ud83c\uddea Ott T\u00c4NAK \/ \ud83c\uddea\ud83c\uddea Martin J\u00c4RVEOJA<\/strong><br \/>\n<span style=\"font-size: 0.8em\">FORD<\/span><\/span><\/td>\n<td style=\"border-color: #ebebeb;text-align: center;width: 220px;vertical-align: middle\"><span style=\"font-size: 0.9em\"><strong>3h06m38.1s<\/strong><\/span><\/td>\n<\/tr>\n<tr>\n<td style=\"border-color: #ebebeb;text-align: center;width: 80px;vertical-align: middle\"><span style=\"font-size: 0.9em\">2.<\/span><\/td>\n<td style=\"border-color: #ebebeb;text-align: center;width: 500px;vertical-align: middle\"><span style=\"font-size: 0.9em\"><strong>\ud83c\udde7\ud83c\uddea Thierry NEUVILLE \/ \ud83c\udde7\ud83c\uddea Martijn WYDAEGHE<\/strong><br \/>\n<span style=\"font-size: 0.8em\">HYUNDAI<\/span><\/span><\/td>\n<td style=\"border-color: #ebebeb;text-align: center;width: 220px;vertical-align: middle\"><strong><span style=\"font-size: 0.9em\">\u00e0 42.1s<\/span><\/strong><\/td>\n<\/tr>\n<tr>\n<td style=\"border-color: #ebebeb;text-align: center;width: 80px;vertical-align: middle\"><span style=\"font-size: 0.9em\">3.<\/span><\/td>\n<td style=\"border-color: #ebebeb;text-align: center;width: 500px;vertical-align: middle\"><span style=\"font-size: 0.9em\"><strong>\ud83c\uddec\ud83c\udde7 Elfyn EVANS \/ \ud83c\uddec\ud83c\udde7 Scott MARTIN<br \/>\n<\/strong><span style=\"font-size: 0.8em\">TOYOTA<\/span><\/span><\/td>\n<td style=\"border-color: #ebebeb;text-align: center;width: 220px;vertical-align: middle\"><strong><span style=\"font-size: 0.9em\">\u00e0 1m06.9s<\/span><\/strong><\/td>\n<\/tr>\n<tr>\n<td style=\"border-color: #ebebeb;text-align: center;width: 80px;vertical-align: middle\"><span style=\"font-size: 0.9em\">4.<\/span><\/td>\n<td style=\"border-color: #ebebeb;text-align: center;width: 500px;vertical-align: middle\"><span style=\"font-size: 0.9em\"><strong>\ud83c\uddeb\ud83c\uddee Kalle ROVANPER\u00c4 \/ \ud83c\uddeb\ud83c\uddee Jonne HALTTUNEN<\/strong><br \/>\n<span style=\"font-size: 0.8em\">TOYOTA<\/span><\/span><\/td>\n<td style=\"border-color: #ebebeb;text-align: center;width: 220px;vertical-align: middle\"><strong><span style=\"font-size: 0.9em\">\u00e0 2m11.0s<\/span><\/strong><\/td>\n<\/tr>\n<tr>\n<td style=\"border-color: #ebebeb;text-align: center;width: 80px;vertical-align: middle\"><span style=\"font-size: 0.9em\">5.<\/span><\/td>\n<td style=\"border-color: #ebebeb;text-align: center;width: 500px;vertical-align: middle\"><span style=\"font-size: 0.9em\"><strong>\ud83c\uddef\ud83c\uddf5 Takamoto KATSUTA \/ \ud83c\uddee\ud83c\uddea Aaron JOHNSTON<\/strong><br \/>\n<span style=\"font-size: 0.8em\">TOYOTA<\/span><\/span><\/td>\n<td style=\"border-color: #ebebeb;text-align: center;width: 220px;vertical-align: middle\"><strong><span style=\"font-size: 0.9em\">\u00e0 4m41.5s<\/span><\/strong><\/td>\n<\/tr>\n<tr>\n<td style=\"border-color: #ebebeb;text-align: center;width: 80px;vertical-align: middle\"><span style=\"font-size: 0.9em\">6.<\/span><\/td>\n<td style=\"border-color: #ebebeb;text-align: center;width: 500px;vertical-align: middle\"><span style=\"font-size: 0.9em\"><strong>\ud83c\uddf8\ud83c\uddea Oliver SOLBERG \/ \ud83c\uddec\ud83c\udde7 Elliott EDMONDSON<\/strong><br \/>\n<span style=\"font-size: 0.8em\">SKODA<\/span><\/span><\/td>\n<td style=\"border-color: #ebebeb;text-align: center;width: 220px;vertical-align: middle\"><strong><span style=\"font-size: 0.9em\">\u00e0 8m18.5s<\/span><\/strong><\/td>\n<\/tr>\n<tr style=\"height: 24px\">\n<td style=\"border-color: #ebebeb;height: 24px;text-align: center;width: 80px;vertical-align: middle\"><span style=\"font-size: 0.9em\">7.<\/span><\/td>\n<td style=\"border-color: #ebebeb;text-align: center;width: 500px;vertical-align: middle\"><span style=\"font-size: 0.9em\"><strong>\ud83c\uddec\ud83c\udde7 Gus GREENSMITH \/ <strong style=\"font-size: 14.4px\">\ud83c\uddf8\ud83c\uddea<\/strong> Jonas ANDERSSON<br \/>\n<\/strong><span style=\"font-size: 0.8em\">SKODA<\/span><\/span><\/td>\n<td style=\"border-color: #ebebeb;text-align: center;width: 220px;vertical-align: middle\"><strong><span style=\"font-size: 0.9em\">\u00e0 8m44.3s<\/span><\/strong><\/td>\n<\/tr>\n<tr>\n<td style=\"border-color: #ebebeb;text-align: center;width: 80px;vertical-align: middle\"><span style=\"font-size: 0.9em\">8.<\/span><\/td>\n<td style=\"border-color: #ebebeb;text-align: center;width: 500px;vertical-align: middle\"><span style=\"font-size: 0.9em\"><strong>\ud83c\uddeb\ud83c\uddee Sami PAJARI \/ \ud83c\uddeb\ud83c\uddee Enni M\u00c4LK\u00d6NEN<\/strong><br \/>\n<span style=\"font-size: 0.8em\">SKODA<\/span><\/span><\/td>\n<td style=\"border-color: #ebebeb;text-align: center;width: 220px;vertical-align: middle\"><strong><span style=\"font-size: 0.9em\">\u00e0 9m20.6s<\/span><\/strong><\/td>\n<\/tr>\n<tr>\n<td style=\"border-color: #ebebeb;text-align: center;width: 80px;vertical-align: middle\"><span style=\"font-size: 0.9em\">9.<\/span><\/td>\n<td style=\"border-color: #ebebeb;text-align: center;width: 500px;vertical-align: middle\"><span style=\"font-size: 0.9em\"><strong><strong style=\"font-size: 0.9em\">\ud83c\uddeb\ud83c\uddf7<\/strong> Yohan ROSSEL \/ <strong style=\"font-size: 0.9em\">\ud83c\uddeb\ud83c\uddf7<\/strong> Arnaud DUNAND<\/strong><br \/>\n<span style=\"font-size: 0.8em\">CITRO\u00cbN<\/span><\/span><\/td>\n<td style=\"border-color: #ebebeb;text-align: center;width: 220px;vertical-align: middle\"><strong><span style=\"font-size: 0.9em\">\u00e0 9m53.9s<\/span><\/strong><\/td>\n<\/tr>\n<tr>\n<td style=\"border-color: #ebebeb;text-align: center;width: 80px;vertical-align: middle\"><span style=\"font-size: 0.9em\">10.<\/span><\/td>\n<td style=\"border-color: #ebebeb;text-align: center;width: 500px;vertical-align: middle\"><span style=\"font-size: 0.9em\"><strong>\ud83c\uddf7\ud83c\uddfa Nikolay GRYAZIN \/ \ud83c\uddf7\ud83c\uddfa Konstantin ALEKSANDROV<br \/>\n<\/strong><span style=\"font-size: 0.8em\">SKODA<\/span><\/span><\/td>\n<td style=\"border-color: #ebebeb;text-align: center;width: 220px;vertical-align: middle\"><strong><span style=\"font-size: 0.9em\">\u00e0 10m08.2s<\/span><\/strong><\/td>\n<\/tr>\n<\/tbody>\n<\/table>\n<\/div>\n<h2 style=\"text-align: justify;\"><em>\u00a0<\/em>\u00c0 lire aussi<\/h2>\n<ul>\n<li style=\"text-align: justify;\"><a href=\"https:\/\/www.wrc.com\/c\/event\/ayMP_WRCRallyChileBioBo?filterBy=true&amp;liveTimingMenu=overall_livetiming\"><strong>WRC Rallye du Chili &#8211; Classement complet<\/strong><\/a><\/li>\n<li style=\"text-align: justify;\"><a href=\"https:\/\/dicodusport.fr\/blog\/rallye-wrc-2023-calendrier-et-resultats\/\"><strong>Calendrier complet de la saison WRC 2023<\/strong><\/a><\/li>\n<li><a href=\"https:\/\/dicodusport.fr\/blog\/rallye-wrc-2023-classement-pilotes-du-championnat-du-monde\/\"><strong>Rallye WRC 2023 \u2013 Classement pilotes du championnat du monde<\/strong><\/a><\/li>\n<\/ul>\n<div class=\"vlp-link-container vlp-layout-article\"><a href=\"https:\/\/dicodusport.fr\/blog\/salaires-wrc-2023-les-10-pilotes-de-rallye-les-mieux-payes\/\" class=\"vlp-link\" title=\"Salaires WRC 2023 : Les 10 pilotes de rallye les mieux pay\u00e9s\"><\/a><div class=\"vlp-layout-zone-side\"><div class=\"vlp-block-4 vlp-link-image\"><img loading=\"lazy\" decoding=\"async\" style=\"max-width: 800px;\" width=\"800\" height=\"445\" src=\"https:\/\/dicodusport.fr\/blog\/wp-content\/uploads\/2023\/01\/Salaires-WRC-2023-Les-10-pilotes-de-rallye-les-mieux-payes.png\" class=\"attachment-800x445 size-800x445\" alt=\"Salaires WRC 2023 Les 10 pilotes de rallye les mieux pay\u00e9s\" srcset=\"https:\/\/dicodusport.fr\/blog\/wp-content\/uploads\/2023\/01\/Salaires-WRC-2023-Les-10-pilotes-de-rallye-les-mieux-payes.png 800w, https:\/\/dicodusport.fr\/blog\/wp-content\/uploads\/2023\/01\/Salaires-WRC-2023-Les-10-pilotes-de-rallye-les-mieux-payes-300x167.png 300w, https:\/\/dicodusport.fr\/blog\/wp-content\/uploads\/2023\/01\/Salaires-WRC-2023-Les-10-pilotes-de-rallye-les-mieux-payes-768x427.png 768w\" sizes=\"auto, (max-width: 800px) 100vw, 800px\" \/><\/div><\/div><div class=\"vlp-layout-zone-main\"><div class=\"vlp-block-0 vlp-link-title\">Salaires WRC 2023 : Les 10 pilotes de rallye les mieux pay\u00e9s<\/div><div class=\"vlp-block-1 vlp-link-summary\">RALLYE WRC 2023 - R\u00e9cemment, le site sp\u00e9cialis\u00e9 Sports Payouts a d\u00e9voil\u00e9 les salaires de base annuels des 10 pilotes de rallye WRC les mieux pay\u00e9s en 2023. Des montants \u00e0 prendre avec des pincettes, ces derniers \u00e9tant approximatifs. De plus, les revenus li\u00e9s aux primes et sponsors ne sont pas comptabilis\u00e9s. Les sommes, calcul\u00e9es en dollars par Sports Payouts, ont \u00e9t\u00e9 converties en euros.<\/div><div class=\"vlp-block-2 vlp-link-button\">Lire l'article<\/div><div class=\"vlp-block-3 vlp-link-url\">dicodusport.fr<\/div><\/div><\/div>\n","protected":false},"excerpt":{"rendered":"<p>RALLYE DU CHILI 2023 &#8211; D\u00e9couvrez le classement g\u00e9n\u00e9ral (top 10) du Rallye WRC du Chili 2023, la 11\u00e8me manche du championnat du monde des rallyes, qui a lieu du jeudi 28 septembre au dimanche 1er octobre 2023.<\/p>\n","protected":false},"author":4,"featured_media":423716,"comment_status":"open","ping_status":"closed","sticky":false,"template":"","format":"standard","meta":{"_acf_changed":false,"_daextam_enable_autolinks":"","footnotes":""},"categories":[47088],"tags":[16878],"class_list":["post-423713","post","type-post","status-publish","format-standard","has-post-thumbnail","hentry","category-rallye-wrc","tag-breve"],"acf":[],"yoast_head":"<!-- This site is optimized with the Yoast SEO Premium plugin v26.7 (Yoast SEO v26.7) - https:\/\/yoast.com\/wordpress\/plugins\/seo\/ -->\n<title>Rallye du Chili 2023 - Classement final<\/title>\n<meta name=\"description\" content=\"RALLYE DU CHILI 2023 - D\u00e9couvrez le classement g\u00e9n\u00e9ral du Rallye WRC du Chili 2023, qui a lieu du 28 septembre au 1er octobre 2023.\" \/>\n<meta name=\"robots\" content=\"index, follow, max-snippet:-1, max-image-preview:large, max-video-preview:-1\" \/>\n<link rel=\"canonical\" href=\"https:\/\/dicodusport.fr\/blog\/rallye-du-chili-2023-classement-general-en-direct\/\" \/>\n<meta property=\"og:locale\" content=\"fr_FR\" \/>\n<meta property=\"og:type\" content=\"article\" \/>\n<meta property=\"og:title\" content=\"Rallye du Chili 2023 - Classement final\" \/>\n<meta property=\"og:description\" content=\"RALLYE DU CHILI 2023 - D\u00e9couvrez le classement g\u00e9n\u00e9ral du Rallye WRC du Chili 2023, qui a lieu du 28 septembre au 1er octobre 2023.\" \/>\n<meta property=\"og:url\" content=\"https:\/\/dicodusport.fr\/blog\/rallye-du-chili-2023-classement-general-en-direct\/\" \/>\n<meta property=\"og:site_name\" content=\"Dicodusport\" \/>\n<meta property=\"article:publisher\" content=\"https:\/\/www.facebook.com\/dicodusport\" \/>\n<meta property=\"article:author\" content=\"https:\/\/www.facebook.com\/florent.ostermann\" \/>\n<meta property=\"article:published_time\" content=\"2023-10-01T17:13:21+00:00\" \/>\n<meta property=\"article:modified_time\" content=\"2023-10-01T17:13:56+00:00\" \/>\n<meta property=\"og:image\" content=\"https:\/\/dicodusport.fr\/blog\/wp-content\/uploads\/2023\/09\/Rallye-du-Chili-2023-Classement-general-en-direct.png\" \/>\n\t<meta property=\"og:image:width\" content=\"1200\" \/>\n\t<meta property=\"og:image:height\" content=\"670\" \/>\n\t<meta property=\"og:image:type\" content=\"image\/png\" \/>\n<meta name=\"author\" content=\"Flo Ostermann\" \/>\n<meta name=\"twitter:card\" content=\"summary_large_image\" \/>\n<meta name=\"twitter:title\" content=\"Rallye du Chili 2023 - Classement final\" \/>\n<meta name=\"twitter:creator\" content=\"@https:\/\/twitter.com\/FlOstermann\" \/>\n<meta name=\"twitter:site\" content=\"@dicodusport\" \/>\n<script type=\"application\/ld+json\" class=\"yoast-schema-graph\">{\"@context\":\"https:\/\/schema.org\",\"@graph\":[{\"@type\":\"NewsArticle\",\"@id\":\"https:\/\/dicodusport.fr\/blog\/rallye-du-chili-2023-classement-general-en-direct\/#article\",\"isPartOf\":{\"@id\":\"https:\/\/dicodusport.fr\/blog\/rallye-du-chili-2023-classement-general-en-direct\/\"},\"author\":{\"name\":\"Flo Ostermann\",\"@id\":\"https:\/\/dicodusport.fr\/blog\/#\/schema\/person\/cb02af4c173ce4a653b55e9baf388d4a\"},\"headline\":\"Rallye du Chili 2023 &#8211; Classement final\",\"datePublished\":\"2023-10-01T17:13:21+00:00\",\"dateModified\":\"2023-10-01T17:13:56+00:00\",\"mainEntityOfPage\":{\"@id\":\"https:\/\/dicodusport.fr\/blog\/rallye-du-chili-2023-classement-general-en-direct\/\"},\"wordCount\":262,\"commentCount\":0,\"publisher\":{\"@id\":\"https:\/\/dicodusport.fr\/blog\/#organization\"},\"image\":{\"@id\":\"https:\/\/dicodusport.fr\/blog\/rallye-du-chili-2023-classement-general-en-direct\/#primaryimage\"},\"thumbnailUrl\":\"https:\/\/dicodusport.fr\/blog\/wp-content\/uploads\/2023\/09\/Rallye-du-Chili-2023-Classement-general-en-direct.png\",\"keywords\":[\"br\u00e8ve\"],\"articleSection\":[\"Rallye WRC\"],\"inLanguage\":\"fr-FR\",\"potentialAction\":[{\"@type\":\"CommentAction\",\"name\":\"Comment\",\"target\":[\"https:\/\/dicodusport.fr\/blog\/rallye-du-chili-2023-classement-general-en-direct\/#respond\"]}],\"copyrightYear\":\"2023\",\"copyrightHolder\":{\"@id\":\"https:\/\/dicodusport.fr\/blog\/#organization\"}},{\"@type\":\"WebPage\",\"@id\":\"https:\/\/dicodusport.fr\/blog\/rallye-du-chili-2023-classement-general-en-direct\/\",\"url\":\"https:\/\/dicodusport.fr\/blog\/rallye-du-chili-2023-classement-general-en-direct\/\",\"name\":\"Rallye du Chili 2023 - Classement final\",\"isPartOf\":{\"@id\":\"https:\/\/dicodusport.fr\/blog\/#website\"},\"primaryImageOfPage\":{\"@id\":\"https:\/\/dicodusport.fr\/blog\/rallye-du-chili-2023-classement-general-en-direct\/#primaryimage\"},\"image\":{\"@id\":\"https:\/\/dicodusport.fr\/blog\/rallye-du-chili-2023-classement-general-en-direct\/#primaryimage\"},\"thumbnailUrl\":\"https:\/\/dicodusport.fr\/blog\/wp-content\/uploads\/2023\/09\/Rallye-du-Chili-2023-Classement-general-en-direct.png\",\"datePublished\":\"2023-10-01T17:13:21+00:00\",\"dateModified\":\"2023-10-01T17:13:56+00:00\",\"description\":\"RALLYE DU CHILI 2023 - D\u00e9couvrez le classement g\u00e9n\u00e9ral du Rallye WRC du Chili 2023, qui a lieu du 28 septembre au 1er octobre 2023.\",\"breadcrumb\":{\"@id\":\"https:\/\/dicodusport.fr\/blog\/rallye-du-chili-2023-classement-general-en-direct\/#breadcrumb\"},\"inLanguage\":\"fr-FR\",\"potentialAction\":[{\"@type\":\"ReadAction\",\"target\":[\"https:\/\/dicodusport.fr\/blog\/rallye-du-chili-2023-classement-general-en-direct\/\"]}]},{\"@type\":\"ImageObject\",\"inLanguage\":\"fr-FR\",\"@id\":\"https:\/\/dicodusport.fr\/blog\/rallye-du-chili-2023-classement-general-en-direct\/#primaryimage\",\"url\":\"https:\/\/dicodusport.fr\/blog\/wp-content\/uploads\/2023\/09\/Rallye-du-Chili-2023-Classement-general-en-direct.png\",\"contentUrl\":\"https:\/\/dicodusport.fr\/blog\/wp-content\/uploads\/2023\/09\/Rallye-du-Chili-2023-Classement-general-en-direct.png\",\"width\":1200,\"height\":670,\"caption\":\"Rallye du Chili 2023 - Classement g\u00e9n\u00e9ral en direct\"},{\"@type\":\"BreadcrumbList\",\"@id\":\"https:\/\/dicodusport.fr\/blog\/rallye-du-chili-2023-classement-general-en-direct\/#breadcrumb\",\"itemListElement\":[{\"@type\":\"ListItem\",\"position\":1,\"name\":\"Accueil\",\"item\":\"https:\/\/dicodusport.fr\/blog\/\"},{\"@type\":\"ListItem\",\"position\":2,\"name\":\"Rallye du Chili 2023 &#8211; Classement final\"}]},{\"@type\":\"WebSite\",\"@id\":\"https:\/\/dicodusport.fr\/blog\/#website\",\"url\":\"https:\/\/dicodusport.fr\/blog\/\",\"name\":\"Dicodusport\",\"description\":\"L&#039;encyclop\u00e9die de l&#039;actualit\u00e9 sportive\",\"publisher\":{\"@id\":\"https:\/\/dicodusport.fr\/blog\/#organization\"},\"potentialAction\":[{\"@type\":\"SearchAction\",\"target\":{\"@type\":\"EntryPoint\",\"urlTemplate\":\"https:\/\/dicodusport.fr\/blog\/?s={search_term_string}\"},\"query-input\":{\"@type\":\"PropertyValueSpecification\",\"valueRequired\":true,\"valueName\":\"search_term_string\"}}],\"inLanguage\":\"fr-FR\"},{\"@type\":\"NewsMediaOrganization\",\"@id\":\"https:\/\/dicodusport.fr\/blog\/#organization\",\"name\":\"Dicodusport\",\"url\":\"https:\/\/dicodusport.fr\/blog\/\",\"logo\":{\"@type\":\"ImageObject\",\"inLanguage\":\"fr-FR\",\"@id\":\"https:\/\/dicodusport.fr\/blog\/#\/schema\/logo\/image\/\",\"url\":\"https:\/\/dicodusport.fr\/blog\/wp-content\/uploads\/2020\/06\/cropped-LOGO-DICODUSPORT-2020-SANS-FOND-SANS-TEXTE.png\",\"contentUrl\":\"https:\/\/dicodusport.fr\/blog\/wp-content\/uploads\/2020\/06\/cropped-LOGO-DICODUSPORT-2020-SANS-FOND-SANS-TEXTE.png\",\"width\":512,\"height\":512,\"caption\":\"Dicodusport\"},\"image\":{\"@id\":\"https:\/\/dicodusport.fr\/blog\/#\/schema\/logo\/image\/\"},\"sameAs\":[\"https:\/\/www.facebook.com\/dicodusport\",\"https:\/\/x.com\/dicodusport\",\"https:\/\/www.instagram.com\/dicodusport\/\",\"https:\/\/www.youtube.com\/channel\/UC7V2KZ5sd3htJivAbA4ZG3w\"],\"description\":\"Dicodusport est l'encyclop\u00e9die de l'actualit\u00e9 sportive.\",\"email\":\"bonjour@dicodusport.fr\",\"legalName\":\"DICODUSPORT\",\"foundingDate\":\"2018-01-14\",\"vatID\":\"FR71834470973\",\"taxID\":\"83447097300043\",\"numberOfEmployees\":{\"@type\":\"QuantitativeValue\",\"minValue\":\"1\",\"maxValue\":\"10\"}},{\"@type\":\"Person\",\"@id\":\"https:\/\/dicodusport.fr\/blog\/#\/schema\/person\/cb02af4c173ce4a653b55e9baf388d4a\",\"name\":\"Flo Ostermann\",\"image\":{\"@type\":\"ImageObject\",\"inLanguage\":\"fr-FR\",\"@id\":\"https:\/\/dicodusport.fr\/blog\/#\/schema\/person\/image\/\",\"url\":\"https:\/\/dicodusport.fr\/blog\/wp-content\/uploads\/2021\/05\/Flo-Ostermann-150x150.jpg\",\"contentUrl\":\"https:\/\/dicodusport.fr\/blog\/wp-content\/uploads\/2021\/05\/Flo-Ostermann-150x150.jpg\",\"caption\":\"Flo Ostermann\"},\"description\":\"Journaliste\/R\u00e9dacteur depuis septembre 2015 - Mes premiers souvenirs dans le sport ? Les envol\u00e9es du Stade Toulousain et les duels Villeneuve-Schumacher et H\u00e4kkinen-Schumacher \u00e0 la fin des ann\u00e9es 90, la Coupe du monde de football en 1998, l\u2019exploit du XV de France face aux All Blacks en 1999, mais aussi Richard C\u0153ur de Lion qui vole sur les montagnes du Tour de France. Bien parti pour devenir professeur d\u2019EPS, les \u00e9v\u00e9nements de la vie (et la flemme d\u2019animer des s\u00e9ances de 3x500 m\u00e8tres toute ma vie) m\u2019ont conduit \u00e0 revoir mes plans. Me voil\u00e0 depuis fin 2017 sur Dicodusport, m\u00e9dia gr\u00e2ce (et pour) lequel je partage ma passion : le sport dans tous ses \u00e9tats. Le tout accompagn\u00e9 par les fous furieux et folles furieuses cit\u00e9s sur cette page !\",\"sameAs\":[\"https:\/\/www.facebook.com\/florent.ostermann\",\"https:\/\/x.com\/https:\/\/twitter.com\/FlOstermann\",\"admin\"],\"url\":\"https:\/\/dicodusport.fr\/blog\/author\/flo\/\"}]}<\/script>\n<!-- \/ Yoast SEO Premium plugin. -->","yoast_head_json":{"title":"Rallye du Chili 2023 - Classement final","description":"RALLYE DU CHILI 2023 - D\u00e9couvrez le classement g\u00e9n\u00e9ral du Rallye WRC du Chili 2023, qui a lieu du 28 septembre au 1er octobre 2023.","robots":{"index":"index","follow":"follow","max-snippet":"max-snippet:-1","max-image-preview":"max-image-preview:large","max-video-preview":"max-video-preview:-1"},"canonical":"https:\/\/dicodusport.fr\/blog\/rallye-du-chili-2023-classement-general-en-direct\/","og_locale":"fr_FR","og_type":"article","og_title":"Rallye du Chili 2023 - Classement final","og_description":"RALLYE DU CHILI 2023 - D\u00e9couvrez le classement g\u00e9n\u00e9ral du Rallye WRC du Chili 2023, qui a lieu du 28 septembre au 1er octobre 2023.","og_url":"https:\/\/dicodusport.fr\/blog\/rallye-du-chili-2023-classement-general-en-direct\/","og_site_name":"Dicodusport","article_publisher":"https:\/\/www.facebook.com\/dicodusport","article_author":"https:\/\/www.facebook.com\/florent.ostermann","article_published_time":"2023-10-01T17:13:21+00:00","article_modified_time":"2023-10-01T17:13:56+00:00","og_image":[{"width":1200,"height":670,"url":"https:\/\/dicodusport.fr\/blog\/wp-content\/uploads\/2023\/09\/Rallye-du-Chili-2023-Classement-general-en-direct.png","type":"image\/png"}],"author":"Flo Ostermann","twitter_card":"summary_large_image","twitter_title":"Rallye du Chili 2023 - Classement final","twitter_creator":"@https:\/\/twitter.com\/FlOstermann","twitter_site":"@dicodusport","schema":{"@context":"https:\/\/schema.org","@graph":[{"@type":"NewsArticle","@id":"https:\/\/dicodusport.fr\/blog\/rallye-du-chili-2023-classement-general-en-direct\/#article","isPartOf":{"@id":"https:\/\/dicodusport.fr\/blog\/rallye-du-chili-2023-classement-general-en-direct\/"},"author":{"name":"Flo Ostermann","@id":"https:\/\/dicodusport.fr\/blog\/#\/schema\/person\/cb02af4c173ce4a653b55e9baf388d4a"},"headline":"Rallye du Chili 2023 &#8211; Classement final","datePublished":"2023-10-01T17:13:21+00:00","dateModified":"2023-10-01T17:13:56+00:00","mainEntityOfPage":{"@id":"https:\/\/dicodusport.fr\/blog\/rallye-du-chili-2023-classement-general-en-direct\/"},"wordCount":262,"commentCount":0,"publisher":{"@id":"https:\/\/dicodusport.fr\/blog\/#organization"},"image":{"@id":"https:\/\/dicodusport.fr\/blog\/rallye-du-chili-2023-classement-general-en-direct\/#primaryimage"},"thumbnailUrl":"https:\/\/dicodusport.fr\/blog\/wp-content\/uploads\/2023\/09\/Rallye-du-Chili-2023-Classement-general-en-direct.png","keywords":["br\u00e8ve"],"articleSection":["Rallye WRC"],"inLanguage":"fr-FR","potentialAction":[{"@type":"CommentAction","name":"Comment","target":["https:\/\/dicodusport.fr\/blog\/rallye-du-chili-2023-classement-general-en-direct\/#respond"]}],"copyrightYear":"2023","copyrightHolder":{"@id":"https:\/\/dicodusport.fr\/blog\/#organization"}},{"@type":"WebPage","@id":"https:\/\/dicodusport.fr\/blog\/rallye-du-chili-2023-classement-general-en-direct\/","url":"https:\/\/dicodusport.fr\/blog\/rallye-du-chili-2023-classement-general-en-direct\/","name":"Rallye du Chili 2023 - Classement final","isPartOf":{"@id":"https:\/\/dicodusport.fr\/blog\/#website"},"primaryImageOfPage":{"@id":"https:\/\/dicodusport.fr\/blog\/rallye-du-chili-2023-classement-general-en-direct\/#primaryimage"},"image":{"@id":"https:\/\/dicodusport.fr\/blog\/rallye-du-chili-2023-classement-general-en-direct\/#primaryimage"},"thumbnailUrl":"https:\/\/dicodusport.fr\/blog\/wp-content\/uploads\/2023\/09\/Rallye-du-Chili-2023-Classement-general-en-direct.png","datePublished":"2023-10-01T17:13:21+00:00","dateModified":"2023-10-01T17:13:56+00:00","description":"RALLYE DU CHILI 2023 - D\u00e9couvrez le classement g\u00e9n\u00e9ral du Rallye WRC du Chili 2023, qui a lieu du 28 septembre au 1er octobre 2023.","breadcrumb":{"@id":"https:\/\/dicodusport.fr\/blog\/rallye-du-chili-2023-classement-general-en-direct\/#breadcrumb"},"inLanguage":"fr-FR","potentialAction":[{"@type":"ReadAction","target":["https:\/\/dicodusport.fr\/blog\/rallye-du-chili-2023-classement-general-en-direct\/"]}]},{"@type":"ImageObject","inLanguage":"fr-FR","@id":"https:\/\/dicodusport.fr\/blog\/rallye-du-chili-2023-classement-general-en-direct\/#primaryimage","url":"https:\/\/dicodusport.fr\/blog\/wp-content\/uploads\/2023\/09\/Rallye-du-Chili-2023-Classement-general-en-direct.png","contentUrl":"https:\/\/dicodusport.fr\/blog\/wp-content\/uploads\/2023\/09\/Rallye-du-Chili-2023-Classement-general-en-direct.png","width":1200,"height":670,"caption":"Rallye du Chili 2023 - Classement g\u00e9n\u00e9ral en direct"},{"@type":"BreadcrumbList","@id":"https:\/\/dicodusport.fr\/blog\/rallye-du-chili-2023-classement-general-en-direct\/#breadcrumb","itemListElement":[{"@type":"ListItem","position":1,"name":"Accueil","item":"https:\/\/dicodusport.fr\/blog\/"},{"@type":"ListItem","position":2,"name":"Rallye du Chili 2023 &#8211; Classement final"}]},{"@type":"WebSite","@id":"https:\/\/dicodusport.fr\/blog\/#website","url":"https:\/\/dicodusport.fr\/blog\/","name":"Dicodusport","description":"L&#039;encyclop\u00e9die de l&#039;actualit\u00e9 sportive","publisher":{"@id":"https:\/\/dicodusport.fr\/blog\/#organization"},"potentialAction":[{"@type":"SearchAction","target":{"@type":"EntryPoint","urlTemplate":"https:\/\/dicodusport.fr\/blog\/?s={search_term_string}"},"query-input":{"@type":"PropertyValueSpecification","valueRequired":true,"valueName":"search_term_string"}}],"inLanguage":"fr-FR"},{"@type":"NewsMediaOrganization","@id":"https:\/\/dicodusport.fr\/blog\/#organization","name":"Dicodusport","url":"https:\/\/dicodusport.fr\/blog\/","logo":{"@type":"ImageObject","inLanguage":"fr-FR","@id":"https:\/\/dicodusport.fr\/blog\/#\/schema\/logo\/image\/","url":"https:\/\/dicodusport.fr\/blog\/wp-content\/uploads\/2020\/06\/cropped-LOGO-DICODUSPORT-2020-SANS-FOND-SANS-TEXTE.png","contentUrl":"https:\/\/dicodusport.fr\/blog\/wp-content\/uploads\/2020\/06\/cropped-LOGO-DICODUSPORT-2020-SANS-FOND-SANS-TEXTE.png","width":512,"height":512,"caption":"Dicodusport"},"image":{"@id":"https:\/\/dicodusport.fr\/blog\/#\/schema\/logo\/image\/"},"sameAs":["https:\/\/www.facebook.com\/dicodusport","https:\/\/x.com\/dicodusport","https:\/\/www.instagram.com\/dicodusport\/","https:\/\/www.youtube.com\/channel\/UC7V2KZ5sd3htJivAbA4ZG3w"],"description":"Dicodusport est l'encyclop\u00e9die de l'actualit\u00e9 sportive.","email":"bonjour@dicodusport.fr","legalName":"DICODUSPORT","foundingDate":"2018-01-14","vatID":"FR71834470973","taxID":"83447097300043","numberOfEmployees":{"@type":"QuantitativeValue","minValue":"1","maxValue":"10"}},{"@type":"Person","@id":"https:\/\/dicodusport.fr\/blog\/#\/schema\/person\/cb02af4c173ce4a653b55e9baf388d4a","name":"Flo Ostermann","image":{"@type":"ImageObject","inLanguage":"fr-FR","@id":"https:\/\/dicodusport.fr\/blog\/#\/schema\/person\/image\/","url":"https:\/\/dicodusport.fr\/blog\/wp-content\/uploads\/2021\/05\/Flo-Ostermann-150x150.jpg","contentUrl":"https:\/\/dicodusport.fr\/blog\/wp-content\/uploads\/2021\/05\/Flo-Ostermann-150x150.jpg","caption":"Flo Ostermann"},"description":"Journaliste\/R\u00e9dacteur depuis septembre 2015 - Mes premiers souvenirs dans le sport ? Les envol\u00e9es du Stade Toulousain et les duels Villeneuve-Schumacher et H\u00e4kkinen-Schumacher \u00e0 la fin des ann\u00e9es 90, la Coupe du monde de football en 1998, l\u2019exploit du XV de France face aux All Blacks en 1999, mais aussi Richard C\u0153ur de Lion qui vole sur les montagnes du Tour de France. Bien parti pour devenir professeur d\u2019EPS, les \u00e9v\u00e9nements de la vie (et la flemme d\u2019animer des s\u00e9ances de 3x500 m\u00e8tres toute ma vie) m\u2019ont conduit \u00e0 revoir mes plans. Me voil\u00e0 depuis fin 2017 sur Dicodusport, m\u00e9dia gr\u00e2ce (et pour) lequel je partage ma passion : le sport dans tous ses \u00e9tats. Le tout accompagn\u00e9 par les fous furieux et folles furieuses cit\u00e9s sur cette page !","sameAs":["https:\/\/www.facebook.com\/florent.ostermann","https:\/\/x.com\/https:\/\/twitter.com\/FlOstermann","admin"],"url":"https:\/\/dicodusport.fr\/blog\/author\/flo\/"}]}},"_links":{"self":[{"href":"https:\/\/dicodusport.fr\/blog\/wp-json\/wp\/v2\/posts\/423713","targetHints":{"allow":["GET"]}}],"collection":[{"href":"https:\/\/dicodusport.fr\/blog\/wp-json\/wp\/v2\/posts"}],"about":[{"href":"https:\/\/dicodusport.fr\/blog\/wp-json\/wp\/v2\/types\/post"}],"author":[{"embeddable":true,"href":"https:\/\/dicodusport.fr\/blog\/wp-json\/wp\/v2\/users\/4"}],"replies":[{"embeddable":true,"href":"https:\/\/dicodusport.fr\/blog\/wp-json\/wp\/v2\/comments?post=423713"}],"version-history":[{"count":0,"href":"https:\/\/dicodusport.fr\/blog\/wp-json\/wp\/v2\/posts\/423713\/revisions"}],"wp:featuredmedia":[{"embeddable":true,"href":"https:\/\/dicodusport.fr\/blog\/wp-json\/wp\/v2\/media\/423716"}],"wp:attachment":[{"href":"https:\/\/dicodusport.fr\/blog\/wp-json\/wp\/v2\/media?parent=423713"}],"wp:term":[{"taxonomy":"category","embeddable":true,"href":"https:\/\/dicodusport.fr\/blog\/wp-json\/wp\/v2\/categories?post=423713"},{"taxonomy":"post_tag","embeddable":true,"href":"https:\/\/dicodusport.fr\/blog\/wp-json\/wp\/v2\/tags?post=423713"}],"curies":[{"name":"wp","href":"https:\/\/api.w.org\/{rel}","templated":true}]}}