{"id":424006,"date":"2023-09-29T23:01:36","date_gmt":"2023-09-29T21:01:36","guid":{"rendered":"https:\/\/dicodusport.fr\/blog\/?p=424006&#038;preview=true&#038;preview_id=424006"},"modified":"2023-09-29T23:16:50","modified_gmt":"2023-09-29T21:16:50","slug":"vtt-xcc-snowshoe-premiere-victoire-de-la-saison-pour-evie-richards","status":"publish","type":"post","link":"https:\/\/dicodusport.fr\/blog\/vtt-xcc-snowshoe-premiere-victoire-de-la-saison-pour-evie-richards\/","title":{"rendered":"VTT XCC Snowshoe : Premi\u00e8re victoire de la saison pour Evie Richards"},"content":{"rendered":"<p align=\"justify\"><em><strong>VTT XCC SNOWSHOE &#8211; Evie Richards \u00e9tait la plus forte ce soir. La Britannique a devanc\u00e9 Puck Pieterse et Rebecca Henderson. Loana Lecomte termine 5e.<\/strong><\/em><\/p>\n<ul>\n<li style=\"text-align: justify;\"><strong>\u00c0 lire aussi &#8211; <a href=\"https:\/\/dicodusport.fr\/blog\/vtt-xcc-snowshoe-classement-de-la-course-femmes\/\">Classement complet de la course XCC de Snowshoe<\/a><\/strong><\/li>\n<\/ul>\n<p style=\"text-align: justify;\"><span style=\"font-weight: 400;\">Le plateau est XXL. Pour cette 7e manche de la saison, toutes les grandes dames du VTT ont fait le d\u00e9placement en Am\u00e9rique du Nord, sauf une. <\/span><b>Pauline Ferrand-Pr\u00e9vot <\/b><span style=\"font-weight: 400;\">n&rsquo;\u00e9tait pas du voyage et vient d&rsquo;\u00eatre test\u00e9e positive au Covid-19. Elle est donc forfait pour les championnats d&rsquo;Europe de gravel. Mais revenons \u00e0 Snowshoe o\u00f9 <\/span><b>Evie Richards<\/b><span style=\"font-weight: 400;\"> a impos\u00e9 sa loi. Une victoire en solitaire, sa premi\u00e8re depuis la fin de l&rsquo;ann\u00e9e 2021. La leader du classement g\u00e9n\u00e9ral <\/span><b>Puck Pieterse <\/b><span style=\"font-weight: 400;\">prend la deuxi\u00e8me place et <\/span><b>Rebecca Henderson <\/b><span style=\"font-weight: 400;\">compl\u00e8te le podium.<\/span><\/p>\n<h2 style=\"text-align: justify;\" align=\"justify\">Richards se fait la malle au 3\u1d49 tour<\/h2>\n<p style=\"text-align: justify;\"><span style=\"font-weight: 400;\">Le terrain est changeant sur ce circuit. Gravier, racines humides, herbe, boue, en un peu plus d&rsquo;un kilom\u00e8tre, les v\u00e9t\u00e9tistes testent leurs qualit\u00e9s techniques. <\/span><b>Loana Lecomte <\/b><span style=\"font-weight: 400;\">se place devant avec <\/span><b>Puck Pieterse <\/b><span style=\"font-weight: 400;\">et <\/span><b>Jenny Rissveds <\/b><span style=\"font-weight: 400;\">\u00e0 l&rsquo;aff\u00fbt, mais pas seulement. Les \u00e9carts \u00e9taient vraiment gigantesques chez les Espoirs avec 40 secondes entre le vainqueur et le 5e, la m\u00eame chose se passe en \u00c9lite. Un petit paquet se d\u00e9tache et, derri\u00e8re, les poursuivantes sont largu\u00e9es.<\/span><\/p>\n<p style=\"text-align: justify;\"><span style=\"font-weight: 400;\">Le trac\u00e9 est \u00e9prouvant, nous pouvons entendre les respirations des athl\u00e8tes. Seulement 4 tours sur un short track, c&rsquo;est une raret\u00e9. <\/span><b>Evie Richards <\/b><span style=\"font-weight: 400;\">est partie lors du troisi\u00e8me, se cr\u00e9ant un \u00e9cart de 5 ou 6 secondes. <\/span><b>Puck Pieterse <\/b><span style=\"font-weight: 400;\">\u00e9tait<\/span> <span style=\"font-weight: 400;\">bien la deuxi\u00e8me femme de la course et elles \u00e9taient plusieurs \u00e0 se battre pour la 3\u1d49 place. <\/span><b>Rebecca Henderson <\/b><span style=\"font-weight: 400;\">devance <\/span><b>Keller <\/b><span style=\"font-weight: 400;\">et <\/span><b>Loana Lecomte<\/b><span style=\"font-weight: 400;\">. <\/span><b>Line Burquier <\/b><span style=\"font-weight: 400;\">franchit la ligne en 26\u1d49 position.<\/span><\/p>\n<blockquote class=\"twitter-tweet\">\n<p dir=\"ltr\" lang=\"en\">Evie Richards puts her foot down in Snowshoe!<\/p>\n<p>The British rider absolutely \ud835\ude59\ud835\ude64\ud835\ude62\ud835\ude5e\ud835\ude63\ud835\ude56\ud835\ude69\ud835\ude5a\ud835\ude68 for her first win of 2023 \ud83e\udd47<a href=\"https:\/\/twitter.com\/hashtag\/MTBWorldCup?src=hash&amp;ref_src=twsrc%5Etfw\">#MTBWorldCup<\/a> | <a href=\"https:\/\/twitter.com\/eviee_alicee?ref_src=twsrc%5Etfw\">@eviee_alicee<\/a> <a href=\"https:\/\/t.co\/BYOHOvEqK5\">pic.twitter.com\/BYOHOvEqK5<\/a><\/p>\n<p>\u2014 Eurosport (@eurosport) <a href=\"https:\/\/twitter.com\/eurosport\/status\/1707862360809963709?ref_src=twsrc%5Etfw\">September 29, 2023<\/a><\/p><\/blockquote>\n<p><script async src=\"https:\/\/platform.twitter.com\/widgets.js\" charset=\"utf-8\"><\/script><\/p>\n<h2 style=\"text-align: justify;\">\u00c0 lire aussi<\/h2>\n<ul>\n<li style=\"text-align: justify;\"><a href=\"https:\/\/dicodusport.fr\/blog\/vtt-cross-country-classement-general-coupe-du-monde-2023\/\"><strong>Classement g\u00e9n\u00e9ral Coupe du monde de VTT Cross-country<\/strong><\/a><\/li>\n<li style=\"text-align: justify;\"><a href=\"https:\/\/dicodusport.fr\/blog\/vtt-xc-coupe-du-monde-2023-calendrier-et-resultats\/\"><strong>Calendrier et r\u00e9sultats de la Coupe du monde de VTT Cross-country 2023<\/strong><\/a><\/li>\n<\/ul>\n","protected":false},"excerpt":{"rendered":"<p>VTT XCC SNOWSHOE &#8211; Evie Richards \u00e9tait la plus forte ce soir. La Britannique a devanc\u00e9 Puck Pieterse et Rebecca Henderson. Loana Lecomte termine 5e.<\/p>\n","protected":false},"author":61,"featured_media":424024,"comment_status":"open","ping_status":"closed","sticky":false,"template":"","format":"standard","meta":{"_acf_changed":false,"_daextam_enable_autolinks":"","footnotes":""},"categories":[10279],"tags":[16878,1530,692],"class_list":["post-424006","post","type-post","status-publish","format-standard","has-post-thumbnail","hentry","category-vtt","tag-breve","tag-coupe-du-monde","tag-vtt"],"acf":[],"yoast_head":"<!-- This site is optimized with the Yoast SEO Premium plugin v26.7 (Yoast SEO v26.7) - https:\/\/yoast.com\/wordpress\/plugins\/seo\/ -->\n<title>VTT XCC Snowshoe : Premi\u00e8re victoire de la saison pour Evie Richards<\/title>\n<meta name=\"description\" content=\"Evie Richards \u00e9tait la plus forte ce soir. La Britannique a devanc\u00e9 Puck Pieterse et Rebecca Henderson. Loana Lecomte termine 5e.\" \/>\n<meta name=\"robots\" content=\"index, follow, max-snippet:-1, max-image-preview:large, max-video-preview:-1\" \/>\n<link rel=\"canonical\" href=\"https:\/\/dicodusport.fr\/blog\/vtt-xcc-snowshoe-premiere-victoire-de-la-saison-pour-evie-richards\/\" \/>\n<meta property=\"og:locale\" content=\"fr_FR\" \/>\n<meta property=\"og:type\" content=\"article\" \/>\n<meta property=\"og:title\" content=\"VTT XCC Snowshoe : Premi\u00e8re victoire de la saison pour Evie Richards\" \/>\n<meta property=\"og:description\" content=\"Evie Richards \u00e9tait la plus forte ce soir. La Britannique a devanc\u00e9 Puck Pieterse et Rebecca Henderson. Loana Lecomte termine 5e.\" \/>\n<meta property=\"og:url\" content=\"https:\/\/dicodusport.fr\/blog\/vtt-xcc-snowshoe-premiere-victoire-de-la-saison-pour-evie-richards\/\" \/>\n<meta property=\"og:site_name\" content=\"Dicodusport\" \/>\n<meta property=\"article:publisher\" content=\"https:\/\/www.facebook.com\/dicodusport\" \/>\n<meta property=\"article:published_time\" content=\"2023-09-29T21:01:36+00:00\" \/>\n<meta property=\"article:modified_time\" content=\"2023-09-29T21:16:50+00:00\" \/>\n<meta property=\"og:image\" content=\"https:\/\/dicodusport.fr\/blog\/wp-content\/uploads\/2023\/09\/VTT-XCC-Snowshoe-Premiere-victoire-de-la-saison-pour-Evie-Richards.png\" \/>\n\t<meta property=\"og:image:width\" content=\"800\" \/>\n\t<meta property=\"og:image:height\" content=\"445\" \/>\n\t<meta property=\"og:image:type\" content=\"image\/png\" \/>\n<meta name=\"author\" content=\"Pierre Gorce\" \/>\n<meta name=\"twitter:card\" content=\"summary_large_image\" \/>\n<meta name=\"twitter:title\" content=\"VTT XCC Snowshoe : Premi\u00e8re victoire de la saison pour Evie Richards\" \/>\n<meta name=\"twitter:creator\" content=\"@https:\/\/twitter.com\/pierregorce12\" \/>\n<meta name=\"twitter:site\" content=\"@dicodusport\" \/>\n<script type=\"application\/ld+json\" class=\"yoast-schema-graph\">{\"@context\":\"https:\/\/schema.org\",\"@graph\":[{\"@type\":\"NewsArticle\",\"@id\":\"https:\/\/dicodusport.fr\/blog\/vtt-xcc-snowshoe-premiere-victoire-de-la-saison-pour-evie-richards\/#article\",\"isPartOf\":{\"@id\":\"https:\/\/dicodusport.fr\/blog\/vtt-xcc-snowshoe-premiere-victoire-de-la-saison-pour-evie-richards\/\"},\"author\":{\"name\":\"Pierre Gorce\",\"@id\":\"https:\/\/dicodusport.fr\/blog\/#\/schema\/person\/0eaf70b33d703a1a66b1155ac1bda018\"},\"headline\":\"VTT XCC Snowshoe : Premi\u00e8re victoire de la saison pour Evie Richards\",\"datePublished\":\"2023-09-29T21:01:36+00:00\",\"dateModified\":\"2023-09-29T21:16:50+00:00\",\"mainEntityOfPage\":{\"@id\":\"https:\/\/dicodusport.fr\/blog\/vtt-xcc-snowshoe-premiere-victoire-de-la-saison-pour-evie-richards\/\"},\"wordCount\":364,\"commentCount\":0,\"publisher\":{\"@id\":\"https:\/\/dicodusport.fr\/blog\/#organization\"},\"image\":{\"@id\":\"https:\/\/dicodusport.fr\/blog\/vtt-xcc-snowshoe-premiere-victoire-de-la-saison-pour-evie-richards\/#primaryimage\"},\"thumbnailUrl\":\"https:\/\/dicodusport.fr\/blog\/wp-content\/uploads\/2023\/09\/VTT-XCC-Snowshoe-Premiere-victoire-de-la-saison-pour-Evie-Richards.png\",\"keywords\":[\"br\u00e8ve\",\"Coupe du monde\",\"VTT\"],\"articleSection\":[\"VTT\"],\"inLanguage\":\"fr-FR\",\"potentialAction\":[{\"@type\":\"CommentAction\",\"name\":\"Comment\",\"target\":[\"https:\/\/dicodusport.fr\/blog\/vtt-xcc-snowshoe-premiere-victoire-de-la-saison-pour-evie-richards\/#respond\"]}],\"copyrightYear\":\"2023\",\"copyrightHolder\":{\"@id\":\"https:\/\/dicodusport.fr\/blog\/#organization\"}},{\"@type\":\"WebPage\",\"@id\":\"https:\/\/dicodusport.fr\/blog\/vtt-xcc-snowshoe-premiere-victoire-de-la-saison-pour-evie-richards\/\",\"url\":\"https:\/\/dicodusport.fr\/blog\/vtt-xcc-snowshoe-premiere-victoire-de-la-saison-pour-evie-richards\/\",\"name\":\"VTT XCC Snowshoe : Premi\u00e8re victoire de la saison pour Evie Richards\",\"isPartOf\":{\"@id\":\"https:\/\/dicodusport.fr\/blog\/#website\"},\"primaryImageOfPage\":{\"@id\":\"https:\/\/dicodusport.fr\/blog\/vtt-xcc-snowshoe-premiere-victoire-de-la-saison-pour-evie-richards\/#primaryimage\"},\"image\":{\"@id\":\"https:\/\/dicodusport.fr\/blog\/vtt-xcc-snowshoe-premiere-victoire-de-la-saison-pour-evie-richards\/#primaryimage\"},\"thumbnailUrl\":\"https:\/\/dicodusport.fr\/blog\/wp-content\/uploads\/2023\/09\/VTT-XCC-Snowshoe-Premiere-victoire-de-la-saison-pour-Evie-Richards.png\",\"datePublished\":\"2023-09-29T21:01:36+00:00\",\"dateModified\":\"2023-09-29T21:16:50+00:00\",\"description\":\"Evie Richards \u00e9tait la plus forte ce soir. La Britannique a devanc\u00e9 Puck Pieterse et Rebecca Henderson. Loana Lecomte termine 5e.\",\"breadcrumb\":{\"@id\":\"https:\/\/dicodusport.fr\/blog\/vtt-xcc-snowshoe-premiere-victoire-de-la-saison-pour-evie-richards\/#breadcrumb\"},\"inLanguage\":\"fr-FR\",\"potentialAction\":[{\"@type\":\"ReadAction\",\"target\":[\"https:\/\/dicodusport.fr\/blog\/vtt-xcc-snowshoe-premiere-victoire-de-la-saison-pour-evie-richards\/\"]}]},{\"@type\":\"ImageObject\",\"inLanguage\":\"fr-FR\",\"@id\":\"https:\/\/dicodusport.fr\/blog\/vtt-xcc-snowshoe-premiere-victoire-de-la-saison-pour-evie-richards\/#primaryimage\",\"url\":\"https:\/\/dicodusport.fr\/blog\/wp-content\/uploads\/2023\/09\/VTT-XCC-Snowshoe-Premiere-victoire-de-la-saison-pour-Evie-Richards.png\",\"contentUrl\":\"https:\/\/dicodusport.fr\/blog\/wp-content\/uploads\/2023\/09\/VTT-XCC-Snowshoe-Premiere-victoire-de-la-saison-pour-Evie-Richards.png\",\"width\":800,\"height\":445,\"caption\":\"VTT XCC Snowshoe Premi\u00e8re victoire de la saison pour Evie Richards\"},{\"@type\":\"BreadcrumbList\",\"@id\":\"https:\/\/dicodusport.fr\/blog\/vtt-xcc-snowshoe-premiere-victoire-de-la-saison-pour-evie-richards\/#breadcrumb\",\"itemListElement\":[{\"@type\":\"ListItem\",\"position\":1,\"name\":\"Accueil\",\"item\":\"https:\/\/dicodusport.fr\/blog\/\"},{\"@type\":\"ListItem\",\"position\":2,\"name\":\"VTT XCC Snowshoe : Premi\u00e8re victoire de la saison pour Evie Richards\"}]},{\"@type\":\"WebSite\",\"@id\":\"https:\/\/dicodusport.fr\/blog\/#website\",\"url\":\"https:\/\/dicodusport.fr\/blog\/\",\"name\":\"Dicodusport\",\"description\":\"L&#039;encyclop\u00e9die de l&#039;actualit\u00e9 sportive\",\"publisher\":{\"@id\":\"https:\/\/dicodusport.fr\/blog\/#organization\"},\"potentialAction\":[{\"@type\":\"SearchAction\",\"target\":{\"@type\":\"EntryPoint\",\"urlTemplate\":\"https:\/\/dicodusport.fr\/blog\/?s={search_term_string}\"},\"query-input\":{\"@type\":\"PropertyValueSpecification\",\"valueRequired\":true,\"valueName\":\"search_term_string\"}}],\"inLanguage\":\"fr-FR\"},{\"@type\":\"NewsMediaOrganization\",\"@id\":\"https:\/\/dicodusport.fr\/blog\/#organization\",\"name\":\"Dicodusport\",\"url\":\"https:\/\/dicodusport.fr\/blog\/\",\"logo\":{\"@type\":\"ImageObject\",\"inLanguage\":\"fr-FR\",\"@id\":\"https:\/\/dicodusport.fr\/blog\/#\/schema\/logo\/image\/\",\"url\":\"https:\/\/dicodusport.fr\/blog\/wp-content\/uploads\/2020\/06\/cropped-LOGO-DICODUSPORT-2020-SANS-FOND-SANS-TEXTE.png\",\"contentUrl\":\"https:\/\/dicodusport.fr\/blog\/wp-content\/uploads\/2020\/06\/cropped-LOGO-DICODUSPORT-2020-SANS-FOND-SANS-TEXTE.png\",\"width\":512,\"height\":512,\"caption\":\"Dicodusport\"},\"image\":{\"@id\":\"https:\/\/dicodusport.fr\/blog\/#\/schema\/logo\/image\/\"},\"sameAs\":[\"https:\/\/www.facebook.com\/dicodusport\",\"https:\/\/x.com\/dicodusport\",\"https:\/\/www.instagram.com\/dicodusport\/\",\"https:\/\/www.youtube.com\/channel\/UC7V2KZ5sd3htJivAbA4ZG3w\"],\"description\":\"Dicodusport est l'encyclop\u00e9die de l'actualit\u00e9 sportive.\",\"email\":\"bonjour@dicodusport.fr\",\"legalName\":\"DICODUSPORT\",\"foundingDate\":\"2018-01-14\",\"vatID\":\"FR71834470973\",\"taxID\":\"83447097300043\",\"numberOfEmployees\":{\"@type\":\"QuantitativeValue\",\"minValue\":\"1\",\"maxValue\":\"10\"}},{\"@type\":\"Person\",\"@id\":\"https:\/\/dicodusport.fr\/blog\/#\/schema\/person\/0eaf70b33d703a1a66b1155ac1bda018\",\"name\":\"Pierre Gorce\",\"image\":{\"@type\":\"ImageObject\",\"inLanguage\":\"fr-FR\",\"@id\":\"https:\/\/dicodusport.fr\/blog\/#\/schema\/person\/image\/\",\"url\":\"https:\/\/dicodusport.fr\/blog\/wp-content\/uploads\/2022\/03\/IMG_20211214_233053_722-150x150.jpg\",\"contentUrl\":\"https:\/\/dicodusport.fr\/blog\/wp-content\/uploads\/2022\/03\/IMG_20211214_233053_722-150x150.jpg\",\"caption\":\"Pierre Gorce\"},\"description\":\"Couteau suisse venant tout droit de Haute-Savoie. Habitu\u00e9 \u00e0 regarder du sport depuis petit, j'en ai maintenant fait mon m\u00e9tier. Des sports d'hiver au surf, en passant par le tennis, la F1, le handball et l'athl\u00e9tisme, j'essaie d'avoir mes yeux sur l'enti\u00e8ret\u00e9 de l'actualit\u00e9. Jeune homme berc\u00e9 par les exploits de Jean-Baptiste Grange, Sebastian Vettel et des Experts. Membre de la g\u00e9n\u00e9ration 1999 comme Luka Doncic, Sydney McLaughlin, Lando Norris et Loana Lecomte, mais avec beaucoup moins de talent qu'eux.\",\"sameAs\":[\"https:\/\/x.com\/https:\/\/twitter.com\/pierregorce12\"],\"birthDate\":\"1999-08-29\",\"url\":\"https:\/\/dicodusport.fr\/blog\/author\/pierreg\/\"}]}<\/script>\n<!-- \/ Yoast SEO Premium plugin. -->","yoast_head_json":{"title":"VTT XCC Snowshoe : Premi\u00e8re victoire de la saison pour Evie Richards","description":"Evie Richards \u00e9tait la plus forte ce soir. La Britannique a devanc\u00e9 Puck Pieterse et Rebecca Henderson. Loana Lecomte termine 5e.","robots":{"index":"index","follow":"follow","max-snippet":"max-snippet:-1","max-image-preview":"max-image-preview:large","max-video-preview":"max-video-preview:-1"},"canonical":"https:\/\/dicodusport.fr\/blog\/vtt-xcc-snowshoe-premiere-victoire-de-la-saison-pour-evie-richards\/","og_locale":"fr_FR","og_type":"article","og_title":"VTT XCC Snowshoe : Premi\u00e8re victoire de la saison pour Evie Richards","og_description":"Evie Richards \u00e9tait la plus forte ce soir. La Britannique a devanc\u00e9 Puck Pieterse et Rebecca Henderson. Loana Lecomte termine 5e.","og_url":"https:\/\/dicodusport.fr\/blog\/vtt-xcc-snowshoe-premiere-victoire-de-la-saison-pour-evie-richards\/","og_site_name":"Dicodusport","article_publisher":"https:\/\/www.facebook.com\/dicodusport","article_published_time":"2023-09-29T21:01:36+00:00","article_modified_time":"2023-09-29T21:16:50+00:00","og_image":[{"width":800,"height":445,"url":"https:\/\/dicodusport.fr\/blog\/wp-content\/uploads\/2023\/09\/VTT-XCC-Snowshoe-Premiere-victoire-de-la-saison-pour-Evie-Richards.png","type":"image\/png"}],"author":"Pierre Gorce","twitter_card":"summary_large_image","twitter_title":"VTT XCC Snowshoe : Premi\u00e8re victoire de la saison pour Evie Richards","twitter_creator":"@https:\/\/twitter.com\/pierregorce12","twitter_site":"@dicodusport","schema":{"@context":"https:\/\/schema.org","@graph":[{"@type":"NewsArticle","@id":"https:\/\/dicodusport.fr\/blog\/vtt-xcc-snowshoe-premiere-victoire-de-la-saison-pour-evie-richards\/#article","isPartOf":{"@id":"https:\/\/dicodusport.fr\/blog\/vtt-xcc-snowshoe-premiere-victoire-de-la-saison-pour-evie-richards\/"},"author":{"name":"Pierre Gorce","@id":"https:\/\/dicodusport.fr\/blog\/#\/schema\/person\/0eaf70b33d703a1a66b1155ac1bda018"},"headline":"VTT XCC Snowshoe : Premi\u00e8re victoire de la saison pour Evie Richards","datePublished":"2023-09-29T21:01:36+00:00","dateModified":"2023-09-29T21:16:50+00:00","mainEntityOfPage":{"@id":"https:\/\/dicodusport.fr\/blog\/vtt-xcc-snowshoe-premiere-victoire-de-la-saison-pour-evie-richards\/"},"wordCount":364,"commentCount":0,"publisher":{"@id":"https:\/\/dicodusport.fr\/blog\/#organization"},"image":{"@id":"https:\/\/dicodusport.fr\/blog\/vtt-xcc-snowshoe-premiere-victoire-de-la-saison-pour-evie-richards\/#primaryimage"},"thumbnailUrl":"https:\/\/dicodusport.fr\/blog\/wp-content\/uploads\/2023\/09\/VTT-XCC-Snowshoe-Premiere-victoire-de-la-saison-pour-Evie-Richards.png","keywords":["br\u00e8ve","Coupe du monde","VTT"],"articleSection":["VTT"],"inLanguage":"fr-FR","potentialAction":[{"@type":"CommentAction","name":"Comment","target":["https:\/\/dicodusport.fr\/blog\/vtt-xcc-snowshoe-premiere-victoire-de-la-saison-pour-evie-richards\/#respond"]}],"copyrightYear":"2023","copyrightHolder":{"@id":"https:\/\/dicodusport.fr\/blog\/#organization"}},{"@type":"WebPage","@id":"https:\/\/dicodusport.fr\/blog\/vtt-xcc-snowshoe-premiere-victoire-de-la-saison-pour-evie-richards\/","url":"https:\/\/dicodusport.fr\/blog\/vtt-xcc-snowshoe-premiere-victoire-de-la-saison-pour-evie-richards\/","name":"VTT XCC Snowshoe : Premi\u00e8re victoire de la saison pour Evie Richards","isPartOf":{"@id":"https:\/\/dicodusport.fr\/blog\/#website"},"primaryImageOfPage":{"@id":"https:\/\/dicodusport.fr\/blog\/vtt-xcc-snowshoe-premiere-victoire-de-la-saison-pour-evie-richards\/#primaryimage"},"image":{"@id":"https:\/\/dicodusport.fr\/blog\/vtt-xcc-snowshoe-premiere-victoire-de-la-saison-pour-evie-richards\/#primaryimage"},"thumbnailUrl":"https:\/\/dicodusport.fr\/blog\/wp-content\/uploads\/2023\/09\/VTT-XCC-Snowshoe-Premiere-victoire-de-la-saison-pour-Evie-Richards.png","datePublished":"2023-09-29T21:01:36+00:00","dateModified":"2023-09-29T21:16:50+00:00","description":"Evie Richards \u00e9tait la plus forte ce soir. La Britannique a devanc\u00e9 Puck Pieterse et Rebecca Henderson. Loana Lecomte termine 5e.","breadcrumb":{"@id":"https:\/\/dicodusport.fr\/blog\/vtt-xcc-snowshoe-premiere-victoire-de-la-saison-pour-evie-richards\/#breadcrumb"},"inLanguage":"fr-FR","potentialAction":[{"@type":"ReadAction","target":["https:\/\/dicodusport.fr\/blog\/vtt-xcc-snowshoe-premiere-victoire-de-la-saison-pour-evie-richards\/"]}]},{"@type":"ImageObject","inLanguage":"fr-FR","@id":"https:\/\/dicodusport.fr\/blog\/vtt-xcc-snowshoe-premiere-victoire-de-la-saison-pour-evie-richards\/#primaryimage","url":"https:\/\/dicodusport.fr\/blog\/wp-content\/uploads\/2023\/09\/VTT-XCC-Snowshoe-Premiere-victoire-de-la-saison-pour-Evie-Richards.png","contentUrl":"https:\/\/dicodusport.fr\/blog\/wp-content\/uploads\/2023\/09\/VTT-XCC-Snowshoe-Premiere-victoire-de-la-saison-pour-Evie-Richards.png","width":800,"height":445,"caption":"VTT XCC Snowshoe Premi\u00e8re victoire de la saison pour Evie Richards"},{"@type":"BreadcrumbList","@id":"https:\/\/dicodusport.fr\/blog\/vtt-xcc-snowshoe-premiere-victoire-de-la-saison-pour-evie-richards\/#breadcrumb","itemListElement":[{"@type":"ListItem","position":1,"name":"Accueil","item":"https:\/\/dicodusport.fr\/blog\/"},{"@type":"ListItem","position":2,"name":"VTT XCC Snowshoe : Premi\u00e8re victoire de la saison pour Evie Richards"}]},{"@type":"WebSite","@id":"https:\/\/dicodusport.fr\/blog\/#website","url":"https:\/\/dicodusport.fr\/blog\/","name":"Dicodusport","description":"L&#039;encyclop\u00e9die de l&#039;actualit\u00e9 sportive","publisher":{"@id":"https:\/\/dicodusport.fr\/blog\/#organization"},"potentialAction":[{"@type":"SearchAction","target":{"@type":"EntryPoint","urlTemplate":"https:\/\/dicodusport.fr\/blog\/?s={search_term_string}"},"query-input":{"@type":"PropertyValueSpecification","valueRequired":true,"valueName":"search_term_string"}}],"inLanguage":"fr-FR"},{"@type":"NewsMediaOrganization","@id":"https:\/\/dicodusport.fr\/blog\/#organization","name":"Dicodusport","url":"https:\/\/dicodusport.fr\/blog\/","logo":{"@type":"ImageObject","inLanguage":"fr-FR","@id":"https:\/\/dicodusport.fr\/blog\/#\/schema\/logo\/image\/","url":"https:\/\/dicodusport.fr\/blog\/wp-content\/uploads\/2020\/06\/cropped-LOGO-DICODUSPORT-2020-SANS-FOND-SANS-TEXTE.png","contentUrl":"https:\/\/dicodusport.fr\/blog\/wp-content\/uploads\/2020\/06\/cropped-LOGO-DICODUSPORT-2020-SANS-FOND-SANS-TEXTE.png","width":512,"height":512,"caption":"Dicodusport"},"image":{"@id":"https:\/\/dicodusport.fr\/blog\/#\/schema\/logo\/image\/"},"sameAs":["https:\/\/www.facebook.com\/dicodusport","https:\/\/x.com\/dicodusport","https:\/\/www.instagram.com\/dicodusport\/","https:\/\/www.youtube.com\/channel\/UC7V2KZ5sd3htJivAbA4ZG3w"],"description":"Dicodusport est l'encyclop\u00e9die de l'actualit\u00e9 sportive.","email":"bonjour@dicodusport.fr","legalName":"DICODUSPORT","foundingDate":"2018-01-14","vatID":"FR71834470973","taxID":"83447097300043","numberOfEmployees":{"@type":"QuantitativeValue","minValue":"1","maxValue":"10"}},{"@type":"Person","@id":"https:\/\/dicodusport.fr\/blog\/#\/schema\/person\/0eaf70b33d703a1a66b1155ac1bda018","name":"Pierre Gorce","image":{"@type":"ImageObject","inLanguage":"fr-FR","@id":"https:\/\/dicodusport.fr\/blog\/#\/schema\/person\/image\/","url":"https:\/\/dicodusport.fr\/blog\/wp-content\/uploads\/2022\/03\/IMG_20211214_233053_722-150x150.jpg","contentUrl":"https:\/\/dicodusport.fr\/blog\/wp-content\/uploads\/2022\/03\/IMG_20211214_233053_722-150x150.jpg","caption":"Pierre Gorce"},"description":"Couteau suisse venant tout droit de Haute-Savoie. Habitu\u00e9 \u00e0 regarder du sport depuis petit, j'en ai maintenant fait mon m\u00e9tier. Des sports d'hiver au surf, en passant par le tennis, la F1, le handball et l'athl\u00e9tisme, j'essaie d'avoir mes yeux sur l'enti\u00e8ret\u00e9 de l'actualit\u00e9. Jeune homme berc\u00e9 par les exploits de Jean-Baptiste Grange, Sebastian Vettel et des Experts. Membre de la g\u00e9n\u00e9ration 1999 comme Luka Doncic, Sydney McLaughlin, Lando Norris et Loana Lecomte, mais avec beaucoup moins de talent qu'eux.","sameAs":["https:\/\/x.com\/https:\/\/twitter.com\/pierregorce12"],"birthDate":"1999-08-29","url":"https:\/\/dicodusport.fr\/blog\/author\/pierreg\/"}]}},"_links":{"self":[{"href":"https:\/\/dicodusport.fr\/blog\/wp-json\/wp\/v2\/posts\/424006","targetHints":{"allow":["GET"]}}],"collection":[{"href":"https:\/\/dicodusport.fr\/blog\/wp-json\/wp\/v2\/posts"}],"about":[{"href":"https:\/\/dicodusport.fr\/blog\/wp-json\/wp\/v2\/types\/post"}],"author":[{"embeddable":true,"href":"https:\/\/dicodusport.fr\/blog\/wp-json\/wp\/v2\/users\/61"}],"replies":[{"embeddable":true,"href":"https:\/\/dicodusport.fr\/blog\/wp-json\/wp\/v2\/comments?post=424006"}],"version-history":[{"count":0,"href":"https:\/\/dicodusport.fr\/blog\/wp-json\/wp\/v2\/posts\/424006\/revisions"}],"wp:featuredmedia":[{"embeddable":true,"href":"https:\/\/dicodusport.fr\/blog\/wp-json\/wp\/v2\/media\/424024"}],"wp:attachment":[{"href":"https:\/\/dicodusport.fr\/blog\/wp-json\/wp\/v2\/media?parent=424006"}],"wp:term":[{"taxonomy":"category","embeddable":true,"href":"https:\/\/dicodusport.fr\/blog\/wp-json\/wp\/v2\/categories?post=424006"},{"taxonomy":"post_tag","embeddable":true,"href":"https:\/\/dicodusport.fr\/blog\/wp-json\/wp\/v2\/tags?post=424006"}],"curies":[{"name":"wp","href":"https:\/\/api.w.org\/{rel}","templated":true}]}}