{"id":424189,"date":"2023-09-30T16:15:44","date_gmt":"2023-09-30T14:15:44","guid":{"rendered":"https:\/\/dicodusport.fr\/blog\/?p=424189&#038;preview=true&#038;preview_id=424189"},"modified":"2023-09-30T17:21:20","modified_gmt":"2023-09-30T15:21:20","slug":"tour-demilie-2023-primoz-roglic-dompte-tadej-pogacar","status":"publish","type":"post","link":"https:\/\/dicodusport.fr\/blog\/tour-demilie-2023-primoz-roglic-dompte-tadej-pogacar\/","title":{"rendered":"Tour d&rsquo;\u00c9milie 2023 : Primoz Roglic dompte Tadej Pogacar"},"content":{"rendered":"<p style=\"text-align: justify;\"><em><strong>TOUR D&rsquo;\u00c9MILIE 2023 &#8211; Primoz Roglic (Jumbo-Visma) a gagn\u00e9 la 106\u1d49 \u00e9dition du Tour d&rsquo;\u00c9milie, \u00e0 Bologne, samedi.<\/strong><strong>\u00a0<\/strong><\/em><em><strong>Il a devanc\u00e9 Tadej Pogacar (UAE Team Emirates) et Simon Yates (Team Jayco AlUla).<\/strong><\/em><\/p>\n<ul>\n<li style=\"text-align: justify;\"><strong>\u00c0 lire aussi &#8211; <a href=\"https:\/\/dicodusport.fr\/blog\/classement-tour-demilie-2023\/\">Classement du Tour d&rsquo;\u00c9milie 2023<\/a><\/strong><\/li>\n<\/ul>\n<p style=\"text-align: justify;\">D&rsquo;abord, six coureurs ont form\u00e9 l&rsquo;\u00e9chapp\u00e9e matinale d\u00e8s les premiers kilom\u00e8tres de course : <strong>Emanuele Ansaloni<\/strong> (Team Technipes), <strong>Mattia Bais<\/strong> (EOLO-Kometa), <strong>Floris De Tier<\/strong> (Bingoal WB), <strong>Jacopo Mosca<\/strong> (Lidl &#8211; Trek), <strong>Alex Bogna<\/strong> (Alpecin-Deceuninck) et <strong>Christian Scaroni<\/strong> (Astana Qazaqstan). UAE Team Emirates a contr\u00f4l\u00e9 l&rsquo;\u00e9cart de ces attaquants. <strong>Mattia Bais<\/strong> (EOLO-Kometa) et <strong>Christian Scaroni<\/strong> (Astana Qazaqstan) ont profit\u00e9 du Monte Nonascoso, \u00e0 70 kilom\u00e8tres du terme, pour partir \u00e0 deux \u00e0 l&rsquo;avant de la course avant d&rsquo;\u00eatre repris \u00e0 39 kilom\u00e8tres du terme par le peloton, avant d&rsquo;arriver sur le circuit final.<\/p>\n<h2 style=\"text-align: justify;\">UAE Team Emirates en contr\u00f4le<\/h2>\n<p style=\"text-align: justify;\">Puis, <strong>Chris Harper<\/strong> (Team Jayco AlUla) et <strong>Quentin Pacher<\/strong> (Groupama &#8211; FDJ) sont sortis dans la premi\u00e8re ascension de San Luca. <strong>Chris Harper<\/strong> (Team Jayco AlUla) a par la suite l\u00e2ch\u00e9 le coureur fran\u00e7ais dans le deuxi\u00e8me tour de circuit avec une trentaine de secondes d&rsquo;avance sur un peloton d&rsquo;une vingtaine de coureurs. <strong>Adam Yates<\/strong> (UAE Team Emirates) a acc\u00e9l\u00e9r\u00e9 \u00e0 10 kilom\u00e8tres de l&rsquo;arriv\u00e9e dans l&rsquo;avant-derni\u00e8re mont\u00e9e de San Luca afin de permettre une s\u00e9lection au sein du groupe des favoris et reprendre l&rsquo;homme de t\u00eate.<\/p>\n<p style=\"text-align: justify;\">Ensuite, <strong>Adam Yates<\/strong> (UAE Team Emirates) a continu\u00e9 \u00e0 amener ce groupe de t\u00eate dans le dernier tour avec moins d&rsquo;une dizaine coureurs. Son leader <strong>Tadej Pogacar<\/strong> (UAE Team Emirates) a d\u00e9cid\u00e9 de placer une attaque \u00e0 l&rsquo;amorce du dernier kilom\u00e8tre dans des passages \u00e0 plus de 10 %. Mais, le double vainqueur du Tour de France n&rsquo;a pas r\u00e9ussi \u00e0 distancer ses rivaux et le rythme s&rsquo;est calm\u00e9 \u00e0 l&rsquo;avant de la course, permettant le retour notamment de <strong>Simon Yates<\/strong> (Team Jayco AlUla). Ce dernier a \u00e9t\u00e9 victime d&rsquo;une chute, un peu plus t\u00f4t dans la course.<\/p>\n<h2 style=\"text-align: justify;\">Primoz Roglic remporte son duel face \u00e0 Pogacar<\/h2>\n<p style=\"text-align: justify;\">Enfin, <strong>Primoz Roglic<\/strong> (Jumbo-Visma) a plac\u00e9 son attaque \u00e0 300 m\u00e8tres de la ligne et <strong>Tadej Pogacar<\/strong> (UAE Team Emirates) a \u00e9t\u00e9 incapable de suivre son compatriote. <strong>Roglic<\/strong> (Jumbo Visma) a finalement sign\u00e9 sa 80\u1d49 victoire en carri\u00e8re et son troisi\u00e8me succ\u00e8s en terre bolognaise apr\u00e8s 2019 et 2021. Il a devanc\u00e9 <strong>Tadej Pogacar<\/strong> (UAE Team Emirates) et <strong>Simon Yates<\/strong> (Team Jayco AlUla). Le tenant du titre <strong>Enric Mas<\/strong> (Movistar) a fini au pied du podium \u00e0 quatre secondes devant <strong>Michael Woods<\/strong> (Israel Premier Tech). Quatri\u00e8me de la Coppa Agostoni, cette semaine, <strong>Warren Barguil<\/strong> (Ark\u00e9a Samsic) a termin\u00e9 10\u1d49 \u00e0 58 secondes.<\/p>\n<blockquote class=\"twitter-tweet\">\n<p dir=\"ltr\" lang=\"fr\">\ud83d\ude4c Le jour de l&rsquo;annonce de son d\u00e9part, Primoz Roglic fait gagner la Jumbo-Visma sur le <a href=\"https:\/\/twitter.com\/hashtag\/GirodellEmilia?src=hash&amp;ref_src=twsrc%5Etfw\">#GirodellEmilia<\/a> ! Tadej Pogacar arrive juste derri\u00e8re, Simon Yates troisi\u00e8me <a href=\"https:\/\/twitter.com\/hashtag\/LesRP?src=hash&amp;ref_src=twsrc%5Etfw\">#LesRP<\/a> <a href=\"https:\/\/t.co\/G8vZZGu4mX\">pic.twitter.com\/G8vZZGu4mX<\/a><\/p>\n<p>\u2014 Eurosport France (@Eurosport_FR) <a href=\"https:\/\/twitter.com\/Eurosport_FR\/status\/1708123208560369924?ref_src=twsrc%5Etfw\">September 30, 2023<\/a><\/p><\/blockquote>\n<p><script async src=\"https:\/\/platform.twitter.com\/widgets.js\" charset=\"utf-8\"><\/script><\/p>\n","protected":false},"excerpt":{"rendered":"<p>TOUR D&rsquo;\u00c9MILIE 2023 &#8211; Primoz Roglic (Jumbo-Visma) a gagn\u00e9 la 106\u1d49 \u00e9dition du Tour d&rsquo;\u00c9milie, \u00e0 Bologne, samedi.\u00a0Il a devanc\u00e9 Tadej Pogacar (UAE Team Emirates) et Simon Yates (Team Jayco AlUla).<\/p>\n","protected":false},"author":48,"featured_media":424226,"comment_status":"open","ping_status":"closed","sticky":false,"template":"","format":"standard","meta":{"_acf_changed":false,"_daextam_enable_autolinks":"","footnotes":""},"categories":[46994],"tags":[16878,24,8949],"class_list":["post-424189","post","type-post","status-publish","format-standard","has-post-thumbnail","hentry","category-cyclisme-sur-route","tag-breve","tag-sport","tag-tour-demilie"],"acf":[],"yoast_head":"<!-- This site is optimized with the Yoast SEO Premium plugin v26.7 (Yoast SEO v26.7) - https:\/\/yoast.com\/wordpress\/plugins\/seo\/ -->\n<title>Tour d&#039;\u00c9milie 2023 : Primoz Roglic dompte Tadej Pogacar<\/title>\n<meta name=\"description\" content=\"TOUR D&#039;\u00c9MILIE 2023 - Primoz Roglic (UAE Team Emirates) a gagn\u00e9 la 106\u1d49 \u00e9dition du Tour d&#039;Emilie, \u00e0\u00a0Bologne, samedi.\" \/>\n<meta name=\"robots\" content=\"index, follow, max-snippet:-1, max-image-preview:large, max-video-preview:-1\" \/>\n<link rel=\"canonical\" href=\"https:\/\/dicodusport.fr\/blog\/tour-demilie-2023-primoz-roglic-dompte-tadej-pogacar\/\" \/>\n<meta property=\"og:locale\" content=\"fr_FR\" \/>\n<meta property=\"og:type\" content=\"article\" \/>\n<meta property=\"og:title\" content=\"Tour d&#039;\u00c9milie 2023 : Primoz Roglic dompte Tadej Pogacar\" \/>\n<meta property=\"og:description\" content=\"TOUR D&#039;\u00c9MILIE 2023 - Primoz Roglic (UAE Team Emirates) a gagn\u00e9 la 106\u1d49 \u00e9dition du Tour d&#039;Emilie, \u00e0\u00a0Bologne, samedi.\" \/>\n<meta property=\"og:url\" content=\"https:\/\/dicodusport.fr\/blog\/tour-demilie-2023-primoz-roglic-dompte-tadej-pogacar\/\" \/>\n<meta property=\"og:site_name\" content=\"Dicodusport\" \/>\n<meta property=\"article:publisher\" content=\"https:\/\/www.facebook.com\/dicodusport\" \/>\n<meta property=\"article:author\" content=\"https:\/\/www.facebook.com\/groups\/LesRoisDuPeloton\" \/>\n<meta property=\"article:published_time\" content=\"2023-09-30T14:15:44+00:00\" \/>\n<meta property=\"article:modified_time\" content=\"2023-09-30T15:21:20+00:00\" \/>\n<meta property=\"og:image\" content=\"https:\/\/dicodusport.fr\/blog\/wp-content\/uploads\/2023\/09\/Tour-dEmilie-2023-Primoz-Roglic-dompte-Tadej-Pogacar-1.png\" \/>\n\t<meta property=\"og:image:width\" content=\"800\" \/>\n\t<meta property=\"og:image:height\" content=\"445\" \/>\n\t<meta property=\"og:image:type\" content=\"image\/png\" \/>\n<meta name=\"author\" content=\"Emilien Descampiaux\" \/>\n<meta name=\"twitter:card\" content=\"summary_large_image\" \/>\n<meta name=\"twitter:title\" content=\"Tour d&#039;\u00c9milie 2023 : Primoz Roglic dompte Tadej Pogacar\" \/>\n<meta name=\"twitter:creator\" content=\"@https:\/\/twitter.com\/LRoisDuPeloton\" \/>\n<meta name=\"twitter:site\" content=\"@dicodusport\" \/>\n<script type=\"application\/ld+json\" class=\"yoast-schema-graph\">{\"@context\":\"https:\/\/schema.org\",\"@graph\":[{\"@type\":\"NewsArticle\",\"@id\":\"https:\/\/dicodusport.fr\/blog\/tour-demilie-2023-primoz-roglic-dompte-tadej-pogacar\/#article\",\"isPartOf\":{\"@id\":\"https:\/\/dicodusport.fr\/blog\/tour-demilie-2023-primoz-roglic-dompte-tadej-pogacar\/\"},\"author\":{\"name\":\"Emilien Descampiaux\",\"@id\":\"https:\/\/dicodusport.fr\/blog\/#\/schema\/person\/6db4bae06b171592211be385b32876a7\"},\"headline\":\"Tour d&rsquo;\u00c9milie 2023 : Primoz Roglic dompte Tadej Pogacar\",\"datePublished\":\"2023-09-30T14:15:44+00:00\",\"dateModified\":\"2023-09-30T15:21:20+00:00\",\"mainEntityOfPage\":{\"@id\":\"https:\/\/dicodusport.fr\/blog\/tour-demilie-2023-primoz-roglic-dompte-tadej-pogacar\/\"},\"wordCount\":501,\"commentCount\":1,\"publisher\":{\"@id\":\"https:\/\/dicodusport.fr\/blog\/#organization\"},\"image\":{\"@id\":\"https:\/\/dicodusport.fr\/blog\/tour-demilie-2023-primoz-roglic-dompte-tadej-pogacar\/#primaryimage\"},\"thumbnailUrl\":\"https:\/\/dicodusport.fr\/blog\/wp-content\/uploads\/2023\/09\/Tour-dEmilie-2023-Primoz-Roglic-dompte-Tadej-Pogacar-1.png\",\"keywords\":[\"br\u00e8ve\",\"sport\",\"Tour d'Emilie\"],\"articleSection\":[\"Cyclisme sur route\"],\"inLanguage\":\"fr-FR\",\"potentialAction\":[{\"@type\":\"CommentAction\",\"name\":\"Comment\",\"target\":[\"https:\/\/dicodusport.fr\/blog\/tour-demilie-2023-primoz-roglic-dompte-tadej-pogacar\/#respond\"]}],\"copyrightYear\":\"2023\",\"copyrightHolder\":{\"@id\":\"https:\/\/dicodusport.fr\/blog\/#organization\"}},{\"@type\":\"WebPage\",\"@id\":\"https:\/\/dicodusport.fr\/blog\/tour-demilie-2023-primoz-roglic-dompte-tadej-pogacar\/\",\"url\":\"https:\/\/dicodusport.fr\/blog\/tour-demilie-2023-primoz-roglic-dompte-tadej-pogacar\/\",\"name\":\"Tour d'\u00c9milie 2023 : Primoz Roglic dompte Tadej Pogacar\",\"isPartOf\":{\"@id\":\"https:\/\/dicodusport.fr\/blog\/#website\"},\"primaryImageOfPage\":{\"@id\":\"https:\/\/dicodusport.fr\/blog\/tour-demilie-2023-primoz-roglic-dompte-tadej-pogacar\/#primaryimage\"},\"image\":{\"@id\":\"https:\/\/dicodusport.fr\/blog\/tour-demilie-2023-primoz-roglic-dompte-tadej-pogacar\/#primaryimage\"},\"thumbnailUrl\":\"https:\/\/dicodusport.fr\/blog\/wp-content\/uploads\/2023\/09\/Tour-dEmilie-2023-Primoz-Roglic-dompte-Tadej-Pogacar-1.png\",\"datePublished\":\"2023-09-30T14:15:44+00:00\",\"dateModified\":\"2023-09-30T15:21:20+00:00\",\"description\":\"TOUR D'\u00c9MILIE 2023 - Primoz Roglic (UAE Team Emirates) a gagn\u00e9 la 106\u1d49 \u00e9dition du Tour d'Emilie, \u00e0\u00a0Bologne, samedi.\",\"breadcrumb\":{\"@id\":\"https:\/\/dicodusport.fr\/blog\/tour-demilie-2023-primoz-roglic-dompte-tadej-pogacar\/#breadcrumb\"},\"inLanguage\":\"fr-FR\",\"potentialAction\":[{\"@type\":\"ReadAction\",\"target\":[\"https:\/\/dicodusport.fr\/blog\/tour-demilie-2023-primoz-roglic-dompte-tadej-pogacar\/\"]}]},{\"@type\":\"ImageObject\",\"inLanguage\":\"fr-FR\",\"@id\":\"https:\/\/dicodusport.fr\/blog\/tour-demilie-2023-primoz-roglic-dompte-tadej-pogacar\/#primaryimage\",\"url\":\"https:\/\/dicodusport.fr\/blog\/wp-content\/uploads\/2023\/09\/Tour-dEmilie-2023-Primoz-Roglic-dompte-Tadej-Pogacar-1.png\",\"contentUrl\":\"https:\/\/dicodusport.fr\/blog\/wp-content\/uploads\/2023\/09\/Tour-dEmilie-2023-Primoz-Roglic-dompte-Tadej-Pogacar-1.png\",\"width\":800,\"height\":445,\"caption\":\"Tour d'\u00c9milie 2023 Primoz Roglic dompte Tadej Pogacar (1)\"},{\"@type\":\"BreadcrumbList\",\"@id\":\"https:\/\/dicodusport.fr\/blog\/tour-demilie-2023-primoz-roglic-dompte-tadej-pogacar\/#breadcrumb\",\"itemListElement\":[{\"@type\":\"ListItem\",\"position\":1,\"name\":\"Accueil\",\"item\":\"https:\/\/dicodusport.fr\/blog\/\"},{\"@type\":\"ListItem\",\"position\":2,\"name\":\"Tour d&rsquo;\u00c9milie 2023 : Primoz Roglic dompte Tadej Pogacar\"}]},{\"@type\":\"WebSite\",\"@id\":\"https:\/\/dicodusport.fr\/blog\/#website\",\"url\":\"https:\/\/dicodusport.fr\/blog\/\",\"name\":\"Dicodusport\",\"description\":\"L&#039;encyclop\u00e9die de l&#039;actualit\u00e9 sportive\",\"publisher\":{\"@id\":\"https:\/\/dicodusport.fr\/blog\/#organization\"},\"potentialAction\":[{\"@type\":\"SearchAction\",\"target\":{\"@type\":\"EntryPoint\",\"urlTemplate\":\"https:\/\/dicodusport.fr\/blog\/?s={search_term_string}\"},\"query-input\":{\"@type\":\"PropertyValueSpecification\",\"valueRequired\":true,\"valueName\":\"search_term_string\"}}],\"inLanguage\":\"fr-FR\"},{\"@type\":\"NewsMediaOrganization\",\"@id\":\"https:\/\/dicodusport.fr\/blog\/#organization\",\"name\":\"Dicodusport\",\"url\":\"https:\/\/dicodusport.fr\/blog\/\",\"logo\":{\"@type\":\"ImageObject\",\"inLanguage\":\"fr-FR\",\"@id\":\"https:\/\/dicodusport.fr\/blog\/#\/schema\/logo\/image\/\",\"url\":\"https:\/\/dicodusport.fr\/blog\/wp-content\/uploads\/2020\/06\/cropped-LOGO-DICODUSPORT-2020-SANS-FOND-SANS-TEXTE.png\",\"contentUrl\":\"https:\/\/dicodusport.fr\/blog\/wp-content\/uploads\/2020\/06\/cropped-LOGO-DICODUSPORT-2020-SANS-FOND-SANS-TEXTE.png\",\"width\":512,\"height\":512,\"caption\":\"Dicodusport\"},\"image\":{\"@id\":\"https:\/\/dicodusport.fr\/blog\/#\/schema\/logo\/image\/\"},\"sameAs\":[\"https:\/\/www.facebook.com\/dicodusport\",\"https:\/\/x.com\/dicodusport\",\"https:\/\/www.instagram.com\/dicodusport\/\",\"https:\/\/www.youtube.com\/channel\/UC7V2KZ5sd3htJivAbA4ZG3w\"],\"description\":\"Dicodusport est l'encyclop\u00e9die de l'actualit\u00e9 sportive.\",\"email\":\"bonjour@dicodusport.fr\",\"legalName\":\"DICODUSPORT\",\"foundingDate\":\"2018-01-14\",\"vatID\":\"FR71834470973\",\"taxID\":\"83447097300043\",\"numberOfEmployees\":{\"@type\":\"QuantitativeValue\",\"minValue\":\"1\",\"maxValue\":\"10\"}},{\"@type\":\"Person\",\"@id\":\"https:\/\/dicodusport.fr\/blog\/#\/schema\/person\/6db4bae06b171592211be385b32876a7\",\"name\":\"Emilien Descampiaux\",\"image\":{\"@type\":\"ImageObject\",\"inLanguage\":\"fr-FR\",\"@id\":\"https:\/\/dicodusport.fr\/blog\/#\/schema\/person\/image\/\",\"url\":\"https:\/\/dicodusport.fr\/blog\/wp-content\/uploads\/2021\/05\/Emilien-Descampiaux-150x150.jpg\",\"contentUrl\":\"https:\/\/dicodusport.fr\/blog\/wp-content\/uploads\/2021\/05\/Emilien-Descampiaux-150x150.jpg\",\"caption\":\"Emilien Descampiaux\"},\"description\":\"Journaliste\/r\u00e9dacteur depuis 2014 - Fan de la classe de Frank Vandenbroucke, je vis cyclisme (et de ses paysages) depuis plus de 20 ans. Je suis tr\u00e8s impliqu\u00e9 sur mes diff\u00e9rents r\u00e9seaux sociaux pour partager ma passion sur le monde et l'Histoire de la bicyclette avec ma voix sur les images en noir et blanc du succ\u00e8s de Rik Van Steenbergen lors du Ronde sur le V\u00e9lodrome de Gand.\",\"sameAs\":[\"https:\/\/www.facebook.com\/groups\/LesRoisDuPeloton\",\"https:\/\/x.com\/https:\/\/twitter.com\/LRoisDuPeloton\"],\"url\":\"https:\/\/dicodusport.fr\/blog\/author\/emiliend\/\"}]}<\/script>\n<!-- \/ Yoast SEO Premium plugin. -->","yoast_head_json":{"title":"Tour d'\u00c9milie 2023 : Primoz Roglic dompte Tadej Pogacar","description":"TOUR D'\u00c9MILIE 2023 - Primoz Roglic (UAE Team Emirates) a gagn\u00e9 la 106\u1d49 \u00e9dition du Tour d'Emilie, \u00e0\u00a0Bologne, samedi.","robots":{"index":"index","follow":"follow","max-snippet":"max-snippet:-1","max-image-preview":"max-image-preview:large","max-video-preview":"max-video-preview:-1"},"canonical":"https:\/\/dicodusport.fr\/blog\/tour-demilie-2023-primoz-roglic-dompte-tadej-pogacar\/","og_locale":"fr_FR","og_type":"article","og_title":"Tour d'\u00c9milie 2023 : Primoz Roglic dompte Tadej Pogacar","og_description":"TOUR D'\u00c9MILIE 2023 - Primoz Roglic (UAE Team Emirates) a gagn\u00e9 la 106\u1d49 \u00e9dition du Tour d'Emilie, \u00e0\u00a0Bologne, samedi.","og_url":"https:\/\/dicodusport.fr\/blog\/tour-demilie-2023-primoz-roglic-dompte-tadej-pogacar\/","og_site_name":"Dicodusport","article_publisher":"https:\/\/www.facebook.com\/dicodusport","article_author":"https:\/\/www.facebook.com\/groups\/LesRoisDuPeloton","article_published_time":"2023-09-30T14:15:44+00:00","article_modified_time":"2023-09-30T15:21:20+00:00","og_image":[{"width":800,"height":445,"url":"https:\/\/dicodusport.fr\/blog\/wp-content\/uploads\/2023\/09\/Tour-dEmilie-2023-Primoz-Roglic-dompte-Tadej-Pogacar-1.png","type":"image\/png"}],"author":"Emilien Descampiaux","twitter_card":"summary_large_image","twitter_title":"Tour d'\u00c9milie 2023 : Primoz Roglic dompte Tadej Pogacar","twitter_creator":"@https:\/\/twitter.com\/LRoisDuPeloton","twitter_site":"@dicodusport","schema":{"@context":"https:\/\/schema.org","@graph":[{"@type":"NewsArticle","@id":"https:\/\/dicodusport.fr\/blog\/tour-demilie-2023-primoz-roglic-dompte-tadej-pogacar\/#article","isPartOf":{"@id":"https:\/\/dicodusport.fr\/blog\/tour-demilie-2023-primoz-roglic-dompte-tadej-pogacar\/"},"author":{"name":"Emilien Descampiaux","@id":"https:\/\/dicodusport.fr\/blog\/#\/schema\/person\/6db4bae06b171592211be385b32876a7"},"headline":"Tour d&rsquo;\u00c9milie 2023 : Primoz Roglic dompte Tadej Pogacar","datePublished":"2023-09-30T14:15:44+00:00","dateModified":"2023-09-30T15:21:20+00:00","mainEntityOfPage":{"@id":"https:\/\/dicodusport.fr\/blog\/tour-demilie-2023-primoz-roglic-dompte-tadej-pogacar\/"},"wordCount":501,"commentCount":1,"publisher":{"@id":"https:\/\/dicodusport.fr\/blog\/#organization"},"image":{"@id":"https:\/\/dicodusport.fr\/blog\/tour-demilie-2023-primoz-roglic-dompte-tadej-pogacar\/#primaryimage"},"thumbnailUrl":"https:\/\/dicodusport.fr\/blog\/wp-content\/uploads\/2023\/09\/Tour-dEmilie-2023-Primoz-Roglic-dompte-Tadej-Pogacar-1.png","keywords":["br\u00e8ve","sport","Tour d'Emilie"],"articleSection":["Cyclisme sur route"],"inLanguage":"fr-FR","potentialAction":[{"@type":"CommentAction","name":"Comment","target":["https:\/\/dicodusport.fr\/blog\/tour-demilie-2023-primoz-roglic-dompte-tadej-pogacar\/#respond"]}],"copyrightYear":"2023","copyrightHolder":{"@id":"https:\/\/dicodusport.fr\/blog\/#organization"}},{"@type":"WebPage","@id":"https:\/\/dicodusport.fr\/blog\/tour-demilie-2023-primoz-roglic-dompte-tadej-pogacar\/","url":"https:\/\/dicodusport.fr\/blog\/tour-demilie-2023-primoz-roglic-dompte-tadej-pogacar\/","name":"Tour d'\u00c9milie 2023 : Primoz Roglic dompte Tadej Pogacar","isPartOf":{"@id":"https:\/\/dicodusport.fr\/blog\/#website"},"primaryImageOfPage":{"@id":"https:\/\/dicodusport.fr\/blog\/tour-demilie-2023-primoz-roglic-dompte-tadej-pogacar\/#primaryimage"},"image":{"@id":"https:\/\/dicodusport.fr\/blog\/tour-demilie-2023-primoz-roglic-dompte-tadej-pogacar\/#primaryimage"},"thumbnailUrl":"https:\/\/dicodusport.fr\/blog\/wp-content\/uploads\/2023\/09\/Tour-dEmilie-2023-Primoz-Roglic-dompte-Tadej-Pogacar-1.png","datePublished":"2023-09-30T14:15:44+00:00","dateModified":"2023-09-30T15:21:20+00:00","description":"TOUR D'\u00c9MILIE 2023 - Primoz Roglic (UAE Team Emirates) a gagn\u00e9 la 106\u1d49 \u00e9dition du Tour d'Emilie, \u00e0\u00a0Bologne, samedi.","breadcrumb":{"@id":"https:\/\/dicodusport.fr\/blog\/tour-demilie-2023-primoz-roglic-dompte-tadej-pogacar\/#breadcrumb"},"inLanguage":"fr-FR","potentialAction":[{"@type":"ReadAction","target":["https:\/\/dicodusport.fr\/blog\/tour-demilie-2023-primoz-roglic-dompte-tadej-pogacar\/"]}]},{"@type":"ImageObject","inLanguage":"fr-FR","@id":"https:\/\/dicodusport.fr\/blog\/tour-demilie-2023-primoz-roglic-dompte-tadej-pogacar\/#primaryimage","url":"https:\/\/dicodusport.fr\/blog\/wp-content\/uploads\/2023\/09\/Tour-dEmilie-2023-Primoz-Roglic-dompte-Tadej-Pogacar-1.png","contentUrl":"https:\/\/dicodusport.fr\/blog\/wp-content\/uploads\/2023\/09\/Tour-dEmilie-2023-Primoz-Roglic-dompte-Tadej-Pogacar-1.png","width":800,"height":445,"caption":"Tour d'\u00c9milie 2023 Primoz Roglic dompte Tadej Pogacar (1)"},{"@type":"BreadcrumbList","@id":"https:\/\/dicodusport.fr\/blog\/tour-demilie-2023-primoz-roglic-dompte-tadej-pogacar\/#breadcrumb","itemListElement":[{"@type":"ListItem","position":1,"name":"Accueil","item":"https:\/\/dicodusport.fr\/blog\/"},{"@type":"ListItem","position":2,"name":"Tour d&rsquo;\u00c9milie 2023 : Primoz Roglic dompte Tadej Pogacar"}]},{"@type":"WebSite","@id":"https:\/\/dicodusport.fr\/blog\/#website","url":"https:\/\/dicodusport.fr\/blog\/","name":"Dicodusport","description":"L&#039;encyclop\u00e9die de l&#039;actualit\u00e9 sportive","publisher":{"@id":"https:\/\/dicodusport.fr\/blog\/#organization"},"potentialAction":[{"@type":"SearchAction","target":{"@type":"EntryPoint","urlTemplate":"https:\/\/dicodusport.fr\/blog\/?s={search_term_string}"},"query-input":{"@type":"PropertyValueSpecification","valueRequired":true,"valueName":"search_term_string"}}],"inLanguage":"fr-FR"},{"@type":"NewsMediaOrganization","@id":"https:\/\/dicodusport.fr\/blog\/#organization","name":"Dicodusport","url":"https:\/\/dicodusport.fr\/blog\/","logo":{"@type":"ImageObject","inLanguage":"fr-FR","@id":"https:\/\/dicodusport.fr\/blog\/#\/schema\/logo\/image\/","url":"https:\/\/dicodusport.fr\/blog\/wp-content\/uploads\/2020\/06\/cropped-LOGO-DICODUSPORT-2020-SANS-FOND-SANS-TEXTE.png","contentUrl":"https:\/\/dicodusport.fr\/blog\/wp-content\/uploads\/2020\/06\/cropped-LOGO-DICODUSPORT-2020-SANS-FOND-SANS-TEXTE.png","width":512,"height":512,"caption":"Dicodusport"},"image":{"@id":"https:\/\/dicodusport.fr\/blog\/#\/schema\/logo\/image\/"},"sameAs":["https:\/\/www.facebook.com\/dicodusport","https:\/\/x.com\/dicodusport","https:\/\/www.instagram.com\/dicodusport\/","https:\/\/www.youtube.com\/channel\/UC7V2KZ5sd3htJivAbA4ZG3w"],"description":"Dicodusport est l'encyclop\u00e9die de l'actualit\u00e9 sportive.","email":"bonjour@dicodusport.fr","legalName":"DICODUSPORT","foundingDate":"2018-01-14","vatID":"FR71834470973","taxID":"83447097300043","numberOfEmployees":{"@type":"QuantitativeValue","minValue":"1","maxValue":"10"}},{"@type":"Person","@id":"https:\/\/dicodusport.fr\/blog\/#\/schema\/person\/6db4bae06b171592211be385b32876a7","name":"Emilien Descampiaux","image":{"@type":"ImageObject","inLanguage":"fr-FR","@id":"https:\/\/dicodusport.fr\/blog\/#\/schema\/person\/image\/","url":"https:\/\/dicodusport.fr\/blog\/wp-content\/uploads\/2021\/05\/Emilien-Descampiaux-150x150.jpg","contentUrl":"https:\/\/dicodusport.fr\/blog\/wp-content\/uploads\/2021\/05\/Emilien-Descampiaux-150x150.jpg","caption":"Emilien Descampiaux"},"description":"Journaliste\/r\u00e9dacteur depuis 2014 - Fan de la classe de Frank Vandenbroucke, je vis cyclisme (et de ses paysages) depuis plus de 20 ans. Je suis tr\u00e8s impliqu\u00e9 sur mes diff\u00e9rents r\u00e9seaux sociaux pour partager ma passion sur le monde et l'Histoire de la bicyclette avec ma voix sur les images en noir et blanc du succ\u00e8s de Rik Van Steenbergen lors du Ronde sur le V\u00e9lodrome de Gand.","sameAs":["https:\/\/www.facebook.com\/groups\/LesRoisDuPeloton","https:\/\/x.com\/https:\/\/twitter.com\/LRoisDuPeloton"],"url":"https:\/\/dicodusport.fr\/blog\/author\/emiliend\/"}]}},"_links":{"self":[{"href":"https:\/\/dicodusport.fr\/blog\/wp-json\/wp\/v2\/posts\/424189","targetHints":{"allow":["GET"]}}],"collection":[{"href":"https:\/\/dicodusport.fr\/blog\/wp-json\/wp\/v2\/posts"}],"about":[{"href":"https:\/\/dicodusport.fr\/blog\/wp-json\/wp\/v2\/types\/post"}],"author":[{"embeddable":true,"href":"https:\/\/dicodusport.fr\/blog\/wp-json\/wp\/v2\/users\/48"}],"replies":[{"embeddable":true,"href":"https:\/\/dicodusport.fr\/blog\/wp-json\/wp\/v2\/comments?post=424189"}],"version-history":[{"count":0,"href":"https:\/\/dicodusport.fr\/blog\/wp-json\/wp\/v2\/posts\/424189\/revisions"}],"wp:featuredmedia":[{"embeddable":true,"href":"https:\/\/dicodusport.fr\/blog\/wp-json\/wp\/v2\/media\/424226"}],"wp:attachment":[{"href":"https:\/\/dicodusport.fr\/blog\/wp-json\/wp\/v2\/media?parent=424189"}],"wp:term":[{"taxonomy":"category","embeddable":true,"href":"https:\/\/dicodusport.fr\/blog\/wp-json\/wp\/v2\/categories?post=424189"},{"taxonomy":"post_tag","embeddable":true,"href":"https:\/\/dicodusport.fr\/blog\/wp-json\/wp\/v2\/tags?post=424189"}],"curies":[{"name":"wp","href":"https:\/\/api.w.org\/{rel}","templated":true}]}}