{"id":424483,"date":"2023-10-02T22:36:51","date_gmt":"2023-10-02T20:36:51","guid":{"rendered":"https:\/\/dicodusport.fr\/blog\/?p=424483&#038;preview=true&#038;preview_id=424483"},"modified":"2023-10-02T23:37:57","modified_gmt":"2023-10-02T21:37:57","slug":"mondiaux-gymnastique-artistique-2023-lequipe-de-france-feminine-en-finale-et-qualifiee-pour-les-jeux-olympiques","status":"publish","type":"post","link":"https:\/\/dicodusport.fr\/blog\/mondiaux-gymnastique-artistique-2023-lequipe-de-france-feminine-en-finale-et-qualifiee-pour-les-jeux-olympiques\/","title":{"rendered":"Mondiaux Gymnastique artistique 2023 : L&rsquo;\u00e9quipe de France f\u00e9minine en finale et qualifi\u00e9e pour les Jeux Olympiques !"},"content":{"rendered":"<p style=\"text-align: justify;\"><strong><em><a title=\"Programme et r\u00e9sultats Gymnastique artistique Championnats du monde 2023\" href=\"https:\/\/dicodusport.fr\/blog\/programme-et-resultats-gymnastique-artistique-championnats-du-monde-2023\/\" target=\"_blank\" rel=\"noopener\">MONDIAUX GYMNASTIQUE ARTISTIQUE 2023<\/a> \u2013 Objectif rempli ! L&rsquo;\u00e9quipe de France f\u00e9minine se qualifie pour la finale par \u00e9quipes et obtient ainsi son ticket pour les Jeux Olympiques ! Trois finales mondiales \u00e9galement pour Coline Devillard, M\u00e9lanie de Jesus dos Santos et Lorette Charpy.<br \/>\n<\/em><\/strong><\/p>\n<p style=\"text-align: justify;\">Apr\u00e8s la d\u00e9sillusion de la 19e place des hommes, c&rsquo;\u00e9tait au tour de l&rsquo;<strong>\u00e9quipe de France f\u00e9minine<\/strong> de faire son entr\u00e9e en lice dans la comp\u00e9tition. Avec des objectifs clairs : entrer en finale par \u00e9quipes (et donc obtenir une qualification olympique), pour le concours g\u00e9n\u00e9ral individuel et sur 3 agr\u00e8s.<\/p>\n<h2 style=\"text-align: justify;\">Des d\u00e9buts en fanfare et une qualification pour Coline Devillard<\/h2>\n<p style=\"text-align: justify;\">Les Fran\u00e7aises ont d\u00e9but\u00e9 au <strong>saut<\/strong>. Premi\u00e8re \u00e0 passer, <strong>Marine Boyer<\/strong> a obtenu une note de 13.366. Les Fran\u00e7aises ont encha\u00een\u00e9 sans fautes. Derni\u00e8re \u00e0 passer pour le premier saut, <strong>Coline Devillard<\/strong> qui s&rsquo;est fait une petite frayeur sur son dernier saut d&rsquo;entra\u00eenement obtient la note de 14.400. 13.166 pour son deuxi\u00e8me saut avec un petit pas \u00e0 l&rsquo;arriv\u00e9e pour une moyenne de 13.783. Ce qui l&rsquo;a plac\u00e9e \u00e0 la 8e et derni\u00e8re place de qualifi\u00e9e en attendant les autres rotations. Et un total de 42.132.<\/p>\n<blockquote class=\"twitter-tweet\">\n<p dir=\"ltr\" lang=\"en\">And here is that 14.4 from Coline!<\/p>\n<p>Watch Live: <a href=\"https:\/\/t.co\/by95XbtL2D\">https:\/\/t.co\/by95XbtL2D<\/a><a href=\"https:\/\/twitter.com\/hashtag\/ARTWorlds2023?src=hash&amp;ref_src=twsrc%5Etfw\">#ARTWorlds2023<\/a> <a href=\"https:\/\/t.co\/oMXzLpCfCd\">https:\/\/t.co\/oMXzLpCfCd<\/a> <a href=\"https:\/\/t.co\/3eroFLZuKR\">pic.twitter.com\/3eroFLZuKR<\/a><\/p>\n<p>\u2014 FIG (@gymnastics) <a href=\"https:\/\/twitter.com\/gymnastics\/status\/1708929333589356901?ref_src=twsrc%5Etfw\">October 2, 2023<\/a><\/p><\/blockquote>\n<p style=\"text-align: justify;\"><script async src=\"https:\/\/platform.twitter.com\/widgets.js\" charset=\"utf-8\"><\/script><\/p>\n<h2 style=\"text-align: justify;\">Retour fracassant de Lorette Charpy<\/h2>\n<p style=\"text-align: justify;\">Venaient ensuite les <strong>barres asym\u00e9triques<\/strong>. Seul agr\u00e8s o\u00f9 Simone Biles n&rsquo;est pas en t\u00eate au profit de sa compatriote Shilese Jones. Pas de Devillard, remplac\u00e9e par Lorette Charpy. Bon passage de Marine Boyer qui a malheureusement \u00e9t\u00e9 d\u00e9s\u00e9quilibr\u00e9e \u00e0 l&rsquo;arriv\u00e9e. Elle obtient une note de 12.700. Tr\u00e8s bon passage de <strong>Lorette Charpy<\/strong>, satisfaite de sa prestation : elle obtient une note de 14.133. Victime d&rsquo;une blessure d&rsquo;un ligament crois\u00e9 en 2022 (1 an apr\u00e8s la m\u00eame blessure) lors de sa <a href=\"https:\/\/dicodusport.fr\/blog\/championnats-europeens-2022-le-bronze-pour-lorette-charpy-aux-barres-asymetriques\/\">m\u00e9daille de bronze obtenue aux Jeux Europ\u00e9ens<\/a>, c&rsquo;est un fabuleux retour pour la Fran\u00e7aise ! Qui s&rsquo;est ainsi plac\u00e9e 7e ex aequo. Pour accompagner le 14.066 de <strong>M\u00e9lanie de Jesus dos Santos<\/strong>, une Marseillaise a retenti au Sportpaleis o\u00f9 les supporters fran\u00e7ais ont fait le d\u00e9placement. 40.899 pour cette rotation.<\/p>\n<blockquote class=\"twitter-tweet\">\n<p dir=\"ltr\" lang=\"en\">Lorette Charpy, it&rsquo;s good to have you back \ud83e\udd0d<\/p>\n<p>Watch Live: <a href=\"https:\/\/t.co\/by95XbtL2D\">https:\/\/t.co\/by95XbtL2D<\/a><a href=\"https:\/\/twitter.com\/hashtag\/ARTWorlds2023?src=hash&amp;ref_src=twsrc%5Etfw\">#ARTWorlds2023<\/a> <a href=\"https:\/\/t.co\/uTHx1EqEL1\">pic.twitter.com\/uTHx1EqEL1<\/a><\/p>\n<p>\u2014 FIG (@gymnastics) <a href=\"https:\/\/twitter.com\/gymnastics\/status\/1708935097640956157?ref_src=twsrc%5Etfw\">October 2, 2023<\/a><\/p><\/blockquote>\n<p style=\"text-align: justify;\"><script async src=\"https:\/\/platform.twitter.com\/widgets.js\" charset=\"utf-8\"><\/script><\/p>\n<h2 style=\"text-align: justify;\">Passage moyen \u00e0 la poutre<\/h2>\n<p style=\"text-align: justify;\">Pour leur troisi\u00e8me rotation, <strong>Morgane Osyssek-Reimer<\/strong> a d\u00e9but\u00e9 \u00e0 la <strong>poutre<\/strong>. Si elle a \u00e9t\u00e9 d\u00e9s\u00e9quilibr\u00e9e, elle n&rsquo;est pas tomb\u00e9e (13.033). Malheureusement, Charpy est tomb\u00e9e sur la poutre. Elle termine bien son passage pour obtenir 12.400. Et, Marine Boyer a \u00e9galement \u00e9t\u00e9 d\u00e9s\u00e9quilibr\u00e9e et fait un petit pas \u00e0 l&rsquo;arriv\u00e9e. Elle obtient une note de 13.400, insuffisant pour rentrer en finale. de Jesus dos Santos a \u00e9galement eu un petit d\u00e9s\u00e9quilibre au d\u00e9but de son passage, qu&rsquo;elle a bien rattrap\u00e9. Apr\u00e8s un deuxi\u00e8me d\u00e9s\u00e9quilibre, elle obtient une note de 12.733. Total de 39.166.<\/p>\n<h2 style=\"text-align: justify;\">La d\u00e9livrance au sol<\/h2>\n<p style=\"text-align: justify;\">P\u00e9nalis\u00e9e pour \u00eatre sortie du tapis, de Jesus dos Santos a obtenu 13.300. Avant m\u00eame le passage de Devillard, la France \u00e9tait en bonne position ! Sur une musique dynamique qui a contrast\u00e9 avec le passage pr\u00e9c\u00e9dent, elle a obtenu 11.900. Et avec un total de 160.930, la <strong>France<\/strong> prend la<strong> 7e place<\/strong>. Qualification en finale et <a title=\"Gymnastique artistique : Les qualifi\u00e9s pour les Jeux Olympiques 2024\" href=\"https:\/\/dicodusport.fr\/blog\/gymnastique-artistique-les-qualifies-pour-les-jeux-olympiques-2024\/\" target=\"_blank\" rel=\"noopener\">pour les Jeux Olympiques<\/a> !<\/p>\n<h2>4 finales mondiales<\/h2>\n<p style=\"text-align: justify;\">Ainsi, la France participera \u00e0 la <strong>finale par \u00e9quipes<\/strong> mercredi soir. <strong>M\u00e9lanie de Jesus dos Santos <\/strong>s&rsquo;est \u00e9galement qualifi\u00e9e pour le <strong>concours g\u00e9n\u00e9ral individuel<\/strong> de vendredi avec une 10e place (54.465). Les Chinoises Qiyuan Qiu (14.900) et Zhofan Huang (14.533) ont repouss\u00e9 <strong>Lorette Charpy<\/strong> \u00e0 la 9e place des <strong>barres asym\u00e9triques<\/strong>. O\u00f9 la Fran\u00e7aise \u00e9tait \u00e0 \u00e9galit\u00e9 parfaite avec la Canadienne Elsabeth Black. Ayant la m\u00eame note de difficult\u00e9 (6.000) et d&rsquo;ex\u00e9cution (8.133), les deux gymnastes se qualifient donc pour la finale (3 Am\u00e9ricaines \u00e9tant dans les 8 premi\u00e8res). Finale o\u00f9 participeront donc 9 concurrentes ! Enfin, <strong>Coline Devillard<\/strong> est 8e du <strong>saut<\/strong>. Les deux finales fran\u00e7aises par agr\u00e8s auront lieu samedi.<\/p>\n","protected":false},"excerpt":{"rendered":"<p>MONDIAUX GYMNASTIQUE ARTISTIQUE 2023 \u2013 Objectif rempli ! L&rsquo;\u00e9quipe de France f\u00e9minine se qualifie pour la finale par \u00e9quipes et obtient ainsi son ticket pour les Jeux Olympiques ! Trois finales mondiales \u00e9galement pour Coline Devillard, M\u00e9lanie de Jesus dos Santos et Lorette Charpy.<\/p>\n","protected":false},"author":12,"featured_media":425087,"comment_status":"open","ping_status":"closed","sticky":false,"template":"","format":"standard","meta":{"_acf_changed":false,"_daextam_enable_autolinks":"","footnotes":""},"categories":[10429],"tags":[16878,24],"class_list":["post-424483","post","type-post","status-publish","format-standard","has-post-thumbnail","hentry","category-gymnastique","tag-breve","tag-sport"],"acf":[],"yoast_head":"<!-- This site is optimized with the Yoast SEO Premium plugin v26.7 (Yoast SEO v26.7) - https:\/\/yoast.com\/wordpress\/plugins\/seo\/ -->\n<title>Mondiaux Gymnastique artistique 2023 : L&#039;\u00e9quipe de France f\u00e9minine en finale et qualifi\u00e9e pour les Jeux Olympiques !<\/title>\n<meta name=\"description\" content=\"MONDIAUX GYMNASTIQUE ARTISTIQUE 2023 \u2013 L&#039;\u00e9quipe de France f\u00e9minine se qualifie pour la finale et obtient son ticket pour les Jeux Olympiques !\" \/>\n<meta name=\"robots\" content=\"index, follow, max-snippet:-1, max-image-preview:large, max-video-preview:-1\" \/>\n<link rel=\"canonical\" href=\"https:\/\/dicodusport.fr\/blog\/mondiaux-gymnastique-artistique-2023-lequipe-de-france-feminine-en-finale-et-qualifiee-pour-les-jeux-olympiques\/\" \/>\n<meta property=\"og:locale\" content=\"fr_FR\" \/>\n<meta property=\"og:type\" content=\"article\" \/>\n<meta property=\"og:title\" content=\"Mondiaux Gymnastique artistique 2023 : L&#039;\u00e9quipe de France f\u00e9minine en finale et qualifi\u00e9e pour les Jeux Olympiques !\" \/>\n<meta property=\"og:description\" content=\"MONDIAUX GYMNASTIQUE ARTISTIQUE 2023 \u2013 L&#039;\u00e9quipe de France f\u00e9minine se qualifie pour la finale et obtient son ticket pour les Jeux Olympiques !\" \/>\n<meta property=\"og:url\" content=\"https:\/\/dicodusport.fr\/blog\/mondiaux-gymnastique-artistique-2023-lequipe-de-france-feminine-en-finale-et-qualifiee-pour-les-jeux-olympiques\/\" \/>\n<meta property=\"og:site_name\" content=\"Dicodusport\" \/>\n<meta property=\"article:publisher\" content=\"https:\/\/www.facebook.com\/dicodusport\" \/>\n<meta property=\"article:published_time\" content=\"2023-10-02T20:36:51+00:00\" \/>\n<meta property=\"article:modified_time\" content=\"2023-10-02T21:37:57+00:00\" \/>\n<meta property=\"og:image\" content=\"https:\/\/dicodusport.fr\/blog\/wp-content\/uploads\/2023\/10\/Mondiaux-Gymnastique-artistique-2023-Lequipe-de-France-feminine-en-finale-et-qualifiee-pour-les-Jeux-Olympiques-.png\" \/>\n\t<meta property=\"og:image:width\" content=\"800\" \/>\n\t<meta property=\"og:image:height\" content=\"445\" \/>\n\t<meta property=\"og:image:type\" content=\"image\/png\" \/>\n<meta name=\"author\" content=\"Arlette Yeye\" \/>\n<meta name=\"twitter:card\" content=\"summary_large_image\" \/>\n<meta name=\"twitter:title\" content=\"Mondiaux Gymnastique artistique 2023 : L&#039;\u00e9quipe de France f\u00e9minine en finale et qualifi\u00e9e pour les Jeux Olympiques !\" \/>\n<meta name=\"twitter:creator\" content=\"@https:\/\/twitter.com\/Shiclette94\" \/>\n<meta name=\"twitter:site\" content=\"@dicodusport\" \/>\n<script type=\"application\/ld+json\" class=\"yoast-schema-graph\">{\"@context\":\"https:\/\/schema.org\",\"@graph\":[{\"@type\":\"NewsArticle\",\"@id\":\"https:\/\/dicodusport.fr\/blog\/mondiaux-gymnastique-artistique-2023-lequipe-de-france-feminine-en-finale-et-qualifiee-pour-les-jeux-olympiques\/#article\",\"isPartOf\":{\"@id\":\"https:\/\/dicodusport.fr\/blog\/mondiaux-gymnastique-artistique-2023-lequipe-de-france-feminine-en-finale-et-qualifiee-pour-les-jeux-olympiques\/\"},\"author\":{\"name\":\"Arlette Yeye\",\"@id\":\"https:\/\/dicodusport.fr\/blog\/#\/schema\/person\/cce96fa88785bd8573e3d43078ac8c79\"},\"headline\":\"Mondiaux Gymnastique artistique 2023 : L&rsquo;\u00e9quipe de France f\u00e9minine en finale et qualifi\u00e9e pour les Jeux Olympiques !\",\"datePublished\":\"2023-10-02T20:36:51+00:00\",\"dateModified\":\"2023-10-02T21:37:57+00:00\",\"mainEntityOfPage\":{\"@id\":\"https:\/\/dicodusport.fr\/blog\/mondiaux-gymnastique-artistique-2023-lequipe-de-france-feminine-en-finale-et-qualifiee-pour-les-jeux-olympiques\/\"},\"wordCount\":720,\"commentCount\":0,\"publisher\":{\"@id\":\"https:\/\/dicodusport.fr\/blog\/#organization\"},\"image\":{\"@id\":\"https:\/\/dicodusport.fr\/blog\/mondiaux-gymnastique-artistique-2023-lequipe-de-france-feminine-en-finale-et-qualifiee-pour-les-jeux-olympiques\/#primaryimage\"},\"thumbnailUrl\":\"https:\/\/dicodusport.fr\/blog\/wp-content\/uploads\/2023\/10\/Mondiaux-Gymnastique-artistique-2023-Lequipe-de-France-feminine-en-finale-et-qualifiee-pour-les-Jeux-Olympiques-.png\",\"keywords\":[\"br\u00e8ve\",\"sport\"],\"articleSection\":[\"Gymnastique\"],\"inLanguage\":\"fr-FR\",\"potentialAction\":[{\"@type\":\"CommentAction\",\"name\":\"Comment\",\"target\":[\"https:\/\/dicodusport.fr\/blog\/mondiaux-gymnastique-artistique-2023-lequipe-de-france-feminine-en-finale-et-qualifiee-pour-les-jeux-olympiques\/#respond\"]}],\"copyrightYear\":\"2023\",\"copyrightHolder\":{\"@id\":\"https:\/\/dicodusport.fr\/blog\/#organization\"}},{\"@type\":\"WebPage\",\"@id\":\"https:\/\/dicodusport.fr\/blog\/mondiaux-gymnastique-artistique-2023-lequipe-de-france-feminine-en-finale-et-qualifiee-pour-les-jeux-olympiques\/\",\"url\":\"https:\/\/dicodusport.fr\/blog\/mondiaux-gymnastique-artistique-2023-lequipe-de-france-feminine-en-finale-et-qualifiee-pour-les-jeux-olympiques\/\",\"name\":\"Mondiaux Gymnastique artistique 2023 : L'\u00e9quipe de France f\u00e9minine en finale et qualifi\u00e9e pour les Jeux Olympiques !\",\"isPartOf\":{\"@id\":\"https:\/\/dicodusport.fr\/blog\/#website\"},\"primaryImageOfPage\":{\"@id\":\"https:\/\/dicodusport.fr\/blog\/mondiaux-gymnastique-artistique-2023-lequipe-de-france-feminine-en-finale-et-qualifiee-pour-les-jeux-olympiques\/#primaryimage\"},\"image\":{\"@id\":\"https:\/\/dicodusport.fr\/blog\/mondiaux-gymnastique-artistique-2023-lequipe-de-france-feminine-en-finale-et-qualifiee-pour-les-jeux-olympiques\/#primaryimage\"},\"thumbnailUrl\":\"https:\/\/dicodusport.fr\/blog\/wp-content\/uploads\/2023\/10\/Mondiaux-Gymnastique-artistique-2023-Lequipe-de-France-feminine-en-finale-et-qualifiee-pour-les-Jeux-Olympiques-.png\",\"datePublished\":\"2023-10-02T20:36:51+00:00\",\"dateModified\":\"2023-10-02T21:37:57+00:00\",\"description\":\"MONDIAUX GYMNASTIQUE ARTISTIQUE 2023 \u2013 L'\u00e9quipe de France f\u00e9minine se qualifie pour la finale et obtient son ticket pour les Jeux Olympiques !\",\"breadcrumb\":{\"@id\":\"https:\/\/dicodusport.fr\/blog\/mondiaux-gymnastique-artistique-2023-lequipe-de-france-feminine-en-finale-et-qualifiee-pour-les-jeux-olympiques\/#breadcrumb\"},\"inLanguage\":\"fr-FR\",\"potentialAction\":[{\"@type\":\"ReadAction\",\"target\":[\"https:\/\/dicodusport.fr\/blog\/mondiaux-gymnastique-artistique-2023-lequipe-de-france-feminine-en-finale-et-qualifiee-pour-les-jeux-olympiques\/\"]}]},{\"@type\":\"ImageObject\",\"inLanguage\":\"fr-FR\",\"@id\":\"https:\/\/dicodusport.fr\/blog\/mondiaux-gymnastique-artistique-2023-lequipe-de-france-feminine-en-finale-et-qualifiee-pour-les-jeux-olympiques\/#primaryimage\",\"url\":\"https:\/\/dicodusport.fr\/blog\/wp-content\/uploads\/2023\/10\/Mondiaux-Gymnastique-artistique-2023-Lequipe-de-France-feminine-en-finale-et-qualifiee-pour-les-Jeux-Olympiques-.png\",\"contentUrl\":\"https:\/\/dicodusport.fr\/blog\/wp-content\/uploads\/2023\/10\/Mondiaux-Gymnastique-artistique-2023-Lequipe-de-France-feminine-en-finale-et-qualifiee-pour-les-Jeux-Olympiques-.png\",\"width\":800,\"height\":445,\"caption\":\"Mondiaux Gymnastique artistique 2023 L'\u00e9quipe de France f\u00e9minine en finale et qualifi\u00e9e pour les Jeux Olympiques !\"},{\"@type\":\"BreadcrumbList\",\"@id\":\"https:\/\/dicodusport.fr\/blog\/mondiaux-gymnastique-artistique-2023-lequipe-de-france-feminine-en-finale-et-qualifiee-pour-les-jeux-olympiques\/#breadcrumb\",\"itemListElement\":[{\"@type\":\"ListItem\",\"position\":1,\"name\":\"Accueil\",\"item\":\"https:\/\/dicodusport.fr\/blog\/\"},{\"@type\":\"ListItem\",\"position\":2,\"name\":\"Mondiaux Gymnastique artistique 2023 : L&rsquo;\u00e9quipe de France f\u00e9minine en finale et qualifi\u00e9e pour les Jeux Olympiques !\"}]},{\"@type\":\"WebSite\",\"@id\":\"https:\/\/dicodusport.fr\/blog\/#website\",\"url\":\"https:\/\/dicodusport.fr\/blog\/\",\"name\":\"Dicodusport\",\"description\":\"L&#039;encyclop\u00e9die de l&#039;actualit\u00e9 sportive\",\"publisher\":{\"@id\":\"https:\/\/dicodusport.fr\/blog\/#organization\"},\"potentialAction\":[{\"@type\":\"SearchAction\",\"target\":{\"@type\":\"EntryPoint\",\"urlTemplate\":\"https:\/\/dicodusport.fr\/blog\/?s={search_term_string}\"},\"query-input\":{\"@type\":\"PropertyValueSpecification\",\"valueRequired\":true,\"valueName\":\"search_term_string\"}}],\"inLanguage\":\"fr-FR\"},{\"@type\":\"NewsMediaOrganization\",\"@id\":\"https:\/\/dicodusport.fr\/blog\/#organization\",\"name\":\"Dicodusport\",\"url\":\"https:\/\/dicodusport.fr\/blog\/\",\"logo\":{\"@type\":\"ImageObject\",\"inLanguage\":\"fr-FR\",\"@id\":\"https:\/\/dicodusport.fr\/blog\/#\/schema\/logo\/image\/\",\"url\":\"https:\/\/dicodusport.fr\/blog\/wp-content\/uploads\/2020\/06\/cropped-LOGO-DICODUSPORT-2020-SANS-FOND-SANS-TEXTE.png\",\"contentUrl\":\"https:\/\/dicodusport.fr\/blog\/wp-content\/uploads\/2020\/06\/cropped-LOGO-DICODUSPORT-2020-SANS-FOND-SANS-TEXTE.png\",\"width\":512,\"height\":512,\"caption\":\"Dicodusport\"},\"image\":{\"@id\":\"https:\/\/dicodusport.fr\/blog\/#\/schema\/logo\/image\/\"},\"sameAs\":[\"https:\/\/www.facebook.com\/dicodusport\",\"https:\/\/x.com\/dicodusport\",\"https:\/\/www.instagram.com\/dicodusport\/\",\"https:\/\/www.youtube.com\/channel\/UC7V2KZ5sd3htJivAbA4ZG3w\"],\"description\":\"Dicodusport est l'encyclop\u00e9die de l'actualit\u00e9 sportive.\",\"email\":\"bonjour@dicodusport.fr\",\"legalName\":\"DICODUSPORT\",\"foundingDate\":\"2018-01-14\",\"vatID\":\"FR71834470973\",\"taxID\":\"83447097300043\",\"numberOfEmployees\":{\"@type\":\"QuantitativeValue\",\"minValue\":\"1\",\"maxValue\":\"10\"}},{\"@type\":\"Person\",\"@id\":\"https:\/\/dicodusport.fr\/blog\/#\/schema\/person\/cce96fa88785bd8573e3d43078ac8c79\",\"name\":\"Arlette Yeye\",\"image\":{\"@type\":\"ImageObject\",\"inLanguage\":\"fr-FR\",\"@id\":\"https:\/\/dicodusport.fr\/blog\/#\/schema\/person\/image\/\",\"url\":\"https:\/\/secure.gravatar.com\/avatar\/dca4a6239e6d708e46c45d60e160de6c?s=96&d=wp_user_avatar&r=g\",\"contentUrl\":\"https:\/\/secure.gravatar.com\/avatar\/dca4a6239e6d708e46c45d60e160de6c?s=96&d=wp_user_avatar&r=g\",\"caption\":\"Arlette Yeye\"},\"description\":\"Journaliste\/r\u00e9dactrice depuis septembre 2015 - Supportrice de Chelsea, j'ai pour sports de pr\u00e9dilection le handball, l'athl\u00e9tisme et le tennis. Si je tweete plus vite que mon ombre, vous pouvez aussi me retrouver les week-ends sur les playgrounds de Bruxelles pour un petit foot ou basket entre potes. Parcourir la France, l'Europe et plus si affinit\u00e9s pour suivre mes sportifs pr\u00e9f\u00e9r\u00e9s ? Mon kif ! Et c'est avec plaisir que je partage les r\u00e9sultats des sports populaires mais \u00e9galement plus confidentiels pour Dicodusport.\",\"sameAs\":[\"https:\/\/x.com\/https:\/\/twitter.com\/Shiclette94\"],\"url\":\"https:\/\/dicodusport.fr\/blog\/author\/arlette\/\"}]}<\/script>\n<!-- \/ Yoast SEO Premium plugin. -->","yoast_head_json":{"title":"Mondiaux Gymnastique artistique 2023 : L'\u00e9quipe de France f\u00e9minine en finale et qualifi\u00e9e pour les Jeux Olympiques !","description":"MONDIAUX GYMNASTIQUE ARTISTIQUE 2023 \u2013 L'\u00e9quipe de France f\u00e9minine se qualifie pour la finale et obtient son ticket pour les Jeux Olympiques !","robots":{"index":"index","follow":"follow","max-snippet":"max-snippet:-1","max-image-preview":"max-image-preview:large","max-video-preview":"max-video-preview:-1"},"canonical":"https:\/\/dicodusport.fr\/blog\/mondiaux-gymnastique-artistique-2023-lequipe-de-france-feminine-en-finale-et-qualifiee-pour-les-jeux-olympiques\/","og_locale":"fr_FR","og_type":"article","og_title":"Mondiaux Gymnastique artistique 2023 : L'\u00e9quipe de France f\u00e9minine en finale et qualifi\u00e9e pour les Jeux Olympiques !","og_description":"MONDIAUX GYMNASTIQUE ARTISTIQUE 2023 \u2013 L'\u00e9quipe de France f\u00e9minine se qualifie pour la finale et obtient son ticket pour les Jeux Olympiques !","og_url":"https:\/\/dicodusport.fr\/blog\/mondiaux-gymnastique-artistique-2023-lequipe-de-france-feminine-en-finale-et-qualifiee-pour-les-jeux-olympiques\/","og_site_name":"Dicodusport","article_publisher":"https:\/\/www.facebook.com\/dicodusport","article_published_time":"2023-10-02T20:36:51+00:00","article_modified_time":"2023-10-02T21:37:57+00:00","og_image":[{"width":800,"height":445,"url":"https:\/\/dicodusport.fr\/blog\/wp-content\/uploads\/2023\/10\/Mondiaux-Gymnastique-artistique-2023-Lequipe-de-France-feminine-en-finale-et-qualifiee-pour-les-Jeux-Olympiques-.png","type":"image\/png"}],"author":"Arlette Yeye","twitter_card":"summary_large_image","twitter_title":"Mondiaux Gymnastique artistique 2023 : L'\u00e9quipe de France f\u00e9minine en finale et qualifi\u00e9e pour les Jeux Olympiques !","twitter_creator":"@https:\/\/twitter.com\/Shiclette94","twitter_site":"@dicodusport","schema":{"@context":"https:\/\/schema.org","@graph":[{"@type":"NewsArticle","@id":"https:\/\/dicodusport.fr\/blog\/mondiaux-gymnastique-artistique-2023-lequipe-de-france-feminine-en-finale-et-qualifiee-pour-les-jeux-olympiques\/#article","isPartOf":{"@id":"https:\/\/dicodusport.fr\/blog\/mondiaux-gymnastique-artistique-2023-lequipe-de-france-feminine-en-finale-et-qualifiee-pour-les-jeux-olympiques\/"},"author":{"name":"Arlette Yeye","@id":"https:\/\/dicodusport.fr\/blog\/#\/schema\/person\/cce96fa88785bd8573e3d43078ac8c79"},"headline":"Mondiaux Gymnastique artistique 2023 : L&rsquo;\u00e9quipe de France f\u00e9minine en finale et qualifi\u00e9e pour les Jeux Olympiques !","datePublished":"2023-10-02T20:36:51+00:00","dateModified":"2023-10-02T21:37:57+00:00","mainEntityOfPage":{"@id":"https:\/\/dicodusport.fr\/blog\/mondiaux-gymnastique-artistique-2023-lequipe-de-france-feminine-en-finale-et-qualifiee-pour-les-jeux-olympiques\/"},"wordCount":720,"commentCount":0,"publisher":{"@id":"https:\/\/dicodusport.fr\/blog\/#organization"},"image":{"@id":"https:\/\/dicodusport.fr\/blog\/mondiaux-gymnastique-artistique-2023-lequipe-de-france-feminine-en-finale-et-qualifiee-pour-les-jeux-olympiques\/#primaryimage"},"thumbnailUrl":"https:\/\/dicodusport.fr\/blog\/wp-content\/uploads\/2023\/10\/Mondiaux-Gymnastique-artistique-2023-Lequipe-de-France-feminine-en-finale-et-qualifiee-pour-les-Jeux-Olympiques-.png","keywords":["br\u00e8ve","sport"],"articleSection":["Gymnastique"],"inLanguage":"fr-FR","potentialAction":[{"@type":"CommentAction","name":"Comment","target":["https:\/\/dicodusport.fr\/blog\/mondiaux-gymnastique-artistique-2023-lequipe-de-france-feminine-en-finale-et-qualifiee-pour-les-jeux-olympiques\/#respond"]}],"copyrightYear":"2023","copyrightHolder":{"@id":"https:\/\/dicodusport.fr\/blog\/#organization"}},{"@type":"WebPage","@id":"https:\/\/dicodusport.fr\/blog\/mondiaux-gymnastique-artistique-2023-lequipe-de-france-feminine-en-finale-et-qualifiee-pour-les-jeux-olympiques\/","url":"https:\/\/dicodusport.fr\/blog\/mondiaux-gymnastique-artistique-2023-lequipe-de-france-feminine-en-finale-et-qualifiee-pour-les-jeux-olympiques\/","name":"Mondiaux Gymnastique artistique 2023 : L'\u00e9quipe de France f\u00e9minine en finale et qualifi\u00e9e pour les Jeux Olympiques !","isPartOf":{"@id":"https:\/\/dicodusport.fr\/blog\/#website"},"primaryImageOfPage":{"@id":"https:\/\/dicodusport.fr\/blog\/mondiaux-gymnastique-artistique-2023-lequipe-de-france-feminine-en-finale-et-qualifiee-pour-les-jeux-olympiques\/#primaryimage"},"image":{"@id":"https:\/\/dicodusport.fr\/blog\/mondiaux-gymnastique-artistique-2023-lequipe-de-france-feminine-en-finale-et-qualifiee-pour-les-jeux-olympiques\/#primaryimage"},"thumbnailUrl":"https:\/\/dicodusport.fr\/blog\/wp-content\/uploads\/2023\/10\/Mondiaux-Gymnastique-artistique-2023-Lequipe-de-France-feminine-en-finale-et-qualifiee-pour-les-Jeux-Olympiques-.png","datePublished":"2023-10-02T20:36:51+00:00","dateModified":"2023-10-02T21:37:57+00:00","description":"MONDIAUX GYMNASTIQUE ARTISTIQUE 2023 \u2013 L'\u00e9quipe de France f\u00e9minine se qualifie pour la finale et obtient son ticket pour les Jeux Olympiques !","breadcrumb":{"@id":"https:\/\/dicodusport.fr\/blog\/mondiaux-gymnastique-artistique-2023-lequipe-de-france-feminine-en-finale-et-qualifiee-pour-les-jeux-olympiques\/#breadcrumb"},"inLanguage":"fr-FR","potentialAction":[{"@type":"ReadAction","target":["https:\/\/dicodusport.fr\/blog\/mondiaux-gymnastique-artistique-2023-lequipe-de-france-feminine-en-finale-et-qualifiee-pour-les-jeux-olympiques\/"]}]},{"@type":"ImageObject","inLanguage":"fr-FR","@id":"https:\/\/dicodusport.fr\/blog\/mondiaux-gymnastique-artistique-2023-lequipe-de-france-feminine-en-finale-et-qualifiee-pour-les-jeux-olympiques\/#primaryimage","url":"https:\/\/dicodusport.fr\/blog\/wp-content\/uploads\/2023\/10\/Mondiaux-Gymnastique-artistique-2023-Lequipe-de-France-feminine-en-finale-et-qualifiee-pour-les-Jeux-Olympiques-.png","contentUrl":"https:\/\/dicodusport.fr\/blog\/wp-content\/uploads\/2023\/10\/Mondiaux-Gymnastique-artistique-2023-Lequipe-de-France-feminine-en-finale-et-qualifiee-pour-les-Jeux-Olympiques-.png","width":800,"height":445,"caption":"Mondiaux Gymnastique artistique 2023 L'\u00e9quipe de France f\u00e9minine en finale et qualifi\u00e9e pour les Jeux Olympiques !"},{"@type":"BreadcrumbList","@id":"https:\/\/dicodusport.fr\/blog\/mondiaux-gymnastique-artistique-2023-lequipe-de-france-feminine-en-finale-et-qualifiee-pour-les-jeux-olympiques\/#breadcrumb","itemListElement":[{"@type":"ListItem","position":1,"name":"Accueil","item":"https:\/\/dicodusport.fr\/blog\/"},{"@type":"ListItem","position":2,"name":"Mondiaux Gymnastique artistique 2023 : L&rsquo;\u00e9quipe de France f\u00e9minine en finale et qualifi\u00e9e pour les Jeux Olympiques !"}]},{"@type":"WebSite","@id":"https:\/\/dicodusport.fr\/blog\/#website","url":"https:\/\/dicodusport.fr\/blog\/","name":"Dicodusport","description":"L&#039;encyclop\u00e9die de l&#039;actualit\u00e9 sportive","publisher":{"@id":"https:\/\/dicodusport.fr\/blog\/#organization"},"potentialAction":[{"@type":"SearchAction","target":{"@type":"EntryPoint","urlTemplate":"https:\/\/dicodusport.fr\/blog\/?s={search_term_string}"},"query-input":{"@type":"PropertyValueSpecification","valueRequired":true,"valueName":"search_term_string"}}],"inLanguage":"fr-FR"},{"@type":"NewsMediaOrganization","@id":"https:\/\/dicodusport.fr\/blog\/#organization","name":"Dicodusport","url":"https:\/\/dicodusport.fr\/blog\/","logo":{"@type":"ImageObject","inLanguage":"fr-FR","@id":"https:\/\/dicodusport.fr\/blog\/#\/schema\/logo\/image\/","url":"https:\/\/dicodusport.fr\/blog\/wp-content\/uploads\/2020\/06\/cropped-LOGO-DICODUSPORT-2020-SANS-FOND-SANS-TEXTE.png","contentUrl":"https:\/\/dicodusport.fr\/blog\/wp-content\/uploads\/2020\/06\/cropped-LOGO-DICODUSPORT-2020-SANS-FOND-SANS-TEXTE.png","width":512,"height":512,"caption":"Dicodusport"},"image":{"@id":"https:\/\/dicodusport.fr\/blog\/#\/schema\/logo\/image\/"},"sameAs":["https:\/\/www.facebook.com\/dicodusport","https:\/\/x.com\/dicodusport","https:\/\/www.instagram.com\/dicodusport\/","https:\/\/www.youtube.com\/channel\/UC7V2KZ5sd3htJivAbA4ZG3w"],"description":"Dicodusport est l'encyclop\u00e9die de l'actualit\u00e9 sportive.","email":"bonjour@dicodusport.fr","legalName":"DICODUSPORT","foundingDate":"2018-01-14","vatID":"FR71834470973","taxID":"83447097300043","numberOfEmployees":{"@type":"QuantitativeValue","minValue":"1","maxValue":"10"}},{"@type":"Person","@id":"https:\/\/dicodusport.fr\/blog\/#\/schema\/person\/cce96fa88785bd8573e3d43078ac8c79","name":"Arlette Yeye","image":{"@type":"ImageObject","inLanguage":"fr-FR","@id":"https:\/\/dicodusport.fr\/blog\/#\/schema\/person\/image\/","url":"https:\/\/secure.gravatar.com\/avatar\/dca4a6239e6d708e46c45d60e160de6c?s=96&d=wp_user_avatar&r=g","contentUrl":"https:\/\/secure.gravatar.com\/avatar\/dca4a6239e6d708e46c45d60e160de6c?s=96&d=wp_user_avatar&r=g","caption":"Arlette Yeye"},"description":"Journaliste\/r\u00e9dactrice depuis septembre 2015 - Supportrice de Chelsea, j'ai pour sports de pr\u00e9dilection le handball, l'athl\u00e9tisme et le tennis. Si je tweete plus vite que mon ombre, vous pouvez aussi me retrouver les week-ends sur les playgrounds de Bruxelles pour un petit foot ou basket entre potes. Parcourir la France, l'Europe et plus si affinit\u00e9s pour suivre mes sportifs pr\u00e9f\u00e9r\u00e9s ? Mon kif ! Et c'est avec plaisir que je partage les r\u00e9sultats des sports populaires mais \u00e9galement plus confidentiels pour Dicodusport.","sameAs":["https:\/\/x.com\/https:\/\/twitter.com\/Shiclette94"],"url":"https:\/\/dicodusport.fr\/blog\/author\/arlette\/"}]}},"_links":{"self":[{"href":"https:\/\/dicodusport.fr\/blog\/wp-json\/wp\/v2\/posts\/424483","targetHints":{"allow":["GET"]}}],"collection":[{"href":"https:\/\/dicodusport.fr\/blog\/wp-json\/wp\/v2\/posts"}],"about":[{"href":"https:\/\/dicodusport.fr\/blog\/wp-json\/wp\/v2\/types\/post"}],"author":[{"embeddable":true,"href":"https:\/\/dicodusport.fr\/blog\/wp-json\/wp\/v2\/users\/12"}],"replies":[{"embeddable":true,"href":"https:\/\/dicodusport.fr\/blog\/wp-json\/wp\/v2\/comments?post=424483"}],"version-history":[{"count":0,"href":"https:\/\/dicodusport.fr\/blog\/wp-json\/wp\/v2\/posts\/424483\/revisions"}],"wp:featuredmedia":[{"embeddable":true,"href":"https:\/\/dicodusport.fr\/blog\/wp-json\/wp\/v2\/media\/425087"}],"wp:attachment":[{"href":"https:\/\/dicodusport.fr\/blog\/wp-json\/wp\/v2\/media?parent=424483"}],"wp:term":[{"taxonomy":"category","embeddable":true,"href":"https:\/\/dicodusport.fr\/blog\/wp-json\/wp\/v2\/categories?post=424483"},{"taxonomy":"post_tag","embeddable":true,"href":"https:\/\/dicodusport.fr\/blog\/wp-json\/wp\/v2\/tags?post=424483"}],"curies":[{"name":"wp","href":"https:\/\/api.w.org\/{rel}","templated":true}]}}