{"id":424894,"date":"2023-10-06T17:35:38","date_gmt":"2023-10-06T15:35:38","guid":{"rendered":"https:\/\/dicodusport.fr\/blog\/?p=424894&#038;preview=true&#038;preview_id=424894"},"modified":"2023-10-06T17:35:11","modified_gmt":"2023-10-06T15:35:11","slug":"xv-de-france-les-bleus-qualifies-en-quarts-de-finale-si","status":"publish","type":"post","link":"https:\/\/dicodusport.fr\/blog\/xv-de-france-les-bleus-qualifies-en-quarts-de-finale-si\/","title":{"rendered":"La France qualifi\u00e9e en quarts de finale de la Coupe du monde de rugby si&#8230;"},"content":{"rendered":"<p style=\"text-align: justify;\" align=\"justify\"><em><strong><a href=\"https:\/\/dicodusport.fr\/blog\/actualites\/rugby\/rugby-a-xv\/xv-de-france\/\">XV DE FRANCE<\/a> &#8211; Ce vendredi (21h) face \u00e0 l&rsquo;Italie, \u00e0 l&rsquo;occasion de la 5\u00e8me journ\u00e9e de la phase de poules de la <a href=\"https:\/\/dicodusport.fr\/blog\/actualites\/rugby\/rugby-a-xv\/coupe-du-monde-de-rugby-2023\/\">Coupe du monde de rugby<\/a>, le XV de France aura pour mission d&rsquo;assurer la qualification en quarts de finale. Les diff\u00e9rents sc\u00e9narios.<\/strong><\/em><\/p>\n<ul>\n<li style=\"text-align: justify;\"><strong>\u00c0 lire aussi &#8211; <a href=\"https:\/\/dicodusport.fr\/blog\/xv-de-france-la-composition-des-bleus-face-a-litalie\/\">XV de France : La composition des Bleus face \u00e0 l&rsquo;Italie<\/a><\/strong><\/li>\n<\/ul>\n<p align=\"justify\"><strong>France &#8211; Italie<\/strong>, ce sera donc l&rsquo;affiche \u00e0 suivre ce vendredi soir, en guise de 8\u00e8me de finale non-officiel. Au sein <a href=\"https:\/\/dicodusport.fr\/blog\/calendrier-resultats-et-classement-poule-a-coupe-du-monde-de-rugby-2023\/\">d&rsquo;une poule A finalement plus ouverte qu&rsquo;il n&rsquo;y para\u00eet<\/a>, Fran\u00e7ais et Transalpins vont croiser le fer, avec, pour objectif, la qualification en quarts de finale. La <strong>Nouvelle-Z\u00e9lande<\/strong>, d\u00e9sormais avec 15 points au compteur apr\u00e8s <a href=\"https:\/\/dicodusport.fr\/blog\/coupe-du-monde-de-rugby-2023-les-all-blacks-deroulent-face-a-luruguay\/\">son large succ\u00e8s face \u00e0 l&rsquo;Uruguay (73-0)<\/a>, est officiellement qualifi\u00e9e pour les quarts de finale.<\/p>\n<ul>\n<li style=\"text-align: justify;\"><strong>\u00c0 lire aussi &#8211; <a href=\"https:\/\/dicodusport.fr\/blog\/xv-de-france-les-adversaires-possibles-des-bleus-en-quarts-de-finale\/\">XV de France : Les adversaires possibles des Bleus en quarts de finale<\/a><\/strong><\/li>\n<\/ul>\n<p align=\"justify\">En revanche, la <strong>France<\/strong> va, quant \u00e0 elle, devoir faire le job <a href=\"https:\/\/dicodusport.fr\/blog\/france-italie-chaine-tv-et-heure-du-match\/\">face \u00e0 l&rsquo;<strong>Italie<\/strong><\/a>. Cette derni\u00e8re, <a href=\"https:\/\/dicodusport.fr\/blog\/coupe-du-monde-de-rugby-les-all-blacks-explosent-litalie\/\">balay\u00e9e par les N\u00e9o-Z\u00e9landais (96-17)<\/a>, a montr\u00e9 des signes inqui\u00e9tants face aux hommes en noir. M\u00e9fiance, tout de m\u00eame, pour les Bleus, qui devront mettre tous les ingr\u00e9dients pour se rendre le match plus facile. On fait le point sur les diff\u00e9rents sc\u00e9narios menant \u00e0 la qualification du <strong>XV de France<\/strong> en quarts de finale de la Coupe du monde.<\/p>\n<ul>\n<li style=\"text-align: justify;\"><strong>\u00c0 lire aussi \u2013\u00a0<a href=\"https:\/\/dicodusport.fr\/blog\/coupe-du-monde-de-rugby-2023-les-quarts-de-finale-probables\/\">Les quarts de finale probables de la Coupe du monde de rugby<\/a><\/strong><\/li>\n<\/ul>\n<h2 style=\"text-align: justify;\"><strong>Les sc\u00e9narios pour que le XV de France se qualifie en quarts de finale<\/strong><\/h2>\n<ul>\n<li style=\"text-align: justify;\">Le XV de France bat l&rsquo;Italie.<\/li>\n<li style=\"text-align: justify;\">Le XV de France fait match nul contre l&rsquo;Italie.<\/li>\n<li style=\"text-align: justify;\">Le XV de France perd contre l&rsquo;Italie en obtenant deux points de bonus et l&rsquo;Italie gagne son bonus.<\/li>\n<\/ul>\n<h2 style=\"text-align: justify;\">\u00c0 lire aussi<\/h2>\n<div class=\"vlp-link-container vlp-layout-article\"><a href=\"https:\/\/dicodusport.fr\/blog\/les-10-joueurs-les-plus-lourds-de-la-coupe-du-monde-de-rugby-2023\/\" class=\"vlp-link\" title=\"Les 10 joueurs les plus lourds de la Coupe du monde de rugby 2023\"><\/a><div class=\"vlp-layout-zone-side\"><div class=\"vlp-block-4 vlp-link-image\"><img loading=\"lazy\" decoding=\"async\" style=\"max-width: 800px;\" width=\"800\" height=\"445\" src=\"https:\/\/dicodusport.fr\/blog\/wp-content\/uploads\/2023\/09\/Les-10-joueurs-les-plus-lourds-de-la-Coupe-du-monde-de-rugby-2023.png\" class=\"attachment-800x445 size-800x445\" alt=\"Les 10 joueurs les plus lourds de la Coupe du monde de rugby 2023\" srcset=\"https:\/\/dicodusport.fr\/blog\/wp-content\/uploads\/2023\/09\/Les-10-joueurs-les-plus-lourds-de-la-Coupe-du-monde-de-rugby-2023.png 800w, https:\/\/dicodusport.fr\/blog\/wp-content\/uploads\/2023\/09\/Les-10-joueurs-les-plus-lourds-de-la-Coupe-du-monde-de-rugby-2023-300x167.png 300w, https:\/\/dicodusport.fr\/blog\/wp-content\/uploads\/2023\/09\/Les-10-joueurs-les-plus-lourds-de-la-Coupe-du-monde-de-rugby-2023-768x427.png 768w\" sizes=\"auto, (max-width: 800px) 100vw, 800px\" \/><\/div><\/div><div class=\"vlp-layout-zone-main\"><div class=\"vlp-block-0 vlp-link-title\">Les 10 joueurs les plus lourds de la Coupe du monde de rugby 2023<\/div><div class=\"vlp-block-1 vlp-link-summary\">COUPE DU MONDE DE RUGBY 2023 - Atonio, Tameifuna, Skelton : d\u00e9couvrez les 10 joueurs les plus lourds de la Coupe du monde de rugby 2023.<\/div><div class=\"vlp-block-2 vlp-link-button\">Lire l'article<\/div><div class=\"vlp-block-3 vlp-link-url\">dicodusport.fr<\/div><\/div><\/div>\n","protected":false},"excerpt":{"rendered":"<p>XV DE FRANCE &#8211; Les sc\u00e9narios d&rsquo;une qualification des Bleus en quarts de finale de la Coupe du monde de rugby 2023.<\/p>\n","protected":false},"author":4,"featured_media":424908,"comment_status":"open","ping_status":"closed","sticky":false,"template":"","format":"standard","meta":{"_acf_changed":false,"_daextam_enable_autolinks":"1","footnotes":""},"categories":[47049,9129,19951],"tags":[16878,24,1638],"class_list":["post-424894","post","type-post","status-publish","format-standard","has-post-thumbnail","hentry","category-coupe-du-monde-de-rugby","category-rugby-a-xv","category-xv-de-france","tag-breve","tag-sport","tag-xv-de-france"],"acf":[],"yoast_head":"<!-- This site is optimized with the Yoast SEO Premium plugin v26.7 (Yoast SEO v26.7) - https:\/\/yoast.com\/wordpress\/plugins\/seo\/ -->\n<title>La France qualifi\u00e9e en quarts de finale de la Coupe du monde de rugby si...<\/title>\n<meta name=\"description\" content=\"XV DE FRANCE - Les sc\u00e9narios d&#039;une qualification des Bleus en quarts de finale de la Coupe du monde de rugby 2023.\" \/>\n<meta name=\"robots\" content=\"index, follow, max-snippet:-1, max-image-preview:large, max-video-preview:-1\" \/>\n<link rel=\"canonical\" href=\"https:\/\/dicodusport.fr\/blog\/xv-de-france-les-bleus-qualifies-en-quarts-de-finale-si\/\" \/>\n<meta property=\"og:locale\" content=\"fr_FR\" \/>\n<meta property=\"og:type\" content=\"article\" \/>\n<meta property=\"og:title\" content=\"La France qualifi\u00e9e en quarts de finale de la Coupe du monde de rugby si...\" \/>\n<meta property=\"og:description\" content=\"XV DE FRANCE - Les sc\u00e9narios d&#039;une qualification des Bleus en quarts de finale de la Coupe du monde de rugby 2023.\" \/>\n<meta property=\"og:url\" content=\"https:\/\/dicodusport.fr\/blog\/xv-de-france-les-bleus-qualifies-en-quarts-de-finale-si\/\" \/>\n<meta property=\"og:site_name\" content=\"Dicodusport\" \/>\n<meta property=\"article:publisher\" content=\"https:\/\/www.facebook.com\/dicodusport\" \/>\n<meta property=\"article:author\" content=\"https:\/\/www.facebook.com\/florent.ostermann\" \/>\n<meta property=\"article:published_time\" content=\"2023-10-06T15:35:38+00:00\" \/>\n<meta property=\"og:image\" content=\"https:\/\/dicodusport.fr\/blog\/wp-content\/uploads\/2023\/10\/XV-de-France-Les-Bleus-qualifies-en-quarts-de-finale-si.png\" \/>\n\t<meta property=\"og:image:width\" content=\"800\" \/>\n\t<meta property=\"og:image:height\" content=\"445\" \/>\n\t<meta property=\"og:image:type\" content=\"image\/png\" \/>\n<meta name=\"author\" content=\"Flo Ostermann\" \/>\n<meta name=\"twitter:card\" content=\"summary_large_image\" \/>\n<meta name=\"twitter:title\" content=\"La France qualifi\u00e9e en quarts de finale de la Coupe du monde de rugby si...\" \/>\n<meta name=\"twitter:creator\" content=\"@https:\/\/twitter.com\/FlOstermann\" \/>\n<meta name=\"twitter:site\" content=\"@dicodusport\" \/>\n<script type=\"application\/ld+json\" class=\"yoast-schema-graph\">{\"@context\":\"https:\/\/schema.org\",\"@graph\":[{\"@type\":\"NewsArticle\",\"@id\":\"https:\/\/dicodusport.fr\/blog\/xv-de-france-les-bleus-qualifies-en-quarts-de-finale-si\/#article\",\"isPartOf\":{\"@id\":\"https:\/\/dicodusport.fr\/blog\/xv-de-france-les-bleus-qualifies-en-quarts-de-finale-si\/\"},\"author\":{\"name\":\"Flo Ostermann\",\"@id\":\"https:\/\/dicodusport.fr\/blog\/#\/schema\/person\/cb02af4c173ce4a653b55e9baf388d4a\"},\"headline\":\"La France qualifi\u00e9e en quarts de finale de la Coupe du monde de rugby si&#8230;\",\"datePublished\":\"2023-10-06T15:35:38+00:00\",\"mainEntityOfPage\":{\"@id\":\"https:\/\/dicodusport.fr\/blog\/xv-de-france-les-bleus-qualifies-en-quarts-de-finale-si\/\"},\"wordCount\":402,\"commentCount\":0,\"publisher\":{\"@id\":\"https:\/\/dicodusport.fr\/blog\/#organization\"},\"image\":{\"@id\":\"https:\/\/dicodusport.fr\/blog\/xv-de-france-les-bleus-qualifies-en-quarts-de-finale-si\/#primaryimage\"},\"thumbnailUrl\":\"https:\/\/dicodusport.fr\/blog\/wp-content\/uploads\/2023\/10\/XV-de-France-Les-Bleus-qualifies-en-quarts-de-finale-si.png\",\"keywords\":[\"br\u00e8ve\",\"sport\",\"XV de France\"],\"articleSection\":[\"Coupe du monde de rugby\",\"Rugby \u00e0 XV\",\"XV de France\"],\"inLanguage\":\"fr-FR\",\"potentialAction\":[{\"@type\":\"CommentAction\",\"name\":\"Comment\",\"target\":[\"https:\/\/dicodusport.fr\/blog\/xv-de-france-les-bleus-qualifies-en-quarts-de-finale-si\/#respond\"]}],\"copyrightYear\":\"2023\",\"copyrightHolder\":{\"@id\":\"https:\/\/dicodusport.fr\/blog\/#organization\"}},{\"@type\":\"WebPage\",\"@id\":\"https:\/\/dicodusport.fr\/blog\/xv-de-france-les-bleus-qualifies-en-quarts-de-finale-si\/\",\"url\":\"https:\/\/dicodusport.fr\/blog\/xv-de-france-les-bleus-qualifies-en-quarts-de-finale-si\/\",\"name\":\"La France qualifi\u00e9e en quarts de finale de la Coupe du monde de rugby si...\",\"isPartOf\":{\"@id\":\"https:\/\/dicodusport.fr\/blog\/#website\"},\"primaryImageOfPage\":{\"@id\":\"https:\/\/dicodusport.fr\/blog\/xv-de-france-les-bleus-qualifies-en-quarts-de-finale-si\/#primaryimage\"},\"image\":{\"@id\":\"https:\/\/dicodusport.fr\/blog\/xv-de-france-les-bleus-qualifies-en-quarts-de-finale-si\/#primaryimage\"},\"thumbnailUrl\":\"https:\/\/dicodusport.fr\/blog\/wp-content\/uploads\/2023\/10\/XV-de-France-Les-Bleus-qualifies-en-quarts-de-finale-si.png\",\"datePublished\":\"2023-10-06T15:35:38+00:00\",\"description\":\"XV DE FRANCE - Les sc\u00e9narios d'une qualification des Bleus en quarts de finale de la Coupe du monde de rugby 2023.\",\"breadcrumb\":{\"@id\":\"https:\/\/dicodusport.fr\/blog\/xv-de-france-les-bleus-qualifies-en-quarts-de-finale-si\/#breadcrumb\"},\"inLanguage\":\"fr-FR\",\"potentialAction\":[{\"@type\":\"ReadAction\",\"target\":[\"https:\/\/dicodusport.fr\/blog\/xv-de-france-les-bleus-qualifies-en-quarts-de-finale-si\/\"]}]},{\"@type\":\"ImageObject\",\"inLanguage\":\"fr-FR\",\"@id\":\"https:\/\/dicodusport.fr\/blog\/xv-de-france-les-bleus-qualifies-en-quarts-de-finale-si\/#primaryimage\",\"url\":\"https:\/\/dicodusport.fr\/blog\/wp-content\/uploads\/2023\/10\/XV-de-France-Les-Bleus-qualifies-en-quarts-de-finale-si.png\",\"contentUrl\":\"https:\/\/dicodusport.fr\/blog\/wp-content\/uploads\/2023\/10\/XV-de-France-Les-Bleus-qualifies-en-quarts-de-finale-si.png\",\"width\":800,\"height\":445,\"caption\":\"XV de France Les Bleus qualifi\u00e9s en quarts de finale si...\"},{\"@type\":\"BreadcrumbList\",\"@id\":\"https:\/\/dicodusport.fr\/blog\/xv-de-france-les-bleus-qualifies-en-quarts-de-finale-si\/#breadcrumb\",\"itemListElement\":[{\"@type\":\"ListItem\",\"position\":1,\"name\":\"Accueil\",\"item\":\"https:\/\/dicodusport.fr\/blog\/\"},{\"@type\":\"ListItem\",\"position\":2,\"name\":\"La France qualifi\u00e9e en quarts de finale de la Coupe du monde de rugby si&#8230;\"}]},{\"@type\":\"WebSite\",\"@id\":\"https:\/\/dicodusport.fr\/blog\/#website\",\"url\":\"https:\/\/dicodusport.fr\/blog\/\",\"name\":\"Dicodusport\",\"description\":\"L&#039;encyclop\u00e9die de l&#039;actualit\u00e9 sportive\",\"publisher\":{\"@id\":\"https:\/\/dicodusport.fr\/blog\/#organization\"},\"potentialAction\":[{\"@type\":\"SearchAction\",\"target\":{\"@type\":\"EntryPoint\",\"urlTemplate\":\"https:\/\/dicodusport.fr\/blog\/?s={search_term_string}\"},\"query-input\":{\"@type\":\"PropertyValueSpecification\",\"valueRequired\":true,\"valueName\":\"search_term_string\"}}],\"inLanguage\":\"fr-FR\"},{\"@type\":\"NewsMediaOrganization\",\"@id\":\"https:\/\/dicodusport.fr\/blog\/#organization\",\"name\":\"Dicodusport\",\"url\":\"https:\/\/dicodusport.fr\/blog\/\",\"logo\":{\"@type\":\"ImageObject\",\"inLanguage\":\"fr-FR\",\"@id\":\"https:\/\/dicodusport.fr\/blog\/#\/schema\/logo\/image\/\",\"url\":\"https:\/\/dicodusport.fr\/blog\/wp-content\/uploads\/2020\/06\/cropped-LOGO-DICODUSPORT-2020-SANS-FOND-SANS-TEXTE.png\",\"contentUrl\":\"https:\/\/dicodusport.fr\/blog\/wp-content\/uploads\/2020\/06\/cropped-LOGO-DICODUSPORT-2020-SANS-FOND-SANS-TEXTE.png\",\"width\":512,\"height\":512,\"caption\":\"Dicodusport\"},\"image\":{\"@id\":\"https:\/\/dicodusport.fr\/blog\/#\/schema\/logo\/image\/\"},\"sameAs\":[\"https:\/\/www.facebook.com\/dicodusport\",\"https:\/\/x.com\/dicodusport\",\"https:\/\/www.instagram.com\/dicodusport\/\",\"https:\/\/www.youtube.com\/channel\/UC7V2KZ5sd3htJivAbA4ZG3w\"],\"description\":\"Dicodusport est l'encyclop\u00e9die de l'actualit\u00e9 sportive.\",\"email\":\"bonjour@dicodusport.fr\",\"legalName\":\"DICODUSPORT\",\"foundingDate\":\"2018-01-14\",\"vatID\":\"FR71834470973\",\"taxID\":\"83447097300043\",\"numberOfEmployees\":{\"@type\":\"QuantitativeValue\",\"minValue\":\"1\",\"maxValue\":\"10\"}},{\"@type\":\"Person\",\"@id\":\"https:\/\/dicodusport.fr\/blog\/#\/schema\/person\/cb02af4c173ce4a653b55e9baf388d4a\",\"name\":\"Flo Ostermann\",\"image\":{\"@type\":\"ImageObject\",\"inLanguage\":\"fr-FR\",\"@id\":\"https:\/\/dicodusport.fr\/blog\/#\/schema\/person\/image\/\",\"url\":\"https:\/\/dicodusport.fr\/blog\/wp-content\/uploads\/2021\/05\/Flo-Ostermann-150x150.jpg\",\"contentUrl\":\"https:\/\/dicodusport.fr\/blog\/wp-content\/uploads\/2021\/05\/Flo-Ostermann-150x150.jpg\",\"caption\":\"Flo Ostermann\"},\"description\":\"Journaliste\/R\u00e9dacteur depuis septembre 2015 - Mes premiers souvenirs dans le sport ? Les envol\u00e9es du Stade Toulousain et les duels Villeneuve-Schumacher et H\u00e4kkinen-Schumacher \u00e0 la fin des ann\u00e9es 90, la Coupe du monde de football en 1998, l\u2019exploit du XV de France face aux All Blacks en 1999, mais aussi Richard C\u0153ur de Lion qui vole sur les montagnes du Tour de France. Bien parti pour devenir professeur d\u2019EPS, les \u00e9v\u00e9nements de la vie (et la flemme d\u2019animer des s\u00e9ances de 3x500 m\u00e8tres toute ma vie) m\u2019ont conduit \u00e0 revoir mes plans. Me voil\u00e0 depuis fin 2017 sur Dicodusport, m\u00e9dia gr\u00e2ce (et pour) lequel je partage ma passion : le sport dans tous ses \u00e9tats. Le tout accompagn\u00e9 par les fous furieux et folles furieuses cit\u00e9s sur cette page !\",\"sameAs\":[\"https:\/\/www.facebook.com\/florent.ostermann\",\"https:\/\/x.com\/https:\/\/twitter.com\/FlOstermann\",\"admin\"],\"url\":\"https:\/\/dicodusport.fr\/blog\/author\/flo\/\"}]}<\/script>\n<!-- \/ Yoast SEO Premium plugin. -->","yoast_head_json":{"title":"La France qualifi\u00e9e en quarts de finale de la Coupe du monde de rugby si...","description":"XV DE FRANCE - Les sc\u00e9narios d'une qualification des Bleus en quarts de finale de la Coupe du monde de rugby 2023.","robots":{"index":"index","follow":"follow","max-snippet":"max-snippet:-1","max-image-preview":"max-image-preview:large","max-video-preview":"max-video-preview:-1"},"canonical":"https:\/\/dicodusport.fr\/blog\/xv-de-france-les-bleus-qualifies-en-quarts-de-finale-si\/","og_locale":"fr_FR","og_type":"article","og_title":"La France qualifi\u00e9e en quarts de finale de la Coupe du monde de rugby si...","og_description":"XV DE FRANCE - Les sc\u00e9narios d'une qualification des Bleus en quarts de finale de la Coupe du monde de rugby 2023.","og_url":"https:\/\/dicodusport.fr\/blog\/xv-de-france-les-bleus-qualifies-en-quarts-de-finale-si\/","og_site_name":"Dicodusport","article_publisher":"https:\/\/www.facebook.com\/dicodusport","article_author":"https:\/\/www.facebook.com\/florent.ostermann","article_published_time":"2023-10-06T15:35:38+00:00","og_image":[{"width":800,"height":445,"url":"https:\/\/dicodusport.fr\/blog\/wp-content\/uploads\/2023\/10\/XV-de-France-Les-Bleus-qualifies-en-quarts-de-finale-si.png","type":"image\/png"}],"author":"Flo Ostermann","twitter_card":"summary_large_image","twitter_title":"La France qualifi\u00e9e en quarts de finale de la Coupe du monde de rugby si...","twitter_creator":"@https:\/\/twitter.com\/FlOstermann","twitter_site":"@dicodusport","schema":{"@context":"https:\/\/schema.org","@graph":[{"@type":"NewsArticle","@id":"https:\/\/dicodusport.fr\/blog\/xv-de-france-les-bleus-qualifies-en-quarts-de-finale-si\/#article","isPartOf":{"@id":"https:\/\/dicodusport.fr\/blog\/xv-de-france-les-bleus-qualifies-en-quarts-de-finale-si\/"},"author":{"name":"Flo Ostermann","@id":"https:\/\/dicodusport.fr\/blog\/#\/schema\/person\/cb02af4c173ce4a653b55e9baf388d4a"},"headline":"La France qualifi\u00e9e en quarts de finale de la Coupe du monde de rugby si&#8230;","datePublished":"2023-10-06T15:35:38+00:00","mainEntityOfPage":{"@id":"https:\/\/dicodusport.fr\/blog\/xv-de-france-les-bleus-qualifies-en-quarts-de-finale-si\/"},"wordCount":402,"commentCount":0,"publisher":{"@id":"https:\/\/dicodusport.fr\/blog\/#organization"},"image":{"@id":"https:\/\/dicodusport.fr\/blog\/xv-de-france-les-bleus-qualifies-en-quarts-de-finale-si\/#primaryimage"},"thumbnailUrl":"https:\/\/dicodusport.fr\/blog\/wp-content\/uploads\/2023\/10\/XV-de-France-Les-Bleus-qualifies-en-quarts-de-finale-si.png","keywords":["br\u00e8ve","sport","XV de France"],"articleSection":["Coupe du monde de rugby","Rugby \u00e0 XV","XV de France"],"inLanguage":"fr-FR","potentialAction":[{"@type":"CommentAction","name":"Comment","target":["https:\/\/dicodusport.fr\/blog\/xv-de-france-les-bleus-qualifies-en-quarts-de-finale-si\/#respond"]}],"copyrightYear":"2023","copyrightHolder":{"@id":"https:\/\/dicodusport.fr\/blog\/#organization"}},{"@type":"WebPage","@id":"https:\/\/dicodusport.fr\/blog\/xv-de-france-les-bleus-qualifies-en-quarts-de-finale-si\/","url":"https:\/\/dicodusport.fr\/blog\/xv-de-france-les-bleus-qualifies-en-quarts-de-finale-si\/","name":"La France qualifi\u00e9e en quarts de finale de la Coupe du monde de rugby si...","isPartOf":{"@id":"https:\/\/dicodusport.fr\/blog\/#website"},"primaryImageOfPage":{"@id":"https:\/\/dicodusport.fr\/blog\/xv-de-france-les-bleus-qualifies-en-quarts-de-finale-si\/#primaryimage"},"image":{"@id":"https:\/\/dicodusport.fr\/blog\/xv-de-france-les-bleus-qualifies-en-quarts-de-finale-si\/#primaryimage"},"thumbnailUrl":"https:\/\/dicodusport.fr\/blog\/wp-content\/uploads\/2023\/10\/XV-de-France-Les-Bleus-qualifies-en-quarts-de-finale-si.png","datePublished":"2023-10-06T15:35:38+00:00","description":"XV DE FRANCE - Les sc\u00e9narios d'une qualification des Bleus en quarts de finale de la Coupe du monde de rugby 2023.","breadcrumb":{"@id":"https:\/\/dicodusport.fr\/blog\/xv-de-france-les-bleus-qualifies-en-quarts-de-finale-si\/#breadcrumb"},"inLanguage":"fr-FR","potentialAction":[{"@type":"ReadAction","target":["https:\/\/dicodusport.fr\/blog\/xv-de-france-les-bleus-qualifies-en-quarts-de-finale-si\/"]}]},{"@type":"ImageObject","inLanguage":"fr-FR","@id":"https:\/\/dicodusport.fr\/blog\/xv-de-france-les-bleus-qualifies-en-quarts-de-finale-si\/#primaryimage","url":"https:\/\/dicodusport.fr\/blog\/wp-content\/uploads\/2023\/10\/XV-de-France-Les-Bleus-qualifies-en-quarts-de-finale-si.png","contentUrl":"https:\/\/dicodusport.fr\/blog\/wp-content\/uploads\/2023\/10\/XV-de-France-Les-Bleus-qualifies-en-quarts-de-finale-si.png","width":800,"height":445,"caption":"XV de France Les Bleus qualifi\u00e9s en quarts de finale si..."},{"@type":"BreadcrumbList","@id":"https:\/\/dicodusport.fr\/blog\/xv-de-france-les-bleus-qualifies-en-quarts-de-finale-si\/#breadcrumb","itemListElement":[{"@type":"ListItem","position":1,"name":"Accueil","item":"https:\/\/dicodusport.fr\/blog\/"},{"@type":"ListItem","position":2,"name":"La France qualifi\u00e9e en quarts de finale de la Coupe du monde de rugby si&#8230;"}]},{"@type":"WebSite","@id":"https:\/\/dicodusport.fr\/blog\/#website","url":"https:\/\/dicodusport.fr\/blog\/","name":"Dicodusport","description":"L&#039;encyclop\u00e9die de l&#039;actualit\u00e9 sportive","publisher":{"@id":"https:\/\/dicodusport.fr\/blog\/#organization"},"potentialAction":[{"@type":"SearchAction","target":{"@type":"EntryPoint","urlTemplate":"https:\/\/dicodusport.fr\/blog\/?s={search_term_string}"},"query-input":{"@type":"PropertyValueSpecification","valueRequired":true,"valueName":"search_term_string"}}],"inLanguage":"fr-FR"},{"@type":"NewsMediaOrganization","@id":"https:\/\/dicodusport.fr\/blog\/#organization","name":"Dicodusport","url":"https:\/\/dicodusport.fr\/blog\/","logo":{"@type":"ImageObject","inLanguage":"fr-FR","@id":"https:\/\/dicodusport.fr\/blog\/#\/schema\/logo\/image\/","url":"https:\/\/dicodusport.fr\/blog\/wp-content\/uploads\/2020\/06\/cropped-LOGO-DICODUSPORT-2020-SANS-FOND-SANS-TEXTE.png","contentUrl":"https:\/\/dicodusport.fr\/blog\/wp-content\/uploads\/2020\/06\/cropped-LOGO-DICODUSPORT-2020-SANS-FOND-SANS-TEXTE.png","width":512,"height":512,"caption":"Dicodusport"},"image":{"@id":"https:\/\/dicodusport.fr\/blog\/#\/schema\/logo\/image\/"},"sameAs":["https:\/\/www.facebook.com\/dicodusport","https:\/\/x.com\/dicodusport","https:\/\/www.instagram.com\/dicodusport\/","https:\/\/www.youtube.com\/channel\/UC7V2KZ5sd3htJivAbA4ZG3w"],"description":"Dicodusport est l'encyclop\u00e9die de l'actualit\u00e9 sportive.","email":"bonjour@dicodusport.fr","legalName":"DICODUSPORT","foundingDate":"2018-01-14","vatID":"FR71834470973","taxID":"83447097300043","numberOfEmployees":{"@type":"QuantitativeValue","minValue":"1","maxValue":"10"}},{"@type":"Person","@id":"https:\/\/dicodusport.fr\/blog\/#\/schema\/person\/cb02af4c173ce4a653b55e9baf388d4a","name":"Flo Ostermann","image":{"@type":"ImageObject","inLanguage":"fr-FR","@id":"https:\/\/dicodusport.fr\/blog\/#\/schema\/person\/image\/","url":"https:\/\/dicodusport.fr\/blog\/wp-content\/uploads\/2021\/05\/Flo-Ostermann-150x150.jpg","contentUrl":"https:\/\/dicodusport.fr\/blog\/wp-content\/uploads\/2021\/05\/Flo-Ostermann-150x150.jpg","caption":"Flo Ostermann"},"description":"Journaliste\/R\u00e9dacteur depuis septembre 2015 - Mes premiers souvenirs dans le sport ? Les envol\u00e9es du Stade Toulousain et les duels Villeneuve-Schumacher et H\u00e4kkinen-Schumacher \u00e0 la fin des ann\u00e9es 90, la Coupe du monde de football en 1998, l\u2019exploit du XV de France face aux All Blacks en 1999, mais aussi Richard C\u0153ur de Lion qui vole sur les montagnes du Tour de France. Bien parti pour devenir professeur d\u2019EPS, les \u00e9v\u00e9nements de la vie (et la flemme d\u2019animer des s\u00e9ances de 3x500 m\u00e8tres toute ma vie) m\u2019ont conduit \u00e0 revoir mes plans. Me voil\u00e0 depuis fin 2017 sur Dicodusport, m\u00e9dia gr\u00e2ce (et pour) lequel je partage ma passion : le sport dans tous ses \u00e9tats. Le tout accompagn\u00e9 par les fous furieux et folles furieuses cit\u00e9s sur cette page !","sameAs":["https:\/\/www.facebook.com\/florent.ostermann","https:\/\/x.com\/https:\/\/twitter.com\/FlOstermann","admin"],"url":"https:\/\/dicodusport.fr\/blog\/author\/flo\/"}]}},"_links":{"self":[{"href":"https:\/\/dicodusport.fr\/blog\/wp-json\/wp\/v2\/posts\/424894","targetHints":{"allow":["GET"]}}],"collection":[{"href":"https:\/\/dicodusport.fr\/blog\/wp-json\/wp\/v2\/posts"}],"about":[{"href":"https:\/\/dicodusport.fr\/blog\/wp-json\/wp\/v2\/types\/post"}],"author":[{"embeddable":true,"href":"https:\/\/dicodusport.fr\/blog\/wp-json\/wp\/v2\/users\/4"}],"replies":[{"embeddable":true,"href":"https:\/\/dicodusport.fr\/blog\/wp-json\/wp\/v2\/comments?post=424894"}],"version-history":[{"count":0,"href":"https:\/\/dicodusport.fr\/blog\/wp-json\/wp\/v2\/posts\/424894\/revisions"}],"wp:featuredmedia":[{"embeddable":true,"href":"https:\/\/dicodusport.fr\/blog\/wp-json\/wp\/v2\/media\/424908"}],"wp:attachment":[{"href":"https:\/\/dicodusport.fr\/blog\/wp-json\/wp\/v2\/media?parent=424894"}],"wp:term":[{"taxonomy":"category","embeddable":true,"href":"https:\/\/dicodusport.fr\/blog\/wp-json\/wp\/v2\/categories?post=424894"},{"taxonomy":"post_tag","embeddable":true,"href":"https:\/\/dicodusport.fr\/blog\/wp-json\/wp\/v2\/tags?post=424894"}],"curies":[{"name":"wp","href":"https:\/\/api.w.org\/{rel}","templated":true}]}}