{"id":42499,"date":"2019-07-04T18:26:07","date_gmt":"2019-07-04T16:26:07","guid":{"rendered":"http:\/\/dicodusport.fr\/blog\/?p=42499"},"modified":"2019-07-05T07:54:00","modified_gmt":"2019-07-05T05:54:00","slug":"tour-de-france-2019-nos-favoris-pour-le-maillot-blanc","status":"publish","type":"post","link":"https:\/\/dicodusport.fr\/blog\/tour-de-france-2019-nos-favoris-pour-le-maillot-blanc\/","title":{"rendered":"Tour de France 2019 : nos favoris pour le maillot blanc"},"content":{"rendered":"<p style=\"text-align: justify;\"><em><strong>Le 106\u00e8me Tour de France d\u00e9bute ce samedi 6 juillet \u00e0 Bruxelles. Voici nos cinq favoris pour d\u00e9crocher le maillot blanc de meilleur jeune.<\/strong><\/em><\/p>\n<h1 style=\"text-align: justify;\">Egan Bernal &#8211; Ineos<\/h1>\n<div id=\"attachment_42503\" style=\"width: 810px\" class=\"wp-caption aligncenter\"><img loading=\"lazy\" decoding=\"async\" aria-describedby=\"caption-attachment-42503\" class=\"wp-image-42503 size-full\" src=\"http:\/\/dicodusport.fr\/blog\/wp-content\/uploads\/2019\/07\/Egan-Bernal-Getty-Images.png\" alt=\"\" width=\"800\" height=\"445\" srcset=\"https:\/\/dicodusport.fr\/blog\/wp-content\/uploads\/2019\/07\/Egan-Bernal-Getty-Images.png 800w, https:\/\/dicodusport.fr\/blog\/wp-content\/uploads\/2019\/07\/Egan-Bernal-Getty-Images-300x167.png 300w, https:\/\/dicodusport.fr\/blog\/wp-content\/uploads\/2019\/07\/Egan-Bernal-Getty-Images-768x427.png 768w\" sizes=\"auto, (max-width: 800px) 100vw, 800px\" \/><p id=\"caption-attachment-42503\" class=\"wp-caption-text\">Egan Bernal &#8211; Getty Images<\/p><\/div>\n<p style=\"text-align: justify;\">A la r\u00e9guli\u00e8re, peut-il \u00eatre battu ? Non, tant <a href=\"https:\/\/www.procyclingstats.com\/rider\/egan-bernal\" target=\"_blank\" rel=\"noopener\"><strong>Egan Bernal<\/strong><\/a> a montr\u00e9 qu&rsquo;il pouvait d\u00e9j\u00e0 pr\u00e9tendre au maillot jaune. Les deux seuls cas de figure o\u00f9 il pourrait ne pas gagner ce maillot ? Sur un fait de course ou si la bagarre pour le jaune fait rage et qu&rsquo;il doit compl\u00e8tement se sacrifier pour Geraint Thomas.<\/p>\n<p style=\"text-align: center;\"><a href=\"http:\/\/dicodusport.fr\/blog\/tour-de-france-2019-nos-favoris-pour-le-maillot-blanc\/2\/#deux\" class=\"su-button su-button-style-flat\" style=\"color:#FFFFFF;background-color:#005f9b;border-color:#004c7c;border-radius:4px\" target=\"_self\"><span style=\"color:#FFFFFF;padding:0px 20px;font-size:16px;line-height:32px;border-color:#4d8fb9;border-radius:4px;text-shadow:none\"> Suivant<\/span><\/a><!--nextpage--><\/p>\n<h1 style=\"text-align: justify;\"><a id=\"deux\"><\/a>David Gaudu &#8211; Groupama-FDJ<\/h1>\n<div id=\"attachment_42502\" style=\"width: 810px\" class=\"wp-caption aligncenter\"><img loading=\"lazy\" decoding=\"async\" aria-describedby=\"caption-attachment-42502\" class=\"wp-image-42502 size-full\" src=\"http:\/\/dicodusport.fr\/blog\/wp-content\/uploads\/2019\/07\/David-Gaudu-AFP.png\" alt=\"\" width=\"800\" height=\"445\" srcset=\"https:\/\/dicodusport.fr\/blog\/wp-content\/uploads\/2019\/07\/David-Gaudu-AFP.png 800w, https:\/\/dicodusport.fr\/blog\/wp-content\/uploads\/2019\/07\/David-Gaudu-AFP-300x167.png 300w, https:\/\/dicodusport.fr\/blog\/wp-content\/uploads\/2019\/07\/David-Gaudu-AFP-768x427.png 768w\" sizes=\"auto, (max-width: 800px) 100vw, 800px\" \/><p id=\"caption-attachment-42502\" class=\"wp-caption-text\">David Gaudu &#8211; AFP<\/p><\/div>\n<p style=\"text-align: justify;\">Beaucoup de progr\u00e8s ces derniers mois pour le jeune breton. On l&rsquo;a vu briller sur Li\u00e8ge-Bastogne-Li\u00e8ge et le Tour de Romandie, sur lequel il a enlev\u00e9 une \u00e9tape en costaud et le maillot de meilleur jeune. <a href=\"https:\/\/www.procyclingstats.com\/rider.php?id=181748\" target=\"_blank\" rel=\"noopener\"><strong>David Gaudu<\/strong><\/a> sera un \u00e9quipier pour <strong>Thibaut Pinot<\/strong>, mais devrait aussi pouvoir jouer sa carte \u00e0 fond pour le maillot blanc et se tester sur trois semaines.<\/p>\n<p style=\"text-align: center;\"><a href=\"http:\/\/dicodusport.fr\/blog\/tour-de-france-2019-nos-favoris-pour-le-maillot-blanc\/3\/#trois\" class=\"su-button su-button-style-flat\" style=\"color:#FFFFFF;background-color:#005f9b;border-color:#004c7c;border-radius:4px\" target=\"_self\"><span style=\"color:#FFFFFF;padding:0px 20px;font-size:16px;line-height:32px;border-color:#4d8fb9;border-radius:4px;text-shadow:none\"> Suivant<\/span><\/a>\n<p><!--nextpage--><\/p>\n<h1 style=\"text-align: justify;\"><a id=\"trois\"><\/a>Enric Mas &#8211; Deceuninck &#8211; Quick-Step<\/h1>\n<div id=\"attachment_42504\" style=\"width: 810px\" class=\"wp-caption aligncenter\"><img loading=\"lazy\" decoding=\"async\" aria-describedby=\"caption-attachment-42504\" class=\"wp-image-42504 size-full\" src=\"http:\/\/dicodusport.fr\/blog\/wp-content\/uploads\/2019\/07\/Enric-Mas-Marca.png\" alt=\"\" width=\"800\" height=\"445\" srcset=\"https:\/\/dicodusport.fr\/blog\/wp-content\/uploads\/2019\/07\/Enric-Mas-Marca.png 800w, https:\/\/dicodusport.fr\/blog\/wp-content\/uploads\/2019\/07\/Enric-Mas-Marca-300x167.png 300w, https:\/\/dicodusport.fr\/blog\/wp-content\/uploads\/2019\/07\/Enric-Mas-Marca-768x427.png 768w\" sizes=\"auto, (max-width: 800px) 100vw, 800px\" \/><p id=\"caption-attachment-42504\" class=\"wp-caption-text\">Enric Mas &#8211; Marca<\/p><\/div>\n<p style=\"text-align: justify;\">Deuxi\u00e8me et meilleur jeune de la Vuelta 2018, <a href=\"https:\/\/www.procyclingstats.com\/rider.php?id=168760\" target=\"_blank\" rel=\"noopener\"><strong>Enric Mas<\/strong><\/a> est peut-\u00eatre le mieux arm\u00e9 intrins\u00e8quement pour titiller <strong>Egan Bernal<\/strong>, m\u00eame s&rsquo;il a montr\u00e9 de l&rsquo;inconstance sur le dernier Tour de Suisse. Avec deux autres leaders dans son \u00e9quipe, <strong>Julian Alaphilippe<\/strong> et <strong>Elia Viviani<\/strong>, pas s\u00fbr qu&rsquo;il ait beaucoup de soutien en montagne.<\/p>\n<p style=\"text-align: center;\"><a href=\"http:\/\/dicodusport.fr\/blog\/tour-de-france-2019-nos-favoris-pour-le-maillot-blanc\/4\/#quatre\" class=\"su-button su-button-style-flat\" style=\"color:#FFFFFF;background-color:#005f9b;border-color:#004c7c;border-radius:4px\" target=\"_self\"><span style=\"color:#FFFFFF;padding:0px 20px;font-size:16px;line-height:32px;border-color:#4d8fb9;border-radius:4px;text-shadow:none\"> Suivant<\/span><\/a>\n<p><!--nextpage--><\/p>\n<h1 style=\"text-align: justify;\"><a id=\"quatre\"><\/a>Tiesj Benoot &#8211; Lotto-Soudal<\/h1>\n<div id=\"attachment_36342\" style=\"width: 810px\" class=\"wp-caption aligncenter\"><img loading=\"lazy\" decoding=\"async\" aria-describedby=\"caption-attachment-36342\" class=\"wp-image-36342 size-full\" src=\"http:\/\/dicodusport.fr\/blog\/wp-content\/uploads\/2019\/04\/Tiesj-Benoot-Belga.png\" alt=\"\" width=\"800\" height=\"445\" srcset=\"https:\/\/dicodusport.fr\/blog\/wp-content\/uploads\/2019\/04\/Tiesj-Benoot-Belga.png 800w, https:\/\/dicodusport.fr\/blog\/wp-content\/uploads\/2019\/04\/Tiesj-Benoot-Belga-300x167.png 300w, https:\/\/dicodusport.fr\/blog\/wp-content\/uploads\/2019\/04\/Tiesj-Benoot-Belga-768x427.png 768w\" sizes=\"auto, (max-width: 800px) 100vw, 800px\" \/><p id=\"caption-attachment-36342\" class=\"wp-caption-text\">Tiesj Benoot &#8211; Belga<\/p><\/div>\n<p style=\"text-align: justify;\">Contraint \u00e0 l&rsquo;abandon en d\u00e9but de Tour en 2018, <a href=\"https:\/\/www.procyclingstats.com\/rider.php?id=153344\" target=\"_blank\" rel=\"noopener\"><strong>Tiesj Benoot<\/strong><\/a> nous doit une revanche. S&rsquo;il vit une saison 2019 un peu plus compliqu\u00e9e que la pr\u00e9c\u00e9dente, ses derni\u00e8res sorties montrent qu&rsquo;il est sur la bonne voie, avec de bonnes sensations en montagne sur le dernier Tour de Suisse. La question est de savoir quel sera son objectif sur les trois semaines. Une \u00e9tape ou le g\u00e9n\u00e9ral ?<\/p>\n<p style=\"text-align: center;\"><a href=\"http:\/\/dicodusport.fr\/blog\/tour-de-france-2019-nos-favoris-pour-le-maillot-blanc\/5\/#cinq\" class=\"su-button su-button-style-flat\" style=\"color:#FFFFFF;background-color:#005f9b;border-color:#004c7c;border-radius:4px\" target=\"_self\"><span style=\"color:#FFFFFF;padding:0px 20px;font-size:16px;line-height:32px;border-color:#4d8fb9;border-radius:4px;text-shadow:none\"> Suivant<\/span><\/a>\n<p><!--nextpage--><\/p>\n<h1 style=\"text-align: justify;\"><a id=\"cinq\"><\/a>Laurens De Plus &#8211; Jumbo-Visma<\/h1>\n<div id=\"attachment_42505\" style=\"width: 810px\" class=\"wp-caption aligncenter\"><img loading=\"lazy\" decoding=\"async\" aria-describedby=\"caption-attachment-42505\" class=\"wp-image-42505 size-full\" src=\"http:\/\/dicodusport.fr\/blog\/wp-content\/uploads\/2019\/07\/Laurens-De-Plus-WielerFlits.png\" alt=\"\" width=\"800\" height=\"445\" srcset=\"https:\/\/dicodusport.fr\/blog\/wp-content\/uploads\/2019\/07\/Laurens-De-Plus-WielerFlits.png 800w, https:\/\/dicodusport.fr\/blog\/wp-content\/uploads\/2019\/07\/Laurens-De-Plus-WielerFlits-300x167.png 300w, https:\/\/dicodusport.fr\/blog\/wp-content\/uploads\/2019\/07\/Laurens-De-Plus-WielerFlits-768x427.png 768w\" sizes=\"auto, (max-width: 800px) 100vw, 800px\" \/><p id=\"caption-attachment-42505\" class=\"wp-caption-text\">Laurens De Plus &#8211; WielerFlits<\/p><\/div>\n<p style=\"text-align: justify;\">Le jeune coureur belge est arriv\u00e9 chez Jumbo-Visma cette saison. <a href=\"https:\/\/www.procyclingstats.com\/rider.php?id=170003\" target=\"_blank\" rel=\"noopener\"><strong>Laurens De Plus<\/strong><\/a> est celui qui a le moins de r\u00e9f\u00e9rences au haut niveau et sur des Grands Tours. Tr\u00e8s bon dans l&rsquo;exercice du contre-la-montre, il a prouv\u00e9 qu&rsquo;il savait aussi grimper. C&rsquo;est la grosse cote pour ce classement du meilleur jeune.<\/p>\n<p style=\"text-align: center;\"><a href=\"http:\/\/dicodusport.fr\/blog\/tour-de-france-2019-nos-favoris-pour-le-maillot-blanc\/\" class=\"su-button su-button-style-flat\" style=\"color:#FFFFFF;background-color:#005f9b;border-color:#004c7c;border-radius:4px\" target=\"_self\"><span style=\"color:#FFFFFF;padding:0px 20px;font-size:16px;line-height:32px;border-color:#4d8fb9;border-radius:4px;text-shadow:none\"> Revenir au d\u00e9but<\/span><\/a>\n<p><strong><em>Dicodusport<br \/>\n<a href=\"https:\/\/www.facebook.com\/dicodusport\/\" target=\"_blank\" rel=\"noopener\"><img loading=\"lazy\" decoding=\"async\" class=\"alignnone wp-image-2909\" src=\"http:\/\/dicodusport.fr\/blog\/wp-content\/uploads\/2017\/07\/logo-facebook-150x150.png\" sizes=\"auto, (max-width: 40px) 100vw, 40px\" srcset=\"https:\/\/dicodusport.fr\/blog\/wp-content\/uploads\/2017\/07\/logo-facebook-150x150.png 150w, https:\/\/dicodusport.fr\/blog\/wp-content\/uploads\/2017\/07\/logo-facebook-300x300.png 300w, https:\/\/dicodusport.fr\/blog\/wp-content\/uploads\/2017\/07\/logo-facebook.png 400w\" alt=\"\" width=\"40\" height=\"40\" \/><\/a><a href=\"https:\/\/twitter.com\/dicodusport\" target=\"_blank\" rel=\"noopener\"><img loading=\"lazy\" decoding=\"async\" class=\"alignnone wp-image-2908\" src=\"http:\/\/dicodusport.fr\/blog\/wp-content\/uploads\/2017\/07\/logo-twitter-150x150.png\" alt=\"\" width=\"39\" height=\"39\" \/><\/a><\/em><\/strong><\/p>\n","protected":false},"excerpt":{"rendered":"<p>Le 106\u00e8me Tour de France d\u00e9bute ce samedi 6 juillet \u00e0 Bruxelles. Voici nos cinq favoris pour d\u00e9crocher le maillot blanc de meilleur jeune.<\/p>\n","protected":false},"author":4,"featured_media":42510,"comment_status":"open","ping_status":"closed","sticky":false,"template":"","format":"standard","meta":{"_acf_changed":false,"_daextam_enable_autolinks":"","footnotes":""},"categories":[2,2307],"tags":[5358,8212,1262],"class_list":["post-42499","post","type-post","status-publish","format-standard","has-post-thumbnail","hentry","category-actualites","category-cyclisme","tag-maillot-blanc","tag-tdf","tag-tour-de-france"],"acf":[],"yoast_head":"<!-- This site is optimized with the Yoast SEO Premium plugin v26.7 (Yoast SEO v26.7) - https:\/\/yoast.com\/wordpress\/plugins\/seo\/ -->\n<title>Tour de France 2019 : nos favoris pour le maillot blanc<\/title>\n<meta name=\"description\" content=\"Le 106\u00e8me Tour de France d\u00e9bute ce samedi 6 juillet \u00e0 Bruxelles. Voici nos cinq favoris pour d\u00e9crocher le maillot blanc de meilleur jeune.\" \/>\n<meta name=\"robots\" content=\"index, follow, max-snippet:-1, max-image-preview:large, max-video-preview:-1\" \/>\n<link rel=\"canonical\" href=\"https:\/\/dicodusport.fr\/blog\/tour-de-france-2019-nos-favoris-pour-le-maillot-blanc\/\" \/>\n<link rel=\"next\" href=\"https:\/\/dicodusport.fr\/blog\/tour-de-france-2019-nos-favoris-pour-le-maillot-blanc\/2\/\" \/>\n<meta property=\"og:locale\" content=\"fr_FR\" \/>\n<meta property=\"og:type\" content=\"article\" \/>\n<meta property=\"og:title\" content=\"Tour de France 2019 : nos 5 favoris pour le maillot blanc\" \/>\n<meta property=\"og:description\" content=\"Le 106\u00e8me Tour de France d\u00e9bute ce samedi 6 juillet \u00e0 Bruxelles. Voici nos cinq favoris pour d\u00e9crocher le maillot blanc de meilleur jeune.\" \/>\n<meta property=\"og:url\" content=\"https:\/\/dicodusport.fr\/blog\/tour-de-france-2019-nos-favoris-pour-le-maillot-blanc\/\" \/>\n<meta property=\"og:site_name\" content=\"Dicodusport\" \/>\n<meta property=\"article:publisher\" content=\"https:\/\/www.facebook.com\/dicodusport\" \/>\n<meta property=\"article:author\" content=\"https:\/\/www.facebook.com\/florent.ostermann\" \/>\n<meta property=\"article:published_time\" content=\"2019-07-04T16:26:07+00:00\" \/>\n<meta property=\"article:modified_time\" content=\"2019-07-05T05:54:00+00:00\" \/>\n<meta property=\"og:image\" content=\"https:\/\/dicodusport.fr\/blog\/wp-content\/uploads\/2019\/07\/Maillot-blanc-Tour-de-France-2019.png\" \/>\n\t<meta property=\"og:image:width\" content=\"800\" \/>\n\t<meta property=\"og:image:height\" content=\"445\" \/>\n\t<meta property=\"og:image:type\" content=\"image\/png\" \/>\n<meta name=\"author\" content=\"Flo Ostermann\" \/>\n<meta name=\"twitter:card\" content=\"summary_large_image\" \/>\n<meta name=\"twitter:title\" content=\"Tour de France 2019 : nos 5 favoris pour le maillot blanc\" \/>\n<meta name=\"twitter:creator\" content=\"@https:\/\/twitter.com\/FlOstermann\" \/>\n<meta name=\"twitter:site\" content=\"@dicodusport\" \/>\n<script type=\"application\/ld+json\" class=\"yoast-schema-graph\">{\"@context\":\"https:\/\/schema.org\",\"@graph\":[{\"@type\":\"NewsArticle\",\"@id\":\"https:\/\/dicodusport.fr\/blog\/tour-de-france-2019-nos-favoris-pour-le-maillot-blanc\/#article\",\"isPartOf\":{\"@id\":\"https:\/\/dicodusport.fr\/blog\/tour-de-france-2019-nos-favoris-pour-le-maillot-blanc\/\"},\"author\":{\"name\":\"Flo Ostermann\",\"@id\":\"https:\/\/dicodusport.fr\/blog\/#\/schema\/person\/cb02af4c173ce4a653b55e9baf388d4a\"},\"headline\":\"Tour de France 2019 : nos favoris pour le maillot blanc\",\"datePublished\":\"2019-07-04T16:26:07+00:00\",\"dateModified\":\"2019-07-05T05:54:00+00:00\",\"mainEntityOfPage\":{\"@id\":\"https:\/\/dicodusport.fr\/blog\/tour-de-france-2019-nos-favoris-pour-le-maillot-blanc\/\"},\"wordCount\":537,\"commentCount\":0,\"publisher\":{\"@id\":\"https:\/\/dicodusport.fr\/blog\/#organization\"},\"image\":{\"@id\":\"https:\/\/dicodusport.fr\/blog\/tour-de-france-2019-nos-favoris-pour-le-maillot-blanc\/#primaryimage\"},\"thumbnailUrl\":\"https:\/\/dicodusport.fr\/blog\/wp-content\/uploads\/2019\/07\/Maillot-blanc-Tour-de-France-2019.png\",\"keywords\":[\"Maillot Blanc\",\"TDF\",\"Tour de France\"],\"articleSection\":[\"Actualit\u00e9s\",\"Cyclisme\"],\"inLanguage\":\"fr-FR\",\"potentialAction\":[{\"@type\":\"CommentAction\",\"name\":\"Comment\",\"target\":[\"https:\/\/dicodusport.fr\/blog\/tour-de-france-2019-nos-favoris-pour-le-maillot-blanc\/#respond\"]}],\"copyrightYear\":\"2019\",\"copyrightHolder\":{\"@id\":\"https:\/\/dicodusport.fr\/blog\/#organization\"}},{\"@type\":\"WebPage\",\"@id\":\"https:\/\/dicodusport.fr\/blog\/tour-de-france-2019-nos-favoris-pour-le-maillot-blanc\/\",\"url\":\"https:\/\/dicodusport.fr\/blog\/tour-de-france-2019-nos-favoris-pour-le-maillot-blanc\/\",\"name\":\"Tour de France 2019 : nos favoris pour le maillot blanc\",\"isPartOf\":{\"@id\":\"https:\/\/dicodusport.fr\/blog\/#website\"},\"primaryImageOfPage\":{\"@id\":\"https:\/\/dicodusport.fr\/blog\/tour-de-france-2019-nos-favoris-pour-le-maillot-blanc\/#primaryimage\"},\"image\":{\"@id\":\"https:\/\/dicodusport.fr\/blog\/tour-de-france-2019-nos-favoris-pour-le-maillot-blanc\/#primaryimage\"},\"thumbnailUrl\":\"https:\/\/dicodusport.fr\/blog\/wp-content\/uploads\/2019\/07\/Maillot-blanc-Tour-de-France-2019.png\",\"datePublished\":\"2019-07-04T16:26:07+00:00\",\"dateModified\":\"2019-07-05T05:54:00+00:00\",\"description\":\"Le 106\u00e8me Tour de France d\u00e9bute ce samedi 6 juillet \u00e0 Bruxelles. Voici nos cinq favoris pour d\u00e9crocher le maillot blanc de meilleur jeune.\",\"inLanguage\":\"fr-FR\",\"potentialAction\":[{\"@type\":\"ReadAction\",\"target\":[\"https:\/\/dicodusport.fr\/blog\/tour-de-france-2019-nos-favoris-pour-le-maillot-blanc\/\"]}]},{\"@type\":\"ImageObject\",\"inLanguage\":\"fr-FR\",\"@id\":\"https:\/\/dicodusport.fr\/blog\/tour-de-france-2019-nos-favoris-pour-le-maillot-blanc\/#primaryimage\",\"url\":\"https:\/\/dicodusport.fr\/blog\/wp-content\/uploads\/2019\/07\/Maillot-blanc-Tour-de-France-2019.png\",\"contentUrl\":\"https:\/\/dicodusport.fr\/blog\/wp-content\/uploads\/2019\/07\/Maillot-blanc-Tour-de-France-2019.png\",\"width\":800,\"height\":445},{\"@type\":\"WebSite\",\"@id\":\"https:\/\/dicodusport.fr\/blog\/#website\",\"url\":\"https:\/\/dicodusport.fr\/blog\/\",\"name\":\"Dicodusport\",\"description\":\"L&#039;encyclop\u00e9die de l&#039;actualit\u00e9 sportive\",\"publisher\":{\"@id\":\"https:\/\/dicodusport.fr\/blog\/#organization\"},\"potentialAction\":[{\"@type\":\"SearchAction\",\"target\":{\"@type\":\"EntryPoint\",\"urlTemplate\":\"https:\/\/dicodusport.fr\/blog\/?s={search_term_string}\"},\"query-input\":{\"@type\":\"PropertyValueSpecification\",\"valueRequired\":true,\"valueName\":\"search_term_string\"}}],\"inLanguage\":\"fr-FR\"},{\"@type\":\"NewsMediaOrganization\",\"@id\":\"https:\/\/dicodusport.fr\/blog\/#organization\",\"name\":\"Dicodusport\",\"url\":\"https:\/\/dicodusport.fr\/blog\/\",\"logo\":{\"@type\":\"ImageObject\",\"inLanguage\":\"fr-FR\",\"@id\":\"https:\/\/dicodusport.fr\/blog\/#\/schema\/logo\/image\/\",\"url\":\"https:\/\/dicodusport.fr\/blog\/wp-content\/uploads\/2020\/06\/cropped-LOGO-DICODUSPORT-2020-SANS-FOND-SANS-TEXTE.png\",\"contentUrl\":\"https:\/\/dicodusport.fr\/blog\/wp-content\/uploads\/2020\/06\/cropped-LOGO-DICODUSPORT-2020-SANS-FOND-SANS-TEXTE.png\",\"width\":512,\"height\":512,\"caption\":\"Dicodusport\"},\"image\":{\"@id\":\"https:\/\/dicodusport.fr\/blog\/#\/schema\/logo\/image\/\"},\"sameAs\":[\"https:\/\/www.facebook.com\/dicodusport\",\"https:\/\/x.com\/dicodusport\",\"https:\/\/www.instagram.com\/dicodusport\/\",\"https:\/\/www.youtube.com\/channel\/UC7V2KZ5sd3htJivAbA4ZG3w\"],\"description\":\"Dicodusport est l'encyclop\u00e9die de l'actualit\u00e9 sportive.\",\"email\":\"bonjour@dicodusport.fr\",\"legalName\":\"DICODUSPORT\",\"foundingDate\":\"2018-01-14\",\"vatID\":\"FR71834470973\",\"taxID\":\"83447097300043\",\"numberOfEmployees\":{\"@type\":\"QuantitativeValue\",\"minValue\":\"1\",\"maxValue\":\"10\"}},{\"@type\":\"Person\",\"@id\":\"https:\/\/dicodusport.fr\/blog\/#\/schema\/person\/cb02af4c173ce4a653b55e9baf388d4a\",\"name\":\"Flo Ostermann\",\"image\":{\"@type\":\"ImageObject\",\"inLanguage\":\"fr-FR\",\"@id\":\"https:\/\/dicodusport.fr\/blog\/#\/schema\/person\/image\/\",\"url\":\"https:\/\/dicodusport.fr\/blog\/wp-content\/uploads\/2021\/05\/Flo-Ostermann-150x150.jpg\",\"contentUrl\":\"https:\/\/dicodusport.fr\/blog\/wp-content\/uploads\/2021\/05\/Flo-Ostermann-150x150.jpg\",\"caption\":\"Flo Ostermann\"},\"description\":\"Journaliste\/R\u00e9dacteur depuis septembre 2015 - Mes premiers souvenirs dans le sport ? Les envol\u00e9es du Stade Toulousain et les duels Villeneuve-Schumacher et H\u00e4kkinen-Schumacher \u00e0 la fin des ann\u00e9es 90, la Coupe du monde de football en 1998, l\u2019exploit du XV de France face aux All Blacks en 1999, mais aussi Richard C\u0153ur de Lion qui vole sur les montagnes du Tour de France. Bien parti pour devenir professeur d\u2019EPS, les \u00e9v\u00e9nements de la vie (et la flemme d\u2019animer des s\u00e9ances de 3x500 m\u00e8tres toute ma vie) m\u2019ont conduit \u00e0 revoir mes plans. Me voil\u00e0 depuis fin 2017 sur Dicodusport, m\u00e9dia gr\u00e2ce (et pour) lequel je partage ma passion : le sport dans tous ses \u00e9tats. Le tout accompagn\u00e9 par les fous furieux et folles furieuses cit\u00e9s sur cette page !\",\"sameAs\":[\"https:\/\/www.facebook.com\/florent.ostermann\",\"https:\/\/x.com\/https:\/\/twitter.com\/FlOstermann\",\"admin\"],\"url\":\"https:\/\/dicodusport.fr\/blog\/author\/flo\/\"}]}<\/script>\n<!-- \/ Yoast SEO Premium plugin. -->","yoast_head_json":{"title":"Tour de France 2019 : nos favoris pour le maillot blanc","description":"Le 106\u00e8me Tour de France d\u00e9bute ce samedi 6 juillet \u00e0 Bruxelles. Voici nos cinq favoris pour d\u00e9crocher le maillot blanc de meilleur jeune.","robots":{"index":"index","follow":"follow","max-snippet":"max-snippet:-1","max-image-preview":"max-image-preview:large","max-video-preview":"max-video-preview:-1"},"canonical":"https:\/\/dicodusport.fr\/blog\/tour-de-france-2019-nos-favoris-pour-le-maillot-blanc\/","next":"https:\/\/dicodusport.fr\/blog\/tour-de-france-2019-nos-favoris-pour-le-maillot-blanc\/2\/","og_locale":"fr_FR","og_type":"article","og_title":"Tour de France 2019 : nos 5 favoris pour le maillot blanc","og_description":"Le 106\u00e8me Tour de France d\u00e9bute ce samedi 6 juillet \u00e0 Bruxelles. Voici nos cinq favoris pour d\u00e9crocher le maillot blanc de meilleur jeune.","og_url":"https:\/\/dicodusport.fr\/blog\/tour-de-france-2019-nos-favoris-pour-le-maillot-blanc\/","og_site_name":"Dicodusport","article_publisher":"https:\/\/www.facebook.com\/dicodusport","article_author":"https:\/\/www.facebook.com\/florent.ostermann","article_published_time":"2019-07-04T16:26:07+00:00","article_modified_time":"2019-07-05T05:54:00+00:00","og_image":[{"width":800,"height":445,"url":"https:\/\/dicodusport.fr\/blog\/wp-content\/uploads\/2019\/07\/Maillot-blanc-Tour-de-France-2019.png","type":"image\/png"}],"author":"Flo Ostermann","twitter_card":"summary_large_image","twitter_title":"Tour de France 2019 : nos 5 favoris pour le maillot blanc","twitter_creator":"@https:\/\/twitter.com\/FlOstermann","twitter_site":"@dicodusport","schema":{"@context":"https:\/\/schema.org","@graph":[{"@type":"NewsArticle","@id":"https:\/\/dicodusport.fr\/blog\/tour-de-france-2019-nos-favoris-pour-le-maillot-blanc\/#article","isPartOf":{"@id":"https:\/\/dicodusport.fr\/blog\/tour-de-france-2019-nos-favoris-pour-le-maillot-blanc\/"},"author":{"name":"Flo Ostermann","@id":"https:\/\/dicodusport.fr\/blog\/#\/schema\/person\/cb02af4c173ce4a653b55e9baf388d4a"},"headline":"Tour de France 2019 : nos favoris pour le maillot blanc","datePublished":"2019-07-04T16:26:07+00:00","dateModified":"2019-07-05T05:54:00+00:00","mainEntityOfPage":{"@id":"https:\/\/dicodusport.fr\/blog\/tour-de-france-2019-nos-favoris-pour-le-maillot-blanc\/"},"wordCount":537,"commentCount":0,"publisher":{"@id":"https:\/\/dicodusport.fr\/blog\/#organization"},"image":{"@id":"https:\/\/dicodusport.fr\/blog\/tour-de-france-2019-nos-favoris-pour-le-maillot-blanc\/#primaryimage"},"thumbnailUrl":"https:\/\/dicodusport.fr\/blog\/wp-content\/uploads\/2019\/07\/Maillot-blanc-Tour-de-France-2019.png","keywords":["Maillot Blanc","TDF","Tour de France"],"articleSection":["Actualit\u00e9s","Cyclisme"],"inLanguage":"fr-FR","potentialAction":[{"@type":"CommentAction","name":"Comment","target":["https:\/\/dicodusport.fr\/blog\/tour-de-france-2019-nos-favoris-pour-le-maillot-blanc\/#respond"]}],"copyrightYear":"2019","copyrightHolder":{"@id":"https:\/\/dicodusport.fr\/blog\/#organization"}},{"@type":"WebPage","@id":"https:\/\/dicodusport.fr\/blog\/tour-de-france-2019-nos-favoris-pour-le-maillot-blanc\/","url":"https:\/\/dicodusport.fr\/blog\/tour-de-france-2019-nos-favoris-pour-le-maillot-blanc\/","name":"Tour de France 2019 : nos favoris pour le maillot blanc","isPartOf":{"@id":"https:\/\/dicodusport.fr\/blog\/#website"},"primaryImageOfPage":{"@id":"https:\/\/dicodusport.fr\/blog\/tour-de-france-2019-nos-favoris-pour-le-maillot-blanc\/#primaryimage"},"image":{"@id":"https:\/\/dicodusport.fr\/blog\/tour-de-france-2019-nos-favoris-pour-le-maillot-blanc\/#primaryimage"},"thumbnailUrl":"https:\/\/dicodusport.fr\/blog\/wp-content\/uploads\/2019\/07\/Maillot-blanc-Tour-de-France-2019.png","datePublished":"2019-07-04T16:26:07+00:00","dateModified":"2019-07-05T05:54:00+00:00","description":"Le 106\u00e8me Tour de France d\u00e9bute ce samedi 6 juillet \u00e0 Bruxelles. Voici nos cinq favoris pour d\u00e9crocher le maillot blanc de meilleur jeune.","inLanguage":"fr-FR","potentialAction":[{"@type":"ReadAction","target":["https:\/\/dicodusport.fr\/blog\/tour-de-france-2019-nos-favoris-pour-le-maillot-blanc\/"]}]},{"@type":"ImageObject","inLanguage":"fr-FR","@id":"https:\/\/dicodusport.fr\/blog\/tour-de-france-2019-nos-favoris-pour-le-maillot-blanc\/#primaryimage","url":"https:\/\/dicodusport.fr\/blog\/wp-content\/uploads\/2019\/07\/Maillot-blanc-Tour-de-France-2019.png","contentUrl":"https:\/\/dicodusport.fr\/blog\/wp-content\/uploads\/2019\/07\/Maillot-blanc-Tour-de-France-2019.png","width":800,"height":445},{"@type":"WebSite","@id":"https:\/\/dicodusport.fr\/blog\/#website","url":"https:\/\/dicodusport.fr\/blog\/","name":"Dicodusport","description":"L&#039;encyclop\u00e9die de l&#039;actualit\u00e9 sportive","publisher":{"@id":"https:\/\/dicodusport.fr\/blog\/#organization"},"potentialAction":[{"@type":"SearchAction","target":{"@type":"EntryPoint","urlTemplate":"https:\/\/dicodusport.fr\/blog\/?s={search_term_string}"},"query-input":{"@type":"PropertyValueSpecification","valueRequired":true,"valueName":"search_term_string"}}],"inLanguage":"fr-FR"},{"@type":"NewsMediaOrganization","@id":"https:\/\/dicodusport.fr\/blog\/#organization","name":"Dicodusport","url":"https:\/\/dicodusport.fr\/blog\/","logo":{"@type":"ImageObject","inLanguage":"fr-FR","@id":"https:\/\/dicodusport.fr\/blog\/#\/schema\/logo\/image\/","url":"https:\/\/dicodusport.fr\/blog\/wp-content\/uploads\/2020\/06\/cropped-LOGO-DICODUSPORT-2020-SANS-FOND-SANS-TEXTE.png","contentUrl":"https:\/\/dicodusport.fr\/blog\/wp-content\/uploads\/2020\/06\/cropped-LOGO-DICODUSPORT-2020-SANS-FOND-SANS-TEXTE.png","width":512,"height":512,"caption":"Dicodusport"},"image":{"@id":"https:\/\/dicodusport.fr\/blog\/#\/schema\/logo\/image\/"},"sameAs":["https:\/\/www.facebook.com\/dicodusport","https:\/\/x.com\/dicodusport","https:\/\/www.instagram.com\/dicodusport\/","https:\/\/www.youtube.com\/channel\/UC7V2KZ5sd3htJivAbA4ZG3w"],"description":"Dicodusport est l'encyclop\u00e9die de l'actualit\u00e9 sportive.","email":"bonjour@dicodusport.fr","legalName":"DICODUSPORT","foundingDate":"2018-01-14","vatID":"FR71834470973","taxID":"83447097300043","numberOfEmployees":{"@type":"QuantitativeValue","minValue":"1","maxValue":"10"}},{"@type":"Person","@id":"https:\/\/dicodusport.fr\/blog\/#\/schema\/person\/cb02af4c173ce4a653b55e9baf388d4a","name":"Flo Ostermann","image":{"@type":"ImageObject","inLanguage":"fr-FR","@id":"https:\/\/dicodusport.fr\/blog\/#\/schema\/person\/image\/","url":"https:\/\/dicodusport.fr\/blog\/wp-content\/uploads\/2021\/05\/Flo-Ostermann-150x150.jpg","contentUrl":"https:\/\/dicodusport.fr\/blog\/wp-content\/uploads\/2021\/05\/Flo-Ostermann-150x150.jpg","caption":"Flo Ostermann"},"description":"Journaliste\/R\u00e9dacteur depuis septembre 2015 - Mes premiers souvenirs dans le sport ? Les envol\u00e9es du Stade Toulousain et les duels Villeneuve-Schumacher et H\u00e4kkinen-Schumacher \u00e0 la fin des ann\u00e9es 90, la Coupe du monde de football en 1998, l\u2019exploit du XV de France face aux All Blacks en 1999, mais aussi Richard C\u0153ur de Lion qui vole sur les montagnes du Tour de France. Bien parti pour devenir professeur d\u2019EPS, les \u00e9v\u00e9nements de la vie (et la flemme d\u2019animer des s\u00e9ances de 3x500 m\u00e8tres toute ma vie) m\u2019ont conduit \u00e0 revoir mes plans. Me voil\u00e0 depuis fin 2017 sur Dicodusport, m\u00e9dia gr\u00e2ce (et pour) lequel je partage ma passion : le sport dans tous ses \u00e9tats. Le tout accompagn\u00e9 par les fous furieux et folles furieuses cit\u00e9s sur cette page !","sameAs":["https:\/\/www.facebook.com\/florent.ostermann","https:\/\/x.com\/https:\/\/twitter.com\/FlOstermann","admin"],"url":"https:\/\/dicodusport.fr\/blog\/author\/flo\/"}]}},"_links":{"self":[{"href":"https:\/\/dicodusport.fr\/blog\/wp-json\/wp\/v2\/posts\/42499","targetHints":{"allow":["GET"]}}],"collection":[{"href":"https:\/\/dicodusport.fr\/blog\/wp-json\/wp\/v2\/posts"}],"about":[{"href":"https:\/\/dicodusport.fr\/blog\/wp-json\/wp\/v2\/types\/post"}],"author":[{"embeddable":true,"href":"https:\/\/dicodusport.fr\/blog\/wp-json\/wp\/v2\/users\/4"}],"replies":[{"embeddable":true,"href":"https:\/\/dicodusport.fr\/blog\/wp-json\/wp\/v2\/comments?post=42499"}],"version-history":[{"count":0,"href":"https:\/\/dicodusport.fr\/blog\/wp-json\/wp\/v2\/posts\/42499\/revisions"}],"wp:featuredmedia":[{"embeddable":true,"href":"https:\/\/dicodusport.fr\/blog\/wp-json\/wp\/v2\/media\/42510"}],"wp:attachment":[{"href":"https:\/\/dicodusport.fr\/blog\/wp-json\/wp\/v2\/media?parent=42499"}],"wp:term":[{"taxonomy":"category","embeddable":true,"href":"https:\/\/dicodusport.fr\/blog\/wp-json\/wp\/v2\/categories?post=42499"},{"taxonomy":"post_tag","embeddable":true,"href":"https:\/\/dicodusport.fr\/blog\/wp-json\/wp\/v2\/tags?post=42499"}],"curies":[{"name":"wp","href":"https:\/\/api.w.org\/{rel}","templated":true}]}}