{"id":425031,"date":"2023-10-05T12:41:03","date_gmt":"2023-10-05T10:41:03","guid":{"rendered":"https:\/\/dicodusport.fr\/blog\/?p=425031&#038;preview=true&#038;preview_id=425031"},"modified":"2023-10-07T13:44:19","modified_gmt":"2023-10-07T11:44:19","slug":"tour-de-lombardie-2023-parcours-profil-et-favoris","status":"publish","type":"post","link":"https:\/\/dicodusport.fr\/blog\/tour-de-lombardie-2023-parcours-profil-et-favoris\/","title":{"rendered":"Tour de Lombardie 2023 : Parcours, profil et favoris"},"content":{"rendered":"<p style=\"text-align: justify;\"><em><strong>TOUR DE LOMBARDIE 2023 &#8211; La 117\u00e8me \u00e9dition du Tour de Lombardie aura lieu le samedi 7 octobre 2023 et sera le dernier Monument de la saison de cyclisme sur route. Le parcours sera long de 239 kilom\u00e8tres entre<\/strong>\u00a0<\/em><em><strong>C\u00f4me et Bergame avec sept difficult\u00e9s au programme, et un d\u00e9nivel\u00e9 positif de plus de 4 500 m\u00e8tres. Profil, parcours et favoris.<br \/>\n<\/strong><\/em><\/p>\n<ul>\n<li style=\"text-align: justify;\"><strong>\u00c0 lire aussi \u2013\u00a0<a href=\"https:\/\/dicodusport.fr\/blog\/actualites\/cyclisme\/cyclisme-sur-route-2023\/\">L\u2019actualit\u00e9 du cyclisme sur route<\/a><\/strong><\/li>\n<\/ul>\n<h2 style=\"text-align: justify;\"><strong>Le parcours du Tour de Lombardie 2023<\/strong><\/h2>\n<h3 style=\"text-align: justify;\">La Madonna del Ghisallo en guise de plat de r\u00e9sistance<\/h3>\n<p style=\"text-align: justify;\">D&rsquo;abord, les coureurs s&rsquo;\u00e9lanceront de <strong>C\u00f4me<\/strong>, lieu d&rsquo;arriv\u00e9e de la derni\u00e8re \u00e9dition, pour prendre la direction de <strong>Cant\u00f9 <\/strong>et d&rsquo;<strong>Asso<\/strong>, le long du Lac de C\u00f4me sur sa branche sud-ouest. En effet, ce lac est un \u00ab Y \u00bb renvers\u00e9.<\/p>\n<p style=\"text-align: justify;\">Puis, les coureurs grimperont la premi\u00e8re ascension de la journ\u00e9e : la <strong>Madonna del Ghisallo\u00a0(8,8 km \u00e0 3,9 %)<\/strong>. Les deux premiers tiers de cette mont\u00e9e seront plut\u00f4t roulants malgr\u00e9 des rampes \u00e0 pr\u00e8s de 7 % au pied. Les trois derniers kilom\u00e8tres pr\u00e9senteront des pourcentages plus int\u00e9ressants entre 5 et 8 %. Ensuite, les coureurs redescendront via deux tunnels sur <strong>Bellagio<\/strong> afin de rejoindre <strong>Lecco<\/strong>, le long des rives du Lac de C\u00f4me sur sa branche sud-est, pour atteindre <strong>Almenno San Bartolomeo<\/strong>, en longeant l&rsquo;Adda. En entrant dans la province de Bergame, les coureurs entreront dans la partie de course la plus difficile avec une accumulation d&rsquo;ascension.<\/p>\n<ul>\n<li style=\"text-align: justify;\"><strong>\u00c0 lire aussi &#8211; <a href=\"https:\/\/dicodusport.fr\/blog\/tour-de-lombardie-2023-les-engages\/\" target=\"_blank\" rel=\"noopener\">Les engag\u00e9s du Tour de Lombardie 2023<\/a><\/strong><\/li>\n<\/ul>\n<h3 style=\"text-align: justify;\"><strong>Un encha\u00eenement de mont\u00e9es d\u00e9cisif<\/strong><\/h3>\n<p style=\"text-align: justify;\">La premi\u00e8re mont\u00e9e de cette section sera la <strong>Roncola<\/strong> (9,4 km \u00e0 4,6 %). Apr\u00e8s 1 500 premiers m\u00e8tres plut\u00f4t roulants \u00e0 3,2 %, la route s\u2019\u00e9l\u00e8vera s\u00e9rieusement pendant 1,5 kilom\u00e8tre \u00e0 pr\u00e8s de 10 % de moyenne, avec des pentes allant jusqu&rsquo;\u00e0 17 %. Apr\u00e8s un tout petit replat, sur 4,5 kilom\u00e8tres, la route restera tr\u00e8s difficile sur des rampes \u00e0 8,2 % de moyenne. Les 1 900 derniers m\u00e8tres seront faciles \u00e0 3,3 %.<\/p>\n<p style=\"text-align: justify;\">Par la suite, la deuxi\u00e8me difficult\u00e9 de ce tron\u00e7on sera la mont\u00e9e vers <strong>Berbenno<\/strong> (6,8 km \u00e0 4,6 %), qui pr\u00e9sentera des pentes r\u00e9guli\u00e8res autour 6 %, avec une petite portion assez plate au milieu. Le passage le plus dur sera \u00e0 8 % dans la premi\u00e8re moiti\u00e9 de l&rsquo;ascension.<\/p>\n<p style=\"text-align: justify;\">Viendra ensuite la mont\u00e9e de <strong>Dossena<\/strong> (11 km \u00e0 6,2 %). Au sommet, pas de r\u00e9elle descente, puisqu&rsquo;il y aura un faux-plat descendant sur pr\u00e8s de 3 kilom\u00e8tres, avec une petite descente sur la fin, avant d&rsquo;attaquer la mont\u00e9e du <strong>Zambla Alta<\/strong> (9 km \u00e0 3,5 %). Apr\u00e8s un pied autour des 7 %, ce sera une longue portion plate avant les 2,5 derniers kilom\u00e8tres \u00e0 7 %.<\/p>\n<p style=\"text-align: justify;\">Le peloton grimpera ensuite le <strong>Passo di Ganda<\/strong> (9,2 km \u00e0 7,3 %). Cette ascension sera en deux parties. La premi\u00e8re sera r\u00e9guli\u00e8re sur 6,5 kilom\u00e8tres avec des rampes \u00e0 6,6 % de moyenne. La seconde sera certes beaucoup plus courte (2 700 m\u00e8tres) mais pr\u00e9sentera des pentes difficiles \u00e0 9,8 % de moyenne avec un passage \u00e0 15 % \u00e0 un kilom\u00e8tre du sommet. Au sommet, les concurrents basculeront dans une descente avec 19 virages en \u00e9pingle, jusqu&rsquo;\u00e0 <strong>Nembro<\/strong>.<\/p>\n<ul>\n<li style=\"text-align: justify;\"><strong>\u00c0 lire aussi &#8211; <a href=\"https:\/\/dicodusport.fr\/blog\/tour-de-lombardie-2023-a-quelle-heure-et-sur-quelle-chaine-tv\/\">Tour de Lombardie 2023 : Sur quelle cha\u00eene TV et \u00e0 quelle heure<\/a><\/strong><\/li>\n<\/ul>\n<h3 style=\"text-align: justify;\">Un final \u00e9lectrique<\/h3>\n<p style=\"text-align: justify;\">Le peloton parcourra ensuite neuf kilom\u00e8tres de plat jusqu&rsquo;\u00e0 la p\u00e9riph\u00e9rie de <strong>Bergame <\/strong>avant de p\u00e9n\u00e9trer dans le centre historique fortifi\u00e9, avec ses fortifications v\u00e9nitiennes inscrites au patrimoine mondial. \u00c0 partir de l\u00e0, il y aura le passage embl\u00e9matique \u00e0 travers la <strong>Citt\u00e0 Alta via Porta Garibaldi<\/strong> avec 200 m\u00e8tres de route pav\u00e9e jusqu&rsquo;\u00e0 Largo Aperto. Dans cette ultime mont\u00e9e, les pentes seront toujours sup\u00e9rieures \u00e0 10 %, sur une route \u00e9troite. Au sommet, les coureurs plongeront dans une courte descente sur une route large.<\/p>\n<p style=\"text-align: justify;\">\u00c0 1 800m de l&rsquo;arriv\u00e9e, il y aura un virage serr\u00e9 avec un court goulot d&rsquo;\u00e9tranglement pour franchir la Porta Sant&rsquo;Agostino. Apr\u00e8s la flamme rouge, une large courbe \u00e0 gauche attend les coureurs avant de rejoindre la ligne droite qui m\u00e8ne \u00e0 l&rsquo;arriv\u00e9e dans la ville basse. La ligne droite finale fait 800 m de long sur la<strong> viale Giovanni XXIII<\/strong>.<\/p>\n<div id=\"attachment_426365\" style=\"width: 862px\" class=\"wp-caption aligncenter\"><a href=\"https:\/\/dicodusport.fr\/blog\/wp-content\/uploads\/2023\/10\/Carte-du-parcours-du-Tour-de-Lombardie-2023.jpg\"><img loading=\"lazy\" decoding=\"async\" aria-describedby=\"caption-attachment-426365\" class=\"size-full wp-image-426365\" src=\"https:\/\/dicodusport.fr\/blog\/wp-content\/uploads\/2023\/10\/Carte-du-parcours-du-Tour-de-Lombardie-2023.jpg\" alt=\"Carte-du-parcours-du-Tour-de-Lombardie-2023\" width=\"852\" height=\"943\" srcset=\"https:\/\/dicodusport.fr\/blog\/wp-content\/uploads\/2023\/10\/Carte-du-parcours-du-Tour-de-Lombardie-2023.jpg 852w, https:\/\/dicodusport.fr\/blog\/wp-content\/uploads\/2023\/10\/Carte-du-parcours-du-Tour-de-Lombardie-2023-271x300.jpg 271w, https:\/\/dicodusport.fr\/blog\/wp-content\/uploads\/2023\/10\/Carte-du-parcours-du-Tour-de-Lombardie-2023-768x850.jpg 768w\" sizes=\"auto, (max-width: 852px) 100vw, 852px\" \/><\/a><p id=\"caption-attachment-426365\" class=\"wp-caption-text\">Carte-du-parcours-du-Tour-de-Lombardie-2023 &#8211; Via RCS<\/p><\/div>\n<h2 style=\"text-align: justify;\"><strong>Le profil du Tour de Lombardie 2023<\/strong><\/h2>\n<div id=\"attachment_426363\" style=\"width: 750px\" class=\"wp-caption aligncenter\"><a href=\"https:\/\/dicodusport.fr\/blog\/wp-content\/uploads\/2023\/10\/Profil-du-Tour-de-Lombardie-2023.jpg\"><img loading=\"lazy\" decoding=\"async\" aria-describedby=\"caption-attachment-426363\" class=\"size-large wp-image-426363\" src=\"https:\/\/dicodusport.fr\/blog\/wp-content\/uploads\/2023\/10\/Profil-du-Tour-de-Lombardie-2023-1024x682.jpg\" alt=\"Profil du Tour de Lombardie 2023\" width=\"740\" height=\"493\" srcset=\"https:\/\/dicodusport.fr\/blog\/wp-content\/uploads\/2023\/10\/Profil-du-Tour-de-Lombardie-2023-1024x682.jpg 1024w, https:\/\/dicodusport.fr\/blog\/wp-content\/uploads\/2023\/10\/Profil-du-Tour-de-Lombardie-2023-300x200.jpg 300w, https:\/\/dicodusport.fr\/blog\/wp-content\/uploads\/2023\/10\/Profil-du-Tour-de-Lombardie-2023-768x511.jpg 768w, https:\/\/dicodusport.fr\/blog\/wp-content\/uploads\/2023\/10\/Profil-du-Tour-de-Lombardie-2023.jpg 1280w\" sizes=\"auto, (max-width: 740px) 100vw, 740px\" \/><\/a><p id=\"caption-attachment-426363\" class=\"wp-caption-text\">Profil du Tour de Lombardie 2023 &#8211; Via RCS<\/p><\/div>\n<h2 style=\"text-align: justify;\"><strong>Les favoris du Tour de Lombardie 2023<\/strong><\/h2>\n<p style=\"text-align: justify;\"><strong>Tadej Pogacar<\/strong> (UAE Team Emirates)<\/p>\n<p style=\"text-align: justify;\"><strong>Primoz Roglic<\/strong> (Jumbo-Visma)<\/p>\n<p style=\"text-align: justify;\"><strong>Remco Evenepoel<\/strong> (Soudal Quick-Step)<\/p>\n<p style=\"text-align: justify;\"><strong>Simon Yates<\/strong> (Jayco-AlUla)<\/p>\n<p style=\"text-align: justify;\"><strong>Marc Hirschi<\/strong> (UAE Team Emirates)<\/p>\n<p style=\"text-align: justify;\"><strong>Ben Healy<\/strong> (EF Education-EasyPost)<\/p>\n<p style=\"text-align: justify;\"><strong>Enric Mas<\/strong> (Movistar)<\/p>\n<div class=\"vlp-link-container vlp-layout-article\"><a href=\"https:\/\/dicodusport.fr\/blog\/tour-de-lombardie-2023-favoris-et-outsiders\/\" class=\"vlp-link\" title=\"Tour de Lombardie 2023 : Favoris et outsiders\"><\/a><div class=\"vlp-layout-zone-side\"><div class=\"vlp-block-4 vlp-link-image\"><img loading=\"lazy\" decoding=\"async\" style=\"max-width: 800px;\" width=\"800\" height=\"445\" src=\"https:\/\/dicodusport.fr\/blog\/wp-content\/uploads\/2023\/10\/Tour-de-Lombardie-2023-Favoris-et-outsiders.png\" class=\"attachment-800x445 size-800x445\" alt=\"\" srcset=\"https:\/\/dicodusport.fr\/blog\/wp-content\/uploads\/2023\/10\/Tour-de-Lombardie-2023-Favoris-et-outsiders.png 800w, https:\/\/dicodusport.fr\/blog\/wp-content\/uploads\/2023\/10\/Tour-de-Lombardie-2023-Favoris-et-outsiders-300x167.png 300w, https:\/\/dicodusport.fr\/blog\/wp-content\/uploads\/2023\/10\/Tour-de-Lombardie-2023-Favoris-et-outsiders-768x427.png 768w\" sizes=\"auto, (max-width: 800px) 100vw, 800px\" \/><\/div><\/div><div class=\"vlp-layout-zone-main\"><div class=\"vlp-block-0 vlp-link-title\">Tour de Lombardie 2023 : Favoris et outsiders<\/div><div class=\"vlp-block-1 vlp-link-summary\">TOUR DE LOMBARDIE 2023 - On fait le point sur les favoris et les outsiders qui vont se disputer la victoire sur le dernier Monument de la saison.<\/div><div class=\"vlp-block-2 vlp-link-button\">Lire l'article<\/div><div class=\"vlp-block-3 vlp-link-url\">dicodusport.fr<\/div><\/div><\/div>\n<h2 style=\"text-align: justify;\"><strong>Le palmar\u00e8s r\u00e9cent du Tour de Lombardie<\/strong><\/h2>\n<p style=\"text-align: justify;\"><strong>2022 :<\/strong> POGA\u010cAR Tadej &#8211; <strong><a href=\"https:\/\/dicodusport.fr\/blog\/tour-de-lombardie-2022-tadej-pogacar-conserve-son-titre\/\">R\u00e9sum\u00e9<\/a> &#8211; <a href=\"https:\/\/dicodusport.fr\/blog\/classement-tour-de-lombardie-2022\/\">Classement<\/a><\/strong><\/p>\n<p style=\"text-align: justify;\"><strong>2021 :<\/strong> POGA\u010cAR Tadej &#8211; <strong><a href=\"https:\/\/dicodusport.fr\/blog\/tour-de-lombardie-2021-tadej-pogacar-bat-fausto-masnada\/\">R\u00e9sum\u00e9<\/a> &#8211; <a href=\"https:\/\/dicodusport.fr\/blog\/tour-de-lombardie-2021-le-classement-de-la-course\/\">Classement<\/a><\/strong><\/p>\n<p style=\"text-align: justify;\"><strong>2020 :<\/strong> FUGLSANG Jakob<\/p>\n<p style=\"text-align: justify;\"><strong>2019 :<\/strong> MOLLEMA Bauke<\/p>\n<p style=\"text-align: justify;\"><strong>2018 :<\/strong> PINOT Thibaut<\/p>\n<p style=\"text-align: justify;\"><strong>2017 :<\/strong> NIBALI Vincenzo<\/p>\n<p style=\"text-align: justify;\"><strong>2016 :<\/strong> CHAVES Esteban<\/p>\n<p style=\"text-align: justify;\"><strong>2015 :<\/strong> NIBALI Vincenzo<\/p>\n<p style=\"text-align: justify;\"><strong>2014 :<\/strong> MARTIN Dan<\/p>\n<p style=\"text-align: justify;\"><strong>2013 :<\/strong> RODR\u00cdGUEZ Joaquim<\/p>\n<p style=\"text-align: justify;\">\n","protected":false},"excerpt":{"rendered":"<p>TOUR DE LOMBARDIE 2023 &#8211; La 117\u00e8me \u00e9dition du Tour de Lombardie aura lieu le samedi 7 octobre 2023. Parcours, profil et favoris.<\/p>\n","protected":false},"author":48,"featured_media":426370,"comment_status":"open","ping_status":"closed","sticky":false,"template":"","format":"standard","meta":{"_acf_changed":false,"_daextam_enable_autolinks":"1","footnotes":""},"categories":[46994],"tags":[3119,16878,4168],"class_list":["post-425031","post","type-post","status-publish","format-standard","has-post-thumbnail","hentry","category-cyclisme-sur-route","tag-actualite-cyclisme","tag-breve","tag-tour-de-lombardie"],"acf":[],"yoast_head":"<!-- This site is optimized with the Yoast SEO Premium plugin v26.7 (Yoast SEO v26.7) - https:\/\/yoast.com\/wordpress\/plugins\/seo\/ -->\n<title>Tour de Lombardie 2023 : Parcours, profil et favoris<\/title>\n<meta name=\"description\" content=\"TOUR DE LOMBARDIE 2023 - La 117\u00e8me \u00e9dition du Tour de Lombardie aura lieu le samedi 7 octobre 2023. Parcours, profil et favoris.\" \/>\n<meta name=\"robots\" content=\"index, follow, max-snippet:-1, max-image-preview:large, max-video-preview:-1\" \/>\n<link rel=\"canonical\" href=\"https:\/\/dicodusport.fr\/blog\/tour-de-lombardie-2023-parcours-profil-et-favoris\/\" \/>\n<meta property=\"og:locale\" content=\"fr_FR\" \/>\n<meta property=\"og:type\" content=\"article\" \/>\n<meta property=\"og:title\" content=\"Tour de Lombardie 2023 : Parcours, profil et favoris\" \/>\n<meta property=\"og:description\" content=\"TOUR DE LOMBARDIE 2023 - La 117\u00e8me \u00e9dition du Tour de Lombardie aura lieu le samedi 7 octobre 2023. Parcours, profil et favoris.\" \/>\n<meta property=\"og:url\" content=\"https:\/\/dicodusport.fr\/blog\/tour-de-lombardie-2023-parcours-profil-et-favoris\/\" \/>\n<meta property=\"og:site_name\" content=\"Dicodusport\" \/>\n<meta property=\"article:publisher\" content=\"https:\/\/www.facebook.com\/dicodusport\" \/>\n<meta property=\"article:author\" content=\"https:\/\/www.facebook.com\/groups\/LesRoisDuPeloton\" \/>\n<meta property=\"article:published_time\" content=\"2023-10-05T10:41:03+00:00\" \/>\n<meta property=\"article:modified_time\" content=\"2023-10-07T11:44:19+00:00\" \/>\n<meta property=\"og:image\" content=\"https:\/\/dicodusport.fr\/blog\/wp-content\/uploads\/2023\/10\/Tour-de-Lombardie-2023-Parcours-profil-et-favoris.png\" \/>\n\t<meta property=\"og:image:width\" content=\"800\" \/>\n\t<meta property=\"og:image:height\" content=\"445\" \/>\n\t<meta property=\"og:image:type\" content=\"image\/png\" \/>\n<meta name=\"author\" content=\"Emilien Descampiaux\" \/>\n<meta name=\"twitter:card\" content=\"summary_large_image\" \/>\n<meta name=\"twitter:title\" content=\"Tour de Lombardie 2023 : Parcours, profil et favoris\" \/>\n<meta name=\"twitter:creator\" content=\"@https:\/\/twitter.com\/LRoisDuPeloton\" \/>\n<meta name=\"twitter:site\" content=\"@dicodusport\" \/>\n<script type=\"application\/ld+json\" class=\"yoast-schema-graph\">{\"@context\":\"https:\/\/schema.org\",\"@graph\":[{\"@type\":\"NewsArticle\",\"@id\":\"https:\/\/dicodusport.fr\/blog\/tour-de-lombardie-2023-parcours-profil-et-favoris\/#article\",\"isPartOf\":{\"@id\":\"https:\/\/dicodusport.fr\/blog\/tour-de-lombardie-2023-parcours-profil-et-favoris\/\"},\"author\":{\"name\":\"Emilien Descampiaux\",\"@id\":\"https:\/\/dicodusport.fr\/blog\/#\/schema\/person\/6db4bae06b171592211be385b32876a7\"},\"headline\":\"Tour de Lombardie 2023 : Parcours, profil et favoris\",\"datePublished\":\"2023-10-05T10:41:03+00:00\",\"dateModified\":\"2023-10-07T11:44:19+00:00\",\"mainEntityOfPage\":{\"@id\":\"https:\/\/dicodusport.fr\/blog\/tour-de-lombardie-2023-parcours-profil-et-favoris\/\"},\"wordCount\":868,\"commentCount\":0,\"publisher\":{\"@id\":\"https:\/\/dicodusport.fr\/blog\/#organization\"},\"image\":{\"@id\":\"https:\/\/dicodusport.fr\/blog\/tour-de-lombardie-2023-parcours-profil-et-favoris\/#primaryimage\"},\"thumbnailUrl\":\"https:\/\/dicodusport.fr\/blog\/wp-content\/uploads\/2023\/10\/Tour-de-Lombardie-2023-Parcours-profil-et-favoris.png\",\"keywords\":[\"Actualit\u00e9 Cyclisme\",\"br\u00e8ve\",\"Tour de Lombardie\"],\"articleSection\":[\"Cyclisme sur route\"],\"inLanguage\":\"fr-FR\",\"potentialAction\":[{\"@type\":\"CommentAction\",\"name\":\"Comment\",\"target\":[\"https:\/\/dicodusport.fr\/blog\/tour-de-lombardie-2023-parcours-profil-et-favoris\/#respond\"]}],\"copyrightYear\":\"2023\",\"copyrightHolder\":{\"@id\":\"https:\/\/dicodusport.fr\/blog\/#organization\"}},{\"@type\":\"WebPage\",\"@id\":\"https:\/\/dicodusport.fr\/blog\/tour-de-lombardie-2023-parcours-profil-et-favoris\/\",\"url\":\"https:\/\/dicodusport.fr\/blog\/tour-de-lombardie-2023-parcours-profil-et-favoris\/\",\"name\":\"Tour de Lombardie 2023 : Parcours, profil et favoris\",\"isPartOf\":{\"@id\":\"https:\/\/dicodusport.fr\/blog\/#website\"},\"primaryImageOfPage\":{\"@id\":\"https:\/\/dicodusport.fr\/blog\/tour-de-lombardie-2023-parcours-profil-et-favoris\/#primaryimage\"},\"image\":{\"@id\":\"https:\/\/dicodusport.fr\/blog\/tour-de-lombardie-2023-parcours-profil-et-favoris\/#primaryimage\"},\"thumbnailUrl\":\"https:\/\/dicodusport.fr\/blog\/wp-content\/uploads\/2023\/10\/Tour-de-Lombardie-2023-Parcours-profil-et-favoris.png\",\"datePublished\":\"2023-10-05T10:41:03+00:00\",\"dateModified\":\"2023-10-07T11:44:19+00:00\",\"description\":\"TOUR DE LOMBARDIE 2023 - La 117\u00e8me \u00e9dition du Tour de Lombardie aura lieu le samedi 7 octobre 2023. Parcours, profil et favoris.\",\"breadcrumb\":{\"@id\":\"https:\/\/dicodusport.fr\/blog\/tour-de-lombardie-2023-parcours-profil-et-favoris\/#breadcrumb\"},\"inLanguage\":\"fr-FR\",\"potentialAction\":[{\"@type\":\"ReadAction\",\"target\":[\"https:\/\/dicodusport.fr\/blog\/tour-de-lombardie-2023-parcours-profil-et-favoris\/\"]}]},{\"@type\":\"ImageObject\",\"inLanguage\":\"fr-FR\",\"@id\":\"https:\/\/dicodusport.fr\/blog\/tour-de-lombardie-2023-parcours-profil-et-favoris\/#primaryimage\",\"url\":\"https:\/\/dicodusport.fr\/blog\/wp-content\/uploads\/2023\/10\/Tour-de-Lombardie-2023-Parcours-profil-et-favoris.png\",\"contentUrl\":\"https:\/\/dicodusport.fr\/blog\/wp-content\/uploads\/2023\/10\/Tour-de-Lombardie-2023-Parcours-profil-et-favoris.png\",\"width\":800,\"height\":445,\"caption\":\"Tour de Lombardie 2023 Parcours, profil et favoris\"},{\"@type\":\"BreadcrumbList\",\"@id\":\"https:\/\/dicodusport.fr\/blog\/tour-de-lombardie-2023-parcours-profil-et-favoris\/#breadcrumb\",\"itemListElement\":[{\"@type\":\"ListItem\",\"position\":1,\"name\":\"Accueil\",\"item\":\"https:\/\/dicodusport.fr\/blog\/\"},{\"@type\":\"ListItem\",\"position\":2,\"name\":\"Tour de Lombardie 2023 : Parcours, profil et favoris\"}]},{\"@type\":\"WebSite\",\"@id\":\"https:\/\/dicodusport.fr\/blog\/#website\",\"url\":\"https:\/\/dicodusport.fr\/blog\/\",\"name\":\"Dicodusport\",\"description\":\"L&#039;encyclop\u00e9die de l&#039;actualit\u00e9 sportive\",\"publisher\":{\"@id\":\"https:\/\/dicodusport.fr\/blog\/#organization\"},\"potentialAction\":[{\"@type\":\"SearchAction\",\"target\":{\"@type\":\"EntryPoint\",\"urlTemplate\":\"https:\/\/dicodusport.fr\/blog\/?s={search_term_string}\"},\"query-input\":{\"@type\":\"PropertyValueSpecification\",\"valueRequired\":true,\"valueName\":\"search_term_string\"}}],\"inLanguage\":\"fr-FR\"},{\"@type\":\"NewsMediaOrganization\",\"@id\":\"https:\/\/dicodusport.fr\/blog\/#organization\",\"name\":\"Dicodusport\",\"url\":\"https:\/\/dicodusport.fr\/blog\/\",\"logo\":{\"@type\":\"ImageObject\",\"inLanguage\":\"fr-FR\",\"@id\":\"https:\/\/dicodusport.fr\/blog\/#\/schema\/logo\/image\/\",\"url\":\"https:\/\/dicodusport.fr\/blog\/wp-content\/uploads\/2020\/06\/cropped-LOGO-DICODUSPORT-2020-SANS-FOND-SANS-TEXTE.png\",\"contentUrl\":\"https:\/\/dicodusport.fr\/blog\/wp-content\/uploads\/2020\/06\/cropped-LOGO-DICODUSPORT-2020-SANS-FOND-SANS-TEXTE.png\",\"width\":512,\"height\":512,\"caption\":\"Dicodusport\"},\"image\":{\"@id\":\"https:\/\/dicodusport.fr\/blog\/#\/schema\/logo\/image\/\"},\"sameAs\":[\"https:\/\/www.facebook.com\/dicodusport\",\"https:\/\/x.com\/dicodusport\",\"https:\/\/www.instagram.com\/dicodusport\/\",\"https:\/\/www.youtube.com\/channel\/UC7V2KZ5sd3htJivAbA4ZG3w\"],\"description\":\"Dicodusport est l'encyclop\u00e9die de l'actualit\u00e9 sportive.\",\"email\":\"bonjour@dicodusport.fr\",\"legalName\":\"DICODUSPORT\",\"foundingDate\":\"2018-01-14\",\"vatID\":\"FR71834470973\",\"taxID\":\"83447097300043\",\"numberOfEmployees\":{\"@type\":\"QuantitativeValue\",\"minValue\":\"1\",\"maxValue\":\"10\"}},{\"@type\":\"Person\",\"@id\":\"https:\/\/dicodusport.fr\/blog\/#\/schema\/person\/6db4bae06b171592211be385b32876a7\",\"name\":\"Emilien Descampiaux\",\"image\":{\"@type\":\"ImageObject\",\"inLanguage\":\"fr-FR\",\"@id\":\"https:\/\/dicodusport.fr\/blog\/#\/schema\/person\/image\/\",\"url\":\"https:\/\/dicodusport.fr\/blog\/wp-content\/uploads\/2021\/05\/Emilien-Descampiaux-150x150.jpg\",\"contentUrl\":\"https:\/\/dicodusport.fr\/blog\/wp-content\/uploads\/2021\/05\/Emilien-Descampiaux-150x150.jpg\",\"caption\":\"Emilien Descampiaux\"},\"description\":\"Journaliste\/r\u00e9dacteur depuis 2014 - Fan de la classe de Frank Vandenbroucke, je vis cyclisme (et de ses paysages) depuis plus de 20 ans. Je suis tr\u00e8s impliqu\u00e9 sur mes diff\u00e9rents r\u00e9seaux sociaux pour partager ma passion sur le monde et l'Histoire de la bicyclette avec ma voix sur les images en noir et blanc du succ\u00e8s de Rik Van Steenbergen lors du Ronde sur le V\u00e9lodrome de Gand.\",\"sameAs\":[\"https:\/\/www.facebook.com\/groups\/LesRoisDuPeloton\",\"https:\/\/x.com\/https:\/\/twitter.com\/LRoisDuPeloton\"],\"url\":\"https:\/\/dicodusport.fr\/blog\/author\/emiliend\/\"}]}<\/script>\n<!-- \/ Yoast SEO Premium plugin. -->","yoast_head_json":{"title":"Tour de Lombardie 2023 : Parcours, profil et favoris","description":"TOUR DE LOMBARDIE 2023 - La 117\u00e8me \u00e9dition du Tour de Lombardie aura lieu le samedi 7 octobre 2023. Parcours, profil et favoris.","robots":{"index":"index","follow":"follow","max-snippet":"max-snippet:-1","max-image-preview":"max-image-preview:large","max-video-preview":"max-video-preview:-1"},"canonical":"https:\/\/dicodusport.fr\/blog\/tour-de-lombardie-2023-parcours-profil-et-favoris\/","og_locale":"fr_FR","og_type":"article","og_title":"Tour de Lombardie 2023 : Parcours, profil et favoris","og_description":"TOUR DE LOMBARDIE 2023 - La 117\u00e8me \u00e9dition du Tour de Lombardie aura lieu le samedi 7 octobre 2023. Parcours, profil et favoris.","og_url":"https:\/\/dicodusport.fr\/blog\/tour-de-lombardie-2023-parcours-profil-et-favoris\/","og_site_name":"Dicodusport","article_publisher":"https:\/\/www.facebook.com\/dicodusport","article_author":"https:\/\/www.facebook.com\/groups\/LesRoisDuPeloton","article_published_time":"2023-10-05T10:41:03+00:00","article_modified_time":"2023-10-07T11:44:19+00:00","og_image":[{"width":800,"height":445,"url":"https:\/\/dicodusport.fr\/blog\/wp-content\/uploads\/2023\/10\/Tour-de-Lombardie-2023-Parcours-profil-et-favoris.png","type":"image\/png"}],"author":"Emilien Descampiaux","twitter_card":"summary_large_image","twitter_title":"Tour de Lombardie 2023 : Parcours, profil et favoris","twitter_creator":"@https:\/\/twitter.com\/LRoisDuPeloton","twitter_site":"@dicodusport","schema":{"@context":"https:\/\/schema.org","@graph":[{"@type":"NewsArticle","@id":"https:\/\/dicodusport.fr\/blog\/tour-de-lombardie-2023-parcours-profil-et-favoris\/#article","isPartOf":{"@id":"https:\/\/dicodusport.fr\/blog\/tour-de-lombardie-2023-parcours-profil-et-favoris\/"},"author":{"name":"Emilien Descampiaux","@id":"https:\/\/dicodusport.fr\/blog\/#\/schema\/person\/6db4bae06b171592211be385b32876a7"},"headline":"Tour de Lombardie 2023 : Parcours, profil et favoris","datePublished":"2023-10-05T10:41:03+00:00","dateModified":"2023-10-07T11:44:19+00:00","mainEntityOfPage":{"@id":"https:\/\/dicodusport.fr\/blog\/tour-de-lombardie-2023-parcours-profil-et-favoris\/"},"wordCount":868,"commentCount":0,"publisher":{"@id":"https:\/\/dicodusport.fr\/blog\/#organization"},"image":{"@id":"https:\/\/dicodusport.fr\/blog\/tour-de-lombardie-2023-parcours-profil-et-favoris\/#primaryimage"},"thumbnailUrl":"https:\/\/dicodusport.fr\/blog\/wp-content\/uploads\/2023\/10\/Tour-de-Lombardie-2023-Parcours-profil-et-favoris.png","keywords":["Actualit\u00e9 Cyclisme","br\u00e8ve","Tour de Lombardie"],"articleSection":["Cyclisme sur route"],"inLanguage":"fr-FR","potentialAction":[{"@type":"CommentAction","name":"Comment","target":["https:\/\/dicodusport.fr\/blog\/tour-de-lombardie-2023-parcours-profil-et-favoris\/#respond"]}],"copyrightYear":"2023","copyrightHolder":{"@id":"https:\/\/dicodusport.fr\/blog\/#organization"}},{"@type":"WebPage","@id":"https:\/\/dicodusport.fr\/blog\/tour-de-lombardie-2023-parcours-profil-et-favoris\/","url":"https:\/\/dicodusport.fr\/blog\/tour-de-lombardie-2023-parcours-profil-et-favoris\/","name":"Tour de Lombardie 2023 : Parcours, profil et favoris","isPartOf":{"@id":"https:\/\/dicodusport.fr\/blog\/#website"},"primaryImageOfPage":{"@id":"https:\/\/dicodusport.fr\/blog\/tour-de-lombardie-2023-parcours-profil-et-favoris\/#primaryimage"},"image":{"@id":"https:\/\/dicodusport.fr\/blog\/tour-de-lombardie-2023-parcours-profil-et-favoris\/#primaryimage"},"thumbnailUrl":"https:\/\/dicodusport.fr\/blog\/wp-content\/uploads\/2023\/10\/Tour-de-Lombardie-2023-Parcours-profil-et-favoris.png","datePublished":"2023-10-05T10:41:03+00:00","dateModified":"2023-10-07T11:44:19+00:00","description":"TOUR DE LOMBARDIE 2023 - La 117\u00e8me \u00e9dition du Tour de Lombardie aura lieu le samedi 7 octobre 2023. Parcours, profil et favoris.","breadcrumb":{"@id":"https:\/\/dicodusport.fr\/blog\/tour-de-lombardie-2023-parcours-profil-et-favoris\/#breadcrumb"},"inLanguage":"fr-FR","potentialAction":[{"@type":"ReadAction","target":["https:\/\/dicodusport.fr\/blog\/tour-de-lombardie-2023-parcours-profil-et-favoris\/"]}]},{"@type":"ImageObject","inLanguage":"fr-FR","@id":"https:\/\/dicodusport.fr\/blog\/tour-de-lombardie-2023-parcours-profil-et-favoris\/#primaryimage","url":"https:\/\/dicodusport.fr\/blog\/wp-content\/uploads\/2023\/10\/Tour-de-Lombardie-2023-Parcours-profil-et-favoris.png","contentUrl":"https:\/\/dicodusport.fr\/blog\/wp-content\/uploads\/2023\/10\/Tour-de-Lombardie-2023-Parcours-profil-et-favoris.png","width":800,"height":445,"caption":"Tour de Lombardie 2023 Parcours, profil et favoris"},{"@type":"BreadcrumbList","@id":"https:\/\/dicodusport.fr\/blog\/tour-de-lombardie-2023-parcours-profil-et-favoris\/#breadcrumb","itemListElement":[{"@type":"ListItem","position":1,"name":"Accueil","item":"https:\/\/dicodusport.fr\/blog\/"},{"@type":"ListItem","position":2,"name":"Tour de Lombardie 2023 : Parcours, profil et favoris"}]},{"@type":"WebSite","@id":"https:\/\/dicodusport.fr\/blog\/#website","url":"https:\/\/dicodusport.fr\/blog\/","name":"Dicodusport","description":"L&#039;encyclop\u00e9die de l&#039;actualit\u00e9 sportive","publisher":{"@id":"https:\/\/dicodusport.fr\/blog\/#organization"},"potentialAction":[{"@type":"SearchAction","target":{"@type":"EntryPoint","urlTemplate":"https:\/\/dicodusport.fr\/blog\/?s={search_term_string}"},"query-input":{"@type":"PropertyValueSpecification","valueRequired":true,"valueName":"search_term_string"}}],"inLanguage":"fr-FR"},{"@type":"NewsMediaOrganization","@id":"https:\/\/dicodusport.fr\/blog\/#organization","name":"Dicodusport","url":"https:\/\/dicodusport.fr\/blog\/","logo":{"@type":"ImageObject","inLanguage":"fr-FR","@id":"https:\/\/dicodusport.fr\/blog\/#\/schema\/logo\/image\/","url":"https:\/\/dicodusport.fr\/blog\/wp-content\/uploads\/2020\/06\/cropped-LOGO-DICODUSPORT-2020-SANS-FOND-SANS-TEXTE.png","contentUrl":"https:\/\/dicodusport.fr\/blog\/wp-content\/uploads\/2020\/06\/cropped-LOGO-DICODUSPORT-2020-SANS-FOND-SANS-TEXTE.png","width":512,"height":512,"caption":"Dicodusport"},"image":{"@id":"https:\/\/dicodusport.fr\/blog\/#\/schema\/logo\/image\/"},"sameAs":["https:\/\/www.facebook.com\/dicodusport","https:\/\/x.com\/dicodusport","https:\/\/www.instagram.com\/dicodusport\/","https:\/\/www.youtube.com\/channel\/UC7V2KZ5sd3htJivAbA4ZG3w"],"description":"Dicodusport est l'encyclop\u00e9die de l'actualit\u00e9 sportive.","email":"bonjour@dicodusport.fr","legalName":"DICODUSPORT","foundingDate":"2018-01-14","vatID":"FR71834470973","taxID":"83447097300043","numberOfEmployees":{"@type":"QuantitativeValue","minValue":"1","maxValue":"10"}},{"@type":"Person","@id":"https:\/\/dicodusport.fr\/blog\/#\/schema\/person\/6db4bae06b171592211be385b32876a7","name":"Emilien Descampiaux","image":{"@type":"ImageObject","inLanguage":"fr-FR","@id":"https:\/\/dicodusport.fr\/blog\/#\/schema\/person\/image\/","url":"https:\/\/dicodusport.fr\/blog\/wp-content\/uploads\/2021\/05\/Emilien-Descampiaux-150x150.jpg","contentUrl":"https:\/\/dicodusport.fr\/blog\/wp-content\/uploads\/2021\/05\/Emilien-Descampiaux-150x150.jpg","caption":"Emilien Descampiaux"},"description":"Journaliste\/r\u00e9dacteur depuis 2014 - Fan de la classe de Frank Vandenbroucke, je vis cyclisme (et de ses paysages) depuis plus de 20 ans. Je suis tr\u00e8s impliqu\u00e9 sur mes diff\u00e9rents r\u00e9seaux sociaux pour partager ma passion sur le monde et l'Histoire de la bicyclette avec ma voix sur les images en noir et blanc du succ\u00e8s de Rik Van Steenbergen lors du Ronde sur le V\u00e9lodrome de Gand.","sameAs":["https:\/\/www.facebook.com\/groups\/LesRoisDuPeloton","https:\/\/x.com\/https:\/\/twitter.com\/LRoisDuPeloton"],"url":"https:\/\/dicodusport.fr\/blog\/author\/emiliend\/"}]}},"_links":{"self":[{"href":"https:\/\/dicodusport.fr\/blog\/wp-json\/wp\/v2\/posts\/425031","targetHints":{"allow":["GET"]}}],"collection":[{"href":"https:\/\/dicodusport.fr\/blog\/wp-json\/wp\/v2\/posts"}],"about":[{"href":"https:\/\/dicodusport.fr\/blog\/wp-json\/wp\/v2\/types\/post"}],"author":[{"embeddable":true,"href":"https:\/\/dicodusport.fr\/blog\/wp-json\/wp\/v2\/users\/48"}],"replies":[{"embeddable":true,"href":"https:\/\/dicodusport.fr\/blog\/wp-json\/wp\/v2\/comments?post=425031"}],"version-history":[{"count":0,"href":"https:\/\/dicodusport.fr\/blog\/wp-json\/wp\/v2\/posts\/425031\/revisions"}],"wp:featuredmedia":[{"embeddable":true,"href":"https:\/\/dicodusport.fr\/blog\/wp-json\/wp\/v2\/media\/426370"}],"wp:attachment":[{"href":"https:\/\/dicodusport.fr\/blog\/wp-json\/wp\/v2\/media?parent=425031"}],"wp:term":[{"taxonomy":"category","embeddable":true,"href":"https:\/\/dicodusport.fr\/blog\/wp-json\/wp\/v2\/categories?post=425031"},{"taxonomy":"post_tag","embeddable":true,"href":"https:\/\/dicodusport.fr\/blog\/wp-json\/wp\/v2\/tags?post=425031"}],"curies":[{"name":"wp","href":"https:\/\/api.w.org\/{rel}","templated":true}]}}