{"id":425037,"date":"2023-10-08T11:38:55","date_gmt":"2023-10-08T09:38:55","guid":{"rendered":"https:\/\/dicodusport.fr\/blog\/?p=425037&#038;preview=true&#038;preview_id=425037"},"modified":"2023-10-08T11:38:22","modified_gmt":"2023-10-08T09:38:22","slug":"paris-tours-2023-parcours-favoris-et-profil","status":"publish","type":"post","link":"https:\/\/dicodusport.fr\/blog\/paris-tours-2023-parcours-favoris-et-profil\/","title":{"rendered":"Paris-Tours 2023 : Parcours complet et profil"},"content":{"rendered":"<p style=\"text-align: justify;\"><em><strong>PARIS-TOURS 2023 &#8211; La 117\u00e8me \u00e9dition de Paris-Tours se disputera ce dimanche 8 octobre, avec au programme, 214 kilom\u00e8tres entre Chartres et Tours. Dix chemins de vigne seront propos\u00e9s dans les 50 derniers kilom\u00e8tres au sein de la vall\u00e9e de la Loire. Ces chemins ont \u00e9t\u00e9 instaur\u00e9s en 2018 par l&rsquo;organisateur, ASO. Parcours, profil et favoris.\u00a0\u00a0<\/strong><\/em><em><strong><span class=\"tojvnm2t a6sixzi8 abs2jz4q a8s20v7p t1p8iaqh k5wvi7nf q3lfd5jv pk4s997a bipmatt0 cebpdrjk qowsmv63 owwhemhu dp1hu0rb dhp61c6y iyyx5f41\"><span class=\"f7rl1if4 adechonz f6oz4yja dahkl6ri axrg9lpx rufpak1n qtovjlwq qbmienfq rfyhaz4c rdmi1yqr ohrdq8us nswx41af fawcizw8 l1aqi3e3 sdu1flz4\"><br \/>\n<\/span><\/span><\/strong><\/em><\/p>\n<ul>\n<li style=\"text-align: justify;\"><strong>\u00c0 lire aussi &#8211; <a href=\"https:\/\/dicodusport.fr\/blog\/paris-tours-2023-les-engages\/\">Paris-Tours 2023 : Les engag\u00e9s<\/a><\/strong><\/li>\n<\/ul>\n<p style=\"text-align: justify;\">La course <strong>Paris-Tours<\/strong> a \u00e9t\u00e9 cr\u00e9\u00e9e par le quotidien <em>Paris-V\u00e9lo<\/em> en 1896, \u00e0 l&rsquo;occasion de l&rsquo;inauguration du v\u00e9lodrome de Tours. \u00c0 partir de 1906, l&rsquo;\u00e9v\u00e9nement a eu lieu tous les ans au printemps, entre Paris-Roubaix et la Fl\u00e8che Wallonne. En 1945, le journal <em>L&rsquo;\u00c9quipe<\/em> prend en charge l&rsquo;organisation de la course. \u00c0 partir de 1951, l&rsquo;\u00e9preuve est d\u00e9plac\u00e9e en octobre, avant d&rsquo;\u00eatre retransmise pour la premi\u00e8re fois en direct \u00e0 la t\u00e9l\u00e9vision, sept ans plus tard. Seules les \u00e9ditions 1915, 1916 et 1940 ont \u00e9t\u00e9 annul\u00e9es, \u00e0 cause des deux guerres mondiales.<\/p>\n<h2 style=\"text-align: justify;\">Le parcours complet de Paris-Tours 2023<\/h2>\n<p style=\"text-align: justify;\">D\u2019abord, le d\u00e9part fictif sera donn\u00e9 sur la place Ch\u00e2telet \u00e0 11h30, pour la quatri\u00e8me ann\u00e9e de suite. Apr\u00e8s avoir d\u00e9fil\u00e9 dans <strong>Chartres <\/strong>(Centre Val-de-Loire), le d\u00e9part r\u00e9el aura lieu \u00e0 <strong>Morancez<\/strong>. Ensuite, les 23 premiers kilom\u00e8tres se d\u00e9rouleront sur une longue ligne droite, sur les D935 et D127. Les coureurs vireront ensuite \u00e0 droite en direction de <strong>Bonneval<\/strong>, qui avait accueilli le d\u00e9part de la course en 2014.<\/p>\n<p style=\"text-align: justify;\">Puis, les coureurs contourneront Ch\u00e2teaudun par <strong>Logron, Lanneray<\/strong> et <strong>Saint-Hilaire-sur-Yerre<\/strong>. Par la suite, ils continueront la descente vers le sud sur des routes rectilignes. Le peloton traversera les villes de <strong>Cloyes-sur-le-Loir<\/strong> avec son faux plat montant. Avant de passer par <strong>Vend\u00f4me<\/strong> et <strong>Herbault<\/strong>. Cependant, cette longue partie pourrait r\u00e9server de mauvaises surprises avec le vent notamment. \u00c0 partir de <strong>Cangey<\/strong>, la route deviendra plus sinueuse en longeant la Loire. La tension va monter dans le peloton \u00e0 l\u2019approche du final.<\/p>\n<h3 style=\"text-align: justify;\">Les c\u00f4tes et chemins de vigne de Paris-Tours 2023<\/h3>\n<p style=\"text-align: justify;\">Ensuite, les coureurs entameront les 50 derniers kilom\u00e8tres avec 8 c\u00f4tes et 10 chemins de vigne, avec des transitions assez courtes. Ce qui va rendre la course tr\u00e8s nerveuse. Il va falloir grimper la <strong>C\u00f4te de Limeray<\/strong> (1 km \u00e0 3 %), la <strong>C\u00f4te de Goguenne<\/strong> (700 m\u00e8tres \u00e0 5,4 %), la <strong>C\u00f4te du Bois de Chancay<\/strong> (900 m \u00e0 4,2 %), la <strong>C\u00f4te de la Vall\u00e9e du Vau<\/strong> (1,1 km \u00e0 4 %) et la pentue <strong>C\u00f4te de la Roch\u00e8re<\/strong> (400 m\u00e8tres \u00e0 11 % sur une route tr\u00e8s \u00e9troite). Le peloton devra ensuite escalader la <strong>C\u00f4te de la Vall\u00e9e Chartier<\/strong> (700 m \u00e0 6,1 %), la <strong>C\u00f4te du Vouvray<\/strong> (500 m \u00e0 5,4 %) et la <strong>C\u00f4te de Rochecordon<\/strong> (800 m \u00e0 4 %). Le sommet de cette derni\u00e8re se situera \u00e0 11 kilom\u00e8tres de l\u2019arriv\u00e9e.<\/p>\n<p style=\"text-align: justify;\">Enfin, les 10 chemins de vigne provoqueront de nombreuses crevaisons et pourraient contrecarrer les plans de nombreuses \u00e9quipes.<\/p>\n<p style=\"text-align: justify;\"><span style=\"text-decoration: underline;\"><strong>Les chemins de vignes<\/strong><\/span><\/p>\n<ul>\n<li style=\"text-align: justify;\">900 m\u00e8tres \u00e0 <strong>Limeray<\/strong> en ligne droite<\/li>\n<li style=\"text-align: justify;\">1 100 m\u00e8tres \u00e0 <strong>Poc\u00e9-sur-Cisse<\/strong><\/li>\n<li style=\"text-align: justify;\">1 500 m\u00e8tres \u00e0 Grosse-Pierre<\/li>\n<li style=\"text-align: justify;\">500 m\u00e8tres \u00e0 <strong>Ch\u00e2teau de Valmer<\/strong><\/li>\n<li style=\"text-align: justify;\">900 m\u00e8tres de <strong>Chancay \u00e0 Reugny<\/strong><\/li>\n<li style=\"text-align: justify;\">600 m\u00e8tres \u00e0 Noisay<\/li>\n<li style=\"text-align: justify;\">1 200 m\u00e8tres \u00e0 <strong>Epinettes<\/strong><\/li>\n<li style=\"text-align: justify;\">900 m\u00e8tres \u00e0 <strong>Vernou<\/strong><\/li>\n<li style=\"text-align: justify;\">1 600 m\u00e8tres \u00e0 <strong>Peu Morier<\/strong><\/li>\n<li style=\"text-align: justify;\">800 m\u00e8tres \u00e0 <strong>Rochecordon<\/strong>.<\/li>\n<\/ul>\n<p style=\"text-align: justify;\">Enfin, les neuf derniers kilom\u00e8tres seront plats via Saint-Georges, sur la rive nord de la Loire. Enfin, les coureurs arriveront \u00e0 Tours par le Pont Napol\u00e9on et l\u2019Avenue Proudhon. Apr\u00e8s avoir pass\u00e9 par le Boulevard Jean Royer, l\u2019arriv\u00e9e sera jug\u00e9e sur l\u2019Avenue de Grammont.<\/p>\n<div id=\"attachment_426723\" style=\"width: 689px\" class=\"wp-caption aligncenter\"><a href=\"https:\/\/dicodusport.fr\/blog\/wp-content\/uploads\/2023\/10\/Carte-du-parcours-de-Paris-Tours-2023.png\"><img loading=\"lazy\" decoding=\"async\" aria-describedby=\"caption-attachment-426723\" class=\"size-large wp-image-426723\" src=\"https:\/\/dicodusport.fr\/blog\/wp-content\/uploads\/2023\/10\/Carte-du-parcours-de-Paris-Tours-2023-679x1024.png\" alt=\"Carte du parcours de Paris-Tours 2023\" width=\"679\" height=\"1024\" srcset=\"https:\/\/dicodusport.fr\/blog\/wp-content\/uploads\/2023\/10\/Carte-du-parcours-de-Paris-Tours-2023-679x1024.png 679w, https:\/\/dicodusport.fr\/blog\/wp-content\/uploads\/2023\/10\/Carte-du-parcours-de-Paris-Tours-2023-199x300.png 199w, https:\/\/dicodusport.fr\/blog\/wp-content\/uploads\/2023\/10\/Carte-du-parcours-de-Paris-Tours-2023-768x1158.png 768w, https:\/\/dicodusport.fr\/blog\/wp-content\/uploads\/2023\/10\/Carte-du-parcours-de-Paris-Tours-2023-1018x1536.png 1018w, https:\/\/dicodusport.fr\/blog\/wp-content\/uploads\/2023\/10\/Carte-du-parcours-de-Paris-Tours-2023.png 1200w\" sizes=\"auto, (max-width: 679px) 100vw, 679px\" \/><\/a><p id=\"caption-attachment-426723\" class=\"wp-caption-text\">Carte du parcours de Paris-Tours 2023 &#8211; Via ASO<\/p><\/div>\n<h2 style=\"text-align: justify;\">Le profil de Paris-Tours 2023<\/h2>\n<div id=\"attachment_426729\" style=\"width: 970px\" class=\"wp-caption aligncenter\"><a href=\"https:\/\/dicodusport.fr\/blog\/wp-content\/uploads\/2023\/10\/Profil-de-Paris-Tours-2023.png\"><img loading=\"lazy\" decoding=\"async\" aria-describedby=\"caption-attachment-426729\" class=\"size-full wp-image-426729\" src=\"https:\/\/dicodusport.fr\/blog\/wp-content\/uploads\/2023\/10\/Profil-de-Paris-Tours-2023.png\" alt=\"Profil de Paris-Tours 2023\" width=\"960\" height=\"480\" srcset=\"https:\/\/dicodusport.fr\/blog\/wp-content\/uploads\/2023\/10\/Profil-de-Paris-Tours-2023.png 960w, https:\/\/dicodusport.fr\/blog\/wp-content\/uploads\/2023\/10\/Profil-de-Paris-Tours-2023-300x150.png 300w, https:\/\/dicodusport.fr\/blog\/wp-content\/uploads\/2023\/10\/Profil-de-Paris-Tours-2023-768x384.png 768w\" sizes=\"auto, (max-width: 960px) 100vw, 960px\" \/><\/a><p id=\"caption-attachment-426729\" class=\"wp-caption-text\">Profil de Paris-Tours 2023 &#8211; Via ASO<\/p><\/div>\n<h2 style=\"text-align: justify;\">Les favoris de Paris-Tours 2023<\/h2>\n<p style=\"text-align: justify;\"><strong>Arnaud De Lie<\/strong> (Lotto Dstny)<\/p>\n<p style=\"text-align: justify;\"><strong>Christophe Laporte<\/strong> (Jumbo-Visma)<\/p>\n<p style=\"text-align: justify;\"><strong>Arnaud D\u00e9mare <\/strong>(Arkea Samsic)<\/p>\n<p style=\"text-align: justify;\"><strong>Rasmus Tiller\u00a0<\/strong>(Uno X Pro Cycling)<\/p>\n<p style=\"text-align: justify;\"><strong>Kaden Groves\u00a0<\/strong>(Alpecin-Deceuninck)<\/p>\n<p style=\"text-align: justify;\"><strong>Bryan Coquard <\/strong>(Cofidis)<\/p>\n<div class=\"vlp-link-container vlp-layout-article\"><a href=\"https:\/\/dicodusport.fr\/blog\/paris-tours-2023-favoris-et-outsiders\/\" class=\"vlp-link\" title=\"Paris-Tours 2023 : Favoris et outsiders\"><\/a><div class=\"vlp-layout-zone-side\"><div class=\"vlp-block-4 vlp-link-image\"><img loading=\"lazy\" decoding=\"async\" style=\"max-width: 800px;\" width=\"800\" height=\"445\" src=\"https:\/\/dicodusport.fr\/blog\/wp-content\/uploads\/2023\/10\/Paris-Tours-2023-Favoris-et-outsiders.png\" class=\"attachment-800x445 size-800x445\" alt=\"Paris-Tours 2023 Favoris et outsiders\" srcset=\"https:\/\/dicodusport.fr\/blog\/wp-content\/uploads\/2023\/10\/Paris-Tours-2023-Favoris-et-outsiders.png 800w, https:\/\/dicodusport.fr\/blog\/wp-content\/uploads\/2023\/10\/Paris-Tours-2023-Favoris-et-outsiders-300x167.png 300w, https:\/\/dicodusport.fr\/blog\/wp-content\/uploads\/2023\/10\/Paris-Tours-2023-Favoris-et-outsiders-768x427.png 768w\" sizes=\"auto, (max-width: 800px) 100vw, 800px\" \/><\/div><\/div><div class=\"vlp-layout-zone-main\"><div class=\"vlp-block-0 vlp-link-title\">Paris-Tours 2023 : Favoris et outsiders<\/div><div class=\"vlp-block-1 vlp-link-summary\">PARIS-TOURS 2023 - On fait le point sur les favoris et les outsiders qui vont se disputer la victoire sur la derni\u00e8re grande course de la saison, Paris-Tours.<\/div><div class=\"vlp-block-2 vlp-link-button\">Lire l'article<\/div><div class=\"vlp-block-3 vlp-link-url\">dicodusport.fr<\/div><\/div><\/div>\n<h2 style=\"text-align: justify;\">Le palmar\u00e8s de Paris-Tours<\/h2>\n<p style=\"text-align: justify;\"><strong>2022<\/strong> <strong>:<\/strong> D\u00c9MARE Arnaud &#8211; <strong><a href=\"https:\/\/dicodusport.fr\/blog\/paris-tours-2022-arnaud-demare-conserve-son-titre\/\">R\u00e9sum\u00e9<\/a> &#8211; <a href=\"https:\/\/dicodusport.fr\/blog\/classement-paris-tours-2022\/\">Classement<\/a><\/strong><\/p>\n<p style=\"text-align: justify;\"><strong>2021 :<\/strong> D\u00c9MARE Arnaud &#8211; <strong><a href=\"https:\/\/dicodusport.fr\/blog\/paris-tours-2021-arnaud-demare-simpose-en-costaud\/\">R\u00e9sum\u00e9<\/a> &#8211; <a href=\"https:\/\/dicodusport.fr\/blog\/paris-tours-2021-le-classement-de-la-course\/\">Classement<\/a><\/strong><\/p>\n<p style=\"text-align: justify;\"><strong>2020 :<\/strong> PEDERSEN Casper<\/p>\n<p style=\"text-align: justify;\"><strong>2019 :<\/strong> WALLAYS Jelle<\/p>\n<p style=\"text-align: justify;\"><strong>2018 :<\/strong> KRAGH ANDERSEN S\u00f8ren<\/p>\n<p style=\"text-align: justify;\"><strong>2017 :<\/strong> TRENTIN Matteo<\/p>\n<p style=\"text-align: justify;\"><strong>2016 :<\/strong> GAVIRIA Fernando<\/p>\n<p style=\"text-align: justify;\"><strong>2015 :<\/strong> TRENTIN Matteo<\/p>\n<p style=\"text-align: justify;\"><strong>2014 :<\/strong> WALLAYS Jelle<\/p>\n<p style=\"text-align: justify;\"><strong>2013 :<\/strong> DEGENKOLB John<\/p>\n","protected":false},"excerpt":{"rendered":"<p>PARIS-TOURS 2023 &#8211; La 117\u00e8me \u00e9dition de Paris-Tours se disputera ce dimanche 8 octobre. Parcours, profil et favoris.<\/p>\n","protected":false},"author":48,"featured_media":426730,"comment_status":"open","ping_status":"closed","sticky":false,"template":"","format":"standard","meta":{"_acf_changed":false,"_daextam_enable_autolinks":"1","footnotes":""},"categories":[46994],"tags":[16878,574,9006],"class_list":["post-425037","post","type-post","status-publish","format-standard","has-post-thumbnail","hentry","category-cyclisme-sur-route","tag-breve","tag-cyclisme","tag-paris-tours"],"acf":[],"yoast_head":"<!-- This site is optimized with the Yoast SEO Premium plugin v26.7 (Yoast SEO v26.7) - https:\/\/yoast.com\/wordpress\/plugins\/seo\/ -->\n<title>Paris-Tours 2023 : Parcours complet et profil<\/title>\n<meta name=\"description\" content=\"PARIS-TOURS 2023 - La 117\u00e8me \u00e9dition de Paris-Tours se disputera ce dimanche 8 octobre. Parcours, profil et favoris.\" \/>\n<meta name=\"robots\" content=\"index, follow, max-snippet:-1, max-image-preview:large, max-video-preview:-1\" \/>\n<link rel=\"canonical\" href=\"https:\/\/dicodusport.fr\/blog\/paris-tours-2023-parcours-favoris-et-profil\/\" \/>\n<meta property=\"og:locale\" content=\"fr_FR\" \/>\n<meta property=\"og:type\" content=\"article\" \/>\n<meta property=\"og:title\" content=\"Paris-Tours 2023 : Parcours complet et profil\" \/>\n<meta property=\"og:description\" content=\"PARIS-TOURS 2023 - La 117\u00e8me \u00e9dition de Paris-Tours se disputera ce dimanche 8 octobre. Parcours, profil et favoris.\" \/>\n<meta property=\"og:url\" content=\"https:\/\/dicodusport.fr\/blog\/paris-tours-2023-parcours-favoris-et-profil\/\" \/>\n<meta property=\"og:site_name\" content=\"Dicodusport\" \/>\n<meta property=\"article:publisher\" content=\"https:\/\/www.facebook.com\/dicodusport\" \/>\n<meta property=\"article:author\" content=\"https:\/\/www.facebook.com\/groups\/LesRoisDuPeloton\" \/>\n<meta property=\"article:published_time\" content=\"2023-10-08T09:38:55+00:00\" \/>\n<meta property=\"og:image\" content=\"https:\/\/dicodusport.fr\/blog\/wp-content\/uploads\/2023\/10\/Paris-Tours-2023-Parcours-favoris-et-profil.png\" \/>\n\t<meta property=\"og:image:width\" content=\"800\" \/>\n\t<meta property=\"og:image:height\" content=\"445\" \/>\n\t<meta property=\"og:image:type\" content=\"image\/png\" \/>\n<meta name=\"author\" content=\"Emilien Descampiaux\" \/>\n<meta name=\"twitter:card\" content=\"summary_large_image\" \/>\n<meta name=\"twitter:title\" content=\"Paris-Tours 2023 : Parcours complet et profil\" \/>\n<meta name=\"twitter:creator\" content=\"@https:\/\/twitter.com\/LRoisDuPeloton\" \/>\n<meta name=\"twitter:site\" content=\"@dicodusport\" \/>\n<script type=\"application\/ld+json\" class=\"yoast-schema-graph\">{\"@context\":\"https:\/\/schema.org\",\"@graph\":[{\"@type\":\"NewsArticle\",\"@id\":\"https:\/\/dicodusport.fr\/blog\/paris-tours-2023-parcours-favoris-et-profil\/#article\",\"isPartOf\":{\"@id\":\"https:\/\/dicodusport.fr\/blog\/paris-tours-2023-parcours-favoris-et-profil\/\"},\"author\":{\"name\":\"Emilien Descampiaux\",\"@id\":\"https:\/\/dicodusport.fr\/blog\/#\/schema\/person\/6db4bae06b171592211be385b32876a7\"},\"headline\":\"Paris-Tours 2023 : Parcours complet et profil\",\"datePublished\":\"2023-10-08T09:38:55+00:00\",\"mainEntityOfPage\":{\"@id\":\"https:\/\/dicodusport.fr\/blog\/paris-tours-2023-parcours-favoris-et-profil\/\"},\"wordCount\":741,\"commentCount\":0,\"publisher\":{\"@id\":\"https:\/\/dicodusport.fr\/blog\/#organization\"},\"image\":{\"@id\":\"https:\/\/dicodusport.fr\/blog\/paris-tours-2023-parcours-favoris-et-profil\/#primaryimage\"},\"thumbnailUrl\":\"https:\/\/dicodusport.fr\/blog\/wp-content\/uploads\/2023\/10\/Paris-Tours-2023-Parcours-favoris-et-profil.png\",\"keywords\":[\"br\u00e8ve\",\"Cyclisme\",\"Paris-Tours\"],\"articleSection\":[\"Cyclisme sur route\"],\"inLanguage\":\"fr-FR\",\"potentialAction\":[{\"@type\":\"CommentAction\",\"name\":\"Comment\",\"target\":[\"https:\/\/dicodusport.fr\/blog\/paris-tours-2023-parcours-favoris-et-profil\/#respond\"]}],\"copyrightYear\":\"2023\",\"copyrightHolder\":{\"@id\":\"https:\/\/dicodusport.fr\/blog\/#organization\"}},{\"@type\":\"WebPage\",\"@id\":\"https:\/\/dicodusport.fr\/blog\/paris-tours-2023-parcours-favoris-et-profil\/\",\"url\":\"https:\/\/dicodusport.fr\/blog\/paris-tours-2023-parcours-favoris-et-profil\/\",\"name\":\"Paris-Tours 2023 : Parcours complet et profil\",\"isPartOf\":{\"@id\":\"https:\/\/dicodusport.fr\/blog\/#website\"},\"primaryImageOfPage\":{\"@id\":\"https:\/\/dicodusport.fr\/blog\/paris-tours-2023-parcours-favoris-et-profil\/#primaryimage\"},\"image\":{\"@id\":\"https:\/\/dicodusport.fr\/blog\/paris-tours-2023-parcours-favoris-et-profil\/#primaryimage\"},\"thumbnailUrl\":\"https:\/\/dicodusport.fr\/blog\/wp-content\/uploads\/2023\/10\/Paris-Tours-2023-Parcours-favoris-et-profil.png\",\"datePublished\":\"2023-10-08T09:38:55+00:00\",\"description\":\"PARIS-TOURS 2023 - La 117\u00e8me \u00e9dition de Paris-Tours se disputera ce dimanche 8 octobre. Parcours, profil et favoris.\",\"breadcrumb\":{\"@id\":\"https:\/\/dicodusport.fr\/blog\/paris-tours-2023-parcours-favoris-et-profil\/#breadcrumb\"},\"inLanguage\":\"fr-FR\",\"potentialAction\":[{\"@type\":\"ReadAction\",\"target\":[\"https:\/\/dicodusport.fr\/blog\/paris-tours-2023-parcours-favoris-et-profil\/\"]}]},{\"@type\":\"ImageObject\",\"inLanguage\":\"fr-FR\",\"@id\":\"https:\/\/dicodusport.fr\/blog\/paris-tours-2023-parcours-favoris-et-profil\/#primaryimage\",\"url\":\"https:\/\/dicodusport.fr\/blog\/wp-content\/uploads\/2023\/10\/Paris-Tours-2023-Parcours-favoris-et-profil.png\",\"contentUrl\":\"https:\/\/dicodusport.fr\/blog\/wp-content\/uploads\/2023\/10\/Paris-Tours-2023-Parcours-favoris-et-profil.png\",\"width\":800,\"height\":445,\"caption\":\"Paris-Tours 2023 Parcours, favoris et profil\"},{\"@type\":\"BreadcrumbList\",\"@id\":\"https:\/\/dicodusport.fr\/blog\/paris-tours-2023-parcours-favoris-et-profil\/#breadcrumb\",\"itemListElement\":[{\"@type\":\"ListItem\",\"position\":1,\"name\":\"Accueil\",\"item\":\"https:\/\/dicodusport.fr\/blog\/\"},{\"@type\":\"ListItem\",\"position\":2,\"name\":\"Paris-Tours 2023 : Parcours complet et profil\"}]},{\"@type\":\"WebSite\",\"@id\":\"https:\/\/dicodusport.fr\/blog\/#website\",\"url\":\"https:\/\/dicodusport.fr\/blog\/\",\"name\":\"Dicodusport\",\"description\":\"L&#039;encyclop\u00e9die de l&#039;actualit\u00e9 sportive\",\"publisher\":{\"@id\":\"https:\/\/dicodusport.fr\/blog\/#organization\"},\"potentialAction\":[{\"@type\":\"SearchAction\",\"target\":{\"@type\":\"EntryPoint\",\"urlTemplate\":\"https:\/\/dicodusport.fr\/blog\/?s={search_term_string}\"},\"query-input\":{\"@type\":\"PropertyValueSpecification\",\"valueRequired\":true,\"valueName\":\"search_term_string\"}}],\"inLanguage\":\"fr-FR\"},{\"@type\":\"NewsMediaOrganization\",\"@id\":\"https:\/\/dicodusport.fr\/blog\/#organization\",\"name\":\"Dicodusport\",\"url\":\"https:\/\/dicodusport.fr\/blog\/\",\"logo\":{\"@type\":\"ImageObject\",\"inLanguage\":\"fr-FR\",\"@id\":\"https:\/\/dicodusport.fr\/blog\/#\/schema\/logo\/image\/\",\"url\":\"https:\/\/dicodusport.fr\/blog\/wp-content\/uploads\/2020\/06\/cropped-LOGO-DICODUSPORT-2020-SANS-FOND-SANS-TEXTE.png\",\"contentUrl\":\"https:\/\/dicodusport.fr\/blog\/wp-content\/uploads\/2020\/06\/cropped-LOGO-DICODUSPORT-2020-SANS-FOND-SANS-TEXTE.png\",\"width\":512,\"height\":512,\"caption\":\"Dicodusport\"},\"image\":{\"@id\":\"https:\/\/dicodusport.fr\/blog\/#\/schema\/logo\/image\/\"},\"sameAs\":[\"https:\/\/www.facebook.com\/dicodusport\",\"https:\/\/x.com\/dicodusport\",\"https:\/\/www.instagram.com\/dicodusport\/\",\"https:\/\/www.youtube.com\/channel\/UC7V2KZ5sd3htJivAbA4ZG3w\"],\"description\":\"Dicodusport est l'encyclop\u00e9die de l'actualit\u00e9 sportive.\",\"email\":\"bonjour@dicodusport.fr\",\"legalName\":\"DICODUSPORT\",\"foundingDate\":\"2018-01-14\",\"vatID\":\"FR71834470973\",\"taxID\":\"83447097300043\",\"numberOfEmployees\":{\"@type\":\"QuantitativeValue\",\"minValue\":\"1\",\"maxValue\":\"10\"}},{\"@type\":\"Person\",\"@id\":\"https:\/\/dicodusport.fr\/blog\/#\/schema\/person\/6db4bae06b171592211be385b32876a7\",\"name\":\"Emilien Descampiaux\",\"image\":{\"@type\":\"ImageObject\",\"inLanguage\":\"fr-FR\",\"@id\":\"https:\/\/dicodusport.fr\/blog\/#\/schema\/person\/image\/\",\"url\":\"https:\/\/dicodusport.fr\/blog\/wp-content\/uploads\/2021\/05\/Emilien-Descampiaux-150x150.jpg\",\"contentUrl\":\"https:\/\/dicodusport.fr\/blog\/wp-content\/uploads\/2021\/05\/Emilien-Descampiaux-150x150.jpg\",\"caption\":\"Emilien Descampiaux\"},\"description\":\"Journaliste\/r\u00e9dacteur depuis 2014 - Fan de la classe de Frank Vandenbroucke, je vis cyclisme (et de ses paysages) depuis plus de 20 ans. Je suis tr\u00e8s impliqu\u00e9 sur mes diff\u00e9rents r\u00e9seaux sociaux pour partager ma passion sur le monde et l'Histoire de la bicyclette avec ma voix sur les images en noir et blanc du succ\u00e8s de Rik Van Steenbergen lors du Ronde sur le V\u00e9lodrome de Gand.\",\"sameAs\":[\"https:\/\/www.facebook.com\/groups\/LesRoisDuPeloton\",\"https:\/\/x.com\/https:\/\/twitter.com\/LRoisDuPeloton\"],\"url\":\"https:\/\/dicodusport.fr\/blog\/author\/emiliend\/\"}]}<\/script>\n<!-- \/ Yoast SEO Premium plugin. -->","yoast_head_json":{"title":"Paris-Tours 2023 : Parcours complet et profil","description":"PARIS-TOURS 2023 - La 117\u00e8me \u00e9dition de Paris-Tours se disputera ce dimanche 8 octobre. Parcours, profil et favoris.","robots":{"index":"index","follow":"follow","max-snippet":"max-snippet:-1","max-image-preview":"max-image-preview:large","max-video-preview":"max-video-preview:-1"},"canonical":"https:\/\/dicodusport.fr\/blog\/paris-tours-2023-parcours-favoris-et-profil\/","og_locale":"fr_FR","og_type":"article","og_title":"Paris-Tours 2023 : Parcours complet et profil","og_description":"PARIS-TOURS 2023 - La 117\u00e8me \u00e9dition de Paris-Tours se disputera ce dimanche 8 octobre. Parcours, profil et favoris.","og_url":"https:\/\/dicodusport.fr\/blog\/paris-tours-2023-parcours-favoris-et-profil\/","og_site_name":"Dicodusport","article_publisher":"https:\/\/www.facebook.com\/dicodusport","article_author":"https:\/\/www.facebook.com\/groups\/LesRoisDuPeloton","article_published_time":"2023-10-08T09:38:55+00:00","og_image":[{"width":800,"height":445,"url":"https:\/\/dicodusport.fr\/blog\/wp-content\/uploads\/2023\/10\/Paris-Tours-2023-Parcours-favoris-et-profil.png","type":"image\/png"}],"author":"Emilien Descampiaux","twitter_card":"summary_large_image","twitter_title":"Paris-Tours 2023 : Parcours complet et profil","twitter_creator":"@https:\/\/twitter.com\/LRoisDuPeloton","twitter_site":"@dicodusport","schema":{"@context":"https:\/\/schema.org","@graph":[{"@type":"NewsArticle","@id":"https:\/\/dicodusport.fr\/blog\/paris-tours-2023-parcours-favoris-et-profil\/#article","isPartOf":{"@id":"https:\/\/dicodusport.fr\/blog\/paris-tours-2023-parcours-favoris-et-profil\/"},"author":{"name":"Emilien Descampiaux","@id":"https:\/\/dicodusport.fr\/blog\/#\/schema\/person\/6db4bae06b171592211be385b32876a7"},"headline":"Paris-Tours 2023 : Parcours complet et profil","datePublished":"2023-10-08T09:38:55+00:00","mainEntityOfPage":{"@id":"https:\/\/dicodusport.fr\/blog\/paris-tours-2023-parcours-favoris-et-profil\/"},"wordCount":741,"commentCount":0,"publisher":{"@id":"https:\/\/dicodusport.fr\/blog\/#organization"},"image":{"@id":"https:\/\/dicodusport.fr\/blog\/paris-tours-2023-parcours-favoris-et-profil\/#primaryimage"},"thumbnailUrl":"https:\/\/dicodusport.fr\/blog\/wp-content\/uploads\/2023\/10\/Paris-Tours-2023-Parcours-favoris-et-profil.png","keywords":["br\u00e8ve","Cyclisme","Paris-Tours"],"articleSection":["Cyclisme sur route"],"inLanguage":"fr-FR","potentialAction":[{"@type":"CommentAction","name":"Comment","target":["https:\/\/dicodusport.fr\/blog\/paris-tours-2023-parcours-favoris-et-profil\/#respond"]}],"copyrightYear":"2023","copyrightHolder":{"@id":"https:\/\/dicodusport.fr\/blog\/#organization"}},{"@type":"WebPage","@id":"https:\/\/dicodusport.fr\/blog\/paris-tours-2023-parcours-favoris-et-profil\/","url":"https:\/\/dicodusport.fr\/blog\/paris-tours-2023-parcours-favoris-et-profil\/","name":"Paris-Tours 2023 : Parcours complet et profil","isPartOf":{"@id":"https:\/\/dicodusport.fr\/blog\/#website"},"primaryImageOfPage":{"@id":"https:\/\/dicodusport.fr\/blog\/paris-tours-2023-parcours-favoris-et-profil\/#primaryimage"},"image":{"@id":"https:\/\/dicodusport.fr\/blog\/paris-tours-2023-parcours-favoris-et-profil\/#primaryimage"},"thumbnailUrl":"https:\/\/dicodusport.fr\/blog\/wp-content\/uploads\/2023\/10\/Paris-Tours-2023-Parcours-favoris-et-profil.png","datePublished":"2023-10-08T09:38:55+00:00","description":"PARIS-TOURS 2023 - La 117\u00e8me \u00e9dition de Paris-Tours se disputera ce dimanche 8 octobre. Parcours, profil et favoris.","breadcrumb":{"@id":"https:\/\/dicodusport.fr\/blog\/paris-tours-2023-parcours-favoris-et-profil\/#breadcrumb"},"inLanguage":"fr-FR","potentialAction":[{"@type":"ReadAction","target":["https:\/\/dicodusport.fr\/blog\/paris-tours-2023-parcours-favoris-et-profil\/"]}]},{"@type":"ImageObject","inLanguage":"fr-FR","@id":"https:\/\/dicodusport.fr\/blog\/paris-tours-2023-parcours-favoris-et-profil\/#primaryimage","url":"https:\/\/dicodusport.fr\/blog\/wp-content\/uploads\/2023\/10\/Paris-Tours-2023-Parcours-favoris-et-profil.png","contentUrl":"https:\/\/dicodusport.fr\/blog\/wp-content\/uploads\/2023\/10\/Paris-Tours-2023-Parcours-favoris-et-profil.png","width":800,"height":445,"caption":"Paris-Tours 2023 Parcours, favoris et profil"},{"@type":"BreadcrumbList","@id":"https:\/\/dicodusport.fr\/blog\/paris-tours-2023-parcours-favoris-et-profil\/#breadcrumb","itemListElement":[{"@type":"ListItem","position":1,"name":"Accueil","item":"https:\/\/dicodusport.fr\/blog\/"},{"@type":"ListItem","position":2,"name":"Paris-Tours 2023 : Parcours complet et profil"}]},{"@type":"WebSite","@id":"https:\/\/dicodusport.fr\/blog\/#website","url":"https:\/\/dicodusport.fr\/blog\/","name":"Dicodusport","description":"L&#039;encyclop\u00e9die de l&#039;actualit\u00e9 sportive","publisher":{"@id":"https:\/\/dicodusport.fr\/blog\/#organization"},"potentialAction":[{"@type":"SearchAction","target":{"@type":"EntryPoint","urlTemplate":"https:\/\/dicodusport.fr\/blog\/?s={search_term_string}"},"query-input":{"@type":"PropertyValueSpecification","valueRequired":true,"valueName":"search_term_string"}}],"inLanguage":"fr-FR"},{"@type":"NewsMediaOrganization","@id":"https:\/\/dicodusport.fr\/blog\/#organization","name":"Dicodusport","url":"https:\/\/dicodusport.fr\/blog\/","logo":{"@type":"ImageObject","inLanguage":"fr-FR","@id":"https:\/\/dicodusport.fr\/blog\/#\/schema\/logo\/image\/","url":"https:\/\/dicodusport.fr\/blog\/wp-content\/uploads\/2020\/06\/cropped-LOGO-DICODUSPORT-2020-SANS-FOND-SANS-TEXTE.png","contentUrl":"https:\/\/dicodusport.fr\/blog\/wp-content\/uploads\/2020\/06\/cropped-LOGO-DICODUSPORT-2020-SANS-FOND-SANS-TEXTE.png","width":512,"height":512,"caption":"Dicodusport"},"image":{"@id":"https:\/\/dicodusport.fr\/blog\/#\/schema\/logo\/image\/"},"sameAs":["https:\/\/www.facebook.com\/dicodusport","https:\/\/x.com\/dicodusport","https:\/\/www.instagram.com\/dicodusport\/","https:\/\/www.youtube.com\/channel\/UC7V2KZ5sd3htJivAbA4ZG3w"],"description":"Dicodusport est l'encyclop\u00e9die de l'actualit\u00e9 sportive.","email":"bonjour@dicodusport.fr","legalName":"DICODUSPORT","foundingDate":"2018-01-14","vatID":"FR71834470973","taxID":"83447097300043","numberOfEmployees":{"@type":"QuantitativeValue","minValue":"1","maxValue":"10"}},{"@type":"Person","@id":"https:\/\/dicodusport.fr\/blog\/#\/schema\/person\/6db4bae06b171592211be385b32876a7","name":"Emilien Descampiaux","image":{"@type":"ImageObject","inLanguage":"fr-FR","@id":"https:\/\/dicodusport.fr\/blog\/#\/schema\/person\/image\/","url":"https:\/\/dicodusport.fr\/blog\/wp-content\/uploads\/2021\/05\/Emilien-Descampiaux-150x150.jpg","contentUrl":"https:\/\/dicodusport.fr\/blog\/wp-content\/uploads\/2021\/05\/Emilien-Descampiaux-150x150.jpg","caption":"Emilien Descampiaux"},"description":"Journaliste\/r\u00e9dacteur depuis 2014 - Fan de la classe de Frank Vandenbroucke, je vis cyclisme (et de ses paysages) depuis plus de 20 ans. Je suis tr\u00e8s impliqu\u00e9 sur mes diff\u00e9rents r\u00e9seaux sociaux pour partager ma passion sur le monde et l'Histoire de la bicyclette avec ma voix sur les images en noir et blanc du succ\u00e8s de Rik Van Steenbergen lors du Ronde sur le V\u00e9lodrome de Gand.","sameAs":["https:\/\/www.facebook.com\/groups\/LesRoisDuPeloton","https:\/\/x.com\/https:\/\/twitter.com\/LRoisDuPeloton"],"url":"https:\/\/dicodusport.fr\/blog\/author\/emiliend\/"}]}},"_links":{"self":[{"href":"https:\/\/dicodusport.fr\/blog\/wp-json\/wp\/v2\/posts\/425037","targetHints":{"allow":["GET"]}}],"collection":[{"href":"https:\/\/dicodusport.fr\/blog\/wp-json\/wp\/v2\/posts"}],"about":[{"href":"https:\/\/dicodusport.fr\/blog\/wp-json\/wp\/v2\/types\/post"}],"author":[{"embeddable":true,"href":"https:\/\/dicodusport.fr\/blog\/wp-json\/wp\/v2\/users\/48"}],"replies":[{"embeddable":true,"href":"https:\/\/dicodusport.fr\/blog\/wp-json\/wp\/v2\/comments?post=425037"}],"version-history":[{"count":0,"href":"https:\/\/dicodusport.fr\/blog\/wp-json\/wp\/v2\/posts\/425037\/revisions"}],"wp:featuredmedia":[{"embeddable":true,"href":"https:\/\/dicodusport.fr\/blog\/wp-json\/wp\/v2\/media\/426730"}],"wp:attachment":[{"href":"https:\/\/dicodusport.fr\/blog\/wp-json\/wp\/v2\/media?parent=425037"}],"wp:term":[{"taxonomy":"category","embeddable":true,"href":"https:\/\/dicodusport.fr\/blog\/wp-json\/wp\/v2\/categories?post=425037"},{"taxonomy":"post_tag","embeddable":true,"href":"https:\/\/dicodusport.fr\/blog\/wp-json\/wp\/v2\/tags?post=425037"}],"curies":[{"name":"wp","href":"https:\/\/api.w.org\/{rel}","templated":true}]}}