{"id":4252,"date":"2017-08-22T00:20:47","date_gmt":"2017-08-21T23:20:47","guid":{"rendered":"http:\/\/dicodusport.fr\/blog\/?p=4252"},"modified":"2021-07-27T08:34:28","modified_gmt":"2021-07-27T06:34:28","slug":"coulisses-de-ligue-1-3-but-de-l-annee-nabil-fekir","status":"publish","type":"post","link":"https:\/\/dicodusport.fr\/blog\/coulisses-de-ligue-1-3-but-de-l-annee-nabil-fekir\/","title":{"rendered":"Les coulisses de la Ligue 1 #3 : le but de l&rsquo;ann\u00e9e pour Nabil Fekir"},"content":{"rendered":"<p style=\"text-align: justify;\"><span style=\"color: #000000;\"><strong><em>Apr\u00e8s chaque journ\u00e9e de championnat retrouvez sur votre blog\u00a0<\/em><\/strong><\/span><em><strong><a href=\"http:\/\/dicodusport.fr\" target=\"_blank\" rel=\"noopener noreferrer\">dicodusport<\/a><\/strong><\/em><span style=\"color: #000000;\"><strong><em>, \u00ab\u00a0les coulisses de la Ligue 1\u00a0\u00bb. Infos, d\u00e9clarations, tweets ou encore vid\u00e9os marquantes, vous ne raterez rien des dessous de la Ligue 1 ! Dans le troisi\u00e8me \u00e9pisode, retour sur le but exceptionnel de Nabil Fekir contre Bordeaux.<\/em><\/strong><\/span><\/p>\n<p style=\"text-align: justify;\"><span style=\"color: #000000; font-size: 20px;\"><strong>\u2022\u00a0LES INFOS DE LA SEMAINE<\/strong><\/span><\/p>\n<p style=\"text-align: justify;\"><span style=\"color: #000000;\"><strong>Et si on r\u00e9capitule le mercato\u00a0?<\/strong><\/span><\/p>\n<p style=\"text-align: justify;\"><span style=\"color: #000000;\">On en a entendu parler, <strong>Blaise Matuidi<\/strong> a\u00a0quitt\u00e9 le PSG pour la Juventus et <strong>J\u00e9se<\/strong> a\u00a0\u00e9t\u00e9 pr\u00eat\u00e9 \u00e0 Stoke City. C\u00f4t\u00e9 d\u00e9part, <strong>Cavar\u00e9<\/strong>\u00a0a quitt\u00e9 Rennes pour Barnsley, <strong>Falette<\/strong> est parti de Metz<\/span><span style=\"color: #000000;\"> et <strong>Gil Dias<\/strong>\u00a0a quitt\u00e9 la Principaut\u00e9 en pr\u00eat. <strong>Marvin Martin<\/strong>,\u00a0en fin de contrat avec Lille, va tenter de se relancer \u00e0 Reims. <strong>Ait Benasser<\/strong> a \u00e9t\u00e9 pr\u00eat\u00e9\u00a0par Monaco \u00e0\u00a0Cean et <strong>J\u00e9r\u00e9my Cl\u00e9ment<\/strong>\u00a0est parti de l\u2019ASSE pour Nancy. C\u00f4t\u00e9 arriv\u00e9es, <strong>Max-Alain Gradel<\/strong> est pr\u00eat\u00e9 au TFC, <strong>Konat\u00e9<\/strong> a sign\u00e9 \u00e0 Amiens, <strong>Repas<\/strong> \u00e0 Caen,\u00a0<strong>El Ghanassy<\/strong> et <strong>Coulibaly<\/strong> d\u00e9barquent \u00e0 Nantes<\/span><span style=\"color: #000000;\">.<\/span><\/p>\n<p style=\"text-align: justify;\"><span style=\"color: #000000;\"><strong>Et nos clubs fran\u00e7ais en coupe d&rsquo;Europe, \u00e7a donne quoi?<\/strong><\/span><\/p>\n<p style=\"text-align: justify;\"><span style=\"color: #000000;\">En ligue des champions, Nice, r\u00e9duit \u00e0 10, s&rsquo;est inclin\u00e9 \u00e0 Naples sur le score de 2-0 en match aller du dernier\u00a0tour \u00e9liminatoire (match retour \u00e0 Nice le 22\/08 \u00e0 20h45).<\/span><br \/>\n<span style=\"color: #000000;\"> En Europa League, l&rsquo;Olympique de Marseille, qui s&rsquo;est d\u00e9plac\u00e9 sur la pelouse de Domzale, a \u00e9t\u00e9 tenu en \u00e9chec (1-1) jeudi en match aller du dernier\u00a0tour \u00e9liminatoire (match retour au V\u00e9lodrome le 24\/08).<\/span><\/p>\n<p style=\"text-align: justify;\"><span style=\"color: #000000; font-size: 20px;\"><strong>\u2022\u00a0LES TWEETS DE LA SEMAINE<\/strong><\/span><\/p>\n<p style=\"text-align: justify;\"><span style=\"color: #000000;\">L\u2019US Orl\u00e9ans se moque gentiment de <strong>Lucas Ocampos<\/strong> apr\u00e8s la contre performance des Marseillais en Europa League.<\/span><\/p>\n<blockquote class=\"twitter-tweet\" data-lang=\"fr\">\n<p dir=\"ltr\" lang=\"fr\">Non merci &#x200d;&#x2642;&#xfe0f; <a href=\"https:\/\/t.co\/JBNJNsdMFQ\">https:\/\/t.co\/JBNJNsdMFQ<\/a><\/p>\n<p>\u2014 US Orl\u00e9ans (@US_Orleans) <a href=\"https:\/\/twitter.com\/US_Orleans\/status\/898298670646427648\">17 ao\u00fbt 2017<\/a><\/p><\/blockquote>\n<p><script async src=\"\/\/platform.twitter.com\/widgets.js\" charset=\"utf-8\"><\/script><\/p>\n<p><span style=\"color: #000000;\"><strong>Neymar<\/strong> r\u00e9agit \u00e0 l&rsquo;attentat de\u00a0Barcelone.<\/span><\/p>\n<blockquote class=\"twitter-tweet\" data-lang=\"fr\">\n<p dir=\"ltr\" lang=\"pt\">Que Deus conforte todas as fam\u00edlias <a href=\"https:\/\/twitter.com\/hashtag\/PrayForBarcelona?src=hash\">#PrayForBarcelona<\/a> te quiero BARCELONA <a href=\"https:\/\/t.co\/EFv1mvT0pD\">pic.twitter.com\/EFv1mvT0pD<\/a><\/p>\n<p>\u2014 Neymar Jr (@neymarjr) <a href=\"https:\/\/twitter.com\/neymarjr\/status\/898257080741617665\">17 ao\u00fbt 2017<\/a><\/p><\/blockquote>\n<p><script async src=\"\/\/platform.twitter.com\/widgets.js\" charset=\"utf-8\"><\/script><\/p>\n<p><span style=\"color: #000000;\"><strong>Allan Saint-Maximin<\/strong>, tr\u00e8s pr\u00e9sent sur les r\u00e9seaux sociaux, est heureux d&rsquo;avoir jou\u00e9 en Ligue des champions.<\/span><\/p>\n<blockquote class=\"twitter-tweet\" data-lang=\"fr\">\n<p dir=\"ltr\" lang=\"fr\">Merci pr vos msg! Petit qd je jouais au foot sur les plages de la Guyane, je chantais cet hymne\u2026 Hier ct le petit Allan qui souriait pas moi <a href=\"https:\/\/t.co\/RWpuNtQUvL\">https:\/\/t.co\/RWpuNtQUvL<\/a><\/p>\n<p>\u2014 Allan Saint-Maximin (@asaintmaximin) <a href=\"https:\/\/twitter.com\/asaintmaximin\/status\/898084053194354696\">17 ao\u00fbt 2017<\/a><\/p><\/blockquote>\n<p><script async src=\"\/\/platform.twitter.com\/widgets.js\" charset=\"utf-8\"><\/script><\/p>\n<p><span style=\"color: #000000;\">Les joueurs des autres championnats s\u2019int\u00e9ressent \u00e0 la ligue 1.<\/span><\/p>\n<blockquote class=\"twitter-tweet\" data-lang=\"fr\">\n<p dir=\"ltr\" lang=\"fr\">\u00ab\u00a0Marseille a fait quoi ?\u00a0\u00bb Cinq ans apr\u00e8s son d\u00e9part de l&rsquo;OM, Azpilicueta prend toujours des nouvelles du club phoc\u00e9en &#x26aa;&#xfe0f; <a href=\"https:\/\/twitter.com\/TeamOM_Officiel\">@TeamOM_Officiel<\/a> <a href=\"https:\/\/t.co\/r8bNG7jOFk\">pic.twitter.com\/r8bNG7jOFk<\/a><\/p>\n<p>\u2014 SFR Sport (@SFR_Sport) <a href=\"https:\/\/twitter.com\/SFR_Sport\/status\/899348600425250816\">20 ao\u00fbt 2017<\/a><\/p><\/blockquote>\n<p><script async src=\"\/\/platform.twitter.com\/widgets.js\" charset=\"utf-8\"><\/script><\/p>\n<p style=\"text-align: justify;\"><span style=\"color: #000000; font-size: 20px;\"><strong style=\"color: #000000; font-size: 20px;\"><strong>\u2022\u00a0<\/strong>LES DECLARATIONS DE LA SEMAINE<\/strong><\/span><\/p>\n<p style=\"text-align: justify;\"><span style=\"color: #000000;\"><strong>Nabil Fekir<\/strong>, auteur d&rsquo;un tr\u00e8s bon d\u00e9but de saison, affiche timidement ses ambitions personnelles: \u201cla coupe du monde ? On y pense un peu mais c&rsquo;est loin. Une saison c&rsquo;est long et il faut se concentrer \u00e0 200% sur l&rsquo;OL\u201d.<\/span><\/p>\n<p style=\"text-align: justify;\"><span style=\"color: #000000;\"><strong>Bouna Sarr<\/strong>, titulaire ce weekend, a\u00a0dit : \u201cje ne veux pas encore passer une saison sur le banc.\u201d<\/span><\/p>\n<p><span style=\"color: #000000; font-size: 20px;\"><strong>\u2022\u00a0LA STAT&rsquo; DE LA SEMAINE<\/strong><\/span><\/p>\n<p style=\"text-align: justify;\"><span style=\"color: #000000;\">Monaco s&rsquo;est impos\u00e9 par la plus petite des marges sur la pelouse de Metz en match d&rsquo;ouverture de cette 3\u00e8me journ\u00e9e de ligue 1 gr\u00e2ce \u00e0 un but de <strong>Falcao<\/strong>. Gr\u00e2ce \u00e0 cette victoire, l\u2019AS Monaco d\u00e9tient le record du nombre de victoires cons\u00e9cutives en championnat, 15.<\/span><\/p>\n<p style=\"text-align: justify;\"><span style=\"font-size: 20px; color: #000000;\"><strong style=\"color: #000000;\"><strong>\u2022\u00a0<\/strong>LA VIDEO DE LA SEMAINE<\/strong><\/span><\/p>\n<p style=\"text-align: justify;\"><span style=\"color: #000000;\">Lyon\u00a03-3 Bordeaux. Match fou! Nabil Fekir, n\u00e9o-capitaine de l&rsquo;OL a\u00a0inscrit le premier but de cette partie. S\u00fbrement d\u00e9j\u00e0 l&rsquo;un des plus beaux buts de la saison. Voyant le gardien bordelais avanc\u00e9, l&rsquo;attaquant lyonnais\u00a0tente un lob du milieu de terrain (54m) de son mauvais pied apr\u00e8s avoir intercept\u00e9 le ballon. Geste r\u00e9ussi et but magnifique&#8230;<\/span><\/p>\n<p><span class=\"yUwS6i4ZlUCMoBxJTetJNkRemdlaDX0HrqQzIfBvbYH57K9igPwZ4X2cxWEnuTFAVy\"><iframe loading=\"lazy\" title=\"But Nabil FEKIR (10&#039;) \/ Olympique Lyonnais - Girondins de Bordeaux (3-3)  \/ 2017-18\" width=\"740\" height=\"416\" src=\"https:\/\/www.youtube.com\/embed\/8hhVW6XmwxI?feature=oembed\" frameborder=\"0\" allow=\"accelerometer; autoplay; clipboard-write; encrypted-media; gyroscope; picture-in-picture; web-share\" allowfullscreen><\/iframe><\/span><\/p>\n<p style=\"text-align: justify;\"><span style=\"font-size: 20px; color: #000000;\"><strong style=\"color: #000000;\"><strong>\u2022\u00a0<\/strong>LA SURPRISE DE LA SEMAINE<\/strong><\/span><\/p>\n<p style=\"text-align: justify;\"><span style=\"color: #000000;\">Les caenais sont all\u00e9s s&rsquo;imposer au stade Pierre Mauroy de Lille 0-2. Le LOSC, dirig\u00e9\u00a0par Marcelo Bielsa s&rsquo;est fait surprendre sur sa pelouse par une \u00e9quipe de Cean qui a montr\u00e9 de tr\u00e8s belles choses et de l&rsquo;envie d\u00e8s les toutes premi\u00e8res minutes. Les buts sont sign\u00e9s <strong>Da Silva<\/strong> et <strong>Santini<\/strong>.<\/span><\/p>\n<p style=\"text-align: justify;\"><span style=\"font-size: 20px; color: #000000;\"><strong style=\"color: #000000;\"><strong>\u2022\u00a0<\/strong>LE JOUEUR DE LA SEMAINE<\/strong><\/span><\/p>\n<p style=\"text-align: justify;\"><span style=\"color: #000000;\">Apr\u00e8s 2 matchs en ligue 1, <strong>Neymar<\/strong>, la recrue phare du mercato parisien r\u00e9pond d\u00e9j\u00e0 aux attentes. La star br\u00e9silienne a d\u00e9j\u00e0 inscrit 3 buts et d\u00e9livr\u00e9 3 passes d\u00e9cisives. C&rsquo;est aussi lui qui provoque le penalty marqu\u00e9 par <strong>Cavani<\/strong> ce weekend. Il contribue en grande partie \u00e0 la victoire parisienne 6-2 sur des toulousains d\u00e9pass\u00e9s, qui avaient pourtant ouvert le score. C&rsquo;est lui qui inscrit notamment le but \u00e9galisateur qui va d\u00e9clencher\u00a0le retournement de situation dans ce match<\/span><span style=\"color: #000000;\">.<\/span><\/p>\n<p style=\"text-align: justify;\"><span style=\"color: #000000;\"><em><strong>Margaux Bongrand<\/strong><br \/>\n<\/em><a style=\"color: #000000;\" href=\"https:\/\/twitter.com\/marg_om_\" target=\"_blank\" rel=\"noopener noreferrer\"><img loading=\"lazy\" decoding=\"async\" class=\"alignnone wp-image-2908\" src=\"http:\/\/dicodusport.fr\/blog\/wp-content\/uploads\/2017\/07\/logo-twitter-150x150.png\" alt=\"\" width=\"39\" height=\"39\" \/><\/a><\/span><\/p>\n","protected":false},"excerpt":{"rendered":"<p>Apr\u00e8s chaque journ\u00e9e de championnat retrouvez sur votre blog\u00a0dicodusport, \u00ab\u00a0les coulisses de la Ligue 1\u00a0\u00bb. Infos, d\u00e9clarations, tweets ou encore vid\u00e9os marquantes, vous ne raterez rien des dessous de la Ligue 1 ! Dans le troisi\u00e8me \u00e9pisode, retour sur le but exceptionnel de Nabil Fekir contre Bordeaux. \u2022\u00a0LES INFOS DE LA SEMAINE Et si on [&hellip;]<\/p>\n","protected":false},"author":1,"featured_media":150858,"comment_status":"open","ping_status":"closed","sticky":false,"template":"","format":"standard","meta":{"_acf_changed":false,"_daextam_enable_autolinks":"","footnotes":""},"categories":[2,2301],"tags":[1677,74,75,1554,451,1555,1678,1494,1145,910,1679],"class_list":["post-4252","post","type-post","status-publish","format-standard","has-post-thumbnail","hentry","category-actualites","category-football","tag-fekir","tag-foot","tag-football","tag-ligue-1","tag-lille","tag-mercato","tag-monaco","tag-neymar","tag-ol","tag-psg","tag-record"],"acf":[],"yoast_head":"<!-- This site is optimized with the Yoast SEO Premium plugin v26.7 (Yoast SEO v26.7) - https:\/\/yoast.com\/wordpress\/plugins\/seo\/ -->\n<title>Les coulisses de la Ligue 1 #3 : le but de l&#039;ann\u00e9e pour Nabil Fekir<\/title>\n<meta name=\"description\" content=\"Les coulisses de la Ligue 1 : Dans le troisi\u00e8me \u00e9pisode, retour sur le but exceptionnel de Nabil Fekir contre Bordeaux (3-3).\" \/>\n<meta name=\"robots\" content=\"index, follow, max-snippet:-1, max-image-preview:large, max-video-preview:-1\" \/>\n<link rel=\"canonical\" href=\"https:\/\/dicodusport.fr\/blog\/coulisses-de-ligue-1-3-but-de-l-annee-nabil-fekir\/\" \/>\n<meta property=\"og:locale\" content=\"fr_FR\" \/>\n<meta property=\"og:type\" content=\"article\" \/>\n<meta property=\"og:title\" content=\"Les coulisses de la Ligue 1 #3 : le but de l&#039;ann\u00e9e pour Nabil Fekir\" \/>\n<meta property=\"og:description\" content=\"Les coulisses de la Ligue 1 : Dans le troisi\u00e8me \u00e9pisode, retour sur le but exceptionnel de Nabil Fekir contre Bordeaux (3-3).\" \/>\n<meta property=\"og:url\" content=\"https:\/\/dicodusport.fr\/blog\/coulisses-de-ligue-1-3-but-de-l-annee-nabil-fekir\/\" \/>\n<meta property=\"og:site_name\" content=\"Dicodusport\" \/>\n<meta property=\"article:publisher\" content=\"https:\/\/www.facebook.com\/dicodusport\" \/>\n<meta property=\"article:author\" content=\"https:\/\/www.facebook.com\/dicodusport\" \/>\n<meta property=\"article:published_time\" content=\"2017-08-21T23:20:47+00:00\" \/>\n<meta property=\"article:modified_time\" content=\"2021-07-27T06:34:28+00:00\" \/>\n<meta property=\"og:image\" content=\"https:\/\/dicodusport.fr\/blog\/wp-content\/uploads\/2017\/08\/Le-but-de-lanne\u0301e-pour-Nabil-Fekir.png\" \/>\n\t<meta property=\"og:image:width\" content=\"800\" \/>\n\t<meta property=\"og:image:height\" content=\"445\" \/>\n\t<meta property=\"og:image:type\" content=\"image\/png\" \/>\n<meta name=\"author\" content=\"Nicolas Jacquemard\" \/>\n<meta name=\"twitter:card\" content=\"summary_large_image\" \/>\n<meta name=\"twitter:creator\" content=\"@https:\/\/twitter.com\/Nico_Jacquemard\" \/>\n<meta name=\"twitter:site\" content=\"@dicodusport\" \/>\n<script type=\"application\/ld+json\" class=\"yoast-schema-graph\">{\"@context\":\"https:\/\/schema.org\",\"@graph\":[{\"@type\":\"NewsArticle\",\"@id\":\"https:\/\/dicodusport.fr\/blog\/coulisses-de-ligue-1-3-but-de-l-annee-nabil-fekir\/#article\",\"isPartOf\":{\"@id\":\"https:\/\/dicodusport.fr\/blog\/coulisses-de-ligue-1-3-but-de-l-annee-nabil-fekir\/\"},\"author\":{\"name\":\"Nicolas Jacquemard\",\"@id\":\"https:\/\/dicodusport.fr\/blog\/#\/schema\/person\/55dcb50ad410894e431ed812bbb70191\"},\"headline\":\"Les coulisses de la Ligue 1 #3 : le but de l&rsquo;ann\u00e9e pour Nabil Fekir\",\"datePublished\":\"2017-08-21T23:20:47+00:00\",\"dateModified\":\"2021-07-27T06:34:28+00:00\",\"mainEntityOfPage\":{\"@id\":\"https:\/\/dicodusport.fr\/blog\/coulisses-de-ligue-1-3-but-de-l-annee-nabil-fekir\/\"},\"wordCount\":798,\"commentCount\":0,\"publisher\":{\"@id\":\"https:\/\/dicodusport.fr\/blog\/#organization\"},\"image\":{\"@id\":\"https:\/\/dicodusport.fr\/blog\/coulisses-de-ligue-1-3-but-de-l-annee-nabil-fekir\/#primaryimage\"},\"thumbnailUrl\":\"https:\/\/dicodusport.fr\/blog\/wp-content\/uploads\/2017\/08\/Le-but-de-lanne\u0301e-pour-Nabil-Fekir.png\",\"keywords\":[\"Fekir\",\"foot\",\"Football\",\"Ligue 1\",\"Lille\",\"Mercato\",\"Monaco\",\"Neymar\",\"OL\",\"PSG\",\"Record\"],\"articleSection\":[\"Actualit\u00e9s\",\"Football\"],\"inLanguage\":\"fr-FR\",\"potentialAction\":[{\"@type\":\"CommentAction\",\"name\":\"Comment\",\"target\":[\"https:\/\/dicodusport.fr\/blog\/coulisses-de-ligue-1-3-but-de-l-annee-nabil-fekir\/#respond\"]}],\"copyrightYear\":\"2017\",\"copyrightHolder\":{\"@id\":\"https:\/\/dicodusport.fr\/blog\/#organization\"}},{\"@type\":\"WebPage\",\"@id\":\"https:\/\/dicodusport.fr\/blog\/coulisses-de-ligue-1-3-but-de-l-annee-nabil-fekir\/\",\"url\":\"https:\/\/dicodusport.fr\/blog\/coulisses-de-ligue-1-3-but-de-l-annee-nabil-fekir\/\",\"name\":\"Les coulisses de la Ligue 1 #3 : le but de l'ann\u00e9e pour Nabil Fekir\",\"isPartOf\":{\"@id\":\"https:\/\/dicodusport.fr\/blog\/#website\"},\"primaryImageOfPage\":{\"@id\":\"https:\/\/dicodusport.fr\/blog\/coulisses-de-ligue-1-3-but-de-l-annee-nabil-fekir\/#primaryimage\"},\"image\":{\"@id\":\"https:\/\/dicodusport.fr\/blog\/coulisses-de-ligue-1-3-but-de-l-annee-nabil-fekir\/#primaryimage\"},\"thumbnailUrl\":\"https:\/\/dicodusport.fr\/blog\/wp-content\/uploads\/2017\/08\/Le-but-de-lanne\u0301e-pour-Nabil-Fekir.png\",\"datePublished\":\"2017-08-21T23:20:47+00:00\",\"dateModified\":\"2021-07-27T06:34:28+00:00\",\"description\":\"Les coulisses de la Ligue 1 : Dans le troisi\u00e8me \u00e9pisode, retour sur le but exceptionnel de Nabil Fekir contre Bordeaux (3-3).\",\"breadcrumb\":{\"@id\":\"https:\/\/dicodusport.fr\/blog\/coulisses-de-ligue-1-3-but-de-l-annee-nabil-fekir\/#breadcrumb\"},\"inLanguage\":\"fr-FR\",\"potentialAction\":[{\"@type\":\"ReadAction\",\"target\":[\"https:\/\/dicodusport.fr\/blog\/coulisses-de-ligue-1-3-but-de-l-annee-nabil-fekir\/\"]}]},{\"@type\":\"ImageObject\",\"inLanguage\":\"fr-FR\",\"@id\":\"https:\/\/dicodusport.fr\/blog\/coulisses-de-ligue-1-3-but-de-l-annee-nabil-fekir\/#primaryimage\",\"url\":\"https:\/\/dicodusport.fr\/blog\/wp-content\/uploads\/2017\/08\/Le-but-de-lanne\u0301e-pour-Nabil-Fekir.png\",\"contentUrl\":\"https:\/\/dicodusport.fr\/blog\/wp-content\/uploads\/2017\/08\/Le-but-de-lanne\u0301e-pour-Nabil-Fekir.png\",\"width\":800,\"height\":445},{\"@type\":\"BreadcrumbList\",\"@id\":\"https:\/\/dicodusport.fr\/blog\/coulisses-de-ligue-1-3-but-de-l-annee-nabil-fekir\/#breadcrumb\",\"itemListElement\":[{\"@type\":\"ListItem\",\"position\":1,\"name\":\"Accueil\",\"item\":\"https:\/\/dicodusport.fr\/blog\/\"},{\"@type\":\"ListItem\",\"position\":2,\"name\":\"Les coulisses de la Ligue 1 #3 : le but de l&rsquo;ann\u00e9e pour Nabil Fekir\"}]},{\"@type\":\"WebSite\",\"@id\":\"https:\/\/dicodusport.fr\/blog\/#website\",\"url\":\"https:\/\/dicodusport.fr\/blog\/\",\"name\":\"Dicodusport\",\"description\":\"L&#039;encyclop\u00e9die de l&#039;actualit\u00e9 sportive\",\"publisher\":{\"@id\":\"https:\/\/dicodusport.fr\/blog\/#organization\"},\"potentialAction\":[{\"@type\":\"SearchAction\",\"target\":{\"@type\":\"EntryPoint\",\"urlTemplate\":\"https:\/\/dicodusport.fr\/blog\/?s={search_term_string}\"},\"query-input\":{\"@type\":\"PropertyValueSpecification\",\"valueRequired\":true,\"valueName\":\"search_term_string\"}}],\"inLanguage\":\"fr-FR\"},{\"@type\":\"NewsMediaOrganization\",\"@id\":\"https:\/\/dicodusport.fr\/blog\/#organization\",\"name\":\"Dicodusport\",\"url\":\"https:\/\/dicodusport.fr\/blog\/\",\"logo\":{\"@type\":\"ImageObject\",\"inLanguage\":\"fr-FR\",\"@id\":\"https:\/\/dicodusport.fr\/blog\/#\/schema\/logo\/image\/\",\"url\":\"https:\/\/dicodusport.fr\/blog\/wp-content\/uploads\/2020\/06\/cropped-LOGO-DICODUSPORT-2020-SANS-FOND-SANS-TEXTE.png\",\"contentUrl\":\"https:\/\/dicodusport.fr\/blog\/wp-content\/uploads\/2020\/06\/cropped-LOGO-DICODUSPORT-2020-SANS-FOND-SANS-TEXTE.png\",\"width\":512,\"height\":512,\"caption\":\"Dicodusport\"},\"image\":{\"@id\":\"https:\/\/dicodusport.fr\/blog\/#\/schema\/logo\/image\/\"},\"sameAs\":[\"https:\/\/www.facebook.com\/dicodusport\",\"https:\/\/x.com\/dicodusport\",\"https:\/\/www.instagram.com\/dicodusport\/\",\"https:\/\/www.youtube.com\/channel\/UC7V2KZ5sd3htJivAbA4ZG3w\"],\"description\":\"Dicodusport est l'encyclop\u00e9die de l'actualit\u00e9 sportive.\",\"email\":\"bonjour@dicodusport.fr\",\"legalName\":\"DICODUSPORT\",\"foundingDate\":\"2018-01-14\",\"vatID\":\"FR71834470973\",\"taxID\":\"83447097300043\",\"numberOfEmployees\":{\"@type\":\"QuantitativeValue\",\"minValue\":\"1\",\"maxValue\":\"10\"}},{\"@type\":\"Person\",\"@id\":\"https:\/\/dicodusport.fr\/blog\/#\/schema\/person\/55dcb50ad410894e431ed812bbb70191\",\"name\":\"Nicolas Jacquemard\",\"image\":{\"@type\":\"ImageObject\",\"inLanguage\":\"fr-FR\",\"@id\":\"https:\/\/dicodusport.fr\/blog\/#\/schema\/person\/image\/\",\"url\":\"https:\/\/dicodusport.fr\/blog\/wp-content\/uploads\/2021\/05\/Nicolas-Jacquemard-150x150.jpeg\",\"contentUrl\":\"https:\/\/dicodusport.fr\/blog\/wp-content\/uploads\/2021\/05\/Nicolas-Jacquemard-150x150.jpeg\",\"caption\":\"Nicolas Jacquemard\"},\"description\":\"Passionn\u00e9 de sport et entrepreneur depuis mes 18 ans, la cr\u00e9ation de Dicodusport m'a sembl\u00e9 \u00e9vidente pour participer \u00e0 la m\u00e9diatisation d'un plus grand nombre de sports. Le chemin est long mais avec une \u00e9quipe des plus motiv\u00e9es et les Jeux Olympiques de Paris 2024 en point de mire, nous y arriverons ! Journaliste dans le monde du sport depuis plus de 5 ans, je traite aussi bien de football, de rugby, de biathlon que de cyclisme.\",\"sameAs\":[\"https:\/\/www.facebook.com\/dicodusport\",\"https:\/\/x.com\/https:\/\/twitter.com\/Nico_Jacquemard\"],\"url\":\"https:\/\/dicodusport.fr\/blog\/author\/dicodusport\/\"}]}<\/script>\n<!-- \/ Yoast SEO Premium plugin. -->","yoast_head_json":{"title":"Les coulisses de la Ligue 1 #3 : le but de l'ann\u00e9e pour Nabil Fekir","description":"Les coulisses de la Ligue 1 : Dans le troisi\u00e8me \u00e9pisode, retour sur le but exceptionnel de Nabil Fekir contre Bordeaux (3-3).","robots":{"index":"index","follow":"follow","max-snippet":"max-snippet:-1","max-image-preview":"max-image-preview:large","max-video-preview":"max-video-preview:-1"},"canonical":"https:\/\/dicodusport.fr\/blog\/coulisses-de-ligue-1-3-but-de-l-annee-nabil-fekir\/","og_locale":"fr_FR","og_type":"article","og_title":"Les coulisses de la Ligue 1 #3 : le but de l'ann\u00e9e pour Nabil Fekir","og_description":"Les coulisses de la Ligue 1 : Dans le troisi\u00e8me \u00e9pisode, retour sur le but exceptionnel de Nabil Fekir contre Bordeaux (3-3).","og_url":"https:\/\/dicodusport.fr\/blog\/coulisses-de-ligue-1-3-but-de-l-annee-nabil-fekir\/","og_site_name":"Dicodusport","article_publisher":"https:\/\/www.facebook.com\/dicodusport","article_author":"https:\/\/www.facebook.com\/dicodusport","article_published_time":"2017-08-21T23:20:47+00:00","article_modified_time":"2021-07-27T06:34:28+00:00","og_image":[{"width":800,"height":445,"url":"https:\/\/dicodusport.fr\/blog\/wp-content\/uploads\/2017\/08\/Le-but-de-lanne\u0301e-pour-Nabil-Fekir.png","type":"image\/png"}],"author":"Nicolas Jacquemard","twitter_card":"summary_large_image","twitter_creator":"@https:\/\/twitter.com\/Nico_Jacquemard","twitter_site":"@dicodusport","schema":{"@context":"https:\/\/schema.org","@graph":[{"@type":"NewsArticle","@id":"https:\/\/dicodusport.fr\/blog\/coulisses-de-ligue-1-3-but-de-l-annee-nabil-fekir\/#article","isPartOf":{"@id":"https:\/\/dicodusport.fr\/blog\/coulisses-de-ligue-1-3-but-de-l-annee-nabil-fekir\/"},"author":{"name":"Nicolas Jacquemard","@id":"https:\/\/dicodusport.fr\/blog\/#\/schema\/person\/55dcb50ad410894e431ed812bbb70191"},"headline":"Les coulisses de la Ligue 1 #3 : le but de l&rsquo;ann\u00e9e pour Nabil Fekir","datePublished":"2017-08-21T23:20:47+00:00","dateModified":"2021-07-27T06:34:28+00:00","mainEntityOfPage":{"@id":"https:\/\/dicodusport.fr\/blog\/coulisses-de-ligue-1-3-but-de-l-annee-nabil-fekir\/"},"wordCount":798,"commentCount":0,"publisher":{"@id":"https:\/\/dicodusport.fr\/blog\/#organization"},"image":{"@id":"https:\/\/dicodusport.fr\/blog\/coulisses-de-ligue-1-3-but-de-l-annee-nabil-fekir\/#primaryimage"},"thumbnailUrl":"https:\/\/dicodusport.fr\/blog\/wp-content\/uploads\/2017\/08\/Le-but-de-lanne\u0301e-pour-Nabil-Fekir.png","keywords":["Fekir","foot","Football","Ligue 1","Lille","Mercato","Monaco","Neymar","OL","PSG","Record"],"articleSection":["Actualit\u00e9s","Football"],"inLanguage":"fr-FR","potentialAction":[{"@type":"CommentAction","name":"Comment","target":["https:\/\/dicodusport.fr\/blog\/coulisses-de-ligue-1-3-but-de-l-annee-nabil-fekir\/#respond"]}],"copyrightYear":"2017","copyrightHolder":{"@id":"https:\/\/dicodusport.fr\/blog\/#organization"}},{"@type":"WebPage","@id":"https:\/\/dicodusport.fr\/blog\/coulisses-de-ligue-1-3-but-de-l-annee-nabil-fekir\/","url":"https:\/\/dicodusport.fr\/blog\/coulisses-de-ligue-1-3-but-de-l-annee-nabil-fekir\/","name":"Les coulisses de la Ligue 1 #3 : le but de l'ann\u00e9e pour Nabil Fekir","isPartOf":{"@id":"https:\/\/dicodusport.fr\/blog\/#website"},"primaryImageOfPage":{"@id":"https:\/\/dicodusport.fr\/blog\/coulisses-de-ligue-1-3-but-de-l-annee-nabil-fekir\/#primaryimage"},"image":{"@id":"https:\/\/dicodusport.fr\/blog\/coulisses-de-ligue-1-3-but-de-l-annee-nabil-fekir\/#primaryimage"},"thumbnailUrl":"https:\/\/dicodusport.fr\/blog\/wp-content\/uploads\/2017\/08\/Le-but-de-lanne\u0301e-pour-Nabil-Fekir.png","datePublished":"2017-08-21T23:20:47+00:00","dateModified":"2021-07-27T06:34:28+00:00","description":"Les coulisses de la Ligue 1 : Dans le troisi\u00e8me \u00e9pisode, retour sur le but exceptionnel de Nabil Fekir contre Bordeaux (3-3).","breadcrumb":{"@id":"https:\/\/dicodusport.fr\/blog\/coulisses-de-ligue-1-3-but-de-l-annee-nabil-fekir\/#breadcrumb"},"inLanguage":"fr-FR","potentialAction":[{"@type":"ReadAction","target":["https:\/\/dicodusport.fr\/blog\/coulisses-de-ligue-1-3-but-de-l-annee-nabil-fekir\/"]}]},{"@type":"ImageObject","inLanguage":"fr-FR","@id":"https:\/\/dicodusport.fr\/blog\/coulisses-de-ligue-1-3-but-de-l-annee-nabil-fekir\/#primaryimage","url":"https:\/\/dicodusport.fr\/blog\/wp-content\/uploads\/2017\/08\/Le-but-de-lanne\u0301e-pour-Nabil-Fekir.png","contentUrl":"https:\/\/dicodusport.fr\/blog\/wp-content\/uploads\/2017\/08\/Le-but-de-lanne\u0301e-pour-Nabil-Fekir.png","width":800,"height":445},{"@type":"BreadcrumbList","@id":"https:\/\/dicodusport.fr\/blog\/coulisses-de-ligue-1-3-but-de-l-annee-nabil-fekir\/#breadcrumb","itemListElement":[{"@type":"ListItem","position":1,"name":"Accueil","item":"https:\/\/dicodusport.fr\/blog\/"},{"@type":"ListItem","position":2,"name":"Les coulisses de la Ligue 1 #3 : le but de l&rsquo;ann\u00e9e pour Nabil Fekir"}]},{"@type":"WebSite","@id":"https:\/\/dicodusport.fr\/blog\/#website","url":"https:\/\/dicodusport.fr\/blog\/","name":"Dicodusport","description":"L&#039;encyclop\u00e9die de l&#039;actualit\u00e9 sportive","publisher":{"@id":"https:\/\/dicodusport.fr\/blog\/#organization"},"potentialAction":[{"@type":"SearchAction","target":{"@type":"EntryPoint","urlTemplate":"https:\/\/dicodusport.fr\/blog\/?s={search_term_string}"},"query-input":{"@type":"PropertyValueSpecification","valueRequired":true,"valueName":"search_term_string"}}],"inLanguage":"fr-FR"},{"@type":"NewsMediaOrganization","@id":"https:\/\/dicodusport.fr\/blog\/#organization","name":"Dicodusport","url":"https:\/\/dicodusport.fr\/blog\/","logo":{"@type":"ImageObject","inLanguage":"fr-FR","@id":"https:\/\/dicodusport.fr\/blog\/#\/schema\/logo\/image\/","url":"https:\/\/dicodusport.fr\/blog\/wp-content\/uploads\/2020\/06\/cropped-LOGO-DICODUSPORT-2020-SANS-FOND-SANS-TEXTE.png","contentUrl":"https:\/\/dicodusport.fr\/blog\/wp-content\/uploads\/2020\/06\/cropped-LOGO-DICODUSPORT-2020-SANS-FOND-SANS-TEXTE.png","width":512,"height":512,"caption":"Dicodusport"},"image":{"@id":"https:\/\/dicodusport.fr\/blog\/#\/schema\/logo\/image\/"},"sameAs":["https:\/\/www.facebook.com\/dicodusport","https:\/\/x.com\/dicodusport","https:\/\/www.instagram.com\/dicodusport\/","https:\/\/www.youtube.com\/channel\/UC7V2KZ5sd3htJivAbA4ZG3w"],"description":"Dicodusport est l'encyclop\u00e9die de l'actualit\u00e9 sportive.","email":"bonjour@dicodusport.fr","legalName":"DICODUSPORT","foundingDate":"2018-01-14","vatID":"FR71834470973","taxID":"83447097300043","numberOfEmployees":{"@type":"QuantitativeValue","minValue":"1","maxValue":"10"}},{"@type":"Person","@id":"https:\/\/dicodusport.fr\/blog\/#\/schema\/person\/55dcb50ad410894e431ed812bbb70191","name":"Nicolas Jacquemard","image":{"@type":"ImageObject","inLanguage":"fr-FR","@id":"https:\/\/dicodusport.fr\/blog\/#\/schema\/person\/image\/","url":"https:\/\/dicodusport.fr\/blog\/wp-content\/uploads\/2021\/05\/Nicolas-Jacquemard-150x150.jpeg","contentUrl":"https:\/\/dicodusport.fr\/blog\/wp-content\/uploads\/2021\/05\/Nicolas-Jacquemard-150x150.jpeg","caption":"Nicolas Jacquemard"},"description":"Passionn\u00e9 de sport et entrepreneur depuis mes 18 ans, la cr\u00e9ation de Dicodusport m'a sembl\u00e9 \u00e9vidente pour participer \u00e0 la m\u00e9diatisation d'un plus grand nombre de sports. Le chemin est long mais avec une \u00e9quipe des plus motiv\u00e9es et les Jeux Olympiques de Paris 2024 en point de mire, nous y arriverons ! Journaliste dans le monde du sport depuis plus de 5 ans, je traite aussi bien de football, de rugby, de biathlon que de cyclisme.","sameAs":["https:\/\/www.facebook.com\/dicodusport","https:\/\/x.com\/https:\/\/twitter.com\/Nico_Jacquemard"],"url":"https:\/\/dicodusport.fr\/blog\/author\/dicodusport\/"}]}},"_links":{"self":[{"href":"https:\/\/dicodusport.fr\/blog\/wp-json\/wp\/v2\/posts\/4252","targetHints":{"allow":["GET"]}}],"collection":[{"href":"https:\/\/dicodusport.fr\/blog\/wp-json\/wp\/v2\/posts"}],"about":[{"href":"https:\/\/dicodusport.fr\/blog\/wp-json\/wp\/v2\/types\/post"}],"author":[{"embeddable":true,"href":"https:\/\/dicodusport.fr\/blog\/wp-json\/wp\/v2\/users\/1"}],"replies":[{"embeddable":true,"href":"https:\/\/dicodusport.fr\/blog\/wp-json\/wp\/v2\/comments?post=4252"}],"version-history":[{"count":0,"href":"https:\/\/dicodusport.fr\/blog\/wp-json\/wp\/v2\/posts\/4252\/revisions"}],"wp:featuredmedia":[{"embeddable":true,"href":"https:\/\/dicodusport.fr\/blog\/wp-json\/wp\/v2\/media\/150858"}],"wp:attachment":[{"href":"https:\/\/dicodusport.fr\/blog\/wp-json\/wp\/v2\/media?parent=4252"}],"wp:term":[{"taxonomy":"category","embeddable":true,"href":"https:\/\/dicodusport.fr\/blog\/wp-json\/wp\/v2\/categories?post=4252"},{"taxonomy":"post_tag","embeddable":true,"href":"https:\/\/dicodusport.fr\/blog\/wp-json\/wp\/v2\/tags?post=4252"}],"curies":[{"name":"wp","href":"https:\/\/api.w.org\/{rel}","templated":true}]}}