{"id":42526,"date":"2019-07-05T09:24:33","date_gmt":"2019-07-05T07:24:33","guid":{"rendered":"http:\/\/dicodusport.fr\/blog\/?p=42526"},"modified":"2019-07-26T22:48:13","modified_gmt":"2019-07-26T20:48:13","slug":"tour-de-france-2019-le-profil-des-etapes","status":"publish","type":"post","link":"https:\/\/dicodusport.fr\/blog\/tour-de-france-2019-le-profil-des-etapes\/","title":{"rendered":"Tour de France 2019 : le profil des \u00e9tapes"},"content":{"rendered":"<p style=\"text-align: justify;\"><em><strong>Le 106\u00e8me <a href=\"https:\/\/www.letour.fr\/fr\/\" target=\"_blank\" rel=\"noopener\">Tour de France<\/a> partira de Bruxelles ce samedi et s&rsquo;ach\u00e8vera sur les Champs-\u00c9lys\u00e9es, le 28 juillet. Retrouvez le profil des 21 \u00e9tapes.<br \/>\n<\/strong><\/em><\/p>\n<h1 style=\"text-align: justify;\">1\u00e8re \u00e9tape : Bruxelles &#8211; Bruxelles (samedi 6 juillet)<\/h1>\n<div id=\"attachment_42527\" style=\"width: 1410px\" class=\"wp-caption aligncenter\"><img loading=\"lazy\" decoding=\"async\" aria-describedby=\"caption-attachment-42527\" class=\"wp-image-42527 size-full\" src=\"http:\/\/dicodusport.fr\/blog\/wp-content\/uploads\/2019\/07\/Tour-de-France-2019-1\u00e8re-\u00e9tape-Bruxelles-Bruxelles.jpg\" alt=\"\" width=\"1400\" height=\"625\" srcset=\"https:\/\/dicodusport.fr\/blog\/wp-content\/uploads\/2019\/07\/Tour-de-France-2019-1\u00e8re-\u00e9tape-Bruxelles-Bruxelles.jpg 1400w, https:\/\/dicodusport.fr\/blog\/wp-content\/uploads\/2019\/07\/Tour-de-France-2019-1\u00e8re-\u00e9tape-Bruxelles-Bruxelles-300x134.jpg 300w, https:\/\/dicodusport.fr\/blog\/wp-content\/uploads\/2019\/07\/Tour-de-France-2019-1\u00e8re-\u00e9tape-Bruxelles-Bruxelles-768x343.jpg 768w, https:\/\/dicodusport.fr\/blog\/wp-content\/uploads\/2019\/07\/Tour-de-France-2019-1\u00e8re-\u00e9tape-Bruxelles-Bruxelles-1024x457.jpg 1024w\" sizes=\"auto, (max-width: 1400px) 100vw, 1400px\" \/><p id=\"caption-attachment-42527\" class=\"wp-caption-text\">Tour de France 2019 &#8211; 1\u00e8re \u00e9tape &#8211; Bruxelles &#8211; Bruxelles<\/p><\/div>\n<p style=\"text-align: center;\"><a href=\"http:\/\/dicodusport.fr\/blog\/tour-de-france-2019-le-profil-des-etapes\/2\/#deux\" class=\"su-button su-button-style-flat\" style=\"color:#FFFFFF;background-color:#005f9b;border-color:#004c7c;border-radius:4px\" target=\"_self\"><span style=\"color:#FFFFFF;padding:0px 20px;font-size:16px;line-height:32px;border-color:#4d8fb9;border-radius:4px;text-shadow:none\"> 2\u00e8me \u00e9tape<\/span><\/a><!--nextpage--><\/p>\n<h1 style=\"text-align: justify;\"><a id=\"deux\"><\/a>2\u00e8me \u00e9tape : Bruxelles &#8211; Bruxelles (dimanche 7 juillet)<\/h1>\n<div id=\"attachment_42528\" style=\"width: 1210px\" class=\"wp-caption aligncenter\"><img loading=\"lazy\" decoding=\"async\" aria-describedby=\"caption-attachment-42528\" class=\"wp-image-42528 size-full\" src=\"http:\/\/dicodusport.fr\/blog\/wp-content\/uploads\/2019\/07\/Tour-de-France-2019-2\u00e8me-\u00e9tape-Bruxelles-Bruxelles.jpg\" alt=\"\" width=\"1200\" height=\"625\" srcset=\"https:\/\/dicodusport.fr\/blog\/wp-content\/uploads\/2019\/07\/Tour-de-France-2019-2\u00e8me-\u00e9tape-Bruxelles-Bruxelles.jpg 1200w, https:\/\/dicodusport.fr\/blog\/wp-content\/uploads\/2019\/07\/Tour-de-France-2019-2\u00e8me-\u00e9tape-Bruxelles-Bruxelles-300x156.jpg 300w, https:\/\/dicodusport.fr\/blog\/wp-content\/uploads\/2019\/07\/Tour-de-France-2019-2\u00e8me-\u00e9tape-Bruxelles-Bruxelles-768x400.jpg 768w, https:\/\/dicodusport.fr\/blog\/wp-content\/uploads\/2019\/07\/Tour-de-France-2019-2\u00e8me-\u00e9tape-Bruxelles-Bruxelles-1024x533.jpg 1024w\" sizes=\"auto, (max-width: 1200px) 100vw, 1200px\" \/><p id=\"caption-attachment-42528\" class=\"wp-caption-text\">Tour de France 2019 &#8211; 2\u00e8me \u00e9tape &#8211; Bruxelles &#8211; Bruxelles<\/p><\/div>\n<p style=\"text-align: center;\"><a href=\"http:\/\/dicodusport.fr\/blog\/tour-de-france-2019-le-profil-des-etapes\/3\/#trois\" class=\"su-button su-button-style-flat\" style=\"color:#FFFFFF;background-color:#005f9b;border-color:#004c7c;border-radius:4px\" target=\"_self\"><span style=\"color:#FFFFFF;padding:0px 20px;font-size:16px;line-height:32px;border-color:#4d8fb9;border-radius:4px;text-shadow:none\"> 3\u00e8me \u00e9tape<\/span><\/a>\n<p><!--nextpage--><\/p>\n<h1 style=\"text-align: justify;\"><a id=\"trois\"><\/a>3\u00e8me \u00e9tape : Binche &#8211; \u00c9pernay (lundi 8 juillet)<\/h1>\n<div id=\"attachment_42529\" style=\"width: 1610px\" class=\"wp-caption aligncenter\"><img loading=\"lazy\" decoding=\"async\" aria-describedby=\"caption-attachment-42529\" class=\"wp-image-42529 size-full\" src=\"http:\/\/dicodusport.fr\/blog\/wp-content\/uploads\/2019\/07\/Tour-de-France-2019-3\u00e8me-\u00e9tape-Binche-Epernay.jpg\" alt=\"\" width=\"1600\" height=\"625\" srcset=\"https:\/\/dicodusport.fr\/blog\/wp-content\/uploads\/2019\/07\/Tour-de-France-2019-3\u00e8me-\u00e9tape-Binche-Epernay.jpg 1600w, https:\/\/dicodusport.fr\/blog\/wp-content\/uploads\/2019\/07\/Tour-de-France-2019-3\u00e8me-\u00e9tape-Binche-Epernay-300x117.jpg 300w, https:\/\/dicodusport.fr\/blog\/wp-content\/uploads\/2019\/07\/Tour-de-France-2019-3\u00e8me-\u00e9tape-Binche-Epernay-768x300.jpg 768w, https:\/\/dicodusport.fr\/blog\/wp-content\/uploads\/2019\/07\/Tour-de-France-2019-3\u00e8me-\u00e9tape-Binche-Epernay-1024x400.jpg 1024w\" sizes=\"auto, (max-width: 1600px) 100vw, 1600px\" \/><p id=\"caption-attachment-42529\" class=\"wp-caption-text\">Tour de France 2019 &#8211; 3\u00e8me \u00e9tape &#8211; Binche &#8211; Epernay<\/p><\/div>\n<p style=\"text-align: center;\"><a href=\"http:\/\/dicodusport.fr\/blog\/tour-de-france-2019-le-profil-des-etapes\/4\/#quatre\" class=\"su-button su-button-style-flat\" style=\"color:#FFFFFF;background-color:#005f9b;border-color:#004c7c;border-radius:4px\" target=\"_self\"><span style=\"color:#FFFFFF;padding:0px 20px;font-size:16px;line-height:32px;border-color:#4d8fb9;border-radius:4px;text-shadow:none\"> 4\u00e8me \u00e9tape<\/span><\/a>\n<p><!--nextpage--><\/p>\n<h1 style=\"text-align: justify;\"><a id=\"quatre\"><\/a>4\u00e8me \u00e9tape : Reims &#8211; Nancy (mardi 9 juillet)<\/h1>\n<div id=\"attachment_42530\" style=\"width: 1410px\" class=\"wp-caption aligncenter\"><img loading=\"lazy\" decoding=\"async\" aria-describedby=\"caption-attachment-42530\" class=\"wp-image-42530 size-full\" src=\"http:\/\/dicodusport.fr\/blog\/wp-content\/uploads\/2019\/07\/Tour-de-France-2019-4\u00e8me-\u00e9tape-Reims-Nancy.jpg\" alt=\"\" width=\"1400\" height=\"625\" srcset=\"https:\/\/dicodusport.fr\/blog\/wp-content\/uploads\/2019\/07\/Tour-de-France-2019-4\u00e8me-\u00e9tape-Reims-Nancy.jpg 1400w, https:\/\/dicodusport.fr\/blog\/wp-content\/uploads\/2019\/07\/Tour-de-France-2019-4\u00e8me-\u00e9tape-Reims-Nancy-300x134.jpg 300w, https:\/\/dicodusport.fr\/blog\/wp-content\/uploads\/2019\/07\/Tour-de-France-2019-4\u00e8me-\u00e9tape-Reims-Nancy-768x343.jpg 768w, https:\/\/dicodusport.fr\/blog\/wp-content\/uploads\/2019\/07\/Tour-de-France-2019-4\u00e8me-\u00e9tape-Reims-Nancy-1024x457.jpg 1024w\" sizes=\"auto, (max-width: 1400px) 100vw, 1400px\" \/><p id=\"caption-attachment-42530\" class=\"wp-caption-text\">Tour de France 2019 &#8211; 4\u00e8me \u00e9tape &#8211; Reims &#8211; Nancy<\/p><\/div>\n<p style=\"text-align: center;\"><a href=\"http:\/\/dicodusport.fr\/blog\/tour-de-france-2019-le-profil-des-etapes\/5\/#cinq\" class=\"su-button su-button-style-flat\" style=\"color:#FFFFFF;background-color:#005f9b;border-color:#004c7c;border-radius:4px\" target=\"_self\"><span style=\"color:#FFFFFF;padding:0px 20px;font-size:16px;line-height:32px;border-color:#4d8fb9;border-radius:4px;text-shadow:none\"> 5\u00e8me \u00e9tape<\/span><\/a>\n<p><!--nextpage--><\/p>\n<h1 style=\"text-align: justify;\"><a id=\"cinq\"><\/a>5\u00e8me \u00e9tape : Saint-Di\u00e9-des-Vosges &#8211; Colmar (mercredi 10 juillet)<\/h1>\n<div id=\"attachment_42531\" style=\"width: 1410px\" class=\"wp-caption aligncenter\"><img loading=\"lazy\" decoding=\"async\" aria-describedby=\"caption-attachment-42531\" class=\"wp-image-42531 size-full\" src=\"http:\/\/dicodusport.fr\/blog\/wp-content\/uploads\/2019\/07\/Tour-de-France-2019-5\u00e8me-\u00e9tape-Saint-Di\u00e9-des-Vosges-Colmar.jpg\" alt=\"\" width=\"1400\" height=\"625\" srcset=\"https:\/\/dicodusport.fr\/blog\/wp-content\/uploads\/2019\/07\/Tour-de-France-2019-5\u00e8me-\u00e9tape-Saint-Di\u00e9-des-Vosges-Colmar.jpg 1400w, https:\/\/dicodusport.fr\/blog\/wp-content\/uploads\/2019\/07\/Tour-de-France-2019-5\u00e8me-\u00e9tape-Saint-Di\u00e9-des-Vosges-Colmar-300x134.jpg 300w, https:\/\/dicodusport.fr\/blog\/wp-content\/uploads\/2019\/07\/Tour-de-France-2019-5\u00e8me-\u00e9tape-Saint-Di\u00e9-des-Vosges-Colmar-768x343.jpg 768w, https:\/\/dicodusport.fr\/blog\/wp-content\/uploads\/2019\/07\/Tour-de-France-2019-5\u00e8me-\u00e9tape-Saint-Di\u00e9-des-Vosges-Colmar-1024x457.jpg 1024w\" sizes=\"auto, (max-width: 1400px) 100vw, 1400px\" \/><p id=\"caption-attachment-42531\" class=\"wp-caption-text\">Tour de France 2019 &#8211; 5\u00e8me \u00e9tape &#8211; Saint-Di\u00e9-des-Vosges &#8211; Colmar<\/p><\/div>\n<p style=\"text-align: center;\"><a href=\"http:\/\/dicodusport.fr\/blog\/tour-de-france-2019-le-profil-des-etapes\/6\/#six\" class=\"su-button su-button-style-flat\" style=\"color:#FFFFFF;background-color:#005f9b;border-color:#004c7c;border-radius:4px\" target=\"_self\"><span style=\"color:#FFFFFF;padding:0px 20px;font-size:16px;line-height:32px;border-color:#4d8fb9;border-radius:4px;text-shadow:none\"> 6\u00e8me \u00e9tape<\/span><\/a><!--nextpage--><\/p>\n<h1 style=\"text-align: justify;\"><a id=\"six\"><\/a>6\u00e8me \u00e9tape : Mulhouse &#8211; La Planche des Belles Filles (jeudi 11 juillet)<\/h1>\n<div id=\"attachment_42532\" style=\"width: 1410px\" class=\"wp-caption aligncenter\"><img loading=\"lazy\" decoding=\"async\" aria-describedby=\"caption-attachment-42532\" class=\"wp-image-42532 size-full\" src=\"http:\/\/dicodusport.fr\/blog\/wp-content\/uploads\/2019\/07\/Tour-de-France-2019-6\u00e8me-\u00e9tape-Mulhouse-La-Planche-des-Belles-Filles.jpg\" alt=\"\" width=\"1400\" height=\"625\" srcset=\"https:\/\/dicodusport.fr\/blog\/wp-content\/uploads\/2019\/07\/Tour-de-France-2019-6\u00e8me-\u00e9tape-Mulhouse-La-Planche-des-Belles-Filles.jpg 1400w, https:\/\/dicodusport.fr\/blog\/wp-content\/uploads\/2019\/07\/Tour-de-France-2019-6\u00e8me-\u00e9tape-Mulhouse-La-Planche-des-Belles-Filles-300x134.jpg 300w, https:\/\/dicodusport.fr\/blog\/wp-content\/uploads\/2019\/07\/Tour-de-France-2019-6\u00e8me-\u00e9tape-Mulhouse-La-Planche-des-Belles-Filles-768x343.jpg 768w, https:\/\/dicodusport.fr\/blog\/wp-content\/uploads\/2019\/07\/Tour-de-France-2019-6\u00e8me-\u00e9tape-Mulhouse-La-Planche-des-Belles-Filles-1024x457.jpg 1024w\" sizes=\"auto, (max-width: 1400px) 100vw, 1400px\" \/><p id=\"caption-attachment-42532\" class=\"wp-caption-text\">Tour de France 2019 &#8211; 6\u00e8me \u00e9tape &#8211; Mulhouse &#8211; La Planche des Belles Filles<\/p><\/div>\n<p style=\"text-align: center;\"><a href=\"http:\/\/dicodusport.fr\/blog\/tour-de-france-2019-le-profil-des-etapes\/7\/#sept\" class=\"su-button su-button-style-flat\" style=\"color:#FFFFFF;background-color:#005f9b;border-color:#004c7c;border-radius:4px\" target=\"_self\"><span style=\"color:#FFFFFF;padding:0px 20px;font-size:16px;line-height:32px;border-color:#4d8fb9;border-radius:4px;text-shadow:none\"> 7\u00e8me \u00e9tape<\/span><\/a><!--nextpage--><\/p>\n<h1 style=\"text-align: justify;\"><a id=\"sept\"><\/a>7\u00e8me \u00e9tape : Belfort &#8211; Chalon-sur-Sa\u00f4ne (vendredi 12 juillet)<\/h1>\n<div id=\"attachment_42533\" style=\"width: 1610px\" class=\"wp-caption aligncenter\"><img loading=\"lazy\" decoding=\"async\" aria-describedby=\"caption-attachment-42533\" class=\"wp-image-42533 size-full\" src=\"http:\/\/dicodusport.fr\/blog\/wp-content\/uploads\/2019\/07\/Tour-de-France-2019-7\u00e8me-\u00e9tape-Belfort-Chalon-sur-Sa\u00f4ne.jpg\" alt=\"\" width=\"1600\" height=\"625\" srcset=\"https:\/\/dicodusport.fr\/blog\/wp-content\/uploads\/2019\/07\/Tour-de-France-2019-7\u00e8me-\u00e9tape-Belfort-Chalon-sur-Sa\u00f4ne.jpg 1600w, https:\/\/dicodusport.fr\/blog\/wp-content\/uploads\/2019\/07\/Tour-de-France-2019-7\u00e8me-\u00e9tape-Belfort-Chalon-sur-Sa\u00f4ne-300x117.jpg 300w, https:\/\/dicodusport.fr\/blog\/wp-content\/uploads\/2019\/07\/Tour-de-France-2019-7\u00e8me-\u00e9tape-Belfort-Chalon-sur-Sa\u00f4ne-768x300.jpg 768w, https:\/\/dicodusport.fr\/blog\/wp-content\/uploads\/2019\/07\/Tour-de-France-2019-7\u00e8me-\u00e9tape-Belfort-Chalon-sur-Sa\u00f4ne-1024x400.jpg 1024w\" sizes=\"auto, (max-width: 1600px) 100vw, 1600px\" \/><p id=\"caption-attachment-42533\" class=\"wp-caption-text\">Tour de France 2019 &#8211; 7\u00e8me \u00e9tape &#8211; Belfort &#8211; Chalon-sur-Sa\u00f4ne<\/p><\/div>\n<p style=\"text-align: center;\"><a href=\"http:\/\/dicodusport.fr\/blog\/tour-de-france-2019-le-profil-des-etapes\/8\/#huit\" class=\"su-button su-button-style-flat\" style=\"color:#FFFFFF;background-color:#005f9b;border-color:#004c7c;border-radius:4px\" target=\"_self\"><span style=\"color:#FFFFFF;padding:0px 20px;font-size:16px;line-height:32px;border-color:#4d8fb9;border-radius:4px;text-shadow:none\"> 8\u00e8me \u00e9tape<\/span><\/a>\n<p><!--nextpage--><\/p>\n<h1 style=\"text-align: justify;\"><a id=\"huit\"><\/a>8\u00e8me \u00e9tape : M\u00e2con &#8211; Saint-\u00c9tienne (samedi 13 juillet)<\/h1>\n<div id=\"attachment_42534\" style=\"width: 1610px\" class=\"wp-caption aligncenter\"><img loading=\"lazy\" decoding=\"async\" aria-describedby=\"caption-attachment-42534\" class=\"wp-image-42534 size-full\" src=\"http:\/\/dicodusport.fr\/blog\/wp-content\/uploads\/2019\/07\/Tour-de-France-2019-8\u00e8me-\u00e9tape-M\u00e2con-Saint-Etienne.jpg\" alt=\"\" width=\"1600\" height=\"625\" srcset=\"https:\/\/dicodusport.fr\/blog\/wp-content\/uploads\/2019\/07\/Tour-de-France-2019-8\u00e8me-\u00e9tape-M\u00e2con-Saint-Etienne.jpg 1600w, https:\/\/dicodusport.fr\/blog\/wp-content\/uploads\/2019\/07\/Tour-de-France-2019-8\u00e8me-\u00e9tape-M\u00e2con-Saint-Etienne-300x117.jpg 300w, https:\/\/dicodusport.fr\/blog\/wp-content\/uploads\/2019\/07\/Tour-de-France-2019-8\u00e8me-\u00e9tape-M\u00e2con-Saint-Etienne-768x300.jpg 768w, https:\/\/dicodusport.fr\/blog\/wp-content\/uploads\/2019\/07\/Tour-de-France-2019-8\u00e8me-\u00e9tape-M\u00e2con-Saint-Etienne-1024x400.jpg 1024w\" sizes=\"auto, (max-width: 1600px) 100vw, 1600px\" \/><p id=\"caption-attachment-42534\" class=\"wp-caption-text\">Tour de France 2019 &#8211; 8\u00e8me \u00e9tape &#8211; M\u00e2con &#8211; Saint-\u00c9tienne<\/p><\/div>\n<p style=\"text-align: center;\"><a href=\"http:\/\/dicodusport.fr\/blog\/tour-de-france-2019-le-profil-des-etapes\/9\/#neuf\" class=\"su-button su-button-style-flat\" style=\"color:#FFFFFF;background-color:#005f9b;border-color:#004c7c;border-radius:4px\" target=\"_self\"><span style=\"color:#FFFFFF;padding:0px 20px;font-size:16px;line-height:32px;border-color:#4d8fb9;border-radius:4px;text-shadow:none\"> 9\u00e8me \u00e9tape<\/span><\/a>\n<p><!--nextpage--><\/p>\n<h1 style=\"text-align: justify;\"><a id=\"neuf\"><\/a>9\u00e8me \u00e9tape : Saint-\u00c9tienne &#8211; Brioude (dimanche 14 juillet)<\/h1>\n<div id=\"attachment_42535\" style=\"width: 1410px\" class=\"wp-caption aligncenter\"><img loading=\"lazy\" decoding=\"async\" aria-describedby=\"caption-attachment-42535\" class=\"wp-image-42535 size-full\" src=\"http:\/\/dicodusport.fr\/blog\/wp-content\/uploads\/2019\/07\/Tour-de-France-2019-9\u00e8me-\u00e9tape-Saint-Etienne-Brioude.jpg\" alt=\"\" width=\"1400\" height=\"625\" srcset=\"https:\/\/dicodusport.fr\/blog\/wp-content\/uploads\/2019\/07\/Tour-de-France-2019-9\u00e8me-\u00e9tape-Saint-Etienne-Brioude.jpg 1400w, https:\/\/dicodusport.fr\/blog\/wp-content\/uploads\/2019\/07\/Tour-de-France-2019-9\u00e8me-\u00e9tape-Saint-Etienne-Brioude-300x134.jpg 300w, https:\/\/dicodusport.fr\/blog\/wp-content\/uploads\/2019\/07\/Tour-de-France-2019-9\u00e8me-\u00e9tape-Saint-Etienne-Brioude-768x343.jpg 768w, https:\/\/dicodusport.fr\/blog\/wp-content\/uploads\/2019\/07\/Tour-de-France-2019-9\u00e8me-\u00e9tape-Saint-Etienne-Brioude-1024x457.jpg 1024w\" sizes=\"auto, (max-width: 1400px) 100vw, 1400px\" \/><p id=\"caption-attachment-42535\" class=\"wp-caption-text\">Tour de France 2019 &#8211; 9\u00e8me \u00e9tape &#8211; Saint-\u00c9tienne &#8211; Brioude<\/p><\/div>\n<p style=\"text-align: center;\"><a href=\"http:\/\/dicodusport.fr\/blog\/tour-de-france-2019-le-profil-des-etapes\/10\/#dix\" class=\"su-button su-button-style-flat\" style=\"color:#FFFFFF;background-color:#005f9b;border-color:#004c7c;border-radius:4px\" target=\"_self\"><span style=\"color:#FFFFFF;padding:0px 20px;font-size:16px;line-height:32px;border-color:#4d8fb9;border-radius:4px;text-shadow:none\"> 10\u00e8me \u00e9tape<\/span><\/a>\n<p style=\"text-align: center;\"><!--nextpage--><\/p>\n<h1 style=\"text-align: justify;\"><a id=\"dix\"><\/a>10\u00e8me \u00e9tape : Saint-Flour &#8211; Albi (lundi 15 juillet)<\/h1>\n<div id=\"attachment_42536\" style=\"width: 1410px\" class=\"wp-caption aligncenter\"><img loading=\"lazy\" decoding=\"async\" aria-describedby=\"caption-attachment-42536\" class=\"wp-image-42536 size-full\" src=\"http:\/\/dicodusport.fr\/blog\/wp-content\/uploads\/2019\/07\/Tour-de-France-2019-10\u00e8me-\u00e9tape-Saint-Flour-Albi.jpg\" alt=\"\" width=\"1400\" height=\"625\" srcset=\"https:\/\/dicodusport.fr\/blog\/wp-content\/uploads\/2019\/07\/Tour-de-France-2019-10\u00e8me-\u00e9tape-Saint-Flour-Albi.jpg 1400w, https:\/\/dicodusport.fr\/blog\/wp-content\/uploads\/2019\/07\/Tour-de-France-2019-10\u00e8me-\u00e9tape-Saint-Flour-Albi-300x134.jpg 300w, https:\/\/dicodusport.fr\/blog\/wp-content\/uploads\/2019\/07\/Tour-de-France-2019-10\u00e8me-\u00e9tape-Saint-Flour-Albi-768x343.jpg 768w, https:\/\/dicodusport.fr\/blog\/wp-content\/uploads\/2019\/07\/Tour-de-France-2019-10\u00e8me-\u00e9tape-Saint-Flour-Albi-1024x457.jpg 1024w\" sizes=\"auto, (max-width: 1400px) 100vw, 1400px\" \/><p id=\"caption-attachment-42536\" class=\"wp-caption-text\">Tour de France 2019 &#8211; 10\u00e8me \u00e9tape &#8211; Saint-Flour &#8211; Albi<\/p><\/div>\n<p style=\"text-align: center;\"><a href=\"http:\/\/dicodusport.fr\/blog\/tour-de-france-2019-le-profil-des-etapes\/11\/#onze\" class=\"su-button su-button-style-flat\" style=\"color:#FFFFFF;background-color:#005f9b;border-color:#004c7c;border-radius:4px\" target=\"_self\"><span style=\"color:#FFFFFF;padding:0px 20px;font-size:16px;line-height:32px;border-color:#4d8fb9;border-radius:4px;text-shadow:none\"> 11\u00e8me \u00e9tape<\/span><\/a>\n<p><!--nextpage--><\/p>\n<h1 style=\"text-align: justify;\"><a id=\"onze\"><\/a>11\u00e8me \u00e9tape : Albi &#8211; Toulouse (mercredi 17 juillet)<\/h1>\n<div id=\"attachment_42537\" style=\"width: 1410px\" class=\"wp-caption aligncenter\"><img loading=\"lazy\" decoding=\"async\" aria-describedby=\"caption-attachment-42537\" class=\"wp-image-42537 size-full\" src=\"http:\/\/dicodusport.fr\/blog\/wp-content\/uploads\/2019\/07\/Tour-de-France-2019-11\u00e8me-\u00e9tape-Albi-Toulouse.jpg\" alt=\"\" width=\"1400\" height=\"625\" srcset=\"https:\/\/dicodusport.fr\/blog\/wp-content\/uploads\/2019\/07\/Tour-de-France-2019-11\u00e8me-\u00e9tape-Albi-Toulouse.jpg 1400w, https:\/\/dicodusport.fr\/blog\/wp-content\/uploads\/2019\/07\/Tour-de-France-2019-11\u00e8me-\u00e9tape-Albi-Toulouse-300x134.jpg 300w, https:\/\/dicodusport.fr\/blog\/wp-content\/uploads\/2019\/07\/Tour-de-France-2019-11\u00e8me-\u00e9tape-Albi-Toulouse-768x343.jpg 768w, https:\/\/dicodusport.fr\/blog\/wp-content\/uploads\/2019\/07\/Tour-de-France-2019-11\u00e8me-\u00e9tape-Albi-Toulouse-1024x457.jpg 1024w\" sizes=\"auto, (max-width: 1400px) 100vw, 1400px\" \/><p id=\"caption-attachment-42537\" class=\"wp-caption-text\">Tour de France 2019 &#8211; 11\u00e8me \u00e9tape &#8211; Albi &#8211; Toulouse<\/p><\/div>\n<p style=\"text-align: center;\"><a href=\"http:\/\/dicodusport.fr\/blog\/tour-de-france-2019-le-profil-des-etapes\/12\/#douze\" class=\"su-button su-button-style-flat\" style=\"color:#FFFFFF;background-color:#005f9b;border-color:#004c7c;border-radius:4px\" target=\"_self\"><span style=\"color:#FFFFFF;padding:0px 20px;font-size:16px;line-height:32px;border-color:#4d8fb9;border-radius:4px;text-shadow:none\"> 12\u00e8me \u00e9tape<\/span><\/a><!--nextpage--><\/p>\n<h1 style=\"text-align: justify;\"><a id=\"douze\"><\/a>12\u00e8me \u00e9tape : Toulouse &#8211; Bagn\u00e8res-de-Bigorre (jeudi 18 juillet)<\/h1>\n<div id=\"attachment_42538\" style=\"width: 1410px\" class=\"wp-caption aligncenter\"><img loading=\"lazy\" decoding=\"async\" aria-describedby=\"caption-attachment-42538\" class=\"wp-image-42538 size-full\" src=\"http:\/\/dicodusport.fr\/blog\/wp-content\/uploads\/2019\/07\/Tour-de-France-2019-12\u00e8me-\u00e9tape-Toulouse-Bagn\u00e8res-de-Bigorre.jpg\" alt=\"\" width=\"1400\" height=\"625\" srcset=\"https:\/\/dicodusport.fr\/blog\/wp-content\/uploads\/2019\/07\/Tour-de-France-2019-12\u00e8me-\u00e9tape-Toulouse-Bagn\u00e8res-de-Bigorre.jpg 1400w, https:\/\/dicodusport.fr\/blog\/wp-content\/uploads\/2019\/07\/Tour-de-France-2019-12\u00e8me-\u00e9tape-Toulouse-Bagn\u00e8res-de-Bigorre-300x134.jpg 300w, https:\/\/dicodusport.fr\/blog\/wp-content\/uploads\/2019\/07\/Tour-de-France-2019-12\u00e8me-\u00e9tape-Toulouse-Bagn\u00e8res-de-Bigorre-768x343.jpg 768w, https:\/\/dicodusport.fr\/blog\/wp-content\/uploads\/2019\/07\/Tour-de-France-2019-12\u00e8me-\u00e9tape-Toulouse-Bagn\u00e8res-de-Bigorre-1024x457.jpg 1024w\" sizes=\"auto, (max-width: 1400px) 100vw, 1400px\" \/><p id=\"caption-attachment-42538\" class=\"wp-caption-text\">Tour de France 2019 &#8211; 12\u00e8me \u00e9tape &#8211; Toulouse &#8211; Bagn\u00e8res de Bigorre<\/p><\/div>\n<p style=\"text-align: center;\"><a href=\"http:\/\/dicodusport.fr\/blog\/tour-de-france-2019-le-profil-des-etapes\/13\/#treize\" class=\"su-button su-button-style-flat\" style=\"color:#FFFFFF;background-color:#005f9b;border-color:#004c7c;border-radius:4px\" target=\"_self\"><span style=\"color:#FFFFFF;padding:0px 20px;font-size:16px;line-height:32px;border-color:#4d8fb9;border-radius:4px;text-shadow:none\"> 13\u00e8me \u00e9tape<\/span><\/a><!--nextpage--><\/p>\n<h1 style=\"text-align: justify;\"><a id=\"treize\"><\/a>13\u00e8me \u00e9tape &#8211; CLM Individuel : Pau &#8211; Pau (vendredi 19 juillet)<\/h1>\n<div id=\"attachment_42539\" style=\"width: 1410px\" class=\"wp-caption aligncenter\"><img loading=\"lazy\" decoding=\"async\" aria-describedby=\"caption-attachment-42539\" class=\"wp-image-42539 size-full\" src=\"http:\/\/dicodusport.fr\/blog\/wp-content\/uploads\/2019\/07\/Tour-de-France-2019-13\u00e8me-\u00e9tape-Pau-Pau.jpg\" alt=\"\" width=\"1400\" height=\"625\" srcset=\"https:\/\/dicodusport.fr\/blog\/wp-content\/uploads\/2019\/07\/Tour-de-France-2019-13\u00e8me-\u00e9tape-Pau-Pau.jpg 1400w, https:\/\/dicodusport.fr\/blog\/wp-content\/uploads\/2019\/07\/Tour-de-France-2019-13\u00e8me-\u00e9tape-Pau-Pau-300x134.jpg 300w, https:\/\/dicodusport.fr\/blog\/wp-content\/uploads\/2019\/07\/Tour-de-France-2019-13\u00e8me-\u00e9tape-Pau-Pau-768x343.jpg 768w, https:\/\/dicodusport.fr\/blog\/wp-content\/uploads\/2019\/07\/Tour-de-France-2019-13\u00e8me-\u00e9tape-Pau-Pau-1024x457.jpg 1024w\" sizes=\"auto, (max-width: 1400px) 100vw, 1400px\" \/><p id=\"caption-attachment-42539\" class=\"wp-caption-text\">Tour de France 2019 &#8211; 13\u00e8me \u00e9tape &#8211; Pau &#8211; Pau<\/p><\/div>\n<p style=\"text-align: center;\"><a href=\"http:\/\/dicodusport.fr\/blog\/tour-de-france-2019-le-profil-des-etapes\/14\/#quatorze\" class=\"su-button su-button-style-flat\" style=\"color:#FFFFFF;background-color:#005f9b;border-color:#004c7c;border-radius:4px\" target=\"_self\"><span style=\"color:#FFFFFF;padding:0px 20px;font-size:16px;line-height:32px;border-color:#4d8fb9;border-radius:4px;text-shadow:none\"> 14\u00e8me \u00e9tape<\/span><\/a>\n<p><!--nextpage--><\/p>\n<h1 style=\"text-align: justify;\"><a id=\"quatorze\"><\/a>14\u00e8me \u00e9tape : Tarbes &#8211; Tourmalet (samedi 20 juillet)<\/h1>\n<div id=\"attachment_42540\" style=\"width: 1410px\" class=\"wp-caption aligncenter\"><img loading=\"lazy\" decoding=\"async\" aria-describedby=\"caption-attachment-42540\" class=\"wp-image-42540 size-full\" src=\"http:\/\/dicodusport.fr\/blog\/wp-content\/uploads\/2019\/07\/Tour-de-France-2019-14\u00e8me-\u00e9tape-Tarbes-Tourmalet.jpg\" alt=\"\" width=\"1400\" height=\"625\" srcset=\"https:\/\/dicodusport.fr\/blog\/wp-content\/uploads\/2019\/07\/Tour-de-France-2019-14\u00e8me-\u00e9tape-Tarbes-Tourmalet.jpg 1400w, https:\/\/dicodusport.fr\/blog\/wp-content\/uploads\/2019\/07\/Tour-de-France-2019-14\u00e8me-\u00e9tape-Tarbes-Tourmalet-300x134.jpg 300w, https:\/\/dicodusport.fr\/blog\/wp-content\/uploads\/2019\/07\/Tour-de-France-2019-14\u00e8me-\u00e9tape-Tarbes-Tourmalet-768x343.jpg 768w, https:\/\/dicodusport.fr\/blog\/wp-content\/uploads\/2019\/07\/Tour-de-France-2019-14\u00e8me-\u00e9tape-Tarbes-Tourmalet-1024x457.jpg 1024w\" sizes=\"auto, (max-width: 1400px) 100vw, 1400px\" \/><p id=\"caption-attachment-42540\" class=\"wp-caption-text\">Tour de France 2019 &#8211; 14\u00e8me \u00e9tape &#8211; Tarbes &#8211; Tourmalet<\/p><\/div>\n<p style=\"text-align: center;\"><a href=\"http:\/\/dicodusport.fr\/blog\/tour-de-france-2019-le-profil-des-etapes\/15\/#quinze\" class=\"su-button su-button-style-flat\" style=\"color:#FFFFFF;background-color:#005f9b;border-color:#004c7c;border-radius:4px\" target=\"_self\"><span style=\"color:#FFFFFF;padding:0px 20px;font-size:16px;line-height:32px;border-color:#4d8fb9;border-radius:4px;text-shadow:none\"> 15\u00e8me \u00e9tape<\/span><\/a>\n<p><!--nextpage--><\/p>\n<h1 style=\"text-align: justify;\"><a id=\"quinze\"><\/a>15\u00e8me \u00e9tape : Limoux &#8211; Foix (dimanche 21 juillet)<\/h1>\n<div id=\"attachment_42541\" style=\"width: 1410px\" class=\"wp-caption aligncenter\"><img loading=\"lazy\" decoding=\"async\" aria-describedby=\"caption-attachment-42541\" class=\"wp-image-42541 size-full\" src=\"http:\/\/dicodusport.fr\/blog\/wp-content\/uploads\/2019\/07\/Tour-de-France-2019-15\u00e8me-\u00e9tape-Limoux-Foix.jpg\" alt=\"\" width=\"1400\" height=\"625\" srcset=\"https:\/\/dicodusport.fr\/blog\/wp-content\/uploads\/2019\/07\/Tour-de-France-2019-15\u00e8me-\u00e9tape-Limoux-Foix.jpg 1400w, https:\/\/dicodusport.fr\/blog\/wp-content\/uploads\/2019\/07\/Tour-de-France-2019-15\u00e8me-\u00e9tape-Limoux-Foix-300x134.jpg 300w, https:\/\/dicodusport.fr\/blog\/wp-content\/uploads\/2019\/07\/Tour-de-France-2019-15\u00e8me-\u00e9tape-Limoux-Foix-768x343.jpg 768w, https:\/\/dicodusport.fr\/blog\/wp-content\/uploads\/2019\/07\/Tour-de-France-2019-15\u00e8me-\u00e9tape-Limoux-Foix-1024x457.jpg 1024w\" sizes=\"auto, (max-width: 1400px) 100vw, 1400px\" \/><p id=\"caption-attachment-42541\" class=\"wp-caption-text\">Tour de France 2019 &#8211; 15\u00e8me \u00e9tape &#8211; Limoux &#8211; Foix<\/p><\/div>\n<p style=\"text-align: center;\"><a href=\"http:\/\/dicodusport.fr\/blog\/tour-de-france-2019-le-profil-des-etapes\/16\/#seize\" class=\"su-button su-button-style-flat\" style=\"color:#FFFFFF;background-color:#005f9b;border-color:#004c7c;border-radius:4px\" target=\"_self\"><span style=\"color:#FFFFFF;padding:0px 20px;font-size:16px;line-height:32px;border-color:#4d8fb9;border-radius:4px;text-shadow:none\"> 16\u00e8me \u00e9tape<\/span><\/a>\n<p><!--nextpage--><\/p>\n<h1 style=\"text-align: justify;\"><a id=\"seize\"><\/a>16\u00e8me \u00e9tape : N\u00eemes &#8211; N\u00eemes (mardi 23 juillet)<\/h1>\n<div id=\"attachment_42542\" style=\"width: 1410px\" class=\"wp-caption aligncenter\"><img loading=\"lazy\" decoding=\"async\" aria-describedby=\"caption-attachment-42542\" class=\"wp-image-42542 size-full\" src=\"http:\/\/dicodusport.fr\/blog\/wp-content\/uploads\/2019\/07\/Tour-de-France-2019-16\u00e8me-\u00e9tape-N\u00eemes-N\u00eemes.jpg\" alt=\"\" width=\"1400\" height=\"625\" srcset=\"https:\/\/dicodusport.fr\/blog\/wp-content\/uploads\/2019\/07\/Tour-de-France-2019-16\u00e8me-\u00e9tape-N\u00eemes-N\u00eemes.jpg 1400w, https:\/\/dicodusport.fr\/blog\/wp-content\/uploads\/2019\/07\/Tour-de-France-2019-16\u00e8me-\u00e9tape-N\u00eemes-N\u00eemes-300x134.jpg 300w, https:\/\/dicodusport.fr\/blog\/wp-content\/uploads\/2019\/07\/Tour-de-France-2019-16\u00e8me-\u00e9tape-N\u00eemes-N\u00eemes-768x343.jpg 768w, https:\/\/dicodusport.fr\/blog\/wp-content\/uploads\/2019\/07\/Tour-de-France-2019-16\u00e8me-\u00e9tape-N\u00eemes-N\u00eemes-1024x457.jpg 1024w\" sizes=\"auto, (max-width: 1400px) 100vw, 1400px\" \/><p id=\"caption-attachment-42542\" class=\"wp-caption-text\">Tour de France 2019 &#8211; 16\u00e8me \u00e9tape &#8211; N\u00eemes &#8211; N\u00eemes<\/p><\/div>\n<p style=\"text-align: center;\"><a href=\"http:\/\/dicodusport.fr\/blog\/tour-de-france-2019-le-profil-des-etapes\/17\/#dixsept\" class=\"su-button su-button-style-flat\" style=\"color:#FFFFFF;background-color:#005f9b;border-color:#004c7c;border-radius:4px\" target=\"_self\"><span style=\"color:#FFFFFF;padding:0px 20px;font-size:16px;line-height:32px;border-color:#4d8fb9;border-radius:4px;text-shadow:none\"> 17\u00e8me \u00e9tape<\/span><\/a>\n<p><!--nextpage--><\/p>\n<h1 style=\"text-align: justify;\"><a id=\"dixsept\"><\/a>17\u00e8me \u00e9tape : Pont du Gard &#8211; Gap (mercredi 24 juillet)<\/h1>\n<div id=\"attachment_42543\" style=\"width: 1410px\" class=\"wp-caption aligncenter\"><img loading=\"lazy\" decoding=\"async\" aria-describedby=\"caption-attachment-42543\" class=\"wp-image-42543 size-full\" src=\"http:\/\/dicodusport.fr\/blog\/wp-content\/uploads\/2019\/07\/Tour-de-France-2019-17\u00e8me-\u00e9tape-Pont-du-Gard-Gap.jpg\" alt=\"\" width=\"1400\" height=\"625\" srcset=\"https:\/\/dicodusport.fr\/blog\/wp-content\/uploads\/2019\/07\/Tour-de-France-2019-17\u00e8me-\u00e9tape-Pont-du-Gard-Gap.jpg 1400w, https:\/\/dicodusport.fr\/blog\/wp-content\/uploads\/2019\/07\/Tour-de-France-2019-17\u00e8me-\u00e9tape-Pont-du-Gard-Gap-300x134.jpg 300w, https:\/\/dicodusport.fr\/blog\/wp-content\/uploads\/2019\/07\/Tour-de-France-2019-17\u00e8me-\u00e9tape-Pont-du-Gard-Gap-768x343.jpg 768w, https:\/\/dicodusport.fr\/blog\/wp-content\/uploads\/2019\/07\/Tour-de-France-2019-17\u00e8me-\u00e9tape-Pont-du-Gard-Gap-1024x457.jpg 1024w\" sizes=\"auto, (max-width: 1400px) 100vw, 1400px\" \/><p id=\"caption-attachment-42543\" class=\"wp-caption-text\">Tour de France 2019 &#8211; 17\u00e8me \u00e9tape &#8211; Pont du Gard &#8211; Gap<\/p><\/div>\n<p style=\"text-align: center;\"><a href=\"http:\/\/dicodusport.fr\/blog\/tour-de-france-2019-le-profil-des-etapes\/18\/#dixhuit\" class=\"su-button su-button-style-flat\" style=\"color:#FFFFFF;background-color:#005f9b;border-color:#004c7c;border-radius:4px\" target=\"_self\"><span style=\"color:#FFFFFF;padding:0px 20px;font-size:16px;line-height:32px;border-color:#4d8fb9;border-radius:4px;text-shadow:none\"> 18\u00e8me \u00e9tape<\/span><\/a><!--nextpage--><\/p>\n<h1 style=\"text-align: justify;\"><a id=\"dixhuit\"><\/a>18\u00e8me \u00e9tape : Embrun &#8211; Valloire (jeudi 25 juillet)<\/h1>\n<div id=\"attachment_42544\" style=\"width: 1410px\" class=\"wp-caption aligncenter\"><img loading=\"lazy\" decoding=\"async\" aria-describedby=\"caption-attachment-42544\" class=\"wp-image-42544 size-full\" src=\"http:\/\/dicodusport.fr\/blog\/wp-content\/uploads\/2019\/07\/Tour-de-France-2019-18\u00e8me-\u00e9tape-Embrun-Valloire.jpg\" alt=\"\" width=\"1400\" height=\"625\" srcset=\"https:\/\/dicodusport.fr\/blog\/wp-content\/uploads\/2019\/07\/Tour-de-France-2019-18\u00e8me-\u00e9tape-Embrun-Valloire.jpg 1400w, https:\/\/dicodusport.fr\/blog\/wp-content\/uploads\/2019\/07\/Tour-de-France-2019-18\u00e8me-\u00e9tape-Embrun-Valloire-300x134.jpg 300w, https:\/\/dicodusport.fr\/blog\/wp-content\/uploads\/2019\/07\/Tour-de-France-2019-18\u00e8me-\u00e9tape-Embrun-Valloire-768x343.jpg 768w, https:\/\/dicodusport.fr\/blog\/wp-content\/uploads\/2019\/07\/Tour-de-France-2019-18\u00e8me-\u00e9tape-Embrun-Valloire-1024x457.jpg 1024w\" sizes=\"auto, (max-width: 1400px) 100vw, 1400px\" \/><p id=\"caption-attachment-42544\" class=\"wp-caption-text\">Tour de France 2019 &#8211; 18\u00e8me \u00e9tape &#8211; Embrun &#8211; Valloire<\/p><\/div>\n<p style=\"text-align: center;\"><a href=\"http:\/\/dicodusport.fr\/blog\/tour-de-france-2019-le-profil-des-etapes\/19\/#dixneuf\" class=\"su-button su-button-style-flat\" style=\"color:#FFFFFF;background-color:#005f9b;border-color:#004c7c;border-radius:4px\" target=\"_self\"><span style=\"color:#FFFFFF;padding:0px 20px;font-size:16px;line-height:32px;border-color:#4d8fb9;border-radius:4px;text-shadow:none\"> 19\u00e8me \u00e9tape<\/span><\/a><!--nextpage--><\/p>\n<h1 style=\"text-align: justify;\"><a id=\"dixneuf\"><\/a>19\u00e8me \u00e9tape : Saint-Jean-de-Maurienne &#8211; Tignes (vendredi 26 juillet)<\/h1>\n<div id=\"attachment_42545\" style=\"width: 1410px\" class=\"wp-caption aligncenter\"><img loading=\"lazy\" decoding=\"async\" aria-describedby=\"caption-attachment-42545\" class=\"wp-image-42545 size-full\" src=\"http:\/\/dicodusport.fr\/blog\/wp-content\/uploads\/2019\/07\/Tour-de-France-2019-19\u00e8me-\u00e9tape-Saint-Jean-de-Maurienne-Tignes.jpg\" alt=\"\" width=\"1400\" height=\"625\" srcset=\"https:\/\/dicodusport.fr\/blog\/wp-content\/uploads\/2019\/07\/Tour-de-France-2019-19\u00e8me-\u00e9tape-Saint-Jean-de-Maurienne-Tignes.jpg 1400w, https:\/\/dicodusport.fr\/blog\/wp-content\/uploads\/2019\/07\/Tour-de-France-2019-19\u00e8me-\u00e9tape-Saint-Jean-de-Maurienne-Tignes-300x134.jpg 300w, https:\/\/dicodusport.fr\/blog\/wp-content\/uploads\/2019\/07\/Tour-de-France-2019-19\u00e8me-\u00e9tape-Saint-Jean-de-Maurienne-Tignes-768x343.jpg 768w, https:\/\/dicodusport.fr\/blog\/wp-content\/uploads\/2019\/07\/Tour-de-France-2019-19\u00e8me-\u00e9tape-Saint-Jean-de-Maurienne-Tignes-1024x457.jpg 1024w\" sizes=\"auto, (max-width: 1400px) 100vw, 1400px\" \/><p id=\"caption-attachment-42545\" class=\"wp-caption-text\">Tour de France 2019 &#8211; 19\u00e8me \u00e9tape &#8211; Saint-Jean-de-Maurienne &#8211; Tignes<\/p><\/div>\n<p style=\"text-align: center;\"><a href=\"http:\/\/dicodusport.fr\/blog\/tour-de-france-2019-le-profil-des-etapes\/20\/#vingt\" class=\"su-button su-button-style-flat\" style=\"color:#FFFFFF;background-color:#005f9b;border-color:#004c7c;border-radius:4px\" target=\"_self\"><span style=\"color:#FFFFFF;padding:0px 20px;font-size:16px;line-height:32px;border-color:#4d8fb9;border-radius:4px;text-shadow:none\"> 20\u00e8me \u00e9tape<\/span><\/a>\n<p><!--nextpage--><\/p>\n<h1 style=\"text-align: justify;\"><a id=\"vingt\"><\/a>20\u00e8me \u00e9tape &#8211; Albertville &#8211; Val Thorens (samedi 27 juillet)<\/h1>\n<div id=\"attachment_43992\" style=\"width: 810px\" class=\"wp-caption aligncenter\"><img loading=\"lazy\" decoding=\"async\" aria-describedby=\"caption-attachment-43992\" class=\"wp-image-43992 size-full\" src=\"http:\/\/dicodusport.fr\/blog\/wp-content\/uploads\/2019\/07\/Profil-20\u00e8me-\u00e9tape-Tour-de-France-2019.png\" alt=\"\" width=\"800\" height=\"445\" \/><p id=\"caption-attachment-43992\" class=\"wp-caption-text\">Tour de France 2019 &#8211; Profil 20\u00e8me \u00e9tape &#8211; Albertville &#8211; Val Thorens<\/p><\/div>\n<p style=\"text-align: center;\"><a href=\"http:\/\/dicodusport.fr\/blog\/tour-de-france-2019-le-profil-des-etapes\/21\/#vingtetun\" class=\"su-button su-button-style-flat\" style=\"color:#FFFFFF;background-color:#005f9b;border-color:#004c7c;border-radius:4px\" target=\"_self\"><span style=\"color:#FFFFFF;padding:0px 20px;font-size:16px;line-height:32px;border-color:#4d8fb9;border-radius:4px;text-shadow:none\"> 21\u00e8me \u00e9tape<\/span><\/a>\n<p><!--nextpage--><\/p>\n<h1 style=\"text-align: justify;\"><a id=\"neuf\"><\/a>21\u00e8me \u00e9tape : Rambouillet &#8211; Paris Champs-\u00c9lys\u00e9es (dimanche 28 juillet)<\/h1>\n<div id=\"attachment_42547\" style=\"width: 1410px\" class=\"wp-caption aligncenter\"><img loading=\"lazy\" decoding=\"async\" aria-describedby=\"caption-attachment-42547\" class=\"wp-image-42547 size-full\" src=\"http:\/\/dicodusport.fr\/blog\/wp-content\/uploads\/2019\/07\/Tour-de-France-2019-21\u00e8me-\u00e9tape-Rambouillet-Paris-Champs-Elys\u00e9es.jpg\" alt=\"\" width=\"1400\" height=\"625\" srcset=\"https:\/\/dicodusport.fr\/blog\/wp-content\/uploads\/2019\/07\/Tour-de-France-2019-21\u00e8me-\u00e9tape-Rambouillet-Paris-Champs-Elys\u00e9es.jpg 1400w, https:\/\/dicodusport.fr\/blog\/wp-content\/uploads\/2019\/07\/Tour-de-France-2019-21\u00e8me-\u00e9tape-Rambouillet-Paris-Champs-Elys\u00e9es-300x134.jpg 300w, https:\/\/dicodusport.fr\/blog\/wp-content\/uploads\/2019\/07\/Tour-de-France-2019-21\u00e8me-\u00e9tape-Rambouillet-Paris-Champs-Elys\u00e9es-768x343.jpg 768w, https:\/\/dicodusport.fr\/blog\/wp-content\/uploads\/2019\/07\/Tour-de-France-2019-21\u00e8me-\u00e9tape-Rambouillet-Paris-Champs-Elys\u00e9es-1024x457.jpg 1024w\" sizes=\"auto, (max-width: 1400px) 100vw, 1400px\" \/><p id=\"caption-attachment-42547\" class=\"wp-caption-text\">Tour de France 2019 &#8211; 21\u00e8me \u00e9tape &#8211; Rambouillet &#8211; Paris Champs-\u00c9lys\u00e9es<\/p><\/div>\n<p style=\"text-align: center;\"><a href=\"http:\/\/dicodusport.fr\/blog\/tour-de-france-2019-le-profil-des-etapes\/\" class=\"su-button su-button-style-flat\" style=\"color:#FFFFFF;background-color:#005f9b;border-color:#004c7c;border-radius:4px\" target=\"_self\"><span style=\"color:#FFFFFF;padding:0px 20px;font-size:16px;line-height:32px;border-color:#4d8fb9;border-radius:4px;text-shadow:none\"> Revenir au d\u00e9but<\/span><\/a>\n<p><strong><em>Dicodusport<br \/>\n<a href=\"https:\/\/www.facebook.com\/dicodusport\/\" target=\"_blank\" rel=\"noopener\"><img loading=\"lazy\" decoding=\"async\" class=\"alignnone wp-image-2909\" src=\"http:\/\/dicodusport.fr\/blog\/wp-content\/uploads\/2017\/07\/logo-facebook-150x150.png\" alt=\"\" width=\"40\" height=\"40\" \/><\/a><a href=\"https:\/\/twitter.com\/dicodusport\" target=\"_blank\" rel=\"noopener\"><img loading=\"lazy\" decoding=\"async\" class=\"alignnone wp-image-2908\" src=\"http:\/\/dicodusport.fr\/blog\/wp-content\/uploads\/2017\/07\/logo-twitter-150x150.png\" alt=\"\" width=\"39\" height=\"39\" \/><\/a><\/em><\/strong><\/p>\n","protected":false},"excerpt":{"rendered":"<p>Le 106\u00e8me Tour de France partira de Bruxelles ce samedi et s&rsquo;ach\u00e8vera sur les Champs-\u00c9lys\u00e9es, le 28 juillet. Retrouvez le profil des 21 \u00e9tapes.<\/p>\n","protected":false},"author":4,"featured_media":42552,"comment_status":"open","ping_status":"closed","sticky":false,"template":"","format":"standard","meta":{"_acf_changed":false,"_daextam_enable_autolinks":"","footnotes":""},"categories":[2,2307],"tags":[574,1262],"class_list":["post-42526","post","type-post","status-publish","format-standard","has-post-thumbnail","hentry","category-actualites","category-cyclisme","tag-cyclisme","tag-tour-de-france"],"acf":[],"yoast_head":"<!-- This site is optimized with the Yoast SEO Premium plugin v26.7 (Yoast SEO v26.7) - https:\/\/yoast.com\/wordpress\/plugins\/seo\/ -->\n<title>Tour de France 2019 : le profil des \u00e9tapes<\/title>\n<meta name=\"description\" content=\"Le 106\u00e8me Tour de France partira de Bruxelles ce samedi et s&#039;ach\u00e8vera sur les Champs-\u00c9lys\u00e9es, le 28 juillet. Retrouvez le profil des 21 \u00e9tapes.\" \/>\n<meta name=\"robots\" content=\"index, follow, max-snippet:-1, max-image-preview:large, max-video-preview:-1\" \/>\n<link rel=\"canonical\" href=\"https:\/\/dicodusport.fr\/blog\/tour-de-france-2019-le-profil-des-etapes\/\" \/>\n<link rel=\"next\" href=\"https:\/\/dicodusport.fr\/blog\/tour-de-france-2019-le-profil-des-etapes\/2\/\" \/>\n<meta property=\"og:locale\" content=\"fr_FR\" \/>\n<meta property=\"og:type\" content=\"article\" \/>\n<meta property=\"og:title\" content=\"Tour de France 2019 : le profil des \u00e9tapes\" \/>\n<meta property=\"og:description\" content=\"Le 106\u00e8me Tour de France partira de Bruxelles ce samedi et s&#039;ach\u00e8vera sur les Champs-\u00c9lys\u00e9es, le 28 juillet. Retrouvez le profil des 21 \u00e9tapes.\" \/>\n<meta property=\"og:url\" content=\"https:\/\/dicodusport.fr\/blog\/tour-de-france-2019-le-profil-des-etapes\/\" \/>\n<meta property=\"og:site_name\" content=\"Dicodusport\" \/>\n<meta property=\"article:publisher\" content=\"https:\/\/www.facebook.com\/dicodusport\" \/>\n<meta property=\"article:author\" content=\"https:\/\/www.facebook.com\/florent.ostermann\" \/>\n<meta property=\"article:published_time\" content=\"2019-07-05T07:24:33+00:00\" \/>\n<meta property=\"article:modified_time\" content=\"2019-07-26T20:48:13+00:00\" \/>\n<meta property=\"og:image\" content=\"https:\/\/dicodusport.fr\/blog\/wp-content\/uploads\/2019\/07\/Profil-\u00e9tapes-Tour-de-France-2019.png\" \/>\n\t<meta property=\"og:image:width\" content=\"800\" \/>\n\t<meta property=\"og:image:height\" content=\"445\" \/>\n\t<meta property=\"og:image:type\" content=\"image\/png\" \/>\n<meta name=\"author\" content=\"Flo Ostermann\" \/>\n<meta name=\"twitter:card\" content=\"summary_large_image\" \/>\n<meta name=\"twitter:title\" content=\"Tour de France 2019 : le profil des \u00e9tapes\" \/>\n<meta name=\"twitter:creator\" content=\"@https:\/\/twitter.com\/FlOstermann\" \/>\n<meta name=\"twitter:site\" content=\"@dicodusport\" \/>\n<script type=\"application\/ld+json\" class=\"yoast-schema-graph\">{\"@context\":\"https:\/\/schema.org\",\"@graph\":[{\"@type\":\"NewsArticle\",\"@id\":\"https:\/\/dicodusport.fr\/blog\/tour-de-france-2019-le-profil-des-etapes\/#article\",\"isPartOf\":{\"@id\":\"https:\/\/dicodusport.fr\/blog\/tour-de-france-2019-le-profil-des-etapes\/\"},\"author\":{\"name\":\"Flo Ostermann\",\"@id\":\"https:\/\/dicodusport.fr\/blog\/#\/schema\/person\/cb02af4c173ce4a653b55e9baf388d4a\"},\"headline\":\"Tour de France 2019 : le profil des \u00e9tapes\",\"datePublished\":\"2019-07-05T07:24:33+00:00\",\"dateModified\":\"2019-07-26T20:48:13+00:00\",\"mainEntityOfPage\":{\"@id\":\"https:\/\/dicodusport.fr\/blog\/tour-de-france-2019-le-profil-des-etapes\/\"},\"wordCount\":1023,\"commentCount\":0,\"publisher\":{\"@id\":\"https:\/\/dicodusport.fr\/blog\/#organization\"},\"image\":{\"@id\":\"https:\/\/dicodusport.fr\/blog\/tour-de-france-2019-le-profil-des-etapes\/#primaryimage\"},\"thumbnailUrl\":\"https:\/\/dicodusport.fr\/blog\/wp-content\/uploads\/2019\/07\/Profil-\u00e9tapes-Tour-de-France-2019.png\",\"keywords\":[\"Cyclisme\",\"Tour de France\"],\"articleSection\":[\"Actualit\u00e9s\",\"Cyclisme\"],\"inLanguage\":\"fr-FR\",\"potentialAction\":[{\"@type\":\"CommentAction\",\"name\":\"Comment\",\"target\":[\"https:\/\/dicodusport.fr\/blog\/tour-de-france-2019-le-profil-des-etapes\/#respond\"]}],\"copyrightYear\":\"2019\",\"copyrightHolder\":{\"@id\":\"https:\/\/dicodusport.fr\/blog\/#organization\"}},{\"@type\":\"WebPage\",\"@id\":\"https:\/\/dicodusport.fr\/blog\/tour-de-france-2019-le-profil-des-etapes\/\",\"url\":\"https:\/\/dicodusport.fr\/blog\/tour-de-france-2019-le-profil-des-etapes\/\",\"name\":\"Tour de France 2019 : le profil des \u00e9tapes\",\"isPartOf\":{\"@id\":\"https:\/\/dicodusport.fr\/blog\/#website\"},\"primaryImageOfPage\":{\"@id\":\"https:\/\/dicodusport.fr\/blog\/tour-de-france-2019-le-profil-des-etapes\/#primaryimage\"},\"image\":{\"@id\":\"https:\/\/dicodusport.fr\/blog\/tour-de-france-2019-le-profil-des-etapes\/#primaryimage\"},\"thumbnailUrl\":\"https:\/\/dicodusport.fr\/blog\/wp-content\/uploads\/2019\/07\/Profil-\u00e9tapes-Tour-de-France-2019.png\",\"datePublished\":\"2019-07-05T07:24:33+00:00\",\"dateModified\":\"2019-07-26T20:48:13+00:00\",\"description\":\"Le 106\u00e8me Tour de France partira de Bruxelles ce samedi et s'ach\u00e8vera sur les Champs-\u00c9lys\u00e9es, le 28 juillet. Retrouvez le profil des 21 \u00e9tapes.\",\"inLanguage\":\"fr-FR\",\"potentialAction\":[{\"@type\":\"ReadAction\",\"target\":[\"https:\/\/dicodusport.fr\/blog\/tour-de-france-2019-le-profil-des-etapes\/\"]}]},{\"@type\":\"ImageObject\",\"inLanguage\":\"fr-FR\",\"@id\":\"https:\/\/dicodusport.fr\/blog\/tour-de-france-2019-le-profil-des-etapes\/#primaryimage\",\"url\":\"https:\/\/dicodusport.fr\/blog\/wp-content\/uploads\/2019\/07\/Profil-\u00e9tapes-Tour-de-France-2019.png\",\"contentUrl\":\"https:\/\/dicodusport.fr\/blog\/wp-content\/uploads\/2019\/07\/Profil-\u00e9tapes-Tour-de-France-2019.png\",\"width\":800,\"height\":445},{\"@type\":\"WebSite\",\"@id\":\"https:\/\/dicodusport.fr\/blog\/#website\",\"url\":\"https:\/\/dicodusport.fr\/blog\/\",\"name\":\"Dicodusport\",\"description\":\"L&#039;encyclop\u00e9die de l&#039;actualit\u00e9 sportive\",\"publisher\":{\"@id\":\"https:\/\/dicodusport.fr\/blog\/#organization\"},\"potentialAction\":[{\"@type\":\"SearchAction\",\"target\":{\"@type\":\"EntryPoint\",\"urlTemplate\":\"https:\/\/dicodusport.fr\/blog\/?s={search_term_string}\"},\"query-input\":{\"@type\":\"PropertyValueSpecification\",\"valueRequired\":true,\"valueName\":\"search_term_string\"}}],\"inLanguage\":\"fr-FR\"},{\"@type\":\"NewsMediaOrganization\",\"@id\":\"https:\/\/dicodusport.fr\/blog\/#organization\",\"name\":\"Dicodusport\",\"url\":\"https:\/\/dicodusport.fr\/blog\/\",\"logo\":{\"@type\":\"ImageObject\",\"inLanguage\":\"fr-FR\",\"@id\":\"https:\/\/dicodusport.fr\/blog\/#\/schema\/logo\/image\/\",\"url\":\"https:\/\/dicodusport.fr\/blog\/wp-content\/uploads\/2020\/06\/cropped-LOGO-DICODUSPORT-2020-SANS-FOND-SANS-TEXTE.png\",\"contentUrl\":\"https:\/\/dicodusport.fr\/blog\/wp-content\/uploads\/2020\/06\/cropped-LOGO-DICODUSPORT-2020-SANS-FOND-SANS-TEXTE.png\",\"width\":512,\"height\":512,\"caption\":\"Dicodusport\"},\"image\":{\"@id\":\"https:\/\/dicodusport.fr\/blog\/#\/schema\/logo\/image\/\"},\"sameAs\":[\"https:\/\/www.facebook.com\/dicodusport\",\"https:\/\/x.com\/dicodusport\",\"https:\/\/www.instagram.com\/dicodusport\/\",\"https:\/\/www.youtube.com\/channel\/UC7V2KZ5sd3htJivAbA4ZG3w\"],\"description\":\"Dicodusport est l'encyclop\u00e9die de l'actualit\u00e9 sportive.\",\"email\":\"bonjour@dicodusport.fr\",\"legalName\":\"DICODUSPORT\",\"foundingDate\":\"2018-01-14\",\"vatID\":\"FR71834470973\",\"taxID\":\"83447097300043\",\"numberOfEmployees\":{\"@type\":\"QuantitativeValue\",\"minValue\":\"1\",\"maxValue\":\"10\"}},{\"@type\":\"Person\",\"@id\":\"https:\/\/dicodusport.fr\/blog\/#\/schema\/person\/cb02af4c173ce4a653b55e9baf388d4a\",\"name\":\"Flo Ostermann\",\"image\":{\"@type\":\"ImageObject\",\"inLanguage\":\"fr-FR\",\"@id\":\"https:\/\/dicodusport.fr\/blog\/#\/schema\/person\/image\/\",\"url\":\"https:\/\/dicodusport.fr\/blog\/wp-content\/uploads\/2021\/05\/Flo-Ostermann-150x150.jpg\",\"contentUrl\":\"https:\/\/dicodusport.fr\/blog\/wp-content\/uploads\/2021\/05\/Flo-Ostermann-150x150.jpg\",\"caption\":\"Flo Ostermann\"},\"description\":\"Journaliste\/R\u00e9dacteur depuis septembre 2015 - Mes premiers souvenirs dans le sport ? Les envol\u00e9es du Stade Toulousain et les duels Villeneuve-Schumacher et H\u00e4kkinen-Schumacher \u00e0 la fin des ann\u00e9es 90, la Coupe du monde de football en 1998, l\u2019exploit du XV de France face aux All Blacks en 1999, mais aussi Richard C\u0153ur de Lion qui vole sur les montagnes du Tour de France. Bien parti pour devenir professeur d\u2019EPS, les \u00e9v\u00e9nements de la vie (et la flemme d\u2019animer des s\u00e9ances de 3x500 m\u00e8tres toute ma vie) m\u2019ont conduit \u00e0 revoir mes plans. Me voil\u00e0 depuis fin 2017 sur Dicodusport, m\u00e9dia gr\u00e2ce (et pour) lequel je partage ma passion : le sport dans tous ses \u00e9tats. Le tout accompagn\u00e9 par les fous furieux et folles furieuses cit\u00e9s sur cette page !\",\"sameAs\":[\"https:\/\/www.facebook.com\/florent.ostermann\",\"https:\/\/x.com\/https:\/\/twitter.com\/FlOstermann\",\"admin\"],\"url\":\"https:\/\/dicodusport.fr\/blog\/author\/flo\/\"}]}<\/script>\n<!-- \/ Yoast SEO Premium plugin. -->","yoast_head_json":{"title":"Tour de France 2019 : le profil des \u00e9tapes","description":"Le 106\u00e8me Tour de France partira de Bruxelles ce samedi et s'ach\u00e8vera sur les Champs-\u00c9lys\u00e9es, le 28 juillet. Retrouvez le profil des 21 \u00e9tapes.","robots":{"index":"index","follow":"follow","max-snippet":"max-snippet:-1","max-image-preview":"max-image-preview:large","max-video-preview":"max-video-preview:-1"},"canonical":"https:\/\/dicodusport.fr\/blog\/tour-de-france-2019-le-profil-des-etapes\/","next":"https:\/\/dicodusport.fr\/blog\/tour-de-france-2019-le-profil-des-etapes\/2\/","og_locale":"fr_FR","og_type":"article","og_title":"Tour de France 2019 : le profil des \u00e9tapes","og_description":"Le 106\u00e8me Tour de France partira de Bruxelles ce samedi et s'ach\u00e8vera sur les Champs-\u00c9lys\u00e9es, le 28 juillet. Retrouvez le profil des 21 \u00e9tapes.","og_url":"https:\/\/dicodusport.fr\/blog\/tour-de-france-2019-le-profil-des-etapes\/","og_site_name":"Dicodusport","article_publisher":"https:\/\/www.facebook.com\/dicodusport","article_author":"https:\/\/www.facebook.com\/florent.ostermann","article_published_time":"2019-07-05T07:24:33+00:00","article_modified_time":"2019-07-26T20:48:13+00:00","og_image":[{"width":800,"height":445,"url":"https:\/\/dicodusport.fr\/blog\/wp-content\/uploads\/2019\/07\/Profil-\u00e9tapes-Tour-de-France-2019.png","type":"image\/png"}],"author":"Flo Ostermann","twitter_card":"summary_large_image","twitter_title":"Tour de France 2019 : le profil des \u00e9tapes","twitter_creator":"@https:\/\/twitter.com\/FlOstermann","twitter_site":"@dicodusport","schema":{"@context":"https:\/\/schema.org","@graph":[{"@type":"NewsArticle","@id":"https:\/\/dicodusport.fr\/blog\/tour-de-france-2019-le-profil-des-etapes\/#article","isPartOf":{"@id":"https:\/\/dicodusport.fr\/blog\/tour-de-france-2019-le-profil-des-etapes\/"},"author":{"name":"Flo Ostermann","@id":"https:\/\/dicodusport.fr\/blog\/#\/schema\/person\/cb02af4c173ce4a653b55e9baf388d4a"},"headline":"Tour de France 2019 : le profil des \u00e9tapes","datePublished":"2019-07-05T07:24:33+00:00","dateModified":"2019-07-26T20:48:13+00:00","mainEntityOfPage":{"@id":"https:\/\/dicodusport.fr\/blog\/tour-de-france-2019-le-profil-des-etapes\/"},"wordCount":1023,"commentCount":0,"publisher":{"@id":"https:\/\/dicodusport.fr\/blog\/#organization"},"image":{"@id":"https:\/\/dicodusport.fr\/blog\/tour-de-france-2019-le-profil-des-etapes\/#primaryimage"},"thumbnailUrl":"https:\/\/dicodusport.fr\/blog\/wp-content\/uploads\/2019\/07\/Profil-\u00e9tapes-Tour-de-France-2019.png","keywords":["Cyclisme","Tour de France"],"articleSection":["Actualit\u00e9s","Cyclisme"],"inLanguage":"fr-FR","potentialAction":[{"@type":"CommentAction","name":"Comment","target":["https:\/\/dicodusport.fr\/blog\/tour-de-france-2019-le-profil-des-etapes\/#respond"]}],"copyrightYear":"2019","copyrightHolder":{"@id":"https:\/\/dicodusport.fr\/blog\/#organization"}},{"@type":"WebPage","@id":"https:\/\/dicodusport.fr\/blog\/tour-de-france-2019-le-profil-des-etapes\/","url":"https:\/\/dicodusport.fr\/blog\/tour-de-france-2019-le-profil-des-etapes\/","name":"Tour de France 2019 : le profil des \u00e9tapes","isPartOf":{"@id":"https:\/\/dicodusport.fr\/blog\/#website"},"primaryImageOfPage":{"@id":"https:\/\/dicodusport.fr\/blog\/tour-de-france-2019-le-profil-des-etapes\/#primaryimage"},"image":{"@id":"https:\/\/dicodusport.fr\/blog\/tour-de-france-2019-le-profil-des-etapes\/#primaryimage"},"thumbnailUrl":"https:\/\/dicodusport.fr\/blog\/wp-content\/uploads\/2019\/07\/Profil-\u00e9tapes-Tour-de-France-2019.png","datePublished":"2019-07-05T07:24:33+00:00","dateModified":"2019-07-26T20:48:13+00:00","description":"Le 106\u00e8me Tour de France partira de Bruxelles ce samedi et s'ach\u00e8vera sur les Champs-\u00c9lys\u00e9es, le 28 juillet. Retrouvez le profil des 21 \u00e9tapes.","inLanguage":"fr-FR","potentialAction":[{"@type":"ReadAction","target":["https:\/\/dicodusport.fr\/blog\/tour-de-france-2019-le-profil-des-etapes\/"]}]},{"@type":"ImageObject","inLanguage":"fr-FR","@id":"https:\/\/dicodusport.fr\/blog\/tour-de-france-2019-le-profil-des-etapes\/#primaryimage","url":"https:\/\/dicodusport.fr\/blog\/wp-content\/uploads\/2019\/07\/Profil-\u00e9tapes-Tour-de-France-2019.png","contentUrl":"https:\/\/dicodusport.fr\/blog\/wp-content\/uploads\/2019\/07\/Profil-\u00e9tapes-Tour-de-France-2019.png","width":800,"height":445},{"@type":"WebSite","@id":"https:\/\/dicodusport.fr\/blog\/#website","url":"https:\/\/dicodusport.fr\/blog\/","name":"Dicodusport","description":"L&#039;encyclop\u00e9die de l&#039;actualit\u00e9 sportive","publisher":{"@id":"https:\/\/dicodusport.fr\/blog\/#organization"},"potentialAction":[{"@type":"SearchAction","target":{"@type":"EntryPoint","urlTemplate":"https:\/\/dicodusport.fr\/blog\/?s={search_term_string}"},"query-input":{"@type":"PropertyValueSpecification","valueRequired":true,"valueName":"search_term_string"}}],"inLanguage":"fr-FR"},{"@type":"NewsMediaOrganization","@id":"https:\/\/dicodusport.fr\/blog\/#organization","name":"Dicodusport","url":"https:\/\/dicodusport.fr\/blog\/","logo":{"@type":"ImageObject","inLanguage":"fr-FR","@id":"https:\/\/dicodusport.fr\/blog\/#\/schema\/logo\/image\/","url":"https:\/\/dicodusport.fr\/blog\/wp-content\/uploads\/2020\/06\/cropped-LOGO-DICODUSPORT-2020-SANS-FOND-SANS-TEXTE.png","contentUrl":"https:\/\/dicodusport.fr\/blog\/wp-content\/uploads\/2020\/06\/cropped-LOGO-DICODUSPORT-2020-SANS-FOND-SANS-TEXTE.png","width":512,"height":512,"caption":"Dicodusport"},"image":{"@id":"https:\/\/dicodusport.fr\/blog\/#\/schema\/logo\/image\/"},"sameAs":["https:\/\/www.facebook.com\/dicodusport","https:\/\/x.com\/dicodusport","https:\/\/www.instagram.com\/dicodusport\/","https:\/\/www.youtube.com\/channel\/UC7V2KZ5sd3htJivAbA4ZG3w"],"description":"Dicodusport est l'encyclop\u00e9die de l'actualit\u00e9 sportive.","email":"bonjour@dicodusport.fr","legalName":"DICODUSPORT","foundingDate":"2018-01-14","vatID":"FR71834470973","taxID":"83447097300043","numberOfEmployees":{"@type":"QuantitativeValue","minValue":"1","maxValue":"10"}},{"@type":"Person","@id":"https:\/\/dicodusport.fr\/blog\/#\/schema\/person\/cb02af4c173ce4a653b55e9baf388d4a","name":"Flo Ostermann","image":{"@type":"ImageObject","inLanguage":"fr-FR","@id":"https:\/\/dicodusport.fr\/blog\/#\/schema\/person\/image\/","url":"https:\/\/dicodusport.fr\/blog\/wp-content\/uploads\/2021\/05\/Flo-Ostermann-150x150.jpg","contentUrl":"https:\/\/dicodusport.fr\/blog\/wp-content\/uploads\/2021\/05\/Flo-Ostermann-150x150.jpg","caption":"Flo Ostermann"},"description":"Journaliste\/R\u00e9dacteur depuis septembre 2015 - Mes premiers souvenirs dans le sport ? Les envol\u00e9es du Stade Toulousain et les duels Villeneuve-Schumacher et H\u00e4kkinen-Schumacher \u00e0 la fin des ann\u00e9es 90, la Coupe du monde de football en 1998, l\u2019exploit du XV de France face aux All Blacks en 1999, mais aussi Richard C\u0153ur de Lion qui vole sur les montagnes du Tour de France. Bien parti pour devenir professeur d\u2019EPS, les \u00e9v\u00e9nements de la vie (et la flemme d\u2019animer des s\u00e9ances de 3x500 m\u00e8tres toute ma vie) m\u2019ont conduit \u00e0 revoir mes plans. Me voil\u00e0 depuis fin 2017 sur Dicodusport, m\u00e9dia gr\u00e2ce (et pour) lequel je partage ma passion : le sport dans tous ses \u00e9tats. Le tout accompagn\u00e9 par les fous furieux et folles furieuses cit\u00e9s sur cette page !","sameAs":["https:\/\/www.facebook.com\/florent.ostermann","https:\/\/x.com\/https:\/\/twitter.com\/FlOstermann","admin"],"url":"https:\/\/dicodusport.fr\/blog\/author\/flo\/"}]}},"_links":{"self":[{"href":"https:\/\/dicodusport.fr\/blog\/wp-json\/wp\/v2\/posts\/42526","targetHints":{"allow":["GET"]}}],"collection":[{"href":"https:\/\/dicodusport.fr\/blog\/wp-json\/wp\/v2\/posts"}],"about":[{"href":"https:\/\/dicodusport.fr\/blog\/wp-json\/wp\/v2\/types\/post"}],"author":[{"embeddable":true,"href":"https:\/\/dicodusport.fr\/blog\/wp-json\/wp\/v2\/users\/4"}],"replies":[{"embeddable":true,"href":"https:\/\/dicodusport.fr\/blog\/wp-json\/wp\/v2\/comments?post=42526"}],"version-history":[{"count":0,"href":"https:\/\/dicodusport.fr\/blog\/wp-json\/wp\/v2\/posts\/42526\/revisions"}],"wp:featuredmedia":[{"embeddable":true,"href":"https:\/\/dicodusport.fr\/blog\/wp-json\/wp\/v2\/media\/42552"}],"wp:attachment":[{"href":"https:\/\/dicodusport.fr\/blog\/wp-json\/wp\/v2\/media?parent=42526"}],"wp:term":[{"taxonomy":"category","embeddable":true,"href":"https:\/\/dicodusport.fr\/blog\/wp-json\/wp\/v2\/categories?post=42526"},{"taxonomy":"post_tag","embeddable":true,"href":"https:\/\/dicodusport.fr\/blog\/wp-json\/wp\/v2\/tags?post=42526"}],"curies":[{"name":"wp","href":"https:\/\/api.w.org\/{rel}","templated":true}]}}