{"id":425361,"date":"2023-10-03T23:03:06","date_gmt":"2023-10-03T21:03:06","guid":{"rendered":"https:\/\/dicodusport.fr\/blog\/?p=425361&#038;preview=true&#038;preview_id=425361"},"modified":"2025-09-16T08:56:33","modified_gmt":"2025-09-16T06:56:33","slug":"rc-lens-arsenal-les-notes-des-lensois","status":"publish","type":"post","link":"https:\/\/dicodusport.fr\/blog\/rc-lens-arsenal-les-notes-des-lensois\/","title":{"rendered":"RC Lens &#8211; Arsenal : Les notes des Lensois"},"content":{"rendered":"<p style=\"text-align: justify;\"><strong><em>LIGUE DES CHAMPIONS 2023-2024 &#8211; D\u00e9couvrez les notes du <a href=\"https:\/\/dicodusport.fr\/blog\/pronostic-lens-arsenal-cotes-analyse-et-conseil\/\">RC Lens face Arsenal<\/a>, apr\u00e8s la tr\u00e8s belle victoire des Lensois (2-1).<\/em><\/strong><\/p>\n<h2 style=\"text-align: justify;\">Lens &#8211; Arsenal : les notes du RCL<\/h2>\n<p style=\"text-align: justify;\"><strong>Brice Samba &#8211; 8<\/strong><\/p>\n<p style=\"text-align: justify;\">Encore un des h\u00e9ros du match ce soir. Surtout avec cette parade monumentale \u00e0 bout portant devant <strong>Takehiro Tomiyasu<\/strong> (66\u1d49). Vigilant devant <strong>Kai Havertz<\/strong> (20\u1d49). D\u00e9cisif devant <strong>Leandro Trossard<\/strong>, avec une superbe parade (49\u1d49). Encore solide (84\u1d49). Il rapporte trois points \u00e0 son \u00e9quipe ce soir.<\/p>\n<p style=\"text-align: justify;\"><strong>Jonathan Gradit &#8211; 6<\/strong><\/p>\n<p style=\"text-align: justify;\">Une superbe intervention sur <strong>Martin Odegaard<\/strong> (36\u1d49). Il se fait \u00e9liminer trop facilement par <strong>Leandro Trossard,<\/strong> sur l&rsquo;action qui am\u00e8ne l&rsquo;occasion de ce dernier (49\u1d49). Mais son intervention sur sa ligne sauve les siens. Car <strong>Brice Samba<\/strong> \u00e9tait battu (90\u1d49). Un match plein de courage, avec quelques lacunes, mais beaucoup de valeurs.<\/p>\n<p style=\"text-align: justify;\"><strong>Kevin Danso &#8211; 8<\/strong><\/p>\n<p style=\"text-align: justify;\">Un match de patron ! On ne compte plus le nombre de fois o\u00f9 il a soulag\u00e9 sa d\u00e9fense avec ses interventions justes et pleines d&rsquo;autorit\u00e9. Une frappe qui fait passer un frisson \u00e0 David Raya (4\u1d49). Une superbe intervention devant<strong> Gabriel Jesus<\/strong> (24\u1d49) \u00e0 l&rsquo;image de sa solidit\u00e9 dans le premier acte, avec cinq interventions d\u00e9fensive et quatre duels gagn\u00e9s sur les six (dont les deux au sol). Sept interventions au total.<\/p>\n<p style=\"text-align: justify;\"><strong>Facundo Medina &#8211; 6<\/strong><\/p>\n<p style=\"text-align: justify;\">Des sorties de balle int\u00e9ressantes (22 ballons touch\u00e9s en 30 minutes). Il a \u00e9t\u00e9 s\u00e9rieux d\u00e9fensivement, ne se faisant pas prendre \u00e0 d\u00e9faut. Il a aussi incarn\u00e9 la solidit\u00e9 du RC Lens apr\u00e8s ce but encaiss\u00e9 de fa\u00e7on pr\u00e9coce.<\/p>\n<p style=\"text-align: justify;\"><strong>Deiver Machado &#8211; 6,5<\/strong><\/p>\n<p style=\"text-align: justify;\">Sa volont\u00e9 de jouer haut a pay\u00e9 quand il surgit pour r\u00e9cup\u00e9rer un super ballon pour trouver <strong>Elye Wahi<\/strong> \u00e0 l&rsquo;origine du premier but lensois (25\u1d49). Pris dans son dos par <strong>Martin Odegaard<\/strong> (36\u1d49). Il a \u00e9volu\u00e9 haut durant la premi\u00e8re demi-heure avant de reculer. Il a remis de l&rsquo;intensit\u00e9 dans le second acte. M\u00eame s&rsquo;il a perdu pr\u00e8s de la moiti\u00e9 des ballons qu&rsquo;il a touch\u00e9s, symbole du d\u00e9chet qui entache un peu la copie. Remplac\u00e9 par <strong>Ruben Aguilar<\/strong> (81\u1d49).<\/p>\n<p style=\"text-align: justify;\"><strong>Przemyslaw Frankowski &#8211; 7<\/strong><\/p>\n<p style=\"text-align: justify;\">Dangereux sur quelques centres en d\u00e9but de match, notamment quand il trouve bien <strong>Adrien Thomasson<\/strong> (23\u1d49). Comme <strong>Deiver Machado<\/strong>, il a recul\u00e9 dans le dernier quart d&rsquo;heure du premier acte. Mais il a repris du poil de la b\u00eate et ses intentions ont \u00e9t\u00e9 r\u00e9compens\u00e9es, quand il offre le second but \u00e0 <strong>Elye Wahi<\/strong>. Un match tr\u00e8s solide, m\u00eame s&rsquo;il n&rsquo;a pas \u00e9t\u00e9 exempt de tout reproche en d\u00e9fense.<\/p>\n<p style=\"text-align: justify;\"><strong>Nampalys Mendy &#8211; 5,5<\/strong><\/p>\n<p style=\"text-align: justify;\">Un premier acte avec 22 ballons touch\u00e9s et o\u00f9 il s&rsquo;est surtout content\u00e9 des t\u00e2ches d\u00e9fensives. Un ballon perdu qui am\u00e8ne une grosse occasion d&rsquo;Arsenal (49\u1d49). Un match avec beaucoup d&rsquo;envie, mais qui n&rsquo;a pas toujours \u00e9t\u00e9 suivi sur le terrain. Remplac\u00e9 par <strong>Andy Diouf<\/strong> (73\u1d49).<\/p>\n<p style=\"text-align: justify;\"><strong>Salis Abdul Samed &#8211; 6<\/strong><\/p>\n<p style=\"text-align: justify;\">Une premi\u00e8re mi-temps qui ressemble un peu <a href=\"https:\/\/dicodusport.fr\/blog\/fc-seville-rc-lens-les-notes-des-lensois\/\">\u00e0 celle contre S\u00e9ville<\/a>. Beaucoup de travail de l&rsquo;ombre et peu de ballons touch\u00e9s (17\u1d49). N\u00e9anmoins, il a contribu\u00e9 \u00e0 r\u00e9duire l&rsquo;influence des milieux anglais, notamment <strong>Martin Odegaard<\/strong> qui s&rsquo;est gliss\u00e9 dans les lignes. Tout proche du 2-1, avec sa frappe qui passe \u00e0 c\u00f4t\u00e9 du cadre (64\u1d49).<\/p>\n<p style=\"text-align: justify;\"><strong>Adrien Thomasson &#8211; 7<\/strong><\/p>\n<p style=\"text-align: justify;\">Il aurait pu couler quand il commet cette erreur et cette perte de balle qui am\u00e8ne le but de<strong> Gabriel Jesus<\/strong> (14\u1d49). Mais cela a le m\u00e9rite de le r\u00e9veiller et sa vol\u00e9e passe au-dessus (23\u1d49). Une premi\u00e8re onde avant d&rsquo;\u00e9galiser sur un but magnifique en une touche de balle \u00e0 l&rsquo;entr\u00e9e de la surface (25\u1d49). Il n&rsquo;a pas touch\u00e9 tant de ballons que cela (32 apr\u00e8s une heure de jeu), mais a \u00e9t\u00e9 un poison entre les lignes. Avec trois passes cl\u00e9s. Dont celle qui am\u00e8ne l&rsquo;\u00e9norme occasion de<strong> Salis Abdul Samed<\/strong> (64\u1d49). Remplac\u00e9 par <strong>Angelo Fulgini<\/strong> (73\u1d49).<\/p>\n<blockquote class=\"twitter-tweet\">\n<p dir=\"ltr\" lang=\"fr\">QUEEEEL BUUT DE THOMASSON \ud83d\ude31 \ud83d\ude31<\/p>\n<p>\u00c0 l&rsquo;issue d&rsquo;une fabuleuse action, le milieu lensois \u00e9galise et fait exploser Bollaert \ud83d\udca5 \ud83d\udd25<a href=\"https:\/\/twitter.com\/hashtag\/RCLARS?src=hash&amp;ref_src=twsrc%5Etfw\">#RCLARS<\/a> | <a href=\"https:\/\/twitter.com\/hashtag\/UCL?src=hash&amp;ref_src=twsrc%5Etfw\">#UCL<\/a> <a href=\"https:\/\/t.co\/5yOV2PCz5O\">pic.twitter.com\/5yOV2PCz5O<\/a><\/p>\n<p>\u2014 CANAL+ Foot (@CanalplusFoot) <a href=\"https:\/\/twitter.com\/CanalplusFoot\/status\/1709290759575265524?ref_src=twsrc%5Etfw\">October 3, 2023<\/a><\/p><\/blockquote>\n<p><script async src=\"https:\/\/platform.twitter.com\/widgets.js\" charset=\"utf-8\"><\/script><\/p>\n<p style=\"text-align: justify;\"><strong>Florian Sotoca &#8211; 6,5<\/strong><\/p>\n<p style=\"text-align: justify;\">Une frappe cadr\u00e9e (28\u1d49). Il est dans l&rsquo;action du deuxi\u00e8me but lensois. Il n&rsquo;a pas rechign\u00e9 \u00e0 la t\u00e2che d\u00e9fensive, avec de nombreuses r\u00e9cup\u00e9rations. Qui ont fait du bien \u00e0 son \u00e9quipe, notamment tr\u00e8s haute sur le terrain. Un peu de d\u00e9chet offensif, mais il a mis du c\u0153ur \u00e0 l&rsquo;ouvrage. Il aurait pu tuer le match sur sa reprise (88\u1d49).<\/p>\n<p style=\"text-align: justify;\"><strong>Elye Wahi &#8211; 7,5<\/strong><\/p>\n<p style=\"text-align: justify;\">Un rapport ballon touch\u00e9 \/ efficacit\u00e9 exceptionnel. Il confirme tout le bien qu&rsquo;on peut penser de lui. Quel contr\u00f4le et quelle remise sur l&rsquo;\u00e9galisation d&rsquo;<strong>Adrien Thomasson<\/strong> (25\u1d49). Une action qui bonifie sa mi-temps o\u00f9 il a pein\u00e9 \u00e0 \u00eatre trouv\u00e9 (neuf ballons touch\u00e9s). Ensuite, quel but pour donner l&rsquo;avantage aux siens, avec un appel plein d&rsquo;intelligence (70\u1d49). Mais il a su peser dans la d\u00e9fense adverse avec une passe cl\u00e9 en plus de sa passe d\u00e9cisive. Remplac\u00e9 par <strong>Wesley Sa\u00efd<\/strong> (73\u1d49).<\/p>\n<blockquote class=\"twitter-tweet\">\n<p dir=\"ltr\" lang=\"fr\">C&rsquo;EST LA FOLIE \u00c0 BOLLAERT \ud83c\udf7e \ud83c\udf7e<\/p>\n<p>Elye Wahi reprend de plein fouet un centre de Frankowski et donne l&rsquo;avantage aux Sang et Or \ud83d\udfe1 \ud83d\udd34<\/p>\n<p>Les Lensois sont \u00e0 20 min de l&rsquo;exploit \ud83e\udd1e<a href=\"https:\/\/twitter.com\/hashtag\/RCLARS?src=hash&amp;ref_src=twsrc%5Etfw\">#RCLARS<\/a> | <a href=\"https:\/\/twitter.com\/hashtag\/UCL?src=hash&amp;ref_src=twsrc%5Etfw\">#UCL<\/a> <a href=\"https:\/\/t.co\/n0dN8RpFbO\">pic.twitter.com\/n0dN8RpFbO<\/a><\/p>\n<p>\u2014 CANAL+ Foot (@CanalplusFoot) <a href=\"https:\/\/twitter.com\/CanalplusFoot\/status\/1709306339032183082?ref_src=twsrc%5Etfw\">October 3, 2023<\/a><\/p><\/blockquote>\n<p><script async src=\"https:\/\/platform.twitter.com\/widgets.js\" charset=\"utf-8\"><\/script><\/p>\n","protected":false},"excerpt":{"rendered":"<p>LIGUE DES CHAMPIONS 2023-2024 &#8211; D\u00e9couvrez les notes du RC Lens face Arsenal, apr\u00e8s la tr\u00e8s belle victoire des Lensois (2-1).<\/p>\n","protected":false},"author":83,"featured_media":425398,"comment_status":"open","ping_status":"closed","sticky":false,"template":"","format":"standard","meta":{"_acf_changed":false,"_daextam_enable_autolinks":"1","footnotes":""},"categories":[47250],"tags":[3434,16878,75,419,3709,24],"class_list":["post-425361","post","type-post","status-publish","format-standard","has-post-thumbnail","hentry","category-ligue-des-champions-de-football","tag-arsenal","tag-breve","tag-football","tag-ligue-des-champions","tag-rc-lens","tag-sport"],"acf":[],"yoast_head":"<!-- This site is optimized with the Yoast SEO Premium plugin v26.7 (Yoast SEO v26.7) - https:\/\/yoast.com\/wordpress\/plugins\/seo\/ -->\n<title>RC Lens - Arsenal : Les notes des Lensois<\/title>\n<meta name=\"description\" content=\"LIGUE DES CHAMPIONS 2023-2024 - D\u00e9couvrez les notes du RC Lens face Arsenal, apr\u00e8s la tr\u00e8s belle victoire des Lensois (2-1).\" \/>\n<meta name=\"robots\" content=\"index, follow, max-snippet:-1, max-image-preview:large, max-video-preview:-1\" \/>\n<link rel=\"canonical\" href=\"https:\/\/dicodusport.fr\/blog\/rc-lens-arsenal-les-notes-des-lensois\/\" \/>\n<meta property=\"og:locale\" content=\"fr_FR\" \/>\n<meta property=\"og:type\" content=\"article\" \/>\n<meta property=\"og:title\" content=\"RC Lens - Arsenal : Les notes des Lensois\" \/>\n<meta property=\"og:description\" content=\"LIGUE DES CHAMPIONS 2023-2024 - D\u00e9couvrez les notes du RC Lens face Arsenal, apr\u00e8s la tr\u00e8s belle victoire des Lensois (2-1).\" \/>\n<meta property=\"og:url\" content=\"https:\/\/dicodusport.fr\/blog\/rc-lens-arsenal-les-notes-des-lensois\/\" \/>\n<meta property=\"og:site_name\" content=\"Dicodusport\" \/>\n<meta property=\"article:publisher\" content=\"https:\/\/www.facebook.com\/dicodusport\" \/>\n<meta property=\"article:published_time\" content=\"2023-10-03T21:03:06+00:00\" \/>\n<meta property=\"article:modified_time\" content=\"2025-09-16T06:56:33+00:00\" \/>\n<meta property=\"og:image\" content=\"https:\/\/dicodusport.fr\/blog\/wp-content\/uploads\/2023\/10\/RC-Lens-Arsenal-Les-notes-des-Lensois-1.png\" \/>\n\t<meta property=\"og:image:width\" content=\"800\" \/>\n\t<meta property=\"og:image:height\" content=\"445\" \/>\n\t<meta property=\"og:image:type\" content=\"image\/png\" \/>\n<meta name=\"author\" content=\"Etienne Goursaud\" \/>\n<meta name=\"twitter:card\" content=\"summary_large_image\" \/>\n<meta name=\"twitter:title\" content=\"RC Lens - Arsenal : Les notes des Lensois\" \/>\n<meta name=\"twitter:creator\" content=\"@dicodusport\" \/>\n<meta name=\"twitter:site\" content=\"@dicodusport\" \/>\n<script type=\"application\/ld+json\" class=\"yoast-schema-graph\">{\"@context\":\"https:\/\/schema.org\",\"@graph\":[{\"@type\":\"NewsArticle\",\"@id\":\"https:\/\/dicodusport.fr\/blog\/rc-lens-arsenal-les-notes-des-lensois\/#article\",\"isPartOf\":{\"@id\":\"https:\/\/dicodusport.fr\/blog\/rc-lens-arsenal-les-notes-des-lensois\/\"},\"author\":{\"name\":\"Etienne Goursaud\",\"@id\":\"https:\/\/dicodusport.fr\/blog\/#\/schema\/person\/d603dd7da31fb2b46c82b9835a77ec13\"},\"headline\":\"RC Lens &#8211; Arsenal : Les notes des Lensois\",\"datePublished\":\"2023-10-03T21:03:06+00:00\",\"dateModified\":\"2025-09-16T06:56:33+00:00\",\"mainEntityOfPage\":{\"@id\":\"https:\/\/dicodusport.fr\/blog\/rc-lens-arsenal-les-notes-des-lensois\/\"},\"wordCount\":890,\"commentCount\":0,\"publisher\":{\"@id\":\"https:\/\/dicodusport.fr\/blog\/#organization\"},\"image\":{\"@id\":\"https:\/\/dicodusport.fr\/blog\/rc-lens-arsenal-les-notes-des-lensois\/#primaryimage\"},\"thumbnailUrl\":\"https:\/\/dicodusport.fr\/blog\/wp-content\/uploads\/2023\/10\/RC-Lens-Arsenal-Les-notes-des-Lensois-1.png\",\"keywords\":[\"Arsenal\",\"br\u00e8ve\",\"Football\",\"Ligue des champions\",\"RC Lens\",\"sport\"],\"articleSection\":[\"Ligue des Champions de football\"],\"inLanguage\":\"fr-FR\",\"potentialAction\":[{\"@type\":\"CommentAction\",\"name\":\"Comment\",\"target\":[\"https:\/\/dicodusport.fr\/blog\/rc-lens-arsenal-les-notes-des-lensois\/#respond\"]}],\"copyrightYear\":\"2023\",\"copyrightHolder\":{\"@id\":\"https:\/\/dicodusport.fr\/blog\/#organization\"}},{\"@type\":\"WebPage\",\"@id\":\"https:\/\/dicodusport.fr\/blog\/rc-lens-arsenal-les-notes-des-lensois\/\",\"url\":\"https:\/\/dicodusport.fr\/blog\/rc-lens-arsenal-les-notes-des-lensois\/\",\"name\":\"RC Lens - Arsenal : Les notes des Lensois\",\"isPartOf\":{\"@id\":\"https:\/\/dicodusport.fr\/blog\/#website\"},\"primaryImageOfPage\":{\"@id\":\"https:\/\/dicodusport.fr\/blog\/rc-lens-arsenal-les-notes-des-lensois\/#primaryimage\"},\"image\":{\"@id\":\"https:\/\/dicodusport.fr\/blog\/rc-lens-arsenal-les-notes-des-lensois\/#primaryimage\"},\"thumbnailUrl\":\"https:\/\/dicodusport.fr\/blog\/wp-content\/uploads\/2023\/10\/RC-Lens-Arsenal-Les-notes-des-Lensois-1.png\",\"datePublished\":\"2023-10-03T21:03:06+00:00\",\"dateModified\":\"2025-09-16T06:56:33+00:00\",\"description\":\"LIGUE DES CHAMPIONS 2023-2024 - D\u00e9couvrez les notes du RC Lens face Arsenal, apr\u00e8s la tr\u00e8s belle victoire des Lensois (2-1).\",\"breadcrumb\":{\"@id\":\"https:\/\/dicodusport.fr\/blog\/rc-lens-arsenal-les-notes-des-lensois\/#breadcrumb\"},\"inLanguage\":\"fr-FR\",\"potentialAction\":[{\"@type\":\"ReadAction\",\"target\":[\"https:\/\/dicodusport.fr\/blog\/rc-lens-arsenal-les-notes-des-lensois\/\"]}]},{\"@type\":\"ImageObject\",\"inLanguage\":\"fr-FR\",\"@id\":\"https:\/\/dicodusport.fr\/blog\/rc-lens-arsenal-les-notes-des-lensois\/#primaryimage\",\"url\":\"https:\/\/dicodusport.fr\/blog\/wp-content\/uploads\/2023\/10\/RC-Lens-Arsenal-Les-notes-des-Lensois-1.png\",\"contentUrl\":\"https:\/\/dicodusport.fr\/blog\/wp-content\/uploads\/2023\/10\/RC-Lens-Arsenal-Les-notes-des-Lensois-1.png\",\"width\":800,\"height\":445,\"caption\":\"Wahi, symbole d'un RC Lens qui n'a pas froid aux yeux pour son retour en Ligue des Champions - Photo Icon Sport\"},{\"@type\":\"BreadcrumbList\",\"@id\":\"https:\/\/dicodusport.fr\/blog\/rc-lens-arsenal-les-notes-des-lensois\/#breadcrumb\",\"itemListElement\":[{\"@type\":\"ListItem\",\"position\":1,\"name\":\"Accueil\",\"item\":\"https:\/\/dicodusport.fr\/blog\/\"},{\"@type\":\"ListItem\",\"position\":2,\"name\":\"RC Lens &#8211; Arsenal : Les notes des Lensois\"}]},{\"@type\":\"WebSite\",\"@id\":\"https:\/\/dicodusport.fr\/blog\/#website\",\"url\":\"https:\/\/dicodusport.fr\/blog\/\",\"name\":\"Dicodusport\",\"description\":\"L&#039;encyclop\u00e9die de l&#039;actualit\u00e9 sportive\",\"publisher\":{\"@id\":\"https:\/\/dicodusport.fr\/blog\/#organization\"},\"potentialAction\":[{\"@type\":\"SearchAction\",\"target\":{\"@type\":\"EntryPoint\",\"urlTemplate\":\"https:\/\/dicodusport.fr\/blog\/?s={search_term_string}\"},\"query-input\":{\"@type\":\"PropertyValueSpecification\",\"valueRequired\":true,\"valueName\":\"search_term_string\"}}],\"inLanguage\":\"fr-FR\"},{\"@type\":\"NewsMediaOrganization\",\"@id\":\"https:\/\/dicodusport.fr\/blog\/#organization\",\"name\":\"Dicodusport\",\"url\":\"https:\/\/dicodusport.fr\/blog\/\",\"logo\":{\"@type\":\"ImageObject\",\"inLanguage\":\"fr-FR\",\"@id\":\"https:\/\/dicodusport.fr\/blog\/#\/schema\/logo\/image\/\",\"url\":\"https:\/\/dicodusport.fr\/blog\/wp-content\/uploads\/2020\/06\/cropped-LOGO-DICODUSPORT-2020-SANS-FOND-SANS-TEXTE.png\",\"contentUrl\":\"https:\/\/dicodusport.fr\/blog\/wp-content\/uploads\/2020\/06\/cropped-LOGO-DICODUSPORT-2020-SANS-FOND-SANS-TEXTE.png\",\"width\":512,\"height\":512,\"caption\":\"Dicodusport\"},\"image\":{\"@id\":\"https:\/\/dicodusport.fr\/blog\/#\/schema\/logo\/image\/\"},\"sameAs\":[\"https:\/\/www.facebook.com\/dicodusport\",\"https:\/\/x.com\/dicodusport\",\"https:\/\/www.instagram.com\/dicodusport\/\",\"https:\/\/www.youtube.com\/channel\/UC7V2KZ5sd3htJivAbA4ZG3w\"],\"description\":\"Dicodusport est l'encyclop\u00e9die de l'actualit\u00e9 sportive.\",\"email\":\"bonjour@dicodusport.fr\",\"legalName\":\"DICODUSPORT\",\"foundingDate\":\"2018-01-14\",\"vatID\":\"FR71834470973\",\"taxID\":\"83447097300043\",\"numberOfEmployees\":{\"@type\":\"QuantitativeValue\",\"minValue\":\"1\",\"maxValue\":\"10\"}},{\"@type\":\"Person\",\"@id\":\"https:\/\/dicodusport.fr\/blog\/#\/schema\/person\/d603dd7da31fb2b46c82b9835a77ec13\",\"name\":\"Etienne Goursaud\",\"image\":{\"@type\":\"ImageObject\",\"inLanguage\":\"fr-FR\",\"@id\":\"https:\/\/dicodusport.fr\/blog\/#\/schema\/person\/image\/\",\"url\":\"https:\/\/dicodusport.fr\/blog\/wp-content\/uploads\/2023\/12\/410122264_10231602061736049_5565839791558026645_n-150x150.jpg\",\"contentUrl\":\"https:\/\/dicodusport.fr\/blog\/wp-content\/uploads\/2023\/12\/410122264_10231602061736049_5565839791558026645_n-150x150.jpg\",\"caption\":\"Etienne Goursaud\"},\"description\":\"Journaliste et amoureux de sport. Ancien footballeur reconverti athl\u00e8te quand ses muscles le laissent tranquille. \u00c9lev\u00e9 \u00e0 la sauce des exploits de Thomas Voeckler en 2004, du dernier essai de l\u00e9gende de Eunice Barber \u00e0 la longueur lors des championnats du monde d'athl\u00e9tisme de 2003 mais aussi Zidane, Omeyer et Titou Lamaison.\",\"url\":\"https:\/\/dicodusport.fr\/blog\/author\/etienne-goursaud\/\"}]}<\/script>\n<!-- \/ Yoast SEO Premium plugin. -->","yoast_head_json":{"title":"RC Lens - Arsenal : Les notes des Lensois","description":"LIGUE DES CHAMPIONS 2023-2024 - D\u00e9couvrez les notes du RC Lens face Arsenal, apr\u00e8s la tr\u00e8s belle victoire des Lensois (2-1).","robots":{"index":"index","follow":"follow","max-snippet":"max-snippet:-1","max-image-preview":"max-image-preview:large","max-video-preview":"max-video-preview:-1"},"canonical":"https:\/\/dicodusport.fr\/blog\/rc-lens-arsenal-les-notes-des-lensois\/","og_locale":"fr_FR","og_type":"article","og_title":"RC Lens - Arsenal : Les notes des Lensois","og_description":"LIGUE DES CHAMPIONS 2023-2024 - D\u00e9couvrez les notes du RC Lens face Arsenal, apr\u00e8s la tr\u00e8s belle victoire des Lensois (2-1).","og_url":"https:\/\/dicodusport.fr\/blog\/rc-lens-arsenal-les-notes-des-lensois\/","og_site_name":"Dicodusport","article_publisher":"https:\/\/www.facebook.com\/dicodusport","article_published_time":"2023-10-03T21:03:06+00:00","article_modified_time":"2025-09-16T06:56:33+00:00","og_image":[{"width":800,"height":445,"url":"https:\/\/dicodusport.fr\/blog\/wp-content\/uploads\/2023\/10\/RC-Lens-Arsenal-Les-notes-des-Lensois-1.png","type":"image\/png"}],"author":"Etienne Goursaud","twitter_card":"summary_large_image","twitter_title":"RC Lens - Arsenal : Les notes des Lensois","twitter_creator":"@dicodusport","twitter_site":"@dicodusport","schema":{"@context":"https:\/\/schema.org","@graph":[{"@type":"NewsArticle","@id":"https:\/\/dicodusport.fr\/blog\/rc-lens-arsenal-les-notes-des-lensois\/#article","isPartOf":{"@id":"https:\/\/dicodusport.fr\/blog\/rc-lens-arsenal-les-notes-des-lensois\/"},"author":{"name":"Etienne Goursaud","@id":"https:\/\/dicodusport.fr\/blog\/#\/schema\/person\/d603dd7da31fb2b46c82b9835a77ec13"},"headline":"RC Lens &#8211; Arsenal : Les notes des Lensois","datePublished":"2023-10-03T21:03:06+00:00","dateModified":"2025-09-16T06:56:33+00:00","mainEntityOfPage":{"@id":"https:\/\/dicodusport.fr\/blog\/rc-lens-arsenal-les-notes-des-lensois\/"},"wordCount":890,"commentCount":0,"publisher":{"@id":"https:\/\/dicodusport.fr\/blog\/#organization"},"image":{"@id":"https:\/\/dicodusport.fr\/blog\/rc-lens-arsenal-les-notes-des-lensois\/#primaryimage"},"thumbnailUrl":"https:\/\/dicodusport.fr\/blog\/wp-content\/uploads\/2023\/10\/RC-Lens-Arsenal-Les-notes-des-Lensois-1.png","keywords":["Arsenal","br\u00e8ve","Football","Ligue des champions","RC Lens","sport"],"articleSection":["Ligue des Champions de football"],"inLanguage":"fr-FR","potentialAction":[{"@type":"CommentAction","name":"Comment","target":["https:\/\/dicodusport.fr\/blog\/rc-lens-arsenal-les-notes-des-lensois\/#respond"]}],"copyrightYear":"2023","copyrightHolder":{"@id":"https:\/\/dicodusport.fr\/blog\/#organization"}},{"@type":"WebPage","@id":"https:\/\/dicodusport.fr\/blog\/rc-lens-arsenal-les-notes-des-lensois\/","url":"https:\/\/dicodusport.fr\/blog\/rc-lens-arsenal-les-notes-des-lensois\/","name":"RC Lens - Arsenal : Les notes des Lensois","isPartOf":{"@id":"https:\/\/dicodusport.fr\/blog\/#website"},"primaryImageOfPage":{"@id":"https:\/\/dicodusport.fr\/blog\/rc-lens-arsenal-les-notes-des-lensois\/#primaryimage"},"image":{"@id":"https:\/\/dicodusport.fr\/blog\/rc-lens-arsenal-les-notes-des-lensois\/#primaryimage"},"thumbnailUrl":"https:\/\/dicodusport.fr\/blog\/wp-content\/uploads\/2023\/10\/RC-Lens-Arsenal-Les-notes-des-Lensois-1.png","datePublished":"2023-10-03T21:03:06+00:00","dateModified":"2025-09-16T06:56:33+00:00","description":"LIGUE DES CHAMPIONS 2023-2024 - D\u00e9couvrez les notes du RC Lens face Arsenal, apr\u00e8s la tr\u00e8s belle victoire des Lensois (2-1).","breadcrumb":{"@id":"https:\/\/dicodusport.fr\/blog\/rc-lens-arsenal-les-notes-des-lensois\/#breadcrumb"},"inLanguage":"fr-FR","potentialAction":[{"@type":"ReadAction","target":["https:\/\/dicodusport.fr\/blog\/rc-lens-arsenal-les-notes-des-lensois\/"]}]},{"@type":"ImageObject","inLanguage":"fr-FR","@id":"https:\/\/dicodusport.fr\/blog\/rc-lens-arsenal-les-notes-des-lensois\/#primaryimage","url":"https:\/\/dicodusport.fr\/blog\/wp-content\/uploads\/2023\/10\/RC-Lens-Arsenal-Les-notes-des-Lensois-1.png","contentUrl":"https:\/\/dicodusport.fr\/blog\/wp-content\/uploads\/2023\/10\/RC-Lens-Arsenal-Les-notes-des-Lensois-1.png","width":800,"height":445,"caption":"Wahi, symbole d'un RC Lens qui n'a pas froid aux yeux pour son retour en Ligue des Champions - Photo Icon Sport"},{"@type":"BreadcrumbList","@id":"https:\/\/dicodusport.fr\/blog\/rc-lens-arsenal-les-notes-des-lensois\/#breadcrumb","itemListElement":[{"@type":"ListItem","position":1,"name":"Accueil","item":"https:\/\/dicodusport.fr\/blog\/"},{"@type":"ListItem","position":2,"name":"RC Lens &#8211; Arsenal : Les notes des Lensois"}]},{"@type":"WebSite","@id":"https:\/\/dicodusport.fr\/blog\/#website","url":"https:\/\/dicodusport.fr\/blog\/","name":"Dicodusport","description":"L&#039;encyclop\u00e9die de l&#039;actualit\u00e9 sportive","publisher":{"@id":"https:\/\/dicodusport.fr\/blog\/#organization"},"potentialAction":[{"@type":"SearchAction","target":{"@type":"EntryPoint","urlTemplate":"https:\/\/dicodusport.fr\/blog\/?s={search_term_string}"},"query-input":{"@type":"PropertyValueSpecification","valueRequired":true,"valueName":"search_term_string"}}],"inLanguage":"fr-FR"},{"@type":"NewsMediaOrganization","@id":"https:\/\/dicodusport.fr\/blog\/#organization","name":"Dicodusport","url":"https:\/\/dicodusport.fr\/blog\/","logo":{"@type":"ImageObject","inLanguage":"fr-FR","@id":"https:\/\/dicodusport.fr\/blog\/#\/schema\/logo\/image\/","url":"https:\/\/dicodusport.fr\/blog\/wp-content\/uploads\/2020\/06\/cropped-LOGO-DICODUSPORT-2020-SANS-FOND-SANS-TEXTE.png","contentUrl":"https:\/\/dicodusport.fr\/blog\/wp-content\/uploads\/2020\/06\/cropped-LOGO-DICODUSPORT-2020-SANS-FOND-SANS-TEXTE.png","width":512,"height":512,"caption":"Dicodusport"},"image":{"@id":"https:\/\/dicodusport.fr\/blog\/#\/schema\/logo\/image\/"},"sameAs":["https:\/\/www.facebook.com\/dicodusport","https:\/\/x.com\/dicodusport","https:\/\/www.instagram.com\/dicodusport\/","https:\/\/www.youtube.com\/channel\/UC7V2KZ5sd3htJivAbA4ZG3w"],"description":"Dicodusport est l'encyclop\u00e9die de l'actualit\u00e9 sportive.","email":"bonjour@dicodusport.fr","legalName":"DICODUSPORT","foundingDate":"2018-01-14","vatID":"FR71834470973","taxID":"83447097300043","numberOfEmployees":{"@type":"QuantitativeValue","minValue":"1","maxValue":"10"}},{"@type":"Person","@id":"https:\/\/dicodusport.fr\/blog\/#\/schema\/person\/d603dd7da31fb2b46c82b9835a77ec13","name":"Etienne Goursaud","image":{"@type":"ImageObject","inLanguage":"fr-FR","@id":"https:\/\/dicodusport.fr\/blog\/#\/schema\/person\/image\/","url":"https:\/\/dicodusport.fr\/blog\/wp-content\/uploads\/2023\/12\/410122264_10231602061736049_5565839791558026645_n-150x150.jpg","contentUrl":"https:\/\/dicodusport.fr\/blog\/wp-content\/uploads\/2023\/12\/410122264_10231602061736049_5565839791558026645_n-150x150.jpg","caption":"Etienne Goursaud"},"description":"Journaliste et amoureux de sport. Ancien footballeur reconverti athl\u00e8te quand ses muscles le laissent tranquille. \u00c9lev\u00e9 \u00e0 la sauce des exploits de Thomas Voeckler en 2004, du dernier essai de l\u00e9gende de Eunice Barber \u00e0 la longueur lors des championnats du monde d'athl\u00e9tisme de 2003 mais aussi Zidane, Omeyer et Titou Lamaison.","url":"https:\/\/dicodusport.fr\/blog\/author\/etienne-goursaud\/"}]}},"_links":{"self":[{"href":"https:\/\/dicodusport.fr\/blog\/wp-json\/wp\/v2\/posts\/425361","targetHints":{"allow":["GET"]}}],"collection":[{"href":"https:\/\/dicodusport.fr\/blog\/wp-json\/wp\/v2\/posts"}],"about":[{"href":"https:\/\/dicodusport.fr\/blog\/wp-json\/wp\/v2\/types\/post"}],"author":[{"embeddable":true,"href":"https:\/\/dicodusport.fr\/blog\/wp-json\/wp\/v2\/users\/83"}],"replies":[{"embeddable":true,"href":"https:\/\/dicodusport.fr\/blog\/wp-json\/wp\/v2\/comments?post=425361"}],"version-history":[{"count":1,"href":"https:\/\/dicodusport.fr\/blog\/wp-json\/wp\/v2\/posts\/425361\/revisions"}],"predecessor-version":[{"id":611370,"href":"https:\/\/dicodusport.fr\/blog\/wp-json\/wp\/v2\/posts\/425361\/revisions\/611370"}],"wp:featuredmedia":[{"embeddable":true,"href":"https:\/\/dicodusport.fr\/blog\/wp-json\/wp\/v2\/media\/425398"}],"wp:attachment":[{"href":"https:\/\/dicodusport.fr\/blog\/wp-json\/wp\/v2\/media?parent=425361"}],"wp:term":[{"taxonomy":"category","embeddable":true,"href":"https:\/\/dicodusport.fr\/blog\/wp-json\/wp\/v2\/categories?post=425361"},{"taxonomy":"post_tag","embeddable":true,"href":"https:\/\/dicodusport.fr\/blog\/wp-json\/wp\/v2\/tags?post=425361"}],"curies":[{"name":"wp","href":"https:\/\/api.w.org\/{rel}","templated":true}]}}