{"id":42589,"date":"2019-07-06T14:57:40","date_gmt":"2019-07-06T12:57:40","guid":{"rendered":"http:\/\/dicodusport.fr\/blog\/?p=42589"},"modified":"2019-07-06T15:23:14","modified_gmt":"2019-07-06T13:23:14","slug":"moto-gp-marc-marquez-en-pole-position-fabio-quartararo-deuxieme","status":"publish","type":"post","link":"https:\/\/dicodusport.fr\/blog\/moto-gp-marc-marquez-en-pole-position-fabio-quartararo-deuxieme\/","title":{"rendered":"Moto GP &#8211; Allemagne : Marc Marquez en pole position, Fabio Quartararo deuxi\u00e8me"},"content":{"rendered":"<p style=\"text-align: justify;\"><strong><em>Moto GP &#8211; L&rsquo;Espagnol Marc Marquez (Honda) a r\u00e9alis\u00e9 la pole position en Allemagne, et ce pour la 10\u00e8me fois cons\u00e9cutive, toutes cat\u00e9gories confondues. <a href=\"https:\/\/dicodusport.fr\/blog\/tag\/quartararo\/\" target=\"_blank\" rel=\"noopener\">Fabio Quartararo<\/a> (Yamaha) s&rsquo;\u00e9lancera de la deuxi\u00e8me place, et ce malgr\u00e9 une subluxation de l&rsquo;\u00e9paule ce matin, lors de la troisi\u00e8me s\u00e9ance d&rsquo;essais libres.<\/em> <\/strong><\/p>\n<p style=\"text-align: justify;\">Comme chez lui. 2019 n&rsquo;aura pas d\u00e9rog\u00e9 \u00e0 la r\u00e8gle pour le quintuple champion du monde <strong>Marc Marquez<\/strong>. L&rsquo;Espagnol a en effet enlev\u00e9 une 10\u00e8me pole position sur le circuit du Sachsenring, en Allemagne. Le pilote Honda a, qui plus est, r\u00e9alis\u00e9 le record du tour, en 1:20.195. Deuxi\u00e8me <strong>Fabio Quartararo<\/strong> (Yamaha) a \u00e9t\u00e9 h\u00e9ro\u00efque, lui qui, secou\u00e9 par sa machine, a subi une subluxation de l&rsquo;\u00e9paule lors de la troisi\u00e8me s\u00e9ance d&rsquo;essais libres. Vainqueur \u00e0 Assen, <strong>Maverick Vinales<\/strong> (Yamaha) partira en troisi\u00e8me position.<\/p>\n<p style=\"text-align: justify;\">Nouvelle d\u00e9sillusion en revanche pour <strong>Johann Zarco<\/strong>. Revanchard mais toujours limit\u00e9 sur sa KTM, il partira en 19\u00e8me position.<\/p>\n<blockquote class=\"twitter-tweet\" data-lang=\"fr\">\n<p dir=\"ltr\" lang=\"fr\">La pole position pour <a href=\"https:\/\/twitter.com\/marcmarquez93?ref_src=twsrc%5Etfw\">@marcmarquez93<\/a> !!! 10\u00e8me cons\u00e9cutive sur cette piste !<\/p>\n<p>Le meilleur du <a href=\"https:\/\/twitter.com\/hashtag\/MotoGP?src=hash&amp;ref_src=twsrc%5Etfw\">#MotoGP<\/a> est \u00e0 vivre sur <a href=\"https:\/\/twitter.com\/myCANAL?ref_src=twsrc%5Etfw\">@myCANAL<\/a> &#x1f4bb; I <a href=\"https:\/\/t.co\/ifAWA7cUn6\">https:\/\/t.co\/ifAWA7cUn6<\/a> <a href=\"https:\/\/twitter.com\/hashtag\/GermanGP?src=hash&amp;ref_src=twsrc%5Etfw\">#GermanGP<\/a> <a href=\"https:\/\/t.co\/M730oaEEOg\">pic.twitter.com\/M730oaEEOg<\/a><\/p>\n<p>\u2014 CANAL+ MotoGP&#x2122; (@MotoGPCanalPlus) <a href=\"https:\/\/twitter.com\/MotoGPCanalPlus\/status\/1147488729344466944?ref_src=twsrc%5Etfw\">6 juillet 2019<\/a><\/p><\/blockquote>\n<p><script async src=\"https:\/\/platform.twitter.com\/widgets.js\" charset=\"utf-8\"><\/script><\/p>\n<p><strong><em>Dicodusport<br \/>\n<a href=\"https:\/\/www.facebook.com\/dicodusport\/\" target=\"_blank\" rel=\"noopener\"><img loading=\"lazy\" decoding=\"async\" class=\"alignnone wp-image-2909\" src=\"http:\/\/dicodusport.fr\/blog\/wp-content\/uploads\/2017\/07\/logo-facebook-150x150.png\" alt=\"\" width=\"40\" height=\"40\" \/><\/a><a href=\"https:\/\/twitter.com\/dicodusport\" target=\"_blank\" rel=\"noopener\"><img loading=\"lazy\" decoding=\"async\" class=\"alignnone wp-image-2908\" src=\"http:\/\/dicodusport.fr\/blog\/wp-content\/uploads\/2017\/07\/logo-twitter-150x150.png\" alt=\"\" width=\"39\" height=\"39\" \/><\/a><\/em><\/strong><\/p>\n","protected":false},"excerpt":{"rendered":"<p>Moto GP &#8211; L&rsquo;Espagnol Marc Marquez (Honda) a r\u00e9alis\u00e9 la pole position en Allemagne, et ce pour la 10\u00e8me fois cons\u00e9cutive, toutes cat\u00e9gories confondues.<\/p>\n","protected":false},"author":4,"featured_media":42596,"comment_status":"open","ping_status":"closed","sticky":false,"template":"","format":"standard","meta":{"_acf_changed":false,"_daextam_enable_autolinks":"","footnotes":""},"categories":[2,2312],"tags":[8246,843,4736],"class_list":["post-42589","post","type-post","status-publish","format-standard","has-post-thumbnail","hentry","category-actualites","category-sports-mecaniques","tag-grand-prix-dallemagne","tag-moto","tag-moto-gp"],"acf":[],"yoast_head":"<!-- This site is optimized with the Yoast SEO Premium plugin v26.7 (Yoast SEO v26.7) - https:\/\/yoast.com\/wordpress\/plugins\/seo\/ -->\n<title>Moto GP - Allemagne : Marc Marquez en pole position, Fabio Quartararo deuxi\u00e8me<\/title>\n<meta name=\"description\" content=\"Moto GP - L&#039;Espagnol Marc Marquez (Honda) a r\u00e9alis\u00e9 la pole position en Allemagne, et ce pour la 10\u00e8me fois cons\u00e9cutive, toutes cat\u00e9gories confondues.\" \/>\n<meta name=\"robots\" content=\"index, follow, max-snippet:-1, max-image-preview:large, max-video-preview:-1\" \/>\n<link rel=\"canonical\" href=\"https:\/\/dicodusport.fr\/blog\/moto-gp-marc-marquez-en-pole-position-fabio-quartararo-deuxieme\/\" \/>\n<meta property=\"og:locale\" content=\"fr_FR\" \/>\n<meta property=\"og:type\" content=\"article\" \/>\n<meta property=\"og:title\" content=\"Moto GP : Marc Marquez en pole position, Fabio Quartararo deuxi\u00e8me\" \/>\n<meta property=\"og:description\" content=\"Moto GP - L&#039;Espagnol Marc Marquez (Honda) a r\u00e9alis\u00e9 la pole position en Allemagne, et ce pour la 10\u00e8me fois cons\u00e9cutive, toutes cat\u00e9gories confondues.\" \/>\n<meta property=\"og:url\" content=\"https:\/\/dicodusport.fr\/blog\/moto-gp-marc-marquez-en-pole-position-fabio-quartararo-deuxieme\/\" \/>\n<meta property=\"og:site_name\" content=\"Dicodusport\" \/>\n<meta property=\"article:publisher\" content=\"https:\/\/www.facebook.com\/dicodusport\" \/>\n<meta property=\"article:author\" content=\"https:\/\/www.facebook.com\/florent.ostermann\" \/>\n<meta property=\"article:published_time\" content=\"2019-07-06T12:57:40+00:00\" \/>\n<meta property=\"article:modified_time\" content=\"2019-07-06T13:23:14+00:00\" \/>\n<meta property=\"og:image\" content=\"https:\/\/dicodusport.fr\/blog\/wp-content\/uploads\/2019\/07\/Marc-Marquez-GP-Allemagne.png\" \/>\n\t<meta property=\"og:image:width\" content=\"800\" \/>\n\t<meta property=\"og:image:height\" content=\"445\" \/>\n\t<meta property=\"og:image:type\" content=\"image\/png\" \/>\n<meta name=\"author\" content=\"Flo Ostermann\" \/>\n<meta name=\"twitter:card\" content=\"summary_large_image\" \/>\n<meta name=\"twitter:title\" content=\"Moto GP : Marc Marquez en pole position, Fabio Quartararo deuxi\u00e8me\" \/>\n<meta name=\"twitter:creator\" content=\"@https:\/\/twitter.com\/FlOstermann\" \/>\n<meta name=\"twitter:site\" content=\"@dicodusport\" \/>\n<script type=\"application\/ld+json\" class=\"yoast-schema-graph\">{\"@context\":\"https:\/\/schema.org\",\"@graph\":[{\"@type\":\"NewsArticle\",\"@id\":\"https:\/\/dicodusport.fr\/blog\/moto-gp-marc-marquez-en-pole-position-fabio-quartararo-deuxieme\/#article\",\"isPartOf\":{\"@id\":\"https:\/\/dicodusport.fr\/blog\/moto-gp-marc-marquez-en-pole-position-fabio-quartararo-deuxieme\/\"},\"author\":{\"name\":\"Flo Ostermann\",\"@id\":\"https:\/\/dicodusport.fr\/blog\/#\/schema\/person\/cb02af4c173ce4a653b55e9baf388d4a\"},\"headline\":\"Moto GP &#8211; Allemagne : Marc Marquez en pole position, Fabio Quartararo deuxi\u00e8me\",\"datePublished\":\"2019-07-06T12:57:40+00:00\",\"dateModified\":\"2019-07-06T13:23:14+00:00\",\"mainEntityOfPage\":{\"@id\":\"https:\/\/dicodusport.fr\/blog\/moto-gp-marc-marquez-en-pole-position-fabio-quartararo-deuxieme\/\"},\"wordCount\":224,\"commentCount\":0,\"publisher\":{\"@id\":\"https:\/\/dicodusport.fr\/blog\/#organization\"},\"image\":{\"@id\":\"https:\/\/dicodusport.fr\/blog\/moto-gp-marc-marquez-en-pole-position-fabio-quartararo-deuxieme\/#primaryimage\"},\"thumbnailUrl\":\"https:\/\/dicodusport.fr\/blog\/wp-content\/uploads\/2019\/07\/Marc-Marquez-GP-Allemagne.png\",\"keywords\":[\"Grand Prix d'Allemagne\",\"moto\",\"Moto GP\"],\"articleSection\":[\"Actualit\u00e9s\",\"Sports m\u00e9caniques\"],\"inLanguage\":\"fr-FR\",\"potentialAction\":[{\"@type\":\"CommentAction\",\"name\":\"Comment\",\"target\":[\"https:\/\/dicodusport.fr\/blog\/moto-gp-marc-marquez-en-pole-position-fabio-quartararo-deuxieme\/#respond\"]}],\"copyrightYear\":\"2019\",\"copyrightHolder\":{\"@id\":\"https:\/\/dicodusport.fr\/blog\/#organization\"}},{\"@type\":\"WebPage\",\"@id\":\"https:\/\/dicodusport.fr\/blog\/moto-gp-marc-marquez-en-pole-position-fabio-quartararo-deuxieme\/\",\"url\":\"https:\/\/dicodusport.fr\/blog\/moto-gp-marc-marquez-en-pole-position-fabio-quartararo-deuxieme\/\",\"name\":\"Moto GP - Allemagne : Marc Marquez en pole position, Fabio Quartararo deuxi\u00e8me\",\"isPartOf\":{\"@id\":\"https:\/\/dicodusport.fr\/blog\/#website\"},\"primaryImageOfPage\":{\"@id\":\"https:\/\/dicodusport.fr\/blog\/moto-gp-marc-marquez-en-pole-position-fabio-quartararo-deuxieme\/#primaryimage\"},\"image\":{\"@id\":\"https:\/\/dicodusport.fr\/blog\/moto-gp-marc-marquez-en-pole-position-fabio-quartararo-deuxieme\/#primaryimage\"},\"thumbnailUrl\":\"https:\/\/dicodusport.fr\/blog\/wp-content\/uploads\/2019\/07\/Marc-Marquez-GP-Allemagne.png\",\"datePublished\":\"2019-07-06T12:57:40+00:00\",\"dateModified\":\"2019-07-06T13:23:14+00:00\",\"description\":\"Moto GP - L'Espagnol Marc Marquez (Honda) a r\u00e9alis\u00e9 la pole position en Allemagne, et ce pour la 10\u00e8me fois cons\u00e9cutive, toutes cat\u00e9gories confondues.\",\"breadcrumb\":{\"@id\":\"https:\/\/dicodusport.fr\/blog\/moto-gp-marc-marquez-en-pole-position-fabio-quartararo-deuxieme\/#breadcrumb\"},\"inLanguage\":\"fr-FR\",\"potentialAction\":[{\"@type\":\"ReadAction\",\"target\":[\"https:\/\/dicodusport.fr\/blog\/moto-gp-marc-marquez-en-pole-position-fabio-quartararo-deuxieme\/\"]}]},{\"@type\":\"ImageObject\",\"inLanguage\":\"fr-FR\",\"@id\":\"https:\/\/dicodusport.fr\/blog\/moto-gp-marc-marquez-en-pole-position-fabio-quartararo-deuxieme\/#primaryimage\",\"url\":\"https:\/\/dicodusport.fr\/blog\/wp-content\/uploads\/2019\/07\/Marc-Marquez-GP-Allemagne.png\",\"contentUrl\":\"https:\/\/dicodusport.fr\/blog\/wp-content\/uploads\/2019\/07\/Marc-Marquez-GP-Allemagne.png\",\"width\":800,\"height\":445},{\"@type\":\"BreadcrumbList\",\"@id\":\"https:\/\/dicodusport.fr\/blog\/moto-gp-marc-marquez-en-pole-position-fabio-quartararo-deuxieme\/#breadcrumb\",\"itemListElement\":[{\"@type\":\"ListItem\",\"position\":1,\"name\":\"Accueil\",\"item\":\"https:\/\/dicodusport.fr\/blog\/\"},{\"@type\":\"ListItem\",\"position\":2,\"name\":\"Moto GP &#8211; Allemagne : Marc Marquez en pole position, Fabio Quartararo deuxi\u00e8me\"}]},{\"@type\":\"WebSite\",\"@id\":\"https:\/\/dicodusport.fr\/blog\/#website\",\"url\":\"https:\/\/dicodusport.fr\/blog\/\",\"name\":\"Dicodusport\",\"description\":\"L&#039;encyclop\u00e9die de l&#039;actualit\u00e9 sportive\",\"publisher\":{\"@id\":\"https:\/\/dicodusport.fr\/blog\/#organization\"},\"potentialAction\":[{\"@type\":\"SearchAction\",\"target\":{\"@type\":\"EntryPoint\",\"urlTemplate\":\"https:\/\/dicodusport.fr\/blog\/?s={search_term_string}\"},\"query-input\":{\"@type\":\"PropertyValueSpecification\",\"valueRequired\":true,\"valueName\":\"search_term_string\"}}],\"inLanguage\":\"fr-FR\"},{\"@type\":\"NewsMediaOrganization\",\"@id\":\"https:\/\/dicodusport.fr\/blog\/#organization\",\"name\":\"Dicodusport\",\"url\":\"https:\/\/dicodusport.fr\/blog\/\",\"logo\":{\"@type\":\"ImageObject\",\"inLanguage\":\"fr-FR\",\"@id\":\"https:\/\/dicodusport.fr\/blog\/#\/schema\/logo\/image\/\",\"url\":\"https:\/\/dicodusport.fr\/blog\/wp-content\/uploads\/2020\/06\/cropped-LOGO-DICODUSPORT-2020-SANS-FOND-SANS-TEXTE.png\",\"contentUrl\":\"https:\/\/dicodusport.fr\/blog\/wp-content\/uploads\/2020\/06\/cropped-LOGO-DICODUSPORT-2020-SANS-FOND-SANS-TEXTE.png\",\"width\":512,\"height\":512,\"caption\":\"Dicodusport\"},\"image\":{\"@id\":\"https:\/\/dicodusport.fr\/blog\/#\/schema\/logo\/image\/\"},\"sameAs\":[\"https:\/\/www.facebook.com\/dicodusport\",\"https:\/\/x.com\/dicodusport\",\"https:\/\/www.instagram.com\/dicodusport\/\",\"https:\/\/www.youtube.com\/channel\/UC7V2KZ5sd3htJivAbA4ZG3w\"],\"description\":\"Dicodusport est l'encyclop\u00e9die de l'actualit\u00e9 sportive.\",\"email\":\"bonjour@dicodusport.fr\",\"legalName\":\"DICODUSPORT\",\"foundingDate\":\"2018-01-14\",\"vatID\":\"FR71834470973\",\"taxID\":\"83447097300043\",\"numberOfEmployees\":{\"@type\":\"QuantitativeValue\",\"minValue\":\"1\",\"maxValue\":\"10\"}},{\"@type\":\"Person\",\"@id\":\"https:\/\/dicodusport.fr\/blog\/#\/schema\/person\/cb02af4c173ce4a653b55e9baf388d4a\",\"name\":\"Flo Ostermann\",\"image\":{\"@type\":\"ImageObject\",\"inLanguage\":\"fr-FR\",\"@id\":\"https:\/\/dicodusport.fr\/blog\/#\/schema\/person\/image\/\",\"url\":\"https:\/\/dicodusport.fr\/blog\/wp-content\/uploads\/2021\/05\/Flo-Ostermann-150x150.jpg\",\"contentUrl\":\"https:\/\/dicodusport.fr\/blog\/wp-content\/uploads\/2021\/05\/Flo-Ostermann-150x150.jpg\",\"caption\":\"Flo Ostermann\"},\"description\":\"Journaliste\/R\u00e9dacteur depuis septembre 2015 - Mes premiers souvenirs dans le sport ? Les envol\u00e9es du Stade Toulousain et les duels Villeneuve-Schumacher et H\u00e4kkinen-Schumacher \u00e0 la fin des ann\u00e9es 90, la Coupe du monde de football en 1998, l\u2019exploit du XV de France face aux All Blacks en 1999, mais aussi Richard C\u0153ur de Lion qui vole sur les montagnes du Tour de France. Bien parti pour devenir professeur d\u2019EPS, les \u00e9v\u00e9nements de la vie (et la flemme d\u2019animer des s\u00e9ances de 3x500 m\u00e8tres toute ma vie) m\u2019ont conduit \u00e0 revoir mes plans. Me voil\u00e0 depuis fin 2017 sur Dicodusport, m\u00e9dia gr\u00e2ce (et pour) lequel je partage ma passion : le sport dans tous ses \u00e9tats. Le tout accompagn\u00e9 par les fous furieux et folles furieuses cit\u00e9s sur cette page !\",\"sameAs\":[\"https:\/\/www.facebook.com\/florent.ostermann\",\"https:\/\/x.com\/https:\/\/twitter.com\/FlOstermann\",\"admin\"],\"url\":\"https:\/\/dicodusport.fr\/blog\/author\/flo\/\"}]}<\/script>\n<!-- \/ Yoast SEO Premium plugin. -->","yoast_head_json":{"title":"Moto GP - Allemagne : Marc Marquez en pole position, Fabio Quartararo deuxi\u00e8me","description":"Moto GP - L'Espagnol Marc Marquez (Honda) a r\u00e9alis\u00e9 la pole position en Allemagne, et ce pour la 10\u00e8me fois cons\u00e9cutive, toutes cat\u00e9gories confondues.","robots":{"index":"index","follow":"follow","max-snippet":"max-snippet:-1","max-image-preview":"max-image-preview:large","max-video-preview":"max-video-preview:-1"},"canonical":"https:\/\/dicodusport.fr\/blog\/moto-gp-marc-marquez-en-pole-position-fabio-quartararo-deuxieme\/","og_locale":"fr_FR","og_type":"article","og_title":"Moto GP : Marc Marquez en pole position, Fabio Quartararo deuxi\u00e8me","og_description":"Moto GP - L'Espagnol Marc Marquez (Honda) a r\u00e9alis\u00e9 la pole position en Allemagne, et ce pour la 10\u00e8me fois cons\u00e9cutive, toutes cat\u00e9gories confondues.","og_url":"https:\/\/dicodusport.fr\/blog\/moto-gp-marc-marquez-en-pole-position-fabio-quartararo-deuxieme\/","og_site_name":"Dicodusport","article_publisher":"https:\/\/www.facebook.com\/dicodusport","article_author":"https:\/\/www.facebook.com\/florent.ostermann","article_published_time":"2019-07-06T12:57:40+00:00","article_modified_time":"2019-07-06T13:23:14+00:00","og_image":[{"width":800,"height":445,"url":"https:\/\/dicodusport.fr\/blog\/wp-content\/uploads\/2019\/07\/Marc-Marquez-GP-Allemagne.png","type":"image\/png"}],"author":"Flo Ostermann","twitter_card":"summary_large_image","twitter_title":"Moto GP : Marc Marquez en pole position, Fabio Quartararo deuxi\u00e8me","twitter_creator":"@https:\/\/twitter.com\/FlOstermann","twitter_site":"@dicodusport","schema":{"@context":"https:\/\/schema.org","@graph":[{"@type":"NewsArticle","@id":"https:\/\/dicodusport.fr\/blog\/moto-gp-marc-marquez-en-pole-position-fabio-quartararo-deuxieme\/#article","isPartOf":{"@id":"https:\/\/dicodusport.fr\/blog\/moto-gp-marc-marquez-en-pole-position-fabio-quartararo-deuxieme\/"},"author":{"name":"Flo Ostermann","@id":"https:\/\/dicodusport.fr\/blog\/#\/schema\/person\/cb02af4c173ce4a653b55e9baf388d4a"},"headline":"Moto GP &#8211; Allemagne : Marc Marquez en pole position, Fabio Quartararo deuxi\u00e8me","datePublished":"2019-07-06T12:57:40+00:00","dateModified":"2019-07-06T13:23:14+00:00","mainEntityOfPage":{"@id":"https:\/\/dicodusport.fr\/blog\/moto-gp-marc-marquez-en-pole-position-fabio-quartararo-deuxieme\/"},"wordCount":224,"commentCount":0,"publisher":{"@id":"https:\/\/dicodusport.fr\/blog\/#organization"},"image":{"@id":"https:\/\/dicodusport.fr\/blog\/moto-gp-marc-marquez-en-pole-position-fabio-quartararo-deuxieme\/#primaryimage"},"thumbnailUrl":"https:\/\/dicodusport.fr\/blog\/wp-content\/uploads\/2019\/07\/Marc-Marquez-GP-Allemagne.png","keywords":["Grand Prix d'Allemagne","moto","Moto GP"],"articleSection":["Actualit\u00e9s","Sports m\u00e9caniques"],"inLanguage":"fr-FR","potentialAction":[{"@type":"CommentAction","name":"Comment","target":["https:\/\/dicodusport.fr\/blog\/moto-gp-marc-marquez-en-pole-position-fabio-quartararo-deuxieme\/#respond"]}],"copyrightYear":"2019","copyrightHolder":{"@id":"https:\/\/dicodusport.fr\/blog\/#organization"}},{"@type":"WebPage","@id":"https:\/\/dicodusport.fr\/blog\/moto-gp-marc-marquez-en-pole-position-fabio-quartararo-deuxieme\/","url":"https:\/\/dicodusport.fr\/blog\/moto-gp-marc-marquez-en-pole-position-fabio-quartararo-deuxieme\/","name":"Moto GP - Allemagne : Marc Marquez en pole position, Fabio Quartararo deuxi\u00e8me","isPartOf":{"@id":"https:\/\/dicodusport.fr\/blog\/#website"},"primaryImageOfPage":{"@id":"https:\/\/dicodusport.fr\/blog\/moto-gp-marc-marquez-en-pole-position-fabio-quartararo-deuxieme\/#primaryimage"},"image":{"@id":"https:\/\/dicodusport.fr\/blog\/moto-gp-marc-marquez-en-pole-position-fabio-quartararo-deuxieme\/#primaryimage"},"thumbnailUrl":"https:\/\/dicodusport.fr\/blog\/wp-content\/uploads\/2019\/07\/Marc-Marquez-GP-Allemagne.png","datePublished":"2019-07-06T12:57:40+00:00","dateModified":"2019-07-06T13:23:14+00:00","description":"Moto GP - L'Espagnol Marc Marquez (Honda) a r\u00e9alis\u00e9 la pole position en Allemagne, et ce pour la 10\u00e8me fois cons\u00e9cutive, toutes cat\u00e9gories confondues.","breadcrumb":{"@id":"https:\/\/dicodusport.fr\/blog\/moto-gp-marc-marquez-en-pole-position-fabio-quartararo-deuxieme\/#breadcrumb"},"inLanguage":"fr-FR","potentialAction":[{"@type":"ReadAction","target":["https:\/\/dicodusport.fr\/blog\/moto-gp-marc-marquez-en-pole-position-fabio-quartararo-deuxieme\/"]}]},{"@type":"ImageObject","inLanguage":"fr-FR","@id":"https:\/\/dicodusport.fr\/blog\/moto-gp-marc-marquez-en-pole-position-fabio-quartararo-deuxieme\/#primaryimage","url":"https:\/\/dicodusport.fr\/blog\/wp-content\/uploads\/2019\/07\/Marc-Marquez-GP-Allemagne.png","contentUrl":"https:\/\/dicodusport.fr\/blog\/wp-content\/uploads\/2019\/07\/Marc-Marquez-GP-Allemagne.png","width":800,"height":445},{"@type":"BreadcrumbList","@id":"https:\/\/dicodusport.fr\/blog\/moto-gp-marc-marquez-en-pole-position-fabio-quartararo-deuxieme\/#breadcrumb","itemListElement":[{"@type":"ListItem","position":1,"name":"Accueil","item":"https:\/\/dicodusport.fr\/blog\/"},{"@type":"ListItem","position":2,"name":"Moto GP &#8211; Allemagne : Marc Marquez en pole position, Fabio Quartararo deuxi\u00e8me"}]},{"@type":"WebSite","@id":"https:\/\/dicodusport.fr\/blog\/#website","url":"https:\/\/dicodusport.fr\/blog\/","name":"Dicodusport","description":"L&#039;encyclop\u00e9die de l&#039;actualit\u00e9 sportive","publisher":{"@id":"https:\/\/dicodusport.fr\/blog\/#organization"},"potentialAction":[{"@type":"SearchAction","target":{"@type":"EntryPoint","urlTemplate":"https:\/\/dicodusport.fr\/blog\/?s={search_term_string}"},"query-input":{"@type":"PropertyValueSpecification","valueRequired":true,"valueName":"search_term_string"}}],"inLanguage":"fr-FR"},{"@type":"NewsMediaOrganization","@id":"https:\/\/dicodusport.fr\/blog\/#organization","name":"Dicodusport","url":"https:\/\/dicodusport.fr\/blog\/","logo":{"@type":"ImageObject","inLanguage":"fr-FR","@id":"https:\/\/dicodusport.fr\/blog\/#\/schema\/logo\/image\/","url":"https:\/\/dicodusport.fr\/blog\/wp-content\/uploads\/2020\/06\/cropped-LOGO-DICODUSPORT-2020-SANS-FOND-SANS-TEXTE.png","contentUrl":"https:\/\/dicodusport.fr\/blog\/wp-content\/uploads\/2020\/06\/cropped-LOGO-DICODUSPORT-2020-SANS-FOND-SANS-TEXTE.png","width":512,"height":512,"caption":"Dicodusport"},"image":{"@id":"https:\/\/dicodusport.fr\/blog\/#\/schema\/logo\/image\/"},"sameAs":["https:\/\/www.facebook.com\/dicodusport","https:\/\/x.com\/dicodusport","https:\/\/www.instagram.com\/dicodusport\/","https:\/\/www.youtube.com\/channel\/UC7V2KZ5sd3htJivAbA4ZG3w"],"description":"Dicodusport est l'encyclop\u00e9die de l'actualit\u00e9 sportive.","email":"bonjour@dicodusport.fr","legalName":"DICODUSPORT","foundingDate":"2018-01-14","vatID":"FR71834470973","taxID":"83447097300043","numberOfEmployees":{"@type":"QuantitativeValue","minValue":"1","maxValue":"10"}},{"@type":"Person","@id":"https:\/\/dicodusport.fr\/blog\/#\/schema\/person\/cb02af4c173ce4a653b55e9baf388d4a","name":"Flo Ostermann","image":{"@type":"ImageObject","inLanguage":"fr-FR","@id":"https:\/\/dicodusport.fr\/blog\/#\/schema\/person\/image\/","url":"https:\/\/dicodusport.fr\/blog\/wp-content\/uploads\/2021\/05\/Flo-Ostermann-150x150.jpg","contentUrl":"https:\/\/dicodusport.fr\/blog\/wp-content\/uploads\/2021\/05\/Flo-Ostermann-150x150.jpg","caption":"Flo Ostermann"},"description":"Journaliste\/R\u00e9dacteur depuis septembre 2015 - Mes premiers souvenirs dans le sport ? Les envol\u00e9es du Stade Toulousain et les duels Villeneuve-Schumacher et H\u00e4kkinen-Schumacher \u00e0 la fin des ann\u00e9es 90, la Coupe du monde de football en 1998, l\u2019exploit du XV de France face aux All Blacks en 1999, mais aussi Richard C\u0153ur de Lion qui vole sur les montagnes du Tour de France. Bien parti pour devenir professeur d\u2019EPS, les \u00e9v\u00e9nements de la vie (et la flemme d\u2019animer des s\u00e9ances de 3x500 m\u00e8tres toute ma vie) m\u2019ont conduit \u00e0 revoir mes plans. Me voil\u00e0 depuis fin 2017 sur Dicodusport, m\u00e9dia gr\u00e2ce (et pour) lequel je partage ma passion : le sport dans tous ses \u00e9tats. Le tout accompagn\u00e9 par les fous furieux et folles furieuses cit\u00e9s sur cette page !","sameAs":["https:\/\/www.facebook.com\/florent.ostermann","https:\/\/x.com\/https:\/\/twitter.com\/FlOstermann","admin"],"url":"https:\/\/dicodusport.fr\/blog\/author\/flo\/"}]}},"_links":{"self":[{"href":"https:\/\/dicodusport.fr\/blog\/wp-json\/wp\/v2\/posts\/42589","targetHints":{"allow":["GET"]}}],"collection":[{"href":"https:\/\/dicodusport.fr\/blog\/wp-json\/wp\/v2\/posts"}],"about":[{"href":"https:\/\/dicodusport.fr\/blog\/wp-json\/wp\/v2\/types\/post"}],"author":[{"embeddable":true,"href":"https:\/\/dicodusport.fr\/blog\/wp-json\/wp\/v2\/users\/4"}],"replies":[{"embeddable":true,"href":"https:\/\/dicodusport.fr\/blog\/wp-json\/wp\/v2\/comments?post=42589"}],"version-history":[{"count":0,"href":"https:\/\/dicodusport.fr\/blog\/wp-json\/wp\/v2\/posts\/42589\/revisions"}],"wp:featuredmedia":[{"embeddable":true,"href":"https:\/\/dicodusport.fr\/blog\/wp-json\/wp\/v2\/media\/42596"}],"wp:attachment":[{"href":"https:\/\/dicodusport.fr\/blog\/wp-json\/wp\/v2\/media?parent=42589"}],"wp:term":[{"taxonomy":"category","embeddable":true,"href":"https:\/\/dicodusport.fr\/blog\/wp-json\/wp\/v2\/categories?post=42589"},{"taxonomy":"post_tag","embeddable":true,"href":"https:\/\/dicodusport.fr\/blog\/wp-json\/wp\/v2\/tags?post=42589"}],"curies":[{"name":"wp","href":"https:\/\/api.w.org\/{rel}","templated":true}]}}