{"id":426116,"date":"2023-10-04T13:46:43","date_gmt":"2023-10-04T11:46:43","guid":{"rendered":"https:\/\/dicodusport.fr\/blog\/?p=426116&#038;preview=true&#038;preview_id=426116"},"modified":"2023-10-19T18:55:35","modified_gmt":"2023-10-19T16:55:35","slug":"wrc-ott-tanak-retour-chez-hyundai-2024","status":"publish","type":"post","link":"https:\/\/dicodusport.fr\/blog\/wrc-ott-tanak-retour-chez-hyundai-2024\/","title":{"rendered":"WRC : Ott T\u00e4nak de retour chez Hyundai en 2024"},"content":{"rendered":"<p style=\"text-align: justify;\" align=\"justify\"><em><strong>WRC &#8211; Un an apr\u00e8s l&rsquo;avoir quitt\u00e9e, Ott T\u00e4nak va effectuer son retour au sein de l&rsquo;\u00e9curie Hyundai. L&rsquo;ancien champion du monde formera avec Thierry Neuville une paire solide pour assouvir les grandes ambitions sud-cor\u00e9ennes en 2024.<\/strong><\/em><\/p>\n<p align=\"justify\">D\u00e9cidemment, <strong>Ott T\u00e4nak<\/strong> et son co-pilote <strong>Martin J\u00e4rveoja<\/strong> aiment bien voir du pays. Apr\u00e8s <strong>Hyundai<\/strong> en 2022 et <strong>M-Sport<\/strong> en 2023, le duo estonien va reprendre un volant Hyundai lors de la prochaine saison, comme l&rsquo;a annonc\u00e9 l&rsquo;\u00e9curie sud-cor\u00e9enne ce mardi. Actuellement <a href=\"https:\/\/dicodusport.fr\/blog\/rallye-wrc-2023-classement-pilotes-du-championnat-du-monde\/\">4e au classement du championnat du monde des pilotes<\/a>, T\u00e4nak effectue une saison mi-figue mi-raisin. Si l&rsquo;ann\u00e9e avait d\u00e9marr\u00e9 fort avec un succ\u00e8s en Su\u00e8de et une 2e place en Croatie, il n&rsquo;a ensuite jamais r\u00e9ussi \u00e0 repositionner son v\u00e9hicule aux trois premi\u00e8res places d&rsquo;un rallye durant les six \u00e9preuves suivantes. Il aura fallu attendre <a href=\"https:\/\/dicodusport.fr\/blog\/rallye-du-chili-2023-classement-general-en-direct\/\">le dernier weekend au <strong>Chili<\/strong><\/a> pour le voir de nouveau performer en l&#8217;emportant. Ce qui lui permet de se repositionner au classement g\u00e9n\u00e9ral \u00e0 seulement 11 unit\u00e9s de <strong>Thierry Neuville<\/strong>, au volant d&rsquo;une <strong>Hyundai I20<\/strong>.<\/p>\n<p align=\"justify\">La saison prochaine, l&rsquo;Estonien sera partenaire du Belge pour former l&rsquo;une des paires les plus all\u00e9chantes du plateau. Sacr\u00e9 avec Toyota en 2019, <strong>Ott T\u00e4nak<\/strong> conna\u00eet bien Hyundai pour y avoir \u00e9volu\u00e9 entre 2020 et 2022, en d\u00e9crochant au passage les 3e (2020) et 2e (2022) du classement g\u00e9n\u00e9ral pilotes. S&rsquo;il avait quitt\u00e9 l&rsquo;\u00e9curie sud-cor\u00e9enne avant m\u00eame la fin de son contrat l&rsquo;ann\u00e9e derni\u00e8re, les deux parties se sont de nouveau entendus pour retravailler ensemble, avec l&rsquo;objectif assum\u00e9 de tout rafler sur leur passage, classements pilotes et constructeurs. Avec deux pilotes d&rsquo;exp\u00e9rience cumulant un titre et onze podiums, <strong>Hyundai poss\u00e8de la main d&rsquo;\u0153uvre pour amener sa I20 au sommet<\/strong>, et entraver la domination de Toyota.<\/p>\n<blockquote class=\"twitter-tweet\">\n<p dir=\"ltr\" lang=\"en\">\ud83d\udea8 ANNOUNCEMENT \ud83d\udea8<a href=\"https:\/\/twitter.com\/OttTanak?ref_src=twsrc%5Etfw\">@OttTanak<\/a> returns to line up alongside <a href=\"https:\/\/twitter.com\/thierryneuville?ref_src=twsrc%5Etfw\">@thierryneuville<\/a> for our 2024 <a href=\"https:\/\/twitter.com\/OfficialWRC?ref_src=twsrc%5Etfw\">@OfficialWRC<\/a> campaign.<\/p>\n<p>Read more: <a href=\"https:\/\/t.co\/RGVffkB8qQ\">https:\/\/t.co\/RGVffkB8qQ<\/a><a href=\"https:\/\/twitter.com\/hashtag\/WRC?src=hash&amp;ref_src=twsrc%5Etfw\">#WRC<\/a> <a href=\"https:\/\/twitter.com\/hashtag\/HMSGOfficial?src=hash&amp;ref_src=twsrc%5Etfw\">#HMSGOfficial<\/a> <a href=\"https:\/\/twitter.com\/hashtag\/Announcement?src=hash&amp;ref_src=twsrc%5Etfw\">#Announcement<\/a> <a href=\"https:\/\/t.co\/SJOXIVLBeE\">pic.twitter.com\/SJOXIVLBeE<\/a><\/p>\n<p>\u2014 Hyundai Motorsport (@HMSGOfficial) <a href=\"https:\/\/twitter.com\/HMSGOfficial\/status\/1709509856380493906?ref_src=twsrc%5Etfw\">October 4, 2023<\/a><\/p><\/blockquote>\n<p><script async src=\"https:\/\/platform.twitter.com\/widgets.js\" charset=\"utf-8\"><\/script><\/p>\n","protected":false},"excerpt":{"rendered":"<p>WRC &#8211; Un an apr\u00e8s l&rsquo;avoir quitt\u00e9e, Ott T\u00e4nak va effectuer son retour au sein de l&rsquo;\u00e9curie Hyundai. L&rsquo;ancien champion du monde formera avec Thierry Neuville une paire solide pour assouvir les grandes ambitions sud-cor\u00e9ennes en 2024.<\/p>\n","protected":false},"author":55,"featured_media":426119,"comment_status":"open","ping_status":"closed","sticky":false,"template":"","format":"standard","meta":{"_acf_changed":false,"_daextam_enable_autolinks":"1","footnotes":""},"categories":[47088],"tags":[16878,5612,2235],"class_list":["post-426116","post","type-post","status-publish","format-standard","has-post-thumbnail","hentry","category-rallye-wrc","tag-breve","tag-ott-tanak","tag-wrc"],"acf":[],"yoast_head":"<!-- This site is optimized with the Yoast SEO Premium plugin v26.7 (Yoast SEO v26.7) - https:\/\/yoast.com\/wordpress\/plugins\/seo\/ -->\n<title>WRC : Ott T\u00e4nak de retour chez Hyundai en 2024<\/title>\n<meta name=\"description\" content=\"WRC - Un an apr\u00e8s son d\u00e9part pour M-Sport, l&#039;ancien champion du monde Ott T\u00e4nak va effectuer son retour chez Hyundai en 2024.\" \/>\n<meta name=\"robots\" content=\"index, follow, max-snippet:-1, max-image-preview:large, max-video-preview:-1\" \/>\n<link rel=\"canonical\" href=\"https:\/\/dicodusport.fr\/blog\/wrc-ott-tanak-retour-chez-hyundai-2024\/\" \/>\n<meta property=\"og:locale\" content=\"fr_FR\" \/>\n<meta property=\"og:type\" content=\"article\" \/>\n<meta property=\"og:title\" content=\"WRC : Ott T\u00e4nak de retour chez Hyundai en 2024\" \/>\n<meta property=\"og:description\" content=\"WRC - Un an apr\u00e8s son d\u00e9part pour M-Sport, l&#039;ancien champion du monde Ott T\u00e4nak va effectuer son retour chez Hyundai en 2024.\" \/>\n<meta property=\"og:url\" content=\"https:\/\/dicodusport.fr\/blog\/wrc-ott-tanak-retour-chez-hyundai-2024\/\" \/>\n<meta property=\"og:site_name\" content=\"Dicodusport\" \/>\n<meta property=\"article:publisher\" content=\"https:\/\/www.facebook.com\/dicodusport\" \/>\n<meta property=\"article:published_time\" content=\"2023-10-04T11:46:43+00:00\" \/>\n<meta property=\"article:modified_time\" content=\"2023-10-19T16:55:35+00:00\" \/>\n<meta property=\"og:image\" content=\"https:\/\/dicodusport.fr\/blog\/wp-content\/uploads\/2023\/10\/WRC-Ott-Tanak-de-retour-chez-Hyundai-en-2024.png\" \/>\n\t<meta property=\"og:image:width\" content=\"800\" \/>\n\t<meta property=\"og:image:height\" content=\"445\" \/>\n\t<meta property=\"og:image:type\" content=\"image\/png\" \/>\n<meta name=\"author\" content=\"Maxime Cazenave\" \/>\n<meta name=\"twitter:card\" content=\"summary_large_image\" \/>\n<meta name=\"twitter:title\" content=\"WRC : Ott T\u00e4nak de retour chez Hyundai en 2024\" \/>\n<meta name=\"twitter:creator\" content=\"@https:\/\/twitter.com\/Maxime_Caze\" \/>\n<meta name=\"twitter:site\" content=\"@dicodusport\" \/>\n<script type=\"application\/ld+json\" class=\"yoast-schema-graph\">{\"@context\":\"https:\/\/schema.org\",\"@graph\":[{\"@type\":\"NewsArticle\",\"@id\":\"https:\/\/dicodusport.fr\/blog\/wrc-ott-tanak-retour-chez-hyundai-2024\/#article\",\"isPartOf\":{\"@id\":\"https:\/\/dicodusport.fr\/blog\/wrc-ott-tanak-retour-chez-hyundai-2024\/\"},\"author\":{\"name\":\"Maxime Cazenave\",\"@id\":\"https:\/\/dicodusport.fr\/blog\/#\/schema\/person\/37def232098a7a5cbab3974a3690abb0\"},\"headline\":\"WRC : Ott T\u00e4nak de retour chez Hyundai en 2024\",\"datePublished\":\"2023-10-04T11:46:43+00:00\",\"dateModified\":\"2023-10-19T16:55:35+00:00\",\"mainEntityOfPage\":{\"@id\":\"https:\/\/dicodusport.fr\/blog\/wrc-ott-tanak-retour-chez-hyundai-2024\/\"},\"wordCount\":362,\"commentCount\":0,\"publisher\":{\"@id\":\"https:\/\/dicodusport.fr\/blog\/#organization\"},\"image\":{\"@id\":\"https:\/\/dicodusport.fr\/blog\/wrc-ott-tanak-retour-chez-hyundai-2024\/#primaryimage\"},\"thumbnailUrl\":\"https:\/\/dicodusport.fr\/blog\/wp-content\/uploads\/2023\/10\/WRC-Ott-Tanak-de-retour-chez-Hyundai-en-2024.png\",\"keywords\":[\"br\u00e8ve\",\"Ott T\u00e4nak\",\"WRC\"],\"articleSection\":[\"Rallye WRC\"],\"inLanguage\":\"fr-FR\",\"potentialAction\":[{\"@type\":\"CommentAction\",\"name\":\"Comment\",\"target\":[\"https:\/\/dicodusport.fr\/blog\/wrc-ott-tanak-retour-chez-hyundai-2024\/#respond\"]}],\"copyrightYear\":\"2023\",\"copyrightHolder\":{\"@id\":\"https:\/\/dicodusport.fr\/blog\/#organization\"}},{\"@type\":\"WebPage\",\"@id\":\"https:\/\/dicodusport.fr\/blog\/wrc-ott-tanak-retour-chez-hyundai-2024\/\",\"url\":\"https:\/\/dicodusport.fr\/blog\/wrc-ott-tanak-retour-chez-hyundai-2024\/\",\"name\":\"WRC : Ott T\u00e4nak de retour chez Hyundai en 2024\",\"isPartOf\":{\"@id\":\"https:\/\/dicodusport.fr\/blog\/#website\"},\"primaryImageOfPage\":{\"@id\":\"https:\/\/dicodusport.fr\/blog\/wrc-ott-tanak-retour-chez-hyundai-2024\/#primaryimage\"},\"image\":{\"@id\":\"https:\/\/dicodusport.fr\/blog\/wrc-ott-tanak-retour-chez-hyundai-2024\/#primaryimage\"},\"thumbnailUrl\":\"https:\/\/dicodusport.fr\/blog\/wp-content\/uploads\/2023\/10\/WRC-Ott-Tanak-de-retour-chez-Hyundai-en-2024.png\",\"datePublished\":\"2023-10-04T11:46:43+00:00\",\"dateModified\":\"2023-10-19T16:55:35+00:00\",\"description\":\"WRC - Un an apr\u00e8s son d\u00e9part pour M-Sport, l'ancien champion du monde Ott T\u00e4nak va effectuer son retour chez Hyundai en 2024.\",\"breadcrumb\":{\"@id\":\"https:\/\/dicodusport.fr\/blog\/wrc-ott-tanak-retour-chez-hyundai-2024\/#breadcrumb\"},\"inLanguage\":\"fr-FR\",\"potentialAction\":[{\"@type\":\"ReadAction\",\"target\":[\"https:\/\/dicodusport.fr\/blog\/wrc-ott-tanak-retour-chez-hyundai-2024\/\"]}]},{\"@type\":\"ImageObject\",\"inLanguage\":\"fr-FR\",\"@id\":\"https:\/\/dicodusport.fr\/blog\/wrc-ott-tanak-retour-chez-hyundai-2024\/#primaryimage\",\"url\":\"https:\/\/dicodusport.fr\/blog\/wp-content\/uploads\/2023\/10\/WRC-Ott-Tanak-de-retour-chez-Hyundai-en-2024.png\",\"contentUrl\":\"https:\/\/dicodusport.fr\/blog\/wp-content\/uploads\/2023\/10\/WRC-Ott-Tanak-de-retour-chez-Hyundai-en-2024.png\",\"width\":800,\"height\":445,\"caption\":\"WRC : Ott T\u00e4nak de retour chez Hyundai en 2024\"},{\"@type\":\"BreadcrumbList\",\"@id\":\"https:\/\/dicodusport.fr\/blog\/wrc-ott-tanak-retour-chez-hyundai-2024\/#breadcrumb\",\"itemListElement\":[{\"@type\":\"ListItem\",\"position\":1,\"name\":\"Accueil\",\"item\":\"https:\/\/dicodusport.fr\/blog\/\"},{\"@type\":\"ListItem\",\"position\":2,\"name\":\"WRC : Ott T\u00e4nak de retour chez Hyundai en 2024\"}]},{\"@type\":\"WebSite\",\"@id\":\"https:\/\/dicodusport.fr\/blog\/#website\",\"url\":\"https:\/\/dicodusport.fr\/blog\/\",\"name\":\"Dicodusport\",\"description\":\"L&#039;encyclop\u00e9die de l&#039;actualit\u00e9 sportive\",\"publisher\":{\"@id\":\"https:\/\/dicodusport.fr\/blog\/#organization\"},\"potentialAction\":[{\"@type\":\"SearchAction\",\"target\":{\"@type\":\"EntryPoint\",\"urlTemplate\":\"https:\/\/dicodusport.fr\/blog\/?s={search_term_string}\"},\"query-input\":{\"@type\":\"PropertyValueSpecification\",\"valueRequired\":true,\"valueName\":\"search_term_string\"}}],\"inLanguage\":\"fr-FR\"},{\"@type\":\"NewsMediaOrganization\",\"@id\":\"https:\/\/dicodusport.fr\/blog\/#organization\",\"name\":\"Dicodusport\",\"url\":\"https:\/\/dicodusport.fr\/blog\/\",\"logo\":{\"@type\":\"ImageObject\",\"inLanguage\":\"fr-FR\",\"@id\":\"https:\/\/dicodusport.fr\/blog\/#\/schema\/logo\/image\/\",\"url\":\"https:\/\/dicodusport.fr\/blog\/wp-content\/uploads\/2020\/06\/cropped-LOGO-DICODUSPORT-2020-SANS-FOND-SANS-TEXTE.png\",\"contentUrl\":\"https:\/\/dicodusport.fr\/blog\/wp-content\/uploads\/2020\/06\/cropped-LOGO-DICODUSPORT-2020-SANS-FOND-SANS-TEXTE.png\",\"width\":512,\"height\":512,\"caption\":\"Dicodusport\"},\"image\":{\"@id\":\"https:\/\/dicodusport.fr\/blog\/#\/schema\/logo\/image\/\"},\"sameAs\":[\"https:\/\/www.facebook.com\/dicodusport\",\"https:\/\/x.com\/dicodusport\",\"https:\/\/www.instagram.com\/dicodusport\/\",\"https:\/\/www.youtube.com\/channel\/UC7V2KZ5sd3htJivAbA4ZG3w\"],\"description\":\"Dicodusport est l'encyclop\u00e9die de l'actualit\u00e9 sportive.\",\"email\":\"bonjour@dicodusport.fr\",\"legalName\":\"DICODUSPORT\",\"foundingDate\":\"2018-01-14\",\"vatID\":\"FR71834470973\",\"taxID\":\"83447097300043\",\"numberOfEmployees\":{\"@type\":\"QuantitativeValue\",\"minValue\":\"1\",\"maxValue\":\"10\"}},{\"@type\":\"Person\",\"@id\":\"https:\/\/dicodusport.fr\/blog\/#\/schema\/person\/37def232098a7a5cbab3974a3690abb0\",\"name\":\"Maxime Cazenave\",\"image\":{\"@type\":\"ImageObject\",\"inLanguage\":\"fr-FR\",\"@id\":\"https:\/\/dicodusport.fr\/blog\/#\/schema\/person\/image\/\",\"url\":\"https:\/\/dicodusport.fr\/blog\/wp-content\/uploads\/2021\/05\/Maxime-Cazenave-150x150.jpg\",\"contentUrl\":\"https:\/\/dicodusport.fr\/blog\/wp-content\/uploads\/2021\/05\/Maxime-Cazenave-150x150.jpg\",\"caption\":\"Maxime Cazenave\"},\"description\":\"Journaliste\/R\u00e9dacteur depuis 2012 - Berc\u00e9 par l\u2019amour des Girondins de Bordeaux, les \u00e9checs de Christophe Moreau sur le Tour de France sous l'\u00e8re Lance Armstrong et le fade-away l\u00e9tal de Dirk Nowitzki, ma passion d\u00e9vorante pour le sport a toujours \u00e9t\u00e9 un pan incontournable de ma vie. Transmettre ma passion \u00e0 l\u2019\u00e9crit a \u00e9t\u00e9 une transition naturelle. Suiveur assidu de basket et de hockey sur glace, je garde toujours un peu de place pour suivre le cyclisme, le football et le maximum de performances fran\u00e7aises.\",\"sameAs\":[\"https:\/\/x.com\/https:\/\/twitter.com\/Maxime_Caze\"],\"url\":\"https:\/\/dicodusport.fr\/blog\/author\/maximec\/\"}]}<\/script>\n<!-- \/ Yoast SEO Premium plugin. -->","yoast_head_json":{"title":"WRC : Ott T\u00e4nak de retour chez Hyundai en 2024","description":"WRC - Un an apr\u00e8s son d\u00e9part pour M-Sport, l'ancien champion du monde Ott T\u00e4nak va effectuer son retour chez Hyundai en 2024.","robots":{"index":"index","follow":"follow","max-snippet":"max-snippet:-1","max-image-preview":"max-image-preview:large","max-video-preview":"max-video-preview:-1"},"canonical":"https:\/\/dicodusport.fr\/blog\/wrc-ott-tanak-retour-chez-hyundai-2024\/","og_locale":"fr_FR","og_type":"article","og_title":"WRC : Ott T\u00e4nak de retour chez Hyundai en 2024","og_description":"WRC - Un an apr\u00e8s son d\u00e9part pour M-Sport, l'ancien champion du monde Ott T\u00e4nak va effectuer son retour chez Hyundai en 2024.","og_url":"https:\/\/dicodusport.fr\/blog\/wrc-ott-tanak-retour-chez-hyundai-2024\/","og_site_name":"Dicodusport","article_publisher":"https:\/\/www.facebook.com\/dicodusport","article_published_time":"2023-10-04T11:46:43+00:00","article_modified_time":"2023-10-19T16:55:35+00:00","og_image":[{"width":800,"height":445,"url":"https:\/\/dicodusport.fr\/blog\/wp-content\/uploads\/2023\/10\/WRC-Ott-Tanak-de-retour-chez-Hyundai-en-2024.png","type":"image\/png"}],"author":"Maxime Cazenave","twitter_card":"summary_large_image","twitter_title":"WRC : Ott T\u00e4nak de retour chez Hyundai en 2024","twitter_creator":"@https:\/\/twitter.com\/Maxime_Caze","twitter_site":"@dicodusport","schema":{"@context":"https:\/\/schema.org","@graph":[{"@type":"NewsArticle","@id":"https:\/\/dicodusport.fr\/blog\/wrc-ott-tanak-retour-chez-hyundai-2024\/#article","isPartOf":{"@id":"https:\/\/dicodusport.fr\/blog\/wrc-ott-tanak-retour-chez-hyundai-2024\/"},"author":{"name":"Maxime Cazenave","@id":"https:\/\/dicodusport.fr\/blog\/#\/schema\/person\/37def232098a7a5cbab3974a3690abb0"},"headline":"WRC : Ott T\u00e4nak de retour chez Hyundai en 2024","datePublished":"2023-10-04T11:46:43+00:00","dateModified":"2023-10-19T16:55:35+00:00","mainEntityOfPage":{"@id":"https:\/\/dicodusport.fr\/blog\/wrc-ott-tanak-retour-chez-hyundai-2024\/"},"wordCount":362,"commentCount":0,"publisher":{"@id":"https:\/\/dicodusport.fr\/blog\/#organization"},"image":{"@id":"https:\/\/dicodusport.fr\/blog\/wrc-ott-tanak-retour-chez-hyundai-2024\/#primaryimage"},"thumbnailUrl":"https:\/\/dicodusport.fr\/blog\/wp-content\/uploads\/2023\/10\/WRC-Ott-Tanak-de-retour-chez-Hyundai-en-2024.png","keywords":["br\u00e8ve","Ott T\u00e4nak","WRC"],"articleSection":["Rallye WRC"],"inLanguage":"fr-FR","potentialAction":[{"@type":"CommentAction","name":"Comment","target":["https:\/\/dicodusport.fr\/blog\/wrc-ott-tanak-retour-chez-hyundai-2024\/#respond"]}],"copyrightYear":"2023","copyrightHolder":{"@id":"https:\/\/dicodusport.fr\/blog\/#organization"}},{"@type":"WebPage","@id":"https:\/\/dicodusport.fr\/blog\/wrc-ott-tanak-retour-chez-hyundai-2024\/","url":"https:\/\/dicodusport.fr\/blog\/wrc-ott-tanak-retour-chez-hyundai-2024\/","name":"WRC : Ott T\u00e4nak de retour chez Hyundai en 2024","isPartOf":{"@id":"https:\/\/dicodusport.fr\/blog\/#website"},"primaryImageOfPage":{"@id":"https:\/\/dicodusport.fr\/blog\/wrc-ott-tanak-retour-chez-hyundai-2024\/#primaryimage"},"image":{"@id":"https:\/\/dicodusport.fr\/blog\/wrc-ott-tanak-retour-chez-hyundai-2024\/#primaryimage"},"thumbnailUrl":"https:\/\/dicodusport.fr\/blog\/wp-content\/uploads\/2023\/10\/WRC-Ott-Tanak-de-retour-chez-Hyundai-en-2024.png","datePublished":"2023-10-04T11:46:43+00:00","dateModified":"2023-10-19T16:55:35+00:00","description":"WRC - Un an apr\u00e8s son d\u00e9part pour M-Sport, l'ancien champion du monde Ott T\u00e4nak va effectuer son retour chez Hyundai en 2024.","breadcrumb":{"@id":"https:\/\/dicodusport.fr\/blog\/wrc-ott-tanak-retour-chez-hyundai-2024\/#breadcrumb"},"inLanguage":"fr-FR","potentialAction":[{"@type":"ReadAction","target":["https:\/\/dicodusport.fr\/blog\/wrc-ott-tanak-retour-chez-hyundai-2024\/"]}]},{"@type":"ImageObject","inLanguage":"fr-FR","@id":"https:\/\/dicodusport.fr\/blog\/wrc-ott-tanak-retour-chez-hyundai-2024\/#primaryimage","url":"https:\/\/dicodusport.fr\/blog\/wp-content\/uploads\/2023\/10\/WRC-Ott-Tanak-de-retour-chez-Hyundai-en-2024.png","contentUrl":"https:\/\/dicodusport.fr\/blog\/wp-content\/uploads\/2023\/10\/WRC-Ott-Tanak-de-retour-chez-Hyundai-en-2024.png","width":800,"height":445,"caption":"WRC : Ott T\u00e4nak de retour chez Hyundai en 2024"},{"@type":"BreadcrumbList","@id":"https:\/\/dicodusport.fr\/blog\/wrc-ott-tanak-retour-chez-hyundai-2024\/#breadcrumb","itemListElement":[{"@type":"ListItem","position":1,"name":"Accueil","item":"https:\/\/dicodusport.fr\/blog\/"},{"@type":"ListItem","position":2,"name":"WRC : Ott T\u00e4nak de retour chez Hyundai en 2024"}]},{"@type":"WebSite","@id":"https:\/\/dicodusport.fr\/blog\/#website","url":"https:\/\/dicodusport.fr\/blog\/","name":"Dicodusport","description":"L&#039;encyclop\u00e9die de l&#039;actualit\u00e9 sportive","publisher":{"@id":"https:\/\/dicodusport.fr\/blog\/#organization"},"potentialAction":[{"@type":"SearchAction","target":{"@type":"EntryPoint","urlTemplate":"https:\/\/dicodusport.fr\/blog\/?s={search_term_string}"},"query-input":{"@type":"PropertyValueSpecification","valueRequired":true,"valueName":"search_term_string"}}],"inLanguage":"fr-FR"},{"@type":"NewsMediaOrganization","@id":"https:\/\/dicodusport.fr\/blog\/#organization","name":"Dicodusport","url":"https:\/\/dicodusport.fr\/blog\/","logo":{"@type":"ImageObject","inLanguage":"fr-FR","@id":"https:\/\/dicodusport.fr\/blog\/#\/schema\/logo\/image\/","url":"https:\/\/dicodusport.fr\/blog\/wp-content\/uploads\/2020\/06\/cropped-LOGO-DICODUSPORT-2020-SANS-FOND-SANS-TEXTE.png","contentUrl":"https:\/\/dicodusport.fr\/blog\/wp-content\/uploads\/2020\/06\/cropped-LOGO-DICODUSPORT-2020-SANS-FOND-SANS-TEXTE.png","width":512,"height":512,"caption":"Dicodusport"},"image":{"@id":"https:\/\/dicodusport.fr\/blog\/#\/schema\/logo\/image\/"},"sameAs":["https:\/\/www.facebook.com\/dicodusport","https:\/\/x.com\/dicodusport","https:\/\/www.instagram.com\/dicodusport\/","https:\/\/www.youtube.com\/channel\/UC7V2KZ5sd3htJivAbA4ZG3w"],"description":"Dicodusport est l'encyclop\u00e9die de l'actualit\u00e9 sportive.","email":"bonjour@dicodusport.fr","legalName":"DICODUSPORT","foundingDate":"2018-01-14","vatID":"FR71834470973","taxID":"83447097300043","numberOfEmployees":{"@type":"QuantitativeValue","minValue":"1","maxValue":"10"}},{"@type":"Person","@id":"https:\/\/dicodusport.fr\/blog\/#\/schema\/person\/37def232098a7a5cbab3974a3690abb0","name":"Maxime Cazenave","image":{"@type":"ImageObject","inLanguage":"fr-FR","@id":"https:\/\/dicodusport.fr\/blog\/#\/schema\/person\/image\/","url":"https:\/\/dicodusport.fr\/blog\/wp-content\/uploads\/2021\/05\/Maxime-Cazenave-150x150.jpg","contentUrl":"https:\/\/dicodusport.fr\/blog\/wp-content\/uploads\/2021\/05\/Maxime-Cazenave-150x150.jpg","caption":"Maxime Cazenave"},"description":"Journaliste\/R\u00e9dacteur depuis 2012 - Berc\u00e9 par l\u2019amour des Girondins de Bordeaux, les \u00e9checs de Christophe Moreau sur le Tour de France sous l'\u00e8re Lance Armstrong et le fade-away l\u00e9tal de Dirk Nowitzki, ma passion d\u00e9vorante pour le sport a toujours \u00e9t\u00e9 un pan incontournable de ma vie. Transmettre ma passion \u00e0 l\u2019\u00e9crit a \u00e9t\u00e9 une transition naturelle. Suiveur assidu de basket et de hockey sur glace, je garde toujours un peu de place pour suivre le cyclisme, le football et le maximum de performances fran\u00e7aises.","sameAs":["https:\/\/x.com\/https:\/\/twitter.com\/Maxime_Caze"],"url":"https:\/\/dicodusport.fr\/blog\/author\/maximec\/"}]}},"_links":{"self":[{"href":"https:\/\/dicodusport.fr\/blog\/wp-json\/wp\/v2\/posts\/426116","targetHints":{"allow":["GET"]}}],"collection":[{"href":"https:\/\/dicodusport.fr\/blog\/wp-json\/wp\/v2\/posts"}],"about":[{"href":"https:\/\/dicodusport.fr\/blog\/wp-json\/wp\/v2\/types\/post"}],"author":[{"embeddable":true,"href":"https:\/\/dicodusport.fr\/blog\/wp-json\/wp\/v2\/users\/55"}],"replies":[{"embeddable":true,"href":"https:\/\/dicodusport.fr\/blog\/wp-json\/wp\/v2\/comments?post=426116"}],"version-history":[{"count":0,"href":"https:\/\/dicodusport.fr\/blog\/wp-json\/wp\/v2\/posts\/426116\/revisions"}],"wp:featuredmedia":[{"embeddable":true,"href":"https:\/\/dicodusport.fr\/blog\/wp-json\/wp\/v2\/media\/426119"}],"wp:attachment":[{"href":"https:\/\/dicodusport.fr\/blog\/wp-json\/wp\/v2\/media?parent=426116"}],"wp:term":[{"taxonomy":"category","embeddable":true,"href":"https:\/\/dicodusport.fr\/blog\/wp-json\/wp\/v2\/categories?post=426116"},{"taxonomy":"post_tag","embeddable":true,"href":"https:\/\/dicodusport.fr\/blog\/wp-json\/wp\/v2\/tags?post=426116"}],"curies":[{"name":"wp","href":"https:\/\/api.w.org\/{rel}","templated":true}]}}