{"id":426189,"date":"2023-10-04T18:57:04","date_gmt":"2023-10-04T16:57:04","guid":{"rendered":"https:\/\/dicodusport.fr\/blog\/?p=426189&#038;preview=true&#038;preview_id=426189"},"modified":"2023-10-04T19:50:31","modified_gmt":"2023-10-04T17:50:31","slug":"mondiaux-de-stand-up-paddle-la-razzia-de-lequipe-de-france-a-domicile","status":"publish","type":"post","link":"https:\/\/dicodusport.fr\/blog\/mondiaux-de-stand-up-paddle-la-razzia-de-lequipe-de-france-a-domicile\/","title":{"rendered":"Mondiaux de Stand-up paddle : La razzia de l&rsquo;\u00e9quipe de France \u00e0 domicile !"},"content":{"rendered":"<p style=\"text-align: justify;\"><b><i>CHAMPIONNATS DU MONDE DE STAND-UP PADDLE &#8211; Aux Sables d&rsquo;Olonne (Vend\u00e9e), l&rsquo;\u00e9quipe de France de stand-up paddle a une nouvelle fois \u00e9t\u00e9 dominante, lors des championnats du monde de stand-up paddle.<\/i><\/b><\/p>\n<p style=\"text-align: justify;\">Onze m\u00e9dailles, dont six titres. C&rsquo;est le magnifique bilan de l<strong>&lsquo;\u00e9quipe de France de stand-up paddle<\/strong> aux Mondiaux 2023 des Sables d&rsquo;Olonne. Les Tricolores ont largement domin\u00e9 la comp\u00e9tition, la semaine pass\u00e9e. Comme en 2019 (Salvador) et en 2022 (Porto Rico), les Fran\u00e7ais ont rafl\u00e9 le titre mondial par \u00e9quipes, le troisi\u00e8me cons\u00e9cutif, imitant au passage les Australiens, qui ont r\u00e9alis\u00e9 le tripl\u00e9 mondial \u00e0 deux reprises (2012-2014 et 2016-2018).<\/p>\n<p style=\"text-align: justify;\">Outre le titre par \u00e9quipes, l&rsquo;\u00e9quipe de France est all\u00e9e d\u00e9crocher cinq autres m\u00e9dailles d&rsquo;or. Le relais mixte, d\u00e9j\u00e0, compos\u00e9 de <strong>Julen Marticorena<\/strong>, <strong>M\u00e9lanie Lafen\u00eatre<\/strong>, <strong>Elise Daudignon<\/strong> et <strong>Cl\u00e9ment Colmas<\/strong>, a devanc\u00e9 l&rsquo;Italie et l&rsquo;Espagne. <strong>Vaic Garioud<\/strong> (Course technique SUP gar\u00e7ons -18 ans), <strong>Julen Marticorena<\/strong> (Course technique de paddleboard hommes), <strong>No\u00efc Garioud<\/strong> (Sprint SUP hommes) et <strong>M\u00e9lanie Lafen\u00eatre<\/strong> (Sprint SUP femmes) sont all\u00e9s glaner les quatre autres titres sur les \u00e9preuves individuelles.<\/p>\n<blockquote class=\"twitter-tweet\">\n<p dir=\"ltr\" lang=\"fr\">Serge Lougarot : \u00ab Une pression positive qui a port\u00e9 l&rsquo;\u00e9quipe de France \u00bb \ud83d\udc49<a href=\"https:\/\/t.co\/IyBBzx6WgC\">https:\/\/t.co\/IyBBzx6WgC<\/a><br \/>\nLe team manager de l&rsquo;\u00e9quipe championne du monde de SUP \u00e0 <a href=\"https:\/\/twitter.com\/lessables?ref_src=twsrc%5Etfw\">@lessables<\/a> analyse les perfs \ud83c\uddeb\ud83c\uddf7 et revient sur la pression positive d&rsquo;une comp\u00e9tition internationale organis\u00e9e en France. <a href=\"https:\/\/t.co\/5tOMV48WV3\">pic.twitter.com\/5tOMV48WV3<\/a><\/p>\n<p>\u2014 F\u00e9d\u00e9ration Fran\u00e7aise de Surf \ud83c\udfc4\u200d\u2640\ufe0f \ud83c\udfc4\u200d\u2642\ufe0f (@SurfingFrance) <a href=\"https:\/\/twitter.com\/SurfingFrance\/status\/1709209080210837823?ref_src=twsrc%5Etfw\">October 3, 2023<\/a><\/p><\/blockquote>\n<p><script async src=\"https:\/\/platform.twitter.com\/widgets.js\" charset=\"utf-8\"><\/script><\/p>\n<h2 style=\"text-align: justify;\">Les m\u00e9daill\u00e9s tricolores<\/h2>\n<p style=\"text-align: justify;\"><strong>Or (6) :<\/strong> Classement g\u00e9n\u00e9ral par \u00e9quipes, Relais mixte, Vaic Garioud (Course technique SUP gar\u00e7ons -18 ans), Julen Marticorena (Course technique de paddleboard hommes), No\u00efc Garioud (Sprint SUP hommes) et M\u00e9lanie Lafen\u00eatre (Sprint SUP femmes).<\/p>\n<p style=\"text-align: justify;\"><strong>Argent (3) :<\/strong> Titouan Puyo (Longue Distance Sup hommes), No\u00efc Garioud (Course Technique SUP hommes), M\u00e9lanie Lafen\u00eatre (Course Technique Sup femmes).<\/p>\n<p style=\"text-align: justify;\"><strong>Bronze (2) :<\/strong> Julen Marticorena (Longue Distance Prone Paddleboard hommes), Beno\u00eet Carpentier (SUP Surfing hommes).<\/p>\n","protected":false},"excerpt":{"rendered":"<p>CHAMPIONNATS DU MONDE DE STAND-UP PADDLE &#8211; Aux Sables d&rsquo;Olonne (Vend\u00e9e), l&rsquo;\u00e9quipe de France de stand-up paddle a une nouvelle fois \u00e9t\u00e9 dominante, lors des championnats du monde de stand-up paddle.<\/p>\n","protected":false},"author":4,"featured_media":426212,"comment_status":"open","ping_status":"closed","sticky":false,"template":"","format":"standard","meta":{"_acf_changed":false,"_daextam_enable_autolinks":"1","footnotes":""},"categories":[11679],"tags":[16878],"class_list":["post-426189","post","type-post","status-publish","format-standard","has-post-thumbnail","hentry","category-surf","tag-breve"],"acf":[],"yoast_head":"<!-- This site is optimized with the Yoast SEO Premium plugin v26.7 (Yoast SEO v26.7) - https:\/\/yoast.com\/wordpress\/plugins\/seo\/ -->\n<title>Mondiaux de Stand-up paddle : La razzia de l&#039;\u00e9quipe de France \u00e0 domicile !<\/title>\n<meta name=\"description\" content=\"CHAMPIONNATS DU MONDE DE STAND-UP PADDLE - Aux Sables d&#039;Olonne (Vend\u00e9e), l&#039;\u00e9quipe de France de stand-up paddle a une nouvelle fois \u00e9t\u00e9 dominante.\" \/>\n<meta name=\"robots\" content=\"index, follow, max-snippet:-1, max-image-preview:large, max-video-preview:-1\" \/>\n<link rel=\"canonical\" href=\"https:\/\/dicodusport.fr\/blog\/mondiaux-de-stand-up-paddle-la-razzia-de-lequipe-de-france-a-domicile\/\" \/>\n<meta property=\"og:locale\" content=\"fr_FR\" \/>\n<meta property=\"og:type\" content=\"article\" \/>\n<meta property=\"og:title\" content=\"Mondiaux de Stand-up paddle : La razzia de l&#039;\u00e9quipe de France \u00e0 domicile !\" \/>\n<meta property=\"og:description\" content=\"CHAMPIONNATS DU MONDE DE STAND-UP PADDLE - Aux Sables d&#039;Olonne (Vend\u00e9e), l&#039;\u00e9quipe de France de stand-up paddle a une nouvelle fois \u00e9t\u00e9 dominante.\" \/>\n<meta property=\"og:url\" content=\"https:\/\/dicodusport.fr\/blog\/mondiaux-de-stand-up-paddle-la-razzia-de-lequipe-de-france-a-domicile\/\" \/>\n<meta property=\"og:site_name\" content=\"Dicodusport\" \/>\n<meta property=\"article:publisher\" content=\"https:\/\/www.facebook.com\/dicodusport\" \/>\n<meta property=\"article:author\" content=\"https:\/\/www.facebook.com\/florent.ostermann\" \/>\n<meta property=\"article:published_time\" content=\"2023-10-04T16:57:04+00:00\" \/>\n<meta property=\"article:modified_time\" content=\"2023-10-04T17:50:31+00:00\" \/>\n<meta property=\"og:image\" content=\"https:\/\/dicodusport.fr\/blog\/wp-content\/uploads\/2023\/10\/Mondiaux-de-Stand-up-paddle-La-razzia-de-lequipe-de-France-a-domicile-.png\" \/>\n\t<meta property=\"og:image:width\" content=\"800\" \/>\n\t<meta property=\"og:image:height\" content=\"445\" \/>\n\t<meta property=\"og:image:type\" content=\"image\/png\" \/>\n<meta name=\"author\" content=\"Flo Ostermann\" \/>\n<meta name=\"twitter:card\" content=\"summary_large_image\" \/>\n<meta name=\"twitter:title\" content=\"Mondiaux de Stand-up paddle : La razzia de l&#039;\u00e9quipe de France \u00e0 domicile !\" \/>\n<meta name=\"twitter:creator\" content=\"@https:\/\/twitter.com\/FlOstermann\" \/>\n<meta name=\"twitter:site\" content=\"@dicodusport\" \/>\n<script type=\"application\/ld+json\" class=\"yoast-schema-graph\">{\"@context\":\"https:\/\/schema.org\",\"@graph\":[{\"@type\":\"NewsArticle\",\"@id\":\"https:\/\/dicodusport.fr\/blog\/mondiaux-de-stand-up-paddle-la-razzia-de-lequipe-de-france-a-domicile\/#article\",\"isPartOf\":{\"@id\":\"https:\/\/dicodusport.fr\/blog\/mondiaux-de-stand-up-paddle-la-razzia-de-lequipe-de-france-a-domicile\/\"},\"author\":{\"name\":\"Flo Ostermann\",\"@id\":\"https:\/\/dicodusport.fr\/blog\/#\/schema\/person\/cb02af4c173ce4a653b55e9baf388d4a\"},\"headline\":\"Mondiaux de Stand-up paddle : La razzia de l&rsquo;\u00e9quipe de France \u00e0 domicile !\",\"datePublished\":\"2023-10-04T16:57:04+00:00\",\"dateModified\":\"2023-10-04T17:50:31+00:00\",\"mainEntityOfPage\":{\"@id\":\"https:\/\/dicodusport.fr\/blog\/mondiaux-de-stand-up-paddle-la-razzia-de-lequipe-de-france-a-domicile\/\"},\"wordCount\":351,\"commentCount\":0,\"publisher\":{\"@id\":\"https:\/\/dicodusport.fr\/blog\/#organization\"},\"image\":{\"@id\":\"https:\/\/dicodusport.fr\/blog\/mondiaux-de-stand-up-paddle-la-razzia-de-lequipe-de-france-a-domicile\/#primaryimage\"},\"thumbnailUrl\":\"https:\/\/dicodusport.fr\/blog\/wp-content\/uploads\/2023\/10\/Mondiaux-de-Stand-up-paddle-La-razzia-de-lequipe-de-France-a-domicile-.png\",\"keywords\":[\"br\u00e8ve\"],\"articleSection\":[\"Surf\"],\"inLanguage\":\"fr-FR\",\"potentialAction\":[{\"@type\":\"CommentAction\",\"name\":\"Comment\",\"target\":[\"https:\/\/dicodusport.fr\/blog\/mondiaux-de-stand-up-paddle-la-razzia-de-lequipe-de-france-a-domicile\/#respond\"]}],\"copyrightYear\":\"2023\",\"copyrightHolder\":{\"@id\":\"https:\/\/dicodusport.fr\/blog\/#organization\"}},{\"@type\":\"WebPage\",\"@id\":\"https:\/\/dicodusport.fr\/blog\/mondiaux-de-stand-up-paddle-la-razzia-de-lequipe-de-france-a-domicile\/\",\"url\":\"https:\/\/dicodusport.fr\/blog\/mondiaux-de-stand-up-paddle-la-razzia-de-lequipe-de-france-a-domicile\/\",\"name\":\"Mondiaux de Stand-up paddle : La razzia de l'\u00e9quipe de France \u00e0 domicile !\",\"isPartOf\":{\"@id\":\"https:\/\/dicodusport.fr\/blog\/#website\"},\"primaryImageOfPage\":{\"@id\":\"https:\/\/dicodusport.fr\/blog\/mondiaux-de-stand-up-paddle-la-razzia-de-lequipe-de-france-a-domicile\/#primaryimage\"},\"image\":{\"@id\":\"https:\/\/dicodusport.fr\/blog\/mondiaux-de-stand-up-paddle-la-razzia-de-lequipe-de-france-a-domicile\/#primaryimage\"},\"thumbnailUrl\":\"https:\/\/dicodusport.fr\/blog\/wp-content\/uploads\/2023\/10\/Mondiaux-de-Stand-up-paddle-La-razzia-de-lequipe-de-France-a-domicile-.png\",\"datePublished\":\"2023-10-04T16:57:04+00:00\",\"dateModified\":\"2023-10-04T17:50:31+00:00\",\"description\":\"CHAMPIONNATS DU MONDE DE STAND-UP PADDLE - Aux Sables d'Olonne (Vend\u00e9e), l'\u00e9quipe de France de stand-up paddle a une nouvelle fois \u00e9t\u00e9 dominante.\",\"breadcrumb\":{\"@id\":\"https:\/\/dicodusport.fr\/blog\/mondiaux-de-stand-up-paddle-la-razzia-de-lequipe-de-france-a-domicile\/#breadcrumb\"},\"inLanguage\":\"fr-FR\",\"potentialAction\":[{\"@type\":\"ReadAction\",\"target\":[\"https:\/\/dicodusport.fr\/blog\/mondiaux-de-stand-up-paddle-la-razzia-de-lequipe-de-france-a-domicile\/\"]}]},{\"@type\":\"ImageObject\",\"inLanguage\":\"fr-FR\",\"@id\":\"https:\/\/dicodusport.fr\/blog\/mondiaux-de-stand-up-paddle-la-razzia-de-lequipe-de-france-a-domicile\/#primaryimage\",\"url\":\"https:\/\/dicodusport.fr\/blog\/wp-content\/uploads\/2023\/10\/Mondiaux-de-Stand-up-paddle-La-razzia-de-lequipe-de-France-a-domicile-.png\",\"contentUrl\":\"https:\/\/dicodusport.fr\/blog\/wp-content\/uploads\/2023\/10\/Mondiaux-de-Stand-up-paddle-La-razzia-de-lequipe-de-France-a-domicile-.png\",\"width\":800,\"height\":445,\"caption\":\"Mondiaux de Stand-up paddle La razzia de l'\u00e9quipe de France \u00e0 domicile !\"},{\"@type\":\"BreadcrumbList\",\"@id\":\"https:\/\/dicodusport.fr\/blog\/mondiaux-de-stand-up-paddle-la-razzia-de-lequipe-de-france-a-domicile\/#breadcrumb\",\"itemListElement\":[{\"@type\":\"ListItem\",\"position\":1,\"name\":\"Accueil\",\"item\":\"https:\/\/dicodusport.fr\/blog\/\"},{\"@type\":\"ListItem\",\"position\":2,\"name\":\"Mondiaux de Stand-up paddle : La razzia de l&rsquo;\u00e9quipe de France \u00e0 domicile !\"}]},{\"@type\":\"WebSite\",\"@id\":\"https:\/\/dicodusport.fr\/blog\/#website\",\"url\":\"https:\/\/dicodusport.fr\/blog\/\",\"name\":\"Dicodusport\",\"description\":\"L&#039;encyclop\u00e9die de l&#039;actualit\u00e9 sportive\",\"publisher\":{\"@id\":\"https:\/\/dicodusport.fr\/blog\/#organization\"},\"potentialAction\":[{\"@type\":\"SearchAction\",\"target\":{\"@type\":\"EntryPoint\",\"urlTemplate\":\"https:\/\/dicodusport.fr\/blog\/?s={search_term_string}\"},\"query-input\":{\"@type\":\"PropertyValueSpecification\",\"valueRequired\":true,\"valueName\":\"search_term_string\"}}],\"inLanguage\":\"fr-FR\"},{\"@type\":\"NewsMediaOrganization\",\"@id\":\"https:\/\/dicodusport.fr\/blog\/#organization\",\"name\":\"Dicodusport\",\"url\":\"https:\/\/dicodusport.fr\/blog\/\",\"logo\":{\"@type\":\"ImageObject\",\"inLanguage\":\"fr-FR\",\"@id\":\"https:\/\/dicodusport.fr\/blog\/#\/schema\/logo\/image\/\",\"url\":\"https:\/\/dicodusport.fr\/blog\/wp-content\/uploads\/2020\/06\/cropped-LOGO-DICODUSPORT-2020-SANS-FOND-SANS-TEXTE.png\",\"contentUrl\":\"https:\/\/dicodusport.fr\/blog\/wp-content\/uploads\/2020\/06\/cropped-LOGO-DICODUSPORT-2020-SANS-FOND-SANS-TEXTE.png\",\"width\":512,\"height\":512,\"caption\":\"Dicodusport\"},\"image\":{\"@id\":\"https:\/\/dicodusport.fr\/blog\/#\/schema\/logo\/image\/\"},\"sameAs\":[\"https:\/\/www.facebook.com\/dicodusport\",\"https:\/\/x.com\/dicodusport\",\"https:\/\/www.instagram.com\/dicodusport\/\",\"https:\/\/www.youtube.com\/channel\/UC7V2KZ5sd3htJivAbA4ZG3w\"],\"description\":\"Dicodusport est l'encyclop\u00e9die de l'actualit\u00e9 sportive.\",\"email\":\"bonjour@dicodusport.fr\",\"legalName\":\"DICODUSPORT\",\"foundingDate\":\"2018-01-14\",\"vatID\":\"FR71834470973\",\"taxID\":\"83447097300043\",\"numberOfEmployees\":{\"@type\":\"QuantitativeValue\",\"minValue\":\"1\",\"maxValue\":\"10\"}},{\"@type\":\"Person\",\"@id\":\"https:\/\/dicodusport.fr\/blog\/#\/schema\/person\/cb02af4c173ce4a653b55e9baf388d4a\",\"name\":\"Flo Ostermann\",\"image\":{\"@type\":\"ImageObject\",\"inLanguage\":\"fr-FR\",\"@id\":\"https:\/\/dicodusport.fr\/blog\/#\/schema\/person\/image\/\",\"url\":\"https:\/\/dicodusport.fr\/blog\/wp-content\/uploads\/2021\/05\/Flo-Ostermann-150x150.jpg\",\"contentUrl\":\"https:\/\/dicodusport.fr\/blog\/wp-content\/uploads\/2021\/05\/Flo-Ostermann-150x150.jpg\",\"caption\":\"Flo Ostermann\"},\"description\":\"Journaliste\/R\u00e9dacteur depuis septembre 2015 - Mes premiers souvenirs dans le sport ? Les envol\u00e9es du Stade Toulousain et les duels Villeneuve-Schumacher et H\u00e4kkinen-Schumacher \u00e0 la fin des ann\u00e9es 90, la Coupe du monde de football en 1998, l\u2019exploit du XV de France face aux All Blacks en 1999, mais aussi Richard C\u0153ur de Lion qui vole sur les montagnes du Tour de France. Bien parti pour devenir professeur d\u2019EPS, les \u00e9v\u00e9nements de la vie (et la flemme d\u2019animer des s\u00e9ances de 3x500 m\u00e8tres toute ma vie) m\u2019ont conduit \u00e0 revoir mes plans. Me voil\u00e0 depuis fin 2017 sur Dicodusport, m\u00e9dia gr\u00e2ce (et pour) lequel je partage ma passion : le sport dans tous ses \u00e9tats. Le tout accompagn\u00e9 par les fous furieux et folles furieuses cit\u00e9s sur cette page !\",\"sameAs\":[\"https:\/\/www.facebook.com\/florent.ostermann\",\"https:\/\/x.com\/https:\/\/twitter.com\/FlOstermann\",\"admin\"],\"url\":\"https:\/\/dicodusport.fr\/blog\/author\/flo\/\"}]}<\/script>\n<!-- \/ Yoast SEO Premium plugin. -->","yoast_head_json":{"title":"Mondiaux de Stand-up paddle : La razzia de l'\u00e9quipe de France \u00e0 domicile !","description":"CHAMPIONNATS DU MONDE DE STAND-UP PADDLE - Aux Sables d'Olonne (Vend\u00e9e), l'\u00e9quipe de France de stand-up paddle a une nouvelle fois \u00e9t\u00e9 dominante.","robots":{"index":"index","follow":"follow","max-snippet":"max-snippet:-1","max-image-preview":"max-image-preview:large","max-video-preview":"max-video-preview:-1"},"canonical":"https:\/\/dicodusport.fr\/blog\/mondiaux-de-stand-up-paddle-la-razzia-de-lequipe-de-france-a-domicile\/","og_locale":"fr_FR","og_type":"article","og_title":"Mondiaux de Stand-up paddle : La razzia de l'\u00e9quipe de France \u00e0 domicile !","og_description":"CHAMPIONNATS DU MONDE DE STAND-UP PADDLE - Aux Sables d'Olonne (Vend\u00e9e), l'\u00e9quipe de France de stand-up paddle a une nouvelle fois \u00e9t\u00e9 dominante.","og_url":"https:\/\/dicodusport.fr\/blog\/mondiaux-de-stand-up-paddle-la-razzia-de-lequipe-de-france-a-domicile\/","og_site_name":"Dicodusport","article_publisher":"https:\/\/www.facebook.com\/dicodusport","article_author":"https:\/\/www.facebook.com\/florent.ostermann","article_published_time":"2023-10-04T16:57:04+00:00","article_modified_time":"2023-10-04T17:50:31+00:00","og_image":[{"width":800,"height":445,"url":"https:\/\/dicodusport.fr\/blog\/wp-content\/uploads\/2023\/10\/Mondiaux-de-Stand-up-paddle-La-razzia-de-lequipe-de-France-a-domicile-.png","type":"image\/png"}],"author":"Flo Ostermann","twitter_card":"summary_large_image","twitter_title":"Mondiaux de Stand-up paddle : La razzia de l'\u00e9quipe de France \u00e0 domicile !","twitter_creator":"@https:\/\/twitter.com\/FlOstermann","twitter_site":"@dicodusport","schema":{"@context":"https:\/\/schema.org","@graph":[{"@type":"NewsArticle","@id":"https:\/\/dicodusport.fr\/blog\/mondiaux-de-stand-up-paddle-la-razzia-de-lequipe-de-france-a-domicile\/#article","isPartOf":{"@id":"https:\/\/dicodusport.fr\/blog\/mondiaux-de-stand-up-paddle-la-razzia-de-lequipe-de-france-a-domicile\/"},"author":{"name":"Flo Ostermann","@id":"https:\/\/dicodusport.fr\/blog\/#\/schema\/person\/cb02af4c173ce4a653b55e9baf388d4a"},"headline":"Mondiaux de Stand-up paddle : La razzia de l&rsquo;\u00e9quipe de France \u00e0 domicile !","datePublished":"2023-10-04T16:57:04+00:00","dateModified":"2023-10-04T17:50:31+00:00","mainEntityOfPage":{"@id":"https:\/\/dicodusport.fr\/blog\/mondiaux-de-stand-up-paddle-la-razzia-de-lequipe-de-france-a-domicile\/"},"wordCount":351,"commentCount":0,"publisher":{"@id":"https:\/\/dicodusport.fr\/blog\/#organization"},"image":{"@id":"https:\/\/dicodusport.fr\/blog\/mondiaux-de-stand-up-paddle-la-razzia-de-lequipe-de-france-a-domicile\/#primaryimage"},"thumbnailUrl":"https:\/\/dicodusport.fr\/blog\/wp-content\/uploads\/2023\/10\/Mondiaux-de-Stand-up-paddle-La-razzia-de-lequipe-de-France-a-domicile-.png","keywords":["br\u00e8ve"],"articleSection":["Surf"],"inLanguage":"fr-FR","potentialAction":[{"@type":"CommentAction","name":"Comment","target":["https:\/\/dicodusport.fr\/blog\/mondiaux-de-stand-up-paddle-la-razzia-de-lequipe-de-france-a-domicile\/#respond"]}],"copyrightYear":"2023","copyrightHolder":{"@id":"https:\/\/dicodusport.fr\/blog\/#organization"}},{"@type":"WebPage","@id":"https:\/\/dicodusport.fr\/blog\/mondiaux-de-stand-up-paddle-la-razzia-de-lequipe-de-france-a-domicile\/","url":"https:\/\/dicodusport.fr\/blog\/mondiaux-de-stand-up-paddle-la-razzia-de-lequipe-de-france-a-domicile\/","name":"Mondiaux de Stand-up paddle : La razzia de l'\u00e9quipe de France \u00e0 domicile !","isPartOf":{"@id":"https:\/\/dicodusport.fr\/blog\/#website"},"primaryImageOfPage":{"@id":"https:\/\/dicodusport.fr\/blog\/mondiaux-de-stand-up-paddle-la-razzia-de-lequipe-de-france-a-domicile\/#primaryimage"},"image":{"@id":"https:\/\/dicodusport.fr\/blog\/mondiaux-de-stand-up-paddle-la-razzia-de-lequipe-de-france-a-domicile\/#primaryimage"},"thumbnailUrl":"https:\/\/dicodusport.fr\/blog\/wp-content\/uploads\/2023\/10\/Mondiaux-de-Stand-up-paddle-La-razzia-de-lequipe-de-France-a-domicile-.png","datePublished":"2023-10-04T16:57:04+00:00","dateModified":"2023-10-04T17:50:31+00:00","description":"CHAMPIONNATS DU MONDE DE STAND-UP PADDLE - Aux Sables d'Olonne (Vend\u00e9e), l'\u00e9quipe de France de stand-up paddle a une nouvelle fois \u00e9t\u00e9 dominante.","breadcrumb":{"@id":"https:\/\/dicodusport.fr\/blog\/mondiaux-de-stand-up-paddle-la-razzia-de-lequipe-de-france-a-domicile\/#breadcrumb"},"inLanguage":"fr-FR","potentialAction":[{"@type":"ReadAction","target":["https:\/\/dicodusport.fr\/blog\/mondiaux-de-stand-up-paddle-la-razzia-de-lequipe-de-france-a-domicile\/"]}]},{"@type":"ImageObject","inLanguage":"fr-FR","@id":"https:\/\/dicodusport.fr\/blog\/mondiaux-de-stand-up-paddle-la-razzia-de-lequipe-de-france-a-domicile\/#primaryimage","url":"https:\/\/dicodusport.fr\/blog\/wp-content\/uploads\/2023\/10\/Mondiaux-de-Stand-up-paddle-La-razzia-de-lequipe-de-France-a-domicile-.png","contentUrl":"https:\/\/dicodusport.fr\/blog\/wp-content\/uploads\/2023\/10\/Mondiaux-de-Stand-up-paddle-La-razzia-de-lequipe-de-France-a-domicile-.png","width":800,"height":445,"caption":"Mondiaux de Stand-up paddle La razzia de l'\u00e9quipe de France \u00e0 domicile !"},{"@type":"BreadcrumbList","@id":"https:\/\/dicodusport.fr\/blog\/mondiaux-de-stand-up-paddle-la-razzia-de-lequipe-de-france-a-domicile\/#breadcrumb","itemListElement":[{"@type":"ListItem","position":1,"name":"Accueil","item":"https:\/\/dicodusport.fr\/blog\/"},{"@type":"ListItem","position":2,"name":"Mondiaux de Stand-up paddle : La razzia de l&rsquo;\u00e9quipe de France \u00e0 domicile !"}]},{"@type":"WebSite","@id":"https:\/\/dicodusport.fr\/blog\/#website","url":"https:\/\/dicodusport.fr\/blog\/","name":"Dicodusport","description":"L&#039;encyclop\u00e9die de l&#039;actualit\u00e9 sportive","publisher":{"@id":"https:\/\/dicodusport.fr\/blog\/#organization"},"potentialAction":[{"@type":"SearchAction","target":{"@type":"EntryPoint","urlTemplate":"https:\/\/dicodusport.fr\/blog\/?s={search_term_string}"},"query-input":{"@type":"PropertyValueSpecification","valueRequired":true,"valueName":"search_term_string"}}],"inLanguage":"fr-FR"},{"@type":"NewsMediaOrganization","@id":"https:\/\/dicodusport.fr\/blog\/#organization","name":"Dicodusport","url":"https:\/\/dicodusport.fr\/blog\/","logo":{"@type":"ImageObject","inLanguage":"fr-FR","@id":"https:\/\/dicodusport.fr\/blog\/#\/schema\/logo\/image\/","url":"https:\/\/dicodusport.fr\/blog\/wp-content\/uploads\/2020\/06\/cropped-LOGO-DICODUSPORT-2020-SANS-FOND-SANS-TEXTE.png","contentUrl":"https:\/\/dicodusport.fr\/blog\/wp-content\/uploads\/2020\/06\/cropped-LOGO-DICODUSPORT-2020-SANS-FOND-SANS-TEXTE.png","width":512,"height":512,"caption":"Dicodusport"},"image":{"@id":"https:\/\/dicodusport.fr\/blog\/#\/schema\/logo\/image\/"},"sameAs":["https:\/\/www.facebook.com\/dicodusport","https:\/\/x.com\/dicodusport","https:\/\/www.instagram.com\/dicodusport\/","https:\/\/www.youtube.com\/channel\/UC7V2KZ5sd3htJivAbA4ZG3w"],"description":"Dicodusport est l'encyclop\u00e9die de l'actualit\u00e9 sportive.","email":"bonjour@dicodusport.fr","legalName":"DICODUSPORT","foundingDate":"2018-01-14","vatID":"FR71834470973","taxID":"83447097300043","numberOfEmployees":{"@type":"QuantitativeValue","minValue":"1","maxValue":"10"}},{"@type":"Person","@id":"https:\/\/dicodusport.fr\/blog\/#\/schema\/person\/cb02af4c173ce4a653b55e9baf388d4a","name":"Flo Ostermann","image":{"@type":"ImageObject","inLanguage":"fr-FR","@id":"https:\/\/dicodusport.fr\/blog\/#\/schema\/person\/image\/","url":"https:\/\/dicodusport.fr\/blog\/wp-content\/uploads\/2021\/05\/Flo-Ostermann-150x150.jpg","contentUrl":"https:\/\/dicodusport.fr\/blog\/wp-content\/uploads\/2021\/05\/Flo-Ostermann-150x150.jpg","caption":"Flo Ostermann"},"description":"Journaliste\/R\u00e9dacteur depuis septembre 2015 - Mes premiers souvenirs dans le sport ? Les envol\u00e9es du Stade Toulousain et les duels Villeneuve-Schumacher et H\u00e4kkinen-Schumacher \u00e0 la fin des ann\u00e9es 90, la Coupe du monde de football en 1998, l\u2019exploit du XV de France face aux All Blacks en 1999, mais aussi Richard C\u0153ur de Lion qui vole sur les montagnes du Tour de France. Bien parti pour devenir professeur d\u2019EPS, les \u00e9v\u00e9nements de la vie (et la flemme d\u2019animer des s\u00e9ances de 3x500 m\u00e8tres toute ma vie) m\u2019ont conduit \u00e0 revoir mes plans. Me voil\u00e0 depuis fin 2017 sur Dicodusport, m\u00e9dia gr\u00e2ce (et pour) lequel je partage ma passion : le sport dans tous ses \u00e9tats. Le tout accompagn\u00e9 par les fous furieux et folles furieuses cit\u00e9s sur cette page !","sameAs":["https:\/\/www.facebook.com\/florent.ostermann","https:\/\/x.com\/https:\/\/twitter.com\/FlOstermann","admin"],"url":"https:\/\/dicodusport.fr\/blog\/author\/flo\/"}]}},"_links":{"self":[{"href":"https:\/\/dicodusport.fr\/blog\/wp-json\/wp\/v2\/posts\/426189","targetHints":{"allow":["GET"]}}],"collection":[{"href":"https:\/\/dicodusport.fr\/blog\/wp-json\/wp\/v2\/posts"}],"about":[{"href":"https:\/\/dicodusport.fr\/blog\/wp-json\/wp\/v2\/types\/post"}],"author":[{"embeddable":true,"href":"https:\/\/dicodusport.fr\/blog\/wp-json\/wp\/v2\/users\/4"}],"replies":[{"embeddable":true,"href":"https:\/\/dicodusport.fr\/blog\/wp-json\/wp\/v2\/comments?post=426189"}],"version-history":[{"count":0,"href":"https:\/\/dicodusport.fr\/blog\/wp-json\/wp\/v2\/posts\/426189\/revisions"}],"wp:featuredmedia":[{"embeddable":true,"href":"https:\/\/dicodusport.fr\/blog\/wp-json\/wp\/v2\/media\/426212"}],"wp:attachment":[{"href":"https:\/\/dicodusport.fr\/blog\/wp-json\/wp\/v2\/media?parent=426189"}],"wp:term":[{"taxonomy":"category","embeddable":true,"href":"https:\/\/dicodusport.fr\/blog\/wp-json\/wp\/v2\/categories?post=426189"},{"taxonomy":"post_tag","embeddable":true,"href":"https:\/\/dicodusport.fr\/blog\/wp-json\/wp\/v2\/tags?post=426189"}],"curies":[{"name":"wp","href":"https:\/\/api.w.org\/{rel}","templated":true}]}}