{"id":426320,"date":"2023-10-17T15:11:32","date_gmt":"2023-10-17T13:11:32","guid":{"rendered":"https:\/\/dicodusport.fr\/blog\/?p=426320&#038;preview=true&#038;preview_id=426320"},"modified":"2023-10-19T11:22:58","modified_gmt":"2023-10-19T09:22:58","slug":"nba-2023-2024-les-14-francais-au-banc-dessai","status":"publish","type":"post","link":"https:\/\/dicodusport.fr\/blog\/nba-2023-2024-les-14-francais-au-banc-dessai\/","title":{"rendered":"NBA 2023-2024 : Les 14 Fran\u00e7ais au banc d&rsquo;essai"},"content":{"rendered":"<p align=\"justify\"><strong><i>NBA 2023-2024 &#8211; Ils seront 14 joueurs fran\u00e7ais sur les parquets am\u00e9ricains cette saison. Du tant attendu Victor Wembanyama au triple d\u00e9fenseur de l&rsquo;ann\u00e9e Rudy Gobert, les Fran\u00e7ais seront au centre des d\u00e9bats cette saison en NBA.<\/i><\/strong><\/p>\n<ul style=\"list-style-type: circle;\">\n<li>\n<h3 style=\"text-align: justify;\">Evan Fournier<\/h3>\n<\/li>\n<\/ul>\n<p style=\"text-align: justify;\">Seulement 27 matchs la saison derni\u00e8re pour <strong>Evan Fournier<\/strong> chez les <strong>Knicks<\/strong>. Sorti de la rotation par Tom Thibodeau \u00e0 la mi-saison, l&rsquo;arri\u00e8re a ensuite encha\u00een\u00e9 les DNP, alors que le bilan num\u00e9rique de New York remontait. Pour sa 12\u1d49\u00a0saison NBA, le natif de Saint-Maurice va sans doute rester sur le banc new-yorkais une bonne partie de la saison, alors qu&rsquo;il veut simplement jouer. Mais aujourd&rsquo;hui, c&rsquo;est <strong>Quentin Grimes<\/strong> qui occupe le r\u00f4le de titulaire sur le poste 2. La franchise mythique ne <a href=\"https:\/\/dicodusport.fr\/blog\/evan-fournier-il-ny-a-aucune-chance-que-les-knicks-me-gardent\/\">compte toujours pas sur lui<\/a>, sauf dans le cas d&rsquo;un trade. Son contrat (18,8 millions de dollars cette saison, 19 millions en team option la saison prochaine) reste int\u00e9ressant dans l&rsquo;\u00e9quilibre des salaires en cas de venue d&rsquo;une superstar. Et quand on conna\u00eet la passion des Knicks pour les superstars&#8230;<\/p>\n<ul style=\"list-style-type: circle;\">\n<li>\n<h3 style=\"text-align: justify;\">Rudy Gobert<\/h3>\n<\/li>\n<\/ul>\n<p style=\"text-align: justify;\">Apr\u00e8s neuf ans chez le <strong>Jazz<\/strong>, <strong>Rudy Gobert<\/strong> a d\u00e9couvert la saison derni\u00e8re une nouvelle franchise, avec les <a href=\"https:\/\/dicodusport.fr\/blog\/preview-nba-2023-2024-un-tournant-a-venir-pour-les-minnesota-timberwolves\/\">Timberwolves<\/a>. Recrut\u00e9 pour son impact d\u00e9fensif, le pivot de 31 ans, triple d\u00e9fenseur de l&rsquo;ann\u00e9e \u00e0 Utah, a connu une ann\u00e9e en dessous de ses standards. <a href=\"https:\/\/dicodusport.fr\/blog\/nba-timberwolves-rudy-gobert-karl-anthony-towns-le-nouveau-duo-des-minnesota-timberwolves-peut-il-fonctionner\/\">Sa compl\u00e9mentarit\u00e9 avec Karl-Anthony Towns<\/a> \u00e0 l&rsquo;int\u00e9rieur a mis du temps \u00e0 se cr\u00e9er. Offensivement, <strong>Rudy Gobert<\/strong> n&rsquo;a que peu vu le ballon, la faute \u00e0 une \u00e9quipe tr\u00e8s tourn\u00e9e vers l&rsquo;attaque (Anthony Edwards en arme num\u00e9ro 1). Mais apr\u00e8s une campagne avec l&rsquo;\u00c9quipe de France d\u00e9cevante, Rudy Gobert a annonc\u00e9 se pr\u00e9parer pour <em>\u00ab<\/em> <em>faire la meilleure saison de sa vie \u00bb<\/em>.<\/p>\n<ul style=\"list-style-type: circle;\">\n<li>\n<h3 style=\"text-align: justify;\">Victor Wembanyama<\/h3>\n<\/li>\n<\/ul>\n<p style=\"text-align: justify;\">Il est attendu comme une star, et <a href=\"https:\/\/dicodusport.fr\/blog\/preview-nba-2023-2024-wembanyama-au-centre-du-projet-des-san-antonio-spurs\/\">chacune de ses performances<\/a> sera forc\u00e9ment scrut\u00e9e. Draft\u00e9 en premi\u00e8re place par les Spurs, <strong>Victor Wembanyama<\/strong> vise <em>\u00ab une qualification en Playoffs \u00bb<\/em> d\u00e8s la premi\u00e8re saison, expliquait-il lors d&rsquo;un point presse lors de la diffusion en avant-premi\u00e8re du documentaire \u00ab\u00a0Un1que\u00a0\u00bb qui lui est consacr\u00e9 et diffus\u00e9 depuis le 8 octobre sur Canal. Ce serait une jolie performance alors que la franchise texane n&rsquo;a pas connu la post-season depuis 2019. Pour atteindre cet objectif, le joueur de 19 ans a pris <em>\u00ab <\/em><em>5 \u00e0 7 kilos pendant l&rsquo;\u00e9t\u00e9 \u00bb<\/em>, confiait-il lors du Media Day. Sans doute install\u00e9 au poste d&rsquo;ailier-fort sous les ordres de <strong>Greg Popovich<\/strong>, \u00ab\u00a0Wemby\u00a0\u00bb vise bien \u00e9videmment <a href=\"https:\/\/dicodusport.fr\/blog\/nba-2023-24-victor-wembanyama-sera-menage-durant-toute-la-saison\/\">le titre de ROY<\/a> et peut l\u00e9gitimement devenir l&rsquo;un des meilleurs d\u00e9fenseurs de la Ligue d\u00e8s sa premi\u00e8re saison.<\/p>\n<div class=\"vlp-link-container vlp-layout-article\"><a href=\"https:\/\/dicodusport.fr\/blog\/video-victor-wembanyama-regale-encore-avec-san-antonio-face-a-miami\/\" class=\"vlp-link\" title=\"[Vid\u00e9o] Victor Wembanyama r\u00e9gale encore avec San Antonio face \u00e0 Miami\"><\/a><div class=\"vlp-layout-zone-side\"><div class=\"vlp-block-4 vlp-link-image\"><img loading=\"lazy\" decoding=\"async\" style=\"max-width: 800px;\" width=\"800\" height=\"445\" src=\"https:\/\/dicodusport.fr\/blog\/wp-content\/uploads\/2023\/10\/Video-Victor-Wembanyama-regale-encore-avec-San-Antonio-face-a-Miami.png\" class=\"attachment-800x445 size-800x445\" alt=\"\" srcset=\"https:\/\/dicodusport.fr\/blog\/wp-content\/uploads\/2023\/10\/Video-Victor-Wembanyama-regale-encore-avec-San-Antonio-face-a-Miami.png 800w, https:\/\/dicodusport.fr\/blog\/wp-content\/uploads\/2023\/10\/Video-Victor-Wembanyama-regale-encore-avec-San-Antonio-face-a-Miami-300x167.png 300w, https:\/\/dicodusport.fr\/blog\/wp-content\/uploads\/2023\/10\/Video-Victor-Wembanyama-regale-encore-avec-San-Antonio-face-a-Miami-768x427.png 768w\" sizes=\"auto, (max-width: 800px) 100vw, 800px\" \/><\/div><\/div><div class=\"vlp-layout-zone-main\"><div class=\"vlp-block-0 vlp-link-title\">[Vid\u00e9o] Victor Wembanyama r\u00e9gale encore avec San Antonio face \u00e0 Miami<\/div><div class=\"vlp-block-1 vlp-link-summary\">NBA 2023-2024 - Victor Wembanyama (Spurs) a encore r\u00e9gal\u00e9 pour son premier match avec San Antonio \u00e0 domicile, face \u00e0 Miami.\u00a0<\/div><div class=\"vlp-block-2 vlp-link-button\">Lire l'article<\/div><div class=\"vlp-block-3 vlp-link-url\">dicodusport.fr<\/div><\/div><\/div>\n<ul style=\"list-style-type: circle;\">\n<li>\n<h3 style=\"text-align: justify;\">Sidy Cissoko<\/h3>\n<\/li>\n<\/ul>\n<p style=\"text-align: justify;\">Il est l&rsquo;autre Fran\u00e7ais des Spurs. Draft\u00e9 en 44\u1d49\u00a0place par San Antonio, <strong>Sidy Cissoko<\/strong> a sign\u00e9 un contrat de trois ans apr\u00e8s avoir convaincu les dirigeants lors de la Summer League. Ultra-motiv\u00e9, son potentiel d\u00e9fensif pourrait lui permettre d&rsquo;avoir un r\u00f4le chez les Spurs. Dans une \u00e9quipe en totale reconstruction, il pourrait trouver sa place gr\u00e2ce \u00e0 sa polyvalence, pouvant couvrir les postes 1 et 2, voire 3 selon la matchup.<\/p>\n<blockquote class=\"twitter-tweet\">\n<p dir=\"ltr\" lang=\"en\">The San Antonio Spurs have signed No. 44 overall pick Sidy Cissoko to a three-year deal, league sources told <a href=\"https:\/\/twitter.com\/hoopshype?ref_src=twsrc%5Etfw\">@hoopshype<\/a>. Cissoko is represented by <a href=\"https:\/\/twitter.com\/_tandemse?ref_src=twsrc%5Etfw\">@_tandemse<\/a> and <a href=\"https:\/\/twitter.com\/YouFirstBasket?ref_src=twsrc%5Etfw\">@YouFirstBasket<\/a>.<\/p>\n<p>\u2014 Michael Scotto (@MikeAScotto) <a href=\"https:\/\/twitter.com\/MikeAScotto\/status\/1684588348944310275?ref_src=twsrc%5Etfw\">July 27, 2023<\/a><\/p><\/blockquote>\n<p><script async src=\"https:\/\/platform.twitter.com\/widgets.js\" charset=\"utf-8\"><\/script><\/p>\n<ul style=\"list-style-type: circle;\">\n<li>\n<h3 style=\"text-align: justify;\">Bilal Coulibaly<\/h3>\n<\/li>\n<\/ul>\n<p style=\"text-align: justify;\">Il y a tout juste un an, <strong>Bilal Coulibaly<\/strong> se contentait de <a href=\"https:\/\/dicodusport.fr\/blog\/betclic-elite-dans-lombre-de-wembanyama-bilal-coulibaly-explose\/\">bouts de matchs chez les Metropolitans<\/a>. Aujourd&rsquo;hui, il fait partie de l&rsquo;effectif des <a href=\"https:\/\/dicodusport.fr\/blog\/preview-nba-2023-2024-les-washington-wizards-tournent-enfin-une-page\/\">Washington Wizards<\/a>, draft\u00e9 en 7\u00e8me par la franchise de la capitale. Dans une \u00e9quipe en reconstruction et tr\u00e8s tourn\u00e9e vers l&rsquo;attaque (Jordan Poole et Kyle Kuzma ne sont pas les plus grands d\u00e9fenseurs), le troisi\u00e8me plus jeune joueur de la Ligue aura le temps de se d\u00e9velopper : <em>\u00ab<\/em> <em>Le plus important est de ne pas br\u00fbler les \u00e9tapes avec Bilal \u00bb<\/em>, confiait Will Dawkins, GM des Wizards. <em>\u00ab <\/em><em>I<\/em><i>l est tr\u00e8s comp\u00e9titif sur le plan d\u00e9fensif, ce qui, je pense, lui permettra d\u2019\u00eatre sur le terrain tout de suite <em>\u00bb<\/em>. <\/i>Il faut <i><em>\u00ab <\/em>lui permettre de se r\u00e9v\u00e9ler comme joueur et de comprendre que son \u00e2ge d\u2019or est dans cinq, six ou sept ans <em>\u00bb.<\/em><\/i><\/p>\n<ul style=\"list-style-type: circle;\">\n<li>\n<h3 style=\"text-align: justify;\">Rayan Rupert<\/h3>\n<\/li>\n<\/ul>\n<p style=\"text-align: justify;\">Le d\u00e9part de <a href=\"https:\/\/dicodusport.fr\/blog\/nba-damian-lillard-transfere-aux-milwaukee-bucks\/\">Damian Lillard<\/a> chez les Blazers signe la fin d&rsquo;une \u00e8re pour la franchise de l&rsquo;Oregon. Et si c&rsquo;\u00e9tait Rayan Rupert qui entamait une nouvelle \u00e8re ? Aux c\u00f4t\u00e9s de <strong>Scoot Henderson<\/strong> et <strong>Shaedon Sharpe,<\/strong> l&rsquo;ailier de 19 ans va devoir se battre pour avoir sa place dans ces <a href=\"https:\/\/dicodusport.fr\/blog\/preview-nba-2023-2024-les-portland-trail-blazers-ont-fait-peau-neuve-cet-ete\/\">Blazers \u00ab\u00a0new look\u00a0\u00bb<\/a>. Interrog\u00e9 lors de la conf\u00e9rence de presse post-draft, le coach de Portland <strong>Chauncey Billups<\/strong> comptait s&rsquo;appuyer \u00ab\u00a0tout de suite\u00a0\u00bb sur Rayan Rupert, apr\u00e8s une saison en NBL (Australie) pour le Frenchie. Draft\u00e9 au second tour (43\u1d49\u00a0place), le fr\u00e8re d&rsquo;Iliana Rupert a convaincu. <strong>Joe Cronin<\/strong> lui a rapidement fait signer un contrat de trois ans, une preuve de confiance du front-office des Blazers. Au poste 3, les Blazers devraient aligner Sharpe. Mais derri\u00e8re, Rupert pourrait bien gratter des minutes.<\/p>\n<ul style=\"list-style-type: circle;\">\n<li>\n<h3 style=\"text-align: justify;\">Frank Ntilikina<\/h3>\n<\/li>\n<\/ul>\n<p style=\"text-align: justify;\">Est-ce <a href=\"https:\/\/dicodusport.fr\/blog\/frank-ntilikina-la-nba-reste-mon-objectif-principal\/\">le contrat de la derni\u00e8re chance<\/a> pour <strong>Frank Ntilikina<\/strong> ? Cela fait maintenant six ans que le meneur est en NBA, d&rsquo;abord chez les Knicks, ensuite chez les Mavericks et maintenant \u00e0 Charlotte. Sans jamais r\u00e9ellement convaincre, Ntilikina occupe un r\u00f4le de soldat d\u00e9fensif. Mais son trop faible apport offensif lui co\u00fbte cher. Avec 12,3 minutes de jeu sur les deux derni\u00e8res saisons, son temps de jeu ne cesse de baisser. Chez les Hornets, il pourrait avoir sa place derri\u00e8re <strong>LaMelo Ball<\/strong>, dans <a href=\"https:\/\/dicodusport.fr\/blog\/preview-nba-2023-2024-les-charlotte-hornets-encore-aux-fraises\/\">une \u00e9quipe avec moins d&rsquo;attente<\/a> que les Knicks ou les Mavs. Une chance pour lui, le coach de Charlotte Steve Clifford aime la d\u00e9fense. Lors du Media Day, l&rsquo;homme de 62 ans a mentionn\u00e9 que Frank pouvait occuper plusieurs postes en d\u00e9fense, un signe qu&rsquo;il compte s&rsquo;appuyer sur lui. Son contrat ne sera toutefois garanti qu&rsquo;\u00e0 la reprise de la saison, le 24 octobre.<\/p>\n<ul style=\"list-style-type: circle;\">\n<li>\n<h3 style=\"text-align: justify;\">Th\u00e9o Maledon<\/h3>\n<\/li>\n<\/ul>\n<p style=\"text-align: justify;\">La saison derni\u00e8re, le meneur de 22 ans n&rsquo;a particip\u00e9 qu&rsquo;\u00e0 des bouts de matchs (16 minutes de moyenne sur 44 matchs, pour 6,7 points par match). Edmond Summer et Frank Ntilikina recrut\u00e9s pendant l&rsquo;\u00e9t\u00e9, <strong>Th\u00e9o Maledon<\/strong> risque de jouer davantage en G-League, avec les Greensboro Swarm. L&rsquo;an dernier, il tournait \u00e0 16,1 points de moyenne l\u00e0-bas. Il n&rsquo;a sign\u00e9 qu&rsquo;un two-way contract, comme la saison pr\u00e9c\u00e9dente. Th\u00e9o Maledon n&rsquo;arrive pas, pour l&rsquo;heure, \u00e0 s&rsquo;imposer en NBA.<\/p>\n<blockquote class=\"twitter-tweet\">\n<p dir=\"ltr\" lang=\"en\">Guard Theo Maledon is returning to the Charlotte Hornets on a two-way contract, sources tell ESPN.<\/p>\n<p>\u2014 Adrian Wojnarowski (@wojespn) <a href=\"https:\/\/twitter.com\/wojespn\/status\/1707865528084439354?ref_src=twsrc%5Etfw\">September 29, 2023<\/a><\/p><\/blockquote>\n<p><script async src=\"https:\/\/platform.twitter.com\/widgets.js\" charset=\"utf-8\"><\/script><\/p>\n<ul style=\"list-style-type: circle;\">\n<li>\n<h3 style=\"text-align: justify;\">Ousmane Dieng<\/h3>\n<\/li>\n<\/ul>\n<p style=\"text-align: justify;\">Pour sa premi\u00e8re saison en NBA, <strong><a href=\"https:\/\/dicodusport.fr\/blog\/nba-2022-23-ousmane-dieng-monte-en-puissance-grace-a-une-gestion-parfaite-du-thunder\/\">Ousmane Dieng<\/a><\/strong> n&rsquo;a disput\u00e9 que 39 matchs avec le Thunder, la faute \u00e0 plusieurs blessures. \u00c0 19 ans, ce d\u00e9but de l&rsquo;autre c\u00f4t\u00e9 de l&rsquo;Atlantique a \u00e9t\u00e9 plac\u00e9 sous le signe de l&rsquo;apprentissage. Faisant la navette avec la G-League et le Blue Thunder, Dieng a toutefois montr\u00e9 quelques flashs. Et surtout, il s&rsquo;est prouv\u00e9 \u00e0 lui-m\u00eame qu&rsquo;il pouvait r\u00e9ussir. <em>\u00ab<\/em> <em>J&rsquo;ai appris que je pouvais jouer dans cette Ligue \u00bb<\/em>, confiait-il en fin de saison. Apr\u00e8s une belle Summer League \u00e0 Las Vegas (14 points, 6 rebonds), le joueur de 20 ans pourrait bien se cr\u00e9er une place dans la formation d&rsquo;OKC. Dans un profil polyvalent \u00e0 la Nicolas Batum, Dieng a la place pour s&rsquo;imposer. Derri\u00e8re Lugentz Dort, le poste 3 est disponible.<\/p>\n<blockquote class=\"twitter-tweet\">\n<p dir=\"ltr\" lang=\"en\">Ousmane Dieng has been one of the most impressive prospects in all of 2023 NBA Summer League.<\/p>\n<p>Dieng has gotten it done on and off the ball, showing his unique blend of scoring and playmaking, perfectly fitting into the brand of ball that the OKC Thunder want to play. Something\u2026 <a href=\"https:\/\/t.co\/JeAzQ2fXLz\">pic.twitter.com\/JeAzQ2fXLz<\/a><\/p>\n<p>\u2014 NBA Draft Dude \ud83e\udd19 (@CoreyTulaba) <a href=\"https:\/\/twitter.com\/CoreyTulaba\/status\/1679554464313921536?ref_src=twsrc%5Etfw\">July 13, 2023<\/a><\/p><\/blockquote>\n<p><script async src=\"https:\/\/platform.twitter.com\/widgets.js\" charset=\"utf-8\"><\/script><\/p>\n<ul style=\"list-style-type: circle;\">\n<li>\n<h3>Olivier Sarr<\/h3>\n<\/li>\n<\/ul>\n<p style=\"text-align: justify;\">Il avait fait ses d\u00e9buts en NBA en 2022 avec le Thunder. Apr\u00e8s un rapide interm\u00e8de \u00e0 Portland, Olivier Sarr revient \u00e0 OKC. Avec un two-way contract, le pivot devrait multiplier les allers-retours entre la NBA et la G-League. Derri\u00e8re <strong>Chet Holmgren<\/strong>, le poste de pivot n&rsquo;est pas le plus fourni \u00e0 Oklahoma City. Sarr pourrait donc avoir une place. D&rsquo;autant que Sam Priesti a d\u00e9cid\u00e9 de couper Usman Garuba pour lui faire de la place.<\/p>\n<ul style=\"list-style-type: circle;\">\n<li>\n<h3>Nicolas Batum<\/h3>\n<\/li>\n<\/ul>\n<p style=\"text-align: justify;\">Aux Clippers, <strong>Nicolas Batum<\/strong> a trouv\u00e9 l&rsquo;\u00e9quipe idoine pour sa fin de carri\u00e8re. Roi de polyvalence, le joueur de 34 ans a particip\u00e9 \u00e0 78 rencontres la saison derni\u00e8re, en tirant \u00e0 39% \u00e0 3 points. <a href=\"https:\/\/dicodusport.fr\/blog\/nicolas-batum-je-ne-vais-pas-pleurnicher-parce-que-je-nai-pas-le-ballon-je-men-fiche\/\">Extr\u00eamement appr\u00e9ci\u00e9 pour ses qualit\u00e9s d\u00e9fensives et son exp\u00e9rience<\/a>, Batum est dans la deuxi\u00e8me ann\u00e9e de son contrat de 2 ans \u00e0 22 millions de dollars.<\/p>\n<p style=\"text-align: justify;\">Cette saison sera-t-elle la derni\u00e8re en NBA ? <strong>Paul George<\/strong>, dans son <a href=\"https:\/\/www.youtube.com\/watch?v=_UbvYIT-HMc\">podcast<\/a>, esp\u00e8re <a href=\"https:\/\/dicodusport.fr\/blog\/tyronn-lue-tout-ce-que-nous-apporte-nico-batum-chaque-soir-est-enorme\/\">le conserver aupr\u00e8s de lui<\/a> : <em>\u00ab<\/em> <em>Nico, c\u2019est un comp\u00e9titeur. C\u2019est un bon gars, le genre avec lequel on aime travailler, et il me rend la vie plus facile\u00a0\u00bb, <\/em>explique l\u2019ailier de Los Angeles.<em>\u00a0\u00ab\u00a0On partage notre vestiaire dans la salle d\u2019entra\u00eenement, m\u00eame dans les diff\u00e9rentes salles, donc on parle de tout. Sur les parquets, c\u2019est un couteau suisse, il fait tout. C\u2019est la colle qui permet de tout garder soud\u00e9. Il d\u00e9fend sur les meneurs de jeu, les int\u00e9rieurs ou les pivots parfois. Il fait un peu tout pour nous, il<\/em><em> m\u00e9rite des louanges \u00bb.<\/em><\/p>\n<ul style=\"list-style-type: circle;\">\n<li>\n<h3 style=\"text-align: justify;\">Moussa Diabat\u00e9<\/h3>\n<\/li>\n<\/ul>\n<p style=\"text-align: justify;\">Sign\u00e9 en two-way contract par les Los Angeles Clippers, le pivot de 21 ans a prouv\u00e9 la saison derni\u00e8re en G-League, avec les Ontario Clippers (15,9 points, 12,4 rebonds en 33 minutes de jeu). Mais apr\u00e8s une Summer League difficile (virus + mal de dos), Moussa Diabat\u00e9 risque d&rsquo;\u00eatre plus souvent en G-League qu&rsquo;en NBA. D&rsquo;autant que les Clippers sont d\u00e9j\u00e0 pourvus au poste de pivot avec <strong>Mason Plumlee<\/strong> et <strong>Ivica Zubac<\/strong>. Tyronn Lue, le coach, est aussi un adepte du small ball, avec parfois <strong>Nicolas Batum<\/strong> au poste de pivot. Mais la franchise de Los Angeles compte sur lui, comme en prouve ce tweet du journaliste Joey Linn.<\/p>\n<blockquote class=\"twitter-tweet\">\n<p dir=\"ltr\" lang=\"en\">Can confirm the LA Clippers have signed Moussa Diabate to a two-way contract.<\/p>\n<p>I\u2019m told Moussa had strong interest from the New York Knicks, but Clippers are still very high on him, and made sure he stayed with them.<\/p>\n<p>\u2014 Joey Linn (@joeylinn_) <a href=\"https:\/\/twitter.com\/joeylinn_\/status\/1681028137554178049?ref_src=twsrc%5Etfw\">July 17, 2023<\/a><\/p><\/blockquote>\n<p><script async src=\"https:\/\/platform.twitter.com\/widgets.js\" charset=\"utf-8\"><\/script><\/p>\n<ul style=\"list-style-type: circle;\">\n<li>\n<h3>Kilian Hayes<\/h3>\n<\/li>\n<\/ul>\n<p style=\"text-align: justify;\">Draft\u00e9 en 7e position en 2020, <strong>Kilian Hayes<\/strong> arrive \u00e0 la crois\u00e9e des chemins. Il est dans sa derni\u00e8re ann\u00e9e de contrat rookie et les <strong>Pistons<\/strong> ne lui ont pas propos\u00e9 de prolongation. La faute \u00e0 des <a href=\"https:\/\/dicodusport.fr\/blog\/nba-2022-23-killian-hayes-a-t-il-suffisament-fait-ses-preuves-pour-rester-en-nba\/\">performances en dents de scie<\/a> depuis ses d\u00e9buts. L&rsquo;an pass\u00e9, le meneur a tourn\u00e9 \u00e0 10,3 points et 6,2 passes, mais \u00e0 37% au tir dont 28% \u00e0 3 points. Ses difficult\u00e9s au tir et son manque d&rsquo;impact au scoring ont pouss\u00e9 <a href=\"https:\/\/dicodusport.fr\/blog\/preview-nba-2023-2024-les-detroit-pistons-vont-ils-enfin-jouer-au-basket-ball\/\">Detroit<\/a> \u00e0 ajouter beaucoup de joueurs \u00e0 son poste. Cade Cunningham, Jaden Ivey, Monte Morris ou encore Alec Burks seront pr\u00e9sents cette saison sur les postes du backcourt. James L. Edwards III, de<em> <a href=\"https:\/\/theathletic.com\/4812422\/2023\/08\/29\/troy-weaver-pistons-trade\/?source=nbatw\">The Athletic<\/a><\/em>, a d&rsquo;ailleurs annonc\u00e9 que Detroit comptait le transf\u00e9rer pendant la saison.<\/p>\n<ul style=\"list-style-type: circle;\">\n<li>\n<h3>Malcolm Cazalon<\/h3>\n<\/li>\n<\/ul>\n<p style=\"text-align: justify;\">Sign\u00e9 en two-way contract, Malcolm Cazalon est un peu la surprise fran\u00e7aise en NBA cette saison. Apr\u00e8s avoir retir\u00e9 son nom des drafts 2021 et 2022, il s&rsquo;\u00e9tait maintenu \u00e0 celle de 2023. Mais, non draft\u00e9, il ne voyait pas d&rsquo;espoir dans la grande Ligue. C&rsquo;\u00e9tait sans compter sur les Pistons qui ont d\u00e9cid\u00e9 de lui donner sa chance cette ann\u00e9e. Cazalon passera la plupart de son temps en G-League, avec les Motor City Cruise. \u00c0 lui de se mettre en \u00e9vidence pour esp\u00e9rer avoir une chance chez les Pistons sur un poste d\u00e9j\u00e0 bien bouch\u00e9.<\/p>\n<blockquote class=\"twitter-tweet\">\n<p dir=\"ltr\" lang=\"en\">Welcome to the NBA <a href=\"https:\/\/twitter.com\/malcolm_cazalon?ref_src=twsrc%5Etfw\">@malcolm_cazalon<\/a> &#8211; two way deal with <a href=\"https:\/\/twitter.com\/DetroitPistons?ref_src=twsrc%5Etfw\">@DetroitPistons<\/a> \ud83d\udd25\ud83d\udd25 <a href=\"https:\/\/t.co\/XN6RczIjyW\">pic.twitter.com\/XN6RczIjyW<\/a><\/p>\n<p>\u2014 Pedja Materic (@PedjaMateric) <a href=\"https:\/\/twitter.com\/PedjaMateric\/status\/1675533168584056833?ref_src=twsrc%5Etfw\">July 2, 2023<\/a><\/p><\/blockquote>\n<p><script async src=\"https:\/\/platform.twitter.com\/widgets.js\" charset=\"utf-8\"><\/script><\/p>\n<p style=\"text-align: justify;\">\n","protected":false},"excerpt":{"rendered":"<p>NBA 2023-2024 &#8211; Ils seront 14 joueurs fran\u00e7ais sur les parquets am\u00e9ricains cette saison. Du tant attendu Victor Wembanyama au triple d\u00e9fenseur de l&rsquo;ann\u00e9e Rudy Gobert, les Fran\u00e7ais seront au centre des d\u00e9bats cette saison en NBA.<\/p>\n","protected":false},"author":88,"featured_media":429943,"comment_status":"open","ping_status":"closed","sticky":false,"template":"","format":"standard","meta":{"_acf_changed":false,"_daextam_enable_autolinks":"1","footnotes":""},"categories":[10533],"tags":[16878,12826,179,4436,16921],"class_list":["post-426320","post","type-post","status-publish","format-standard","has-post-thumbnail","hentry","category-nba","tag-breve","tag-francais-nba","tag-nba","tag-rudy-gobert","tag-victor-wembanyama"],"acf":[],"yoast_head":"<!-- This site is optimized with the Yoast SEO Premium plugin v26.7 (Yoast SEO v26.7) - https:\/\/yoast.com\/wordpress\/plugins\/seo\/ -->\n<title>NBA 2023-2024 : Les 14 Fran\u00e7ais au banc d&#039;essai<\/title>\n<meta name=\"description\" content=\"Ils seront 14 sur les parquets\u00a0am\u00e9ricains cette saison. Les Fran\u00e7ais seront de nouveau au centre des d\u00e9bats en NBA.\" \/>\n<meta name=\"robots\" content=\"index, follow, max-snippet:-1, max-image-preview:large, max-video-preview:-1\" \/>\n<link rel=\"canonical\" href=\"https:\/\/dicodusport.fr\/blog\/nba-2023-2024-les-14-francais-au-banc-dessai\/\" \/>\n<meta property=\"og:locale\" content=\"fr_FR\" \/>\n<meta property=\"og:type\" content=\"article\" \/>\n<meta property=\"og:title\" content=\"NBA 2023-2024 : Les 14 Fran\u00e7ais au banc d&#039;essai\" \/>\n<meta property=\"og:description\" content=\"Ils seront 14 sur les parquets\u00a0am\u00e9ricains cette saison. Les Fran\u00e7ais seront de nouveau au centre des d\u00e9bats en NBA.\" \/>\n<meta property=\"og:url\" content=\"https:\/\/dicodusport.fr\/blog\/nba-2023-2024-les-14-francais-au-banc-dessai\/\" \/>\n<meta property=\"og:site_name\" content=\"Dicodusport\" \/>\n<meta property=\"article:publisher\" content=\"https:\/\/www.facebook.com\/dicodusport\" \/>\n<meta property=\"article:published_time\" content=\"2023-10-17T13:11:32+00:00\" \/>\n<meta property=\"article:modified_time\" content=\"2023-10-19T09:22:58+00:00\" \/>\n<meta property=\"og:image\" content=\"https:\/\/dicodusport.fr\/blog\/wp-content\/uploads\/2023\/10\/NBA-2023-2024-Les-14-Francais-au-banc-dessai.png\" \/>\n\t<meta property=\"og:image:width\" content=\"800\" \/>\n\t<meta property=\"og:image:height\" content=\"445\" \/>\n\t<meta property=\"og:image:type\" content=\"image\/png\" \/>\n<meta name=\"author\" content=\"Paul Lalevee\" \/>\n<meta name=\"twitter:card\" content=\"summary_large_image\" \/>\n<meta name=\"twitter:title\" content=\"NBA 2023-2024 : Les 14 Fran\u00e7ais au banc d&#039;essai\" \/>\n<meta name=\"twitter:creator\" content=\"@dicodusport\" \/>\n<meta name=\"twitter:site\" content=\"@dicodusport\" \/>\n<script type=\"application\/ld+json\" class=\"yoast-schema-graph\">{\"@context\":\"https:\/\/schema.org\",\"@graph\":[{\"@type\":\"NewsArticle\",\"@id\":\"https:\/\/dicodusport.fr\/blog\/nba-2023-2024-les-14-francais-au-banc-dessai\/#article\",\"isPartOf\":{\"@id\":\"https:\/\/dicodusport.fr\/blog\/nba-2023-2024-les-14-francais-au-banc-dessai\/\"},\"author\":{\"name\":\"Paul Lalevee\",\"@id\":\"https:\/\/dicodusport.fr\/blog\/#\/schema\/person\/1eaa63dfac40b5e5c47f03a71920c1cd\"},\"headline\":\"NBA 2023-2024 : Les 14 Fran\u00e7ais au banc d&rsquo;essai\",\"datePublished\":\"2023-10-17T13:11:32+00:00\",\"dateModified\":\"2023-10-19T09:22:58+00:00\",\"mainEntityOfPage\":{\"@id\":\"https:\/\/dicodusport.fr\/blog\/nba-2023-2024-les-14-francais-au-banc-dessai\/\"},\"wordCount\":2085,\"commentCount\":0,\"publisher\":{\"@id\":\"https:\/\/dicodusport.fr\/blog\/#organization\"},\"image\":{\"@id\":\"https:\/\/dicodusport.fr\/blog\/nba-2023-2024-les-14-francais-au-banc-dessai\/#primaryimage\"},\"thumbnailUrl\":\"https:\/\/dicodusport.fr\/blog\/wp-content\/uploads\/2023\/10\/NBA-2023-2024-Les-14-Francais-au-banc-dessai.png\",\"keywords\":[\"br\u00e8ve\",\"Fran\u00e7ais NBA\",\"NBA\",\"Rudy Gobert\",\"Victor Wembanyama\"],\"articleSection\":[\"NBA\"],\"inLanguage\":\"fr-FR\",\"potentialAction\":[{\"@type\":\"CommentAction\",\"name\":\"Comment\",\"target\":[\"https:\/\/dicodusport.fr\/blog\/nba-2023-2024-les-14-francais-au-banc-dessai\/#respond\"]}],\"copyrightYear\":\"2023\",\"copyrightHolder\":{\"@id\":\"https:\/\/dicodusport.fr\/blog\/#organization\"}},{\"@type\":\"WebPage\",\"@id\":\"https:\/\/dicodusport.fr\/blog\/nba-2023-2024-les-14-francais-au-banc-dessai\/\",\"url\":\"https:\/\/dicodusport.fr\/blog\/nba-2023-2024-les-14-francais-au-banc-dessai\/\",\"name\":\"NBA 2023-2024 : Les 14 Fran\u00e7ais au banc d'essai\",\"isPartOf\":{\"@id\":\"https:\/\/dicodusport.fr\/blog\/#website\"},\"primaryImageOfPage\":{\"@id\":\"https:\/\/dicodusport.fr\/blog\/nba-2023-2024-les-14-francais-au-banc-dessai\/#primaryimage\"},\"image\":{\"@id\":\"https:\/\/dicodusport.fr\/blog\/nba-2023-2024-les-14-francais-au-banc-dessai\/#primaryimage\"},\"thumbnailUrl\":\"https:\/\/dicodusport.fr\/blog\/wp-content\/uploads\/2023\/10\/NBA-2023-2024-Les-14-Francais-au-banc-dessai.png\",\"datePublished\":\"2023-10-17T13:11:32+00:00\",\"dateModified\":\"2023-10-19T09:22:58+00:00\",\"description\":\"Ils seront 14 sur les parquets\u00a0am\u00e9ricains cette saison. Les Fran\u00e7ais seront de nouveau au centre des d\u00e9bats en NBA.\",\"breadcrumb\":{\"@id\":\"https:\/\/dicodusport.fr\/blog\/nba-2023-2024-les-14-francais-au-banc-dessai\/#breadcrumb\"},\"inLanguage\":\"fr-FR\",\"potentialAction\":[{\"@type\":\"ReadAction\",\"target\":[\"https:\/\/dicodusport.fr\/blog\/nba-2023-2024-les-14-francais-au-banc-dessai\/\"]}]},{\"@type\":\"ImageObject\",\"inLanguage\":\"fr-FR\",\"@id\":\"https:\/\/dicodusport.fr\/blog\/nba-2023-2024-les-14-francais-au-banc-dessai\/#primaryimage\",\"url\":\"https:\/\/dicodusport.fr\/blog\/wp-content\/uploads\/2023\/10\/NBA-2023-2024-Les-14-Francais-au-banc-dessai.png\",\"contentUrl\":\"https:\/\/dicodusport.fr\/blog\/wp-content\/uploads\/2023\/10\/NBA-2023-2024-Les-14-Francais-au-banc-dessai.png\",\"width\":800,\"height\":445,\"caption\":\"NBA 2023-2024 Les 14 Fran\u00e7ais au banc d'essai\"},{\"@type\":\"BreadcrumbList\",\"@id\":\"https:\/\/dicodusport.fr\/blog\/nba-2023-2024-les-14-francais-au-banc-dessai\/#breadcrumb\",\"itemListElement\":[{\"@type\":\"ListItem\",\"position\":1,\"name\":\"Accueil\",\"item\":\"https:\/\/dicodusport.fr\/blog\/\"},{\"@type\":\"ListItem\",\"position\":2,\"name\":\"NBA 2023-2024 : Les 14 Fran\u00e7ais au banc d&rsquo;essai\"}]},{\"@type\":\"WebSite\",\"@id\":\"https:\/\/dicodusport.fr\/blog\/#website\",\"url\":\"https:\/\/dicodusport.fr\/blog\/\",\"name\":\"Dicodusport\",\"description\":\"L&#039;encyclop\u00e9die de l&#039;actualit\u00e9 sportive\",\"publisher\":{\"@id\":\"https:\/\/dicodusport.fr\/blog\/#organization\"},\"potentialAction\":[{\"@type\":\"SearchAction\",\"target\":{\"@type\":\"EntryPoint\",\"urlTemplate\":\"https:\/\/dicodusport.fr\/blog\/?s={search_term_string}\"},\"query-input\":{\"@type\":\"PropertyValueSpecification\",\"valueRequired\":true,\"valueName\":\"search_term_string\"}}],\"inLanguage\":\"fr-FR\"},{\"@type\":\"NewsMediaOrganization\",\"@id\":\"https:\/\/dicodusport.fr\/blog\/#organization\",\"name\":\"Dicodusport\",\"url\":\"https:\/\/dicodusport.fr\/blog\/\",\"logo\":{\"@type\":\"ImageObject\",\"inLanguage\":\"fr-FR\",\"@id\":\"https:\/\/dicodusport.fr\/blog\/#\/schema\/logo\/image\/\",\"url\":\"https:\/\/dicodusport.fr\/blog\/wp-content\/uploads\/2020\/06\/cropped-LOGO-DICODUSPORT-2020-SANS-FOND-SANS-TEXTE.png\",\"contentUrl\":\"https:\/\/dicodusport.fr\/blog\/wp-content\/uploads\/2020\/06\/cropped-LOGO-DICODUSPORT-2020-SANS-FOND-SANS-TEXTE.png\",\"width\":512,\"height\":512,\"caption\":\"Dicodusport\"},\"image\":{\"@id\":\"https:\/\/dicodusport.fr\/blog\/#\/schema\/logo\/image\/\"},\"sameAs\":[\"https:\/\/www.facebook.com\/dicodusport\",\"https:\/\/x.com\/dicodusport\",\"https:\/\/www.instagram.com\/dicodusport\/\",\"https:\/\/www.youtube.com\/channel\/UC7V2KZ5sd3htJivAbA4ZG3w\"],\"description\":\"Dicodusport est l'encyclop\u00e9die de l'actualit\u00e9 sportive.\",\"email\":\"bonjour@dicodusport.fr\",\"legalName\":\"DICODUSPORT\",\"foundingDate\":\"2018-01-14\",\"vatID\":\"FR71834470973\",\"taxID\":\"83447097300043\",\"numberOfEmployees\":{\"@type\":\"QuantitativeValue\",\"minValue\":\"1\",\"maxValue\":\"10\"}},{\"@type\":\"Person\",\"@id\":\"https:\/\/dicodusport.fr\/blog\/#\/schema\/person\/1eaa63dfac40b5e5c47f03a71920c1cd\",\"name\":\"Paul Lalevee\",\"image\":{\"@type\":\"ImageObject\",\"inLanguage\":\"fr-FR\",\"@id\":\"https:\/\/dicodusport.fr\/blog\/#\/schema\/person\/image\/\",\"url\":\"https:\/\/dicodusport.fr\/blog\/wp-content\/uploads\/2023\/10\/291154246_1690604071293245_3118259335115946499_n-150x150.jpg\",\"contentUrl\":\"https:\/\/dicodusport.fr\/blog\/wp-content\/uploads\/2023\/10\/291154246_1690604071293245_3118259335115946499_n-150x150.jpg\",\"caption\":\"Paul Lalevee\"},\"description\":\"La bulle Disney pendant le Covid, le Tour 2019, la Coupe du monde 2018. Ces trois \u00e9v\u00e9nements majeurs sont ancr\u00e9s dans ma t\u00eate de fan de sport, n\u00e9gativement ou positivement. Passionn\u00e9 de sport depuis l'enfance, j'ai d\u00e9cid\u00e9 de mettre ma passion de l'\u00e9criture au service de cette premi\u00e8re passion.\",\"url\":\"https:\/\/dicodusport.fr\/blog\/author\/paul-lalevee\/\"}]}<\/script>\n<!-- \/ Yoast SEO Premium plugin. -->","yoast_head_json":{"title":"NBA 2023-2024 : Les 14 Fran\u00e7ais au banc d'essai","description":"Ils seront 14 sur les parquets\u00a0am\u00e9ricains cette saison. Les Fran\u00e7ais seront de nouveau au centre des d\u00e9bats en NBA.","robots":{"index":"index","follow":"follow","max-snippet":"max-snippet:-1","max-image-preview":"max-image-preview:large","max-video-preview":"max-video-preview:-1"},"canonical":"https:\/\/dicodusport.fr\/blog\/nba-2023-2024-les-14-francais-au-banc-dessai\/","og_locale":"fr_FR","og_type":"article","og_title":"NBA 2023-2024 : Les 14 Fran\u00e7ais au banc d'essai","og_description":"Ils seront 14 sur les parquets\u00a0am\u00e9ricains cette saison. Les Fran\u00e7ais seront de nouveau au centre des d\u00e9bats en NBA.","og_url":"https:\/\/dicodusport.fr\/blog\/nba-2023-2024-les-14-francais-au-banc-dessai\/","og_site_name":"Dicodusport","article_publisher":"https:\/\/www.facebook.com\/dicodusport","article_published_time":"2023-10-17T13:11:32+00:00","article_modified_time":"2023-10-19T09:22:58+00:00","og_image":[{"width":800,"height":445,"url":"https:\/\/dicodusport.fr\/blog\/wp-content\/uploads\/2023\/10\/NBA-2023-2024-Les-14-Francais-au-banc-dessai.png","type":"image\/png"}],"author":"Paul Lalevee","twitter_card":"summary_large_image","twitter_title":"NBA 2023-2024 : Les 14 Fran\u00e7ais au banc d'essai","twitter_creator":"@dicodusport","twitter_site":"@dicodusport","schema":{"@context":"https:\/\/schema.org","@graph":[{"@type":"NewsArticle","@id":"https:\/\/dicodusport.fr\/blog\/nba-2023-2024-les-14-francais-au-banc-dessai\/#article","isPartOf":{"@id":"https:\/\/dicodusport.fr\/blog\/nba-2023-2024-les-14-francais-au-banc-dessai\/"},"author":{"name":"Paul Lalevee","@id":"https:\/\/dicodusport.fr\/blog\/#\/schema\/person\/1eaa63dfac40b5e5c47f03a71920c1cd"},"headline":"NBA 2023-2024 : Les 14 Fran\u00e7ais au banc d&rsquo;essai","datePublished":"2023-10-17T13:11:32+00:00","dateModified":"2023-10-19T09:22:58+00:00","mainEntityOfPage":{"@id":"https:\/\/dicodusport.fr\/blog\/nba-2023-2024-les-14-francais-au-banc-dessai\/"},"wordCount":2085,"commentCount":0,"publisher":{"@id":"https:\/\/dicodusport.fr\/blog\/#organization"},"image":{"@id":"https:\/\/dicodusport.fr\/blog\/nba-2023-2024-les-14-francais-au-banc-dessai\/#primaryimage"},"thumbnailUrl":"https:\/\/dicodusport.fr\/blog\/wp-content\/uploads\/2023\/10\/NBA-2023-2024-Les-14-Francais-au-banc-dessai.png","keywords":["br\u00e8ve","Fran\u00e7ais NBA","NBA","Rudy Gobert","Victor Wembanyama"],"articleSection":["NBA"],"inLanguage":"fr-FR","potentialAction":[{"@type":"CommentAction","name":"Comment","target":["https:\/\/dicodusport.fr\/blog\/nba-2023-2024-les-14-francais-au-banc-dessai\/#respond"]}],"copyrightYear":"2023","copyrightHolder":{"@id":"https:\/\/dicodusport.fr\/blog\/#organization"}},{"@type":"WebPage","@id":"https:\/\/dicodusport.fr\/blog\/nba-2023-2024-les-14-francais-au-banc-dessai\/","url":"https:\/\/dicodusport.fr\/blog\/nba-2023-2024-les-14-francais-au-banc-dessai\/","name":"NBA 2023-2024 : Les 14 Fran\u00e7ais au banc d'essai","isPartOf":{"@id":"https:\/\/dicodusport.fr\/blog\/#website"},"primaryImageOfPage":{"@id":"https:\/\/dicodusport.fr\/blog\/nba-2023-2024-les-14-francais-au-banc-dessai\/#primaryimage"},"image":{"@id":"https:\/\/dicodusport.fr\/blog\/nba-2023-2024-les-14-francais-au-banc-dessai\/#primaryimage"},"thumbnailUrl":"https:\/\/dicodusport.fr\/blog\/wp-content\/uploads\/2023\/10\/NBA-2023-2024-Les-14-Francais-au-banc-dessai.png","datePublished":"2023-10-17T13:11:32+00:00","dateModified":"2023-10-19T09:22:58+00:00","description":"Ils seront 14 sur les parquets\u00a0am\u00e9ricains cette saison. Les Fran\u00e7ais seront de nouveau au centre des d\u00e9bats en NBA.","breadcrumb":{"@id":"https:\/\/dicodusport.fr\/blog\/nba-2023-2024-les-14-francais-au-banc-dessai\/#breadcrumb"},"inLanguage":"fr-FR","potentialAction":[{"@type":"ReadAction","target":["https:\/\/dicodusport.fr\/blog\/nba-2023-2024-les-14-francais-au-banc-dessai\/"]}]},{"@type":"ImageObject","inLanguage":"fr-FR","@id":"https:\/\/dicodusport.fr\/blog\/nba-2023-2024-les-14-francais-au-banc-dessai\/#primaryimage","url":"https:\/\/dicodusport.fr\/blog\/wp-content\/uploads\/2023\/10\/NBA-2023-2024-Les-14-Francais-au-banc-dessai.png","contentUrl":"https:\/\/dicodusport.fr\/blog\/wp-content\/uploads\/2023\/10\/NBA-2023-2024-Les-14-Francais-au-banc-dessai.png","width":800,"height":445,"caption":"NBA 2023-2024 Les 14 Fran\u00e7ais au banc d'essai"},{"@type":"BreadcrumbList","@id":"https:\/\/dicodusport.fr\/blog\/nba-2023-2024-les-14-francais-au-banc-dessai\/#breadcrumb","itemListElement":[{"@type":"ListItem","position":1,"name":"Accueil","item":"https:\/\/dicodusport.fr\/blog\/"},{"@type":"ListItem","position":2,"name":"NBA 2023-2024 : Les 14 Fran\u00e7ais au banc d&rsquo;essai"}]},{"@type":"WebSite","@id":"https:\/\/dicodusport.fr\/blog\/#website","url":"https:\/\/dicodusport.fr\/blog\/","name":"Dicodusport","description":"L&#039;encyclop\u00e9die de l&#039;actualit\u00e9 sportive","publisher":{"@id":"https:\/\/dicodusport.fr\/blog\/#organization"},"potentialAction":[{"@type":"SearchAction","target":{"@type":"EntryPoint","urlTemplate":"https:\/\/dicodusport.fr\/blog\/?s={search_term_string}"},"query-input":{"@type":"PropertyValueSpecification","valueRequired":true,"valueName":"search_term_string"}}],"inLanguage":"fr-FR"},{"@type":"NewsMediaOrganization","@id":"https:\/\/dicodusport.fr\/blog\/#organization","name":"Dicodusport","url":"https:\/\/dicodusport.fr\/blog\/","logo":{"@type":"ImageObject","inLanguage":"fr-FR","@id":"https:\/\/dicodusport.fr\/blog\/#\/schema\/logo\/image\/","url":"https:\/\/dicodusport.fr\/blog\/wp-content\/uploads\/2020\/06\/cropped-LOGO-DICODUSPORT-2020-SANS-FOND-SANS-TEXTE.png","contentUrl":"https:\/\/dicodusport.fr\/blog\/wp-content\/uploads\/2020\/06\/cropped-LOGO-DICODUSPORT-2020-SANS-FOND-SANS-TEXTE.png","width":512,"height":512,"caption":"Dicodusport"},"image":{"@id":"https:\/\/dicodusport.fr\/blog\/#\/schema\/logo\/image\/"},"sameAs":["https:\/\/www.facebook.com\/dicodusport","https:\/\/x.com\/dicodusport","https:\/\/www.instagram.com\/dicodusport\/","https:\/\/www.youtube.com\/channel\/UC7V2KZ5sd3htJivAbA4ZG3w"],"description":"Dicodusport est l'encyclop\u00e9die de l'actualit\u00e9 sportive.","email":"bonjour@dicodusport.fr","legalName":"DICODUSPORT","foundingDate":"2018-01-14","vatID":"FR71834470973","taxID":"83447097300043","numberOfEmployees":{"@type":"QuantitativeValue","minValue":"1","maxValue":"10"}},{"@type":"Person","@id":"https:\/\/dicodusport.fr\/blog\/#\/schema\/person\/1eaa63dfac40b5e5c47f03a71920c1cd","name":"Paul Lalevee","image":{"@type":"ImageObject","inLanguage":"fr-FR","@id":"https:\/\/dicodusport.fr\/blog\/#\/schema\/person\/image\/","url":"https:\/\/dicodusport.fr\/blog\/wp-content\/uploads\/2023\/10\/291154246_1690604071293245_3118259335115946499_n-150x150.jpg","contentUrl":"https:\/\/dicodusport.fr\/blog\/wp-content\/uploads\/2023\/10\/291154246_1690604071293245_3118259335115946499_n-150x150.jpg","caption":"Paul Lalevee"},"description":"La bulle Disney pendant le Covid, le Tour 2019, la Coupe du monde 2018. Ces trois \u00e9v\u00e9nements majeurs sont ancr\u00e9s dans ma t\u00eate de fan de sport, n\u00e9gativement ou positivement. Passionn\u00e9 de sport depuis l'enfance, j'ai d\u00e9cid\u00e9 de mettre ma passion de l'\u00e9criture au service de cette premi\u00e8re passion.","url":"https:\/\/dicodusport.fr\/blog\/author\/paul-lalevee\/"}]}},"_links":{"self":[{"href":"https:\/\/dicodusport.fr\/blog\/wp-json\/wp\/v2\/posts\/426320","targetHints":{"allow":["GET"]}}],"collection":[{"href":"https:\/\/dicodusport.fr\/blog\/wp-json\/wp\/v2\/posts"}],"about":[{"href":"https:\/\/dicodusport.fr\/blog\/wp-json\/wp\/v2\/types\/post"}],"author":[{"embeddable":true,"href":"https:\/\/dicodusport.fr\/blog\/wp-json\/wp\/v2\/users\/88"}],"replies":[{"embeddable":true,"href":"https:\/\/dicodusport.fr\/blog\/wp-json\/wp\/v2\/comments?post=426320"}],"version-history":[{"count":0,"href":"https:\/\/dicodusport.fr\/blog\/wp-json\/wp\/v2\/posts\/426320\/revisions"}],"wp:featuredmedia":[{"embeddable":true,"href":"https:\/\/dicodusport.fr\/blog\/wp-json\/wp\/v2\/media\/429943"}],"wp:attachment":[{"href":"https:\/\/dicodusport.fr\/blog\/wp-json\/wp\/v2\/media?parent=426320"}],"wp:term":[{"taxonomy":"category","embeddable":true,"href":"https:\/\/dicodusport.fr\/blog\/wp-json\/wp\/v2\/categories?post=426320"},{"taxonomy":"post_tag","embeddable":true,"href":"https:\/\/dicodusport.fr\/blog\/wp-json\/wp\/v2\/tags?post=426320"}],"curies":[{"name":"wp","href":"https:\/\/api.w.org\/{rel}","templated":true}]}}