{"id":42651,"date":"2019-07-07T10:50:29","date_gmt":"2019-07-07T08:50:29","guid":{"rendered":"http:\/\/dicodusport.fr\/blog\/?p=42651"},"modified":"2019-08-01T13:23:55","modified_gmt":"2019-08-01T11:23:55","slug":"wts-hambourg-la-france-conserve-son-titre-mondial-en-relais-mixte","status":"publish","type":"post","link":"https:\/\/dicodusport.fr\/blog\/wts-hambourg-la-france-conserve-son-titre-mondial-en-relais-mixte\/","title":{"rendered":"WTS Hambourg : la France conserve son titre mondial en relais mixte"},"content":{"rendered":"<p style=\"text-align: justify;\"><strong><em>WTS Hambourg &#8211; Sacr\u00e9e l&rsquo;an dernier, l&rsquo;\u00e9quipe de France de triathlon a conserv\u00e9 son titre mondial en relais mixte ce dimanche \u00e0 Hambourg. La France a devanc\u00e9 l&rsquo;Allemagne et l&rsquo;Australie.<br \/>\n<\/em><\/strong><\/p>\n<p style=\"text-align: justify;\">Quelle performance d&rsquo;<strong>Emilie Morier<\/strong>, <strong>L\u00e9o Berg\u00e8re<\/strong>, <strong>Cassandre Beaugrand<\/strong> et <strong>Vincent Luis<\/strong> ! Les Tricolores ont une nouvelle fois \u00e9t\u00e9 fantastiques ce dimanche \u00e0 Hambourg, lors du championnat du monde en relais mixte, en conservant leur titre mondial acquis l&rsquo;an dernier. <strong>\u00c9milie Morier<\/strong>, qui succ\u00e9dait \u00e0 <strong>L\u00e9onie P\u00e9riault<\/strong> en position de premi\u00e8re relayeuse, donnait le relais \u00e0 <strong>L\u00e9o Berg\u00e8re<\/strong> dans le groupe de t\u00eate. Ce dernier, auteur d&rsquo;une course \u00e0 pied o\u00f9 il aura fait \u00e9clater le groupe des leaders, mettait sur orbite une <strong>Cassandre Beaugrand<\/strong> toujours aussi forte sur les 1,5 km de course \u00e0 pied.<\/p>\n<p style=\"text-align: justify;\">La native de Livry-Gargan, deuxi\u00e8me en individuel ce samedi, lan\u00e7ait <strong>Vincent Luis<\/strong> seul en t\u00eate. <a href=\"https:\/\/dicodusport.fr\/blog\/wts-hambourg-jacob-birtwhistle-coiffe-vincent-luis-au-finish\/\" target=\"_blank\" rel=\"noopener\">Le Vesoulien, \u00e9galement deuxi\u00e8me ce samedi<\/a>, ressortait de la natation en compagnie de l&rsquo;Allemand <strong>Justus Nieschlag<\/strong>. Le num\u00e9ro un mondial r\u00e9alisait une course \u00e0 pied parfaite pour apporter \u00e0 l&rsquo;\u00e9quipe de France une deuxi\u00e8me couronne mondiale cons\u00e9cutive, la troisi\u00e8me apr\u00e8s celle obtenue en 2015. Le pays h\u00f4te, l&rsquo;Allemagne, prend donc la deuxi\u00e8me place, devant l&rsquo;Australie de <strong>Jacob Birtwhistle<\/strong>.<\/p>\n<blockquote class=\"twitter-tweet\" data-lang=\"fr\">\n<p dir=\"ltr\" lang=\"en\"><a href=\"https:\/\/twitter.com\/hashtag\/TeamFRA?src=hash&amp;ref_src=twsrc%5Etfw\">#TeamFRA<\/a> &#x1f1eb;&#x1f1f7; show their strength to defend the title &amp; WIN 2019 <a href=\"https:\/\/twitter.com\/hashtag\/TriMixedRelay?src=hash&amp;ref_src=twsrc%5Etfw\">#TriMixedRelay<\/a> in <a href=\"https:\/\/twitter.com\/hashtag\/WTSHamburg?src=hash&amp;ref_src=twsrc%5Etfw\">#WTSHamburg<\/a><br \/>\nBrilliant performances by Emilie Morier | <a href=\"https:\/\/twitter.com\/LeoBergere?ref_src=twsrc%5Etfw\">@LeoBergere<\/a> | @cassandrebeaugrand | <a href=\"https:\/\/twitter.com\/vincentluistri?ref_src=twsrc%5Etfw\">@vincentluistri<\/a> <a href=\"https:\/\/twitter.com\/FFTRI?ref_src=twsrc%5Etfw\">@FFTRI<\/a><br \/>\n&#x1f4f7; <a href=\"https:\/\/twitter.com\/bensnapsstuff?ref_src=twsrc%5Etfw\">@bensnapsstuff<\/a><br \/>\n&#x1f4fa; <a href=\"https:\/\/t.co\/dToUk2NP1E\">https:\/\/t.co\/dToUk2NP1E<\/a><br \/>\n&#x1f948; <a href=\"https:\/\/twitter.com\/germantriathlon?ref_src=twsrc%5Etfw\">@germantriathlon<\/a><br \/>\n&#x1f949; <a href=\"https:\/\/twitter.com\/TriAustralia?ref_src=twsrc%5Etfw\">@TriAustralia<\/a> <a href=\"https:\/\/t.co\/0W0avEKh2D\">pic.twitter.com\/0W0avEKh2D<\/a><\/p>\n<p>\u2014 World Triathlon (@worldtriathlon) <a href=\"https:\/\/twitter.com\/worldtriathlon\/status\/1147795527574142977?ref_src=twsrc%5Etfw\">7 juillet 2019<\/a><\/p><\/blockquote>\n<p><script async src=\"https:\/\/platform.twitter.com\/widgets.js\" charset=\"utf-8\"><\/script><\/p>\n<p><strong><em>Dicodusport<br \/>\n<a href=\"https:\/\/www.facebook.com\/dicodusport\/\" target=\"_blank\" rel=\"noopener\"><img loading=\"lazy\" decoding=\"async\" class=\"alignnone wp-image-2909\" src=\"http:\/\/dicodusport.fr\/blog\/wp-content\/uploads\/2017\/07\/logo-facebook-150x150.png\" alt=\"\" width=\"40\" height=\"40\" \/><\/a><a href=\"https:\/\/twitter.com\/dicodusport\" target=\"_blank\" rel=\"noopener\"><img loading=\"lazy\" decoding=\"async\" class=\"alignnone wp-image-2908\" src=\"http:\/\/dicodusport.fr\/blog\/wp-content\/uploads\/2017\/07\/logo-twitter-150x150.png\" alt=\"\" width=\"39\" height=\"39\" \/><\/a><\/em><\/strong><\/p>\n","protected":false},"excerpt":{"rendered":"<p>WTS Hambourg &#8211; Sacr\u00e9e l&rsquo;an dernier, l&rsquo;\u00e9quipe de France de triathlon a conserv\u00e9 son titre mondial en relais mixte ce dimanche \u00e0 Hambourg. La France a devanc\u00e9 l&rsquo;Allemagne.<\/p>\n","protected":false},"author":4,"featured_media":39537,"comment_status":"open","ping_status":"closed","sticky":false,"template":"","format":"standard","meta":{"_acf_changed":false,"_daextam_enable_autolinks":"","footnotes":""},"categories":[2,8303],"tags":[3877,589,5489,8247],"class_list":["post-42651","post","type-post","status-publish","format-standard","has-post-thumbnail","hentry","category-actualites","category-triathlon","tag-relais-mixte","tag-triathlon","tag-wts","tag-wts-hambourg"],"acf":[],"yoast_head":"<!-- This site is optimized with the Yoast SEO Premium plugin v26.7 (Yoast SEO v26.7) - https:\/\/yoast.com\/wordpress\/plugins\/seo\/ -->\n<title>WTS Hambourg : la France conserve son titre mondial en relais mixte<\/title>\n<meta name=\"description\" content=\"WTS Hambourg - Sacr\u00e9e l&#039;an dernier, l&#039;\u00e9quipe de France de triathlon a conserv\u00e9 son titre mondial en relais mixte ce dimanche \u00e0 Hambourg.\" \/>\n<meta name=\"robots\" content=\"index, follow, max-snippet:-1, max-image-preview:large, max-video-preview:-1\" \/>\n<link rel=\"canonical\" href=\"https:\/\/dicodusport.fr\/blog\/wts-hambourg-la-france-conserve-son-titre-mondial-en-relais-mixte\/\" \/>\n<meta property=\"og:locale\" content=\"fr_FR\" \/>\n<meta property=\"og:type\" content=\"article\" \/>\n<meta property=\"og:title\" content=\"WTS Hambourg : la France conserve son titre mondial en relais mixte\" \/>\n<meta property=\"og:description\" content=\"WTS Hambourg - Sacr\u00e9e l&#039;an dernier, l&#039;\u00e9quipe de France de triathlon a conserv\u00e9 son titre mondial en relais mixte ce dimanche \u00e0 Hambourg.\" \/>\n<meta property=\"og:url\" content=\"https:\/\/dicodusport.fr\/blog\/wts-hambourg-la-france-conserve-son-titre-mondial-en-relais-mixte\/\" \/>\n<meta property=\"og:site_name\" content=\"Dicodusport\" \/>\n<meta property=\"article:publisher\" content=\"https:\/\/www.facebook.com\/dicodusport\" \/>\n<meta property=\"article:author\" content=\"https:\/\/www.facebook.com\/florent.ostermann\" \/>\n<meta property=\"article:published_time\" content=\"2019-07-07T08:50:29+00:00\" \/>\n<meta property=\"article:modified_time\" content=\"2019-08-01T11:23:55+00:00\" \/>\n<meta property=\"og:image\" content=\"https:\/\/dicodusport.fr\/blog\/wp-content\/uploads\/2019\/05\/Vincent-Luis-Yokohama.png\" \/>\n\t<meta property=\"og:image:width\" content=\"800\" \/>\n\t<meta property=\"og:image:height\" content=\"445\" \/>\n\t<meta property=\"og:image:type\" content=\"image\/png\" \/>\n<meta name=\"author\" content=\"Flo Ostermann\" \/>\n<meta name=\"twitter:card\" content=\"summary_large_image\" \/>\n<meta name=\"twitter:title\" content=\"WTS Hambourg : la France conserve son titre mondial en relais mixte\" \/>\n<meta name=\"twitter:creator\" content=\"@https:\/\/twitter.com\/FlOstermann\" \/>\n<meta name=\"twitter:site\" content=\"@dicodusport\" \/>\n<script type=\"application\/ld+json\" class=\"yoast-schema-graph\">{\"@context\":\"https:\/\/schema.org\",\"@graph\":[{\"@type\":\"NewsArticle\",\"@id\":\"https:\/\/dicodusport.fr\/blog\/wts-hambourg-la-france-conserve-son-titre-mondial-en-relais-mixte\/#article\",\"isPartOf\":{\"@id\":\"https:\/\/dicodusport.fr\/blog\/wts-hambourg-la-france-conserve-son-titre-mondial-en-relais-mixte\/\"},\"author\":{\"name\":\"Flo Ostermann\",\"@id\":\"https:\/\/dicodusport.fr\/blog\/#\/schema\/person\/cb02af4c173ce4a653b55e9baf388d4a\"},\"headline\":\"WTS Hambourg : la France conserve son titre mondial en relais mixte\",\"datePublished\":\"2019-07-07T08:50:29+00:00\",\"dateModified\":\"2019-08-01T11:23:55+00:00\",\"mainEntityOfPage\":{\"@id\":\"https:\/\/dicodusport.fr\/blog\/wts-hambourg-la-france-conserve-son-titre-mondial-en-relais-mixte\/\"},\"wordCount\":290,\"commentCount\":0,\"publisher\":{\"@id\":\"https:\/\/dicodusport.fr\/blog\/#organization\"},\"image\":{\"@id\":\"https:\/\/dicodusport.fr\/blog\/wts-hambourg-la-france-conserve-son-titre-mondial-en-relais-mixte\/#primaryimage\"},\"thumbnailUrl\":\"https:\/\/dicodusport.fr\/blog\/wp-content\/uploads\/2019\/05\/Vincent-Luis-Yokohama.png\",\"keywords\":[\"Relais Mixte\",\"triathlon\",\"WTS\",\"WTS Hambourg\"],\"articleSection\":[\"Actualit\u00e9s\",\"Triathlon\"],\"inLanguage\":\"fr-FR\",\"potentialAction\":[{\"@type\":\"CommentAction\",\"name\":\"Comment\",\"target\":[\"https:\/\/dicodusport.fr\/blog\/wts-hambourg-la-france-conserve-son-titre-mondial-en-relais-mixte\/#respond\"]}],\"copyrightYear\":\"2019\",\"copyrightHolder\":{\"@id\":\"https:\/\/dicodusport.fr\/blog\/#organization\"}},{\"@type\":\"WebPage\",\"@id\":\"https:\/\/dicodusport.fr\/blog\/wts-hambourg-la-france-conserve-son-titre-mondial-en-relais-mixte\/\",\"url\":\"https:\/\/dicodusport.fr\/blog\/wts-hambourg-la-france-conserve-son-titre-mondial-en-relais-mixte\/\",\"name\":\"WTS Hambourg : la France conserve son titre mondial en relais mixte\",\"isPartOf\":{\"@id\":\"https:\/\/dicodusport.fr\/blog\/#website\"},\"primaryImageOfPage\":{\"@id\":\"https:\/\/dicodusport.fr\/blog\/wts-hambourg-la-france-conserve-son-titre-mondial-en-relais-mixte\/#primaryimage\"},\"image\":{\"@id\":\"https:\/\/dicodusport.fr\/blog\/wts-hambourg-la-france-conserve-son-titre-mondial-en-relais-mixte\/#primaryimage\"},\"thumbnailUrl\":\"https:\/\/dicodusport.fr\/blog\/wp-content\/uploads\/2019\/05\/Vincent-Luis-Yokohama.png\",\"datePublished\":\"2019-07-07T08:50:29+00:00\",\"dateModified\":\"2019-08-01T11:23:55+00:00\",\"description\":\"WTS Hambourg - Sacr\u00e9e l'an dernier, l'\u00e9quipe de France de triathlon a conserv\u00e9 son titre mondial en relais mixte ce dimanche \u00e0 Hambourg.\",\"breadcrumb\":{\"@id\":\"https:\/\/dicodusport.fr\/blog\/wts-hambourg-la-france-conserve-son-titre-mondial-en-relais-mixte\/#breadcrumb\"},\"inLanguage\":\"fr-FR\",\"potentialAction\":[{\"@type\":\"ReadAction\",\"target\":[\"https:\/\/dicodusport.fr\/blog\/wts-hambourg-la-france-conserve-son-titre-mondial-en-relais-mixte\/\"]}]},{\"@type\":\"ImageObject\",\"inLanguage\":\"fr-FR\",\"@id\":\"https:\/\/dicodusport.fr\/blog\/wts-hambourg-la-france-conserve-son-titre-mondial-en-relais-mixte\/#primaryimage\",\"url\":\"https:\/\/dicodusport.fr\/blog\/wp-content\/uploads\/2019\/05\/Vincent-Luis-Yokohama.png\",\"contentUrl\":\"https:\/\/dicodusport.fr\/blog\/wp-content\/uploads\/2019\/05\/Vincent-Luis-Yokohama.png\",\"width\":800,\"height\":445,\"caption\":\"Triathlon - Championnats du monde 2020 : la startlist de la course hommes\"},{\"@type\":\"BreadcrumbList\",\"@id\":\"https:\/\/dicodusport.fr\/blog\/wts-hambourg-la-france-conserve-son-titre-mondial-en-relais-mixte\/#breadcrumb\",\"itemListElement\":[{\"@type\":\"ListItem\",\"position\":1,\"name\":\"Accueil\",\"item\":\"https:\/\/dicodusport.fr\/blog\/\"},{\"@type\":\"ListItem\",\"position\":2,\"name\":\"WTS Hambourg : la France conserve son titre mondial en relais mixte\"}]},{\"@type\":\"WebSite\",\"@id\":\"https:\/\/dicodusport.fr\/blog\/#website\",\"url\":\"https:\/\/dicodusport.fr\/blog\/\",\"name\":\"Dicodusport\",\"description\":\"L&#039;encyclop\u00e9die de l&#039;actualit\u00e9 sportive\",\"publisher\":{\"@id\":\"https:\/\/dicodusport.fr\/blog\/#organization\"},\"potentialAction\":[{\"@type\":\"SearchAction\",\"target\":{\"@type\":\"EntryPoint\",\"urlTemplate\":\"https:\/\/dicodusport.fr\/blog\/?s={search_term_string}\"},\"query-input\":{\"@type\":\"PropertyValueSpecification\",\"valueRequired\":true,\"valueName\":\"search_term_string\"}}],\"inLanguage\":\"fr-FR\"},{\"@type\":\"NewsMediaOrganization\",\"@id\":\"https:\/\/dicodusport.fr\/blog\/#organization\",\"name\":\"Dicodusport\",\"url\":\"https:\/\/dicodusport.fr\/blog\/\",\"logo\":{\"@type\":\"ImageObject\",\"inLanguage\":\"fr-FR\",\"@id\":\"https:\/\/dicodusport.fr\/blog\/#\/schema\/logo\/image\/\",\"url\":\"https:\/\/dicodusport.fr\/blog\/wp-content\/uploads\/2020\/06\/cropped-LOGO-DICODUSPORT-2020-SANS-FOND-SANS-TEXTE.png\",\"contentUrl\":\"https:\/\/dicodusport.fr\/blog\/wp-content\/uploads\/2020\/06\/cropped-LOGO-DICODUSPORT-2020-SANS-FOND-SANS-TEXTE.png\",\"width\":512,\"height\":512,\"caption\":\"Dicodusport\"},\"image\":{\"@id\":\"https:\/\/dicodusport.fr\/blog\/#\/schema\/logo\/image\/\"},\"sameAs\":[\"https:\/\/www.facebook.com\/dicodusport\",\"https:\/\/x.com\/dicodusport\",\"https:\/\/www.instagram.com\/dicodusport\/\",\"https:\/\/www.youtube.com\/channel\/UC7V2KZ5sd3htJivAbA4ZG3w\"],\"description\":\"Dicodusport est l'encyclop\u00e9die de l'actualit\u00e9 sportive.\",\"email\":\"bonjour@dicodusport.fr\",\"legalName\":\"DICODUSPORT\",\"foundingDate\":\"2018-01-14\",\"vatID\":\"FR71834470973\",\"taxID\":\"83447097300043\",\"numberOfEmployees\":{\"@type\":\"QuantitativeValue\",\"minValue\":\"1\",\"maxValue\":\"10\"}},{\"@type\":\"Person\",\"@id\":\"https:\/\/dicodusport.fr\/blog\/#\/schema\/person\/cb02af4c173ce4a653b55e9baf388d4a\",\"name\":\"Flo Ostermann\",\"image\":{\"@type\":\"ImageObject\",\"inLanguage\":\"fr-FR\",\"@id\":\"https:\/\/dicodusport.fr\/blog\/#\/schema\/person\/image\/\",\"url\":\"https:\/\/dicodusport.fr\/blog\/wp-content\/uploads\/2021\/05\/Flo-Ostermann-150x150.jpg\",\"contentUrl\":\"https:\/\/dicodusport.fr\/blog\/wp-content\/uploads\/2021\/05\/Flo-Ostermann-150x150.jpg\",\"caption\":\"Flo Ostermann\"},\"description\":\"Journaliste\/R\u00e9dacteur depuis septembre 2015 - Mes premiers souvenirs dans le sport ? Les envol\u00e9es du Stade Toulousain et les duels Villeneuve-Schumacher et H\u00e4kkinen-Schumacher \u00e0 la fin des ann\u00e9es 90, la Coupe du monde de football en 1998, l\u2019exploit du XV de France face aux All Blacks en 1999, mais aussi Richard C\u0153ur de Lion qui vole sur les montagnes du Tour de France. Bien parti pour devenir professeur d\u2019EPS, les \u00e9v\u00e9nements de la vie (et la flemme d\u2019animer des s\u00e9ances de 3x500 m\u00e8tres toute ma vie) m\u2019ont conduit \u00e0 revoir mes plans. Me voil\u00e0 depuis fin 2017 sur Dicodusport, m\u00e9dia gr\u00e2ce (et pour) lequel je partage ma passion : le sport dans tous ses \u00e9tats. Le tout accompagn\u00e9 par les fous furieux et folles furieuses cit\u00e9s sur cette page !\",\"sameAs\":[\"https:\/\/www.facebook.com\/florent.ostermann\",\"https:\/\/x.com\/https:\/\/twitter.com\/FlOstermann\",\"admin\"],\"url\":\"https:\/\/dicodusport.fr\/blog\/author\/flo\/\"}]}<\/script>\n<!-- \/ Yoast SEO Premium plugin. -->","yoast_head_json":{"title":"WTS Hambourg : la France conserve son titre mondial en relais mixte","description":"WTS Hambourg - Sacr\u00e9e l'an dernier, l'\u00e9quipe de France de triathlon a conserv\u00e9 son titre mondial en relais mixte ce dimanche \u00e0 Hambourg.","robots":{"index":"index","follow":"follow","max-snippet":"max-snippet:-1","max-image-preview":"max-image-preview:large","max-video-preview":"max-video-preview:-1"},"canonical":"https:\/\/dicodusport.fr\/blog\/wts-hambourg-la-france-conserve-son-titre-mondial-en-relais-mixte\/","og_locale":"fr_FR","og_type":"article","og_title":"WTS Hambourg : la France conserve son titre mondial en relais mixte","og_description":"WTS Hambourg - Sacr\u00e9e l'an dernier, l'\u00e9quipe de France de triathlon a conserv\u00e9 son titre mondial en relais mixte ce dimanche \u00e0 Hambourg.","og_url":"https:\/\/dicodusport.fr\/blog\/wts-hambourg-la-france-conserve-son-titre-mondial-en-relais-mixte\/","og_site_name":"Dicodusport","article_publisher":"https:\/\/www.facebook.com\/dicodusport","article_author":"https:\/\/www.facebook.com\/florent.ostermann","article_published_time":"2019-07-07T08:50:29+00:00","article_modified_time":"2019-08-01T11:23:55+00:00","og_image":[{"width":800,"height":445,"url":"https:\/\/dicodusport.fr\/blog\/wp-content\/uploads\/2019\/05\/Vincent-Luis-Yokohama.png","type":"image\/png"}],"author":"Flo Ostermann","twitter_card":"summary_large_image","twitter_title":"WTS Hambourg : la France conserve son titre mondial en relais mixte","twitter_creator":"@https:\/\/twitter.com\/FlOstermann","twitter_site":"@dicodusport","schema":{"@context":"https:\/\/schema.org","@graph":[{"@type":"NewsArticle","@id":"https:\/\/dicodusport.fr\/blog\/wts-hambourg-la-france-conserve-son-titre-mondial-en-relais-mixte\/#article","isPartOf":{"@id":"https:\/\/dicodusport.fr\/blog\/wts-hambourg-la-france-conserve-son-titre-mondial-en-relais-mixte\/"},"author":{"name":"Flo Ostermann","@id":"https:\/\/dicodusport.fr\/blog\/#\/schema\/person\/cb02af4c173ce4a653b55e9baf388d4a"},"headline":"WTS Hambourg : la France conserve son titre mondial en relais mixte","datePublished":"2019-07-07T08:50:29+00:00","dateModified":"2019-08-01T11:23:55+00:00","mainEntityOfPage":{"@id":"https:\/\/dicodusport.fr\/blog\/wts-hambourg-la-france-conserve-son-titre-mondial-en-relais-mixte\/"},"wordCount":290,"commentCount":0,"publisher":{"@id":"https:\/\/dicodusport.fr\/blog\/#organization"},"image":{"@id":"https:\/\/dicodusport.fr\/blog\/wts-hambourg-la-france-conserve-son-titre-mondial-en-relais-mixte\/#primaryimage"},"thumbnailUrl":"https:\/\/dicodusport.fr\/blog\/wp-content\/uploads\/2019\/05\/Vincent-Luis-Yokohama.png","keywords":["Relais Mixte","triathlon","WTS","WTS Hambourg"],"articleSection":["Actualit\u00e9s","Triathlon"],"inLanguage":"fr-FR","potentialAction":[{"@type":"CommentAction","name":"Comment","target":["https:\/\/dicodusport.fr\/blog\/wts-hambourg-la-france-conserve-son-titre-mondial-en-relais-mixte\/#respond"]}],"copyrightYear":"2019","copyrightHolder":{"@id":"https:\/\/dicodusport.fr\/blog\/#organization"}},{"@type":"WebPage","@id":"https:\/\/dicodusport.fr\/blog\/wts-hambourg-la-france-conserve-son-titre-mondial-en-relais-mixte\/","url":"https:\/\/dicodusport.fr\/blog\/wts-hambourg-la-france-conserve-son-titre-mondial-en-relais-mixte\/","name":"WTS Hambourg : la France conserve son titre mondial en relais mixte","isPartOf":{"@id":"https:\/\/dicodusport.fr\/blog\/#website"},"primaryImageOfPage":{"@id":"https:\/\/dicodusport.fr\/blog\/wts-hambourg-la-france-conserve-son-titre-mondial-en-relais-mixte\/#primaryimage"},"image":{"@id":"https:\/\/dicodusport.fr\/blog\/wts-hambourg-la-france-conserve-son-titre-mondial-en-relais-mixte\/#primaryimage"},"thumbnailUrl":"https:\/\/dicodusport.fr\/blog\/wp-content\/uploads\/2019\/05\/Vincent-Luis-Yokohama.png","datePublished":"2019-07-07T08:50:29+00:00","dateModified":"2019-08-01T11:23:55+00:00","description":"WTS Hambourg - Sacr\u00e9e l'an dernier, l'\u00e9quipe de France de triathlon a conserv\u00e9 son titre mondial en relais mixte ce dimanche \u00e0 Hambourg.","breadcrumb":{"@id":"https:\/\/dicodusport.fr\/blog\/wts-hambourg-la-france-conserve-son-titre-mondial-en-relais-mixte\/#breadcrumb"},"inLanguage":"fr-FR","potentialAction":[{"@type":"ReadAction","target":["https:\/\/dicodusport.fr\/blog\/wts-hambourg-la-france-conserve-son-titre-mondial-en-relais-mixte\/"]}]},{"@type":"ImageObject","inLanguage":"fr-FR","@id":"https:\/\/dicodusport.fr\/blog\/wts-hambourg-la-france-conserve-son-titre-mondial-en-relais-mixte\/#primaryimage","url":"https:\/\/dicodusport.fr\/blog\/wp-content\/uploads\/2019\/05\/Vincent-Luis-Yokohama.png","contentUrl":"https:\/\/dicodusport.fr\/blog\/wp-content\/uploads\/2019\/05\/Vincent-Luis-Yokohama.png","width":800,"height":445,"caption":"Triathlon - Championnats du monde 2020 : la startlist de la course hommes"},{"@type":"BreadcrumbList","@id":"https:\/\/dicodusport.fr\/blog\/wts-hambourg-la-france-conserve-son-titre-mondial-en-relais-mixte\/#breadcrumb","itemListElement":[{"@type":"ListItem","position":1,"name":"Accueil","item":"https:\/\/dicodusport.fr\/blog\/"},{"@type":"ListItem","position":2,"name":"WTS Hambourg : la France conserve son titre mondial en relais mixte"}]},{"@type":"WebSite","@id":"https:\/\/dicodusport.fr\/blog\/#website","url":"https:\/\/dicodusport.fr\/blog\/","name":"Dicodusport","description":"L&#039;encyclop\u00e9die de l&#039;actualit\u00e9 sportive","publisher":{"@id":"https:\/\/dicodusport.fr\/blog\/#organization"},"potentialAction":[{"@type":"SearchAction","target":{"@type":"EntryPoint","urlTemplate":"https:\/\/dicodusport.fr\/blog\/?s={search_term_string}"},"query-input":{"@type":"PropertyValueSpecification","valueRequired":true,"valueName":"search_term_string"}}],"inLanguage":"fr-FR"},{"@type":"NewsMediaOrganization","@id":"https:\/\/dicodusport.fr\/blog\/#organization","name":"Dicodusport","url":"https:\/\/dicodusport.fr\/blog\/","logo":{"@type":"ImageObject","inLanguage":"fr-FR","@id":"https:\/\/dicodusport.fr\/blog\/#\/schema\/logo\/image\/","url":"https:\/\/dicodusport.fr\/blog\/wp-content\/uploads\/2020\/06\/cropped-LOGO-DICODUSPORT-2020-SANS-FOND-SANS-TEXTE.png","contentUrl":"https:\/\/dicodusport.fr\/blog\/wp-content\/uploads\/2020\/06\/cropped-LOGO-DICODUSPORT-2020-SANS-FOND-SANS-TEXTE.png","width":512,"height":512,"caption":"Dicodusport"},"image":{"@id":"https:\/\/dicodusport.fr\/blog\/#\/schema\/logo\/image\/"},"sameAs":["https:\/\/www.facebook.com\/dicodusport","https:\/\/x.com\/dicodusport","https:\/\/www.instagram.com\/dicodusport\/","https:\/\/www.youtube.com\/channel\/UC7V2KZ5sd3htJivAbA4ZG3w"],"description":"Dicodusport est l'encyclop\u00e9die de l'actualit\u00e9 sportive.","email":"bonjour@dicodusport.fr","legalName":"DICODUSPORT","foundingDate":"2018-01-14","vatID":"FR71834470973","taxID":"83447097300043","numberOfEmployees":{"@type":"QuantitativeValue","minValue":"1","maxValue":"10"}},{"@type":"Person","@id":"https:\/\/dicodusport.fr\/blog\/#\/schema\/person\/cb02af4c173ce4a653b55e9baf388d4a","name":"Flo Ostermann","image":{"@type":"ImageObject","inLanguage":"fr-FR","@id":"https:\/\/dicodusport.fr\/blog\/#\/schema\/person\/image\/","url":"https:\/\/dicodusport.fr\/blog\/wp-content\/uploads\/2021\/05\/Flo-Ostermann-150x150.jpg","contentUrl":"https:\/\/dicodusport.fr\/blog\/wp-content\/uploads\/2021\/05\/Flo-Ostermann-150x150.jpg","caption":"Flo Ostermann"},"description":"Journaliste\/R\u00e9dacteur depuis septembre 2015 - Mes premiers souvenirs dans le sport ? Les envol\u00e9es du Stade Toulousain et les duels Villeneuve-Schumacher et H\u00e4kkinen-Schumacher \u00e0 la fin des ann\u00e9es 90, la Coupe du monde de football en 1998, l\u2019exploit du XV de France face aux All Blacks en 1999, mais aussi Richard C\u0153ur de Lion qui vole sur les montagnes du Tour de France. Bien parti pour devenir professeur d\u2019EPS, les \u00e9v\u00e9nements de la vie (et la flemme d\u2019animer des s\u00e9ances de 3x500 m\u00e8tres toute ma vie) m\u2019ont conduit \u00e0 revoir mes plans. Me voil\u00e0 depuis fin 2017 sur Dicodusport, m\u00e9dia gr\u00e2ce (et pour) lequel je partage ma passion : le sport dans tous ses \u00e9tats. Le tout accompagn\u00e9 par les fous furieux et folles furieuses cit\u00e9s sur cette page !","sameAs":["https:\/\/www.facebook.com\/florent.ostermann","https:\/\/x.com\/https:\/\/twitter.com\/FlOstermann","admin"],"url":"https:\/\/dicodusport.fr\/blog\/author\/flo\/"}]}},"_links":{"self":[{"href":"https:\/\/dicodusport.fr\/blog\/wp-json\/wp\/v2\/posts\/42651","targetHints":{"allow":["GET"]}}],"collection":[{"href":"https:\/\/dicodusport.fr\/blog\/wp-json\/wp\/v2\/posts"}],"about":[{"href":"https:\/\/dicodusport.fr\/blog\/wp-json\/wp\/v2\/types\/post"}],"author":[{"embeddable":true,"href":"https:\/\/dicodusport.fr\/blog\/wp-json\/wp\/v2\/users\/4"}],"replies":[{"embeddable":true,"href":"https:\/\/dicodusport.fr\/blog\/wp-json\/wp\/v2\/comments?post=42651"}],"version-history":[{"count":0,"href":"https:\/\/dicodusport.fr\/blog\/wp-json\/wp\/v2\/posts\/42651\/revisions"}],"wp:featuredmedia":[{"embeddable":true,"href":"https:\/\/dicodusport.fr\/blog\/wp-json\/wp\/v2\/media\/39537"}],"wp:attachment":[{"href":"https:\/\/dicodusport.fr\/blog\/wp-json\/wp\/v2\/media?parent=42651"}],"wp:term":[{"taxonomy":"category","embeddable":true,"href":"https:\/\/dicodusport.fr\/blog\/wp-json\/wp\/v2\/categories?post=42651"},{"taxonomy":"post_tag","embeddable":true,"href":"https:\/\/dicodusport.fr\/blog\/wp-json\/wp\/v2\/tags?post=42651"}],"curies":[{"name":"wp","href":"https:\/\/api.w.org\/{rel}","templated":true}]}}