{"id":426622,"date":"2023-10-07T10:00:10","date_gmt":"2023-10-07T08:00:10","guid":{"rendered":"https:\/\/dicodusport.fr\/blog\/?p=426622"},"modified":"2023-10-09T12:47:17","modified_gmt":"2023-10-09T10:47:17","slug":"thibaut-pinot-un-romantique-du-cyclisme-merci-pour-tout","status":"publish","type":"post","link":"https:\/\/dicodusport.fr\/blog\/thibaut-pinot-un-romantique-du-cyclisme-merci-pour-tout\/","title":{"rendered":"Thibaut Pinot, un romantique du cyclisme : merci pour tout !"},"content":{"rendered":"<p align=\"justify\"><strong><i>CYCLISME &#8211; Des \u00e9motions comme peu de coureurs peuvent procurer. Thibaut Pinot est de\u00a0cette trempe. De son\u00a0premier succ\u00e8s sur le Tour en 2012 aux \u00e9chapp\u00e9es sur les routes fran\u00e7aises 11 ans plus tard, le grimpeur de M\u00e9lisey aura fait r\u00eaver les Fran\u00e7ais.<\/i><\/strong><\/p>\n<ul>\n<li style=\"text-align: justify;\"><strong>\u00c0 lire aussi &#8211; <a href=\"https:\/\/dicodusport.fr\/blog\/thibaut-pinot-la-force-du-sport-ce-nest-pas-la-victoire\/\">Thibaut Pinot : \u00ab La force du sport, ce n\u2019est pas la victoire \u00bb<\/a><\/strong><\/li>\n<\/ul>\n<p style=\"text-align: justify;\" align=\"justify\">Apr\u00e8s 13 ans de carri\u00e8re professionnelle, <strong>Thibaut Pinot<\/strong>, tu as d\u00e9cid\u00e9 de mettre pied \u00e0 terre d\u00e9finitivement, ce samedi, apr\u00e8s le Tour de Lombardie. Une course que tu as d\u00e9j\u00e0 remport\u00e9e, en 2018, au nez et \u00e0 la barbe du tenant du titre Vincenzo Nibali. Ce jour-l\u00e0, dans le Civiglio, tu nous as fait r\u00eaver Thibaut. En l\u00e2chant l&rsquo;un des tout meilleurs coureurs de notre g\u00e9n\u00e9ration, tu as remport\u00e9 ton Monument. Et c&rsquo;est ce que tu repr\u00e9sentes pour nous, suiveurs du cyclisme : un Monument. Tu ne te consid\u00e8res pas comme un champion, pourtant, tu l&rsquo;es. Juste, <strong>MERCI<\/strong>.<\/p>\n<h2 style=\"text-align: justify;\" align=\"justify\">Un corps m\u00e9chant<\/h2>\n<p style=\"text-align: justify;\" align=\"justify\">Alors oui, ton corps ne t&rsquo;a jamais laiss\u00e9 tranquille. \u00c0 l&rsquo;aube de tes plus grands succ\u00e8s, <a href=\"https:\/\/dicodusport.fr\/blog\/thibaut-pinot-mon-seul-ennemi-cest-moi-cest-ma-fragilite\/\">il t&rsquo;a rattrap\u00e9<\/a>. Comme pour t&#8217;emp\u00eacher d&rsquo;accomplir tes r\u00eaves les plus fous, nos r\u00eaves les plus fous. En cet \u00e9t\u00e9 2019, tous les Fran\u00e7ais se sont mis \u00e0 r\u00eaver d&rsquo;un Pinot en jaune \u00e0 Paris. Tu \u00e9tais le plus fort au Tourmalet, le plus fort au Prat d&rsquo;Albis. Il ne restait plus que quelques \u00e9tapes. Mais une blessure musculaire a r\u00e9duit \u00e0 n\u00e9ant tous les sc\u00e9narios et fait pleurer de nombreux Fran\u00e7ais.<\/p>\n<p style=\"text-align: justify;\" align=\"justify\">Toi-m\u00eame, en te confiant cette ann\u00e9e sur <em><a href=\"https:\/\/rmcsport.bfmtv.com\/cyclisme\/retraite-tour-de-france-apres-carriere-l-interview-integrale-de-pinot-dans-bartoli-time_AV-202301150330.html\">RMC<\/a><\/em>, tu faisais le bilan r\u00e9aliste de ton corps. \u00ab <em>J\u2019avais le potentiel pour faire beaucoup mieux, mais malheureusement, dans le v\u00e9lo, il n\u2019y a pas que \u00e7a qui compte. J\u2019ai eu un syst\u00e8me immunitaire qui \u00e9tait tr\u00e8s mauvais pour faire la carri\u00e8re que j\u2019aurais peut-\u00eatre pu faire. Il m\u2019a souvent trahi dans les moments importants, mais c\u2019est comme \u00e7a, \u00e7a fait partie de ma fragilit\u00e9 et j\u2019ai su vivre avec \u00bb<\/em>. Mais finalement, n&rsquo;est-ce pas cette fragilit\u00e9 qui a conquis le c\u0153ur de tes fans ?<\/p>\n<blockquote class=\"twitter-tweet\">\n<p dir=\"ltr\" lang=\"fr\">\ud83d\udde3\ufe0f <a href=\"https:\/\/twitter.com\/hashtag\/TLS?src=hash&amp;ref_src=twsrc%5Etfw\">#TLS<\/a> | \u00a0\u00bb Il a toujours su se relever, c&rsquo;est un grand champion \u00a0\u00bb \ud83e\udd47<\/p>\n<p>\ud83d\udeb4 Ce samedi, Thibaut Pinot disputera le Tour de Lombardie, sa derni\u00e8re course professionnelle, les fans du cycliste pourront lui rendre un dernier hommage dans un virage avant l&rsquo;arriv\u00e9e de ce Monument \u2b50 <a href=\"https:\/\/t.co\/cWDvA0D5LZ\">pic.twitter.com\/cWDvA0D5LZ<\/a><\/p>\n<p>\u2014 francetvsport (@francetvsport) <a href=\"https:\/\/twitter.com\/francetvsport\/status\/1710018324296282136?ref_src=twsrc%5Etfw\">October 5, 2023<\/a><\/p><\/blockquote>\n<p><script src=\"https:\/\/platform.twitter.com\/widgets.js\" async=\"\" charset=\"utf-8\"><\/script><\/p>\n<h2>Un coureur plein d&rsquo;espoir(s)<\/h2>\n<p style=\"text-align: justify;\">En 2009, tu remportes le Tour de la Vall\u00e9e d&rsquo;Aoste. Pour un grimpeur comme toi, c&rsquo;est le summum chez les jeunes. Je te qualifie de grimpeur, tout comme ton manager sportif de toujours, <strong>Marc Madiot<\/strong> : <em>\u00ab<\/em> <i>Quand il est arriv\u00e9, c&rsquo;\u00e9tait un jeune coureur avec du talent pour la montagne et qui avait envie de faire du v\u00e9lo sans trop se poser de question, juste pour le plaisir de p\u00e9daler. C&rsquo;\u00e9tait un peu \u00e7a, Pinot. (&#8230;) Il \u00e9tait ambitieux jusqu&rsquo;\u00e0 un certain point, jusqu&rsquo;au moment o\u00f9 \u00e7a l&#8217;emmerde de l&rsquo;avoir les contraintes \u00e0 c\u00f4t\u00e9 \u00bb<\/i>, quand il parlait de toi chez <a href=\"https:\/\/www.eurosport.fr\/cyclisme\/tour-de-lombardie\/2023\/marc-madiot-pinot-etait-ambitieux-jusqu-au-moment-ou-ca-l-emmerdait-d-avoir-les-contraintes_sto9823686\/story.shtml\">Eurosport<\/a>, il\u00a0y a quelques jours.<\/p>\n<p style=\"text-align: justify;\">L&rsquo;ann\u00e9e suivante, tu rejoins la Fran\u00e7aise des Jeux. Ton premier r\u00e9sultat significatif est obtenu \u00e0 l&rsquo;autre bout de la France, dans le Finist\u00e8re, en terminant 5\u00e8me. Tu mets rapidement \u00e0 contribution ton talent de grimpeur n\u00e9, en finissant 3\u1d49 de la 5\u1d49\u00a0\u00e9tape du Crit\u00e9rium du Dauphin\u00e9 cette ann\u00e9e-l\u00e0. En concluant cette course \u00e0 \u00e9tapes en 20<sup>e<\/sup> position au classement g\u00e9n\u00e9ral, tu montres d\u00e9j\u00e0 tes pr\u00e9dispositions. Un an plus tard, tu remportes tes premi\u00e8res victoires chez les professionnels, sur le Tour d&rsquo;Alsace et la Semaine Lombarde. Mais ce n&rsquo;est qu&rsquo;un an plus tard que tu \u00e9clos v\u00e9ritablement aux yeux du grand public.<\/p>\n<h2 style=\"text-align: justify;\">Porrentruy, la r\u00e9v\u00e9lation Thibaut Pinot<\/h2>\n<p style=\"text-align: justify;\">En 2012, tu participes \u00e0 ton premier Tour de France. Initialement, tu ne devais pourtant pas y participer. Mais Arnold Jeannesson d\u00e9clare forfait. Et c&rsquo;est toi qui te retrouves propuls\u00e9 sur les routes de la Grande Boucle. Tu es le benjamin de cette \u00e9dition, et tu es l\u00e0 pour \u00ab\u00a0prendre de l&rsquo;exp\u00e9rience\u00a0\u00bb. Mais toi, tu ne veux pas seulement de prendre de l&rsquo;exp\u00e9rience. Sur la 8<sup>e<\/sup> \u00e9tape entre Belfort et Porrentruy, tu rattrapes tour \u00e0 tour les \u00e9chapp\u00e9s, o\u00f9 tu figurais depuis le matin. Devant un Marc Madiot \u00e0 1000% dans la voiture, tu devances d&rsquo;une trentaine de secondes Cadel Evans. Quatre jours plus tard, tu devances tous les <a href=\"https:\/\/dicodusport.fr\/blog\/thibaut-pinot-cest-aux-cotes-des-favoris-que-je-prends-le-plus-de-plaisir\/\">favoris<\/a> \u00e0 la p\u00e9dale dans La Toussuire. Seul Pierre Rolland, \u00e9chapp\u00e9, l\u00e8ve les bras devant toi. Pour ton premier Tour de France, tu finis 10<sup>e<\/sup>.<\/p>\n<blockquote class=\"twitter-tweet\">\n<p dir=\"ltr\" lang=\"fr\">Thibaut Pinot, Marc Madiot, du beau v\u00e9lo&#8230; <a href=\"https:\/\/twitter.com\/hashtag\/tdf12?src=hash&amp;ref_src=twsrc%5Etfw\">#tdf12<\/a> youngest rider, aged 22, took victory today in Porrentruy (SUI). <a href=\"http:\/\/t.co\/LcTAhaeh\">pic.twitter.com\/LcTAhaeh<\/a><\/p>\n<p>\u2014 UCI (@UCI_cycling) <a href=\"https:\/\/twitter.com\/UCI_cycling\/status\/222029566473011200?ref_src=twsrc%5Etfw\">July 8, 2012<\/a><\/p><\/blockquote>\n<p><script async src=\"https:\/\/platform.twitter.com\/widgets.js\" charset=\"utf-8\"><\/script><\/p>\n<h2 style=\"text-align: justify;\">Proche de la victoire, mais sans jamais triompher<\/h2>\n<p style=\"text-align: justify;\">Tu n&rsquo;arrives pas \u00e0 confirmer en 2013, abandonnant le Tour apr\u00e8s avoir perdu six minutes sur l&rsquo;\u00e9tape d&rsquo;Ax-3 Domaines. Tu te rattrapes sur la Vuelta, avec une septi\u00e8me place au g\u00e9n\u00e9ral. L&rsquo;ann\u00e9e suivante, c&rsquo;est l&rsquo;inverse. Tu brilles sur le Tour de France, avec une troisi\u00e8me place, avant d&rsquo;abandonner le Tour d&rsquo;Espagne, touch\u00e9 par les fortes chaleurs. En 2015, tu remportes l&rsquo;\u00e9tape mythique de l&rsquo;Alpe d&rsquo;Huez devant Nairo Quintana, j&rsquo;y \u00e9tais. \u00c0 ce moment-l\u00e0, tu fais briller les yeux de tous les enfants sur le bord des routes.<\/p>\n<p style=\"text-align: justify;\">2020 aura \u00e9t\u00e9 l&rsquo;ann\u00e9e du chamboulement de ta carri\u00e8re. Alors que tu restais sur des ann\u00e9es pratiquement au sommet des cimes, le Tour de France, lieu de bonheur, devient lieu de malheur. Sur les routes d\u00e9tremp\u00e9es de la premi\u00e8re \u00e9tape, en direction de Nice, tu chutes. Et l\u00e0, c&rsquo;est <a href=\"https:\/\/dicodusport.fr\/blog\/thibaut-pinot-je-ne-suis-plus-le-meme-coureur\/\">le d\u00e9but de la fin<\/a>.<\/p>\n<h2>L&rsquo;Italie et Thibaut Pinot<\/h2>\n<p style=\"text-align: justify;\">Franchissons les Alpes. Ce n&rsquo;est qu&rsquo;en 2017 que tu d\u00e9couvres le Tour d&rsquo;Italie, m\u00eame si tu avais d\u00e9j\u00e0 saut\u00e9 le pas, notamment pour le Tour de Lombardie. \u00c0 la bagarre avec <strong>Tom Dumoulin<\/strong>, <strong>Vincenzo Nibali<\/strong> et <strong>Nairo Quintana<\/strong>, tu finis quatri\u00e8me, victoire d&rsquo;\u00e9tape en prime. Mais ce ne sont pas ces deux courses qui t&rsquo;attirent le plus. \u00ab <em>Pour moi, la plus belle course de l&rsquo;ann\u00e9e, \u00e7a reste les Strade Bianche. Selon moi, c&rsquo;est la course qui repr\u00e9sente le mieux l&rsquo;Italie. Avec ses paysages, son public qui est vraiment chaud et connaisseur, je suis comme chez moi \u00bb<\/em>, racontais-tu au m\u00e9dia <em><a href=\"https:\/\/lecycle.fr\/actualites\/interview-thibaut-pinot-en-italie-je-suis-comme-chez-moi\/39590\/\">Le Cycle<\/a><\/em>, en 2023. 2023, c&rsquo;est aussi l&rsquo;ann\u00e9e de ton dernier Giro. On sait que tu vises le classement g\u00e9n\u00e9ral, tu as du mal \u00e0 courir sans y penser. Mais avec des \u00e9chapp\u00e9s, tu r\u00e9ussis \u00e0 remporter le \u00ab\u00a0maglia azzuro\u00a0\u00bb et finir 5e du g\u00e9n\u00e9ral. Finalement, est-ce que ce n&rsquo;est pas \u00e7a, Thibaut Pinot ? Briller en montagne et r\u00e9ussir de beaux classements g\u00e9n\u00e9raux ?<\/p>\n<blockquote class=\"twitter-tweet\">\n<p dir=\"ltr\" lang=\"fr\">Lors de la 20\u00e8 \u00e9tape du Giro 2017, les meilleurs du CG s&rsquo;affrontent avant le chrono du lendemain. Nibali, Zakarin, Pozzovivo, Quintana, Dumoulin &amp; Thibaut Pinot<\/p>\n<p>\ud83d\udcfa via <a href=\"https:\/\/twitter.com\/lequipeVELO?ref_src=twsrc%5Etfw\">@lequipeVELO<\/a> (P. Chasse, J. Pineau &amp; S. Roche) <a href=\"https:\/\/twitter.com\/hashtag\/ThibautPinot?src=hash&amp;ref_src=twsrc%5Etfw\">#ThibautPinot<\/a> <a href=\"https:\/\/twitter.com\/hashtag\/giro?src=hash&amp;ref_src=twsrc%5Etfw\">#giro<\/a> <a href=\"https:\/\/twitter.com\/hashtag\/giro102?src=hash&amp;ref_src=twsrc%5Etfw\">#giro102<\/a> <a href=\"https:\/\/twitter.com\/hashtag\/giro106?src=hash&amp;ref_src=twsrc%5Etfw\">#giro106<\/a> <a href=\"https:\/\/twitter.com\/hashtag\/ciclismo?src=hash&amp;ref_src=twsrc%5Etfw\">#ciclismo<\/a> <a href=\"https:\/\/twitter.com\/hashtag\/cycling?src=hash&amp;ref_src=twsrc%5Etfw\">#cycling<\/a> <a href=\"https:\/\/t.co\/sbPCYUTLLS\">pic.twitter.com\/sbPCYUTLLS<\/a><\/p>\n<p>\u2014 Miroir du Cyclisme (@Miroir2Cyclisme) <a href=\"https:\/\/twitter.com\/Miroir2Cyclisme\/status\/1654003169888804865?ref_src=twsrc%5Etfw\">May 4, 2023<\/a><\/p><\/blockquote>\n<p><script async src=\"https:\/\/platform.twitter.com\/widgets.js\" charset=\"utf-8\"><\/script><\/p>\n<p style=\"text-align: justify;\">Mais en courant avec Marc Madiot, tu as pass\u00e9 la plus grande partie de ta carri\u00e8re sur les routes fran\u00e7aises. <em>\u00ab<\/em> <em>Pendant longtemps, il ne voulait pas faire le Tour et \u00e0 la fin, il voulait absolument faire le Tour. Je lui ai dit \u00ab\u00a0Tu m&rsquo;as fait chier pendant des ann\u00e9es \u00e0 ne pas vouloir faire le Tour, maintenant, tu me fais chier pour le faire alors que ce n&rsquo;\u00e9tait pas pr\u00e9vu<\/em>\u00a0\u00bb \u00bb. Cela a le m\u00e9rite d&rsquo;\u00eatre clair.<\/p>\n<h2 style=\"text-align: justify;\">Thibaut Pinot, un coureur authentique<\/h2>\n<p style=\"text-align: justify;\">13 ann\u00e9es de carri\u00e8re professionnelle avec une seule \u00e9quipe, la structure FDJ, et un seul patron : <strong>Marc Madiot<\/strong>. Et c&rsquo;est sans doute celui qui parle le mieux de toi, chez <em>Eurosport<\/em> : <em>\u00ab<\/em> <em>Pinot est authentique. Dans sa carri\u00e8re, c&rsquo;est quelqu&rsquo;un qui donnait toutes ses \u00e9motions. Voir Pinot dans un col, c&rsquo;est diff\u00e9rent que pour d&rsquo;autres coureurs qui sont le nez sur leur capteur de puissance. Pinot, il y a une grimace, la barbe de trois jours, un d\u00e9hanchement. Il y a quelque chose qui est transmis involontairement au public \u00bb<\/em>.<\/p>\n<p style=\"text-align: justify;\">Et c&rsquo;est bien cette relation au public qui a cr\u00e9\u00e9 la passion. Quand tu es pass\u00e9 dans le <em>Virage Pinot<\/em> sur le dernier Tour de France, tous les poils de tes fans se sont h\u00e9riss\u00e9s. Tu avais r\u00e9ussi \u00e0 te porter \u00e0 l&rsquo;avant, et, seul, tu as franchi un endroit devenu mythique en quelques jours. Et ce <em>Virage Pinot<\/em>, tu vas le retrouver pour ta toute derni\u00e8re course, sur le Tour de Lombardie. <em>\u00ab<\/em> <em>Je vais finir sur la course qui m&rsquo;a toujours fait r\u00eaver. Je ne dis pas que j&rsquo;aimerais regagner le Lombardie, mais finir sur le podium pour le dernier jour de ma carri\u00e8re, \u00e7a serait vraiment bien \u00bb<\/em>, disais-tu sur RMC. <a href=\"https:\/\/dicodusport.fr\/blog\/thibaut-pinot-prendra-sa-retraite-en-fin-de-saison\/\">La retraite<\/a>, tu l&rsquo;avais annonc\u00e9e d\u00e8s le d\u00e9but de saison, mais au fond de nous, on esp\u00e9rait tous que \u00e7a ne soit pas le cas. Qu&rsquo;en milieu de saison, tu dirais <em>\u00ab je continue \u00bb<\/em>. Mais finalement, \u00e0 quelques heures de la fin, on s&rsquo;est rendu compte que c&rsquo;\u00e9tait fini.<\/p>\n<p style=\"text-align: justify;\">Alors, r\u00eavons, tous ensemble, une derni\u00e8re fois. Et promis, apr\u00e8s, on te laissera tranquille, libre. Merci pour tout, Thibaut !<\/p>\n","protected":false},"excerpt":{"rendered":"<p>CYCLISME &#8211; Des \u00e9motions comme peu de coureurs peuvent procurer. Thibaut Pinot est de\u00a0cette trempe. De son\u00a0premier succ\u00e8s sur le Tour en 2012 aux \u00e9chapp\u00e9es sur les routes fran\u00e7aises 11 ans plus tard, le grimpeur de M\u00e9lisey aura fait r\u00eaver les Fran\u00e7ais.<\/p>\n","protected":false},"author":88,"featured_media":426919,"comment_status":"open","ping_status":"closed","sticky":false,"template":"","format":"standard","meta":{"_acf_changed":false,"_daextam_enable_autolinks":"1","footnotes":""},"categories":[2307],"tags":[16878,10446,24,4839,4168],"class_list":["post-426622","post","type-post","status-publish","format-standard","has-post-thumbnail","hentry","category-cyclisme","tag-breve","tag-marc-madiot","tag-sport","tag-thibaut-pinot","tag-tour-de-lombardie"],"acf":[],"yoast_head":"<!-- This site is optimized with the Yoast SEO Premium plugin v26.7 (Yoast SEO v26.7) - https:\/\/yoast.com\/wordpress\/plugins\/seo\/ -->\n<title>Thibaut Pinot, un romantique du cyclisme : merci pour tout !<\/title>\n<meta name=\"description\" content=\"Des \u00e9motions comme peu de coureurs peuvent procurer. Thibaut Pinot est de\u00a0cette trempe. Apr\u00e8s 13 ans \u00e0 parcourir les routes, il arr\u00eate.\" \/>\n<meta name=\"robots\" content=\"index, follow, max-snippet:-1, max-image-preview:large, max-video-preview:-1\" \/>\n<link rel=\"canonical\" href=\"https:\/\/dicodusport.fr\/blog\/thibaut-pinot-un-romantique-du-cyclisme-merci-pour-tout\/\" \/>\n<meta property=\"og:locale\" content=\"fr_FR\" \/>\n<meta property=\"og:type\" content=\"article\" \/>\n<meta property=\"og:title\" content=\"Thibaut Pinot, un romantique du cyclisme : merci pour tout !\" \/>\n<meta property=\"og:description\" content=\"Des \u00e9motions comme peu de coureurs peuvent procurer. Thibaut Pinot est de\u00a0cette trempe. Apr\u00e8s 13 ans \u00e0 parcourir les routes, il arr\u00eate.\" \/>\n<meta property=\"og:url\" content=\"https:\/\/dicodusport.fr\/blog\/thibaut-pinot-un-romantique-du-cyclisme-merci-pour-tout\/\" \/>\n<meta property=\"og:site_name\" content=\"Dicodusport\" \/>\n<meta property=\"article:publisher\" content=\"https:\/\/www.facebook.com\/dicodusport\" \/>\n<meta property=\"article:published_time\" content=\"2023-10-07T08:00:10+00:00\" \/>\n<meta property=\"article:modified_time\" content=\"2023-10-09T10:47:17+00:00\" \/>\n<meta property=\"og:image\" content=\"https:\/\/dicodusport.fr\/blog\/wp-content\/uploads\/2023\/10\/Thibaut-Pinot-un-romantique-du-cyclisme-merci-pour-tout-.png\" \/>\n\t<meta property=\"og:image:width\" content=\"800\" \/>\n\t<meta property=\"og:image:height\" content=\"445\" \/>\n\t<meta property=\"og:image:type\" content=\"image\/png\" \/>\n<meta name=\"author\" content=\"Paul Lalevee\" \/>\n<meta name=\"twitter:card\" content=\"summary_large_image\" \/>\n<meta name=\"twitter:creator\" content=\"@dicodusport\" \/>\n<meta name=\"twitter:site\" content=\"@dicodusport\" \/>\n<script type=\"application\/ld+json\" class=\"yoast-schema-graph\">{\"@context\":\"https:\/\/schema.org\",\"@graph\":[{\"@type\":\"NewsArticle\",\"@id\":\"https:\/\/dicodusport.fr\/blog\/thibaut-pinot-un-romantique-du-cyclisme-merci-pour-tout\/#article\",\"isPartOf\":{\"@id\":\"https:\/\/dicodusport.fr\/blog\/thibaut-pinot-un-romantique-du-cyclisme-merci-pour-tout\/\"},\"author\":{\"name\":\"Paul Lalevee\",\"@id\":\"https:\/\/dicodusport.fr\/blog\/#\/schema\/person\/1eaa63dfac40b5e5c47f03a71920c1cd\"},\"headline\":\"Thibaut Pinot, un romantique du cyclisme : merci pour tout !\",\"datePublished\":\"2023-10-07T08:00:10+00:00\",\"dateModified\":\"2023-10-09T10:47:17+00:00\",\"mainEntityOfPage\":{\"@id\":\"https:\/\/dicodusport.fr\/blog\/thibaut-pinot-un-romantique-du-cyclisme-merci-pour-tout\/\"},\"wordCount\":1644,\"commentCount\":0,\"publisher\":{\"@id\":\"https:\/\/dicodusport.fr\/blog\/#organization\"},\"image\":{\"@id\":\"https:\/\/dicodusport.fr\/blog\/thibaut-pinot-un-romantique-du-cyclisme-merci-pour-tout\/#primaryimage\"},\"thumbnailUrl\":\"https:\/\/dicodusport.fr\/blog\/wp-content\/uploads\/2023\/10\/Thibaut-Pinot-un-romantique-du-cyclisme-merci-pour-tout-.png\",\"keywords\":[\"br\u00e8ve\",\"Marc Madiot\",\"sport\",\"Thibaut Pinot\",\"Tour de Lombardie\"],\"articleSection\":[\"Cyclisme\"],\"inLanguage\":\"fr-FR\",\"potentialAction\":[{\"@type\":\"CommentAction\",\"name\":\"Comment\",\"target\":[\"https:\/\/dicodusport.fr\/blog\/thibaut-pinot-un-romantique-du-cyclisme-merci-pour-tout\/#respond\"]}],\"copyrightYear\":\"2023\",\"copyrightHolder\":{\"@id\":\"https:\/\/dicodusport.fr\/blog\/#organization\"}},{\"@type\":\"WebPage\",\"@id\":\"https:\/\/dicodusport.fr\/blog\/thibaut-pinot-un-romantique-du-cyclisme-merci-pour-tout\/\",\"url\":\"https:\/\/dicodusport.fr\/blog\/thibaut-pinot-un-romantique-du-cyclisme-merci-pour-tout\/\",\"name\":\"Thibaut Pinot, un romantique du cyclisme : merci pour tout !\",\"isPartOf\":{\"@id\":\"https:\/\/dicodusport.fr\/blog\/#website\"},\"primaryImageOfPage\":{\"@id\":\"https:\/\/dicodusport.fr\/blog\/thibaut-pinot-un-romantique-du-cyclisme-merci-pour-tout\/#primaryimage\"},\"image\":{\"@id\":\"https:\/\/dicodusport.fr\/blog\/thibaut-pinot-un-romantique-du-cyclisme-merci-pour-tout\/#primaryimage\"},\"thumbnailUrl\":\"https:\/\/dicodusport.fr\/blog\/wp-content\/uploads\/2023\/10\/Thibaut-Pinot-un-romantique-du-cyclisme-merci-pour-tout-.png\",\"datePublished\":\"2023-10-07T08:00:10+00:00\",\"dateModified\":\"2023-10-09T10:47:17+00:00\",\"description\":\"Des \u00e9motions comme peu de coureurs peuvent procurer. Thibaut Pinot est de\u00a0cette trempe. Apr\u00e8s 13 ans \u00e0 parcourir les routes, il arr\u00eate.\",\"breadcrumb\":{\"@id\":\"https:\/\/dicodusport.fr\/blog\/thibaut-pinot-un-romantique-du-cyclisme-merci-pour-tout\/#breadcrumb\"},\"inLanguage\":\"fr-FR\",\"potentialAction\":[{\"@type\":\"ReadAction\",\"target\":[\"https:\/\/dicodusport.fr\/blog\/thibaut-pinot-un-romantique-du-cyclisme-merci-pour-tout\/\"]}]},{\"@type\":\"ImageObject\",\"inLanguage\":\"fr-FR\",\"@id\":\"https:\/\/dicodusport.fr\/blog\/thibaut-pinot-un-romantique-du-cyclisme-merci-pour-tout\/#primaryimage\",\"url\":\"https:\/\/dicodusport.fr\/blog\/wp-content\/uploads\/2023\/10\/Thibaut-Pinot-un-romantique-du-cyclisme-merci-pour-tout-.png\",\"contentUrl\":\"https:\/\/dicodusport.fr\/blog\/wp-content\/uploads\/2023\/10\/Thibaut-Pinot-un-romantique-du-cyclisme-merci-pour-tout-.png\",\"width\":800,\"height\":445,\"caption\":\"Thibaut Pinot, un romantique du cyclisme merci pour tout !\"},{\"@type\":\"BreadcrumbList\",\"@id\":\"https:\/\/dicodusport.fr\/blog\/thibaut-pinot-un-romantique-du-cyclisme-merci-pour-tout\/#breadcrumb\",\"itemListElement\":[{\"@type\":\"ListItem\",\"position\":1,\"name\":\"Accueil\",\"item\":\"https:\/\/dicodusport.fr\/blog\/\"},{\"@type\":\"ListItem\",\"position\":2,\"name\":\"Thibaut Pinot, un romantique du cyclisme : merci pour tout !\"}]},{\"@type\":\"WebSite\",\"@id\":\"https:\/\/dicodusport.fr\/blog\/#website\",\"url\":\"https:\/\/dicodusport.fr\/blog\/\",\"name\":\"Dicodusport\",\"description\":\"L&#039;encyclop\u00e9die de l&#039;actualit\u00e9 sportive\",\"publisher\":{\"@id\":\"https:\/\/dicodusport.fr\/blog\/#organization\"},\"potentialAction\":[{\"@type\":\"SearchAction\",\"target\":{\"@type\":\"EntryPoint\",\"urlTemplate\":\"https:\/\/dicodusport.fr\/blog\/?s={search_term_string}\"},\"query-input\":{\"@type\":\"PropertyValueSpecification\",\"valueRequired\":true,\"valueName\":\"search_term_string\"}}],\"inLanguage\":\"fr-FR\"},{\"@type\":\"NewsMediaOrganization\",\"@id\":\"https:\/\/dicodusport.fr\/blog\/#organization\",\"name\":\"Dicodusport\",\"url\":\"https:\/\/dicodusport.fr\/blog\/\",\"logo\":{\"@type\":\"ImageObject\",\"inLanguage\":\"fr-FR\",\"@id\":\"https:\/\/dicodusport.fr\/blog\/#\/schema\/logo\/image\/\",\"url\":\"https:\/\/dicodusport.fr\/blog\/wp-content\/uploads\/2020\/06\/cropped-LOGO-DICODUSPORT-2020-SANS-FOND-SANS-TEXTE.png\",\"contentUrl\":\"https:\/\/dicodusport.fr\/blog\/wp-content\/uploads\/2020\/06\/cropped-LOGO-DICODUSPORT-2020-SANS-FOND-SANS-TEXTE.png\",\"width\":512,\"height\":512,\"caption\":\"Dicodusport\"},\"image\":{\"@id\":\"https:\/\/dicodusport.fr\/blog\/#\/schema\/logo\/image\/\"},\"sameAs\":[\"https:\/\/www.facebook.com\/dicodusport\",\"https:\/\/x.com\/dicodusport\",\"https:\/\/www.instagram.com\/dicodusport\/\",\"https:\/\/www.youtube.com\/channel\/UC7V2KZ5sd3htJivAbA4ZG3w\"],\"description\":\"Dicodusport est l'encyclop\u00e9die de l'actualit\u00e9 sportive.\",\"email\":\"bonjour@dicodusport.fr\",\"legalName\":\"DICODUSPORT\",\"foundingDate\":\"2018-01-14\",\"vatID\":\"FR71834470973\",\"taxID\":\"83447097300043\",\"numberOfEmployees\":{\"@type\":\"QuantitativeValue\",\"minValue\":\"1\",\"maxValue\":\"10\"}},{\"@type\":\"Person\",\"@id\":\"https:\/\/dicodusport.fr\/blog\/#\/schema\/person\/1eaa63dfac40b5e5c47f03a71920c1cd\",\"name\":\"Paul Lalevee\",\"image\":{\"@type\":\"ImageObject\",\"inLanguage\":\"fr-FR\",\"@id\":\"https:\/\/dicodusport.fr\/blog\/#\/schema\/person\/image\/\",\"url\":\"https:\/\/dicodusport.fr\/blog\/wp-content\/uploads\/2023\/10\/291154246_1690604071293245_3118259335115946499_n-150x150.jpg\",\"contentUrl\":\"https:\/\/dicodusport.fr\/blog\/wp-content\/uploads\/2023\/10\/291154246_1690604071293245_3118259335115946499_n-150x150.jpg\",\"caption\":\"Paul Lalevee\"},\"description\":\"La bulle Disney pendant le Covid, le Tour 2019, la Coupe du monde 2018. Ces trois \u00e9v\u00e9nements majeurs sont ancr\u00e9s dans ma t\u00eate de fan de sport, n\u00e9gativement ou positivement. Passionn\u00e9 de sport depuis l'enfance, j'ai d\u00e9cid\u00e9 de mettre ma passion de l'\u00e9criture au service de cette premi\u00e8re passion.\",\"url\":\"https:\/\/dicodusport.fr\/blog\/author\/paul-lalevee\/\"}]}<\/script>\n<!-- \/ Yoast SEO Premium plugin. -->","yoast_head_json":{"title":"Thibaut Pinot, un romantique du cyclisme : merci pour tout !","description":"Des \u00e9motions comme peu de coureurs peuvent procurer. Thibaut Pinot est de\u00a0cette trempe. Apr\u00e8s 13 ans \u00e0 parcourir les routes, il arr\u00eate.","robots":{"index":"index","follow":"follow","max-snippet":"max-snippet:-1","max-image-preview":"max-image-preview:large","max-video-preview":"max-video-preview:-1"},"canonical":"https:\/\/dicodusport.fr\/blog\/thibaut-pinot-un-romantique-du-cyclisme-merci-pour-tout\/","og_locale":"fr_FR","og_type":"article","og_title":"Thibaut Pinot, un romantique du cyclisme : merci pour tout !","og_description":"Des \u00e9motions comme peu de coureurs peuvent procurer. Thibaut Pinot est de\u00a0cette trempe. Apr\u00e8s 13 ans \u00e0 parcourir les routes, il arr\u00eate.","og_url":"https:\/\/dicodusport.fr\/blog\/thibaut-pinot-un-romantique-du-cyclisme-merci-pour-tout\/","og_site_name":"Dicodusport","article_publisher":"https:\/\/www.facebook.com\/dicodusport","article_published_time":"2023-10-07T08:00:10+00:00","article_modified_time":"2023-10-09T10:47:17+00:00","og_image":[{"width":800,"height":445,"url":"https:\/\/dicodusport.fr\/blog\/wp-content\/uploads\/2023\/10\/Thibaut-Pinot-un-romantique-du-cyclisme-merci-pour-tout-.png","type":"image\/png"}],"author":"Paul Lalevee","twitter_card":"summary_large_image","twitter_creator":"@dicodusport","twitter_site":"@dicodusport","schema":{"@context":"https:\/\/schema.org","@graph":[{"@type":"NewsArticle","@id":"https:\/\/dicodusport.fr\/blog\/thibaut-pinot-un-romantique-du-cyclisme-merci-pour-tout\/#article","isPartOf":{"@id":"https:\/\/dicodusport.fr\/blog\/thibaut-pinot-un-romantique-du-cyclisme-merci-pour-tout\/"},"author":{"name":"Paul Lalevee","@id":"https:\/\/dicodusport.fr\/blog\/#\/schema\/person\/1eaa63dfac40b5e5c47f03a71920c1cd"},"headline":"Thibaut Pinot, un romantique du cyclisme : merci pour tout !","datePublished":"2023-10-07T08:00:10+00:00","dateModified":"2023-10-09T10:47:17+00:00","mainEntityOfPage":{"@id":"https:\/\/dicodusport.fr\/blog\/thibaut-pinot-un-romantique-du-cyclisme-merci-pour-tout\/"},"wordCount":1644,"commentCount":0,"publisher":{"@id":"https:\/\/dicodusport.fr\/blog\/#organization"},"image":{"@id":"https:\/\/dicodusport.fr\/blog\/thibaut-pinot-un-romantique-du-cyclisme-merci-pour-tout\/#primaryimage"},"thumbnailUrl":"https:\/\/dicodusport.fr\/blog\/wp-content\/uploads\/2023\/10\/Thibaut-Pinot-un-romantique-du-cyclisme-merci-pour-tout-.png","keywords":["br\u00e8ve","Marc Madiot","sport","Thibaut Pinot","Tour de Lombardie"],"articleSection":["Cyclisme"],"inLanguage":"fr-FR","potentialAction":[{"@type":"CommentAction","name":"Comment","target":["https:\/\/dicodusport.fr\/blog\/thibaut-pinot-un-romantique-du-cyclisme-merci-pour-tout\/#respond"]}],"copyrightYear":"2023","copyrightHolder":{"@id":"https:\/\/dicodusport.fr\/blog\/#organization"}},{"@type":"WebPage","@id":"https:\/\/dicodusport.fr\/blog\/thibaut-pinot-un-romantique-du-cyclisme-merci-pour-tout\/","url":"https:\/\/dicodusport.fr\/blog\/thibaut-pinot-un-romantique-du-cyclisme-merci-pour-tout\/","name":"Thibaut Pinot, un romantique du cyclisme : merci pour tout !","isPartOf":{"@id":"https:\/\/dicodusport.fr\/blog\/#website"},"primaryImageOfPage":{"@id":"https:\/\/dicodusport.fr\/blog\/thibaut-pinot-un-romantique-du-cyclisme-merci-pour-tout\/#primaryimage"},"image":{"@id":"https:\/\/dicodusport.fr\/blog\/thibaut-pinot-un-romantique-du-cyclisme-merci-pour-tout\/#primaryimage"},"thumbnailUrl":"https:\/\/dicodusport.fr\/blog\/wp-content\/uploads\/2023\/10\/Thibaut-Pinot-un-romantique-du-cyclisme-merci-pour-tout-.png","datePublished":"2023-10-07T08:00:10+00:00","dateModified":"2023-10-09T10:47:17+00:00","description":"Des \u00e9motions comme peu de coureurs peuvent procurer. Thibaut Pinot est de\u00a0cette trempe. Apr\u00e8s 13 ans \u00e0 parcourir les routes, il arr\u00eate.","breadcrumb":{"@id":"https:\/\/dicodusport.fr\/blog\/thibaut-pinot-un-romantique-du-cyclisme-merci-pour-tout\/#breadcrumb"},"inLanguage":"fr-FR","potentialAction":[{"@type":"ReadAction","target":["https:\/\/dicodusport.fr\/blog\/thibaut-pinot-un-romantique-du-cyclisme-merci-pour-tout\/"]}]},{"@type":"ImageObject","inLanguage":"fr-FR","@id":"https:\/\/dicodusport.fr\/blog\/thibaut-pinot-un-romantique-du-cyclisme-merci-pour-tout\/#primaryimage","url":"https:\/\/dicodusport.fr\/blog\/wp-content\/uploads\/2023\/10\/Thibaut-Pinot-un-romantique-du-cyclisme-merci-pour-tout-.png","contentUrl":"https:\/\/dicodusport.fr\/blog\/wp-content\/uploads\/2023\/10\/Thibaut-Pinot-un-romantique-du-cyclisme-merci-pour-tout-.png","width":800,"height":445,"caption":"Thibaut Pinot, un romantique du cyclisme merci pour tout !"},{"@type":"BreadcrumbList","@id":"https:\/\/dicodusport.fr\/blog\/thibaut-pinot-un-romantique-du-cyclisme-merci-pour-tout\/#breadcrumb","itemListElement":[{"@type":"ListItem","position":1,"name":"Accueil","item":"https:\/\/dicodusport.fr\/blog\/"},{"@type":"ListItem","position":2,"name":"Thibaut Pinot, un romantique du cyclisme : merci pour tout !"}]},{"@type":"WebSite","@id":"https:\/\/dicodusport.fr\/blog\/#website","url":"https:\/\/dicodusport.fr\/blog\/","name":"Dicodusport","description":"L&#039;encyclop\u00e9die de l&#039;actualit\u00e9 sportive","publisher":{"@id":"https:\/\/dicodusport.fr\/blog\/#organization"},"potentialAction":[{"@type":"SearchAction","target":{"@type":"EntryPoint","urlTemplate":"https:\/\/dicodusport.fr\/blog\/?s={search_term_string}"},"query-input":{"@type":"PropertyValueSpecification","valueRequired":true,"valueName":"search_term_string"}}],"inLanguage":"fr-FR"},{"@type":"NewsMediaOrganization","@id":"https:\/\/dicodusport.fr\/blog\/#organization","name":"Dicodusport","url":"https:\/\/dicodusport.fr\/blog\/","logo":{"@type":"ImageObject","inLanguage":"fr-FR","@id":"https:\/\/dicodusport.fr\/blog\/#\/schema\/logo\/image\/","url":"https:\/\/dicodusport.fr\/blog\/wp-content\/uploads\/2020\/06\/cropped-LOGO-DICODUSPORT-2020-SANS-FOND-SANS-TEXTE.png","contentUrl":"https:\/\/dicodusport.fr\/blog\/wp-content\/uploads\/2020\/06\/cropped-LOGO-DICODUSPORT-2020-SANS-FOND-SANS-TEXTE.png","width":512,"height":512,"caption":"Dicodusport"},"image":{"@id":"https:\/\/dicodusport.fr\/blog\/#\/schema\/logo\/image\/"},"sameAs":["https:\/\/www.facebook.com\/dicodusport","https:\/\/x.com\/dicodusport","https:\/\/www.instagram.com\/dicodusport\/","https:\/\/www.youtube.com\/channel\/UC7V2KZ5sd3htJivAbA4ZG3w"],"description":"Dicodusport est l'encyclop\u00e9die de l'actualit\u00e9 sportive.","email":"bonjour@dicodusport.fr","legalName":"DICODUSPORT","foundingDate":"2018-01-14","vatID":"FR71834470973","taxID":"83447097300043","numberOfEmployees":{"@type":"QuantitativeValue","minValue":"1","maxValue":"10"}},{"@type":"Person","@id":"https:\/\/dicodusport.fr\/blog\/#\/schema\/person\/1eaa63dfac40b5e5c47f03a71920c1cd","name":"Paul Lalevee","image":{"@type":"ImageObject","inLanguage":"fr-FR","@id":"https:\/\/dicodusport.fr\/blog\/#\/schema\/person\/image\/","url":"https:\/\/dicodusport.fr\/blog\/wp-content\/uploads\/2023\/10\/291154246_1690604071293245_3118259335115946499_n-150x150.jpg","contentUrl":"https:\/\/dicodusport.fr\/blog\/wp-content\/uploads\/2023\/10\/291154246_1690604071293245_3118259335115946499_n-150x150.jpg","caption":"Paul Lalevee"},"description":"La bulle Disney pendant le Covid, le Tour 2019, la Coupe du monde 2018. Ces trois \u00e9v\u00e9nements majeurs sont ancr\u00e9s dans ma t\u00eate de fan de sport, n\u00e9gativement ou positivement. Passionn\u00e9 de sport depuis l'enfance, j'ai d\u00e9cid\u00e9 de mettre ma passion de l'\u00e9criture au service de cette premi\u00e8re passion.","url":"https:\/\/dicodusport.fr\/blog\/author\/paul-lalevee\/"}]}},"_links":{"self":[{"href":"https:\/\/dicodusport.fr\/blog\/wp-json\/wp\/v2\/posts\/426622","targetHints":{"allow":["GET"]}}],"collection":[{"href":"https:\/\/dicodusport.fr\/blog\/wp-json\/wp\/v2\/posts"}],"about":[{"href":"https:\/\/dicodusport.fr\/blog\/wp-json\/wp\/v2\/types\/post"}],"author":[{"embeddable":true,"href":"https:\/\/dicodusport.fr\/blog\/wp-json\/wp\/v2\/users\/88"}],"replies":[{"embeddable":true,"href":"https:\/\/dicodusport.fr\/blog\/wp-json\/wp\/v2\/comments?post=426622"}],"version-history":[{"count":0,"href":"https:\/\/dicodusport.fr\/blog\/wp-json\/wp\/v2\/posts\/426622\/revisions"}],"wp:featuredmedia":[{"embeddable":true,"href":"https:\/\/dicodusport.fr\/blog\/wp-json\/wp\/v2\/media\/426919"}],"wp:attachment":[{"href":"https:\/\/dicodusport.fr\/blog\/wp-json\/wp\/v2\/media?parent=426622"}],"wp:term":[{"taxonomy":"category","embeddable":true,"href":"https:\/\/dicodusport.fr\/blog\/wp-json\/wp\/v2\/categories?post=426622"},{"taxonomy":"post_tag","embeddable":true,"href":"https:\/\/dicodusport.fr\/blog\/wp-json\/wp\/v2\/tags?post=426622"}],"curies":[{"name":"wp","href":"https:\/\/api.w.org\/{rel}","templated":true}]}}