{"id":426651,"date":"2023-10-06T11:18:52","date_gmt":"2023-10-06T09:18:52","guid":{"rendered":"https:\/\/dicodusport.fr\/blog\/?p=426651&#038;preview=true&#038;preview_id=426651"},"modified":"2023-10-06T11:33:16","modified_gmt":"2023-10-06T09:33:16","slug":"mercato-primoz-roglic-officiellement-chez-bora-hansgrohe","status":"publish","type":"post","link":"https:\/\/dicodusport.fr\/blog\/mercato-primoz-roglic-officiellement-chez-bora-hansgrohe\/","title":{"rendered":"Mercato : Primoz Roglic officiellement chez Bora-Hansgrohe"},"content":{"rendered":"<p style=\"text-align: justify;\" align=\"justify\"><em><strong>CYCLISME SUR ROUTE 2024 &#8211; C&rsquo;est d\u00e9sormais officiel, Primoz Roglic quitte Jumbo-Visma et s&rsquo;engage avec la formation Bora-Hansgrohe.<\/strong><\/em><\/p>\n<ul style=\"text-align: justify;\">\n<li style=\"text-align: justify;\"><strong>\u00c0 lire aussi \u2013\u00a0<\/strong><a href=\"https:\/\/dicodusport.fr\/blog\/mercato-cyclisme-2023-2024-tableau-des-transferts\/\"><strong>Le tableau des transferts cyclisme 2023-2024<\/strong><\/a><\/li>\n<\/ul>\n<p style=\"text-align: justify;\">Le suspense \u00e9tait maigre, toutes les sources pointant vers une signature acquise de <strong>Primoz Roglic<\/strong> \u00e0 la Bora-Hansgrohe. Depuis l&rsquo;annonce du Slov\u00e8ne <a href=\"https:\/\/dicodusport.fr\/blog\/mercato-cyclisme-primoz-roglic-autorise-a-quitter-jumbo-visma\/\">selon laquelle il allait quitter la Jumbo-Visma<\/a> \u00e0 la fin de la saison, les sp\u00e9culations \u00e9taient nombreuses sur son avenir. Mais la formation allemande s&rsquo;est rapidement impos\u00e9e parmi les favorites, et ne manquait que l&rsquo;officialisation.<\/p>\n<blockquote class=\"twitter-tweet\">\n<p dir=\"ltr\" lang=\"cs\">Welcome Primo\u017e Rogli\u010d!<a href=\"https:\/\/twitter.com\/hashtag\/borahansgrohe?src=hash&amp;ref_src=twsrc%5Etfw\">#borahansgrohe<\/a> <a href=\"https:\/\/twitter.com\/rogla?ref_src=twsrc%5Etfw\">@rogla<\/a> <a href=\"https:\/\/twitter.com\/hashtag\/procycling?src=hash&amp;ref_src=twsrc%5Etfw\">#procycling<\/a> <a href=\"https:\/\/twitter.com\/hashtag\/newseason?src=hash&amp;ref_src=twsrc%5Etfw\">#newseason<\/a> <a href=\"https:\/\/t.co\/f8FA43tST9\">pic.twitter.com\/f8FA43tST9<\/a><\/p>\n<p>\u2014 BORA \u2013 hansgrohe (@BORAhansgrohe) <a href=\"https:\/\/twitter.com\/BORAhansgrohe\/status\/1710220928943055025?ref_src=twsrc%5Etfw\">October 6, 2023<\/a><\/p><\/blockquote>\n<p style=\"text-align: justify;\"><script async src=\"https:\/\/platform.twitter.com\/widgets.js\" charset=\"utf-8\"><\/script><br \/>\nC&rsquo;est d\u00e9sormais chose faite. <strong>Primoz Roglic<\/strong> \u00e9voluera sous les couleurs de la Bora-Hansgrohe. Triple vainqueur de la Vuelta et laur\u00e9at du Giro au printemps dernier, il quitte la Jumbo-Visma apr\u00e8s 7 ans de pr\u00e9sence. Nul doute qu&rsquo;il visera enfin un sacre sur le Tour de France l&rsquo;\u00e9t\u00e9 prochain, mais en attendant, c&rsquo;est un sacr\u00e9 coup que vient de r\u00e9aliser la formation allemande, qui sera \u00e0 suivre de tr\u00e8s pr\u00e8s la saison prochaine. Sur le site de la Bora-Hansgrohe, le Slov\u00e8ne n&rsquo;a pas manqu\u00e9 d&rsquo;exprimer son ressenti.<\/p>\n<blockquote>\n<p style=\"text-align: justify;\">Je me r\u00e9jouis de cette \u00e9tape, m\u00eame si un changement d&rsquo;\u00e9quipe est un peu comme un nouveau territoire pour moi. Les bons souvenirs de notre rencontre d&rsquo;il y a quelques ann\u00e9es ont facilit\u00e9 les discussions. Mais le facteur d\u00e9cisif a \u00e9t\u00e9 que l&rsquo;\u00e9quipe est vraiment motiv\u00e9e pour travailler avec moi et que nous partageons les m\u00eames id\u00e9es.<\/p>\n<\/blockquote>\n","protected":false},"excerpt":{"rendered":"<p>CYCLISME SUR ROUTE 2024 &#8211; C&rsquo;est d\u00e9sormais officiel, Primoz Roglic quitte Jumbo-Visma et s&rsquo;engage avec la formation Bora-Hansgrohe.<\/p>\n","protected":false},"author":59,"featured_media":426652,"comment_status":"open","ping_status":"closed","sticky":false,"template":"","format":"standard","meta":{"_acf_changed":false,"_daextam_enable_autolinks":"1","footnotes":""},"categories":[46994],"tags":[21079,16878,7855,5505,24],"class_list":["post-426651","post","type-post","status-publish","format-standard","has-post-thumbnail","hentry","category-cyclisme-sur-route","tag-bora-hansgrohe","tag-breve","tag-primoz-roglic","tag-roglic","tag-sport"],"acf":[],"yoast_head":"<!-- This site is optimized with the Yoast SEO Premium plugin v26.7 (Yoast SEO v26.7) - https:\/\/yoast.com\/wordpress\/plugins\/seo\/ -->\n<title>Mercato : Primoz Roglic officiellement chez Bora-Hansgrohe<\/title>\n<meta name=\"description\" content=\"CYCLISME SUR ROUTE 2024 - C&#039;est d\u00e9sormais officiel, Primoz Roglic quitte Jumbo-Visma et s&#039;engage avec la formation Bora-Hansgrohe.\" \/>\n<meta name=\"robots\" content=\"index, follow, max-snippet:-1, max-image-preview:large, max-video-preview:-1\" \/>\n<link rel=\"canonical\" href=\"https:\/\/dicodusport.fr\/blog\/mercato-primoz-roglic-officiellement-chez-bora-hansgrohe\/\" \/>\n<meta property=\"og:locale\" content=\"fr_FR\" \/>\n<meta property=\"og:type\" content=\"article\" \/>\n<meta property=\"og:title\" content=\"Mercato : Primoz Roglic officiellement chez Bora-Hansgrohe\" \/>\n<meta property=\"og:description\" content=\"CYCLISME SUR ROUTE 2024 - C&#039;est d\u00e9sormais officiel, Primoz Roglic quitte Jumbo-Visma et s&#039;engage avec la formation Bora-Hansgrohe.\" \/>\n<meta property=\"og:url\" content=\"https:\/\/dicodusport.fr\/blog\/mercato-primoz-roglic-officiellement-chez-bora-hansgrohe\/\" \/>\n<meta property=\"og:site_name\" content=\"Dicodusport\" \/>\n<meta property=\"article:publisher\" content=\"https:\/\/www.facebook.com\/dicodusport\" \/>\n<meta property=\"article:author\" content=\"https:\/\/www.facebook.com\/sebastien.gente\/\" \/>\n<meta property=\"article:published_time\" content=\"2023-10-06T09:18:52+00:00\" \/>\n<meta property=\"article:modified_time\" content=\"2023-10-06T09:33:16+00:00\" \/>\n<meta property=\"og:image\" content=\"https:\/\/dicodusport.fr\/blog\/wp-content\/uploads\/2023\/10\/Mercato-Primoz-Roglic-officiellement-chez-Bora-Hansgrohe.png\" \/>\n\t<meta property=\"og:image:width\" content=\"800\" \/>\n\t<meta property=\"og:image:height\" content=\"445\" \/>\n\t<meta property=\"og:image:type\" content=\"image\/png\" \/>\n<meta name=\"author\" content=\"S\u00e9bastien Gente\" \/>\n<meta name=\"twitter:card\" content=\"summary_large_image\" \/>\n<meta name=\"twitter:title\" content=\"Mercato : Primoz Roglic officiellement chez Bora-Hansgrohe\" \/>\n<meta name=\"twitter:creator\" content=\"@https:\/\/twitter.com\/globulo24\" \/>\n<meta name=\"twitter:site\" content=\"@dicodusport\" \/>\n<script type=\"application\/ld+json\" class=\"yoast-schema-graph\">{\"@context\":\"https:\/\/schema.org\",\"@graph\":[{\"@type\":\"NewsArticle\",\"@id\":\"https:\/\/dicodusport.fr\/blog\/mercato-primoz-roglic-officiellement-chez-bora-hansgrohe\/#article\",\"isPartOf\":{\"@id\":\"https:\/\/dicodusport.fr\/blog\/mercato-primoz-roglic-officiellement-chez-bora-hansgrohe\/\"},\"author\":{\"name\":\"S\u00e9bastien Gente\",\"@id\":\"https:\/\/dicodusport.fr\/blog\/#\/schema\/person\/627966a6cde45dbd8c5e36ac85d783da\"},\"headline\":\"Mercato : Primoz Roglic officiellement chez Bora-Hansgrohe\",\"datePublished\":\"2023-10-06T09:18:52+00:00\",\"dateModified\":\"2023-10-06T09:33:16+00:00\",\"mainEntityOfPage\":{\"@id\":\"https:\/\/dicodusport.fr\/blog\/mercato-primoz-roglic-officiellement-chez-bora-hansgrohe\/\"},\"wordCount\":277,\"commentCount\":0,\"publisher\":{\"@id\":\"https:\/\/dicodusport.fr\/blog\/#organization\"},\"image\":{\"@id\":\"https:\/\/dicodusport.fr\/blog\/mercato-primoz-roglic-officiellement-chez-bora-hansgrohe\/#primaryimage\"},\"thumbnailUrl\":\"https:\/\/dicodusport.fr\/blog\/wp-content\/uploads\/2023\/10\/Mercato-Primoz-Roglic-officiellement-chez-Bora-Hansgrohe.png\",\"keywords\":[\"Bora Hansgrohe\",\"br\u00e8ve\",\"Primoz Roglic\",\"Roglic\",\"sport\"],\"articleSection\":[\"Cyclisme sur route\"],\"inLanguage\":\"fr-FR\",\"potentialAction\":[{\"@type\":\"CommentAction\",\"name\":\"Comment\",\"target\":[\"https:\/\/dicodusport.fr\/blog\/mercato-primoz-roglic-officiellement-chez-bora-hansgrohe\/#respond\"]}],\"copyrightYear\":\"2023\",\"copyrightHolder\":{\"@id\":\"https:\/\/dicodusport.fr\/blog\/#organization\"}},{\"@type\":\"WebPage\",\"@id\":\"https:\/\/dicodusport.fr\/blog\/mercato-primoz-roglic-officiellement-chez-bora-hansgrohe\/\",\"url\":\"https:\/\/dicodusport.fr\/blog\/mercato-primoz-roglic-officiellement-chez-bora-hansgrohe\/\",\"name\":\"Mercato : Primoz Roglic officiellement chez Bora-Hansgrohe\",\"isPartOf\":{\"@id\":\"https:\/\/dicodusport.fr\/blog\/#website\"},\"primaryImageOfPage\":{\"@id\":\"https:\/\/dicodusport.fr\/blog\/mercato-primoz-roglic-officiellement-chez-bora-hansgrohe\/#primaryimage\"},\"image\":{\"@id\":\"https:\/\/dicodusport.fr\/blog\/mercato-primoz-roglic-officiellement-chez-bora-hansgrohe\/#primaryimage\"},\"thumbnailUrl\":\"https:\/\/dicodusport.fr\/blog\/wp-content\/uploads\/2023\/10\/Mercato-Primoz-Roglic-officiellement-chez-Bora-Hansgrohe.png\",\"datePublished\":\"2023-10-06T09:18:52+00:00\",\"dateModified\":\"2023-10-06T09:33:16+00:00\",\"description\":\"CYCLISME SUR ROUTE 2024 - C'est d\u00e9sormais officiel, Primoz Roglic quitte Jumbo-Visma et s'engage avec la formation Bora-Hansgrohe.\",\"breadcrumb\":{\"@id\":\"https:\/\/dicodusport.fr\/blog\/mercato-primoz-roglic-officiellement-chez-bora-hansgrohe\/#breadcrumb\"},\"inLanguage\":\"fr-FR\",\"potentialAction\":[{\"@type\":\"ReadAction\",\"target\":[\"https:\/\/dicodusport.fr\/blog\/mercato-primoz-roglic-officiellement-chez-bora-hansgrohe\/\"]}]},{\"@type\":\"ImageObject\",\"inLanguage\":\"fr-FR\",\"@id\":\"https:\/\/dicodusport.fr\/blog\/mercato-primoz-roglic-officiellement-chez-bora-hansgrohe\/#primaryimage\",\"url\":\"https:\/\/dicodusport.fr\/blog\/wp-content\/uploads\/2023\/10\/Mercato-Primoz-Roglic-officiellement-chez-Bora-Hansgrohe.png\",\"contentUrl\":\"https:\/\/dicodusport.fr\/blog\/wp-content\/uploads\/2023\/10\/Mercato-Primoz-Roglic-officiellement-chez-Bora-Hansgrohe.png\",\"width\":800,\"height\":445,\"caption\":\"Mercato Primoz Roglic officiellement chez Bora-Hansgrohe\"},{\"@type\":\"BreadcrumbList\",\"@id\":\"https:\/\/dicodusport.fr\/blog\/mercato-primoz-roglic-officiellement-chez-bora-hansgrohe\/#breadcrumb\",\"itemListElement\":[{\"@type\":\"ListItem\",\"position\":1,\"name\":\"Accueil\",\"item\":\"https:\/\/dicodusport.fr\/blog\/\"},{\"@type\":\"ListItem\",\"position\":2,\"name\":\"Mercato : Primoz Roglic officiellement chez Bora-Hansgrohe\"}]},{\"@type\":\"WebSite\",\"@id\":\"https:\/\/dicodusport.fr\/blog\/#website\",\"url\":\"https:\/\/dicodusport.fr\/blog\/\",\"name\":\"Dicodusport\",\"description\":\"L&#039;encyclop\u00e9die de l&#039;actualit\u00e9 sportive\",\"publisher\":{\"@id\":\"https:\/\/dicodusport.fr\/blog\/#organization\"},\"potentialAction\":[{\"@type\":\"SearchAction\",\"target\":{\"@type\":\"EntryPoint\",\"urlTemplate\":\"https:\/\/dicodusport.fr\/blog\/?s={search_term_string}\"},\"query-input\":{\"@type\":\"PropertyValueSpecification\",\"valueRequired\":true,\"valueName\":\"search_term_string\"}}],\"inLanguage\":\"fr-FR\"},{\"@type\":\"NewsMediaOrganization\",\"@id\":\"https:\/\/dicodusport.fr\/blog\/#organization\",\"name\":\"Dicodusport\",\"url\":\"https:\/\/dicodusport.fr\/blog\/\",\"logo\":{\"@type\":\"ImageObject\",\"inLanguage\":\"fr-FR\",\"@id\":\"https:\/\/dicodusport.fr\/blog\/#\/schema\/logo\/image\/\",\"url\":\"https:\/\/dicodusport.fr\/blog\/wp-content\/uploads\/2020\/06\/cropped-LOGO-DICODUSPORT-2020-SANS-FOND-SANS-TEXTE.png\",\"contentUrl\":\"https:\/\/dicodusport.fr\/blog\/wp-content\/uploads\/2020\/06\/cropped-LOGO-DICODUSPORT-2020-SANS-FOND-SANS-TEXTE.png\",\"width\":512,\"height\":512,\"caption\":\"Dicodusport\"},\"image\":{\"@id\":\"https:\/\/dicodusport.fr\/blog\/#\/schema\/logo\/image\/\"},\"sameAs\":[\"https:\/\/www.facebook.com\/dicodusport\",\"https:\/\/x.com\/dicodusport\",\"https:\/\/www.instagram.com\/dicodusport\/\",\"https:\/\/www.youtube.com\/channel\/UC7V2KZ5sd3htJivAbA4ZG3w\"],\"description\":\"Dicodusport est l'encyclop\u00e9die de l'actualit\u00e9 sportive.\",\"email\":\"bonjour@dicodusport.fr\",\"legalName\":\"DICODUSPORT\",\"foundingDate\":\"2018-01-14\",\"vatID\":\"FR71834470973\",\"taxID\":\"83447097300043\",\"numberOfEmployees\":{\"@type\":\"QuantitativeValue\",\"minValue\":\"1\",\"maxValue\":\"10\"}},{\"@type\":\"Person\",\"@id\":\"https:\/\/dicodusport.fr\/blog\/#\/schema\/person\/627966a6cde45dbd8c5e36ac85d783da\",\"name\":\"S\u00e9bastien Gente\",\"image\":{\"@type\":\"ImageObject\",\"inLanguage\":\"fr-FR\",\"@id\":\"https:\/\/dicodusport.fr\/blog\/#\/schema\/person\/image\/\",\"url\":\"https:\/\/dicodusport.fr\/blog\/wp-content\/uploads\/2021\/09\/1510990_10205810251400683_4124423575079401707_n-150x150.jpg\",\"contentUrl\":\"https:\/\/dicodusport.fr\/blog\/wp-content\/uploads\/2021\/09\/1510990_10205810251400683_4124423575079401707_n-150x150.jpg\",\"caption\":\"S\u00e9bastien Gente\"},\"description\":\"John Stockton, Gianni Bugno, Zinedine Zidane, Steffi Graf, Frode Andresen, St\u00e9phane Stoecklin, Davis Kamoga, Primoz Peterka, Werner Schlager et Aur\u00e9lien Rougerie. Point commun entre ces sportifs? Ils m'ont fait r\u00eaver et ont berc\u00e9 mon adolescence. Je suis un fondu de sports et j'essaie de retranscrire ma passion \u00e0 travers mes articles. Originaire du P\u00e9rigord, ma passion pour les Girondins, les Jaunards et les Jazzmen transpire dans mes \u00e9crits. \u00c0 Dicodusport depuis 2021, je d\u00e9niche les sports m\u00e9connus dans lesquels la France brille, et il y en a !\",\"sameAs\":[\"https:\/\/www.facebook.com\/sebastien.gente\/\",\"https:\/\/www.instagram.com\/sebgente\/\",\"https:\/\/www.linkedin.com\/in\/sbastien-gente-a29583169\/\",\"https:\/\/x.com\/https:\/\/twitter.com\/globulo24\",\"SebastienGente\"],\"worksFor\":\"S\u00e9bastien GENTE\",\"url\":\"https:\/\/dicodusport.fr\/blog\/author\/sebastiengente\/\"}]}<\/script>\n<!-- \/ Yoast SEO Premium plugin. -->","yoast_head_json":{"title":"Mercato : Primoz Roglic officiellement chez Bora-Hansgrohe","description":"CYCLISME SUR ROUTE 2024 - C'est d\u00e9sormais officiel, Primoz Roglic quitte Jumbo-Visma et s'engage avec la formation Bora-Hansgrohe.","robots":{"index":"index","follow":"follow","max-snippet":"max-snippet:-1","max-image-preview":"max-image-preview:large","max-video-preview":"max-video-preview:-1"},"canonical":"https:\/\/dicodusport.fr\/blog\/mercato-primoz-roglic-officiellement-chez-bora-hansgrohe\/","og_locale":"fr_FR","og_type":"article","og_title":"Mercato : Primoz Roglic officiellement chez Bora-Hansgrohe","og_description":"CYCLISME SUR ROUTE 2024 - C'est d\u00e9sormais officiel, Primoz Roglic quitte Jumbo-Visma et s'engage avec la formation Bora-Hansgrohe.","og_url":"https:\/\/dicodusport.fr\/blog\/mercato-primoz-roglic-officiellement-chez-bora-hansgrohe\/","og_site_name":"Dicodusport","article_publisher":"https:\/\/www.facebook.com\/dicodusport","article_author":"https:\/\/www.facebook.com\/sebastien.gente\/","article_published_time":"2023-10-06T09:18:52+00:00","article_modified_time":"2023-10-06T09:33:16+00:00","og_image":[{"width":800,"height":445,"url":"https:\/\/dicodusport.fr\/blog\/wp-content\/uploads\/2023\/10\/Mercato-Primoz-Roglic-officiellement-chez-Bora-Hansgrohe.png","type":"image\/png"}],"author":"S\u00e9bastien Gente","twitter_card":"summary_large_image","twitter_title":"Mercato : Primoz Roglic officiellement chez Bora-Hansgrohe","twitter_creator":"@https:\/\/twitter.com\/globulo24","twitter_site":"@dicodusport","schema":{"@context":"https:\/\/schema.org","@graph":[{"@type":"NewsArticle","@id":"https:\/\/dicodusport.fr\/blog\/mercato-primoz-roglic-officiellement-chez-bora-hansgrohe\/#article","isPartOf":{"@id":"https:\/\/dicodusport.fr\/blog\/mercato-primoz-roglic-officiellement-chez-bora-hansgrohe\/"},"author":{"name":"S\u00e9bastien Gente","@id":"https:\/\/dicodusport.fr\/blog\/#\/schema\/person\/627966a6cde45dbd8c5e36ac85d783da"},"headline":"Mercato : Primoz Roglic officiellement chez Bora-Hansgrohe","datePublished":"2023-10-06T09:18:52+00:00","dateModified":"2023-10-06T09:33:16+00:00","mainEntityOfPage":{"@id":"https:\/\/dicodusport.fr\/blog\/mercato-primoz-roglic-officiellement-chez-bora-hansgrohe\/"},"wordCount":277,"commentCount":0,"publisher":{"@id":"https:\/\/dicodusport.fr\/blog\/#organization"},"image":{"@id":"https:\/\/dicodusport.fr\/blog\/mercato-primoz-roglic-officiellement-chez-bora-hansgrohe\/#primaryimage"},"thumbnailUrl":"https:\/\/dicodusport.fr\/blog\/wp-content\/uploads\/2023\/10\/Mercato-Primoz-Roglic-officiellement-chez-Bora-Hansgrohe.png","keywords":["Bora Hansgrohe","br\u00e8ve","Primoz Roglic","Roglic","sport"],"articleSection":["Cyclisme sur route"],"inLanguage":"fr-FR","potentialAction":[{"@type":"CommentAction","name":"Comment","target":["https:\/\/dicodusport.fr\/blog\/mercato-primoz-roglic-officiellement-chez-bora-hansgrohe\/#respond"]}],"copyrightYear":"2023","copyrightHolder":{"@id":"https:\/\/dicodusport.fr\/blog\/#organization"}},{"@type":"WebPage","@id":"https:\/\/dicodusport.fr\/blog\/mercato-primoz-roglic-officiellement-chez-bora-hansgrohe\/","url":"https:\/\/dicodusport.fr\/blog\/mercato-primoz-roglic-officiellement-chez-bora-hansgrohe\/","name":"Mercato : Primoz Roglic officiellement chez Bora-Hansgrohe","isPartOf":{"@id":"https:\/\/dicodusport.fr\/blog\/#website"},"primaryImageOfPage":{"@id":"https:\/\/dicodusport.fr\/blog\/mercato-primoz-roglic-officiellement-chez-bora-hansgrohe\/#primaryimage"},"image":{"@id":"https:\/\/dicodusport.fr\/blog\/mercato-primoz-roglic-officiellement-chez-bora-hansgrohe\/#primaryimage"},"thumbnailUrl":"https:\/\/dicodusport.fr\/blog\/wp-content\/uploads\/2023\/10\/Mercato-Primoz-Roglic-officiellement-chez-Bora-Hansgrohe.png","datePublished":"2023-10-06T09:18:52+00:00","dateModified":"2023-10-06T09:33:16+00:00","description":"CYCLISME SUR ROUTE 2024 - C'est d\u00e9sormais officiel, Primoz Roglic quitte Jumbo-Visma et s'engage avec la formation Bora-Hansgrohe.","breadcrumb":{"@id":"https:\/\/dicodusport.fr\/blog\/mercato-primoz-roglic-officiellement-chez-bora-hansgrohe\/#breadcrumb"},"inLanguage":"fr-FR","potentialAction":[{"@type":"ReadAction","target":["https:\/\/dicodusport.fr\/blog\/mercato-primoz-roglic-officiellement-chez-bora-hansgrohe\/"]}]},{"@type":"ImageObject","inLanguage":"fr-FR","@id":"https:\/\/dicodusport.fr\/blog\/mercato-primoz-roglic-officiellement-chez-bora-hansgrohe\/#primaryimage","url":"https:\/\/dicodusport.fr\/blog\/wp-content\/uploads\/2023\/10\/Mercato-Primoz-Roglic-officiellement-chez-Bora-Hansgrohe.png","contentUrl":"https:\/\/dicodusport.fr\/blog\/wp-content\/uploads\/2023\/10\/Mercato-Primoz-Roglic-officiellement-chez-Bora-Hansgrohe.png","width":800,"height":445,"caption":"Mercato Primoz Roglic officiellement chez Bora-Hansgrohe"},{"@type":"BreadcrumbList","@id":"https:\/\/dicodusport.fr\/blog\/mercato-primoz-roglic-officiellement-chez-bora-hansgrohe\/#breadcrumb","itemListElement":[{"@type":"ListItem","position":1,"name":"Accueil","item":"https:\/\/dicodusport.fr\/blog\/"},{"@type":"ListItem","position":2,"name":"Mercato : Primoz Roglic officiellement chez Bora-Hansgrohe"}]},{"@type":"WebSite","@id":"https:\/\/dicodusport.fr\/blog\/#website","url":"https:\/\/dicodusport.fr\/blog\/","name":"Dicodusport","description":"L&#039;encyclop\u00e9die de l&#039;actualit\u00e9 sportive","publisher":{"@id":"https:\/\/dicodusport.fr\/blog\/#organization"},"potentialAction":[{"@type":"SearchAction","target":{"@type":"EntryPoint","urlTemplate":"https:\/\/dicodusport.fr\/blog\/?s={search_term_string}"},"query-input":{"@type":"PropertyValueSpecification","valueRequired":true,"valueName":"search_term_string"}}],"inLanguage":"fr-FR"},{"@type":"NewsMediaOrganization","@id":"https:\/\/dicodusport.fr\/blog\/#organization","name":"Dicodusport","url":"https:\/\/dicodusport.fr\/blog\/","logo":{"@type":"ImageObject","inLanguage":"fr-FR","@id":"https:\/\/dicodusport.fr\/blog\/#\/schema\/logo\/image\/","url":"https:\/\/dicodusport.fr\/blog\/wp-content\/uploads\/2020\/06\/cropped-LOGO-DICODUSPORT-2020-SANS-FOND-SANS-TEXTE.png","contentUrl":"https:\/\/dicodusport.fr\/blog\/wp-content\/uploads\/2020\/06\/cropped-LOGO-DICODUSPORT-2020-SANS-FOND-SANS-TEXTE.png","width":512,"height":512,"caption":"Dicodusport"},"image":{"@id":"https:\/\/dicodusport.fr\/blog\/#\/schema\/logo\/image\/"},"sameAs":["https:\/\/www.facebook.com\/dicodusport","https:\/\/x.com\/dicodusport","https:\/\/www.instagram.com\/dicodusport\/","https:\/\/www.youtube.com\/channel\/UC7V2KZ5sd3htJivAbA4ZG3w"],"description":"Dicodusport est l'encyclop\u00e9die de l'actualit\u00e9 sportive.","email":"bonjour@dicodusport.fr","legalName":"DICODUSPORT","foundingDate":"2018-01-14","vatID":"FR71834470973","taxID":"83447097300043","numberOfEmployees":{"@type":"QuantitativeValue","minValue":"1","maxValue":"10"}},{"@type":"Person","@id":"https:\/\/dicodusport.fr\/blog\/#\/schema\/person\/627966a6cde45dbd8c5e36ac85d783da","name":"S\u00e9bastien Gente","image":{"@type":"ImageObject","inLanguage":"fr-FR","@id":"https:\/\/dicodusport.fr\/blog\/#\/schema\/person\/image\/","url":"https:\/\/dicodusport.fr\/blog\/wp-content\/uploads\/2021\/09\/1510990_10205810251400683_4124423575079401707_n-150x150.jpg","contentUrl":"https:\/\/dicodusport.fr\/blog\/wp-content\/uploads\/2021\/09\/1510990_10205810251400683_4124423575079401707_n-150x150.jpg","caption":"S\u00e9bastien Gente"},"description":"John Stockton, Gianni Bugno, Zinedine Zidane, Steffi Graf, Frode Andresen, St\u00e9phane Stoecklin, Davis Kamoga, Primoz Peterka, Werner Schlager et Aur\u00e9lien Rougerie. Point commun entre ces sportifs? Ils m'ont fait r\u00eaver et ont berc\u00e9 mon adolescence. Je suis un fondu de sports et j'essaie de retranscrire ma passion \u00e0 travers mes articles. Originaire du P\u00e9rigord, ma passion pour les Girondins, les Jaunards et les Jazzmen transpire dans mes \u00e9crits. \u00c0 Dicodusport depuis 2021, je d\u00e9niche les sports m\u00e9connus dans lesquels la France brille, et il y en a !","sameAs":["https:\/\/www.facebook.com\/sebastien.gente\/","https:\/\/www.instagram.com\/sebgente\/","https:\/\/www.linkedin.com\/in\/sbastien-gente-a29583169\/","https:\/\/x.com\/https:\/\/twitter.com\/globulo24","SebastienGente"],"worksFor":"S\u00e9bastien GENTE","url":"https:\/\/dicodusport.fr\/blog\/author\/sebastiengente\/"}]}},"_links":{"self":[{"href":"https:\/\/dicodusport.fr\/blog\/wp-json\/wp\/v2\/posts\/426651","targetHints":{"allow":["GET"]}}],"collection":[{"href":"https:\/\/dicodusport.fr\/blog\/wp-json\/wp\/v2\/posts"}],"about":[{"href":"https:\/\/dicodusport.fr\/blog\/wp-json\/wp\/v2\/types\/post"}],"author":[{"embeddable":true,"href":"https:\/\/dicodusport.fr\/blog\/wp-json\/wp\/v2\/users\/59"}],"replies":[{"embeddable":true,"href":"https:\/\/dicodusport.fr\/blog\/wp-json\/wp\/v2\/comments?post=426651"}],"version-history":[{"count":0,"href":"https:\/\/dicodusport.fr\/blog\/wp-json\/wp\/v2\/posts\/426651\/revisions"}],"wp:featuredmedia":[{"embeddable":true,"href":"https:\/\/dicodusport.fr\/blog\/wp-json\/wp\/v2\/media\/426652"}],"wp:attachment":[{"href":"https:\/\/dicodusport.fr\/blog\/wp-json\/wp\/v2\/media?parent=426651"}],"wp:term":[{"taxonomy":"category","embeddable":true,"href":"https:\/\/dicodusport.fr\/blog\/wp-json\/wp\/v2\/categories?post=426651"},{"taxonomy":"post_tag","embeddable":true,"href":"https:\/\/dicodusport.fr\/blog\/wp-json\/wp\/v2\/tags?post=426651"}],"curies":[{"name":"wp","href":"https:\/\/api.w.org\/{rel}","templated":true}]}}