{"id":426918,"date":"2023-10-07T08:34:55","date_gmt":"2023-10-07T06:34:55","guid":{"rendered":"https:\/\/dicodusport.fr\/blog\/?p=426918&#038;preview=true&#038;preview_id=426918"},"modified":"2023-10-07T13:35:50","modified_gmt":"2023-10-07T11:35:50","slug":"vtt-xcc-mont-sainte-anne-laura-stigger-et-victor-koretzky-victorieux","status":"publish","type":"post","link":"https:\/\/dicodusport.fr\/blog\/vtt-xcc-mont-sainte-anne-laura-stigger-et-victor-koretzky-victorieux\/","title":{"rendered":"VTT XCC Mont-Sainte-Anne : Laura Stigger et Victor Koretzky victorieux"},"content":{"rendered":"<p style=\"text-align: justify;\"><b><i><a href=\"https:\/\/dicodusport.fr\/blog\/actualites\/cyclisme\/vtt\/coupe-du-monde-vtt-2023\/\">COUPE DU MONDE DE VTT 2023<\/a> &#8211; Laura Stigger (Autriche) et Victor Koretzky (France) ont remport\u00e9 la course XCC de la Coupe du monde de Mont-Sainte-Anne, au Canada.<\/i><\/b><\/p>\n<p style=\"text-align: justify;\">Week-end de finales de <strong>Coupe du monde de VTT Cross-country<\/strong> \u00e0 <strong>Mont-Sainte-Anne<\/strong>, au Canada. Ce vendredi soir (en France), les courses XCC se sont disput\u00e9es. Chez les dames, l&rsquo;Autrichienne <strong>Laura Stigger<\/strong> (Specialized Factory Racing) s&rsquo;est impos\u00e9e en patronne. Laur\u00e9ate de la course XCO le week-end dernier \u00e0 Snowshoe (USA), elle devance la Fran\u00e7aise<strong> Loana Lecomte<\/strong> (Canyon CLL CTV) et l&rsquo;Australienne <strong>Rebecca Henderson<\/strong> (Primaflor Mondraker). Assur\u00e9e de remporter le classement g\u00e9n\u00e9ral de la Coupe du monde de VTT Cross-country, la N\u00e9erlandaise <strong>Puck Pieterse<\/strong> (Alpecin-Deceuninck) s&rsquo;offre \u00e9galement le g\u00e9n\u00e9ral XCC, apr\u00e8s sa 5\u00e8me place du jour.<\/p>\n<blockquote class=\"twitter-tweet\">\n<p dir=\"ltr\" lang=\"fr\">\ud83c\uddeb\ud83c\uddf7 Encore un podium pour Loana Lecomte ! La Fran\u00e7aise prend la 2e place du cross-country short track remport\u00e9 par Laura Stigger au Mont-Sainte-Anne.<\/p>\n<p>Suivez le d\u00e9nouement de la Coupe du monde de VTT sur Eurosport <a href=\"https:\/\/twitter.com\/hashtag\/MTBWorldCup?src=hash&amp;ref_src=twsrc%5Etfw\">#MTBWorldCup<\/a> <a href=\"https:\/\/t.co\/eDl28wghoB\">https:\/\/t.co\/eDl28wghoB<\/a> <a href=\"https:\/\/t.co\/TB9RItmf04\">pic.twitter.com\/TB9RItmf04<\/a><\/p>\n<p>\u2014 Eurosport France (@Eurosport_FR) <a href=\"https:\/\/twitter.com\/Eurosport_FR\/status\/1710400430448988295?ref_src=twsrc%5Etfw\">October 6, 2023<\/a><\/p><\/blockquote>\n<p><script async src=\"https:\/\/platform.twitter.com\/widgets.js\" charset=\"utf-8\"><\/script><\/p>\n<p style=\"text-align: justify;\">Chez les hommes, on n&rsquo;arr\u00eate plus <strong>Victor Koretzky<\/strong>, victorieux pour la quatri\u00e8me fois cette saison en Coupe du monde. Le Fran\u00e7ais, pilote du team <strong>Specialized Factory Racing<\/strong>, comme <strong>Laura Stigger<\/strong>, s&rsquo;est impos\u00e9 en costaud, devan\u00e7ant, comme \u00e0 Snowshoe, son compatriote Jordan Sarrou (Team BMC). Le podium est compl\u00e9t\u00e9 par l&rsquo;Am\u00e9ricain <strong>Christopher Blevins<\/strong> (Specialized Factory Racing). Le g\u00e9n\u00e9ral XCC est remport\u00e9 par l&rsquo;Allemand <strong>Luca Schwarzbauer<\/strong> (Canyon CLL CTV). Le g\u00e9n\u00e9ral du Cross-country se jouera dimanche, avec <strong>Nino Schurter<\/strong> et <strong>Jordan Sarrou<\/strong> en t\u00eate de la bataille.<\/p>\n<blockquote class=\"twitter-tweet\">\n<p dir=\"ltr\" lang=\"fr\">\ud83c\uddeb\ud83c\uddf7\ud83d\ude0d Le doubl\u00e9 fran\u00e7ais ! Victor Koretzky triomphe devant Jordan Sarrou sur le cross-country short track au Mont-Sainte-Anne !<\/p>\n<p>Suivez le d\u00e9nouement de la Coupe du monde de VTT sur Eurosport <a href=\"https:\/\/twitter.com\/hashtag\/MTBWorldCup?src=hash&amp;ref_src=twsrc%5Etfw\">#MTBWorldCup<\/a> <a href=\"https:\/\/t.co\/eDl28wghoB\">https:\/\/t.co\/eDl28wghoB<\/a> <a href=\"https:\/\/t.co\/utgkHFAUN9\">pic.twitter.com\/utgkHFAUN9<\/a><\/p>\n<p>\u2014 Eurosport France (@Eurosport_FR) <a href=\"https:\/\/twitter.com\/Eurosport_FR\/status\/1710411295722254344?ref_src=twsrc%5Etfw\">October 6, 2023<\/a><\/p><\/blockquote>\n<p><script async src=\"https:\/\/platform.twitter.com\/widgets.js\" charset=\"utf-8\"><\/script><\/p>\n<h2 style=\"text-align: justify;\">\u00c0 lire aussi<\/h2>\n<ul>\n<li style=\"text-align: justify;\"><strong><a href=\"https:\/\/firstcycling.com\/race.php?r=13639&amp;y=2023\">Le classement complet de la course hommes de VTT Short track de Mont-Sainte-Anne<\/a><br \/>\n<\/strong><\/li>\n<li style=\"text-align: justify;\"><a href=\"https:\/\/dicodusport.fr\/blog\/vtt-cross-country-classement-general-coupe-du-monde-2023\/\"><strong>Classement g\u00e9n\u00e9ral Coupe du monde de VTT Cross-country<\/strong><\/a><\/li>\n<li style=\"text-align: justify;\"><a href=\"https:\/\/dicodusport.fr\/blog\/vtt-xc-coupe-du-monde-2023-calendrier-et-resultats\/\"><strong>Calendrier et r\u00e9sultats de la Coupe du monde de VTT Cross-country 2023<\/strong><\/a><\/li>\n<\/ul>\n","protected":false},"excerpt":{"rendered":"<p>COUPE DU MONDE DE VTT 2023 &#8211; Comme \u00e0 Snowshoe (USA), Laura Stigger et Victor Koretzky ont remport\u00e9 la course XCC de la Coupe du monde de Mont-Sainte-Anne, au Canada.<\/p>\n","protected":false},"author":4,"featured_media":426925,"comment_status":"open","ping_status":"closed","sticky":false,"template":"","format":"standard","meta":{"_acf_changed":false,"_daextam_enable_autolinks":"1","footnotes":""},"categories":[10279],"tags":[16878,25598],"class_list":["post-426918","post","type-post","status-publish","format-standard","has-post-thumbnail","hentry","category-vtt","tag-breve","tag-vtt-xcc-mont-sainte-anne"],"acf":[],"yoast_head":"<!-- This site is optimized with the Yoast SEO Premium plugin v26.7 (Yoast SEO v26.7) - https:\/\/yoast.com\/wordpress\/plugins\/seo\/ -->\n<title>VTT XCC Mont-Sainte-Anne : Laura Stigger et Victor Koretzky victorieux<\/title>\n<meta name=\"description\" content=\"COUPE DU MONDE DE VTT 2023 - Laura Stigger et Victor Koretzky ont remport\u00e9 la course XCC de la Coupe du monde de Mont-Sainte-Anne, au Canada.\" \/>\n<meta name=\"robots\" content=\"index, follow, max-snippet:-1, max-image-preview:large, max-video-preview:-1\" \/>\n<link rel=\"canonical\" href=\"https:\/\/dicodusport.fr\/blog\/vtt-xcc-mont-sainte-anne-laura-stigger-et-victor-koretzky-victorieux\/\" \/>\n<meta property=\"og:locale\" content=\"fr_FR\" \/>\n<meta property=\"og:type\" content=\"article\" \/>\n<meta property=\"og:title\" content=\"VTT XCC Mont-Sainte-Anne : Laura Stigger et Victor Koretzky victorieux\" \/>\n<meta property=\"og:description\" content=\"COUPE DU MONDE DE VTT 2023 - Laura Stigger et Victor Koretzky ont remport\u00e9 la course XCC de la Coupe du monde de Mont-Sainte-Anne, au Canada.\" \/>\n<meta property=\"og:url\" content=\"https:\/\/dicodusport.fr\/blog\/vtt-xcc-mont-sainte-anne-laura-stigger-et-victor-koretzky-victorieux\/\" \/>\n<meta property=\"og:site_name\" content=\"Dicodusport\" \/>\n<meta property=\"article:publisher\" content=\"https:\/\/www.facebook.com\/dicodusport\" \/>\n<meta property=\"article:author\" content=\"https:\/\/www.facebook.com\/florent.ostermann\" \/>\n<meta property=\"article:published_time\" content=\"2023-10-07T06:34:55+00:00\" \/>\n<meta property=\"article:modified_time\" content=\"2023-10-07T11:35:50+00:00\" \/>\n<meta property=\"og:image\" content=\"https:\/\/dicodusport.fr\/blog\/wp-content\/uploads\/2023\/10\/VTT-XCC-Mont-Sainte-Anne-Laura-Stigger-et-Victor-Koretzky-victorieux.png\" \/>\n\t<meta property=\"og:image:width\" content=\"800\" \/>\n\t<meta property=\"og:image:height\" content=\"445\" \/>\n\t<meta property=\"og:image:type\" content=\"image\/png\" \/>\n<meta name=\"author\" content=\"Flo Ostermann\" \/>\n<meta name=\"twitter:card\" content=\"summary_large_image\" \/>\n<meta name=\"twitter:title\" content=\"VTT XCC Mont-Sainte-Anne : Laura Stigger et Victor Koretzky victorieux\" \/>\n<meta name=\"twitter:creator\" content=\"@https:\/\/twitter.com\/FlOstermann\" \/>\n<meta name=\"twitter:site\" content=\"@dicodusport\" \/>\n<script type=\"application\/ld+json\" class=\"yoast-schema-graph\">{\"@context\":\"https:\/\/schema.org\",\"@graph\":[{\"@type\":\"NewsArticle\",\"@id\":\"https:\/\/dicodusport.fr\/blog\/vtt-xcc-mont-sainte-anne-laura-stigger-et-victor-koretzky-victorieux\/#article\",\"isPartOf\":{\"@id\":\"https:\/\/dicodusport.fr\/blog\/vtt-xcc-mont-sainte-anne-laura-stigger-et-victor-koretzky-victorieux\/\"},\"author\":{\"name\":\"Flo Ostermann\",\"@id\":\"https:\/\/dicodusport.fr\/blog\/#\/schema\/person\/cb02af4c173ce4a653b55e9baf388d4a\"},\"headline\":\"VTT XCC Mont-Sainte-Anne : Laura Stigger et Victor Koretzky victorieux\",\"datePublished\":\"2023-10-07T06:34:55+00:00\",\"dateModified\":\"2023-10-07T11:35:50+00:00\",\"mainEntityOfPage\":{\"@id\":\"https:\/\/dicodusport.fr\/blog\/vtt-xcc-mont-sainte-anne-laura-stigger-et-victor-koretzky-victorieux\/\"},\"wordCount\":376,\"commentCount\":0,\"publisher\":{\"@id\":\"https:\/\/dicodusport.fr\/blog\/#organization\"},\"image\":{\"@id\":\"https:\/\/dicodusport.fr\/blog\/vtt-xcc-mont-sainte-anne-laura-stigger-et-victor-koretzky-victorieux\/#primaryimage\"},\"thumbnailUrl\":\"https:\/\/dicodusport.fr\/blog\/wp-content\/uploads\/2023\/10\/VTT-XCC-Mont-Sainte-Anne-Laura-Stigger-et-Victor-Koretzky-victorieux.png\",\"keywords\":[\"br\u00e8ve\",\"VTT XCC Mont-Sainte-Anne\"],\"articleSection\":[\"VTT\"],\"inLanguage\":\"fr-FR\",\"potentialAction\":[{\"@type\":\"CommentAction\",\"name\":\"Comment\",\"target\":[\"https:\/\/dicodusport.fr\/blog\/vtt-xcc-mont-sainte-anne-laura-stigger-et-victor-koretzky-victorieux\/#respond\"]}],\"copyrightYear\":\"2023\",\"copyrightHolder\":{\"@id\":\"https:\/\/dicodusport.fr\/blog\/#organization\"}},{\"@type\":\"WebPage\",\"@id\":\"https:\/\/dicodusport.fr\/blog\/vtt-xcc-mont-sainte-anne-laura-stigger-et-victor-koretzky-victorieux\/\",\"url\":\"https:\/\/dicodusport.fr\/blog\/vtt-xcc-mont-sainte-anne-laura-stigger-et-victor-koretzky-victorieux\/\",\"name\":\"VTT XCC Mont-Sainte-Anne : Laura Stigger et Victor Koretzky victorieux\",\"isPartOf\":{\"@id\":\"https:\/\/dicodusport.fr\/blog\/#website\"},\"primaryImageOfPage\":{\"@id\":\"https:\/\/dicodusport.fr\/blog\/vtt-xcc-mont-sainte-anne-laura-stigger-et-victor-koretzky-victorieux\/#primaryimage\"},\"image\":{\"@id\":\"https:\/\/dicodusport.fr\/blog\/vtt-xcc-mont-sainte-anne-laura-stigger-et-victor-koretzky-victorieux\/#primaryimage\"},\"thumbnailUrl\":\"https:\/\/dicodusport.fr\/blog\/wp-content\/uploads\/2023\/10\/VTT-XCC-Mont-Sainte-Anne-Laura-Stigger-et-Victor-Koretzky-victorieux.png\",\"datePublished\":\"2023-10-07T06:34:55+00:00\",\"dateModified\":\"2023-10-07T11:35:50+00:00\",\"description\":\"COUPE DU MONDE DE VTT 2023 - Laura Stigger et Victor Koretzky ont remport\u00e9 la course XCC de la Coupe du monde de Mont-Sainte-Anne, au Canada.\",\"breadcrumb\":{\"@id\":\"https:\/\/dicodusport.fr\/blog\/vtt-xcc-mont-sainte-anne-laura-stigger-et-victor-koretzky-victorieux\/#breadcrumb\"},\"inLanguage\":\"fr-FR\",\"potentialAction\":[{\"@type\":\"ReadAction\",\"target\":[\"https:\/\/dicodusport.fr\/blog\/vtt-xcc-mont-sainte-anne-laura-stigger-et-victor-koretzky-victorieux\/\"]}]},{\"@type\":\"ImageObject\",\"inLanguage\":\"fr-FR\",\"@id\":\"https:\/\/dicodusport.fr\/blog\/vtt-xcc-mont-sainte-anne-laura-stigger-et-victor-koretzky-victorieux\/#primaryimage\",\"url\":\"https:\/\/dicodusport.fr\/blog\/wp-content\/uploads\/2023\/10\/VTT-XCC-Mont-Sainte-Anne-Laura-Stigger-et-Victor-Koretzky-victorieux.png\",\"contentUrl\":\"https:\/\/dicodusport.fr\/blog\/wp-content\/uploads\/2023\/10\/VTT-XCC-Mont-Sainte-Anne-Laura-Stigger-et-Victor-Koretzky-victorieux.png\",\"width\":800,\"height\":445,\"caption\":\"VTT XCC Mont-Sainte-Anne Laura Stigger et Victor Koretzky victorieux\"},{\"@type\":\"BreadcrumbList\",\"@id\":\"https:\/\/dicodusport.fr\/blog\/vtt-xcc-mont-sainte-anne-laura-stigger-et-victor-koretzky-victorieux\/#breadcrumb\",\"itemListElement\":[{\"@type\":\"ListItem\",\"position\":1,\"name\":\"Accueil\",\"item\":\"https:\/\/dicodusport.fr\/blog\/\"},{\"@type\":\"ListItem\",\"position\":2,\"name\":\"VTT XCC Mont-Sainte-Anne : Laura Stigger et Victor Koretzky victorieux\"}]},{\"@type\":\"WebSite\",\"@id\":\"https:\/\/dicodusport.fr\/blog\/#website\",\"url\":\"https:\/\/dicodusport.fr\/blog\/\",\"name\":\"Dicodusport\",\"description\":\"L&#039;encyclop\u00e9die de l&#039;actualit\u00e9 sportive\",\"publisher\":{\"@id\":\"https:\/\/dicodusport.fr\/blog\/#organization\"},\"potentialAction\":[{\"@type\":\"SearchAction\",\"target\":{\"@type\":\"EntryPoint\",\"urlTemplate\":\"https:\/\/dicodusport.fr\/blog\/?s={search_term_string}\"},\"query-input\":{\"@type\":\"PropertyValueSpecification\",\"valueRequired\":true,\"valueName\":\"search_term_string\"}}],\"inLanguage\":\"fr-FR\"},{\"@type\":\"NewsMediaOrganization\",\"@id\":\"https:\/\/dicodusport.fr\/blog\/#organization\",\"name\":\"Dicodusport\",\"url\":\"https:\/\/dicodusport.fr\/blog\/\",\"logo\":{\"@type\":\"ImageObject\",\"inLanguage\":\"fr-FR\",\"@id\":\"https:\/\/dicodusport.fr\/blog\/#\/schema\/logo\/image\/\",\"url\":\"https:\/\/dicodusport.fr\/blog\/wp-content\/uploads\/2020\/06\/cropped-LOGO-DICODUSPORT-2020-SANS-FOND-SANS-TEXTE.png\",\"contentUrl\":\"https:\/\/dicodusport.fr\/blog\/wp-content\/uploads\/2020\/06\/cropped-LOGO-DICODUSPORT-2020-SANS-FOND-SANS-TEXTE.png\",\"width\":512,\"height\":512,\"caption\":\"Dicodusport\"},\"image\":{\"@id\":\"https:\/\/dicodusport.fr\/blog\/#\/schema\/logo\/image\/\"},\"sameAs\":[\"https:\/\/www.facebook.com\/dicodusport\",\"https:\/\/x.com\/dicodusport\",\"https:\/\/www.instagram.com\/dicodusport\/\",\"https:\/\/www.youtube.com\/channel\/UC7V2KZ5sd3htJivAbA4ZG3w\"],\"description\":\"Dicodusport est l'encyclop\u00e9die de l'actualit\u00e9 sportive.\",\"email\":\"bonjour@dicodusport.fr\",\"legalName\":\"DICODUSPORT\",\"foundingDate\":\"2018-01-14\",\"vatID\":\"FR71834470973\",\"taxID\":\"83447097300043\",\"numberOfEmployees\":{\"@type\":\"QuantitativeValue\",\"minValue\":\"1\",\"maxValue\":\"10\"}},{\"@type\":\"Person\",\"@id\":\"https:\/\/dicodusport.fr\/blog\/#\/schema\/person\/cb02af4c173ce4a653b55e9baf388d4a\",\"name\":\"Flo Ostermann\",\"image\":{\"@type\":\"ImageObject\",\"inLanguage\":\"fr-FR\",\"@id\":\"https:\/\/dicodusport.fr\/blog\/#\/schema\/person\/image\/\",\"url\":\"https:\/\/dicodusport.fr\/blog\/wp-content\/uploads\/2021\/05\/Flo-Ostermann-150x150.jpg\",\"contentUrl\":\"https:\/\/dicodusport.fr\/blog\/wp-content\/uploads\/2021\/05\/Flo-Ostermann-150x150.jpg\",\"caption\":\"Flo Ostermann\"},\"description\":\"Journaliste\/R\u00e9dacteur depuis septembre 2015 - Mes premiers souvenirs dans le sport ? Les envol\u00e9es du Stade Toulousain et les duels Villeneuve-Schumacher et H\u00e4kkinen-Schumacher \u00e0 la fin des ann\u00e9es 90, la Coupe du monde de football en 1998, l\u2019exploit du XV de France face aux All Blacks en 1999, mais aussi Richard C\u0153ur de Lion qui vole sur les montagnes du Tour de France. Bien parti pour devenir professeur d\u2019EPS, les \u00e9v\u00e9nements de la vie (et la flemme d\u2019animer des s\u00e9ances de 3x500 m\u00e8tres toute ma vie) m\u2019ont conduit \u00e0 revoir mes plans. Me voil\u00e0 depuis fin 2017 sur Dicodusport, m\u00e9dia gr\u00e2ce (et pour) lequel je partage ma passion : le sport dans tous ses \u00e9tats. Le tout accompagn\u00e9 par les fous furieux et folles furieuses cit\u00e9s sur cette page !\",\"sameAs\":[\"https:\/\/www.facebook.com\/florent.ostermann\",\"https:\/\/x.com\/https:\/\/twitter.com\/FlOstermann\",\"admin\"],\"url\":\"https:\/\/dicodusport.fr\/blog\/author\/flo\/\"}]}<\/script>\n<!-- \/ Yoast SEO Premium plugin. -->","yoast_head_json":{"title":"VTT XCC Mont-Sainte-Anne : Laura Stigger et Victor Koretzky victorieux","description":"COUPE DU MONDE DE VTT 2023 - Laura Stigger et Victor Koretzky ont remport\u00e9 la course XCC de la Coupe du monde de Mont-Sainte-Anne, au Canada.","robots":{"index":"index","follow":"follow","max-snippet":"max-snippet:-1","max-image-preview":"max-image-preview:large","max-video-preview":"max-video-preview:-1"},"canonical":"https:\/\/dicodusport.fr\/blog\/vtt-xcc-mont-sainte-anne-laura-stigger-et-victor-koretzky-victorieux\/","og_locale":"fr_FR","og_type":"article","og_title":"VTT XCC Mont-Sainte-Anne : Laura Stigger et Victor Koretzky victorieux","og_description":"COUPE DU MONDE DE VTT 2023 - Laura Stigger et Victor Koretzky ont remport\u00e9 la course XCC de la Coupe du monde de Mont-Sainte-Anne, au Canada.","og_url":"https:\/\/dicodusport.fr\/blog\/vtt-xcc-mont-sainte-anne-laura-stigger-et-victor-koretzky-victorieux\/","og_site_name":"Dicodusport","article_publisher":"https:\/\/www.facebook.com\/dicodusport","article_author":"https:\/\/www.facebook.com\/florent.ostermann","article_published_time":"2023-10-07T06:34:55+00:00","article_modified_time":"2023-10-07T11:35:50+00:00","og_image":[{"width":800,"height":445,"url":"https:\/\/dicodusport.fr\/blog\/wp-content\/uploads\/2023\/10\/VTT-XCC-Mont-Sainte-Anne-Laura-Stigger-et-Victor-Koretzky-victorieux.png","type":"image\/png"}],"author":"Flo Ostermann","twitter_card":"summary_large_image","twitter_title":"VTT XCC Mont-Sainte-Anne : Laura Stigger et Victor Koretzky victorieux","twitter_creator":"@https:\/\/twitter.com\/FlOstermann","twitter_site":"@dicodusport","schema":{"@context":"https:\/\/schema.org","@graph":[{"@type":"NewsArticle","@id":"https:\/\/dicodusport.fr\/blog\/vtt-xcc-mont-sainte-anne-laura-stigger-et-victor-koretzky-victorieux\/#article","isPartOf":{"@id":"https:\/\/dicodusport.fr\/blog\/vtt-xcc-mont-sainte-anne-laura-stigger-et-victor-koretzky-victorieux\/"},"author":{"name":"Flo Ostermann","@id":"https:\/\/dicodusport.fr\/blog\/#\/schema\/person\/cb02af4c173ce4a653b55e9baf388d4a"},"headline":"VTT XCC Mont-Sainte-Anne : Laura Stigger et Victor Koretzky victorieux","datePublished":"2023-10-07T06:34:55+00:00","dateModified":"2023-10-07T11:35:50+00:00","mainEntityOfPage":{"@id":"https:\/\/dicodusport.fr\/blog\/vtt-xcc-mont-sainte-anne-laura-stigger-et-victor-koretzky-victorieux\/"},"wordCount":376,"commentCount":0,"publisher":{"@id":"https:\/\/dicodusport.fr\/blog\/#organization"},"image":{"@id":"https:\/\/dicodusport.fr\/blog\/vtt-xcc-mont-sainte-anne-laura-stigger-et-victor-koretzky-victorieux\/#primaryimage"},"thumbnailUrl":"https:\/\/dicodusport.fr\/blog\/wp-content\/uploads\/2023\/10\/VTT-XCC-Mont-Sainte-Anne-Laura-Stigger-et-Victor-Koretzky-victorieux.png","keywords":["br\u00e8ve","VTT XCC Mont-Sainte-Anne"],"articleSection":["VTT"],"inLanguage":"fr-FR","potentialAction":[{"@type":"CommentAction","name":"Comment","target":["https:\/\/dicodusport.fr\/blog\/vtt-xcc-mont-sainte-anne-laura-stigger-et-victor-koretzky-victorieux\/#respond"]}],"copyrightYear":"2023","copyrightHolder":{"@id":"https:\/\/dicodusport.fr\/blog\/#organization"}},{"@type":"WebPage","@id":"https:\/\/dicodusport.fr\/blog\/vtt-xcc-mont-sainte-anne-laura-stigger-et-victor-koretzky-victorieux\/","url":"https:\/\/dicodusport.fr\/blog\/vtt-xcc-mont-sainte-anne-laura-stigger-et-victor-koretzky-victorieux\/","name":"VTT XCC Mont-Sainte-Anne : Laura Stigger et Victor Koretzky victorieux","isPartOf":{"@id":"https:\/\/dicodusport.fr\/blog\/#website"},"primaryImageOfPage":{"@id":"https:\/\/dicodusport.fr\/blog\/vtt-xcc-mont-sainte-anne-laura-stigger-et-victor-koretzky-victorieux\/#primaryimage"},"image":{"@id":"https:\/\/dicodusport.fr\/blog\/vtt-xcc-mont-sainte-anne-laura-stigger-et-victor-koretzky-victorieux\/#primaryimage"},"thumbnailUrl":"https:\/\/dicodusport.fr\/blog\/wp-content\/uploads\/2023\/10\/VTT-XCC-Mont-Sainte-Anne-Laura-Stigger-et-Victor-Koretzky-victorieux.png","datePublished":"2023-10-07T06:34:55+00:00","dateModified":"2023-10-07T11:35:50+00:00","description":"COUPE DU MONDE DE VTT 2023 - Laura Stigger et Victor Koretzky ont remport\u00e9 la course XCC de la Coupe du monde de Mont-Sainte-Anne, au Canada.","breadcrumb":{"@id":"https:\/\/dicodusport.fr\/blog\/vtt-xcc-mont-sainte-anne-laura-stigger-et-victor-koretzky-victorieux\/#breadcrumb"},"inLanguage":"fr-FR","potentialAction":[{"@type":"ReadAction","target":["https:\/\/dicodusport.fr\/blog\/vtt-xcc-mont-sainte-anne-laura-stigger-et-victor-koretzky-victorieux\/"]}]},{"@type":"ImageObject","inLanguage":"fr-FR","@id":"https:\/\/dicodusport.fr\/blog\/vtt-xcc-mont-sainte-anne-laura-stigger-et-victor-koretzky-victorieux\/#primaryimage","url":"https:\/\/dicodusport.fr\/blog\/wp-content\/uploads\/2023\/10\/VTT-XCC-Mont-Sainte-Anne-Laura-Stigger-et-Victor-Koretzky-victorieux.png","contentUrl":"https:\/\/dicodusport.fr\/blog\/wp-content\/uploads\/2023\/10\/VTT-XCC-Mont-Sainte-Anne-Laura-Stigger-et-Victor-Koretzky-victorieux.png","width":800,"height":445,"caption":"VTT XCC Mont-Sainte-Anne Laura Stigger et Victor Koretzky victorieux"},{"@type":"BreadcrumbList","@id":"https:\/\/dicodusport.fr\/blog\/vtt-xcc-mont-sainte-anne-laura-stigger-et-victor-koretzky-victorieux\/#breadcrumb","itemListElement":[{"@type":"ListItem","position":1,"name":"Accueil","item":"https:\/\/dicodusport.fr\/blog\/"},{"@type":"ListItem","position":2,"name":"VTT XCC Mont-Sainte-Anne : Laura Stigger et Victor Koretzky victorieux"}]},{"@type":"WebSite","@id":"https:\/\/dicodusport.fr\/blog\/#website","url":"https:\/\/dicodusport.fr\/blog\/","name":"Dicodusport","description":"L&#039;encyclop\u00e9die de l&#039;actualit\u00e9 sportive","publisher":{"@id":"https:\/\/dicodusport.fr\/blog\/#organization"},"potentialAction":[{"@type":"SearchAction","target":{"@type":"EntryPoint","urlTemplate":"https:\/\/dicodusport.fr\/blog\/?s={search_term_string}"},"query-input":{"@type":"PropertyValueSpecification","valueRequired":true,"valueName":"search_term_string"}}],"inLanguage":"fr-FR"},{"@type":"NewsMediaOrganization","@id":"https:\/\/dicodusport.fr\/blog\/#organization","name":"Dicodusport","url":"https:\/\/dicodusport.fr\/blog\/","logo":{"@type":"ImageObject","inLanguage":"fr-FR","@id":"https:\/\/dicodusport.fr\/blog\/#\/schema\/logo\/image\/","url":"https:\/\/dicodusport.fr\/blog\/wp-content\/uploads\/2020\/06\/cropped-LOGO-DICODUSPORT-2020-SANS-FOND-SANS-TEXTE.png","contentUrl":"https:\/\/dicodusport.fr\/blog\/wp-content\/uploads\/2020\/06\/cropped-LOGO-DICODUSPORT-2020-SANS-FOND-SANS-TEXTE.png","width":512,"height":512,"caption":"Dicodusport"},"image":{"@id":"https:\/\/dicodusport.fr\/blog\/#\/schema\/logo\/image\/"},"sameAs":["https:\/\/www.facebook.com\/dicodusport","https:\/\/x.com\/dicodusport","https:\/\/www.instagram.com\/dicodusport\/","https:\/\/www.youtube.com\/channel\/UC7V2KZ5sd3htJivAbA4ZG3w"],"description":"Dicodusport est l'encyclop\u00e9die de l'actualit\u00e9 sportive.","email":"bonjour@dicodusport.fr","legalName":"DICODUSPORT","foundingDate":"2018-01-14","vatID":"FR71834470973","taxID":"83447097300043","numberOfEmployees":{"@type":"QuantitativeValue","minValue":"1","maxValue":"10"}},{"@type":"Person","@id":"https:\/\/dicodusport.fr\/blog\/#\/schema\/person\/cb02af4c173ce4a653b55e9baf388d4a","name":"Flo Ostermann","image":{"@type":"ImageObject","inLanguage":"fr-FR","@id":"https:\/\/dicodusport.fr\/blog\/#\/schema\/person\/image\/","url":"https:\/\/dicodusport.fr\/blog\/wp-content\/uploads\/2021\/05\/Flo-Ostermann-150x150.jpg","contentUrl":"https:\/\/dicodusport.fr\/blog\/wp-content\/uploads\/2021\/05\/Flo-Ostermann-150x150.jpg","caption":"Flo Ostermann"},"description":"Journaliste\/R\u00e9dacteur depuis septembre 2015 - Mes premiers souvenirs dans le sport ? Les envol\u00e9es du Stade Toulousain et les duels Villeneuve-Schumacher et H\u00e4kkinen-Schumacher \u00e0 la fin des ann\u00e9es 90, la Coupe du monde de football en 1998, l\u2019exploit du XV de France face aux All Blacks en 1999, mais aussi Richard C\u0153ur de Lion qui vole sur les montagnes du Tour de France. Bien parti pour devenir professeur d\u2019EPS, les \u00e9v\u00e9nements de la vie (et la flemme d\u2019animer des s\u00e9ances de 3x500 m\u00e8tres toute ma vie) m\u2019ont conduit \u00e0 revoir mes plans. Me voil\u00e0 depuis fin 2017 sur Dicodusport, m\u00e9dia gr\u00e2ce (et pour) lequel je partage ma passion : le sport dans tous ses \u00e9tats. Le tout accompagn\u00e9 par les fous furieux et folles furieuses cit\u00e9s sur cette page !","sameAs":["https:\/\/www.facebook.com\/florent.ostermann","https:\/\/x.com\/https:\/\/twitter.com\/FlOstermann","admin"],"url":"https:\/\/dicodusport.fr\/blog\/author\/flo\/"}]}},"_links":{"self":[{"href":"https:\/\/dicodusport.fr\/blog\/wp-json\/wp\/v2\/posts\/426918","targetHints":{"allow":["GET"]}}],"collection":[{"href":"https:\/\/dicodusport.fr\/blog\/wp-json\/wp\/v2\/posts"}],"about":[{"href":"https:\/\/dicodusport.fr\/blog\/wp-json\/wp\/v2\/types\/post"}],"author":[{"embeddable":true,"href":"https:\/\/dicodusport.fr\/blog\/wp-json\/wp\/v2\/users\/4"}],"replies":[{"embeddable":true,"href":"https:\/\/dicodusport.fr\/blog\/wp-json\/wp\/v2\/comments?post=426918"}],"version-history":[{"count":0,"href":"https:\/\/dicodusport.fr\/blog\/wp-json\/wp\/v2\/posts\/426918\/revisions"}],"wp:featuredmedia":[{"embeddable":true,"href":"https:\/\/dicodusport.fr\/blog\/wp-json\/wp\/v2\/media\/426925"}],"wp:attachment":[{"href":"https:\/\/dicodusport.fr\/blog\/wp-json\/wp\/v2\/media?parent=426918"}],"wp:term":[{"taxonomy":"category","embeddable":true,"href":"https:\/\/dicodusport.fr\/blog\/wp-json\/wp\/v2\/categories?post=426918"},{"taxonomy":"post_tag","embeddable":true,"href":"https:\/\/dicodusport.fr\/blog\/wp-json\/wp\/v2\/tags?post=426918"}],"curies":[{"name":"wp","href":"https:\/\/api.w.org\/{rel}","templated":true}]}}