{"id":42694,"date":"2019-07-07T18:16:45","date_gmt":"2019-07-07T16:16:45","guid":{"rendered":"http:\/\/dicodusport.fr\/blog\/?p=42694"},"modified":"2019-07-07T18:32:35","modified_gmt":"2019-07-07T16:32:35","slug":"tour-de-france-2019-la-2eme-etape-vue-par-twitter","status":"publish","type":"post","link":"https:\/\/dicodusport.fr\/blog\/tour-de-france-2019-la-2eme-etape-vue-par-twitter\/","title":{"rendered":"Tour de France 2019 : la 2\u00e8me \u00e9tape vue par Twitter"},"content":{"rendered":"<p style=\"text-align: justify;\"><strong><em>Tour de France &#8211; La deuxi\u00e8me \u00e9tape, un contre-la-montre par \u00e9quipes, <a href=\"https:\/\/dicodusport.fr\/blog\/tour-de-france-2019-jumbo-visma-ecrase-la-2eme-etape-mike-teunissen-reste-en-jaune\/\" target=\"_blank\" rel=\"noopener\">a donc \u00e9t\u00e9 remport\u00e9e par le TGV de la Jumbo-Visma<\/a>. Une victoire qui n&rsquo;a pas \u00e9t\u00e9 le seul fait comment\u00e9 sur Twitter.<br \/>\n<\/em><\/strong><\/p>\n<p style=\"text-align: justify;\">Si <strong>Jumbo-Visma<\/strong> a atomis\u00e9 le chrono par \u00e9quipes ce dimanche, la performance de la <strong>Groupama-FDJ<\/strong> de <strong>Thibaut Pinot<\/strong> a \u00e9galement \u00e9t\u00e9 comment\u00e9e. Et \u00e0 juste titre, parfois avec grand enthousiasme.<\/p>\n<blockquote class=\"twitter-tweet\" data-lang=\"fr\">\n<p dir=\"ltr\" lang=\"fr\">Groupama-FDJ ne perd que 10 secondes sur Ineos.<a href=\"https:\/\/twitter.com\/hashtag\/TDF2019?src=hash&amp;ref_src=twsrc%5Etfw\">#TDF2019<\/a> <a href=\"https:\/\/t.co\/vWMnQCX9Ib\">pic.twitter.com\/vWMnQCX9Ib<\/a><\/p>\n<p>\u2014 Maillot Distinctif. (@MDistinctif) <a href=\"https:\/\/twitter.com\/MDistinctif\/status\/1147856764458737664?ref_src=twsrc%5Etfw\">7 juillet 2019<\/a><\/p><\/blockquote>\n<p><script async src=\"https:\/\/platform.twitter.com\/widgets.js\" charset=\"utf-8\"><\/script><\/p>\n<blockquote class=\"twitter-tweet\" data-lang=\"fr\">\n<p dir=\"ltr\" lang=\"fr\">Ce temps canon de la Groupama-FDJ vous savez ce que \u00e7a veut dire ?<br \/>\nJEUDI 11 JUILLET 2019 THIBAUT PINOT PREND LE MAILLOT JAUNE AU SOMMET DE LA PLANCHE DES BELLES FILLES <a href=\"https:\/\/twitter.com\/hashtag\/TDF2019?src=hash&amp;ref_src=twsrc%5Etfw\">#TDF2019<\/a> <a href=\"https:\/\/t.co\/3pg3f5nwOk\">pic.twitter.com\/3pg3f5nwOk<\/a><\/p>\n<p>\u2014 L&rsquo;aigle de Boul\u00e8no (@Luk__84) <a href=\"https:\/\/twitter.com\/Luk__84\/status\/1147860665740251136?ref_src=twsrc%5Etfw\">7 juillet 2019<\/a><\/p><\/blockquote>\n<p><script async src=\"https:\/\/platform.twitter.com\/widgets.js\" charset=\"utf-8\"><\/script><\/p>\n<blockquote class=\"twitter-tweet\" data-lang=\"fr\">\n<p dir=\"ltr\" lang=\"fr\">C&rsquo;\u00e9tait dans les tuyaux, c&rsquo;est maintenant officiel: Thibaut Pinot va gagner ce Tour de France 2019. <a href=\"https:\/\/twitter.com\/hashtag\/TDF2019?src=hash&amp;ref_src=twsrc%5Etfw\">#TDF2019<\/a><\/p>\n<p>\u2014 Maxime Fassetta (@M_Fassetta) <a href=\"https:\/\/twitter.com\/M_Fassetta\/status\/1147858634220724224?ref_src=twsrc%5Etfw\">7 juillet 2019<\/a><\/p><\/blockquote>\n<p><script async src=\"https:\/\/platform.twitter.com\/widgets.js\" charset=\"utf-8\"><\/script><\/p>\n<p>&nbsp;<\/p>\n<p style=\"text-align: justify;\">\u00c0 l&rsquo;inverse, <strong>Romain Bardet<\/strong> et <strong>AG2R La Mondiale<\/strong> ont perdu beaucoup de temps. C&rsquo;\u00e9tait presque attendu, mais avec un d\u00e9bours de 1&rsquo;19 sur la <strong>Jumbo-Visma<\/strong> et 59 secondes sur <strong>INEOS<\/strong>, la claque est r\u00e9elle.<\/p>\n<blockquote class=\"twitter-tweet\" data-lang=\"fr\">\n<p dir=\"ltr\" lang=\"fr\">Romain Bardet a perdu le <a href=\"https:\/\/twitter.com\/hashtag\/TDF2019?src=hash&amp;ref_src=twsrc%5Etfw\">#TDF2019<\/a> <a href=\"https:\/\/t.co\/oPTHqRrNlI\">pic.twitter.com\/oPTHqRrNlI<\/a><\/p>\n<p>\u2014 Mathieu FERRI (@MathieuFerri) <a href=\"https:\/\/twitter.com\/MathieuFerri\/status\/1147884604747108355?ref_src=twsrc%5Etfw\">7 juillet 2019<\/a><\/p><\/blockquote>\n<p><script async src=\"https:\/\/platform.twitter.com\/widgets.js\" charset=\"utf-8\"><\/script><\/p>\n<blockquote class=\"twitter-tweet\" data-lang=\"fr\">\n<p dir=\"ltr\" lang=\"fr\">Romain Bardet et les contre-la-montre <a href=\"https:\/\/twitter.com\/hashtag\/TDF2019?src=hash&amp;ref_src=twsrc%5Etfw\">#TDF2019<\/a> <a href=\"https:\/\/twitter.com\/hashtag\/LesRP?src=hash&amp;ref_src=twsrc%5Etfw\">#LesRP<\/a> <a href=\"https:\/\/t.co\/UBdLQRCXxO\">pic.twitter.com\/UBdLQRCXxO<\/a><\/p>\n<p>\u2014 Radio Course (@radio_course) <a href=\"https:\/\/twitter.com\/radio_course\/status\/1147858070443364353?ref_src=twsrc%5Etfw\">7 juillet 2019<\/a><\/p><\/blockquote>\n<p><script async src=\"https:\/\/platform.twitter.com\/widgets.js\" charset=\"utf-8\"><\/script><\/p>\n<blockquote class=\"twitter-tweet\" data-lang=\"fr\">\n<p dir=\"ltr\" lang=\"fr\">Le temps des AG2R c&rsquo;est vraiment pas possible, les mecs ont pas boss\u00e9 l&rsquo;exercice. A quel moment Lavenu est remis en cause ? <a href=\"https:\/\/twitter.com\/hashtag\/TDF2019?src=hash&amp;ref_src=twsrc%5Etfw\">#TDF2019<\/a><\/p>\n<p>\u2014 Laurent Gassie (@LaurentLegas) <a href=\"https:\/\/twitter.com\/LaurentLegas\/status\/1147883716817145856?ref_src=twsrc%5Etfw\">7 juillet 2019<\/a><\/p><\/blockquote>\n<p><script async src=\"https:\/\/platform.twitter.com\/widgets.js\" charset=\"utf-8\"><\/script><\/p>\n<blockquote class=\"twitter-tweet\" data-lang=\"fr\">\n<p dir=\"ltr\" lang=\"fr\">AG2R pire \u00e9quipe World Tour de ce chrono par \u00e9quipes, pour une team qui joue le g\u00e9n\u00e9ral c&rsquo;est grave. <a href=\"https:\/\/twitter.com\/hashtag\/TDF2019?src=hash&amp;ref_src=twsrc%5Etfw\">#TDF2019<\/a><\/p>\n<p>\u2014 Jordan Ducros (@Ducros_Jordan) <a href=\"https:\/\/twitter.com\/Ducros_Jordan\/status\/1147882135195410432?ref_src=twsrc%5Etfw\">7 juillet 2019<\/a><\/p><\/blockquote>\n<p><script async src=\"https:\/\/platform.twitter.com\/widgets.js\" charset=\"utf-8\"><\/script><\/p>\n<p>&nbsp;<\/p>\n<p style=\"text-align: justify;\">Battue au dernier moment par la <strong>Jumbo-Visma<\/strong>, <strong>INEOS<\/strong>, deuxi\u00e8me, a r\u00e9alis\u00e9 une tr\u00e8s bonne op\u00e9ration. Ses deux leaders, <strong>Geraint Thomas<\/strong> et <strong>Egan Bernal<\/strong>, sont id\u00e9alement plac\u00e9s apr\u00e8s ce premier grand rendez-vous dans l&rsquo;optique du g\u00e9n\u00e9ral. Mais quand m\u00eame, toute cette attente pour rien&#8230;<\/p>\n<blockquote class=\"twitter-tweet\" data-lang=\"fr\">\n<p dir=\"ltr\" lang=\"fr\">Une apr\u00e8s-midi \u00e0 attendre pour finir 2e : pas tr\u00e8s <a href=\"https:\/\/twitter.com\/hashtag\/marginalgains?src=hash&amp;ref_src=twsrc%5Etfw\">#marginalgains<\/a> c\u00f4t\u00e9 Ineos. <a href=\"https:\/\/twitter.com\/hashtag\/TDF2019?src=hash&amp;ref_src=twsrc%5Etfw\">#TDF2019<\/a> <a href=\"https:\/\/t.co\/p39OKnE6rr\">pic.twitter.com\/p39OKnE6rr<\/a><\/p>\n<p>\u2014 Le Gruppetto (@LeGruppetto) <a href=\"https:\/\/twitter.com\/LeGruppetto\/status\/1147879793532309510?ref_src=twsrc%5Etfw\">7 juillet 2019<\/a><\/p><\/blockquote>\n<p><script async src=\"https:\/\/platform.twitter.com\/widgets.js\" charset=\"utf-8\"><\/script><\/p>\n<blockquote class=\"twitter-tweet\" data-lang=\"fr\">\n<p dir=\"ltr\" lang=\"fr\"><a href=\"https:\/\/twitter.com\/hashtag\/TDF2019?src=hash&amp;ref_src=twsrc%5Etfw\">#TDF2019<\/a> &#8211; Les t\u00eates d\u00e9pit\u00e9es quand tu as esp\u00e9r\u00e9 jusqu&rsquo;\u00e0 l&rsquo;arriv\u00e9e de la derni\u00e8re \u00e9quipe&#8230; &#x1f44b; <a href=\"https:\/\/t.co\/vffsJD9vEx\">pic.twitter.com\/vffsJD9vEx<\/a><\/p>\n<p>\u2014 Julie Dremi\u00e8re (@ju_drem) <a href=\"https:\/\/twitter.com\/ju_drem\/status\/1147881036505858053?ref_src=twsrc%5Etfw\">7 juillet 2019<\/a><\/p><\/blockquote>\n<p><script async src=\"https:\/\/platform.twitter.com\/widgets.js\" charset=\"utf-8\"><\/script><\/p>\n<p>&nbsp;<\/p>\n<p style=\"text-align: justify;\">Allez, \u00e0 demain, pour une \u00e9tape qui sent la poudre !<\/p>\n<blockquote class=\"twitter-tweet\" data-lang=\"fr\">\n<p dir=\"ltr\" lang=\"fr\">Deceuninck-Quick\u2022Step juste derri\u00e8re&#8230; Alaphilippe en jaune demain ? Pas s\u00fbr vu le temps de la Jumbo-Visma. Teunissen passe bien les bosses. Ou au pire il reste Van Aert.<a href=\"https:\/\/twitter.com\/hashtag\/TDF2019?src=hash&amp;ref_src=twsrc%5Etfw\">#TDF2019<\/a> &#x1f49b;<\/p>\n<p>\u2014 D\u00e9part Fictif (@DepartFictifOff) <a href=\"https:\/\/twitter.com\/DepartFictifOff\/status\/1147876802733494272?ref_src=twsrc%5Etfw\">7 juillet 2019<\/a><\/p><\/blockquote>\n<p><script async src=\"https:\/\/platform.twitter.com\/widgets.js\" charset=\"utf-8\"><\/script><\/p>\n<p><strong><em>Dicodusport<br \/>\n<a href=\"https:\/\/www.facebook.com\/dicodusport\/\" target=\"_blank\" rel=\"noopener\"><img loading=\"lazy\" decoding=\"async\" class=\"alignnone wp-image-2909\" src=\"http:\/\/dicodusport.fr\/blog\/wp-content\/uploads\/2017\/07\/logo-facebook-150x150.png\" alt=\"\" width=\"40\" height=\"40\" \/><\/a><a href=\"https:\/\/twitter.com\/dicodusport\" target=\"_blank\" rel=\"noopener\"><img loading=\"lazy\" decoding=\"async\" class=\"alignnone wp-image-2908\" src=\"http:\/\/dicodusport.fr\/blog\/wp-content\/uploads\/2017\/07\/logo-twitter-150x150.png\" alt=\"\" width=\"39\" height=\"39\" \/><\/a><\/em><\/strong><\/p>\n","protected":false},"excerpt":{"rendered":"<p>Tour de France &#8211; La deuxi\u00e8me \u00e9tape, un contre-la-montre par \u00e9quipes, a donc \u00e9t\u00e9 remport\u00e9e par le TGV de la Jumbo-Visma. Une victoire qui n&rsquo;a pas \u00e9t\u00e9 le seul fait comment\u00e9 sur Twitter.<\/p>\n","protected":false},"author":4,"featured_media":42697,"comment_status":"open","ping_status":"closed","sticky":false,"template":"","format":"standard","meta":{"_acf_changed":false,"_daextam_enable_autolinks":"","footnotes":""},"categories":[2,2307],"tags":[1262,6455],"class_list":["post-42694","post","type-post","status-publish","format-standard","has-post-thumbnail","hentry","category-actualites","category-cyclisme","tag-tour-de-france","tag-twitter"],"acf":[],"yoast_head":"<!-- This site is optimized with the Yoast SEO Premium plugin v26.7 (Yoast SEO v26.7) - https:\/\/yoast.com\/wordpress\/plugins\/seo\/ -->\n<title>Tour de France 2019 : la 2\u00e8me \u00e9tape vue par Twitter<\/title>\n<meta name=\"description\" content=\"Tour de France - La deuxi\u00e8me \u00e9tape a donc \u00e9t\u00e9 remport\u00e9e par le TGV de la Jumbo-Visma. Une victoire qui n&#039;a pas \u00e9t\u00e9 le seul fait comment\u00e9 sur Twitter.\" \/>\n<meta name=\"robots\" content=\"index, follow, max-snippet:-1, max-image-preview:large, max-video-preview:-1\" \/>\n<link rel=\"canonical\" href=\"https:\/\/dicodusport.fr\/blog\/tour-de-france-2019-la-2eme-etape-vue-par-twitter\/\" \/>\n<meta property=\"og:locale\" content=\"fr_FR\" \/>\n<meta property=\"og:type\" content=\"article\" \/>\n<meta property=\"og:title\" content=\"Tour de France 2019 : la 2\u00e8me \u00e9tape vue par Twitter\" \/>\n<meta property=\"og:description\" content=\"Tour de France - La deuxi\u00e8me \u00e9tape a donc \u00e9t\u00e9 remport\u00e9e par le TGV de la Jumbo-Visma. Une victoire qui n&#039;a pas \u00e9t\u00e9 le seul fait comment\u00e9 sur Twitter.\" \/>\n<meta property=\"og:url\" content=\"https:\/\/dicodusport.fr\/blog\/tour-de-france-2019-la-2eme-etape-vue-par-twitter\/\" \/>\n<meta property=\"og:site_name\" content=\"Dicodusport\" \/>\n<meta property=\"article:publisher\" content=\"https:\/\/www.facebook.com\/dicodusport\" \/>\n<meta property=\"article:author\" content=\"https:\/\/www.facebook.com\/florent.ostermann\" \/>\n<meta property=\"article:published_time\" content=\"2019-07-07T16:16:45+00:00\" \/>\n<meta property=\"article:modified_time\" content=\"2019-07-07T16:32:35+00:00\" \/>\n<meta property=\"og:image\" content=\"https:\/\/dicodusport.fr\/blog\/wp-content\/uploads\/2019\/07\/Twitter-2\u00e8me-\u00e9tape-Tour-de-France-2019.png\" \/>\n\t<meta property=\"og:image:width\" content=\"800\" \/>\n\t<meta property=\"og:image:height\" content=\"445\" \/>\n\t<meta property=\"og:image:type\" content=\"image\/png\" \/>\n<meta name=\"author\" content=\"Flo Ostermann\" \/>\n<meta name=\"twitter:card\" content=\"summary_large_image\" \/>\n<meta name=\"twitter:title\" content=\"Tour de France 2019 : la 2\u00e8me \u00e9tape vue par Twitter\" \/>\n<meta name=\"twitter:creator\" content=\"@https:\/\/twitter.com\/FlOstermann\" \/>\n<meta name=\"twitter:site\" content=\"@dicodusport\" \/>\n<script type=\"application\/ld+json\" class=\"yoast-schema-graph\">{\"@context\":\"https:\/\/schema.org\",\"@graph\":[{\"@type\":\"NewsArticle\",\"@id\":\"https:\/\/dicodusport.fr\/blog\/tour-de-france-2019-la-2eme-etape-vue-par-twitter\/#article\",\"isPartOf\":{\"@id\":\"https:\/\/dicodusport.fr\/blog\/tour-de-france-2019-la-2eme-etape-vue-par-twitter\/\"},\"author\":{\"name\":\"Flo Ostermann\",\"@id\":\"https:\/\/dicodusport.fr\/blog\/#\/schema\/person\/cb02af4c173ce4a653b55e9baf388d4a\"},\"headline\":\"Tour de France 2019 : la 2\u00e8me \u00e9tape vue par Twitter\",\"datePublished\":\"2019-07-07T16:16:45+00:00\",\"dateModified\":\"2019-07-07T16:32:35+00:00\",\"mainEntityOfPage\":{\"@id\":\"https:\/\/dicodusport.fr\/blog\/tour-de-france-2019-la-2eme-etape-vue-par-twitter\/\"},\"wordCount\":450,\"commentCount\":0,\"publisher\":{\"@id\":\"https:\/\/dicodusport.fr\/blog\/#organization\"},\"image\":{\"@id\":\"https:\/\/dicodusport.fr\/blog\/tour-de-france-2019-la-2eme-etape-vue-par-twitter\/#primaryimage\"},\"thumbnailUrl\":\"https:\/\/dicodusport.fr\/blog\/wp-content\/uploads\/2019\/07\/Twitter-2\u00e8me-\u00e9tape-Tour-de-France-2019.png\",\"keywords\":[\"Tour de France\",\"Twitter\"],\"articleSection\":[\"Actualit\u00e9s\",\"Cyclisme\"],\"inLanguage\":\"fr-FR\",\"potentialAction\":[{\"@type\":\"CommentAction\",\"name\":\"Comment\",\"target\":[\"https:\/\/dicodusport.fr\/blog\/tour-de-france-2019-la-2eme-etape-vue-par-twitter\/#respond\"]}],\"copyrightYear\":\"2019\",\"copyrightHolder\":{\"@id\":\"https:\/\/dicodusport.fr\/blog\/#organization\"}},{\"@type\":\"WebPage\",\"@id\":\"https:\/\/dicodusport.fr\/blog\/tour-de-france-2019-la-2eme-etape-vue-par-twitter\/\",\"url\":\"https:\/\/dicodusport.fr\/blog\/tour-de-france-2019-la-2eme-etape-vue-par-twitter\/\",\"name\":\"Tour de France 2019 : la 2\u00e8me \u00e9tape vue par Twitter\",\"isPartOf\":{\"@id\":\"https:\/\/dicodusport.fr\/blog\/#website\"},\"primaryImageOfPage\":{\"@id\":\"https:\/\/dicodusport.fr\/blog\/tour-de-france-2019-la-2eme-etape-vue-par-twitter\/#primaryimage\"},\"image\":{\"@id\":\"https:\/\/dicodusport.fr\/blog\/tour-de-france-2019-la-2eme-etape-vue-par-twitter\/#primaryimage\"},\"thumbnailUrl\":\"https:\/\/dicodusport.fr\/blog\/wp-content\/uploads\/2019\/07\/Twitter-2\u00e8me-\u00e9tape-Tour-de-France-2019.png\",\"datePublished\":\"2019-07-07T16:16:45+00:00\",\"dateModified\":\"2019-07-07T16:32:35+00:00\",\"description\":\"Tour de France - La deuxi\u00e8me \u00e9tape a donc \u00e9t\u00e9 remport\u00e9e par le TGV de la Jumbo-Visma. Une victoire qui n'a pas \u00e9t\u00e9 le seul fait comment\u00e9 sur Twitter.\",\"breadcrumb\":{\"@id\":\"https:\/\/dicodusport.fr\/blog\/tour-de-france-2019-la-2eme-etape-vue-par-twitter\/#breadcrumb\"},\"inLanguage\":\"fr-FR\",\"potentialAction\":[{\"@type\":\"ReadAction\",\"target\":[\"https:\/\/dicodusport.fr\/blog\/tour-de-france-2019-la-2eme-etape-vue-par-twitter\/\"]}]},{\"@type\":\"ImageObject\",\"inLanguage\":\"fr-FR\",\"@id\":\"https:\/\/dicodusport.fr\/blog\/tour-de-france-2019-la-2eme-etape-vue-par-twitter\/#primaryimage\",\"url\":\"https:\/\/dicodusport.fr\/blog\/wp-content\/uploads\/2019\/07\/Twitter-2\u00e8me-\u00e9tape-Tour-de-France-2019.png\",\"contentUrl\":\"https:\/\/dicodusport.fr\/blog\/wp-content\/uploads\/2019\/07\/Twitter-2\u00e8me-\u00e9tape-Tour-de-France-2019.png\",\"width\":800,\"height\":445},{\"@type\":\"BreadcrumbList\",\"@id\":\"https:\/\/dicodusport.fr\/blog\/tour-de-france-2019-la-2eme-etape-vue-par-twitter\/#breadcrumb\",\"itemListElement\":[{\"@type\":\"ListItem\",\"position\":1,\"name\":\"Accueil\",\"item\":\"https:\/\/dicodusport.fr\/blog\/\"},{\"@type\":\"ListItem\",\"position\":2,\"name\":\"Tour de France 2019 : la 2\u00e8me \u00e9tape vue par Twitter\"}]},{\"@type\":\"WebSite\",\"@id\":\"https:\/\/dicodusport.fr\/blog\/#website\",\"url\":\"https:\/\/dicodusport.fr\/blog\/\",\"name\":\"Dicodusport\",\"description\":\"L&#039;encyclop\u00e9die de l&#039;actualit\u00e9 sportive\",\"publisher\":{\"@id\":\"https:\/\/dicodusport.fr\/blog\/#organization\"},\"potentialAction\":[{\"@type\":\"SearchAction\",\"target\":{\"@type\":\"EntryPoint\",\"urlTemplate\":\"https:\/\/dicodusport.fr\/blog\/?s={search_term_string}\"},\"query-input\":{\"@type\":\"PropertyValueSpecification\",\"valueRequired\":true,\"valueName\":\"search_term_string\"}}],\"inLanguage\":\"fr-FR\"},{\"@type\":\"NewsMediaOrganization\",\"@id\":\"https:\/\/dicodusport.fr\/blog\/#organization\",\"name\":\"Dicodusport\",\"url\":\"https:\/\/dicodusport.fr\/blog\/\",\"logo\":{\"@type\":\"ImageObject\",\"inLanguage\":\"fr-FR\",\"@id\":\"https:\/\/dicodusport.fr\/blog\/#\/schema\/logo\/image\/\",\"url\":\"https:\/\/dicodusport.fr\/blog\/wp-content\/uploads\/2020\/06\/cropped-LOGO-DICODUSPORT-2020-SANS-FOND-SANS-TEXTE.png\",\"contentUrl\":\"https:\/\/dicodusport.fr\/blog\/wp-content\/uploads\/2020\/06\/cropped-LOGO-DICODUSPORT-2020-SANS-FOND-SANS-TEXTE.png\",\"width\":512,\"height\":512,\"caption\":\"Dicodusport\"},\"image\":{\"@id\":\"https:\/\/dicodusport.fr\/blog\/#\/schema\/logo\/image\/\"},\"sameAs\":[\"https:\/\/www.facebook.com\/dicodusport\",\"https:\/\/x.com\/dicodusport\",\"https:\/\/www.instagram.com\/dicodusport\/\",\"https:\/\/www.youtube.com\/channel\/UC7V2KZ5sd3htJivAbA4ZG3w\"],\"description\":\"Dicodusport est l'encyclop\u00e9die de l'actualit\u00e9 sportive.\",\"email\":\"bonjour@dicodusport.fr\",\"legalName\":\"DICODUSPORT\",\"foundingDate\":\"2018-01-14\",\"vatID\":\"FR71834470973\",\"taxID\":\"83447097300043\",\"numberOfEmployees\":{\"@type\":\"QuantitativeValue\",\"minValue\":\"1\",\"maxValue\":\"10\"}},{\"@type\":\"Person\",\"@id\":\"https:\/\/dicodusport.fr\/blog\/#\/schema\/person\/cb02af4c173ce4a653b55e9baf388d4a\",\"name\":\"Flo Ostermann\",\"image\":{\"@type\":\"ImageObject\",\"inLanguage\":\"fr-FR\",\"@id\":\"https:\/\/dicodusport.fr\/blog\/#\/schema\/person\/image\/\",\"url\":\"https:\/\/dicodusport.fr\/blog\/wp-content\/uploads\/2021\/05\/Flo-Ostermann-150x150.jpg\",\"contentUrl\":\"https:\/\/dicodusport.fr\/blog\/wp-content\/uploads\/2021\/05\/Flo-Ostermann-150x150.jpg\",\"caption\":\"Flo Ostermann\"},\"description\":\"Journaliste\/R\u00e9dacteur depuis septembre 2015 - Mes premiers souvenirs dans le sport ? Les envol\u00e9es du Stade Toulousain et les duels Villeneuve-Schumacher et H\u00e4kkinen-Schumacher \u00e0 la fin des ann\u00e9es 90, la Coupe du monde de football en 1998, l\u2019exploit du XV de France face aux All Blacks en 1999, mais aussi Richard C\u0153ur de Lion qui vole sur les montagnes du Tour de France. Bien parti pour devenir professeur d\u2019EPS, les \u00e9v\u00e9nements de la vie (et la flemme d\u2019animer des s\u00e9ances de 3x500 m\u00e8tres toute ma vie) m\u2019ont conduit \u00e0 revoir mes plans. Me voil\u00e0 depuis fin 2017 sur Dicodusport, m\u00e9dia gr\u00e2ce (et pour) lequel je partage ma passion : le sport dans tous ses \u00e9tats. Le tout accompagn\u00e9 par les fous furieux et folles furieuses cit\u00e9s sur cette page !\",\"sameAs\":[\"https:\/\/www.facebook.com\/florent.ostermann\",\"https:\/\/x.com\/https:\/\/twitter.com\/FlOstermann\",\"admin\"],\"url\":\"https:\/\/dicodusport.fr\/blog\/author\/flo\/\"}]}<\/script>\n<!-- \/ Yoast SEO Premium plugin. -->","yoast_head_json":{"title":"Tour de France 2019 : la 2\u00e8me \u00e9tape vue par Twitter","description":"Tour de France - La deuxi\u00e8me \u00e9tape a donc \u00e9t\u00e9 remport\u00e9e par le TGV de la Jumbo-Visma. Une victoire qui n'a pas \u00e9t\u00e9 le seul fait comment\u00e9 sur Twitter.","robots":{"index":"index","follow":"follow","max-snippet":"max-snippet:-1","max-image-preview":"max-image-preview:large","max-video-preview":"max-video-preview:-1"},"canonical":"https:\/\/dicodusport.fr\/blog\/tour-de-france-2019-la-2eme-etape-vue-par-twitter\/","og_locale":"fr_FR","og_type":"article","og_title":"Tour de France 2019 : la 2\u00e8me \u00e9tape vue par Twitter","og_description":"Tour de France - La deuxi\u00e8me \u00e9tape a donc \u00e9t\u00e9 remport\u00e9e par le TGV de la Jumbo-Visma. Une victoire qui n'a pas \u00e9t\u00e9 le seul fait comment\u00e9 sur Twitter.","og_url":"https:\/\/dicodusport.fr\/blog\/tour-de-france-2019-la-2eme-etape-vue-par-twitter\/","og_site_name":"Dicodusport","article_publisher":"https:\/\/www.facebook.com\/dicodusport","article_author":"https:\/\/www.facebook.com\/florent.ostermann","article_published_time":"2019-07-07T16:16:45+00:00","article_modified_time":"2019-07-07T16:32:35+00:00","og_image":[{"width":800,"height":445,"url":"https:\/\/dicodusport.fr\/blog\/wp-content\/uploads\/2019\/07\/Twitter-2\u00e8me-\u00e9tape-Tour-de-France-2019.png","type":"image\/png"}],"author":"Flo Ostermann","twitter_card":"summary_large_image","twitter_title":"Tour de France 2019 : la 2\u00e8me \u00e9tape vue par Twitter","twitter_creator":"@https:\/\/twitter.com\/FlOstermann","twitter_site":"@dicodusport","schema":{"@context":"https:\/\/schema.org","@graph":[{"@type":"NewsArticle","@id":"https:\/\/dicodusport.fr\/blog\/tour-de-france-2019-la-2eme-etape-vue-par-twitter\/#article","isPartOf":{"@id":"https:\/\/dicodusport.fr\/blog\/tour-de-france-2019-la-2eme-etape-vue-par-twitter\/"},"author":{"name":"Flo Ostermann","@id":"https:\/\/dicodusport.fr\/blog\/#\/schema\/person\/cb02af4c173ce4a653b55e9baf388d4a"},"headline":"Tour de France 2019 : la 2\u00e8me \u00e9tape vue par Twitter","datePublished":"2019-07-07T16:16:45+00:00","dateModified":"2019-07-07T16:32:35+00:00","mainEntityOfPage":{"@id":"https:\/\/dicodusport.fr\/blog\/tour-de-france-2019-la-2eme-etape-vue-par-twitter\/"},"wordCount":450,"commentCount":0,"publisher":{"@id":"https:\/\/dicodusport.fr\/blog\/#organization"},"image":{"@id":"https:\/\/dicodusport.fr\/blog\/tour-de-france-2019-la-2eme-etape-vue-par-twitter\/#primaryimage"},"thumbnailUrl":"https:\/\/dicodusport.fr\/blog\/wp-content\/uploads\/2019\/07\/Twitter-2\u00e8me-\u00e9tape-Tour-de-France-2019.png","keywords":["Tour de France","Twitter"],"articleSection":["Actualit\u00e9s","Cyclisme"],"inLanguage":"fr-FR","potentialAction":[{"@type":"CommentAction","name":"Comment","target":["https:\/\/dicodusport.fr\/blog\/tour-de-france-2019-la-2eme-etape-vue-par-twitter\/#respond"]}],"copyrightYear":"2019","copyrightHolder":{"@id":"https:\/\/dicodusport.fr\/blog\/#organization"}},{"@type":"WebPage","@id":"https:\/\/dicodusport.fr\/blog\/tour-de-france-2019-la-2eme-etape-vue-par-twitter\/","url":"https:\/\/dicodusport.fr\/blog\/tour-de-france-2019-la-2eme-etape-vue-par-twitter\/","name":"Tour de France 2019 : la 2\u00e8me \u00e9tape vue par Twitter","isPartOf":{"@id":"https:\/\/dicodusport.fr\/blog\/#website"},"primaryImageOfPage":{"@id":"https:\/\/dicodusport.fr\/blog\/tour-de-france-2019-la-2eme-etape-vue-par-twitter\/#primaryimage"},"image":{"@id":"https:\/\/dicodusport.fr\/blog\/tour-de-france-2019-la-2eme-etape-vue-par-twitter\/#primaryimage"},"thumbnailUrl":"https:\/\/dicodusport.fr\/blog\/wp-content\/uploads\/2019\/07\/Twitter-2\u00e8me-\u00e9tape-Tour-de-France-2019.png","datePublished":"2019-07-07T16:16:45+00:00","dateModified":"2019-07-07T16:32:35+00:00","description":"Tour de France - La deuxi\u00e8me \u00e9tape a donc \u00e9t\u00e9 remport\u00e9e par le TGV de la Jumbo-Visma. Une victoire qui n'a pas \u00e9t\u00e9 le seul fait comment\u00e9 sur Twitter.","breadcrumb":{"@id":"https:\/\/dicodusport.fr\/blog\/tour-de-france-2019-la-2eme-etape-vue-par-twitter\/#breadcrumb"},"inLanguage":"fr-FR","potentialAction":[{"@type":"ReadAction","target":["https:\/\/dicodusport.fr\/blog\/tour-de-france-2019-la-2eme-etape-vue-par-twitter\/"]}]},{"@type":"ImageObject","inLanguage":"fr-FR","@id":"https:\/\/dicodusport.fr\/blog\/tour-de-france-2019-la-2eme-etape-vue-par-twitter\/#primaryimage","url":"https:\/\/dicodusport.fr\/blog\/wp-content\/uploads\/2019\/07\/Twitter-2\u00e8me-\u00e9tape-Tour-de-France-2019.png","contentUrl":"https:\/\/dicodusport.fr\/blog\/wp-content\/uploads\/2019\/07\/Twitter-2\u00e8me-\u00e9tape-Tour-de-France-2019.png","width":800,"height":445},{"@type":"BreadcrumbList","@id":"https:\/\/dicodusport.fr\/blog\/tour-de-france-2019-la-2eme-etape-vue-par-twitter\/#breadcrumb","itemListElement":[{"@type":"ListItem","position":1,"name":"Accueil","item":"https:\/\/dicodusport.fr\/blog\/"},{"@type":"ListItem","position":2,"name":"Tour de France 2019 : la 2\u00e8me \u00e9tape vue par Twitter"}]},{"@type":"WebSite","@id":"https:\/\/dicodusport.fr\/blog\/#website","url":"https:\/\/dicodusport.fr\/blog\/","name":"Dicodusport","description":"L&#039;encyclop\u00e9die de l&#039;actualit\u00e9 sportive","publisher":{"@id":"https:\/\/dicodusport.fr\/blog\/#organization"},"potentialAction":[{"@type":"SearchAction","target":{"@type":"EntryPoint","urlTemplate":"https:\/\/dicodusport.fr\/blog\/?s={search_term_string}"},"query-input":{"@type":"PropertyValueSpecification","valueRequired":true,"valueName":"search_term_string"}}],"inLanguage":"fr-FR"},{"@type":"NewsMediaOrganization","@id":"https:\/\/dicodusport.fr\/blog\/#organization","name":"Dicodusport","url":"https:\/\/dicodusport.fr\/blog\/","logo":{"@type":"ImageObject","inLanguage":"fr-FR","@id":"https:\/\/dicodusport.fr\/blog\/#\/schema\/logo\/image\/","url":"https:\/\/dicodusport.fr\/blog\/wp-content\/uploads\/2020\/06\/cropped-LOGO-DICODUSPORT-2020-SANS-FOND-SANS-TEXTE.png","contentUrl":"https:\/\/dicodusport.fr\/blog\/wp-content\/uploads\/2020\/06\/cropped-LOGO-DICODUSPORT-2020-SANS-FOND-SANS-TEXTE.png","width":512,"height":512,"caption":"Dicodusport"},"image":{"@id":"https:\/\/dicodusport.fr\/blog\/#\/schema\/logo\/image\/"},"sameAs":["https:\/\/www.facebook.com\/dicodusport","https:\/\/x.com\/dicodusport","https:\/\/www.instagram.com\/dicodusport\/","https:\/\/www.youtube.com\/channel\/UC7V2KZ5sd3htJivAbA4ZG3w"],"description":"Dicodusport est l'encyclop\u00e9die de l'actualit\u00e9 sportive.","email":"bonjour@dicodusport.fr","legalName":"DICODUSPORT","foundingDate":"2018-01-14","vatID":"FR71834470973","taxID":"83447097300043","numberOfEmployees":{"@type":"QuantitativeValue","minValue":"1","maxValue":"10"}},{"@type":"Person","@id":"https:\/\/dicodusport.fr\/blog\/#\/schema\/person\/cb02af4c173ce4a653b55e9baf388d4a","name":"Flo Ostermann","image":{"@type":"ImageObject","inLanguage":"fr-FR","@id":"https:\/\/dicodusport.fr\/blog\/#\/schema\/person\/image\/","url":"https:\/\/dicodusport.fr\/blog\/wp-content\/uploads\/2021\/05\/Flo-Ostermann-150x150.jpg","contentUrl":"https:\/\/dicodusport.fr\/blog\/wp-content\/uploads\/2021\/05\/Flo-Ostermann-150x150.jpg","caption":"Flo Ostermann"},"description":"Journaliste\/R\u00e9dacteur depuis septembre 2015 - Mes premiers souvenirs dans le sport ? Les envol\u00e9es du Stade Toulousain et les duels Villeneuve-Schumacher et H\u00e4kkinen-Schumacher \u00e0 la fin des ann\u00e9es 90, la Coupe du monde de football en 1998, l\u2019exploit du XV de France face aux All Blacks en 1999, mais aussi Richard C\u0153ur de Lion qui vole sur les montagnes du Tour de France. Bien parti pour devenir professeur d\u2019EPS, les \u00e9v\u00e9nements de la vie (et la flemme d\u2019animer des s\u00e9ances de 3x500 m\u00e8tres toute ma vie) m\u2019ont conduit \u00e0 revoir mes plans. Me voil\u00e0 depuis fin 2017 sur Dicodusport, m\u00e9dia gr\u00e2ce (et pour) lequel je partage ma passion : le sport dans tous ses \u00e9tats. Le tout accompagn\u00e9 par les fous furieux et folles furieuses cit\u00e9s sur cette page !","sameAs":["https:\/\/www.facebook.com\/florent.ostermann","https:\/\/x.com\/https:\/\/twitter.com\/FlOstermann","admin"],"url":"https:\/\/dicodusport.fr\/blog\/author\/flo\/"}]}},"_links":{"self":[{"href":"https:\/\/dicodusport.fr\/blog\/wp-json\/wp\/v2\/posts\/42694","targetHints":{"allow":["GET"]}}],"collection":[{"href":"https:\/\/dicodusport.fr\/blog\/wp-json\/wp\/v2\/posts"}],"about":[{"href":"https:\/\/dicodusport.fr\/blog\/wp-json\/wp\/v2\/types\/post"}],"author":[{"embeddable":true,"href":"https:\/\/dicodusport.fr\/blog\/wp-json\/wp\/v2\/users\/4"}],"replies":[{"embeddable":true,"href":"https:\/\/dicodusport.fr\/blog\/wp-json\/wp\/v2\/comments?post=42694"}],"version-history":[{"count":0,"href":"https:\/\/dicodusport.fr\/blog\/wp-json\/wp\/v2\/posts\/42694\/revisions"}],"wp:featuredmedia":[{"embeddable":true,"href":"https:\/\/dicodusport.fr\/blog\/wp-json\/wp\/v2\/media\/42697"}],"wp:attachment":[{"href":"https:\/\/dicodusport.fr\/blog\/wp-json\/wp\/v2\/media?parent=42694"}],"wp:term":[{"taxonomy":"category","embeddable":true,"href":"https:\/\/dicodusport.fr\/blog\/wp-json\/wp\/v2\/categories?post=42694"},{"taxonomy":"post_tag","embeddable":true,"href":"https:\/\/dicodusport.fr\/blog\/wp-json\/wp\/v2\/tags?post=42694"}],"curies":[{"name":"wp","href":"https:\/\/api.w.org\/{rel}","templated":true}]}}