{"id":426974,"date":"2023-10-07T17:32:09","date_gmt":"2023-10-07T15:32:09","guid":{"rendered":"https:\/\/dicodusport.fr\/blog\/?p=426974&#038;preview=true&#038;preview_id=426974"},"modified":"2023-10-07T19:39:46","modified_gmt":"2023-10-07T17:39:46","slug":"tour-de-lombardie-2023-la-passe-de-trois-pour-tadej-pogacar","status":"publish","type":"post","link":"https:\/\/dicodusport.fr\/blog\/tour-de-lombardie-2023-la-passe-de-trois-pour-tadej-pogacar\/","title":{"rendered":"Tour de Lombardie 2023 : La passe de trois pour Tadej Pogacar"},"content":{"rendered":"<p style=\"text-align: justify;\"><em><strong>TOUR DE LOMBARDIE 2023 &#8211; Vainqueur des deux derni\u00e8res \u00e9ditions, Tadej Pogacar (UAE Team Emirates) s&rsquo;est adjug\u00e9 en solitaire la 117\u00e8me \u00e9dition du Tour de Lombardie, samedi, \u00e0 Bergame.\u00a0<\/strong><\/em><em><strong><br \/>\n<\/strong><\/em><\/p>\n<ul>\n<li style=\"text-align: justify;\"><strong>\u00c0 lire aussi &#8211; <a href=\"https:\/\/dicodusport.fr\/blog\/classement-tour-de-lombardie-2023\/\">Classement du Tour de Lombardie 2023<\/a><\/strong><\/li>\n<\/ul>\n<p style=\"text-align: justify;\">D&rsquo;abord, 16 coureurs se sont port\u00e9s \u00e0 l&rsquo;avant de la course dans les premiers kilom\u00e8tres de course : <strong>Nicolas Prodhomme<\/strong> (AG2r Citro\u00ebn), <strong>Tobias Bayer, Nicola Conci<\/strong> (Alpecin-Deceuninck), <strong>Samuele Battistella<\/strong> (Astana Qazakstan), <strong>Niccolo Buratti<\/strong> (Bahrain Victorious), <strong>Simon Geschke<\/strong> (Cofidis), <strong>Mattia Bais<\/strong> (Eolo Kometa), <strong>Martin Marcellusi, Alex Tolio<\/strong> (Green Project Bardiani),<strong> Ben Swift<\/strong> (INEOS Grenadiers), <strong>Asbjorn Hellemose<\/strong> (Lidl-Trek), <strong>Thomas De Gendt<\/strong> (Lotto Dstny), <strong>Kamil Malecki<\/strong> (Q36.5 Pro Cycling), <strong>Paul Ourselin<\/strong> (TotalEnergies), <strong>Jacob Eriksson<\/strong> et <strong>Nils Brun<\/strong> (Tudor Pro Cycling). Malheureusement, une chute collective a eu lieu \u00e0 l&rsquo;avant du peloton, mettant \u00e0 terre : <strong>Remco Evenepoel <\/strong>et<strong> Mauri Vansevenant<\/strong> (Soudal &#8211; Quick Step), <strong>Sam Oomen<\/strong> (Jumbo-Visma), <strong>Giovanni Aleotti<\/strong> (BORA &#8211; Hansgrohe) et <strong>Sjoerd Bax<\/strong> (UAE Team Emirates). Ce dernier a \u00e9t\u00e9 contraint \u00e0 l&rsquo;abandon.<\/p>\n<p style=\"text-align: justify;\">Puis, face \u00e0 une \u00e9chapp\u00e9e matinale aussi importante, Jumbo-Visma et EF Education-EasyPost ont rapidement pris les commandes du peloton pour laisser un \u00e9cart au maximum 4 minutes 10 d&rsquo;avance. Ensuite, l&rsquo;\u00e9quipe Soudal Quick-Step a acc\u00e9l\u00e9r\u00e9 l&rsquo;allure \u00e0 la mi-course. Deuxi\u00e8me l&rsquo;an dernier, <strong>Enric Mas<\/strong> (Movistar) a perdu le contact avec le peloton et a abandonn\u00e9, peu apr\u00e8s.<\/p>\n<blockquote class=\"twitter-tweet\">\n<p dir=\"ltr\" lang=\"fr\">Premier tournant de <a href=\"https:\/\/twitter.com\/hashtag\/ILombardia?src=hash&amp;ref_src=twsrc%5Etfw\">#ILombardia<\/a> : Remco Evenepoel est longuement rest\u00e9 au sol apr\u00e8s une chute, avant de repartir pour finalement retrouver le peloton. Mais dans quel \u00e9tat ? <a href=\"https:\/\/twitter.com\/hashtag\/LesRP?src=hash&amp;ref_src=twsrc%5Etfw\">#LesRP<\/a> <a href=\"https:\/\/t.co\/G9qAMHTYsd\">pic.twitter.com\/G9qAMHTYsd<\/a><\/p>\n<p>\u2014 Eurosport France (@Eurosport_FR) <a href=\"https:\/\/twitter.com\/Eurosport_FR\/status\/1710588304985321499?ref_src=twsrc%5Etfw\">October 7, 2023<\/a><\/p><\/blockquote>\n<p><script async src=\"https:\/\/platform.twitter.com\/widgets.js\" charset=\"utf-8\"><\/script><\/p>\n<h2 style=\"text-align: justify;\">UAE Team Emirates discret en d\u00e9but de course<\/h2>\n<p style=\"text-align: justify;\">Dans le Passo della Crocetta, <strong>Ben Healy<\/strong> (EF Education EasyPost) et <strong>Oscar Onley<\/strong> (Team DSM Firmenich) sont sortis du peloton alors qu&rsquo;il ne restait que sept coureurs \u00e0 l&rsquo;avant de la course. Le duo de contre a repris les rescap\u00e9s de l&rsquo;\u00e9chapp\u00e9e matinale. Au sein du peloton, <strong>Richard Carapaz, Esteban Chaves<\/strong> (EF Education EasyPost), <strong>Matteo Jorgenson<\/strong> (Movistar) et<strong> Mikel Landa<\/strong> (Bahrain Victorious) ont chut\u00e9. Le coureur basque n&rsquo;a pas pu rentrer dans le peloton contrairement aux autres coureurs.<\/p>\n<p style=\"text-align: justify;\">Par la suite, <strong>Martin Marcellusi<\/strong>,<strong> Alex Tolio<\/strong> (Green Project Bardiani) et<strong> Ben Healy<\/strong> (EF Education EasyPost) ont fait la descente pour attaquer Passo di Ganda avec 45 secondes d&rsquo;avance sur le peloton emmen\u00e9 par la Jumbo-Visma. Le champion d&rsquo;Irlande a rapidement l\u00e2ch\u00e9 le coureur transalpin. <strong>Adam Yates<\/strong> (UAE Team Emirates) a port\u00e9 une attaque avec <strong>Julian Alaphilippe<\/strong> (Soudal Quick-Step) dans son sillage. Cette attaque a provoqu\u00e9 une violente acc\u00e9l\u00e9ration du peloton aux d\u00e9pens de <strong>Remco Evenepoel<\/strong> (Soudal Quick-Step). L&rsquo;ancien double champion du monde s&rsquo;est ensuite relev\u00e9 pour soutenir son leader.<\/p>\n<h2 style=\"text-align: justify;\">Pogacar, le meilleur tactiquement<\/h2>\n<p style=\"text-align: justify;\">Dans les plus forts pourcentages,<strong> Tadej Pogacar<\/strong> (UAE Team Emirates) a acc\u00e9l\u00e9r\u00e9 avec <strong>Aleksandr Vlasov<\/strong> (Bora Hansgrohe). Derri\u00e8re, quatre coureurs \u00e9taient \u00e0 un deuxi\u00e8me \u00e9chelon : <strong>Primoz Roglic<\/strong> (Jumbo-Visma), <strong>Carlos Rodriguez<\/strong> (INEOS Grenadiers), <strong>Simon Yates<\/strong> (Team Jayco AlUla) et le surprenant <strong>Andrea Bagioli<\/strong> (Soudal Quick-Step). Apr\u00e8s la jonction au sommet, <strong>Tadej<\/strong> <strong>Pogacar<\/strong> (UAE Team Emirates) s&rsquo;est isol\u00e9 dans la descente, \u00e0 30 kilom\u00e8tres du terme, pour avoir 40 secondes d&rsquo;avance en bas de la descente alors qu&rsquo;<strong>Adam Yates<\/strong> (UAE Team Emirates) et <strong>Richard Carapaz<\/strong> (EF Education EasyPost) est rentr\u00e9 sur les poursuivants.<\/p>\n<p style=\"text-align: justify;\"><strong> Tadej Pogacar<\/strong> (UAE Team Emirates) a continu\u00e9 de creuser son avance dans la portion plate en direction de Bergame avec une minute d&rsquo;avance, malgr\u00e9 un d\u00e9but de crampe, mais il a profit\u00e9 \u00e9galement de la m\u00e9sentente au sein du groupe de chasse. Dans la petite bosse dans la vieille ville, <strong>Carlos Rodriguez<\/strong> (INEOS Grenadiers) a impos\u00e9 un gros tempo pour distancer <strong>Primoz Roglic<\/strong> (Jumbo-Visma). Le Slov\u00e8ne est finalement revenu dans la descente.<\/p>\n<h2 style=\"text-align: justify;\">Un cinqui\u00e8me Monument pour Pogacar<\/h2>\n<p style=\"text-align: justify;\">Finalement, <strong>Tadej Pogacar<\/strong> (UAE Team Emirates) a inscrit son nom pour la troisi\u00e8me fois de suite au palmar\u00e8s de la classique lombarde comme Fausto Coppi et Alfredo Binda. <strong>Andrea Bagioli<\/strong> (Soudal Quick-Step) a r\u00e9gl\u00e9 <strong>Primoz Roglic<\/strong> (Jumbo-Visma) et <strong>Aleksandr Vlasov<\/strong> (Bora Hansgrohe) pour la deuxi\u00e8me place. <strong>Simon Yates<\/strong> (Team Jayco AlUla) a pris la cinqui\u00e8me place devant son fr\u00e8re <strong>Adam Yates<\/strong> (UAE Team Emirates).<\/p>\n<blockquote class=\"twitter-tweet\">\n<p dir=\"ltr\" lang=\"fr\">\ud835\udc0c\ud835\udc0e\ud835\udc0d\ud835\udc14\ud835\udc0c\ud835\udc04\ud835\udc0d\ud835\udc13\ud835\udc00\ud835\udc0b \ud835\udc13\ud835\udc00\ud835\udc03\ud835\udc04\ud835\udc09 \ud835\udc0f\ud835\udc0e\ud835\udc06\ud835\udc00\ud835\udc02\ud835\udc00\ud835\udc11<\/p>\n<p>2\u20e30\u20e32\u20e31\u20e3-2\u20e30\u20e32\u20e32\u20e3-2\u20e30\u20e32\u20e33\u20e3, la passe de trois sur <a href=\"https:\/\/twitter.com\/hashtag\/ILombardia?src=hash&amp;ref_src=twsrc%5Etfw\">#ILombardia<\/a> pour le Slov\u00e8ne, qui marque encore un peu plus l&rsquo;histoire de son sport <a href=\"https:\/\/twitter.com\/hashtag\/LesRP?src=hash&amp;ref_src=twsrc%5Etfw\">#LesRP<\/a> <a href=\"https:\/\/t.co\/sXHJKNBlSR\">pic.twitter.com\/sXHJKNBlSR<\/a><\/p>\n<p>\u2014 Eurosport France (@Eurosport_FR) <a href=\"https:\/\/twitter.com\/Eurosport_FR\/status\/1710666535033786387?ref_src=twsrc%5Etfw\">October 7, 2023<\/a><\/p><\/blockquote>\n<p><script async src=\"https:\/\/platform.twitter.com\/widgets.js\" charset=\"utf-8\"><\/script><\/p>\n","protected":false},"excerpt":{"rendered":"<p>TOUR DE LOMBARDIE 2023 &#8211; Vainqueur des deux derni\u00e8res \u00e9ditions, Tadej Pogacar (UAE Team Emirates) s&rsquo;est adjug\u00e9 en solitaire la 117\u00e8me \u00e9dition du Tour de Lombardie, samedi, \u00e0 Bergame.\u00a0<\/p>\n","protected":false},"author":48,"featured_media":427104,"comment_status":"open","ping_status":"closed","sticky":false,"template":"","format":"standard","meta":{"_acf_changed":false,"_daextam_enable_autolinks":"1","footnotes":""},"categories":[46994],"tags":[3119,16878,24,4168],"class_list":["post-426974","post","type-post","status-publish","format-standard","has-post-thumbnail","hentry","category-cyclisme-sur-route","tag-actualite-cyclisme","tag-breve","tag-sport","tag-tour-de-lombardie"],"acf":[],"yoast_head":"<!-- This site is optimized with the Yoast SEO Premium plugin v26.7 (Yoast SEO v26.7) - https:\/\/yoast.com\/wordpress\/plugins\/seo\/ -->\n<title>Tour de Lombardie 2023 : La passe de trois pour Tadej Pogacar<\/title>\n<meta name=\"description\" content=\"TOUR DE LOMBARDIE 2023 - Tadej Pogacar (UAE Team Emirates) s&#039;est adjug\u00e9 en solitaire la 117\u00e8me \u00e9dition du Tour de Lombardie, samedi, \u00e0 Bergame.\u00a0\" \/>\n<meta name=\"robots\" content=\"index, follow, max-snippet:-1, max-image-preview:large, max-video-preview:-1\" \/>\n<link rel=\"canonical\" href=\"https:\/\/dicodusport.fr\/blog\/tour-de-lombardie-2023-la-passe-de-trois-pour-tadej-pogacar\/\" \/>\n<meta property=\"og:locale\" content=\"fr_FR\" \/>\n<meta property=\"og:type\" content=\"article\" \/>\n<meta property=\"og:title\" content=\"Tour de Lombardie 2023 : La passe de trois pour Tadej Pogacar\" \/>\n<meta property=\"og:description\" content=\"TOUR DE LOMBARDIE 2023 - Tadej Pogacar (UAE Team Emirates) s&#039;est adjug\u00e9 en solitaire la 117\u00e8me \u00e9dition du Tour de Lombardie, samedi, \u00e0 Bergame.\u00a0\" \/>\n<meta property=\"og:url\" content=\"https:\/\/dicodusport.fr\/blog\/tour-de-lombardie-2023-la-passe-de-trois-pour-tadej-pogacar\/\" \/>\n<meta property=\"og:site_name\" content=\"Dicodusport\" \/>\n<meta property=\"article:publisher\" content=\"https:\/\/www.facebook.com\/dicodusport\" \/>\n<meta property=\"article:author\" content=\"https:\/\/www.facebook.com\/groups\/LesRoisDuPeloton\" \/>\n<meta property=\"article:published_time\" content=\"2023-10-07T15:32:09+00:00\" \/>\n<meta property=\"article:modified_time\" content=\"2023-10-07T17:39:46+00:00\" \/>\n<meta property=\"og:image\" content=\"https:\/\/dicodusport.fr\/blog\/wp-content\/uploads\/2023\/10\/Tour-de-Lombardie-2023-La-passe-de-trois-pour-Tadej-Pogacar.png\" \/>\n\t<meta property=\"og:image:width\" content=\"800\" \/>\n\t<meta property=\"og:image:height\" content=\"445\" \/>\n\t<meta property=\"og:image:type\" content=\"image\/png\" \/>\n<meta name=\"author\" content=\"Emilien Descampiaux\" \/>\n<meta name=\"twitter:card\" content=\"summary_large_image\" \/>\n<meta name=\"twitter:title\" content=\"Tour de Lombardie 2023 : La passe de trois pour Tadej Pogacar\" \/>\n<meta name=\"twitter:creator\" content=\"@https:\/\/twitter.com\/LRoisDuPeloton\" \/>\n<meta name=\"twitter:site\" content=\"@dicodusport\" \/>\n<script type=\"application\/ld+json\" class=\"yoast-schema-graph\">{\"@context\":\"https:\/\/schema.org\",\"@graph\":[{\"@type\":\"NewsArticle\",\"@id\":\"https:\/\/dicodusport.fr\/blog\/tour-de-lombardie-2023-la-passe-de-trois-pour-tadej-pogacar\/#article\",\"isPartOf\":{\"@id\":\"https:\/\/dicodusport.fr\/blog\/tour-de-lombardie-2023-la-passe-de-trois-pour-tadej-pogacar\/\"},\"author\":{\"name\":\"Emilien Descampiaux\",\"@id\":\"https:\/\/dicodusport.fr\/blog\/#\/schema\/person\/6db4bae06b171592211be385b32876a7\"},\"headline\":\"Tour de Lombardie 2023 : La passe de trois pour Tadej Pogacar\",\"datePublished\":\"2023-10-07T15:32:09+00:00\",\"dateModified\":\"2023-10-07T17:39:46+00:00\",\"mainEntityOfPage\":{\"@id\":\"https:\/\/dicodusport.fr\/blog\/tour-de-lombardie-2023-la-passe-de-trois-pour-tadej-pogacar\/\"},\"wordCount\":744,\"commentCount\":0,\"publisher\":{\"@id\":\"https:\/\/dicodusport.fr\/blog\/#organization\"},\"image\":{\"@id\":\"https:\/\/dicodusport.fr\/blog\/tour-de-lombardie-2023-la-passe-de-trois-pour-tadej-pogacar\/#primaryimage\"},\"thumbnailUrl\":\"https:\/\/dicodusport.fr\/blog\/wp-content\/uploads\/2023\/10\/Tour-de-Lombardie-2023-La-passe-de-trois-pour-Tadej-Pogacar.png\",\"keywords\":[\"Actualit\u00e9 Cyclisme\",\"br\u00e8ve\",\"sport\",\"Tour de Lombardie\"],\"articleSection\":[\"Cyclisme sur route\"],\"inLanguage\":\"fr-FR\",\"potentialAction\":[{\"@type\":\"CommentAction\",\"name\":\"Comment\",\"target\":[\"https:\/\/dicodusport.fr\/blog\/tour-de-lombardie-2023-la-passe-de-trois-pour-tadej-pogacar\/#respond\"]}],\"copyrightYear\":\"2023\",\"copyrightHolder\":{\"@id\":\"https:\/\/dicodusport.fr\/blog\/#organization\"}},{\"@type\":\"WebPage\",\"@id\":\"https:\/\/dicodusport.fr\/blog\/tour-de-lombardie-2023-la-passe-de-trois-pour-tadej-pogacar\/\",\"url\":\"https:\/\/dicodusport.fr\/blog\/tour-de-lombardie-2023-la-passe-de-trois-pour-tadej-pogacar\/\",\"name\":\"Tour de Lombardie 2023 : La passe de trois pour Tadej Pogacar\",\"isPartOf\":{\"@id\":\"https:\/\/dicodusport.fr\/blog\/#website\"},\"primaryImageOfPage\":{\"@id\":\"https:\/\/dicodusport.fr\/blog\/tour-de-lombardie-2023-la-passe-de-trois-pour-tadej-pogacar\/#primaryimage\"},\"image\":{\"@id\":\"https:\/\/dicodusport.fr\/blog\/tour-de-lombardie-2023-la-passe-de-trois-pour-tadej-pogacar\/#primaryimage\"},\"thumbnailUrl\":\"https:\/\/dicodusport.fr\/blog\/wp-content\/uploads\/2023\/10\/Tour-de-Lombardie-2023-La-passe-de-trois-pour-Tadej-Pogacar.png\",\"datePublished\":\"2023-10-07T15:32:09+00:00\",\"dateModified\":\"2023-10-07T17:39:46+00:00\",\"description\":\"TOUR DE LOMBARDIE 2023 - Tadej Pogacar (UAE Team Emirates) s'est adjug\u00e9 en solitaire la 117\u00e8me \u00e9dition du Tour de Lombardie, samedi, \u00e0 Bergame.\u00a0\",\"breadcrumb\":{\"@id\":\"https:\/\/dicodusport.fr\/blog\/tour-de-lombardie-2023-la-passe-de-trois-pour-tadej-pogacar\/#breadcrumb\"},\"inLanguage\":\"fr-FR\",\"potentialAction\":[{\"@type\":\"ReadAction\",\"target\":[\"https:\/\/dicodusport.fr\/blog\/tour-de-lombardie-2023-la-passe-de-trois-pour-tadej-pogacar\/\"]}]},{\"@type\":\"ImageObject\",\"inLanguage\":\"fr-FR\",\"@id\":\"https:\/\/dicodusport.fr\/blog\/tour-de-lombardie-2023-la-passe-de-trois-pour-tadej-pogacar\/#primaryimage\",\"url\":\"https:\/\/dicodusport.fr\/blog\/wp-content\/uploads\/2023\/10\/Tour-de-Lombardie-2023-La-passe-de-trois-pour-Tadej-Pogacar.png\",\"contentUrl\":\"https:\/\/dicodusport.fr\/blog\/wp-content\/uploads\/2023\/10\/Tour-de-Lombardie-2023-La-passe-de-trois-pour-Tadej-Pogacar.png\",\"width\":800,\"height\":445,\"caption\":\"Tour de Lombardie 2023 La passe de trois pour Tadej Pogacar\"},{\"@type\":\"BreadcrumbList\",\"@id\":\"https:\/\/dicodusport.fr\/blog\/tour-de-lombardie-2023-la-passe-de-trois-pour-tadej-pogacar\/#breadcrumb\",\"itemListElement\":[{\"@type\":\"ListItem\",\"position\":1,\"name\":\"Accueil\",\"item\":\"https:\/\/dicodusport.fr\/blog\/\"},{\"@type\":\"ListItem\",\"position\":2,\"name\":\"Tour de Lombardie 2023 : La passe de trois pour Tadej Pogacar\"}]},{\"@type\":\"WebSite\",\"@id\":\"https:\/\/dicodusport.fr\/blog\/#website\",\"url\":\"https:\/\/dicodusport.fr\/blog\/\",\"name\":\"Dicodusport\",\"description\":\"L&#039;encyclop\u00e9die de l&#039;actualit\u00e9 sportive\",\"publisher\":{\"@id\":\"https:\/\/dicodusport.fr\/blog\/#organization\"},\"potentialAction\":[{\"@type\":\"SearchAction\",\"target\":{\"@type\":\"EntryPoint\",\"urlTemplate\":\"https:\/\/dicodusport.fr\/blog\/?s={search_term_string}\"},\"query-input\":{\"@type\":\"PropertyValueSpecification\",\"valueRequired\":true,\"valueName\":\"search_term_string\"}}],\"inLanguage\":\"fr-FR\"},{\"@type\":\"NewsMediaOrganization\",\"@id\":\"https:\/\/dicodusport.fr\/blog\/#organization\",\"name\":\"Dicodusport\",\"url\":\"https:\/\/dicodusport.fr\/blog\/\",\"logo\":{\"@type\":\"ImageObject\",\"inLanguage\":\"fr-FR\",\"@id\":\"https:\/\/dicodusport.fr\/blog\/#\/schema\/logo\/image\/\",\"url\":\"https:\/\/dicodusport.fr\/blog\/wp-content\/uploads\/2020\/06\/cropped-LOGO-DICODUSPORT-2020-SANS-FOND-SANS-TEXTE.png\",\"contentUrl\":\"https:\/\/dicodusport.fr\/blog\/wp-content\/uploads\/2020\/06\/cropped-LOGO-DICODUSPORT-2020-SANS-FOND-SANS-TEXTE.png\",\"width\":512,\"height\":512,\"caption\":\"Dicodusport\"},\"image\":{\"@id\":\"https:\/\/dicodusport.fr\/blog\/#\/schema\/logo\/image\/\"},\"sameAs\":[\"https:\/\/www.facebook.com\/dicodusport\",\"https:\/\/x.com\/dicodusport\",\"https:\/\/www.instagram.com\/dicodusport\/\",\"https:\/\/www.youtube.com\/channel\/UC7V2KZ5sd3htJivAbA4ZG3w\"],\"description\":\"Dicodusport est l'encyclop\u00e9die de l'actualit\u00e9 sportive.\",\"email\":\"bonjour@dicodusport.fr\",\"legalName\":\"DICODUSPORT\",\"foundingDate\":\"2018-01-14\",\"vatID\":\"FR71834470973\",\"taxID\":\"83447097300043\",\"numberOfEmployees\":{\"@type\":\"QuantitativeValue\",\"minValue\":\"1\",\"maxValue\":\"10\"}},{\"@type\":\"Person\",\"@id\":\"https:\/\/dicodusport.fr\/blog\/#\/schema\/person\/6db4bae06b171592211be385b32876a7\",\"name\":\"Emilien Descampiaux\",\"image\":{\"@type\":\"ImageObject\",\"inLanguage\":\"fr-FR\",\"@id\":\"https:\/\/dicodusport.fr\/blog\/#\/schema\/person\/image\/\",\"url\":\"https:\/\/dicodusport.fr\/blog\/wp-content\/uploads\/2021\/05\/Emilien-Descampiaux-150x150.jpg\",\"contentUrl\":\"https:\/\/dicodusport.fr\/blog\/wp-content\/uploads\/2021\/05\/Emilien-Descampiaux-150x150.jpg\",\"caption\":\"Emilien Descampiaux\"},\"description\":\"Journaliste\/r\u00e9dacteur depuis 2014 - Fan de la classe de Frank Vandenbroucke, je vis cyclisme (et de ses paysages) depuis plus de 20 ans. Je suis tr\u00e8s impliqu\u00e9 sur mes diff\u00e9rents r\u00e9seaux sociaux pour partager ma passion sur le monde et l'Histoire de la bicyclette avec ma voix sur les images en noir et blanc du succ\u00e8s de Rik Van Steenbergen lors du Ronde sur le V\u00e9lodrome de Gand.\",\"sameAs\":[\"https:\/\/www.facebook.com\/groups\/LesRoisDuPeloton\",\"https:\/\/x.com\/https:\/\/twitter.com\/LRoisDuPeloton\"],\"url\":\"https:\/\/dicodusport.fr\/blog\/author\/emiliend\/\"}]}<\/script>\n<!-- \/ Yoast SEO Premium plugin. -->","yoast_head_json":{"title":"Tour de Lombardie 2023 : La passe de trois pour Tadej Pogacar","description":"TOUR DE LOMBARDIE 2023 - Tadej Pogacar (UAE Team Emirates) s'est adjug\u00e9 en solitaire la 117\u00e8me \u00e9dition du Tour de Lombardie, samedi, \u00e0 Bergame.\u00a0","robots":{"index":"index","follow":"follow","max-snippet":"max-snippet:-1","max-image-preview":"max-image-preview:large","max-video-preview":"max-video-preview:-1"},"canonical":"https:\/\/dicodusport.fr\/blog\/tour-de-lombardie-2023-la-passe-de-trois-pour-tadej-pogacar\/","og_locale":"fr_FR","og_type":"article","og_title":"Tour de Lombardie 2023 : La passe de trois pour Tadej Pogacar","og_description":"TOUR DE LOMBARDIE 2023 - Tadej Pogacar (UAE Team Emirates) s'est adjug\u00e9 en solitaire la 117\u00e8me \u00e9dition du Tour de Lombardie, samedi, \u00e0 Bergame.\u00a0","og_url":"https:\/\/dicodusport.fr\/blog\/tour-de-lombardie-2023-la-passe-de-trois-pour-tadej-pogacar\/","og_site_name":"Dicodusport","article_publisher":"https:\/\/www.facebook.com\/dicodusport","article_author":"https:\/\/www.facebook.com\/groups\/LesRoisDuPeloton","article_published_time":"2023-10-07T15:32:09+00:00","article_modified_time":"2023-10-07T17:39:46+00:00","og_image":[{"width":800,"height":445,"url":"https:\/\/dicodusport.fr\/blog\/wp-content\/uploads\/2023\/10\/Tour-de-Lombardie-2023-La-passe-de-trois-pour-Tadej-Pogacar.png","type":"image\/png"}],"author":"Emilien Descampiaux","twitter_card":"summary_large_image","twitter_title":"Tour de Lombardie 2023 : La passe de trois pour Tadej Pogacar","twitter_creator":"@https:\/\/twitter.com\/LRoisDuPeloton","twitter_site":"@dicodusport","schema":{"@context":"https:\/\/schema.org","@graph":[{"@type":"NewsArticle","@id":"https:\/\/dicodusport.fr\/blog\/tour-de-lombardie-2023-la-passe-de-trois-pour-tadej-pogacar\/#article","isPartOf":{"@id":"https:\/\/dicodusport.fr\/blog\/tour-de-lombardie-2023-la-passe-de-trois-pour-tadej-pogacar\/"},"author":{"name":"Emilien Descampiaux","@id":"https:\/\/dicodusport.fr\/blog\/#\/schema\/person\/6db4bae06b171592211be385b32876a7"},"headline":"Tour de Lombardie 2023 : La passe de trois pour Tadej Pogacar","datePublished":"2023-10-07T15:32:09+00:00","dateModified":"2023-10-07T17:39:46+00:00","mainEntityOfPage":{"@id":"https:\/\/dicodusport.fr\/blog\/tour-de-lombardie-2023-la-passe-de-trois-pour-tadej-pogacar\/"},"wordCount":744,"commentCount":0,"publisher":{"@id":"https:\/\/dicodusport.fr\/blog\/#organization"},"image":{"@id":"https:\/\/dicodusport.fr\/blog\/tour-de-lombardie-2023-la-passe-de-trois-pour-tadej-pogacar\/#primaryimage"},"thumbnailUrl":"https:\/\/dicodusport.fr\/blog\/wp-content\/uploads\/2023\/10\/Tour-de-Lombardie-2023-La-passe-de-trois-pour-Tadej-Pogacar.png","keywords":["Actualit\u00e9 Cyclisme","br\u00e8ve","sport","Tour de Lombardie"],"articleSection":["Cyclisme sur route"],"inLanguage":"fr-FR","potentialAction":[{"@type":"CommentAction","name":"Comment","target":["https:\/\/dicodusport.fr\/blog\/tour-de-lombardie-2023-la-passe-de-trois-pour-tadej-pogacar\/#respond"]}],"copyrightYear":"2023","copyrightHolder":{"@id":"https:\/\/dicodusport.fr\/blog\/#organization"}},{"@type":"WebPage","@id":"https:\/\/dicodusport.fr\/blog\/tour-de-lombardie-2023-la-passe-de-trois-pour-tadej-pogacar\/","url":"https:\/\/dicodusport.fr\/blog\/tour-de-lombardie-2023-la-passe-de-trois-pour-tadej-pogacar\/","name":"Tour de Lombardie 2023 : La passe de trois pour Tadej Pogacar","isPartOf":{"@id":"https:\/\/dicodusport.fr\/blog\/#website"},"primaryImageOfPage":{"@id":"https:\/\/dicodusport.fr\/blog\/tour-de-lombardie-2023-la-passe-de-trois-pour-tadej-pogacar\/#primaryimage"},"image":{"@id":"https:\/\/dicodusport.fr\/blog\/tour-de-lombardie-2023-la-passe-de-trois-pour-tadej-pogacar\/#primaryimage"},"thumbnailUrl":"https:\/\/dicodusport.fr\/blog\/wp-content\/uploads\/2023\/10\/Tour-de-Lombardie-2023-La-passe-de-trois-pour-Tadej-Pogacar.png","datePublished":"2023-10-07T15:32:09+00:00","dateModified":"2023-10-07T17:39:46+00:00","description":"TOUR DE LOMBARDIE 2023 - Tadej Pogacar (UAE Team Emirates) s'est adjug\u00e9 en solitaire la 117\u00e8me \u00e9dition du Tour de Lombardie, samedi, \u00e0 Bergame.\u00a0","breadcrumb":{"@id":"https:\/\/dicodusport.fr\/blog\/tour-de-lombardie-2023-la-passe-de-trois-pour-tadej-pogacar\/#breadcrumb"},"inLanguage":"fr-FR","potentialAction":[{"@type":"ReadAction","target":["https:\/\/dicodusport.fr\/blog\/tour-de-lombardie-2023-la-passe-de-trois-pour-tadej-pogacar\/"]}]},{"@type":"ImageObject","inLanguage":"fr-FR","@id":"https:\/\/dicodusport.fr\/blog\/tour-de-lombardie-2023-la-passe-de-trois-pour-tadej-pogacar\/#primaryimage","url":"https:\/\/dicodusport.fr\/blog\/wp-content\/uploads\/2023\/10\/Tour-de-Lombardie-2023-La-passe-de-trois-pour-Tadej-Pogacar.png","contentUrl":"https:\/\/dicodusport.fr\/blog\/wp-content\/uploads\/2023\/10\/Tour-de-Lombardie-2023-La-passe-de-trois-pour-Tadej-Pogacar.png","width":800,"height":445,"caption":"Tour de Lombardie 2023 La passe de trois pour Tadej Pogacar"},{"@type":"BreadcrumbList","@id":"https:\/\/dicodusport.fr\/blog\/tour-de-lombardie-2023-la-passe-de-trois-pour-tadej-pogacar\/#breadcrumb","itemListElement":[{"@type":"ListItem","position":1,"name":"Accueil","item":"https:\/\/dicodusport.fr\/blog\/"},{"@type":"ListItem","position":2,"name":"Tour de Lombardie 2023 : La passe de trois pour Tadej Pogacar"}]},{"@type":"WebSite","@id":"https:\/\/dicodusport.fr\/blog\/#website","url":"https:\/\/dicodusport.fr\/blog\/","name":"Dicodusport","description":"L&#039;encyclop\u00e9die de l&#039;actualit\u00e9 sportive","publisher":{"@id":"https:\/\/dicodusport.fr\/blog\/#organization"},"potentialAction":[{"@type":"SearchAction","target":{"@type":"EntryPoint","urlTemplate":"https:\/\/dicodusport.fr\/blog\/?s={search_term_string}"},"query-input":{"@type":"PropertyValueSpecification","valueRequired":true,"valueName":"search_term_string"}}],"inLanguage":"fr-FR"},{"@type":"NewsMediaOrganization","@id":"https:\/\/dicodusport.fr\/blog\/#organization","name":"Dicodusport","url":"https:\/\/dicodusport.fr\/blog\/","logo":{"@type":"ImageObject","inLanguage":"fr-FR","@id":"https:\/\/dicodusport.fr\/blog\/#\/schema\/logo\/image\/","url":"https:\/\/dicodusport.fr\/blog\/wp-content\/uploads\/2020\/06\/cropped-LOGO-DICODUSPORT-2020-SANS-FOND-SANS-TEXTE.png","contentUrl":"https:\/\/dicodusport.fr\/blog\/wp-content\/uploads\/2020\/06\/cropped-LOGO-DICODUSPORT-2020-SANS-FOND-SANS-TEXTE.png","width":512,"height":512,"caption":"Dicodusport"},"image":{"@id":"https:\/\/dicodusport.fr\/blog\/#\/schema\/logo\/image\/"},"sameAs":["https:\/\/www.facebook.com\/dicodusport","https:\/\/x.com\/dicodusport","https:\/\/www.instagram.com\/dicodusport\/","https:\/\/www.youtube.com\/channel\/UC7V2KZ5sd3htJivAbA4ZG3w"],"description":"Dicodusport est l'encyclop\u00e9die de l'actualit\u00e9 sportive.","email":"bonjour@dicodusport.fr","legalName":"DICODUSPORT","foundingDate":"2018-01-14","vatID":"FR71834470973","taxID":"83447097300043","numberOfEmployees":{"@type":"QuantitativeValue","minValue":"1","maxValue":"10"}},{"@type":"Person","@id":"https:\/\/dicodusport.fr\/blog\/#\/schema\/person\/6db4bae06b171592211be385b32876a7","name":"Emilien Descampiaux","image":{"@type":"ImageObject","inLanguage":"fr-FR","@id":"https:\/\/dicodusport.fr\/blog\/#\/schema\/person\/image\/","url":"https:\/\/dicodusport.fr\/blog\/wp-content\/uploads\/2021\/05\/Emilien-Descampiaux-150x150.jpg","contentUrl":"https:\/\/dicodusport.fr\/blog\/wp-content\/uploads\/2021\/05\/Emilien-Descampiaux-150x150.jpg","caption":"Emilien Descampiaux"},"description":"Journaliste\/r\u00e9dacteur depuis 2014 - Fan de la classe de Frank Vandenbroucke, je vis cyclisme (et de ses paysages) depuis plus de 20 ans. Je suis tr\u00e8s impliqu\u00e9 sur mes diff\u00e9rents r\u00e9seaux sociaux pour partager ma passion sur le monde et l'Histoire de la bicyclette avec ma voix sur les images en noir et blanc du succ\u00e8s de Rik Van Steenbergen lors du Ronde sur le V\u00e9lodrome de Gand.","sameAs":["https:\/\/www.facebook.com\/groups\/LesRoisDuPeloton","https:\/\/x.com\/https:\/\/twitter.com\/LRoisDuPeloton"],"url":"https:\/\/dicodusport.fr\/blog\/author\/emiliend\/"}]}},"_links":{"self":[{"href":"https:\/\/dicodusport.fr\/blog\/wp-json\/wp\/v2\/posts\/426974","targetHints":{"allow":["GET"]}}],"collection":[{"href":"https:\/\/dicodusport.fr\/blog\/wp-json\/wp\/v2\/posts"}],"about":[{"href":"https:\/\/dicodusport.fr\/blog\/wp-json\/wp\/v2\/types\/post"}],"author":[{"embeddable":true,"href":"https:\/\/dicodusport.fr\/blog\/wp-json\/wp\/v2\/users\/48"}],"replies":[{"embeddable":true,"href":"https:\/\/dicodusport.fr\/blog\/wp-json\/wp\/v2\/comments?post=426974"}],"version-history":[{"count":0,"href":"https:\/\/dicodusport.fr\/blog\/wp-json\/wp\/v2\/posts\/426974\/revisions"}],"wp:featuredmedia":[{"embeddable":true,"href":"https:\/\/dicodusport.fr\/blog\/wp-json\/wp\/v2\/media\/427104"}],"wp:attachment":[{"href":"https:\/\/dicodusport.fr\/blog\/wp-json\/wp\/v2\/media?parent=426974"}],"wp:term":[{"taxonomy":"category","embeddable":true,"href":"https:\/\/dicodusport.fr\/blog\/wp-json\/wp\/v2\/categories?post=426974"},{"taxonomy":"post_tag","embeddable":true,"href":"https:\/\/dicodusport.fr\/blog\/wp-json\/wp\/v2\/tags?post=426974"}],"curies":[{"name":"wp","href":"https:\/\/api.w.org\/{rel}","templated":true}]}}