{"id":427066,"date":"2023-10-08T13:06:38","date_gmt":"2023-10-08T11:06:38","guid":{"rendered":"https:\/\/dicodusport.fr\/blog\/?p=427066&#038;preview=true&#038;preview_id=427066"},"modified":"2023-10-08T16:00:43","modified_gmt":"2023-10-08T14:00:43","slug":"maxime-lucu-un-match-reference-dans-la-peau-de-titulaire","status":"publish","type":"post","link":"https:\/\/dicodusport.fr\/blog\/maxime-lucu-un-match-reference-dans-la-peau-de-titulaire\/","title":{"rendered":"Maxime Lucu, un match r\u00e9f\u00e9rence dans la peau d&rsquo;un titulaire"},"content":{"rendered":"<p style=\"text-align: justify;\"><strong><em>COUPE DU MONDE DE RUGBY 2023 &#8211; Il devait remplacer Antoine Dupont en tant que titulaire, et l&rsquo;a fait admirablement. Maxime Lucu, habituelle doublure du meilleur joueur du monde 2022, a assum\u00e9 son r\u00f4le contre l&rsquo;Italie. Une performance rassurante pour le XV de France, \u00e0 l&rsquo;approche des quarts de finale.<\/em><\/strong><\/p>\n<ul>\n<li style=\"text-align: justify;\"><strong>\u00c0 lire aussi &#8211; <a href=\"https:\/\/dicodusport.fr\/blog\/coupe-du-monde-de-rugby-phase-finale-tableau-complet-et-resultats\/\">Coupe du monde de rugby Phase finale \u2013 Tableau complet et r\u00e9sultats<\/a><\/strong><\/li>\n<\/ul>\n<p style=\"text-align: justify;\"><strong>Maxime Lucu<\/strong> n&rsquo;a jamais perdu un match avec <em>les Bleus<\/em>, en 18 rencontres. Une statistique marquante, qui en dit long sur l&rsquo;apport du demi de m\u00eal\u00e9e bordelais. Habitu\u00e9 \u00e0 jouer les 10 derni\u00e8res minutes des matchs pour suppl\u00e9er <strong>Antoine Dupont<\/strong>, la blessure de ce dernier l&rsquo;a propuls\u00e9 titulaire, <a href=\"https:\/\/dicodusport.fr\/blog\/coupe-du-monde-de-rugby-les-bleus-laminent-litalie-et-prennent-le-quart\/\"><strong>ce vendredi face \u00e0 l&rsquo;Italie<\/strong><\/a>. Une occasion pour lui de briller, et de confirmer tout son talent.<\/p>\n<ul>\n<li style=\"text-align: justify;\"><strong>\u00c0 lire aussi \u2013\u00a0<a href=\"https:\/\/dicodusport.fr\/blog\/xv-de-france-italie-les-notes-des-bleus\/\">Les notes des Bleus face \u00e0 l\u2019Italie<\/a><\/strong><\/li>\n<\/ul>\n<h2 style=\"text-align: justify;\">La connexion bordelaise<\/h2>\n<p style=\"text-align: justify;\">L&rsquo;ancien joueur du <strong>Biarritz Olympique<\/strong> n&rsquo;\u00e9tait pas d\u00e9pays\u00e9 quand il a fallu d\u00e9marrer ce dernier match de poules. \u00c0 ses c\u00f4t\u00e9s \u00e0 la charni\u00e8re, <strong>Matthieu Jalibert<\/strong>, son \u00e9quipier \u00e0 l&rsquo;<strong>Union Bordeaux-B\u00e8gles<\/strong> (UBB), a \u00e9t\u00e9 d&rsquo;une grande aide pour contr\u00f4ler le jeu fran\u00e7ais. Une connexion bordelaise qui a brill\u00e9, et fait jouer les autres. L&rsquo;animation de <strong>Lucu<\/strong> et les prises d&rsquo;initiatives de <strong>Jalibert<\/strong> (\u00e0 la main ou au pied) ont emp\u00each\u00e9 l&rsquo;Italie d&rsquo;entamer la moindre r\u00e9volte.<\/p>\n<p style=\"text-align: justify;\">En 18 s\u00e9lections avec le XV de France, <strong>Maxime Lucu<\/strong> n&rsquo;\u00e9tait jamais vraiment pass\u00e9 \u00e0 c\u00f4t\u00e9 d&rsquo;une rencontre. Mais apr\u00e8s sa performance contre les Italiens, on peut le dire : il tient son match r\u00e9f\u00e9rence. Serein, m\u00e9tronome, juste. Sa copie a \u00e9t\u00e9 propre, en attestent ses statistiques. 46 passes pour un taux de r\u00e9ussite de 98%, l&rsquo;exemple parfait d&rsquo;un demi de m\u00eal\u00e9e qui r\u00e9pond aux attentes de son poste. En d\u00e9fense, le Bordelais a aussi \u00e9t\u00e9 impactant. Avec un total de 6\/6 aux plaquages, il a su fermer les petits espaces et s&rsquo;est impos\u00e9 dans sa zone.<\/p>\n<blockquote class=\"twitter-tweet\">\n<p dir=\"ltr\" lang=\"fr\">\ud83d\udd1c\ud83c\uddeb\ud83c\uddf7 DIRECTION \ud835\udc0b\ud835\udc04\ud835\udc12 \ud835\udc10\ud835\udc14\ud835\udc00\ud835\udc11\ud835\udc13\ud835\udc12 ! \ud83d\ude0d<a href=\"https:\/\/twitter.com\/hashtag\/UnisPourUnR%C3%AAve?src=hash&amp;ref_src=twsrc%5Etfw\">#UnisPourUnR\u00eave<\/a> <a href=\"https:\/\/twitter.com\/hashtag\/XVdeFrance?src=hash&amp;ref_src=twsrc%5Etfw\">#XVdeFrance<\/a> <a href=\"https:\/\/twitter.com\/hashtag\/RWC2023?src=hash&amp;ref_src=twsrc%5Etfw\">#RWC2023<\/a> <a href=\"https:\/\/t.co\/c2OOcDNa0z\">pic.twitter.com\/c2OOcDNa0z<\/a><\/p>\n<p>\u2014 France Rugby (@FranceRugby) <a href=\"https:\/\/twitter.com\/FranceRugby\/status\/1710397976818917844?ref_src=twsrc%5Etfw\">October 6, 2023<\/a><\/p><\/blockquote>\n<p><script async src=\"https:\/\/platform.twitter.com\/widgets.js\" charset=\"utf-8\"><\/script><\/p>\n<h2 style=\"text-align: justify;\">\u00ab Il faut que je prenne plus d&rsquo;initiatives \u00bb<\/h2>\n<p style=\"text-align: justify;\">S&rsquo;il expliquait que ce dernier match de poules avait un go\u00fbt de huiti\u00e8me de finale, la pression mise sur ses \u00e9paules ne l&rsquo;a pas effray\u00e9. Malgr\u00e9 sa grande performance, <strong>Lucu<\/strong> reste exigeant envers lui-m\u00eame, et se trouve des axes d&rsquo;am\u00e9lioration. Apr\u00e8s la rencontre, il avouait qu&rsquo;il faudrait qu&rsquo;il prenne <em>\u00ab plus d&rsquo;initiatives \u00bb<\/em>. Ce vendredi, le demi de m\u00eal\u00e9e a gagn\u00e9 six m\u00e8tres sur ses 54 minutes jou\u00e9es. Une chose est s\u00fbre, il ne faut pas chercher \u00e0 retrouver le jeu d&rsquo;<strong>Antoine Dupont<\/strong> dans celui de son comp\u00e8re.<\/p>\n<p style=\"text-align: justify;\">Le <strong>meilleur joueur du monde 2022<\/strong> est connu pour avoir un style de jeu qui d\u00e9note de ce qui est habituellement demand\u00e9 \u00e0 un num\u00e9ro 9. A contrario, <strong>Maxime Lucu<\/strong> reste dans les attendus \u00ab\u00a0classiques\u00a0\u00bb, mais les applique parfaitement. Dans l&rsquo;\u00e9ventualit\u00e9 d&rsquo;un retour du Toulousain pour le quart de finale, le Bordelais de 30 ans est assur\u00e9 d&rsquo;\u00eatre son rempla\u00e7ant. Sa s\u00e9r\u00e9nit\u00e9 dans ses prises de d\u00e9cision, sa solidit\u00e9 d\u00e9fensive ou encore son jeu au pied seront des atouts primordiaux en fin de match. Pour se qualifier en demi-finales, le r\u00f4le de <strong>Maxime Lucu <\/strong>sera\u00a0indispensable.<\/p>\n<blockquote class=\"twitter-tweet\">\n<p dir=\"ltr\" lang=\"fr\">\ud83d\udcac \u00ab\u00a0Quand tu travailles depuis 10 jours et qu&rsquo;on te parle d&rsquo;\u00e9limination tu n&rsquo;as qu&rsquo;une envie c&rsquo;est de tout l\u00e2cher.\u00a0\u00bb<\/p>\n<p>\ud83c\uddeb\ud83c\uddf7 Maxime Lucu parle de la pression de ce match qui \u00e9tait semblable \u00e0 un huiti\u00e8me de finale. <a href=\"https:\/\/t.co\/MPzq5YJCvf\">pic.twitter.com\/MPzq5YJCvf<\/a><\/p>\n<p>\u2014 RMC Sport (@RMCsport) <a href=\"https:\/\/twitter.com\/RMCsport\/status\/1710411864167878692?ref_src=twsrc%5Etfw\">October 6, 2023<\/a><\/p><\/blockquote>\n<p><script async src=\"https:\/\/platform.twitter.com\/widgets.js\" charset=\"utf-8\"><\/script><\/p>\n","protected":false},"excerpt":{"rendered":"<p>COUPE DU MONDE DE RUGBY 2023 &#8211; Il devait remplacer Antoine Dupont en tant que titulaire, et l&rsquo;a fait admirablement. Maxime Lucu, habituelle doublure du meilleur joueur du monde 2022, a assum\u00e9 son r\u00f4le contre l&rsquo;Italie. Une performance rassurante pour le XV de France, \u00e0 l&rsquo;approche des quarts de finale.<\/p>\n","protected":false},"author":76,"featured_media":427338,"comment_status":"open","ping_status":"closed","sticky":false,"template":"","format":"standard","meta":{"_acf_changed":false,"_daextam_enable_autolinks":"1","footnotes":""},"categories":[47049,9129,19951],"tags":[16878,3939,9316,24,1638],"class_list":["post-427066","post","type-post","status-publish","format-standard","has-post-thumbnail","hentry","category-coupe-du-monde-de-rugby","category-rugby-a-xv","category-xv-de-france","tag-breve","tag-france-italie","tag-matthieu-jalibert","tag-sport","tag-xv-de-france"],"acf":[],"yoast_head":"<!-- This site is optimized with the Yoast SEO Premium plugin v26.7 (Yoast SEO v26.7) - https:\/\/yoast.com\/wordpress\/plugins\/seo\/ -->\n<title>Maxime Lucu, un match r\u00e9f\u00e9rence dans la peau d&#039;un titulaire<\/title>\n<meta name=\"description\" content=\"Titulaire contre l&#039;Italie, Maxime Lucu a parfaitement remplac\u00e9 Antoine Dupont. \u00c0 30 ans, il tient son match r\u00e9f\u00e9rence avec les Bleus.\" \/>\n<meta name=\"robots\" content=\"index, follow, max-snippet:-1, max-image-preview:large, max-video-preview:-1\" \/>\n<link rel=\"canonical\" href=\"https:\/\/dicodusport.fr\/blog\/maxime-lucu-un-match-reference-dans-la-peau-de-titulaire\/\" \/>\n<meta property=\"og:locale\" content=\"fr_FR\" \/>\n<meta property=\"og:type\" content=\"article\" \/>\n<meta property=\"og:title\" content=\"Maxime Lucu, un match r\u00e9f\u00e9rence dans la peau d&#039;un titulaire\" \/>\n<meta property=\"og:description\" content=\"Titulaire contre l&#039;Italie, Maxime Lucu a parfaitement remplac\u00e9 Antoine Dupont. \u00c0 30 ans, il tient son match r\u00e9f\u00e9rence avec les Bleus.\" \/>\n<meta property=\"og:url\" content=\"https:\/\/dicodusport.fr\/blog\/maxime-lucu-un-match-reference-dans-la-peau-de-titulaire\/\" \/>\n<meta property=\"og:site_name\" content=\"Dicodusport\" \/>\n<meta property=\"article:publisher\" content=\"https:\/\/www.facebook.com\/dicodusport\" \/>\n<meta property=\"article:published_time\" content=\"2023-10-08T11:06:38+00:00\" \/>\n<meta property=\"article:modified_time\" content=\"2023-10-08T14:00:43+00:00\" \/>\n<meta property=\"og:image\" content=\"https:\/\/dicodusport.fr\/blog\/wp-content\/uploads\/2023\/10\/Maxime-Lucu-un-match-reference-dans-la-peau-de-titulaire.png\" \/>\n\t<meta property=\"og:image:width\" content=\"800\" \/>\n\t<meta property=\"og:image:height\" content=\"445\" \/>\n\t<meta property=\"og:image:type\" content=\"image\/png\" \/>\n<meta name=\"author\" content=\"Tom Lacaille\" \/>\n<meta name=\"twitter:card\" content=\"summary_large_image\" \/>\n<meta name=\"twitter:title\" content=\"Maxime Lucu, un match r\u00e9f\u00e9rence dans la peau d&#039;un titulaire\" \/>\n<meta name=\"twitter:creator\" content=\"@Tom Lacaille\" \/>\n<meta name=\"twitter:site\" content=\"@dicodusport\" \/>\n<script type=\"application\/ld+json\" class=\"yoast-schema-graph\">{\"@context\":\"https:\/\/schema.org\",\"@graph\":[{\"@type\":\"NewsArticle\",\"@id\":\"https:\/\/dicodusport.fr\/blog\/maxime-lucu-un-match-reference-dans-la-peau-de-titulaire\/#article\",\"isPartOf\":{\"@id\":\"https:\/\/dicodusport.fr\/blog\/maxime-lucu-un-match-reference-dans-la-peau-de-titulaire\/\"},\"author\":{\"name\":\"Tom Lacaille\",\"@id\":\"https:\/\/dicodusport.fr\/blog\/#\/schema\/person\/8b8ec0dc77c31efd8fe9820383d505b3\"},\"headline\":\"Maxime Lucu, un match r\u00e9f\u00e9rence dans la peau d&rsquo;un titulaire\",\"datePublished\":\"2023-10-08T11:06:38+00:00\",\"dateModified\":\"2023-10-08T14:00:43+00:00\",\"mainEntityOfPage\":{\"@id\":\"https:\/\/dicodusport.fr\/blog\/maxime-lucu-un-match-reference-dans-la-peau-de-titulaire\/\"},\"wordCount\":634,\"commentCount\":0,\"publisher\":{\"@id\":\"https:\/\/dicodusport.fr\/blog\/#organization\"},\"image\":{\"@id\":\"https:\/\/dicodusport.fr\/blog\/maxime-lucu-un-match-reference-dans-la-peau-de-titulaire\/#primaryimage\"},\"thumbnailUrl\":\"https:\/\/dicodusport.fr\/blog\/wp-content\/uploads\/2023\/10\/Maxime-Lucu-un-match-reference-dans-la-peau-de-titulaire.png\",\"keywords\":[\"br\u00e8ve\",\"France Italie\",\"Matthieu Jalibert\",\"sport\",\"XV de France\"],\"articleSection\":[\"Coupe du monde de rugby\",\"Rugby \u00e0 XV\",\"XV de France\"],\"inLanguage\":\"fr-FR\",\"potentialAction\":[{\"@type\":\"CommentAction\",\"name\":\"Comment\",\"target\":[\"https:\/\/dicodusport.fr\/blog\/maxime-lucu-un-match-reference-dans-la-peau-de-titulaire\/#respond\"]}],\"copyrightYear\":\"2023\",\"copyrightHolder\":{\"@id\":\"https:\/\/dicodusport.fr\/blog\/#organization\"}},{\"@type\":\"WebPage\",\"@id\":\"https:\/\/dicodusport.fr\/blog\/maxime-lucu-un-match-reference-dans-la-peau-de-titulaire\/\",\"url\":\"https:\/\/dicodusport.fr\/blog\/maxime-lucu-un-match-reference-dans-la-peau-de-titulaire\/\",\"name\":\"Maxime Lucu, un match r\u00e9f\u00e9rence dans la peau d'un titulaire\",\"isPartOf\":{\"@id\":\"https:\/\/dicodusport.fr\/blog\/#website\"},\"primaryImageOfPage\":{\"@id\":\"https:\/\/dicodusport.fr\/blog\/maxime-lucu-un-match-reference-dans-la-peau-de-titulaire\/#primaryimage\"},\"image\":{\"@id\":\"https:\/\/dicodusport.fr\/blog\/maxime-lucu-un-match-reference-dans-la-peau-de-titulaire\/#primaryimage\"},\"thumbnailUrl\":\"https:\/\/dicodusport.fr\/blog\/wp-content\/uploads\/2023\/10\/Maxime-Lucu-un-match-reference-dans-la-peau-de-titulaire.png\",\"datePublished\":\"2023-10-08T11:06:38+00:00\",\"dateModified\":\"2023-10-08T14:00:43+00:00\",\"description\":\"Titulaire contre l'Italie, Maxime Lucu a parfaitement remplac\u00e9 Antoine Dupont. \u00c0 30 ans, il tient son match r\u00e9f\u00e9rence avec les Bleus.\",\"breadcrumb\":{\"@id\":\"https:\/\/dicodusport.fr\/blog\/maxime-lucu-un-match-reference-dans-la-peau-de-titulaire\/#breadcrumb\"},\"inLanguage\":\"fr-FR\",\"potentialAction\":[{\"@type\":\"ReadAction\",\"target\":[\"https:\/\/dicodusport.fr\/blog\/maxime-lucu-un-match-reference-dans-la-peau-de-titulaire\/\"]}]},{\"@type\":\"ImageObject\",\"inLanguage\":\"fr-FR\",\"@id\":\"https:\/\/dicodusport.fr\/blog\/maxime-lucu-un-match-reference-dans-la-peau-de-titulaire\/#primaryimage\",\"url\":\"https:\/\/dicodusport.fr\/blog\/wp-content\/uploads\/2023\/10\/Maxime-Lucu-un-match-reference-dans-la-peau-de-titulaire.png\",\"contentUrl\":\"https:\/\/dicodusport.fr\/blog\/wp-content\/uploads\/2023\/10\/Maxime-Lucu-un-match-reference-dans-la-peau-de-titulaire.png\",\"width\":800,\"height\":445,\"caption\":\"Maxime Lucu, un match r\u00e9f\u00e9rence dans la peau de titulaire\"},{\"@type\":\"BreadcrumbList\",\"@id\":\"https:\/\/dicodusport.fr\/blog\/maxime-lucu-un-match-reference-dans-la-peau-de-titulaire\/#breadcrumb\",\"itemListElement\":[{\"@type\":\"ListItem\",\"position\":1,\"name\":\"Accueil\",\"item\":\"https:\/\/dicodusport.fr\/blog\/\"},{\"@type\":\"ListItem\",\"position\":2,\"name\":\"Maxime Lucu, un match r\u00e9f\u00e9rence dans la peau d&rsquo;un titulaire\"}]},{\"@type\":\"WebSite\",\"@id\":\"https:\/\/dicodusport.fr\/blog\/#website\",\"url\":\"https:\/\/dicodusport.fr\/blog\/\",\"name\":\"Dicodusport\",\"description\":\"L&#039;encyclop\u00e9die de l&#039;actualit\u00e9 sportive\",\"publisher\":{\"@id\":\"https:\/\/dicodusport.fr\/blog\/#organization\"},\"potentialAction\":[{\"@type\":\"SearchAction\",\"target\":{\"@type\":\"EntryPoint\",\"urlTemplate\":\"https:\/\/dicodusport.fr\/blog\/?s={search_term_string}\"},\"query-input\":{\"@type\":\"PropertyValueSpecification\",\"valueRequired\":true,\"valueName\":\"search_term_string\"}}],\"inLanguage\":\"fr-FR\"},{\"@type\":\"NewsMediaOrganization\",\"@id\":\"https:\/\/dicodusport.fr\/blog\/#organization\",\"name\":\"Dicodusport\",\"url\":\"https:\/\/dicodusport.fr\/blog\/\",\"logo\":{\"@type\":\"ImageObject\",\"inLanguage\":\"fr-FR\",\"@id\":\"https:\/\/dicodusport.fr\/blog\/#\/schema\/logo\/image\/\",\"url\":\"https:\/\/dicodusport.fr\/blog\/wp-content\/uploads\/2020\/06\/cropped-LOGO-DICODUSPORT-2020-SANS-FOND-SANS-TEXTE.png\",\"contentUrl\":\"https:\/\/dicodusport.fr\/blog\/wp-content\/uploads\/2020\/06\/cropped-LOGO-DICODUSPORT-2020-SANS-FOND-SANS-TEXTE.png\",\"width\":512,\"height\":512,\"caption\":\"Dicodusport\"},\"image\":{\"@id\":\"https:\/\/dicodusport.fr\/blog\/#\/schema\/logo\/image\/\"},\"sameAs\":[\"https:\/\/www.facebook.com\/dicodusport\",\"https:\/\/x.com\/dicodusport\",\"https:\/\/www.instagram.com\/dicodusport\/\",\"https:\/\/www.youtube.com\/channel\/UC7V2KZ5sd3htJivAbA4ZG3w\"],\"description\":\"Dicodusport est l'encyclop\u00e9die de l'actualit\u00e9 sportive.\",\"email\":\"bonjour@dicodusport.fr\",\"legalName\":\"DICODUSPORT\",\"foundingDate\":\"2018-01-14\",\"vatID\":\"FR71834470973\",\"taxID\":\"83447097300043\",\"numberOfEmployees\":{\"@type\":\"QuantitativeValue\",\"minValue\":\"1\",\"maxValue\":\"10\"}},{\"@type\":\"Person\",\"@id\":\"https:\/\/dicodusport.fr\/blog\/#\/schema\/person\/8b8ec0dc77c31efd8fe9820383d505b3\",\"name\":\"Tom Lacaille\",\"image\":{\"@type\":\"ImageObject\",\"inLanguage\":\"fr-FR\",\"@id\":\"https:\/\/dicodusport.fr\/blog\/#\/schema\/person\/image\/\",\"url\":\"https:\/\/dicodusport.fr\/blog\/wp-content\/uploads\/2022\/10\/photo-profil-150x150.jpg\",\"contentUrl\":\"https:\/\/dicodusport.fr\/blog\/wp-content\/uploads\/2022\/10\/photo-profil-150x150.jpg\",\"caption\":\"Tom Lacaille\"},\"description\":\"Actuellement \u00e2g\u00e9 de 19 ans, ma passion du sport est berc\u00e9e par la descente aux enfers des Verts, la d\u00e9gringolade de l'ASM Clermont et le futur triomphe des Celtics. En toute logique, je suis un grand passionn\u00e9 de sport et j'essaie de retranscrire mes analyses dans les articles. Le r\u00eave d'\u00eatre journaliste est ma principale source de motivation, en esp\u00e9rant (un jour) apporter un air nouveau \u00e0 ce si beau secteur.\",\"sameAs\":[\"https:\/\/x.com\/Tom Lacaille\"],\"url\":\"https:\/\/dicodusport.fr\/blog\/author\/tom-lacaille\/\"}]}<\/script>\n<!-- \/ Yoast SEO Premium plugin. -->","yoast_head_json":{"title":"Maxime Lucu, un match r\u00e9f\u00e9rence dans la peau d'un titulaire","description":"Titulaire contre l'Italie, Maxime Lucu a parfaitement remplac\u00e9 Antoine Dupont. \u00c0 30 ans, il tient son match r\u00e9f\u00e9rence avec les Bleus.","robots":{"index":"index","follow":"follow","max-snippet":"max-snippet:-1","max-image-preview":"max-image-preview:large","max-video-preview":"max-video-preview:-1"},"canonical":"https:\/\/dicodusport.fr\/blog\/maxime-lucu-un-match-reference-dans-la-peau-de-titulaire\/","og_locale":"fr_FR","og_type":"article","og_title":"Maxime Lucu, un match r\u00e9f\u00e9rence dans la peau d'un titulaire","og_description":"Titulaire contre l'Italie, Maxime Lucu a parfaitement remplac\u00e9 Antoine Dupont. \u00c0 30 ans, il tient son match r\u00e9f\u00e9rence avec les Bleus.","og_url":"https:\/\/dicodusport.fr\/blog\/maxime-lucu-un-match-reference-dans-la-peau-de-titulaire\/","og_site_name":"Dicodusport","article_publisher":"https:\/\/www.facebook.com\/dicodusport","article_published_time":"2023-10-08T11:06:38+00:00","article_modified_time":"2023-10-08T14:00:43+00:00","og_image":[{"width":800,"height":445,"url":"https:\/\/dicodusport.fr\/blog\/wp-content\/uploads\/2023\/10\/Maxime-Lucu-un-match-reference-dans-la-peau-de-titulaire.png","type":"image\/png"}],"author":"Tom Lacaille","twitter_card":"summary_large_image","twitter_title":"Maxime Lucu, un match r\u00e9f\u00e9rence dans la peau d'un titulaire","twitter_creator":"@Tom Lacaille","twitter_site":"@dicodusport","schema":{"@context":"https:\/\/schema.org","@graph":[{"@type":"NewsArticle","@id":"https:\/\/dicodusport.fr\/blog\/maxime-lucu-un-match-reference-dans-la-peau-de-titulaire\/#article","isPartOf":{"@id":"https:\/\/dicodusport.fr\/blog\/maxime-lucu-un-match-reference-dans-la-peau-de-titulaire\/"},"author":{"name":"Tom Lacaille","@id":"https:\/\/dicodusport.fr\/blog\/#\/schema\/person\/8b8ec0dc77c31efd8fe9820383d505b3"},"headline":"Maxime Lucu, un match r\u00e9f\u00e9rence dans la peau d&rsquo;un titulaire","datePublished":"2023-10-08T11:06:38+00:00","dateModified":"2023-10-08T14:00:43+00:00","mainEntityOfPage":{"@id":"https:\/\/dicodusport.fr\/blog\/maxime-lucu-un-match-reference-dans-la-peau-de-titulaire\/"},"wordCount":634,"commentCount":0,"publisher":{"@id":"https:\/\/dicodusport.fr\/blog\/#organization"},"image":{"@id":"https:\/\/dicodusport.fr\/blog\/maxime-lucu-un-match-reference-dans-la-peau-de-titulaire\/#primaryimage"},"thumbnailUrl":"https:\/\/dicodusport.fr\/blog\/wp-content\/uploads\/2023\/10\/Maxime-Lucu-un-match-reference-dans-la-peau-de-titulaire.png","keywords":["br\u00e8ve","France Italie","Matthieu Jalibert","sport","XV de France"],"articleSection":["Coupe du monde de rugby","Rugby \u00e0 XV","XV de France"],"inLanguage":"fr-FR","potentialAction":[{"@type":"CommentAction","name":"Comment","target":["https:\/\/dicodusport.fr\/blog\/maxime-lucu-un-match-reference-dans-la-peau-de-titulaire\/#respond"]}],"copyrightYear":"2023","copyrightHolder":{"@id":"https:\/\/dicodusport.fr\/blog\/#organization"}},{"@type":"WebPage","@id":"https:\/\/dicodusport.fr\/blog\/maxime-lucu-un-match-reference-dans-la-peau-de-titulaire\/","url":"https:\/\/dicodusport.fr\/blog\/maxime-lucu-un-match-reference-dans-la-peau-de-titulaire\/","name":"Maxime Lucu, un match r\u00e9f\u00e9rence dans la peau d'un titulaire","isPartOf":{"@id":"https:\/\/dicodusport.fr\/blog\/#website"},"primaryImageOfPage":{"@id":"https:\/\/dicodusport.fr\/blog\/maxime-lucu-un-match-reference-dans-la-peau-de-titulaire\/#primaryimage"},"image":{"@id":"https:\/\/dicodusport.fr\/blog\/maxime-lucu-un-match-reference-dans-la-peau-de-titulaire\/#primaryimage"},"thumbnailUrl":"https:\/\/dicodusport.fr\/blog\/wp-content\/uploads\/2023\/10\/Maxime-Lucu-un-match-reference-dans-la-peau-de-titulaire.png","datePublished":"2023-10-08T11:06:38+00:00","dateModified":"2023-10-08T14:00:43+00:00","description":"Titulaire contre l'Italie, Maxime Lucu a parfaitement remplac\u00e9 Antoine Dupont. \u00c0 30 ans, il tient son match r\u00e9f\u00e9rence avec les Bleus.","breadcrumb":{"@id":"https:\/\/dicodusport.fr\/blog\/maxime-lucu-un-match-reference-dans-la-peau-de-titulaire\/#breadcrumb"},"inLanguage":"fr-FR","potentialAction":[{"@type":"ReadAction","target":["https:\/\/dicodusport.fr\/blog\/maxime-lucu-un-match-reference-dans-la-peau-de-titulaire\/"]}]},{"@type":"ImageObject","inLanguage":"fr-FR","@id":"https:\/\/dicodusport.fr\/blog\/maxime-lucu-un-match-reference-dans-la-peau-de-titulaire\/#primaryimage","url":"https:\/\/dicodusport.fr\/blog\/wp-content\/uploads\/2023\/10\/Maxime-Lucu-un-match-reference-dans-la-peau-de-titulaire.png","contentUrl":"https:\/\/dicodusport.fr\/blog\/wp-content\/uploads\/2023\/10\/Maxime-Lucu-un-match-reference-dans-la-peau-de-titulaire.png","width":800,"height":445,"caption":"Maxime Lucu, un match r\u00e9f\u00e9rence dans la peau de titulaire"},{"@type":"BreadcrumbList","@id":"https:\/\/dicodusport.fr\/blog\/maxime-lucu-un-match-reference-dans-la-peau-de-titulaire\/#breadcrumb","itemListElement":[{"@type":"ListItem","position":1,"name":"Accueil","item":"https:\/\/dicodusport.fr\/blog\/"},{"@type":"ListItem","position":2,"name":"Maxime Lucu, un match r\u00e9f\u00e9rence dans la peau d&rsquo;un titulaire"}]},{"@type":"WebSite","@id":"https:\/\/dicodusport.fr\/blog\/#website","url":"https:\/\/dicodusport.fr\/blog\/","name":"Dicodusport","description":"L&#039;encyclop\u00e9die de l&#039;actualit\u00e9 sportive","publisher":{"@id":"https:\/\/dicodusport.fr\/blog\/#organization"},"potentialAction":[{"@type":"SearchAction","target":{"@type":"EntryPoint","urlTemplate":"https:\/\/dicodusport.fr\/blog\/?s={search_term_string}"},"query-input":{"@type":"PropertyValueSpecification","valueRequired":true,"valueName":"search_term_string"}}],"inLanguage":"fr-FR"},{"@type":"NewsMediaOrganization","@id":"https:\/\/dicodusport.fr\/blog\/#organization","name":"Dicodusport","url":"https:\/\/dicodusport.fr\/blog\/","logo":{"@type":"ImageObject","inLanguage":"fr-FR","@id":"https:\/\/dicodusport.fr\/blog\/#\/schema\/logo\/image\/","url":"https:\/\/dicodusport.fr\/blog\/wp-content\/uploads\/2020\/06\/cropped-LOGO-DICODUSPORT-2020-SANS-FOND-SANS-TEXTE.png","contentUrl":"https:\/\/dicodusport.fr\/blog\/wp-content\/uploads\/2020\/06\/cropped-LOGO-DICODUSPORT-2020-SANS-FOND-SANS-TEXTE.png","width":512,"height":512,"caption":"Dicodusport"},"image":{"@id":"https:\/\/dicodusport.fr\/blog\/#\/schema\/logo\/image\/"},"sameAs":["https:\/\/www.facebook.com\/dicodusport","https:\/\/x.com\/dicodusport","https:\/\/www.instagram.com\/dicodusport\/","https:\/\/www.youtube.com\/channel\/UC7V2KZ5sd3htJivAbA4ZG3w"],"description":"Dicodusport est l'encyclop\u00e9die de l'actualit\u00e9 sportive.","email":"bonjour@dicodusport.fr","legalName":"DICODUSPORT","foundingDate":"2018-01-14","vatID":"FR71834470973","taxID":"83447097300043","numberOfEmployees":{"@type":"QuantitativeValue","minValue":"1","maxValue":"10"}},{"@type":"Person","@id":"https:\/\/dicodusport.fr\/blog\/#\/schema\/person\/8b8ec0dc77c31efd8fe9820383d505b3","name":"Tom Lacaille","image":{"@type":"ImageObject","inLanguage":"fr-FR","@id":"https:\/\/dicodusport.fr\/blog\/#\/schema\/person\/image\/","url":"https:\/\/dicodusport.fr\/blog\/wp-content\/uploads\/2022\/10\/photo-profil-150x150.jpg","contentUrl":"https:\/\/dicodusport.fr\/blog\/wp-content\/uploads\/2022\/10\/photo-profil-150x150.jpg","caption":"Tom Lacaille"},"description":"Actuellement \u00e2g\u00e9 de 19 ans, ma passion du sport est berc\u00e9e par la descente aux enfers des Verts, la d\u00e9gringolade de l'ASM Clermont et le futur triomphe des Celtics. En toute logique, je suis un grand passionn\u00e9 de sport et j'essaie de retranscrire mes analyses dans les articles. Le r\u00eave d'\u00eatre journaliste est ma principale source de motivation, en esp\u00e9rant (un jour) apporter un air nouveau \u00e0 ce si beau secteur.","sameAs":["https:\/\/x.com\/Tom Lacaille"],"url":"https:\/\/dicodusport.fr\/blog\/author\/tom-lacaille\/"}]}},"_links":{"self":[{"href":"https:\/\/dicodusport.fr\/blog\/wp-json\/wp\/v2\/posts\/427066","targetHints":{"allow":["GET"]}}],"collection":[{"href":"https:\/\/dicodusport.fr\/blog\/wp-json\/wp\/v2\/posts"}],"about":[{"href":"https:\/\/dicodusport.fr\/blog\/wp-json\/wp\/v2\/types\/post"}],"author":[{"embeddable":true,"href":"https:\/\/dicodusport.fr\/blog\/wp-json\/wp\/v2\/users\/76"}],"replies":[{"embeddable":true,"href":"https:\/\/dicodusport.fr\/blog\/wp-json\/wp\/v2\/comments?post=427066"}],"version-history":[{"count":0,"href":"https:\/\/dicodusport.fr\/blog\/wp-json\/wp\/v2\/posts\/427066\/revisions"}],"wp:featuredmedia":[{"embeddable":true,"href":"https:\/\/dicodusport.fr\/blog\/wp-json\/wp\/v2\/media\/427338"}],"wp:attachment":[{"href":"https:\/\/dicodusport.fr\/blog\/wp-json\/wp\/v2\/media?parent=427066"}],"wp:term":[{"taxonomy":"category","embeddable":true,"href":"https:\/\/dicodusport.fr\/blog\/wp-json\/wp\/v2\/categories?post=427066"},{"taxonomy":"post_tag","embeddable":true,"href":"https:\/\/dicodusport.fr\/blog\/wp-json\/wp\/v2\/tags?post=427066"}],"curies":[{"name":"wp","href":"https:\/\/api.w.org\/{rel}","templated":true}]}}