{"id":427264,"date":"2023-10-08T08:43:15","date_gmt":"2023-10-08T06:43:15","guid":{"rendered":"https:\/\/dicodusport.fr\/blog\/?p=427264&#038;preview=true&#038;preview_id=427264"},"modified":"2023-10-08T10:11:10","modified_gmt":"2023-10-08T08:11:10","slug":"vtt-descente-loic-bruni-remporte-le-classement-general-de-la-coupe-du-monde","status":"publish","type":"post","link":"https:\/\/dicodusport.fr\/blog\/vtt-descente-loic-bruni-remporte-le-classement-general-de-la-coupe-du-monde\/","title":{"rendered":"VTT Descente : Lo\u00efc Bruni remporte le classement g\u00e9n\u00e9ral de la Coupe du monde"},"content":{"rendered":"<p style=\"text-align: justify;\"><strong><em>COUPE DU MONDE DE VTT DESCENTE 2023 &#8211; Lo\u00efc Bruni a d\u00e9croch\u00e9 le troisi\u00e8me sacre de sa carri\u00e8re au classement g\u00e9n\u00e9ral, en prenant la troisi\u00e8me place de la derni\u00e8re \u00e9preuve au Canada.<\/em><\/strong><\/p>\n<p style=\"text-align: justify;\">C&rsquo;est \u00e0 Mont Sainte-Anne que sont distribu\u00e9es les victoires dans les diff\u00e9rents classements g\u00e9n\u00e9raux cette saison. Et en ce qui concerne la descente, la France \u00e9tait quasiment assur\u00e9e de rafler la mise, mais il fallait savoir qui allait remporter la guerre fratricide entre <strong>Lo\u00efc Bruni<\/strong> et <strong>Loris Vergier<\/strong>. C&rsquo;est le premier nomm\u00e9, nanti de toute son exp\u00e9rience, qui est all\u00e9 chercher la gloire.<\/p>\n<blockquote class=\"twitter-tweet\">\n<p dir=\"ltr\" lang=\"fi\">Men Elite DHI Podium \ud83c\udfc6:<\/p>\n<p>\ud83e\udd47 Jackson Goldstone (CAN)<br \/>\n\ud83e\udd48 Ethan Craik (GBR)<br \/>\n\ud83e\udd49 Loic Bruni (FRA)<br \/>\n4\ufe0f\u20e3 Bernard Kerr (GBR)<br \/>\n5\ufe0f\u20e3 Ga\u00ebtan Vige (FRA)<\/p>\n<p>\ud83d\udcf8 <a href=\"https:\/\/twitter.com\/MTBworldseries?ref_src=twsrc%5Etfw\">@MTBworldseries<\/a> | <a href=\"https:\/\/twitter.com\/hashtag\/MTBWorldCup?src=hash&amp;ref_src=twsrc%5Etfw\">#MTBWorldCup<\/a> <a href=\"https:\/\/t.co\/TBb6UnVej6\">pic.twitter.com\/TBb6UnVej6<\/a><\/p>\n<p>\u2014 UCI MTB (@UCI_MTB) <a href=\"https:\/\/twitter.com\/UCI_MTB\/status\/1710772660395802955?ref_src=twsrc%5Etfw\">October 7, 2023<\/a><\/p><\/blockquote>\n<p style=\"text-align: justify;\"><script async src=\"https:\/\/platform.twitter.com\/widgets.js\" charset=\"utf-8\"><\/script><br \/>\nUne troisi\u00e8me place, dans la derni\u00e8re descente remport\u00e9e par le local <strong>Jackson Goldstone<\/strong>, aura suffi pour valider ce qui est tout simplement son troisi\u00e8me succ\u00e8s au classement g\u00e9n\u00e9ral, apr\u00e8s 2019 et 2021. Ultra r\u00e9gulier, il n&rsquo;aura remport\u00e9 qu&rsquo;une manche cette saison, <a href=\"https:\/\/dicodusport.fr\/blog\/vtt-descente-loic-bruni-remporte-la-coupe-du-monde-de-loudenvielle\/\">\u00e0 Loudenvielle<\/a>, mais aura rajout\u00e9 trois podiums. \u00c0 29 ans, <strong>Lo\u00efc Bruni<\/strong> poss\u00e8de d\u00e9j\u00e0 un palmar\u00e8s incroyable, puisqu&rsquo;outre ces trois victoires, il est cinq fois champion du monde de la discipline (2015, 2017, 2018, 2019, 2022). Une l\u00e9gende de la discipline donc, qui n&rsquo;en a pas fini avec la gloire. Ah, quel dommage que le VTT Descente ne soit pas discipline olympique&#8230;<\/p>\n","protected":false},"excerpt":{"rendered":"<p>COUPE DU MONDE DE VTT DESCENTE 2023 &#8211; Lo\u00efc Bruni a d\u00e9croch\u00e9 le troisi\u00e8me sacre de sa carri\u00e8re au classement g\u00e9n\u00e9ral, en prenant la troisi\u00e8me place de la derni\u00e8re \u00e9preuve au Canada.<\/p>\n","protected":false},"author":59,"featured_media":427275,"comment_status":"open","ping_status":"closed","sticky":false,"template":"","format":"standard","meta":{"_acf_changed":false,"_daextam_enable_autolinks":"1","footnotes":""},"categories":[10279],"tags":[16878,12350,1829,7768],"class_list":["post-427264","post","type-post","status-publish","format-standard","has-post-thumbnail","hentry","category-vtt","tag-breve","tag-coupe-du-monde-vtt-descente","tag-loic-bruni","tag-vtt-descente"],"acf":[],"yoast_head":"<!-- This site is optimized with the Yoast SEO Premium plugin v26.7 (Yoast SEO v26.7) - https:\/\/yoast.com\/wordpress\/plugins\/seo\/ -->\n<title>VTT Descente : Lo\u00efc Bruni remporte le classement g\u00e9n\u00e9ral de la Coupe du monde<\/title>\n<meta name=\"description\" content=\"COUPE DU MONDE DE VTT DESCENTE 2023 - Lo\u00efc Bruni a d\u00e9croch\u00e9 le troisi\u00e8me sacre de sa carri\u00e8re au classement g\u00e9n\u00e9ral, en prenant la troisi\u00e8me place de la derni\u00e8re \u00e9preuve au Canada.\" \/>\n<meta name=\"robots\" content=\"index, follow, max-snippet:-1, max-image-preview:large, max-video-preview:-1\" \/>\n<link rel=\"canonical\" href=\"https:\/\/dicodusport.fr\/blog\/vtt-descente-loic-bruni-remporte-le-classement-general-de-la-coupe-du-monde\/\" \/>\n<meta property=\"og:locale\" content=\"fr_FR\" \/>\n<meta property=\"og:type\" content=\"article\" \/>\n<meta property=\"og:title\" content=\"VTT Descente : Lo\u00efc Bruni remporte le classement g\u00e9n\u00e9ral de la Coupe du monde\" \/>\n<meta property=\"og:description\" content=\"COUPE DU MONDE DE VTT DESCENTE 2023 - Lo\u00efc Bruni a d\u00e9croch\u00e9 le troisi\u00e8me sacre de sa carri\u00e8re au classement g\u00e9n\u00e9ral, en prenant la troisi\u00e8me place de la derni\u00e8re \u00e9preuve au Canada.\" \/>\n<meta property=\"og:url\" content=\"https:\/\/dicodusport.fr\/blog\/vtt-descente-loic-bruni-remporte-le-classement-general-de-la-coupe-du-monde\/\" \/>\n<meta property=\"og:site_name\" content=\"Dicodusport\" \/>\n<meta property=\"article:publisher\" content=\"https:\/\/www.facebook.com\/dicodusport\" \/>\n<meta property=\"article:author\" content=\"https:\/\/www.facebook.com\/sebastien.gente\/\" \/>\n<meta property=\"article:published_time\" content=\"2023-10-08T06:43:15+00:00\" \/>\n<meta property=\"article:modified_time\" content=\"2023-10-08T08:11:10+00:00\" \/>\n<meta property=\"og:image\" content=\"https:\/\/dicodusport.fr\/blog\/wp-content\/uploads\/2023\/10\/VTT-Descente-Loic-Bruni-remporte-le-classement-general-de-la-Coupe-du-monde.png\" \/>\n\t<meta property=\"og:image:width\" content=\"800\" \/>\n\t<meta property=\"og:image:height\" content=\"445\" \/>\n\t<meta property=\"og:image:type\" content=\"image\/png\" \/>\n<meta name=\"author\" content=\"S\u00e9bastien Gente\" \/>\n<meta name=\"twitter:card\" content=\"summary_large_image\" \/>\n<meta name=\"twitter:title\" content=\"VTT Descente : Lo\u00efc Bruni remporte le classement g\u00e9n\u00e9ral de la Coupe du monde\" \/>\n<meta name=\"twitter:creator\" content=\"@https:\/\/twitter.com\/globulo24\" \/>\n<meta name=\"twitter:site\" content=\"@dicodusport\" \/>\n<script type=\"application\/ld+json\" class=\"yoast-schema-graph\">{\"@context\":\"https:\/\/schema.org\",\"@graph\":[{\"@type\":\"NewsArticle\",\"@id\":\"https:\/\/dicodusport.fr\/blog\/vtt-descente-loic-bruni-remporte-le-classement-general-de-la-coupe-du-monde\/#article\",\"isPartOf\":{\"@id\":\"https:\/\/dicodusport.fr\/blog\/vtt-descente-loic-bruni-remporte-le-classement-general-de-la-coupe-du-monde\/\"},\"author\":{\"name\":\"S\u00e9bastien Gente\",\"@id\":\"https:\/\/dicodusport.fr\/blog\/#\/schema\/person\/627966a6cde45dbd8c5e36ac85d783da\"},\"headline\":\"VTT Descente : Lo\u00efc Bruni remporte le classement g\u00e9n\u00e9ral de la Coupe du monde\",\"datePublished\":\"2023-10-08T06:43:15+00:00\",\"dateModified\":\"2023-10-08T08:11:10+00:00\",\"mainEntityOfPage\":{\"@id\":\"https:\/\/dicodusport.fr\/blog\/vtt-descente-loic-bruni-remporte-le-classement-general-de-la-coupe-du-monde\/\"},\"wordCount\":269,\"commentCount\":0,\"publisher\":{\"@id\":\"https:\/\/dicodusport.fr\/blog\/#organization\"},\"image\":{\"@id\":\"https:\/\/dicodusport.fr\/blog\/vtt-descente-loic-bruni-remporte-le-classement-general-de-la-coupe-du-monde\/#primaryimage\"},\"thumbnailUrl\":\"https:\/\/dicodusport.fr\/blog\/wp-content\/uploads\/2023\/10\/VTT-Descente-Loic-Bruni-remporte-le-classement-general-de-la-Coupe-du-monde.png\",\"keywords\":[\"br\u00e8ve\",\"Coupe du monde VTT Descente\",\"Loic Bruni\",\"VTT Descente\"],\"articleSection\":[\"VTT\"],\"inLanguage\":\"fr-FR\",\"potentialAction\":[{\"@type\":\"CommentAction\",\"name\":\"Comment\",\"target\":[\"https:\/\/dicodusport.fr\/blog\/vtt-descente-loic-bruni-remporte-le-classement-general-de-la-coupe-du-monde\/#respond\"]}],\"copyrightYear\":\"2023\",\"copyrightHolder\":{\"@id\":\"https:\/\/dicodusport.fr\/blog\/#organization\"}},{\"@type\":\"WebPage\",\"@id\":\"https:\/\/dicodusport.fr\/blog\/vtt-descente-loic-bruni-remporte-le-classement-general-de-la-coupe-du-monde\/\",\"url\":\"https:\/\/dicodusport.fr\/blog\/vtt-descente-loic-bruni-remporte-le-classement-general-de-la-coupe-du-monde\/\",\"name\":\"VTT Descente : Lo\u00efc Bruni remporte le classement g\u00e9n\u00e9ral de la Coupe du monde\",\"isPartOf\":{\"@id\":\"https:\/\/dicodusport.fr\/blog\/#website\"},\"primaryImageOfPage\":{\"@id\":\"https:\/\/dicodusport.fr\/blog\/vtt-descente-loic-bruni-remporte-le-classement-general-de-la-coupe-du-monde\/#primaryimage\"},\"image\":{\"@id\":\"https:\/\/dicodusport.fr\/blog\/vtt-descente-loic-bruni-remporte-le-classement-general-de-la-coupe-du-monde\/#primaryimage\"},\"thumbnailUrl\":\"https:\/\/dicodusport.fr\/blog\/wp-content\/uploads\/2023\/10\/VTT-Descente-Loic-Bruni-remporte-le-classement-general-de-la-Coupe-du-monde.png\",\"datePublished\":\"2023-10-08T06:43:15+00:00\",\"dateModified\":\"2023-10-08T08:11:10+00:00\",\"description\":\"COUPE DU MONDE DE VTT DESCENTE 2023 - Lo\u00efc Bruni a d\u00e9croch\u00e9 le troisi\u00e8me sacre de sa carri\u00e8re au classement g\u00e9n\u00e9ral, en prenant la troisi\u00e8me place de la derni\u00e8re \u00e9preuve au Canada.\",\"breadcrumb\":{\"@id\":\"https:\/\/dicodusport.fr\/blog\/vtt-descente-loic-bruni-remporte-le-classement-general-de-la-coupe-du-monde\/#breadcrumb\"},\"inLanguage\":\"fr-FR\",\"potentialAction\":[{\"@type\":\"ReadAction\",\"target\":[\"https:\/\/dicodusport.fr\/blog\/vtt-descente-loic-bruni-remporte-le-classement-general-de-la-coupe-du-monde\/\"]}]},{\"@type\":\"ImageObject\",\"inLanguage\":\"fr-FR\",\"@id\":\"https:\/\/dicodusport.fr\/blog\/vtt-descente-loic-bruni-remporte-le-classement-general-de-la-coupe-du-monde\/#primaryimage\",\"url\":\"https:\/\/dicodusport.fr\/blog\/wp-content\/uploads\/2023\/10\/VTT-Descente-Loic-Bruni-remporte-le-classement-general-de-la-Coupe-du-monde.png\",\"contentUrl\":\"https:\/\/dicodusport.fr\/blog\/wp-content\/uploads\/2023\/10\/VTT-Descente-Loic-Bruni-remporte-le-classement-general-de-la-Coupe-du-monde.png\",\"width\":800,\"height\":445,\"caption\":\"VTT Descente Lo\u00efc Bruni remporte le classement g\u00e9n\u00e9ral de la Coupe du monde\"},{\"@type\":\"BreadcrumbList\",\"@id\":\"https:\/\/dicodusport.fr\/blog\/vtt-descente-loic-bruni-remporte-le-classement-general-de-la-coupe-du-monde\/#breadcrumb\",\"itemListElement\":[{\"@type\":\"ListItem\",\"position\":1,\"name\":\"Accueil\",\"item\":\"https:\/\/dicodusport.fr\/blog\/\"},{\"@type\":\"ListItem\",\"position\":2,\"name\":\"VTT Descente : Lo\u00efc Bruni remporte le classement g\u00e9n\u00e9ral de la Coupe du monde\"}]},{\"@type\":\"WebSite\",\"@id\":\"https:\/\/dicodusport.fr\/blog\/#website\",\"url\":\"https:\/\/dicodusport.fr\/blog\/\",\"name\":\"Dicodusport\",\"description\":\"L&#039;encyclop\u00e9die de l&#039;actualit\u00e9 sportive\",\"publisher\":{\"@id\":\"https:\/\/dicodusport.fr\/blog\/#organization\"},\"potentialAction\":[{\"@type\":\"SearchAction\",\"target\":{\"@type\":\"EntryPoint\",\"urlTemplate\":\"https:\/\/dicodusport.fr\/blog\/?s={search_term_string}\"},\"query-input\":{\"@type\":\"PropertyValueSpecification\",\"valueRequired\":true,\"valueName\":\"search_term_string\"}}],\"inLanguage\":\"fr-FR\"},{\"@type\":\"NewsMediaOrganization\",\"@id\":\"https:\/\/dicodusport.fr\/blog\/#organization\",\"name\":\"Dicodusport\",\"url\":\"https:\/\/dicodusport.fr\/blog\/\",\"logo\":{\"@type\":\"ImageObject\",\"inLanguage\":\"fr-FR\",\"@id\":\"https:\/\/dicodusport.fr\/blog\/#\/schema\/logo\/image\/\",\"url\":\"https:\/\/dicodusport.fr\/blog\/wp-content\/uploads\/2020\/06\/cropped-LOGO-DICODUSPORT-2020-SANS-FOND-SANS-TEXTE.png\",\"contentUrl\":\"https:\/\/dicodusport.fr\/blog\/wp-content\/uploads\/2020\/06\/cropped-LOGO-DICODUSPORT-2020-SANS-FOND-SANS-TEXTE.png\",\"width\":512,\"height\":512,\"caption\":\"Dicodusport\"},\"image\":{\"@id\":\"https:\/\/dicodusport.fr\/blog\/#\/schema\/logo\/image\/\"},\"sameAs\":[\"https:\/\/www.facebook.com\/dicodusport\",\"https:\/\/x.com\/dicodusport\",\"https:\/\/www.instagram.com\/dicodusport\/\",\"https:\/\/www.youtube.com\/channel\/UC7V2KZ5sd3htJivAbA4ZG3w\"],\"description\":\"Dicodusport est l'encyclop\u00e9die de l'actualit\u00e9 sportive.\",\"email\":\"bonjour@dicodusport.fr\",\"legalName\":\"DICODUSPORT\",\"foundingDate\":\"2018-01-14\",\"vatID\":\"FR71834470973\",\"taxID\":\"83447097300043\",\"numberOfEmployees\":{\"@type\":\"QuantitativeValue\",\"minValue\":\"1\",\"maxValue\":\"10\"}},{\"@type\":\"Person\",\"@id\":\"https:\/\/dicodusport.fr\/blog\/#\/schema\/person\/627966a6cde45dbd8c5e36ac85d783da\",\"name\":\"S\u00e9bastien Gente\",\"image\":{\"@type\":\"ImageObject\",\"inLanguage\":\"fr-FR\",\"@id\":\"https:\/\/dicodusport.fr\/blog\/#\/schema\/person\/image\/\",\"url\":\"https:\/\/dicodusport.fr\/blog\/wp-content\/uploads\/2021\/09\/1510990_10205810251400683_4124423575079401707_n-150x150.jpg\",\"contentUrl\":\"https:\/\/dicodusport.fr\/blog\/wp-content\/uploads\/2021\/09\/1510990_10205810251400683_4124423575079401707_n-150x150.jpg\",\"caption\":\"S\u00e9bastien Gente\"},\"description\":\"John Stockton, Gianni Bugno, Zinedine Zidane, Steffi Graf, Frode Andresen, St\u00e9phane Stoecklin, Davis Kamoga, Primoz Peterka, Werner Schlager et Aur\u00e9lien Rougerie. Point commun entre ces sportifs? Ils m'ont fait r\u00eaver et ont berc\u00e9 mon adolescence. Je suis un fondu de sports et j'essaie de retranscrire ma passion \u00e0 travers mes articles. Originaire du P\u00e9rigord, ma passion pour les Girondins, les Jaunards et les Jazzmen transpire dans mes \u00e9crits. \u00c0 Dicodusport depuis 2021, je d\u00e9niche les sports m\u00e9connus dans lesquels la France brille, et il y en a !\",\"sameAs\":[\"https:\/\/www.facebook.com\/sebastien.gente\/\",\"https:\/\/www.instagram.com\/sebgente\/\",\"https:\/\/www.linkedin.com\/in\/sbastien-gente-a29583169\/\",\"https:\/\/x.com\/https:\/\/twitter.com\/globulo24\",\"SebastienGente\"],\"worksFor\":\"S\u00e9bastien GENTE\",\"url\":\"https:\/\/dicodusport.fr\/blog\/author\/sebastiengente\/\"}]}<\/script>\n<!-- \/ Yoast SEO Premium plugin. -->","yoast_head_json":{"title":"VTT Descente : Lo\u00efc Bruni remporte le classement g\u00e9n\u00e9ral de la Coupe du monde","description":"COUPE DU MONDE DE VTT DESCENTE 2023 - Lo\u00efc Bruni a d\u00e9croch\u00e9 le troisi\u00e8me sacre de sa carri\u00e8re au classement g\u00e9n\u00e9ral, en prenant la troisi\u00e8me place de la derni\u00e8re \u00e9preuve au Canada.","robots":{"index":"index","follow":"follow","max-snippet":"max-snippet:-1","max-image-preview":"max-image-preview:large","max-video-preview":"max-video-preview:-1"},"canonical":"https:\/\/dicodusport.fr\/blog\/vtt-descente-loic-bruni-remporte-le-classement-general-de-la-coupe-du-monde\/","og_locale":"fr_FR","og_type":"article","og_title":"VTT Descente : Lo\u00efc Bruni remporte le classement g\u00e9n\u00e9ral de la Coupe du monde","og_description":"COUPE DU MONDE DE VTT DESCENTE 2023 - Lo\u00efc Bruni a d\u00e9croch\u00e9 le troisi\u00e8me sacre de sa carri\u00e8re au classement g\u00e9n\u00e9ral, en prenant la troisi\u00e8me place de la derni\u00e8re \u00e9preuve au Canada.","og_url":"https:\/\/dicodusport.fr\/blog\/vtt-descente-loic-bruni-remporte-le-classement-general-de-la-coupe-du-monde\/","og_site_name":"Dicodusport","article_publisher":"https:\/\/www.facebook.com\/dicodusport","article_author":"https:\/\/www.facebook.com\/sebastien.gente\/","article_published_time":"2023-10-08T06:43:15+00:00","article_modified_time":"2023-10-08T08:11:10+00:00","og_image":[{"width":800,"height":445,"url":"https:\/\/dicodusport.fr\/blog\/wp-content\/uploads\/2023\/10\/VTT-Descente-Loic-Bruni-remporte-le-classement-general-de-la-Coupe-du-monde.png","type":"image\/png"}],"author":"S\u00e9bastien Gente","twitter_card":"summary_large_image","twitter_title":"VTT Descente : Lo\u00efc Bruni remporte le classement g\u00e9n\u00e9ral de la Coupe du monde","twitter_creator":"@https:\/\/twitter.com\/globulo24","twitter_site":"@dicodusport","schema":{"@context":"https:\/\/schema.org","@graph":[{"@type":"NewsArticle","@id":"https:\/\/dicodusport.fr\/blog\/vtt-descente-loic-bruni-remporte-le-classement-general-de-la-coupe-du-monde\/#article","isPartOf":{"@id":"https:\/\/dicodusport.fr\/blog\/vtt-descente-loic-bruni-remporte-le-classement-general-de-la-coupe-du-monde\/"},"author":{"name":"S\u00e9bastien Gente","@id":"https:\/\/dicodusport.fr\/blog\/#\/schema\/person\/627966a6cde45dbd8c5e36ac85d783da"},"headline":"VTT Descente : Lo\u00efc Bruni remporte le classement g\u00e9n\u00e9ral de la Coupe du monde","datePublished":"2023-10-08T06:43:15+00:00","dateModified":"2023-10-08T08:11:10+00:00","mainEntityOfPage":{"@id":"https:\/\/dicodusport.fr\/blog\/vtt-descente-loic-bruni-remporte-le-classement-general-de-la-coupe-du-monde\/"},"wordCount":269,"commentCount":0,"publisher":{"@id":"https:\/\/dicodusport.fr\/blog\/#organization"},"image":{"@id":"https:\/\/dicodusport.fr\/blog\/vtt-descente-loic-bruni-remporte-le-classement-general-de-la-coupe-du-monde\/#primaryimage"},"thumbnailUrl":"https:\/\/dicodusport.fr\/blog\/wp-content\/uploads\/2023\/10\/VTT-Descente-Loic-Bruni-remporte-le-classement-general-de-la-Coupe-du-monde.png","keywords":["br\u00e8ve","Coupe du monde VTT Descente","Loic Bruni","VTT Descente"],"articleSection":["VTT"],"inLanguage":"fr-FR","potentialAction":[{"@type":"CommentAction","name":"Comment","target":["https:\/\/dicodusport.fr\/blog\/vtt-descente-loic-bruni-remporte-le-classement-general-de-la-coupe-du-monde\/#respond"]}],"copyrightYear":"2023","copyrightHolder":{"@id":"https:\/\/dicodusport.fr\/blog\/#organization"}},{"@type":"WebPage","@id":"https:\/\/dicodusport.fr\/blog\/vtt-descente-loic-bruni-remporte-le-classement-general-de-la-coupe-du-monde\/","url":"https:\/\/dicodusport.fr\/blog\/vtt-descente-loic-bruni-remporte-le-classement-general-de-la-coupe-du-monde\/","name":"VTT Descente : Lo\u00efc Bruni remporte le classement g\u00e9n\u00e9ral de la Coupe du monde","isPartOf":{"@id":"https:\/\/dicodusport.fr\/blog\/#website"},"primaryImageOfPage":{"@id":"https:\/\/dicodusport.fr\/blog\/vtt-descente-loic-bruni-remporte-le-classement-general-de-la-coupe-du-monde\/#primaryimage"},"image":{"@id":"https:\/\/dicodusport.fr\/blog\/vtt-descente-loic-bruni-remporte-le-classement-general-de-la-coupe-du-monde\/#primaryimage"},"thumbnailUrl":"https:\/\/dicodusport.fr\/blog\/wp-content\/uploads\/2023\/10\/VTT-Descente-Loic-Bruni-remporte-le-classement-general-de-la-Coupe-du-monde.png","datePublished":"2023-10-08T06:43:15+00:00","dateModified":"2023-10-08T08:11:10+00:00","description":"COUPE DU MONDE DE VTT DESCENTE 2023 - Lo\u00efc Bruni a d\u00e9croch\u00e9 le troisi\u00e8me sacre de sa carri\u00e8re au classement g\u00e9n\u00e9ral, en prenant la troisi\u00e8me place de la derni\u00e8re \u00e9preuve au Canada.","breadcrumb":{"@id":"https:\/\/dicodusport.fr\/blog\/vtt-descente-loic-bruni-remporte-le-classement-general-de-la-coupe-du-monde\/#breadcrumb"},"inLanguage":"fr-FR","potentialAction":[{"@type":"ReadAction","target":["https:\/\/dicodusport.fr\/blog\/vtt-descente-loic-bruni-remporte-le-classement-general-de-la-coupe-du-monde\/"]}]},{"@type":"ImageObject","inLanguage":"fr-FR","@id":"https:\/\/dicodusport.fr\/blog\/vtt-descente-loic-bruni-remporte-le-classement-general-de-la-coupe-du-monde\/#primaryimage","url":"https:\/\/dicodusport.fr\/blog\/wp-content\/uploads\/2023\/10\/VTT-Descente-Loic-Bruni-remporte-le-classement-general-de-la-Coupe-du-monde.png","contentUrl":"https:\/\/dicodusport.fr\/blog\/wp-content\/uploads\/2023\/10\/VTT-Descente-Loic-Bruni-remporte-le-classement-general-de-la-Coupe-du-monde.png","width":800,"height":445,"caption":"VTT Descente Lo\u00efc Bruni remporte le classement g\u00e9n\u00e9ral de la Coupe du monde"},{"@type":"BreadcrumbList","@id":"https:\/\/dicodusport.fr\/blog\/vtt-descente-loic-bruni-remporte-le-classement-general-de-la-coupe-du-monde\/#breadcrumb","itemListElement":[{"@type":"ListItem","position":1,"name":"Accueil","item":"https:\/\/dicodusport.fr\/blog\/"},{"@type":"ListItem","position":2,"name":"VTT Descente : Lo\u00efc Bruni remporte le classement g\u00e9n\u00e9ral de la Coupe du monde"}]},{"@type":"WebSite","@id":"https:\/\/dicodusport.fr\/blog\/#website","url":"https:\/\/dicodusport.fr\/blog\/","name":"Dicodusport","description":"L&#039;encyclop\u00e9die de l&#039;actualit\u00e9 sportive","publisher":{"@id":"https:\/\/dicodusport.fr\/blog\/#organization"},"potentialAction":[{"@type":"SearchAction","target":{"@type":"EntryPoint","urlTemplate":"https:\/\/dicodusport.fr\/blog\/?s={search_term_string}"},"query-input":{"@type":"PropertyValueSpecification","valueRequired":true,"valueName":"search_term_string"}}],"inLanguage":"fr-FR"},{"@type":"NewsMediaOrganization","@id":"https:\/\/dicodusport.fr\/blog\/#organization","name":"Dicodusport","url":"https:\/\/dicodusport.fr\/blog\/","logo":{"@type":"ImageObject","inLanguage":"fr-FR","@id":"https:\/\/dicodusport.fr\/blog\/#\/schema\/logo\/image\/","url":"https:\/\/dicodusport.fr\/blog\/wp-content\/uploads\/2020\/06\/cropped-LOGO-DICODUSPORT-2020-SANS-FOND-SANS-TEXTE.png","contentUrl":"https:\/\/dicodusport.fr\/blog\/wp-content\/uploads\/2020\/06\/cropped-LOGO-DICODUSPORT-2020-SANS-FOND-SANS-TEXTE.png","width":512,"height":512,"caption":"Dicodusport"},"image":{"@id":"https:\/\/dicodusport.fr\/blog\/#\/schema\/logo\/image\/"},"sameAs":["https:\/\/www.facebook.com\/dicodusport","https:\/\/x.com\/dicodusport","https:\/\/www.instagram.com\/dicodusport\/","https:\/\/www.youtube.com\/channel\/UC7V2KZ5sd3htJivAbA4ZG3w"],"description":"Dicodusport est l'encyclop\u00e9die de l'actualit\u00e9 sportive.","email":"bonjour@dicodusport.fr","legalName":"DICODUSPORT","foundingDate":"2018-01-14","vatID":"FR71834470973","taxID":"83447097300043","numberOfEmployees":{"@type":"QuantitativeValue","minValue":"1","maxValue":"10"}},{"@type":"Person","@id":"https:\/\/dicodusport.fr\/blog\/#\/schema\/person\/627966a6cde45dbd8c5e36ac85d783da","name":"S\u00e9bastien Gente","image":{"@type":"ImageObject","inLanguage":"fr-FR","@id":"https:\/\/dicodusport.fr\/blog\/#\/schema\/person\/image\/","url":"https:\/\/dicodusport.fr\/blog\/wp-content\/uploads\/2021\/09\/1510990_10205810251400683_4124423575079401707_n-150x150.jpg","contentUrl":"https:\/\/dicodusport.fr\/blog\/wp-content\/uploads\/2021\/09\/1510990_10205810251400683_4124423575079401707_n-150x150.jpg","caption":"S\u00e9bastien Gente"},"description":"John Stockton, Gianni Bugno, Zinedine Zidane, Steffi Graf, Frode Andresen, St\u00e9phane Stoecklin, Davis Kamoga, Primoz Peterka, Werner Schlager et Aur\u00e9lien Rougerie. Point commun entre ces sportifs? Ils m'ont fait r\u00eaver et ont berc\u00e9 mon adolescence. Je suis un fondu de sports et j'essaie de retranscrire ma passion \u00e0 travers mes articles. Originaire du P\u00e9rigord, ma passion pour les Girondins, les Jaunards et les Jazzmen transpire dans mes \u00e9crits. \u00c0 Dicodusport depuis 2021, je d\u00e9niche les sports m\u00e9connus dans lesquels la France brille, et il y en a !","sameAs":["https:\/\/www.facebook.com\/sebastien.gente\/","https:\/\/www.instagram.com\/sebgente\/","https:\/\/www.linkedin.com\/in\/sbastien-gente-a29583169\/","https:\/\/x.com\/https:\/\/twitter.com\/globulo24","SebastienGente"],"worksFor":"S\u00e9bastien GENTE","url":"https:\/\/dicodusport.fr\/blog\/author\/sebastiengente\/"}]}},"_links":{"self":[{"href":"https:\/\/dicodusport.fr\/blog\/wp-json\/wp\/v2\/posts\/427264","targetHints":{"allow":["GET"]}}],"collection":[{"href":"https:\/\/dicodusport.fr\/blog\/wp-json\/wp\/v2\/posts"}],"about":[{"href":"https:\/\/dicodusport.fr\/blog\/wp-json\/wp\/v2\/types\/post"}],"author":[{"embeddable":true,"href":"https:\/\/dicodusport.fr\/blog\/wp-json\/wp\/v2\/users\/59"}],"replies":[{"embeddable":true,"href":"https:\/\/dicodusport.fr\/blog\/wp-json\/wp\/v2\/comments?post=427264"}],"version-history":[{"count":0,"href":"https:\/\/dicodusport.fr\/blog\/wp-json\/wp\/v2\/posts\/427264\/revisions"}],"wp:featuredmedia":[{"embeddable":true,"href":"https:\/\/dicodusport.fr\/blog\/wp-json\/wp\/v2\/media\/427275"}],"wp:attachment":[{"href":"https:\/\/dicodusport.fr\/blog\/wp-json\/wp\/v2\/media?parent=427264"}],"wp:term":[{"taxonomy":"category","embeddable":true,"href":"https:\/\/dicodusport.fr\/blog\/wp-json\/wp\/v2\/categories?post=427264"},{"taxonomy":"post_tag","embeddable":true,"href":"https:\/\/dicodusport.fr\/blog\/wp-json\/wp\/v2\/tags?post=427264"}],"curies":[{"name":"wp","href":"https:\/\/api.w.org\/{rel}","templated":true}]}}