{"id":427279,"date":"2023-10-08T08:59:29","date_gmt":"2023-10-08T06:59:29","guid":{"rendered":"https:\/\/dicodusport.fr\/blog\/?p=427279&#038;preview=true&#038;preview_id=427279"},"modified":"2023-10-08T08:59:29","modified_gmt":"2023-10-08T06:59:29","slug":"badminton-du-bronze-pour-alex-lanier-aux-mondiaux-juniors","status":"publish","type":"post","link":"https:\/\/dicodusport.fr\/blog\/badminton-du-bronze-pour-alex-lanier-aux-mondiaux-juniors\/","title":{"rendered":"Badminton : Du bronze pour Alex Lanier aux Mondiaux juniors"},"content":{"rendered":"<p style=\"text-align: justify;\"><strong><em>CHAMPIONNATS DU MONDE JUNIORS DE BADMINTON &#8211; Des regrets pour Alex Lanier, qui s&rsquo;est inclin\u00e9 en deux manches serr\u00e9es en demi-finales des Mondiaux, mais qui rentre tout de m\u00eame avec du bronze.\u00a0<\/em><\/strong><\/p>\n<p style=\"text-align: justify;\">Il existe deux mani\u00e8res de juger la m\u00e9daille de bronze d&rsquo;<strong>Alex Lanier<\/strong>. Le verre a moiti\u00e9 plein consiste \u00e0 dire qu&rsquo;il rentrera des \u00c9tats-Unis avec ce qui est tout simplement seulement la deuxi\u00e8me m\u00e9daille de l&rsquo;histoire de l&rsquo;\u00e9quipe de France dans cette comp\u00e9tition. Le verre \u00e0 moiti\u00e9 vide veut que puisqu&rsquo;il \u00e9tait t\u00eate de s\u00e9rie n\u00b01, ne pas avoir vu la finale est d\u00e9cevant.<\/p>\n<p style=\"text-align: justify;\">On laissera \u00e0 chacun le soin de juger. Ce qui est s\u00fbr, c&rsquo;est que le Fran\u00e7ais est vraiment pass\u00e9 tout pr\u00e8s. <a href=\"https:\/\/dicodusport.fr\/blog\/badminton-alex-lanier-en-demi-finales-des-mondiaux-juniors\/\">Arriv\u00e9 en demi-finales sans encombres<\/a>, il avait assur\u00e9 la m\u00e9daille apr\u00e8s un parcours de favori. Contre le Chinois <strong>Zhe An Hu<\/strong>, t\u00eate de s\u00e9rie n\u00b03, il a livr\u00e9 une terrible bataille, mais s&rsquo;est inclin\u00e9 <strong>22-20, 22-20<\/strong>, non sans avoir eu deux volants pour arracher une troisi\u00e8me manche. Rageant, tant il semblait en mesure de faire au moins aussi bien que <strong>Christo Popov<\/strong>, vice-champion du monde juniors 2019, mais <strong>Alex Lanier<\/strong> reste tout de m\u00eame un tr\u00e8s grand espoir du badminton fran\u00e7ais, et devrait grandir avec cette d\u00e9faite.<\/p>\n<blockquote class=\"twitter-tweet\">\n<p dir=\"ltr\" lang=\"in\">MD-SF<\/p>\n<p>Ma Shang\/Zhu Yi Jun [4] (CHN) vs Huang Jui Hsuan\/Huang Tsung I [15] (TPE) 21-15 24-22<\/p>\n<p>MS-SF<\/p>\n<p>Hu Zhe An [3] (CHN) vs Alex Lanier [1] (FRA) 22-20 22-20<a href=\"https:\/\/twitter.com\/hashtag\/WJC2023?src=hash&amp;ref_src=twsrc%5Etfw\">#WJC2023<\/a><\/p>\n<p>\u2014 All about sports (@sportsmovies20) <a href=\"https:\/\/twitter.com\/sportsmovies20\/status\/1710822391969137080?ref_src=twsrc%5Etfw\">October 8, 2023<\/a><\/p><\/blockquote>\n<p style=\"text-align: justify;\"><script async src=\"https:\/\/platform.twitter.com\/widgets.js\" charset=\"utf-8\"><\/script><\/p>\n","protected":false},"excerpt":{"rendered":"<p>CHAMPIONNATS DU MONDE JUNIORS DE BADMINTON &#8211; Des regrets pour Alex Lanier, qui s&rsquo;est inclin\u00e9 en deux manches serr\u00e9es en demi-finales des Mondiaux, mais qui rentre tout de m\u00eame avec du bronze.\u00a0<\/p>\n","protected":false},"author":59,"featured_media":427285,"comment_status":"open","ping_status":"closed","sticky":false,"template":"","format":"standard","meta":{"_acf_changed":false,"_daextam_enable_autolinks":"1","footnotes":""},"categories":[13604],"tags":[26089,26088,16878],"class_list":["post-427279","post","type-post","status-publish","format-standard","has-post-thumbnail","hentry","category-badminton","tag-alex-lanier","tag-badminton-francais","tag-breve"],"acf":[],"yoast_head":"<!-- This site is optimized with the Yoast SEO Premium plugin v26.7 (Yoast SEO v26.7) - https:\/\/yoast.com\/wordpress\/plugins\/seo\/ -->\n<title>Badminton : Du bronze pour Alex Lanier aux Mondiaux juniors<\/title>\n<meta name=\"description\" content=\"CHAMPIONNATS DU MONDE JUNIORS DE BADMINTON - Des regrets pour Alex Lanier, qui s&#039;est inclin\u00e9 en deux manches serr\u00e9es en demi-finales des Mondiaux.\" \/>\n<meta name=\"robots\" content=\"index, follow, max-snippet:-1, max-image-preview:large, max-video-preview:-1\" \/>\n<link rel=\"canonical\" href=\"https:\/\/dicodusport.fr\/blog\/badminton-du-bronze-pour-alex-lanier-aux-mondiaux-juniors\/\" \/>\n<meta property=\"og:locale\" content=\"fr_FR\" \/>\n<meta property=\"og:type\" content=\"article\" \/>\n<meta property=\"og:title\" content=\"Badminton : Du bronze pour Alex Lanier aux Mondiaux juniors\" \/>\n<meta property=\"og:description\" content=\"CHAMPIONNATS DU MONDE JUNIORS DE BADMINTON - Des regrets pour Alex Lanier, qui s&#039;est inclin\u00e9 en deux manches serr\u00e9es en demi-finales des Mondiaux.\" \/>\n<meta property=\"og:url\" content=\"https:\/\/dicodusport.fr\/blog\/badminton-du-bronze-pour-alex-lanier-aux-mondiaux-juniors\/\" \/>\n<meta property=\"og:site_name\" content=\"Dicodusport\" \/>\n<meta property=\"article:publisher\" content=\"https:\/\/www.facebook.com\/dicodusport\" \/>\n<meta property=\"article:author\" content=\"https:\/\/www.facebook.com\/sebastien.gente\/\" \/>\n<meta property=\"article:published_time\" content=\"2023-10-08T06:59:29+00:00\" \/>\n<meta property=\"og:image\" content=\"https:\/\/dicodusport.fr\/blog\/wp-content\/uploads\/2023\/10\/Badminton-Du-bronze-pour-Alex-Lanier-aux-Mondiaux-juniors.png\" \/>\n\t<meta property=\"og:image:width\" content=\"800\" \/>\n\t<meta property=\"og:image:height\" content=\"445\" \/>\n\t<meta property=\"og:image:type\" content=\"image\/png\" \/>\n<meta name=\"author\" content=\"S\u00e9bastien Gente\" \/>\n<meta name=\"twitter:card\" content=\"summary_large_image\" \/>\n<meta name=\"twitter:title\" content=\"Badminton : Du bronze pour Alex Lanier aux Mondiaux juniors\" \/>\n<meta name=\"twitter:creator\" content=\"@https:\/\/twitter.com\/globulo24\" \/>\n<meta name=\"twitter:site\" content=\"@dicodusport\" \/>\n<script type=\"application\/ld+json\" class=\"yoast-schema-graph\">{\"@context\":\"https:\/\/schema.org\",\"@graph\":[{\"@type\":\"NewsArticle\",\"@id\":\"https:\/\/dicodusport.fr\/blog\/badminton-du-bronze-pour-alex-lanier-aux-mondiaux-juniors\/#article\",\"isPartOf\":{\"@id\":\"https:\/\/dicodusport.fr\/blog\/badminton-du-bronze-pour-alex-lanier-aux-mondiaux-juniors\/\"},\"author\":{\"name\":\"S\u00e9bastien Gente\",\"@id\":\"https:\/\/dicodusport.fr\/blog\/#\/schema\/person\/627966a6cde45dbd8c5e36ac85d783da\"},\"headline\":\"Badminton : Du bronze pour Alex Lanier aux Mondiaux juniors\",\"datePublished\":\"2023-10-08T06:59:29+00:00\",\"mainEntityOfPage\":{\"@id\":\"https:\/\/dicodusport.fr\/blog\/badminton-du-bronze-pour-alex-lanier-aux-mondiaux-juniors\/\"},\"wordCount\":273,\"commentCount\":0,\"publisher\":{\"@id\":\"https:\/\/dicodusport.fr\/blog\/#organization\"},\"image\":{\"@id\":\"https:\/\/dicodusport.fr\/blog\/badminton-du-bronze-pour-alex-lanier-aux-mondiaux-juniors\/#primaryimage\"},\"thumbnailUrl\":\"https:\/\/dicodusport.fr\/blog\/wp-content\/uploads\/2023\/10\/Badminton-Du-bronze-pour-Alex-Lanier-aux-Mondiaux-juniors.png\",\"keywords\":[\"Alex Lanier\",\"badminton fran\u00e7ais\",\"br\u00e8ve\"],\"articleSection\":[\"Badminton\"],\"inLanguage\":\"fr-FR\",\"potentialAction\":[{\"@type\":\"CommentAction\",\"name\":\"Comment\",\"target\":[\"https:\/\/dicodusport.fr\/blog\/badminton-du-bronze-pour-alex-lanier-aux-mondiaux-juniors\/#respond\"]}],\"copyrightYear\":\"2023\",\"copyrightHolder\":{\"@id\":\"https:\/\/dicodusport.fr\/blog\/#organization\"}},{\"@type\":\"WebPage\",\"@id\":\"https:\/\/dicodusport.fr\/blog\/badminton-du-bronze-pour-alex-lanier-aux-mondiaux-juniors\/\",\"url\":\"https:\/\/dicodusport.fr\/blog\/badminton-du-bronze-pour-alex-lanier-aux-mondiaux-juniors\/\",\"name\":\"Badminton : Du bronze pour Alex Lanier aux Mondiaux juniors\",\"isPartOf\":{\"@id\":\"https:\/\/dicodusport.fr\/blog\/#website\"},\"primaryImageOfPage\":{\"@id\":\"https:\/\/dicodusport.fr\/blog\/badminton-du-bronze-pour-alex-lanier-aux-mondiaux-juniors\/#primaryimage\"},\"image\":{\"@id\":\"https:\/\/dicodusport.fr\/blog\/badminton-du-bronze-pour-alex-lanier-aux-mondiaux-juniors\/#primaryimage\"},\"thumbnailUrl\":\"https:\/\/dicodusport.fr\/blog\/wp-content\/uploads\/2023\/10\/Badminton-Du-bronze-pour-Alex-Lanier-aux-Mondiaux-juniors.png\",\"datePublished\":\"2023-10-08T06:59:29+00:00\",\"description\":\"CHAMPIONNATS DU MONDE JUNIORS DE BADMINTON - Des regrets pour Alex Lanier, qui s'est inclin\u00e9 en deux manches serr\u00e9es en demi-finales des Mondiaux.\",\"breadcrumb\":{\"@id\":\"https:\/\/dicodusport.fr\/blog\/badminton-du-bronze-pour-alex-lanier-aux-mondiaux-juniors\/#breadcrumb\"},\"inLanguage\":\"fr-FR\",\"potentialAction\":[{\"@type\":\"ReadAction\",\"target\":[\"https:\/\/dicodusport.fr\/blog\/badminton-du-bronze-pour-alex-lanier-aux-mondiaux-juniors\/\"]}]},{\"@type\":\"ImageObject\",\"inLanguage\":\"fr-FR\",\"@id\":\"https:\/\/dicodusport.fr\/blog\/badminton-du-bronze-pour-alex-lanier-aux-mondiaux-juniors\/#primaryimage\",\"url\":\"https:\/\/dicodusport.fr\/blog\/wp-content\/uploads\/2023\/10\/Badminton-Du-bronze-pour-Alex-Lanier-aux-Mondiaux-juniors.png\",\"contentUrl\":\"https:\/\/dicodusport.fr\/blog\/wp-content\/uploads\/2023\/10\/Badminton-Du-bronze-pour-Alex-Lanier-aux-Mondiaux-juniors.png\",\"width\":800,\"height\":445,\"caption\":\"Badminton Du bronze pour Alex Lanier aux Mondiaux juniors\"},{\"@type\":\"BreadcrumbList\",\"@id\":\"https:\/\/dicodusport.fr\/blog\/badminton-du-bronze-pour-alex-lanier-aux-mondiaux-juniors\/#breadcrumb\",\"itemListElement\":[{\"@type\":\"ListItem\",\"position\":1,\"name\":\"Accueil\",\"item\":\"https:\/\/dicodusport.fr\/blog\/\"},{\"@type\":\"ListItem\",\"position\":2,\"name\":\"Badminton : Du bronze pour Alex Lanier aux Mondiaux juniors\"}]},{\"@type\":\"WebSite\",\"@id\":\"https:\/\/dicodusport.fr\/blog\/#website\",\"url\":\"https:\/\/dicodusport.fr\/blog\/\",\"name\":\"Dicodusport\",\"description\":\"L&#039;encyclop\u00e9die de l&#039;actualit\u00e9 sportive\",\"publisher\":{\"@id\":\"https:\/\/dicodusport.fr\/blog\/#organization\"},\"potentialAction\":[{\"@type\":\"SearchAction\",\"target\":{\"@type\":\"EntryPoint\",\"urlTemplate\":\"https:\/\/dicodusport.fr\/blog\/?s={search_term_string}\"},\"query-input\":{\"@type\":\"PropertyValueSpecification\",\"valueRequired\":true,\"valueName\":\"search_term_string\"}}],\"inLanguage\":\"fr-FR\"},{\"@type\":\"NewsMediaOrganization\",\"@id\":\"https:\/\/dicodusport.fr\/blog\/#organization\",\"name\":\"Dicodusport\",\"url\":\"https:\/\/dicodusport.fr\/blog\/\",\"logo\":{\"@type\":\"ImageObject\",\"inLanguage\":\"fr-FR\",\"@id\":\"https:\/\/dicodusport.fr\/blog\/#\/schema\/logo\/image\/\",\"url\":\"https:\/\/dicodusport.fr\/blog\/wp-content\/uploads\/2020\/06\/cropped-LOGO-DICODUSPORT-2020-SANS-FOND-SANS-TEXTE.png\",\"contentUrl\":\"https:\/\/dicodusport.fr\/blog\/wp-content\/uploads\/2020\/06\/cropped-LOGO-DICODUSPORT-2020-SANS-FOND-SANS-TEXTE.png\",\"width\":512,\"height\":512,\"caption\":\"Dicodusport\"},\"image\":{\"@id\":\"https:\/\/dicodusport.fr\/blog\/#\/schema\/logo\/image\/\"},\"sameAs\":[\"https:\/\/www.facebook.com\/dicodusport\",\"https:\/\/x.com\/dicodusport\",\"https:\/\/www.instagram.com\/dicodusport\/\",\"https:\/\/www.youtube.com\/channel\/UC7V2KZ5sd3htJivAbA4ZG3w\"],\"description\":\"Dicodusport est l'encyclop\u00e9die de l'actualit\u00e9 sportive.\",\"email\":\"bonjour@dicodusport.fr\",\"legalName\":\"DICODUSPORT\",\"foundingDate\":\"2018-01-14\",\"vatID\":\"FR71834470973\",\"taxID\":\"83447097300043\",\"numberOfEmployees\":{\"@type\":\"QuantitativeValue\",\"minValue\":\"1\",\"maxValue\":\"10\"}},{\"@type\":\"Person\",\"@id\":\"https:\/\/dicodusport.fr\/blog\/#\/schema\/person\/627966a6cde45dbd8c5e36ac85d783da\",\"name\":\"S\u00e9bastien Gente\",\"image\":{\"@type\":\"ImageObject\",\"inLanguage\":\"fr-FR\",\"@id\":\"https:\/\/dicodusport.fr\/blog\/#\/schema\/person\/image\/\",\"url\":\"https:\/\/dicodusport.fr\/blog\/wp-content\/uploads\/2021\/09\/1510990_10205810251400683_4124423575079401707_n-150x150.jpg\",\"contentUrl\":\"https:\/\/dicodusport.fr\/blog\/wp-content\/uploads\/2021\/09\/1510990_10205810251400683_4124423575079401707_n-150x150.jpg\",\"caption\":\"S\u00e9bastien Gente\"},\"description\":\"John Stockton, Gianni Bugno, Zinedine Zidane, Steffi Graf, Frode Andresen, St\u00e9phane Stoecklin, Davis Kamoga, Primoz Peterka, Werner Schlager et Aur\u00e9lien Rougerie. Point commun entre ces sportifs? Ils m'ont fait r\u00eaver et ont berc\u00e9 mon adolescence. Je suis un fondu de sports et j'essaie de retranscrire ma passion \u00e0 travers mes articles. Originaire du P\u00e9rigord, ma passion pour les Girondins, les Jaunards et les Jazzmen transpire dans mes \u00e9crits. \u00c0 Dicodusport depuis 2021, je d\u00e9niche les sports m\u00e9connus dans lesquels la France brille, et il y en a !\",\"sameAs\":[\"https:\/\/www.facebook.com\/sebastien.gente\/\",\"https:\/\/www.instagram.com\/sebgente\/\",\"https:\/\/www.linkedin.com\/in\/sbastien-gente-a29583169\/\",\"https:\/\/x.com\/https:\/\/twitter.com\/globulo24\",\"SebastienGente\"],\"worksFor\":\"S\u00e9bastien GENTE\",\"url\":\"https:\/\/dicodusport.fr\/blog\/author\/sebastiengente\/\"}]}<\/script>\n<!-- \/ Yoast SEO Premium plugin. -->","yoast_head_json":{"title":"Badminton : Du bronze pour Alex Lanier aux Mondiaux juniors","description":"CHAMPIONNATS DU MONDE JUNIORS DE BADMINTON - Des regrets pour Alex Lanier, qui s'est inclin\u00e9 en deux manches serr\u00e9es en demi-finales des Mondiaux.","robots":{"index":"index","follow":"follow","max-snippet":"max-snippet:-1","max-image-preview":"max-image-preview:large","max-video-preview":"max-video-preview:-1"},"canonical":"https:\/\/dicodusport.fr\/blog\/badminton-du-bronze-pour-alex-lanier-aux-mondiaux-juniors\/","og_locale":"fr_FR","og_type":"article","og_title":"Badminton : Du bronze pour Alex Lanier aux Mondiaux juniors","og_description":"CHAMPIONNATS DU MONDE JUNIORS DE BADMINTON - Des regrets pour Alex Lanier, qui s'est inclin\u00e9 en deux manches serr\u00e9es en demi-finales des Mondiaux.","og_url":"https:\/\/dicodusport.fr\/blog\/badminton-du-bronze-pour-alex-lanier-aux-mondiaux-juniors\/","og_site_name":"Dicodusport","article_publisher":"https:\/\/www.facebook.com\/dicodusport","article_author":"https:\/\/www.facebook.com\/sebastien.gente\/","article_published_time":"2023-10-08T06:59:29+00:00","og_image":[{"width":800,"height":445,"url":"https:\/\/dicodusport.fr\/blog\/wp-content\/uploads\/2023\/10\/Badminton-Du-bronze-pour-Alex-Lanier-aux-Mondiaux-juniors.png","type":"image\/png"}],"author":"S\u00e9bastien Gente","twitter_card":"summary_large_image","twitter_title":"Badminton : Du bronze pour Alex Lanier aux Mondiaux juniors","twitter_creator":"@https:\/\/twitter.com\/globulo24","twitter_site":"@dicodusport","schema":{"@context":"https:\/\/schema.org","@graph":[{"@type":"NewsArticle","@id":"https:\/\/dicodusport.fr\/blog\/badminton-du-bronze-pour-alex-lanier-aux-mondiaux-juniors\/#article","isPartOf":{"@id":"https:\/\/dicodusport.fr\/blog\/badminton-du-bronze-pour-alex-lanier-aux-mondiaux-juniors\/"},"author":{"name":"S\u00e9bastien Gente","@id":"https:\/\/dicodusport.fr\/blog\/#\/schema\/person\/627966a6cde45dbd8c5e36ac85d783da"},"headline":"Badminton : Du bronze pour Alex Lanier aux Mondiaux juniors","datePublished":"2023-10-08T06:59:29+00:00","mainEntityOfPage":{"@id":"https:\/\/dicodusport.fr\/blog\/badminton-du-bronze-pour-alex-lanier-aux-mondiaux-juniors\/"},"wordCount":273,"commentCount":0,"publisher":{"@id":"https:\/\/dicodusport.fr\/blog\/#organization"},"image":{"@id":"https:\/\/dicodusport.fr\/blog\/badminton-du-bronze-pour-alex-lanier-aux-mondiaux-juniors\/#primaryimage"},"thumbnailUrl":"https:\/\/dicodusport.fr\/blog\/wp-content\/uploads\/2023\/10\/Badminton-Du-bronze-pour-Alex-Lanier-aux-Mondiaux-juniors.png","keywords":["Alex Lanier","badminton fran\u00e7ais","br\u00e8ve"],"articleSection":["Badminton"],"inLanguage":"fr-FR","potentialAction":[{"@type":"CommentAction","name":"Comment","target":["https:\/\/dicodusport.fr\/blog\/badminton-du-bronze-pour-alex-lanier-aux-mondiaux-juniors\/#respond"]}],"copyrightYear":"2023","copyrightHolder":{"@id":"https:\/\/dicodusport.fr\/blog\/#organization"}},{"@type":"WebPage","@id":"https:\/\/dicodusport.fr\/blog\/badminton-du-bronze-pour-alex-lanier-aux-mondiaux-juniors\/","url":"https:\/\/dicodusport.fr\/blog\/badminton-du-bronze-pour-alex-lanier-aux-mondiaux-juniors\/","name":"Badminton : Du bronze pour Alex Lanier aux Mondiaux juniors","isPartOf":{"@id":"https:\/\/dicodusport.fr\/blog\/#website"},"primaryImageOfPage":{"@id":"https:\/\/dicodusport.fr\/blog\/badminton-du-bronze-pour-alex-lanier-aux-mondiaux-juniors\/#primaryimage"},"image":{"@id":"https:\/\/dicodusport.fr\/blog\/badminton-du-bronze-pour-alex-lanier-aux-mondiaux-juniors\/#primaryimage"},"thumbnailUrl":"https:\/\/dicodusport.fr\/blog\/wp-content\/uploads\/2023\/10\/Badminton-Du-bronze-pour-Alex-Lanier-aux-Mondiaux-juniors.png","datePublished":"2023-10-08T06:59:29+00:00","description":"CHAMPIONNATS DU MONDE JUNIORS DE BADMINTON - Des regrets pour Alex Lanier, qui s'est inclin\u00e9 en deux manches serr\u00e9es en demi-finales des Mondiaux.","breadcrumb":{"@id":"https:\/\/dicodusport.fr\/blog\/badminton-du-bronze-pour-alex-lanier-aux-mondiaux-juniors\/#breadcrumb"},"inLanguage":"fr-FR","potentialAction":[{"@type":"ReadAction","target":["https:\/\/dicodusport.fr\/blog\/badminton-du-bronze-pour-alex-lanier-aux-mondiaux-juniors\/"]}]},{"@type":"ImageObject","inLanguage":"fr-FR","@id":"https:\/\/dicodusport.fr\/blog\/badminton-du-bronze-pour-alex-lanier-aux-mondiaux-juniors\/#primaryimage","url":"https:\/\/dicodusport.fr\/blog\/wp-content\/uploads\/2023\/10\/Badminton-Du-bronze-pour-Alex-Lanier-aux-Mondiaux-juniors.png","contentUrl":"https:\/\/dicodusport.fr\/blog\/wp-content\/uploads\/2023\/10\/Badminton-Du-bronze-pour-Alex-Lanier-aux-Mondiaux-juniors.png","width":800,"height":445,"caption":"Badminton Du bronze pour Alex Lanier aux Mondiaux juniors"},{"@type":"BreadcrumbList","@id":"https:\/\/dicodusport.fr\/blog\/badminton-du-bronze-pour-alex-lanier-aux-mondiaux-juniors\/#breadcrumb","itemListElement":[{"@type":"ListItem","position":1,"name":"Accueil","item":"https:\/\/dicodusport.fr\/blog\/"},{"@type":"ListItem","position":2,"name":"Badminton : Du bronze pour Alex Lanier aux Mondiaux juniors"}]},{"@type":"WebSite","@id":"https:\/\/dicodusport.fr\/blog\/#website","url":"https:\/\/dicodusport.fr\/blog\/","name":"Dicodusport","description":"L&#039;encyclop\u00e9die de l&#039;actualit\u00e9 sportive","publisher":{"@id":"https:\/\/dicodusport.fr\/blog\/#organization"},"potentialAction":[{"@type":"SearchAction","target":{"@type":"EntryPoint","urlTemplate":"https:\/\/dicodusport.fr\/blog\/?s={search_term_string}"},"query-input":{"@type":"PropertyValueSpecification","valueRequired":true,"valueName":"search_term_string"}}],"inLanguage":"fr-FR"},{"@type":"NewsMediaOrganization","@id":"https:\/\/dicodusport.fr\/blog\/#organization","name":"Dicodusport","url":"https:\/\/dicodusport.fr\/blog\/","logo":{"@type":"ImageObject","inLanguage":"fr-FR","@id":"https:\/\/dicodusport.fr\/blog\/#\/schema\/logo\/image\/","url":"https:\/\/dicodusport.fr\/blog\/wp-content\/uploads\/2020\/06\/cropped-LOGO-DICODUSPORT-2020-SANS-FOND-SANS-TEXTE.png","contentUrl":"https:\/\/dicodusport.fr\/blog\/wp-content\/uploads\/2020\/06\/cropped-LOGO-DICODUSPORT-2020-SANS-FOND-SANS-TEXTE.png","width":512,"height":512,"caption":"Dicodusport"},"image":{"@id":"https:\/\/dicodusport.fr\/blog\/#\/schema\/logo\/image\/"},"sameAs":["https:\/\/www.facebook.com\/dicodusport","https:\/\/x.com\/dicodusport","https:\/\/www.instagram.com\/dicodusport\/","https:\/\/www.youtube.com\/channel\/UC7V2KZ5sd3htJivAbA4ZG3w"],"description":"Dicodusport est l'encyclop\u00e9die de l'actualit\u00e9 sportive.","email":"bonjour@dicodusport.fr","legalName":"DICODUSPORT","foundingDate":"2018-01-14","vatID":"FR71834470973","taxID":"83447097300043","numberOfEmployees":{"@type":"QuantitativeValue","minValue":"1","maxValue":"10"}},{"@type":"Person","@id":"https:\/\/dicodusport.fr\/blog\/#\/schema\/person\/627966a6cde45dbd8c5e36ac85d783da","name":"S\u00e9bastien Gente","image":{"@type":"ImageObject","inLanguage":"fr-FR","@id":"https:\/\/dicodusport.fr\/blog\/#\/schema\/person\/image\/","url":"https:\/\/dicodusport.fr\/blog\/wp-content\/uploads\/2021\/09\/1510990_10205810251400683_4124423575079401707_n-150x150.jpg","contentUrl":"https:\/\/dicodusport.fr\/blog\/wp-content\/uploads\/2021\/09\/1510990_10205810251400683_4124423575079401707_n-150x150.jpg","caption":"S\u00e9bastien Gente"},"description":"John Stockton, Gianni Bugno, Zinedine Zidane, Steffi Graf, Frode Andresen, St\u00e9phane Stoecklin, Davis Kamoga, Primoz Peterka, Werner Schlager et Aur\u00e9lien Rougerie. Point commun entre ces sportifs? Ils m'ont fait r\u00eaver et ont berc\u00e9 mon adolescence. Je suis un fondu de sports et j'essaie de retranscrire ma passion \u00e0 travers mes articles. Originaire du P\u00e9rigord, ma passion pour les Girondins, les Jaunards et les Jazzmen transpire dans mes \u00e9crits. \u00c0 Dicodusport depuis 2021, je d\u00e9niche les sports m\u00e9connus dans lesquels la France brille, et il y en a !","sameAs":["https:\/\/www.facebook.com\/sebastien.gente\/","https:\/\/www.instagram.com\/sebgente\/","https:\/\/www.linkedin.com\/in\/sbastien-gente-a29583169\/","https:\/\/x.com\/https:\/\/twitter.com\/globulo24","SebastienGente"],"worksFor":"S\u00e9bastien GENTE","url":"https:\/\/dicodusport.fr\/blog\/author\/sebastiengente\/"}]}},"_links":{"self":[{"href":"https:\/\/dicodusport.fr\/blog\/wp-json\/wp\/v2\/posts\/427279","targetHints":{"allow":["GET"]}}],"collection":[{"href":"https:\/\/dicodusport.fr\/blog\/wp-json\/wp\/v2\/posts"}],"about":[{"href":"https:\/\/dicodusport.fr\/blog\/wp-json\/wp\/v2\/types\/post"}],"author":[{"embeddable":true,"href":"https:\/\/dicodusport.fr\/blog\/wp-json\/wp\/v2\/users\/59"}],"replies":[{"embeddable":true,"href":"https:\/\/dicodusport.fr\/blog\/wp-json\/wp\/v2\/comments?post=427279"}],"version-history":[{"count":0,"href":"https:\/\/dicodusport.fr\/blog\/wp-json\/wp\/v2\/posts\/427279\/revisions"}],"wp:featuredmedia":[{"embeddable":true,"href":"https:\/\/dicodusport.fr\/blog\/wp-json\/wp\/v2\/media\/427285"}],"wp:attachment":[{"href":"https:\/\/dicodusport.fr\/blog\/wp-json\/wp\/v2\/media?parent=427279"}],"wp:term":[{"taxonomy":"category","embeddable":true,"href":"https:\/\/dicodusport.fr\/blog\/wp-json\/wp\/v2\/categories?post=427279"},{"taxonomy":"post_tag","embeddable":true,"href":"https:\/\/dicodusport.fr\/blog\/wp-json\/wp\/v2\/tags?post=427279"}],"curies":[{"name":"wp","href":"https:\/\/api.w.org\/{rel}","templated":true}]}}