{"id":427425,"date":"2023-10-08T15:34:07","date_gmt":"2023-10-08T13:34:07","guid":{"rendered":"https:\/\/dicodusport.fr\/blog\/?p=427425&#038;preview=true&#038;preview_id=427425"},"modified":"2023-10-08T16:10:37","modified_gmt":"2023-10-08T14:10:37","slug":"mondiaux-de-gravel-2023-matej-mohoric-remporte-le-titre-mondial","status":"publish","type":"post","link":"https:\/\/dicodusport.fr\/blog\/mondiaux-de-gravel-2023-matej-mohoric-remporte-le-titre-mondial\/","title":{"rendered":"Mondiaux de Gravel 2023 : Matej Mohoric remporte le titre mondial"},"content":{"rendered":"<p style=\"text-align: justify;\"><strong><em>CHAMPIONNATS DU MONDE DE GRAVEL 2023 &#8211; Ce dimanche, le Slov\u00e8ne Matej Mohoric a remport\u00e9 le titre de champion du monde de gravel, en V\u00e9n\u00e9tie (Italie). Le Belge Florian Vermeersch et le Britannique Connor Swift compl\u00e8tent le podium.<\/em><\/strong><\/p>\n<ul>\n<li style=\"text-align: justify;\"><strong>\u00c0 lire aussi &#8211; <a href=\"https:\/\/dicodusport.fr\/blog\/classement-course-hommes-championnats-du-monde-de-gravel-2023\/\">Classement de la course hommes des championnats du monde de Gravel 2023<\/a><\/strong><\/li>\n<\/ul>\n<p style=\"text-align: justify;\">169 km et 1 890 m\u00e8tres de d\u00e9nivel\u00e9 positif, c&rsquo;\u00e9tait le menu de la course masculine des deuxi\u00e8mes <strong>Mondiaux de Gravel<\/strong>, ce dimanche, en V\u00e9n\u00e9tie (Italie). Apr\u00e8s <a href=\"https:\/\/dicodusport.fr\/blog\/mondiaux-de-gravel-2023-katarzyna-niewiadoma-championne-du-monde\/\">le sacre de <strong>Katarzyna Niewiadoma<\/strong> samedi chez les dames<\/a>, c&rsquo;est le Slov\u00e8ne <strong>Matej Mohoric<\/strong> qui a rafl\u00e9 le titre mondial chez les hommes. Le coureur de la formation <strong>Bahrain Victorious<\/strong> s&rsquo;est impos\u00e9 en solitaire. Dans les 30 derniers kilom\u00e8tres de l&rsquo;\u00e9preuve, <a href=\"https:\/\/dicodusport.fr\/blog\/tour-de-france-2023-matej-mohoric-gagne-la-19eme-etape\/\">le vainqueur de la 19\u00e8me \u00e9tape du dernier Tour de France<\/a>, a l\u00e2ch\u00e9 ses derniers compagnons de fugue, <strong>Connor Swift<\/strong> (Grande-Bretagne) puis <strong>Florian Vermeersch<\/strong> (Belgique).<\/p>\n<p style=\"text-align: justify;\">Malgr\u00e9 une chute \u00e0 trois kilom\u00e8tres de l&rsquo;arriv\u00e9e, le coureur de 28 ans a tenu bon, succ\u00e9dant \u00e0 un autre coureur belge, <strong>Gianni Vermeersch<\/strong>. L&rsquo;homonyme de ce dernier,<strong> Florian Vermeersch<\/strong>, prend la deuxi\u00e8me place \u00e0 42 secondes du Slov\u00e8ne. <strong>Swift<\/strong> compl\u00e9tant le podium \u00e0 3:39. \u00c0 noter la quatri\u00e8me place d&rsquo;un certain <strong>Alejandro Valverde<\/strong> (43 ans).<\/p>\n<blockquote class=\"twitter-tweet\">\n<p dir=\"ltr\" lang=\"en\">Rainbow stripes for <a href=\"https:\/\/twitter.com\/matmohoric?ref_src=twsrc%5Etfw\">@matmohoric<\/a> \ud83c\udf08<\/p>\n<p>What a ride by the Slovenian to become UCI Gravel World Champion! \ud83c\uddf8\ud83c\uddee<a href=\"https:\/\/twitter.com\/hashtag\/Veneto2023?src=hash&amp;ref_src=twsrc%5Etfw\">#Veneto2023<\/a> <a href=\"https:\/\/t.co\/XSaxC1JHoL\">pic.twitter.com\/XSaxC1JHoL<\/a><\/p>\n<p>\u2014 UCI (@UCI_cycling) <a href=\"https:\/\/twitter.com\/UCI_cycling\/status\/1711010016428175736?ref_src=twsrc%5Etfw\">October 8, 2023<\/a><\/p><\/blockquote>\n<p><script async src=\"https:\/\/platform.twitter.com\/widgets.js\" charset=\"utf-8\"><\/script><\/p>\n<p style=\"text-align: justify;\">Au rang des d\u00e9ceptions, <strong>Wout Van Aert<\/strong>, logiquement parmi les favoris ce matin au d\u00e9part de la course, a jou\u00e9 de malchance. Une chute puis une crevaison ont ruin\u00e9 ses espoirs. Il terminera finalement \u00e0 la 8\u00e8me place, \u00e0 plus de huit minutes de la gagne.<\/p>\n<p style=\"text-align: justify;\">\n","protected":false},"excerpt":{"rendered":"<p>CHAMPIONNATS DU MONDE DE GRAVEL 2023 &#8211; Ce dimanche, le Slov\u00e8ne Matej Mohoric a remport\u00e9 le titre de champion du monde de gravel, en V\u00e9n\u00e9tie (Italie). Le Belge Florian Vermeersch et le Britannique Connor Swift compl\u00e8tent le podium.<\/p>\n","protected":false},"author":4,"featured_media":427440,"comment_status":"open","ping_status":"closed","sticky":false,"template":"","format":"standard","meta":{"_acf_changed":false,"_daextam_enable_autolinks":"1","footnotes":""},"categories":[2307],"tags":[16878,27126,19452],"class_list":["post-427425","post","type-post","status-publish","format-standard","has-post-thumbnail","hentry","category-cyclisme","tag-breve","tag-championnats-du-monde-de-gravel","tag-gravel"],"acf":[],"yoast_head":"<!-- This site is optimized with the Yoast SEO Premium plugin v26.7 (Yoast SEO v26.7) - https:\/\/yoast.com\/wordpress\/plugins\/seo\/ -->\n<title>Mondiaux de Gravel 2023 : Matej Mohoric remporte le titre mondial<\/title>\n<meta name=\"description\" content=\"CHAMPIONNATS DU MONDE DE GRAVEL 2023 - Ce dimanche, le Slov\u00e8ne Matej Mohoric a remport\u00e9 le titre de champion du monde de gravel.\" \/>\n<meta name=\"robots\" content=\"index, follow, max-snippet:-1, max-image-preview:large, max-video-preview:-1\" \/>\n<link rel=\"canonical\" href=\"https:\/\/dicodusport.fr\/blog\/mondiaux-de-gravel-2023-matej-mohoric-remporte-le-titre-mondial\/\" \/>\n<meta property=\"og:locale\" content=\"fr_FR\" \/>\n<meta property=\"og:type\" content=\"article\" \/>\n<meta property=\"og:title\" content=\"Mondiaux de Gravel 2023 : Matej Mohoric remporte le titre mondial\" \/>\n<meta property=\"og:description\" content=\"CHAMPIONNATS DU MONDE DE GRAVEL 2023 - Ce dimanche, le Slov\u00e8ne Matej Mohoric a remport\u00e9 le titre de champion du monde de gravel.\" \/>\n<meta property=\"og:url\" content=\"https:\/\/dicodusport.fr\/blog\/mondiaux-de-gravel-2023-matej-mohoric-remporte-le-titre-mondial\/\" \/>\n<meta property=\"og:site_name\" content=\"Dicodusport\" \/>\n<meta property=\"article:publisher\" content=\"https:\/\/www.facebook.com\/dicodusport\" \/>\n<meta property=\"article:author\" content=\"https:\/\/www.facebook.com\/florent.ostermann\" \/>\n<meta property=\"article:published_time\" content=\"2023-10-08T13:34:07+00:00\" \/>\n<meta property=\"article:modified_time\" content=\"2023-10-08T14:10:37+00:00\" \/>\n<meta property=\"og:image\" content=\"https:\/\/dicodusport.fr\/blog\/wp-content\/uploads\/2023\/10\/Mondiaux-de-Gravel-2023-Matej-Mohoric-remporte-le-titre-mondial-1.png\" \/>\n\t<meta property=\"og:image:width\" content=\"800\" \/>\n\t<meta property=\"og:image:height\" content=\"445\" \/>\n\t<meta property=\"og:image:type\" content=\"image\/png\" \/>\n<meta name=\"author\" content=\"Flo Ostermann\" \/>\n<meta name=\"twitter:card\" content=\"summary_large_image\" \/>\n<meta name=\"twitter:title\" content=\"Mondiaux de Gravel 2023 : Matej Mohoric remporte le titre mondial\" \/>\n<meta name=\"twitter:creator\" content=\"@https:\/\/twitter.com\/FlOstermann\" \/>\n<meta name=\"twitter:site\" content=\"@dicodusport\" \/>\n<script type=\"application\/ld+json\" class=\"yoast-schema-graph\">{\"@context\":\"https:\/\/schema.org\",\"@graph\":[{\"@type\":\"NewsArticle\",\"@id\":\"https:\/\/dicodusport.fr\/blog\/mondiaux-de-gravel-2023-matej-mohoric-remporte-le-titre-mondial\/#article\",\"isPartOf\":{\"@id\":\"https:\/\/dicodusport.fr\/blog\/mondiaux-de-gravel-2023-matej-mohoric-remporte-le-titre-mondial\/\"},\"author\":{\"name\":\"Flo Ostermann\",\"@id\":\"https:\/\/dicodusport.fr\/blog\/#\/schema\/person\/cb02af4c173ce4a653b55e9baf388d4a\"},\"headline\":\"Mondiaux de Gravel 2023 : Matej Mohoric remporte le titre mondial\",\"datePublished\":\"2023-10-08T13:34:07+00:00\",\"dateModified\":\"2023-10-08T14:10:37+00:00\",\"mainEntityOfPage\":{\"@id\":\"https:\/\/dicodusport.fr\/blog\/mondiaux-de-gravel-2023-matej-mohoric-remporte-le-titre-mondial\/\"},\"wordCount\":295,\"commentCount\":0,\"publisher\":{\"@id\":\"https:\/\/dicodusport.fr\/blog\/#organization\"},\"image\":{\"@id\":\"https:\/\/dicodusport.fr\/blog\/mondiaux-de-gravel-2023-matej-mohoric-remporte-le-titre-mondial\/#primaryimage\"},\"thumbnailUrl\":\"https:\/\/dicodusport.fr\/blog\/wp-content\/uploads\/2023\/10\/Mondiaux-de-Gravel-2023-Matej-Mohoric-remporte-le-titre-mondial-1.png\",\"keywords\":[\"br\u00e8ve\",\"Championnats du monde de Gravel\",\"Gravel\"],\"articleSection\":[\"Cyclisme\"],\"inLanguage\":\"fr-FR\",\"potentialAction\":[{\"@type\":\"CommentAction\",\"name\":\"Comment\",\"target\":[\"https:\/\/dicodusport.fr\/blog\/mondiaux-de-gravel-2023-matej-mohoric-remporte-le-titre-mondial\/#respond\"]}],\"copyrightYear\":\"2023\",\"copyrightHolder\":{\"@id\":\"https:\/\/dicodusport.fr\/blog\/#organization\"}},{\"@type\":\"WebPage\",\"@id\":\"https:\/\/dicodusport.fr\/blog\/mondiaux-de-gravel-2023-matej-mohoric-remporte-le-titre-mondial\/\",\"url\":\"https:\/\/dicodusport.fr\/blog\/mondiaux-de-gravel-2023-matej-mohoric-remporte-le-titre-mondial\/\",\"name\":\"Mondiaux de Gravel 2023 : Matej Mohoric remporte le titre mondial\",\"isPartOf\":{\"@id\":\"https:\/\/dicodusport.fr\/blog\/#website\"},\"primaryImageOfPage\":{\"@id\":\"https:\/\/dicodusport.fr\/blog\/mondiaux-de-gravel-2023-matej-mohoric-remporte-le-titre-mondial\/#primaryimage\"},\"image\":{\"@id\":\"https:\/\/dicodusport.fr\/blog\/mondiaux-de-gravel-2023-matej-mohoric-remporte-le-titre-mondial\/#primaryimage\"},\"thumbnailUrl\":\"https:\/\/dicodusport.fr\/blog\/wp-content\/uploads\/2023\/10\/Mondiaux-de-Gravel-2023-Matej-Mohoric-remporte-le-titre-mondial-1.png\",\"datePublished\":\"2023-10-08T13:34:07+00:00\",\"dateModified\":\"2023-10-08T14:10:37+00:00\",\"description\":\"CHAMPIONNATS DU MONDE DE GRAVEL 2023 - Ce dimanche, le Slov\u00e8ne Matej Mohoric a remport\u00e9 le titre de champion du monde de gravel.\",\"breadcrumb\":{\"@id\":\"https:\/\/dicodusport.fr\/blog\/mondiaux-de-gravel-2023-matej-mohoric-remporte-le-titre-mondial\/#breadcrumb\"},\"inLanguage\":\"fr-FR\",\"potentialAction\":[{\"@type\":\"ReadAction\",\"target\":[\"https:\/\/dicodusport.fr\/blog\/mondiaux-de-gravel-2023-matej-mohoric-remporte-le-titre-mondial\/\"]}]},{\"@type\":\"ImageObject\",\"inLanguage\":\"fr-FR\",\"@id\":\"https:\/\/dicodusport.fr\/blog\/mondiaux-de-gravel-2023-matej-mohoric-remporte-le-titre-mondial\/#primaryimage\",\"url\":\"https:\/\/dicodusport.fr\/blog\/wp-content\/uploads\/2023\/10\/Mondiaux-de-Gravel-2023-Matej-Mohoric-remporte-le-titre-mondial-1.png\",\"contentUrl\":\"https:\/\/dicodusport.fr\/blog\/wp-content\/uploads\/2023\/10\/Mondiaux-de-Gravel-2023-Matej-Mohoric-remporte-le-titre-mondial-1.png\",\"width\":800,\"height\":445,\"caption\":\"Mondiaux de Gravel 2023 Matej Mohoric remporte le titre mondial (1)\"},{\"@type\":\"BreadcrumbList\",\"@id\":\"https:\/\/dicodusport.fr\/blog\/mondiaux-de-gravel-2023-matej-mohoric-remporte-le-titre-mondial\/#breadcrumb\",\"itemListElement\":[{\"@type\":\"ListItem\",\"position\":1,\"name\":\"Accueil\",\"item\":\"https:\/\/dicodusport.fr\/blog\/\"},{\"@type\":\"ListItem\",\"position\":2,\"name\":\"Mondiaux de Gravel 2023 : Matej Mohoric remporte le titre mondial\"}]},{\"@type\":\"WebSite\",\"@id\":\"https:\/\/dicodusport.fr\/blog\/#website\",\"url\":\"https:\/\/dicodusport.fr\/blog\/\",\"name\":\"Dicodusport\",\"description\":\"L&#039;encyclop\u00e9die de l&#039;actualit\u00e9 sportive\",\"publisher\":{\"@id\":\"https:\/\/dicodusport.fr\/blog\/#organization\"},\"potentialAction\":[{\"@type\":\"SearchAction\",\"target\":{\"@type\":\"EntryPoint\",\"urlTemplate\":\"https:\/\/dicodusport.fr\/blog\/?s={search_term_string}\"},\"query-input\":{\"@type\":\"PropertyValueSpecification\",\"valueRequired\":true,\"valueName\":\"search_term_string\"}}],\"inLanguage\":\"fr-FR\"},{\"@type\":\"NewsMediaOrganization\",\"@id\":\"https:\/\/dicodusport.fr\/blog\/#organization\",\"name\":\"Dicodusport\",\"url\":\"https:\/\/dicodusport.fr\/blog\/\",\"logo\":{\"@type\":\"ImageObject\",\"inLanguage\":\"fr-FR\",\"@id\":\"https:\/\/dicodusport.fr\/blog\/#\/schema\/logo\/image\/\",\"url\":\"https:\/\/dicodusport.fr\/blog\/wp-content\/uploads\/2020\/06\/cropped-LOGO-DICODUSPORT-2020-SANS-FOND-SANS-TEXTE.png\",\"contentUrl\":\"https:\/\/dicodusport.fr\/blog\/wp-content\/uploads\/2020\/06\/cropped-LOGO-DICODUSPORT-2020-SANS-FOND-SANS-TEXTE.png\",\"width\":512,\"height\":512,\"caption\":\"Dicodusport\"},\"image\":{\"@id\":\"https:\/\/dicodusport.fr\/blog\/#\/schema\/logo\/image\/\"},\"sameAs\":[\"https:\/\/www.facebook.com\/dicodusport\",\"https:\/\/x.com\/dicodusport\",\"https:\/\/www.instagram.com\/dicodusport\/\",\"https:\/\/www.youtube.com\/channel\/UC7V2KZ5sd3htJivAbA4ZG3w\"],\"description\":\"Dicodusport est l'encyclop\u00e9die de l'actualit\u00e9 sportive.\",\"email\":\"bonjour@dicodusport.fr\",\"legalName\":\"DICODUSPORT\",\"foundingDate\":\"2018-01-14\",\"vatID\":\"FR71834470973\",\"taxID\":\"83447097300043\",\"numberOfEmployees\":{\"@type\":\"QuantitativeValue\",\"minValue\":\"1\",\"maxValue\":\"10\"}},{\"@type\":\"Person\",\"@id\":\"https:\/\/dicodusport.fr\/blog\/#\/schema\/person\/cb02af4c173ce4a653b55e9baf388d4a\",\"name\":\"Flo Ostermann\",\"image\":{\"@type\":\"ImageObject\",\"inLanguage\":\"fr-FR\",\"@id\":\"https:\/\/dicodusport.fr\/blog\/#\/schema\/person\/image\/\",\"url\":\"https:\/\/dicodusport.fr\/blog\/wp-content\/uploads\/2021\/05\/Flo-Ostermann-150x150.jpg\",\"contentUrl\":\"https:\/\/dicodusport.fr\/blog\/wp-content\/uploads\/2021\/05\/Flo-Ostermann-150x150.jpg\",\"caption\":\"Flo Ostermann\"},\"description\":\"Journaliste\/R\u00e9dacteur depuis septembre 2015 - Mes premiers souvenirs dans le sport ? Les envol\u00e9es du Stade Toulousain et les duels Villeneuve-Schumacher et H\u00e4kkinen-Schumacher \u00e0 la fin des ann\u00e9es 90, la Coupe du monde de football en 1998, l\u2019exploit du XV de France face aux All Blacks en 1999, mais aussi Richard C\u0153ur de Lion qui vole sur les montagnes du Tour de France. Bien parti pour devenir professeur d\u2019EPS, les \u00e9v\u00e9nements de la vie (et la flemme d\u2019animer des s\u00e9ances de 3x500 m\u00e8tres toute ma vie) m\u2019ont conduit \u00e0 revoir mes plans. Me voil\u00e0 depuis fin 2017 sur Dicodusport, m\u00e9dia gr\u00e2ce (et pour) lequel je partage ma passion : le sport dans tous ses \u00e9tats. Le tout accompagn\u00e9 par les fous furieux et folles furieuses cit\u00e9s sur cette page !\",\"sameAs\":[\"https:\/\/www.facebook.com\/florent.ostermann\",\"https:\/\/x.com\/https:\/\/twitter.com\/FlOstermann\",\"admin\"],\"url\":\"https:\/\/dicodusport.fr\/blog\/author\/flo\/\"}]}<\/script>\n<!-- \/ Yoast SEO Premium plugin. -->","yoast_head_json":{"title":"Mondiaux de Gravel 2023 : Matej Mohoric remporte le titre mondial","description":"CHAMPIONNATS DU MONDE DE GRAVEL 2023 - Ce dimanche, le Slov\u00e8ne Matej Mohoric a remport\u00e9 le titre de champion du monde de gravel.","robots":{"index":"index","follow":"follow","max-snippet":"max-snippet:-1","max-image-preview":"max-image-preview:large","max-video-preview":"max-video-preview:-1"},"canonical":"https:\/\/dicodusport.fr\/blog\/mondiaux-de-gravel-2023-matej-mohoric-remporte-le-titre-mondial\/","og_locale":"fr_FR","og_type":"article","og_title":"Mondiaux de Gravel 2023 : Matej Mohoric remporte le titre mondial","og_description":"CHAMPIONNATS DU MONDE DE GRAVEL 2023 - Ce dimanche, le Slov\u00e8ne Matej Mohoric a remport\u00e9 le titre de champion du monde de gravel.","og_url":"https:\/\/dicodusport.fr\/blog\/mondiaux-de-gravel-2023-matej-mohoric-remporte-le-titre-mondial\/","og_site_name":"Dicodusport","article_publisher":"https:\/\/www.facebook.com\/dicodusport","article_author":"https:\/\/www.facebook.com\/florent.ostermann","article_published_time":"2023-10-08T13:34:07+00:00","article_modified_time":"2023-10-08T14:10:37+00:00","og_image":[{"width":800,"height":445,"url":"https:\/\/dicodusport.fr\/blog\/wp-content\/uploads\/2023\/10\/Mondiaux-de-Gravel-2023-Matej-Mohoric-remporte-le-titre-mondial-1.png","type":"image\/png"}],"author":"Flo Ostermann","twitter_card":"summary_large_image","twitter_title":"Mondiaux de Gravel 2023 : Matej Mohoric remporte le titre mondial","twitter_creator":"@https:\/\/twitter.com\/FlOstermann","twitter_site":"@dicodusport","schema":{"@context":"https:\/\/schema.org","@graph":[{"@type":"NewsArticle","@id":"https:\/\/dicodusport.fr\/blog\/mondiaux-de-gravel-2023-matej-mohoric-remporte-le-titre-mondial\/#article","isPartOf":{"@id":"https:\/\/dicodusport.fr\/blog\/mondiaux-de-gravel-2023-matej-mohoric-remporte-le-titre-mondial\/"},"author":{"name":"Flo Ostermann","@id":"https:\/\/dicodusport.fr\/blog\/#\/schema\/person\/cb02af4c173ce4a653b55e9baf388d4a"},"headline":"Mondiaux de Gravel 2023 : Matej Mohoric remporte le titre mondial","datePublished":"2023-10-08T13:34:07+00:00","dateModified":"2023-10-08T14:10:37+00:00","mainEntityOfPage":{"@id":"https:\/\/dicodusport.fr\/blog\/mondiaux-de-gravel-2023-matej-mohoric-remporte-le-titre-mondial\/"},"wordCount":295,"commentCount":0,"publisher":{"@id":"https:\/\/dicodusport.fr\/blog\/#organization"},"image":{"@id":"https:\/\/dicodusport.fr\/blog\/mondiaux-de-gravel-2023-matej-mohoric-remporte-le-titre-mondial\/#primaryimage"},"thumbnailUrl":"https:\/\/dicodusport.fr\/blog\/wp-content\/uploads\/2023\/10\/Mondiaux-de-Gravel-2023-Matej-Mohoric-remporte-le-titre-mondial-1.png","keywords":["br\u00e8ve","Championnats du monde de Gravel","Gravel"],"articleSection":["Cyclisme"],"inLanguage":"fr-FR","potentialAction":[{"@type":"CommentAction","name":"Comment","target":["https:\/\/dicodusport.fr\/blog\/mondiaux-de-gravel-2023-matej-mohoric-remporte-le-titre-mondial\/#respond"]}],"copyrightYear":"2023","copyrightHolder":{"@id":"https:\/\/dicodusport.fr\/blog\/#organization"}},{"@type":"WebPage","@id":"https:\/\/dicodusport.fr\/blog\/mondiaux-de-gravel-2023-matej-mohoric-remporte-le-titre-mondial\/","url":"https:\/\/dicodusport.fr\/blog\/mondiaux-de-gravel-2023-matej-mohoric-remporte-le-titre-mondial\/","name":"Mondiaux de Gravel 2023 : Matej Mohoric remporte le titre mondial","isPartOf":{"@id":"https:\/\/dicodusport.fr\/blog\/#website"},"primaryImageOfPage":{"@id":"https:\/\/dicodusport.fr\/blog\/mondiaux-de-gravel-2023-matej-mohoric-remporte-le-titre-mondial\/#primaryimage"},"image":{"@id":"https:\/\/dicodusport.fr\/blog\/mondiaux-de-gravel-2023-matej-mohoric-remporte-le-titre-mondial\/#primaryimage"},"thumbnailUrl":"https:\/\/dicodusport.fr\/blog\/wp-content\/uploads\/2023\/10\/Mondiaux-de-Gravel-2023-Matej-Mohoric-remporte-le-titre-mondial-1.png","datePublished":"2023-10-08T13:34:07+00:00","dateModified":"2023-10-08T14:10:37+00:00","description":"CHAMPIONNATS DU MONDE DE GRAVEL 2023 - Ce dimanche, le Slov\u00e8ne Matej Mohoric a remport\u00e9 le titre de champion du monde de gravel.","breadcrumb":{"@id":"https:\/\/dicodusport.fr\/blog\/mondiaux-de-gravel-2023-matej-mohoric-remporte-le-titre-mondial\/#breadcrumb"},"inLanguage":"fr-FR","potentialAction":[{"@type":"ReadAction","target":["https:\/\/dicodusport.fr\/blog\/mondiaux-de-gravel-2023-matej-mohoric-remporte-le-titre-mondial\/"]}]},{"@type":"ImageObject","inLanguage":"fr-FR","@id":"https:\/\/dicodusport.fr\/blog\/mondiaux-de-gravel-2023-matej-mohoric-remporte-le-titre-mondial\/#primaryimage","url":"https:\/\/dicodusport.fr\/blog\/wp-content\/uploads\/2023\/10\/Mondiaux-de-Gravel-2023-Matej-Mohoric-remporte-le-titre-mondial-1.png","contentUrl":"https:\/\/dicodusport.fr\/blog\/wp-content\/uploads\/2023\/10\/Mondiaux-de-Gravel-2023-Matej-Mohoric-remporte-le-titre-mondial-1.png","width":800,"height":445,"caption":"Mondiaux de Gravel 2023 Matej Mohoric remporte le titre mondial (1)"},{"@type":"BreadcrumbList","@id":"https:\/\/dicodusport.fr\/blog\/mondiaux-de-gravel-2023-matej-mohoric-remporte-le-titre-mondial\/#breadcrumb","itemListElement":[{"@type":"ListItem","position":1,"name":"Accueil","item":"https:\/\/dicodusport.fr\/blog\/"},{"@type":"ListItem","position":2,"name":"Mondiaux de Gravel 2023 : Matej Mohoric remporte le titre mondial"}]},{"@type":"WebSite","@id":"https:\/\/dicodusport.fr\/blog\/#website","url":"https:\/\/dicodusport.fr\/blog\/","name":"Dicodusport","description":"L&#039;encyclop\u00e9die de l&#039;actualit\u00e9 sportive","publisher":{"@id":"https:\/\/dicodusport.fr\/blog\/#organization"},"potentialAction":[{"@type":"SearchAction","target":{"@type":"EntryPoint","urlTemplate":"https:\/\/dicodusport.fr\/blog\/?s={search_term_string}"},"query-input":{"@type":"PropertyValueSpecification","valueRequired":true,"valueName":"search_term_string"}}],"inLanguage":"fr-FR"},{"@type":"NewsMediaOrganization","@id":"https:\/\/dicodusport.fr\/blog\/#organization","name":"Dicodusport","url":"https:\/\/dicodusport.fr\/blog\/","logo":{"@type":"ImageObject","inLanguage":"fr-FR","@id":"https:\/\/dicodusport.fr\/blog\/#\/schema\/logo\/image\/","url":"https:\/\/dicodusport.fr\/blog\/wp-content\/uploads\/2020\/06\/cropped-LOGO-DICODUSPORT-2020-SANS-FOND-SANS-TEXTE.png","contentUrl":"https:\/\/dicodusport.fr\/blog\/wp-content\/uploads\/2020\/06\/cropped-LOGO-DICODUSPORT-2020-SANS-FOND-SANS-TEXTE.png","width":512,"height":512,"caption":"Dicodusport"},"image":{"@id":"https:\/\/dicodusport.fr\/blog\/#\/schema\/logo\/image\/"},"sameAs":["https:\/\/www.facebook.com\/dicodusport","https:\/\/x.com\/dicodusport","https:\/\/www.instagram.com\/dicodusport\/","https:\/\/www.youtube.com\/channel\/UC7V2KZ5sd3htJivAbA4ZG3w"],"description":"Dicodusport est l'encyclop\u00e9die de l'actualit\u00e9 sportive.","email":"bonjour@dicodusport.fr","legalName":"DICODUSPORT","foundingDate":"2018-01-14","vatID":"FR71834470973","taxID":"83447097300043","numberOfEmployees":{"@type":"QuantitativeValue","minValue":"1","maxValue":"10"}},{"@type":"Person","@id":"https:\/\/dicodusport.fr\/blog\/#\/schema\/person\/cb02af4c173ce4a653b55e9baf388d4a","name":"Flo Ostermann","image":{"@type":"ImageObject","inLanguage":"fr-FR","@id":"https:\/\/dicodusport.fr\/blog\/#\/schema\/person\/image\/","url":"https:\/\/dicodusport.fr\/blog\/wp-content\/uploads\/2021\/05\/Flo-Ostermann-150x150.jpg","contentUrl":"https:\/\/dicodusport.fr\/blog\/wp-content\/uploads\/2021\/05\/Flo-Ostermann-150x150.jpg","caption":"Flo Ostermann"},"description":"Journaliste\/R\u00e9dacteur depuis septembre 2015 - Mes premiers souvenirs dans le sport ? Les envol\u00e9es du Stade Toulousain et les duels Villeneuve-Schumacher et H\u00e4kkinen-Schumacher \u00e0 la fin des ann\u00e9es 90, la Coupe du monde de football en 1998, l\u2019exploit du XV de France face aux All Blacks en 1999, mais aussi Richard C\u0153ur de Lion qui vole sur les montagnes du Tour de France. Bien parti pour devenir professeur d\u2019EPS, les \u00e9v\u00e9nements de la vie (et la flemme d\u2019animer des s\u00e9ances de 3x500 m\u00e8tres toute ma vie) m\u2019ont conduit \u00e0 revoir mes plans. Me voil\u00e0 depuis fin 2017 sur Dicodusport, m\u00e9dia gr\u00e2ce (et pour) lequel je partage ma passion : le sport dans tous ses \u00e9tats. Le tout accompagn\u00e9 par les fous furieux et folles furieuses cit\u00e9s sur cette page !","sameAs":["https:\/\/www.facebook.com\/florent.ostermann","https:\/\/x.com\/https:\/\/twitter.com\/FlOstermann","admin"],"url":"https:\/\/dicodusport.fr\/blog\/author\/flo\/"}]}},"_links":{"self":[{"href":"https:\/\/dicodusport.fr\/blog\/wp-json\/wp\/v2\/posts\/427425","targetHints":{"allow":["GET"]}}],"collection":[{"href":"https:\/\/dicodusport.fr\/blog\/wp-json\/wp\/v2\/posts"}],"about":[{"href":"https:\/\/dicodusport.fr\/blog\/wp-json\/wp\/v2\/types\/post"}],"author":[{"embeddable":true,"href":"https:\/\/dicodusport.fr\/blog\/wp-json\/wp\/v2\/users\/4"}],"replies":[{"embeddable":true,"href":"https:\/\/dicodusport.fr\/blog\/wp-json\/wp\/v2\/comments?post=427425"}],"version-history":[{"count":0,"href":"https:\/\/dicodusport.fr\/blog\/wp-json\/wp\/v2\/posts\/427425\/revisions"}],"wp:featuredmedia":[{"embeddable":true,"href":"https:\/\/dicodusport.fr\/blog\/wp-json\/wp\/v2\/media\/427440"}],"wp:attachment":[{"href":"https:\/\/dicodusport.fr\/blog\/wp-json\/wp\/v2\/media?parent=427425"}],"wp:term":[{"taxonomy":"category","embeddable":true,"href":"https:\/\/dicodusport.fr\/blog\/wp-json\/wp\/v2\/categories?post=427425"},{"taxonomy":"post_tag","embeddable":true,"href":"https:\/\/dicodusport.fr\/blog\/wp-json\/wp\/v2\/tags?post=427425"}],"curies":[{"name":"wp","href":"https:\/\/api.w.org\/{rel}","templated":true}]}}