{"id":427532,"date":"2023-10-08T20:30:29","date_gmt":"2023-10-08T18:30:29","guid":{"rendered":"https:\/\/dicodusport.fr\/blog\/?p=427532&#038;preview=true&#038;preview_id=427532"},"modified":"2023-10-08T21:45:37","modified_gmt":"2023-10-08T19:45:37","slug":"vtt-xco-mont-sainte-anne-loana-lecomte-remporte-une-course-dantesque-apres-une-crevaison","status":"publish","type":"post","link":"https:\/\/dicodusport.fr\/blog\/vtt-xco-mont-sainte-anne-loana-lecomte-remporte-une-course-dantesque-apres-une-crevaison\/","title":{"rendered":"VTT XCO Mont Sainte-Anne : Loana Lecomte remporte une course dantesque, apr\u00e8s une crevaison"},"content":{"rendered":"<p style=\"text-align: justify;\"><strong><em>VTT XCO MONT SAINTE-ANNE &#8211; La derni\u00e8re course de la saison \u00e9tait la plus compliqu\u00e9e. Loana Lecomte r\u00e9ussit \u00e0 l&#8217;emporter dans des conditions difficiles apr\u00e8s une grosse bataille face \u00e0 Jenny Rissveds, 2\u1d49, et Puck Pieterse, 3\u1d49.<\/em><\/strong><\/p>\n<ul>\n<li style=\"text-align: justify;\"><strong>\u00c0 lire aussi &#8211; <a href=\"https:\/\/dicodusport.fr\/blog\/vtt-xco-mont-sainte-anne-classement-de-la-course-femmes\/\">Classement de la course XCO femmes de Mont-Sainte-Anne<\/a><\/strong><\/li>\n<\/ul>\n<p style=\"text-align: justify;\"><span style=\"font-weight: 400;\">Un feu d&rsquo;artifice pour terminer la saison. Dans des conditions terribles, <\/span><b>Loana Lecomte <\/b><span style=\"font-weight: 400;\">a magnifi\u00e9 son maillot bleu-blanc-rouge pour glaner sa 2e victoire en 2023. Longtemps \u00e0 la lutte avec <\/span><b>Jenny Rissveds <\/b><span style=\"font-weight: 400;\">et <\/span><b>Puck Pieterse<\/b><span style=\"font-weight: 400;\">, la Haut-Savoyarde s&rsquo;est \u00e9chapp\u00e9e et passe la ligne d&rsquo;arriv\u00e9e en t\u00eate. Pourtant, le d\u00e9but de course fut chaotique pour elle avec une crevaison puis une chute. Pas de quoi la faire cogiter, elle est celle qui a pris le plus de risques dans les descentes. \u00c0 raison. <\/span><b>Lecomte <\/b><span style=\"font-weight: 400;\">prend, par la m\u00eame occasion, la deuxi\u00e8me place du classement g\u00e9n\u00e9ral final de la Coupe du monde.<\/span><\/p>\n<ul>\n<li style=\"text-align: justify;\"><strong>\u00c0 lire aussi &#8211; <\/strong><a href=\"https:\/\/dicodusport.fr\/blog\/vtt-cross-country-classement-general-coupe-du-monde-2023\/\"><strong>Classement g\u00e9n\u00e9ral Coupe du monde de VTT Cross-country<\/strong><\/a><\/li>\n<\/ul>\n<p style=\"text-align: justify;\"><span style=\"font-weight: 400;\">C&rsquo;\u00e9tait un m\u00e9lange entre du VTT et du cyclo-cross. Les conditions sont automnales, du jaune, du orange, du rouge tout autour du circuit. Mais surtout de la boue. Les Espoirs \u00e9taient sur des \u0153ufs lors de leurs courses, il y a eu quelques gadins. Certains endroits sur le trac\u00e9 sont visqueux, les roues s&rsquo;enfoncent et des \u00e9carts se cr\u00e9ent rapidement. Le Top 10 en 20 secondes \u00e0 l&rsquo;issue du start loop, c&rsquo;est cons\u00e9quent. <\/span><b>Martina Berta<\/b><span style=\"font-weight: 400;\">, manches courtes, est \u00e0 l&rsquo;aise sous ce temps. La championne d&rsquo;Italie est en t\u00eate au bout de dix minutes sur ce XCO. Les v\u00e9t\u00e9tistes mettent souvent le pied-\u00e0-terre et l&rsquo;avantage est pour la cyclo-crosswoman <\/span><b>Puck Pieterse<\/b><span style=\"font-weight: 400;\">. <\/span><b>Loana Lecomte <\/b><span style=\"font-weight: 400;\">se la joue \u00e9quilibriste \u00e9galement et utilise sa technique \u00e0 merveille sur ce 1\u1d49\u02b3 tour\u2026 mais cr\u00e8ve de la roue arri\u00e8re et perd 50 secondes.<\/span><\/p>\n<h2 style=\"text-align: justify;\">La remont\u00e9e apr\u00e8s la crevaison<\/h2>\n<p style=\"text-align: justify;\"><span style=\"font-weight: 400;\">La Fran\u00e7aise est dans une forme olympique et remonte de la 11\u1d49 \u00e0 la 3\u1d49 place apr\u00e8s sa crevaison. En moins d&rsquo;un tour. C&rsquo;est sans aucun doute la course la plus dure de la saison et les femmes sont mises \u00e0 rude \u00e9preuve. Le podium se dessine clairement \u00e0 la mi-course. <\/span><b>Jenny Rissveds, Loana Lecomte <\/b><span style=\"font-weight: 400;\">et <\/span><b>Puck Pieterse <\/b><span style=\"font-weight: 400;\">sont devant avec plus d&rsquo;une minute d&rsquo;avance sur le reste de leurs concurrentes. Les deux premi\u00e8res ont chut\u00e9 dans la 3\u1d49 boucle, sans grosse cons\u00e9quence.<\/span><\/p>\n<p style=\"text-align: justify;\"><span style=\"font-weight: 400;\">Le vent se l\u00e8ve, le ciel s&rsquo;assombrit et les gouttes tombent \u00e0 nouveau. Dans l&rsquo;avant-dernier tour, <\/span><b>Loana Lecomte <\/b><span style=\"font-weight: 400;\">r\u00e9ussit \u00e0 s&rsquo;\u00e9chapper en prenant beaucoup de risques dans les parties descendantes. Plus de 30 secondes empoch\u00e9es en quelques minutes pour l&rsquo;Ann\u00e9cienne qui s&rsquo;envole vers un succ\u00e8s de prestige. Le XCO a \u00e9t\u00e9 difficile jusqu&rsquo;au bout, mais le podium reste le m\u00eame avec la France, la Su\u00e8de et les Pays-Bas. C&rsquo;est la 9\u1d49 victoire en carri\u00e8re sur ce format pour <\/span><b>Lecomte<\/b><span style=\"font-weight: 400;\">, \u00e0 seulement 24 ans.<\/span><\/p>\n<blockquote class=\"twitter-tweet\">\n<p dir=\"ltr\" lang=\"fr\">Au Mont Sainte-Anne, Loana Lecomte termine la saison par une deuxi\u00e8me victoire en Coupe du monde !<\/p>\n<p>Troisi\u00e8me, la N\u00e9erlandaise Puck Pieterse remporte le classement g\u00e9n\u00e9ral de la Coupe du monde. <a href=\"https:\/\/twitter.com\/hashtag\/lequipeVELO?src=hash&amp;ref_src=twsrc%5Etfw\">#lequipeVELO<\/a> <a href=\"https:\/\/t.co\/06jf2x22Ep\">pic.twitter.com\/06jf2x22Ep<\/a><\/p>\n<p>\u2014 L&rsquo;\u00c9QUIPE (@lequipe) <a href=\"https:\/\/twitter.com\/lequipe\/status\/1711087598842638494?ref_src=twsrc%5Etfw\">October 8, 2023<\/a><\/p><\/blockquote>\n<p><script async src=\"https:\/\/platform.twitter.com\/widgets.js\" charset=\"utf-8\"><\/script><\/p>\n","protected":false},"excerpt":{"rendered":"<p>VTT XCO MONT SAINTE-ANNE &#8211; La derni\u00e8re course de la saison \u00e9tait la plus compliqu\u00e9e. Loana Lecomte r\u00e9ussit \u00e0 l&#8217;emporter dans des conditions difficiles apr\u00e8s une grosse bataille face \u00e0 Jenny Rissveds, 2e, et Puck Pieterse, 3e.<\/p>\n","protected":false},"author":61,"featured_media":427926,"comment_status":"open","ping_status":"closed","sticky":false,"template":"","format":"standard","meta":{"_acf_changed":false,"_daextam_enable_autolinks":"1","footnotes":""},"categories":[10279],"tags":[16878,24,692,25635],"class_list":["post-427532","post","type-post","status-publish","format-standard","has-post-thumbnail","hentry","category-vtt","tag-breve","tag-sport","tag-vtt","tag-vtt-xco-mont-sainte-anne"],"acf":[],"yoast_head":"<!-- This site is optimized with the Yoast SEO Premium plugin v26.7 (Yoast SEO v26.7) - https:\/\/yoast.com\/wordpress\/plugins\/seo\/ -->\n<title>VTT XCO Mont Sainte-Anne : Loana Lecomte remporte une course dantesque, apr\u00e8s une crevaison<\/title>\n<meta name=\"description\" content=\"Loana Lecomte r\u00e9ussit \u00e0 l&#039;emporter dans des conditions difficiles apr\u00e8s une grosse bataille face \u00e0 Jenny Rissveds, 2e, et Puck Pieterse, 3e.\" \/>\n<meta name=\"robots\" content=\"index, follow, max-snippet:-1, max-image-preview:large, max-video-preview:-1\" \/>\n<link rel=\"canonical\" href=\"https:\/\/dicodusport.fr\/blog\/vtt-xco-mont-sainte-anne-loana-lecomte-remporte-une-course-dantesque-apres-une-crevaison\/\" \/>\n<meta property=\"og:locale\" content=\"fr_FR\" \/>\n<meta property=\"og:type\" content=\"article\" \/>\n<meta property=\"og:title\" content=\"VTT XCO Mont Sainte-Anne : Loana Lecomte remporte une course dantesque, apr\u00e8s une crevaison\" \/>\n<meta property=\"og:description\" content=\"Loana Lecomte r\u00e9ussit \u00e0 l&#039;emporter dans des conditions difficiles apr\u00e8s une grosse bataille face \u00e0 Jenny Rissveds, 2e, et Puck Pieterse, 3e.\" \/>\n<meta property=\"og:url\" content=\"https:\/\/dicodusport.fr\/blog\/vtt-xco-mont-sainte-anne-loana-lecomte-remporte-une-course-dantesque-apres-une-crevaison\/\" \/>\n<meta property=\"og:site_name\" content=\"Dicodusport\" \/>\n<meta property=\"article:publisher\" content=\"https:\/\/www.facebook.com\/dicodusport\" \/>\n<meta property=\"article:published_time\" content=\"2023-10-08T18:30:29+00:00\" \/>\n<meta property=\"article:modified_time\" content=\"2023-10-08T19:45:37+00:00\" \/>\n<meta property=\"og:image\" content=\"https:\/\/dicodusport.fr\/blog\/wp-content\/uploads\/2023\/10\/VTT-XCO-Mont-Sainte-Anne-Loana-Lecomte-remporte-une-course-dantesque-apres-une-crevaison.png\" \/>\n\t<meta property=\"og:image:width\" content=\"800\" \/>\n\t<meta property=\"og:image:height\" content=\"445\" \/>\n\t<meta property=\"og:image:type\" content=\"image\/png\" \/>\n<meta name=\"author\" content=\"Pierre Gorce\" \/>\n<meta name=\"twitter:card\" content=\"summary_large_image\" \/>\n<meta name=\"twitter:title\" content=\"VTT XCO Mont Sainte-Anne : Loana Lecomte remporte une course dantesque, apr\u00e8s une crevaison\" \/>\n<meta name=\"twitter:creator\" content=\"@https:\/\/twitter.com\/pierregorce12\" \/>\n<meta name=\"twitter:site\" content=\"@dicodusport\" \/>\n<script type=\"application\/ld+json\" class=\"yoast-schema-graph\">{\"@context\":\"https:\/\/schema.org\",\"@graph\":[{\"@type\":\"NewsArticle\",\"@id\":\"https:\/\/dicodusport.fr\/blog\/vtt-xco-mont-sainte-anne-loana-lecomte-remporte-une-course-dantesque-apres-une-crevaison\/#article\",\"isPartOf\":{\"@id\":\"https:\/\/dicodusport.fr\/blog\/vtt-xco-mont-sainte-anne-loana-lecomte-remporte-une-course-dantesque-apres-une-crevaison\/\"},\"author\":{\"name\":\"Pierre Gorce\",\"@id\":\"https:\/\/dicodusport.fr\/blog\/#\/schema\/person\/0eaf70b33d703a1a66b1155ac1bda018\"},\"headline\":\"VTT XCO Mont Sainte-Anne : Loana Lecomte remporte une course dantesque, apr\u00e8s une crevaison\",\"datePublished\":\"2023-10-08T18:30:29+00:00\",\"dateModified\":\"2023-10-08T19:45:37+00:00\",\"mainEntityOfPage\":{\"@id\":\"https:\/\/dicodusport.fr\/blog\/vtt-xco-mont-sainte-anne-loana-lecomte-remporte-une-course-dantesque-apres-une-crevaison\/\"},\"wordCount\":561,\"commentCount\":0,\"publisher\":{\"@id\":\"https:\/\/dicodusport.fr\/blog\/#organization\"},\"image\":{\"@id\":\"https:\/\/dicodusport.fr\/blog\/vtt-xco-mont-sainte-anne-loana-lecomte-remporte-une-course-dantesque-apres-une-crevaison\/#primaryimage\"},\"thumbnailUrl\":\"https:\/\/dicodusport.fr\/blog\/wp-content\/uploads\/2023\/10\/VTT-XCO-Mont-Sainte-Anne-Loana-Lecomte-remporte-une-course-dantesque-apres-une-crevaison.png\",\"keywords\":[\"br\u00e8ve\",\"sport\",\"VTT\",\"VTT XCO Mont-Sainte-Anne\"],\"articleSection\":[\"VTT\"],\"inLanguage\":\"fr-FR\",\"potentialAction\":[{\"@type\":\"CommentAction\",\"name\":\"Comment\",\"target\":[\"https:\/\/dicodusport.fr\/blog\/vtt-xco-mont-sainte-anne-loana-lecomte-remporte-une-course-dantesque-apres-une-crevaison\/#respond\"]}],\"copyrightYear\":\"2023\",\"copyrightHolder\":{\"@id\":\"https:\/\/dicodusport.fr\/blog\/#organization\"}},{\"@type\":\"WebPage\",\"@id\":\"https:\/\/dicodusport.fr\/blog\/vtt-xco-mont-sainte-anne-loana-lecomte-remporte-une-course-dantesque-apres-une-crevaison\/\",\"url\":\"https:\/\/dicodusport.fr\/blog\/vtt-xco-mont-sainte-anne-loana-lecomte-remporte-une-course-dantesque-apres-une-crevaison\/\",\"name\":\"VTT XCO Mont Sainte-Anne : Loana Lecomte remporte une course dantesque, apr\u00e8s une crevaison\",\"isPartOf\":{\"@id\":\"https:\/\/dicodusport.fr\/blog\/#website\"},\"primaryImageOfPage\":{\"@id\":\"https:\/\/dicodusport.fr\/blog\/vtt-xco-mont-sainte-anne-loana-lecomte-remporte-une-course-dantesque-apres-une-crevaison\/#primaryimage\"},\"image\":{\"@id\":\"https:\/\/dicodusport.fr\/blog\/vtt-xco-mont-sainte-anne-loana-lecomte-remporte-une-course-dantesque-apres-une-crevaison\/#primaryimage\"},\"thumbnailUrl\":\"https:\/\/dicodusport.fr\/blog\/wp-content\/uploads\/2023\/10\/VTT-XCO-Mont-Sainte-Anne-Loana-Lecomte-remporte-une-course-dantesque-apres-une-crevaison.png\",\"datePublished\":\"2023-10-08T18:30:29+00:00\",\"dateModified\":\"2023-10-08T19:45:37+00:00\",\"description\":\"Loana Lecomte r\u00e9ussit \u00e0 l'emporter dans des conditions difficiles apr\u00e8s une grosse bataille face \u00e0 Jenny Rissveds, 2e, et Puck Pieterse, 3e.\",\"breadcrumb\":{\"@id\":\"https:\/\/dicodusport.fr\/blog\/vtt-xco-mont-sainte-anne-loana-lecomte-remporte-une-course-dantesque-apres-une-crevaison\/#breadcrumb\"},\"inLanguage\":\"fr-FR\",\"potentialAction\":[{\"@type\":\"ReadAction\",\"target\":[\"https:\/\/dicodusport.fr\/blog\/vtt-xco-mont-sainte-anne-loana-lecomte-remporte-une-course-dantesque-apres-une-crevaison\/\"]}]},{\"@type\":\"ImageObject\",\"inLanguage\":\"fr-FR\",\"@id\":\"https:\/\/dicodusport.fr\/blog\/vtt-xco-mont-sainte-anne-loana-lecomte-remporte-une-course-dantesque-apres-une-crevaison\/#primaryimage\",\"url\":\"https:\/\/dicodusport.fr\/blog\/wp-content\/uploads\/2023\/10\/VTT-XCO-Mont-Sainte-Anne-Loana-Lecomte-remporte-une-course-dantesque-apres-une-crevaison.png\",\"contentUrl\":\"https:\/\/dicodusport.fr\/blog\/wp-content\/uploads\/2023\/10\/VTT-XCO-Mont-Sainte-Anne-Loana-Lecomte-remporte-une-course-dantesque-apres-une-crevaison.png\",\"width\":800,\"height\":445,\"caption\":\"VTT XCO Mont Sainte-Anne Loana Lecomte remporte une course dantesque, apr\u00e8s une crevaison\"},{\"@type\":\"BreadcrumbList\",\"@id\":\"https:\/\/dicodusport.fr\/blog\/vtt-xco-mont-sainte-anne-loana-lecomte-remporte-une-course-dantesque-apres-une-crevaison\/#breadcrumb\",\"itemListElement\":[{\"@type\":\"ListItem\",\"position\":1,\"name\":\"Accueil\",\"item\":\"https:\/\/dicodusport.fr\/blog\/\"},{\"@type\":\"ListItem\",\"position\":2,\"name\":\"VTT XCO Mont Sainte-Anne : Loana Lecomte remporte une course dantesque, apr\u00e8s une crevaison\"}]},{\"@type\":\"WebSite\",\"@id\":\"https:\/\/dicodusport.fr\/blog\/#website\",\"url\":\"https:\/\/dicodusport.fr\/blog\/\",\"name\":\"Dicodusport\",\"description\":\"L&#039;encyclop\u00e9die de l&#039;actualit\u00e9 sportive\",\"publisher\":{\"@id\":\"https:\/\/dicodusport.fr\/blog\/#organization\"},\"potentialAction\":[{\"@type\":\"SearchAction\",\"target\":{\"@type\":\"EntryPoint\",\"urlTemplate\":\"https:\/\/dicodusport.fr\/blog\/?s={search_term_string}\"},\"query-input\":{\"@type\":\"PropertyValueSpecification\",\"valueRequired\":true,\"valueName\":\"search_term_string\"}}],\"inLanguage\":\"fr-FR\"},{\"@type\":\"NewsMediaOrganization\",\"@id\":\"https:\/\/dicodusport.fr\/blog\/#organization\",\"name\":\"Dicodusport\",\"url\":\"https:\/\/dicodusport.fr\/blog\/\",\"logo\":{\"@type\":\"ImageObject\",\"inLanguage\":\"fr-FR\",\"@id\":\"https:\/\/dicodusport.fr\/blog\/#\/schema\/logo\/image\/\",\"url\":\"https:\/\/dicodusport.fr\/blog\/wp-content\/uploads\/2020\/06\/cropped-LOGO-DICODUSPORT-2020-SANS-FOND-SANS-TEXTE.png\",\"contentUrl\":\"https:\/\/dicodusport.fr\/blog\/wp-content\/uploads\/2020\/06\/cropped-LOGO-DICODUSPORT-2020-SANS-FOND-SANS-TEXTE.png\",\"width\":512,\"height\":512,\"caption\":\"Dicodusport\"},\"image\":{\"@id\":\"https:\/\/dicodusport.fr\/blog\/#\/schema\/logo\/image\/\"},\"sameAs\":[\"https:\/\/www.facebook.com\/dicodusport\",\"https:\/\/x.com\/dicodusport\",\"https:\/\/www.instagram.com\/dicodusport\/\",\"https:\/\/www.youtube.com\/channel\/UC7V2KZ5sd3htJivAbA4ZG3w\"],\"description\":\"Dicodusport est l'encyclop\u00e9die de l'actualit\u00e9 sportive.\",\"email\":\"bonjour@dicodusport.fr\",\"legalName\":\"DICODUSPORT\",\"foundingDate\":\"2018-01-14\",\"vatID\":\"FR71834470973\",\"taxID\":\"83447097300043\",\"numberOfEmployees\":{\"@type\":\"QuantitativeValue\",\"minValue\":\"1\",\"maxValue\":\"10\"}},{\"@type\":\"Person\",\"@id\":\"https:\/\/dicodusport.fr\/blog\/#\/schema\/person\/0eaf70b33d703a1a66b1155ac1bda018\",\"name\":\"Pierre Gorce\",\"image\":{\"@type\":\"ImageObject\",\"inLanguage\":\"fr-FR\",\"@id\":\"https:\/\/dicodusport.fr\/blog\/#\/schema\/person\/image\/\",\"url\":\"https:\/\/dicodusport.fr\/blog\/wp-content\/uploads\/2022\/03\/IMG_20211214_233053_722-150x150.jpg\",\"contentUrl\":\"https:\/\/dicodusport.fr\/blog\/wp-content\/uploads\/2022\/03\/IMG_20211214_233053_722-150x150.jpg\",\"caption\":\"Pierre Gorce\"},\"description\":\"Couteau suisse venant tout droit de Haute-Savoie. Habitu\u00e9 \u00e0 regarder du sport depuis petit, j'en ai maintenant fait mon m\u00e9tier. Des sports d'hiver au surf, en passant par le tennis, la F1, le handball et l'athl\u00e9tisme, j'essaie d'avoir mes yeux sur l'enti\u00e8ret\u00e9 de l'actualit\u00e9. Jeune homme berc\u00e9 par les exploits de Jean-Baptiste Grange, Sebastian Vettel et des Experts. Membre de la g\u00e9n\u00e9ration 1999 comme Luka Doncic, Sydney McLaughlin, Lando Norris et Loana Lecomte, mais avec beaucoup moins de talent qu'eux.\",\"sameAs\":[\"https:\/\/x.com\/https:\/\/twitter.com\/pierregorce12\"],\"birthDate\":\"1999-08-29\",\"url\":\"https:\/\/dicodusport.fr\/blog\/author\/pierreg\/\"}]}<\/script>\n<!-- \/ Yoast SEO Premium plugin. -->","yoast_head_json":{"title":"VTT XCO Mont Sainte-Anne : Loana Lecomte remporte une course dantesque, apr\u00e8s une crevaison","description":"Loana Lecomte r\u00e9ussit \u00e0 l'emporter dans des conditions difficiles apr\u00e8s une grosse bataille face \u00e0 Jenny Rissveds, 2e, et Puck Pieterse, 3e.","robots":{"index":"index","follow":"follow","max-snippet":"max-snippet:-1","max-image-preview":"max-image-preview:large","max-video-preview":"max-video-preview:-1"},"canonical":"https:\/\/dicodusport.fr\/blog\/vtt-xco-mont-sainte-anne-loana-lecomte-remporte-une-course-dantesque-apres-une-crevaison\/","og_locale":"fr_FR","og_type":"article","og_title":"VTT XCO Mont Sainte-Anne : Loana Lecomte remporte une course dantesque, apr\u00e8s une crevaison","og_description":"Loana Lecomte r\u00e9ussit \u00e0 l'emporter dans des conditions difficiles apr\u00e8s une grosse bataille face \u00e0 Jenny Rissveds, 2e, et Puck Pieterse, 3e.","og_url":"https:\/\/dicodusport.fr\/blog\/vtt-xco-mont-sainte-anne-loana-lecomte-remporte-une-course-dantesque-apres-une-crevaison\/","og_site_name":"Dicodusport","article_publisher":"https:\/\/www.facebook.com\/dicodusport","article_published_time":"2023-10-08T18:30:29+00:00","article_modified_time":"2023-10-08T19:45:37+00:00","og_image":[{"width":800,"height":445,"url":"https:\/\/dicodusport.fr\/blog\/wp-content\/uploads\/2023\/10\/VTT-XCO-Mont-Sainte-Anne-Loana-Lecomte-remporte-une-course-dantesque-apres-une-crevaison.png","type":"image\/png"}],"author":"Pierre Gorce","twitter_card":"summary_large_image","twitter_title":"VTT XCO Mont Sainte-Anne : Loana Lecomte remporte une course dantesque, apr\u00e8s une crevaison","twitter_creator":"@https:\/\/twitter.com\/pierregorce12","twitter_site":"@dicodusport","schema":{"@context":"https:\/\/schema.org","@graph":[{"@type":"NewsArticle","@id":"https:\/\/dicodusport.fr\/blog\/vtt-xco-mont-sainte-anne-loana-lecomte-remporte-une-course-dantesque-apres-une-crevaison\/#article","isPartOf":{"@id":"https:\/\/dicodusport.fr\/blog\/vtt-xco-mont-sainte-anne-loana-lecomte-remporte-une-course-dantesque-apres-une-crevaison\/"},"author":{"name":"Pierre Gorce","@id":"https:\/\/dicodusport.fr\/blog\/#\/schema\/person\/0eaf70b33d703a1a66b1155ac1bda018"},"headline":"VTT XCO Mont Sainte-Anne : Loana Lecomte remporte une course dantesque, apr\u00e8s une crevaison","datePublished":"2023-10-08T18:30:29+00:00","dateModified":"2023-10-08T19:45:37+00:00","mainEntityOfPage":{"@id":"https:\/\/dicodusport.fr\/blog\/vtt-xco-mont-sainte-anne-loana-lecomte-remporte-une-course-dantesque-apres-une-crevaison\/"},"wordCount":561,"commentCount":0,"publisher":{"@id":"https:\/\/dicodusport.fr\/blog\/#organization"},"image":{"@id":"https:\/\/dicodusport.fr\/blog\/vtt-xco-mont-sainte-anne-loana-lecomte-remporte-une-course-dantesque-apres-une-crevaison\/#primaryimage"},"thumbnailUrl":"https:\/\/dicodusport.fr\/blog\/wp-content\/uploads\/2023\/10\/VTT-XCO-Mont-Sainte-Anne-Loana-Lecomte-remporte-une-course-dantesque-apres-une-crevaison.png","keywords":["br\u00e8ve","sport","VTT","VTT XCO Mont-Sainte-Anne"],"articleSection":["VTT"],"inLanguage":"fr-FR","potentialAction":[{"@type":"CommentAction","name":"Comment","target":["https:\/\/dicodusport.fr\/blog\/vtt-xco-mont-sainte-anne-loana-lecomte-remporte-une-course-dantesque-apres-une-crevaison\/#respond"]}],"copyrightYear":"2023","copyrightHolder":{"@id":"https:\/\/dicodusport.fr\/blog\/#organization"}},{"@type":"WebPage","@id":"https:\/\/dicodusport.fr\/blog\/vtt-xco-mont-sainte-anne-loana-lecomte-remporte-une-course-dantesque-apres-une-crevaison\/","url":"https:\/\/dicodusport.fr\/blog\/vtt-xco-mont-sainte-anne-loana-lecomte-remporte-une-course-dantesque-apres-une-crevaison\/","name":"VTT XCO Mont Sainte-Anne : Loana Lecomte remporte une course dantesque, apr\u00e8s une crevaison","isPartOf":{"@id":"https:\/\/dicodusport.fr\/blog\/#website"},"primaryImageOfPage":{"@id":"https:\/\/dicodusport.fr\/blog\/vtt-xco-mont-sainte-anne-loana-lecomte-remporte-une-course-dantesque-apres-une-crevaison\/#primaryimage"},"image":{"@id":"https:\/\/dicodusport.fr\/blog\/vtt-xco-mont-sainte-anne-loana-lecomte-remporte-une-course-dantesque-apres-une-crevaison\/#primaryimage"},"thumbnailUrl":"https:\/\/dicodusport.fr\/blog\/wp-content\/uploads\/2023\/10\/VTT-XCO-Mont-Sainte-Anne-Loana-Lecomte-remporte-une-course-dantesque-apres-une-crevaison.png","datePublished":"2023-10-08T18:30:29+00:00","dateModified":"2023-10-08T19:45:37+00:00","description":"Loana Lecomte r\u00e9ussit \u00e0 l'emporter dans des conditions difficiles apr\u00e8s une grosse bataille face \u00e0 Jenny Rissveds, 2e, et Puck Pieterse, 3e.","breadcrumb":{"@id":"https:\/\/dicodusport.fr\/blog\/vtt-xco-mont-sainte-anne-loana-lecomte-remporte-une-course-dantesque-apres-une-crevaison\/#breadcrumb"},"inLanguage":"fr-FR","potentialAction":[{"@type":"ReadAction","target":["https:\/\/dicodusport.fr\/blog\/vtt-xco-mont-sainte-anne-loana-lecomte-remporte-une-course-dantesque-apres-une-crevaison\/"]}]},{"@type":"ImageObject","inLanguage":"fr-FR","@id":"https:\/\/dicodusport.fr\/blog\/vtt-xco-mont-sainte-anne-loana-lecomte-remporte-une-course-dantesque-apres-une-crevaison\/#primaryimage","url":"https:\/\/dicodusport.fr\/blog\/wp-content\/uploads\/2023\/10\/VTT-XCO-Mont-Sainte-Anne-Loana-Lecomte-remporte-une-course-dantesque-apres-une-crevaison.png","contentUrl":"https:\/\/dicodusport.fr\/blog\/wp-content\/uploads\/2023\/10\/VTT-XCO-Mont-Sainte-Anne-Loana-Lecomte-remporte-une-course-dantesque-apres-une-crevaison.png","width":800,"height":445,"caption":"VTT XCO Mont Sainte-Anne Loana Lecomte remporte une course dantesque, apr\u00e8s une crevaison"},{"@type":"BreadcrumbList","@id":"https:\/\/dicodusport.fr\/blog\/vtt-xco-mont-sainte-anne-loana-lecomte-remporte-une-course-dantesque-apres-une-crevaison\/#breadcrumb","itemListElement":[{"@type":"ListItem","position":1,"name":"Accueil","item":"https:\/\/dicodusport.fr\/blog\/"},{"@type":"ListItem","position":2,"name":"VTT XCO Mont Sainte-Anne : Loana Lecomte remporte une course dantesque, apr\u00e8s une crevaison"}]},{"@type":"WebSite","@id":"https:\/\/dicodusport.fr\/blog\/#website","url":"https:\/\/dicodusport.fr\/blog\/","name":"Dicodusport","description":"L&#039;encyclop\u00e9die de l&#039;actualit\u00e9 sportive","publisher":{"@id":"https:\/\/dicodusport.fr\/blog\/#organization"},"potentialAction":[{"@type":"SearchAction","target":{"@type":"EntryPoint","urlTemplate":"https:\/\/dicodusport.fr\/blog\/?s={search_term_string}"},"query-input":{"@type":"PropertyValueSpecification","valueRequired":true,"valueName":"search_term_string"}}],"inLanguage":"fr-FR"},{"@type":"NewsMediaOrganization","@id":"https:\/\/dicodusport.fr\/blog\/#organization","name":"Dicodusport","url":"https:\/\/dicodusport.fr\/blog\/","logo":{"@type":"ImageObject","inLanguage":"fr-FR","@id":"https:\/\/dicodusport.fr\/blog\/#\/schema\/logo\/image\/","url":"https:\/\/dicodusport.fr\/blog\/wp-content\/uploads\/2020\/06\/cropped-LOGO-DICODUSPORT-2020-SANS-FOND-SANS-TEXTE.png","contentUrl":"https:\/\/dicodusport.fr\/blog\/wp-content\/uploads\/2020\/06\/cropped-LOGO-DICODUSPORT-2020-SANS-FOND-SANS-TEXTE.png","width":512,"height":512,"caption":"Dicodusport"},"image":{"@id":"https:\/\/dicodusport.fr\/blog\/#\/schema\/logo\/image\/"},"sameAs":["https:\/\/www.facebook.com\/dicodusport","https:\/\/x.com\/dicodusport","https:\/\/www.instagram.com\/dicodusport\/","https:\/\/www.youtube.com\/channel\/UC7V2KZ5sd3htJivAbA4ZG3w"],"description":"Dicodusport est l'encyclop\u00e9die de l'actualit\u00e9 sportive.","email":"bonjour@dicodusport.fr","legalName":"DICODUSPORT","foundingDate":"2018-01-14","vatID":"FR71834470973","taxID":"83447097300043","numberOfEmployees":{"@type":"QuantitativeValue","minValue":"1","maxValue":"10"}},{"@type":"Person","@id":"https:\/\/dicodusport.fr\/blog\/#\/schema\/person\/0eaf70b33d703a1a66b1155ac1bda018","name":"Pierre Gorce","image":{"@type":"ImageObject","inLanguage":"fr-FR","@id":"https:\/\/dicodusport.fr\/blog\/#\/schema\/person\/image\/","url":"https:\/\/dicodusport.fr\/blog\/wp-content\/uploads\/2022\/03\/IMG_20211214_233053_722-150x150.jpg","contentUrl":"https:\/\/dicodusport.fr\/blog\/wp-content\/uploads\/2022\/03\/IMG_20211214_233053_722-150x150.jpg","caption":"Pierre Gorce"},"description":"Couteau suisse venant tout droit de Haute-Savoie. Habitu\u00e9 \u00e0 regarder du sport depuis petit, j'en ai maintenant fait mon m\u00e9tier. Des sports d'hiver au surf, en passant par le tennis, la F1, le handball et l'athl\u00e9tisme, j'essaie d'avoir mes yeux sur l'enti\u00e8ret\u00e9 de l'actualit\u00e9. Jeune homme berc\u00e9 par les exploits de Jean-Baptiste Grange, Sebastian Vettel et des Experts. Membre de la g\u00e9n\u00e9ration 1999 comme Luka Doncic, Sydney McLaughlin, Lando Norris et Loana Lecomte, mais avec beaucoup moins de talent qu'eux.","sameAs":["https:\/\/x.com\/https:\/\/twitter.com\/pierregorce12"],"birthDate":"1999-08-29","url":"https:\/\/dicodusport.fr\/blog\/author\/pierreg\/"}]}},"_links":{"self":[{"href":"https:\/\/dicodusport.fr\/blog\/wp-json\/wp\/v2\/posts\/427532","targetHints":{"allow":["GET"]}}],"collection":[{"href":"https:\/\/dicodusport.fr\/blog\/wp-json\/wp\/v2\/posts"}],"about":[{"href":"https:\/\/dicodusport.fr\/blog\/wp-json\/wp\/v2\/types\/post"}],"author":[{"embeddable":true,"href":"https:\/\/dicodusport.fr\/blog\/wp-json\/wp\/v2\/users\/61"}],"replies":[{"embeddable":true,"href":"https:\/\/dicodusport.fr\/blog\/wp-json\/wp\/v2\/comments?post=427532"}],"version-history":[{"count":0,"href":"https:\/\/dicodusport.fr\/blog\/wp-json\/wp\/v2\/posts\/427532\/revisions"}],"wp:featuredmedia":[{"embeddable":true,"href":"https:\/\/dicodusport.fr\/blog\/wp-json\/wp\/v2\/media\/427926"}],"wp:attachment":[{"href":"https:\/\/dicodusport.fr\/blog\/wp-json\/wp\/v2\/media?parent=427532"}],"wp:term":[{"taxonomy":"category","embeddable":true,"href":"https:\/\/dicodusport.fr\/blog\/wp-json\/wp\/v2\/categories?post=427532"},{"taxonomy":"post_tag","embeddable":true,"href":"https:\/\/dicodusport.fr\/blog\/wp-json\/wp\/v2\/tags?post=427532"}],"curies":[{"name":"wp","href":"https:\/\/api.w.org\/{rel}","templated":true}]}}