{"id":428104,"date":"2023-10-16T17:06:26","date_gmt":"2023-10-16T15:06:26","guid":{"rendered":"https:\/\/dicodusport.fr\/blog\/?p=428104&#038;preview=true&#038;preview_id=428104"},"modified":"2023-10-19T15:33:42","modified_gmt":"2023-10-19T13:33:42","slug":"diagonale-des-fous-2023-presentation-et-favoris","status":"publish","type":"post","link":"https:\/\/dicodusport.fr\/blog\/diagonale-des-fous-2023-presentation-et-favoris\/","title":{"rendered":"Diagonale des Fous 2023 : Pr\u00e9sentation et favoris"},"content":{"rendered":"<p style=\"text-align: justify;\"><strong><em>DIAGONALE DES FOUS 2023 &#8211; Ce jeudi 19 octobre \u00e0 21 heures s&rsquo;\u00e9lanceront les t\u00e9m\u00e9raires traileurs de la Diagonale des Fous. Cette \u00e9preuve mythique, disput\u00e9e sur les sentiers de la R\u00e9union, r\u00e9unira une nouvelle fois des stars de la discipline. Pr\u00e9sentation.<\/em><\/strong><\/p>\n<ul>\n<li style=\"text-align: justify;\"><strong>\u00c0 lire aussi &#8211; <a href=\"https:\/\/dicodusport.fr\/blog\/diagonale-des-fous-2023-programme-heure-et-chaine-tv\/\">Diagonale des Fous 2023 : Programme, heure et cha\u00eene TV<\/a><\/strong><\/li>\n<\/ul>\n<p style=\"text-align: justify;\">165 kilom\u00e8tres pour 10 000m de d\u00e9nivel\u00e9 positif. Le menu sera, comme toujours, cors\u00e9 sur la petite \u00eele de l&rsquo;Oc\u00e9an Indien. Il faudra y ajouter la chaleur, toujours suffocante et la technicit\u00e9 des chemins r\u00e9unionnais, qui n&rsquo;est plus \u00e0 prouver.<\/p>\n<h2 style=\"text-align: justify;\">La \u00ab\u00a0Diag\u00a0\u00bb : une \u00e9preuve majeure de l&rsquo;ultra-trail<\/h2>\n<p style=\"text-align: justify;\">Pour la plupart, il s&rsquo;agira de relier Saint-Pierre \u00e0 Saint-Denis, du Sud au Nord de l&rsquo;\u00eele, en passant par le c\u0153ur volcanique et l&rsquo;int\u00e9rieur des terres.<\/p>\n<p style=\"text-align: justify;\">Le parcours fera de nouveau la part belle aux ascensions que propose la <strong>R\u00e9union<\/strong>. Les traileurs escaladeront ainsi le Piton de la Fournaise, avant de visiter les diff\u00e9rents cirques, dont la terrible mont\u00e9e vers <strong>Mafate<\/strong>.<\/p>\n<ul>\n<li style=\"text-align: justify;\"><strong>\u00c0 lire aussi &#8211; <a href=\"https:\/\/dicodusport.fr\/blog\/classement-en-direct-diagonale-des-fous-2023\/\">Classement de la Diagonale des Fous 2023<\/a>\u00a0<\/strong><\/li>\n<\/ul>\n<p style=\"text-align: justify;\">Apr\u00e8s un effort hallucinant allant de 22 heures pour les \u00e9lites \u00e0 66 heures pour les plus vaillants, les survivants termineront par le traditionnel tour de piste au Stade de la Redoute \u00e0 Saint-Denis.<\/p>\n<p style=\"text-align: justify;\">Install\u00e9e depuis 1989 dans le paysage de l&rsquo;ultra-endurance, la <strong>Diagonale des Fous<\/strong> fait partie des 4 majeurs de la discipline avec la <strong>Western States<\/strong> (Californie), la <strong>Hardrock 100<\/strong> (Colorado) et l&rsquo;<strong>Ultra-Trail du Mont Blanc<\/strong>. Elle a sacr\u00e9 les plus grands sp\u00e9cialistes de la discipline comme <strong>Fran\u00e7ois d&rsquo;Haene<\/strong>, <strong>Kilian Jornet<\/strong> ou encore <a href=\"https:\/\/dicodusport.fr\/blog\/qui-es-tu-dauwalter\/\"><strong>Courtney Dauwalter<\/strong><\/a>. Elle est aussi r\u00e9put\u00e9e comme une des courses les plus difficiles au monde.<\/p>\n<div class=\"vlp-link-container vlp-layout-article\"><a href=\"https:\/\/dicodusport.fr\/blog\/qui-es-tu-dauwalter\/\" class=\"vlp-link\" title=\"Qui es-tu, Courtney Dauwalter ?\"><\/a><div class=\"vlp-layout-zone-side\"><div class=\"vlp-block-4 vlp-link-image\"><img loading=\"lazy\" decoding=\"async\" style=\"max-width: 800px;\" width=\"800\" height=\"445\" src=\"https:\/\/dicodusport.fr\/blog\/wp-content\/uploads\/2023\/09\/Qui-es-tu-Courtney-Dauwalter-.png\" class=\"attachment-800x445 size-800x445\" alt=\"Qui es-tu, Courtney Dauwalter\" srcset=\"https:\/\/dicodusport.fr\/blog\/wp-content\/uploads\/2023\/09\/Qui-es-tu-Courtney-Dauwalter-.png 800w, https:\/\/dicodusport.fr\/blog\/wp-content\/uploads\/2023\/09\/Qui-es-tu-Courtney-Dauwalter--300x167.png 300w, https:\/\/dicodusport.fr\/blog\/wp-content\/uploads\/2023\/09\/Qui-es-tu-Courtney-Dauwalter--768x427.png 768w\" sizes=\"auto, (max-width: 800px) 100vw, 800px\" \/><\/div><\/div><div class=\"vlp-layout-zone-main\"><div class=\"vlp-block-0 vlp-link-title\">Qui es-tu, Courtney Dauwalter ?<\/div><div class=\"vlp-block-1 vlp-link-summary\">\u00c0 l\u2019heure du d\u00e9bat sur l\u2019\u00e9galit\u00e9 entre hommes et femmes dans le sport de haut niveau, l\u2019Am\u00e9ricaine Courtney Dauwalter bouleverse les codes. Par ses performances de haut vol et sa personnalit\u00e9 enti\u00e8re. Portrait d\u2019une ultra-traileuse d\u00e9finitivement \u00e0 part.<\/div><div class=\"vlp-block-2 vlp-link-button\">Lire l'article<\/div><div class=\"vlp-block-3 vlp-link-url\">dicodusport.fr<\/div><\/div><\/div>\n<h2 style=\"text-align: justify;\">Un gros plateau 2023 et l&rsquo;attraction D&rsquo;Haene<\/h2>\n<p style=\"text-align: justify;\">Alors qu&rsquo;il ne devait pas participer, <strong>Fran\u00e7ois D&rsquo;Haene<\/strong>\u00a0a annonc\u00e9 sa pr\u00e9sence d\u00e9but octobre ! Grosse surprise de derni\u00e8re minute, lui qui se remet tout juste d&rsquo;une fracture \u00e0 la jambe.<\/p>\n<p style=\"text-align: justify;\">Cependant, difficile de savoir s&rsquo;il sera en mesure de jouer la gagne cette ann\u00e9e. Son \u00e9tat de forme reste un myst\u00e8re et le manque de foncier pourrait \u00eatre fatal.<\/p>\n<p style=\"text-align: justify;\">Derri\u00e8re ce grand nom, le v\u00e9ritable favori sera peut-\u00eatre <strong>Aur\u00e9lien Dunand-Pallaz<\/strong>. Le Savoyard a cette ann\u00e9e confirm\u00e9 tout son talent <a href=\"https:\/\/dicodusport.fr\/blog\/hardrock-100-double-francais-victoire-de-dunand-pallaz-devant-marmissolle\/\">en remportant la <strong>Hardrock 100<\/strong> en juillet<\/a> et semble arriver de nouveau en forme apr\u00e8s sa victoire r\u00e9cente au Wildstrubel by UTMB.<\/p>\n<p style=\"text-align: justify;\">Aussi, de nombreux outsiders prendront le d\u00e9part comme le v\u00e9t\u00e9ran <strong>Ludo Pommeret<\/strong> (47 ans !), <strong>Germain Grangier<\/strong> troisi\u00e8me de l&rsquo;UTMB ou encore l&rsquo;Espagnol <strong>Jordi Gamito<\/strong>.<\/p>\n<blockquote class=\"twitter-tweet\">\n<p dir=\"ltr\" lang=\"fr\">Fran\u00e7ois D\u2019Haene a d\u00e9jou\u00e9 toutes les attentes en annon\u00e7ant sa participation \u00e0 la 35\u00e8me \u00e9dition du Grand Raid de la R\u00e9union.<a href=\"https:\/\/t.co\/c1bXzGYbvR\">https:\/\/t.co\/c1bXzGYbvR<\/a> <a href=\"https:\/\/twitter.com\/hashtag\/diagonaledesfous?src=hash&amp;ref_src=twsrc%5Etfw\">#diagonaledesfous<\/a><\/p>\n<p>\u2014 Utrail (@Utrail) <a href=\"https:\/\/twitter.com\/Utrail\/status\/1709924399011483728?ref_src=twsrc%5Etfw\">October 5, 2023<\/a><\/p><\/blockquote>\n<p><script async src=\"https:\/\/platform.twitter.com\/widgets.js\" charset=\"utf-8\"><\/script><\/p>\n<p style=\"text-align: justify;\">Chez les dames, en l&rsquo;absence de la reine <strong>Courtney Dauwalter<\/strong> et de l&rsquo;\u00e9toile montante <strong>Anne-Lise Rousset<\/strong>, l&rsquo;\u00e9preuve s&rsquo;annonce assez ouverte. L&rsquo;Am\u00e9ricaine <strong>Katie Schide<\/strong>, vainqueure de l&rsquo;UTMB en 2022, semble la mieux plac\u00e9e. Parmi les autres favorites, citons les Fran\u00e7aises Camille Bruyas et Lucie Jamsin. Et nous garderons un \u0153il attendri sur Sylvaine Cussot, h\u00e9ro\u00efque troisi\u00e8me l&rsquo;an pass\u00e9 apr\u00e8s une lourde chute.<\/p>\n<p>&nbsp;<\/p>\n","protected":false},"excerpt":{"rendered":"<p>DIAGONALE DES FOUS 2023 &#8211; Ce jeudi 19 octobre \u00e0 21 heures s&rsquo;\u00e9lanceront les t\u00e9m\u00e9raires traileurs de la Diagonale des Fous. Cette \u00e9preuve mythique, disput\u00e9e sur les sentiers de la R\u00e9union, r\u00e9unira une nouvelle fois des stars de la discipline. Pr\u00e9sentation.<\/p>\n","protected":false},"author":92,"featured_media":429829,"comment_status":"open","ping_status":"closed","sticky":false,"template":"","format":"standard","meta":{"_acf_changed":false,"_daextam_enable_autolinks":"1","footnotes":""},"categories":[8673],"tags":[16878,6172,6173,862],"class_list":["post-428104","post","type-post","status-publish","format-standard","has-post-thumbnail","hentry","category-trail","tag-breve","tag-diagonale-des-fous","tag-francois-dhaene","tag-trail"],"acf":[],"yoast_head":"<!-- This site is optimized with the Yoast SEO Premium plugin v26.7 (Yoast SEO v26.7) - https:\/\/yoast.com\/wordpress\/plugins\/seo\/ -->\n<title>Diagonale des Fous 2023 : Pr\u00e9sentation et favoris<\/title>\n<meta name=\"description\" content=\"DIAGONALE DES FOUS 2023 - Ce jeudi 19 octobre \u00e0 21 heures s&#039;\u00e9lanceront les t\u00e9m\u00e9raires traileurs de la Diagonale des Fous.\" \/>\n<meta name=\"robots\" content=\"index, follow, max-snippet:-1, max-image-preview:large, max-video-preview:-1\" \/>\n<link rel=\"canonical\" href=\"https:\/\/dicodusport.fr\/blog\/diagonale-des-fous-2023-presentation-et-favoris\/\" \/>\n<meta property=\"og:locale\" content=\"fr_FR\" \/>\n<meta property=\"og:type\" content=\"article\" \/>\n<meta property=\"og:title\" content=\"Diagonale des Fous 2023 : Pr\u00e9sentation et favoris\" \/>\n<meta property=\"og:description\" content=\"DIAGONALE DES FOUS 2023 - Ce jeudi 19 octobre \u00e0 21 heures s&#039;\u00e9lanceront les t\u00e9m\u00e9raires traileurs de la Diagonale des Fous.\" \/>\n<meta property=\"og:url\" content=\"https:\/\/dicodusport.fr\/blog\/diagonale-des-fous-2023-presentation-et-favoris\/\" \/>\n<meta property=\"og:site_name\" content=\"Dicodusport\" \/>\n<meta property=\"article:publisher\" content=\"https:\/\/www.facebook.com\/dicodusport\" \/>\n<meta property=\"article:published_time\" content=\"2023-10-16T15:06:26+00:00\" \/>\n<meta property=\"article:modified_time\" content=\"2023-10-19T13:33:42+00:00\" \/>\n<meta property=\"og:image\" content=\"https:\/\/dicodusport.fr\/blog\/wp-content\/uploads\/2023\/10\/Diagonale-des-Fous-2023-Presentation-et-favoris.png\" \/>\n\t<meta property=\"og:image:width\" content=\"800\" \/>\n\t<meta property=\"og:image:height\" content=\"445\" \/>\n\t<meta property=\"og:image:type\" content=\"image\/png\" \/>\n<meta name=\"author\" content=\"Olivier Dobiezynski\" \/>\n<meta name=\"twitter:card\" content=\"summary_large_image\" \/>\n<meta name=\"twitter:title\" content=\"Diagonale des Fous 2023 : Pr\u00e9sentation et favoris\" \/>\n<meta name=\"twitter:creator\" content=\"@https:\/\/x.com\/Olivier_Matros\" \/>\n<meta name=\"twitter:site\" content=\"@dicodusport\" \/>\n<script type=\"application\/ld+json\" class=\"yoast-schema-graph\">{\"@context\":\"https:\/\/schema.org\",\"@graph\":[{\"@type\":\"NewsArticle\",\"@id\":\"https:\/\/dicodusport.fr\/blog\/diagonale-des-fous-2023-presentation-et-favoris\/#article\",\"isPartOf\":{\"@id\":\"https:\/\/dicodusport.fr\/blog\/diagonale-des-fous-2023-presentation-et-favoris\/\"},\"author\":{\"name\":\"Olivier Dobiezynski\",\"@id\":\"https:\/\/dicodusport.fr\/blog\/#\/schema\/person\/fe500246414ca17ddf0c0312d7a792cc\"},\"headline\":\"Diagonale des Fous 2023 : Pr\u00e9sentation et favoris\",\"datePublished\":\"2023-10-16T15:06:26+00:00\",\"dateModified\":\"2023-10-19T13:33:42+00:00\",\"mainEntityOfPage\":{\"@id\":\"https:\/\/dicodusport.fr\/blog\/diagonale-des-fous-2023-presentation-et-favoris\/\"},\"wordCount\":642,\"commentCount\":0,\"publisher\":{\"@id\":\"https:\/\/dicodusport.fr\/blog\/#organization\"},\"image\":{\"@id\":\"https:\/\/dicodusport.fr\/blog\/diagonale-des-fous-2023-presentation-et-favoris\/#primaryimage\"},\"thumbnailUrl\":\"https:\/\/dicodusport.fr\/blog\/wp-content\/uploads\/2023\/10\/Diagonale-des-Fous-2023-Presentation-et-favoris.png\",\"keywords\":[\"br\u00e8ve\",\"Diagonale des Fous\",\"Fran\u00e7ois D'Haene\",\"trail\"],\"articleSection\":[\"Trail\"],\"inLanguage\":\"fr-FR\",\"potentialAction\":[{\"@type\":\"CommentAction\",\"name\":\"Comment\",\"target\":[\"https:\/\/dicodusport.fr\/blog\/diagonale-des-fous-2023-presentation-et-favoris\/#respond\"]}],\"copyrightYear\":\"2023\",\"copyrightHolder\":{\"@id\":\"https:\/\/dicodusport.fr\/blog\/#organization\"}},{\"@type\":\"WebPage\",\"@id\":\"https:\/\/dicodusport.fr\/blog\/diagonale-des-fous-2023-presentation-et-favoris\/\",\"url\":\"https:\/\/dicodusport.fr\/blog\/diagonale-des-fous-2023-presentation-et-favoris\/\",\"name\":\"Diagonale des Fous 2023 : Pr\u00e9sentation et favoris\",\"isPartOf\":{\"@id\":\"https:\/\/dicodusport.fr\/blog\/#website\"},\"primaryImageOfPage\":{\"@id\":\"https:\/\/dicodusport.fr\/blog\/diagonale-des-fous-2023-presentation-et-favoris\/#primaryimage\"},\"image\":{\"@id\":\"https:\/\/dicodusport.fr\/blog\/diagonale-des-fous-2023-presentation-et-favoris\/#primaryimage\"},\"thumbnailUrl\":\"https:\/\/dicodusport.fr\/blog\/wp-content\/uploads\/2023\/10\/Diagonale-des-Fous-2023-Presentation-et-favoris.png\",\"datePublished\":\"2023-10-16T15:06:26+00:00\",\"dateModified\":\"2023-10-19T13:33:42+00:00\",\"description\":\"DIAGONALE DES FOUS 2023 - Ce jeudi 19 octobre \u00e0 21 heures s'\u00e9lanceront les t\u00e9m\u00e9raires traileurs de la Diagonale des Fous.\",\"breadcrumb\":{\"@id\":\"https:\/\/dicodusport.fr\/blog\/diagonale-des-fous-2023-presentation-et-favoris\/#breadcrumb\"},\"inLanguage\":\"fr-FR\",\"potentialAction\":[{\"@type\":\"ReadAction\",\"target\":[\"https:\/\/dicodusport.fr\/blog\/diagonale-des-fous-2023-presentation-et-favoris\/\"]}]},{\"@type\":\"ImageObject\",\"inLanguage\":\"fr-FR\",\"@id\":\"https:\/\/dicodusport.fr\/blog\/diagonale-des-fous-2023-presentation-et-favoris\/#primaryimage\",\"url\":\"https:\/\/dicodusport.fr\/blog\/wp-content\/uploads\/2023\/10\/Diagonale-des-Fous-2023-Presentation-et-favoris.png\",\"contentUrl\":\"https:\/\/dicodusport.fr\/blog\/wp-content\/uploads\/2023\/10\/Diagonale-des-Fous-2023-Presentation-et-favoris.png\",\"width\":800,\"height\":445,\"caption\":\"Diagonale des Fous 2023 Pr\u00e9sentation et favoris\"},{\"@type\":\"BreadcrumbList\",\"@id\":\"https:\/\/dicodusport.fr\/blog\/diagonale-des-fous-2023-presentation-et-favoris\/#breadcrumb\",\"itemListElement\":[{\"@type\":\"ListItem\",\"position\":1,\"name\":\"Accueil\",\"item\":\"https:\/\/dicodusport.fr\/blog\/\"},{\"@type\":\"ListItem\",\"position\":2,\"name\":\"Diagonale des Fous 2023 : Pr\u00e9sentation et favoris\"}]},{\"@type\":\"WebSite\",\"@id\":\"https:\/\/dicodusport.fr\/blog\/#website\",\"url\":\"https:\/\/dicodusport.fr\/blog\/\",\"name\":\"Dicodusport\",\"description\":\"L&#039;encyclop\u00e9die de l&#039;actualit\u00e9 sportive\",\"publisher\":{\"@id\":\"https:\/\/dicodusport.fr\/blog\/#organization\"},\"potentialAction\":[{\"@type\":\"SearchAction\",\"target\":{\"@type\":\"EntryPoint\",\"urlTemplate\":\"https:\/\/dicodusport.fr\/blog\/?s={search_term_string}\"},\"query-input\":{\"@type\":\"PropertyValueSpecification\",\"valueRequired\":true,\"valueName\":\"search_term_string\"}}],\"inLanguage\":\"fr-FR\"},{\"@type\":\"NewsMediaOrganization\",\"@id\":\"https:\/\/dicodusport.fr\/blog\/#organization\",\"name\":\"Dicodusport\",\"url\":\"https:\/\/dicodusport.fr\/blog\/\",\"logo\":{\"@type\":\"ImageObject\",\"inLanguage\":\"fr-FR\",\"@id\":\"https:\/\/dicodusport.fr\/blog\/#\/schema\/logo\/image\/\",\"url\":\"https:\/\/dicodusport.fr\/blog\/wp-content\/uploads\/2020\/06\/cropped-LOGO-DICODUSPORT-2020-SANS-FOND-SANS-TEXTE.png\",\"contentUrl\":\"https:\/\/dicodusport.fr\/blog\/wp-content\/uploads\/2020\/06\/cropped-LOGO-DICODUSPORT-2020-SANS-FOND-SANS-TEXTE.png\",\"width\":512,\"height\":512,\"caption\":\"Dicodusport\"},\"image\":{\"@id\":\"https:\/\/dicodusport.fr\/blog\/#\/schema\/logo\/image\/\"},\"sameAs\":[\"https:\/\/www.facebook.com\/dicodusport\",\"https:\/\/x.com\/dicodusport\",\"https:\/\/www.instagram.com\/dicodusport\/\",\"https:\/\/www.youtube.com\/channel\/UC7V2KZ5sd3htJivAbA4ZG3w\"],\"description\":\"Dicodusport est l'encyclop\u00e9die de l'actualit\u00e9 sportive.\",\"email\":\"bonjour@dicodusport.fr\",\"legalName\":\"DICODUSPORT\",\"foundingDate\":\"2018-01-14\",\"vatID\":\"FR71834470973\",\"taxID\":\"83447097300043\",\"numberOfEmployees\":{\"@type\":\"QuantitativeValue\",\"minValue\":\"1\",\"maxValue\":\"10\"}},{\"@type\":\"Person\",\"@id\":\"https:\/\/dicodusport.fr\/blog\/#\/schema\/person\/fe500246414ca17ddf0c0312d7a792cc\",\"name\":\"Olivier Dobiezynski\",\"image\":{\"@type\":\"ImageObject\",\"inLanguage\":\"fr-FR\",\"@id\":\"https:\/\/dicodusport.fr\/blog\/#\/schema\/person\/image\/\",\"url\":\"https:\/\/dicodusport.fr\/blog\/wp-content\/uploads\/2024\/09\/5be8fe8d-9962-4f1e-ad06-d6f9dee30e6d-150x150.jpg\",\"contentUrl\":\"https:\/\/dicodusport.fr\/blog\/wp-content\/uploads\/2024\/09\/5be8fe8d-9962-4f1e-ad06-d6f9dee30e6d-150x150.jpg\",\"caption\":\"Olivier Dobiezynski\"},\"description\":\"Depuis le milieu des ann\u00e9es 90, la passion du cyclisme m'anime. Mes h\u00e9ros s'appellent Luc Leblanc, Piotr Ugrumov, Paolo Savoldelli, Peter Sagan et bien \u00e9videmment Romain Bardet. R\u00e9dacteur depuis 2023, je suis ici pour partager cet amour de la Petite Reine. Vous pourrez me lire \u00e9galement sur du trail, du ski de fond et tout autre sujet susceptible d'\u00e9veiller ma curiosit\u00e9 sportive.\",\"sameAs\":[\"https:\/\/x.com\/https:\/\/x.com\/Olivier_Matros\"],\"url\":\"https:\/\/dicodusport.fr\/blog\/author\/olivier-gh\/\"}]}<\/script>\n<!-- \/ Yoast SEO Premium plugin. -->","yoast_head_json":{"title":"Diagonale des Fous 2023 : Pr\u00e9sentation et favoris","description":"DIAGONALE DES FOUS 2023 - Ce jeudi 19 octobre \u00e0 21 heures s'\u00e9lanceront les t\u00e9m\u00e9raires traileurs de la Diagonale des Fous.","robots":{"index":"index","follow":"follow","max-snippet":"max-snippet:-1","max-image-preview":"max-image-preview:large","max-video-preview":"max-video-preview:-1"},"canonical":"https:\/\/dicodusport.fr\/blog\/diagonale-des-fous-2023-presentation-et-favoris\/","og_locale":"fr_FR","og_type":"article","og_title":"Diagonale des Fous 2023 : Pr\u00e9sentation et favoris","og_description":"DIAGONALE DES FOUS 2023 - Ce jeudi 19 octobre \u00e0 21 heures s'\u00e9lanceront les t\u00e9m\u00e9raires traileurs de la Diagonale des Fous.","og_url":"https:\/\/dicodusport.fr\/blog\/diagonale-des-fous-2023-presentation-et-favoris\/","og_site_name":"Dicodusport","article_publisher":"https:\/\/www.facebook.com\/dicodusport","article_published_time":"2023-10-16T15:06:26+00:00","article_modified_time":"2023-10-19T13:33:42+00:00","og_image":[{"width":800,"height":445,"url":"https:\/\/dicodusport.fr\/blog\/wp-content\/uploads\/2023\/10\/Diagonale-des-Fous-2023-Presentation-et-favoris.png","type":"image\/png"}],"author":"Olivier Dobiezynski","twitter_card":"summary_large_image","twitter_title":"Diagonale des Fous 2023 : Pr\u00e9sentation et favoris","twitter_creator":"@https:\/\/x.com\/Olivier_Matros","twitter_site":"@dicodusport","schema":{"@context":"https:\/\/schema.org","@graph":[{"@type":"NewsArticle","@id":"https:\/\/dicodusport.fr\/blog\/diagonale-des-fous-2023-presentation-et-favoris\/#article","isPartOf":{"@id":"https:\/\/dicodusport.fr\/blog\/diagonale-des-fous-2023-presentation-et-favoris\/"},"author":{"name":"Olivier Dobiezynski","@id":"https:\/\/dicodusport.fr\/blog\/#\/schema\/person\/fe500246414ca17ddf0c0312d7a792cc"},"headline":"Diagonale des Fous 2023 : Pr\u00e9sentation et favoris","datePublished":"2023-10-16T15:06:26+00:00","dateModified":"2023-10-19T13:33:42+00:00","mainEntityOfPage":{"@id":"https:\/\/dicodusport.fr\/blog\/diagonale-des-fous-2023-presentation-et-favoris\/"},"wordCount":642,"commentCount":0,"publisher":{"@id":"https:\/\/dicodusport.fr\/blog\/#organization"},"image":{"@id":"https:\/\/dicodusport.fr\/blog\/diagonale-des-fous-2023-presentation-et-favoris\/#primaryimage"},"thumbnailUrl":"https:\/\/dicodusport.fr\/blog\/wp-content\/uploads\/2023\/10\/Diagonale-des-Fous-2023-Presentation-et-favoris.png","keywords":["br\u00e8ve","Diagonale des Fous","Fran\u00e7ois D'Haene","trail"],"articleSection":["Trail"],"inLanguage":"fr-FR","potentialAction":[{"@type":"CommentAction","name":"Comment","target":["https:\/\/dicodusport.fr\/blog\/diagonale-des-fous-2023-presentation-et-favoris\/#respond"]}],"copyrightYear":"2023","copyrightHolder":{"@id":"https:\/\/dicodusport.fr\/blog\/#organization"}},{"@type":"WebPage","@id":"https:\/\/dicodusport.fr\/blog\/diagonale-des-fous-2023-presentation-et-favoris\/","url":"https:\/\/dicodusport.fr\/blog\/diagonale-des-fous-2023-presentation-et-favoris\/","name":"Diagonale des Fous 2023 : Pr\u00e9sentation et favoris","isPartOf":{"@id":"https:\/\/dicodusport.fr\/blog\/#website"},"primaryImageOfPage":{"@id":"https:\/\/dicodusport.fr\/blog\/diagonale-des-fous-2023-presentation-et-favoris\/#primaryimage"},"image":{"@id":"https:\/\/dicodusport.fr\/blog\/diagonale-des-fous-2023-presentation-et-favoris\/#primaryimage"},"thumbnailUrl":"https:\/\/dicodusport.fr\/blog\/wp-content\/uploads\/2023\/10\/Diagonale-des-Fous-2023-Presentation-et-favoris.png","datePublished":"2023-10-16T15:06:26+00:00","dateModified":"2023-10-19T13:33:42+00:00","description":"DIAGONALE DES FOUS 2023 - Ce jeudi 19 octobre \u00e0 21 heures s'\u00e9lanceront les t\u00e9m\u00e9raires traileurs de la Diagonale des Fous.","breadcrumb":{"@id":"https:\/\/dicodusport.fr\/blog\/diagonale-des-fous-2023-presentation-et-favoris\/#breadcrumb"},"inLanguage":"fr-FR","potentialAction":[{"@type":"ReadAction","target":["https:\/\/dicodusport.fr\/blog\/diagonale-des-fous-2023-presentation-et-favoris\/"]}]},{"@type":"ImageObject","inLanguage":"fr-FR","@id":"https:\/\/dicodusport.fr\/blog\/diagonale-des-fous-2023-presentation-et-favoris\/#primaryimage","url":"https:\/\/dicodusport.fr\/blog\/wp-content\/uploads\/2023\/10\/Diagonale-des-Fous-2023-Presentation-et-favoris.png","contentUrl":"https:\/\/dicodusport.fr\/blog\/wp-content\/uploads\/2023\/10\/Diagonale-des-Fous-2023-Presentation-et-favoris.png","width":800,"height":445,"caption":"Diagonale des Fous 2023 Pr\u00e9sentation et favoris"},{"@type":"BreadcrumbList","@id":"https:\/\/dicodusport.fr\/blog\/diagonale-des-fous-2023-presentation-et-favoris\/#breadcrumb","itemListElement":[{"@type":"ListItem","position":1,"name":"Accueil","item":"https:\/\/dicodusport.fr\/blog\/"},{"@type":"ListItem","position":2,"name":"Diagonale des Fous 2023 : Pr\u00e9sentation et favoris"}]},{"@type":"WebSite","@id":"https:\/\/dicodusport.fr\/blog\/#website","url":"https:\/\/dicodusport.fr\/blog\/","name":"Dicodusport","description":"L&#039;encyclop\u00e9die de l&#039;actualit\u00e9 sportive","publisher":{"@id":"https:\/\/dicodusport.fr\/blog\/#organization"},"potentialAction":[{"@type":"SearchAction","target":{"@type":"EntryPoint","urlTemplate":"https:\/\/dicodusport.fr\/blog\/?s={search_term_string}"},"query-input":{"@type":"PropertyValueSpecification","valueRequired":true,"valueName":"search_term_string"}}],"inLanguage":"fr-FR"},{"@type":"NewsMediaOrganization","@id":"https:\/\/dicodusport.fr\/blog\/#organization","name":"Dicodusport","url":"https:\/\/dicodusport.fr\/blog\/","logo":{"@type":"ImageObject","inLanguage":"fr-FR","@id":"https:\/\/dicodusport.fr\/blog\/#\/schema\/logo\/image\/","url":"https:\/\/dicodusport.fr\/blog\/wp-content\/uploads\/2020\/06\/cropped-LOGO-DICODUSPORT-2020-SANS-FOND-SANS-TEXTE.png","contentUrl":"https:\/\/dicodusport.fr\/blog\/wp-content\/uploads\/2020\/06\/cropped-LOGO-DICODUSPORT-2020-SANS-FOND-SANS-TEXTE.png","width":512,"height":512,"caption":"Dicodusport"},"image":{"@id":"https:\/\/dicodusport.fr\/blog\/#\/schema\/logo\/image\/"},"sameAs":["https:\/\/www.facebook.com\/dicodusport","https:\/\/x.com\/dicodusport","https:\/\/www.instagram.com\/dicodusport\/","https:\/\/www.youtube.com\/channel\/UC7V2KZ5sd3htJivAbA4ZG3w"],"description":"Dicodusport est l'encyclop\u00e9die de l'actualit\u00e9 sportive.","email":"bonjour@dicodusport.fr","legalName":"DICODUSPORT","foundingDate":"2018-01-14","vatID":"FR71834470973","taxID":"83447097300043","numberOfEmployees":{"@type":"QuantitativeValue","minValue":"1","maxValue":"10"}},{"@type":"Person","@id":"https:\/\/dicodusport.fr\/blog\/#\/schema\/person\/fe500246414ca17ddf0c0312d7a792cc","name":"Olivier Dobiezynski","image":{"@type":"ImageObject","inLanguage":"fr-FR","@id":"https:\/\/dicodusport.fr\/blog\/#\/schema\/person\/image\/","url":"https:\/\/dicodusport.fr\/blog\/wp-content\/uploads\/2024\/09\/5be8fe8d-9962-4f1e-ad06-d6f9dee30e6d-150x150.jpg","contentUrl":"https:\/\/dicodusport.fr\/blog\/wp-content\/uploads\/2024\/09\/5be8fe8d-9962-4f1e-ad06-d6f9dee30e6d-150x150.jpg","caption":"Olivier Dobiezynski"},"description":"Depuis le milieu des ann\u00e9es 90, la passion du cyclisme m'anime. Mes h\u00e9ros s'appellent Luc Leblanc, Piotr Ugrumov, Paolo Savoldelli, Peter Sagan et bien \u00e9videmment Romain Bardet. R\u00e9dacteur depuis 2023, je suis ici pour partager cet amour de la Petite Reine. Vous pourrez me lire \u00e9galement sur du trail, du ski de fond et tout autre sujet susceptible d'\u00e9veiller ma curiosit\u00e9 sportive.","sameAs":["https:\/\/x.com\/https:\/\/x.com\/Olivier_Matros"],"url":"https:\/\/dicodusport.fr\/blog\/author\/olivier-gh\/"}]}},"_links":{"self":[{"href":"https:\/\/dicodusport.fr\/blog\/wp-json\/wp\/v2\/posts\/428104","targetHints":{"allow":["GET"]}}],"collection":[{"href":"https:\/\/dicodusport.fr\/blog\/wp-json\/wp\/v2\/posts"}],"about":[{"href":"https:\/\/dicodusport.fr\/blog\/wp-json\/wp\/v2\/types\/post"}],"author":[{"embeddable":true,"href":"https:\/\/dicodusport.fr\/blog\/wp-json\/wp\/v2\/users\/92"}],"replies":[{"embeddable":true,"href":"https:\/\/dicodusport.fr\/blog\/wp-json\/wp\/v2\/comments?post=428104"}],"version-history":[{"count":0,"href":"https:\/\/dicodusport.fr\/blog\/wp-json\/wp\/v2\/posts\/428104\/revisions"}],"wp:featuredmedia":[{"embeddable":true,"href":"https:\/\/dicodusport.fr\/blog\/wp-json\/wp\/v2\/media\/429829"}],"wp:attachment":[{"href":"https:\/\/dicodusport.fr\/blog\/wp-json\/wp\/v2\/media?parent=428104"}],"wp:term":[{"taxonomy":"category","embeddable":true,"href":"https:\/\/dicodusport.fr\/blog\/wp-json\/wp\/v2\/categories?post=428104"},{"taxonomy":"post_tag","embeddable":true,"href":"https:\/\/dicodusport.fr\/blog\/wp-json\/wp\/v2\/tags?post=428104"}],"curies":[{"name":"wp","href":"https:\/\/api.w.org\/{rel}","templated":true}]}}