{"id":428230,"date":"2023-10-11T12:34:05","date_gmt":"2023-10-11T10:34:05","guid":{"rendered":"https:\/\/dicodusport.fr\/blog\/?p=428230&#038;preview=true&#038;preview_id=428230"},"modified":"2023-10-14T15:29:59","modified_gmt":"2023-10-14T13:29:59","slug":"cyclisme-sur-route-nos-6-revelations-francaises-de-la-saison-2023","status":"publish","type":"post","link":"https:\/\/dicodusport.fr\/blog\/cyclisme-sur-route-nos-6-revelations-francaises-de-la-saison-2023\/","title":{"rendered":"Cyclisme sur route : Nos 6 r\u00e9v\u00e9lations fran\u00e7aises de la saison 2023"},"content":{"rendered":"<p style=\"text-align: justify;\"><strong><em>CYCLISME SUR ROUTE 2023 &#8211; Alors que la saison touche \u00e0 sa fin, la r\u00e9daction de Dicodusport vous propose un tour d&rsquo;horizon des r\u00e9v\u00e9lations tricolores de l&rsquo;ann\u00e9e et qu&rsquo;il faudra suivre la saison prochaine.<\/em><\/strong><\/p>\n<ul>\n<li style=\"text-align: justify;\"><strong>\u00c0 lire aussi \u2013\u00a0<a href=\"https:\/\/dicodusport.fr\/blog\/actualites\/cyclisme\/cyclisme-sur-route-2023\/\">L\u2019actualit\u00e9 du cyclisme sur route<\/a><\/strong><\/li>\n<\/ul>\n<h2 style=\"text-align: justify;\">Lenny Martinez (Groupama-FDJ, 20 ans)<\/h2>\n<p style=\"text-align: justify;\">Maillot rouge sur la Vuelta, <a href=\"https:\/\/dicodusport.fr\/blog\/lenny-martinez-remporte-le-mont-ventoux-denivele-challenge\/\">vainqueur au sommet du Mont Ventoux devant <strong>Michael Woods<\/strong><\/a>, troisi\u00e8me au classement du maillot blanc sur le <strong>Tour de Catalogne<\/strong>, la premi\u00e8re course World Tour de sa carri\u00e8re, voici quelques faits d&rsquo;armes de <strong>Lenny Martinez<\/strong> en cette ann\u00e9e 2023. Cela serait tellement blasph\u00e9matoire de lister les r\u00e9v\u00e9lations fran\u00e7aises de la saison sans citer Lenny Martinez que la r\u00e9daction a d\u00e9cid\u00e9 de l&rsquo;int\u00e9grer \u00e9galement \u00e0 la liste des r\u00e9v\u00e9lations de l&rsquo;ann\u00e9e 2023.<\/p>\n<p style=\"text-align: justify;\">\u00c0 l&rsquo;heure o\u00f9 la <strong>Groupama-FDJ<\/strong> a dit au revoir \u00e0 ses deux plus grands coureurs des ann\u00e9es 2010, <strong>Arnaud D\u00e9mare<\/strong> et <strong>Thibaut Pinot<\/strong>, <strong>Marc Madiot<\/strong> confirme encore la qualit\u00e9 de la formation de l&rsquo;\u00e9quipe tricolore, puisque <strong>Lenny Martinez<\/strong> a directement \u00e9t\u00e9 promu de l&rsquo;\u00e9quipe continentale, antichambre de l&rsquo;\u00e9quipe World Tour. Apr\u00e8s avoir fait ses gammes l&rsquo;an dernier dans l&rsquo;\u00e9quipe de d\u00e9veloppement et honor\u00e9 quelques apparitions ponctuelles avec l&rsquo;\u00e9quipe premi\u00e8re, il ach\u00e8ve, \u00e0 vingt ans, la premi\u00e8re saison pleine de sa carri\u00e8re au sein de l&rsquo;effectif professionnel. Ses performances cette ann\u00e9e n&rsquo;ont pas \u00e9chapp\u00e9 aux autres formations et il sera naturellement davantage scrut\u00e9 en 2024, d\u00e8s lors que la route s&rsquo;\u00e9l\u00e8vera, dans une \u00e9quipe au sein de laquelle il aura tr\u00e8s certainement plus de responsabilit\u00e9s.<\/p>\n<blockquote class=\"twitter-tweet\">\n<p dir=\"ltr\" lang=\"fr\">\ud83e\udd29 Le rouge lui va si bien : Lenny Martinez \u00e9trenne son maillot de leader de <a href=\"https:\/\/twitter.com\/hashtag\/LaVuelta23?src=hash&amp;ref_src=twsrc%5Etfw\">#LaVuelta23<\/a> <a href=\"https:\/\/twitter.com\/hashtag\/LesRP?src=hash&amp;ref_src=twsrc%5Etfw\">#LesRP<\/a> <a href=\"https:\/\/t.co\/OJRcDWRMWG\">https:\/\/t.co\/OJRcDWRMWG<\/a> <a href=\"https:\/\/t.co\/aZ1z6GuMgi\">pic.twitter.com\/aZ1z6GuMgi<\/a><\/p>\n<p>\u2014 Eurosport France (@Eurosport_FR) <a href=\"https:\/\/twitter.com\/Eurosport_FR\/status\/1697592876761493998?ref_src=twsrc%5Etfw\">September 1, 2023<\/a><\/p><\/blockquote>\n<p><script async src=\"https:\/\/platform.twitter.com\/widgets.js\" charset=\"utf-8\"><\/script><\/p>\n<ul>\n<li style=\"text-align: justify;\"><strong>\u00c0 lire aussi &#8211; <a href=\"https:\/\/dicodusport.fr\/blog\/cyclisme-sur-route-nos-6-revelations-de-la-saison-2023\/\">Cyclisme sur route : Nos 6 r\u00e9v\u00e9lations de la saison 2023<\/a><\/strong><\/li>\n<\/ul>\n<h2 style=\"text-align: justify;\">Romain Gr\u00e9goire (Groupama-FDJ, 20 ans)<\/h2>\n<p style=\"text-align: justify;\">Lui aussi conna\u00eet une trajectoire similaire \u00e0 <strong>Martinez<\/strong>. Ses r\u00e9sultats avec l&rsquo;\u00e9quipe conti en 2022 (notamment quatre victoires cons\u00e9cutives entre avril et mai dont <strong>Li\u00e8ge-Bastogne-Li\u00e8ge espoirs<\/strong>) lui ont ouvert les portes de l&rsquo;\u00e9quipe World Tour. Sa d\u00e9couverte des courses World Tour a marqu\u00e9 les esprits gr\u00e2ce \u00e0 une remarquable huiti\u00e8me place sur les <strong>Strade Bianche<\/strong> au cours desquelles il a effectu\u00e9 un travail titanesque pour permettre \u00e0 <strong>Valentin Madouas<\/strong> de terminer deuxi\u00e8me derri\u00e8re <strong>Thomas Pidcock<\/strong>.<\/p>\n<p style=\"text-align: justify;\">La suite de sa saison est tout aussi flamboyante. Outre <a href=\"https:\/\/dicodusport.fr\/blog\/tour-du-limousin-2023-le-general-pour-romain-gregoire-la-4eme-etape-pour-hugo-page\/\">sa victoire sur le <strong>Tour du Limousin<\/strong><\/a> en ao\u00fbt (accompagn\u00e9e de deux victoires d&rsquo;\u00e9tapes), il a remport\u00e9 les <strong>4 Jours de Dunkerque<\/strong>, comptant pour l&rsquo;UCI ProSeries, devant <strong>Kasper Asgreen<\/strong>, excusez du peu. Au niveau World Tour, apr\u00e8s avoir \u00e9paul\u00e9 <strong>David Gaudu<\/strong> sur le <strong>Tour du Pays Basque<\/strong>, il a b\u00e9n\u00e9fici\u00e9 d&rsquo;un bon de sortie, sur <strong>la Vuelta<\/strong>, finissant deuxi\u00e8me de la onzi\u00e8me \u00e9tape, derri\u00e8re <strong>Jesus Herrada<\/strong> mais devan\u00e7ant notamment des coureurs comme <strong>Jonathan Caicedo<\/strong> ou <strong>Geraint Thomas<\/strong>. Souvent compar\u00e9 \u00e0 <strong>Julian Alaphillipe<\/strong> pour ses qualit\u00e9s de puncheur, il devrait d\u00e9couvrir les classiques ardennaises au printemps prochain apr\u00e8s son abandon cette ann\u00e9e sur l&rsquo;<strong>Amstel Gold Race<\/strong>.<\/p>\n<ul>\n<li style=\"text-align: justify;\"><strong>\u00c0 lire aussi &#8211; <a href=\"https:\/\/dicodusport.fr\/blog\/cyclisme-sur-route-les-6-deceptions-de-la-saison-2023\/\">Cyclisme sur route : Nos 6 d\u00e9ceptions de la saison 2023<\/a><\/strong><\/li>\n<\/ul>\n<h2 style=\"text-align: justify;\">Axel Laurance (Alpecin-Deceuninck Development Team, 22 ans)<\/h2>\n<p style=\"text-align: justify;\">Parler de r\u00e9v\u00e9lation concernant <strong>Axel Laurance<\/strong> pourrait faire sourire ceux qui se souviennent de sa deuxi\u00e8me place surprise sur la <strong>Bretagne Classic 2022<\/strong>. N\u00e9anmoins, la disparition de l&rsquo;\u00e9quipe <strong>B&amp;B Hotels &#8211; KTM<\/strong> o\u00f9 il \u00e9voluait, l&rsquo;a contraint \u00e0 retrouver une \u00e9quipe dans la pr\u00e9cipitation. C&rsquo;est ainsi qu&rsquo;en toute fin d&rsquo;ann\u00e9e derni\u00e8re, il int\u00e8gre <strong>l&rsquo;\u00e9quipe de d\u00e9veloppement d&rsquo;Alpecin-Deceuninck<\/strong> avec deux cons\u00e9quences notables : \u00e0 court terme, en 2023, il ne pourra pas disputer les courses World Tour, mais \u00e0 moyen terme, \u00e0 partir de 2024, il devrait pouvoir int\u00e9grer l&rsquo;\u00e9quipe du champion du monde <strong>Mathieu Van der Poel<\/strong>.<\/p>\n<p style=\"text-align: justify;\">Il faut dire que sa saison 2023 risque fort de jouer en sa faveur gr\u00e2ce \u00e0 trois victoires, sur le <strong>Circuit des Ardennes<\/strong> en avril, le <strong>Tour d&rsquo;Alsace<\/strong> en juillet et surtout en ao\u00fbt \u00e0 Glasgow au cours des <a href=\"https:\/\/dicodusport.fr\/blog\/cyclisme-championnats-du-monde-2023-axel-laurance-champion-du-monde-espoirs\/\"><strong>championnats du monde des moins de 23 ans<\/strong><\/a>. C&rsquo;est donc avec un maillot arc-en-ciel dans ses valises, qu&rsquo;<strong>Axel Laurance<\/strong> devrait red\u00e9couvrir le niveau World Tour prochainement (m\u00eame s&rsquo;il ne sera pas autoris\u00e9 \u00e0 le rev\u00eatir).<\/p>\n<blockquote class=\"twitter-tweet\">\n<p dir=\"ltr\" lang=\"fr\"><a href=\"https:\/\/twitter.com\/hashtag\/GlasgowScotland2023?src=hash&amp;ref_src=twsrc%5Etfw\">#GlasgowScotland2023<\/a> | \ud83c\uddeb\ud83c\uddf7\ud83e\udd47 CHAMPION DU MONDE \ud83e\udd47<\/p>\n<p>Axel Laurance est sacr\u00e9 champion du monde espoirs sur route !<\/p>\n<p>\u25b6 Le direct : <a href=\"https:\/\/t.co\/OFYE0fDRoQ\">https:\/\/t.co\/OFYE0fDRoQ<\/a> <a href=\"https:\/\/t.co\/Aon39KV5jy\">pic.twitter.com\/Aon39KV5jy<\/a><\/p>\n<p>\u2014 francetvsport (@francetvsport) <a href=\"https:\/\/twitter.com\/francetvsport\/status\/1690373271537987584?ref_src=twsrc%5Etfw\">August 12, 2023<\/a><\/p><\/blockquote>\n<p><script async src=\"https:\/\/platform.twitter.com\/widgets.js\" charset=\"utf-8\"><\/script><\/p>\n<h2 style=\"text-align: justify;\">K\u00e9vin Vauquelin (Team Ark\u00e9a-Samsic, 22 ans)<\/h2>\n<p style=\"text-align: justify;\">Cette saison, <strong>K\u00e9vin Vauquelin<\/strong> l&rsquo;a d\u00e9but\u00e9e \u00e0 l&rsquo;image de sa fin de saison derni\u00e8re lorsqu&rsquo;il terminait deuxi\u00e8me du <strong>Tour du Poitou-Charentes<\/strong> et du <strong>Tour du Luxembourg<\/strong>. Ainsi, il a abord\u00e9 2023 par une quatri\u00e8me place au classement g\u00e9n\u00e9ral de <strong>l&rsquo;\u00c9toile de Bess\u00e8ges<\/strong> devant des noms qui auront marqu\u00e9 de leur empreinte la saison \u00e0 l&rsquo;image d&rsquo;<strong>Arnaud De Lie<\/strong> ou encore <strong>Krists Neilands<\/strong>. Profitant de cette belle forme, t\u00f4t dans la saison, <strong>Vauquelin<\/strong> a remport\u00e9 le <strong>Tour des Alpes Maritime et du Var<\/strong> en s&rsquo;adjugeant une victoire d&rsquo;\u00e9tape et trois podiums en trois \u00e9tapes. L\u00e0 encore, il peut se vanter d&rsquo;avoir devanc\u00e9 des coureurs tels que <strong>Mattias Skjelmose<\/strong>, <strong>Felix Gall<\/strong>, <strong>David Gaudu<\/strong> ou encore <strong>Romain Bardet<\/strong>.<\/p>\n<p style=\"text-align: justify;\">Sur les \u00e9preuves World Tour, le Normand a encore un cap \u00e0 franchir, n&rsquo;ayant pas fait mieux que 18\u00e8me sur <strong>Paris-Nice<\/strong> (en finissant notamment cinqui\u00e8me, aux c\u00f4t\u00e9s de <strong>Vingegaard<\/strong> sur l&rsquo;\u00e9tape de La Loge des Gardes). Autrement, il a achev\u00e9 son <strong>Tour de Pologne<\/strong> \u00e0 la vingti\u00e8me place et a abandonn\u00e9 le <strong>Tour de Romandie<\/strong>, <strong>la Vuelta<\/strong>, malade, et le <strong>Tour de Lombardie<\/strong>. Souvent pris de malchance par des chutes (sur <strong>Paris-Nice<\/strong> ou sur le <strong>R\u00e9gion Pays de Loire Tour<\/strong>), il abordera la saison 2024 dans la peau du tenant du titre du <strong>Tour des Alpes-Maritimes et du Var<\/strong>, mais \u00e9galement du <strong>Tour du Jura<\/strong>, qu&rsquo;il a remport\u00e9 devant <strong>Thibaut Pinot<\/strong> et <strong>Guillaume Martin<\/strong>. Apr\u00e8s de belles performances sur des courses de l&rsquo;UCI Europe Tour, on attend d\u00e9sormais une confirmation sur le World Tour.<\/p>\n<ul>\n<li style=\"text-align: justify;\"><strong>\u00c0 lire aussi \u2013\u00a0<a href=\"https:\/\/dicodusport.fr\/blog\/mercato-cyclisme-2023-2024-tableau-des-transferts\/\">Le tableau des transferts pour la saison 2024<\/a><\/strong><\/li>\n<\/ul>\n<h2>Paul Penho\u00ebt (Groupama-FDJ, 21 ans)<\/h2>\n<p style=\"text-align: justify;\">Apr\u00e8s avoir d\u00e9couvert ponctuellement l&rsquo;\u00e9quipe premi\u00e8re l&rsquo;an dernier, <strong>Paul Penho\u00ebt<\/strong> a, comme <strong>Martinez<\/strong> et <strong>Gr\u00e9goire<\/strong>, int\u00e9gr\u00e9 la <strong>Groupama-FDJ<\/strong> \u00e0 temps complet depuis le d\u00e9but de l&rsquo;ann\u00e9e. Depuis le mois de mai, il compte huit podiums dont deux victoires (<strong>Tour du Finist\u00e8re<\/strong> et une \u00e9tape du <strong>Tour du Poitou-Charentes<\/strong>). Cette r\u00e9gularit\u00e9 lui a permis de remporter la <strong>Coupe de France de cyclisme<\/strong> devant le Belge <strong>Arnaud De Lie<\/strong>.<\/p>\n<p style=\"text-align: justify;\">Encore tendre en World Tour malgr\u00e9 quelques accessits comme une quatri\u00e8me et une cinqui\u00e8me places sur le <strong>Tour Down Under<\/strong> et le <strong>Tour de Pologne<\/strong>, le Francilien a tout pour d\u00e9coller la saison prochaine dans une formation qui a perdu son sprinteur providentiel, <strong>Arnaud D\u00e9mare<\/strong>, au cours de la saison. Il devrait disputer son premier Grand Tour et \u00eatre l&rsquo;homme fort des sprints dans une \u00e9quipe qui compte certes des coureurs rapides (<strong>Laurence Pithie, Lewis Askey<\/strong>, <strong>Fabian Lienhard <\/strong>et la recrue <strong>Matthew Walls<\/strong>) mais qui, en plus de <strong>D\u00e9mare<\/strong>, a perdu <strong>Jake Stewart<\/strong> et <strong>Bram Welten<\/strong>, ses principales cartes en cas d&rsquo;arriv\u00e9e massive.<\/p>\n<h2 style=\"text-align: justify;\">Sandy Dujardin (TotalEnergies, 26 ans)<\/h2>\n<p style=\"text-align: justify;\">Tr\u00e8s en vue lors du dernier <strong>Championnat d&rsquo;Europe<\/strong> tenu aux Pays-Bas (22\u00e8me apr\u00e8s un souci m\u00e9canique dans la butte finale), <strong>Sandy Dujardin<\/strong> a montr\u00e9 de belles capacit\u00e9s de r\u00e9sistance en accompagnant les meilleurs jusqu&rsquo;au bout. Son travail toute la journ\u00e9e a jou\u00e9 un r\u00f4le primordial dans la construction de la victoire de <strong>Christophe Laporte<\/strong>. Tr\u00e8s en jambes en cette fin de saison, le natif de Mont-Saint-Aignan a encha\u00een\u00e9, la semaine d&rsquo;apr\u00e8s, par une troisi\u00e8me place sur le <strong>Tour de Vend\u00e9e<\/strong>.<\/p>\n<p style=\"text-align: justify;\">Sa seule victoire professionnelle remonte au <strong>Tour du Rwanda 2022<\/strong>, devant <strong>Axel Laurance<\/strong> justement. \u00c0 l&rsquo;image de sa troisi\u00e8me place en Vend\u00e9e, il a plusieurs fois tourn\u00e9 autour cette saison, notamment sur la <strong>Route d&rsquo;Occitanie<\/strong> (2\u00e8me de la premi\u00e8re \u00e9tape) ou au <strong>Tour du Finist\u00e8re<\/strong> (2\u00e8me \u00e9galement). Au niveau World Tour, la marche est encore un peu haute (10\u00e8me de la <strong>Bretagne Classic<\/strong> comme meilleur r\u00e9sultat) mais sa fin de saison pourrait lui offrir quelques belles opportunit\u00e9s sur des courses \u00e0 \u00e9tapes particuli\u00e8rement, l&rsquo;an prochain.<\/p>\n<blockquote class=\"twitter-tweet\">\n<p dir=\"ltr\" lang=\"fr\">Sandy Dujardin repr\u00e9sentera l\u2019Equipe de France aux prochains Championnats d\u2019Europe ! \ud83c\uddeb\ud83c\uddf7 Une s\u00e9lection amplement m\u00e9rit\u00e9e \u270a <a href=\"https:\/\/t.co\/H9iFZ5GH3h\">https:\/\/t.co\/H9iFZ5GH3h<\/a> <a href=\"https:\/\/t.co\/24Vr1GUkJ2\">pic.twitter.com\/24Vr1GUkJ2<\/a><\/p>\n<p>\u2014 Team TotalEnergies (@TeamTotalEnrg) <a href=\"https:\/\/twitter.com\/TeamTotalEnrg\/status\/1703747571091427504?ref_src=twsrc%5Etfw\">September 18, 2023<\/a><\/p><\/blockquote>\n<p><script async src=\"https:\/\/platform.twitter.com\/widgets.js\" charset=\"utf-8\"><\/script><\/p>\n<h2 style=\"text-align: justify;\">Alexy Faure Prost (Circus &#8211; ReUz &#8211; Technord, 19 ans)<\/h2>\n<p style=\"text-align: justify;\">S&rsquo;il ne conna\u00eet pas encore le niveau World Tour du fait de son contrat au sein de l&rsquo;\u00e9quipe de d\u00e9veloppement d&rsquo;<strong>Intermarch\u00e9-Circus-Wanty<\/strong>, <strong>Alexy Faure Prost<\/strong> a \u00e9clabouss\u00e9 de son talent les courses de niveau inf\u00e9rieur (U23 notamment). Il compte ainsi trois victoires dont le titre de <strong>champion de France espoirs<\/strong>\u00a0ainsi que le maillot blanc de meilleur jeune sur le <strong>Tour de la Vall\u00e9e d&rsquo;Aoste <\/strong>et le<strong> Giro Next Gen<\/strong> (Tour d&rsquo;Italie espoirs), deux courses r\u00e9serv\u00e9es&#8230; aux jeunes justement !<\/p>\n<p style=\"text-align: justify;\">Ayant int\u00e9gr\u00e9 l&rsquo;\u00e9quipe premi\u00e8re le temps de quelques courses \u00e0 l&rsquo;image de la <strong>Mercan&rsquo;Tour Classic<\/strong> ou du <strong>Tour de l&rsquo;Ain<\/strong>, conclu \u00e0 la troisi\u00e8me place au classement du maillot blanc, le Fran\u00e7ais aura davantage d&rsquo;occasions de se montrer l&rsquo;an prochain. Toutefois, encore li\u00e9 \u00e0 la m\u00eame \u00e9quipe, il ne pourra pas disputer d&rsquo;\u00e9preuves World Tour puisque son entr\u00e9e au sein du peloton professionnel n&rsquo;interviendra qu&rsquo;en 2025. \u00c0 l&rsquo;image de <strong>Romain Gr\u00e9goire<\/strong>, <strong>Lenny Martinez<\/strong>, <strong>Paul Penho\u00ebt<\/strong> ou encore <strong>Eddy Le Huitouze<\/strong>, <strong>Alexy Faure Prost<\/strong> fait partie du vivier de tr\u00e8s jeunes coureurs que l&rsquo;on devrait retrouver tout au long de la d\u00e9cennie en cours.<\/p>\n<blockquote class=\"twitter-tweet\">\n<p dir=\"ltr\" lang=\"fr\">Alexy Faure-Prost (19 ans) est champion de France Espoirs ! Avec le maillot de la Bourgogne-Franche Comt\u00e9 mais dans le giron Intermarch\u00e9-Circus via l&rsquo;\u00e9quipe conti, il a attaqu\u00e9 \u00e0 l&rsquo;approche du dernier tour pour finir en solitaire. Maximilien Juillard 2e et Axel Huens 3e. <a href=\"https:\/\/t.co\/4tDjQbvOjc\">pic.twitter.com\/4tDjQbvOjc<\/a><\/p>\n<p>\u2014 Le Gruppetto (@LeGruppetto) <a href=\"https:\/\/twitter.com\/LeGruppetto\/status\/1687848332532592640?ref_src=twsrc%5Etfw\">August 5, 2023<\/a><\/p><\/blockquote>\n<p><script async src=\"https:\/\/platform.twitter.com\/widgets.js\" charset=\"utf-8\"><\/script><\/p>\n<h2>Ils auraient pu \u00eatre cit\u00e9s&#8230;<\/h2>\n<p style=\"text-align: justify;\">\u00ab Choisir, c&rsquo;est renoncer \u00bb, disait Andr\u00e9 Gide. D&rsquo;autres cyclistes auraient pu faire l&rsquo;objet de quelques lignes dans cette liste. On pense notamment \u00e0 <strong>Cl\u00e9ment Berthet<\/strong> (<strong>AG2R Citro\u00ebn Team<\/strong>, 26 ans), impressionnant sur la neuvi\u00e8me \u00e9tape du <strong>Tour de France<\/strong> et deuxi\u00e8me Fran\u00e7ais sur le <strong>Tour de Lombardie<\/strong> (16\u00e8me), <strong>Ewen Costiou<\/strong> (<strong>Team Ark\u00e9a-Samsic<\/strong>, 20 ans), <strong>Jordan Jegat<\/strong> (24 ans), auteur d&rsquo;une saison solide au sein du <strong>Team U Nantes Atlantique<\/strong> ce qui lui permettra d&rsquo;\u00e9voluer la saison prochaine chez <strong>TotalEnergies<\/strong> ou encore <strong>Valentin Ferron<\/strong> et <strong>Axel Zingle<\/strong> m\u00eame s&rsquo;il est difficile de parler de r\u00e9v\u00e9lation dans leur cas. On n&rsquo;oubliera pas non plus <strong>Paul Magnier<\/strong> (Trinity Racing), 19 ans seulement, qui a d\u00e9j\u00e0 montr\u00e9 quelques jolies choses sur des courses professionnelles, comme sur le <strong>Tour du Limousin<\/strong>.<\/p>\n","protected":false},"excerpt":{"rendered":"<p>CYCLISME SUR ROUTE 2023 &#8211; Alors que la saison touche \u00e0 sa fin, la r\u00e9daction de Dicodusport vous propose un tour d&rsquo;horizon des r\u00e9v\u00e9lations tricolores de l&rsquo;ann\u00e9e et qu&rsquo;il faudra suivre la saison prochaine.<\/p>\n","protected":false},"author":91,"featured_media":428363,"comment_status":"open","ping_status":"closed","sticky":false,"template":"","format":"standard","meta":{"_acf_changed":false,"_daextam_enable_autolinks":"1","footnotes":""},"categories":[46994],"tags":[16878,574,3118,11197,24],"class_list":["post-428230","post","type-post","status-publish","format-standard","has-post-thumbnail","hentry","category-cyclisme-sur-route","tag-breve","tag-cyclisme","tag-cyclisme-francais","tag-cyclisme-sur-route","tag-sport"],"acf":[],"yoast_head":"<!-- This site is optimized with the Yoast SEO Premium plugin v26.7 (Yoast SEO v26.7) - https:\/\/yoast.com\/wordpress\/plugins\/seo\/ -->\n<title>Cyclisme sur route : Nos 6 r\u00e9v\u00e9lations fran\u00e7aises de la saison 2023<\/title>\n<meta name=\"description\" content=\"Cyclisme sur route 2023 : alors que la saison 2023 touche \u00e0 sa fin, tour d&#039;horizon sur les r\u00e9v\u00e9lations fran\u00e7aises de l&#039;ann\u00e9e.\" \/>\n<meta name=\"robots\" content=\"index, follow, max-snippet:-1, max-image-preview:large, max-video-preview:-1\" \/>\n<link rel=\"canonical\" href=\"https:\/\/dicodusport.fr\/blog\/cyclisme-sur-route-nos-6-revelations-francaises-de-la-saison-2023\/\" \/>\n<meta property=\"og:locale\" content=\"fr_FR\" \/>\n<meta property=\"og:type\" content=\"article\" \/>\n<meta property=\"og:title\" content=\"Cyclisme sur route : Nos 6 r\u00e9v\u00e9lations fran\u00e7aises de la saison 2023\" \/>\n<meta property=\"og:description\" content=\"Cyclisme sur route 2023 : alors que la saison 2023 touche \u00e0 sa fin, tour d&#039;horizon sur les r\u00e9v\u00e9lations fran\u00e7aises de l&#039;ann\u00e9e.\" \/>\n<meta property=\"og:url\" content=\"https:\/\/dicodusport.fr\/blog\/cyclisme-sur-route-nos-6-revelations-francaises-de-la-saison-2023\/\" \/>\n<meta property=\"og:site_name\" content=\"Dicodusport\" \/>\n<meta property=\"article:publisher\" content=\"https:\/\/www.facebook.com\/dicodusport\" \/>\n<meta property=\"article:published_time\" content=\"2023-10-11T10:34:05+00:00\" \/>\n<meta property=\"article:modified_time\" content=\"2023-10-14T13:29:59+00:00\" \/>\n<meta property=\"og:image\" content=\"https:\/\/dicodusport.fr\/blog\/wp-content\/uploads\/2023\/10\/Cyclisme-sur-route-Nos-6-revelations-francaises-de-la-saison-2023.png\" \/>\n\t<meta property=\"og:image:width\" content=\"800\" \/>\n\t<meta property=\"og:image:height\" content=\"445\" \/>\n\t<meta property=\"og:image:type\" content=\"image\/png\" \/>\n<meta name=\"author\" content=\"Victor Clot-Amiot\" \/>\n<meta name=\"twitter:card\" content=\"summary_large_image\" \/>\n<meta name=\"twitter:title\" content=\"Cyclisme sur route : Nos 6 r\u00e9v\u00e9lations fran\u00e7aises de la saison 2023\" \/>\n<meta name=\"twitter:creator\" content=\"@https:\/\/x.com\/VictorClotAmiot\" \/>\n<meta name=\"twitter:site\" content=\"@dicodusport\" \/>\n<script type=\"application\/ld+json\" class=\"yoast-schema-graph\">{\"@context\":\"https:\/\/schema.org\",\"@graph\":[{\"@type\":\"NewsArticle\",\"@id\":\"https:\/\/dicodusport.fr\/blog\/cyclisme-sur-route-nos-6-revelations-francaises-de-la-saison-2023\/#article\",\"isPartOf\":{\"@id\":\"https:\/\/dicodusport.fr\/blog\/cyclisme-sur-route-nos-6-revelations-francaises-de-la-saison-2023\/\"},\"author\":{\"name\":\"Victor Clot-Amiot\",\"@id\":\"https:\/\/dicodusport.fr\/blog\/#\/schema\/person\/b623199cba9ba90fe84a3d16e9282360\"},\"headline\":\"Cyclisme sur route : Nos 6 r\u00e9v\u00e9lations fran\u00e7aises de la saison 2023\",\"datePublished\":\"2023-10-11T10:34:05+00:00\",\"dateModified\":\"2023-10-14T13:29:59+00:00\",\"mainEntityOfPage\":{\"@id\":\"https:\/\/dicodusport.fr\/blog\/cyclisme-sur-route-nos-6-revelations-francaises-de-la-saison-2023\/\"},\"wordCount\":1918,\"commentCount\":1,\"publisher\":{\"@id\":\"https:\/\/dicodusport.fr\/blog\/#organization\"},\"image\":{\"@id\":\"https:\/\/dicodusport.fr\/blog\/cyclisme-sur-route-nos-6-revelations-francaises-de-la-saison-2023\/#primaryimage\"},\"thumbnailUrl\":\"https:\/\/dicodusport.fr\/blog\/wp-content\/uploads\/2023\/10\/Cyclisme-sur-route-Nos-6-revelations-francaises-de-la-saison-2023.png\",\"keywords\":[\"br\u00e8ve\",\"Cyclisme\",\"cyclisme fran\u00e7ais\",\"Cyclisme sur route\",\"sport\"],\"articleSection\":[\"Cyclisme sur route\"],\"inLanguage\":\"fr-FR\",\"potentialAction\":[{\"@type\":\"CommentAction\",\"name\":\"Comment\",\"target\":[\"https:\/\/dicodusport.fr\/blog\/cyclisme-sur-route-nos-6-revelations-francaises-de-la-saison-2023\/#respond\"]}],\"copyrightYear\":\"2023\",\"copyrightHolder\":{\"@id\":\"https:\/\/dicodusport.fr\/blog\/#organization\"}},{\"@type\":\"WebPage\",\"@id\":\"https:\/\/dicodusport.fr\/blog\/cyclisme-sur-route-nos-6-revelations-francaises-de-la-saison-2023\/\",\"url\":\"https:\/\/dicodusport.fr\/blog\/cyclisme-sur-route-nos-6-revelations-francaises-de-la-saison-2023\/\",\"name\":\"Cyclisme sur route : Nos 6 r\u00e9v\u00e9lations fran\u00e7aises de la saison 2023\",\"isPartOf\":{\"@id\":\"https:\/\/dicodusport.fr\/blog\/#website\"},\"primaryImageOfPage\":{\"@id\":\"https:\/\/dicodusport.fr\/blog\/cyclisme-sur-route-nos-6-revelations-francaises-de-la-saison-2023\/#primaryimage\"},\"image\":{\"@id\":\"https:\/\/dicodusport.fr\/blog\/cyclisme-sur-route-nos-6-revelations-francaises-de-la-saison-2023\/#primaryimage\"},\"thumbnailUrl\":\"https:\/\/dicodusport.fr\/blog\/wp-content\/uploads\/2023\/10\/Cyclisme-sur-route-Nos-6-revelations-francaises-de-la-saison-2023.png\",\"datePublished\":\"2023-10-11T10:34:05+00:00\",\"dateModified\":\"2023-10-14T13:29:59+00:00\",\"description\":\"Cyclisme sur route 2023 : alors que la saison 2023 touche \u00e0 sa fin, tour d'horizon sur les r\u00e9v\u00e9lations fran\u00e7aises de l'ann\u00e9e.\",\"breadcrumb\":{\"@id\":\"https:\/\/dicodusport.fr\/blog\/cyclisme-sur-route-nos-6-revelations-francaises-de-la-saison-2023\/#breadcrumb\"},\"inLanguage\":\"fr-FR\",\"potentialAction\":[{\"@type\":\"ReadAction\",\"target\":[\"https:\/\/dicodusport.fr\/blog\/cyclisme-sur-route-nos-6-revelations-francaises-de-la-saison-2023\/\"]}]},{\"@type\":\"ImageObject\",\"inLanguage\":\"fr-FR\",\"@id\":\"https:\/\/dicodusport.fr\/blog\/cyclisme-sur-route-nos-6-revelations-francaises-de-la-saison-2023\/#primaryimage\",\"url\":\"https:\/\/dicodusport.fr\/blog\/wp-content\/uploads\/2023\/10\/Cyclisme-sur-route-Nos-6-revelations-francaises-de-la-saison-2023.png\",\"contentUrl\":\"https:\/\/dicodusport.fr\/blog\/wp-content\/uploads\/2023\/10\/Cyclisme-sur-route-Nos-6-revelations-francaises-de-la-saison-2023.png\",\"width\":800,\"height\":445,\"caption\":\"Cyclisme sur route Nos 6 r\u00e9v\u00e9lations fran\u00e7aises de la saison 2023\"},{\"@type\":\"BreadcrumbList\",\"@id\":\"https:\/\/dicodusport.fr\/blog\/cyclisme-sur-route-nos-6-revelations-francaises-de-la-saison-2023\/#breadcrumb\",\"itemListElement\":[{\"@type\":\"ListItem\",\"position\":1,\"name\":\"Accueil\",\"item\":\"https:\/\/dicodusport.fr\/blog\/\"},{\"@type\":\"ListItem\",\"position\":2,\"name\":\"Cyclisme sur route : Nos 6 r\u00e9v\u00e9lations fran\u00e7aises de la saison 2023\"}]},{\"@type\":\"WebSite\",\"@id\":\"https:\/\/dicodusport.fr\/blog\/#website\",\"url\":\"https:\/\/dicodusport.fr\/blog\/\",\"name\":\"Dicodusport\",\"description\":\"L&#039;encyclop\u00e9die de l&#039;actualit\u00e9 sportive\",\"publisher\":{\"@id\":\"https:\/\/dicodusport.fr\/blog\/#organization\"},\"potentialAction\":[{\"@type\":\"SearchAction\",\"target\":{\"@type\":\"EntryPoint\",\"urlTemplate\":\"https:\/\/dicodusport.fr\/blog\/?s={search_term_string}\"},\"query-input\":{\"@type\":\"PropertyValueSpecification\",\"valueRequired\":true,\"valueName\":\"search_term_string\"}}],\"inLanguage\":\"fr-FR\"},{\"@type\":\"NewsMediaOrganization\",\"@id\":\"https:\/\/dicodusport.fr\/blog\/#organization\",\"name\":\"Dicodusport\",\"url\":\"https:\/\/dicodusport.fr\/blog\/\",\"logo\":{\"@type\":\"ImageObject\",\"inLanguage\":\"fr-FR\",\"@id\":\"https:\/\/dicodusport.fr\/blog\/#\/schema\/logo\/image\/\",\"url\":\"https:\/\/dicodusport.fr\/blog\/wp-content\/uploads\/2020\/06\/cropped-LOGO-DICODUSPORT-2020-SANS-FOND-SANS-TEXTE.png\",\"contentUrl\":\"https:\/\/dicodusport.fr\/blog\/wp-content\/uploads\/2020\/06\/cropped-LOGO-DICODUSPORT-2020-SANS-FOND-SANS-TEXTE.png\",\"width\":512,\"height\":512,\"caption\":\"Dicodusport\"},\"image\":{\"@id\":\"https:\/\/dicodusport.fr\/blog\/#\/schema\/logo\/image\/\"},\"sameAs\":[\"https:\/\/www.facebook.com\/dicodusport\",\"https:\/\/x.com\/dicodusport\",\"https:\/\/www.instagram.com\/dicodusport\/\",\"https:\/\/www.youtube.com\/channel\/UC7V2KZ5sd3htJivAbA4ZG3w\"],\"description\":\"Dicodusport est l'encyclop\u00e9die de l'actualit\u00e9 sportive.\",\"email\":\"bonjour@dicodusport.fr\",\"legalName\":\"DICODUSPORT\",\"foundingDate\":\"2018-01-14\",\"vatID\":\"FR71834470973\",\"taxID\":\"83447097300043\",\"numberOfEmployees\":{\"@type\":\"QuantitativeValue\",\"minValue\":\"1\",\"maxValue\":\"10\"}},{\"@type\":\"Person\",\"@id\":\"https:\/\/dicodusport.fr\/blog\/#\/schema\/person\/b623199cba9ba90fe84a3d16e9282360\",\"name\":\"Victor Clot-Amiot\",\"image\":{\"@type\":\"ImageObject\",\"inLanguage\":\"fr-FR\",\"@id\":\"https:\/\/dicodusport.fr\/blog\/#\/schema\/person\/image\/\",\"url\":\"https:\/\/dicodusport.fr\/blog\/wp-content\/uploads\/2023\/09\/IMG_20190826_114722-150x150.jpg\",\"contentUrl\":\"https:\/\/dicodusport.fr\/blog\/wp-content\/uploads\/2023\/09\/IMG_20190826_114722-150x150.jpg\",\"caption\":\"Victor Clot-Amiot\"},\"description\":\"Passionn\u00e9 de sport depuis toujours, un jour \u00e0 l'adolescence mes parents m'ont dit : \\\"quitte \u00e0 passer ton temps \u00e0 regarder du sport, au moins va le voir en vrai\\\" ! Depuis, cette remarque ne m'a plus quitt\u00e9 et je passe une grande partie de mon temps libre \u00e0 assister \u00e0 des comp\u00e9titions de tous sports. Je m\u00eale d'ailleurs mes deux passions, le sport et les voyages afin de faire une pierre deux coups ! Outre l'US Open ou l'Euro 2021 par exemple, j'ai assist\u00e9 cet \u00e9t\u00e9 aux Mondiaux d'athl\u00e9tisme \u00e0 Budapest. Mon plus gros coup dur est et restera les JO 2020-2021 pour lesquels j'avais r\u00e9serv\u00e9 17 \u00e9preuves. La suite, vous la connaissez...\",\"sameAs\":[\"https:\/\/x.com\/https:\/\/x.com\/VictorClotAmiot\"],\"url\":\"https:\/\/dicodusport.fr\/blog\/author\/victor-clot-amiot\/\"}]}<\/script>\n<!-- \/ Yoast SEO Premium plugin. -->","yoast_head_json":{"title":"Cyclisme sur route : Nos 6 r\u00e9v\u00e9lations fran\u00e7aises de la saison 2023","description":"Cyclisme sur route 2023 : alors que la saison 2023 touche \u00e0 sa fin, tour d'horizon sur les r\u00e9v\u00e9lations fran\u00e7aises de l'ann\u00e9e.","robots":{"index":"index","follow":"follow","max-snippet":"max-snippet:-1","max-image-preview":"max-image-preview:large","max-video-preview":"max-video-preview:-1"},"canonical":"https:\/\/dicodusport.fr\/blog\/cyclisme-sur-route-nos-6-revelations-francaises-de-la-saison-2023\/","og_locale":"fr_FR","og_type":"article","og_title":"Cyclisme sur route : Nos 6 r\u00e9v\u00e9lations fran\u00e7aises de la saison 2023","og_description":"Cyclisme sur route 2023 : alors que la saison 2023 touche \u00e0 sa fin, tour d'horizon sur les r\u00e9v\u00e9lations fran\u00e7aises de l'ann\u00e9e.","og_url":"https:\/\/dicodusport.fr\/blog\/cyclisme-sur-route-nos-6-revelations-francaises-de-la-saison-2023\/","og_site_name":"Dicodusport","article_publisher":"https:\/\/www.facebook.com\/dicodusport","article_published_time":"2023-10-11T10:34:05+00:00","article_modified_time":"2023-10-14T13:29:59+00:00","og_image":[{"width":800,"height":445,"url":"https:\/\/dicodusport.fr\/blog\/wp-content\/uploads\/2023\/10\/Cyclisme-sur-route-Nos-6-revelations-francaises-de-la-saison-2023.png","type":"image\/png"}],"author":"Victor Clot-Amiot","twitter_card":"summary_large_image","twitter_title":"Cyclisme sur route : Nos 6 r\u00e9v\u00e9lations fran\u00e7aises de la saison 2023","twitter_creator":"@https:\/\/x.com\/VictorClotAmiot","twitter_site":"@dicodusport","schema":{"@context":"https:\/\/schema.org","@graph":[{"@type":"NewsArticle","@id":"https:\/\/dicodusport.fr\/blog\/cyclisme-sur-route-nos-6-revelations-francaises-de-la-saison-2023\/#article","isPartOf":{"@id":"https:\/\/dicodusport.fr\/blog\/cyclisme-sur-route-nos-6-revelations-francaises-de-la-saison-2023\/"},"author":{"name":"Victor Clot-Amiot","@id":"https:\/\/dicodusport.fr\/blog\/#\/schema\/person\/b623199cba9ba90fe84a3d16e9282360"},"headline":"Cyclisme sur route : Nos 6 r\u00e9v\u00e9lations fran\u00e7aises de la saison 2023","datePublished":"2023-10-11T10:34:05+00:00","dateModified":"2023-10-14T13:29:59+00:00","mainEntityOfPage":{"@id":"https:\/\/dicodusport.fr\/blog\/cyclisme-sur-route-nos-6-revelations-francaises-de-la-saison-2023\/"},"wordCount":1918,"commentCount":1,"publisher":{"@id":"https:\/\/dicodusport.fr\/blog\/#organization"},"image":{"@id":"https:\/\/dicodusport.fr\/blog\/cyclisme-sur-route-nos-6-revelations-francaises-de-la-saison-2023\/#primaryimage"},"thumbnailUrl":"https:\/\/dicodusport.fr\/blog\/wp-content\/uploads\/2023\/10\/Cyclisme-sur-route-Nos-6-revelations-francaises-de-la-saison-2023.png","keywords":["br\u00e8ve","Cyclisme","cyclisme fran\u00e7ais","Cyclisme sur route","sport"],"articleSection":["Cyclisme sur route"],"inLanguage":"fr-FR","potentialAction":[{"@type":"CommentAction","name":"Comment","target":["https:\/\/dicodusport.fr\/blog\/cyclisme-sur-route-nos-6-revelations-francaises-de-la-saison-2023\/#respond"]}],"copyrightYear":"2023","copyrightHolder":{"@id":"https:\/\/dicodusport.fr\/blog\/#organization"}},{"@type":"WebPage","@id":"https:\/\/dicodusport.fr\/blog\/cyclisme-sur-route-nos-6-revelations-francaises-de-la-saison-2023\/","url":"https:\/\/dicodusport.fr\/blog\/cyclisme-sur-route-nos-6-revelations-francaises-de-la-saison-2023\/","name":"Cyclisme sur route : Nos 6 r\u00e9v\u00e9lations fran\u00e7aises de la saison 2023","isPartOf":{"@id":"https:\/\/dicodusport.fr\/blog\/#website"},"primaryImageOfPage":{"@id":"https:\/\/dicodusport.fr\/blog\/cyclisme-sur-route-nos-6-revelations-francaises-de-la-saison-2023\/#primaryimage"},"image":{"@id":"https:\/\/dicodusport.fr\/blog\/cyclisme-sur-route-nos-6-revelations-francaises-de-la-saison-2023\/#primaryimage"},"thumbnailUrl":"https:\/\/dicodusport.fr\/blog\/wp-content\/uploads\/2023\/10\/Cyclisme-sur-route-Nos-6-revelations-francaises-de-la-saison-2023.png","datePublished":"2023-10-11T10:34:05+00:00","dateModified":"2023-10-14T13:29:59+00:00","description":"Cyclisme sur route 2023 : alors que la saison 2023 touche \u00e0 sa fin, tour d'horizon sur les r\u00e9v\u00e9lations fran\u00e7aises de l'ann\u00e9e.","breadcrumb":{"@id":"https:\/\/dicodusport.fr\/blog\/cyclisme-sur-route-nos-6-revelations-francaises-de-la-saison-2023\/#breadcrumb"},"inLanguage":"fr-FR","potentialAction":[{"@type":"ReadAction","target":["https:\/\/dicodusport.fr\/blog\/cyclisme-sur-route-nos-6-revelations-francaises-de-la-saison-2023\/"]}]},{"@type":"ImageObject","inLanguage":"fr-FR","@id":"https:\/\/dicodusport.fr\/blog\/cyclisme-sur-route-nos-6-revelations-francaises-de-la-saison-2023\/#primaryimage","url":"https:\/\/dicodusport.fr\/blog\/wp-content\/uploads\/2023\/10\/Cyclisme-sur-route-Nos-6-revelations-francaises-de-la-saison-2023.png","contentUrl":"https:\/\/dicodusport.fr\/blog\/wp-content\/uploads\/2023\/10\/Cyclisme-sur-route-Nos-6-revelations-francaises-de-la-saison-2023.png","width":800,"height":445,"caption":"Cyclisme sur route Nos 6 r\u00e9v\u00e9lations fran\u00e7aises de la saison 2023"},{"@type":"BreadcrumbList","@id":"https:\/\/dicodusport.fr\/blog\/cyclisme-sur-route-nos-6-revelations-francaises-de-la-saison-2023\/#breadcrumb","itemListElement":[{"@type":"ListItem","position":1,"name":"Accueil","item":"https:\/\/dicodusport.fr\/blog\/"},{"@type":"ListItem","position":2,"name":"Cyclisme sur route : Nos 6 r\u00e9v\u00e9lations fran\u00e7aises de la saison 2023"}]},{"@type":"WebSite","@id":"https:\/\/dicodusport.fr\/blog\/#website","url":"https:\/\/dicodusport.fr\/blog\/","name":"Dicodusport","description":"L&#039;encyclop\u00e9die de l&#039;actualit\u00e9 sportive","publisher":{"@id":"https:\/\/dicodusport.fr\/blog\/#organization"},"potentialAction":[{"@type":"SearchAction","target":{"@type":"EntryPoint","urlTemplate":"https:\/\/dicodusport.fr\/blog\/?s={search_term_string}"},"query-input":{"@type":"PropertyValueSpecification","valueRequired":true,"valueName":"search_term_string"}}],"inLanguage":"fr-FR"},{"@type":"NewsMediaOrganization","@id":"https:\/\/dicodusport.fr\/blog\/#organization","name":"Dicodusport","url":"https:\/\/dicodusport.fr\/blog\/","logo":{"@type":"ImageObject","inLanguage":"fr-FR","@id":"https:\/\/dicodusport.fr\/blog\/#\/schema\/logo\/image\/","url":"https:\/\/dicodusport.fr\/blog\/wp-content\/uploads\/2020\/06\/cropped-LOGO-DICODUSPORT-2020-SANS-FOND-SANS-TEXTE.png","contentUrl":"https:\/\/dicodusport.fr\/blog\/wp-content\/uploads\/2020\/06\/cropped-LOGO-DICODUSPORT-2020-SANS-FOND-SANS-TEXTE.png","width":512,"height":512,"caption":"Dicodusport"},"image":{"@id":"https:\/\/dicodusport.fr\/blog\/#\/schema\/logo\/image\/"},"sameAs":["https:\/\/www.facebook.com\/dicodusport","https:\/\/x.com\/dicodusport","https:\/\/www.instagram.com\/dicodusport\/","https:\/\/www.youtube.com\/channel\/UC7V2KZ5sd3htJivAbA4ZG3w"],"description":"Dicodusport est l'encyclop\u00e9die de l'actualit\u00e9 sportive.","email":"bonjour@dicodusport.fr","legalName":"DICODUSPORT","foundingDate":"2018-01-14","vatID":"FR71834470973","taxID":"83447097300043","numberOfEmployees":{"@type":"QuantitativeValue","minValue":"1","maxValue":"10"}},{"@type":"Person","@id":"https:\/\/dicodusport.fr\/blog\/#\/schema\/person\/b623199cba9ba90fe84a3d16e9282360","name":"Victor Clot-Amiot","image":{"@type":"ImageObject","inLanguage":"fr-FR","@id":"https:\/\/dicodusport.fr\/blog\/#\/schema\/person\/image\/","url":"https:\/\/dicodusport.fr\/blog\/wp-content\/uploads\/2023\/09\/IMG_20190826_114722-150x150.jpg","contentUrl":"https:\/\/dicodusport.fr\/blog\/wp-content\/uploads\/2023\/09\/IMG_20190826_114722-150x150.jpg","caption":"Victor Clot-Amiot"},"description":"Passionn\u00e9 de sport depuis toujours, un jour \u00e0 l'adolescence mes parents m'ont dit : \"quitte \u00e0 passer ton temps \u00e0 regarder du sport, au moins va le voir en vrai\" ! Depuis, cette remarque ne m'a plus quitt\u00e9 et je passe une grande partie de mon temps libre \u00e0 assister \u00e0 des comp\u00e9titions de tous sports. Je m\u00eale d'ailleurs mes deux passions, le sport et les voyages afin de faire une pierre deux coups ! Outre l'US Open ou l'Euro 2021 par exemple, j'ai assist\u00e9 cet \u00e9t\u00e9 aux Mondiaux d'athl\u00e9tisme \u00e0 Budapest. Mon plus gros coup dur est et restera les JO 2020-2021 pour lesquels j'avais r\u00e9serv\u00e9 17 \u00e9preuves. La suite, vous la connaissez...","sameAs":["https:\/\/x.com\/https:\/\/x.com\/VictorClotAmiot"],"url":"https:\/\/dicodusport.fr\/blog\/author\/victor-clot-amiot\/"}]}},"_links":{"self":[{"href":"https:\/\/dicodusport.fr\/blog\/wp-json\/wp\/v2\/posts\/428230","targetHints":{"allow":["GET"]}}],"collection":[{"href":"https:\/\/dicodusport.fr\/blog\/wp-json\/wp\/v2\/posts"}],"about":[{"href":"https:\/\/dicodusport.fr\/blog\/wp-json\/wp\/v2\/types\/post"}],"author":[{"embeddable":true,"href":"https:\/\/dicodusport.fr\/blog\/wp-json\/wp\/v2\/users\/91"}],"replies":[{"embeddable":true,"href":"https:\/\/dicodusport.fr\/blog\/wp-json\/wp\/v2\/comments?post=428230"}],"version-history":[{"count":0,"href":"https:\/\/dicodusport.fr\/blog\/wp-json\/wp\/v2\/posts\/428230\/revisions"}],"wp:featuredmedia":[{"embeddable":true,"href":"https:\/\/dicodusport.fr\/blog\/wp-json\/wp\/v2\/media\/428363"}],"wp:attachment":[{"href":"https:\/\/dicodusport.fr\/blog\/wp-json\/wp\/v2\/media?parent=428230"}],"wp:term":[{"taxonomy":"category","embeddable":true,"href":"https:\/\/dicodusport.fr\/blog\/wp-json\/wp\/v2\/categories?post=428230"},{"taxonomy":"post_tag","embeddable":true,"href":"https:\/\/dicodusport.fr\/blog\/wp-json\/wp\/v2\/tags?post=428230"}],"curies":[{"name":"wp","href":"https:\/\/api.w.org\/{rel}","templated":true}]}}