{"id":428244,"date":"2023-10-12T11:15:28","date_gmt":"2023-10-12T09:15:28","guid":{"rendered":"https:\/\/dicodusport.fr\/blog\/?p=428244&#038;preview=true&#038;preview_id=428244"},"modified":"2023-10-12T19:21:22","modified_gmt":"2023-10-12T17:21:22","slug":"tony-gallopin-une-carriere-bien-remplie-pour-une-retraite-discrete","status":"publish","type":"post","link":"https:\/\/dicodusport.fr\/blog\/tony-gallopin-une-carriere-bien-remplie-pour-une-retraite-discrete\/","title":{"rendered":"Tony Gallopin, une carri\u00e8re bien remplie pour une retraite discr\u00e8te"},"content":{"rendered":"<p style=\"text-align: justify;\"><strong><em>CYCLISME SUR ROUTE &#8211; Alors que les yeux des suiveurs \u00e9taient braqu\u00e9s en Lombardie ce week-end, pour les derniers tours de roue de <a href=\"https:\/\/dicodusport.fr\/blog\/thibaut-pinot-la-force-du-sport-ce-nest-pas-la-victoire\/\">Thibaut Pinot<\/a>, un autre cycliste fran\u00e7ais s&rsquo;est retir\u00e9 plus discr\u00e8tement apr\u00e8s Paris-Tours. Retour sur la carri\u00e8re de Tony Gallopin, pilier du cyclisme fran\u00e7ais des ann\u00e9es 2010.<\/em><\/strong><\/p>\n<p style=\"text-align: justify;\">On se souvient tous du Tour de France 2014 de Tony Gallopin. Il porte alors les couleurs de <strong>Lotto-Belisol<\/strong> et, dans un r\u00f4le d&rsquo;\u00e9lectron libre, va animer la premi\u00e8re semaine. Cinqui\u00e8me \u00e0 Sheffield lors de l&rsquo;\u00e9tape 2, puis troisi\u00e8me \u00e0 Nancy, il s&#8217;empare du <strong>maillot jaune<\/strong> \u00e0 Mulhouse.<\/p>\n<h2 style=\"text-align: justify;\">Un Tour 2014 de haute vol\u00e9e&#8230;<\/h2>\n<p style=\"text-align: justify;\">Cette \u00e9tape 9 de moyenne montagne est \u00e9cras\u00e9e par un Tony Martin imp\u00e9rial. Intercal\u00e9 dans un groupe de contre, il ravit le maillot jaune \u00e0 <strong>Vincenzo Nibali<\/strong>. Le Requin de Messine le r\u00e9cup\u00e8rera le lendemain \u00e0 La Planche des Belles Filles.<\/p>\n<p style=\"text-align: justify;\">Et l&rsquo;histoire de <strong>Tony Gallopin<\/strong> sur ce Tour ne s&rsquo;arr\u00eate pas l\u00e0, puisqu&rsquo;il gagne l&rsquo;\u00e9tape 11 entre Besan\u00e7on et Oyonnax. Survolt\u00e9 dans le final, il r\u00e9siste au peloton pour l&#8217;emporter de quelques m\u00e8tres.<\/p>\n<p style=\"text-align: justify;\">Tony Gallopin a donc choisi \u00e0 35 ans de prendre sa <strong>retraite<\/strong> sportive. Apr\u00e8s deux ans \u00e0 la Cofidis, il a couru pour RadioShack, Lotto, Ag2R et de nouveau la Trek.<\/p>\n<blockquote class=\"twitter-tweet\">\n<p dir=\"ltr\" lang=\"fr\">Merci \u2764\ufe0f <a href=\"https:\/\/t.co\/sHyMrWHB4V\">pic.twitter.com\/sHyMrWHB4V<\/a><\/p>\n<p>\u2014 Gallopin Tony (@tonygallopin) <a href=\"https:\/\/twitter.com\/tonygallopin\/status\/1678407585160896514?ref_src=twsrc%5Etfw\">July 10, 2023<\/a><\/p><\/blockquote>\n<p style=\"text-align: justify;\"><script async src=\"https:\/\/platform.twitter.com\/widgets.js\" charset=\"utf-8\"><\/script><\/p>\n<p style=\"text-align: justify;\">Issu d&rsquo;une famille de cyclistes, \u00e0 l&rsquo;instar de son p\u00e8re Jo\u00ebl et bien s\u00fbr de son oncle Alain, devenu Directeur Sportif, il ne s&rsquo;est pas content\u00e9 de briller sur le Tour 2014.<\/p>\n<h2 style=\"text-align: justify;\">&#8230; et un palmar\u00e8s tr\u00e8s riche !<\/h2>\n<p style=\"text-align: justify;\">Le natif de l&rsquo;Essonne a notamment remport\u00e9 la <strong>Clasica San Sebastian<\/strong> en 2013, sans doute son plus beau succ\u00e8s. Il gagne en solitaire et devance Valverde et Kreuziger. Ce sera sa course de pr\u00e9dilection o\u00f9 il terminera \u00e9galement deux fois deuxi\u00e8me, en 2016 et 2017. Gallopin aime d\u00e9cid\u00e9ment bien l&rsquo;Espagne, en remportant, en solitaire, la 7e \u00e9tape de la <strong>Vuelta<\/strong> 2018, sa derni\u00e8re grande victoire.<\/p>\n<p style=\"text-align: justify;\"><strong>Tony Gallopin<\/strong>, un coureur qui n&rsquo;a jamais vraiment pris la lumi\u00e8re et dont on a plus parl\u00e9 pour de l&rsquo;extra-sportif que pour sa carri\u00e8re. Un tort puisque le Fran\u00e7ais compte 12 victoires et 9 ann\u00e9es cons\u00e9cutives dans le top 100 UCI entre 2011 et 2018. Il est certainement un des cinq plus grands cyclistes fran\u00e7ais de la d\u00e9cennie 2010.<\/p>\n","protected":false},"excerpt":{"rendered":"<p>CYCLISME SUR ROUTE &#8211; Alors que les yeux des suiveurs \u00e9taient braqu\u00e9s en Lombardie ce week-end, pour les derniers tours de roue de Thibaut Pinot, un autre cycliste fran\u00e7ais s&rsquo;est retir\u00e9 plus discr\u00e8tement apr\u00e8s Paris-Tours. Retour sur la carri\u00e8re de Tony Gallopin, pilier du cyclisme fran\u00e7ais des ann\u00e9es 2010.<\/p>\n","protected":false},"author":92,"featured_media":428642,"comment_status":"open","ping_status":"closed","sticky":false,"template":"","format":"standard","meta":{"_acf_changed":false,"_daextam_enable_autolinks":"1","footnotes":""},"categories":[2307],"tags":[16878,5675,3043,2834],"class_list":["post-428244","post","type-post","status-publish","format-standard","has-post-thumbnail","hentry","category-cyclisme","tag-breve","tag-clasica-san-sebastian","tag-retraite","tag-tony-gallopin"],"acf":[],"yoast_head":"<!-- This site is optimized with the Yoast SEO Premium plugin v26.7 (Yoast SEO v26.7) - https:\/\/yoast.com\/wordpress\/plugins\/seo\/ -->\n<title>Tony Gallopin, une carri\u00e8re bien remplie pour une retraite discr\u00e8te<\/title>\n<meta name=\"description\" content=\"Retour sur la carri\u00e8re de Tony Gallopin, pilier du cyclisme fran\u00e7ais des ann\u00e9es 2010 et fraichement retrait\u00e9 des pelotns professionnels.\" \/>\n<meta name=\"robots\" content=\"index, follow, max-snippet:-1, max-image-preview:large, max-video-preview:-1\" \/>\n<link rel=\"canonical\" href=\"https:\/\/dicodusport.fr\/blog\/tony-gallopin-une-carriere-bien-remplie-pour-une-retraite-discrete\/\" \/>\n<meta property=\"og:locale\" content=\"fr_FR\" \/>\n<meta property=\"og:type\" content=\"article\" \/>\n<meta property=\"og:title\" content=\"Tony Gallopin, une carri\u00e8re bien remplie pour une retraite discr\u00e8te\" \/>\n<meta property=\"og:description\" content=\"Retour sur la carri\u00e8re de Tony Gallopin, pilier du cyclisme fran\u00e7ais des ann\u00e9es 2010 et fraichement retrait\u00e9 des pelotns professionnels.\" \/>\n<meta property=\"og:url\" content=\"https:\/\/dicodusport.fr\/blog\/tony-gallopin-une-carriere-bien-remplie-pour-une-retraite-discrete\/\" \/>\n<meta property=\"og:site_name\" content=\"Dicodusport\" \/>\n<meta property=\"article:publisher\" content=\"https:\/\/www.facebook.com\/dicodusport\" \/>\n<meta property=\"article:published_time\" content=\"2023-10-12T09:15:28+00:00\" \/>\n<meta property=\"article:modified_time\" content=\"2023-10-12T17:21:22+00:00\" \/>\n<meta property=\"og:image\" content=\"https:\/\/dicodusport.fr\/blog\/wp-content\/uploads\/2023\/10\/Tony-Gallopin-une-carriere-bien-remplie-pour-une-retraite-discrete.png\" \/>\n\t<meta property=\"og:image:width\" content=\"800\" \/>\n\t<meta property=\"og:image:height\" content=\"445\" \/>\n\t<meta property=\"og:image:type\" content=\"image\/png\" \/>\n<meta name=\"author\" content=\"Olivier Dobiezynski\" \/>\n<meta name=\"twitter:card\" content=\"summary_large_image\" \/>\n<meta name=\"twitter:title\" content=\"Tony Gallopin, une carri\u00e8re bien remplie pour une retraite discr\u00e8te\" \/>\n<meta name=\"twitter:creator\" content=\"@https:\/\/x.com\/Olivier_Matros\" \/>\n<meta name=\"twitter:site\" content=\"@dicodusport\" \/>\n<script type=\"application\/ld+json\" class=\"yoast-schema-graph\">{\"@context\":\"https:\/\/schema.org\",\"@graph\":[{\"@type\":\"NewsArticle\",\"@id\":\"https:\/\/dicodusport.fr\/blog\/tony-gallopin-une-carriere-bien-remplie-pour-une-retraite-discrete\/#article\",\"isPartOf\":{\"@id\":\"https:\/\/dicodusport.fr\/blog\/tony-gallopin-une-carriere-bien-remplie-pour-une-retraite-discrete\/\"},\"author\":{\"name\":\"Olivier Dobiezynski\",\"@id\":\"https:\/\/dicodusport.fr\/blog\/#\/schema\/person\/fe500246414ca17ddf0c0312d7a792cc\"},\"headline\":\"Tony Gallopin, une carri\u00e8re bien remplie pour une retraite discr\u00e8te\",\"datePublished\":\"2023-10-12T09:15:28+00:00\",\"dateModified\":\"2023-10-12T17:21:22+00:00\",\"mainEntityOfPage\":{\"@id\":\"https:\/\/dicodusport.fr\/blog\/tony-gallopin-une-carriere-bien-remplie-pour-une-retraite-discrete\/\"},\"wordCount\":421,\"commentCount\":0,\"publisher\":{\"@id\":\"https:\/\/dicodusport.fr\/blog\/#organization\"},\"image\":{\"@id\":\"https:\/\/dicodusport.fr\/blog\/tony-gallopin-une-carriere-bien-remplie-pour-une-retraite-discrete\/#primaryimage\"},\"thumbnailUrl\":\"https:\/\/dicodusport.fr\/blog\/wp-content\/uploads\/2023\/10\/Tony-Gallopin-une-carriere-bien-remplie-pour-une-retraite-discrete.png\",\"keywords\":[\"br\u00e8ve\",\"Clasica San Sebastian\",\"retraite\",\"Tony Gallopin\"],\"articleSection\":[\"Cyclisme\"],\"inLanguage\":\"fr-FR\",\"potentialAction\":[{\"@type\":\"CommentAction\",\"name\":\"Comment\",\"target\":[\"https:\/\/dicodusport.fr\/blog\/tony-gallopin-une-carriere-bien-remplie-pour-une-retraite-discrete\/#respond\"]}],\"copyrightYear\":\"2023\",\"copyrightHolder\":{\"@id\":\"https:\/\/dicodusport.fr\/blog\/#organization\"}},{\"@type\":\"WebPage\",\"@id\":\"https:\/\/dicodusport.fr\/blog\/tony-gallopin-une-carriere-bien-remplie-pour-une-retraite-discrete\/\",\"url\":\"https:\/\/dicodusport.fr\/blog\/tony-gallopin-une-carriere-bien-remplie-pour-une-retraite-discrete\/\",\"name\":\"Tony Gallopin, une carri\u00e8re bien remplie pour une retraite discr\u00e8te\",\"isPartOf\":{\"@id\":\"https:\/\/dicodusport.fr\/blog\/#website\"},\"primaryImageOfPage\":{\"@id\":\"https:\/\/dicodusport.fr\/blog\/tony-gallopin-une-carriere-bien-remplie-pour-une-retraite-discrete\/#primaryimage\"},\"image\":{\"@id\":\"https:\/\/dicodusport.fr\/blog\/tony-gallopin-une-carriere-bien-remplie-pour-une-retraite-discrete\/#primaryimage\"},\"thumbnailUrl\":\"https:\/\/dicodusport.fr\/blog\/wp-content\/uploads\/2023\/10\/Tony-Gallopin-une-carriere-bien-remplie-pour-une-retraite-discrete.png\",\"datePublished\":\"2023-10-12T09:15:28+00:00\",\"dateModified\":\"2023-10-12T17:21:22+00:00\",\"description\":\"Retour sur la carri\u00e8re de Tony Gallopin, pilier du cyclisme fran\u00e7ais des ann\u00e9es 2010 et fraichement retrait\u00e9 des pelotns professionnels.\",\"breadcrumb\":{\"@id\":\"https:\/\/dicodusport.fr\/blog\/tony-gallopin-une-carriere-bien-remplie-pour-une-retraite-discrete\/#breadcrumb\"},\"inLanguage\":\"fr-FR\",\"potentialAction\":[{\"@type\":\"ReadAction\",\"target\":[\"https:\/\/dicodusport.fr\/blog\/tony-gallopin-une-carriere-bien-remplie-pour-une-retraite-discrete\/\"]}]},{\"@type\":\"ImageObject\",\"inLanguage\":\"fr-FR\",\"@id\":\"https:\/\/dicodusport.fr\/blog\/tony-gallopin-une-carriere-bien-remplie-pour-une-retraite-discrete\/#primaryimage\",\"url\":\"https:\/\/dicodusport.fr\/blog\/wp-content\/uploads\/2023\/10\/Tony-Gallopin-une-carriere-bien-remplie-pour-une-retraite-discrete.png\",\"contentUrl\":\"https:\/\/dicodusport.fr\/blog\/wp-content\/uploads\/2023\/10\/Tony-Gallopin-une-carriere-bien-remplie-pour-une-retraite-discrete.png\",\"width\":800,\"height\":445,\"caption\":\"Tony Gallopin, une carri\u00e8re bien remplie pour une retraite discr\u00e8te\"},{\"@type\":\"BreadcrumbList\",\"@id\":\"https:\/\/dicodusport.fr\/blog\/tony-gallopin-une-carriere-bien-remplie-pour-une-retraite-discrete\/#breadcrumb\",\"itemListElement\":[{\"@type\":\"ListItem\",\"position\":1,\"name\":\"Accueil\",\"item\":\"https:\/\/dicodusport.fr\/blog\/\"},{\"@type\":\"ListItem\",\"position\":2,\"name\":\"Tony Gallopin, une carri\u00e8re bien remplie pour une retraite discr\u00e8te\"}]},{\"@type\":\"WebSite\",\"@id\":\"https:\/\/dicodusport.fr\/blog\/#website\",\"url\":\"https:\/\/dicodusport.fr\/blog\/\",\"name\":\"Dicodusport\",\"description\":\"L&#039;encyclop\u00e9die de l&#039;actualit\u00e9 sportive\",\"publisher\":{\"@id\":\"https:\/\/dicodusport.fr\/blog\/#organization\"},\"potentialAction\":[{\"@type\":\"SearchAction\",\"target\":{\"@type\":\"EntryPoint\",\"urlTemplate\":\"https:\/\/dicodusport.fr\/blog\/?s={search_term_string}\"},\"query-input\":{\"@type\":\"PropertyValueSpecification\",\"valueRequired\":true,\"valueName\":\"search_term_string\"}}],\"inLanguage\":\"fr-FR\"},{\"@type\":\"NewsMediaOrganization\",\"@id\":\"https:\/\/dicodusport.fr\/blog\/#organization\",\"name\":\"Dicodusport\",\"url\":\"https:\/\/dicodusport.fr\/blog\/\",\"logo\":{\"@type\":\"ImageObject\",\"inLanguage\":\"fr-FR\",\"@id\":\"https:\/\/dicodusport.fr\/blog\/#\/schema\/logo\/image\/\",\"url\":\"https:\/\/dicodusport.fr\/blog\/wp-content\/uploads\/2020\/06\/cropped-LOGO-DICODUSPORT-2020-SANS-FOND-SANS-TEXTE.png\",\"contentUrl\":\"https:\/\/dicodusport.fr\/blog\/wp-content\/uploads\/2020\/06\/cropped-LOGO-DICODUSPORT-2020-SANS-FOND-SANS-TEXTE.png\",\"width\":512,\"height\":512,\"caption\":\"Dicodusport\"},\"image\":{\"@id\":\"https:\/\/dicodusport.fr\/blog\/#\/schema\/logo\/image\/\"},\"sameAs\":[\"https:\/\/www.facebook.com\/dicodusport\",\"https:\/\/x.com\/dicodusport\",\"https:\/\/www.instagram.com\/dicodusport\/\",\"https:\/\/www.youtube.com\/channel\/UC7V2KZ5sd3htJivAbA4ZG3w\"],\"description\":\"Dicodusport est l'encyclop\u00e9die de l'actualit\u00e9 sportive.\",\"email\":\"bonjour@dicodusport.fr\",\"legalName\":\"DICODUSPORT\",\"foundingDate\":\"2018-01-14\",\"vatID\":\"FR71834470973\",\"taxID\":\"83447097300043\",\"numberOfEmployees\":{\"@type\":\"QuantitativeValue\",\"minValue\":\"1\",\"maxValue\":\"10\"}},{\"@type\":\"Person\",\"@id\":\"https:\/\/dicodusport.fr\/blog\/#\/schema\/person\/fe500246414ca17ddf0c0312d7a792cc\",\"name\":\"Olivier Dobiezynski\",\"image\":{\"@type\":\"ImageObject\",\"inLanguage\":\"fr-FR\",\"@id\":\"https:\/\/dicodusport.fr\/blog\/#\/schema\/person\/image\/\",\"url\":\"https:\/\/dicodusport.fr\/blog\/wp-content\/uploads\/2024\/09\/5be8fe8d-9962-4f1e-ad06-d6f9dee30e6d-150x150.jpg\",\"contentUrl\":\"https:\/\/dicodusport.fr\/blog\/wp-content\/uploads\/2024\/09\/5be8fe8d-9962-4f1e-ad06-d6f9dee30e6d-150x150.jpg\",\"caption\":\"Olivier Dobiezynski\"},\"description\":\"Depuis le milieu des ann\u00e9es 90, la passion du cyclisme m'anime. Mes h\u00e9ros s'appellent Luc Leblanc, Piotr Ugrumov, Paolo Savoldelli, Peter Sagan et bien \u00e9videmment Romain Bardet. R\u00e9dacteur depuis 2023, je suis ici pour partager cet amour de la Petite Reine. Vous pourrez me lire \u00e9galement sur du trail, du ski de fond et tout autre sujet susceptible d'\u00e9veiller ma curiosit\u00e9 sportive.\",\"sameAs\":[\"https:\/\/x.com\/https:\/\/x.com\/Olivier_Matros\"],\"url\":\"https:\/\/dicodusport.fr\/blog\/author\/olivier-gh\/\"}]}<\/script>\n<!-- \/ Yoast SEO Premium plugin. -->","yoast_head_json":{"title":"Tony Gallopin, une carri\u00e8re bien remplie pour une retraite discr\u00e8te","description":"Retour sur la carri\u00e8re de Tony Gallopin, pilier du cyclisme fran\u00e7ais des ann\u00e9es 2010 et fraichement retrait\u00e9 des pelotns professionnels.","robots":{"index":"index","follow":"follow","max-snippet":"max-snippet:-1","max-image-preview":"max-image-preview:large","max-video-preview":"max-video-preview:-1"},"canonical":"https:\/\/dicodusport.fr\/blog\/tony-gallopin-une-carriere-bien-remplie-pour-une-retraite-discrete\/","og_locale":"fr_FR","og_type":"article","og_title":"Tony Gallopin, une carri\u00e8re bien remplie pour une retraite discr\u00e8te","og_description":"Retour sur la carri\u00e8re de Tony Gallopin, pilier du cyclisme fran\u00e7ais des ann\u00e9es 2010 et fraichement retrait\u00e9 des pelotns professionnels.","og_url":"https:\/\/dicodusport.fr\/blog\/tony-gallopin-une-carriere-bien-remplie-pour-une-retraite-discrete\/","og_site_name":"Dicodusport","article_publisher":"https:\/\/www.facebook.com\/dicodusport","article_published_time":"2023-10-12T09:15:28+00:00","article_modified_time":"2023-10-12T17:21:22+00:00","og_image":[{"width":800,"height":445,"url":"https:\/\/dicodusport.fr\/blog\/wp-content\/uploads\/2023\/10\/Tony-Gallopin-une-carriere-bien-remplie-pour-une-retraite-discrete.png","type":"image\/png"}],"author":"Olivier Dobiezynski","twitter_card":"summary_large_image","twitter_title":"Tony Gallopin, une carri\u00e8re bien remplie pour une retraite discr\u00e8te","twitter_creator":"@https:\/\/x.com\/Olivier_Matros","twitter_site":"@dicodusport","schema":{"@context":"https:\/\/schema.org","@graph":[{"@type":"NewsArticle","@id":"https:\/\/dicodusport.fr\/blog\/tony-gallopin-une-carriere-bien-remplie-pour-une-retraite-discrete\/#article","isPartOf":{"@id":"https:\/\/dicodusport.fr\/blog\/tony-gallopin-une-carriere-bien-remplie-pour-une-retraite-discrete\/"},"author":{"name":"Olivier Dobiezynski","@id":"https:\/\/dicodusport.fr\/blog\/#\/schema\/person\/fe500246414ca17ddf0c0312d7a792cc"},"headline":"Tony Gallopin, une carri\u00e8re bien remplie pour une retraite discr\u00e8te","datePublished":"2023-10-12T09:15:28+00:00","dateModified":"2023-10-12T17:21:22+00:00","mainEntityOfPage":{"@id":"https:\/\/dicodusport.fr\/blog\/tony-gallopin-une-carriere-bien-remplie-pour-une-retraite-discrete\/"},"wordCount":421,"commentCount":0,"publisher":{"@id":"https:\/\/dicodusport.fr\/blog\/#organization"},"image":{"@id":"https:\/\/dicodusport.fr\/blog\/tony-gallopin-une-carriere-bien-remplie-pour-une-retraite-discrete\/#primaryimage"},"thumbnailUrl":"https:\/\/dicodusport.fr\/blog\/wp-content\/uploads\/2023\/10\/Tony-Gallopin-une-carriere-bien-remplie-pour-une-retraite-discrete.png","keywords":["br\u00e8ve","Clasica San Sebastian","retraite","Tony Gallopin"],"articleSection":["Cyclisme"],"inLanguage":"fr-FR","potentialAction":[{"@type":"CommentAction","name":"Comment","target":["https:\/\/dicodusport.fr\/blog\/tony-gallopin-une-carriere-bien-remplie-pour-une-retraite-discrete\/#respond"]}],"copyrightYear":"2023","copyrightHolder":{"@id":"https:\/\/dicodusport.fr\/blog\/#organization"}},{"@type":"WebPage","@id":"https:\/\/dicodusport.fr\/blog\/tony-gallopin-une-carriere-bien-remplie-pour-une-retraite-discrete\/","url":"https:\/\/dicodusport.fr\/blog\/tony-gallopin-une-carriere-bien-remplie-pour-une-retraite-discrete\/","name":"Tony Gallopin, une carri\u00e8re bien remplie pour une retraite discr\u00e8te","isPartOf":{"@id":"https:\/\/dicodusport.fr\/blog\/#website"},"primaryImageOfPage":{"@id":"https:\/\/dicodusport.fr\/blog\/tony-gallopin-une-carriere-bien-remplie-pour-une-retraite-discrete\/#primaryimage"},"image":{"@id":"https:\/\/dicodusport.fr\/blog\/tony-gallopin-une-carriere-bien-remplie-pour-une-retraite-discrete\/#primaryimage"},"thumbnailUrl":"https:\/\/dicodusport.fr\/blog\/wp-content\/uploads\/2023\/10\/Tony-Gallopin-une-carriere-bien-remplie-pour-une-retraite-discrete.png","datePublished":"2023-10-12T09:15:28+00:00","dateModified":"2023-10-12T17:21:22+00:00","description":"Retour sur la carri\u00e8re de Tony Gallopin, pilier du cyclisme fran\u00e7ais des ann\u00e9es 2010 et fraichement retrait\u00e9 des pelotns professionnels.","breadcrumb":{"@id":"https:\/\/dicodusport.fr\/blog\/tony-gallopin-une-carriere-bien-remplie-pour-une-retraite-discrete\/#breadcrumb"},"inLanguage":"fr-FR","potentialAction":[{"@type":"ReadAction","target":["https:\/\/dicodusport.fr\/blog\/tony-gallopin-une-carriere-bien-remplie-pour-une-retraite-discrete\/"]}]},{"@type":"ImageObject","inLanguage":"fr-FR","@id":"https:\/\/dicodusport.fr\/blog\/tony-gallopin-une-carriere-bien-remplie-pour-une-retraite-discrete\/#primaryimage","url":"https:\/\/dicodusport.fr\/blog\/wp-content\/uploads\/2023\/10\/Tony-Gallopin-une-carriere-bien-remplie-pour-une-retraite-discrete.png","contentUrl":"https:\/\/dicodusport.fr\/blog\/wp-content\/uploads\/2023\/10\/Tony-Gallopin-une-carriere-bien-remplie-pour-une-retraite-discrete.png","width":800,"height":445,"caption":"Tony Gallopin, une carri\u00e8re bien remplie pour une retraite discr\u00e8te"},{"@type":"BreadcrumbList","@id":"https:\/\/dicodusport.fr\/blog\/tony-gallopin-une-carriere-bien-remplie-pour-une-retraite-discrete\/#breadcrumb","itemListElement":[{"@type":"ListItem","position":1,"name":"Accueil","item":"https:\/\/dicodusport.fr\/blog\/"},{"@type":"ListItem","position":2,"name":"Tony Gallopin, une carri\u00e8re bien remplie pour une retraite discr\u00e8te"}]},{"@type":"WebSite","@id":"https:\/\/dicodusport.fr\/blog\/#website","url":"https:\/\/dicodusport.fr\/blog\/","name":"Dicodusport","description":"L&#039;encyclop\u00e9die de l&#039;actualit\u00e9 sportive","publisher":{"@id":"https:\/\/dicodusport.fr\/blog\/#organization"},"potentialAction":[{"@type":"SearchAction","target":{"@type":"EntryPoint","urlTemplate":"https:\/\/dicodusport.fr\/blog\/?s={search_term_string}"},"query-input":{"@type":"PropertyValueSpecification","valueRequired":true,"valueName":"search_term_string"}}],"inLanguage":"fr-FR"},{"@type":"NewsMediaOrganization","@id":"https:\/\/dicodusport.fr\/blog\/#organization","name":"Dicodusport","url":"https:\/\/dicodusport.fr\/blog\/","logo":{"@type":"ImageObject","inLanguage":"fr-FR","@id":"https:\/\/dicodusport.fr\/blog\/#\/schema\/logo\/image\/","url":"https:\/\/dicodusport.fr\/blog\/wp-content\/uploads\/2020\/06\/cropped-LOGO-DICODUSPORT-2020-SANS-FOND-SANS-TEXTE.png","contentUrl":"https:\/\/dicodusport.fr\/blog\/wp-content\/uploads\/2020\/06\/cropped-LOGO-DICODUSPORT-2020-SANS-FOND-SANS-TEXTE.png","width":512,"height":512,"caption":"Dicodusport"},"image":{"@id":"https:\/\/dicodusport.fr\/blog\/#\/schema\/logo\/image\/"},"sameAs":["https:\/\/www.facebook.com\/dicodusport","https:\/\/x.com\/dicodusport","https:\/\/www.instagram.com\/dicodusport\/","https:\/\/www.youtube.com\/channel\/UC7V2KZ5sd3htJivAbA4ZG3w"],"description":"Dicodusport est l'encyclop\u00e9die de l'actualit\u00e9 sportive.","email":"bonjour@dicodusport.fr","legalName":"DICODUSPORT","foundingDate":"2018-01-14","vatID":"FR71834470973","taxID":"83447097300043","numberOfEmployees":{"@type":"QuantitativeValue","minValue":"1","maxValue":"10"}},{"@type":"Person","@id":"https:\/\/dicodusport.fr\/blog\/#\/schema\/person\/fe500246414ca17ddf0c0312d7a792cc","name":"Olivier Dobiezynski","image":{"@type":"ImageObject","inLanguage":"fr-FR","@id":"https:\/\/dicodusport.fr\/blog\/#\/schema\/person\/image\/","url":"https:\/\/dicodusport.fr\/blog\/wp-content\/uploads\/2024\/09\/5be8fe8d-9962-4f1e-ad06-d6f9dee30e6d-150x150.jpg","contentUrl":"https:\/\/dicodusport.fr\/blog\/wp-content\/uploads\/2024\/09\/5be8fe8d-9962-4f1e-ad06-d6f9dee30e6d-150x150.jpg","caption":"Olivier Dobiezynski"},"description":"Depuis le milieu des ann\u00e9es 90, la passion du cyclisme m'anime. Mes h\u00e9ros s'appellent Luc Leblanc, Piotr Ugrumov, Paolo Savoldelli, Peter Sagan et bien \u00e9videmment Romain Bardet. R\u00e9dacteur depuis 2023, je suis ici pour partager cet amour de la Petite Reine. Vous pourrez me lire \u00e9galement sur du trail, du ski de fond et tout autre sujet susceptible d'\u00e9veiller ma curiosit\u00e9 sportive.","sameAs":["https:\/\/x.com\/https:\/\/x.com\/Olivier_Matros"],"url":"https:\/\/dicodusport.fr\/blog\/author\/olivier-gh\/"}]}},"_links":{"self":[{"href":"https:\/\/dicodusport.fr\/blog\/wp-json\/wp\/v2\/posts\/428244","targetHints":{"allow":["GET"]}}],"collection":[{"href":"https:\/\/dicodusport.fr\/blog\/wp-json\/wp\/v2\/posts"}],"about":[{"href":"https:\/\/dicodusport.fr\/blog\/wp-json\/wp\/v2\/types\/post"}],"author":[{"embeddable":true,"href":"https:\/\/dicodusport.fr\/blog\/wp-json\/wp\/v2\/users\/92"}],"replies":[{"embeddable":true,"href":"https:\/\/dicodusport.fr\/blog\/wp-json\/wp\/v2\/comments?post=428244"}],"version-history":[{"count":0,"href":"https:\/\/dicodusport.fr\/blog\/wp-json\/wp\/v2\/posts\/428244\/revisions"}],"wp:featuredmedia":[{"embeddable":true,"href":"https:\/\/dicodusport.fr\/blog\/wp-json\/wp\/v2\/media\/428642"}],"wp:attachment":[{"href":"https:\/\/dicodusport.fr\/blog\/wp-json\/wp\/v2\/media?parent=428244"}],"wp:term":[{"taxonomy":"category","embeddable":true,"href":"https:\/\/dicodusport.fr\/blog\/wp-json\/wp\/v2\/categories?post=428244"},{"taxonomy":"post_tag","embeddable":true,"href":"https:\/\/dicodusport.fr\/blog\/wp-json\/wp\/v2\/tags?post=428244"}],"curies":[{"name":"wp","href":"https:\/\/api.w.org\/{rel}","templated":true}]}}